{"id":10013,"date":"2025-06-13T09:00:00","date_gmt":"2025-06-13T15:00:00","guid":{"rendered":"https:\/\/www.gridmag.com.mx\/?p=10013"},"modified":"2025-06-12T20:15:04","modified_gmt":"2025-06-13T02:15:04","slug":"dia-del-padre-hombres-que-dejaron-huella","status":"publish","type":"post","link":"https:\/\/www.gridmag.com.mx\/index.php\/2025\/06\/13\/dia-del-padre-hombres-que-dejaron-huella\/","title":{"rendered":"D\u00eda del Padre: hombres que dejaron huella"},"content":{"rendered":"\n\n\n<p>Hay padres que heredan su apellido. Otros, su oficio. Y est\u00e1n aquellos que, sin propon\u00e9rselo, ense\u00f1aron a mirar el mundo con intenci\u00f3n. Este D\u00eda del Padre, recordamos a los arquitectos y dise\u00f1adores mexicanos que, adem\u00e1s de formar parte del paisaje construido del pa\u00eds, tambi\u00e9n forjaron historias \u00edntimas desde la ternura del trazo, la l\u00f3gica del dise\u00f1o y la \u00e9tica del espacio.<\/p>\n\n\n\n<figure class=\"wp-block-image size-full\"><img decoding=\"async\" width=\"735\" height=\"488\" src=\"https:\/\/www.gridmag.com.mx\/wp-content\/uploads\/2025\/06\/2a1072bb400beba2c0e79c9d205b42c5.jpg\" alt=\"D\u00eda del Padre\" class=\"wp-image-10015\" srcset=\"https:\/\/www.gridmag.com.mx\/wp-content\/uploads\/2025\/06\/2a1072bb400beba2c0e79c9d205b42c5.jpg 735w, https:\/\/www.gridmag.com.mx\/wp-content\/uploads\/2025\/06\/2a1072bb400beba2c0e79c9d205b42c5-300x199.jpg 300w, https:\/\/www.gridmag.com.mx\/wp-content\/uploads\/2025\/06\/2a1072bb400beba2c0e79c9d205b42c5-360x240.jpg 360w\" sizes=\"(max-width: 735px) 100vw, 735px\" \/><\/figure>\n\n\n\n<h3 class=\"wp-block-heading\">D\u00eda del Padre | La arquitectura como lenguaje paterno<\/h3>\n\n\n\n<p>En muchos hogares mexicanos, la arquitectura se volvi\u00f3 el idioma silencioso entre padre e hijo. Planos sobre la mesa del desayuno, maquetas improvisadas en la sala y recorridos cotidianos convertidos en lecciones de escala, proporci\u00f3n y materialidad. No era extra\u00f1o que los hijos aprendieran a leer una planta antes que un mapa, o que entendieran que un muro tambi\u00e9n puede proteger desde lo simb\u00f3lico.<\/p>\n\n\n\n<figure class=\"wp-block-image size-full\"><img decoding=\"async\" width=\"734\" height=\"413\" src=\"https:\/\/www.gridmag.com.mx\/wp-content\/uploads\/2025\/06\/c36c479488a1c6256ab966c39cf6bb00.jpg\" alt=\"\" class=\"wp-image-10016\" srcset=\"https:\/\/www.gridmag.com.mx\/wp-content\/uploads\/2025\/06\/c36c479488a1c6256ab966c39cf6bb00.jpg 734w, https:\/\/www.gridmag.com.mx\/wp-content\/uploads\/2025\/06\/c36c479488a1c6256ab966c39cf6bb00-300x169.jpg 300w\" sizes=\"(max-width: 734px) 100vw, 734px\" \/><\/figure>\n\n\n\n<h3 class=\"wp-block-heading\">Dise\u00f1ar y criar: dos actos de cuidado<\/h3>\n\n\n\n<p>Para muchos padres arquitectos y dise\u00f1adores, la crianza no fue tan distinta del dise\u00f1o. Ambos requieren visi\u00f3n, paciencia, intuici\u00f3n y una fe profunda en lo que a\u00fan no existe. Como Teodoro Gonz\u00e1lez de Le\u00f3n, Pedro Ram\u00edrez V\u00e1zquez, Mario Pani o los muchos dise\u00f1adores industriales y gr\u00e1ficos del M\u00e9xico moderno, estos hombres imaginaron estructuras no solo para habitar, sino para vivir mejor. Construyeron escuelas, parques, viviendas, objetos&#8230; y tambi\u00e9n infancias.<\/p>\n\n\n\n<figure class=\"wp-block-image size-large\"><img decoding=\"async\" width=\"681\" height=\"1024\" src=\"https:\/\/www.gridmag.com.mx\/wp-content\/uploads\/2025\/06\/38abe510a9deb4b67aab0213fed816fa-681x1024.jpg\" alt=\"D\u00eda del Padre\" class=\"wp-image-10017\" srcset=\"https:\/\/www.gridmag.com.mx\/wp-content\/uploads\/2025\/06\/38abe510a9deb4b67aab0213fed816fa-681x1024.jpg 681w, https:\/\/www.gridmag.com.mx\/wp-content\/uploads\/2025\/06\/38abe510a9deb4b67aab0213fed816fa-200x300.jpg 200w, https:\/\/www.gridmag.com.mx\/wp-content\/uploads\/2025\/06\/38abe510a9deb4b67aab0213fed816fa.jpg 736w\" sizes=\"(max-width: 681px) 100vw, 681px\" \/><\/figure>\n\n\n\n<h3 class=\"wp-block-heading\">Padres que dejaron huella m\u00e1s all\u00e1 del concreto<\/h3>\n\n\n\n<p>Este D\u00eda del Padre tambi\u00e9n es un homenaje a quienes no salieron en revistas, pero s\u00ed en las memorias familiares: el pap\u00e1 que dise\u00f1aba muebles los fines de semana, el que llev\u00f3 a sus hijos a visitar una obra con casco en mano, el que explicaba la diferencia entre el roble y el tzalam mientras cargaba una mochila de planos. Cada uno de ellos traz\u00f3 una l\u00ednea invisible entre su vocaci\u00f3n y su forma de amar.<\/p>\n\n\n\n<figure class=\"wp-block-image size-large\"><img decoding=\"async\" width=\"649\" height=\"1024\" src=\"https:\/\/www.gridmag.com.mx\/wp-content\/uploads\/2025\/06\/f24f0e5b6bf875b506060bc2093ff29f-649x1024.jpg\" alt=\"D\u00eda del Padre\" class=\"wp-image-10018\" srcset=\"https:\/\/www.gridmag.com.mx\/wp-content\/uploads\/2025\/06\/f24f0e5b6bf875b506060bc2093ff29f-649x1024.jpg 649w, https:\/\/www.gridmag.com.mx\/wp-content\/uploads\/2025\/06\/f24f0e5b6bf875b506060bc2093ff29f-190x300.jpg 190w, https:\/\/www.gridmag.com.mx\/wp-content\/uploads\/2025\/06\/f24f0e5b6bf875b506060bc2093ff29f.jpg 736w\" sizes=\"(max-width: 649px) 100vw, 649px\" \/><\/figure>\n\n\n\n<h3 class=\"wp-block-heading\">D\u00eda del Padre | Una herencia que no siempre es de profesi\u00f3n, pero s\u00ed de mirada<\/h3>\n\n\n\n<p>Ser hijo o hija de un arquitecto o dise\u00f1ador en M\u00e9xico es crecer con una conciencia especial del entorno. Es entender que cada detalle cuenta, que los objetos tienen alma y que los espacios pueden sanar. Esa sensibilidad \u2014m\u00e1s que el oficio\u2014 es el verdadero legado que muchos padres dejaron.<\/p>\n\n\n\n<p>Celebramos a todos los hombres que construyeron algo m\u00e1s que estructuras: aquellos que, desde su trinchera creativa, dise\u00f1aron v\u00ednculos, tiempo compartido y mundos posibles. Porque ser padre tambi\u00e9n es un acto de dise\u00f1o.<\/p>\n","protected":false},"excerpt":{"rendered":"<p>Hay padres que heredan su apellido. Otros, su oficio. Y est\u00e1n aquellos que, sin propon\u00e9rselo, ense\u00f1aron a mirar el mundo con intenci\u00f3n. Este D\u00eda del Padre, recordamos a los arquitectos y dise\u00f1adores mexicanos que, adem\u00e1s de formar parte del paisaje construido del pa\u00eds, tambi\u00e9n forjaron historias \u00edntimas desde la ternura del trazo, la l\u00f3gica del dise\u00f1o y la \u00e9tica del espacio. D\u00eda del Padre | La arquitectura como lenguaje paterno En muchos hogares mexicanos, la arquitectura se volvi\u00f3 el idioma [&hellip;]<\/p>\n","protected":false},"author":1,"featured_media":10014,"comment_status":"open","ping_status":"open","sticky":false,"template":"","format":"standard","meta":{"footnotes":""},"categories":[56],"tags":[],"class_list":["post-10013","post","type-post","status-publish","format-standard","has-post-thumbnail","hentry","category-editor-picks"],"yoast_head":"<!-- This site is optimized with the Yoast SEO plugin v27.0 - https:\/\/yoast.com\/product\/yoast-seo-wordpress\/ -->\n<title>D\u00eda del Padre: hombres que dejaron huella | Grid Magazine<\/title>\n<meta name=\"description\" content=\"Este D\u00eda del Padre celebramos a los arquitectos y dise\u00f1adores que construyeron hogares, ideas y un legado m\u00e1s all\u00e1 de lo visible.\" \/>\n<meta name=\"robots\" content=\"index, follow, max-snippet:-1, max-image-preview:large, max-video-preview:-1\" \/>\n<link rel=\"canonical\" href=\"https:\/\/www.gridmag.com.mx\/index.php\/2025\/06\/13\/dia-del-padre-hombres-que-dejaron-huella\/\" \/>\n<meta property=\"og:locale\" content=\"es_MX\" \/>\n<meta property=\"og:type\" content=\"article\" \/>\n<meta property=\"og:title\" content=\"D\u00eda del Padre: hombres que dejaron huella | Grid Magazine\" \/>\n<meta property=\"og:description\" content=\"Este D\u00eda del Padre celebramos a los arquitectos y dise\u00f1adores que construyeron hogares, ideas y un legado m\u00e1s all\u00e1 de lo visible.\" \/>\n<meta property=\"og:url\" content=\"https:\/\/www.gridmag.com.mx\/index.php\/2025\/06\/13\/dia-del-padre-hombres-que-dejaron-huella\/\" \/>\n<meta property=\"og:site_name\" content=\"Grid Magazine\" \/>\n<meta property=\"article:publisher\" content=\"https:\/\/www.facebook.com\/gridmagazine.mx\" \/>\n<meta property=\"article:published_time\" content=\"2025-06-13T15:00:00+00:00\" \/>\n<meta property=\"og:image\" content=\"https:\/\/www.gridmag.com.mx\/wp-content\/uploads\/2025\/06\/07b2a7126fe176cf584112f8013c5c10.jpg\" \/>\n\t<meta property=\"og:image:width\" content=\"736\" \/>\n\t<meta property=\"og:image:height\" content=\"490\" \/>\n\t<meta property=\"og:image:type\" content=\"image\/jpeg\" \/>\n<meta name=\"author\" content=\"Grid Magazine\" \/>\n<meta name=\"twitter:card\" content=\"summary_large_image\" \/>\n<meta name=\"twitter:label1\" content=\"Escrito por\" \/>\n\t<meta name=\"twitter:data1\" content=\"Grid Magazine\" \/>\n\t<meta name=\"twitter:label2\" content=\"Tiempo de lectura\" \/>\n\t<meta name=\"twitter:data2\" content=\"3 minutos\" \/>\n<script type=\"application\/ld+json\" class=\"yoast-schema-graph\">{\"@context\":\"https:\/\/schema.org\",\"@graph\":[{\"@type\":\"Article\",\"@id\":\"https:\/\/www.gridmag.com.mx\/index.php\/2025\/06\/13\/dia-del-padre-hombres-que-dejaron-huella\/#article\",\"isPartOf\":{\"@id\":\"https:\/\/www.gridmag.com.mx\/index.php\/2025\/06\/13\/dia-del-padre-hombres-que-dejaron-huella\/\"},\"author\":{\"name\":\"Grid Magazine\",\"@id\":\"https:\/\/www.gridmag.com.mx\/#\/schema\/person\/d54cddc75e2ecfe4a55e39c0336ae932\"},\"headline\":\"D\u00eda del Padre: hombres que dejaron huella\",\"datePublished\":\"2025-06-13T15:00:00+00:00\",\"mainEntityOfPage\":{\"@id\":\"https:\/\/www.gridmag.com.mx\/index.php\/2025\/06\/13\/dia-del-padre-hombres-que-dejaron-huella\/\"},\"wordCount\":445,\"commentCount\":0,\"publisher\":{\"@id\":\"https:\/\/www.gridmag.com.mx\/#organization\"},\"image\":{\"@id\":\"https:\/\/www.gridmag.com.mx\/index.php\/2025\/06\/13\/dia-del-padre-hombres-que-dejaron-huella\/#primaryimage\"},\"thumbnailUrl\":\"https:\/\/www.gridmag.com.mx\/wp-content\/uploads\/2025\/06\/07b2a7126fe176cf584112f8013c5c10.jpg\",\"articleSection\":[\"Editor Picks\"],\"inLanguage\":\"es\",\"potentialAction\":[{\"@type\":\"CommentAction\",\"name\":\"Comment\",\"target\":[\"https:\/\/www.gridmag.com.mx\/index.php\/2025\/06\/13\/dia-del-padre-hombres-que-dejaron-huella\/#respond\"]}]},{\"@type\":\"WebPage\",\"@id\":\"https:\/\/www.gridmag.com.mx\/index.php\/2025\/06\/13\/dia-del-padre-hombres-que-dejaron-huella\/\",\"url\":\"https:\/\/www.gridmag.com.mx\/index.php\/2025\/06\/13\/dia-del-padre-hombres-que-dejaron-huella\/\",\"name\":\"D\u00eda del Padre: hombres que dejaron huella | Grid Magazine\",\"isPartOf\":{\"@id\":\"https:\/\/www.gridmag.com.mx\/#website\"},\"primaryImageOfPage\":{\"@id\":\"https:\/\/www.gridmag.com.mx\/index.php\/2025\/06\/13\/dia-del-padre-hombres-que-dejaron-huella\/#primaryimage\"},\"image\":{\"@id\":\"https:\/\/www.gridmag.com.mx\/index.php\/2025\/06\/13\/dia-del-padre-hombres-que-dejaron-huella\/#primaryimage\"},\"thumbnailUrl\":\"https:\/\/www.gridmag.com.mx\/wp-content\/uploads\/2025\/06\/07b2a7126fe176cf584112f8013c5c10.jpg\",\"datePublished\":\"2025-06-13T15:00:00+00:00\",\"description\":\"Este D\u00eda del Padre celebramos a los arquitectos y dise\u00f1adores que construyeron hogares, ideas y un legado m\u00e1s all\u00e1 de lo visible.\",\"breadcrumb\":{\"@id\":\"https:\/\/www.gridmag.com.mx\/index.php\/2025\/06\/13\/dia-del-padre-hombres-que-dejaron-huella\/#breadcrumb\"},\"inLanguage\":\"es\",\"potentialAction\":[{\"@type\":\"ReadAction\",\"target\":[\"https:\/\/www.gridmag.com.mx\/index.php\/2025\/06\/13\/dia-del-padre-hombres-que-dejaron-huella\/\"]}]},{\"@type\":\"ImageObject\",\"inLanguage\":\"es\",\"@id\":\"https:\/\/www.gridmag.com.mx\/index.php\/2025\/06\/13\/dia-del-padre-hombres-que-dejaron-huella\/#primaryimage\",\"url\":\"https:\/\/www.gridmag.com.mx\/wp-content\/uploads\/2025\/06\/07b2a7126fe176cf584112f8013c5c10.jpg\",\"contentUrl\":\"https:\/\/www.gridmag.com.mx\/wp-content\/uploads\/2025\/06\/07b2a7126fe176cf584112f8013c5c10.jpg\",\"width\":736,\"height\":490},{\"@type\":\"BreadcrumbList\",\"@id\":\"https:\/\/www.gridmag.com.mx\/index.php\/2025\/06\/13\/dia-del-padre-hombres-que-dejaron-huella\/#breadcrumb\",\"itemListElement\":[{\"@type\":\"ListItem\",\"position\":1,\"name\":\"Inicio\",\"item\":\"https:\/\/www.gridmag.com.mx\/\"},{\"@type\":\"ListItem\",\"position\":2,\"name\":\"D\u00eda del Padre: hombres que dejaron huella\"}]},{\"@type\":\"WebSite\",\"@id\":\"https:\/\/www.gridmag.com.mx\/#website\",\"url\":\"https:\/\/www.gridmag.com.mx\/\",\"name\":\"Grid Magazine\",\"description\":\"Compartiendo lo mejor de la arquitectura y dise\u00f1o mexicano.\",\"publisher\":{\"@id\":\"https:\/\/www.gridmag.com.mx\/#organization\"},\"potentialAction\":[{\"@type\":\"SearchAction\",\"target\":{\"@type\":\"EntryPoint\",\"urlTemplate\":\"https:\/\/www.gridmag.com.mx\/?s={search_term_string}\"},\"query-input\":{\"@type\":\"PropertyValueSpecification\",\"valueRequired\":true,\"valueName\":\"search_term_string\"}}],\"inLanguage\":\"es\"},{\"@type\":\"Organization\",\"@id\":\"https:\/\/www.gridmag.com.mx\/#organization\",\"name\":\"Grid Magazine\",\"url\":\"https:\/\/www.gridmag.com.mx\/\",\"logo\":{\"@type\":\"ImageObject\",\"inLanguage\":\"es\",\"@id\":\"https:\/\/www.gridmag.com.mx\/#\/schema\/logo\/image\/\",\"url\":\"\",\"contentUrl\":\"\",\"caption\":\"Grid Magazine\"},\"image\":{\"@id\":\"https:\/\/www.gridmag.com.mx\/#\/schema\/logo\/image\/\"},\"sameAs\":[\"https:\/\/www.facebook.com\/gridmagazine.mx\",\"https:\/\/www.instagram.com\/gridmagazine_mx\/\",\"https:\/\/www.tiktok.com\/@gridmagazine.mx?_t=8gl2kVR2Aq6&_r=1\",\"https:\/\/www.linkedin.com\/company\/grid-magazine-mx\/\"]},{\"@type\":\"Person\",\"@id\":\"https:\/\/www.gridmag.com.mx\/#\/schema\/person\/d54cddc75e2ecfe4a55e39c0336ae932\",\"name\":\"Grid Magazine\",\"image\":{\"@type\":\"ImageObject\",\"inLanguage\":\"es\",\"@id\":\"https:\/\/www.gridmag.com.mx\/#\/schema\/person\/image\/\",\"url\":\"https:\/\/secure.gravatar.com\/avatar\/8e4bd50943002dd6ee9db30e5af749244f3e21206a99c4fb42429117eaacfc83?s=96&d=mm&r=g\",\"contentUrl\":\"https:\/\/secure.gravatar.com\/avatar\/8e4bd50943002dd6ee9db30e5af749244f3e21206a99c4fb42429117eaacfc83?s=96&d=mm&r=g\",\"caption\":\"Grid Magazine\"},\"sameAs\":[\"https:\/\/www.gridmag.com.mx\"],\"url\":\"https:\/\/www.gridmag.com.mx\/index.php\/author\/grid-magazine-arq\/\"}]}<\/script>\n<!-- \/ Yoast SEO plugin. -->","yoast_head_json":{"title":"D\u00eda del Padre: hombres que dejaron huella | Grid Magazine","description":"Este D\u00eda del Padre celebramos a los arquitectos y dise\u00f1adores que construyeron hogares, ideas y un legado m\u00e1s all\u00e1 de lo visible.","robots":{"index":"index","follow":"follow","max-snippet":"max-snippet:-1","max-image-preview":"max-image-preview:large","max-video-preview":"max-video-preview:-1"},"canonical":"https:\/\/www.gridmag.com.mx\/index.php\/2025\/06\/13\/dia-del-padre-hombres-que-dejaron-huella\/","og_locale":"es_MX","og_type":"article","og_title":"D\u00eda del Padre: hombres que dejaron huella | Grid Magazine","og_description":"Este D\u00eda del Padre celebramos a los arquitectos y dise\u00f1adores que construyeron hogares, ideas y un legado m\u00e1s all\u00e1 de lo visible.","og_url":"https:\/\/www.gridmag.com.mx\/index.php\/2025\/06\/13\/dia-del-padre-hombres-que-dejaron-huella\/","og_site_name":"Grid Magazine","article_publisher":"https:\/\/www.facebook.com\/gridmagazine.mx","article_published_time":"2025-06-13T15:00:00+00:00","og_image":[{"width":736,"height":490,"url":"https:\/\/www.gridmag.com.mx\/wp-content\/uploads\/2025\/06\/07b2a7126fe176cf584112f8013c5c10.jpg","type":"image\/jpeg"}],"author":"Grid Magazine","twitter_card":"summary_large_image","twitter_misc":{"Escrito por":"Grid Magazine","Tiempo de lectura":"3 minutos"},"schema":{"@context":"https:\/\/schema.org","@graph":[{"@type":"Article","@id":"https:\/\/www.gridmag.com.mx\/index.php\/2025\/06\/13\/dia-del-padre-hombres-que-dejaron-huella\/#article","isPartOf":{"@id":"https:\/\/www.gridmag.com.mx\/index.php\/2025\/06\/13\/dia-del-padre-hombres-que-dejaron-huella\/"},"author":{"name":"Grid Magazine","@id":"https:\/\/www.gridmag.com.mx\/#\/schema\/person\/d54cddc75e2ecfe4a55e39c0336ae932"},"headline":"D\u00eda del Padre: hombres que dejaron huella","datePublished":"2025-06-13T15:00:00+00:00","mainEntityOfPage":{"@id":"https:\/\/www.gridmag.com.mx\/index.php\/2025\/06\/13\/dia-del-padre-hombres-que-dejaron-huella\/"},"wordCount":445,"commentCount":0,"publisher":{"@id":"https:\/\/www.gridmag.com.mx\/#organization"},"image":{"@id":"https:\/\/www.gridmag.com.mx\/index.php\/2025\/06\/13\/dia-del-padre-hombres-que-dejaron-huella\/#primaryimage"},"thumbnailUrl":"https:\/\/www.gridmag.com.mx\/wp-content\/uploads\/2025\/06\/07b2a7126fe176cf584112f8013c5c10.jpg","articleSection":["Editor Picks"],"inLanguage":"es","potentialAction":[{"@type":"CommentAction","name":"Comment","target":["https:\/\/www.gridmag.com.mx\/index.php\/2025\/06\/13\/dia-del-padre-hombres-que-dejaron-huella\/#respond"]}]},{"@type":"WebPage","@id":"https:\/\/www.gridmag.com.mx\/index.php\/2025\/06\/13\/dia-del-padre-hombres-que-dejaron-huella\/","url":"https:\/\/www.gridmag.com.mx\/index.php\/2025\/06\/13\/dia-del-padre-hombres-que-dejaron-huella\/","name":"D\u00eda del Padre: hombres que dejaron huella | Grid Magazine","isPartOf":{"@id":"https:\/\/www.gridmag.com.mx\/#website"},"primaryImageOfPage":{"@id":"https:\/\/www.gridmag.com.mx\/index.php\/2025\/06\/13\/dia-del-padre-hombres-que-dejaron-huella\/#primaryimage"},"image":{"@id":"https:\/\/www.gridmag.com.mx\/index.php\/2025\/06\/13\/dia-del-padre-hombres-que-dejaron-huella\/#primaryimage"},"thumbnailUrl":"https:\/\/www.gridmag.com.mx\/wp-content\/uploads\/2025\/06\/07b2a7126fe176cf584112f8013c5c10.jpg","datePublished":"2025-06-13T15:00:00+00:00","description":"Este D\u00eda del Padre celebramos a los arquitectos y dise\u00f1adores que construyeron hogares, ideas y un legado m\u00e1s all\u00e1 de lo visible.","breadcrumb":{"@id":"https:\/\/www.gridmag.com.mx\/index.php\/2025\/06\/13\/dia-del-padre-hombres-que-dejaron-huella\/#breadcrumb"},"inLanguage":"es","potentialAction":[{"@type":"ReadAction","target":["https:\/\/www.gridmag.com.mx\/index.php\/2025\/06\/13\/dia-del-padre-hombres-que-dejaron-huella\/"]}]},{"@type":"ImageObject","inLanguage":"es","@id":"https:\/\/www.gridmag.com.mx\/index.php\/2025\/06\/13\/dia-del-padre-hombres-que-dejaron-huella\/#primaryimage","url":"https:\/\/www.gridmag.com.mx\/wp-content\/uploads\/2025\/06\/07b2a7126fe176cf584112f8013c5c10.jpg","contentUrl":"https:\/\/www.gridmag.com.mx\/wp-content\/uploads\/2025\/06\/07b2a7126fe176cf584112f8013c5c10.jpg","width":736,"height":490},{"@type":"BreadcrumbList","@id":"https:\/\/www.gridmag.com.mx\/index.php\/2025\/06\/13\/dia-del-padre-hombres-que-dejaron-huella\/#breadcrumb","itemListElement":[{"@type":"ListItem","position":1,"name":"Inicio","item":"https:\/\/www.gridmag.com.mx\/"},{"@type":"ListItem","position":2,"name":"D\u00eda del Padre: hombres que dejaron huella"}]},{"@type":"WebSite","@id":"https:\/\/www.gridmag.com.mx\/#website","url":"https:\/\/www.gridmag.com.mx\/","name":"Grid Magazine","description":"Compartiendo lo mejor de la arquitectura y dise\u00f1o mexicano.","publisher":{"@id":"https:\/\/www.gridmag.com.mx\/#organization"},"potentialAction":[{"@type":"SearchAction","target":{"@type":"EntryPoint","urlTemplate":"https:\/\/www.gridmag.com.mx\/?s={search_term_string}"},"query-input":{"@type":"PropertyValueSpecification","valueRequired":true,"valueName":"search_term_string"}}],"inLanguage":"es"},{"@type":"Organization","@id":"https:\/\/www.gridmag.com.mx\/#organization","name":"Grid Magazine","url":"https:\/\/www.gridmag.com.mx\/","logo":{"@type":"ImageObject","inLanguage":"es","@id":"https:\/\/www.gridmag.com.mx\/#\/schema\/logo\/image\/","url":"","contentUrl":"","caption":"Grid Magazine"},"image":{"@id":"https:\/\/www.gridmag.com.mx\/#\/schema\/logo\/image\/"},"sameAs":["https:\/\/www.facebook.com\/gridmagazine.mx","https:\/\/www.instagram.com\/gridmagazine_mx\/","https:\/\/www.tiktok.com\/@gridmagazine.mx?_t=8gl2kVR2Aq6&_r=1","https:\/\/www.linkedin.com\/company\/grid-magazine-mx\/"]},{"@type":"Person","@id":"https:\/\/www.gridmag.com.mx\/#\/schema\/person\/d54cddc75e2ecfe4a55e39c0336ae932","name":"Grid Magazine","image":{"@type":"ImageObject","inLanguage":"es","@id":"https:\/\/www.gridmag.com.mx\/#\/schema\/person\/image\/","url":"https:\/\/secure.gravatar.com\/avatar\/8e4bd50943002dd6ee9db30e5af749244f3e21206a99c4fb42429117eaacfc83?s=96&d=mm&r=g","contentUrl":"https:\/\/secure.gravatar.com\/avatar\/8e4bd50943002dd6ee9db30e5af749244f3e21206a99c4fb42429117eaacfc83?s=96&d=mm&r=g","caption":"Grid Magazine"},"sameAs":["https:\/\/www.gridmag.com.mx"],"url":"https:\/\/www.gridmag.com.mx\/index.php\/author\/grid-magazine-arq\/"}]}},"_links":{"self":[{"href":"https:\/\/www.gridmag.com.mx\/index.php\/wp-json\/wp\/v2\/posts\/10013","targetHints":{"allow":["GET"]}}],"collection":[{"href":"https:\/\/www.gridmag.com.mx\/index.php\/wp-json\/wp\/v2\/posts"}],"about":[{"href":"https:\/\/www.gridmag.com.mx\/index.php\/wp-json\/wp\/v2\/types\/post"}],"author":[{"embeddable":true,"href":"https:\/\/www.gridmag.com.mx\/index.php\/wp-json\/wp\/v2\/users\/1"}],"replies":[{"embeddable":true,"href":"https:\/\/www.gridmag.com.mx\/index.php\/wp-json\/wp\/v2\/comments?post=10013"}],"version-history":[{"count":1,"href":"https:\/\/www.gridmag.com.mx\/index.php\/wp-json\/wp\/v2\/posts\/10013\/revisions"}],"predecessor-version":[{"id":10019,"href":"https:\/\/www.gridmag.com.mx\/index.php\/wp-json\/wp\/v2\/posts\/10013\/revisions\/10019"}],"wp:featuredmedia":[{"embeddable":true,"href":"https:\/\/www.gridmag.com.mx\/index.php\/wp-json\/wp\/v2\/media\/10014"}],"wp:attachment":[{"href":"https:\/\/www.gridmag.com.mx\/index.php\/wp-json\/wp\/v2\/media?parent=10013"}],"wp:term":[{"taxonomy":"category","embeddable":true,"href":"https:\/\/www.gridmag.com.mx\/index.php\/wp-json\/wp\/v2\/categories?post=10013"},{"taxonomy":"post_tag","embeddable":true,"href":"https:\/\/www.gridmag.com.mx\/index.php\/wp-json\/wp\/v2\/tags?post=10013"}],"curies":[{"name":"wp","href":"https:\/\/api.w.org\/{rel}","templated":true}]}}