{"id":10091,"date":"2025-06-26T09:00:00","date_gmt":"2025-06-26T15:00:00","guid":{"rendered":"https:\/\/www.gridmag.com.mx\/?p=10091"},"modified":"2025-06-25T19:39:12","modified_gmt":"2025-06-26T01:39:12","slug":"masterplan-y-conjunto-deportivo-la-paz-nuevo-pulmon-urbano","status":"publish","type":"post","link":"https:\/\/www.gridmag.com.mx\/index.php\/2025\/06\/26\/masterplan-y-conjunto-deportivo-la-paz-nuevo-pulmon-urbano\/","title":{"rendered":"Masterplan y Conjunto Deportivo La Paz | Nuevo pulm\u00f3n urbano"},"content":{"rendered":"\n<p>En 2025, la ciudad de <strong>La Paz, Baja California Sur<\/strong> dio un paso firme hacia la transformaci\u00f3n urbana con la realizaci\u00f3n del <strong>Masterplan &amp; Conjunto Deportivo La Paz<\/strong>, un proyecto integral dise\u00f1ado por el despacho <strong>CCA | Bernardo Quinza\u00f1os<\/strong>. Impulsado por <strong>SEDATU<\/strong> y el <strong>municipio de La Paz<\/strong>, este ambicioso plan convirti\u00f3 un cauce seco olvidado \u2014El Cajoncito\u2014 en una infraestructura verde resiliente, conectando a las comunidades m\u00e1s vulnerables con las zonas consolidadas de la ciudad.<\/p>\n\n\n\n<figure class=\"wp-block-image size-large\"><img decoding=\"async\" width=\"1024\" height=\"626\" src=\"https:\/\/www.gridmag.com.mx\/wp-content\/uploads\/2025\/06\/12_Masterplan-La-Paz_CCA-I-Bernardo-Quinzanos_Jaime-Navarro-09376-1024x626.jpg\" alt=\"Masterplan y Conjunto Deportivo La Paz\" class=\"wp-image-10093\" srcset=\"https:\/\/www.gridmag.com.mx\/wp-content\/uploads\/2025\/06\/12_Masterplan-La-Paz_CCA-I-Bernardo-Quinzanos_Jaime-Navarro-09376-1024x626.jpg 1024w, https:\/\/www.gridmag.com.mx\/wp-content\/uploads\/2025\/06\/12_Masterplan-La-Paz_CCA-I-Bernardo-Quinzanos_Jaime-Navarro-09376-300x183.jpg 300w, https:\/\/www.gridmag.com.mx\/wp-content\/uploads\/2025\/06\/12_Masterplan-La-Paz_CCA-I-Bernardo-Quinzanos_Jaime-Navarro-09376-768x469.jpg 768w, https:\/\/www.gridmag.com.mx\/wp-content\/uploads\/2025\/06\/12_Masterplan-La-Paz_CCA-I-Bernardo-Quinzanos_Jaime-Navarro-09376-1536x938.jpg 1536w, https:\/\/www.gridmag.com.mx\/wp-content\/uploads\/2025\/06\/12_Masterplan-La-Paz_CCA-I-Bernardo-Quinzanos_Jaime-Navarro-09376-770x470.jpg 770w, https:\/\/www.gridmag.com.mx\/wp-content\/uploads\/2025\/06\/12_Masterplan-La-Paz_CCA-I-Bernardo-Quinzanos_Jaime-Navarro-09376-1400x855.jpg 1400w, https:\/\/www.gridmag.com.mx\/wp-content\/uploads\/2025\/06\/12_Masterplan-La-Paz_CCA-I-Bernardo-Quinzanos_Jaime-Navarro-09376.jpg 1984w\" sizes=\"(max-width: 1024px) 100vw, 1024px\" \/><\/figure>\n\n\n\n<h3 class=\"wp-block-heading\">Masterplan y Conjunto Deportivo La Paz | Infraestructura verde para una ciudad m\u00e1s resiliente<\/h3>\n\n\n\n<p>El Masterplan resignific\u00f3 ocho kil\u00f3metros de territorio, creando un parque p\u00fablico que no solo funciona como barrera natural contra inundaciones, sino que tambi\u00e9n vincula el emblem\u00e1tico malec\u00f3n con el tejido urbano interior. La transformaci\u00f3n incluy\u00f3 tres piezas clave: un <strong>Paseo Lineal<\/strong>, un <strong>Puente<\/strong> y un <strong>Conjunto Deportivo<\/strong>. Estos elementos mejoraron la movilidad peatonal y ciclista, redujeron distancias cr\u00edticas de traslado y ofrecieron nuevas oportunidades para la recreaci\u00f3n y el deporte.<\/p>\n\n\n\n<figure class=\"wp-block-image size-large\"><img decoding=\"async\" width=\"1024\" height=\"683\" src=\"https:\/\/www.gridmag.com.mx\/wp-content\/uploads\/2025\/06\/15_Conjunto-Deportivo-La-Paz_CCA-I-Bernardo-Quinzanos_Jaime-Navarro-09483-1024x683.jpg\" alt=\"\" class=\"wp-image-10094\" srcset=\"https:\/\/www.gridmag.com.mx\/wp-content\/uploads\/2025\/06\/15_Conjunto-Deportivo-La-Paz_CCA-I-Bernardo-Quinzanos_Jaime-Navarro-09483-1024x683.jpg 1024w, https:\/\/www.gridmag.com.mx\/wp-content\/uploads\/2025\/06\/15_Conjunto-Deportivo-La-Paz_CCA-I-Bernardo-Quinzanos_Jaime-Navarro-09483-300x200.jpg 300w, https:\/\/www.gridmag.com.mx\/wp-content\/uploads\/2025\/06\/15_Conjunto-Deportivo-La-Paz_CCA-I-Bernardo-Quinzanos_Jaime-Navarro-09483-768x512.jpg 768w, https:\/\/www.gridmag.com.mx\/wp-content\/uploads\/2025\/06\/15_Conjunto-Deportivo-La-Paz_CCA-I-Bernardo-Quinzanos_Jaime-Navarro-09483-1536x1024.jpg 1536w, https:\/\/www.gridmag.com.mx\/wp-content\/uploads\/2025\/06\/15_Conjunto-Deportivo-La-Paz_CCA-I-Bernardo-Quinzanos_Jaime-Navarro-09483-360x240.jpg 360w, https:\/\/www.gridmag.com.mx\/wp-content\/uploads\/2025\/06\/15_Conjunto-Deportivo-La-Paz_CCA-I-Bernardo-Quinzanos_Jaime-Navarro-09483-720x480.jpg 720w, https:\/\/www.gridmag.com.mx\/wp-content\/uploads\/2025\/06\/15_Conjunto-Deportivo-La-Paz_CCA-I-Bernardo-Quinzanos_Jaime-Navarro-09483-770x513.jpg 770w, https:\/\/www.gridmag.com.mx\/wp-content\/uploads\/2025\/06\/15_Conjunto-Deportivo-La-Paz_CCA-I-Bernardo-Quinzanos_Jaime-Navarro-09483-1400x933.jpg 1400w, https:\/\/www.gridmag.com.mx\/wp-content\/uploads\/2025\/06\/15_Conjunto-Deportivo-La-Paz_CCA-I-Bernardo-Quinzanos_Jaime-Navarro-09483.jpg 1899w\" sizes=\"(max-width: 1024px) 100vw, 1024px\" \/><\/figure>\n\n\n\n<h3 class=\"wp-block-heading\">Arquitectura funcional, sensible al contexto<\/h3>\n\n\n\n<p>El <strong>Conjunto Deportivo La Paz<\/strong> responde a la necesidad de espacios accesibles y de calidad para la pr\u00e1ctica del deporte, integrando canchas de b\u00e9isbol, f\u00fatbol, tenis, baloncesto, pistas para correr y andar en bicicleta, un \u00e1rea de skate y un edificio de usos m\u00faltiples. Este \u00faltimo alberga salones para actividades culturales, clases de m\u00fasica, oficinas, cafeter\u00eda y una biblioteca, reafirmando el car\u00e1cter comunitario del proyecto.<\/p>\n\n\n\n<p><a href=\"https:\/\/www.gridmag.com.mx\/index.php\/2023\/10\/04\/medidas-que-todo-arquitecto-debe-conocer\/\">Dise\u00f1ado<\/a> bajo principios de ventilaci\u00f3n cruzada, uso eficiente de materiales y adecuaci\u00f3n clim\u00e1tica, el conjunto incorpora mobiliario urbano sombreado, formas org\u00e1nicas y estructura modular para agilizar su construcci\u00f3n y diversificar su uso.<\/p>\n\n\n\n<figure class=\"wp-block-image size-large\"><img decoding=\"async\" width=\"1024\" height=\"675\" src=\"https:\/\/www.gridmag.com.mx\/wp-content\/uploads\/2025\/06\/03_Masterplan-La-Paz_CCA-I-Bernardo-Quinzanos_Jaime-Navarro-00566-1024x675.jpg\" alt=\"Masterplan y Conjunto Deportivo La Paz\" class=\"wp-image-10095\" srcset=\"https:\/\/www.gridmag.com.mx\/wp-content\/uploads\/2025\/06\/03_Masterplan-La-Paz_CCA-I-Bernardo-Quinzanos_Jaime-Navarro-00566-1024x675.jpg 1024w, https:\/\/www.gridmag.com.mx\/wp-content\/uploads\/2025\/06\/03_Masterplan-La-Paz_CCA-I-Bernardo-Quinzanos_Jaime-Navarro-00566-300x198.jpg 300w, https:\/\/www.gridmag.com.mx\/wp-content\/uploads\/2025\/06\/03_Masterplan-La-Paz_CCA-I-Bernardo-Quinzanos_Jaime-Navarro-00566-768x506.jpg 768w, https:\/\/www.gridmag.com.mx\/wp-content\/uploads\/2025\/06\/03_Masterplan-La-Paz_CCA-I-Bernardo-Quinzanos_Jaime-Navarro-00566-1536x1012.jpg 1536w, https:\/\/www.gridmag.com.mx\/wp-content\/uploads\/2025\/06\/03_Masterplan-La-Paz_CCA-I-Bernardo-Quinzanos_Jaime-Navarro-00566-770x507.jpg 770w, https:\/\/www.gridmag.com.mx\/wp-content\/uploads\/2025\/06\/03_Masterplan-La-Paz_CCA-I-Bernardo-Quinzanos_Jaime-Navarro-00566-1400x922.jpg 1400w, https:\/\/www.gridmag.com.mx\/wp-content\/uploads\/2025\/06\/03_Masterplan-La-Paz_CCA-I-Bernardo-Quinzanos_Jaime-Navarro-00566-759x500.jpg 759w, https:\/\/www.gridmag.com.mx\/wp-content\/uploads\/2025\/06\/03_Masterplan-La-Paz_CCA-I-Bernardo-Quinzanos_Jaime-Navarro-00566.jpg 1814w\" sizes=\"(max-width: 1024px) 100vw, 1024px\" \/><\/figure>\n\n\n\n<h3 class=\"wp-block-heading\">Participaci\u00f3n ciudadana y enfoque comunitario<\/h3>\n\n\n\n<p>Uno de los grandes aciertos del proyecto fue integrar a la comunidad en el proceso de dise\u00f1o. A partir de diagn\u00f3sticos participativos, se atendieron las necesidades reales del entorno, asegurando que los espacios fueran inclusivos, seguros y funcionales. El complejo no solo fue pensado para deportistas, sino tambi\u00e9n para quienes buscan un lugar para convivir, aprender y descansar.<\/p>\n\n\n\n<p>Adem\u00e1s, la obra ha tenido un efecto positivo en la econom\u00eda local, generando empleo durante su desarrollo y activando nuevos servicios en la zona.<\/p>\n\n\n\n<figure class=\"wp-block-image size-large\"><img decoding=\"async\" width=\"1024\" height=\"767\" src=\"https:\/\/www.gridmag.com.mx\/wp-content\/uploads\/2025\/06\/08_Masterplan-La-Paz_CCA-I-Bernardo-Quinzanos_Jaime-Navarro-19-1024x767.jpg\" alt=\"\" class=\"wp-image-10096\" srcset=\"https:\/\/www.gridmag.com.mx\/wp-content\/uploads\/2025\/06\/08_Masterplan-La-Paz_CCA-I-Bernardo-Quinzanos_Jaime-Navarro-19-1024x767.jpg 1024w, https:\/\/www.gridmag.com.mx\/wp-content\/uploads\/2025\/06\/08_Masterplan-La-Paz_CCA-I-Bernardo-Quinzanos_Jaime-Navarro-19-300x225.jpg 300w, https:\/\/www.gridmag.com.mx\/wp-content\/uploads\/2025\/06\/08_Masterplan-La-Paz_CCA-I-Bernardo-Quinzanos_Jaime-Navarro-19-768x575.jpg 768w, https:\/\/www.gridmag.com.mx\/wp-content\/uploads\/2025\/06\/08_Masterplan-La-Paz_CCA-I-Bernardo-Quinzanos_Jaime-Navarro-19-1536x1151.jpg 1536w, https:\/\/www.gridmag.com.mx\/wp-content\/uploads\/2025\/06\/08_Masterplan-La-Paz_CCA-I-Bernardo-Quinzanos_Jaime-Navarro-19-770x577.jpg 770w, https:\/\/www.gridmag.com.mx\/wp-content\/uploads\/2025\/06\/08_Masterplan-La-Paz_CCA-I-Bernardo-Quinzanos_Jaime-Navarro-19-1400x1049.jpg 1400w, https:\/\/www.gridmag.com.mx\/wp-content\/uploads\/2025\/06\/08_Masterplan-La-Paz_CCA-I-Bernardo-Quinzanos_Jaime-Navarro-19.jpg 1587w\" sizes=\"(max-width: 1024px) 100vw, 1024px\" \/><figcaption class=\"wp-element-caption\">default<\/figcaption><\/figure>\n\n\n\n<h3 class=\"wp-block-heading\">Masterplan y Conjunto Deportivo La Paz | Un nuevo centro para el deporte y la cultura en La Paz<\/h3>\n\n\n\n<p>Desde su entrega, el Conjunto Deportivo La Paz se ha consolidado como un punto de encuentro que promueve la actividad f\u00edsica y la vida cultural en una zona hist\u00f3ricamente marginada. Los campos de b\u00e9isbol \u2014con gran tradici\u00f3n en la regi\u00f3n\u2014 ahora cuentan con infraestructura de nivel profesional. El conjunto ya es sede de torneos, clases, talleres y festivales que fortalecen el tejido social a trav\u00e9s de la convivencia y el bienestar colectivo.<\/p>\n\n\n\n<figure class=\"wp-block-image size-large\"><img decoding=\"async\" width=\"1024\" height=\"722\" src=\"https:\/\/www.gridmag.com.mx\/wp-content\/uploads\/2025\/06\/09_Conjunto-Deportivo-La-Paz_CCA-I-Bernardo-Quinzanos_Jaime-Navarro-20-1024x722.jpg\" alt=\"Masterplan y Conjunto Deportivo La Paz\" class=\"wp-image-10097\" srcset=\"https:\/\/www.gridmag.com.mx\/wp-content\/uploads\/2025\/06\/09_Conjunto-Deportivo-La-Paz_CCA-I-Bernardo-Quinzanos_Jaime-Navarro-20-1024x722.jpg 1024w, https:\/\/www.gridmag.com.mx\/wp-content\/uploads\/2025\/06\/09_Conjunto-Deportivo-La-Paz_CCA-I-Bernardo-Quinzanos_Jaime-Navarro-20-300x211.jpg 300w, https:\/\/www.gridmag.com.mx\/wp-content\/uploads\/2025\/06\/09_Conjunto-Deportivo-La-Paz_CCA-I-Bernardo-Quinzanos_Jaime-Navarro-20-768x541.jpg 768w, https:\/\/www.gridmag.com.mx\/wp-content\/uploads\/2025\/06\/09_Conjunto-Deportivo-La-Paz_CCA-I-Bernardo-Quinzanos_Jaime-Navarro-20-1536x1083.jpg 1536w, https:\/\/www.gridmag.com.mx\/wp-content\/uploads\/2025\/06\/09_Conjunto-Deportivo-La-Paz_CCA-I-Bernardo-Quinzanos_Jaime-Navarro-20-770x543.jpg 770w, https:\/\/www.gridmag.com.mx\/wp-content\/uploads\/2025\/06\/09_Conjunto-Deportivo-La-Paz_CCA-I-Bernardo-Quinzanos_Jaime-Navarro-20-1400x987.jpg 1400w, https:\/\/www.gridmag.com.mx\/wp-content\/uploads\/2025\/06\/09_Conjunto-Deportivo-La-Paz_CCA-I-Bernardo-Quinzanos_Jaime-Navarro-20.jpg 1559w\" sizes=\"(max-width: 1024px) 100vw, 1024px\" \/><figcaption class=\"wp-element-caption\">default<\/figcaption><\/figure>\n\n\n\n<h3 class=\"wp-block-heading\">Ficha t\u00e9cnica<\/h3>\n\n\n\n<p>Nombre: Masterplan &amp; Conjunto Deportivo La Paz \/ Masterplan &amp; Sports Complex La Paz<br>Uso: P\u00fablico, Deportivo, Cultural \/ Public, Sports, Cultural<br>\u00c1rea: 22,727 m\u00b2<br>Ubicaci\u00f3n: La Paz, Baja California Sur, M\u00e9xico<br>Estado: Construido \/ Built<br>A\u00f1o: 2025<br>Oficina:CCA | Bernardo Quinza\u00f1os<br>Arquitecto: Bernardo Quinza\u00f1os<br>Equipo: Santiago V\u00e9lez, Bego\u00f1a Manzano, Andr\u00e9s Su\u00e1rez, Carlos Molina, Cristian Nieves, Miguel Izaguirre, Sara de la Cabada, Andr\u00e9 Torres, Abiga\u00edl Zavaleta, V\u00edctor Z\u00fa\u00f1iga, Pablo Ruiz, Scarlett D\u00edaz<br>Cliente: SEDATU, Municipio de La Paz<br>Constructor: HABA, Alan Haro<br>Fot\u00f3grafo: Jaime Navarro<\/p>\n\n\n\n<p>IG: @<a href=\"https:\/\/www.instagram.com\/cca.mx?utm_source=ig_web_button_share_sheet&amp;igsh=NDNpN2xud25rZzlk#\">cca.mx<\/a><\/p>\n\n\n\n<p><\/p>\n","protected":false},"excerpt":{"rendered":"<p>En 2025, la ciudad de La Paz, Baja California Sur dio un paso firme hacia la transformaci\u00f3n urbana con la realizaci\u00f3n del Masterplan &amp; Conjunto Deportivo La Paz, un proyecto integral dise\u00f1ado por el despacho CCA | Bernardo Quinza\u00f1os. Impulsado por SEDATU y el municipio de La Paz, este ambicioso plan convirti\u00f3 un cauce seco olvidado \u2014El Cajoncito\u2014 en una infraestructura verde resiliente, conectando a las comunidades m\u00e1s vulnerables con las zonas consolidadas de la ciudad. Masterplan y Conjunto Deportivo [&hellip;]<\/p>\n","protected":false},"author":1,"featured_media":10092,"comment_status":"open","ping_status":"open","sticky":false,"template":"","format":"standard","meta":{"footnotes":""},"categories":[49],"tags":[],"class_list":["post-10091","post","type-post","status-publish","format-standard","has-post-thumbnail","hentry","category-arquitectura"],"yoast_head":"<!-- This site is optimized with the Yoast SEO plugin v27.0 - https:\/\/yoast.com\/product\/yoast-seo-wordpress\/ -->\n<title>Masterplan y Conjunto Deportivo La Paz | Nuevo pulm\u00f3n urbano | Grid Magazine<\/title>\n<meta name=\"description\" content=\"Masterplan y Conjunto Deportivo La Paz: un proyecto que transforma un cauce olvidado en un parque deportivo y cultural.\" \/>\n<meta name=\"robots\" content=\"index, follow, max-snippet:-1, max-image-preview:large, max-video-preview:-1\" \/>\n<link rel=\"canonical\" href=\"https:\/\/www.gridmag.com.mx\/index.php\/2025\/06\/26\/masterplan-y-conjunto-deportivo-la-paz-nuevo-pulmon-urbano\/\" \/>\n<meta property=\"og:locale\" content=\"es_MX\" \/>\n<meta property=\"og:type\" content=\"article\" \/>\n<meta property=\"og:title\" content=\"Masterplan y Conjunto Deportivo La Paz | Nuevo pulm\u00f3n urbano | Grid Magazine\" \/>\n<meta property=\"og:description\" content=\"Masterplan y Conjunto Deportivo La Paz: un proyecto que transforma un cauce olvidado en un parque deportivo y cultural.\" \/>\n<meta property=\"og:url\" content=\"https:\/\/www.gridmag.com.mx\/index.php\/2025\/06\/26\/masterplan-y-conjunto-deportivo-la-paz-nuevo-pulmon-urbano\/\" \/>\n<meta property=\"og:site_name\" content=\"Grid Magazine\" \/>\n<meta property=\"article:publisher\" content=\"https:\/\/www.facebook.com\/gridmagazine.mx\" \/>\n<meta property=\"article:published_time\" content=\"2025-06-26T15:00:00+00:00\" \/>\n<meta property=\"og:image\" content=\"https:\/\/www.gridmag.com.mx\/wp-content\/uploads\/2025\/06\/10_Conjunto-Deportivo-La-Paz_CCA-I-Bernardo-Quinzanos_Jaime-Navarro-40.jpg\" \/>\n\t<meta property=\"og:image:width\" content=\"1701\" \/>\n\t<meta property=\"og:image:height\" content=\"1072\" \/>\n\t<meta property=\"og:image:type\" content=\"image\/jpeg\" \/>\n<meta name=\"author\" content=\"Grid Magazine\" \/>\n<meta name=\"twitter:card\" content=\"summary_large_image\" \/>\n<meta name=\"twitter:label1\" content=\"Escrito por\" \/>\n\t<meta name=\"twitter:data1\" content=\"Grid Magazine\" \/>\n\t<meta name=\"twitter:label2\" content=\"Tiempo de lectura\" \/>\n\t<meta name=\"twitter:data2\" content=\"4 minutos\" \/>\n<script type=\"application\/ld+json\" class=\"yoast-schema-graph\">{\"@context\":\"https:\/\/schema.org\",\"@graph\":[{\"@type\":\"Article\",\"@id\":\"https:\/\/www.gridmag.com.mx\/index.php\/2025\/06\/26\/masterplan-y-conjunto-deportivo-la-paz-nuevo-pulmon-urbano\/#article\",\"isPartOf\":{\"@id\":\"https:\/\/www.gridmag.com.mx\/index.php\/2025\/06\/26\/masterplan-y-conjunto-deportivo-la-paz-nuevo-pulmon-urbano\/\"},\"author\":{\"name\":\"Grid Magazine\",\"@id\":\"https:\/\/www.gridmag.com.mx\/#\/schema\/person\/d54cddc75e2ecfe4a55e39c0336ae932\"},\"headline\":\"Masterplan y Conjunto Deportivo La Paz | Nuevo pulm\u00f3n urbano\",\"datePublished\":\"2025-06-26T15:00:00+00:00\",\"mainEntityOfPage\":{\"@id\":\"https:\/\/www.gridmag.com.mx\/index.php\/2025\/06\/26\/masterplan-y-conjunto-deportivo-la-paz-nuevo-pulmon-urbano\/\"},\"wordCount\":580,\"commentCount\":0,\"publisher\":{\"@id\":\"https:\/\/www.gridmag.com.mx\/#organization\"},\"image\":{\"@id\":\"https:\/\/www.gridmag.com.mx\/index.php\/2025\/06\/26\/masterplan-y-conjunto-deportivo-la-paz-nuevo-pulmon-urbano\/#primaryimage\"},\"thumbnailUrl\":\"https:\/\/www.gridmag.com.mx\/wp-content\/uploads\/2025\/06\/10_Conjunto-Deportivo-La-Paz_CCA-I-Bernardo-Quinzanos_Jaime-Navarro-40.jpg\",\"articleSection\":[\"Arquitectura\"],\"inLanguage\":\"es\",\"potentialAction\":[{\"@type\":\"CommentAction\",\"name\":\"Comment\",\"target\":[\"https:\/\/www.gridmag.com.mx\/index.php\/2025\/06\/26\/masterplan-y-conjunto-deportivo-la-paz-nuevo-pulmon-urbano\/#respond\"]}]},{\"@type\":\"WebPage\",\"@id\":\"https:\/\/www.gridmag.com.mx\/index.php\/2025\/06\/26\/masterplan-y-conjunto-deportivo-la-paz-nuevo-pulmon-urbano\/\",\"url\":\"https:\/\/www.gridmag.com.mx\/index.php\/2025\/06\/26\/masterplan-y-conjunto-deportivo-la-paz-nuevo-pulmon-urbano\/\",\"name\":\"Masterplan y Conjunto Deportivo La Paz | Nuevo pulm\u00f3n urbano | Grid Magazine\",\"isPartOf\":{\"@id\":\"https:\/\/www.gridmag.com.mx\/#website\"},\"primaryImageOfPage\":{\"@id\":\"https:\/\/www.gridmag.com.mx\/index.php\/2025\/06\/26\/masterplan-y-conjunto-deportivo-la-paz-nuevo-pulmon-urbano\/#primaryimage\"},\"image\":{\"@id\":\"https:\/\/www.gridmag.com.mx\/index.php\/2025\/06\/26\/masterplan-y-conjunto-deportivo-la-paz-nuevo-pulmon-urbano\/#primaryimage\"},\"thumbnailUrl\":\"https:\/\/www.gridmag.com.mx\/wp-content\/uploads\/2025\/06\/10_Conjunto-Deportivo-La-Paz_CCA-I-Bernardo-Quinzanos_Jaime-Navarro-40.jpg\",\"datePublished\":\"2025-06-26T15:00:00+00:00\",\"description\":\"Masterplan y Conjunto Deportivo La Paz: un proyecto que transforma un cauce olvidado en un parque deportivo y cultural.\",\"breadcrumb\":{\"@id\":\"https:\/\/www.gridmag.com.mx\/index.php\/2025\/06\/26\/masterplan-y-conjunto-deportivo-la-paz-nuevo-pulmon-urbano\/#breadcrumb\"},\"inLanguage\":\"es\",\"potentialAction\":[{\"@type\":\"ReadAction\",\"target\":[\"https:\/\/www.gridmag.com.mx\/index.php\/2025\/06\/26\/masterplan-y-conjunto-deportivo-la-paz-nuevo-pulmon-urbano\/\"]}]},{\"@type\":\"ImageObject\",\"inLanguage\":\"es\",\"@id\":\"https:\/\/www.gridmag.com.mx\/index.php\/2025\/06\/26\/masterplan-y-conjunto-deportivo-la-paz-nuevo-pulmon-urbano\/#primaryimage\",\"url\":\"https:\/\/www.gridmag.com.mx\/wp-content\/uploads\/2025\/06\/10_Conjunto-Deportivo-La-Paz_CCA-I-Bernardo-Quinzanos_Jaime-Navarro-40.jpg\",\"contentUrl\":\"https:\/\/www.gridmag.com.mx\/wp-content\/uploads\/2025\/06\/10_Conjunto-Deportivo-La-Paz_CCA-I-Bernardo-Quinzanos_Jaime-Navarro-40.jpg\",\"width\":1701,\"height\":1072,\"caption\":\"default\"},{\"@type\":\"BreadcrumbList\",\"@id\":\"https:\/\/www.gridmag.com.mx\/index.php\/2025\/06\/26\/masterplan-y-conjunto-deportivo-la-paz-nuevo-pulmon-urbano\/#breadcrumb\",\"itemListElement\":[{\"@type\":\"ListItem\",\"position\":1,\"name\":\"Inicio\",\"item\":\"https:\/\/www.gridmag.com.mx\/\"},{\"@type\":\"ListItem\",\"position\":2,\"name\":\"Masterplan y Conjunto Deportivo La Paz | Nuevo pulm\u00f3n urbano\"}]},{\"@type\":\"WebSite\",\"@id\":\"https:\/\/www.gridmag.com.mx\/#website\",\"url\":\"https:\/\/www.gridmag.com.mx\/\",\"name\":\"Grid Magazine\",\"description\":\"Compartiendo lo mejor de la arquitectura y dise\u00f1o mexicano.\",\"publisher\":{\"@id\":\"https:\/\/www.gridmag.com.mx\/#organization\"},\"potentialAction\":[{\"@type\":\"SearchAction\",\"target\":{\"@type\":\"EntryPoint\",\"urlTemplate\":\"https:\/\/www.gridmag.com.mx\/?s={search_term_string}\"},\"query-input\":{\"@type\":\"PropertyValueSpecification\",\"valueRequired\":true,\"valueName\":\"search_term_string\"}}],\"inLanguage\":\"es\"},{\"@type\":\"Organization\",\"@id\":\"https:\/\/www.gridmag.com.mx\/#organization\",\"name\":\"Grid Magazine\",\"url\":\"https:\/\/www.gridmag.com.mx\/\",\"logo\":{\"@type\":\"ImageObject\",\"inLanguage\":\"es\",\"@id\":\"https:\/\/www.gridmag.com.mx\/#\/schema\/logo\/image\/\",\"url\":\"\",\"contentUrl\":\"\",\"caption\":\"Grid Magazine\"},\"image\":{\"@id\":\"https:\/\/www.gridmag.com.mx\/#\/schema\/logo\/image\/\"},\"sameAs\":[\"https:\/\/www.facebook.com\/gridmagazine.mx\",\"https:\/\/www.instagram.com\/gridmagazine_mx\/\",\"https:\/\/www.tiktok.com\/@gridmagazine.mx?_t=8gl2kVR2Aq6&_r=1\",\"https:\/\/www.linkedin.com\/company\/grid-magazine-mx\/\"]},{\"@type\":\"Person\",\"@id\":\"https:\/\/www.gridmag.com.mx\/#\/schema\/person\/d54cddc75e2ecfe4a55e39c0336ae932\",\"name\":\"Grid Magazine\",\"image\":{\"@type\":\"ImageObject\",\"inLanguage\":\"es\",\"@id\":\"https:\/\/www.gridmag.com.mx\/#\/schema\/person\/image\/\",\"url\":\"https:\/\/secure.gravatar.com\/avatar\/8e4bd50943002dd6ee9db30e5af749244f3e21206a99c4fb42429117eaacfc83?s=96&d=mm&r=g\",\"contentUrl\":\"https:\/\/secure.gravatar.com\/avatar\/8e4bd50943002dd6ee9db30e5af749244f3e21206a99c4fb42429117eaacfc83?s=96&d=mm&r=g\",\"caption\":\"Grid Magazine\"},\"sameAs\":[\"https:\/\/www.gridmag.com.mx\"],\"url\":\"https:\/\/www.gridmag.com.mx\/index.php\/author\/grid-magazine-arq\/\"}]}<\/script>\n<!-- \/ Yoast SEO plugin. -->","yoast_head_json":{"title":"Masterplan y Conjunto Deportivo La Paz | Nuevo pulm\u00f3n urbano | Grid Magazine","description":"Masterplan y Conjunto Deportivo La Paz: un proyecto que transforma un cauce olvidado en un parque deportivo y cultural.","robots":{"index":"index","follow":"follow","max-snippet":"max-snippet:-1","max-image-preview":"max-image-preview:large","max-video-preview":"max-video-preview:-1"},"canonical":"https:\/\/www.gridmag.com.mx\/index.php\/2025\/06\/26\/masterplan-y-conjunto-deportivo-la-paz-nuevo-pulmon-urbano\/","og_locale":"es_MX","og_type":"article","og_title":"Masterplan y Conjunto Deportivo La Paz | Nuevo pulm\u00f3n urbano | Grid Magazine","og_description":"Masterplan y Conjunto Deportivo La Paz: un proyecto que transforma un cauce olvidado en un parque deportivo y cultural.","og_url":"https:\/\/www.gridmag.com.mx\/index.php\/2025\/06\/26\/masterplan-y-conjunto-deportivo-la-paz-nuevo-pulmon-urbano\/","og_site_name":"Grid Magazine","article_publisher":"https:\/\/www.facebook.com\/gridmagazine.mx","article_published_time":"2025-06-26T15:00:00+00:00","og_image":[{"width":1701,"height":1072,"url":"https:\/\/www.gridmag.com.mx\/wp-content\/uploads\/2025\/06\/10_Conjunto-Deportivo-La-Paz_CCA-I-Bernardo-Quinzanos_Jaime-Navarro-40.jpg","type":"image\/jpeg"}],"author":"Grid Magazine","twitter_card":"summary_large_image","twitter_misc":{"Escrito por":"Grid Magazine","Tiempo de lectura":"4 minutos"},"schema":{"@context":"https:\/\/schema.org","@graph":[{"@type":"Article","@id":"https:\/\/www.gridmag.com.mx\/index.php\/2025\/06\/26\/masterplan-y-conjunto-deportivo-la-paz-nuevo-pulmon-urbano\/#article","isPartOf":{"@id":"https:\/\/www.gridmag.com.mx\/index.php\/2025\/06\/26\/masterplan-y-conjunto-deportivo-la-paz-nuevo-pulmon-urbano\/"},"author":{"name":"Grid Magazine","@id":"https:\/\/www.gridmag.com.mx\/#\/schema\/person\/d54cddc75e2ecfe4a55e39c0336ae932"},"headline":"Masterplan y Conjunto Deportivo La Paz | Nuevo pulm\u00f3n urbano","datePublished":"2025-06-26T15:00:00+00:00","mainEntityOfPage":{"@id":"https:\/\/www.gridmag.com.mx\/index.php\/2025\/06\/26\/masterplan-y-conjunto-deportivo-la-paz-nuevo-pulmon-urbano\/"},"wordCount":580,"commentCount":0,"publisher":{"@id":"https:\/\/www.gridmag.com.mx\/#organization"},"image":{"@id":"https:\/\/www.gridmag.com.mx\/index.php\/2025\/06\/26\/masterplan-y-conjunto-deportivo-la-paz-nuevo-pulmon-urbano\/#primaryimage"},"thumbnailUrl":"https:\/\/www.gridmag.com.mx\/wp-content\/uploads\/2025\/06\/10_Conjunto-Deportivo-La-Paz_CCA-I-Bernardo-Quinzanos_Jaime-Navarro-40.jpg","articleSection":["Arquitectura"],"inLanguage":"es","potentialAction":[{"@type":"CommentAction","name":"Comment","target":["https:\/\/www.gridmag.com.mx\/index.php\/2025\/06\/26\/masterplan-y-conjunto-deportivo-la-paz-nuevo-pulmon-urbano\/#respond"]}]},{"@type":"WebPage","@id":"https:\/\/www.gridmag.com.mx\/index.php\/2025\/06\/26\/masterplan-y-conjunto-deportivo-la-paz-nuevo-pulmon-urbano\/","url":"https:\/\/www.gridmag.com.mx\/index.php\/2025\/06\/26\/masterplan-y-conjunto-deportivo-la-paz-nuevo-pulmon-urbano\/","name":"Masterplan y Conjunto Deportivo La Paz | Nuevo pulm\u00f3n urbano | Grid Magazine","isPartOf":{"@id":"https:\/\/www.gridmag.com.mx\/#website"},"primaryImageOfPage":{"@id":"https:\/\/www.gridmag.com.mx\/index.php\/2025\/06\/26\/masterplan-y-conjunto-deportivo-la-paz-nuevo-pulmon-urbano\/#primaryimage"},"image":{"@id":"https:\/\/www.gridmag.com.mx\/index.php\/2025\/06\/26\/masterplan-y-conjunto-deportivo-la-paz-nuevo-pulmon-urbano\/#primaryimage"},"thumbnailUrl":"https:\/\/www.gridmag.com.mx\/wp-content\/uploads\/2025\/06\/10_Conjunto-Deportivo-La-Paz_CCA-I-Bernardo-Quinzanos_Jaime-Navarro-40.jpg","datePublished":"2025-06-26T15:00:00+00:00","description":"Masterplan y Conjunto Deportivo La Paz: un proyecto que transforma un cauce olvidado en un parque deportivo y cultural.","breadcrumb":{"@id":"https:\/\/www.gridmag.com.mx\/index.php\/2025\/06\/26\/masterplan-y-conjunto-deportivo-la-paz-nuevo-pulmon-urbano\/#breadcrumb"},"inLanguage":"es","potentialAction":[{"@type":"ReadAction","target":["https:\/\/www.gridmag.com.mx\/index.php\/2025\/06\/26\/masterplan-y-conjunto-deportivo-la-paz-nuevo-pulmon-urbano\/"]}]},{"@type":"ImageObject","inLanguage":"es","@id":"https:\/\/www.gridmag.com.mx\/index.php\/2025\/06\/26\/masterplan-y-conjunto-deportivo-la-paz-nuevo-pulmon-urbano\/#primaryimage","url":"https:\/\/www.gridmag.com.mx\/wp-content\/uploads\/2025\/06\/10_Conjunto-Deportivo-La-Paz_CCA-I-Bernardo-Quinzanos_Jaime-Navarro-40.jpg","contentUrl":"https:\/\/www.gridmag.com.mx\/wp-content\/uploads\/2025\/06\/10_Conjunto-Deportivo-La-Paz_CCA-I-Bernardo-Quinzanos_Jaime-Navarro-40.jpg","width":1701,"height":1072,"caption":"default"},{"@type":"BreadcrumbList","@id":"https:\/\/www.gridmag.com.mx\/index.php\/2025\/06\/26\/masterplan-y-conjunto-deportivo-la-paz-nuevo-pulmon-urbano\/#breadcrumb","itemListElement":[{"@type":"ListItem","position":1,"name":"Inicio","item":"https:\/\/www.gridmag.com.mx\/"},{"@type":"ListItem","position":2,"name":"Masterplan y Conjunto Deportivo La Paz | Nuevo pulm\u00f3n urbano"}]},{"@type":"WebSite","@id":"https:\/\/www.gridmag.com.mx\/#website","url":"https:\/\/www.gridmag.com.mx\/","name":"Grid Magazine","description":"Compartiendo lo mejor de la arquitectura y dise\u00f1o mexicano.","publisher":{"@id":"https:\/\/www.gridmag.com.mx\/#organization"},"potentialAction":[{"@type":"SearchAction","target":{"@type":"EntryPoint","urlTemplate":"https:\/\/www.gridmag.com.mx\/?s={search_term_string}"},"query-input":{"@type":"PropertyValueSpecification","valueRequired":true,"valueName":"search_term_string"}}],"inLanguage":"es"},{"@type":"Organization","@id":"https:\/\/www.gridmag.com.mx\/#organization","name":"Grid Magazine","url":"https:\/\/www.gridmag.com.mx\/","logo":{"@type":"ImageObject","inLanguage":"es","@id":"https:\/\/www.gridmag.com.mx\/#\/schema\/logo\/image\/","url":"","contentUrl":"","caption":"Grid Magazine"},"image":{"@id":"https:\/\/www.gridmag.com.mx\/#\/schema\/logo\/image\/"},"sameAs":["https:\/\/www.facebook.com\/gridmagazine.mx","https:\/\/www.instagram.com\/gridmagazine_mx\/","https:\/\/www.tiktok.com\/@gridmagazine.mx?_t=8gl2kVR2Aq6&_r=1","https:\/\/www.linkedin.com\/company\/grid-magazine-mx\/"]},{"@type":"Person","@id":"https:\/\/www.gridmag.com.mx\/#\/schema\/person\/d54cddc75e2ecfe4a55e39c0336ae932","name":"Grid Magazine","image":{"@type":"ImageObject","inLanguage":"es","@id":"https:\/\/www.gridmag.com.mx\/#\/schema\/person\/image\/","url":"https:\/\/secure.gravatar.com\/avatar\/8e4bd50943002dd6ee9db30e5af749244f3e21206a99c4fb42429117eaacfc83?s=96&d=mm&r=g","contentUrl":"https:\/\/secure.gravatar.com\/avatar\/8e4bd50943002dd6ee9db30e5af749244f3e21206a99c4fb42429117eaacfc83?s=96&d=mm&r=g","caption":"Grid Magazine"},"sameAs":["https:\/\/www.gridmag.com.mx"],"url":"https:\/\/www.gridmag.com.mx\/index.php\/author\/grid-magazine-arq\/"}]}},"_links":{"self":[{"href":"https:\/\/www.gridmag.com.mx\/index.php\/wp-json\/wp\/v2\/posts\/10091","targetHints":{"allow":["GET"]}}],"collection":[{"href":"https:\/\/www.gridmag.com.mx\/index.php\/wp-json\/wp\/v2\/posts"}],"about":[{"href":"https:\/\/www.gridmag.com.mx\/index.php\/wp-json\/wp\/v2\/types\/post"}],"author":[{"embeddable":true,"href":"https:\/\/www.gridmag.com.mx\/index.php\/wp-json\/wp\/v2\/users\/1"}],"replies":[{"embeddable":true,"href":"https:\/\/www.gridmag.com.mx\/index.php\/wp-json\/wp\/v2\/comments?post=10091"}],"version-history":[{"count":1,"href":"https:\/\/www.gridmag.com.mx\/index.php\/wp-json\/wp\/v2\/posts\/10091\/revisions"}],"predecessor-version":[{"id":10098,"href":"https:\/\/www.gridmag.com.mx\/index.php\/wp-json\/wp\/v2\/posts\/10091\/revisions\/10098"}],"wp:featuredmedia":[{"embeddable":true,"href":"https:\/\/www.gridmag.com.mx\/index.php\/wp-json\/wp\/v2\/media\/10092"}],"wp:attachment":[{"href":"https:\/\/www.gridmag.com.mx\/index.php\/wp-json\/wp\/v2\/media?parent=10091"}],"wp:term":[{"taxonomy":"category","embeddable":true,"href":"https:\/\/www.gridmag.com.mx\/index.php\/wp-json\/wp\/v2\/categories?post=10091"},{"taxonomy":"post_tag","embeddable":true,"href":"https:\/\/www.gridmag.com.mx\/index.php\/wp-json\/wp\/v2\/tags?post=10091"}],"curies":[{"name":"wp","href":"https:\/\/api.w.org\/{rel}","templated":true}]}}