{"id":10247,"date":"2025-07-21T10:04:47","date_gmt":"2025-07-21T16:04:47","guid":{"rendered":"https:\/\/www.gridmag.com.mx\/?p=10247"},"modified":"2025-07-21T10:04:50","modified_gmt":"2025-07-21T16:04:50","slug":"crisis-de-vivienda-su-origen-causas-y-la-busqueda-de-soluciones","status":"publish","type":"post","link":"https:\/\/www.gridmag.com.mx\/index.php\/2025\/07\/21\/crisis-de-vivienda-su-origen-causas-y-la-busqueda-de-soluciones\/","title":{"rendered":"Crisis de Vivienda | Su origen, causas y la b\u00fasqueda de soluciones"},"content":{"rendered":"\n<p>El concepto de <strong>desigualdad social <\/strong>es parte de nuestro vocabulario como mexicanos, es algo con lo que vivimos cercanamente y observamos todos los d\u00edas. Dentro de ella existe aquella llamada <strong>desigualdad de vivienda<\/strong>, que nos lleva a entender la actual <strong>crisis de vivienda<\/strong> y las preocupaciones actuales que surgen a partir de las consecuencias de esta.&nbsp;<\/p>\n\n\n\n<h3 class=\"wp-block-heading\">\u00bfQu\u00e9 es la desigualdad de vivienda?<\/h3>\n\n\n\n<p>La <strong>desigualdad de vivienda<\/strong> \u201cse refiere a la distribuci\u00f3n desigual de las condiciones adecuadas que una familia necesita para desarrollar sus capacidades\u201d <em>(S\u00e1nchez y Mej\u00eda, 2025). <\/em>La cual podemos ver en todas las ciudades de M\u00e9xico, en las grandes divisiones entre zonas urbanas y rurales que existen, en varias ocasiones, a tan solo unos cuantos metros de distancia.&nbsp;<\/p>\n\n\n\n<figure class=\"wp-block-image size-large\"><img decoding=\"async\" width=\"1024\" height=\"769\" src=\"https:\/\/www.gridmag.com.mx\/wp-content\/uploads\/2025\/07\/IMAGEN1-1024x769.jpg\" alt=\"Crisis de Vivienda\" class=\"wp-image-10250\" srcset=\"https:\/\/www.gridmag.com.mx\/wp-content\/uploads\/2025\/07\/IMAGEN1-1024x769.jpg 1024w, https:\/\/www.gridmag.com.mx\/wp-content\/uploads\/2025\/07\/IMAGEN1-300x225.jpg 300w, https:\/\/www.gridmag.com.mx\/wp-content\/uploads\/2025\/07\/IMAGEN1-768x577.jpg 768w, https:\/\/www.gridmag.com.mx\/wp-content\/uploads\/2025\/07\/IMAGEN1-1536x1153.jpg 1536w, https:\/\/www.gridmag.com.mx\/wp-content\/uploads\/2025\/07\/IMAGEN1-770x578.jpg 770w, https:\/\/www.gridmag.com.mx\/wp-content\/uploads\/2025\/07\/IMAGEN1-1400x1051.jpg 1400w, https:\/\/www.gridmag.com.mx\/wp-content\/uploads\/2025\/07\/IMAGEN1.jpg 1701w\" sizes=\"(max-width: 1024px) 100vw, 1024px\" \/><\/figure>\n\n\n\n<p>Dentro de estas zonas podemos encontrar <strong>viviendas urbanas y rurales<\/strong>, las cuales determinan en qu\u00e9 parte del espectro de la pobreza caen las personas que las habitan.&nbsp;<\/p>\n\n\n\n<p>Entre m\u00e1s rural sea la zona las familias sufren, desde la falta de acceso a servicios comunes como agua potable y luz, hasta la disminuci\u00f3n de oportunidades para educaci\u00f3n, salud y desarrollo econ\u00f3mico. Pero m\u00e1s relevante, tambi\u00e9n determina la calidad de la construcci\u00f3n del inmueble.<\/p>\n\n\n\n<h3 class=\"wp-block-heading\">La crisis de vivienda<\/h3>\n\n\n\n<p>Podemos decir entonces que la desigualdad, junto con otros factores socioecon\u00f3micos actuales, nos llevan a lo que hoy conocemos como la <strong>crisis de vivienda.&nbsp;<\/strong><\/p>\n\n\n\n<p>Es importante saber que la relaci\u00f3n entre la vivienda y el ingreso econ\u00f3mico es directa. El ingreso de una persona es el que determina si tiene los recursos suficientes para poder acceder a una vivienda, ya sea comprada o rentada, sin dificultad.<\/p>\n\n\n\n<p>Pero esta crisis no tiene una sola causa, sino que diferentes factores sociales, pol\u00edticos y econ\u00f3micos de M\u00e9xico nos han llevado a la actual situaci\u00f3n. Estas son:<\/p>\n\n\n\n<ul class=\"wp-block-list\">\n<li><strong>Precio de vivienda y salarios. <\/strong>Los precios de viviendas han estado en un constante crecimiento en los \u00faltimos a\u00f1os y han llegado a un punto en donde el costo de adquisici\u00f3n de casas est\u00e1 por encima de la inflaci\u00f3n. Por otro lado, el salario promedio ha disminuido.<\/li>\n\n\n\n<li><strong>Financiarizaci\u00f3n.<\/strong> Los inmuebles son adquiridos con el prop\u00f3sito de obtener ganancias y no para que sean habitados. Se vuelven una forma de inversi\u00f3n, como lo son los instrumentos financieros.\u00a0<\/li>\n\n\n\n<li><strong>Especulaci\u00f3n.<\/strong> El mercado de la vivienda se ha convertido en uno de especulaci\u00f3n. Es adquirido por un grupo peque\u00f1o de la poblaci\u00f3n, lo que permite interrumpir el cumplimiento normal de oferta y demanda. No existe la competencia y los precios se mantienen altos.<\/li>\n\n\n\n<li><strong>Renta a corto plazo. <\/strong>Estas son las rentas popularizadas por Airbnb. Es la compra de viviendas con el prop\u00f3sito de ponerlas en plataformas de renta temporal. Estas son entonces habitadas en su parte por \u201cN\u00f3madas Digitales\u201d y turistas. Se vuelven propiedades destinadas para una habitaci\u00f3n corta.<\/li>\n\n\n\n<li><strong>Gentrificaci\u00f3n y desplazamiento. <\/strong>El costo de la vivienda sube por la especulaci\u00f3n en las zonas populares y tur\u00edsticas de una ciudad. Esto lleva a la adquisici\u00f3n de viviendas para utilizar como Airbnb, forzando por cuestiones econ\u00f3micas y sociales a la poblaci\u00f3n que vive en estas zonas a largo plazo. Tambi\u00e9n destruye las comunidades que se forman por la ubicaci\u00f3n de sus viviendas en ciertas zonas urbanas.\u00a0<\/li>\n<\/ul>\n\n\n\n<figure class=\"wp-block-image size-large\"><img decoding=\"async\" width=\"1024\" height=\"683\" src=\"https:\/\/www.gridmag.com.mx\/wp-content\/uploads\/2025\/07\/IMAGEN2-1024x683.jpg\" alt=\"Crisis de Vivienda\" class=\"wp-image-10251\" srcset=\"https:\/\/www.gridmag.com.mx\/wp-content\/uploads\/2025\/07\/IMAGEN2-1024x683.jpg 1024w, https:\/\/www.gridmag.com.mx\/wp-content\/uploads\/2025\/07\/IMAGEN2-300x200.jpg 300w, https:\/\/www.gridmag.com.mx\/wp-content\/uploads\/2025\/07\/IMAGEN2-768x512.jpg 768w, https:\/\/www.gridmag.com.mx\/wp-content\/uploads\/2025\/07\/IMAGEN2-1536x1025.jpg 1536w, https:\/\/www.gridmag.com.mx\/wp-content\/uploads\/2025\/07\/IMAGEN2-2048x1366.jpg 2048w, https:\/\/www.gridmag.com.mx\/wp-content\/uploads\/2025\/07\/IMAGEN2-360x240.jpg 360w, https:\/\/www.gridmag.com.mx\/wp-content\/uploads\/2025\/07\/IMAGEN2-720x480.jpg 720w, https:\/\/www.gridmag.com.mx\/wp-content\/uploads\/2025\/07\/IMAGEN2-770x514.jpg 770w, https:\/\/www.gridmag.com.mx\/wp-content\/uploads\/2025\/07\/IMAGEN2-1400x934.jpg 1400w\" sizes=\"(max-width: 1024px) 100vw, 1024px\" \/><\/figure>\n\n\n\n<h3 class=\"wp-block-heading\">Consecuencias de la crisis en nuevas generaciones<\/h3>\n\n\n\n<p>La consecuencia m\u00e1s aparente es la baja de compra de viviendas en las nuevas generaciones que ya tienen poder adquisitivo, solo no el suficiente como para comprar una casa.&nbsp;<\/p>\n\n\n\n<p>El cambio de filosof\u00eda de vida en estas generaciones (gastar sus ingresos en viajes, experiencias y productos, en vez de la adquisici\u00f3n de vienes) se da a partir, no de la falta de deseo de ser due\u00f1os de un inmueble o la falta de responsabilidad, sino de la situaci\u00f3n econ\u00f3mica en la que viven la cual no les permite poder pensar en comprar casas o departamentos, pues estos son inalcanzables.&nbsp;<\/p>\n\n\n\n<p>La realidad actual es esta: Les toma a los j\u00f3venes el doble de a\u00f1os de trabajo el poder pagar una vivienda promedio, de lo que les tom\u00f3 a sus padres. La decisi\u00f3n de adquisici\u00f3n de vienes inmobiliarios es tomada por ellos, ya que el promedio es probable que no podr\u00e1 acabar de pagar una casa.&nbsp;<\/p>\n\n\n\n<figure class=\"wp-block-image size-large\"><img decoding=\"async\" width=\"1024\" height=\"680\" src=\"https:\/\/www.gridmag.com.mx\/wp-content\/uploads\/2025\/07\/IMAGEN3-1024x680.jpg\" alt=\"Crisis de Vivienda\" class=\"wp-image-10252\" srcset=\"https:\/\/www.gridmag.com.mx\/wp-content\/uploads\/2025\/07\/IMAGEN3-1024x680.jpg 1024w, https:\/\/www.gridmag.com.mx\/wp-content\/uploads\/2025\/07\/IMAGEN3-300x199.jpg 300w, https:\/\/www.gridmag.com.mx\/wp-content\/uploads\/2025\/07\/IMAGEN3-768x510.jpg 768w, https:\/\/www.gridmag.com.mx\/wp-content\/uploads\/2025\/07\/IMAGEN3-1536x1020.jpg 1536w, https:\/\/www.gridmag.com.mx\/wp-content\/uploads\/2025\/07\/IMAGEN3-360x240.jpg 360w, https:\/\/www.gridmag.com.mx\/wp-content\/uploads\/2025\/07\/IMAGEN3-770x511.jpg 770w, https:\/\/www.gridmag.com.mx\/wp-content\/uploads\/2025\/07\/IMAGEN3-1400x930.jpg 1400w, https:\/\/www.gridmag.com.mx\/wp-content\/uploads\/2025\/07\/IMAGEN3.jpg 1616w\" sizes=\"(max-width: 1024px) 100vw, 1024px\" \/><\/figure>\n\n\n\n<h3 class=\"wp-block-heading\">La b\u00fasqueda de soluciones<\/h3>\n\n\n\n<p>Una crisis tan grande como est\u00e1 parece no tener fin ni soluci\u00f3n, pero no es as\u00ed. Existen diferentes acciones que como sociedad podemos tomar para poder implementar pol\u00edticas y regulaciones que mejoren la situaci\u00f3n de vivienda en M\u00e9xico.&nbsp;<\/p>\n\n\n\n<p>Uno de los movimientos sociales que ha surgido para la atacer la crisis con acciones que lleven al cambio es la Red Nacional por la Vivienda, un movimiento social encabezado por Gatitos contra la Desigualdad y el Instituto de Estudios sobre Desigualdad (INDESIG) que busca defender el acceso a la vivienda digna entre otras propuestas.&nbsp;<\/p>\n\n\n\n<p>Resignarse ante la situaci\u00f3n de vivienda en M\u00e9xico no ayudar\u00e1 a que exista el cambio, peque\u00f1os pasos como conocer la situaci\u00f3n y pol\u00edticas que aporten a la soluci\u00f3n son tan importantes como los movimientos sociales. Lo importante es seguir movi\u00e9ndose.&nbsp;<br><\/p>\n\n\n\n<p><strong>FUENTES:<\/strong><\/p>\n\n\n\n<p>S\u00e1nchez, S. y Mej\u00eda, G. (2025). <em>Desigualdad y Vivienda. <\/em>Centro Mexicano de Estudios Econ\u00f3micos y Sociales. <a href=\"https:\/\/cemees.org\/2025\/01\/07\/desigualdad-y-vivienda\/#:~:text=La%20desigualdad%20de%20la%20vivienda,es%20en%20la%20polarizaci%C3%B3n%20residencial\">https:\/\/cemees.org\/2025\/01\/07\/desigualdad-y-vivienda\/#:~:text=La%20desigualdad%20de%20la%20vivienda,es%20en%20la%20polarizaci%C3%B3n%20residencial<\/a>.&nbsp;<\/p>\n\n\n\n<p>Jaramillo-Molina. (2023). <em>Vivienda para todxs &#8211; GDL. <\/em>Universidad de Guadalajara. <a href=\"https:\/\/www.researchgate.net\/publication\/380266643_Vivienda_para_todxs_-_GDL\">https:\/\/www.researchgate.net\/publication\/380266643_Vivienda_para_todxs_-_GDL<\/a>&nbsp;<\/p>\n\n\n\n<p>Jaramillo. (2025). <em>La crisis de vivienda es nacional. <\/em>El Universal. <a href=\"https:\/\/www.eluniversal.com.mx\/opinion\/maximo-jaramillo\/la-crisis-de-vivienda-es-nacional\/\">https:\/\/www.eluniversal.com.mx\/opinion\/maximo-jaramillo\/la-crisis-de-vivienda-es-nacional\/<\/a><\/p>\n\n\n\n<p>REDES DE INDESIG Y GATITOS CONTRA LA DESIGUALDAD<\/p>\n\n\n\n<p>INSTA:&nbsp;<\/p>\n\n\n\n<p><a href=\"https:\/\/www.instagram.com\/gatitoscontraladesigualdad\">https:\/\/www.instagram.com\/gatitoscontraladesigualdad<\/a><\/p>\n\n\n\n<p><a href=\"https:\/\/www.instagram.com\/indesigorg\">https:\/\/www.instagram.com\/indesigorg<\/a><\/p>\n\n\n\n<p>\ud83c\udfe0 <strong>\u00bfPor qu\u00e9 es tan dif\u00edcil acceder a una vivienda digna en M\u00e9xico?<\/strong><\/p>\n\n\n\n<p>La crisis de vivienda no es solo una cuesti\u00f3n de precios elevados; es una cadena compleja de desigualdad, especulaci\u00f3n, desplazamiento y pol\u00edticas fallidas.<\/p>\n\n\n\n<p>Mientras los sueldos bajan y los precios suben, miles se ven obligados a renunciar al sue\u00f1o de tener un hogar propio. Pero, \u00bfy si te dij\u00e9ramos que a\u00fan hay caminos posibles?<\/p>\n","protected":false},"excerpt":{"rendered":"<p>El concepto de desigualdad social es parte de nuestro vocabulario como mexicanos, es algo con lo que vivimos cercanamente y observamos todos los d\u00edas. Dentro de ella existe aquella llamada desigualdad de vivienda, que nos lleva a entender la actual crisis de vivienda y las preocupaciones actuales que surgen a partir de las consecuencias de esta.&nbsp; \u00bfQu\u00e9 es la desigualdad de vivienda? La desigualdad de vivienda \u201cse refiere a la distribuci\u00f3n desigual de las condiciones adecuadas que una familia necesita [&hellip;]<\/p>\n","protected":false},"author":1,"featured_media":10249,"comment_status":"open","ping_status":"open","sticky":false,"template":"","format":"standard","meta":{"footnotes":""},"categories":[49],"tags":[386,378,380,384,377,389,383,382,388,387,379,385,381],"class_list":["post-10247","post","type-post","status-publish","format-standard","has-post-thumbnail","hentry","category-arquitectura","tag-acceso-a-la-vivienda","tag-crisis-de-vivienda","tag-desigualdad-habitacional","tag-economia-urbana","tag-especulacion-inmobiliaria","tag-gatitos-contra-la-desigualdad","tag-gentrificacion","tag-jovenes-y-vivienda","tag-politicas-de-vivienda","tag-red-nacional-por-la-vivienda","tag-renta-corta","tag-vivienda-digna","tag-vivienda-en-mexico"],"yoast_head":"<!-- This site is optimized with the Yoast SEO plugin v27.0 - https:\/\/yoast.com\/product\/yoast-seo-wordpress\/ -->\n<title>Crisis de Vivienda | Su origen, causas y la b\u00fasqueda de soluciones | Grid Magazine<\/title>\n<meta name=\"description\" content=\"Conoce las causas y consecuencias de la crisis de vivienda en M\u00e9xico y las acciones que podr\u00edan cambiar el panorama.\" \/>\n<meta name=\"robots\" content=\"index, follow, max-snippet:-1, max-image-preview:large, max-video-preview:-1\" \/>\n<link rel=\"canonical\" href=\"https:\/\/www.gridmag.com.mx\/index.php\/2025\/07\/21\/crisis-de-vivienda-su-origen-causas-y-la-busqueda-de-soluciones\/\" \/>\n<meta property=\"og:locale\" content=\"es_MX\" \/>\n<meta property=\"og:type\" content=\"article\" \/>\n<meta property=\"og:title\" content=\"Crisis de Vivienda | Su origen, causas y la b\u00fasqueda de soluciones | Grid Magazine\" \/>\n<meta property=\"og:description\" content=\"Conoce las causas y consecuencias de la crisis de vivienda en M\u00e9xico y las acciones que podr\u00edan cambiar el panorama.\" \/>\n<meta property=\"og:url\" content=\"https:\/\/www.gridmag.com.mx\/index.php\/2025\/07\/21\/crisis-de-vivienda-su-origen-causas-y-la-busqueda-de-soluciones\/\" \/>\n<meta property=\"og:site_name\" content=\"Grid Magazine\" \/>\n<meta property=\"article:publisher\" content=\"https:\/\/www.facebook.com\/gridmagazine.mx\" \/>\n<meta property=\"article:published_time\" content=\"2025-07-21T16:04:47+00:00\" \/>\n<meta property=\"article:modified_time\" content=\"2025-07-21T16:04:50+00:00\" \/>\n<meta property=\"og:image\" content=\"https:\/\/www.gridmag.com.mx\/wp-content\/uploads\/2025\/07\/piotr-chrobot-6oUsyeYXgTg-unsplash.jpg\" \/>\n\t<meta property=\"og:image:width\" content=\"1899\" \/>\n\t<meta property=\"og:image:height\" content=\"1069\" \/>\n\t<meta property=\"og:image:type\" content=\"image\/jpeg\" \/>\n<meta name=\"author\" content=\"Grid Magazine\" \/>\n<meta name=\"twitter:card\" content=\"summary_large_image\" \/>\n<meta name=\"twitter:label1\" content=\"Escrito por\" \/>\n\t<meta name=\"twitter:data1\" content=\"Grid Magazine\" \/>\n\t<meta name=\"twitter:label2\" content=\"Tiempo de lectura\" \/>\n\t<meta name=\"twitter:data2\" content=\"6 minutos\" \/>\n<script type=\"application\/ld+json\" class=\"yoast-schema-graph\">{\"@context\":\"https:\/\/schema.org\",\"@graph\":[{\"@type\":\"Article\",\"@id\":\"https:\/\/www.gridmag.com.mx\/index.php\/2025\/07\/21\/crisis-de-vivienda-su-origen-causas-y-la-busqueda-de-soluciones\/#article\",\"isPartOf\":{\"@id\":\"https:\/\/www.gridmag.com.mx\/index.php\/2025\/07\/21\/crisis-de-vivienda-su-origen-causas-y-la-busqueda-de-soluciones\/\"},\"author\":{\"name\":\"Grid Magazine\",\"@id\":\"https:\/\/www.gridmag.com.mx\/#\/schema\/person\/d54cddc75e2ecfe4a55e39c0336ae932\"},\"headline\":\"Crisis de Vivienda | Su origen, causas y la b\u00fasqueda de soluciones\",\"datePublished\":\"2025-07-21T16:04:47+00:00\",\"dateModified\":\"2025-07-21T16:04:50+00:00\",\"mainEntityOfPage\":{\"@id\":\"https:\/\/www.gridmag.com.mx\/index.php\/2025\/07\/21\/crisis-de-vivienda-su-origen-causas-y-la-busqueda-de-soluciones\/\"},\"wordCount\":1070,\"commentCount\":0,\"publisher\":{\"@id\":\"https:\/\/www.gridmag.com.mx\/#organization\"},\"image\":{\"@id\":\"https:\/\/www.gridmag.com.mx\/index.php\/2025\/07\/21\/crisis-de-vivienda-su-origen-causas-y-la-busqueda-de-soluciones\/#primaryimage\"},\"thumbnailUrl\":\"https:\/\/www.gridmag.com.mx\/wp-content\/uploads\/2025\/07\/piotr-chrobot-6oUsyeYXgTg-unsplash.jpg\",\"keywords\":[\"acceso a la vivienda\",\"crisis de vivienda\",\"desigualdad habitacional\",\"econom\u00eda urbana\",\"especulaci\u00f3n inmobiliaria\",\"Gatitos contra la Desigualdad\",\"gentrificaci\u00f3n\",\"j\u00f3venes y vivienda\",\"pol\u00edticas de vivienda\",\"Red Nacional por la Vivienda\",\"renta corta\",\"vivienda digna\",\"vivienda en M\u00e9xico\"],\"articleSection\":[\"Arquitectura\"],\"inLanguage\":\"es\",\"potentialAction\":[{\"@type\":\"CommentAction\",\"name\":\"Comment\",\"target\":[\"https:\/\/www.gridmag.com.mx\/index.php\/2025\/07\/21\/crisis-de-vivienda-su-origen-causas-y-la-busqueda-de-soluciones\/#respond\"]}]},{\"@type\":\"WebPage\",\"@id\":\"https:\/\/www.gridmag.com.mx\/index.php\/2025\/07\/21\/crisis-de-vivienda-su-origen-causas-y-la-busqueda-de-soluciones\/\",\"url\":\"https:\/\/www.gridmag.com.mx\/index.php\/2025\/07\/21\/crisis-de-vivienda-su-origen-causas-y-la-busqueda-de-soluciones\/\",\"name\":\"Crisis de Vivienda | Su origen, causas y la b\u00fasqueda de soluciones | Grid Magazine\",\"isPartOf\":{\"@id\":\"https:\/\/www.gridmag.com.mx\/#website\"},\"primaryImageOfPage\":{\"@id\":\"https:\/\/www.gridmag.com.mx\/index.php\/2025\/07\/21\/crisis-de-vivienda-su-origen-causas-y-la-busqueda-de-soluciones\/#primaryimage\"},\"image\":{\"@id\":\"https:\/\/www.gridmag.com.mx\/index.php\/2025\/07\/21\/crisis-de-vivienda-su-origen-causas-y-la-busqueda-de-soluciones\/#primaryimage\"},\"thumbnailUrl\":\"https:\/\/www.gridmag.com.mx\/wp-content\/uploads\/2025\/07\/piotr-chrobot-6oUsyeYXgTg-unsplash.jpg\",\"datePublished\":\"2025-07-21T16:04:47+00:00\",\"dateModified\":\"2025-07-21T16:04:50+00:00\",\"description\":\"Conoce las causas y consecuencias de la crisis de vivienda en M\u00e9xico y las acciones que podr\u00edan cambiar el panorama.\",\"breadcrumb\":{\"@id\":\"https:\/\/www.gridmag.com.mx\/index.php\/2025\/07\/21\/crisis-de-vivienda-su-origen-causas-y-la-busqueda-de-soluciones\/#breadcrumb\"},\"inLanguage\":\"es\",\"potentialAction\":[{\"@type\":\"ReadAction\",\"target\":[\"https:\/\/www.gridmag.com.mx\/index.php\/2025\/07\/21\/crisis-de-vivienda-su-origen-causas-y-la-busqueda-de-soluciones\/\"]}]},{\"@type\":\"ImageObject\",\"inLanguage\":\"es\",\"@id\":\"https:\/\/www.gridmag.com.mx\/index.php\/2025\/07\/21\/crisis-de-vivienda-su-origen-causas-y-la-busqueda-de-soluciones\/#primaryimage\",\"url\":\"https:\/\/www.gridmag.com.mx\/wp-content\/uploads\/2025\/07\/piotr-chrobot-6oUsyeYXgTg-unsplash.jpg\",\"contentUrl\":\"https:\/\/www.gridmag.com.mx\/wp-content\/uploads\/2025\/07\/piotr-chrobot-6oUsyeYXgTg-unsplash.jpg\",\"width\":1899,\"height\":1069},{\"@type\":\"BreadcrumbList\",\"@id\":\"https:\/\/www.gridmag.com.mx\/index.php\/2025\/07\/21\/crisis-de-vivienda-su-origen-causas-y-la-busqueda-de-soluciones\/#breadcrumb\",\"itemListElement\":[{\"@type\":\"ListItem\",\"position\":1,\"name\":\"Inicio\",\"item\":\"https:\/\/www.gridmag.com.mx\/\"},{\"@type\":\"ListItem\",\"position\":2,\"name\":\"Crisis de Vivienda | Su origen, causas y la b\u00fasqueda de soluciones\"}]},{\"@type\":\"WebSite\",\"@id\":\"https:\/\/www.gridmag.com.mx\/#website\",\"url\":\"https:\/\/www.gridmag.com.mx\/\",\"name\":\"Grid Magazine\",\"description\":\"Compartiendo lo mejor de la arquitectura y dise\u00f1o mexicano.\",\"publisher\":{\"@id\":\"https:\/\/www.gridmag.com.mx\/#organization\"},\"potentialAction\":[{\"@type\":\"SearchAction\",\"target\":{\"@type\":\"EntryPoint\",\"urlTemplate\":\"https:\/\/www.gridmag.com.mx\/?s={search_term_string}\"},\"query-input\":{\"@type\":\"PropertyValueSpecification\",\"valueRequired\":true,\"valueName\":\"search_term_string\"}}],\"inLanguage\":\"es\"},{\"@type\":\"Organization\",\"@id\":\"https:\/\/www.gridmag.com.mx\/#organization\",\"name\":\"Grid Magazine\",\"url\":\"https:\/\/www.gridmag.com.mx\/\",\"logo\":{\"@type\":\"ImageObject\",\"inLanguage\":\"es\",\"@id\":\"https:\/\/www.gridmag.com.mx\/#\/schema\/logo\/image\/\",\"url\":\"\",\"contentUrl\":\"\",\"caption\":\"Grid Magazine\"},\"image\":{\"@id\":\"https:\/\/www.gridmag.com.mx\/#\/schema\/logo\/image\/\"},\"sameAs\":[\"https:\/\/www.facebook.com\/gridmagazine.mx\",\"https:\/\/www.instagram.com\/gridmagazine_mx\/\",\"https:\/\/www.tiktok.com\/@gridmagazine.mx?_t=8gl2kVR2Aq6&_r=1\",\"https:\/\/www.linkedin.com\/company\/grid-magazine-mx\/\"]},{\"@type\":\"Person\",\"@id\":\"https:\/\/www.gridmag.com.mx\/#\/schema\/person\/d54cddc75e2ecfe4a55e39c0336ae932\",\"name\":\"Grid Magazine\",\"image\":{\"@type\":\"ImageObject\",\"inLanguage\":\"es\",\"@id\":\"https:\/\/www.gridmag.com.mx\/#\/schema\/person\/image\/\",\"url\":\"https:\/\/secure.gravatar.com\/avatar\/8e4bd50943002dd6ee9db30e5af749244f3e21206a99c4fb42429117eaacfc83?s=96&d=mm&r=g\",\"contentUrl\":\"https:\/\/secure.gravatar.com\/avatar\/8e4bd50943002dd6ee9db30e5af749244f3e21206a99c4fb42429117eaacfc83?s=96&d=mm&r=g\",\"caption\":\"Grid Magazine\"},\"sameAs\":[\"https:\/\/www.gridmag.com.mx\"],\"url\":\"https:\/\/www.gridmag.com.mx\/index.php\/author\/grid-magazine-arq\/\"}]}<\/script>\n<!-- \/ Yoast SEO plugin. -->","yoast_head_json":{"title":"Crisis de Vivienda | Su origen, causas y la b\u00fasqueda de soluciones | Grid Magazine","description":"Conoce las causas y consecuencias de la crisis de vivienda en M\u00e9xico y las acciones que podr\u00edan cambiar el panorama.","robots":{"index":"index","follow":"follow","max-snippet":"max-snippet:-1","max-image-preview":"max-image-preview:large","max-video-preview":"max-video-preview:-1"},"canonical":"https:\/\/www.gridmag.com.mx\/index.php\/2025\/07\/21\/crisis-de-vivienda-su-origen-causas-y-la-busqueda-de-soluciones\/","og_locale":"es_MX","og_type":"article","og_title":"Crisis de Vivienda | Su origen, causas y la b\u00fasqueda de soluciones | Grid Magazine","og_description":"Conoce las causas y consecuencias de la crisis de vivienda en M\u00e9xico y las acciones que podr\u00edan cambiar el panorama.","og_url":"https:\/\/www.gridmag.com.mx\/index.php\/2025\/07\/21\/crisis-de-vivienda-su-origen-causas-y-la-busqueda-de-soluciones\/","og_site_name":"Grid Magazine","article_publisher":"https:\/\/www.facebook.com\/gridmagazine.mx","article_published_time":"2025-07-21T16:04:47+00:00","article_modified_time":"2025-07-21T16:04:50+00:00","og_image":[{"width":1899,"height":1069,"url":"https:\/\/www.gridmag.com.mx\/wp-content\/uploads\/2025\/07\/piotr-chrobot-6oUsyeYXgTg-unsplash.jpg","type":"image\/jpeg"}],"author":"Grid Magazine","twitter_card":"summary_large_image","twitter_misc":{"Escrito por":"Grid Magazine","Tiempo de lectura":"6 minutos"},"schema":{"@context":"https:\/\/schema.org","@graph":[{"@type":"Article","@id":"https:\/\/www.gridmag.com.mx\/index.php\/2025\/07\/21\/crisis-de-vivienda-su-origen-causas-y-la-busqueda-de-soluciones\/#article","isPartOf":{"@id":"https:\/\/www.gridmag.com.mx\/index.php\/2025\/07\/21\/crisis-de-vivienda-su-origen-causas-y-la-busqueda-de-soluciones\/"},"author":{"name":"Grid Magazine","@id":"https:\/\/www.gridmag.com.mx\/#\/schema\/person\/d54cddc75e2ecfe4a55e39c0336ae932"},"headline":"Crisis de Vivienda | Su origen, causas y la b\u00fasqueda de soluciones","datePublished":"2025-07-21T16:04:47+00:00","dateModified":"2025-07-21T16:04:50+00:00","mainEntityOfPage":{"@id":"https:\/\/www.gridmag.com.mx\/index.php\/2025\/07\/21\/crisis-de-vivienda-su-origen-causas-y-la-busqueda-de-soluciones\/"},"wordCount":1070,"commentCount":0,"publisher":{"@id":"https:\/\/www.gridmag.com.mx\/#organization"},"image":{"@id":"https:\/\/www.gridmag.com.mx\/index.php\/2025\/07\/21\/crisis-de-vivienda-su-origen-causas-y-la-busqueda-de-soluciones\/#primaryimage"},"thumbnailUrl":"https:\/\/www.gridmag.com.mx\/wp-content\/uploads\/2025\/07\/piotr-chrobot-6oUsyeYXgTg-unsplash.jpg","keywords":["acceso a la vivienda","crisis de vivienda","desigualdad habitacional","econom\u00eda urbana","especulaci\u00f3n inmobiliaria","Gatitos contra la Desigualdad","gentrificaci\u00f3n","j\u00f3venes y vivienda","pol\u00edticas de vivienda","Red Nacional por la Vivienda","renta corta","vivienda digna","vivienda en M\u00e9xico"],"articleSection":["Arquitectura"],"inLanguage":"es","potentialAction":[{"@type":"CommentAction","name":"Comment","target":["https:\/\/www.gridmag.com.mx\/index.php\/2025\/07\/21\/crisis-de-vivienda-su-origen-causas-y-la-busqueda-de-soluciones\/#respond"]}]},{"@type":"WebPage","@id":"https:\/\/www.gridmag.com.mx\/index.php\/2025\/07\/21\/crisis-de-vivienda-su-origen-causas-y-la-busqueda-de-soluciones\/","url":"https:\/\/www.gridmag.com.mx\/index.php\/2025\/07\/21\/crisis-de-vivienda-su-origen-causas-y-la-busqueda-de-soluciones\/","name":"Crisis de Vivienda | Su origen, causas y la b\u00fasqueda de soluciones | Grid Magazine","isPartOf":{"@id":"https:\/\/www.gridmag.com.mx\/#website"},"primaryImageOfPage":{"@id":"https:\/\/www.gridmag.com.mx\/index.php\/2025\/07\/21\/crisis-de-vivienda-su-origen-causas-y-la-busqueda-de-soluciones\/#primaryimage"},"image":{"@id":"https:\/\/www.gridmag.com.mx\/index.php\/2025\/07\/21\/crisis-de-vivienda-su-origen-causas-y-la-busqueda-de-soluciones\/#primaryimage"},"thumbnailUrl":"https:\/\/www.gridmag.com.mx\/wp-content\/uploads\/2025\/07\/piotr-chrobot-6oUsyeYXgTg-unsplash.jpg","datePublished":"2025-07-21T16:04:47+00:00","dateModified":"2025-07-21T16:04:50+00:00","description":"Conoce las causas y consecuencias de la crisis de vivienda en M\u00e9xico y las acciones que podr\u00edan cambiar el panorama.","breadcrumb":{"@id":"https:\/\/www.gridmag.com.mx\/index.php\/2025\/07\/21\/crisis-de-vivienda-su-origen-causas-y-la-busqueda-de-soluciones\/#breadcrumb"},"inLanguage":"es","potentialAction":[{"@type":"ReadAction","target":["https:\/\/www.gridmag.com.mx\/index.php\/2025\/07\/21\/crisis-de-vivienda-su-origen-causas-y-la-busqueda-de-soluciones\/"]}]},{"@type":"ImageObject","inLanguage":"es","@id":"https:\/\/www.gridmag.com.mx\/index.php\/2025\/07\/21\/crisis-de-vivienda-su-origen-causas-y-la-busqueda-de-soluciones\/#primaryimage","url":"https:\/\/www.gridmag.com.mx\/wp-content\/uploads\/2025\/07\/piotr-chrobot-6oUsyeYXgTg-unsplash.jpg","contentUrl":"https:\/\/www.gridmag.com.mx\/wp-content\/uploads\/2025\/07\/piotr-chrobot-6oUsyeYXgTg-unsplash.jpg","width":1899,"height":1069},{"@type":"BreadcrumbList","@id":"https:\/\/www.gridmag.com.mx\/index.php\/2025\/07\/21\/crisis-de-vivienda-su-origen-causas-y-la-busqueda-de-soluciones\/#breadcrumb","itemListElement":[{"@type":"ListItem","position":1,"name":"Inicio","item":"https:\/\/www.gridmag.com.mx\/"},{"@type":"ListItem","position":2,"name":"Crisis de Vivienda | Su origen, causas y la b\u00fasqueda de soluciones"}]},{"@type":"WebSite","@id":"https:\/\/www.gridmag.com.mx\/#website","url":"https:\/\/www.gridmag.com.mx\/","name":"Grid Magazine","description":"Compartiendo lo mejor de la arquitectura y dise\u00f1o mexicano.","publisher":{"@id":"https:\/\/www.gridmag.com.mx\/#organization"},"potentialAction":[{"@type":"SearchAction","target":{"@type":"EntryPoint","urlTemplate":"https:\/\/www.gridmag.com.mx\/?s={search_term_string}"},"query-input":{"@type":"PropertyValueSpecification","valueRequired":true,"valueName":"search_term_string"}}],"inLanguage":"es"},{"@type":"Organization","@id":"https:\/\/www.gridmag.com.mx\/#organization","name":"Grid Magazine","url":"https:\/\/www.gridmag.com.mx\/","logo":{"@type":"ImageObject","inLanguage":"es","@id":"https:\/\/www.gridmag.com.mx\/#\/schema\/logo\/image\/","url":"","contentUrl":"","caption":"Grid Magazine"},"image":{"@id":"https:\/\/www.gridmag.com.mx\/#\/schema\/logo\/image\/"},"sameAs":["https:\/\/www.facebook.com\/gridmagazine.mx","https:\/\/www.instagram.com\/gridmagazine_mx\/","https:\/\/www.tiktok.com\/@gridmagazine.mx?_t=8gl2kVR2Aq6&_r=1","https:\/\/www.linkedin.com\/company\/grid-magazine-mx\/"]},{"@type":"Person","@id":"https:\/\/www.gridmag.com.mx\/#\/schema\/person\/d54cddc75e2ecfe4a55e39c0336ae932","name":"Grid Magazine","image":{"@type":"ImageObject","inLanguage":"es","@id":"https:\/\/www.gridmag.com.mx\/#\/schema\/person\/image\/","url":"https:\/\/secure.gravatar.com\/avatar\/8e4bd50943002dd6ee9db30e5af749244f3e21206a99c4fb42429117eaacfc83?s=96&d=mm&r=g","contentUrl":"https:\/\/secure.gravatar.com\/avatar\/8e4bd50943002dd6ee9db30e5af749244f3e21206a99c4fb42429117eaacfc83?s=96&d=mm&r=g","caption":"Grid Magazine"},"sameAs":["https:\/\/www.gridmag.com.mx"],"url":"https:\/\/www.gridmag.com.mx\/index.php\/author\/grid-magazine-arq\/"}]}},"_links":{"self":[{"href":"https:\/\/www.gridmag.com.mx\/index.php\/wp-json\/wp\/v2\/posts\/10247","targetHints":{"allow":["GET"]}}],"collection":[{"href":"https:\/\/www.gridmag.com.mx\/index.php\/wp-json\/wp\/v2\/posts"}],"about":[{"href":"https:\/\/www.gridmag.com.mx\/index.php\/wp-json\/wp\/v2\/types\/post"}],"author":[{"embeddable":true,"href":"https:\/\/www.gridmag.com.mx\/index.php\/wp-json\/wp\/v2\/users\/1"}],"replies":[{"embeddable":true,"href":"https:\/\/www.gridmag.com.mx\/index.php\/wp-json\/wp\/v2\/comments?post=10247"}],"version-history":[{"count":3,"href":"https:\/\/www.gridmag.com.mx\/index.php\/wp-json\/wp\/v2\/posts\/10247\/revisions"}],"predecessor-version":[{"id":10254,"href":"https:\/\/www.gridmag.com.mx\/index.php\/wp-json\/wp\/v2\/posts\/10247\/revisions\/10254"}],"wp:featuredmedia":[{"embeddable":true,"href":"https:\/\/www.gridmag.com.mx\/index.php\/wp-json\/wp\/v2\/media\/10249"}],"wp:attachment":[{"href":"https:\/\/www.gridmag.com.mx\/index.php\/wp-json\/wp\/v2\/media?parent=10247"}],"wp:term":[{"taxonomy":"category","embeddable":true,"href":"https:\/\/www.gridmag.com.mx\/index.php\/wp-json\/wp\/v2\/categories?post=10247"},{"taxonomy":"post_tag","embeddable":true,"href":"https:\/\/www.gridmag.com.mx\/index.php\/wp-json\/wp\/v2\/tags?post=10247"}],"curies":[{"name":"wp","href":"https:\/\/api.w.org\/{rel}","templated":true}]}}