{"id":10281,"date":"2025-07-25T12:45:49","date_gmt":"2025-07-25T18:45:49","guid":{"rendered":"https:\/\/www.gridmag.com.mx\/?p=10281"},"modified":"2025-07-25T12:45:51","modified_gmt":"2025-07-25T18:45:51","slug":"bad-bunny-rinde-homenaje-a-puerto-rico-en-su-show","status":"publish","type":"post","link":"https:\/\/www.gridmag.com.mx\/index.php\/2025\/07\/25\/bad-bunny-rinde-homenaje-a-puerto-rico-en-su-show\/","title":{"rendered":"Bad Bunny rinde homenaje a Puerto Rico en su show"},"content":{"rendered":"\n\n\n<p>El espect\u00e1culo \u201c<strong>No Me Quiero Ir de Aqu\u00ed<\/strong>\u201d, la nueva gira de <strong>Bad Bunny<\/strong>, no solo es un concierto: es una declaraci\u00f3n esc\u00e9nica. En esta propuesta multidisciplinaria, el artista puertorrique\u00f1o lleva al p\u00fablico por un viaje sensorial y emocional que combina m\u00fasica, performance y tecnolog\u00eda, rindiendo homenaje a su tierra natal desde cada \u00e1ngulo.<\/p>\n\n\n\n<h3 class=\"wp-block-heading\">Un escenario que canta a Puerto Rico<\/h3>\n\n\n\n<p>El dise\u00f1o escenogr\u00e1fico, desarrollado por un equipo de talentos liderado por <strong>Gabriela Escalera<\/strong>, <strong>Mayna Magruder<\/strong>, <strong>M\u00f3nica Monserrate<\/strong>, <strong>Natalia Rosa<\/strong>, <strong>Rafi P\u00e9rez<\/strong> y el productor ejecutivo <strong>Sigfredo Bellaflores<\/strong> de <strong>A1 Productions<\/strong>, se convierte en protagonista desde el primer momento.<\/p>\n\n\n\n<p>Inspirado en el <strong>paisaje monta\u00f1oso del campo puertorrique\u00f1o<\/strong>, el escenario principal evoca la exuberancia natural de la isla con elementos como <strong>\u00e1rboles de pl\u00e1tano<\/strong>, <strong>flamboyanes<\/strong> y <strong>sillas de jard\u00edn de pl\u00e1stico<\/strong>, s\u00edmbolos profundamente arraigados en la cultura popular del Caribe.<\/p>\n\n\n\n<p>La instalaci\u00f3n incluye un <strong>segundo escenario<\/strong> que simula una <strong>casa puertorrique\u00f1a tradicional<\/strong>, como la que aparece en el cortometraje de lanzamiento del \u00e1lbum. Esta arquitectura esc\u00e9nica conecta visualmente con la nostalgia y el orgullo que atraviesan el show.<\/p>\n\n\n\n<figure class=\"wp-block-image size-large\"><img decoding=\"async\" width=\"1024\" height=\"678\" src=\"https:\/\/www.gridmag.com.mx\/wp-content\/uploads\/2025\/07\/unnamed-2-1024x678.jpg\" alt=\"Bad Bunny\" class=\"wp-image-10283\" srcset=\"https:\/\/www.gridmag.com.mx\/wp-content\/uploads\/2025\/07\/unnamed-2-1024x678.jpg 1024w, https:\/\/www.gridmag.com.mx\/wp-content\/uploads\/2025\/07\/unnamed-2-300x199.jpg 300w, https:\/\/www.gridmag.com.mx\/wp-content\/uploads\/2025\/07\/unnamed-2-768x508.jpg 768w, https:\/\/www.gridmag.com.mx\/wp-content\/uploads\/2025\/07\/unnamed-2-770x510.jpg 770w, https:\/\/www.gridmag.com.mx\/wp-content\/uploads\/2025\/07\/unnamed-2.jpg 1206w\" sizes=\"(max-width: 1024px) 100vw, 1024px\" \/><\/figure>\n\n\n\n<h3 class=\"wp-block-heading\">Tecnolog\u00eda inmersiva: color, historia y movimiento<\/h3>\n\n\n\n<p>Uno de los recursos visuales m\u00e1s impactantes del show es la <strong>pantalla LED monumental que cubre parte del techo<\/strong>, envolviendo a los asistentes en una experiencia audiovisual de 360\u00b0. Este recurso transforma el espacio en un <strong>lienzo vivo<\/strong> donde se proyectan desde paisajes tropicales hasta efectos gr\u00e1ficos en movimiento, acentuados con <strong>pirotecnia din\u00e1mica<\/strong> que sincroniza cada beat con luces y explosiones visuales.<\/p>\n\n\n\n<p>Cada acto del concierto est\u00e1 separado por <strong>cortometrajes y transiciones narrativas<\/strong> protagonizadas por el actor <strong>Jacobo Morales<\/strong> y <strong>Concho<\/strong>, un personaje de stop-motion animado por <strong>Kike Rivera (Acho Studios)<\/strong>. La narrativa fue escrita por <strong>Bad Bunny<\/strong> y dirigida por <strong>Ari Maniel Cruz<\/strong>, conectando visualmente las transiciones con los conceptos emocionales y tem\u00e1ticos del espect\u00e1culo.<\/p>\n\n\n\n<figure class=\"wp-block-image size-large\"><img decoding=\"async\" width=\"1024\" height=\"670\" src=\"https:\/\/www.gridmag.com.mx\/wp-content\/uploads\/2025\/07\/unnamed-3-1024x670.jpg\" alt=\"Bad Bunny\" class=\"wp-image-10284\" srcset=\"https:\/\/www.gridmag.com.mx\/wp-content\/uploads\/2025\/07\/unnamed-3-1024x670.jpg 1024w, https:\/\/www.gridmag.com.mx\/wp-content\/uploads\/2025\/07\/unnamed-3-300x196.jpg 300w, https:\/\/www.gridmag.com.mx\/wp-content\/uploads\/2025\/07\/unnamed-3-768x502.jpg 768w, https:\/\/www.gridmag.com.mx\/wp-content\/uploads\/2025\/07\/unnamed-3-770x504.jpg 770w, https:\/\/www.gridmag.com.mx\/wp-content\/uploads\/2025\/07\/unnamed-3.jpg 1206w\" sizes=\"(max-width: 1024px) 100vw, 1024px\" \/><\/figure>\n\n\n\n<h3 class=\"wp-block-heading\">Cinco actos, cinco atm\u00f3sferas<\/h3>\n\n\n\n<p>El concierto est\u00e1 dividido en cinco segmentos, cada uno con su propia <strong>atm\u00f3sfera est\u00e9tica y esc\u00e9nica<\/strong>. Entre ellos, destacan:<\/p>\n\n\n\n<ul class=\"wp-block-list\">\n<li>Un acto de <strong>salsa cinematogr\u00e1fica<\/strong>, con visuales dirigidos por el ganador del GRAMMY\u00ae <strong>Kacho L\u00f3pez<\/strong>, escritos por <strong>Hermes Ayala<\/strong> y narrados por <strong>N\u00e9stor Gal\u00e1n &#8220;El B\u00faho Loco&#8221;<\/strong>, que prepara el terreno para una versi\u00f3n salsa de <em>Callaita<\/em> y otras canciones como <em>Baile Inolvidable<\/em>.<br><\/li>\n\n\n\n<li>Un segmento dedicado al <strong>reggaet\u00f3n<\/strong>, donde Bad Bunny rinde homenaje a los pioneros del g\u00e9nero en Puerto Rico, rodeado de luces intensas, fuego y una puesta en escena vibrante al ritmo de temas como <em>Voy a Llevarte Pa PR<\/em>, <em>EoO<\/em> y <em>Safaera<\/em>.<br><\/li>\n\n\n\n<li>Momentos m\u00e1s \u00edntimos donde el escenario se \u201cdesnuda\u201d visualmente para permitir que la emoci\u00f3n y la nostalgia hablen por s\u00ed solas, especialmente al interpretar temas como <em>La Mudanza<\/em> o el cl\u00e1sico <em>Lo Que Le Pas\u00f3 a Hawaii<\/em> junto a <strong>Pedro Cap\u00f3<\/strong>.<br><\/li>\n<\/ul>\n\n\n\n<figure class=\"wp-block-image size-large\"><img decoding=\"async\" width=\"1024\" height=\"672\" src=\"https:\/\/www.gridmag.com.mx\/wp-content\/uploads\/2025\/07\/unnamed-1024x672.jpg\" alt=\"\" class=\"wp-image-10285\" srcset=\"https:\/\/www.gridmag.com.mx\/wp-content\/uploads\/2025\/07\/unnamed-1024x672.jpg 1024w, https:\/\/www.gridmag.com.mx\/wp-content\/uploads\/2025\/07\/unnamed-300x197.jpg 300w, https:\/\/www.gridmag.com.mx\/wp-content\/uploads\/2025\/07\/unnamed-768x504.jpg 768w, https:\/\/www.gridmag.com.mx\/wp-content\/uploads\/2025\/07\/unnamed-770x505.jpg 770w, https:\/\/www.gridmag.com.mx\/wp-content\/uploads\/2025\/07\/unnamed.jpg 1206w\" sizes=\"(max-width: 1024px) 100vw, 1024px\" \/><\/figure>\n\n\n\n<h3 class=\"wp-block-heading\">Un colectivo art\u00edstico en escena<\/h3>\n\n\n\n<p>M\u00e1s de <strong>30 bailarines<\/strong> acompa\u00f1an a Bad Bunny a lo largo del concierto, interpretando coreograf\u00edas que canalizan el <strong>ritmo, alegr\u00eda y resistencia cultural de la isla<\/strong>. Tambi\u00e9n se suman m\u00fasicos locales como <strong>Chuwi<\/strong>, <strong>Los Pleneros de la Cresta<\/strong>, <strong>Los Sobrinos<\/strong>, y solistas como <strong>Jos\u00e9 Eduardo<\/strong> (cuatro), <strong>Antonio Caraballo<\/strong> (guitarra) y <strong>Emanuel Santa<\/strong> (g\u00fciro), consolidando un espect\u00e1culo profundamente arraigado en la tradici\u00f3n musical de Puerto Rico.<\/p>\n\n\n\n<h3 class=\"wp-block-heading\">Un show que mezcla lo popular con lo po\u00e9tico<\/h3>\n\n\n\n<p>\u201cNo Me Quiero Ir de Aqu\u00ed\u201d es una s\u00edntesis de todo lo que representa Bad Bunny hoy: un artista global con los pies firmemente plantados en su tierra. Cada visual, cada objeto del escenario, cada transici\u00f3n y cada canci\u00f3n est\u00e1 cuidadosamente dise\u00f1ada para <strong>honrar la cultura puertorrique\u00f1a<\/strong> mientras explora nuevas posibilidades de la producci\u00f3n esc\u00e9nica a gran escala.El resultado es un concierto que no solo se escucha, <strong>se vive<\/strong>, se siente y se recuerda como una celebraci\u00f3n masiva de la identidad y del poder de la m\u00fasica como herramienta de conexi\u00f3n cultural.<\/p>\n","protected":false},"excerpt":{"rendered":"<p>El espect\u00e1culo \u201cNo Me Quiero Ir de Aqu\u00ed\u201d, la nueva gira de Bad Bunny, no solo es un concierto: es una declaraci\u00f3n esc\u00e9nica. En esta propuesta multidisciplinaria, el artista puertorrique\u00f1o lleva al p\u00fablico por un viaje sensorial y emocional que combina m\u00fasica, performance y tecnolog\u00eda, rindiendo homenaje a su tierra natal desde cada \u00e1ngulo. Un escenario que canta a Puerto Rico El dise\u00f1o escenogr\u00e1fico, desarrollado por un equipo de talentos liderado por Gabriela Escalera, Mayna Magruder, M\u00f3nica Monserrate, Natalia Rosa, [&hellip;]<\/p>\n","protected":false},"author":1,"featured_media":10282,"comment_status":"open","ping_status":"open","sticky":false,"template":"","format":"standard","meta":{"footnotes":""},"categories":[53],"tags":[440,430,434,435,433,438,436,432,429,437,431,439],"class_list":["post-10281","post","type-post","status-publish","format-standard","has-post-thumbnail","hentry","category-arte","tag-arte-y-musica","tag-bad-bunny","tag-concierto-visual","tag-cultura-puertorriquena","tag-escenografia","tag-espectaculo-inmersivo","tag-homenaje-artistico","tag-musica-en-vivo","tag-no-me-quiero-ir-de-aqui","tag-performance","tag-puerto-rico","tag-tecnologia-escenica"],"yoast_head":"<!-- This site is optimized with the Yoast SEO plugin v27.0 - https:\/\/yoast.com\/product\/yoast-seo-wordpress\/ -->\n<title>Bad Bunny rinde homenaje a Puerto Rico en su show | Grid Magazine<\/title>\n<meta name=\"description\" content=\"\u201cNo Me Quiero Ir de Aqu\u00ed\u201d es m\u00e1s que un concierto: es el homenaje visual y sonoro de Bad Bunny a su tierra natal, Puerto Rico.\" \/>\n<meta name=\"robots\" content=\"index, follow, max-snippet:-1, max-image-preview:large, max-video-preview:-1\" \/>\n<link rel=\"canonical\" href=\"https:\/\/www.gridmag.com.mx\/index.php\/2025\/07\/25\/bad-bunny-rinde-homenaje-a-puerto-rico-en-su-show\/\" \/>\n<meta property=\"og:locale\" content=\"es_MX\" \/>\n<meta property=\"og:type\" content=\"article\" \/>\n<meta property=\"og:title\" content=\"Bad Bunny rinde homenaje a Puerto Rico en su show | Grid Magazine\" \/>\n<meta property=\"og:description\" content=\"\u201cNo Me Quiero Ir de Aqu\u00ed\u201d es m\u00e1s que un concierto: es el homenaje visual y sonoro de Bad Bunny a su tierra natal, Puerto Rico.\" \/>\n<meta property=\"og:url\" content=\"https:\/\/www.gridmag.com.mx\/index.php\/2025\/07\/25\/bad-bunny-rinde-homenaje-a-puerto-rico-en-su-show\/\" \/>\n<meta property=\"og:site_name\" content=\"Grid Magazine\" \/>\n<meta property=\"article:publisher\" content=\"https:\/\/www.facebook.com\/gridmagazine.mx\" \/>\n<meta property=\"article:published_time\" content=\"2025-07-25T18:45:49+00:00\" \/>\n<meta property=\"article:modified_time\" content=\"2025-07-25T18:45:51+00:00\" \/>\n<meta property=\"og:image\" content=\"https:\/\/www.gridmag.com.mx\/wp-content\/uploads\/2025\/07\/unnamed-1.jpg\" \/>\n\t<meta property=\"og:image:width\" content=\"1206\" \/>\n\t<meta property=\"og:image:height\" content=\"791\" \/>\n\t<meta property=\"og:image:type\" content=\"image\/jpeg\" \/>\n<meta name=\"author\" content=\"Grid Magazine\" \/>\n<meta name=\"twitter:card\" content=\"summary_large_image\" \/>\n<meta name=\"twitter:label1\" content=\"Escrito por\" \/>\n\t<meta name=\"twitter:data1\" content=\"Grid Magazine\" \/>\n\t<meta name=\"twitter:label2\" content=\"Tiempo de lectura\" \/>\n\t<meta name=\"twitter:data2\" content=\"4 minutos\" \/>\n<script type=\"application\/ld+json\" class=\"yoast-schema-graph\">{\"@context\":\"https:\/\/schema.org\",\"@graph\":[{\"@type\":\"Article\",\"@id\":\"https:\/\/www.gridmag.com.mx\/index.php\/2025\/07\/25\/bad-bunny-rinde-homenaje-a-puerto-rico-en-su-show\/#article\",\"isPartOf\":{\"@id\":\"https:\/\/www.gridmag.com.mx\/index.php\/2025\/07\/25\/bad-bunny-rinde-homenaje-a-puerto-rico-en-su-show\/\"},\"author\":{\"name\":\"Grid Magazine\",\"@id\":\"https:\/\/www.gridmag.com.mx\/#\/schema\/person\/d54cddc75e2ecfe4a55e39c0336ae932\"},\"headline\":\"Bad Bunny rinde homenaje a Puerto Rico en su show\",\"datePublished\":\"2025-07-25T18:45:49+00:00\",\"dateModified\":\"2025-07-25T18:45:51+00:00\",\"mainEntityOfPage\":{\"@id\":\"https:\/\/www.gridmag.com.mx\/index.php\/2025\/07\/25\/bad-bunny-rinde-homenaje-a-puerto-rico-en-su-show\/\"},\"wordCount\":690,\"commentCount\":0,\"publisher\":{\"@id\":\"https:\/\/www.gridmag.com.mx\/#organization\"},\"image\":{\"@id\":\"https:\/\/www.gridmag.com.mx\/index.php\/2025\/07\/25\/bad-bunny-rinde-homenaje-a-puerto-rico-en-su-show\/#primaryimage\"},\"thumbnailUrl\":\"https:\/\/www.gridmag.com.mx\/wp-content\/uploads\/2025\/07\/unnamed-1.jpg\",\"keywords\":[\"arte y m\u00fasica\",\"Bad Bunny\",\"concierto visual\",\"cultura puertorrique\u00f1a\",\"escenograf\u00eda\",\"espect\u00e1culo inmersivo\",\"homenaje art\u00edstico\",\"m\u00fasica en vivo\",\"No Me Quiero Ir de Aqu\u00ed\",\"performance\",\"Puerto Rico\",\"tecnolog\u00eda esc\u00e9nica\"],\"articleSection\":[\"Arte\"],\"inLanguage\":\"es\",\"potentialAction\":[{\"@type\":\"CommentAction\",\"name\":\"Comment\",\"target\":[\"https:\/\/www.gridmag.com.mx\/index.php\/2025\/07\/25\/bad-bunny-rinde-homenaje-a-puerto-rico-en-su-show\/#respond\"]}]},{\"@type\":\"WebPage\",\"@id\":\"https:\/\/www.gridmag.com.mx\/index.php\/2025\/07\/25\/bad-bunny-rinde-homenaje-a-puerto-rico-en-su-show\/\",\"url\":\"https:\/\/www.gridmag.com.mx\/index.php\/2025\/07\/25\/bad-bunny-rinde-homenaje-a-puerto-rico-en-su-show\/\",\"name\":\"Bad Bunny rinde homenaje a Puerto Rico en su show | Grid Magazine\",\"isPartOf\":{\"@id\":\"https:\/\/www.gridmag.com.mx\/#website\"},\"primaryImageOfPage\":{\"@id\":\"https:\/\/www.gridmag.com.mx\/index.php\/2025\/07\/25\/bad-bunny-rinde-homenaje-a-puerto-rico-en-su-show\/#primaryimage\"},\"image\":{\"@id\":\"https:\/\/www.gridmag.com.mx\/index.php\/2025\/07\/25\/bad-bunny-rinde-homenaje-a-puerto-rico-en-su-show\/#primaryimage\"},\"thumbnailUrl\":\"https:\/\/www.gridmag.com.mx\/wp-content\/uploads\/2025\/07\/unnamed-1.jpg\",\"datePublished\":\"2025-07-25T18:45:49+00:00\",\"dateModified\":\"2025-07-25T18:45:51+00:00\",\"description\":\"\u201cNo Me Quiero Ir de Aqu\u00ed\u201d es m\u00e1s que un concierto: es el homenaje visual y sonoro de Bad Bunny a su tierra natal, Puerto Rico.\",\"breadcrumb\":{\"@id\":\"https:\/\/www.gridmag.com.mx\/index.php\/2025\/07\/25\/bad-bunny-rinde-homenaje-a-puerto-rico-en-su-show\/#breadcrumb\"},\"inLanguage\":\"es\",\"potentialAction\":[{\"@type\":\"ReadAction\",\"target\":[\"https:\/\/www.gridmag.com.mx\/index.php\/2025\/07\/25\/bad-bunny-rinde-homenaje-a-puerto-rico-en-su-show\/\"]}]},{\"@type\":\"ImageObject\",\"inLanguage\":\"es\",\"@id\":\"https:\/\/www.gridmag.com.mx\/index.php\/2025\/07\/25\/bad-bunny-rinde-homenaje-a-puerto-rico-en-su-show\/#primaryimage\",\"url\":\"https:\/\/www.gridmag.com.mx\/wp-content\/uploads\/2025\/07\/unnamed-1.jpg\",\"contentUrl\":\"https:\/\/www.gridmag.com.mx\/wp-content\/uploads\/2025\/07\/unnamed-1.jpg\",\"width\":1206,\"height\":791},{\"@type\":\"BreadcrumbList\",\"@id\":\"https:\/\/www.gridmag.com.mx\/index.php\/2025\/07\/25\/bad-bunny-rinde-homenaje-a-puerto-rico-en-su-show\/#breadcrumb\",\"itemListElement\":[{\"@type\":\"ListItem\",\"position\":1,\"name\":\"Inicio\",\"item\":\"https:\/\/www.gridmag.com.mx\/\"},{\"@type\":\"ListItem\",\"position\":2,\"name\":\"Bad Bunny rinde homenaje a Puerto Rico en su show\"}]},{\"@type\":\"WebSite\",\"@id\":\"https:\/\/www.gridmag.com.mx\/#website\",\"url\":\"https:\/\/www.gridmag.com.mx\/\",\"name\":\"Grid Magazine\",\"description\":\"Compartiendo lo mejor de la arquitectura y dise\u00f1o mexicano.\",\"publisher\":{\"@id\":\"https:\/\/www.gridmag.com.mx\/#organization\"},\"potentialAction\":[{\"@type\":\"SearchAction\",\"target\":{\"@type\":\"EntryPoint\",\"urlTemplate\":\"https:\/\/www.gridmag.com.mx\/?s={search_term_string}\"},\"query-input\":{\"@type\":\"PropertyValueSpecification\",\"valueRequired\":true,\"valueName\":\"search_term_string\"}}],\"inLanguage\":\"es\"},{\"@type\":\"Organization\",\"@id\":\"https:\/\/www.gridmag.com.mx\/#organization\",\"name\":\"Grid Magazine\",\"url\":\"https:\/\/www.gridmag.com.mx\/\",\"logo\":{\"@type\":\"ImageObject\",\"inLanguage\":\"es\",\"@id\":\"https:\/\/www.gridmag.com.mx\/#\/schema\/logo\/image\/\",\"url\":\"\",\"contentUrl\":\"\",\"caption\":\"Grid Magazine\"},\"image\":{\"@id\":\"https:\/\/www.gridmag.com.mx\/#\/schema\/logo\/image\/\"},\"sameAs\":[\"https:\/\/www.facebook.com\/gridmagazine.mx\",\"https:\/\/www.instagram.com\/gridmagazine_mx\/\",\"https:\/\/www.tiktok.com\/@gridmagazine.mx?_t=8gl2kVR2Aq6&_r=1\",\"https:\/\/www.linkedin.com\/company\/grid-magazine-mx\/\"]},{\"@type\":\"Person\",\"@id\":\"https:\/\/www.gridmag.com.mx\/#\/schema\/person\/d54cddc75e2ecfe4a55e39c0336ae932\",\"name\":\"Grid Magazine\",\"image\":{\"@type\":\"ImageObject\",\"inLanguage\":\"es\",\"@id\":\"https:\/\/www.gridmag.com.mx\/#\/schema\/person\/image\/\",\"url\":\"https:\/\/secure.gravatar.com\/avatar\/8e4bd50943002dd6ee9db30e5af749244f3e21206a99c4fb42429117eaacfc83?s=96&d=mm&r=g\",\"contentUrl\":\"https:\/\/secure.gravatar.com\/avatar\/8e4bd50943002dd6ee9db30e5af749244f3e21206a99c4fb42429117eaacfc83?s=96&d=mm&r=g\",\"caption\":\"Grid Magazine\"},\"sameAs\":[\"https:\/\/www.gridmag.com.mx\"],\"url\":\"https:\/\/www.gridmag.com.mx\/index.php\/author\/grid-magazine-arq\/\"}]}<\/script>\n<!-- \/ Yoast SEO plugin. -->","yoast_head_json":{"title":"Bad Bunny rinde homenaje a Puerto Rico en su show | Grid Magazine","description":"\u201cNo Me Quiero Ir de Aqu\u00ed\u201d es m\u00e1s que un concierto: es el homenaje visual y sonoro de Bad Bunny a su tierra natal, Puerto Rico.","robots":{"index":"index","follow":"follow","max-snippet":"max-snippet:-1","max-image-preview":"max-image-preview:large","max-video-preview":"max-video-preview:-1"},"canonical":"https:\/\/www.gridmag.com.mx\/index.php\/2025\/07\/25\/bad-bunny-rinde-homenaje-a-puerto-rico-en-su-show\/","og_locale":"es_MX","og_type":"article","og_title":"Bad Bunny rinde homenaje a Puerto Rico en su show | Grid Magazine","og_description":"\u201cNo Me Quiero Ir de Aqu\u00ed\u201d es m\u00e1s que un concierto: es el homenaje visual y sonoro de Bad Bunny a su tierra natal, Puerto Rico.","og_url":"https:\/\/www.gridmag.com.mx\/index.php\/2025\/07\/25\/bad-bunny-rinde-homenaje-a-puerto-rico-en-su-show\/","og_site_name":"Grid Magazine","article_publisher":"https:\/\/www.facebook.com\/gridmagazine.mx","article_published_time":"2025-07-25T18:45:49+00:00","article_modified_time":"2025-07-25T18:45:51+00:00","og_image":[{"width":1206,"height":791,"url":"https:\/\/www.gridmag.com.mx\/wp-content\/uploads\/2025\/07\/unnamed-1.jpg","type":"image\/jpeg"}],"author":"Grid Magazine","twitter_card":"summary_large_image","twitter_misc":{"Escrito por":"Grid Magazine","Tiempo de lectura":"4 minutos"},"schema":{"@context":"https:\/\/schema.org","@graph":[{"@type":"Article","@id":"https:\/\/www.gridmag.com.mx\/index.php\/2025\/07\/25\/bad-bunny-rinde-homenaje-a-puerto-rico-en-su-show\/#article","isPartOf":{"@id":"https:\/\/www.gridmag.com.mx\/index.php\/2025\/07\/25\/bad-bunny-rinde-homenaje-a-puerto-rico-en-su-show\/"},"author":{"name":"Grid Magazine","@id":"https:\/\/www.gridmag.com.mx\/#\/schema\/person\/d54cddc75e2ecfe4a55e39c0336ae932"},"headline":"Bad Bunny rinde homenaje a Puerto Rico en su show","datePublished":"2025-07-25T18:45:49+00:00","dateModified":"2025-07-25T18:45:51+00:00","mainEntityOfPage":{"@id":"https:\/\/www.gridmag.com.mx\/index.php\/2025\/07\/25\/bad-bunny-rinde-homenaje-a-puerto-rico-en-su-show\/"},"wordCount":690,"commentCount":0,"publisher":{"@id":"https:\/\/www.gridmag.com.mx\/#organization"},"image":{"@id":"https:\/\/www.gridmag.com.mx\/index.php\/2025\/07\/25\/bad-bunny-rinde-homenaje-a-puerto-rico-en-su-show\/#primaryimage"},"thumbnailUrl":"https:\/\/www.gridmag.com.mx\/wp-content\/uploads\/2025\/07\/unnamed-1.jpg","keywords":["arte y m\u00fasica","Bad Bunny","concierto visual","cultura puertorrique\u00f1a","escenograf\u00eda","espect\u00e1culo inmersivo","homenaje art\u00edstico","m\u00fasica en vivo","No Me Quiero Ir de Aqu\u00ed","performance","Puerto Rico","tecnolog\u00eda esc\u00e9nica"],"articleSection":["Arte"],"inLanguage":"es","potentialAction":[{"@type":"CommentAction","name":"Comment","target":["https:\/\/www.gridmag.com.mx\/index.php\/2025\/07\/25\/bad-bunny-rinde-homenaje-a-puerto-rico-en-su-show\/#respond"]}]},{"@type":"WebPage","@id":"https:\/\/www.gridmag.com.mx\/index.php\/2025\/07\/25\/bad-bunny-rinde-homenaje-a-puerto-rico-en-su-show\/","url":"https:\/\/www.gridmag.com.mx\/index.php\/2025\/07\/25\/bad-bunny-rinde-homenaje-a-puerto-rico-en-su-show\/","name":"Bad Bunny rinde homenaje a Puerto Rico en su show | Grid Magazine","isPartOf":{"@id":"https:\/\/www.gridmag.com.mx\/#website"},"primaryImageOfPage":{"@id":"https:\/\/www.gridmag.com.mx\/index.php\/2025\/07\/25\/bad-bunny-rinde-homenaje-a-puerto-rico-en-su-show\/#primaryimage"},"image":{"@id":"https:\/\/www.gridmag.com.mx\/index.php\/2025\/07\/25\/bad-bunny-rinde-homenaje-a-puerto-rico-en-su-show\/#primaryimage"},"thumbnailUrl":"https:\/\/www.gridmag.com.mx\/wp-content\/uploads\/2025\/07\/unnamed-1.jpg","datePublished":"2025-07-25T18:45:49+00:00","dateModified":"2025-07-25T18:45:51+00:00","description":"\u201cNo Me Quiero Ir de Aqu\u00ed\u201d es m\u00e1s que un concierto: es el homenaje visual y sonoro de Bad Bunny a su tierra natal, Puerto Rico.","breadcrumb":{"@id":"https:\/\/www.gridmag.com.mx\/index.php\/2025\/07\/25\/bad-bunny-rinde-homenaje-a-puerto-rico-en-su-show\/#breadcrumb"},"inLanguage":"es","potentialAction":[{"@type":"ReadAction","target":["https:\/\/www.gridmag.com.mx\/index.php\/2025\/07\/25\/bad-bunny-rinde-homenaje-a-puerto-rico-en-su-show\/"]}]},{"@type":"ImageObject","inLanguage":"es","@id":"https:\/\/www.gridmag.com.mx\/index.php\/2025\/07\/25\/bad-bunny-rinde-homenaje-a-puerto-rico-en-su-show\/#primaryimage","url":"https:\/\/www.gridmag.com.mx\/wp-content\/uploads\/2025\/07\/unnamed-1.jpg","contentUrl":"https:\/\/www.gridmag.com.mx\/wp-content\/uploads\/2025\/07\/unnamed-1.jpg","width":1206,"height":791},{"@type":"BreadcrumbList","@id":"https:\/\/www.gridmag.com.mx\/index.php\/2025\/07\/25\/bad-bunny-rinde-homenaje-a-puerto-rico-en-su-show\/#breadcrumb","itemListElement":[{"@type":"ListItem","position":1,"name":"Inicio","item":"https:\/\/www.gridmag.com.mx\/"},{"@type":"ListItem","position":2,"name":"Bad Bunny rinde homenaje a Puerto Rico en su show"}]},{"@type":"WebSite","@id":"https:\/\/www.gridmag.com.mx\/#website","url":"https:\/\/www.gridmag.com.mx\/","name":"Grid Magazine","description":"Compartiendo lo mejor de la arquitectura y dise\u00f1o mexicano.","publisher":{"@id":"https:\/\/www.gridmag.com.mx\/#organization"},"potentialAction":[{"@type":"SearchAction","target":{"@type":"EntryPoint","urlTemplate":"https:\/\/www.gridmag.com.mx\/?s={search_term_string}"},"query-input":{"@type":"PropertyValueSpecification","valueRequired":true,"valueName":"search_term_string"}}],"inLanguage":"es"},{"@type":"Organization","@id":"https:\/\/www.gridmag.com.mx\/#organization","name":"Grid Magazine","url":"https:\/\/www.gridmag.com.mx\/","logo":{"@type":"ImageObject","inLanguage":"es","@id":"https:\/\/www.gridmag.com.mx\/#\/schema\/logo\/image\/","url":"","contentUrl":"","caption":"Grid Magazine"},"image":{"@id":"https:\/\/www.gridmag.com.mx\/#\/schema\/logo\/image\/"},"sameAs":["https:\/\/www.facebook.com\/gridmagazine.mx","https:\/\/www.instagram.com\/gridmagazine_mx\/","https:\/\/www.tiktok.com\/@gridmagazine.mx?_t=8gl2kVR2Aq6&_r=1","https:\/\/www.linkedin.com\/company\/grid-magazine-mx\/"]},{"@type":"Person","@id":"https:\/\/www.gridmag.com.mx\/#\/schema\/person\/d54cddc75e2ecfe4a55e39c0336ae932","name":"Grid Magazine","image":{"@type":"ImageObject","inLanguage":"es","@id":"https:\/\/www.gridmag.com.mx\/#\/schema\/person\/image\/","url":"https:\/\/secure.gravatar.com\/avatar\/8e4bd50943002dd6ee9db30e5af749244f3e21206a99c4fb42429117eaacfc83?s=96&d=mm&r=g","contentUrl":"https:\/\/secure.gravatar.com\/avatar\/8e4bd50943002dd6ee9db30e5af749244f3e21206a99c4fb42429117eaacfc83?s=96&d=mm&r=g","caption":"Grid Magazine"},"sameAs":["https:\/\/www.gridmag.com.mx"],"url":"https:\/\/www.gridmag.com.mx\/index.php\/author\/grid-magazine-arq\/"}]}},"_links":{"self":[{"href":"https:\/\/www.gridmag.com.mx\/index.php\/wp-json\/wp\/v2\/posts\/10281","targetHints":{"allow":["GET"]}}],"collection":[{"href":"https:\/\/www.gridmag.com.mx\/index.php\/wp-json\/wp\/v2\/posts"}],"about":[{"href":"https:\/\/www.gridmag.com.mx\/index.php\/wp-json\/wp\/v2\/types\/post"}],"author":[{"embeddable":true,"href":"https:\/\/www.gridmag.com.mx\/index.php\/wp-json\/wp\/v2\/users\/1"}],"replies":[{"embeddable":true,"href":"https:\/\/www.gridmag.com.mx\/index.php\/wp-json\/wp\/v2\/comments?post=10281"}],"version-history":[{"count":2,"href":"https:\/\/www.gridmag.com.mx\/index.php\/wp-json\/wp\/v2\/posts\/10281\/revisions"}],"predecessor-version":[{"id":10287,"href":"https:\/\/www.gridmag.com.mx\/index.php\/wp-json\/wp\/v2\/posts\/10281\/revisions\/10287"}],"wp:featuredmedia":[{"embeddable":true,"href":"https:\/\/www.gridmag.com.mx\/index.php\/wp-json\/wp\/v2\/media\/10282"}],"wp:attachment":[{"href":"https:\/\/www.gridmag.com.mx\/index.php\/wp-json\/wp\/v2\/media?parent=10281"}],"wp:term":[{"taxonomy":"category","embeddable":true,"href":"https:\/\/www.gridmag.com.mx\/index.php\/wp-json\/wp\/v2\/categories?post=10281"},{"taxonomy":"post_tag","embeddable":true,"href":"https:\/\/www.gridmag.com.mx\/index.php\/wp-json\/wp\/v2\/tags?post=10281"}],"curies":[{"name":"wp","href":"https:\/\/api.w.org\/{rel}","templated":true}]}}