{"id":10609,"date":"2025-09-10T10:32:57","date_gmt":"2025-09-10T16:32:57","guid":{"rendered":"https:\/\/www.gridmag.com.mx\/?p=10609"},"modified":"2025-09-10T10:33:00","modified_gmt":"2025-09-10T16:33:00","slug":"vertebral-arquitectura-que-respira-junto-con-la-naturaleza","status":"publish","type":"post","link":"https:\/\/www.gridmag.com.mx\/index.php\/2025\/09\/10\/vertebral-arquitectura-que-respira-junto-con-la-naturaleza\/","title":{"rendered":"Vertebral: arquitectura que respira junto con la naturaleza"},"content":{"rendered":"\n<p>Hablar de <strong>Vertebral<\/strong> es hablar de un estudio que entiende la arquitectura no como un objeto impuesto, sino como un organismo vivo que dialoga con su entorno. Fundado en 2016, su origen responde a una inquietud clara: reconciliar lo construido con lo natural. Desde entonces, han cultivado un lenguaje que se despliega como un jard\u00edn, creciendo con paciencia, escuchando al paisaje y permitiendo que cada proyecto encuentre su propio ritmo.<\/p>\n\n\n\n<p>M\u00e1s que dise\u00f1ar formas preconcebidas, Vertebral trabaja como quien cultiva un jard\u00edn: <strong>observando, escuchando y permitiendo que cada obra crezca a su propio ritmo<\/strong>. En sus palabras, \u201cla arquitectura no se impone, dialoga\u201d.<\/p>\n\n\n\n<figure class=\"wp-block-image size-large\"><img decoding=\"async\" width=\"1024\" height=\"683\" src=\"https:\/\/www.gridmag.com.mx\/wp-content\/uploads\/2025\/09\/Andres-cedillo-2-1024x683.jpg\" alt=\"VERTEBRAL\" class=\"wp-image-10610\" srcset=\"https:\/\/www.gridmag.com.mx\/wp-content\/uploads\/2025\/09\/Andres-cedillo-2-1024x683.jpg 1024w, https:\/\/www.gridmag.com.mx\/wp-content\/uploads\/2025\/09\/Andres-cedillo-2-300x200.jpg 300w, https:\/\/www.gridmag.com.mx\/wp-content\/uploads\/2025\/09\/Andres-cedillo-2-768x512.jpg 768w, https:\/\/www.gridmag.com.mx\/wp-content\/uploads\/2025\/09\/Andres-cedillo-2-1536x1024.jpg 1536w, https:\/\/www.gridmag.com.mx\/wp-content\/uploads\/2025\/09\/Andres-cedillo-2-2048x1365.jpg 2048w, https:\/\/www.gridmag.com.mx\/wp-content\/uploads\/2025\/09\/Andres-cedillo-2-360x240.jpg 360w, https:\/\/www.gridmag.com.mx\/wp-content\/uploads\/2025\/09\/Andres-cedillo-2-720x480.jpg 720w, https:\/\/www.gridmag.com.mx\/wp-content\/uploads\/2025\/09\/Andres-cedillo-2-770x513.jpg 770w, https:\/\/www.gridmag.com.mx\/wp-content\/uploads\/2025\/09\/Andres-cedillo-2-1400x933.jpg 1400w\" sizes=\"(max-width: 1024px) 100vw, 1024px\" \/><\/figure>\n\n\n\n<h3 class=\"wp-block-heading\">El entorno como br\u00fajula<\/h3>\n\n\n\n<p>Para Vertebral, cada proyecto comienza con una observaci\u00f3n cuidadosa del sitio. El lugar no es un lienzo en blanco, sino la br\u00fajula que gu\u00eda cada decisi\u00f3n. La arquitectura se entrelaza con el entorno, respetando su esencia y potenciando su car\u00e1cter.<\/p>\n\n\n\n<p>De esta forma, sus obras no se posan sobre el paisaje: <strong>crecen desde \u00e9l<\/strong>. En la ciudad, crean burbujas de naturaleza que funcionan como par\u00e9ntesis de la vida urbana; en la costa o en la monta\u00f1a, dejan que sea el paisaje quien marque el ritmo.<\/p>\n\n\n\n<div class=\"wp-block-columns is-layout-flex wp-container-core-columns-is-layout-9d6595d7 wp-block-columns-is-layout-flex\">\n<div class=\"wp-block-column is-layout-flow wp-block-column-is-layout-flow\">\n<figure class=\"wp-block-image size-large\"><img decoding=\"async\" width=\"1024\" height=\"683\" src=\"https:\/\/www.gridmag.com.mx\/wp-content\/uploads\/2025\/09\/cesar-belio-3-1024x683.jpg\" alt=\"VERTEBRAL\" class=\"wp-image-10611\" srcset=\"https:\/\/www.gridmag.com.mx\/wp-content\/uploads\/2025\/09\/cesar-belio-3-1024x683.jpg 1024w, https:\/\/www.gridmag.com.mx\/wp-content\/uploads\/2025\/09\/cesar-belio-3-300x200.jpg 300w, https:\/\/www.gridmag.com.mx\/wp-content\/uploads\/2025\/09\/cesar-belio-3-768x512.jpg 768w, https:\/\/www.gridmag.com.mx\/wp-content\/uploads\/2025\/09\/cesar-belio-3-1536x1024.jpg 1536w, https:\/\/www.gridmag.com.mx\/wp-content\/uploads\/2025\/09\/cesar-belio-3-2048x1365.jpg 2048w, https:\/\/www.gridmag.com.mx\/wp-content\/uploads\/2025\/09\/cesar-belio-3-360x240.jpg 360w, https:\/\/www.gridmag.com.mx\/wp-content\/uploads\/2025\/09\/cesar-belio-3-720x480.jpg 720w, https:\/\/www.gridmag.com.mx\/wp-content\/uploads\/2025\/09\/cesar-belio-3-770x513.jpg 770w, https:\/\/www.gridmag.com.mx\/wp-content\/uploads\/2025\/09\/cesar-belio-3-1400x933.jpg 1400w\" sizes=\"(max-width: 1024px) 100vw, 1024px\" \/><\/figure>\n<\/div>\n\n\n\n<div class=\"wp-block-column is-layout-flow wp-block-column-is-layout-flow\">\n<figure class=\"wp-block-image size-large\"><img decoding=\"async\" width=\"1024\" height=\"683\" src=\"https:\/\/www.gridmag.com.mx\/wp-content\/uploads\/2025\/09\/Cesar-belio-2-1024x683.jpg\" alt=\"VERTEBRAL\" class=\"wp-image-10612\" srcset=\"https:\/\/www.gridmag.com.mx\/wp-content\/uploads\/2025\/09\/Cesar-belio-2-1024x683.jpg 1024w, https:\/\/www.gridmag.com.mx\/wp-content\/uploads\/2025\/09\/Cesar-belio-2-300x200.jpg 300w, https:\/\/www.gridmag.com.mx\/wp-content\/uploads\/2025\/09\/Cesar-belio-2-768x512.jpg 768w, https:\/\/www.gridmag.com.mx\/wp-content\/uploads\/2025\/09\/Cesar-belio-2-1536x1024.jpg 1536w, https:\/\/www.gridmag.com.mx\/wp-content\/uploads\/2025\/09\/Cesar-belio-2-2048x1366.jpg 2048w, https:\/\/www.gridmag.com.mx\/wp-content\/uploads\/2025\/09\/Cesar-belio-2-360x240.jpg 360w, https:\/\/www.gridmag.com.mx\/wp-content\/uploads\/2025\/09\/Cesar-belio-2-720x480.jpg 720w, https:\/\/www.gridmag.com.mx\/wp-content\/uploads\/2025\/09\/Cesar-belio-2-770x514.jpg 770w, https:\/\/www.gridmag.com.mx\/wp-content\/uploads\/2025\/09\/Cesar-belio-2-1400x934.jpg 1400w\" sizes=\"(max-width: 1024px) 100vw, 1024px\" \/><\/figure>\n<\/div>\n<\/div>\n\n\n\n<h3 class=\"wp-block-heading\">Una est\u00e9tica honesta<\/h3>\n\n\n\n<p>Parte del car\u00e1cter distintivo de Vertebral es su uso de materiales que expresan su historia con total transparencia: <strong>concreto, piedra y madera<\/strong>. Para el estudio, lo esencial es dejar que cada elemento muestre sus huellas: la piedra que envejece con la lluvia, el concreto que guarda la textura de la cimbra o la madera que cambia con la luz del sol.<\/p>\n\n\n\n<p>En esta honestidad encuentran belleza, y en esa belleza, pertenencia.<\/p>\n\n\n\n<figure class=\"wp-block-image size-large\"><img decoding=\"async\" width=\"1024\" height=\"683\" src=\"https:\/\/www.gridmag.com.mx\/wp-content\/uploads\/2025\/09\/StudioChirika-1024x683.jpg\" alt=\"VERTEBRAL\" class=\"wp-image-10613\" srcset=\"https:\/\/www.gridmag.com.mx\/wp-content\/uploads\/2025\/09\/StudioChirika-1024x683.jpg 1024w, https:\/\/www.gridmag.com.mx\/wp-content\/uploads\/2025\/09\/StudioChirika-300x200.jpg 300w, https:\/\/www.gridmag.com.mx\/wp-content\/uploads\/2025\/09\/StudioChirika-768x513.jpg 768w, https:\/\/www.gridmag.com.mx\/wp-content\/uploads\/2025\/09\/StudioChirika-1536x1025.jpg 1536w, https:\/\/www.gridmag.com.mx\/wp-content\/uploads\/2025\/09\/StudioChirika-2048x1367.jpg 2048w, https:\/\/www.gridmag.com.mx\/wp-content\/uploads\/2025\/09\/StudioChirika-360x240.jpg 360w, https:\/\/www.gridmag.com.mx\/wp-content\/uploads\/2025\/09\/StudioChirika-720x480.jpg 720w, https:\/\/www.gridmag.com.mx\/wp-content\/uploads\/2025\/09\/StudioChirika-770x514.jpg 770w, https:\/\/www.gridmag.com.mx\/wp-content\/uploads\/2025\/09\/StudioChirika-1400x934.jpg 1400w\" sizes=\"(max-width: 1024px) 100vw, 1024px\" \/><\/figure>\n\n\n\n<h3 class=\"wp-block-heading\">Intuici\u00f3n como motor creativo<\/h3>\n\n\n\n<p>Aunque los planos son necesarios, en Vertebral hay un lugar central para la intuici\u00f3n. Muchas de sus decisiones surgen no de una l\u00ednea trazada, sino de un silencio frente al sitio. Su proceso creativo se alimenta tanto de la raz\u00f3n como de lo sensorial, logrando que cada espacio invite a bajar el ritmo, <strong>a redescubrir la naturaleza y a recorrerlo con calma<\/strong>.<\/p>\n\n\n\n<div class=\"wp-block-columns is-layout-flex wp-container-core-columns-is-layout-9d6595d7 wp-block-columns-is-layout-flex\">\n<div class=\"wp-block-column is-layout-flow wp-block-column-is-layout-flow\">\n<figure class=\"wp-block-image size-large\"><img decoding=\"async\" width=\"1024\" height=\"683\" src=\"https:\/\/www.gridmag.com.mx\/wp-content\/uploads\/2025\/09\/StudioChirika-3-1024x683.jpg\" alt=\"VERTEBRAL\" class=\"wp-image-10614\" srcset=\"https:\/\/www.gridmag.com.mx\/wp-content\/uploads\/2025\/09\/StudioChirika-3-1024x683.jpg 1024w, https:\/\/www.gridmag.com.mx\/wp-content\/uploads\/2025\/09\/StudioChirika-3-300x200.jpg 300w, https:\/\/www.gridmag.com.mx\/wp-content\/uploads\/2025\/09\/StudioChirika-3-768x513.jpg 768w, https:\/\/www.gridmag.com.mx\/wp-content\/uploads\/2025\/09\/StudioChirika-3-1536x1025.jpg 1536w, https:\/\/www.gridmag.com.mx\/wp-content\/uploads\/2025\/09\/StudioChirika-3-2048x1367.jpg 2048w, https:\/\/www.gridmag.com.mx\/wp-content\/uploads\/2025\/09\/StudioChirika-3-360x240.jpg 360w, https:\/\/www.gridmag.com.mx\/wp-content\/uploads\/2025\/09\/StudioChirika-3-720x480.jpg 720w, https:\/\/www.gridmag.com.mx\/wp-content\/uploads\/2025\/09\/StudioChirika-3-770x514.jpg 770w, https:\/\/www.gridmag.com.mx\/wp-content\/uploads\/2025\/09\/StudioChirika-3-1400x934.jpg 1400w\" sizes=\"(max-width: 1024px) 100vw, 1024px\" \/><\/figure>\n<\/div>\n\n\n\n<div class=\"wp-block-column is-layout-flow wp-block-column-is-layout-flow\">\n<figure class=\"wp-block-image size-large\"><img decoding=\"async\" width=\"1024\" height=\"683\" src=\"https:\/\/www.gridmag.com.mx\/wp-content\/uploads\/2025\/09\/StudioChirika-2-1024x683.jpg\" alt=\"VERTEBRAL\" class=\"wp-image-10615\" srcset=\"https:\/\/www.gridmag.com.mx\/wp-content\/uploads\/2025\/09\/StudioChirika-2-1024x683.jpg 1024w, https:\/\/www.gridmag.com.mx\/wp-content\/uploads\/2025\/09\/StudioChirika-2-300x200.jpg 300w, https:\/\/www.gridmag.com.mx\/wp-content\/uploads\/2025\/09\/StudioChirika-2-768x513.jpg 768w, https:\/\/www.gridmag.com.mx\/wp-content\/uploads\/2025\/09\/StudioChirika-2-1536x1025.jpg 1536w, https:\/\/www.gridmag.com.mx\/wp-content\/uploads\/2025\/09\/StudioChirika-2-2048x1367.jpg 2048w, https:\/\/www.gridmag.com.mx\/wp-content\/uploads\/2025\/09\/StudioChirika-2-360x240.jpg 360w, https:\/\/www.gridmag.com.mx\/wp-content\/uploads\/2025\/09\/StudioChirika-2-720x480.jpg 720w, https:\/\/www.gridmag.com.mx\/wp-content\/uploads\/2025\/09\/StudioChirika-2-770x514.jpg 770w, https:\/\/www.gridmag.com.mx\/wp-content\/uploads\/2025\/09\/StudioChirika-2-1400x934.jpg 1400w\" sizes=\"(max-width: 1024px) 100vw, 1024px\" \/><\/figure>\n<\/div>\n<\/div>\n\n\n\n<h3 class=\"wp-block-heading\">Reconocimiento y futuro<\/h3>\n\n\n\n<p>El prestigio y los premios han llegado como consecuencia, pero no como meta. Para Vertebral, lo que realmente importa es la posibilidad de seguir creando <strong>espacios que respiren y conmuevan<\/strong>. El futuro lo ven como una invitaci\u00f3n abierta a explorar nuevos paisajes, a repensar la relaci\u00f3n entre naturaleza y arquitectura, y a trabajar en contextos que los reten a escuchar de nuevo.<\/p>\n\n\n\n<figure class=\"wp-block-image size-large\"><img decoding=\"async\" width=\"1024\" height=\"683\" src=\"https:\/\/www.gridmag.com.mx\/wp-content\/uploads\/2025\/09\/Marcelo-rodriguez-3-1024x683.jpg\" alt=\"VERTEBRAL\" class=\"wp-image-10616\" srcset=\"https:\/\/www.gridmag.com.mx\/wp-content\/uploads\/2025\/09\/Marcelo-rodriguez-3-1024x683.jpg 1024w, https:\/\/www.gridmag.com.mx\/wp-content\/uploads\/2025\/09\/Marcelo-rodriguez-3-300x200.jpg 300w, https:\/\/www.gridmag.com.mx\/wp-content\/uploads\/2025\/09\/Marcelo-rodriguez-3-768x512.jpg 768w, https:\/\/www.gridmag.com.mx\/wp-content\/uploads\/2025\/09\/Marcelo-rodriguez-3-1536x1024.jpg 1536w, https:\/\/www.gridmag.com.mx\/wp-content\/uploads\/2025\/09\/Marcelo-rodriguez-3-2048x1365.jpg 2048w, https:\/\/www.gridmag.com.mx\/wp-content\/uploads\/2025\/09\/Marcelo-rodriguez-3-360x240.jpg 360w, https:\/\/www.gridmag.com.mx\/wp-content\/uploads\/2025\/09\/Marcelo-rodriguez-3-720x480.jpg 720w, https:\/\/www.gridmag.com.mx\/wp-content\/uploads\/2025\/09\/Marcelo-rodriguez-3-770x513.jpg 770w, https:\/\/www.gridmag.com.mx\/wp-content\/uploads\/2025\/09\/Marcelo-rodriguez-3-1400x933.jpg 1400w\" sizes=\"(max-width: 1024px) 100vw, 1024px\" \/><\/figure>\n\n\n\n<h3 class=\"wp-block-heading\">Una lecci\u00f3n para los j\u00f3venes arquitectos<\/h3>\n\n\n\n<p>Si algo buscan transmitir a las nuevas generaciones, es la importancia de acercarse primero al sitio y no al papel. Entender que lo natural y lo construido no son opuestos, sino voces que deben coexistir. Su consejo es claro: <strong>permitir que la arquitectura se escriba con la luz, el viento y la sombra<\/strong>, tanto como con las l\u00edneas de un plano.<\/p>\n\n\n\n<p>Cr\u00e9dito fotogr\u00e1fico: Andr\u00e9s Cedillo, Cesar Belio, Marcelo Rodriguez, Studio Chirika. <\/p>\n\n\n\n<p><\/p>\n","protected":false},"excerpt":{"rendered":"<p>Hablar de Vertebral es hablar de un estudio que entiende la arquitectura no como un objeto impuesto, sino como un organismo vivo que dialoga con su entorno. Fundado en 2016, su origen responde a una inquietud clara: reconciliar lo construido con lo natural. Desde entonces, han cultivado un lenguaje que se despliega como un jard\u00edn, creciendo con paciencia, escuchando al paisaje y permitiendo que cada proyecto encuentre su propio ritmo. M\u00e1s que dise\u00f1ar formas preconcebidas, Vertebral trabaja como quien cultiva [&hellip;]<\/p>\n","protected":false},"author":1,"featured_media":10610,"comment_status":"open","ping_status":"open","sticky":false,"template":"","format":"standard","meta":{"footnotes":""},"categories":[49,52,51],"tags":[135,72,98,83,66,633,97],"class_list":["post-10609","post","type-post","status-publish","format-standard","has-post-thumbnail","hentry","category-arquitectura","category-diseno","category-interiorismo","tag-135","tag-arquitectura","tag-diseno-2","tag-eco-arquitectura","tag-interiorismo","tag-naturaleza-arquitectura","tag-proyecto"],"yoast_head":"<!-- This site is optimized with the Yoast SEO plugin v27.0 - https:\/\/yoast.com\/product\/yoast-seo-wordpress\/ -->\n<title>Vertebral: arquitectura que respira junto con la naturaleza | Grid Magazine<\/title>\n<meta name=\"robots\" content=\"index, follow, max-snippet:-1, max-image-preview:large, max-video-preview:-1\" \/>\n<link rel=\"canonical\" href=\"https:\/\/www.gridmag.com.mx\/index.php\/2025\/09\/10\/vertebral-arquitectura-que-respira-junto-con-la-naturaleza\/\" \/>\n<meta property=\"og:locale\" content=\"es_MX\" \/>\n<meta property=\"og:type\" content=\"article\" \/>\n<meta property=\"og:title\" content=\"Vertebral: arquitectura que respira junto con la naturaleza | Grid Magazine\" \/>\n<meta property=\"og:description\" content=\"Hablar de Vertebral es hablar de un estudio que entiende la arquitectura no como un objeto impuesto, sino como un organismo vivo que dialoga con su entorno. Fundado en 2016, su origen responde a una inquietud clara: reconciliar lo construido con lo natural. Desde entonces, han cultivado un lenguaje que se despliega como un jard\u00edn, creciendo con paciencia, escuchando al paisaje y permitiendo que cada proyecto encuentre su propio ritmo. M\u00e1s que dise\u00f1ar formas preconcebidas, Vertebral trabaja como quien cultiva [&hellip;]\" \/>\n<meta property=\"og:url\" content=\"https:\/\/www.gridmag.com.mx\/index.php\/2025\/09\/10\/vertebral-arquitectura-que-respira-junto-con-la-naturaleza\/\" \/>\n<meta property=\"og:site_name\" content=\"Grid Magazine\" \/>\n<meta property=\"article:publisher\" content=\"https:\/\/www.facebook.com\/gridmagazine.mx\" \/>\n<meta property=\"article:published_time\" content=\"2025-09-10T16:32:57+00:00\" \/>\n<meta property=\"article:modified_time\" content=\"2025-09-10T16:33:00+00:00\" \/>\n<meta property=\"og:image\" content=\"https:\/\/www.gridmag.com.mx\/wp-content\/uploads\/2025\/09\/Andres-cedillo-2-scaled.jpg\" \/>\n\t<meta property=\"og:image:width\" content=\"2560\" \/>\n\t<meta property=\"og:image:height\" content=\"1707\" \/>\n\t<meta property=\"og:image:type\" content=\"image\/jpeg\" \/>\n<meta name=\"author\" content=\"Grid Magazine\" \/>\n<meta name=\"twitter:card\" content=\"summary_large_image\" \/>\n<meta name=\"twitter:label1\" content=\"Escrito por\" \/>\n\t<meta name=\"twitter:data1\" content=\"Grid Magazine\" \/>\n\t<meta name=\"twitter:label2\" content=\"Tiempo de lectura\" \/>\n\t<meta name=\"twitter:data2\" content=\"4 minutos\" \/>\n<script type=\"application\/ld+json\" class=\"yoast-schema-graph\">{\"@context\":\"https:\/\/schema.org\",\"@graph\":[{\"@type\":\"Article\",\"@id\":\"https:\/\/www.gridmag.com.mx\/index.php\/2025\/09\/10\/vertebral-arquitectura-que-respira-junto-con-la-naturaleza\/#article\",\"isPartOf\":{\"@id\":\"https:\/\/www.gridmag.com.mx\/index.php\/2025\/09\/10\/vertebral-arquitectura-que-respira-junto-con-la-naturaleza\/\"},\"author\":{\"name\":\"Grid Magazine\",\"@id\":\"https:\/\/www.gridmag.com.mx\/#\/schema\/person\/d54cddc75e2ecfe4a55e39c0336ae932\"},\"headline\":\"Vertebral: arquitectura que respira junto con la naturaleza\",\"datePublished\":\"2025-09-10T16:32:57+00:00\",\"dateModified\":\"2025-09-10T16:33:00+00:00\",\"mainEntityOfPage\":{\"@id\":\"https:\/\/www.gridmag.com.mx\/index.php\/2025\/09\/10\/vertebral-arquitectura-que-respira-junto-con-la-naturaleza\/\"},\"wordCount\":507,\"commentCount\":0,\"publisher\":{\"@id\":\"https:\/\/www.gridmag.com.mx\/#organization\"},\"image\":{\"@id\":\"https:\/\/www.gridmag.com.mx\/index.php\/2025\/09\/10\/vertebral-arquitectura-que-respira-junto-con-la-naturaleza\/#primaryimage\"},\"thumbnailUrl\":\"https:\/\/www.gridmag.com.mx\/wp-content\/uploads\/2025\/09\/Andres-cedillo-2-scaled.jpg\",\"keywords\":[\"2025\",\"ARQUITECTURA\",\"DISE\u00d1O\",\"ECO ARQUITECTURA\",\"interiorismo\",\"NATURALEZA ARQUITECTURA\",\"PROYECTO\"],\"articleSection\":[\"Arquitectura\",\"Dise\u00f1o\",\"Interiorismo\"],\"inLanguage\":\"es\",\"potentialAction\":[{\"@type\":\"CommentAction\",\"name\":\"Comment\",\"target\":[\"https:\/\/www.gridmag.com.mx\/index.php\/2025\/09\/10\/vertebral-arquitectura-que-respira-junto-con-la-naturaleza\/#respond\"]}]},{\"@type\":\"WebPage\",\"@id\":\"https:\/\/www.gridmag.com.mx\/index.php\/2025\/09\/10\/vertebral-arquitectura-que-respira-junto-con-la-naturaleza\/\",\"url\":\"https:\/\/www.gridmag.com.mx\/index.php\/2025\/09\/10\/vertebral-arquitectura-que-respira-junto-con-la-naturaleza\/\",\"name\":\"Vertebral: arquitectura que respira junto con la naturaleza | Grid Magazine\",\"isPartOf\":{\"@id\":\"https:\/\/www.gridmag.com.mx\/#website\"},\"primaryImageOfPage\":{\"@id\":\"https:\/\/www.gridmag.com.mx\/index.php\/2025\/09\/10\/vertebral-arquitectura-que-respira-junto-con-la-naturaleza\/#primaryimage\"},\"image\":{\"@id\":\"https:\/\/www.gridmag.com.mx\/index.php\/2025\/09\/10\/vertebral-arquitectura-que-respira-junto-con-la-naturaleza\/#primaryimage\"},\"thumbnailUrl\":\"https:\/\/www.gridmag.com.mx\/wp-content\/uploads\/2025\/09\/Andres-cedillo-2-scaled.jpg\",\"datePublished\":\"2025-09-10T16:32:57+00:00\",\"dateModified\":\"2025-09-10T16:33:00+00:00\",\"breadcrumb\":{\"@id\":\"https:\/\/www.gridmag.com.mx\/index.php\/2025\/09\/10\/vertebral-arquitectura-que-respira-junto-con-la-naturaleza\/#breadcrumb\"},\"inLanguage\":\"es\",\"potentialAction\":[{\"@type\":\"ReadAction\",\"target\":[\"https:\/\/www.gridmag.com.mx\/index.php\/2025\/09\/10\/vertebral-arquitectura-que-respira-junto-con-la-naturaleza\/\"]}]},{\"@type\":\"ImageObject\",\"inLanguage\":\"es\",\"@id\":\"https:\/\/www.gridmag.com.mx\/index.php\/2025\/09\/10\/vertebral-arquitectura-que-respira-junto-con-la-naturaleza\/#primaryimage\",\"url\":\"https:\/\/www.gridmag.com.mx\/wp-content\/uploads\/2025\/09\/Andres-cedillo-2-scaled.jpg\",\"contentUrl\":\"https:\/\/www.gridmag.com.mx\/wp-content\/uploads\/2025\/09\/Andres-cedillo-2-scaled.jpg\",\"width\":2560,\"height\":1707,\"caption\":\"Vertebral: arquitectura que respira junto con la naturaleza\"},{\"@type\":\"BreadcrumbList\",\"@id\":\"https:\/\/www.gridmag.com.mx\/index.php\/2025\/09\/10\/vertebral-arquitectura-que-respira-junto-con-la-naturaleza\/#breadcrumb\",\"itemListElement\":[{\"@type\":\"ListItem\",\"position\":1,\"name\":\"Inicio\",\"item\":\"https:\/\/www.gridmag.com.mx\/\"},{\"@type\":\"ListItem\",\"position\":2,\"name\":\"Vertebral: arquitectura que respira junto con la naturaleza\"}]},{\"@type\":\"WebSite\",\"@id\":\"https:\/\/www.gridmag.com.mx\/#website\",\"url\":\"https:\/\/www.gridmag.com.mx\/\",\"name\":\"Grid Magazine\",\"description\":\"Compartiendo lo mejor de la arquitectura y dise\u00f1o mexicano.\",\"publisher\":{\"@id\":\"https:\/\/www.gridmag.com.mx\/#organization\"},\"potentialAction\":[{\"@type\":\"SearchAction\",\"target\":{\"@type\":\"EntryPoint\",\"urlTemplate\":\"https:\/\/www.gridmag.com.mx\/?s={search_term_string}\"},\"query-input\":{\"@type\":\"PropertyValueSpecification\",\"valueRequired\":true,\"valueName\":\"search_term_string\"}}],\"inLanguage\":\"es\"},{\"@type\":\"Organization\",\"@id\":\"https:\/\/www.gridmag.com.mx\/#organization\",\"name\":\"Grid Magazine\",\"url\":\"https:\/\/www.gridmag.com.mx\/\",\"logo\":{\"@type\":\"ImageObject\",\"inLanguage\":\"es\",\"@id\":\"https:\/\/www.gridmag.com.mx\/#\/schema\/logo\/image\/\",\"url\":\"\",\"contentUrl\":\"\",\"caption\":\"Grid Magazine\"},\"image\":{\"@id\":\"https:\/\/www.gridmag.com.mx\/#\/schema\/logo\/image\/\"},\"sameAs\":[\"https:\/\/www.facebook.com\/gridmagazine.mx\",\"https:\/\/www.instagram.com\/gridmagazine_mx\/\",\"https:\/\/www.tiktok.com\/@gridmagazine.mx?_t=8gl2kVR2Aq6&_r=1\",\"https:\/\/www.linkedin.com\/company\/grid-magazine-mx\/\"]},{\"@type\":\"Person\",\"@id\":\"https:\/\/www.gridmag.com.mx\/#\/schema\/person\/d54cddc75e2ecfe4a55e39c0336ae932\",\"name\":\"Grid Magazine\",\"image\":{\"@type\":\"ImageObject\",\"inLanguage\":\"es\",\"@id\":\"https:\/\/www.gridmag.com.mx\/#\/schema\/person\/image\/\",\"url\":\"https:\/\/secure.gravatar.com\/avatar\/8e4bd50943002dd6ee9db30e5af749244f3e21206a99c4fb42429117eaacfc83?s=96&d=mm&r=g\",\"contentUrl\":\"https:\/\/secure.gravatar.com\/avatar\/8e4bd50943002dd6ee9db30e5af749244f3e21206a99c4fb42429117eaacfc83?s=96&d=mm&r=g\",\"caption\":\"Grid Magazine\"},\"sameAs\":[\"https:\/\/www.gridmag.com.mx\"],\"url\":\"https:\/\/www.gridmag.com.mx\/index.php\/author\/grid-magazine-arq\/\"}]}<\/script>\n<!-- \/ Yoast SEO plugin. -->","yoast_head_json":{"title":"Vertebral: arquitectura que respira junto con la naturaleza | Grid Magazine","robots":{"index":"index","follow":"follow","max-snippet":"max-snippet:-1","max-image-preview":"max-image-preview:large","max-video-preview":"max-video-preview:-1"},"canonical":"https:\/\/www.gridmag.com.mx\/index.php\/2025\/09\/10\/vertebral-arquitectura-que-respira-junto-con-la-naturaleza\/","og_locale":"es_MX","og_type":"article","og_title":"Vertebral: arquitectura que respira junto con la naturaleza | Grid Magazine","og_description":"Hablar de Vertebral es hablar de un estudio que entiende la arquitectura no como un objeto impuesto, sino como un organismo vivo que dialoga con su entorno. Fundado en 2016, su origen responde a una inquietud clara: reconciliar lo construido con lo natural. Desde entonces, han cultivado un lenguaje que se despliega como un jard\u00edn, creciendo con paciencia, escuchando al paisaje y permitiendo que cada proyecto encuentre su propio ritmo. M\u00e1s que dise\u00f1ar formas preconcebidas, Vertebral trabaja como quien cultiva [&hellip;]","og_url":"https:\/\/www.gridmag.com.mx\/index.php\/2025\/09\/10\/vertebral-arquitectura-que-respira-junto-con-la-naturaleza\/","og_site_name":"Grid Magazine","article_publisher":"https:\/\/www.facebook.com\/gridmagazine.mx","article_published_time":"2025-09-10T16:32:57+00:00","article_modified_time":"2025-09-10T16:33:00+00:00","og_image":[{"width":2560,"height":1707,"url":"https:\/\/www.gridmag.com.mx\/wp-content\/uploads\/2025\/09\/Andres-cedillo-2-scaled.jpg","type":"image\/jpeg"}],"author":"Grid Magazine","twitter_card":"summary_large_image","twitter_misc":{"Escrito por":"Grid Magazine","Tiempo de lectura":"4 minutos"},"schema":{"@context":"https:\/\/schema.org","@graph":[{"@type":"Article","@id":"https:\/\/www.gridmag.com.mx\/index.php\/2025\/09\/10\/vertebral-arquitectura-que-respira-junto-con-la-naturaleza\/#article","isPartOf":{"@id":"https:\/\/www.gridmag.com.mx\/index.php\/2025\/09\/10\/vertebral-arquitectura-que-respira-junto-con-la-naturaleza\/"},"author":{"name":"Grid Magazine","@id":"https:\/\/www.gridmag.com.mx\/#\/schema\/person\/d54cddc75e2ecfe4a55e39c0336ae932"},"headline":"Vertebral: arquitectura que respira junto con la naturaleza","datePublished":"2025-09-10T16:32:57+00:00","dateModified":"2025-09-10T16:33:00+00:00","mainEntityOfPage":{"@id":"https:\/\/www.gridmag.com.mx\/index.php\/2025\/09\/10\/vertebral-arquitectura-que-respira-junto-con-la-naturaleza\/"},"wordCount":507,"commentCount":0,"publisher":{"@id":"https:\/\/www.gridmag.com.mx\/#organization"},"image":{"@id":"https:\/\/www.gridmag.com.mx\/index.php\/2025\/09\/10\/vertebral-arquitectura-que-respira-junto-con-la-naturaleza\/#primaryimage"},"thumbnailUrl":"https:\/\/www.gridmag.com.mx\/wp-content\/uploads\/2025\/09\/Andres-cedillo-2-scaled.jpg","keywords":["2025","ARQUITECTURA","DISE\u00d1O","ECO ARQUITECTURA","interiorismo","NATURALEZA ARQUITECTURA","PROYECTO"],"articleSection":["Arquitectura","Dise\u00f1o","Interiorismo"],"inLanguage":"es","potentialAction":[{"@type":"CommentAction","name":"Comment","target":["https:\/\/www.gridmag.com.mx\/index.php\/2025\/09\/10\/vertebral-arquitectura-que-respira-junto-con-la-naturaleza\/#respond"]}]},{"@type":"WebPage","@id":"https:\/\/www.gridmag.com.mx\/index.php\/2025\/09\/10\/vertebral-arquitectura-que-respira-junto-con-la-naturaleza\/","url":"https:\/\/www.gridmag.com.mx\/index.php\/2025\/09\/10\/vertebral-arquitectura-que-respira-junto-con-la-naturaleza\/","name":"Vertebral: arquitectura que respira junto con la naturaleza | Grid Magazine","isPartOf":{"@id":"https:\/\/www.gridmag.com.mx\/#website"},"primaryImageOfPage":{"@id":"https:\/\/www.gridmag.com.mx\/index.php\/2025\/09\/10\/vertebral-arquitectura-que-respira-junto-con-la-naturaleza\/#primaryimage"},"image":{"@id":"https:\/\/www.gridmag.com.mx\/index.php\/2025\/09\/10\/vertebral-arquitectura-que-respira-junto-con-la-naturaleza\/#primaryimage"},"thumbnailUrl":"https:\/\/www.gridmag.com.mx\/wp-content\/uploads\/2025\/09\/Andres-cedillo-2-scaled.jpg","datePublished":"2025-09-10T16:32:57+00:00","dateModified":"2025-09-10T16:33:00+00:00","breadcrumb":{"@id":"https:\/\/www.gridmag.com.mx\/index.php\/2025\/09\/10\/vertebral-arquitectura-que-respira-junto-con-la-naturaleza\/#breadcrumb"},"inLanguage":"es","potentialAction":[{"@type":"ReadAction","target":["https:\/\/www.gridmag.com.mx\/index.php\/2025\/09\/10\/vertebral-arquitectura-que-respira-junto-con-la-naturaleza\/"]}]},{"@type":"ImageObject","inLanguage":"es","@id":"https:\/\/www.gridmag.com.mx\/index.php\/2025\/09\/10\/vertebral-arquitectura-que-respira-junto-con-la-naturaleza\/#primaryimage","url":"https:\/\/www.gridmag.com.mx\/wp-content\/uploads\/2025\/09\/Andres-cedillo-2-scaled.jpg","contentUrl":"https:\/\/www.gridmag.com.mx\/wp-content\/uploads\/2025\/09\/Andres-cedillo-2-scaled.jpg","width":2560,"height":1707,"caption":"Vertebral: arquitectura que respira junto con la naturaleza"},{"@type":"BreadcrumbList","@id":"https:\/\/www.gridmag.com.mx\/index.php\/2025\/09\/10\/vertebral-arquitectura-que-respira-junto-con-la-naturaleza\/#breadcrumb","itemListElement":[{"@type":"ListItem","position":1,"name":"Inicio","item":"https:\/\/www.gridmag.com.mx\/"},{"@type":"ListItem","position":2,"name":"Vertebral: arquitectura que respira junto con la naturaleza"}]},{"@type":"WebSite","@id":"https:\/\/www.gridmag.com.mx\/#website","url":"https:\/\/www.gridmag.com.mx\/","name":"Grid Magazine","description":"Compartiendo lo mejor de la arquitectura y dise\u00f1o mexicano.","publisher":{"@id":"https:\/\/www.gridmag.com.mx\/#organization"},"potentialAction":[{"@type":"SearchAction","target":{"@type":"EntryPoint","urlTemplate":"https:\/\/www.gridmag.com.mx\/?s={search_term_string}"},"query-input":{"@type":"PropertyValueSpecification","valueRequired":true,"valueName":"search_term_string"}}],"inLanguage":"es"},{"@type":"Organization","@id":"https:\/\/www.gridmag.com.mx\/#organization","name":"Grid Magazine","url":"https:\/\/www.gridmag.com.mx\/","logo":{"@type":"ImageObject","inLanguage":"es","@id":"https:\/\/www.gridmag.com.mx\/#\/schema\/logo\/image\/","url":"","contentUrl":"","caption":"Grid Magazine"},"image":{"@id":"https:\/\/www.gridmag.com.mx\/#\/schema\/logo\/image\/"},"sameAs":["https:\/\/www.facebook.com\/gridmagazine.mx","https:\/\/www.instagram.com\/gridmagazine_mx\/","https:\/\/www.tiktok.com\/@gridmagazine.mx?_t=8gl2kVR2Aq6&_r=1","https:\/\/www.linkedin.com\/company\/grid-magazine-mx\/"]},{"@type":"Person","@id":"https:\/\/www.gridmag.com.mx\/#\/schema\/person\/d54cddc75e2ecfe4a55e39c0336ae932","name":"Grid Magazine","image":{"@type":"ImageObject","inLanguage":"es","@id":"https:\/\/www.gridmag.com.mx\/#\/schema\/person\/image\/","url":"https:\/\/secure.gravatar.com\/avatar\/8e4bd50943002dd6ee9db30e5af749244f3e21206a99c4fb42429117eaacfc83?s=96&d=mm&r=g","contentUrl":"https:\/\/secure.gravatar.com\/avatar\/8e4bd50943002dd6ee9db30e5af749244f3e21206a99c4fb42429117eaacfc83?s=96&d=mm&r=g","caption":"Grid Magazine"},"sameAs":["https:\/\/www.gridmag.com.mx"],"url":"https:\/\/www.gridmag.com.mx\/index.php\/author\/grid-magazine-arq\/"}]}},"_links":{"self":[{"href":"https:\/\/www.gridmag.com.mx\/index.php\/wp-json\/wp\/v2\/posts\/10609","targetHints":{"allow":["GET"]}}],"collection":[{"href":"https:\/\/www.gridmag.com.mx\/index.php\/wp-json\/wp\/v2\/posts"}],"about":[{"href":"https:\/\/www.gridmag.com.mx\/index.php\/wp-json\/wp\/v2\/types\/post"}],"author":[{"embeddable":true,"href":"https:\/\/www.gridmag.com.mx\/index.php\/wp-json\/wp\/v2\/users\/1"}],"replies":[{"embeddable":true,"href":"https:\/\/www.gridmag.com.mx\/index.php\/wp-json\/wp\/v2\/comments?post=10609"}],"version-history":[{"count":1,"href":"https:\/\/www.gridmag.com.mx\/index.php\/wp-json\/wp\/v2\/posts\/10609\/revisions"}],"predecessor-version":[{"id":10618,"href":"https:\/\/www.gridmag.com.mx\/index.php\/wp-json\/wp\/v2\/posts\/10609\/revisions\/10618"}],"wp:featuredmedia":[{"embeddable":true,"href":"https:\/\/www.gridmag.com.mx\/index.php\/wp-json\/wp\/v2\/media\/10610"}],"wp:attachment":[{"href":"https:\/\/www.gridmag.com.mx\/index.php\/wp-json\/wp\/v2\/media?parent=10609"}],"wp:term":[{"taxonomy":"category","embeddable":true,"href":"https:\/\/www.gridmag.com.mx\/index.php\/wp-json\/wp\/v2\/categories?post=10609"},{"taxonomy":"post_tag","embeddable":true,"href":"https:\/\/www.gridmag.com.mx\/index.php\/wp-json\/wp\/v2\/tags?post=10609"}],"curies":[{"name":"wp","href":"https:\/\/api.w.org\/{rel}","templated":true}]}}