{"id":10877,"date":"2025-10-20T12:07:35","date_gmt":"2025-10-20T18:07:35","guid":{"rendered":"https:\/\/www.gridmag.com.mx\/?p=10877"},"modified":"2025-10-20T12:07:36","modified_gmt":"2025-10-20T18:07:36","slug":"mas-idea-studio-diseno-contemporaneo-con-raiz-artesanal","status":"publish","type":"post","link":"https:\/\/www.gridmag.com.mx\/index.php\/2025\/10\/20\/mas-idea-studio-diseno-contemporaneo-con-raiz-artesanal\/","title":{"rendered":"M\u00e1s idea studio: dise\u00f1o contempor\u00e1neo con ra\u00edz artesanal"},"content":{"rendered":"\n\n\n<p>En un punto de encuentro entre <strong>tradici\u00f3n y contemporaneidad<\/strong>, naci\u00f3 <strong>m\u00e1s idea studio<\/strong>, un despacho mexicano dedicado al dise\u00f1o y fabricaci\u00f3n de mobiliario de lujo que pone en el centro la esencia de lo artesanal y la sobriedad est\u00e9tica.<\/p>\n\n\n\n<p>Su propuesta parte de una premisa clara: <strong>la innovaci\u00f3n no est\u00e1 re\u00f1ida con la tradici\u00f3n, sino que la potencia<\/strong>. Desde sus inicios, el estudio ha buscado crear piezas atemporales que acompa\u00f1en a las personas en su d\u00eda a d\u00eda, combinando funcionalidad, elegancia y car\u00e1cter.<\/p>\n\n\n\n<figure class=\"wp-block-image size-large\"><img decoding=\"async\" width=\"652\" height=\"1024\" src=\"https:\/\/www.gridmag.com.mx\/wp-content\/uploads\/2025\/10\/DFD15D59-0FF3-4B5C-A1B6-62721CC8CE76_1_105_c-652x1024.jpeg\" alt=\"\" class=\"wp-image-10879\" srcset=\"https:\/\/www.gridmag.com.mx\/wp-content\/uploads\/2025\/10\/DFD15D59-0FF3-4B5C-A1B6-62721CC8CE76_1_105_c-652x1024.jpeg 652w, https:\/\/www.gridmag.com.mx\/wp-content\/uploads\/2025\/10\/DFD15D59-0FF3-4B5C-A1B6-62721CC8CE76_1_105_c-191x300.jpeg 191w, https:\/\/www.gridmag.com.mx\/wp-content\/uploads\/2025\/10\/DFD15D59-0FF3-4B5C-A1B6-62721CC8CE76_1_105_c.jpeg 707w\" sizes=\"(max-width: 652px) 100vw, 652px\" \/><\/figure>\n\n\n\n<h3 class=\"wp-block-heading\">Filosof\u00eda y estilo: sobriedad que perdura<\/h3>\n\n\n\n<p>La filosof\u00eda de m\u00e1s idea studio se sostiene en tres ejes:<\/p>\n\n\n\n<ul class=\"wp-block-list\">\n<li>Uso de <strong>materiales de primera calidad<\/strong>.<br><\/li>\n\n\n\n<li><strong>Reconocimiento al trabajo artesanal<\/strong>, presente en cada detalle.<br><\/li>\n\n\n\n<li>Creaci\u00f3n de <strong>piezas sobrias y atemporales<\/strong>, capaces de trascender las tendencias pasajeras.<br><\/li>\n<\/ul>\n\n\n\n<p>Su estilo se define por la calidez de maderas como <strong>rosa morado, encino o tzalam<\/strong>, combinadas con fibras naturales, pieles y linos. L\u00edneas limpias y proporciones equilibradas son la base de un lenguaje que transmite serenidad, sin perder sofisticaci\u00f3n.<\/p>\n\n\n\n<figure class=\"wp-block-image size-large\"><img decoding=\"async\" width=\"703\" height=\"1024\" src=\"https:\/\/www.gridmag.com.mx\/wp-content\/uploads\/2025\/10\/18478FA6-ECAC-4F3C-A0FD-A747E493A8A5_1_105_c-703x1024.jpeg\" alt=\"\" class=\"wp-image-10880\" srcset=\"https:\/\/www.gridmag.com.mx\/wp-content\/uploads\/2025\/10\/18478FA6-ECAC-4F3C-A0FD-A747E493A8A5_1_105_c-703x1024.jpeg 703w, https:\/\/www.gridmag.com.mx\/wp-content\/uploads\/2025\/10\/18478FA6-ECAC-4F3C-A0FD-A747E493A8A5_1_105_c-206x300.jpeg 206w, https:\/\/www.gridmag.com.mx\/wp-content\/uploads\/2025\/10\/18478FA6-ECAC-4F3C-A0FD-A747E493A8A5_1_105_c.jpeg 735w\" sizes=\"(max-width: 703px) 100vw, 703px\" \/><\/figure>\n\n\n\n<h3 class=\"wp-block-heading\">Funcionalidad y est\u00e9tica: un equilibrio esencial<\/h3>\n\n\n\n<p>Para el estudio, la funcionalidad es el punto de partida. Una silla debe invitar a sentarse y una mesa debe integrarse al espacio antes de ser contemplada como objeto decorativo. Solo despu\u00e9s de resolver lo pr\u00e1ctico, afinan proporciones y acabados, logrando piezas que son <strong>bellas y \u00fatiles al mismo tiempo<\/strong>.<\/p>\n\n\n\n<h3 class=\"wp-block-heading\">Sostenibilidad, innovaci\u00f3n y tradici\u00f3n: un tri\u00e1ngulo inseparable<\/h3>\n\n\n\n<p>En m\u00e1s idea studio, la sostenibilidad est\u00e1 ligada a la durabilidad: dise\u00f1an muebles pensados para toda la vida, promoviendo un <strong>lujo responsable<\/strong>.<br>La tradici\u00f3n se manifiesta en las t\u00e9cnicas artesanales heredadas de generaci\u00f3n en generaci\u00f3n, mientras que la innovaci\u00f3n aparece en los procesos y maquinaria que perfeccionan cada pieza.<\/p>\n\n\n\n<p>Incluso los retos se convierten en oportunidades: ante el desperdicio de madera, el estudio desarrolla una l\u00ednea de objetos creados a partir de sobrantes, aprovechando cada recurso al m\u00e1ximo.<\/p>\n\n\n\n<figure class=\"wp-block-image size-full\"><img decoding=\"async\" width=\"769\" height=\"1024\" src=\"https:\/\/www.gridmag.com.mx\/wp-content\/uploads\/2025\/10\/5726F617-3920-4540-A809-98CC9A02795F_1_105_c.jpeg\" alt=\"\" class=\"wp-image-10881\" srcset=\"https:\/\/www.gridmag.com.mx\/wp-content\/uploads\/2025\/10\/5726F617-3920-4540-A809-98CC9A02795F_1_105_c.jpeg 769w, https:\/\/www.gridmag.com.mx\/wp-content\/uploads\/2025\/10\/5726F617-3920-4540-A809-98CC9A02795F_1_105_c-225x300.jpeg 225w\" sizes=\"(max-width: 769px) 100vw, 769px\" \/><\/figure>\n\n\n\n<h3 class=\"wp-block-heading\">M\u00e1s idea studio | Un dise\u00f1o que escucha al cliente<\/h3>\n\n\n\n<p>Cada proyecto es \u00fanico, por lo que el estudio abre la puerta a la <strong>personalizaci\u00f3n de materiales, colores y acabados<\/strong>, involucrando al cliente en el proceso creativo. As\u00ed, el resultado final no solo refleja la identidad del despacho, sino tambi\u00e9n la esencia de quien habitar\u00e1 cada pieza.<\/p>\n\n\n\n<h3 class=\"wp-block-heading\">Tendencias y proyectos destacados<\/h3>\n\n\n\n<p>Actualmente, m\u00e1s idea studio percibe un regreso a lo natural: tonos neutros, maderas claras y ambientes relajados. Estas tendencias son reinterpretadas desde su visi\u00f3n artesanal, garantizando vigencia m\u00e1s all\u00e1 de la moda.<\/p>\n\n\n\n<p>Entre sus proyectos m\u00e1s especiales destacan los realizados en colaboraci\u00f3n con <strong>Aldo Machiavelo Arquitectos<\/strong> en Le\u00f3n, Guanajuato, donde el estudio tuvo total libertad creativa en dise\u00f1o interior y mobiliario, consolidando su sello est\u00e9tico y conceptual.<\/p>\n\n\n\n<figure class=\"wp-block-image size-large\"><img decoding=\"async\" width=\"661\" height=\"1024\" src=\"https:\/\/www.gridmag.com.mx\/wp-content\/uploads\/2025\/10\/8C33930F-4B45-4228-8D7D-17D3EC314C51-661x1024.jpeg\" alt=\"\" class=\"wp-image-10882\" srcset=\"https:\/\/www.gridmag.com.mx\/wp-content\/uploads\/2025\/10\/8C33930F-4B45-4228-8D7D-17D3EC314C51-661x1024.jpeg 661w, https:\/\/www.gridmag.com.mx\/wp-content\/uploads\/2025\/10\/8C33930F-4B45-4228-8D7D-17D3EC314C51-194x300.jpeg 194w, https:\/\/www.gridmag.com.mx\/wp-content\/uploads\/2025\/10\/8C33930F-4B45-4228-8D7D-17D3EC314C51-768x1190.jpeg 768w, https:\/\/www.gridmag.com.mx\/wp-content\/uploads\/2025\/10\/8C33930F-4B45-4228-8D7D-17D3EC314C51-991x1536.jpeg 991w, https:\/\/www.gridmag.com.mx\/wp-content\/uploads\/2025\/10\/8C33930F-4B45-4228-8D7D-17D3EC314C51-1321x2048.jpeg 1321w, https:\/\/www.gridmag.com.mx\/wp-content\/uploads\/2025\/10\/8C33930F-4B45-4228-8D7D-17D3EC314C51-770x1193.jpeg 770w, https:\/\/www.gridmag.com.mx\/wp-content\/uploads\/2025\/10\/8C33930F-4B45-4228-8D7D-17D3EC314C51-1400x2170.jpeg 1400w, https:\/\/www.gridmag.com.mx\/wp-content\/uploads\/2025\/10\/8C33930F-4B45-4228-8D7D-17D3EC314C51-scaled.jpeg 1652w\" sizes=\"(max-width: 661px) 100vw, 661px\" \/><\/figure>\n\n\n\n<h3 class=\"wp-block-heading\">El futuro: expansi\u00f3n y nuevas colecciones de M\u00e1s idea studio<\/h3>\n\n\n\n<p>Mirando hacia adelante, el estudio abrir\u00e1 su <strong>primer showroom en Ciudad de M\u00e9xico<\/strong>, sumando al que ya tienen en Le\u00f3n, donde tambi\u00e9n se ubica su taller. Adem\u00e1s, preparan una <strong>nueva colecci\u00f3n<\/strong> que explorar\u00e1 tipolog\u00edas distintas a las actuales y buscan ampliar horizontes colaborando con arquitectos y dise\u00f1adores para desarrollar piezas conjuntas.M\u00e1s idea studio confirma as\u00ed su compromiso con un dise\u00f1o contempor\u00e1neo que respira desde la artesan\u00eda, con piezas pensadas no solo para habitar un espacio, sino para <strong>trascender en el tiempo<\/strong>.<\/p>\n\n\n\n<p>IG: @<a href=\"https:\/\/www.instagram.com\/masideastudio?utm_source=ig_web_button_share_sheet&amp;igsh=MWVoaXBmOWU0bG1rbA%3D%3D#\">masideastudio<\/a><\/p>\n","protected":false},"excerpt":{"rendered":"<p>En un punto de encuentro entre tradici\u00f3n y contemporaneidad, naci\u00f3 m\u00e1s idea studio, un despacho mexicano dedicado al dise\u00f1o y fabricaci\u00f3n de mobiliario de lujo que pone en el centro la esencia de lo artesanal y la sobriedad est\u00e9tica. Su propuesta parte de una premisa clara: la innovaci\u00f3n no est\u00e1 re\u00f1ida con la tradici\u00f3n, sino que la potencia. Desde sus inicios, el estudio ha buscado crear piezas atemporales que acompa\u00f1en a las personas en su d\u00eda a d\u00eda, combinando funcionalidad, [&hellip;]<\/p>\n","protected":false},"author":1,"featured_media":10883,"comment_status":"open","ping_status":"open","sticky":false,"template":"","format":"standard","meta":{"footnotes":""},"categories":[52],"tags":[520,710,310,809,839,705,843,211,252,841,838,840,842],"class_list":["post-10877","post","type-post","status-publish","format-standard","has-post-thumbnail","hentry","category-diseno","tag-artesania-mexicana","tag-diseno-atemporal-2","tag-diseno-contemporaneo","tag-diseno-de-autor","tag-diseno-de-interiores","tag-diseno-funcional","tag-diseno-leon-guanajuato","tag-diseno-mexicano","tag-lujo-sostenible","tag-maderas-naturales","tag-mas-idea-studio","tag-mobiliario-artesanal","tag-showroom-cdmx"],"yoast_head":"<!-- This site is optimized with the Yoast SEO plugin v27.0 - https:\/\/yoast.com\/product\/yoast-seo-wordpress\/ -->\n<title>M\u00e1s idea studio: dise\u00f1o contempor\u00e1neo con ra\u00edz artesanal | Grid Magazine<\/title>\n<meta name=\"description\" content=\"M\u00e1s Idea Studio crea mobiliario mexicano artesanal y contempor\u00e1neo que equilibra est\u00e9tica, funcionalidad y sostenibilidad.\" \/>\n<meta name=\"robots\" content=\"index, follow, max-snippet:-1, max-image-preview:large, max-video-preview:-1\" \/>\n<link rel=\"canonical\" href=\"https:\/\/www.gridmag.com.mx\/index.php\/2025\/10\/20\/mas-idea-studio-diseno-contemporaneo-con-raiz-artesanal\/\" \/>\n<meta property=\"og:locale\" content=\"es_MX\" \/>\n<meta property=\"og:type\" content=\"article\" \/>\n<meta property=\"og:title\" content=\"M\u00e1s idea studio: dise\u00f1o contempor\u00e1neo con ra\u00edz artesanal | Grid Magazine\" \/>\n<meta property=\"og:description\" content=\"M\u00e1s Idea Studio crea mobiliario mexicano artesanal y contempor\u00e1neo que equilibra est\u00e9tica, funcionalidad y sostenibilidad.\" \/>\n<meta property=\"og:url\" content=\"https:\/\/www.gridmag.com.mx\/index.php\/2025\/10\/20\/mas-idea-studio-diseno-contemporaneo-con-raiz-artesanal\/\" \/>\n<meta property=\"og:site_name\" content=\"Grid Magazine\" \/>\n<meta property=\"article:publisher\" content=\"https:\/\/www.facebook.com\/gridmagazine.mx\" \/>\n<meta property=\"article:published_time\" content=\"2025-10-20T18:07:35+00:00\" \/>\n<meta property=\"article:modified_time\" content=\"2025-10-20T18:07:36+00:00\" \/>\n<meta property=\"og:image\" content=\"https:\/\/www.gridmag.com.mx\/wp-content\/uploads\/2025\/10\/MAS-IDEA.jpg\" \/>\n\t<meta property=\"og:image:width\" content=\"1750\" \/>\n\t<meta property=\"og:image:height\" content=\"1152\" \/>\n\t<meta property=\"og:image:type\" content=\"image\/jpeg\" \/>\n<meta name=\"author\" content=\"Grid Magazine\" \/>\n<meta name=\"twitter:card\" content=\"summary_large_image\" \/>\n<meta name=\"twitter:label1\" content=\"Escrito por\" \/>\n\t<meta name=\"twitter:data1\" content=\"Grid Magazine\" \/>\n\t<meta name=\"twitter:label2\" content=\"Tiempo de lectura\" \/>\n\t<meta name=\"twitter:data2\" content=\"4 minutos\" \/>\n<script type=\"application\/ld+json\" class=\"yoast-schema-graph\">{\"@context\":\"https:\/\/schema.org\",\"@graph\":[{\"@type\":\"Article\",\"@id\":\"https:\/\/www.gridmag.com.mx\/index.php\/2025\/10\/20\/mas-idea-studio-diseno-contemporaneo-con-raiz-artesanal\/#article\",\"isPartOf\":{\"@id\":\"https:\/\/www.gridmag.com.mx\/index.php\/2025\/10\/20\/mas-idea-studio-diseno-contemporaneo-con-raiz-artesanal\/\"},\"author\":{\"name\":\"Grid Magazine\",\"@id\":\"https:\/\/www.gridmag.com.mx\/#\/schema\/person\/d54cddc75e2ecfe4a55e39c0336ae932\"},\"headline\":\"M\u00e1s idea studio: dise\u00f1o contempor\u00e1neo con ra\u00edz artesanal\",\"datePublished\":\"2025-10-20T18:07:35+00:00\",\"dateModified\":\"2025-10-20T18:07:36+00:00\",\"mainEntityOfPage\":{\"@id\":\"https:\/\/www.gridmag.com.mx\/index.php\/2025\/10\/20\/mas-idea-studio-diseno-contemporaneo-con-raiz-artesanal\/\"},\"wordCount\":597,\"commentCount\":0,\"publisher\":{\"@id\":\"https:\/\/www.gridmag.com.mx\/#organization\"},\"image\":{\"@id\":\"https:\/\/www.gridmag.com.mx\/index.php\/2025\/10\/20\/mas-idea-studio-diseno-contemporaneo-con-raiz-artesanal\/#primaryimage\"},\"thumbnailUrl\":\"https:\/\/www.gridmag.com.mx\/wp-content\/uploads\/2025\/10\/MAS-IDEA.jpg\",\"keywords\":[\"artesan\u00eda mexicana\",\"dise\u00f1o atemporal\",\"dise\u00f1o contempor\u00e1neo\",\"dise\u00f1o de autor\",\"dise\u00f1o de interiores\",\"dise\u00f1o funcional\",\"dise\u00f1o leon guanajuato\",\"Dise\u00f1o Mexicano\",\"lujo sostenible\",\"maderas naturales\",\"m\u00e1s idea studio\",\"mobiliario artesanal\",\"showroom CDMX\"],\"articleSection\":[\"Dise\u00f1o\"],\"inLanguage\":\"es\",\"potentialAction\":[{\"@type\":\"CommentAction\",\"name\":\"Comment\",\"target\":[\"https:\/\/www.gridmag.com.mx\/index.php\/2025\/10\/20\/mas-idea-studio-diseno-contemporaneo-con-raiz-artesanal\/#respond\"]}]},{\"@type\":\"WebPage\",\"@id\":\"https:\/\/www.gridmag.com.mx\/index.php\/2025\/10\/20\/mas-idea-studio-diseno-contemporaneo-con-raiz-artesanal\/\",\"url\":\"https:\/\/www.gridmag.com.mx\/index.php\/2025\/10\/20\/mas-idea-studio-diseno-contemporaneo-con-raiz-artesanal\/\",\"name\":\"M\u00e1s idea studio: dise\u00f1o contempor\u00e1neo con ra\u00edz artesanal | Grid Magazine\",\"isPartOf\":{\"@id\":\"https:\/\/www.gridmag.com.mx\/#website\"},\"primaryImageOfPage\":{\"@id\":\"https:\/\/www.gridmag.com.mx\/index.php\/2025\/10\/20\/mas-idea-studio-diseno-contemporaneo-con-raiz-artesanal\/#primaryimage\"},\"image\":{\"@id\":\"https:\/\/www.gridmag.com.mx\/index.php\/2025\/10\/20\/mas-idea-studio-diseno-contemporaneo-con-raiz-artesanal\/#primaryimage\"},\"thumbnailUrl\":\"https:\/\/www.gridmag.com.mx\/wp-content\/uploads\/2025\/10\/MAS-IDEA.jpg\",\"datePublished\":\"2025-10-20T18:07:35+00:00\",\"dateModified\":\"2025-10-20T18:07:36+00:00\",\"description\":\"M\u00e1s Idea Studio crea mobiliario mexicano artesanal y contempor\u00e1neo que equilibra est\u00e9tica, funcionalidad y sostenibilidad.\",\"breadcrumb\":{\"@id\":\"https:\/\/www.gridmag.com.mx\/index.php\/2025\/10\/20\/mas-idea-studio-diseno-contemporaneo-con-raiz-artesanal\/#breadcrumb\"},\"inLanguage\":\"es\",\"potentialAction\":[{\"@type\":\"ReadAction\",\"target\":[\"https:\/\/www.gridmag.com.mx\/index.php\/2025\/10\/20\/mas-idea-studio-diseno-contemporaneo-con-raiz-artesanal\/\"]}]},{\"@type\":\"ImageObject\",\"inLanguage\":\"es\",\"@id\":\"https:\/\/www.gridmag.com.mx\/index.php\/2025\/10\/20\/mas-idea-studio-diseno-contemporaneo-con-raiz-artesanal\/#primaryimage\",\"url\":\"https:\/\/www.gridmag.com.mx\/wp-content\/uploads\/2025\/10\/MAS-IDEA.jpg\",\"contentUrl\":\"https:\/\/www.gridmag.com.mx\/wp-content\/uploads\/2025\/10\/MAS-IDEA.jpg\",\"width\":1750,\"height\":1152,\"caption\":\"Screenshot\"},{\"@type\":\"BreadcrumbList\",\"@id\":\"https:\/\/www.gridmag.com.mx\/index.php\/2025\/10\/20\/mas-idea-studio-diseno-contemporaneo-con-raiz-artesanal\/#breadcrumb\",\"itemListElement\":[{\"@type\":\"ListItem\",\"position\":1,\"name\":\"Inicio\",\"item\":\"https:\/\/www.gridmag.com.mx\/\"},{\"@type\":\"ListItem\",\"position\":2,\"name\":\"M\u00e1s idea studio: dise\u00f1o contempor\u00e1neo con ra\u00edz artesanal\"}]},{\"@type\":\"WebSite\",\"@id\":\"https:\/\/www.gridmag.com.mx\/#website\",\"url\":\"https:\/\/www.gridmag.com.mx\/\",\"name\":\"Grid Magazine\",\"description\":\"Compartiendo lo mejor de la arquitectura y dise\u00f1o mexicano.\",\"publisher\":{\"@id\":\"https:\/\/www.gridmag.com.mx\/#organization\"},\"potentialAction\":[{\"@type\":\"SearchAction\",\"target\":{\"@type\":\"EntryPoint\",\"urlTemplate\":\"https:\/\/www.gridmag.com.mx\/?s={search_term_string}\"},\"query-input\":{\"@type\":\"PropertyValueSpecification\",\"valueRequired\":true,\"valueName\":\"search_term_string\"}}],\"inLanguage\":\"es\"},{\"@type\":\"Organization\",\"@id\":\"https:\/\/www.gridmag.com.mx\/#organization\",\"name\":\"Grid Magazine\",\"url\":\"https:\/\/www.gridmag.com.mx\/\",\"logo\":{\"@type\":\"ImageObject\",\"inLanguage\":\"es\",\"@id\":\"https:\/\/www.gridmag.com.mx\/#\/schema\/logo\/image\/\",\"url\":\"\",\"contentUrl\":\"\",\"caption\":\"Grid Magazine\"},\"image\":{\"@id\":\"https:\/\/www.gridmag.com.mx\/#\/schema\/logo\/image\/\"},\"sameAs\":[\"https:\/\/www.facebook.com\/gridmagazine.mx\",\"https:\/\/www.instagram.com\/gridmagazine_mx\/\",\"https:\/\/www.tiktok.com\/@gridmagazine.mx?_t=8gl2kVR2Aq6&_r=1\",\"https:\/\/www.linkedin.com\/company\/grid-magazine-mx\/\"]},{\"@type\":\"Person\",\"@id\":\"https:\/\/www.gridmag.com.mx\/#\/schema\/person\/d54cddc75e2ecfe4a55e39c0336ae932\",\"name\":\"Grid Magazine\",\"image\":{\"@type\":\"ImageObject\",\"inLanguage\":\"es\",\"@id\":\"https:\/\/www.gridmag.com.mx\/#\/schema\/person\/image\/\",\"url\":\"https:\/\/secure.gravatar.com\/avatar\/8e4bd50943002dd6ee9db30e5af749244f3e21206a99c4fb42429117eaacfc83?s=96&d=mm&r=g\",\"contentUrl\":\"https:\/\/secure.gravatar.com\/avatar\/8e4bd50943002dd6ee9db30e5af749244f3e21206a99c4fb42429117eaacfc83?s=96&d=mm&r=g\",\"caption\":\"Grid Magazine\"},\"sameAs\":[\"https:\/\/www.gridmag.com.mx\"],\"url\":\"https:\/\/www.gridmag.com.mx\/index.php\/author\/grid-magazine-arq\/\"}]}<\/script>\n<!-- \/ Yoast SEO plugin. -->","yoast_head_json":{"title":"M\u00e1s idea studio: dise\u00f1o contempor\u00e1neo con ra\u00edz artesanal | Grid Magazine","description":"M\u00e1s Idea Studio crea mobiliario mexicano artesanal y contempor\u00e1neo que equilibra est\u00e9tica, funcionalidad y sostenibilidad.","robots":{"index":"index","follow":"follow","max-snippet":"max-snippet:-1","max-image-preview":"max-image-preview:large","max-video-preview":"max-video-preview:-1"},"canonical":"https:\/\/www.gridmag.com.mx\/index.php\/2025\/10\/20\/mas-idea-studio-diseno-contemporaneo-con-raiz-artesanal\/","og_locale":"es_MX","og_type":"article","og_title":"M\u00e1s idea studio: dise\u00f1o contempor\u00e1neo con ra\u00edz artesanal | Grid Magazine","og_description":"M\u00e1s Idea Studio crea mobiliario mexicano artesanal y contempor\u00e1neo que equilibra est\u00e9tica, funcionalidad y sostenibilidad.","og_url":"https:\/\/www.gridmag.com.mx\/index.php\/2025\/10\/20\/mas-idea-studio-diseno-contemporaneo-con-raiz-artesanal\/","og_site_name":"Grid Magazine","article_publisher":"https:\/\/www.facebook.com\/gridmagazine.mx","article_published_time":"2025-10-20T18:07:35+00:00","article_modified_time":"2025-10-20T18:07:36+00:00","og_image":[{"width":1750,"height":1152,"url":"https:\/\/www.gridmag.com.mx\/wp-content\/uploads\/2025\/10\/MAS-IDEA.jpg","type":"image\/jpeg"}],"author":"Grid Magazine","twitter_card":"summary_large_image","twitter_misc":{"Escrito por":"Grid Magazine","Tiempo de lectura":"4 minutos"},"schema":{"@context":"https:\/\/schema.org","@graph":[{"@type":"Article","@id":"https:\/\/www.gridmag.com.mx\/index.php\/2025\/10\/20\/mas-idea-studio-diseno-contemporaneo-con-raiz-artesanal\/#article","isPartOf":{"@id":"https:\/\/www.gridmag.com.mx\/index.php\/2025\/10\/20\/mas-idea-studio-diseno-contemporaneo-con-raiz-artesanal\/"},"author":{"name":"Grid Magazine","@id":"https:\/\/www.gridmag.com.mx\/#\/schema\/person\/d54cddc75e2ecfe4a55e39c0336ae932"},"headline":"M\u00e1s idea studio: dise\u00f1o contempor\u00e1neo con ra\u00edz artesanal","datePublished":"2025-10-20T18:07:35+00:00","dateModified":"2025-10-20T18:07:36+00:00","mainEntityOfPage":{"@id":"https:\/\/www.gridmag.com.mx\/index.php\/2025\/10\/20\/mas-idea-studio-diseno-contemporaneo-con-raiz-artesanal\/"},"wordCount":597,"commentCount":0,"publisher":{"@id":"https:\/\/www.gridmag.com.mx\/#organization"},"image":{"@id":"https:\/\/www.gridmag.com.mx\/index.php\/2025\/10\/20\/mas-idea-studio-diseno-contemporaneo-con-raiz-artesanal\/#primaryimage"},"thumbnailUrl":"https:\/\/www.gridmag.com.mx\/wp-content\/uploads\/2025\/10\/MAS-IDEA.jpg","keywords":["artesan\u00eda mexicana","dise\u00f1o atemporal","dise\u00f1o contempor\u00e1neo","dise\u00f1o de autor","dise\u00f1o de interiores","dise\u00f1o funcional","dise\u00f1o leon guanajuato","Dise\u00f1o Mexicano","lujo sostenible","maderas naturales","m\u00e1s idea studio","mobiliario artesanal","showroom CDMX"],"articleSection":["Dise\u00f1o"],"inLanguage":"es","potentialAction":[{"@type":"CommentAction","name":"Comment","target":["https:\/\/www.gridmag.com.mx\/index.php\/2025\/10\/20\/mas-idea-studio-diseno-contemporaneo-con-raiz-artesanal\/#respond"]}]},{"@type":"WebPage","@id":"https:\/\/www.gridmag.com.mx\/index.php\/2025\/10\/20\/mas-idea-studio-diseno-contemporaneo-con-raiz-artesanal\/","url":"https:\/\/www.gridmag.com.mx\/index.php\/2025\/10\/20\/mas-idea-studio-diseno-contemporaneo-con-raiz-artesanal\/","name":"M\u00e1s idea studio: dise\u00f1o contempor\u00e1neo con ra\u00edz artesanal | Grid Magazine","isPartOf":{"@id":"https:\/\/www.gridmag.com.mx\/#website"},"primaryImageOfPage":{"@id":"https:\/\/www.gridmag.com.mx\/index.php\/2025\/10\/20\/mas-idea-studio-diseno-contemporaneo-con-raiz-artesanal\/#primaryimage"},"image":{"@id":"https:\/\/www.gridmag.com.mx\/index.php\/2025\/10\/20\/mas-idea-studio-diseno-contemporaneo-con-raiz-artesanal\/#primaryimage"},"thumbnailUrl":"https:\/\/www.gridmag.com.mx\/wp-content\/uploads\/2025\/10\/MAS-IDEA.jpg","datePublished":"2025-10-20T18:07:35+00:00","dateModified":"2025-10-20T18:07:36+00:00","description":"M\u00e1s Idea Studio crea mobiliario mexicano artesanal y contempor\u00e1neo que equilibra est\u00e9tica, funcionalidad y sostenibilidad.","breadcrumb":{"@id":"https:\/\/www.gridmag.com.mx\/index.php\/2025\/10\/20\/mas-idea-studio-diseno-contemporaneo-con-raiz-artesanal\/#breadcrumb"},"inLanguage":"es","potentialAction":[{"@type":"ReadAction","target":["https:\/\/www.gridmag.com.mx\/index.php\/2025\/10\/20\/mas-idea-studio-diseno-contemporaneo-con-raiz-artesanal\/"]}]},{"@type":"ImageObject","inLanguage":"es","@id":"https:\/\/www.gridmag.com.mx\/index.php\/2025\/10\/20\/mas-idea-studio-diseno-contemporaneo-con-raiz-artesanal\/#primaryimage","url":"https:\/\/www.gridmag.com.mx\/wp-content\/uploads\/2025\/10\/MAS-IDEA.jpg","contentUrl":"https:\/\/www.gridmag.com.mx\/wp-content\/uploads\/2025\/10\/MAS-IDEA.jpg","width":1750,"height":1152,"caption":"Screenshot"},{"@type":"BreadcrumbList","@id":"https:\/\/www.gridmag.com.mx\/index.php\/2025\/10\/20\/mas-idea-studio-diseno-contemporaneo-con-raiz-artesanal\/#breadcrumb","itemListElement":[{"@type":"ListItem","position":1,"name":"Inicio","item":"https:\/\/www.gridmag.com.mx\/"},{"@type":"ListItem","position":2,"name":"M\u00e1s idea studio: dise\u00f1o contempor\u00e1neo con ra\u00edz artesanal"}]},{"@type":"WebSite","@id":"https:\/\/www.gridmag.com.mx\/#website","url":"https:\/\/www.gridmag.com.mx\/","name":"Grid Magazine","description":"Compartiendo lo mejor de la arquitectura y dise\u00f1o mexicano.","publisher":{"@id":"https:\/\/www.gridmag.com.mx\/#organization"},"potentialAction":[{"@type":"SearchAction","target":{"@type":"EntryPoint","urlTemplate":"https:\/\/www.gridmag.com.mx\/?s={search_term_string}"},"query-input":{"@type":"PropertyValueSpecification","valueRequired":true,"valueName":"search_term_string"}}],"inLanguage":"es"},{"@type":"Organization","@id":"https:\/\/www.gridmag.com.mx\/#organization","name":"Grid Magazine","url":"https:\/\/www.gridmag.com.mx\/","logo":{"@type":"ImageObject","inLanguage":"es","@id":"https:\/\/www.gridmag.com.mx\/#\/schema\/logo\/image\/","url":"","contentUrl":"","caption":"Grid Magazine"},"image":{"@id":"https:\/\/www.gridmag.com.mx\/#\/schema\/logo\/image\/"},"sameAs":["https:\/\/www.facebook.com\/gridmagazine.mx","https:\/\/www.instagram.com\/gridmagazine_mx\/","https:\/\/www.tiktok.com\/@gridmagazine.mx?_t=8gl2kVR2Aq6&_r=1","https:\/\/www.linkedin.com\/company\/grid-magazine-mx\/"]},{"@type":"Person","@id":"https:\/\/www.gridmag.com.mx\/#\/schema\/person\/d54cddc75e2ecfe4a55e39c0336ae932","name":"Grid Magazine","image":{"@type":"ImageObject","inLanguage":"es","@id":"https:\/\/www.gridmag.com.mx\/#\/schema\/person\/image\/","url":"https:\/\/secure.gravatar.com\/avatar\/8e4bd50943002dd6ee9db30e5af749244f3e21206a99c4fb42429117eaacfc83?s=96&d=mm&r=g","contentUrl":"https:\/\/secure.gravatar.com\/avatar\/8e4bd50943002dd6ee9db30e5af749244f3e21206a99c4fb42429117eaacfc83?s=96&d=mm&r=g","caption":"Grid Magazine"},"sameAs":["https:\/\/www.gridmag.com.mx"],"url":"https:\/\/www.gridmag.com.mx\/index.php\/author\/grid-magazine-arq\/"}]}},"_links":{"self":[{"href":"https:\/\/www.gridmag.com.mx\/index.php\/wp-json\/wp\/v2\/posts\/10877","targetHints":{"allow":["GET"]}}],"collection":[{"href":"https:\/\/www.gridmag.com.mx\/index.php\/wp-json\/wp\/v2\/posts"}],"about":[{"href":"https:\/\/www.gridmag.com.mx\/index.php\/wp-json\/wp\/v2\/types\/post"}],"author":[{"embeddable":true,"href":"https:\/\/www.gridmag.com.mx\/index.php\/wp-json\/wp\/v2\/users\/1"}],"replies":[{"embeddable":true,"href":"https:\/\/www.gridmag.com.mx\/index.php\/wp-json\/wp\/v2\/comments?post=10877"}],"version-history":[{"count":2,"href":"https:\/\/www.gridmag.com.mx\/index.php\/wp-json\/wp\/v2\/posts\/10877\/revisions"}],"predecessor-version":[{"id":10885,"href":"https:\/\/www.gridmag.com.mx\/index.php\/wp-json\/wp\/v2\/posts\/10877\/revisions\/10885"}],"wp:featuredmedia":[{"embeddable":true,"href":"https:\/\/www.gridmag.com.mx\/index.php\/wp-json\/wp\/v2\/media\/10883"}],"wp:attachment":[{"href":"https:\/\/www.gridmag.com.mx\/index.php\/wp-json\/wp\/v2\/media?parent=10877"}],"wp:term":[{"taxonomy":"category","embeddable":true,"href":"https:\/\/www.gridmag.com.mx\/index.php\/wp-json\/wp\/v2\/categories?post=10877"},{"taxonomy":"post_tag","embeddable":true,"href":"https:\/\/www.gridmag.com.mx\/index.php\/wp-json\/wp\/v2\/tags?post=10877"}],"curies":[{"name":"wp","href":"https:\/\/api.w.org\/{rel}","templated":true}]}}