{"id":10959,"date":"2025-10-30T10:24:34","date_gmt":"2025-10-30T16:24:34","guid":{"rendered":"https:\/\/www.gridmag.com.mx\/?p=10959"},"modified":"2025-10-30T10:24:35","modified_gmt":"2025-10-30T16:24:35","slug":"gianluca-lattuada-en-la-real-fabrica-de-tapices","status":"publish","type":"post","link":"https:\/\/www.gridmag.com.mx\/index.php\/2025\/10\/30\/gianluca-lattuada-en-la-real-fabrica-de-tapices\/","title":{"rendered":"Gianluca Lattuada en la Real F\u00e1brica de Tapices"},"content":{"rendered":"\n\n\n<p>El pasado <strong>10 de septiembre de 2025<\/strong>, la Real F\u00e1brica de Tapices de Madrid abri\u00f3 sus puertas a la exposici\u00f3n <em>Lo que fuimos y lo que seremos<\/em>, del artista italiano <strong>Gianluca Lattuada<\/strong>, en colaboraci\u00f3n con el <strong>Istituto Italiano di Cultura de Madrid<\/strong> y el <strong>ComItEs Madrid<\/strong>.<\/p>\n\n\n\n<p>El acto inaugural reuni\u00f3 a representantes del mundo diplom\u00e1tico, institucional y cultural. Entre los asistentes destac\u00f3 la presencia de la consejera de Cultura de la Embajada de Italia, <strong>D\u00f1a. Teodora Danisi<\/strong>, as\u00ed como del c\u00f3nsul <strong>Giacomo Grandesso<\/strong>. El presidente del ComItEs, <strong>Andrea Lazzari<\/strong>, ofreci\u00f3 un discurso junto a <strong>Alejandro Klecker de Elizalde<\/strong>, director de la Real F\u00e1brica de Tapices, marcando oficialmente la apertura de la muestra.<\/p>\n\n\n\n<p>Con la asistencia de embajadas de pa\u00edses como Alemania, Portugal, Hungr\u00eda, Marruecos y Paraguay, adem\u00e1s de representantes de la Comunidad y el Ayuntamiento de Madrid, la exposici\u00f3n dej\u00f3 clara su <strong>vocaci\u00f3n internacional y culturalmente trascendente<\/strong>.<\/p>\n\n\n\n<figure class=\"wp-block-image size-large\"><img decoding=\"async\" width=\"1024\" height=\"683\" src=\"https:\/\/www.gridmag.com.mx\/wp-content\/uploads\/2025\/10\/RFT7321-1024x683.jpg\" alt=\"\" class=\"wp-image-10961\" srcset=\"https:\/\/www.gridmag.com.mx\/wp-content\/uploads\/2025\/10\/RFT7321-1024x683.jpg 1024w, https:\/\/www.gridmag.com.mx\/wp-content\/uploads\/2025\/10\/RFT7321-300x200.jpg 300w, https:\/\/www.gridmag.com.mx\/wp-content\/uploads\/2025\/10\/RFT7321-768x512.jpg 768w, https:\/\/www.gridmag.com.mx\/wp-content\/uploads\/2025\/10\/RFT7321-1536x1024.jpg 1536w, https:\/\/www.gridmag.com.mx\/wp-content\/uploads\/2025\/10\/RFT7321-2048x1366.jpg 2048w, https:\/\/www.gridmag.com.mx\/wp-content\/uploads\/2025\/10\/RFT7321-360x240.jpg 360w, https:\/\/www.gridmag.com.mx\/wp-content\/uploads\/2025\/10\/RFT7321-720x480.jpg 720w, https:\/\/www.gridmag.com.mx\/wp-content\/uploads\/2025\/10\/RFT7321-770x513.jpg 770w, https:\/\/www.gridmag.com.mx\/wp-content\/uploads\/2025\/10\/RFT7321-1400x933.jpg 1400w\" sizes=\"(max-width: 1024px) 100vw, 1024px\" \/><\/figure>\n\n\n\n<h3 class=\"wp-block-heading\">Gianluca Lattuada: un di\u00e1logo entre pasado y presente<\/h3>\n\n\n\n<p>La exposici\u00f3n present\u00f3 <strong>23 obras<\/strong> que abarcaron desde composiciones textiles realizadas con fragmentos de alfombras hist\u00f3ricas, hasta pinturas sobre lienzo, esculturas en resina y papeles preparatorios de la propia F\u00e1brica.<\/p>\n\n\n\n<p>Cada pieza teji\u00f3 un <strong>doble di\u00e1logo<\/strong>:<\/p>\n\n\n\n<ul class=\"wp-block-list\">\n<li>Por un lado, entre el fragmento hist\u00f3rico y su reconfiguraci\u00f3n en clave contempor\u00e1nea.<br><\/li>\n\n\n\n<li>Por otro, entre las obras de Lattuada y la colecci\u00f3n permanente de la Real F\u00e1brica, estableciendo correspondencias crom\u00e1ticas, formales y conceptuales.<br><\/li>\n<\/ul>\n\n\n\n<p>El resultado fue un recorrido donde lo hist\u00f3rico y lo actual convivieron en equilibrio, recordando que el pasado no es est\u00e1tico, sino <strong>una memoria activa que sigue transformando el presente<\/strong>.<\/p>\n\n\n\n<figure class=\"wp-block-image size-large\"><img decoding=\"async\" width=\"1024\" height=\"683\" src=\"https:\/\/www.gridmag.com.mx\/wp-content\/uploads\/2025\/10\/RFT7015-1024x683.jpg\" alt=\"\" class=\"wp-image-10962\" srcset=\"https:\/\/www.gridmag.com.mx\/wp-content\/uploads\/2025\/10\/RFT7015-1024x683.jpg 1024w, https:\/\/www.gridmag.com.mx\/wp-content\/uploads\/2025\/10\/RFT7015-300x200.jpg 300w, https:\/\/www.gridmag.com.mx\/wp-content\/uploads\/2025\/10\/RFT7015-768x512.jpg 768w, https:\/\/www.gridmag.com.mx\/wp-content\/uploads\/2025\/10\/RFT7015-1536x1024.jpg 1536w, https:\/\/www.gridmag.com.mx\/wp-content\/uploads\/2025\/10\/RFT7015-2048x1365.jpg 2048w, https:\/\/www.gridmag.com.mx\/wp-content\/uploads\/2025\/10\/RFT7015-360x240.jpg 360w, https:\/\/www.gridmag.com.mx\/wp-content\/uploads\/2025\/10\/RFT7015-720x480.jpg 720w, https:\/\/www.gridmag.com.mx\/wp-content\/uploads\/2025\/10\/RFT7015-770x513.jpg 770w, https:\/\/www.gridmag.com.mx\/wp-content\/uploads\/2025\/10\/RFT7015-1400x933.jpg 1400w\" sizes=\"(max-width: 1024px) 100vw, 1024px\" \/><\/figure>\n\n\n\n<h3 class=\"wp-block-heading\">Lo que persiste aunque ya no exista: la obra clave de Gianluca Lattuada<\/h3>\n\n\n\n<p>Entre las piezas m\u00e1s significativas destac\u00f3 <em>Lo que persiste aunque ya no exista<\/em> (2025), en la que Lattuada incorpor\u00f3 fragmentos de alfombras hist\u00f3ricas procedentes del <strong>Congreso de los Diputados<\/strong> y del <strong>edificio Metr\u00f3polis<\/strong> de la Gran V\u00eda madrile\u00f1a.<\/p>\n\n\n\n<p>La composici\u00f3n dialog\u00f3 directamente con el cart\u00f3n preparatorio <em>Pescadores sacando una red del agua<\/em> (1783\u20131785) de Mariano Salvador Maella y Zacar\u00edas Gonz\u00e1lez Vel\u00e1zquez, parte de la colecci\u00f3n de la Real F\u00e1brica. Mientras la obra hist\u00f3rica representaba escenas costeras, Lattuada reinterpret\u00f3 esa memoria a trav\u00e9s de la abstracci\u00f3n, evocando la <strong>persistencia del agua como met\u00e1fora de transformaci\u00f3n y permanencia<\/strong>.<\/p>\n\n\n\n<h3 class=\"wp-block-heading\">Sostenibilidad y econom\u00eda circular en el arte<\/h3>\n\n\n\n<p>El proyecto no solo explor\u00f3 la memoria hist\u00f3rica, sino que tambi\u00e9n subray\u00f3 un <strong>compromiso con la sostenibilidad<\/strong>. Lattuada reutiliz\u00f3 fragmentos de alfombras, papeles y lanas de la F\u00e1brica para dar vida a nuevas obras, incluyendo la serie escult\u00f3rica <em>Pensamientos atrapados<\/em>.<\/p>\n\n\n\n<p>En palabras del propio artista:<\/p>\n\n\n\n<p>\u201cEl residuo no debe entenderse como un desecho, sino como un archivo vivo: fragmentos de memoria que revelan que el pasado no se extingue, sino que sigue habitando el presente\u201d.<\/p>\n\n\n\n<p>Este enfoque coincidi\u00f3 con la visi\u00f3n de la Real F\u00e1brica de Tapices, instituci\u00f3n que mantiene viva la tradici\u00f3n artesanal desde 1721 y que hoy apuesta por pr\u00e1cticas responsables que aseguran su continuidad.<\/p>\n\n\n\n<figure class=\"wp-block-image size-large\"><img decoding=\"async\" width=\"1024\" height=\"683\" src=\"https:\/\/www.gridmag.com.mx\/wp-content\/uploads\/2025\/10\/RFT7170-1024x683.jpg\" alt=\"Gianluca Lattuada\" class=\"wp-image-10963\" srcset=\"https:\/\/www.gridmag.com.mx\/wp-content\/uploads\/2025\/10\/RFT7170-1024x683.jpg 1024w, https:\/\/www.gridmag.com.mx\/wp-content\/uploads\/2025\/10\/RFT7170-300x200.jpg 300w, https:\/\/www.gridmag.com.mx\/wp-content\/uploads\/2025\/10\/RFT7170-768x512.jpg 768w, https:\/\/www.gridmag.com.mx\/wp-content\/uploads\/2025\/10\/RFT7170-1536x1024.jpg 1536w, https:\/\/www.gridmag.com.mx\/wp-content\/uploads\/2025\/10\/RFT7170-2048x1366.jpg 2048w, https:\/\/www.gridmag.com.mx\/wp-content\/uploads\/2025\/10\/RFT7170-360x240.jpg 360w, https:\/\/www.gridmag.com.mx\/wp-content\/uploads\/2025\/10\/RFT7170-720x480.jpg 720w, https:\/\/www.gridmag.com.mx\/wp-content\/uploads\/2025\/10\/RFT7170-770x513.jpg 770w, https:\/\/www.gridmag.com.mx\/wp-content\/uploads\/2025\/10\/RFT7170-1400x933.jpg 1400w\" sizes=\"(max-width: 1024px) 100vw, 1024px\" \/><\/figure>\n\n\n\n<h3 class=\"wp-block-heading\">Gianluca Lattuada: memoria, abstracci\u00f3n y transformaci\u00f3n<\/h3>\n\n\n\n<p>Nacido en Mil\u00e1n en 1988 y residente en Madrid, <strong>Gianluca Lattuada<\/strong> ha expuesto en Italia, Espa\u00f1a, Reino Unido, Estados Unidos y M\u00e9xico. Su investigaci\u00f3n gira en torno a la memoria, la abstracci\u00f3n y la tensi\u00f3n entre permanencia y metamorfosis.<\/p>\n\n\n\n<p>Entre sus proyectos recientes destacan una exposici\u00f3n en el <strong>Gran Museo del Mundo Maya<\/strong> en Yucat\u00e1n (2023), su inclusi\u00f3n en la colecci\u00f3n del <strong>Museo de Arte Contempor\u00e1neo Paolo Pini \u2013 MAPP<\/strong> en Mil\u00e1n (2024) y la residencia art\u00edstica en la propia Real F\u00e1brica de Tapices, culminada con esta muestra en 2025.<\/p>\n\n\n\n<figure class=\"wp-block-image size-large\"><img decoding=\"async\" width=\"1024\" height=\"683\" src=\"https:\/\/www.gridmag.com.mx\/wp-content\/uploads\/2025\/10\/RFT7044-1024x683.jpg\" alt=\"Gianluca Lattuada\" class=\"wp-image-10964\" srcset=\"https:\/\/www.gridmag.com.mx\/wp-content\/uploads\/2025\/10\/RFT7044-1024x683.jpg 1024w, https:\/\/www.gridmag.com.mx\/wp-content\/uploads\/2025\/10\/RFT7044-300x200.jpg 300w, https:\/\/www.gridmag.com.mx\/wp-content\/uploads\/2025\/10\/RFT7044-768x512.jpg 768w, https:\/\/www.gridmag.com.mx\/wp-content\/uploads\/2025\/10\/RFT7044-1536x1024.jpg 1536w, https:\/\/www.gridmag.com.mx\/wp-content\/uploads\/2025\/10\/RFT7044-2048x1366.jpg 2048w, https:\/\/www.gridmag.com.mx\/wp-content\/uploads\/2025\/10\/RFT7044-360x240.jpg 360w, https:\/\/www.gridmag.com.mx\/wp-content\/uploads\/2025\/10\/RFT7044-720x480.jpg 720w, https:\/\/www.gridmag.com.mx\/wp-content\/uploads\/2025\/10\/RFT7044-770x513.jpg 770w, https:\/\/www.gridmag.com.mx\/wp-content\/uploads\/2025\/10\/RFT7044-1400x933.jpg 1400w\" sizes=\"(max-width: 1024px) 100vw, 1024px\" \/><\/figure>\n\n\n\n<h3 class=\"wp-block-heading\">Tradici\u00f3n e innovaci\u00f3n en la Real F\u00e1brica de Tapices<\/h3>\n\n\n\n<p>La exposici\u00f3n se inserta en una larga tradici\u00f3n de la Real F\u00e1brica de Tapices, que desde el siglo XVIII ha colaborado con grandes artistas, entre ellos <strong>Francisco de Goya<\/strong>, Francesco Sabatini y Andrea Procaccini. Hoy, con proyectos como el de Lattuada, reafirma su capacidad de <strong>dialogar con la contemporaneidad sin perder su ra\u00edz hist\u00f3rica<\/strong>.<em>Lo que fuimos y lo que seremos<\/em> demostr\u00f3 que los oficios heredados de siglos no son solo vestigios del pasado, sino semillas para nuevas formas de creaci\u00f3n.<\/p>\n","protected":false},"excerpt":{"rendered":"<p>El pasado 10 de septiembre de 2025, la Real F\u00e1brica de Tapices de Madrid abri\u00f3 sus puertas a la exposici\u00f3n Lo que fuimos y lo que seremos, del artista italiano Gianluca Lattuada, en colaboraci\u00f3n con el Istituto Italiano di Cultura de Madrid y el ComItEs Madrid. El acto inaugural reuni\u00f3 a representantes del mundo diplom\u00e1tico, institucional y cultural. Entre los asistentes destac\u00f3 la presencia de la consejera de Cultura de la Embajada de Italia, D\u00f1a. Teodora Danisi, as\u00ed como del [&hellip;]<\/p>\n","protected":false},"author":1,"featured_media":10960,"comment_status":"open","ping_status":"open","sticky":false,"template":"","format":"standard","meta":{"footnotes":""},"categories":[53],"tags":[893,344,891,144,889,886,890,887,892,888,528],"class_list":["post-10959","post","type-post","status-publish","format-standard","has-post-thumbnail","hentry","category-arte","tag-abstraccion","tag-arte-contemporaneo","tag-arte-textil","tag-cultura","tag-exposicion","tag-gianluca-lattuada","tag-italia","tag-madrid","tag-memoria","tag-real-fabrica-de-tapices","tag-sostenibilidad"],"yoast_head":"<!-- This site is optimized with the Yoast SEO plugin v27.0 - https:\/\/yoast.com\/product\/yoast-seo-wordpress\/ -->\n<title>Gianluca Lattuada en la Real F\u00e1brica de Tapices | Grid Magazine<\/title>\n<meta name=\"description\" content=\"Gianluca Lattuada exhibe en Madrid Lo que fuimos y lo que seremos, una reflexi\u00f3n sobre memoria y transformaci\u00f3n.\" \/>\n<meta name=\"robots\" content=\"index, follow, max-snippet:-1, max-image-preview:large, max-video-preview:-1\" \/>\n<link rel=\"canonical\" href=\"https:\/\/www.gridmag.com.mx\/index.php\/2025\/10\/30\/gianluca-lattuada-en-la-real-fabrica-de-tapices\/\" \/>\n<meta property=\"og:locale\" content=\"es_MX\" \/>\n<meta property=\"og:type\" content=\"article\" \/>\n<meta property=\"og:title\" content=\"Gianluca Lattuada en la Real F\u00e1brica de Tapices | Grid Magazine\" \/>\n<meta property=\"og:description\" content=\"Gianluca Lattuada exhibe en Madrid Lo que fuimos y lo que seremos, una reflexi\u00f3n sobre memoria y transformaci\u00f3n.\" \/>\n<meta property=\"og:url\" content=\"https:\/\/www.gridmag.com.mx\/index.php\/2025\/10\/30\/gianluca-lattuada-en-la-real-fabrica-de-tapices\/\" \/>\n<meta property=\"og:site_name\" content=\"Grid Magazine\" \/>\n<meta property=\"article:publisher\" content=\"https:\/\/www.facebook.com\/gridmagazine.mx\" \/>\n<meta property=\"article:published_time\" content=\"2025-10-30T16:24:34+00:00\" \/>\n<meta property=\"article:modified_time\" content=\"2025-10-30T16:24:35+00:00\" \/>\n<meta property=\"og:image\" content=\"https:\/\/www.gridmag.com.mx\/wp-content\/uploads\/2025\/10\/RFT7057-scaled.jpg\" \/>\n\t<meta property=\"og:image:width\" content=\"2560\" \/>\n\t<meta property=\"og:image:height\" content=\"1707\" \/>\n\t<meta property=\"og:image:type\" content=\"image\/jpeg\" \/>\n<meta name=\"author\" content=\"Grid Magazine\" \/>\n<meta name=\"twitter:card\" content=\"summary_large_image\" \/>\n<meta name=\"twitter:label1\" content=\"Escrito por\" \/>\n\t<meta name=\"twitter:data1\" content=\"Grid Magazine\" \/>\n\t<meta name=\"twitter:label2\" content=\"Tiempo de lectura\" \/>\n\t<meta name=\"twitter:data2\" content=\"5 minutos\" \/>\n<script type=\"application\/ld+json\" class=\"yoast-schema-graph\">{\"@context\":\"https:\/\/schema.org\",\"@graph\":[{\"@type\":\"Article\",\"@id\":\"https:\/\/www.gridmag.com.mx\/index.php\/2025\/10\/30\/gianluca-lattuada-en-la-real-fabrica-de-tapices\/#article\",\"isPartOf\":{\"@id\":\"https:\/\/www.gridmag.com.mx\/index.php\/2025\/10\/30\/gianluca-lattuada-en-la-real-fabrica-de-tapices\/\"},\"author\":{\"name\":\"Grid Magazine\",\"@id\":\"https:\/\/www.gridmag.com.mx\/#\/schema\/person\/d54cddc75e2ecfe4a55e39c0336ae932\"},\"headline\":\"Gianluca Lattuada en la Real F\u00e1brica de Tapices\",\"datePublished\":\"2025-10-30T16:24:34+00:00\",\"dateModified\":\"2025-10-30T16:24:35+00:00\",\"mainEntityOfPage\":{\"@id\":\"https:\/\/www.gridmag.com.mx\/index.php\/2025\/10\/30\/gianluca-lattuada-en-la-real-fabrica-de-tapices\/\"},\"wordCount\":739,\"commentCount\":0,\"publisher\":{\"@id\":\"https:\/\/www.gridmag.com.mx\/#organization\"},\"image\":{\"@id\":\"https:\/\/www.gridmag.com.mx\/index.php\/2025\/10\/30\/gianluca-lattuada-en-la-real-fabrica-de-tapices\/#primaryimage\"},\"thumbnailUrl\":\"https:\/\/www.gridmag.com.mx\/wp-content\/uploads\/2025\/10\/RFT7057-scaled.jpg\",\"keywords\":[\"abstracci\u00f3n\",\"arte contempor\u00e1neo\",\"arte textil\",\"CULTURA\",\"exposici\u00f3n\",\"Gianluca Lattuada\",\"Italia\",\"Madrid\",\"memoria\",\"Real F\u00e1brica de Tapices\",\"sostenibilidad\"],\"articleSection\":[\"Arte\"],\"inLanguage\":\"es\",\"potentialAction\":[{\"@type\":\"CommentAction\",\"name\":\"Comment\",\"target\":[\"https:\/\/www.gridmag.com.mx\/index.php\/2025\/10\/30\/gianluca-lattuada-en-la-real-fabrica-de-tapices\/#respond\"]}]},{\"@type\":\"WebPage\",\"@id\":\"https:\/\/www.gridmag.com.mx\/index.php\/2025\/10\/30\/gianluca-lattuada-en-la-real-fabrica-de-tapices\/\",\"url\":\"https:\/\/www.gridmag.com.mx\/index.php\/2025\/10\/30\/gianluca-lattuada-en-la-real-fabrica-de-tapices\/\",\"name\":\"Gianluca Lattuada en la Real F\u00e1brica de Tapices | Grid Magazine\",\"isPartOf\":{\"@id\":\"https:\/\/www.gridmag.com.mx\/#website\"},\"primaryImageOfPage\":{\"@id\":\"https:\/\/www.gridmag.com.mx\/index.php\/2025\/10\/30\/gianluca-lattuada-en-la-real-fabrica-de-tapices\/#primaryimage\"},\"image\":{\"@id\":\"https:\/\/www.gridmag.com.mx\/index.php\/2025\/10\/30\/gianluca-lattuada-en-la-real-fabrica-de-tapices\/#primaryimage\"},\"thumbnailUrl\":\"https:\/\/www.gridmag.com.mx\/wp-content\/uploads\/2025\/10\/RFT7057-scaled.jpg\",\"datePublished\":\"2025-10-30T16:24:34+00:00\",\"dateModified\":\"2025-10-30T16:24:35+00:00\",\"description\":\"Gianluca Lattuada exhibe en Madrid Lo que fuimos y lo que seremos, una reflexi\u00f3n sobre memoria y transformaci\u00f3n.\",\"breadcrumb\":{\"@id\":\"https:\/\/www.gridmag.com.mx\/index.php\/2025\/10\/30\/gianluca-lattuada-en-la-real-fabrica-de-tapices\/#breadcrumb\"},\"inLanguage\":\"es\",\"potentialAction\":[{\"@type\":\"ReadAction\",\"target\":[\"https:\/\/www.gridmag.com.mx\/index.php\/2025\/10\/30\/gianluca-lattuada-en-la-real-fabrica-de-tapices\/\"]}]},{\"@type\":\"ImageObject\",\"inLanguage\":\"es\",\"@id\":\"https:\/\/www.gridmag.com.mx\/index.php\/2025\/10\/30\/gianluca-lattuada-en-la-real-fabrica-de-tapices\/#primaryimage\",\"url\":\"https:\/\/www.gridmag.com.mx\/wp-content\/uploads\/2025\/10\/RFT7057-scaled.jpg\",\"contentUrl\":\"https:\/\/www.gridmag.com.mx\/wp-content\/uploads\/2025\/10\/RFT7057-scaled.jpg\",\"width\":2560,\"height\":1707},{\"@type\":\"BreadcrumbList\",\"@id\":\"https:\/\/www.gridmag.com.mx\/index.php\/2025\/10\/30\/gianluca-lattuada-en-la-real-fabrica-de-tapices\/#breadcrumb\",\"itemListElement\":[{\"@type\":\"ListItem\",\"position\":1,\"name\":\"Inicio\",\"item\":\"https:\/\/www.gridmag.com.mx\/\"},{\"@type\":\"ListItem\",\"position\":2,\"name\":\"Gianluca Lattuada en la Real F\u00e1brica de Tapices\"}]},{\"@type\":\"WebSite\",\"@id\":\"https:\/\/www.gridmag.com.mx\/#website\",\"url\":\"https:\/\/www.gridmag.com.mx\/\",\"name\":\"Grid Magazine\",\"description\":\"Compartiendo lo mejor de la arquitectura y dise\u00f1o mexicano.\",\"publisher\":{\"@id\":\"https:\/\/www.gridmag.com.mx\/#organization\"},\"potentialAction\":[{\"@type\":\"SearchAction\",\"target\":{\"@type\":\"EntryPoint\",\"urlTemplate\":\"https:\/\/www.gridmag.com.mx\/?s={search_term_string}\"},\"query-input\":{\"@type\":\"PropertyValueSpecification\",\"valueRequired\":true,\"valueName\":\"search_term_string\"}}],\"inLanguage\":\"es\"},{\"@type\":\"Organization\",\"@id\":\"https:\/\/www.gridmag.com.mx\/#organization\",\"name\":\"Grid Magazine\",\"url\":\"https:\/\/www.gridmag.com.mx\/\",\"logo\":{\"@type\":\"ImageObject\",\"inLanguage\":\"es\",\"@id\":\"https:\/\/www.gridmag.com.mx\/#\/schema\/logo\/image\/\",\"url\":\"\",\"contentUrl\":\"\",\"caption\":\"Grid Magazine\"},\"image\":{\"@id\":\"https:\/\/www.gridmag.com.mx\/#\/schema\/logo\/image\/\"},\"sameAs\":[\"https:\/\/www.facebook.com\/gridmagazine.mx\",\"https:\/\/www.instagram.com\/gridmagazine_mx\/\",\"https:\/\/www.tiktok.com\/@gridmagazine.mx?_t=8gl2kVR2Aq6&_r=1\",\"https:\/\/www.linkedin.com\/company\/grid-magazine-mx\/\"]},{\"@type\":\"Person\",\"@id\":\"https:\/\/www.gridmag.com.mx\/#\/schema\/person\/d54cddc75e2ecfe4a55e39c0336ae932\",\"name\":\"Grid Magazine\",\"image\":{\"@type\":\"ImageObject\",\"inLanguage\":\"es\",\"@id\":\"https:\/\/www.gridmag.com.mx\/#\/schema\/person\/image\/\",\"url\":\"https:\/\/secure.gravatar.com\/avatar\/8e4bd50943002dd6ee9db30e5af749244f3e21206a99c4fb42429117eaacfc83?s=96&d=mm&r=g\",\"contentUrl\":\"https:\/\/secure.gravatar.com\/avatar\/8e4bd50943002dd6ee9db30e5af749244f3e21206a99c4fb42429117eaacfc83?s=96&d=mm&r=g\",\"caption\":\"Grid Magazine\"},\"sameAs\":[\"https:\/\/www.gridmag.com.mx\"],\"url\":\"https:\/\/www.gridmag.com.mx\/index.php\/author\/grid-magazine-arq\/\"}]}<\/script>\n<!-- \/ Yoast SEO plugin. -->","yoast_head_json":{"title":"Gianluca Lattuada en la Real F\u00e1brica de Tapices | Grid Magazine","description":"Gianluca Lattuada exhibe en Madrid Lo que fuimos y lo que seremos, una reflexi\u00f3n sobre memoria y transformaci\u00f3n.","robots":{"index":"index","follow":"follow","max-snippet":"max-snippet:-1","max-image-preview":"max-image-preview:large","max-video-preview":"max-video-preview:-1"},"canonical":"https:\/\/www.gridmag.com.mx\/index.php\/2025\/10\/30\/gianluca-lattuada-en-la-real-fabrica-de-tapices\/","og_locale":"es_MX","og_type":"article","og_title":"Gianluca Lattuada en la Real F\u00e1brica de Tapices | Grid Magazine","og_description":"Gianluca Lattuada exhibe en Madrid Lo que fuimos y lo que seremos, una reflexi\u00f3n sobre memoria y transformaci\u00f3n.","og_url":"https:\/\/www.gridmag.com.mx\/index.php\/2025\/10\/30\/gianluca-lattuada-en-la-real-fabrica-de-tapices\/","og_site_name":"Grid Magazine","article_publisher":"https:\/\/www.facebook.com\/gridmagazine.mx","article_published_time":"2025-10-30T16:24:34+00:00","article_modified_time":"2025-10-30T16:24:35+00:00","og_image":[{"width":2560,"height":1707,"url":"https:\/\/www.gridmag.com.mx\/wp-content\/uploads\/2025\/10\/RFT7057-scaled.jpg","type":"image\/jpeg"}],"author":"Grid Magazine","twitter_card":"summary_large_image","twitter_misc":{"Escrito por":"Grid Magazine","Tiempo de lectura":"5 minutos"},"schema":{"@context":"https:\/\/schema.org","@graph":[{"@type":"Article","@id":"https:\/\/www.gridmag.com.mx\/index.php\/2025\/10\/30\/gianluca-lattuada-en-la-real-fabrica-de-tapices\/#article","isPartOf":{"@id":"https:\/\/www.gridmag.com.mx\/index.php\/2025\/10\/30\/gianluca-lattuada-en-la-real-fabrica-de-tapices\/"},"author":{"name":"Grid Magazine","@id":"https:\/\/www.gridmag.com.mx\/#\/schema\/person\/d54cddc75e2ecfe4a55e39c0336ae932"},"headline":"Gianluca Lattuada en la Real F\u00e1brica de Tapices","datePublished":"2025-10-30T16:24:34+00:00","dateModified":"2025-10-30T16:24:35+00:00","mainEntityOfPage":{"@id":"https:\/\/www.gridmag.com.mx\/index.php\/2025\/10\/30\/gianluca-lattuada-en-la-real-fabrica-de-tapices\/"},"wordCount":739,"commentCount":0,"publisher":{"@id":"https:\/\/www.gridmag.com.mx\/#organization"},"image":{"@id":"https:\/\/www.gridmag.com.mx\/index.php\/2025\/10\/30\/gianluca-lattuada-en-la-real-fabrica-de-tapices\/#primaryimage"},"thumbnailUrl":"https:\/\/www.gridmag.com.mx\/wp-content\/uploads\/2025\/10\/RFT7057-scaled.jpg","keywords":["abstracci\u00f3n","arte contempor\u00e1neo","arte textil","CULTURA","exposici\u00f3n","Gianluca Lattuada","Italia","Madrid","memoria","Real F\u00e1brica de Tapices","sostenibilidad"],"articleSection":["Arte"],"inLanguage":"es","potentialAction":[{"@type":"CommentAction","name":"Comment","target":["https:\/\/www.gridmag.com.mx\/index.php\/2025\/10\/30\/gianluca-lattuada-en-la-real-fabrica-de-tapices\/#respond"]}]},{"@type":"WebPage","@id":"https:\/\/www.gridmag.com.mx\/index.php\/2025\/10\/30\/gianluca-lattuada-en-la-real-fabrica-de-tapices\/","url":"https:\/\/www.gridmag.com.mx\/index.php\/2025\/10\/30\/gianluca-lattuada-en-la-real-fabrica-de-tapices\/","name":"Gianluca Lattuada en la Real F\u00e1brica de Tapices | Grid Magazine","isPartOf":{"@id":"https:\/\/www.gridmag.com.mx\/#website"},"primaryImageOfPage":{"@id":"https:\/\/www.gridmag.com.mx\/index.php\/2025\/10\/30\/gianluca-lattuada-en-la-real-fabrica-de-tapices\/#primaryimage"},"image":{"@id":"https:\/\/www.gridmag.com.mx\/index.php\/2025\/10\/30\/gianluca-lattuada-en-la-real-fabrica-de-tapices\/#primaryimage"},"thumbnailUrl":"https:\/\/www.gridmag.com.mx\/wp-content\/uploads\/2025\/10\/RFT7057-scaled.jpg","datePublished":"2025-10-30T16:24:34+00:00","dateModified":"2025-10-30T16:24:35+00:00","description":"Gianluca Lattuada exhibe en Madrid Lo que fuimos y lo que seremos, una reflexi\u00f3n sobre memoria y transformaci\u00f3n.","breadcrumb":{"@id":"https:\/\/www.gridmag.com.mx\/index.php\/2025\/10\/30\/gianluca-lattuada-en-la-real-fabrica-de-tapices\/#breadcrumb"},"inLanguage":"es","potentialAction":[{"@type":"ReadAction","target":["https:\/\/www.gridmag.com.mx\/index.php\/2025\/10\/30\/gianluca-lattuada-en-la-real-fabrica-de-tapices\/"]}]},{"@type":"ImageObject","inLanguage":"es","@id":"https:\/\/www.gridmag.com.mx\/index.php\/2025\/10\/30\/gianluca-lattuada-en-la-real-fabrica-de-tapices\/#primaryimage","url":"https:\/\/www.gridmag.com.mx\/wp-content\/uploads\/2025\/10\/RFT7057-scaled.jpg","contentUrl":"https:\/\/www.gridmag.com.mx\/wp-content\/uploads\/2025\/10\/RFT7057-scaled.jpg","width":2560,"height":1707},{"@type":"BreadcrumbList","@id":"https:\/\/www.gridmag.com.mx\/index.php\/2025\/10\/30\/gianluca-lattuada-en-la-real-fabrica-de-tapices\/#breadcrumb","itemListElement":[{"@type":"ListItem","position":1,"name":"Inicio","item":"https:\/\/www.gridmag.com.mx\/"},{"@type":"ListItem","position":2,"name":"Gianluca Lattuada en la Real F\u00e1brica de Tapices"}]},{"@type":"WebSite","@id":"https:\/\/www.gridmag.com.mx\/#website","url":"https:\/\/www.gridmag.com.mx\/","name":"Grid Magazine","description":"Compartiendo lo mejor de la arquitectura y dise\u00f1o mexicano.","publisher":{"@id":"https:\/\/www.gridmag.com.mx\/#organization"},"potentialAction":[{"@type":"SearchAction","target":{"@type":"EntryPoint","urlTemplate":"https:\/\/www.gridmag.com.mx\/?s={search_term_string}"},"query-input":{"@type":"PropertyValueSpecification","valueRequired":true,"valueName":"search_term_string"}}],"inLanguage":"es"},{"@type":"Organization","@id":"https:\/\/www.gridmag.com.mx\/#organization","name":"Grid Magazine","url":"https:\/\/www.gridmag.com.mx\/","logo":{"@type":"ImageObject","inLanguage":"es","@id":"https:\/\/www.gridmag.com.mx\/#\/schema\/logo\/image\/","url":"","contentUrl":"","caption":"Grid Magazine"},"image":{"@id":"https:\/\/www.gridmag.com.mx\/#\/schema\/logo\/image\/"},"sameAs":["https:\/\/www.facebook.com\/gridmagazine.mx","https:\/\/www.instagram.com\/gridmagazine_mx\/","https:\/\/www.tiktok.com\/@gridmagazine.mx?_t=8gl2kVR2Aq6&_r=1","https:\/\/www.linkedin.com\/company\/grid-magazine-mx\/"]},{"@type":"Person","@id":"https:\/\/www.gridmag.com.mx\/#\/schema\/person\/d54cddc75e2ecfe4a55e39c0336ae932","name":"Grid Magazine","image":{"@type":"ImageObject","inLanguage":"es","@id":"https:\/\/www.gridmag.com.mx\/#\/schema\/person\/image\/","url":"https:\/\/secure.gravatar.com\/avatar\/8e4bd50943002dd6ee9db30e5af749244f3e21206a99c4fb42429117eaacfc83?s=96&d=mm&r=g","contentUrl":"https:\/\/secure.gravatar.com\/avatar\/8e4bd50943002dd6ee9db30e5af749244f3e21206a99c4fb42429117eaacfc83?s=96&d=mm&r=g","caption":"Grid Magazine"},"sameAs":["https:\/\/www.gridmag.com.mx"],"url":"https:\/\/www.gridmag.com.mx\/index.php\/author\/grid-magazine-arq\/"}]}},"_links":{"self":[{"href":"https:\/\/www.gridmag.com.mx\/index.php\/wp-json\/wp\/v2\/posts\/10959","targetHints":{"allow":["GET"]}}],"collection":[{"href":"https:\/\/www.gridmag.com.mx\/index.php\/wp-json\/wp\/v2\/posts"}],"about":[{"href":"https:\/\/www.gridmag.com.mx\/index.php\/wp-json\/wp\/v2\/types\/post"}],"author":[{"embeddable":true,"href":"https:\/\/www.gridmag.com.mx\/index.php\/wp-json\/wp\/v2\/users\/1"}],"replies":[{"embeddable":true,"href":"https:\/\/www.gridmag.com.mx\/index.php\/wp-json\/wp\/v2\/comments?post=10959"}],"version-history":[{"count":1,"href":"https:\/\/www.gridmag.com.mx\/index.php\/wp-json\/wp\/v2\/posts\/10959\/revisions"}],"predecessor-version":[{"id":10965,"href":"https:\/\/www.gridmag.com.mx\/index.php\/wp-json\/wp\/v2\/posts\/10959\/revisions\/10965"}],"wp:featuredmedia":[{"embeddable":true,"href":"https:\/\/www.gridmag.com.mx\/index.php\/wp-json\/wp\/v2\/media\/10960"}],"wp:attachment":[{"href":"https:\/\/www.gridmag.com.mx\/index.php\/wp-json\/wp\/v2\/media?parent=10959"}],"wp:term":[{"taxonomy":"category","embeddable":true,"href":"https:\/\/www.gridmag.com.mx\/index.php\/wp-json\/wp\/v2\/categories?post=10959"},{"taxonomy":"post_tag","embeddable":true,"href":"https:\/\/www.gridmag.com.mx\/index.php\/wp-json\/wp\/v2\/tags?post=10959"}],"curies":[{"name":"wp","href":"https:\/\/api.w.org\/{rel}","templated":true}]}}