{"id":11239,"date":"2026-03-12T08:44:45","date_gmt":"2026-03-12T14:44:45","guid":{"rendered":"https:\/\/www.gridmag.com.mx\/?p=11239"},"modified":"2026-03-12T08:44:48","modified_gmt":"2026-03-12T14:44:48","slug":"smiljan-radic-pritzker-2026","status":"publish","type":"post","link":"https:\/\/www.gridmag.com.mx\/index.php\/2026\/03\/12\/smiljan-radic-pritzker-2026\/","title":{"rendered":"Smiljan Radi\u0107 gana el Premio Pritzker 2026: qui\u00e9n es el arquitecto chileno y cu\u00e1les son sus obras m\u00e1s importantes"},"content":{"rendered":"\n<h2 class=\"wp-block-heading\">Smiljan Radi\u0107 gana el Premio Pritzker 2026<\/h2>\n\n\n\n<p>El arquitecto chileno Smiljan Radi\u0107 ha sido anunciado como el ganador del Premio Pritzker 2026, el reconocimiento m\u00e1s importante de la arquitectura a nivel mundial. Con una pr\u00e1ctica que desaf\u00eda las ideas tradicionales de permanencia, monumentalidad y forma, Radi\u0107 ha construido una obra profundamente experimental, donde la arquitectura se acerca m\u00e1s a una experiencia sensible que a un objeto formal.<\/p>\n\n\n\n<figure class=\"wp-block-image size-full\"><img decoding=\"async\" width=\"700\" height=\"467\" src=\"https:\/\/www.gridmag.com.mx\/wp-content\/uploads\/2026\/03\/Smiljan-Radic-04.jpg\" alt=\"\" class=\"wp-image-11240\" srcset=\"https:\/\/www.gridmag.com.mx\/wp-content\/uploads\/2026\/03\/Smiljan-Radic-04.jpg 700w, https:\/\/www.gridmag.com.mx\/wp-content\/uploads\/2026\/03\/Smiljan-Radic-04-300x200.jpg 300w, https:\/\/www.gridmag.com.mx\/wp-content\/uploads\/2026\/03\/Smiljan-Radic-04-360x240.jpg 360w\" sizes=\"(max-width: 700px) 100vw, 700px\" \/><\/figure>\n\n\n\n<p>Su trabajo ha sido descrito por el jurado como una arquitectura que abraza la <strong>fragilidad, la empat\u00eda y la relaci\u00f3n entre el ser humano y su entorno<\/strong>, caracter\u00edsticas que lo han convertido en una de las voces m\u00e1s singulares de la arquitectura contempor\u00e1nea.<\/p>\n\n\n\n<h2 class=\"wp-block-heading\">\u00bfQui\u00e9n es Smiljan Radi\u0107?<\/h2>\n\n\n\n<figure class=\"wp-block-image size-full\"><img decoding=\"async\" width=\"414\" height=\"287\" src=\"https:\/\/www.gridmag.com.mx\/wp-content\/uploads\/2026\/03\/Smiljan-Radic-06.avif\" alt=\"\" class=\"wp-image-11241\"\/><\/figure>\n\n\n\n<p><strong>Smiljan Radi\u0107 Clarke<\/strong> naci\u00f3 en Santiago de Chile en 1965. Estudi\u00f3 arquitectura en la <strong>Pontificia Universidad Cat\u00f3lica de Chile<\/strong> y posteriormente realiz\u00f3 estudios en est\u00e9tica en Venecia.<\/p>\n\n\n\n<p>Desde 1995 dirige su propio estudio en Santiago, desde donde ha desarrollado proyectos que combinan investigaci\u00f3n material, referencias culturales y una fuerte relaci\u00f3n con el paisaje.<\/p>\n\n\n\n<p>A diferencia de muchos arquitectos estrella, Radi\u0107 trabaja con un <strong>estudio peque\u00f1o y artesanal<\/strong>, donde cada proyecto se desarrolla como una investigaci\u00f3n. Sus obras suelen explorar tensiones entre opuestos: lo natural y lo artificial, lo temporal y lo permanente, lo industrial y lo artesanal.<\/p>\n\n\n\n<p>El resultado son edificios que muchas veces parecen <strong>fr\u00e1giles, inacabados o temporales<\/strong>, pero que al mismo tiempo generan espacios profundamente humanos y protectores.<\/p>\n\n\n\n<h2 class=\"wp-block-heading\">Las obras m\u00e1s importantes de Smiljan Radi\u0107<\/h2>\n\n\n\n<ul class=\"wp-block-list\">\n<li><strong>Teatro Regional del Biob\u00edo<\/strong> (Concepci\u00f3n, 2018)<\/li>\n\n\n\n<li><strong>Restaurante Mestizo<\/strong> en el Parque Bicentenario (Santiago)<\/li>\n\n\n\n<li><strong>Casa Pite<\/strong> (2005), una vivienda que dialoga con el paisaje costero chileno<\/li>\n\n\n\n<li><strong>Ampliaci\u00f3n del Museo Chileno de Arte Precolombino<\/strong> (2013)<\/li>\n\n\n\n<li><strong>Pabell\u00f3n Serpentine 2014<\/strong> en Londres<\/li>\n<\/ul>\n\n\n\n<figure class=\"wp-block-image size-large\"><img decoding=\"async\" width=\"1024\" height=\"683\" src=\"https:\/\/www.gridmag.com.mx\/wp-content\/uploads\/2026\/03\/Smiljan-Radic-02-1024x683.jpg\" alt=\"\" class=\"wp-image-11242\" srcset=\"https:\/\/www.gridmag.com.mx\/wp-content\/uploads\/2026\/03\/Smiljan-Radic-02-1024x683.jpg 1024w, https:\/\/www.gridmag.com.mx\/wp-content\/uploads\/2026\/03\/Smiljan-Radic-02-300x200.jpg 300w, https:\/\/www.gridmag.com.mx\/wp-content\/uploads\/2026\/03\/Smiljan-Radic-02-768x512.jpg 768w, https:\/\/www.gridmag.com.mx\/wp-content\/uploads\/2026\/03\/Smiljan-Radic-02-1536x1024.jpg 1536w, https:\/\/www.gridmag.com.mx\/wp-content\/uploads\/2026\/03\/Smiljan-Radic-02-360x240.jpg 360w, https:\/\/www.gridmag.com.mx\/wp-content\/uploads\/2026\/03\/Smiljan-Radic-02-720x480.jpg 720w, https:\/\/www.gridmag.com.mx\/wp-content\/uploads\/2026\/03\/Smiljan-Radic-02-770x513.jpg 770w, https:\/\/www.gridmag.com.mx\/wp-content\/uploads\/2026\/03\/Smiljan-Radic-02-1400x933.jpg 1400w, https:\/\/www.gridmag.com.mx\/wp-content\/uploads\/2026\/03\/Smiljan-Radic-02.jpg 1800w\" sizes=\"(max-width: 1024px) 100vw, 1024px\" \/><\/figure>\n\n\n\n<p>Este \u00faltimo proyecto lo posicion\u00f3 internacionalmente: una estructura transl\u00facida apoyada sobre grandes rocas que evocaba un dolmen contempor\u00e1neo y cuestionaba los l\u00edmites entre arquitectura, paisaje y escultura.<\/p>\n\n\n\n<h2 class=\"wp-block-heading\">El quinto latinoamericano en ganar el Pritzker<\/h2>\n\n\n\n<figure class=\"wp-block-image size-large\"><img decoding=\"async\" width=\"1024\" height=\"683\" src=\"https:\/\/www.gridmag.com.mx\/wp-content\/uploads\/2026\/03\/Smiljan-Radic-05-1-1024x683.jpg\" alt=\"\" class=\"wp-image-11244\" srcset=\"https:\/\/www.gridmag.com.mx\/wp-content\/uploads\/2026\/03\/Smiljan-Radic-05-1-1024x683.jpg 1024w, https:\/\/www.gridmag.com.mx\/wp-content\/uploads\/2026\/03\/Smiljan-Radic-05-1-300x200.jpg 300w, https:\/\/www.gridmag.com.mx\/wp-content\/uploads\/2026\/03\/Smiljan-Radic-05-1-768x512.jpg 768w, https:\/\/www.gridmag.com.mx\/wp-content\/uploads\/2026\/03\/Smiljan-Radic-05-1-1536x1025.jpg 1536w, https:\/\/www.gridmag.com.mx\/wp-content\/uploads\/2026\/03\/Smiljan-Radic-05-1-360x240.jpg 360w, https:\/\/www.gridmag.com.mx\/wp-content\/uploads\/2026\/03\/Smiljan-Radic-05-1-720x480.jpg 720w, https:\/\/www.gridmag.com.mx\/wp-content\/uploads\/2026\/03\/Smiljan-Radic-05-1-770x514.jpg 770w, https:\/\/www.gridmag.com.mx\/wp-content\/uploads\/2026\/03\/Smiljan-Radic-05-1-1400x934.jpg 1400w, https:\/\/www.gridmag.com.mx\/wp-content\/uploads\/2026\/03\/Smiljan-Radic-05-1.jpg 2000w\" sizes=\"(max-width: 1024px) 100vw, 1024px\" \/><\/figure>\n\n\n\n<p>Con este reconocimiento, Smiljan Radi\u0107 se convierte en <strong>uno de los pocos arquitectos latinoamericanos en recibir el Pritzker<\/strong>, sum\u00e1ndose a nombres como:<\/p>\n\n\n\n<ul class=\"wp-block-list\">\n<li>Luis Barrag\u00e1n (M\u00e9xico, 1980)<\/li>\n\n\n\n<li>Oscar Niemeyer (Brasil, 1988)<\/li>\n\n\n\n<li>Paulo Mendes da Rocha (Brasil, 2006)<\/li>\n\n\n\n<li>Alejandro Aravena (Chile, 2016)<\/li>\n<\/ul>\n\n\n\n<p>Su elecci\u00f3n refuerza la relevancia de Am\u00e9rica Latina dentro del panorama arquitect\u00f3nico global.<\/p>\n\n\n\n<figure class=\"wp-block-image size-full\"><img decoding=\"async\" width=\"750\" height=\"489\" src=\"https:\/\/www.gridmag.com.mx\/wp-content\/uploads\/2026\/03\/Smiljan-Radic-03.jpg\" alt=\"\" class=\"wp-image-11245\" srcset=\"https:\/\/www.gridmag.com.mx\/wp-content\/uploads\/2026\/03\/Smiljan-Radic-03.jpg 750w, https:\/\/www.gridmag.com.mx\/wp-content\/uploads\/2026\/03\/Smiljan-Radic-03-300x196.jpg 300w\" sizes=\"(max-width: 750px) 100vw, 750px\" \/><\/figure>\n\n\n\n<p>En una \u00e9poca marcada por crisis ambientales, sociales y culturales, el trabajo de Radi\u0107 propone una arquitectura que no busca imponer certezas, sino <strong>abrir preguntas sobre c\u00f3mo habitamos el planeta<\/strong>.<\/p>\n","protected":false},"excerpt":{"rendered":"<p>Smiljan Radi\u0107 gana el Premio Pritzker 2026 El arquitecto chileno Smiljan Radi\u0107 ha sido anunciado como el ganador del Premio Pritzker 2026, el reconocimiento m\u00e1s importante de la arquitectura a nivel mundial. Con una pr\u00e1ctica que desaf\u00eda las ideas tradicionales de permanencia, monumentalidad y forma, Radi\u0107 ha construido una obra profundamente experimental, donde la arquitectura se acerca m\u00e1s a una experiencia sensible que a un objeto formal. Su trabajo ha sido descrito por el jurado como una arquitectura que abraza [&hellip;]<\/p>\n","protected":false},"author":1,"featured_media":11247,"comment_status":"open","ping_status":"open","sticky":false,"template":"","format":"standard","meta":{"footnotes":""},"categories":[49],"tags":[],"class_list":["post-11239","post","type-post","status-publish","format-standard","has-post-thumbnail","hentry","category-arquitectura"],"yoast_head":"<!-- This site is optimized with the Yoast SEO plugin v27.0 - https:\/\/yoast.com\/product\/yoast-seo-wordpress\/ -->\n<title>Smiljan Radi\u0107 gana el Premio Pritzker 2026: qui\u00e9n es el arquitecto chileno y cu\u00e1les son sus obras m\u00e1s importantes | Grid Magazine<\/title>\n<meta name=\"description\" content=\"onoce qui\u00e9n es Smiljan Radi\u0107, el arquitecto chileno ganador del Premio Pritzker 2026. Descubre su trayectoria, obras m\u00e1s importantes y su visi\u00f3n de la arquitectura.\" \/>\n<meta name=\"robots\" content=\"index, follow, max-snippet:-1, max-image-preview:large, max-video-preview:-1\" \/>\n<link rel=\"canonical\" href=\"https:\/\/www.gridmag.com.mx\/index.php\/2026\/03\/12\/smiljan-radic-pritzker-2026\/\" \/>\n<meta property=\"og:locale\" content=\"es_MX\" \/>\n<meta property=\"og:type\" content=\"article\" \/>\n<meta property=\"og:title\" content=\"Smiljan Radi\u0107 gana el Premio Pritzker 2026: qui\u00e9n es el arquitecto chileno y cu\u00e1les son sus obras m\u00e1s importantes | Grid Magazine\" \/>\n<meta property=\"og:description\" content=\"onoce qui\u00e9n es Smiljan Radi\u0107, el arquitecto chileno ganador del Premio Pritzker 2026. Descubre su trayectoria, obras m\u00e1s importantes y su visi\u00f3n de la arquitectura.\" \/>\n<meta property=\"og:url\" content=\"https:\/\/www.gridmag.com.mx\/index.php\/2026\/03\/12\/smiljan-radic-pritzker-2026\/\" \/>\n<meta property=\"og:site_name\" content=\"Grid Magazine\" \/>\n<meta property=\"article:publisher\" content=\"https:\/\/www.facebook.com\/gridmagazine.mx\" \/>\n<meta property=\"article:published_time\" content=\"2026-03-12T14:44:45+00:00\" \/>\n<meta property=\"article:modified_time\" content=\"2026-03-12T14:44:48+00:00\" \/>\n<meta property=\"og:image\" content=\"https:\/\/www.gridmag.com.mx\/wp-content\/uploads\/2026\/03\/Smiljan-Radic-01-1.webp\" \/>\n\t<meta property=\"og:image:width\" content=\"1600\" \/>\n\t<meta property=\"og:image:height\" content=\"900\" \/>\n\t<meta property=\"og:image:type\" content=\"image\/webp\" \/>\n<meta name=\"author\" content=\"Grid Magazine\" \/>\n<meta name=\"twitter:card\" content=\"summary_large_image\" \/>\n<meta name=\"twitter:label1\" content=\"Escrito por\" \/>\n\t<meta name=\"twitter:data1\" content=\"Grid Magazine\" \/>\n\t<meta name=\"twitter:label2\" content=\"Tiempo de lectura\" \/>\n\t<meta name=\"twitter:data2\" content=\"4 minutos\" \/>\n<script type=\"application\/ld+json\" class=\"yoast-schema-graph\">{\"@context\":\"https:\/\/schema.org\",\"@graph\":[{\"@type\":\"Article\",\"@id\":\"https:\/\/www.gridmag.com.mx\/index.php\/2026\/03\/12\/smiljan-radic-pritzker-2026\/#article\",\"isPartOf\":{\"@id\":\"https:\/\/www.gridmag.com.mx\/index.php\/2026\/03\/12\/smiljan-radic-pritzker-2026\/\"},\"author\":{\"name\":\"Grid Magazine\",\"@id\":\"https:\/\/www.gridmag.com.mx\/#\/schema\/person\/d54cddc75e2ecfe4a55e39c0336ae932\"},\"headline\":\"Smiljan Radi\u0107 gana el Premio Pritzker 2026: qui\u00e9n es el arquitecto chileno y cu\u00e1les son sus obras m\u00e1s importantes\",\"datePublished\":\"2026-03-12T14:44:45+00:00\",\"dateModified\":\"2026-03-12T14:44:48+00:00\",\"mainEntityOfPage\":{\"@id\":\"https:\/\/www.gridmag.com.mx\/index.php\/2026\/03\/12\/smiljan-radic-pritzker-2026\/\"},\"wordCount\":437,\"commentCount\":0,\"publisher\":{\"@id\":\"https:\/\/www.gridmag.com.mx\/#organization\"},\"image\":{\"@id\":\"https:\/\/www.gridmag.com.mx\/index.php\/2026\/03\/12\/smiljan-radic-pritzker-2026\/#primaryimage\"},\"thumbnailUrl\":\"https:\/\/www.gridmag.com.mx\/wp-content\/uploads\/2026\/03\/Smiljan-Radic-01-1.webp\",\"articleSection\":[\"Arquitectura\"],\"inLanguage\":\"es\",\"potentialAction\":[{\"@type\":\"CommentAction\",\"name\":\"Comment\",\"target\":[\"https:\/\/www.gridmag.com.mx\/index.php\/2026\/03\/12\/smiljan-radic-pritzker-2026\/#respond\"]}]},{\"@type\":\"WebPage\",\"@id\":\"https:\/\/www.gridmag.com.mx\/index.php\/2026\/03\/12\/smiljan-radic-pritzker-2026\/\",\"url\":\"https:\/\/www.gridmag.com.mx\/index.php\/2026\/03\/12\/smiljan-radic-pritzker-2026\/\",\"name\":\"Smiljan Radi\u0107 gana el Premio Pritzker 2026: qui\u00e9n es el arquitecto chileno y cu\u00e1les son sus obras m\u00e1s importantes | Grid Magazine\",\"isPartOf\":{\"@id\":\"https:\/\/www.gridmag.com.mx\/#website\"},\"primaryImageOfPage\":{\"@id\":\"https:\/\/www.gridmag.com.mx\/index.php\/2026\/03\/12\/smiljan-radic-pritzker-2026\/#primaryimage\"},\"image\":{\"@id\":\"https:\/\/www.gridmag.com.mx\/index.php\/2026\/03\/12\/smiljan-radic-pritzker-2026\/#primaryimage\"},\"thumbnailUrl\":\"https:\/\/www.gridmag.com.mx\/wp-content\/uploads\/2026\/03\/Smiljan-Radic-01-1.webp\",\"datePublished\":\"2026-03-12T14:44:45+00:00\",\"dateModified\":\"2026-03-12T14:44:48+00:00\",\"description\":\"onoce qui\u00e9n es Smiljan Radi\u0107, el arquitecto chileno ganador del Premio Pritzker 2026. Descubre su trayectoria, obras m\u00e1s importantes y su visi\u00f3n de la arquitectura.\",\"breadcrumb\":{\"@id\":\"https:\/\/www.gridmag.com.mx\/index.php\/2026\/03\/12\/smiljan-radic-pritzker-2026\/#breadcrumb\"},\"inLanguage\":\"es\",\"potentialAction\":[{\"@type\":\"ReadAction\",\"target\":[\"https:\/\/www.gridmag.com.mx\/index.php\/2026\/03\/12\/smiljan-radic-pritzker-2026\/\"]}]},{\"@type\":\"ImageObject\",\"inLanguage\":\"es\",\"@id\":\"https:\/\/www.gridmag.com.mx\/index.php\/2026\/03\/12\/smiljan-radic-pritzker-2026\/#primaryimage\",\"url\":\"https:\/\/www.gridmag.com.mx\/wp-content\/uploads\/2026\/03\/Smiljan-Radic-01-1.webp\",\"contentUrl\":\"https:\/\/www.gridmag.com.mx\/wp-content\/uploads\/2026\/03\/Smiljan-Radic-01-1.webp\",\"width\":1600,\"height\":900},{\"@type\":\"BreadcrumbList\",\"@id\":\"https:\/\/www.gridmag.com.mx\/index.php\/2026\/03\/12\/smiljan-radic-pritzker-2026\/#breadcrumb\",\"itemListElement\":[{\"@type\":\"ListItem\",\"position\":1,\"name\":\"Inicio\",\"item\":\"https:\/\/www.gridmag.com.mx\/\"},{\"@type\":\"ListItem\",\"position\":2,\"name\":\"Smiljan Radi\u0107 gana el Premio Pritzker 2026: qui\u00e9n es el arquitecto chileno y cu\u00e1les son sus obras m\u00e1s importantes\"}]},{\"@type\":\"WebSite\",\"@id\":\"https:\/\/www.gridmag.com.mx\/#website\",\"url\":\"https:\/\/www.gridmag.com.mx\/\",\"name\":\"Grid Magazine\",\"description\":\"Compartiendo lo mejor de la arquitectura y dise\u00f1o mexicano.\",\"publisher\":{\"@id\":\"https:\/\/www.gridmag.com.mx\/#organization\"},\"potentialAction\":[{\"@type\":\"SearchAction\",\"target\":{\"@type\":\"EntryPoint\",\"urlTemplate\":\"https:\/\/www.gridmag.com.mx\/?s={search_term_string}\"},\"query-input\":{\"@type\":\"PropertyValueSpecification\",\"valueRequired\":true,\"valueName\":\"search_term_string\"}}],\"inLanguage\":\"es\"},{\"@type\":\"Organization\",\"@id\":\"https:\/\/www.gridmag.com.mx\/#organization\",\"name\":\"Grid Magazine\",\"url\":\"https:\/\/www.gridmag.com.mx\/\",\"logo\":{\"@type\":\"ImageObject\",\"inLanguage\":\"es\",\"@id\":\"https:\/\/www.gridmag.com.mx\/#\/schema\/logo\/image\/\",\"url\":\"\",\"contentUrl\":\"\",\"caption\":\"Grid Magazine\"},\"image\":{\"@id\":\"https:\/\/www.gridmag.com.mx\/#\/schema\/logo\/image\/\"},\"sameAs\":[\"https:\/\/www.facebook.com\/gridmagazine.mx\",\"https:\/\/www.instagram.com\/gridmagazine_mx\/\",\"https:\/\/www.tiktok.com\/@gridmagazine.mx?_t=8gl2kVR2Aq6&_r=1\",\"https:\/\/www.linkedin.com\/company\/grid-magazine-mx\/\"]},{\"@type\":\"Person\",\"@id\":\"https:\/\/www.gridmag.com.mx\/#\/schema\/person\/d54cddc75e2ecfe4a55e39c0336ae932\",\"name\":\"Grid Magazine\",\"image\":{\"@type\":\"ImageObject\",\"inLanguage\":\"es\",\"@id\":\"https:\/\/www.gridmag.com.mx\/#\/schema\/person\/image\/\",\"url\":\"https:\/\/secure.gravatar.com\/avatar\/8e4bd50943002dd6ee9db30e5af749244f3e21206a99c4fb42429117eaacfc83?s=96&d=mm&r=g\",\"contentUrl\":\"https:\/\/secure.gravatar.com\/avatar\/8e4bd50943002dd6ee9db30e5af749244f3e21206a99c4fb42429117eaacfc83?s=96&d=mm&r=g\",\"caption\":\"Grid Magazine\"},\"sameAs\":[\"https:\/\/www.gridmag.com.mx\"],\"url\":\"https:\/\/www.gridmag.com.mx\/index.php\/author\/grid-magazine-arq\/\"}]}<\/script>\n<!-- \/ Yoast SEO plugin. -->","yoast_head_json":{"title":"Smiljan Radi\u0107 gana el Premio Pritzker 2026: qui\u00e9n es el arquitecto chileno y cu\u00e1les son sus obras m\u00e1s importantes | Grid Magazine","description":"onoce qui\u00e9n es Smiljan Radi\u0107, el arquitecto chileno ganador del Premio Pritzker 2026. Descubre su trayectoria, obras m\u00e1s importantes y su visi\u00f3n de la arquitectura.","robots":{"index":"index","follow":"follow","max-snippet":"max-snippet:-1","max-image-preview":"max-image-preview:large","max-video-preview":"max-video-preview:-1"},"canonical":"https:\/\/www.gridmag.com.mx\/index.php\/2026\/03\/12\/smiljan-radic-pritzker-2026\/","og_locale":"es_MX","og_type":"article","og_title":"Smiljan Radi\u0107 gana el Premio Pritzker 2026: qui\u00e9n es el arquitecto chileno y cu\u00e1les son sus obras m\u00e1s importantes | Grid Magazine","og_description":"onoce qui\u00e9n es Smiljan Radi\u0107, el arquitecto chileno ganador del Premio Pritzker 2026. Descubre su trayectoria, obras m\u00e1s importantes y su visi\u00f3n de la arquitectura.","og_url":"https:\/\/www.gridmag.com.mx\/index.php\/2026\/03\/12\/smiljan-radic-pritzker-2026\/","og_site_name":"Grid Magazine","article_publisher":"https:\/\/www.facebook.com\/gridmagazine.mx","article_published_time":"2026-03-12T14:44:45+00:00","article_modified_time":"2026-03-12T14:44:48+00:00","og_image":[{"width":1600,"height":900,"url":"https:\/\/www.gridmag.com.mx\/wp-content\/uploads\/2026\/03\/Smiljan-Radic-01-1.webp","type":"image\/webp"}],"author":"Grid Magazine","twitter_card":"summary_large_image","twitter_misc":{"Escrito por":"Grid Magazine","Tiempo de lectura":"4 minutos"},"schema":{"@context":"https:\/\/schema.org","@graph":[{"@type":"Article","@id":"https:\/\/www.gridmag.com.mx\/index.php\/2026\/03\/12\/smiljan-radic-pritzker-2026\/#article","isPartOf":{"@id":"https:\/\/www.gridmag.com.mx\/index.php\/2026\/03\/12\/smiljan-radic-pritzker-2026\/"},"author":{"name":"Grid Magazine","@id":"https:\/\/www.gridmag.com.mx\/#\/schema\/person\/d54cddc75e2ecfe4a55e39c0336ae932"},"headline":"Smiljan Radi\u0107 gana el Premio Pritzker 2026: qui\u00e9n es el arquitecto chileno y cu\u00e1les son sus obras m\u00e1s importantes","datePublished":"2026-03-12T14:44:45+00:00","dateModified":"2026-03-12T14:44:48+00:00","mainEntityOfPage":{"@id":"https:\/\/www.gridmag.com.mx\/index.php\/2026\/03\/12\/smiljan-radic-pritzker-2026\/"},"wordCount":437,"commentCount":0,"publisher":{"@id":"https:\/\/www.gridmag.com.mx\/#organization"},"image":{"@id":"https:\/\/www.gridmag.com.mx\/index.php\/2026\/03\/12\/smiljan-radic-pritzker-2026\/#primaryimage"},"thumbnailUrl":"https:\/\/www.gridmag.com.mx\/wp-content\/uploads\/2026\/03\/Smiljan-Radic-01-1.webp","articleSection":["Arquitectura"],"inLanguage":"es","potentialAction":[{"@type":"CommentAction","name":"Comment","target":["https:\/\/www.gridmag.com.mx\/index.php\/2026\/03\/12\/smiljan-radic-pritzker-2026\/#respond"]}]},{"@type":"WebPage","@id":"https:\/\/www.gridmag.com.mx\/index.php\/2026\/03\/12\/smiljan-radic-pritzker-2026\/","url":"https:\/\/www.gridmag.com.mx\/index.php\/2026\/03\/12\/smiljan-radic-pritzker-2026\/","name":"Smiljan Radi\u0107 gana el Premio Pritzker 2026: qui\u00e9n es el arquitecto chileno y cu\u00e1les son sus obras m\u00e1s importantes | Grid Magazine","isPartOf":{"@id":"https:\/\/www.gridmag.com.mx\/#website"},"primaryImageOfPage":{"@id":"https:\/\/www.gridmag.com.mx\/index.php\/2026\/03\/12\/smiljan-radic-pritzker-2026\/#primaryimage"},"image":{"@id":"https:\/\/www.gridmag.com.mx\/index.php\/2026\/03\/12\/smiljan-radic-pritzker-2026\/#primaryimage"},"thumbnailUrl":"https:\/\/www.gridmag.com.mx\/wp-content\/uploads\/2026\/03\/Smiljan-Radic-01-1.webp","datePublished":"2026-03-12T14:44:45+00:00","dateModified":"2026-03-12T14:44:48+00:00","description":"onoce qui\u00e9n es Smiljan Radi\u0107, el arquitecto chileno ganador del Premio Pritzker 2026. Descubre su trayectoria, obras m\u00e1s importantes y su visi\u00f3n de la arquitectura.","breadcrumb":{"@id":"https:\/\/www.gridmag.com.mx\/index.php\/2026\/03\/12\/smiljan-radic-pritzker-2026\/#breadcrumb"},"inLanguage":"es","potentialAction":[{"@type":"ReadAction","target":["https:\/\/www.gridmag.com.mx\/index.php\/2026\/03\/12\/smiljan-radic-pritzker-2026\/"]}]},{"@type":"ImageObject","inLanguage":"es","@id":"https:\/\/www.gridmag.com.mx\/index.php\/2026\/03\/12\/smiljan-radic-pritzker-2026\/#primaryimage","url":"https:\/\/www.gridmag.com.mx\/wp-content\/uploads\/2026\/03\/Smiljan-Radic-01-1.webp","contentUrl":"https:\/\/www.gridmag.com.mx\/wp-content\/uploads\/2026\/03\/Smiljan-Radic-01-1.webp","width":1600,"height":900},{"@type":"BreadcrumbList","@id":"https:\/\/www.gridmag.com.mx\/index.php\/2026\/03\/12\/smiljan-radic-pritzker-2026\/#breadcrumb","itemListElement":[{"@type":"ListItem","position":1,"name":"Inicio","item":"https:\/\/www.gridmag.com.mx\/"},{"@type":"ListItem","position":2,"name":"Smiljan Radi\u0107 gana el Premio Pritzker 2026: qui\u00e9n es el arquitecto chileno y cu\u00e1les son sus obras m\u00e1s importantes"}]},{"@type":"WebSite","@id":"https:\/\/www.gridmag.com.mx\/#website","url":"https:\/\/www.gridmag.com.mx\/","name":"Grid Magazine","description":"Compartiendo lo mejor de la arquitectura y dise\u00f1o mexicano.","publisher":{"@id":"https:\/\/www.gridmag.com.mx\/#organization"},"potentialAction":[{"@type":"SearchAction","target":{"@type":"EntryPoint","urlTemplate":"https:\/\/www.gridmag.com.mx\/?s={search_term_string}"},"query-input":{"@type":"PropertyValueSpecification","valueRequired":true,"valueName":"search_term_string"}}],"inLanguage":"es"},{"@type":"Organization","@id":"https:\/\/www.gridmag.com.mx\/#organization","name":"Grid Magazine","url":"https:\/\/www.gridmag.com.mx\/","logo":{"@type":"ImageObject","inLanguage":"es","@id":"https:\/\/www.gridmag.com.mx\/#\/schema\/logo\/image\/","url":"","contentUrl":"","caption":"Grid Magazine"},"image":{"@id":"https:\/\/www.gridmag.com.mx\/#\/schema\/logo\/image\/"},"sameAs":["https:\/\/www.facebook.com\/gridmagazine.mx","https:\/\/www.instagram.com\/gridmagazine_mx\/","https:\/\/www.tiktok.com\/@gridmagazine.mx?_t=8gl2kVR2Aq6&_r=1","https:\/\/www.linkedin.com\/company\/grid-magazine-mx\/"]},{"@type":"Person","@id":"https:\/\/www.gridmag.com.mx\/#\/schema\/person\/d54cddc75e2ecfe4a55e39c0336ae932","name":"Grid Magazine","image":{"@type":"ImageObject","inLanguage":"es","@id":"https:\/\/www.gridmag.com.mx\/#\/schema\/person\/image\/","url":"https:\/\/secure.gravatar.com\/avatar\/8e4bd50943002dd6ee9db30e5af749244f3e21206a99c4fb42429117eaacfc83?s=96&d=mm&r=g","contentUrl":"https:\/\/secure.gravatar.com\/avatar\/8e4bd50943002dd6ee9db30e5af749244f3e21206a99c4fb42429117eaacfc83?s=96&d=mm&r=g","caption":"Grid Magazine"},"sameAs":["https:\/\/www.gridmag.com.mx"],"url":"https:\/\/www.gridmag.com.mx\/index.php\/author\/grid-magazine-arq\/"}]}},"_links":{"self":[{"href":"https:\/\/www.gridmag.com.mx\/index.php\/wp-json\/wp\/v2\/posts\/11239","targetHints":{"allow":["GET"]}}],"collection":[{"href":"https:\/\/www.gridmag.com.mx\/index.php\/wp-json\/wp\/v2\/posts"}],"about":[{"href":"https:\/\/www.gridmag.com.mx\/index.php\/wp-json\/wp\/v2\/types\/post"}],"author":[{"embeddable":true,"href":"https:\/\/www.gridmag.com.mx\/index.php\/wp-json\/wp\/v2\/users\/1"}],"replies":[{"embeddable":true,"href":"https:\/\/www.gridmag.com.mx\/index.php\/wp-json\/wp\/v2\/comments?post=11239"}],"version-history":[{"count":1,"href":"https:\/\/www.gridmag.com.mx\/index.php\/wp-json\/wp\/v2\/posts\/11239\/revisions"}],"predecessor-version":[{"id":11248,"href":"https:\/\/www.gridmag.com.mx\/index.php\/wp-json\/wp\/v2\/posts\/11239\/revisions\/11248"}],"wp:featuredmedia":[{"embeddable":true,"href":"https:\/\/www.gridmag.com.mx\/index.php\/wp-json\/wp\/v2\/media\/11247"}],"wp:attachment":[{"href":"https:\/\/www.gridmag.com.mx\/index.php\/wp-json\/wp\/v2\/media?parent=11239"}],"wp:term":[{"taxonomy":"category","embeddable":true,"href":"https:\/\/www.gridmag.com.mx\/index.php\/wp-json\/wp\/v2\/categories?post=11239"},{"taxonomy":"post_tag","embeddable":true,"href":"https:\/\/www.gridmag.com.mx\/index.php\/wp-json\/wp\/v2\/tags?post=11239"}],"curies":[{"name":"wp","href":"https:\/\/api.w.org\/{rel}","templated":true}]}}