{"id":11302,"date":"2026-09-01T18:27:38","date_gmt":"2026-09-02T00:27:38","guid":{"rendered":"https:\/\/www.gridmag.com.mx\/?p=11302"},"modified":"2026-09-01T18:27:41","modified_gmt":"2026-09-02T00:27:41","slug":"si-los-arboles-hablaran-paco-santoyo-aguascalientes","status":"publish","type":"post","link":"https:\/\/www.gridmag.com.mx\/index.php\/2026\/09\/01\/si-los-arboles-hablaran-paco-santoyo-aguascalientes\/","title":{"rendered":"\u201cSi los \u00e1rboles hablaran\u2026\u201d: las historias que permanecen entre los \u00e1rboles de Aguascalientes"},"content":{"rendered":"\n<p class=\"wp-block-paragraph\">La exposici\u00f3n de Paco Santoyo re\u00fane 120 historias personales para explorar la relaci\u00f3n entre los \u00e1rboles, la memoria colectiva y las transformaciones de Aguascalientes.<\/p>\n\n\n\n<p class=\"wp-block-paragraph\">\u00bfQu\u00e9 historias podr\u00edan contar los \u00e1rboles si pudieran hablar? Esta pregunta da origen a <strong>\u201cSi los \u00e1rboles hablaran\u2026\u201d<\/strong>, proyecto art\u00edstico de <strong>Paco Santoyo<\/strong>, actualmente presentado en <strong>Galer\u00eda Ruido Proyectos, Aguascalientes<\/strong>.<\/p>\n\n\n\n<figure class=\"wp-block-image size-large\"><img decoding=\"async\" width=\"683\" height=\"1024\" src=\"https:\/\/www.gridmag.com.mx\/wp-content\/uploads\/2026\/09\/BYN_1553-683x1024-1.jpg\" alt=\"\" class=\"wp-image-11303\" srcset=\"https:\/\/www.gridmag.com.mx\/wp-content\/uploads\/2026\/09\/BYN_1553-683x1024-1.jpg 683w, https:\/\/www.gridmag.com.mx\/wp-content\/uploads\/2026\/09\/BYN_1553-341x512-1.jpg 341w, https:\/\/www.gridmag.com.mx\/wp-content\/uploads\/2026\/09\/BYN_1553-200x300-1.jpg 200w, https:\/\/www.gridmag.com.mx\/wp-content\/uploads\/2026\/09\/BYN_1553-1024x1536-1.jpg 1024w, https:\/\/www.gridmag.com.mx\/wp-content\/uploads\/2026\/09\/BYN_1553-1365x2048-1.jpg 1365w, https:\/\/www.gridmag.com.mx\/wp-content\/uploads\/2026\/09\/BYN_1553-scaled-1.jpg 1707w\" sizes=\"(max-width: 683px) 100vw, 683px\" \/><\/figure>\n\n\n\n<p class=\"wp-block-paragraph\">El proyecto naci\u00f3 a partir de una frase que el artista escuch\u00f3 durante su investigaci\u00f3n: <em>\u201cHoy en d\u00eda todos tienen algo que decir, pero nadie quiere escuchar\u2026\u201d<\/em>. A partir de ella, Santoyo comenz\u00f3 a pensar en los \u00e1rboles como testigos silenciosos de la transformaci\u00f3n de la ciudad, especialmente ante la tala y desaparici\u00f3n de \u00e1reas verdes.<\/p>\n\n\n\n<h2 class=\"wp-block-heading\">120 historias alrededor de los \u00e1rboles<\/h2>\n\n\n\n<p class=\"wp-block-paragraph\">Para desarrollar la exposici\u00f3n, Santoyo recopil\u00f3 <strong>120 historias de personas de Aguascalientes vinculadas con alg\u00fan \u00e1rbol o espacio verde<\/strong>. Los relatos hablan de nostalgia, p\u00e9rdida, encuentros, salud mental, cambio y experiencias personales que revelan c\u00f3mo un mismo lugar puede adquirir significados completamente distintos para quienes lo habitan.<\/p>\n\n\n\n<figure class=\"wp-block-image size-large\"><img decoding=\"async\" width=\"1024\" height=\"683\" src=\"https:\/\/www.gridmag.com.mx\/wp-content\/uploads\/2026\/09\/IMG_4446-1024x683-1.jpg\" alt=\"\" class=\"wp-image-11304\" srcset=\"https:\/\/www.gridmag.com.mx\/wp-content\/uploads\/2026\/09\/IMG_4446-1024x683-1.jpg 1024w, https:\/\/www.gridmag.com.mx\/wp-content\/uploads\/2026\/09\/IMG_4446-766x511-1.jpg 766w, https:\/\/www.gridmag.com.mx\/wp-content\/uploads\/2026\/09\/IMG_4446-300x200-1.jpg 300w, https:\/\/www.gridmag.com.mx\/wp-content\/uploads\/2026\/09\/IMG_4446-1536x1024-1.jpg 1536w, https:\/\/www.gridmag.com.mx\/wp-content\/uploads\/2026\/09\/IMG_4446-2048x1365-1.jpg 2048w, https:\/\/www.gridmag.com.mx\/wp-content\/uploads\/2026\/09\/IMG_4446-720x480-1.jpg 720w, https:\/\/www.gridmag.com.mx\/wp-content\/uploads\/2026\/09\/IMG_4446-770x513-1.jpg 770w, https:\/\/www.gridmag.com.mx\/wp-content\/uploads\/2026\/09\/IMG_4446-1400x933-1.jpg 1400w\" sizes=\"(max-width: 1024px) 100vw, 1024px\" \/><\/figure>\n\n\n\n<p class=\"wp-block-paragraph\">La exposici\u00f3n re\u00fane <strong>ocho obras de t\u00e9cnica mixta sobre lienzo<\/strong> y <strong>30 piezas realizadas con plum\u00f3n sobre papel<\/strong>, algunas creadas con la participaci\u00f3n de los propios \u00e1rboles, dejando marcas y rastros sobre las superficies.<\/p>\n\n\n\n<p class=\"wp-block-paragraph\">Estas piezas incorporan adem\u00e1s <strong>realidad aumentada<\/strong>: al escanearlas, el visitante puede descubrir las historias detr\u00e1s de cada obra y acceder a gr\u00e1ficos y elementos digitales que ampl\u00edan la experiencia.<\/p>\n\n\n\n<figure class=\"wp-block-image size-large\"><img decoding=\"async\" width=\"1024\" height=\"683\" src=\"https:\/\/www.gridmag.com.mx\/wp-content\/uploads\/2026\/09\/BYN_1651-1024x683-1.jpg\" alt=\"\" class=\"wp-image-11305\" srcset=\"https:\/\/www.gridmag.com.mx\/wp-content\/uploads\/2026\/09\/BYN_1651-1024x683-1.jpg 1024w, https:\/\/www.gridmag.com.mx\/wp-content\/uploads\/2026\/09\/BYN_1651-300x200-1.jpg 300w, https:\/\/www.gridmag.com.mx\/wp-content\/uploads\/2026\/09\/BYN_1651-1536x1024-1.jpg 1536w, https:\/\/www.gridmag.com.mx\/wp-content\/uploads\/2026\/09\/BYN_1651-2048x1365-1.jpg 2048w, https:\/\/www.gridmag.com.mx\/wp-content\/uploads\/2026\/09\/BYN_1651-768x512-1.jpg 768w, https:\/\/www.gridmag.com.mx\/wp-content\/uploads\/2026\/09\/BYN_1651-720x480-1.jpg 720w, https:\/\/www.gridmag.com.mx\/wp-content\/uploads\/2026\/09\/BYN_1651-770x513-1.jpg 770w, https:\/\/www.gridmag.com.mx\/wp-content\/uploads\/2026\/09\/BYN_1651-1400x933-1.jpg 1400w\" sizes=\"(max-width: 1024px) 100vw, 1024px\" \/><\/figure>\n\n\n\n<h2 class=\"wp-block-heading\">Un anecdotario de la ciudad<\/h2>\n\n\n\n<p class=\"wp-block-paragraph\">Para Santoyo, la exposici\u00f3n funciona como <strong>un anecdotario colectivo<\/strong>. Dentro del espacio, 120 sobres contienen las historias recopiladas para que los visitantes puedan abrirlos y leerlas. Un video documental complementa el recorrido mostrando parte del proceso y los lugares relacionados con estos relatos.<\/p>\n\n\n\n<figure class=\"wp-block-image size-large\"><img decoding=\"async\" width=\"682\" height=\"1024\" src=\"https:\/\/www.gridmag.com.mx\/wp-content\/uploads\/2026\/09\/IMG_4444-682x1024-1.jpg\" alt=\"\" class=\"wp-image-11306\" srcset=\"https:\/\/www.gridmag.com.mx\/wp-content\/uploads\/2026\/09\/IMG_4444-682x1024-1.jpg 682w, https:\/\/www.gridmag.com.mx\/wp-content\/uploads\/2026\/09\/IMG_4444-768x1152-1.jpg 768w, https:\/\/www.gridmag.com.mx\/wp-content\/uploads\/2026\/09\/IMG_4444-200x300-1.jpg 200w, https:\/\/www.gridmag.com.mx\/wp-content\/uploads\/2026\/09\/IMG_4444-1024x1536-1.jpg 1024w, https:\/\/www.gridmag.com.mx\/wp-content\/uploads\/2026\/09\/IMG_4444-1365x2048-1.jpg 1365w, https:\/\/www.gridmag.com.mx\/wp-content\/uploads\/2026\/09\/IMG_4444-770x1155-1.jpg 770w, https:\/\/www.gridmag.com.mx\/wp-content\/uploads\/2026\/09\/IMG_4444-1400x2100-1.jpg 1400w, https:\/\/www.gridmag.com.mx\/wp-content\/uploads\/2026\/09\/IMG_4444-scaled-1.jpg 1706w\" sizes=\"(max-width: 682px) 100vw, 682px\" \/><\/figure>\n\n\n\n<p class=\"wp-block-paragraph\">Pintura, dibujo, naturaleza, tecnolog\u00eda y participaci\u00f3n comunitaria se encuentran as\u00ed para reflexionar sobre nuestra relaci\u00f3n con la ciudad y aquello que desaparece cuando perdemos sus espacios naturales.<\/p>\n\n\n\n<p class=\"wp-block-paragraph\">El proyecto, realizado con el apoyo del <strong>PECDA 2025 en la categor\u00eda J\u00f3venes Creadores<\/strong>, termina dejando abierta una pregunta:<\/p>\n\n\n\n<figure class=\"wp-block-image size-large\"><img decoding=\"async\" width=\"1024\" height=\"683\" src=\"https:\/\/www.gridmag.com.mx\/wp-content\/uploads\/2026\/09\/BYN_1625-1024x683-1.jpg\" alt=\"\" class=\"wp-image-11307\" srcset=\"https:\/\/www.gridmag.com.mx\/wp-content\/uploads\/2026\/09\/BYN_1625-1024x683-1.jpg 1024w, https:\/\/www.gridmag.com.mx\/wp-content\/uploads\/2026\/09\/BYN_1625-768x512-1.jpg 768w, https:\/\/www.gridmag.com.mx\/wp-content\/uploads\/2026\/09\/BYN_1625-300x200-1.jpg 300w, https:\/\/www.gridmag.com.mx\/wp-content\/uploads\/2026\/09\/BYN_1625-1536x1024-1.jpg 1536w, https:\/\/www.gridmag.com.mx\/wp-content\/uploads\/2026\/09\/BYN_1625-2048x1365-1.jpg 2048w, https:\/\/www.gridmag.com.mx\/wp-content\/uploads\/2026\/09\/BYN_1625-770x513-1.jpg 770w, https:\/\/www.gridmag.com.mx\/wp-content\/uploads\/2026\/09\/BYN_1625-720x480-1.jpg 720w, https:\/\/www.gridmag.com.mx\/wp-content\/uploads\/2026\/09\/BYN_1625-1400x933-1.jpg 1400w\" sizes=\"(max-width: 1024px) 100vw, 1024px\" \/><\/figure>\n\n\n\n<p class=\"wp-block-paragraph\">Si los \u00e1rboles hablaran, \u00bfqui\u00e9nes estar\u00edamos dispuestos a escucharlos?<\/p>\n\n\n\n<figure class=\"wp-block-image size-large\"><img decoding=\"async\" width=\"1024\" height=\"683\" src=\"https:\/\/www.gridmag.com.mx\/wp-content\/uploads\/2026\/09\/BYN_1600-1024x683-1.jpg\" alt=\"\" class=\"wp-image-11308\" srcset=\"https:\/\/www.gridmag.com.mx\/wp-content\/uploads\/2026\/09\/BYN_1600-1024x683-1.jpg 1024w, https:\/\/www.gridmag.com.mx\/wp-content\/uploads\/2026\/09\/BYN_1600-300x200-1.jpg 300w, https:\/\/www.gridmag.com.mx\/wp-content\/uploads\/2026\/09\/BYN_1600-768x512-1.jpg 768w, https:\/\/www.gridmag.com.mx\/wp-content\/uploads\/2026\/09\/BYN_1600-1536x1024-1.jpg 1536w, https:\/\/www.gridmag.com.mx\/wp-content\/uploads\/2026\/09\/BYN_1600-2048x1365-1.jpg 2048w, https:\/\/www.gridmag.com.mx\/wp-content\/uploads\/2026\/09\/BYN_1600-720x480-1.jpg 720w, https:\/\/www.gridmag.com.mx\/wp-content\/uploads\/2026\/09\/BYN_1600-1400x933-1.jpg 1400w, https:\/\/www.gridmag.com.mx\/wp-content\/uploads\/2026\/09\/BYN_1600-770x513-1.jpg 770w\" sizes=\"(max-width: 1024px) 100vw, 1024px\" \/><\/figure>\n\n\n\n<h2 class=\"wp-block-heading\">Visita la exposici\u00f3n<\/h2>\n\n\n\n<p class=\"wp-block-paragraph\"><strong>Artista:<\/strong> Luis Francisco Santoyo Avalos \u201cPaco Santoyo\u201d<br><strong>Instagram:<\/strong> @just_pacoo<br><strong>Lugar:<\/strong> Galer\u00eda Ruido Proyectos, Aguascalientes<br><strong>Hasta:<\/strong> 5 de septiembre de 2026<br><strong>Horario:<\/strong> martes a viernes, 9:00\u201314:00 h y 17:00\u201319:00 h; s\u00e1bados, 9:00\u201314:00 h.<\/p>\n\n\n\n<p class=\"wp-block-paragraph\"><\/p>\n","protected":false},"excerpt":{"rendered":"<p>La exposici\u00f3n de Paco Santoyo re\u00fane 120 historias personales para explorar la relaci\u00f3n entre los \u00e1rboles, la memoria colectiva y las transformaciones de Aguascalientes. \u00bfQu\u00e9 historias podr\u00edan contar los \u00e1rboles si pudieran hablar? Esta pregunta da origen a \u201cSi los \u00e1rboles hablaran\u2026\u201d, proyecto art\u00edstico de Paco Santoyo, actualmente presentado en Galer\u00eda Ruido Proyectos, Aguascalientes. El proyecto naci\u00f3 a partir de una frase que el artista escuch\u00f3 durante su investigaci\u00f3n: \u201cHoy en d\u00eda todos tienen algo que decir, pero nadie quiere [&hellip;]<\/p>\n","protected":false},"author":1,"featured_media":11306,"comment_status":"open","ping_status":"open","sticky":false,"template":"","format":"standard","meta":{"footnotes":""},"categories":[53],"tags":[],"class_list":["post-11302","post","type-post","status-publish","format-standard","has-post-thumbnail","hentry","category-arte"],"yoast_head":"<!-- This site is optimized with the Yoast SEO plugin v28.2 - https:\/\/yoast.com\/product\/yoast-seo-wordpress\/ -->\n<title>\u201cSi los \u00e1rboles hablaran\u2026\u201d: las historias que permanecen entre los \u00e1rboles de Aguascalientes | Grid Magazine<\/title>\n<meta name=\"description\" content=\"Paco Santoyo presenta \u201cSi los \u00e1rboles hablaran\u2026\u201d, una exposici\u00f3n sobre \u00e1rboles, memoria y transformaci\u00f3n urbana en Aguascalientes.\" \/>\n<meta name=\"robots\" content=\"index, follow, max-snippet:-1, max-image-preview:large, max-video-preview:-1\" \/>\n<link rel=\"canonical\" href=\"https:\/\/www.gridmag.com.mx\/index.php\/2026\/09\/01\/si-los-arboles-hablaran-paco-santoyo-aguascalientes\/\" \/>\n<meta property=\"og:locale\" content=\"es_MX\" \/>\n<meta property=\"og:type\" content=\"article\" \/>\n<meta property=\"og:title\" content=\"\u201cSi los \u00e1rboles hablaran\u2026\u201d: las historias que permanecen entre los \u00e1rboles de Aguascalientes | Grid Magazine\" \/>\n<meta property=\"og:description\" content=\"Paco Santoyo presenta \u201cSi los \u00e1rboles hablaran\u2026\u201d, una exposici\u00f3n sobre \u00e1rboles, memoria y transformaci\u00f3n urbana en Aguascalientes.\" \/>\n<meta property=\"og:url\" content=\"https:\/\/www.gridmag.com.mx\/index.php\/2026\/09\/01\/si-los-arboles-hablaran-paco-santoyo-aguascalientes\/\" \/>\n<meta property=\"og:site_name\" content=\"Grid Magazine\" \/>\n<meta property=\"article:publisher\" content=\"https:\/\/www.facebook.com\/gridmagazine.mx\" \/>\n<meta property=\"article:published_time\" content=\"2026-09-02T00:27:38+00:00\" \/>\n<meta property=\"article:modified_time\" content=\"2026-09-02T00:27:41+00:00\" \/>\n<meta property=\"og:image\" content=\"https:\/\/www.gridmag.com.mx\/wp-content\/uploads\/2026\/09\/IMG_4444-scaled-1.jpg\" \/>\n\t<meta property=\"og:image:width\" content=\"1706\" \/>\n\t<meta property=\"og:image:height\" content=\"2560\" \/>\n\t<meta property=\"og:image:type\" content=\"image\/jpeg\" \/>\n<meta name=\"author\" content=\"Grid Magazine\" \/>\n<meta name=\"twitter:card\" content=\"summary_large_image\" \/>\n<meta name=\"twitter:label1\" content=\"Escrito por\" \/>\n\t<meta name=\"twitter:data1\" content=\"Grid Magazine\" \/>\n\t<meta name=\"twitter:label2\" content=\"Tiempo de lectura\" \/>\n\t<meta name=\"twitter:data2\" content=\"4 minutos\" \/>\n<script type=\"application\/ld+json\" class=\"yoast-schema-graph\">{\"@context\":\"https:\\\/\\\/schema.org\",\"@graph\":[{\"@type\":\"Article\",\"@id\":\"https:\\\/\\\/www.gridmag.com.mx\\\/index.php\\\/2026\\\/09\\\/01\\\/si-los-arboles-hablaran-paco-santoyo-aguascalientes\\\/#article\",\"isPartOf\":{\"@id\":\"https:\\\/\\\/www.gridmag.com.mx\\\/index.php\\\/2026\\\/09\\\/01\\\/si-los-arboles-hablaran-paco-santoyo-aguascalientes\\\/\"},\"author\":{\"name\":\"Grid Magazine\",\"@id\":\"https:\\\/\\\/www.gridmag.com.mx\\\/#\\\/schema\\\/person\\\/d54cddc75e2ecfe4a55e39c0336ae932\"},\"headline\":\"\u201cSi los \u00e1rboles hablaran\u2026\u201d: las historias que permanecen entre los \u00e1rboles de Aguascalientes\",\"datePublished\":\"2026-09-02T00:27:38+00:00\",\"dateModified\":\"2026-09-02T00:27:41+00:00\",\"mainEntityOfPage\":{\"@id\":\"https:\\\/\\\/www.gridmag.com.mx\\\/index.php\\\/2026\\\/09\\\/01\\\/si-los-arboles-hablaran-paco-santoyo-aguascalientes\\\/\"},\"wordCount\":401,\"commentCount\":0,\"publisher\":{\"@id\":\"https:\\\/\\\/www.gridmag.com.mx\\\/#organization\"},\"image\":{\"@id\":\"https:\\\/\\\/www.gridmag.com.mx\\\/index.php\\\/2026\\\/09\\\/01\\\/si-los-arboles-hablaran-paco-santoyo-aguascalientes\\\/#primaryimage\"},\"thumbnailUrl\":\"https:\\\/\\\/www.gridmag.com.mx\\\/wp-content\\\/uploads\\\/2026\\\/09\\\/IMG_4444-scaled-1.jpg\",\"articleSection\":[\"Arte\"],\"inLanguage\":\"es\",\"potentialAction\":[{\"@type\":\"CommentAction\",\"name\":\"Comment\",\"target\":[\"https:\\\/\\\/www.gridmag.com.mx\\\/index.php\\\/2026\\\/09\\\/01\\\/si-los-arboles-hablaran-paco-santoyo-aguascalientes\\\/#respond\"]}]},{\"@type\":\"WebPage\",\"@id\":\"https:\\\/\\\/www.gridmag.com.mx\\\/index.php\\\/2026\\\/09\\\/01\\\/si-los-arboles-hablaran-paco-santoyo-aguascalientes\\\/\",\"url\":\"https:\\\/\\\/www.gridmag.com.mx\\\/index.php\\\/2026\\\/09\\\/01\\\/si-los-arboles-hablaran-paco-santoyo-aguascalientes\\\/\",\"name\":\"\u201cSi los \u00e1rboles hablaran\u2026\u201d: las historias que permanecen entre los \u00e1rboles de Aguascalientes | Grid Magazine\",\"isPartOf\":{\"@id\":\"https:\\\/\\\/www.gridmag.com.mx\\\/#website\"},\"primaryImageOfPage\":{\"@id\":\"https:\\\/\\\/www.gridmag.com.mx\\\/index.php\\\/2026\\\/09\\\/01\\\/si-los-arboles-hablaran-paco-santoyo-aguascalientes\\\/#primaryimage\"},\"image\":{\"@id\":\"https:\\\/\\\/www.gridmag.com.mx\\\/index.php\\\/2026\\\/09\\\/01\\\/si-los-arboles-hablaran-paco-santoyo-aguascalientes\\\/#primaryimage\"},\"thumbnailUrl\":\"https:\\\/\\\/www.gridmag.com.mx\\\/wp-content\\\/uploads\\\/2026\\\/09\\\/IMG_4444-scaled-1.jpg\",\"datePublished\":\"2026-09-02T00:27:38+00:00\",\"dateModified\":\"2026-09-02T00:27:41+00:00\",\"description\":\"Paco Santoyo presenta \u201cSi los \u00e1rboles hablaran\u2026\u201d, una exposici\u00f3n sobre \u00e1rboles, memoria y transformaci\u00f3n urbana en Aguascalientes.\",\"breadcrumb\":{\"@id\":\"https:\\\/\\\/www.gridmag.com.mx\\\/index.php\\\/2026\\\/09\\\/01\\\/si-los-arboles-hablaran-paco-santoyo-aguascalientes\\\/#breadcrumb\"},\"inLanguage\":\"es\",\"potentialAction\":[{\"@type\":\"ReadAction\",\"target\":[\"https:\\\/\\\/www.gridmag.com.mx\\\/index.php\\\/2026\\\/09\\\/01\\\/si-los-arboles-hablaran-paco-santoyo-aguascalientes\\\/\"]}]},{\"@type\":\"ImageObject\",\"inLanguage\":\"es\",\"@id\":\"https:\\\/\\\/www.gridmag.com.mx\\\/index.php\\\/2026\\\/09\\\/01\\\/si-los-arboles-hablaran-paco-santoyo-aguascalientes\\\/#primaryimage\",\"url\":\"https:\\\/\\\/www.gridmag.com.mx\\\/wp-content\\\/uploads\\\/2026\\\/09\\\/IMG_4444-scaled-1.jpg\",\"contentUrl\":\"https:\\\/\\\/www.gridmag.com.mx\\\/wp-content\\\/uploads\\\/2026\\\/09\\\/IMG_4444-scaled-1.jpg\",\"width\":1706,\"height\":2560},{\"@type\":\"BreadcrumbList\",\"@id\":\"https:\\\/\\\/www.gridmag.com.mx\\\/index.php\\\/2026\\\/09\\\/01\\\/si-los-arboles-hablaran-paco-santoyo-aguascalientes\\\/#breadcrumb\",\"itemListElement\":[{\"@type\":\"ListItem\",\"position\":1,\"name\":\"Inicio\",\"item\":\"https:\\\/\\\/www.gridmag.com.mx\\\/\"},{\"@type\":\"ListItem\",\"position\":2,\"name\":\"\u201cSi los \u00e1rboles hablaran\u2026\u201d: las historias que permanecen entre los \u00e1rboles de Aguascalientes\"}]},{\"@type\":\"WebSite\",\"@id\":\"https:\\\/\\\/www.gridmag.com.mx\\\/#website\",\"url\":\"https:\\\/\\\/www.gridmag.com.mx\\\/\",\"name\":\"Grid Magazine\",\"description\":\"Compartiendo lo mejor de la arquitectura y dise\u00f1o mexicano.\",\"publisher\":{\"@id\":\"https:\\\/\\\/www.gridmag.com.mx\\\/#organization\"},\"potentialAction\":[{\"@type\":\"SearchAction\",\"target\":{\"@type\":\"EntryPoint\",\"urlTemplate\":\"https:\\\/\\\/www.gridmag.com.mx\\\/?s={search_term_string}\"},\"query-input\":{\"@type\":\"PropertyValueSpecification\",\"valueRequired\":true,\"valueName\":\"search_term_string\"}}],\"inLanguage\":\"es\"},{\"@type\":\"Organization\",\"@id\":\"https:\\\/\\\/www.gridmag.com.mx\\\/#organization\",\"name\":\"Grid Magazine\",\"url\":\"https:\\\/\\\/www.gridmag.com.mx\\\/\",\"logo\":{\"@type\":\"ImageObject\",\"inLanguage\":\"es\",\"@id\":\"https:\\\/\\\/www.gridmag.com.mx\\\/#\\\/schema\\\/logo\\\/image\\\/\",\"url\":\"\",\"contentUrl\":\"\",\"caption\":\"Grid Magazine\"},\"image\":{\"@id\":\"https:\\\/\\\/www.gridmag.com.mx\\\/#\\\/schema\\\/logo\\\/image\\\/\"},\"sameAs\":[\"https:\\\/\\\/www.facebook.com\\\/gridmagazine.mx\",\"https:\\\/\\\/www.instagram.com\\\/gridmagazine_mx\\\/\",\"https:\\\/\\\/www.tiktok.com\\\/@gridmagazine.mx?_t=8gl2kVR2Aq6&_r=1\",\"https:\\\/\\\/www.linkedin.com\\\/company\\\/grid-magazine-mx\\\/\"]},{\"@type\":\"Person\",\"@id\":\"https:\\\/\\\/www.gridmag.com.mx\\\/#\\\/schema\\\/person\\\/d54cddc75e2ecfe4a55e39c0336ae932\",\"name\":\"Grid Magazine\",\"image\":{\"@type\":\"ImageObject\",\"inLanguage\":\"es\",\"@id\":\"https:\\\/\\\/secure.gravatar.com\\\/avatar\\\/8e4bd50943002dd6ee9db30e5af749244f3e21206a99c4fb42429117eaacfc83?s=96&d=mm&r=g\",\"url\":\"https:\\\/\\\/secure.gravatar.com\\\/avatar\\\/8e4bd50943002dd6ee9db30e5af749244f3e21206a99c4fb42429117eaacfc83?s=96&d=mm&r=g\",\"contentUrl\":\"https:\\\/\\\/secure.gravatar.com\\\/avatar\\\/8e4bd50943002dd6ee9db30e5af749244f3e21206a99c4fb42429117eaacfc83?s=96&d=mm&r=g\",\"caption\":\"Grid Magazine\"},\"sameAs\":[\"https:\\\/\\\/www.gridmag.com.mx\"],\"url\":\"https:\\\/\\\/www.gridmag.com.mx\\\/index.php\\\/author\\\/grid-magazine-arq\\\/\"}]}<\/script>\n<!-- \/ Yoast SEO plugin. -->","yoast_head_json":{"title":"\u201cSi los \u00e1rboles hablaran\u2026\u201d: las historias que permanecen entre los \u00e1rboles de Aguascalientes | Grid Magazine","description":"Paco Santoyo presenta \u201cSi los \u00e1rboles hablaran\u2026\u201d, una exposici\u00f3n sobre \u00e1rboles, memoria y transformaci\u00f3n urbana en Aguascalientes.","robots":{"index":"index","follow":"follow","max-snippet":"max-snippet:-1","max-image-preview":"max-image-preview:large","max-video-preview":"max-video-preview:-1"},"canonical":"https:\/\/www.gridmag.com.mx\/index.php\/2026\/09\/01\/si-los-arboles-hablaran-paco-santoyo-aguascalientes\/","og_locale":"es_MX","og_type":"article","og_title":"\u201cSi los \u00e1rboles hablaran\u2026\u201d: las historias que permanecen entre los \u00e1rboles de Aguascalientes | Grid Magazine","og_description":"Paco Santoyo presenta \u201cSi los \u00e1rboles hablaran\u2026\u201d, una exposici\u00f3n sobre \u00e1rboles, memoria y transformaci\u00f3n urbana en Aguascalientes.","og_url":"https:\/\/www.gridmag.com.mx\/index.php\/2026\/09\/01\/si-los-arboles-hablaran-paco-santoyo-aguascalientes\/","og_site_name":"Grid Magazine","article_publisher":"https:\/\/www.facebook.com\/gridmagazine.mx","article_published_time":"2026-09-02T00:27:38+00:00","article_modified_time":"2026-09-02T00:27:41+00:00","og_image":[{"width":1706,"height":2560,"url":"https:\/\/www.gridmag.com.mx\/wp-content\/uploads\/2026\/09\/IMG_4444-scaled-1.jpg","type":"image\/jpeg"}],"author":"Grid Magazine","twitter_card":"summary_large_image","twitter_misc":{"Escrito por":"Grid Magazine","Tiempo de lectura":"4 minutos"},"schema":{"@context":"https:\/\/schema.org","@graph":[{"@type":"Article","@id":"https:\/\/www.gridmag.com.mx\/index.php\/2026\/09\/01\/si-los-arboles-hablaran-paco-santoyo-aguascalientes\/#article","isPartOf":{"@id":"https:\/\/www.gridmag.com.mx\/index.php\/2026\/09\/01\/si-los-arboles-hablaran-paco-santoyo-aguascalientes\/"},"author":{"name":"Grid Magazine","@id":"https:\/\/www.gridmag.com.mx\/#\/schema\/person\/d54cddc75e2ecfe4a55e39c0336ae932"},"headline":"\u201cSi los \u00e1rboles hablaran\u2026\u201d: las historias que permanecen entre los \u00e1rboles de Aguascalientes","datePublished":"2026-09-02T00:27:38+00:00","dateModified":"2026-09-02T00:27:41+00:00","mainEntityOfPage":{"@id":"https:\/\/www.gridmag.com.mx\/index.php\/2026\/09\/01\/si-los-arboles-hablaran-paco-santoyo-aguascalientes\/"},"wordCount":401,"commentCount":0,"publisher":{"@id":"https:\/\/www.gridmag.com.mx\/#organization"},"image":{"@id":"https:\/\/www.gridmag.com.mx\/index.php\/2026\/09\/01\/si-los-arboles-hablaran-paco-santoyo-aguascalientes\/#primaryimage"},"thumbnailUrl":"https:\/\/www.gridmag.com.mx\/wp-content\/uploads\/2026\/09\/IMG_4444-scaled-1.jpg","articleSection":["Arte"],"inLanguage":"es","potentialAction":[{"@type":"CommentAction","name":"Comment","target":["https:\/\/www.gridmag.com.mx\/index.php\/2026\/09\/01\/si-los-arboles-hablaran-paco-santoyo-aguascalientes\/#respond"]}]},{"@type":"WebPage","@id":"https:\/\/www.gridmag.com.mx\/index.php\/2026\/09\/01\/si-los-arboles-hablaran-paco-santoyo-aguascalientes\/","url":"https:\/\/www.gridmag.com.mx\/index.php\/2026\/09\/01\/si-los-arboles-hablaran-paco-santoyo-aguascalientes\/","name":"\u201cSi los \u00e1rboles hablaran\u2026\u201d: las historias que permanecen entre los \u00e1rboles de Aguascalientes | Grid Magazine","isPartOf":{"@id":"https:\/\/www.gridmag.com.mx\/#website"},"primaryImageOfPage":{"@id":"https:\/\/www.gridmag.com.mx\/index.php\/2026\/09\/01\/si-los-arboles-hablaran-paco-santoyo-aguascalientes\/#primaryimage"},"image":{"@id":"https:\/\/www.gridmag.com.mx\/index.php\/2026\/09\/01\/si-los-arboles-hablaran-paco-santoyo-aguascalientes\/#primaryimage"},"thumbnailUrl":"https:\/\/www.gridmag.com.mx\/wp-content\/uploads\/2026\/09\/IMG_4444-scaled-1.jpg","datePublished":"2026-09-02T00:27:38+00:00","dateModified":"2026-09-02T00:27:41+00:00","description":"Paco Santoyo presenta \u201cSi los \u00e1rboles hablaran\u2026\u201d, una exposici\u00f3n sobre \u00e1rboles, memoria y transformaci\u00f3n urbana en Aguascalientes.","breadcrumb":{"@id":"https:\/\/www.gridmag.com.mx\/index.php\/2026\/09\/01\/si-los-arboles-hablaran-paco-santoyo-aguascalientes\/#breadcrumb"},"inLanguage":"es","potentialAction":[{"@type":"ReadAction","target":["https:\/\/www.gridmag.com.mx\/index.php\/2026\/09\/01\/si-los-arboles-hablaran-paco-santoyo-aguascalientes\/"]}]},{"@type":"ImageObject","inLanguage":"es","@id":"https:\/\/www.gridmag.com.mx\/index.php\/2026\/09\/01\/si-los-arboles-hablaran-paco-santoyo-aguascalientes\/#primaryimage","url":"https:\/\/www.gridmag.com.mx\/wp-content\/uploads\/2026\/09\/IMG_4444-scaled-1.jpg","contentUrl":"https:\/\/www.gridmag.com.mx\/wp-content\/uploads\/2026\/09\/IMG_4444-scaled-1.jpg","width":1706,"height":2560},{"@type":"BreadcrumbList","@id":"https:\/\/www.gridmag.com.mx\/index.php\/2026\/09\/01\/si-los-arboles-hablaran-paco-santoyo-aguascalientes\/#breadcrumb","itemListElement":[{"@type":"ListItem","position":1,"name":"Inicio","item":"https:\/\/www.gridmag.com.mx\/"},{"@type":"ListItem","position":2,"name":"\u201cSi los \u00e1rboles hablaran\u2026\u201d: las historias que permanecen entre los \u00e1rboles de Aguascalientes"}]},{"@type":"WebSite","@id":"https:\/\/www.gridmag.com.mx\/#website","url":"https:\/\/www.gridmag.com.mx\/","name":"Grid Magazine","description":"Compartiendo lo mejor de la arquitectura y dise\u00f1o mexicano.","publisher":{"@id":"https:\/\/www.gridmag.com.mx\/#organization"},"potentialAction":[{"@type":"SearchAction","target":{"@type":"EntryPoint","urlTemplate":"https:\/\/www.gridmag.com.mx\/?s={search_term_string}"},"query-input":{"@type":"PropertyValueSpecification","valueRequired":true,"valueName":"search_term_string"}}],"inLanguage":"es"},{"@type":"Organization","@id":"https:\/\/www.gridmag.com.mx\/#organization","name":"Grid Magazine","url":"https:\/\/www.gridmag.com.mx\/","logo":{"@type":"ImageObject","inLanguage":"es","@id":"https:\/\/www.gridmag.com.mx\/#\/schema\/logo\/image\/","url":"","contentUrl":"","caption":"Grid Magazine"},"image":{"@id":"https:\/\/www.gridmag.com.mx\/#\/schema\/logo\/image\/"},"sameAs":["https:\/\/www.facebook.com\/gridmagazine.mx","https:\/\/www.instagram.com\/gridmagazine_mx\/","https:\/\/www.tiktok.com\/@gridmagazine.mx?_t=8gl2kVR2Aq6&_r=1","https:\/\/www.linkedin.com\/company\/grid-magazine-mx\/"]},{"@type":"Person","@id":"https:\/\/www.gridmag.com.mx\/#\/schema\/person\/d54cddc75e2ecfe4a55e39c0336ae932","name":"Grid Magazine","image":{"@type":"ImageObject","inLanguage":"es","@id":"https:\/\/secure.gravatar.com\/avatar\/8e4bd50943002dd6ee9db30e5af749244f3e21206a99c4fb42429117eaacfc83?s=96&d=mm&r=g","url":"https:\/\/secure.gravatar.com\/avatar\/8e4bd50943002dd6ee9db30e5af749244f3e21206a99c4fb42429117eaacfc83?s=96&d=mm&r=g","contentUrl":"https:\/\/secure.gravatar.com\/avatar\/8e4bd50943002dd6ee9db30e5af749244f3e21206a99c4fb42429117eaacfc83?s=96&d=mm&r=g","caption":"Grid Magazine"},"sameAs":["https:\/\/www.gridmag.com.mx"],"url":"https:\/\/www.gridmag.com.mx\/index.php\/author\/grid-magazine-arq\/"}]}},"_links":{"self":[{"href":"https:\/\/www.gridmag.com.mx\/index.php\/wp-json\/wp\/v2\/posts\/11302","targetHints":{"allow":["GET"]}}],"collection":[{"href":"https:\/\/www.gridmag.com.mx\/index.php\/wp-json\/wp\/v2\/posts"}],"about":[{"href":"https:\/\/www.gridmag.com.mx\/index.php\/wp-json\/wp\/v2\/types\/post"}],"author":[{"embeddable":true,"href":"https:\/\/www.gridmag.com.mx\/index.php\/wp-json\/wp\/v2\/users\/1"}],"replies":[{"embeddable":true,"href":"https:\/\/www.gridmag.com.mx\/index.php\/wp-json\/wp\/v2\/comments?post=11302"}],"version-history":[{"count":1,"href":"https:\/\/www.gridmag.com.mx\/index.php\/wp-json\/wp\/v2\/posts\/11302\/revisions"}],"predecessor-version":[{"id":11309,"href":"https:\/\/www.gridmag.com.mx\/index.php\/wp-json\/wp\/v2\/posts\/11302\/revisions\/11309"}],"wp:featuredmedia":[{"embeddable":true,"href":"https:\/\/www.gridmag.com.mx\/index.php\/wp-json\/wp\/v2\/media\/11306"}],"wp:attachment":[{"href":"https:\/\/www.gridmag.com.mx\/index.php\/wp-json\/wp\/v2\/media?parent=11302"}],"wp:term":[{"taxonomy":"category","embeddable":true,"href":"https:\/\/www.gridmag.com.mx\/index.php\/wp-json\/wp\/v2\/categories?post=11302"},{"taxonomy":"post_tag","embeddable":true,"href":"https:\/\/www.gridmag.com.mx\/index.php\/wp-json\/wp\/v2\/tags?post=11302"}],"curies":[{"name":"wp","href":"https:\/\/api.w.org\/{rel}","templated":true}]}}