{"id":11317,"date":"2026-09-01T19:12:38","date_gmt":"2026-09-02T01:12:38","guid":{"rendered":"https:\/\/www.gridmag.com.mx\/?p=11317"},"modified":"2026-09-01T19:12:42","modified_gmt":"2026-09-02T01:12:42","slug":"parque-minos-una-ciudad-ludica-para-la-infancia-en-minatitlan","status":"publish","type":"post","link":"https:\/\/www.gridmag.com.mx\/index.php\/2026\/09\/01\/parque-minos-una-ciudad-ludica-para-la-infancia-en-minatitlan\/","title":{"rendered":"Parque Minos: una ciudad l\u00fadica para la infancia en Minatitl\u00e1n"},"content":{"rendered":"\n<p class=\"wp-block-paragraph\">Taller Multidisciplinar transforma un espacio deteriorado en Minatitl\u00e1n, Veracruz, en un paisaje de juego, vegetaci\u00f3n y encuentro que coloca a las infancias en el centro del espacio p\u00fablico.<\/p>\n\n\n\n<p class=\"wp-block-paragraph\">\u00bfQu\u00e9 pasa cuando una ciudad se dise\u00f1a desde la escala y la imaginaci\u00f3n de un ni\u00f1o?<\/p>\n\n\n\n<figure class=\"wp-block-image size-large\"><img decoding=\"async\" width=\"1024\" height=\"563\" src=\"https:\/\/www.gridmag.com.mx\/wp-content\/uploads\/2026\/09\/03.-PARQUE-MINOS-_-Taller-Multidisiciplinar-1024x563-1.jpg\" alt=\"\" class=\"wp-image-11318\" srcset=\"https:\/\/www.gridmag.com.mx\/wp-content\/uploads\/2026\/09\/03.-PARQUE-MINOS-_-Taller-Multidisiciplinar-1024x563-1.jpg 1024w, https:\/\/www.gridmag.com.mx\/wp-content\/uploads\/2026\/09\/03.-PARQUE-MINOS-_-Taller-Multidisiciplinar-300x165-1.jpg 300w, https:\/\/www.gridmag.com.mx\/wp-content\/uploads\/2026\/09\/03.-PARQUE-MINOS-_-Taller-Multidisiciplinar-767x421-1.jpg 767w, https:\/\/www.gridmag.com.mx\/wp-content\/uploads\/2026\/09\/03.-PARQUE-MINOS-_-Taller-Multidisiciplinar-1536x844-1.jpg 1536w, https:\/\/www.gridmag.com.mx\/wp-content\/uploads\/2026\/09\/03.-PARQUE-MINOS-_-Taller-Multidisiciplinar-2048x1125-1.jpg 2048w, https:\/\/www.gridmag.com.mx\/wp-content\/uploads\/2026\/09\/03.-PARQUE-MINOS-_-Taller-Multidisiciplinar-770x423-1.jpg 770w, https:\/\/www.gridmag.com.mx\/wp-content\/uploads\/2026\/09\/03.-PARQUE-MINOS-_-Taller-Multidisiciplinar-1400x769-1.jpg 1400w\" sizes=\"(max-width: 1024px) 100vw, 1024px\" \/><\/figure>\n\n\n\n<p class=\"wp-block-paragraph\">En el coraz\u00f3n de <strong>Minatitl\u00e1n, Veracruz<\/strong>, Parque Minos surge como una intervenci\u00f3n de <strong>Taller Multidisciplinar<\/strong> que apuesta por recuperar el espacio p\u00fablico a trav\u00e9s del juego, la comunidad y el sentido de pertenencia.<\/p>\n\n\n\n<p class=\"wp-block-paragraph\">El proyecto transforma un predio previamente deteriorado dentro de las instalaciones del DIF municipal en una especie de <strong>gran patio colectivo<\/strong>, compuesto por espacios para correr, trepar, esconderse y descubrir. Algunos de sus juegos superan incluso la altura de un adulto, convirti\u00e9ndose en peque\u00f1as arquitecturas que invitan a explorar el espacio desde otras perspectivas.<\/p>\n\n\n\n<figure class=\"wp-block-image size-large\"><img decoding=\"async\" width=\"1024\" height=\"640\" src=\"https:\/\/www.gridmag.com.mx\/wp-content\/uploads\/2026\/09\/13.-PARQUE-MINOS-_-Taller-Multidisiciplinar-1024x640.png\" alt=\"\" class=\"wp-image-11319\" srcset=\"https:\/\/www.gridmag.com.mx\/wp-content\/uploads\/2026\/09\/13.-PARQUE-MINOS-_-Taller-Multidisiciplinar-1024x640.png 1024w, https:\/\/www.gridmag.com.mx\/wp-content\/uploads\/2026\/09\/13.-PARQUE-MINOS-_-Taller-Multidisiciplinar-300x188.png 300w, https:\/\/www.gridmag.com.mx\/wp-content\/uploads\/2026\/09\/13.-PARQUE-MINOS-_-Taller-Multidisiciplinar-768x480.png 768w, https:\/\/www.gridmag.com.mx\/wp-content\/uploads\/2026\/09\/13.-PARQUE-MINOS-_-Taller-Multidisiciplinar-1536x960.png 1536w, https:\/\/www.gridmag.com.mx\/wp-content\/uploads\/2026\/09\/13.-PARQUE-MINOS-_-Taller-Multidisiciplinar-770x481.png 770w, https:\/\/www.gridmag.com.mx\/wp-content\/uploads\/2026\/09\/13.-PARQUE-MINOS-_-Taller-Multidisiciplinar-1400x875.png 1400w, https:\/\/www.gridmag.com.mx\/wp-content\/uploads\/2026\/09\/13.-PARQUE-MINOS-_-Taller-Multidisiciplinar.png 1920w\" sizes=\"(max-width: 1024px) 100vw, 1024px\" \/><\/figure>\n\n\n\n<h2 class=\"wp-block-heading\">Dise\u00f1ar desde el juego y la naturaleza<\/h2>\n\n\n\n<p class=\"wp-block-paragraph\">Uno de los principios del proyecto fue conservar la vegetaci\u00f3n existente: <strong>ning\u00fan \u00e1rbol fue talado<\/strong>. En lugar de despejar el terreno, los juegos y recorridos se adaptaron al arbolado, aprovech\u00e1ndolo para generar sombra y convertirlo en parte de la experiencia.<\/p>\n\n\n\n<figure class=\"wp-block-image size-large\"><img decoding=\"async\" width=\"1024\" height=\"636\" src=\"https:\/\/www.gridmag.com.mx\/wp-content\/uploads\/2026\/09\/11.-PARQUE-MINOS-_-Taller-Multidisiciplinar-1024x636-1.jpg\" alt=\"\" class=\"wp-image-11320\" srcset=\"https:\/\/www.gridmag.com.mx\/wp-content\/uploads\/2026\/09\/11.-PARQUE-MINOS-_-Taller-Multidisiciplinar-1024x636-1.jpg 1024w, https:\/\/www.gridmag.com.mx\/wp-content\/uploads\/2026\/09\/11.-PARQUE-MINOS-_-Taller-Multidisiciplinar-300x186-1.jpg 300w, https:\/\/www.gridmag.com.mx\/wp-content\/uploads\/2026\/09\/11.-PARQUE-MINOS-_-Taller-Multidisiciplinar-767x476-1.jpg 767w, https:\/\/www.gridmag.com.mx\/wp-content\/uploads\/2026\/09\/11.-PARQUE-MINOS-_-Taller-Multidisiciplinar-2048x1272-1.jpg 2048w, https:\/\/www.gridmag.com.mx\/wp-content\/uploads\/2026\/09\/11.-PARQUE-MINOS-_-Taller-Multidisiciplinar-1536x954-1.jpg 1536w, https:\/\/www.gridmag.com.mx\/wp-content\/uploads\/2026\/09\/11.-PARQUE-MINOS-_-Taller-Multidisiciplinar-770x478-1.jpg 770w, https:\/\/www.gridmag.com.mx\/wp-content\/uploads\/2026\/09\/11.-PARQUE-MINOS-_-Taller-Multidisiciplinar-1400x869-1.jpg 1400w\" sizes=\"(max-width: 1024px) 100vw, 1024px\" \/><\/figure>\n\n\n\n<p class=\"wp-block-paragraph\">El universo de Parque Minos se complementa con los juegos y mobiliario desarrollados junto a <strong>Ariel Rojo Design Studio<\/strong> y una identidad gr\u00e1fica creada por <strong>Bala<\/strong>, que integra nombre, se\u00f1al\u00e9tica, colores y personajes para acercar el espacio al imaginario infantil.<\/p>\n\n\n\n<figure class=\"wp-block-image size-large\"><img decoding=\"async\" width=\"1024\" height=\"640\" src=\"https:\/\/www.gridmag.com.mx\/wp-content\/uploads\/2026\/09\/02.-PARQUE-MINOS-_-Taller-Multidisiciplinar-1024x640.png\" alt=\"\" class=\"wp-image-11321\" srcset=\"https:\/\/www.gridmag.com.mx\/wp-content\/uploads\/2026\/09\/02.-PARQUE-MINOS-_-Taller-Multidisiciplinar-1024x640.png 1024w, https:\/\/www.gridmag.com.mx\/wp-content\/uploads\/2026\/09\/02.-PARQUE-MINOS-_-Taller-Multidisiciplinar-300x188.png 300w, https:\/\/www.gridmag.com.mx\/wp-content\/uploads\/2026\/09\/02.-PARQUE-MINOS-_-Taller-Multidisiciplinar-768x480.png 768w, https:\/\/www.gridmag.com.mx\/wp-content\/uploads\/2026\/09\/02.-PARQUE-MINOS-_-Taller-Multidisiciplinar-1536x960.png 1536w, https:\/\/www.gridmag.com.mx\/wp-content\/uploads\/2026\/09\/02.-PARQUE-MINOS-_-Taller-Multidisiciplinar-770x481.png 770w, https:\/\/www.gridmag.com.mx\/wp-content\/uploads\/2026\/09\/02.-PARQUE-MINOS-_-Taller-Multidisiciplinar-1400x875.png 1400w, https:\/\/www.gridmag.com.mx\/wp-content\/uploads\/2026\/09\/02.-PARQUE-MINOS-_-Taller-Multidisiciplinar.png 1920w\" sizes=\"(max-width: 1024px) 100vw, 1024px\" \/><\/figure>\n\n\n\n<p class=\"wp-block-paragraph\">M\u00e1s que un parque, el proyecto propone <strong>una peque\u00f1a ciudad dise\u00f1ada para descubrirse jugando<\/strong>, demostrando c\u00f3mo la arquitectura puede contribuir a recuperar espacios de encuentro, identidad y pertenencia.<\/p>\n\n\n\n<figure class=\"wp-block-image size-large\"><img decoding=\"async\" width=\"1024\" height=\"563\" src=\"https:\/\/www.gridmag.com.mx\/wp-content\/uploads\/2026\/09\/05.-PARQUE-MINOS-_-Taller-Multidisiciplinar-1024x563-1.jpg\" alt=\"\" class=\"wp-image-11322\" srcset=\"https:\/\/www.gridmag.com.mx\/wp-content\/uploads\/2026\/09\/05.-PARQUE-MINOS-_-Taller-Multidisiciplinar-1024x563-1.jpg 1024w, https:\/\/www.gridmag.com.mx\/wp-content\/uploads\/2026\/09\/05.-PARQUE-MINOS-_-Taller-Multidisiciplinar-300x165-1.jpg 300w, https:\/\/www.gridmag.com.mx\/wp-content\/uploads\/2026\/09\/05.-PARQUE-MINOS-_-Taller-Multidisiciplinar-767x421-1.jpg 767w, https:\/\/www.gridmag.com.mx\/wp-content\/uploads\/2026\/09\/05.-PARQUE-MINOS-_-Taller-Multidisiciplinar-2048x1125-1.jpg 2048w, https:\/\/www.gridmag.com.mx\/wp-content\/uploads\/2026\/09\/05.-PARQUE-MINOS-_-Taller-Multidisiciplinar-1536x844-1.jpg 1536w, https:\/\/www.gridmag.com.mx\/wp-content\/uploads\/2026\/09\/05.-PARQUE-MINOS-_-Taller-Multidisiciplinar-770x423-1.jpg 770w, https:\/\/www.gridmag.com.mx\/wp-content\/uploads\/2026\/09\/05.-PARQUE-MINOS-_-Taller-Multidisiciplinar-1400x769-1.jpg 1400w\" sizes=\"(max-width: 1024px) 100vw, 1024px\" \/><\/figure>\n\n\n\n<p class=\"wp-block-paragraph\"><strong>Proyecto:<\/strong> Parque Minos<br><strong>Dise\u00f1o:<\/strong> Taller Multidisciplinar<br><strong>Dise\u00f1o de juegos:<\/strong> Taller Multidisciplinar + Ariel Rojo Design Studio<br><strong>Mobiliario:<\/strong> Ariel Rojo Design Studio<br><strong>Branding:<\/strong> Bala<br><strong>Construcci\u00f3n:<\/strong> SIICMA<br><strong>Ubicaci\u00f3n:<\/strong> Minatitl\u00e1n, Veracruz, M\u00e9xico<br><strong>A\u00f1o:<\/strong> 2018<br><strong>Fotograf\u00eda:<\/strong> Jorge Hoyos \/ David V\u00e1zquez<br><strong>Drone:<\/strong> David V\u00e1zquez<\/p>\n","protected":false},"excerpt":{"rendered":"<p>Taller Multidisciplinar transforma un espacio deteriorado en Minatitl\u00e1n, Veracruz, en un paisaje de juego, vegetaci\u00f3n y encuentro que coloca a las infancias en el centro del espacio p\u00fablico. \u00bfQu\u00e9 pasa cuando una ciudad se dise\u00f1a desde la escala y la imaginaci\u00f3n de un ni\u00f1o? En el coraz\u00f3n de Minatitl\u00e1n, Veracruz, Parque Minos surge como una intervenci\u00f3n de Taller Multidisciplinar que apuesta por recuperar el espacio p\u00fablico a trav\u00e9s del juego, la comunidad y el sentido de pertenencia. El proyecto transforma [&hellip;]<\/p>\n","protected":false},"author":1,"featured_media":11321,"comment_status":"open","ping_status":"open","sticky":false,"template":"","format":"standard","meta":{"footnotes":""},"categories":[49],"tags":[],"class_list":["post-11317","post","type-post","status-publish","format-standard","has-post-thumbnail","hentry","category-arquitectura"],"yoast_head":"<!-- This site is optimized with the Yoast SEO plugin v28.2 - https:\/\/yoast.com\/product\/yoast-seo-wordpress\/ -->\n<title>Parque Minos: una ciudad l\u00fadica para la infancia en Minatitl\u00e1n | Grid Magazine<\/title>\n<meta name=\"description\" content=\"Parque Minos, de Taller Multidisciplinar, transforma un espacio de Minatitl\u00e1n en un paisaje de juego, naturaleza y encuentro para la infancia.\" \/>\n<meta name=\"robots\" content=\"index, follow, max-snippet:-1, max-image-preview:large, max-video-preview:-1\" \/>\n<link rel=\"canonical\" href=\"https:\/\/www.gridmag.com.mx\/index.php\/2026\/09\/01\/parque-minos-una-ciudad-ludica-para-la-infancia-en-minatitlan\/\" \/>\n<meta property=\"og:locale\" content=\"es_MX\" \/>\n<meta property=\"og:type\" content=\"article\" \/>\n<meta property=\"og:title\" content=\"Parque Minos: una ciudad l\u00fadica para la infancia en Minatitl\u00e1n | Grid Magazine\" \/>\n<meta property=\"og:description\" content=\"Parque Minos, de Taller Multidisciplinar, transforma un espacio de Minatitl\u00e1n en un paisaje de juego, naturaleza y encuentro para la infancia.\" \/>\n<meta property=\"og:url\" content=\"https:\/\/www.gridmag.com.mx\/index.php\/2026\/09\/01\/parque-minos-una-ciudad-ludica-para-la-infancia-en-minatitlan\/\" \/>\n<meta property=\"og:site_name\" content=\"Grid Magazine\" \/>\n<meta property=\"article:publisher\" content=\"https:\/\/www.facebook.com\/gridmagazine.mx\" \/>\n<meta property=\"article:published_time\" content=\"2026-09-02T01:12:38+00:00\" \/>\n<meta property=\"article:modified_time\" content=\"2026-09-02T01:12:42+00:00\" \/>\n<meta property=\"og:image\" content=\"https:\/\/www.gridmag.com.mx\/wp-content\/uploads\/2026\/09\/02.-PARQUE-MINOS-_-Taller-Multidisiciplinar-1024x640.png\" \/>\n\t<meta property=\"og:image:width\" content=\"1024\" \/>\n\t<meta property=\"og:image:height\" content=\"640\" \/>\n\t<meta property=\"og:image:type\" content=\"image\/png\" \/>\n<meta name=\"author\" content=\"Grid Magazine\" \/>\n<meta name=\"twitter:card\" content=\"summary_large_image\" \/>\n<meta name=\"twitter:label1\" content=\"Escrito por\" \/>\n\t<meta name=\"twitter:data1\" content=\"Grid Magazine\" \/>\n\t<meta name=\"twitter:label2\" content=\"Tiempo de lectura\" \/>\n\t<meta name=\"twitter:data2\" content=\"3 minutos\" \/>\n<script type=\"application\/ld+json\" class=\"yoast-schema-graph\">{\"@context\":\"https:\\\/\\\/schema.org\",\"@graph\":[{\"@type\":\"Article\",\"@id\":\"https:\\\/\\\/www.gridmag.com.mx\\\/index.php\\\/2026\\\/09\\\/01\\\/parque-minos-una-ciudad-ludica-para-la-infancia-en-minatitlan\\\/#article\",\"isPartOf\":{\"@id\":\"https:\\\/\\\/www.gridmag.com.mx\\\/index.php\\\/2026\\\/09\\\/01\\\/parque-minos-una-ciudad-ludica-para-la-infancia-en-minatitlan\\\/\"},\"author\":{\"name\":\"Grid Magazine\",\"@id\":\"https:\\\/\\\/www.gridmag.com.mx\\\/#\\\/schema\\\/person\\\/d54cddc75e2ecfe4a55e39c0336ae932\"},\"headline\":\"Parque Minos: una ciudad l\u00fadica para la infancia en Minatitl\u00e1n\",\"datePublished\":\"2026-09-02T01:12:38+00:00\",\"dateModified\":\"2026-09-02T01:12:42+00:00\",\"mainEntityOfPage\":{\"@id\":\"https:\\\/\\\/www.gridmag.com.mx\\\/index.php\\\/2026\\\/09\\\/01\\\/parque-minos-una-ciudad-ludica-para-la-infancia-en-minatitlan\\\/\"},\"wordCount\":329,\"commentCount\":0,\"publisher\":{\"@id\":\"https:\\\/\\\/www.gridmag.com.mx\\\/#organization\"},\"image\":{\"@id\":\"https:\\\/\\\/www.gridmag.com.mx\\\/index.php\\\/2026\\\/09\\\/01\\\/parque-minos-una-ciudad-ludica-para-la-infancia-en-minatitlan\\\/#primaryimage\"},\"thumbnailUrl\":\"https:\\\/\\\/www.gridmag.com.mx\\\/wp-content\\\/uploads\\\/2026\\\/09\\\/02.-PARQUE-MINOS-_-Taller-Multidisiciplinar.png\",\"articleSection\":[\"Arquitectura\"],\"inLanguage\":\"es\",\"potentialAction\":[{\"@type\":\"CommentAction\",\"name\":\"Comment\",\"target\":[\"https:\\\/\\\/www.gridmag.com.mx\\\/index.php\\\/2026\\\/09\\\/01\\\/parque-minos-una-ciudad-ludica-para-la-infancia-en-minatitlan\\\/#respond\"]}]},{\"@type\":\"WebPage\",\"@id\":\"https:\\\/\\\/www.gridmag.com.mx\\\/index.php\\\/2026\\\/09\\\/01\\\/parque-minos-una-ciudad-ludica-para-la-infancia-en-minatitlan\\\/\",\"url\":\"https:\\\/\\\/www.gridmag.com.mx\\\/index.php\\\/2026\\\/09\\\/01\\\/parque-minos-una-ciudad-ludica-para-la-infancia-en-minatitlan\\\/\",\"name\":\"Parque Minos: una ciudad l\u00fadica para la infancia en Minatitl\u00e1n | Grid Magazine\",\"isPartOf\":{\"@id\":\"https:\\\/\\\/www.gridmag.com.mx\\\/#website\"},\"primaryImageOfPage\":{\"@id\":\"https:\\\/\\\/www.gridmag.com.mx\\\/index.php\\\/2026\\\/09\\\/01\\\/parque-minos-una-ciudad-ludica-para-la-infancia-en-minatitlan\\\/#primaryimage\"},\"image\":{\"@id\":\"https:\\\/\\\/www.gridmag.com.mx\\\/index.php\\\/2026\\\/09\\\/01\\\/parque-minos-una-ciudad-ludica-para-la-infancia-en-minatitlan\\\/#primaryimage\"},\"thumbnailUrl\":\"https:\\\/\\\/www.gridmag.com.mx\\\/wp-content\\\/uploads\\\/2026\\\/09\\\/02.-PARQUE-MINOS-_-Taller-Multidisiciplinar.png\",\"datePublished\":\"2026-09-02T01:12:38+00:00\",\"dateModified\":\"2026-09-02T01:12:42+00:00\",\"description\":\"Parque Minos, de Taller Multidisciplinar, transforma un espacio de Minatitl\u00e1n en un paisaje de juego, naturaleza y encuentro para la infancia.\",\"breadcrumb\":{\"@id\":\"https:\\\/\\\/www.gridmag.com.mx\\\/index.php\\\/2026\\\/09\\\/01\\\/parque-minos-una-ciudad-ludica-para-la-infancia-en-minatitlan\\\/#breadcrumb\"},\"inLanguage\":\"es\",\"potentialAction\":[{\"@type\":\"ReadAction\",\"target\":[\"https:\\\/\\\/www.gridmag.com.mx\\\/index.php\\\/2026\\\/09\\\/01\\\/parque-minos-una-ciudad-ludica-para-la-infancia-en-minatitlan\\\/\"]}]},{\"@type\":\"ImageObject\",\"inLanguage\":\"es\",\"@id\":\"https:\\\/\\\/www.gridmag.com.mx\\\/index.php\\\/2026\\\/09\\\/01\\\/parque-minos-una-ciudad-ludica-para-la-infancia-en-minatitlan\\\/#primaryimage\",\"url\":\"https:\\\/\\\/www.gridmag.com.mx\\\/wp-content\\\/uploads\\\/2026\\\/09\\\/02.-PARQUE-MINOS-_-Taller-Multidisiciplinar.png\",\"contentUrl\":\"https:\\\/\\\/www.gridmag.com.mx\\\/wp-content\\\/uploads\\\/2026\\\/09\\\/02.-PARQUE-MINOS-_-Taller-Multidisiciplinar.png\",\"width\":1920,\"height\":1200},{\"@type\":\"BreadcrumbList\",\"@id\":\"https:\\\/\\\/www.gridmag.com.mx\\\/index.php\\\/2026\\\/09\\\/01\\\/parque-minos-una-ciudad-ludica-para-la-infancia-en-minatitlan\\\/#breadcrumb\",\"itemListElement\":[{\"@type\":\"ListItem\",\"position\":1,\"name\":\"Inicio\",\"item\":\"https:\\\/\\\/www.gridmag.com.mx\\\/\"},{\"@type\":\"ListItem\",\"position\":2,\"name\":\"Parque Minos: una ciudad l\u00fadica para la infancia en Minatitl\u00e1n\"}]},{\"@type\":\"WebSite\",\"@id\":\"https:\\\/\\\/www.gridmag.com.mx\\\/#website\",\"url\":\"https:\\\/\\\/www.gridmag.com.mx\\\/\",\"name\":\"Grid Magazine\",\"description\":\"Compartiendo lo mejor de la arquitectura y dise\u00f1o mexicano.\",\"publisher\":{\"@id\":\"https:\\\/\\\/www.gridmag.com.mx\\\/#organization\"},\"potentialAction\":[{\"@type\":\"SearchAction\",\"target\":{\"@type\":\"EntryPoint\",\"urlTemplate\":\"https:\\\/\\\/www.gridmag.com.mx\\\/?s={search_term_string}\"},\"query-input\":{\"@type\":\"PropertyValueSpecification\",\"valueRequired\":true,\"valueName\":\"search_term_string\"}}],\"inLanguage\":\"es\"},{\"@type\":\"Organization\",\"@id\":\"https:\\\/\\\/www.gridmag.com.mx\\\/#organization\",\"name\":\"Grid Magazine\",\"url\":\"https:\\\/\\\/www.gridmag.com.mx\\\/\",\"logo\":{\"@type\":\"ImageObject\",\"inLanguage\":\"es\",\"@id\":\"https:\\\/\\\/www.gridmag.com.mx\\\/#\\\/schema\\\/logo\\\/image\\\/\",\"url\":\"\",\"contentUrl\":\"\",\"caption\":\"Grid Magazine\"},\"image\":{\"@id\":\"https:\\\/\\\/www.gridmag.com.mx\\\/#\\\/schema\\\/logo\\\/image\\\/\"},\"sameAs\":[\"https:\\\/\\\/www.facebook.com\\\/gridmagazine.mx\",\"https:\\\/\\\/www.instagram.com\\\/gridmagazine_mx\\\/\",\"https:\\\/\\\/www.tiktok.com\\\/@gridmagazine.mx?_t=8gl2kVR2Aq6&_r=1\",\"https:\\\/\\\/www.linkedin.com\\\/company\\\/grid-magazine-mx\\\/\"]},{\"@type\":\"Person\",\"@id\":\"https:\\\/\\\/www.gridmag.com.mx\\\/#\\\/schema\\\/person\\\/d54cddc75e2ecfe4a55e39c0336ae932\",\"name\":\"Grid Magazine\",\"image\":{\"@type\":\"ImageObject\",\"inLanguage\":\"es\",\"@id\":\"https:\\\/\\\/secure.gravatar.com\\\/avatar\\\/8e4bd50943002dd6ee9db30e5af749244f3e21206a99c4fb42429117eaacfc83?s=96&d=mm&r=g\",\"url\":\"https:\\\/\\\/secure.gravatar.com\\\/avatar\\\/8e4bd50943002dd6ee9db30e5af749244f3e21206a99c4fb42429117eaacfc83?s=96&d=mm&r=g\",\"contentUrl\":\"https:\\\/\\\/secure.gravatar.com\\\/avatar\\\/8e4bd50943002dd6ee9db30e5af749244f3e21206a99c4fb42429117eaacfc83?s=96&d=mm&r=g\",\"caption\":\"Grid Magazine\"},\"sameAs\":[\"https:\\\/\\\/www.gridmag.com.mx\"],\"url\":\"https:\\\/\\\/www.gridmag.com.mx\\\/index.php\\\/author\\\/grid-magazine-arq\\\/\"}]}<\/script>\n<!-- \/ Yoast SEO plugin. -->","yoast_head_json":{"title":"Parque Minos: una ciudad l\u00fadica para la infancia en Minatitl\u00e1n | Grid Magazine","description":"Parque Minos, de Taller Multidisciplinar, transforma un espacio de Minatitl\u00e1n en un paisaje de juego, naturaleza y encuentro para la infancia.","robots":{"index":"index","follow":"follow","max-snippet":"max-snippet:-1","max-image-preview":"max-image-preview:large","max-video-preview":"max-video-preview:-1"},"canonical":"https:\/\/www.gridmag.com.mx\/index.php\/2026\/09\/01\/parque-minos-una-ciudad-ludica-para-la-infancia-en-minatitlan\/","og_locale":"es_MX","og_type":"article","og_title":"Parque Minos: una ciudad l\u00fadica para la infancia en Minatitl\u00e1n | Grid Magazine","og_description":"Parque Minos, de Taller Multidisciplinar, transforma un espacio de Minatitl\u00e1n en un paisaje de juego, naturaleza y encuentro para la infancia.","og_url":"https:\/\/www.gridmag.com.mx\/index.php\/2026\/09\/01\/parque-minos-una-ciudad-ludica-para-la-infancia-en-minatitlan\/","og_site_name":"Grid Magazine","article_publisher":"https:\/\/www.facebook.com\/gridmagazine.mx","article_published_time":"2026-09-02T01:12:38+00:00","article_modified_time":"2026-09-02T01:12:42+00:00","og_image":[{"width":1024,"height":640,"url":"https:\/\/www.gridmag.com.mx\/wp-content\/uploads\/2026\/09\/02.-PARQUE-MINOS-_-Taller-Multidisiciplinar-1024x640.png","type":"image\/png"}],"author":"Grid Magazine","twitter_card":"summary_large_image","twitter_misc":{"Escrito por":"Grid Magazine","Tiempo de lectura":"3 minutos"},"schema":{"@context":"https:\/\/schema.org","@graph":[{"@type":"Article","@id":"https:\/\/www.gridmag.com.mx\/index.php\/2026\/09\/01\/parque-minos-una-ciudad-ludica-para-la-infancia-en-minatitlan\/#article","isPartOf":{"@id":"https:\/\/www.gridmag.com.mx\/index.php\/2026\/09\/01\/parque-minos-una-ciudad-ludica-para-la-infancia-en-minatitlan\/"},"author":{"name":"Grid Magazine","@id":"https:\/\/www.gridmag.com.mx\/#\/schema\/person\/d54cddc75e2ecfe4a55e39c0336ae932"},"headline":"Parque Minos: una ciudad l\u00fadica para la infancia en Minatitl\u00e1n","datePublished":"2026-09-02T01:12:38+00:00","dateModified":"2026-09-02T01:12:42+00:00","mainEntityOfPage":{"@id":"https:\/\/www.gridmag.com.mx\/index.php\/2026\/09\/01\/parque-minos-una-ciudad-ludica-para-la-infancia-en-minatitlan\/"},"wordCount":329,"commentCount":0,"publisher":{"@id":"https:\/\/www.gridmag.com.mx\/#organization"},"image":{"@id":"https:\/\/www.gridmag.com.mx\/index.php\/2026\/09\/01\/parque-minos-una-ciudad-ludica-para-la-infancia-en-minatitlan\/#primaryimage"},"thumbnailUrl":"https:\/\/www.gridmag.com.mx\/wp-content\/uploads\/2026\/09\/02.-PARQUE-MINOS-_-Taller-Multidisiciplinar.png","articleSection":["Arquitectura"],"inLanguage":"es","potentialAction":[{"@type":"CommentAction","name":"Comment","target":["https:\/\/www.gridmag.com.mx\/index.php\/2026\/09\/01\/parque-minos-una-ciudad-ludica-para-la-infancia-en-minatitlan\/#respond"]}]},{"@type":"WebPage","@id":"https:\/\/www.gridmag.com.mx\/index.php\/2026\/09\/01\/parque-minos-una-ciudad-ludica-para-la-infancia-en-minatitlan\/","url":"https:\/\/www.gridmag.com.mx\/index.php\/2026\/09\/01\/parque-minos-una-ciudad-ludica-para-la-infancia-en-minatitlan\/","name":"Parque Minos: una ciudad l\u00fadica para la infancia en Minatitl\u00e1n | Grid Magazine","isPartOf":{"@id":"https:\/\/www.gridmag.com.mx\/#website"},"primaryImageOfPage":{"@id":"https:\/\/www.gridmag.com.mx\/index.php\/2026\/09\/01\/parque-minos-una-ciudad-ludica-para-la-infancia-en-minatitlan\/#primaryimage"},"image":{"@id":"https:\/\/www.gridmag.com.mx\/index.php\/2026\/09\/01\/parque-minos-una-ciudad-ludica-para-la-infancia-en-minatitlan\/#primaryimage"},"thumbnailUrl":"https:\/\/www.gridmag.com.mx\/wp-content\/uploads\/2026\/09\/02.-PARQUE-MINOS-_-Taller-Multidisiciplinar.png","datePublished":"2026-09-02T01:12:38+00:00","dateModified":"2026-09-02T01:12:42+00:00","description":"Parque Minos, de Taller Multidisciplinar, transforma un espacio de Minatitl\u00e1n en un paisaje de juego, naturaleza y encuentro para la infancia.","breadcrumb":{"@id":"https:\/\/www.gridmag.com.mx\/index.php\/2026\/09\/01\/parque-minos-una-ciudad-ludica-para-la-infancia-en-minatitlan\/#breadcrumb"},"inLanguage":"es","potentialAction":[{"@type":"ReadAction","target":["https:\/\/www.gridmag.com.mx\/index.php\/2026\/09\/01\/parque-minos-una-ciudad-ludica-para-la-infancia-en-minatitlan\/"]}]},{"@type":"ImageObject","inLanguage":"es","@id":"https:\/\/www.gridmag.com.mx\/index.php\/2026\/09\/01\/parque-minos-una-ciudad-ludica-para-la-infancia-en-minatitlan\/#primaryimage","url":"https:\/\/www.gridmag.com.mx\/wp-content\/uploads\/2026\/09\/02.-PARQUE-MINOS-_-Taller-Multidisiciplinar.png","contentUrl":"https:\/\/www.gridmag.com.mx\/wp-content\/uploads\/2026\/09\/02.-PARQUE-MINOS-_-Taller-Multidisiciplinar.png","width":1920,"height":1200},{"@type":"BreadcrumbList","@id":"https:\/\/www.gridmag.com.mx\/index.php\/2026\/09\/01\/parque-minos-una-ciudad-ludica-para-la-infancia-en-minatitlan\/#breadcrumb","itemListElement":[{"@type":"ListItem","position":1,"name":"Inicio","item":"https:\/\/www.gridmag.com.mx\/"},{"@type":"ListItem","position":2,"name":"Parque Minos: una ciudad l\u00fadica para la infancia en Minatitl\u00e1n"}]},{"@type":"WebSite","@id":"https:\/\/www.gridmag.com.mx\/#website","url":"https:\/\/www.gridmag.com.mx\/","name":"Grid Magazine","description":"Compartiendo lo mejor de la arquitectura y dise\u00f1o mexicano.","publisher":{"@id":"https:\/\/www.gridmag.com.mx\/#organization"},"potentialAction":[{"@type":"SearchAction","target":{"@type":"EntryPoint","urlTemplate":"https:\/\/www.gridmag.com.mx\/?s={search_term_string}"},"query-input":{"@type":"PropertyValueSpecification","valueRequired":true,"valueName":"search_term_string"}}],"inLanguage":"es"},{"@type":"Organization","@id":"https:\/\/www.gridmag.com.mx\/#organization","name":"Grid Magazine","url":"https:\/\/www.gridmag.com.mx\/","logo":{"@type":"ImageObject","inLanguage":"es","@id":"https:\/\/www.gridmag.com.mx\/#\/schema\/logo\/image\/","url":"","contentUrl":"","caption":"Grid Magazine"},"image":{"@id":"https:\/\/www.gridmag.com.mx\/#\/schema\/logo\/image\/"},"sameAs":["https:\/\/www.facebook.com\/gridmagazine.mx","https:\/\/www.instagram.com\/gridmagazine_mx\/","https:\/\/www.tiktok.com\/@gridmagazine.mx?_t=8gl2kVR2Aq6&_r=1","https:\/\/www.linkedin.com\/company\/grid-magazine-mx\/"]},{"@type":"Person","@id":"https:\/\/www.gridmag.com.mx\/#\/schema\/person\/d54cddc75e2ecfe4a55e39c0336ae932","name":"Grid Magazine","image":{"@type":"ImageObject","inLanguage":"es","@id":"https:\/\/secure.gravatar.com\/avatar\/8e4bd50943002dd6ee9db30e5af749244f3e21206a99c4fb42429117eaacfc83?s=96&d=mm&r=g","url":"https:\/\/secure.gravatar.com\/avatar\/8e4bd50943002dd6ee9db30e5af749244f3e21206a99c4fb42429117eaacfc83?s=96&d=mm&r=g","contentUrl":"https:\/\/secure.gravatar.com\/avatar\/8e4bd50943002dd6ee9db30e5af749244f3e21206a99c4fb42429117eaacfc83?s=96&d=mm&r=g","caption":"Grid Magazine"},"sameAs":["https:\/\/www.gridmag.com.mx"],"url":"https:\/\/www.gridmag.com.mx\/index.php\/author\/grid-magazine-arq\/"}]}},"_links":{"self":[{"href":"https:\/\/www.gridmag.com.mx\/index.php\/wp-json\/wp\/v2\/posts\/11317","targetHints":{"allow":["GET"]}}],"collection":[{"href":"https:\/\/www.gridmag.com.mx\/index.php\/wp-json\/wp\/v2\/posts"}],"about":[{"href":"https:\/\/www.gridmag.com.mx\/index.php\/wp-json\/wp\/v2\/types\/post"}],"author":[{"embeddable":true,"href":"https:\/\/www.gridmag.com.mx\/index.php\/wp-json\/wp\/v2\/users\/1"}],"replies":[{"embeddable":true,"href":"https:\/\/www.gridmag.com.mx\/index.php\/wp-json\/wp\/v2\/comments?post=11317"}],"version-history":[{"count":1,"href":"https:\/\/www.gridmag.com.mx\/index.php\/wp-json\/wp\/v2\/posts\/11317\/revisions"}],"predecessor-version":[{"id":11323,"href":"https:\/\/www.gridmag.com.mx\/index.php\/wp-json\/wp\/v2\/posts\/11317\/revisions\/11323"}],"wp:featuredmedia":[{"embeddable":true,"href":"https:\/\/www.gridmag.com.mx\/index.php\/wp-json\/wp\/v2\/media\/11321"}],"wp:attachment":[{"href":"https:\/\/www.gridmag.com.mx\/index.php\/wp-json\/wp\/v2\/media?parent=11317"}],"wp:term":[{"taxonomy":"category","embeddable":true,"href":"https:\/\/www.gridmag.com.mx\/index.php\/wp-json\/wp\/v2\/categories?post=11317"},{"taxonomy":"post_tag","embeddable":true,"href":"https:\/\/www.gridmag.com.mx\/index.php\/wp-json\/wp\/v2\/tags?post=11317"}],"curies":[{"name":"wp","href":"https:\/\/api.w.org\/{rel}","templated":true}]}}