{"id":1605,"date":"2022-08-03T19:39:32","date_gmt":"2022-08-03T19:39:32","guid":{"rendered":"https:\/\/www.gridmag.com.mx\/?p=1605"},"modified":"2023-11-21T14:25:55","modified_gmt":"2023-11-21T20:25:55","slug":"noticias-arquitectura-y-diseno-joanie-lemercier-tabique-sargazo-michael-rojkind-bas-smets-bill-gates","status":"publish","type":"post","link":"https:\/\/www.gridmag.com.mx\/index.php\/2022\/08\/03\/noticias-arquitectura-y-diseno-joanie-lemercier-tabique-sargazo-michael-rojkind-bas-smets-bill-gates\/","title":{"rendered":"Noticias de arquitectura y dise\u00f1o | Agosto 2022"},"content":{"rendered":"\n\n\n<p>Desde <strong>tecnolog\u00edas<\/strong> vanguardistas hasta conceptos visionarios, nuestro recorrido por la arquitectura y dise\u00f1o nos lleva a destinos inusuales. Exploraremos c\u00f3mo la Universidad de Virginia est\u00e1 redefiniendo los l\u00edmites con la impresi\u00f3n de tabiques de lodo y semillas. Adentr\u00e1ndonos en el Laboratorio Arte Alameda, descubriremos la obra de Joanie Lemercier en la <strong>CDMX<\/strong>.<\/p>\n\n\n\n<p> Adem\u00e1s, contemplaremos la influencia de Michael Rojkind en el National Coach Museum de Lisboa, Portugal. No te pierdas los detalles de los ganadores de la XIV Bienal de Arquitectura Yucateca 2022. Tambi\u00e9n, sum\u00e9rgete en el redise\u00f1o del paisaje de Notre-Dame a cargo de Bas Smets. Por \u00faltimo, analizaremos la incursi\u00f3n de Bill Gates en una constructora de cero emisiones de efecto invernadero. <\/p>\n\n\n\n<h2 class=\"wp-block-heading\"><strong>Imprime la Universidad de Virginia tabiques de lodo y semillas<\/strong><\/h2>\n\n\n\n<p>Investigadores de la Universidad de Virginia (UVA) desarrollan un m\u00e9todo de <strong>impresi\u00f3n 3D<\/strong> con tierra impregnada de semillas que puede emplearse para construir muros y crear techos repletos de <a href=\"https:\/\/www.gridmag.com.mx\/index.php\/2023\/08\/28\/le-trianon-el-paraiso-para-los-amantes-de-las-plantas-y-las-macetas\/\">plantas<\/a>.<\/p>\n\n\n\n<p>La apariencia de los <strong>prototipos<\/strong> es similar al adobe pero con el paso de los d\u00edas empiezan a germinar hasta el punto de que su apariencia es similar a los<a href=\"https:\/\/www.gridmag.com.mx\/index.php\/2022\/10\/26\/jardines-y-sequia\/\"> jardines<\/a> de <em>microgreens <\/em>o a los mu\u00f1ecos hechos con aserr\u00edn, medias y pelos de pasto.<\/p>\n\n\n\n<p>Los investigadores pretenden que estas \u201ctintas\u201d de tierra y semillas reemplacen otro tipo de <a href=\"https:\/\/www.gridmag.com.mx\/index.php\/2022\/06\/19\/materiales-sustentables-en-arquitectura-opciones-ecologicas\/\">materiales<\/a> de <strong>construcci\u00f3n<\/strong> y se conviertan en alternativa circular que pueda utilizarse una y otra vez; adem\u00e1s, traer\u00edan como beneficio el usar aislantes <strong>naturales<\/strong>, prevenir inundaciones e incrementar \u00e1reas <strong>verdes<\/strong> para personas, polinizadores y otros animales, entre otros.\u00a0<\/p>\n\n\n\n<p>\u201cTrabajamos con plantas y tierras locales mezcladas con agua\u201d, explic\u00f3 Ehsan Baharlou, profesor asistente de la escuela de arquitectura de la UVA. &#8220;Solo empleamos <a href=\"https:\/\/www.gridmag.com.mx\/index.php\/2022\/07\/08\/luz-diseno-y-electricidad-iluminacion-arquitectonica\/\">electricidad<\/a> para mover el material y hacer que trabaje una bomba durante la impresi\u00f3n, y si una pieza no tiene la calidad necesaria, podemos reciclarla y reutilizar el material en la siguiente mezcla de tintas.\u201d\u00a0<\/p>\n\n\n\n<p>Las \u201ctintas\u201d a\u00fan se encuentran en fase de prueba pues los investigadores necesitan confirmar su durabilidad pero aseguran que los <strong>edificios<\/strong> construidos con esta t\u00e9cnica tendr\u00edan el potencial de ser \u201ccarb\u00f3n cero\u201d o neutral pues las plantas en ellos reducir\u00edan el di\u00f3xido de carbono de la atm\u00f3sfera.<\/p>\n\n\n\n<hr class=\"wp-block-separator has-alpha-channel-opacity is-style-wide\"\/>\n\n\n\n<h2 class=\"wp-block-heading has-large-font-size\"><strong>Joanie Lemercier en el Laboratorio Arte Alameda (CDMX)<\/strong><\/h2>\n\n\n\n<p>La Red de Museos del Instituto Nacional de Bellas Artes y Literatura, en colaboraci\u00f3n con Fundaci\u00f3n Telef\u00f3nica, presentan <em>Paisajes de luz, <\/em>exposici\u00f3n del artista franc\u00e9s Joanie Lemercier, un recorrido por distintos paisajes para contemplar l\u00edneas abstractas y majestuosas monta\u00f1as virtuales.<\/p>\n\n\n\n<p>Lemercier tiene como objetivo utilizar la <strong>luz<\/strong> como medio y el espacio, como lienzo, para crear experiencias inmersivas que juegan con la percepci\u00f3n del espectador a trav\u00e9s de la programaci\u00f3n <strong>inform\u00e1tica <\/strong>y el uso de aparatos audiovisuales sofisticados.\u00a0<\/p>\n\n\n\n<p>De acuerdo con el artista, su obra invita a \u201creflexionar sobre el presente, reactivar la capacidad de ver el mundo y a comprometernos con \u00e9l, imaginando y construyendo nuevas realidades\u201d. Esta obra de arquitectura y dise\u00f1o se podr\u00e1 visitar hasta el 30 de octubre de 2022 en el Centro Hist\u00f3rico de la Ciudad de M\u00e9xico.<\/p>\n\n\n\n<hr class=\"wp-block-separator has-alpha-channel-opacity is-style-wide\"\/>\n\n\n\n<figure class=\"wp-block-image size-large\"><img decoding=\"async\" width=\"1024\" height=\"993\" src=\"https:\/\/www.gridmag.com.mx\/wp-content\/uploads\/2022\/08\/Mesa-de-trabajo-17-1024x993.jpeg\" alt=\"\" class=\"wp-image-1762\" srcset=\"https:\/\/www.gridmag.com.mx\/wp-content\/uploads\/2022\/08\/Mesa-de-trabajo-17-1024x993.jpeg 1024w, https:\/\/www.gridmag.com.mx\/wp-content\/uploads\/2022\/08\/Mesa-de-trabajo-17-300x291.jpeg 300w, https:\/\/www.gridmag.com.mx\/wp-content\/uploads\/2022\/08\/Mesa-de-trabajo-17-768x745.jpeg 768w, https:\/\/www.gridmag.com.mx\/wp-content\/uploads\/2022\/08\/Mesa-de-trabajo-17-1536x1490.jpeg 1536w, https:\/\/www.gridmag.com.mx\/wp-content\/uploads\/2022\/08\/Mesa-de-trabajo-17-2048x1986.jpeg 2048w, https:\/\/www.gridmag.com.mx\/wp-content\/uploads\/2022\/08\/Mesa-de-trabajo-17-770x747.jpeg 770w, https:\/\/www.gridmag.com.mx\/wp-content\/uploads\/2022\/08\/Mesa-de-trabajo-17-1400x1358.jpeg 1400w\" sizes=\"(max-width: 1024px) 100vw, 1024px\" \/><figcaption class=\"wp-element-caption\">@alejantrophy<\/figcaption><\/figure>\n\n\n\n<h2 class=\"wp-block-heading has-large-font-size\"><strong>Mexicano aprovecha el sargazo como alternativa de construcci\u00f3n sustentable<\/strong><\/h2>\n\n\n\n<p>La presencia de <strong>sargazo<\/strong> inunda las costas de <strong>Quintana Roo<\/strong> desde hace varios a\u00f1os afectando una de las actividades prioritarias de la regi\u00f3n: el turismo. Y aunque se han buscado alternativas para aprovecharlo, pocas han sido tan exitosas como los <em>sargablocks <\/em>creados por Omar V\u00e1zquez S\u00e1nchez, empresario de Puerto Morelos, quien desde el 2018 fabrica <strong>bloques<\/strong> para la construcci\u00f3n cuya composici\u00f3n es 60 % adobe y 40 % sargazo.\u00a0<\/p>\n\n\n\n<p>La primera construcci\u00f3n se levant\u00f3 en 2018. Al emplear la misma t\u00e9cnica de compresi\u00f3n que en el adobe, elimin\u00f3 el mal olor que producen las algas, result\u00f3 t\u00e9rmico y resistente a diversas condiciones clim\u00e1ticas y fen\u00f3menos naturales y su costo de producci\u00f3n es un 40 % menor al de materiales similares.&nbsp;<\/p>\n\n\n\n<p>V\u00e1zquez S\u00e1nchez aprovecha alrededor de 60 toneladas de sargazo por a\u00f1o y su empresa <a href=\"https:\/\/www.instagram.com\/bluegreen_mexico\/\">Blue Green M\u00e9xico<\/a> ya firm\u00f3 contratos en Rep\u00fablica Dominicana, Belice y Francia.&nbsp;<\/p>\n\n\n\n<p>Actualmente, la empresa de Omar participa en la construcci\u00f3n de Casa Sureste, un espacio que se destinar\u00e1 a albergar a migrantes en su paso por la pen\u00ednsula de Yucat\u00e1n.&nbsp;<\/p>\n\n\n\n<hr class=\"wp-block-separator has-alpha-channel-opacity is-style-wide\"\/>\n\n\n\n<figure class=\"wp-block-image size-full\"><img decoding=\"async\" width=\"850\" height=\"703\" src=\"https:\/\/www.gridmag.com.mx\/wp-content\/uploads\/2022\/08\/Mesa-de-trabajo-16.jpeg\" alt=\"\" class=\"wp-image-1722\" srcset=\"https:\/\/www.gridmag.com.mx\/wp-content\/uploads\/2022\/08\/Mesa-de-trabajo-16.jpeg 850w, https:\/\/www.gridmag.com.mx\/wp-content\/uploads\/2022\/08\/Mesa-de-trabajo-16-300x248.jpeg 300w, https:\/\/www.gridmag.com.mx\/wp-content\/uploads\/2022\/08\/Mesa-de-trabajo-16-768x635.jpeg 768w, https:\/\/www.gridmag.com.mx\/wp-content\/uploads\/2022\/08\/Mesa-de-trabajo-16-770x637.jpeg 770w\" sizes=\"(max-width: 850px) 100vw, 850px\" \/><figcaption class=\"wp-element-caption\">@alejantrophy<\/figcaption><\/figure>\n\n\n\n<h2 class=\"wp-block-heading has-large-font-size\"><strong>Michael Rojkind presente en el National Coach Museum en Lisboa, Portugal<\/strong><\/h2>\n\n\n\n<p><em>First Stone<\/em> es un programa inaugurado en el National Coach Museum en Lisboa que consiste en la investigaci\u00f3n <a href=\"https:\/\/www.gridmag.com.mx\/index.php\/2022\/10\/07\/anthracite-ceramica-experimental\/\">experimental<\/a> acerca de la piedra portuguesa, el cual convocaba a profesionales de la arquitectura y dise\u00f1o a crear piezas que transmitan y reconozcan la fragilidad del mundo a trav\u00e9s de la piedra, un material resistente y sustentable.<\/p>\n\n\n\n<p>Rojkind Arquitectos particip\u00f3 con su pieza \u201cYoltic Seat\u201d, un asiento fabricado de m\u00e1rmol Rubina Escuro, dise\u00f1ado para conectar con el yo interior de las personas a trav\u00e9s de la posici\u00f3n correcta. Debido a su forma <strong>ergon\u00f3mica<\/strong>, se adapta a diferentes tipos de cuerpos logrando una columna recta y alargada que aumenta el ox\u00edgeno del cerebro y as\u00ed permite una mejor relajaci\u00f3n permaneciendo sentado de una manera c\u00f3moda por periodos de tiempo prolongados.<\/p>\n\n\n\n<p>La pieza de fue producida por la empresa portuguesa Moca Stone.<\/p>\n\n\n\n<hr class=\"wp-block-separator has-alpha-channel-opacity is-style-wide\"\/>\n\n\n\n<figure class=\"wp-block-image size-large\"><img decoding=\"async\" width=\"759\" height=\"1024\" src=\"https:\/\/www.gridmag.com.mx\/wp-content\/uploads\/2022\/08\/Mesa-de-trabajo-15-759x1024.jpeg\" alt=\"Arquitectura y Dise\u00f1o | Las Noticias M\u00e1s Relevantes Agosto 2022 ilustraci\u00f3n por @alejantrophy\" class=\"wp-image-1690\" srcset=\"https:\/\/www.gridmag.com.mx\/wp-content\/uploads\/2022\/08\/Mesa-de-trabajo-15-759x1024.jpeg 759w, https:\/\/www.gridmag.com.mx\/wp-content\/uploads\/2022\/08\/Mesa-de-trabajo-15-222x300.jpeg 222w, https:\/\/www.gridmag.com.mx\/wp-content\/uploads\/2022\/08\/Mesa-de-trabajo-15-768x1036.jpeg 768w, https:\/\/www.gridmag.com.mx\/wp-content\/uploads\/2022\/08\/Mesa-de-trabajo-15-770x1039.jpeg 770w, https:\/\/www.gridmag.com.mx\/wp-content\/uploads\/2022\/08\/Mesa-de-trabajo-15.jpeg 850w\" sizes=\"(max-width: 759px) 100vw, 759px\" \/><figcaption class=\"wp-element-caption\">@alejantrophy<\/figcaption><\/figure>\n\n\n\n<h2 class=\"wp-block-heading has-large-font-size\"><strong>Conoce a los ganadores de la XIV Bienal de Arquitectura Yucateca 2022<\/strong><\/h2>\n\n\n\n<p>El Colegio Yucateco de Arquitectos A.C. celebr\u00f3 el pasado 13 de julio la ceremonia de premiaci\u00f3n de la XIV Bienal de Arquitectura Yucateca 2022 en donde se entregaron 17 reconocimientos: una medalla de oro, 6 de plata y 10 menciones honor\u00edficas que abarcaban 15 diferentes categor\u00edas. El jurado se conform\u00f3 por los arquitectos \u00c9dgar Herrera, Manuel Herrera, Felipe Leal y Carlos Rodr\u00edguez.<\/p>\n\n\n\n<p>La m\u00e1xima presea fue para el arquitecto <a href=\"https:\/\/www.instagram.com\/enriquecabreraarq\/\">Enrique Cabrera Peniche<\/a>, fundador de <a href=\"https:\/\/cabreraarqs.com\/\">Cabrera Arqs<\/a>, por su proyecto de una capilla ecum\u00e9nica llamada \u201cCapilla de la Tierra\u201d, en el pueblo de Chicxulub.<\/p>\n\n\n\n<h3 class=\"wp-block-heading\"><strong>Las medallas de plata fueron para los siguientes proyectos:<\/strong><\/h3>\n\n\n\n<p>Casa El Nido \/ Taller Estilo Arquitectura<\/p>\n\n\n\n<p>Complejo de viviendas Coraz\u00f3n de Tierra \/ P11 Arquitectos<\/p>\n\n\n\n<p>Restaurante Cuna \/ Lavalle Peniche<\/p>\n\n\n\n<p>Casa Huolpoch \/ Workshop, Dise\u00f1o y Construcci\u00f3n<\/p>\n\n\n\n<p>LIIET Universidad An\u00e1huac Mayab \/\u00a0 Augusto Quijano Arquitectos <em>Remodelaci\u00f3n de edificio <\/em>Grupo Ponce y Asociados \/ H. Ponce Arquitectos<\/p>\n\n\n\n<hr class=\"wp-block-separator has-alpha-channel-opacity is-style-wide\"\/>\n\n\n\n<figure class=\"wp-block-image size-full\"><img decoding=\"async\" width=\"850\" height=\"885\" src=\"https:\/\/www.gridmag.com.mx\/wp-content\/uploads\/2022\/08\/Mesa-de-trabajo-14.jpeg\" alt=\"Arquitectura y Dise\u00f1o | Las Noticias M\u00e1s Relevantes Agosto 2022 ilustraci\u00f3n por @alejantrophy\" class=\"wp-image-1665\" srcset=\"https:\/\/www.gridmag.com.mx\/wp-content\/uploads\/2022\/08\/Mesa-de-trabajo-14.jpeg 850w, https:\/\/www.gridmag.com.mx\/wp-content\/uploads\/2022\/08\/Mesa-de-trabajo-14-288x300.jpeg 288w, https:\/\/www.gridmag.com.mx\/wp-content\/uploads\/2022\/08\/Mesa-de-trabajo-14-768x800.jpeg 768w, https:\/\/www.gridmag.com.mx\/wp-content\/uploads\/2022\/08\/Mesa-de-trabajo-14-770x802.jpeg 770w\" sizes=\"(max-width: 850px) 100vw, 850px\" \/><figcaption class=\"wp-element-caption\">@alejantrophy<\/figcaption><\/figure>\n\n\n\n<h2 class=\"wp-block-heading has-large-font-size\"><strong>Bas Smets ser\u00e1 el encargado de darle a Notre-Dame un nuevo dise\u00f1o de paisaje<\/strong><\/h2>\n\n\n\n<p>El paisajista belga <a href=\"https:\/\/www.bassmets.be\/\">Bas Smets<\/a> obtuvo el primer lugar en el concurso de dise\u00f1o para la remodelaci\u00f3n del entorno de la catedral de Notre-Dame, en Par\u00eds; los trabajos iniciar\u00e1n en 2024 y se proyecta que concluir\u00e1n en el 2027.<\/p>\n\n\n\n<p>La intervenci\u00f3n se har\u00e1 en la plaza principal, la cripta <strong>arqueol\u00f3gica<\/strong>, las orillas del r\u00edo Sena, los estacionamientos subterr\u00e1neos y las calles que rodean a la catedral con el fin de hacer de este conjunto de lugares un paseo tur\u00edstico en el que todo mantenga una relaci\u00f3n mediante su recorrido.<\/p>\n\n\n\n<p>La parte trasera de la catedral se convertir\u00e1 en un gran <a href=\"https:\/\/www.gridmag.com.mx\/index.php\/2023\/06\/28\/orgullo-y-espacio-publico\/\">espacio p\u00fablico<\/a> continuo hacia el \u00e1bside de esta. Adem\u00e1s, se integrar\u00e1n alrededor de 130 \u00e1rboles a los jardines existentes logrando un gran parque de 400 metros de longitud. El estacionamiento tambi\u00e9n ser\u00e1 un paseo de conexi\u00f3n subterr\u00e1nea entre la plaza, la cripta arqueol\u00f3gica y el r\u00edo Sena.<\/p>\n\n\n\n<p>El proyecto se exhibe hasta finales de agosto en el <a href=\"https:\/\/www.pavillon-arsenal.com\/\">Pavillon de l\u00b4Arsenal,<\/a> espacio consagrado a la arquitectura y el urbanismo en la capital francesa, y la entrada es gratuita.&nbsp;<\/p>\n\n\n\n<hr class=\"wp-block-separator has-alpha-channel-opacity is-style-wide\"\/>\n\n\n\n<figure class=\"wp-block-image size-large\"><img decoding=\"async\" width=\"870\" height=\"1024\" src=\"https:\/\/www.gridmag.com.mx\/wp-content\/uploads\/2022\/08\/Mesa-de-trabajo-13-870x1024.jpeg\" alt=\"Arquitectura y Dise\u00f1o | Las Noticias M\u00e1s Relevantes Agosto 2022 ilustraci\u00f3n por @alejantrophy\" class=\"wp-image-1606\" srcset=\"https:\/\/www.gridmag.com.mx\/wp-content\/uploads\/2022\/08\/Mesa-de-trabajo-13-870x1024.jpeg 870w, https:\/\/www.gridmag.com.mx\/wp-content\/uploads\/2022\/08\/Mesa-de-trabajo-13-255x300.jpeg 255w, https:\/\/www.gridmag.com.mx\/wp-content\/uploads\/2022\/08\/Mesa-de-trabajo-13-768x904.jpeg 768w, https:\/\/www.gridmag.com.mx\/wp-content\/uploads\/2022\/08\/Mesa-de-trabajo-13-1305x1536.jpeg 1305w, https:\/\/www.gridmag.com.mx\/wp-content\/uploads\/2022\/08\/Mesa-de-trabajo-13-1740x2048.jpeg 1740w, https:\/\/www.gridmag.com.mx\/wp-content\/uploads\/2022\/08\/Mesa-de-trabajo-13-770x906.jpeg 770w, https:\/\/www.gridmag.com.mx\/wp-content\/uploads\/2022\/08\/Mesa-de-trabajo-13-1400x1648.jpeg 1400w\" sizes=\"(max-width: 870px) 100vw, 870px\" \/><figcaption class=\"wp-element-caption\">@alejantrophy<\/figcaption><\/figure>\n\n\n\n<h2 class=\"wp-block-heading has-large-font-size\"><strong>Bill Gates invierte en constructora cero emisiones de efecto invernadero<\/strong><\/h2>\n\n\n\n<p><a href=\"https:\/\/www.breakthroughenergy.org\/\">Breakthrough Energy Ventures<\/a>, organizaci\u00f3n fundada por Bill Gates para luchar contra el cambio clim\u00e1tico, invirti\u00f3 en <a href=\"https:\/\/vantem.com\/\">Vantem<\/a>, una empresa de construcci\u00f3n dedicada a las viviendas de consumo neto cero, para incentivar su crecimiento a nivel global.&nbsp;<\/p>\n\n\n\n<p>Vantem se enfoca en desarrollar <strong>viviendas<\/strong> que reducen las emisiones de gases de efecto invernadero a un punto similar a como lo hace la <strong>naturaleza<\/strong>, empleando tecnolog\u00eda de <strong>construcci\u00f3n modular<\/strong> y a bajo costo. Los m\u00f3dulos se construyen con paneles estructurales que a\u00edslan y a su vez proporcionan una envoltura t\u00e9rmica eficaz, siendo resistentes a altas temperaturas y a diferentes condiciones clim\u00e1ticas debido a los materiales que los componen. Asimismo, el sistema simplifica la construcci\u00f3n, reduce los costos y plazos de entrega y es resistente a terremotos y huracanes.<\/p>\n\n\n\n<p>\u201cLa construcci\u00f3n es la que menos ha innovado en este sector y aumentado su productividad y es una de las mayores fuentes directas e indirectas de emisiones de carbono. En Vantem, nos comprometemos a abordar estos retos a escala mundial\u201d, dijo Chris Anderson, director general de Vantem.<\/p>\n","protected":false},"excerpt":{"rendered":"<p>Desde tecnolog\u00edas vanguardistas hasta conceptos visionarios, nuestro recorrido por la arquitectura y dise\u00f1o nos lleva a destinos inusuales. Exploraremos c\u00f3mo la Universidad de Virginia est\u00e1 redefiniendo los l\u00edmites con la impresi\u00f3n de tabiques de lodo y semillas. Adentr\u00e1ndonos en el Laboratorio Arte Alameda, descubriremos la obra de Joanie Lemercier en la CDMX. Adem\u00e1s, contemplaremos la influencia de Michael Rojkind en el National Coach Museum de Lisboa, Portugal. No te pierdas los detalles de los ganadores de la XIV Bienal de [&hellip;]<\/p>\n","protected":false},"author":11,"featured_media":1899,"comment_status":"open","ping_status":"open","sticky":false,"template":"","format":"standard","meta":{"footnotes":""},"categories":[52],"tags":[],"class_list":["post-1605","post","type-post","status-publish","format-standard","has-post-thumbnail","hentry","category-diseno"],"yoast_head":"<!-- This site is optimized with the Yoast SEO plugin v27.0 - https:\/\/yoast.com\/product\/yoast-seo-wordpress\/ -->\n<title>Arquitectura y Dise\u00f1o | Las Noticias M\u00e1s Relevantes Agosto 2022<\/title>\n<meta name=\"description\" content=\"Descubre noticias destacadas sobre ideas, tendencias e innovadores proyectos en el fascinante universo de la arquitectura y dise\u00f1o.\" \/>\n<meta name=\"robots\" content=\"index, follow, max-snippet:-1, max-image-preview:large, max-video-preview:-1\" \/>\n<link rel=\"canonical\" href=\"https:\/\/www.gridmag.com.mx\/index.php\/2022\/08\/03\/noticias-arquitectura-y-diseno-joanie-lemercier-tabique-sargazo-michael-rojkind-bas-smets-bill-gates\/\" \/>\n<meta property=\"og:locale\" content=\"es_MX\" \/>\n<meta property=\"og:type\" content=\"article\" \/>\n<meta property=\"og:title\" content=\"Arquitectura y Dise\u00f1o | Las Noticias M\u00e1s Relevantes Agosto 2022\" \/>\n<meta property=\"og:description\" content=\"Descubre noticias destacadas sobre ideas, tendencias e innovadores proyectos en el fascinante universo de la arquitectura y dise\u00f1o.\" \/>\n<meta property=\"og:url\" content=\"https:\/\/www.gridmag.com.mx\/index.php\/2022\/08\/03\/noticias-arquitectura-y-diseno-joanie-lemercier-tabique-sargazo-michael-rojkind-bas-smets-bill-gates\/\" \/>\n<meta property=\"og:site_name\" content=\"Grid Magazine\" \/>\n<meta property=\"article:publisher\" content=\"https:\/\/www.facebook.com\/gridmagazine.mx\" \/>\n<meta property=\"article:published_time\" content=\"2022-08-03T19:39:32+00:00\" \/>\n<meta property=\"article:modified_time\" content=\"2023-11-21T20:25:55+00:00\" \/>\n<meta property=\"og:image\" content=\"https:\/\/www.gridmag.com.mx\/wp-content\/uploads\/2022\/08\/Mesa-de-trabajo-19_CROP.jpg\" \/>\n\t<meta property=\"og:image:width\" content=\"850\" \/>\n\t<meta property=\"og:image:height\" content=\"617\" \/>\n\t<meta property=\"og:image:type\" content=\"image\/jpeg\" \/>\n<meta name=\"author\" content=\"Lucia Sucunza\" \/>\n<meta name=\"twitter:card\" content=\"summary_large_image\" \/>\n<meta name=\"twitter:label1\" content=\"Escrito por\" \/>\n\t<meta name=\"twitter:data1\" content=\"Lucia Sucunza\" \/>\n\t<meta name=\"twitter:label2\" content=\"Tiempo de lectura\" \/>\n\t<meta name=\"twitter:data2\" content=\"8 minutos\" \/>\n<script type=\"application\/ld+json\" class=\"yoast-schema-graph\">{\"@context\":\"https:\/\/schema.org\",\"@graph\":[{\"@type\":\"Article\",\"@id\":\"https:\/\/www.gridmag.com.mx\/index.php\/2022\/08\/03\/noticias-arquitectura-y-diseno-joanie-lemercier-tabique-sargazo-michael-rojkind-bas-smets-bill-gates\/#article\",\"isPartOf\":{\"@id\":\"https:\/\/www.gridmag.com.mx\/index.php\/2022\/08\/03\/noticias-arquitectura-y-diseno-joanie-lemercier-tabique-sargazo-michael-rojkind-bas-smets-bill-gates\/\"},\"author\":{\"name\":\"Lucia Sucunza\",\"@id\":\"https:\/\/www.gridmag.com.mx\/#\/schema\/person\/19cc6581aa11659797f1ac890f5921a9\"},\"headline\":\"Noticias de arquitectura y dise\u00f1o | Agosto 2022\",\"datePublished\":\"2022-08-03T19:39:32+00:00\",\"dateModified\":\"2023-11-21T20:25:55+00:00\",\"mainEntityOfPage\":{\"@id\":\"https:\/\/www.gridmag.com.mx\/index.php\/2022\/08\/03\/noticias-arquitectura-y-diseno-joanie-lemercier-tabique-sargazo-michael-rojkind-bas-smets-bill-gates\/\"},\"wordCount\":1471,\"commentCount\":0,\"publisher\":{\"@id\":\"https:\/\/www.gridmag.com.mx\/#organization\"},\"image\":{\"@id\":\"https:\/\/www.gridmag.com.mx\/index.php\/2022\/08\/03\/noticias-arquitectura-y-diseno-joanie-lemercier-tabique-sargazo-michael-rojkind-bas-smets-bill-gates\/#primaryimage\"},\"thumbnailUrl\":\"https:\/\/www.gridmag.com.mx\/wp-content\/uploads\/2022\/08\/Mesa-de-trabajo-19_CROP.jpg\",\"articleSection\":[\"Dise\u00f1o\"],\"inLanguage\":\"es\",\"potentialAction\":[{\"@type\":\"CommentAction\",\"name\":\"Comment\",\"target\":[\"https:\/\/www.gridmag.com.mx\/index.php\/2022\/08\/03\/noticias-arquitectura-y-diseno-joanie-lemercier-tabique-sargazo-michael-rojkind-bas-smets-bill-gates\/#respond\"]}]},{\"@type\":\"WebPage\",\"@id\":\"https:\/\/www.gridmag.com.mx\/index.php\/2022\/08\/03\/noticias-arquitectura-y-diseno-joanie-lemercier-tabique-sargazo-michael-rojkind-bas-smets-bill-gates\/\",\"url\":\"https:\/\/www.gridmag.com.mx\/index.php\/2022\/08\/03\/noticias-arquitectura-y-diseno-joanie-lemercier-tabique-sargazo-michael-rojkind-bas-smets-bill-gates\/\",\"name\":\"Arquitectura y Dise\u00f1o | Las Noticias M\u00e1s Relevantes Agosto 2022\",\"isPartOf\":{\"@id\":\"https:\/\/www.gridmag.com.mx\/#website\"},\"primaryImageOfPage\":{\"@id\":\"https:\/\/www.gridmag.com.mx\/index.php\/2022\/08\/03\/noticias-arquitectura-y-diseno-joanie-lemercier-tabique-sargazo-michael-rojkind-bas-smets-bill-gates\/#primaryimage\"},\"image\":{\"@id\":\"https:\/\/www.gridmag.com.mx\/index.php\/2022\/08\/03\/noticias-arquitectura-y-diseno-joanie-lemercier-tabique-sargazo-michael-rojkind-bas-smets-bill-gates\/#primaryimage\"},\"thumbnailUrl\":\"https:\/\/www.gridmag.com.mx\/wp-content\/uploads\/2022\/08\/Mesa-de-trabajo-19_CROP.jpg\",\"datePublished\":\"2022-08-03T19:39:32+00:00\",\"dateModified\":\"2023-11-21T20:25:55+00:00\",\"description\":\"Descubre noticias destacadas sobre ideas, tendencias e innovadores proyectos en el fascinante universo de la arquitectura y dise\u00f1o.\",\"breadcrumb\":{\"@id\":\"https:\/\/www.gridmag.com.mx\/index.php\/2022\/08\/03\/noticias-arquitectura-y-diseno-joanie-lemercier-tabique-sargazo-michael-rojkind-bas-smets-bill-gates\/#breadcrumb\"},\"inLanguage\":\"es\",\"potentialAction\":[{\"@type\":\"ReadAction\",\"target\":[\"https:\/\/www.gridmag.com.mx\/index.php\/2022\/08\/03\/noticias-arquitectura-y-diseno-joanie-lemercier-tabique-sargazo-michael-rojkind-bas-smets-bill-gates\/\"]}]},{\"@type\":\"ImageObject\",\"inLanguage\":\"es\",\"@id\":\"https:\/\/www.gridmag.com.mx\/index.php\/2022\/08\/03\/noticias-arquitectura-y-diseno-joanie-lemercier-tabique-sargazo-michael-rojkind-bas-smets-bill-gates\/#primaryimage\",\"url\":\"https:\/\/www.gridmag.com.mx\/wp-content\/uploads\/2022\/08\/Mesa-de-trabajo-19_CROP.jpg\",\"contentUrl\":\"https:\/\/www.gridmag.com.mx\/wp-content\/uploads\/2022\/08\/Mesa-de-trabajo-19_CROP.jpg\",\"width\":850,\"height\":617},{\"@type\":\"BreadcrumbList\",\"@id\":\"https:\/\/www.gridmag.com.mx\/index.php\/2022\/08\/03\/noticias-arquitectura-y-diseno-joanie-lemercier-tabique-sargazo-michael-rojkind-bas-smets-bill-gates\/#breadcrumb\",\"itemListElement\":[{\"@type\":\"ListItem\",\"position\":1,\"name\":\"Inicio\",\"item\":\"https:\/\/www.gridmag.com.mx\/\"},{\"@type\":\"ListItem\",\"position\":2,\"name\":\"Noticias de arquitectura y dise\u00f1o | Agosto 2022\"}]},{\"@type\":\"WebSite\",\"@id\":\"https:\/\/www.gridmag.com.mx\/#website\",\"url\":\"https:\/\/www.gridmag.com.mx\/\",\"name\":\"Grid Magazine\",\"description\":\"Compartiendo lo mejor de la arquitectura y dise\u00f1o mexicano.\",\"publisher\":{\"@id\":\"https:\/\/www.gridmag.com.mx\/#organization\"},\"potentialAction\":[{\"@type\":\"SearchAction\",\"target\":{\"@type\":\"EntryPoint\",\"urlTemplate\":\"https:\/\/www.gridmag.com.mx\/?s={search_term_string}\"},\"query-input\":{\"@type\":\"PropertyValueSpecification\",\"valueRequired\":true,\"valueName\":\"search_term_string\"}}],\"inLanguage\":\"es\"},{\"@type\":\"Organization\",\"@id\":\"https:\/\/www.gridmag.com.mx\/#organization\",\"name\":\"Grid Magazine\",\"url\":\"https:\/\/www.gridmag.com.mx\/\",\"logo\":{\"@type\":\"ImageObject\",\"inLanguage\":\"es\",\"@id\":\"https:\/\/www.gridmag.com.mx\/#\/schema\/logo\/image\/\",\"url\":\"\",\"contentUrl\":\"\",\"caption\":\"Grid Magazine\"},\"image\":{\"@id\":\"https:\/\/www.gridmag.com.mx\/#\/schema\/logo\/image\/\"},\"sameAs\":[\"https:\/\/www.facebook.com\/gridmagazine.mx\",\"https:\/\/www.instagram.com\/gridmagazine_mx\/\",\"https:\/\/www.tiktok.com\/@gridmagazine.mx?_t=8gl2kVR2Aq6&_r=1\",\"https:\/\/www.linkedin.com\/company\/grid-magazine-mx\/\"]},{\"@type\":\"Person\",\"@id\":\"https:\/\/www.gridmag.com.mx\/#\/schema\/person\/19cc6581aa11659797f1ac890f5921a9\",\"name\":\"Lucia Sucunza\",\"image\":{\"@type\":\"ImageObject\",\"inLanguage\":\"es\",\"@id\":\"https:\/\/www.gridmag.com.mx\/#\/schema\/person\/image\/\",\"url\":\"https:\/\/secure.gravatar.com\/avatar\/70de0488844bc563298c405c1c5b003c4b9d0f8e6791a70fc896481d5102a239?s=96&d=mm&r=g\",\"contentUrl\":\"https:\/\/secure.gravatar.com\/avatar\/70de0488844bc563298c405c1c5b003c4b9d0f8e6791a70fc896481d5102a239?s=96&d=mm&r=g\",\"caption\":\"Lucia Sucunza\"},\"sameAs\":[\"https:\/\/www.instagram.com\/lucia.sucunza\/?hl=es-la\"],\"url\":\"https:\/\/www.gridmag.com.mx\/index.php\/author\/lucia-sucunza\/\"}]}<\/script>\n<!-- \/ Yoast SEO plugin. -->","yoast_head_json":{"title":"Arquitectura y Dise\u00f1o | Las Noticias M\u00e1s Relevantes Agosto 2022","description":"Descubre noticias destacadas sobre ideas, tendencias e innovadores proyectos en el fascinante universo de la arquitectura y dise\u00f1o.","robots":{"index":"index","follow":"follow","max-snippet":"max-snippet:-1","max-image-preview":"max-image-preview:large","max-video-preview":"max-video-preview:-1"},"canonical":"https:\/\/www.gridmag.com.mx\/index.php\/2022\/08\/03\/noticias-arquitectura-y-diseno-joanie-lemercier-tabique-sargazo-michael-rojkind-bas-smets-bill-gates\/","og_locale":"es_MX","og_type":"article","og_title":"Arquitectura y Dise\u00f1o | Las Noticias M\u00e1s Relevantes Agosto 2022","og_description":"Descubre noticias destacadas sobre ideas, tendencias e innovadores proyectos en el fascinante universo de la arquitectura y dise\u00f1o.","og_url":"https:\/\/www.gridmag.com.mx\/index.php\/2022\/08\/03\/noticias-arquitectura-y-diseno-joanie-lemercier-tabique-sargazo-michael-rojkind-bas-smets-bill-gates\/","og_site_name":"Grid Magazine","article_publisher":"https:\/\/www.facebook.com\/gridmagazine.mx","article_published_time":"2022-08-03T19:39:32+00:00","article_modified_time":"2023-11-21T20:25:55+00:00","og_image":[{"width":850,"height":617,"url":"https:\/\/www.gridmag.com.mx\/wp-content\/uploads\/2022\/08\/Mesa-de-trabajo-19_CROP.jpg","type":"image\/jpeg"}],"author":"Lucia Sucunza","twitter_card":"summary_large_image","twitter_misc":{"Escrito por":"Lucia Sucunza","Tiempo de lectura":"8 minutos"},"schema":{"@context":"https:\/\/schema.org","@graph":[{"@type":"Article","@id":"https:\/\/www.gridmag.com.mx\/index.php\/2022\/08\/03\/noticias-arquitectura-y-diseno-joanie-lemercier-tabique-sargazo-michael-rojkind-bas-smets-bill-gates\/#article","isPartOf":{"@id":"https:\/\/www.gridmag.com.mx\/index.php\/2022\/08\/03\/noticias-arquitectura-y-diseno-joanie-lemercier-tabique-sargazo-michael-rojkind-bas-smets-bill-gates\/"},"author":{"name":"Lucia Sucunza","@id":"https:\/\/www.gridmag.com.mx\/#\/schema\/person\/19cc6581aa11659797f1ac890f5921a9"},"headline":"Noticias de arquitectura y dise\u00f1o | Agosto 2022","datePublished":"2022-08-03T19:39:32+00:00","dateModified":"2023-11-21T20:25:55+00:00","mainEntityOfPage":{"@id":"https:\/\/www.gridmag.com.mx\/index.php\/2022\/08\/03\/noticias-arquitectura-y-diseno-joanie-lemercier-tabique-sargazo-michael-rojkind-bas-smets-bill-gates\/"},"wordCount":1471,"commentCount":0,"publisher":{"@id":"https:\/\/www.gridmag.com.mx\/#organization"},"image":{"@id":"https:\/\/www.gridmag.com.mx\/index.php\/2022\/08\/03\/noticias-arquitectura-y-diseno-joanie-lemercier-tabique-sargazo-michael-rojkind-bas-smets-bill-gates\/#primaryimage"},"thumbnailUrl":"https:\/\/www.gridmag.com.mx\/wp-content\/uploads\/2022\/08\/Mesa-de-trabajo-19_CROP.jpg","articleSection":["Dise\u00f1o"],"inLanguage":"es","potentialAction":[{"@type":"CommentAction","name":"Comment","target":["https:\/\/www.gridmag.com.mx\/index.php\/2022\/08\/03\/noticias-arquitectura-y-diseno-joanie-lemercier-tabique-sargazo-michael-rojkind-bas-smets-bill-gates\/#respond"]}]},{"@type":"WebPage","@id":"https:\/\/www.gridmag.com.mx\/index.php\/2022\/08\/03\/noticias-arquitectura-y-diseno-joanie-lemercier-tabique-sargazo-michael-rojkind-bas-smets-bill-gates\/","url":"https:\/\/www.gridmag.com.mx\/index.php\/2022\/08\/03\/noticias-arquitectura-y-diseno-joanie-lemercier-tabique-sargazo-michael-rojkind-bas-smets-bill-gates\/","name":"Arquitectura y Dise\u00f1o | Las Noticias M\u00e1s Relevantes Agosto 2022","isPartOf":{"@id":"https:\/\/www.gridmag.com.mx\/#website"},"primaryImageOfPage":{"@id":"https:\/\/www.gridmag.com.mx\/index.php\/2022\/08\/03\/noticias-arquitectura-y-diseno-joanie-lemercier-tabique-sargazo-michael-rojkind-bas-smets-bill-gates\/#primaryimage"},"image":{"@id":"https:\/\/www.gridmag.com.mx\/index.php\/2022\/08\/03\/noticias-arquitectura-y-diseno-joanie-lemercier-tabique-sargazo-michael-rojkind-bas-smets-bill-gates\/#primaryimage"},"thumbnailUrl":"https:\/\/www.gridmag.com.mx\/wp-content\/uploads\/2022\/08\/Mesa-de-trabajo-19_CROP.jpg","datePublished":"2022-08-03T19:39:32+00:00","dateModified":"2023-11-21T20:25:55+00:00","description":"Descubre noticias destacadas sobre ideas, tendencias e innovadores proyectos en el fascinante universo de la arquitectura y dise\u00f1o.","breadcrumb":{"@id":"https:\/\/www.gridmag.com.mx\/index.php\/2022\/08\/03\/noticias-arquitectura-y-diseno-joanie-lemercier-tabique-sargazo-michael-rojkind-bas-smets-bill-gates\/#breadcrumb"},"inLanguage":"es","potentialAction":[{"@type":"ReadAction","target":["https:\/\/www.gridmag.com.mx\/index.php\/2022\/08\/03\/noticias-arquitectura-y-diseno-joanie-lemercier-tabique-sargazo-michael-rojkind-bas-smets-bill-gates\/"]}]},{"@type":"ImageObject","inLanguage":"es","@id":"https:\/\/www.gridmag.com.mx\/index.php\/2022\/08\/03\/noticias-arquitectura-y-diseno-joanie-lemercier-tabique-sargazo-michael-rojkind-bas-smets-bill-gates\/#primaryimage","url":"https:\/\/www.gridmag.com.mx\/wp-content\/uploads\/2022\/08\/Mesa-de-trabajo-19_CROP.jpg","contentUrl":"https:\/\/www.gridmag.com.mx\/wp-content\/uploads\/2022\/08\/Mesa-de-trabajo-19_CROP.jpg","width":850,"height":617},{"@type":"BreadcrumbList","@id":"https:\/\/www.gridmag.com.mx\/index.php\/2022\/08\/03\/noticias-arquitectura-y-diseno-joanie-lemercier-tabique-sargazo-michael-rojkind-bas-smets-bill-gates\/#breadcrumb","itemListElement":[{"@type":"ListItem","position":1,"name":"Inicio","item":"https:\/\/www.gridmag.com.mx\/"},{"@type":"ListItem","position":2,"name":"Noticias de arquitectura y dise\u00f1o | Agosto 2022"}]},{"@type":"WebSite","@id":"https:\/\/www.gridmag.com.mx\/#website","url":"https:\/\/www.gridmag.com.mx\/","name":"Grid Magazine","description":"Compartiendo lo mejor de la arquitectura y dise\u00f1o mexicano.","publisher":{"@id":"https:\/\/www.gridmag.com.mx\/#organization"},"potentialAction":[{"@type":"SearchAction","target":{"@type":"EntryPoint","urlTemplate":"https:\/\/www.gridmag.com.mx\/?s={search_term_string}"},"query-input":{"@type":"PropertyValueSpecification","valueRequired":true,"valueName":"search_term_string"}}],"inLanguage":"es"},{"@type":"Organization","@id":"https:\/\/www.gridmag.com.mx\/#organization","name":"Grid Magazine","url":"https:\/\/www.gridmag.com.mx\/","logo":{"@type":"ImageObject","inLanguage":"es","@id":"https:\/\/www.gridmag.com.mx\/#\/schema\/logo\/image\/","url":"","contentUrl":"","caption":"Grid Magazine"},"image":{"@id":"https:\/\/www.gridmag.com.mx\/#\/schema\/logo\/image\/"},"sameAs":["https:\/\/www.facebook.com\/gridmagazine.mx","https:\/\/www.instagram.com\/gridmagazine_mx\/","https:\/\/www.tiktok.com\/@gridmagazine.mx?_t=8gl2kVR2Aq6&_r=1","https:\/\/www.linkedin.com\/company\/grid-magazine-mx\/"]},{"@type":"Person","@id":"https:\/\/www.gridmag.com.mx\/#\/schema\/person\/19cc6581aa11659797f1ac890f5921a9","name":"Lucia Sucunza","image":{"@type":"ImageObject","inLanguage":"es","@id":"https:\/\/www.gridmag.com.mx\/#\/schema\/person\/image\/","url":"https:\/\/secure.gravatar.com\/avatar\/70de0488844bc563298c405c1c5b003c4b9d0f8e6791a70fc896481d5102a239?s=96&d=mm&r=g","contentUrl":"https:\/\/secure.gravatar.com\/avatar\/70de0488844bc563298c405c1c5b003c4b9d0f8e6791a70fc896481d5102a239?s=96&d=mm&r=g","caption":"Lucia Sucunza"},"sameAs":["https:\/\/www.instagram.com\/lucia.sucunza\/?hl=es-la"],"url":"https:\/\/www.gridmag.com.mx\/index.php\/author\/lucia-sucunza\/"}]}},"_links":{"self":[{"href":"https:\/\/www.gridmag.com.mx\/index.php\/wp-json\/wp\/v2\/posts\/1605","targetHints":{"allow":["GET"]}}],"collection":[{"href":"https:\/\/www.gridmag.com.mx\/index.php\/wp-json\/wp\/v2\/posts"}],"about":[{"href":"https:\/\/www.gridmag.com.mx\/index.php\/wp-json\/wp\/v2\/types\/post"}],"author":[{"embeddable":true,"href":"https:\/\/www.gridmag.com.mx\/index.php\/wp-json\/wp\/v2\/users\/11"}],"replies":[{"embeddable":true,"href":"https:\/\/www.gridmag.com.mx\/index.php\/wp-json\/wp\/v2\/comments?post=1605"}],"version-history":[{"count":13,"href":"https:\/\/www.gridmag.com.mx\/index.php\/wp-json\/wp\/v2\/posts\/1605\/revisions"}],"predecessor-version":[{"id":5327,"href":"https:\/\/www.gridmag.com.mx\/index.php\/wp-json\/wp\/v2\/posts\/1605\/revisions\/5327"}],"wp:featuredmedia":[{"embeddable":true,"href":"https:\/\/www.gridmag.com.mx\/index.php\/wp-json\/wp\/v2\/media\/1899"}],"wp:attachment":[{"href":"https:\/\/www.gridmag.com.mx\/index.php\/wp-json\/wp\/v2\/media?parent=1605"}],"wp:term":[{"taxonomy":"category","embeddable":true,"href":"https:\/\/www.gridmag.com.mx\/index.php\/wp-json\/wp\/v2\/categories?post=1605"},{"taxonomy":"post_tag","embeddable":true,"href":"https:\/\/www.gridmag.com.mx\/index.php\/wp-json\/wp\/v2\/tags?post=1605"}],"curies":[{"name":"wp","href":"https:\/\/api.w.org\/{rel}","templated":true}]}}