{"id":1669,"date":"2022-08-15T14:50:47","date_gmt":"2022-08-15T19:50:47","guid":{"rendered":"https:\/\/www.gridmag.com.mx\/?p=1669"},"modified":"2023-11-22T15:42:09","modified_gmt":"2023-11-22T21:42:09","slug":"museo-fundacion-santiago-carbonell","status":"publish","type":"post","link":"https:\/\/www.gridmag.com.mx\/index.php\/2022\/08\/15\/museo-fundacion-santiago-carbonell\/","title":{"rendered":"Museo Fundaci\u00f3n | Santiago Carbonell"},"content":{"rendered":"\n\n\n<p>Santiago Carbonell es un pintor ecuatoriano cuya fascinaci\u00f3n y trayectoria por el hiperrealismo lo llevaron a crear su propia fundaci\u00f3n ubicada en el centro hist\u00f3rico de Quer\u00e9taro. Cuidad en la que habita desde hace 25 a\u00f1os y donde exhibe su obra al p\u00fablico de manera gratuita en el Museo Fundaci\u00f3n.<\/p>\n\n\n\n<p>Mediante la relaci\u00f3n entre el observador, las pinturas y la <a href=\"https:\/\/www.gridmag.com.mx\/index.php\/2022\/10\/30\/programa-viva-arquitectura-sustentable-para-todes\/\">arquitectura<\/a> del sitio, el museo acerca el arte a los visitantes en un inmueble. Edificio que data de 1760 y cuya adaptaci\u00f3n tard\u00f3 m\u00e1s de una d\u00e9cada en materializarse.<\/p>\n\n\n\n<figure class=\"wp-block-image size-full is-resized\"><img decoding=\"async\" width=\"850\" height=\"666\" src=\"https:\/\/www.gridmag.com.mx\/wp-content\/uploads\/2022\/08\/Museo-Santiago-Carbonell-Arq-Miguel-Concha-Foto-Ariadna-Polo-20.jpg\" alt=\"\" class=\"wp-image-1670\" style=\"width:770px;height:603px\" srcset=\"https:\/\/www.gridmag.com.mx\/wp-content\/uploads\/2022\/08\/Museo-Santiago-Carbonell-Arq-Miguel-Concha-Foto-Ariadna-Polo-20.jpg 850w, https:\/\/www.gridmag.com.mx\/wp-content\/uploads\/2022\/08\/Museo-Santiago-Carbonell-Arq-Miguel-Concha-Foto-Ariadna-Polo-20-300x235.jpg 300w, https:\/\/www.gridmag.com.mx\/wp-content\/uploads\/2022\/08\/Museo-Santiago-Carbonell-Arq-Miguel-Concha-Foto-Ariadna-Polo-20-768x602.jpg 768w, https:\/\/www.gridmag.com.mx\/wp-content\/uploads\/2022\/08\/Museo-Santiago-Carbonell-Arq-Miguel-Concha-Foto-Ariadna-Polo-20-770x603.jpg 770w\" sizes=\"(max-width: 850px) 100vw, 850px\" \/><\/figure>\n\n\n\n<h2 class=\"wp-block-heading\">La armon\u00eda del minimalismo: Reutilizaci\u00f3n y originalidad<\/h2>\n\n\n\n<p>El recuperar la estructura original y realizar la menor cantidad de intervenciones fueron parte de las estrategias de reutilizaci\u00f3n del inmueble existente. Que denota una atm\u00f3sfera minimal, en donde el <a href=\"https:\/\/www.gridmag.com.mx\/index.php\/2023\/04\/05\/mauricio-macias-el-espacio-en-la-comida\/\">espacio<\/a> arquitect\u00f3nico se vuelve un nuevo lienzo para el refugio y apreciaci\u00f3n del trabajo del artista.<\/p>\n\n\n\n<figure class=\"wp-block-image size-full\"><img decoding=\"async\" width=\"850\" height=\"567\" src=\"https:\/\/www.gridmag.com.mx\/wp-content\/uploads\/2022\/08\/Museo-Santiago-Carbonell-Arq-Miguel-Concha-Foto-Ariadna-Polo-12.jpg\" alt=\"\" class=\"wp-image-1671\" srcset=\"https:\/\/www.gridmag.com.mx\/wp-content\/uploads\/2022\/08\/Museo-Santiago-Carbonell-Arq-Miguel-Concha-Foto-Ariadna-Polo-12.jpg 850w, https:\/\/www.gridmag.com.mx\/wp-content\/uploads\/2022\/08\/Museo-Santiago-Carbonell-Arq-Miguel-Concha-Foto-Ariadna-Polo-12-300x200.jpg 300w, https:\/\/www.gridmag.com.mx\/wp-content\/uploads\/2022\/08\/Museo-Santiago-Carbonell-Arq-Miguel-Concha-Foto-Ariadna-Polo-12-768x512.jpg 768w, https:\/\/www.gridmag.com.mx\/wp-content\/uploads\/2022\/08\/Museo-Santiago-Carbonell-Arq-Miguel-Concha-Foto-Ariadna-Polo-12-360x240.jpg 360w, https:\/\/www.gridmag.com.mx\/wp-content\/uploads\/2022\/08\/Museo-Santiago-Carbonell-Arq-Miguel-Concha-Foto-Ariadna-Polo-12-720x480.jpg 720w, https:\/\/www.gridmag.com.mx\/wp-content\/uploads\/2022\/08\/Museo-Santiago-Carbonell-Arq-Miguel-Concha-Foto-Ariadna-Polo-12-770x514.jpg 770w\" sizes=\"(max-width: 850px) 100vw, 850px\" \/><\/figure>\n\n\n\n<p>La adaptaci\u00f3n del edificio para su nuevo uso se hace visible en una convergencia entre las edades de los <a href=\"https:\/\/www.gridmag.com.mx\/index.php\/2022\/06\/19\/materiales-sustentables-en-arquitectura-opciones-ecologicas\/\">materiales<\/a>, las texturas simples y el desarrollo del programa arquitect\u00f3nico. Que permiti\u00f3 optimizar la operaci\u00f3n del <a href=\"https:\/\/www.gridmag.com.mx\/index.php\/2022\/07\/03\/mufo-el-museo-del-futuro\/\">museo<\/a>, transformando lo que antes fueron habitaciones en galer\u00edas de exhibici\u00f3n.<\/p>\n\n\n\n<figure class=\"wp-block-image size-full\"><img decoding=\"async\" width=\"850\" height=\"531\" src=\"https:\/\/www.gridmag.com.mx\/wp-content\/uploads\/2022\/08\/Museo-Santiago-Carbonell-Arq-Miguel-Concha-Foto-Ariadna-Polo-11.jpg\" alt=\"\" class=\"wp-image-1672\" srcset=\"https:\/\/www.gridmag.com.mx\/wp-content\/uploads\/2022\/08\/Museo-Santiago-Carbonell-Arq-Miguel-Concha-Foto-Ariadna-Polo-11.jpg 850w, https:\/\/www.gridmag.com.mx\/wp-content\/uploads\/2022\/08\/Museo-Santiago-Carbonell-Arq-Miguel-Concha-Foto-Ariadna-Polo-11-300x187.jpg 300w, https:\/\/www.gridmag.com.mx\/wp-content\/uploads\/2022\/08\/Museo-Santiago-Carbonell-Arq-Miguel-Concha-Foto-Ariadna-Polo-11-768x480.jpg 768w, https:\/\/www.gridmag.com.mx\/wp-content\/uploads\/2022\/08\/Museo-Santiago-Carbonell-Arq-Miguel-Concha-Foto-Ariadna-Polo-11-770x481.jpg 770w\" sizes=\"(max-width: 850px) 100vw, 850px\" \/><\/figure>\n\n\n\n<h2 class=\"wp-block-heading\">La renovaci\u00f3n arquitect\u00f3nica en Museo Fundaci\u00f3n<\/h2>\n\n\n\n<p>Nuevos componentes arquitect\u00f3nicos aportan actualidad al recinto como las estructuras de acero que resguardan, mediante una cubierta ligera, la galer\u00eda principal; una estructura que respeta los l\u00edmites de la arquitectura existente y mantiene una conversaci\u00f3n con ellos.<\/p>\n\n\n\n<p>\u201cUn patio, distintivo de las casas queretanas de la \u00e9poca, conecta e ilumina a todas las galer\u00edas. <a href=\"https:\/\/www.gridmag.com.mx\/index.php\/2023\/01\/31\/israel-plancarte-compartir-el-arte\/\">Arte<\/a>, arquitectura e historia interact\u00faan conjugando todo en una atm\u00f3sfera atemporal\u201d, explica Miguel Concha, <a href=\"https:\/\/www.gridmag.com.mx\/index.php\/2023\/10\/04\/medidas-que-todo-arquitecto-debe-conocer\/\">arquitecto<\/a> a cargo de la remodelaci\u00f3n del inmueble.<\/p>\n\n\n\n<div class=\"wp-block-columns is-layout-flex wp-container-core-columns-is-layout-9d6595d7 wp-block-columns-is-layout-flex\">\n<div class=\"wp-block-column is-layout-flow wp-block-column-is-layout-flow\">\n<figure class=\"wp-block-image size-large\"><img decoding=\"async\" width=\"725\" height=\"1024\" src=\"https:\/\/www.gridmag.com.mx\/wp-content\/uploads\/2022\/08\/Museo-Santiago-Carbonell-Arq-Miguel-Concha-Foto-Ariadna-Polo-03-1-725x1024.jpg\" alt=\"\" class=\"wp-image-1685\" srcset=\"https:\/\/www.gridmag.com.mx\/wp-content\/uploads\/2022\/08\/Museo-Santiago-Carbonell-Arq-Miguel-Concha-Foto-Ariadna-Polo-03-1-725x1024.jpg 725w, https:\/\/www.gridmag.com.mx\/wp-content\/uploads\/2022\/08\/Museo-Santiago-Carbonell-Arq-Miguel-Concha-Foto-Ariadna-Polo-03-1-213x300.jpg 213w, https:\/\/www.gridmag.com.mx\/wp-content\/uploads\/2022\/08\/Museo-Santiago-Carbonell-Arq-Miguel-Concha-Foto-Ariadna-Polo-03-1-768x1084.jpg 768w, https:\/\/www.gridmag.com.mx\/wp-content\/uploads\/2022\/08\/Museo-Santiago-Carbonell-Arq-Miguel-Concha-Foto-Ariadna-Polo-03-1-770x1087.jpg 770w, https:\/\/www.gridmag.com.mx\/wp-content\/uploads\/2022\/08\/Museo-Santiago-Carbonell-Arq-Miguel-Concha-Foto-Ariadna-Polo-03-1.jpg 850w\" sizes=\"(max-width: 725px) 100vw, 725px\" \/><\/figure>\n<\/div>\n\n\n\n<div class=\"wp-block-column is-layout-flow wp-block-column-is-layout-flow\">\n<figure class=\"wp-block-image size-large\"><img decoding=\"async\" width=\"731\" height=\"1024\" src=\"https:\/\/www.gridmag.com.mx\/wp-content\/uploads\/2022\/08\/Museo-Santiago-Carbonell-Arq-Miguel-Concha-Foto-Ariadna-Polo-05-731x1024.jpg\" alt=\"\" class=\"wp-image-1675\" srcset=\"https:\/\/www.gridmag.com.mx\/wp-content\/uploads\/2022\/08\/Museo-Santiago-Carbonell-Arq-Miguel-Concha-Foto-Ariadna-Polo-05-731x1024.jpg 731w, https:\/\/www.gridmag.com.mx\/wp-content\/uploads\/2022\/08\/Museo-Santiago-Carbonell-Arq-Miguel-Concha-Foto-Ariadna-Polo-05-214x300.jpg 214w, https:\/\/www.gridmag.com.mx\/wp-content\/uploads\/2022\/08\/Museo-Santiago-Carbonell-Arq-Miguel-Concha-Foto-Ariadna-Polo-05-768x1076.jpg 768w, https:\/\/www.gridmag.com.mx\/wp-content\/uploads\/2022\/08\/Museo-Santiago-Carbonell-Arq-Miguel-Concha-Foto-Ariadna-Polo-05-770x1079.jpg 770w, https:\/\/www.gridmag.com.mx\/wp-content\/uploads\/2022\/08\/Museo-Santiago-Carbonell-Arq-Miguel-Concha-Foto-Ariadna-Polo-05.jpg 850w\" sizes=\"(max-width: 731px) 100vw, 731px\" \/><\/figure>\n<\/div>\n<\/div>\n\n\n\n<p>El Museo  Fundaci\u00f3n cuenta con salas de <strong>exposici\u00f3n<\/strong>, un \u00e1rea de servicios para el museo, tienda y una terraza en el nivel superior desde donde se contempla el paisaje de la ciudad. De forma permanente se exhibe el acervo del artista, basado en su colecci\u00f3n privada con algunos cuadros que ha rescatado y otros tantos conservados a trav\u00e9s del tiempo.<\/p>\n\n\n\n<figure class=\"wp-block-image size-large\"><img decoding=\"async\" width=\"731\" height=\"1024\" src=\"https:\/\/www.gridmag.com.mx\/wp-content\/uploads\/2022\/08\/Museo-Santiago-Carbonell-Arq-Miguel-Concha-Foto-Ariadna-Polo-07-731x1024.jpg\" alt=\"\" class=\"wp-image-1676\" srcset=\"https:\/\/www.gridmag.com.mx\/wp-content\/uploads\/2022\/08\/Museo-Santiago-Carbonell-Arq-Miguel-Concha-Foto-Ariadna-Polo-07-731x1024.jpg 731w, https:\/\/www.gridmag.com.mx\/wp-content\/uploads\/2022\/08\/Museo-Santiago-Carbonell-Arq-Miguel-Concha-Foto-Ariadna-Polo-07-214x300.jpg 214w, https:\/\/www.gridmag.com.mx\/wp-content\/uploads\/2022\/08\/Museo-Santiago-Carbonell-Arq-Miguel-Concha-Foto-Ariadna-Polo-07-768x1076.jpg 768w, https:\/\/www.gridmag.com.mx\/wp-content\/uploads\/2022\/08\/Museo-Santiago-Carbonell-Arq-Miguel-Concha-Foto-Ariadna-Polo-07-770x1079.jpg 770w, https:\/\/www.gridmag.com.mx\/wp-content\/uploads\/2022\/08\/Museo-Santiago-Carbonell-Arq-Miguel-Concha-Foto-Ariadna-Polo-07.jpg 850w\" sizes=\"(max-width: 731px) 100vw, 731px\" \/><\/figure>\n\n\n\n<p>\u201cToda su obra converge en este espacio acogedor e \u00edntimo que mezcla sutilmente <strong>elementos hist\u00f3ricos<\/strong> robustos con estructuras ligeras. Recuperando las cualidades espaciales de la antigua construcci\u00f3n que ha sido intervenida para adecuarse a una din\u00e1mica p\u00fablica y cultural,\u201d detalla el arquitecto Concha.<\/p>\n\n\n\n<hr class=\"wp-block-separator has-alpha-channel-opacity is-style-wide\"\/>\n\n\n\n<p><strong>Museo Fundaci\u00f3n Santiago Carbonell<\/strong><br>Cinco de mayo 90<br>Centro hist\u00f3rico<br>Santiago de Quer\u00e9taro<br>Mi\u00e9rcoles a domingo de 11 a 19 h<\/p>\n\n\n\n<p><strong>Foto:<\/strong> <a href=\"https:\/\/www.ariadnapolo.com\/\">Ariadna Polo<\/a><\/p>\n\n\n\n<figure class=\"wp-block-gallery has-nested-images columns-default is-cropped wp-block-gallery-1 is-layout-flex wp-block-gallery-is-layout-flex\">\n<figure class=\"wp-block-image size-large\"><img decoding=\"async\" width=\"850\" height=\"1180\" data-id=\"1677\" src=\"https:\/\/www.gridmag.com.mx\/wp-content\/uploads\/2022\/08\/Museo-Santiago-Carbonell-Arq-Miguel-Concha-Foto-Ariadna-Polo-19.jpg\" alt=\"Museo Fundaci\u00f3n | Santiago Carbonell Foto: Ariadna Polo\" class=\"wp-image-1677\" srcset=\"https:\/\/www.gridmag.com.mx\/wp-content\/uploads\/2022\/08\/Museo-Santiago-Carbonell-Arq-Miguel-Concha-Foto-Ariadna-Polo-19.jpg 850w, https:\/\/www.gridmag.com.mx\/wp-content\/uploads\/2022\/08\/Museo-Santiago-Carbonell-Arq-Miguel-Concha-Foto-Ariadna-Polo-19-216x300.jpg 216w, https:\/\/www.gridmag.com.mx\/wp-content\/uploads\/2022\/08\/Museo-Santiago-Carbonell-Arq-Miguel-Concha-Foto-Ariadna-Polo-19-738x1024.jpg 738w, https:\/\/www.gridmag.com.mx\/wp-content\/uploads\/2022\/08\/Museo-Santiago-Carbonell-Arq-Miguel-Concha-Foto-Ariadna-Polo-19-768x1066.jpg 768w, https:\/\/www.gridmag.com.mx\/wp-content\/uploads\/2022\/08\/Museo-Santiago-Carbonell-Arq-Miguel-Concha-Foto-Ariadna-Polo-19-770x1069.jpg 770w\" sizes=\"(max-width: 850px) 100vw, 850px\" \/><\/figure>\n\n\n\n<figure class=\"wp-block-image size-large\"><img decoding=\"async\" width=\"850\" height=\"532\" data-id=\"1678\" src=\"https:\/\/www.gridmag.com.mx\/wp-content\/uploads\/2022\/08\/Museo-Santiago-Carbonell-Arq-Miguel-Concha-Foto-Ariadna-Polo-18.jpg\" alt=\"Museo Fundaci\u00f3n | Santiago Carbonell Foto: Ariadna Polo\" class=\"wp-image-1678\" srcset=\"https:\/\/www.gridmag.com.mx\/wp-content\/uploads\/2022\/08\/Museo-Santiago-Carbonell-Arq-Miguel-Concha-Foto-Ariadna-Polo-18.jpg 850w, https:\/\/www.gridmag.com.mx\/wp-content\/uploads\/2022\/08\/Museo-Santiago-Carbonell-Arq-Miguel-Concha-Foto-Ariadna-Polo-18-300x188.jpg 300w, https:\/\/www.gridmag.com.mx\/wp-content\/uploads\/2022\/08\/Museo-Santiago-Carbonell-Arq-Miguel-Concha-Foto-Ariadna-Polo-18-768x481.jpg 768w, https:\/\/www.gridmag.com.mx\/wp-content\/uploads\/2022\/08\/Museo-Santiago-Carbonell-Arq-Miguel-Concha-Foto-Ariadna-Polo-18-770x482.jpg 770w\" sizes=\"(max-width: 850px) 100vw, 850px\" \/><\/figure>\n\n\n\n<figure class=\"wp-block-image size-large\"><img decoding=\"async\" width=\"850\" height=\"1191\" data-id=\"1679\" src=\"https:\/\/www.gridmag.com.mx\/wp-content\/uploads\/2022\/08\/Museo-Santiago-Carbonell-Arq-Miguel-Concha-Foto-Ariadna-Polo-16.jpg\" alt=\"Museo Fundaci\u00f3n | Santiago Carbonell Foto: Ariadna Polo\" class=\"wp-image-1679\" srcset=\"https:\/\/www.gridmag.com.mx\/wp-content\/uploads\/2022\/08\/Museo-Santiago-Carbonell-Arq-Miguel-Concha-Foto-Ariadna-Polo-16.jpg 850w, https:\/\/www.gridmag.com.mx\/wp-content\/uploads\/2022\/08\/Museo-Santiago-Carbonell-Arq-Miguel-Concha-Foto-Ariadna-Polo-16-214x300.jpg 214w, https:\/\/www.gridmag.com.mx\/wp-content\/uploads\/2022\/08\/Museo-Santiago-Carbonell-Arq-Miguel-Concha-Foto-Ariadna-Polo-16-731x1024.jpg 731w, https:\/\/www.gridmag.com.mx\/wp-content\/uploads\/2022\/08\/Museo-Santiago-Carbonell-Arq-Miguel-Concha-Foto-Ariadna-Polo-16-768x1076.jpg 768w, https:\/\/www.gridmag.com.mx\/wp-content\/uploads\/2022\/08\/Museo-Santiago-Carbonell-Arq-Miguel-Concha-Foto-Ariadna-Polo-16-770x1079.jpg 770w\" sizes=\"(max-width: 850px) 100vw, 850px\" \/><\/figure>\n\n\n\n<figure class=\"wp-block-image size-large\"><img decoding=\"async\" width=\"850\" height=\"1191\" data-id=\"1680\" src=\"https:\/\/www.gridmag.com.mx\/wp-content\/uploads\/2022\/08\/Museo-Santiago-Carbonell-Arq-Miguel-Concha-Foto-Ariadna-Polo-14.jpg\" alt=\"Museo Fundaci\u00f3n | Santiago Carbonell Foto: Ariadna Polo\" class=\"wp-image-1680\" srcset=\"https:\/\/www.gridmag.com.mx\/wp-content\/uploads\/2022\/08\/Museo-Santiago-Carbonell-Arq-Miguel-Concha-Foto-Ariadna-Polo-14.jpg 850w, https:\/\/www.gridmag.com.mx\/wp-content\/uploads\/2022\/08\/Museo-Santiago-Carbonell-Arq-Miguel-Concha-Foto-Ariadna-Polo-14-214x300.jpg 214w, https:\/\/www.gridmag.com.mx\/wp-content\/uploads\/2022\/08\/Museo-Santiago-Carbonell-Arq-Miguel-Concha-Foto-Ariadna-Polo-14-731x1024.jpg 731w, https:\/\/www.gridmag.com.mx\/wp-content\/uploads\/2022\/08\/Museo-Santiago-Carbonell-Arq-Miguel-Concha-Foto-Ariadna-Polo-14-768x1076.jpg 768w, https:\/\/www.gridmag.com.mx\/wp-content\/uploads\/2022\/08\/Museo-Santiago-Carbonell-Arq-Miguel-Concha-Foto-Ariadna-Polo-14-770x1079.jpg 770w\" sizes=\"(max-width: 850px) 100vw, 850px\" \/><\/figure>\n\n\n\n<figure class=\"wp-block-image size-large\"><img decoding=\"async\" width=\"850\" height=\"1191\" data-id=\"1681\" src=\"https:\/\/www.gridmag.com.mx\/wp-content\/uploads\/2022\/08\/Museo-Santiago-Carbonell-Arq-Miguel-Concha-Foto-Ariadna-Polo-08.jpg\" alt=\"Museo Fundaci\u00f3n | Santiago Carbonell Foto: Ariadna Polo\" class=\"wp-image-1681\" srcset=\"https:\/\/www.gridmag.com.mx\/wp-content\/uploads\/2022\/08\/Museo-Santiago-Carbonell-Arq-Miguel-Concha-Foto-Ariadna-Polo-08.jpg 850w, https:\/\/www.gridmag.com.mx\/wp-content\/uploads\/2022\/08\/Museo-Santiago-Carbonell-Arq-Miguel-Concha-Foto-Ariadna-Polo-08-214x300.jpg 214w, https:\/\/www.gridmag.com.mx\/wp-content\/uploads\/2022\/08\/Museo-Santiago-Carbonell-Arq-Miguel-Concha-Foto-Ariadna-Polo-08-731x1024.jpg 731w, https:\/\/www.gridmag.com.mx\/wp-content\/uploads\/2022\/08\/Museo-Santiago-Carbonell-Arq-Miguel-Concha-Foto-Ariadna-Polo-08-768x1076.jpg 768w, https:\/\/www.gridmag.com.mx\/wp-content\/uploads\/2022\/08\/Museo-Santiago-Carbonell-Arq-Miguel-Concha-Foto-Ariadna-Polo-08-770x1079.jpg 770w\" sizes=\"(max-width: 850px) 100vw, 850px\" \/><\/figure>\n\n\n\n<figure class=\"wp-block-image size-large\"><img decoding=\"async\" width=\"850\" height=\"1194\" data-id=\"1682\" src=\"https:\/\/www.gridmag.com.mx\/wp-content\/uploads\/2022\/08\/Museo-Santiago-Carbonell-Arq-Miguel-Concha-Foto-Ariadna-Polo-02.jpg\" alt=\"Museo Fundaci\u00f3n | Santiago Carbonell Foto: Ariadna Polo\" class=\"wp-image-1682\" srcset=\"https:\/\/www.gridmag.com.mx\/wp-content\/uploads\/2022\/08\/Museo-Santiago-Carbonell-Arq-Miguel-Concha-Foto-Ariadna-Polo-02.jpg 850w, https:\/\/www.gridmag.com.mx\/wp-content\/uploads\/2022\/08\/Museo-Santiago-Carbonell-Arq-Miguel-Concha-Foto-Ariadna-Polo-02-214x300.jpg 214w, https:\/\/www.gridmag.com.mx\/wp-content\/uploads\/2022\/08\/Museo-Santiago-Carbonell-Arq-Miguel-Concha-Foto-Ariadna-Polo-02-729x1024.jpg 729w, https:\/\/www.gridmag.com.mx\/wp-content\/uploads\/2022\/08\/Museo-Santiago-Carbonell-Arq-Miguel-Concha-Foto-Ariadna-Polo-02-768x1079.jpg 768w, https:\/\/www.gridmag.com.mx\/wp-content\/uploads\/2022\/08\/Museo-Santiago-Carbonell-Arq-Miguel-Concha-Foto-Ariadna-Polo-02-770x1082.jpg 770w\" sizes=\"(max-width: 850px) 100vw, 850px\" \/><\/figure>\n<\/figure>\n","protected":false},"excerpt":{"rendered":"<p>Santiago Carbonell es un pintor ecuatoriano cuya fascinaci\u00f3n y trayectoria por el hiperrealismo lo llevaron a crear su propia fundaci\u00f3n ubicada en el centro hist\u00f3rico de Quer\u00e9taro. Cuidad en la que habita desde hace 25 a\u00f1os y donde exhibe su obra al p\u00fablico de manera gratuita en el Museo Fundaci\u00f3n. Mediante la relaci\u00f3n entre el observador, las pinturas y la arquitectura del sitio, el museo acerca el arte a los visitantes en un inmueble. Edificio que data de 1760 y [&hellip;]<\/p>\n","protected":false},"author":6,"featured_media":1673,"comment_status":"open","ping_status":"open","sticky":false,"template":"","format":"standard","meta":{"footnotes":""},"categories":[49],"tags":[],"class_list":["post-1669","post","type-post","status-publish","format-standard","has-post-thumbnail","hentry","category-arquitectura"],"yoast_head":"<!-- This site is optimized with the Yoast SEO plugin v27.0 - https:\/\/yoast.com\/product\/yoast-seo-wordpress\/ -->\n<title>Museo Fundaci\u00f3n | Santiago Carbonell<\/title>\n<meta name=\"description\" content=\"Explora el Museo Fundaci\u00f3n Santiago Carbonell en Qro, donde el hiperrealismo cobra vida fusionando arte, arquitectura y experiencia \u00fanica.\" \/>\n<meta name=\"robots\" content=\"index, follow, max-snippet:-1, max-image-preview:large, max-video-preview:-1\" \/>\n<link rel=\"canonical\" href=\"https:\/\/www.gridmag.com.mx\/index.php\/2022\/08\/15\/museo-fundacion-santiago-carbonell\/\" \/>\n<meta property=\"og:locale\" content=\"es_MX\" \/>\n<meta property=\"og:type\" content=\"article\" \/>\n<meta property=\"og:title\" content=\"Museo Fundaci\u00f3n | Santiago Carbonell\" \/>\n<meta property=\"og:description\" content=\"Explora el Museo Fundaci\u00f3n Santiago Carbonell en Qro, donde el hiperrealismo cobra vida fusionando arte, arquitectura y experiencia \u00fanica.\" \/>\n<meta property=\"og:url\" content=\"https:\/\/www.gridmag.com.mx\/index.php\/2022\/08\/15\/museo-fundacion-santiago-carbonell\/\" \/>\n<meta property=\"og:site_name\" content=\"Grid Magazine\" \/>\n<meta property=\"article:publisher\" content=\"https:\/\/www.facebook.com\/gridmagazine.mx\" \/>\n<meta property=\"article:published_time\" content=\"2022-08-15T19:50:47+00:00\" \/>\n<meta property=\"article:modified_time\" content=\"2023-11-22T21:42:09+00:00\" \/>\n<meta property=\"og:image\" content=\"https:\/\/www.gridmag.com.mx\/wp-content\/uploads\/2022\/08\/Museo-Santiago-Carbonell-Arq-Miguel-Concha-Foto-Ariadna-Polo-01.jpg\" \/>\n\t<meta property=\"og:image:width\" content=\"1134\" \/>\n\t<meta property=\"og:image:height\" content=\"709\" \/>\n\t<meta property=\"og:image:type\" content=\"image\/jpeg\" \/>\n<meta name=\"author\" content=\"Micael Parada\" \/>\n<meta name=\"twitter:card\" content=\"summary_large_image\" \/>\n<meta name=\"twitter:label1\" content=\"Escrito por\" \/>\n\t<meta name=\"twitter:data1\" content=\"Micael Parada\" \/>\n\t<meta name=\"twitter:label2\" content=\"Tiempo de lectura\" \/>\n\t<meta name=\"twitter:data2\" content=\"5 minutos\" \/>\n<script type=\"application\/ld+json\" class=\"yoast-schema-graph\">{\"@context\":\"https:\/\/schema.org\",\"@graph\":[{\"@type\":\"Article\",\"@id\":\"https:\/\/www.gridmag.com.mx\/index.php\/2022\/08\/15\/museo-fundacion-santiago-carbonell\/#article\",\"isPartOf\":{\"@id\":\"https:\/\/www.gridmag.com.mx\/index.php\/2022\/08\/15\/museo-fundacion-santiago-carbonell\/\"},\"author\":{\"name\":\"Micael Parada\",\"@id\":\"https:\/\/www.gridmag.com.mx\/#\/schema\/person\/284ee4151758427c3dc37dbbba5ff517\"},\"headline\":\"Museo Fundaci\u00f3n | Santiago Carbonell\",\"datePublished\":\"2022-08-15T19:50:47+00:00\",\"dateModified\":\"2023-11-22T21:42:09+00:00\",\"mainEntityOfPage\":{\"@id\":\"https:\/\/www.gridmag.com.mx\/index.php\/2022\/08\/15\/museo-fundacion-santiago-carbonell\/\"},\"wordCount\":440,\"commentCount\":0,\"publisher\":{\"@id\":\"https:\/\/www.gridmag.com.mx\/#organization\"},\"image\":{\"@id\":\"https:\/\/www.gridmag.com.mx\/index.php\/2022\/08\/15\/museo-fundacion-santiago-carbonell\/#primaryimage\"},\"thumbnailUrl\":\"https:\/\/www.gridmag.com.mx\/wp-content\/uploads\/2022\/08\/Museo-Santiago-Carbonell-Arq-Miguel-Concha-Foto-Ariadna-Polo-01.jpg\",\"articleSection\":[\"Arquitectura\"],\"inLanguage\":\"es\",\"potentialAction\":[{\"@type\":\"CommentAction\",\"name\":\"Comment\",\"target\":[\"https:\/\/www.gridmag.com.mx\/index.php\/2022\/08\/15\/museo-fundacion-santiago-carbonell\/#respond\"]}]},{\"@type\":\"WebPage\",\"@id\":\"https:\/\/www.gridmag.com.mx\/index.php\/2022\/08\/15\/museo-fundacion-santiago-carbonell\/\",\"url\":\"https:\/\/www.gridmag.com.mx\/index.php\/2022\/08\/15\/museo-fundacion-santiago-carbonell\/\",\"name\":\"Museo Fundaci\u00f3n | Santiago Carbonell\",\"isPartOf\":{\"@id\":\"https:\/\/www.gridmag.com.mx\/#website\"},\"primaryImageOfPage\":{\"@id\":\"https:\/\/www.gridmag.com.mx\/index.php\/2022\/08\/15\/museo-fundacion-santiago-carbonell\/#primaryimage\"},\"image\":{\"@id\":\"https:\/\/www.gridmag.com.mx\/index.php\/2022\/08\/15\/museo-fundacion-santiago-carbonell\/#primaryimage\"},\"thumbnailUrl\":\"https:\/\/www.gridmag.com.mx\/wp-content\/uploads\/2022\/08\/Museo-Santiago-Carbonell-Arq-Miguel-Concha-Foto-Ariadna-Polo-01.jpg\",\"datePublished\":\"2022-08-15T19:50:47+00:00\",\"dateModified\":\"2023-11-22T21:42:09+00:00\",\"description\":\"Explora el Museo Fundaci\u00f3n Santiago Carbonell en Qro, donde el hiperrealismo cobra vida fusionando arte, arquitectura y experiencia \u00fanica.\",\"breadcrumb\":{\"@id\":\"https:\/\/www.gridmag.com.mx\/index.php\/2022\/08\/15\/museo-fundacion-santiago-carbonell\/#breadcrumb\"},\"inLanguage\":\"es\",\"potentialAction\":[{\"@type\":\"ReadAction\",\"target\":[\"https:\/\/www.gridmag.com.mx\/index.php\/2022\/08\/15\/museo-fundacion-santiago-carbonell\/\"]}]},{\"@type\":\"ImageObject\",\"inLanguage\":\"es\",\"@id\":\"https:\/\/www.gridmag.com.mx\/index.php\/2022\/08\/15\/museo-fundacion-santiago-carbonell\/#primaryimage\",\"url\":\"https:\/\/www.gridmag.com.mx\/wp-content\/uploads\/2022\/08\/Museo-Santiago-Carbonell-Arq-Miguel-Concha-Foto-Ariadna-Polo-01.jpg\",\"contentUrl\":\"https:\/\/www.gridmag.com.mx\/wp-content\/uploads\/2022\/08\/Museo-Santiago-Carbonell-Arq-Miguel-Concha-Foto-Ariadna-Polo-01.jpg\",\"width\":1134,\"height\":709,\"caption\":\"Museo Fundaci\u00f3n Santiago Carbonell\"},{\"@type\":\"BreadcrumbList\",\"@id\":\"https:\/\/www.gridmag.com.mx\/index.php\/2022\/08\/15\/museo-fundacion-santiago-carbonell\/#breadcrumb\",\"itemListElement\":[{\"@type\":\"ListItem\",\"position\":1,\"name\":\"Inicio\",\"item\":\"https:\/\/www.gridmag.com.mx\/\"},{\"@type\":\"ListItem\",\"position\":2,\"name\":\"Museo Fundaci\u00f3n | Santiago Carbonell\"}]},{\"@type\":\"WebSite\",\"@id\":\"https:\/\/www.gridmag.com.mx\/#website\",\"url\":\"https:\/\/www.gridmag.com.mx\/\",\"name\":\"Grid Magazine\",\"description\":\"Compartiendo lo mejor de la arquitectura y dise\u00f1o mexicano.\",\"publisher\":{\"@id\":\"https:\/\/www.gridmag.com.mx\/#organization\"},\"potentialAction\":[{\"@type\":\"SearchAction\",\"target\":{\"@type\":\"EntryPoint\",\"urlTemplate\":\"https:\/\/www.gridmag.com.mx\/?s={search_term_string}\"},\"query-input\":{\"@type\":\"PropertyValueSpecification\",\"valueRequired\":true,\"valueName\":\"search_term_string\"}}],\"inLanguage\":\"es\"},{\"@type\":\"Organization\",\"@id\":\"https:\/\/www.gridmag.com.mx\/#organization\",\"name\":\"Grid Magazine\",\"url\":\"https:\/\/www.gridmag.com.mx\/\",\"logo\":{\"@type\":\"ImageObject\",\"inLanguage\":\"es\",\"@id\":\"https:\/\/www.gridmag.com.mx\/#\/schema\/logo\/image\/\",\"url\":\"\",\"contentUrl\":\"\",\"caption\":\"Grid Magazine\"},\"image\":{\"@id\":\"https:\/\/www.gridmag.com.mx\/#\/schema\/logo\/image\/\"},\"sameAs\":[\"https:\/\/www.facebook.com\/gridmagazine.mx\",\"https:\/\/www.instagram.com\/gridmagazine_mx\/\",\"https:\/\/www.tiktok.com\/@gridmagazine.mx?_t=8gl2kVR2Aq6&_r=1\",\"https:\/\/www.linkedin.com\/company\/grid-magazine-mx\/\"]},{\"@type\":\"Person\",\"@id\":\"https:\/\/www.gridmag.com.mx\/#\/schema\/person\/284ee4151758427c3dc37dbbba5ff517\",\"name\":\"Micael Parada\",\"image\":{\"@type\":\"ImageObject\",\"inLanguage\":\"es\",\"@id\":\"https:\/\/www.gridmag.com.mx\/#\/schema\/person\/image\/\",\"url\":\"https:\/\/secure.gravatar.com\/avatar\/4ee28d020b8df9043271f9d007db149474e34d99c6af741f30ae82499fa11faa?s=96&d=mm&r=g\",\"contentUrl\":\"https:\/\/secure.gravatar.com\/avatar\/4ee28d020b8df9043271f9d007db149474e34d99c6af741f30ae82499fa11faa?s=96&d=mm&r=g\",\"caption\":\"Micael Parada\"},\"sameAs\":[\"https:\/\/www.instagram.com\/micaelparada\/?hl=es-la\"],\"url\":\"https:\/\/www.gridmag.com.mx\/index.php\/author\/micael-parada\/\"}]}<\/script>\n<!-- \/ Yoast SEO plugin. -->","yoast_head_json":{"title":"Museo Fundaci\u00f3n | Santiago Carbonell","description":"Explora el Museo Fundaci\u00f3n Santiago Carbonell en Qro, donde el hiperrealismo cobra vida fusionando arte, arquitectura y experiencia \u00fanica.","robots":{"index":"index","follow":"follow","max-snippet":"max-snippet:-1","max-image-preview":"max-image-preview:large","max-video-preview":"max-video-preview:-1"},"canonical":"https:\/\/www.gridmag.com.mx\/index.php\/2022\/08\/15\/museo-fundacion-santiago-carbonell\/","og_locale":"es_MX","og_type":"article","og_title":"Museo Fundaci\u00f3n | Santiago Carbonell","og_description":"Explora el Museo Fundaci\u00f3n Santiago Carbonell en Qro, donde el hiperrealismo cobra vida fusionando arte, arquitectura y experiencia \u00fanica.","og_url":"https:\/\/www.gridmag.com.mx\/index.php\/2022\/08\/15\/museo-fundacion-santiago-carbonell\/","og_site_name":"Grid Magazine","article_publisher":"https:\/\/www.facebook.com\/gridmagazine.mx","article_published_time":"2022-08-15T19:50:47+00:00","article_modified_time":"2023-11-22T21:42:09+00:00","og_image":[{"width":1134,"height":709,"url":"https:\/\/www.gridmag.com.mx\/wp-content\/uploads\/2022\/08\/Museo-Santiago-Carbonell-Arq-Miguel-Concha-Foto-Ariadna-Polo-01.jpg","type":"image\/jpeg"}],"author":"Micael Parada","twitter_card":"summary_large_image","twitter_misc":{"Escrito por":"Micael Parada","Tiempo de lectura":"5 minutos"},"schema":{"@context":"https:\/\/schema.org","@graph":[{"@type":"Article","@id":"https:\/\/www.gridmag.com.mx\/index.php\/2022\/08\/15\/museo-fundacion-santiago-carbonell\/#article","isPartOf":{"@id":"https:\/\/www.gridmag.com.mx\/index.php\/2022\/08\/15\/museo-fundacion-santiago-carbonell\/"},"author":{"name":"Micael Parada","@id":"https:\/\/www.gridmag.com.mx\/#\/schema\/person\/284ee4151758427c3dc37dbbba5ff517"},"headline":"Museo Fundaci\u00f3n | Santiago Carbonell","datePublished":"2022-08-15T19:50:47+00:00","dateModified":"2023-11-22T21:42:09+00:00","mainEntityOfPage":{"@id":"https:\/\/www.gridmag.com.mx\/index.php\/2022\/08\/15\/museo-fundacion-santiago-carbonell\/"},"wordCount":440,"commentCount":0,"publisher":{"@id":"https:\/\/www.gridmag.com.mx\/#organization"},"image":{"@id":"https:\/\/www.gridmag.com.mx\/index.php\/2022\/08\/15\/museo-fundacion-santiago-carbonell\/#primaryimage"},"thumbnailUrl":"https:\/\/www.gridmag.com.mx\/wp-content\/uploads\/2022\/08\/Museo-Santiago-Carbonell-Arq-Miguel-Concha-Foto-Ariadna-Polo-01.jpg","articleSection":["Arquitectura"],"inLanguage":"es","potentialAction":[{"@type":"CommentAction","name":"Comment","target":["https:\/\/www.gridmag.com.mx\/index.php\/2022\/08\/15\/museo-fundacion-santiago-carbonell\/#respond"]}]},{"@type":"WebPage","@id":"https:\/\/www.gridmag.com.mx\/index.php\/2022\/08\/15\/museo-fundacion-santiago-carbonell\/","url":"https:\/\/www.gridmag.com.mx\/index.php\/2022\/08\/15\/museo-fundacion-santiago-carbonell\/","name":"Museo Fundaci\u00f3n | Santiago Carbonell","isPartOf":{"@id":"https:\/\/www.gridmag.com.mx\/#website"},"primaryImageOfPage":{"@id":"https:\/\/www.gridmag.com.mx\/index.php\/2022\/08\/15\/museo-fundacion-santiago-carbonell\/#primaryimage"},"image":{"@id":"https:\/\/www.gridmag.com.mx\/index.php\/2022\/08\/15\/museo-fundacion-santiago-carbonell\/#primaryimage"},"thumbnailUrl":"https:\/\/www.gridmag.com.mx\/wp-content\/uploads\/2022\/08\/Museo-Santiago-Carbonell-Arq-Miguel-Concha-Foto-Ariadna-Polo-01.jpg","datePublished":"2022-08-15T19:50:47+00:00","dateModified":"2023-11-22T21:42:09+00:00","description":"Explora el Museo Fundaci\u00f3n Santiago Carbonell en Qro, donde el hiperrealismo cobra vida fusionando arte, arquitectura y experiencia \u00fanica.","breadcrumb":{"@id":"https:\/\/www.gridmag.com.mx\/index.php\/2022\/08\/15\/museo-fundacion-santiago-carbonell\/#breadcrumb"},"inLanguage":"es","potentialAction":[{"@type":"ReadAction","target":["https:\/\/www.gridmag.com.mx\/index.php\/2022\/08\/15\/museo-fundacion-santiago-carbonell\/"]}]},{"@type":"ImageObject","inLanguage":"es","@id":"https:\/\/www.gridmag.com.mx\/index.php\/2022\/08\/15\/museo-fundacion-santiago-carbonell\/#primaryimage","url":"https:\/\/www.gridmag.com.mx\/wp-content\/uploads\/2022\/08\/Museo-Santiago-Carbonell-Arq-Miguel-Concha-Foto-Ariadna-Polo-01.jpg","contentUrl":"https:\/\/www.gridmag.com.mx\/wp-content\/uploads\/2022\/08\/Museo-Santiago-Carbonell-Arq-Miguel-Concha-Foto-Ariadna-Polo-01.jpg","width":1134,"height":709,"caption":"Museo Fundaci\u00f3n Santiago Carbonell"},{"@type":"BreadcrumbList","@id":"https:\/\/www.gridmag.com.mx\/index.php\/2022\/08\/15\/museo-fundacion-santiago-carbonell\/#breadcrumb","itemListElement":[{"@type":"ListItem","position":1,"name":"Inicio","item":"https:\/\/www.gridmag.com.mx\/"},{"@type":"ListItem","position":2,"name":"Museo Fundaci\u00f3n | Santiago Carbonell"}]},{"@type":"WebSite","@id":"https:\/\/www.gridmag.com.mx\/#website","url":"https:\/\/www.gridmag.com.mx\/","name":"Grid Magazine","description":"Compartiendo lo mejor de la arquitectura y dise\u00f1o mexicano.","publisher":{"@id":"https:\/\/www.gridmag.com.mx\/#organization"},"potentialAction":[{"@type":"SearchAction","target":{"@type":"EntryPoint","urlTemplate":"https:\/\/www.gridmag.com.mx\/?s={search_term_string}"},"query-input":{"@type":"PropertyValueSpecification","valueRequired":true,"valueName":"search_term_string"}}],"inLanguage":"es"},{"@type":"Organization","@id":"https:\/\/www.gridmag.com.mx\/#organization","name":"Grid Magazine","url":"https:\/\/www.gridmag.com.mx\/","logo":{"@type":"ImageObject","inLanguage":"es","@id":"https:\/\/www.gridmag.com.mx\/#\/schema\/logo\/image\/","url":"","contentUrl":"","caption":"Grid Magazine"},"image":{"@id":"https:\/\/www.gridmag.com.mx\/#\/schema\/logo\/image\/"},"sameAs":["https:\/\/www.facebook.com\/gridmagazine.mx","https:\/\/www.instagram.com\/gridmagazine_mx\/","https:\/\/www.tiktok.com\/@gridmagazine.mx?_t=8gl2kVR2Aq6&_r=1","https:\/\/www.linkedin.com\/company\/grid-magazine-mx\/"]},{"@type":"Person","@id":"https:\/\/www.gridmag.com.mx\/#\/schema\/person\/284ee4151758427c3dc37dbbba5ff517","name":"Micael Parada","image":{"@type":"ImageObject","inLanguage":"es","@id":"https:\/\/www.gridmag.com.mx\/#\/schema\/person\/image\/","url":"https:\/\/secure.gravatar.com\/avatar\/4ee28d020b8df9043271f9d007db149474e34d99c6af741f30ae82499fa11faa?s=96&d=mm&r=g","contentUrl":"https:\/\/secure.gravatar.com\/avatar\/4ee28d020b8df9043271f9d007db149474e34d99c6af741f30ae82499fa11faa?s=96&d=mm&r=g","caption":"Micael Parada"},"sameAs":["https:\/\/www.instagram.com\/micaelparada\/?hl=es-la"],"url":"https:\/\/www.gridmag.com.mx\/index.php\/author\/micael-parada\/"}]}},"_links":{"self":[{"href":"https:\/\/www.gridmag.com.mx\/index.php\/wp-json\/wp\/v2\/posts\/1669","targetHints":{"allow":["GET"]}}],"collection":[{"href":"https:\/\/www.gridmag.com.mx\/index.php\/wp-json\/wp\/v2\/posts"}],"about":[{"href":"https:\/\/www.gridmag.com.mx\/index.php\/wp-json\/wp\/v2\/types\/post"}],"author":[{"embeddable":true,"href":"https:\/\/www.gridmag.com.mx\/index.php\/wp-json\/wp\/v2\/users\/6"}],"replies":[{"embeddable":true,"href":"https:\/\/www.gridmag.com.mx\/index.php\/wp-json\/wp\/v2\/comments?post=1669"}],"version-history":[{"count":5,"href":"https:\/\/www.gridmag.com.mx\/index.php\/wp-json\/wp\/v2\/posts\/1669\/revisions"}],"predecessor-version":[{"id":5354,"href":"https:\/\/www.gridmag.com.mx\/index.php\/wp-json\/wp\/v2\/posts\/1669\/revisions\/5354"}],"wp:featuredmedia":[{"embeddable":true,"href":"https:\/\/www.gridmag.com.mx\/index.php\/wp-json\/wp\/v2\/media\/1673"}],"wp:attachment":[{"href":"https:\/\/www.gridmag.com.mx\/index.php\/wp-json\/wp\/v2\/media?parent=1669"}],"wp:term":[{"taxonomy":"category","embeddable":true,"href":"https:\/\/www.gridmag.com.mx\/index.php\/wp-json\/wp\/v2\/categories?post=1669"},{"taxonomy":"post_tag","embeddable":true,"href":"https:\/\/www.gridmag.com.mx\/index.php\/wp-json\/wp\/v2\/tags?post=1669"}],"curies":[{"name":"wp","href":"https:\/\/api.w.org\/{rel}","templated":true}]}}