{"id":1804,"date":"2022-09-12T13:57:33","date_gmt":"2022-09-12T13:57:33","guid":{"rendered":"https:\/\/www.gridmag.com.mx\/?p=1804"},"modified":"2024-02-26T16:37:56","modified_gmt":"2024-02-26T22:37:56","slug":"carlos-trujillo-arquitectura-con-enfoque-urbano-y-social","status":"publish","type":"post","link":"https:\/\/www.gridmag.com.mx\/index.php\/2022\/09\/12\/carlos-trujillo-arquitectura-con-enfoque-urbano-y-social\/","title":{"rendered":"Carlos Trujillo | Arquitectura con enfoque urbano y social"},"content":{"rendered":"\n\n\n<p>Especializado en <strong>dise\u00f1o urbano<\/strong> por <a href=\"https:\/\/www3.centro.edu.mx\/\">Centro de Dise\u00f1o y Comunicaci\u00f3n <\/a>(Centro), en la CDMX, Carlos Trujillo se caracteriza por estudiar y reinterpretar las ciudades, haciendo de sus barrios lugares m\u00e1s habitables.<\/p>\n\n\n\n<figure class=\"wp-block-image size-large\"><img decoding=\"async\" width=\"1024\" height=\"766\" src=\"https:\/\/www.gridmag.com.mx\/wp-content\/uploads\/2022\/09\/03-1024x766.jpg\" alt=\"\" class=\"wp-image-1811\" srcset=\"https:\/\/www.gridmag.com.mx\/wp-content\/uploads\/2022\/09\/03-1024x766.jpg 1024w, https:\/\/www.gridmag.com.mx\/wp-content\/uploads\/2022\/09\/03-300x224.jpg 300w, https:\/\/www.gridmag.com.mx\/wp-content\/uploads\/2022\/09\/03-768x574.jpg 768w, https:\/\/www.gridmag.com.mx\/wp-content\/uploads\/2022\/09\/03-770x576.jpg 770w, https:\/\/www.gridmag.com.mx\/wp-content\/uploads\/2022\/09\/03.jpg 1082w\" sizes=\"(max-width: 1024px) 100vw, 1024px\" \/><\/figure>\n\n\n\n<h2 class=\"wp-block-heading\"><strong>Reimaginando la ciudad: Carlos Trujillo y su visi\u00f3n transformadora en Aguascalientes<\/strong><\/h2>\n\n\n\n<p class=\"has-text-align-left\">En 2019 obtuvo el primer lugar en un concurso del estado de <a href=\"https:\/\/www.gridmag.com.mx\/index.php\/2022\/08\/29\/que-le-paso-a-la-ciudad-la-evolucion-de-aguascalientes\/\">Aguascalientes<\/a> desarrollando propuestas para temas como la <strong>gentrificaci\u00f3n<\/strong>, la falta de espacios p\u00fablicos deportivos, educativos y culturales o la escasez de andadores peatonales, entre otros. El trabajo se centr\u00f3 en algunas de las colonias de la zona oriente de la ciudad. Su finalidad fue promover talleres y proyectos de autogesti\u00f3n y <strong>autoconstrucci\u00f3n<\/strong> con las comunidades.<\/p>\n\n\n\n<figure class=\"wp-block-image size-full\"><img decoding=\"async\" width=\"623\" height=\"593\" src=\"https:\/\/www.gridmag.com.mx\/wp-content\/uploads\/2022\/09\/Proyecto_Urbano_Escala_Pequen\u0303a_02.jpg\" alt=\"\" class=\"wp-image-1819\" srcset=\"https:\/\/www.gridmag.com.mx\/wp-content\/uploads\/2022\/09\/Proyecto_Urbano_Escala_Pequen\u0303a_02.jpg 623w, https:\/\/www.gridmag.com.mx\/wp-content\/uploads\/2022\/09\/Proyecto_Urbano_Escala_Pequen\u0303a_02-300x286.jpg 300w\" sizes=\"(max-width: 623px) 100vw, 623px\" \/><figcaption class=\"wp-element-caption\">Proyecto Urbano Escala Pequen\u0303a<\/figcaption><\/figure>\n\n\n\n<p>Pero su trabajo no se suscribe \u00fanicamente a <a href=\"https:\/\/www.gridmag.com.mx\/index.php\/2022\/07\/18\/aguascalientes-sera-sede-de-creatividad-para-el-cambio\/\">Aguascalientes<\/a>. En 2021 desaroll\u00f3 un an\u00e1lisis urbano\/social de la Territorial 9 de la alcald\u00eda Gustavo A. Madero en la CDMX, una zona de alta marginaci\u00f3n, y propuso readaptar los r\u00edos de esta zona \u2013ya fuera por su pendiente o cercan\u00eda con la sierra de Guadalupe\u2013, la creaci\u00f3n de espacios p\u00fablicos y culturales as\u00ed como de nuevas v\u00edas de circulaci\u00f3n libres de veh\u00edculos, la reinterpretaci\u00f3n de los espacios p\u00fablicos existentes y\u00a0 la captaci\u00f3n de aguas pluviales para el uso p\u00fablico.\u00a0<\/p>\n\n\n\n<figure class=\"wp-block-image size-full\"><img decoding=\"async\" width=\"718\" height=\"722\" src=\"https:\/\/www.gridmag.com.mx\/wp-content\/uploads\/2022\/09\/02.jpg\" alt=\"\" class=\"wp-image-1810\" srcset=\"https:\/\/www.gridmag.com.mx\/wp-content\/uploads\/2022\/09\/02.jpg 718w, https:\/\/www.gridmag.com.mx\/wp-content\/uploads\/2022\/09\/02-298x300.jpg 298w, https:\/\/www.gridmag.com.mx\/wp-content\/uploads\/2022\/09\/02-150x150.jpg 150w, https:\/\/www.gridmag.com.mx\/wp-content\/uploads\/2022\/09\/02-120x120.jpg 120w, https:\/\/www.gridmag.com.mx\/wp-content\/uploads\/2022\/09\/02-240x240.jpg 240w, https:\/\/www.gridmag.com.mx\/wp-content\/uploads\/2022\/09\/02-125x125.jpg 125w\" sizes=\"(max-width: 718px) 100vw, 718px\" \/><\/figure>\n\n\n\n<p>Adem\u00e1s de an\u00e1lisis urbanos y sociales, Carlos ha llevado a cabo proyectos urbanos a peque\u00f1a escala dentro del bosque de Chapultepec. Como la exposici\u00f3n de Levon Biss para la Puerta de los leones o un concurso realizado por Centro para la antigua estaci\u00f3n del tren de Chapultepec.<\/p>\n\n\n\n<figure class=\"wp-block-image size-full\"><img decoding=\"async\" width=\"757\" height=\"766\" src=\"https:\/\/www.gridmag.com.mx\/wp-content\/uploads\/2022\/09\/01.jpg\" alt=\"\" class=\"wp-image-1809\" srcset=\"https:\/\/www.gridmag.com.mx\/wp-content\/uploads\/2022\/09\/01.jpg 757w, https:\/\/www.gridmag.com.mx\/wp-content\/uploads\/2022\/09\/01-296x300.jpg 296w, https:\/\/www.gridmag.com.mx\/wp-content\/uploads\/2022\/09\/01-120x120.jpg 120w, https:\/\/www.gridmag.com.mx\/wp-content\/uploads\/2022\/09\/01-125x125.jpg 125w\" sizes=\"(max-width: 757px) 100vw, 757px\" \/><\/figure>\n\n\n\n<h2 class=\"wp-block-heading\"><strong>TAM_AL y la transformaci\u00f3n de colonias en Aguascalientes<\/strong><\/h2>\n\n\n\n<p>Dentro de su despacho <a href=\"http:\/\/@tamal.mx_arquitectura\">TAM_AL <\/a>(Taller de Arquitectura Mexicana Alternativa), que lleva de la mano de su socio, abordan algunas problem\u00e1ticas de la capital <a href=\"https:\/\/www.gridmag.com.mx\/index.php\/2023\/08\/14\/katherine-ruiz-i-cineasta-hidrocalida-en-cannes\/\">hidroc\u00e1lida<\/a> como los altos \u00edndices de abandono de casas de Infonavit y el poco inter\u00e9s en el tema por parte de las constructoras y autoridades por la falta de planeaci\u00f3n. TAM_AL detecta zonas de <a href=\"https:\/\/www.gridmag.com.mx\/index.php\/2023\/11\/21\/que-es-wellness-en-vivienda\/\">vivienda<\/a> de nivel medio-bajo y bajo, y de la mano de sus propietarios est\u00e1n renov\u00e1ndolas con el fin de <strong>rehabitabilitar<\/strong> poco a poco estas colonias.\u00a0<\/p>\n\n\n\n<figure class=\"wp-block-image size-large\"><img decoding=\"async\" width=\"1024\" height=\"812\" src=\"https:\/\/www.gridmag.com.mx\/wp-content\/uploads\/2022\/09\/IMG_1456-1-1024x812.jpg\" alt=\"Carlos Trujillo | Arquitectura con Enfoque Urbano y Social\" class=\"wp-image-1821\" srcset=\"https:\/\/www.gridmag.com.mx\/wp-content\/uploads\/2022\/09\/IMG_1456-1-1024x812.jpg 1024w, https:\/\/www.gridmag.com.mx\/wp-content\/uploads\/2022\/09\/IMG_1456-1-300x238.jpg 300w, https:\/\/www.gridmag.com.mx\/wp-content\/uploads\/2022\/09\/IMG_1456-1-768x609.jpg 768w, https:\/\/www.gridmag.com.mx\/wp-content\/uploads\/2022\/09\/IMG_1456-1-770x610.jpg 770w, https:\/\/www.gridmag.com.mx\/wp-content\/uploads\/2022\/09\/IMG_1456-1-379x300.jpg 379w, https:\/\/www.gridmag.com.mx\/wp-content\/uploads\/2022\/09\/IMG_1456-1.jpg 1057w\" sizes=\"(max-width: 1024px) 100vw, 1024px\" \/><\/figure>\n\n\n\n<p>Actualmente, TAM_AL trabaja en dos proyectos: el primero es el desarrollo de un residencial para un cliente privado y el segundo, un proyecto ut\u00f3pico que surgi\u00f3 a partir del realizado en la Gustavo A. Madero, proponiendo un sistema de recuperaci\u00f3n y reintegraci\u00f3n urbana de r\u00edos y humedales que permita la captaci\u00f3n de las <strong>aguas pluviales<\/strong> en todas las zonas de <a href=\"https:\/\/www.gridmag.com.mx\/index.php\/2023\/10\/05\/casa-nogal-i-integrando-vivienda-y-trabajo-en-un-entorno-pospandemia\/\">vivienda<\/a> que rodean a la sierra de Guadalupe. Promoviendo sistemas h\u00eddricos descentralizados e independientes, zonas de cultivo, as\u00ed como otros elementos que promuevan la auto <a href=\"https:\/\/www.gridmag.com.mx\/index.php\/2022\/10\/30\/programa-viva-arquitectura-sustentable-para-todes\/\">sustentabilidad<\/a> y el cuidado de los recursos naturales.<\/p>\n\n\n\n<figure class=\"wp-block-image size-large\"><img decoding=\"async\" width=\"756\" height=\"1024\" src=\"https:\/\/www.gridmag.com.mx\/wp-content\/uploads\/2022\/09\/Proyecto_Urbano_Utopico_01-756x1024.jpg\" alt=\"Carlos Trujillo | Arquitectura con Enfoque Urbano y Social\" class=\"wp-image-1815\" srcset=\"https:\/\/www.gridmag.com.mx\/wp-content\/uploads\/2022\/09\/Proyecto_Urbano_Utopico_01-756x1024.jpg 756w, https:\/\/www.gridmag.com.mx\/wp-content\/uploads\/2022\/09\/Proyecto_Urbano_Utopico_01-221x300.jpg 221w, https:\/\/www.gridmag.com.mx\/wp-content\/uploads\/2022\/09\/Proyecto_Urbano_Utopico_01-768x1040.jpg 768w, https:\/\/www.gridmag.com.mx\/wp-content\/uploads\/2022\/09\/Proyecto_Urbano_Utopico_01-1134x1536.jpg 1134w, https:\/\/www.gridmag.com.mx\/wp-content\/uploads\/2022\/09\/Proyecto_Urbano_Utopico_01-770x1043.jpg 770w, https:\/\/www.gridmag.com.mx\/wp-content\/uploads\/2022\/09\/Proyecto_Urbano_Utopico_01.jpg 1170w\" sizes=\"(max-width: 756px) 100vw, 756px\" \/><\/figure>\n\n\n\n<figure class=\"wp-block-image size-large\"><img decoding=\"async\" width=\"1024\" height=\"686\" src=\"https:\/\/www.gridmag.com.mx\/wp-content\/uploads\/2022\/09\/Proyecto_Urbano_Utopico-1024x686.jpg\" alt=\"Carlos Trujillo | Arquitectura con Enfoque Urbano y Social\" class=\"wp-image-1817\" srcset=\"https:\/\/www.gridmag.com.mx\/wp-content\/uploads\/2022\/09\/Proyecto_Urbano_Utopico-1024x686.jpg 1024w, https:\/\/www.gridmag.com.mx\/wp-content\/uploads\/2022\/09\/Proyecto_Urbano_Utopico-300x201.jpg 300w, https:\/\/www.gridmag.com.mx\/wp-content\/uploads\/2022\/09\/Proyecto_Urbano_Utopico-768x515.jpg 768w, https:\/\/www.gridmag.com.mx\/wp-content\/uploads\/2022\/09\/Proyecto_Urbano_Utopico-1536x1029.jpg 1536w, https:\/\/www.gridmag.com.mx\/wp-content\/uploads\/2022\/09\/Proyecto_Urbano_Utopico-360x240.jpg 360w, https:\/\/www.gridmag.com.mx\/wp-content\/uploads\/2022\/09\/Proyecto_Urbano_Utopico-770x516.jpg 770w, https:\/\/www.gridmag.com.mx\/wp-content\/uploads\/2022\/09\/Proyecto_Urbano_Utopico-1400x938.jpg 1400w, https:\/\/www.gridmag.com.mx\/wp-content\/uploads\/2022\/09\/Proyecto_Urbano_Utopico.jpg 1746w\" sizes=\"(max-width: 1024px) 100vw, 1024px\" \/><\/figure>\n","protected":false},"excerpt":{"rendered":"<p>Especializado en dise\u00f1o urbano por Centro de Dise\u00f1o y Comunicaci\u00f3n (Centro), en la CDMX, Carlos Trujillo se caracteriza por estudiar y reinterpretar las ciudades, haciendo de sus barrios lugares m\u00e1s habitables. Reimaginando la ciudad: Carlos Trujillo y su visi\u00f3n transformadora en Aguascalientes En 2019 obtuvo el primer lugar en un concurso del estado de Aguascalientes desarrollando propuestas para temas como la gentrificaci\u00f3n, la falta de espacios p\u00fablicos deportivos, educativos y culturales o la escasez de andadores peatonales, entre otros. El [&hellip;]<\/p>\n","protected":false},"author":4,"featured_media":1808,"comment_status":"open","ping_status":"open","sticky":false,"template":"","format":"standard","meta":{"footnotes":""},"categories":[55],"tags":[],"class_list":["post-1804","post","type-post","status-publish","format-standard","has-post-thumbnail","hentry","category-creativos"],"yoast_head":"<!-- This site is optimized with the Yoast SEO plugin v27.0 - https:\/\/yoast.com\/product\/yoast-seo-wordpress\/ -->\n<title>Carlos Trujillo | Arquitectura con Enfoque Urbano y Social<\/title>\n<meta name=\"description\" content=\"Descubre el enfoque innovador de Carlos Trujillo en el dise\u00f1o urbano, desde propuestas en Aguascalientes hasta proyectos en la CDMX.\" \/>\n<meta name=\"robots\" content=\"index, follow, max-snippet:-1, max-image-preview:large, max-video-preview:-1\" \/>\n<link rel=\"canonical\" href=\"https:\/\/www.gridmag.com.mx\/index.php\/2022\/09\/12\/carlos-trujillo-arquitectura-con-enfoque-urbano-y-social\/\" \/>\n<meta property=\"og:locale\" content=\"es_MX\" \/>\n<meta property=\"og:type\" content=\"article\" \/>\n<meta property=\"og:title\" content=\"Carlos Trujillo | Arquitectura con Enfoque Urbano y Social\" \/>\n<meta property=\"og:description\" content=\"Descubre el enfoque innovador de Carlos Trujillo en el dise\u00f1o urbano, desde propuestas en Aguascalientes hasta proyectos en la CDMX.\" \/>\n<meta property=\"og:url\" content=\"https:\/\/www.gridmag.com.mx\/index.php\/2022\/09\/12\/carlos-trujillo-arquitectura-con-enfoque-urbano-y-social\/\" \/>\n<meta property=\"og:site_name\" content=\"Grid Magazine\" \/>\n<meta property=\"article:publisher\" content=\"https:\/\/www.facebook.com\/gridmagazine.mx\" \/>\n<meta property=\"article:published_time\" content=\"2022-09-12T13:57:33+00:00\" \/>\n<meta property=\"article:modified_time\" content=\"2024-02-26T22:37:56+00:00\" \/>\n<meta property=\"og:image\" content=\"https:\/\/www.gridmag.com.mx\/wp-content\/uploads\/2022\/09\/IMG_5395-2.jpg\" \/>\n\t<meta property=\"og:image:width\" content=\"567\" \/>\n\t<meta property=\"og:image:height\" content=\"308\" \/>\n\t<meta property=\"og:image:type\" content=\"image\/jpeg\" \/>\n<meta name=\"author\" content=\"Lourdes Nieva\" \/>\n<meta name=\"twitter:card\" content=\"summary_large_image\" \/>\n<meta name=\"twitter:label1\" content=\"Escrito por\" \/>\n\t<meta name=\"twitter:data1\" content=\"Lourdes Nieva\" \/>\n\t<meta name=\"twitter:label2\" content=\"Tiempo de lectura\" \/>\n\t<meta name=\"twitter:data2\" content=\"4 minutos\" \/>\n<script type=\"application\/ld+json\" class=\"yoast-schema-graph\">{\"@context\":\"https:\/\/schema.org\",\"@graph\":[{\"@type\":\"Article\",\"@id\":\"https:\/\/www.gridmag.com.mx\/index.php\/2022\/09\/12\/carlos-trujillo-arquitectura-con-enfoque-urbano-y-social\/#article\",\"isPartOf\":{\"@id\":\"https:\/\/www.gridmag.com.mx\/index.php\/2022\/09\/12\/carlos-trujillo-arquitectura-con-enfoque-urbano-y-social\/\"},\"author\":{\"name\":\"Lourdes Nieva\",\"@id\":\"https:\/\/www.gridmag.com.mx\/#\/schema\/person\/f0042b1798408ad98e47e95b315e7d36\"},\"headline\":\"Carlos Trujillo | Arquitectura con enfoque urbano y social\",\"datePublished\":\"2022-09-12T13:57:33+00:00\",\"dateModified\":\"2024-02-26T22:37:56+00:00\",\"mainEntityOfPage\":{\"@id\":\"https:\/\/www.gridmag.com.mx\/index.php\/2022\/09\/12\/carlos-trujillo-arquitectura-con-enfoque-urbano-y-social\/\"},\"wordCount\":483,\"commentCount\":0,\"publisher\":{\"@id\":\"https:\/\/www.gridmag.com.mx\/#organization\"},\"image\":{\"@id\":\"https:\/\/www.gridmag.com.mx\/index.php\/2022\/09\/12\/carlos-trujillo-arquitectura-con-enfoque-urbano-y-social\/#primaryimage\"},\"thumbnailUrl\":\"https:\/\/www.gridmag.com.mx\/wp-content\/uploads\/2022\/09\/IMG_5395-2.jpg\",\"articleSection\":[\"Creativos\"],\"inLanguage\":\"es\",\"potentialAction\":[{\"@type\":\"CommentAction\",\"name\":\"Comment\",\"target\":[\"https:\/\/www.gridmag.com.mx\/index.php\/2022\/09\/12\/carlos-trujillo-arquitectura-con-enfoque-urbano-y-social\/#respond\"]}]},{\"@type\":\"WebPage\",\"@id\":\"https:\/\/www.gridmag.com.mx\/index.php\/2022\/09\/12\/carlos-trujillo-arquitectura-con-enfoque-urbano-y-social\/\",\"url\":\"https:\/\/www.gridmag.com.mx\/index.php\/2022\/09\/12\/carlos-trujillo-arquitectura-con-enfoque-urbano-y-social\/\",\"name\":\"Carlos Trujillo | Arquitectura con Enfoque Urbano y Social\",\"isPartOf\":{\"@id\":\"https:\/\/www.gridmag.com.mx\/#website\"},\"primaryImageOfPage\":{\"@id\":\"https:\/\/www.gridmag.com.mx\/index.php\/2022\/09\/12\/carlos-trujillo-arquitectura-con-enfoque-urbano-y-social\/#primaryimage\"},\"image\":{\"@id\":\"https:\/\/www.gridmag.com.mx\/index.php\/2022\/09\/12\/carlos-trujillo-arquitectura-con-enfoque-urbano-y-social\/#primaryimage\"},\"thumbnailUrl\":\"https:\/\/www.gridmag.com.mx\/wp-content\/uploads\/2022\/09\/IMG_5395-2.jpg\",\"datePublished\":\"2022-09-12T13:57:33+00:00\",\"dateModified\":\"2024-02-26T22:37:56+00:00\",\"description\":\"Descubre el enfoque innovador de Carlos Trujillo en el dise\u00f1o urbano, desde propuestas en Aguascalientes hasta proyectos en la CDMX.\",\"breadcrumb\":{\"@id\":\"https:\/\/www.gridmag.com.mx\/index.php\/2022\/09\/12\/carlos-trujillo-arquitectura-con-enfoque-urbano-y-social\/#breadcrumb\"},\"inLanguage\":\"es\",\"potentialAction\":[{\"@type\":\"ReadAction\",\"target\":[\"https:\/\/www.gridmag.com.mx\/index.php\/2022\/09\/12\/carlos-trujillo-arquitectura-con-enfoque-urbano-y-social\/\"]}]},{\"@type\":\"ImageObject\",\"inLanguage\":\"es\",\"@id\":\"https:\/\/www.gridmag.com.mx\/index.php\/2022\/09\/12\/carlos-trujillo-arquitectura-con-enfoque-urbano-y-social\/#primaryimage\",\"url\":\"https:\/\/www.gridmag.com.mx\/wp-content\/uploads\/2022\/09\/IMG_5395-2.jpg\",\"contentUrl\":\"https:\/\/www.gridmag.com.mx\/wp-content\/uploads\/2022\/09\/IMG_5395-2.jpg\",\"width\":567,\"height\":308},{\"@type\":\"BreadcrumbList\",\"@id\":\"https:\/\/www.gridmag.com.mx\/index.php\/2022\/09\/12\/carlos-trujillo-arquitectura-con-enfoque-urbano-y-social\/#breadcrumb\",\"itemListElement\":[{\"@type\":\"ListItem\",\"position\":1,\"name\":\"Inicio\",\"item\":\"https:\/\/www.gridmag.com.mx\/\"},{\"@type\":\"ListItem\",\"position\":2,\"name\":\"Carlos Trujillo | Arquitectura con enfoque urbano y social\"}]},{\"@type\":\"WebSite\",\"@id\":\"https:\/\/www.gridmag.com.mx\/#website\",\"url\":\"https:\/\/www.gridmag.com.mx\/\",\"name\":\"Grid Magazine\",\"description\":\"Compartiendo lo mejor de la arquitectura y dise\u00f1o mexicano.\",\"publisher\":{\"@id\":\"https:\/\/www.gridmag.com.mx\/#organization\"},\"potentialAction\":[{\"@type\":\"SearchAction\",\"target\":{\"@type\":\"EntryPoint\",\"urlTemplate\":\"https:\/\/www.gridmag.com.mx\/?s={search_term_string}\"},\"query-input\":{\"@type\":\"PropertyValueSpecification\",\"valueRequired\":true,\"valueName\":\"search_term_string\"}}],\"inLanguage\":\"es\"},{\"@type\":\"Organization\",\"@id\":\"https:\/\/www.gridmag.com.mx\/#organization\",\"name\":\"Grid Magazine\",\"url\":\"https:\/\/www.gridmag.com.mx\/\",\"logo\":{\"@type\":\"ImageObject\",\"inLanguage\":\"es\",\"@id\":\"https:\/\/www.gridmag.com.mx\/#\/schema\/logo\/image\/\",\"url\":\"\",\"contentUrl\":\"\",\"caption\":\"Grid Magazine\"},\"image\":{\"@id\":\"https:\/\/www.gridmag.com.mx\/#\/schema\/logo\/image\/\"},\"sameAs\":[\"https:\/\/www.facebook.com\/gridmagazine.mx\",\"https:\/\/www.instagram.com\/gridmagazine_mx\/\",\"https:\/\/www.tiktok.com\/@gridmagazine.mx?_t=8gl2kVR2Aq6&_r=1\",\"https:\/\/www.linkedin.com\/company\/grid-magazine-mx\/\"]},{\"@type\":\"Person\",\"@id\":\"https:\/\/www.gridmag.com.mx\/#\/schema\/person\/f0042b1798408ad98e47e95b315e7d36\",\"name\":\"Lourdes Nieva\",\"image\":{\"@type\":\"ImageObject\",\"inLanguage\":\"es\",\"@id\":\"https:\/\/www.gridmag.com.mx\/#\/schema\/person\/image\/\",\"url\":\"https:\/\/secure.gravatar.com\/avatar\/d6bb54adf2cd758b5a6c500da48433e2da6495cb4e67c4538e6eaf9d83af702f?s=96&d=mm&r=g\",\"contentUrl\":\"https:\/\/secure.gravatar.com\/avatar\/d6bb54adf2cd758b5a6c500da48433e2da6495cb4e67c4538e6eaf9d83af702f?s=96&d=mm&r=g\",\"caption\":\"Lourdes Nieva\"},\"sameAs\":[\"https:\/\/www.instagram.com\/lulunivz\/?hl=es-la\",\"https:\/\/www.linkedin.com\/in\/architectlourdesnieva\"],\"url\":\"https:\/\/www.gridmag.com.mx\/index.php\/author\/lourdes-nieva\/\"}]}<\/script>\n<!-- \/ Yoast SEO plugin. -->","yoast_head_json":{"title":"Carlos Trujillo | Arquitectura con Enfoque Urbano y Social","description":"Descubre el enfoque innovador de Carlos Trujillo en el dise\u00f1o urbano, desde propuestas en Aguascalientes hasta proyectos en la CDMX.","robots":{"index":"index","follow":"follow","max-snippet":"max-snippet:-1","max-image-preview":"max-image-preview:large","max-video-preview":"max-video-preview:-1"},"canonical":"https:\/\/www.gridmag.com.mx\/index.php\/2022\/09\/12\/carlos-trujillo-arquitectura-con-enfoque-urbano-y-social\/","og_locale":"es_MX","og_type":"article","og_title":"Carlos Trujillo | Arquitectura con Enfoque Urbano y Social","og_description":"Descubre el enfoque innovador de Carlos Trujillo en el dise\u00f1o urbano, desde propuestas en Aguascalientes hasta proyectos en la CDMX.","og_url":"https:\/\/www.gridmag.com.mx\/index.php\/2022\/09\/12\/carlos-trujillo-arquitectura-con-enfoque-urbano-y-social\/","og_site_name":"Grid Magazine","article_publisher":"https:\/\/www.facebook.com\/gridmagazine.mx","article_published_time":"2022-09-12T13:57:33+00:00","article_modified_time":"2024-02-26T22:37:56+00:00","og_image":[{"width":567,"height":308,"url":"https:\/\/www.gridmag.com.mx\/wp-content\/uploads\/2022\/09\/IMG_5395-2.jpg","type":"image\/jpeg"}],"author":"Lourdes Nieva","twitter_card":"summary_large_image","twitter_misc":{"Escrito por":"Lourdes Nieva","Tiempo de lectura":"4 minutos"},"schema":{"@context":"https:\/\/schema.org","@graph":[{"@type":"Article","@id":"https:\/\/www.gridmag.com.mx\/index.php\/2022\/09\/12\/carlos-trujillo-arquitectura-con-enfoque-urbano-y-social\/#article","isPartOf":{"@id":"https:\/\/www.gridmag.com.mx\/index.php\/2022\/09\/12\/carlos-trujillo-arquitectura-con-enfoque-urbano-y-social\/"},"author":{"name":"Lourdes Nieva","@id":"https:\/\/www.gridmag.com.mx\/#\/schema\/person\/f0042b1798408ad98e47e95b315e7d36"},"headline":"Carlos Trujillo | Arquitectura con enfoque urbano y social","datePublished":"2022-09-12T13:57:33+00:00","dateModified":"2024-02-26T22:37:56+00:00","mainEntityOfPage":{"@id":"https:\/\/www.gridmag.com.mx\/index.php\/2022\/09\/12\/carlos-trujillo-arquitectura-con-enfoque-urbano-y-social\/"},"wordCount":483,"commentCount":0,"publisher":{"@id":"https:\/\/www.gridmag.com.mx\/#organization"},"image":{"@id":"https:\/\/www.gridmag.com.mx\/index.php\/2022\/09\/12\/carlos-trujillo-arquitectura-con-enfoque-urbano-y-social\/#primaryimage"},"thumbnailUrl":"https:\/\/www.gridmag.com.mx\/wp-content\/uploads\/2022\/09\/IMG_5395-2.jpg","articleSection":["Creativos"],"inLanguage":"es","potentialAction":[{"@type":"CommentAction","name":"Comment","target":["https:\/\/www.gridmag.com.mx\/index.php\/2022\/09\/12\/carlos-trujillo-arquitectura-con-enfoque-urbano-y-social\/#respond"]}]},{"@type":"WebPage","@id":"https:\/\/www.gridmag.com.mx\/index.php\/2022\/09\/12\/carlos-trujillo-arquitectura-con-enfoque-urbano-y-social\/","url":"https:\/\/www.gridmag.com.mx\/index.php\/2022\/09\/12\/carlos-trujillo-arquitectura-con-enfoque-urbano-y-social\/","name":"Carlos Trujillo | Arquitectura con Enfoque Urbano y Social","isPartOf":{"@id":"https:\/\/www.gridmag.com.mx\/#website"},"primaryImageOfPage":{"@id":"https:\/\/www.gridmag.com.mx\/index.php\/2022\/09\/12\/carlos-trujillo-arquitectura-con-enfoque-urbano-y-social\/#primaryimage"},"image":{"@id":"https:\/\/www.gridmag.com.mx\/index.php\/2022\/09\/12\/carlos-trujillo-arquitectura-con-enfoque-urbano-y-social\/#primaryimage"},"thumbnailUrl":"https:\/\/www.gridmag.com.mx\/wp-content\/uploads\/2022\/09\/IMG_5395-2.jpg","datePublished":"2022-09-12T13:57:33+00:00","dateModified":"2024-02-26T22:37:56+00:00","description":"Descubre el enfoque innovador de Carlos Trujillo en el dise\u00f1o urbano, desde propuestas en Aguascalientes hasta proyectos en la CDMX.","breadcrumb":{"@id":"https:\/\/www.gridmag.com.mx\/index.php\/2022\/09\/12\/carlos-trujillo-arquitectura-con-enfoque-urbano-y-social\/#breadcrumb"},"inLanguage":"es","potentialAction":[{"@type":"ReadAction","target":["https:\/\/www.gridmag.com.mx\/index.php\/2022\/09\/12\/carlos-trujillo-arquitectura-con-enfoque-urbano-y-social\/"]}]},{"@type":"ImageObject","inLanguage":"es","@id":"https:\/\/www.gridmag.com.mx\/index.php\/2022\/09\/12\/carlos-trujillo-arquitectura-con-enfoque-urbano-y-social\/#primaryimage","url":"https:\/\/www.gridmag.com.mx\/wp-content\/uploads\/2022\/09\/IMG_5395-2.jpg","contentUrl":"https:\/\/www.gridmag.com.mx\/wp-content\/uploads\/2022\/09\/IMG_5395-2.jpg","width":567,"height":308},{"@type":"BreadcrumbList","@id":"https:\/\/www.gridmag.com.mx\/index.php\/2022\/09\/12\/carlos-trujillo-arquitectura-con-enfoque-urbano-y-social\/#breadcrumb","itemListElement":[{"@type":"ListItem","position":1,"name":"Inicio","item":"https:\/\/www.gridmag.com.mx\/"},{"@type":"ListItem","position":2,"name":"Carlos Trujillo | Arquitectura con enfoque urbano y social"}]},{"@type":"WebSite","@id":"https:\/\/www.gridmag.com.mx\/#website","url":"https:\/\/www.gridmag.com.mx\/","name":"Grid Magazine","description":"Compartiendo lo mejor de la arquitectura y dise\u00f1o mexicano.","publisher":{"@id":"https:\/\/www.gridmag.com.mx\/#organization"},"potentialAction":[{"@type":"SearchAction","target":{"@type":"EntryPoint","urlTemplate":"https:\/\/www.gridmag.com.mx\/?s={search_term_string}"},"query-input":{"@type":"PropertyValueSpecification","valueRequired":true,"valueName":"search_term_string"}}],"inLanguage":"es"},{"@type":"Organization","@id":"https:\/\/www.gridmag.com.mx\/#organization","name":"Grid Magazine","url":"https:\/\/www.gridmag.com.mx\/","logo":{"@type":"ImageObject","inLanguage":"es","@id":"https:\/\/www.gridmag.com.mx\/#\/schema\/logo\/image\/","url":"","contentUrl":"","caption":"Grid Magazine"},"image":{"@id":"https:\/\/www.gridmag.com.mx\/#\/schema\/logo\/image\/"},"sameAs":["https:\/\/www.facebook.com\/gridmagazine.mx","https:\/\/www.instagram.com\/gridmagazine_mx\/","https:\/\/www.tiktok.com\/@gridmagazine.mx?_t=8gl2kVR2Aq6&_r=1","https:\/\/www.linkedin.com\/company\/grid-magazine-mx\/"]},{"@type":"Person","@id":"https:\/\/www.gridmag.com.mx\/#\/schema\/person\/f0042b1798408ad98e47e95b315e7d36","name":"Lourdes Nieva","image":{"@type":"ImageObject","inLanguage":"es","@id":"https:\/\/www.gridmag.com.mx\/#\/schema\/person\/image\/","url":"https:\/\/secure.gravatar.com\/avatar\/d6bb54adf2cd758b5a6c500da48433e2da6495cb4e67c4538e6eaf9d83af702f?s=96&d=mm&r=g","contentUrl":"https:\/\/secure.gravatar.com\/avatar\/d6bb54adf2cd758b5a6c500da48433e2da6495cb4e67c4538e6eaf9d83af702f?s=96&d=mm&r=g","caption":"Lourdes Nieva"},"sameAs":["https:\/\/www.instagram.com\/lulunivz\/?hl=es-la","https:\/\/www.linkedin.com\/in\/architectlourdesnieva"],"url":"https:\/\/www.gridmag.com.mx\/index.php\/author\/lourdes-nieva\/"}]}},"_links":{"self":[{"href":"https:\/\/www.gridmag.com.mx\/index.php\/wp-json\/wp\/v2\/posts\/1804","targetHints":{"allow":["GET"]}}],"collection":[{"href":"https:\/\/www.gridmag.com.mx\/index.php\/wp-json\/wp\/v2\/posts"}],"about":[{"href":"https:\/\/www.gridmag.com.mx\/index.php\/wp-json\/wp\/v2\/types\/post"}],"author":[{"embeddable":true,"href":"https:\/\/www.gridmag.com.mx\/index.php\/wp-json\/wp\/v2\/users\/4"}],"replies":[{"embeddable":true,"href":"https:\/\/www.gridmag.com.mx\/index.php\/wp-json\/wp\/v2\/comments?post=1804"}],"version-history":[{"count":5,"href":"https:\/\/www.gridmag.com.mx\/index.php\/wp-json\/wp\/v2\/posts\/1804\/revisions"}],"predecessor-version":[{"id":5409,"href":"https:\/\/www.gridmag.com.mx\/index.php\/wp-json\/wp\/v2\/posts\/1804\/revisions\/5409"}],"wp:featuredmedia":[{"embeddable":true,"href":"https:\/\/www.gridmag.com.mx\/index.php\/wp-json\/wp\/v2\/media\/1808"}],"wp:attachment":[{"href":"https:\/\/www.gridmag.com.mx\/index.php\/wp-json\/wp\/v2\/media?parent=1804"}],"wp:term":[{"taxonomy":"category","embeddable":true,"href":"https:\/\/www.gridmag.com.mx\/index.php\/wp-json\/wp\/v2\/categories?post=1804"},{"taxonomy":"post_tag","embeddable":true,"href":"https:\/\/www.gridmag.com.mx\/index.php\/wp-json\/wp\/v2\/tags?post=1804"}],"curies":[{"name":"wp","href":"https:\/\/api.w.org\/{rel}","templated":true}]}}