{"id":2050,"date":"2022-10-10T17:59:54","date_gmt":"2022-10-10T17:59:54","guid":{"rendered":"https:\/\/www.gridmag.com.mx\/?p=2050"},"modified":"2023-11-29T12:38:06","modified_gmt":"2023-11-29T18:38:06","slug":"moly-color-del-ano-para-el-2023","status":"publish","type":"post","link":"https:\/\/www.gridmag.com.mx\/index.php\/2022\/10\/10\/moly-color-del-ano-para-el-2023\/","title":{"rendered":"Moly | El color del a\u00f1o para el 2023"},"content":{"rendered":"\n\n\n<p>Viol\u00e1ceo, neutro y vers\u00e1til. Cambiante de acuerdo con la fuente de <strong>iluminaci\u00f3n<\/strong>, expresivo, flexible y fluido. Transmite alegr\u00eda y nuevos ciclos al ser el\u00e1stico, moldeable, ampliable pero sobre todo, personalizable. Estas son las caracter\u00edsticas principales que definen a <a href=\"https:\/\/www.comex.com.mx\/comextrends\/color-del-anio\"><em>Moly A5-10<\/em><\/a>, el <a href=\"https:\/\/www.gridmag.com.mx\/index.php\/2023\/10\/10\/revelacion-del-color-del-ano-2024\/\">color del a\u00f1o<\/a> elegido por el programa de inspiraci\u00f3n\u00a0 <a href=\"https:\/\/www.comex.com.mx\/comextrends\">ColorLife TRENDS <\/a>para el 2023.\u00a0<\/p>\n\n\n\n<figure class=\"wp-block-image size-large\"><img decoding=\"async\" width=\"1024\" height=\"683\" src=\"https:\/\/www.gridmag.com.mx\/wp-content\/uploads\/2022\/10\/MOLY-bano-1024x683.jpg\" alt=\"Ba\u00f1o Moly | El color del a\u00f1o para el 2023\" class=\"wp-image-2052\" srcset=\"https:\/\/www.gridmag.com.mx\/wp-content\/uploads\/2022\/10\/MOLY-bano-1024x683.jpg 1024w, https:\/\/www.gridmag.com.mx\/wp-content\/uploads\/2022\/10\/MOLY-bano-300x200.jpg 300w, https:\/\/www.gridmag.com.mx\/wp-content\/uploads\/2022\/10\/MOLY-bano-768x512.jpg 768w, https:\/\/www.gridmag.com.mx\/wp-content\/uploads\/2022\/10\/MOLY-bano-360x240.jpg 360w, https:\/\/www.gridmag.com.mx\/wp-content\/uploads\/2022\/10\/MOLY-bano-720x480.jpg 720w, https:\/\/www.gridmag.com.mx\/wp-content\/uploads\/2022\/10\/MOLY-bano-770x513.jpg 770w, https:\/\/www.gridmag.com.mx\/wp-content\/uploads\/2022\/10\/MOLY-bano.jpg 1134w\" sizes=\"(max-width: 1024px) 100vw, 1024px\" \/><figcaption class=\"wp-element-caption\">MOLY ba\u00f1o<\/figcaption><\/figure>\n\n\n\n<h2 class=\"wp-block-heading\">\u00bfC\u00f3mo ser\u00e1n los colores 2023?<\/h2>\n\n\n\n<p>Teniendo como eje rector la fluidez frente a un contexto de <a href=\"https:\/\/www.gridmag.com.mx\/index.php\/2022\/06\/24\/una-modernidad-hecha-a-mano-diseno-artesanal-en-mexico\/\">modernidad<\/a> l\u00edquida, en una \u00e9poca en la que los cambios econ\u00f3micos, pol\u00edticos y tecnol\u00f3gicos ocurren cada vez con mayor rapidez, la <strong>paleta de colores<\/strong> propuesta es esperanzadora, impulsa a disfrutar el camino con naturalidad y energ\u00eda renovadora. Las <a href=\"https:\/\/www.gridmag.com.mx\/index.php\/2023\/01\/26\/tendencias-2023-los-nuevos-neutros\/\">tendencias para el 2023<\/a> son los colores <em>Plasma<\/em>, relacionado con el concepto del \u201cyo fluido\u201d, sin\u00f3nimo de cambio y evoluci\u00f3n; <em>Glitch<\/em>, que invita a fluir con lo inesperado; <em>Magma<\/em>, la esencia incandescente, y <em>Cl\u00edmax, <\/em>el placer voluptuoso.<\/p>\n\n\n\n<figure class=\"wp-block-image size-large\"><img decoding=\"async\" width=\"1024\" height=\"684\" src=\"https:\/\/www.gridmag.com.mx\/wp-content\/uploads\/2022\/10\/MAGMA-1024x684.jpg\" alt=\"Moly | El color del a\u00f1o para el 2023\" class=\"wp-image-2051\" srcset=\"https:\/\/www.gridmag.com.mx\/wp-content\/uploads\/2022\/10\/MAGMA-1024x684.jpg 1024w, https:\/\/www.gridmag.com.mx\/wp-content\/uploads\/2022\/10\/MAGMA-300x200.jpg 300w, https:\/\/www.gridmag.com.mx\/wp-content\/uploads\/2022\/10\/MAGMA-768x513.jpg 768w, https:\/\/www.gridmag.com.mx\/wp-content\/uploads\/2022\/10\/MAGMA-360x240.jpg 360w, https:\/\/www.gridmag.com.mx\/wp-content\/uploads\/2022\/10\/MAGMA-720x480.jpg 720w, https:\/\/www.gridmag.com.mx\/wp-content\/uploads\/2022\/10\/MAGMA-770x514.jpg 770w, https:\/\/www.gridmag.com.mx\/wp-content\/uploads\/2022\/10\/MAGMA.jpg 1134w\" sizes=\"(max-width: 1024px) 100vw, 1024px\" \/><figcaption class=\"wp-element-caption\">Magma<\/figcaption><\/figure>\n\n\n\n<h2 class=\"wp-block-heading\">\u00bfC\u00f3mo se elige el color del a\u00f1o?<\/h2>\n\n\n\n<p>La selecci\u00f3n de los <strong>colores <\/strong>es una colaboraci\u00f3n de Comex y 13 l\u00edderes de diferentes industrias creativas asociadas al color, que desde hace 15 a\u00f1os presentan las tendencias de color y el color del a\u00f1o a trav\u00e9s del programa ColorLife TRENDS, cuya finalidad es generar herramientas para incentivar el uso del color.<\/p>\n\n\n\n<figure class=\"wp-block-image size-large\"><img decoding=\"async\" width=\"1024\" height=\"683\" src=\"https:\/\/www.gridmag.com.mx\/wp-content\/uploads\/2022\/10\/GLITCH-1-1024x683.jpg\" alt=\"Glitch | El color del a\u00f1o para el 2023\" class=\"wp-image-2054\" srcset=\"https:\/\/www.gridmag.com.mx\/wp-content\/uploads\/2022\/10\/GLITCH-1-1024x683.jpg 1024w, https:\/\/www.gridmag.com.mx\/wp-content\/uploads\/2022\/10\/GLITCH-1-300x200.jpg 300w, https:\/\/www.gridmag.com.mx\/wp-content\/uploads\/2022\/10\/GLITCH-1-768x512.jpg 768w, https:\/\/www.gridmag.com.mx\/wp-content\/uploads\/2022\/10\/GLITCH-1-360x240.jpg 360w, https:\/\/www.gridmag.com.mx\/wp-content\/uploads\/2022\/10\/GLITCH-1-720x480.jpg 720w, https:\/\/www.gridmag.com.mx\/wp-content\/uploads\/2022\/10\/GLITCH-1-770x513.jpg 770w, https:\/\/www.gridmag.com.mx\/wp-content\/uploads\/2022\/10\/GLITCH-1.jpg 1134w\" sizes=\"(max-width: 1024px) 100vw, 1024px\" \/><figcaption class=\"wp-element-caption\">GLITCH<\/figcaption><\/figure>\n\n\n\n<p>\u201cEl color va mucho m\u00e1s all\u00e1 de un fen\u00f3meno f\u00edsico o una <strong>experiencia sensorial<\/strong>; est\u00e1 influenciado por el contexto cultural, social, pol\u00edtico y econ\u00f3mico. ColorLife TRENDS, surge hace 15 a\u00f1os con una propuesta basada en un an\u00e1lisis real de contexto sin estar influido por un par\u00e1metro de ventas, logrando reflejar a trav\u00e9s del color el entorno que nos rodea. Son <a href=\"https:\/\/www.gridmag.com.mx\/index.php\/2023\/01\/07\/minimalismo-maximalismo-animacion-y-stop-motion-las-tendencias-del-2023-en-el-cine-de-ayer-y-hoy\/\">tendencias<\/a> creadas por mexicanos para mexicanos\u201d, dijo Liz Galv\u00e1n, directora del programa ColorLife TRENDS de Comex.<\/p>\n\n\n\n<figure class=\"wp-block-image size-large\"><img decoding=\"async\" width=\"683\" height=\"1024\" src=\"https:\/\/www.gridmag.com.mx\/wp-content\/uploads\/2022\/10\/PLASMA-1-683x1024.jpg\" alt=\"Plasma | El color del a\u00f1o para el 2023\" class=\"wp-image-2062\" srcset=\"https:\/\/www.gridmag.com.mx\/wp-content\/uploads\/2022\/10\/PLASMA-1-683x1024.jpg 683w, https:\/\/www.gridmag.com.mx\/wp-content\/uploads\/2022\/10\/PLASMA-1-200x300.jpg 200w, https:\/\/www.gridmag.com.mx\/wp-content\/uploads\/2022\/10\/PLASMA-1-768x1152.jpg 768w, https:\/\/www.gridmag.com.mx\/wp-content\/uploads\/2022\/10\/PLASMA-1-770x1155.jpg 770w, https:\/\/www.gridmag.com.mx\/wp-content\/uploads\/2022\/10\/PLASMA-1.jpg 850w\" sizes=\"(max-width: 683px) 100vw, 683px\" \/><figcaption class=\"wp-element-caption\">PLASMA<\/figcaption><\/figure>\n\n\n\n<p>El programa est\u00e1 acompa\u00f1ado de un libro de <strong>tendencias<\/strong> donde se detallan, sugieren y plasman las mejores formas de utilizar las paletas de color y el color del a\u00f1o con\u00a0ejemplos gr\u00e1ficos en espacios intervenidos y referencias de texturas que acompa\u00f1an a los <a href=\"https:\/\/www.gridmag.com.mx\/index.php\/2023\/01\/05\/trends-2023-colores-artesanias-y-curvas\/\">colores<\/a>.<\/p>\n\n\n\n<figure class=\"wp-block-image size-large\"><img decoding=\"async\" width=\"767\" height=\"1024\" src=\"https:\/\/www.gridmag.com.mx\/wp-content\/uploads\/2022\/10\/MOLY-comedor-767x1024.jpg\" alt=\"comedor Moly | El color del a\u00f1o para el 2023\" class=\"wp-image-2057\" srcset=\"https:\/\/www.gridmag.com.mx\/wp-content\/uploads\/2022\/10\/MOLY-comedor-767x1024.jpg 767w, https:\/\/www.gridmag.com.mx\/wp-content\/uploads\/2022\/10\/MOLY-comedor-225x300.jpg 225w, https:\/\/www.gridmag.com.mx\/wp-content\/uploads\/2022\/10\/MOLY-comedor-768x1026.jpg 768w, https:\/\/www.gridmag.com.mx\/wp-content\/uploads\/2022\/10\/MOLY-comedor-770x1028.jpg 770w, https:\/\/www.gridmag.com.mx\/wp-content\/uploads\/2022\/10\/MOLY-comedor.jpg 850w\" sizes=\"(max-width: 767px) 100vw, 767px\" \/><figcaption class=\"wp-element-caption\">MOLY comedor<\/figcaption><\/figure>\n","protected":false},"excerpt":{"rendered":"<p>Viol\u00e1ceo, neutro y vers\u00e1til. Cambiante de acuerdo con la fuente de iluminaci\u00f3n, expresivo, flexible y fluido. Transmite alegr\u00eda y nuevos ciclos al ser el\u00e1stico, moldeable, ampliable pero sobre todo, personalizable. Estas son las caracter\u00edsticas principales que definen a Moly A5-10, el color del a\u00f1o elegido por el programa de inspiraci\u00f3n\u00a0 ColorLife TRENDS para el 2023.\u00a0 \u00bfC\u00f3mo ser\u00e1n los colores 2023? Teniendo como eje rector la fluidez frente a un contexto de modernidad l\u00edquida, en una \u00e9poca en la que los [&hellip;]<\/p>\n","protected":false},"author":15,"featured_media":2065,"comment_status":"open","ping_status":"open","sticky":false,"template":"","format":"standard","meta":{"footnotes":""},"categories":[52,51],"tags":[],"class_list":["post-2050","post","type-post","status-publish","format-standard","has-post-thumbnail","hentry","category-diseno","category-interiorismo"],"yoast_head":"<!-- This site is optimized with the Yoast SEO plugin v27.0 - https:\/\/yoast.com\/product\/yoast-seo-wordpress\/ -->\n<title>Moly | El color del a\u00f1o para el 2023<\/title>\n<meta name=\"description\" content=\"Descubre Moly, viol\u00e1ceo, neutro y vers\u00e1til, el color del a\u00f1o elegido por el programa de inspiraci\u00f3n\u00a0 ColorLife TRENDS para el 2023.\u00a0\" \/>\n<meta name=\"robots\" content=\"index, follow, max-snippet:-1, max-image-preview:large, max-video-preview:-1\" \/>\n<link rel=\"canonical\" href=\"https:\/\/www.gridmag.com.mx\/index.php\/2022\/10\/10\/moly-color-del-ano-para-el-2023\/\" \/>\n<meta property=\"og:locale\" content=\"es_MX\" \/>\n<meta property=\"og:type\" content=\"article\" \/>\n<meta property=\"og:title\" content=\"Moly | El color del a\u00f1o para el 2023\" \/>\n<meta property=\"og:description\" content=\"Descubre Moly, viol\u00e1ceo, neutro y vers\u00e1til, el color del a\u00f1o elegido por el programa de inspiraci\u00f3n\u00a0 ColorLife TRENDS para el 2023.\u00a0\" \/>\n<meta property=\"og:url\" content=\"https:\/\/www.gridmag.com.mx\/index.php\/2022\/10\/10\/moly-color-del-ano-para-el-2023\/\" \/>\n<meta property=\"og:site_name\" content=\"Grid Magazine\" \/>\n<meta property=\"article:publisher\" content=\"https:\/\/www.facebook.com\/gridmagazine.mx\" \/>\n<meta property=\"article:published_time\" content=\"2022-10-10T17:59:54+00:00\" \/>\n<meta property=\"article:modified_time\" content=\"2023-11-29T18:38:06+00:00\" \/>\n<meta property=\"og:image\" content=\"https:\/\/www.gridmag.com.mx\/wp-content\/uploads\/2022\/10\/CLIMAX_1.jpg\" \/>\n\t<meta property=\"og:image:width\" content=\"1559\" \/>\n\t<meta property=\"og:image:height\" content=\"715\" \/>\n\t<meta property=\"og:image:type\" content=\"image\/jpeg\" \/>\n<meta name=\"author\" content=\"Maru Monroy\" \/>\n<meta name=\"twitter:card\" content=\"summary_large_image\" \/>\n<meta name=\"twitter:label1\" content=\"Escrito por\" \/>\n\t<meta name=\"twitter:data1\" content=\"Maru Monroy\" \/>\n\t<meta name=\"twitter:label2\" content=\"Tiempo de lectura\" \/>\n\t<meta name=\"twitter:data2\" content=\"3 minutos\" \/>\n<script type=\"application\/ld+json\" class=\"yoast-schema-graph\">{\"@context\":\"https:\/\/schema.org\",\"@graph\":[{\"@type\":\"Article\",\"@id\":\"https:\/\/www.gridmag.com.mx\/index.php\/2022\/10\/10\/moly-color-del-ano-para-el-2023\/#article\",\"isPartOf\":{\"@id\":\"https:\/\/www.gridmag.com.mx\/index.php\/2022\/10\/10\/moly-color-del-ano-para-el-2023\/\"},\"author\":{\"name\":\"Maru Monroy\",\"@id\":\"https:\/\/www.gridmag.com.mx\/#\/schema\/person\/c6b1e3bcdff834a5431903bf079c7367\"},\"headline\":\"Moly | El color del a\u00f1o para el 2023\",\"datePublished\":\"2022-10-10T17:59:54+00:00\",\"dateModified\":\"2023-11-29T18:38:06+00:00\",\"mainEntityOfPage\":{\"@id\":\"https:\/\/www.gridmag.com.mx\/index.php\/2022\/10\/10\/moly-color-del-ano-para-el-2023\/\"},\"wordCount\":376,\"commentCount\":0,\"publisher\":{\"@id\":\"https:\/\/www.gridmag.com.mx\/#organization\"},\"image\":{\"@id\":\"https:\/\/www.gridmag.com.mx\/index.php\/2022\/10\/10\/moly-color-del-ano-para-el-2023\/#primaryimage\"},\"thumbnailUrl\":\"https:\/\/www.gridmag.com.mx\/wp-content\/uploads\/2022\/10\/CLIMAX_1.jpg\",\"articleSection\":[\"Dise\u00f1o\",\"Interiorismo\"],\"inLanguage\":\"es\",\"potentialAction\":[{\"@type\":\"CommentAction\",\"name\":\"Comment\",\"target\":[\"https:\/\/www.gridmag.com.mx\/index.php\/2022\/10\/10\/moly-color-del-ano-para-el-2023\/#respond\"]}]},{\"@type\":\"WebPage\",\"@id\":\"https:\/\/www.gridmag.com.mx\/index.php\/2022\/10\/10\/moly-color-del-ano-para-el-2023\/\",\"url\":\"https:\/\/www.gridmag.com.mx\/index.php\/2022\/10\/10\/moly-color-del-ano-para-el-2023\/\",\"name\":\"Moly | El color del a\u00f1o para el 2023\",\"isPartOf\":{\"@id\":\"https:\/\/www.gridmag.com.mx\/#website\"},\"primaryImageOfPage\":{\"@id\":\"https:\/\/www.gridmag.com.mx\/index.php\/2022\/10\/10\/moly-color-del-ano-para-el-2023\/#primaryimage\"},\"image\":{\"@id\":\"https:\/\/www.gridmag.com.mx\/index.php\/2022\/10\/10\/moly-color-del-ano-para-el-2023\/#primaryimage\"},\"thumbnailUrl\":\"https:\/\/www.gridmag.com.mx\/wp-content\/uploads\/2022\/10\/CLIMAX_1.jpg\",\"datePublished\":\"2022-10-10T17:59:54+00:00\",\"dateModified\":\"2023-11-29T18:38:06+00:00\",\"description\":\"Descubre Moly, viol\u00e1ceo, neutro y vers\u00e1til, el color del a\u00f1o elegido por el programa de inspiraci\u00f3n\u00a0 ColorLife TRENDS para el 2023.\u00a0\",\"breadcrumb\":{\"@id\":\"https:\/\/www.gridmag.com.mx\/index.php\/2022\/10\/10\/moly-color-del-ano-para-el-2023\/#breadcrumb\"},\"inLanguage\":\"es\",\"potentialAction\":[{\"@type\":\"ReadAction\",\"target\":[\"https:\/\/www.gridmag.com.mx\/index.php\/2022\/10\/10\/moly-color-del-ano-para-el-2023\/\"]}]},{\"@type\":\"ImageObject\",\"inLanguage\":\"es\",\"@id\":\"https:\/\/www.gridmag.com.mx\/index.php\/2022\/10\/10\/moly-color-del-ano-para-el-2023\/#primaryimage\",\"url\":\"https:\/\/www.gridmag.com.mx\/wp-content\/uploads\/2022\/10\/CLIMAX_1.jpg\",\"contentUrl\":\"https:\/\/www.gridmag.com.mx\/wp-content\/uploads\/2022\/10\/CLIMAX_1.jpg\",\"width\":850,\"height\":390,\"caption\":\"Moly, el color del a\u00f1o 2023\"},{\"@type\":\"BreadcrumbList\",\"@id\":\"https:\/\/www.gridmag.com.mx\/index.php\/2022\/10\/10\/moly-color-del-ano-para-el-2023\/#breadcrumb\",\"itemListElement\":[{\"@type\":\"ListItem\",\"position\":1,\"name\":\"Inicio\",\"item\":\"https:\/\/www.gridmag.com.mx\/\"},{\"@type\":\"ListItem\",\"position\":2,\"name\":\"Moly | El color del a\u00f1o para el 2023\"}]},{\"@type\":\"WebSite\",\"@id\":\"https:\/\/www.gridmag.com.mx\/#website\",\"url\":\"https:\/\/www.gridmag.com.mx\/\",\"name\":\"Grid Magazine\",\"description\":\"Compartiendo lo mejor de la arquitectura y dise\u00f1o mexicano.\",\"publisher\":{\"@id\":\"https:\/\/www.gridmag.com.mx\/#organization\"},\"potentialAction\":[{\"@type\":\"SearchAction\",\"target\":{\"@type\":\"EntryPoint\",\"urlTemplate\":\"https:\/\/www.gridmag.com.mx\/?s={search_term_string}\"},\"query-input\":{\"@type\":\"PropertyValueSpecification\",\"valueRequired\":true,\"valueName\":\"search_term_string\"}}],\"inLanguage\":\"es\"},{\"@type\":\"Organization\",\"@id\":\"https:\/\/www.gridmag.com.mx\/#organization\",\"name\":\"Grid Magazine\",\"url\":\"https:\/\/www.gridmag.com.mx\/\",\"logo\":{\"@type\":\"ImageObject\",\"inLanguage\":\"es\",\"@id\":\"https:\/\/www.gridmag.com.mx\/#\/schema\/logo\/image\/\",\"url\":\"\",\"contentUrl\":\"\",\"caption\":\"Grid Magazine\"},\"image\":{\"@id\":\"https:\/\/www.gridmag.com.mx\/#\/schema\/logo\/image\/\"},\"sameAs\":[\"https:\/\/www.facebook.com\/gridmagazine.mx\",\"https:\/\/www.instagram.com\/gridmagazine_mx\/\",\"https:\/\/www.tiktok.com\/@gridmagazine.mx?_t=8gl2kVR2Aq6&_r=1\",\"https:\/\/www.linkedin.com\/company\/grid-magazine-mx\/\"]},{\"@type\":\"Person\",\"@id\":\"https:\/\/www.gridmag.com.mx\/#\/schema\/person\/c6b1e3bcdff834a5431903bf079c7367\",\"name\":\"Maru Monroy\",\"image\":{\"@type\":\"ImageObject\",\"inLanguage\":\"es\",\"@id\":\"https:\/\/www.gridmag.com.mx\/#\/schema\/person\/image\/\",\"url\":\"https:\/\/secure.gravatar.com\/avatar\/a556513dc6ef966877ac71afe84dc417c203b64bbfb4940dbe39df5e7bd1e74d?s=96&d=mm&r=g\",\"contentUrl\":\"https:\/\/secure.gravatar.com\/avatar\/a556513dc6ef966877ac71afe84dc417c203b64bbfb4940dbe39df5e7bd1e74d?s=96&d=mm&r=g\",\"caption\":\"Maru Monroy\"},\"url\":\"https:\/\/www.gridmag.com.mx\/index.php\/author\/maru-monroy\/\"}]}<\/script>\n<!-- \/ Yoast SEO plugin. -->","yoast_head_json":{"title":"Moly | El color del a\u00f1o para el 2023","description":"Descubre Moly, viol\u00e1ceo, neutro y vers\u00e1til, el color del a\u00f1o elegido por el programa de inspiraci\u00f3n\u00a0 ColorLife TRENDS para el 2023.\u00a0","robots":{"index":"index","follow":"follow","max-snippet":"max-snippet:-1","max-image-preview":"max-image-preview:large","max-video-preview":"max-video-preview:-1"},"canonical":"https:\/\/www.gridmag.com.mx\/index.php\/2022\/10\/10\/moly-color-del-ano-para-el-2023\/","og_locale":"es_MX","og_type":"article","og_title":"Moly | El color del a\u00f1o para el 2023","og_description":"Descubre Moly, viol\u00e1ceo, neutro y vers\u00e1til, el color del a\u00f1o elegido por el programa de inspiraci\u00f3n\u00a0 ColorLife TRENDS para el 2023.\u00a0","og_url":"https:\/\/www.gridmag.com.mx\/index.php\/2022\/10\/10\/moly-color-del-ano-para-el-2023\/","og_site_name":"Grid Magazine","article_publisher":"https:\/\/www.facebook.com\/gridmagazine.mx","article_published_time":"2022-10-10T17:59:54+00:00","article_modified_time":"2023-11-29T18:38:06+00:00","og_image":[{"width":1559,"height":715,"url":"https:\/\/www.gridmag.com.mx\/wp-content\/uploads\/2022\/10\/CLIMAX_1.jpg","type":"image\/jpeg"}],"author":"Maru Monroy","twitter_card":"summary_large_image","twitter_misc":{"Escrito por":"Maru Monroy","Tiempo de lectura":"3 minutos"},"schema":{"@context":"https:\/\/schema.org","@graph":[{"@type":"Article","@id":"https:\/\/www.gridmag.com.mx\/index.php\/2022\/10\/10\/moly-color-del-ano-para-el-2023\/#article","isPartOf":{"@id":"https:\/\/www.gridmag.com.mx\/index.php\/2022\/10\/10\/moly-color-del-ano-para-el-2023\/"},"author":{"name":"Maru Monroy","@id":"https:\/\/www.gridmag.com.mx\/#\/schema\/person\/c6b1e3bcdff834a5431903bf079c7367"},"headline":"Moly | El color del a\u00f1o para el 2023","datePublished":"2022-10-10T17:59:54+00:00","dateModified":"2023-11-29T18:38:06+00:00","mainEntityOfPage":{"@id":"https:\/\/www.gridmag.com.mx\/index.php\/2022\/10\/10\/moly-color-del-ano-para-el-2023\/"},"wordCount":376,"commentCount":0,"publisher":{"@id":"https:\/\/www.gridmag.com.mx\/#organization"},"image":{"@id":"https:\/\/www.gridmag.com.mx\/index.php\/2022\/10\/10\/moly-color-del-ano-para-el-2023\/#primaryimage"},"thumbnailUrl":"https:\/\/www.gridmag.com.mx\/wp-content\/uploads\/2022\/10\/CLIMAX_1.jpg","articleSection":["Dise\u00f1o","Interiorismo"],"inLanguage":"es","potentialAction":[{"@type":"CommentAction","name":"Comment","target":["https:\/\/www.gridmag.com.mx\/index.php\/2022\/10\/10\/moly-color-del-ano-para-el-2023\/#respond"]}]},{"@type":"WebPage","@id":"https:\/\/www.gridmag.com.mx\/index.php\/2022\/10\/10\/moly-color-del-ano-para-el-2023\/","url":"https:\/\/www.gridmag.com.mx\/index.php\/2022\/10\/10\/moly-color-del-ano-para-el-2023\/","name":"Moly | El color del a\u00f1o para el 2023","isPartOf":{"@id":"https:\/\/www.gridmag.com.mx\/#website"},"primaryImageOfPage":{"@id":"https:\/\/www.gridmag.com.mx\/index.php\/2022\/10\/10\/moly-color-del-ano-para-el-2023\/#primaryimage"},"image":{"@id":"https:\/\/www.gridmag.com.mx\/index.php\/2022\/10\/10\/moly-color-del-ano-para-el-2023\/#primaryimage"},"thumbnailUrl":"https:\/\/www.gridmag.com.mx\/wp-content\/uploads\/2022\/10\/CLIMAX_1.jpg","datePublished":"2022-10-10T17:59:54+00:00","dateModified":"2023-11-29T18:38:06+00:00","description":"Descubre Moly, viol\u00e1ceo, neutro y vers\u00e1til, el color del a\u00f1o elegido por el programa de inspiraci\u00f3n\u00a0 ColorLife TRENDS para el 2023.\u00a0","breadcrumb":{"@id":"https:\/\/www.gridmag.com.mx\/index.php\/2022\/10\/10\/moly-color-del-ano-para-el-2023\/#breadcrumb"},"inLanguage":"es","potentialAction":[{"@type":"ReadAction","target":["https:\/\/www.gridmag.com.mx\/index.php\/2022\/10\/10\/moly-color-del-ano-para-el-2023\/"]}]},{"@type":"ImageObject","inLanguage":"es","@id":"https:\/\/www.gridmag.com.mx\/index.php\/2022\/10\/10\/moly-color-del-ano-para-el-2023\/#primaryimage","url":"https:\/\/www.gridmag.com.mx\/wp-content\/uploads\/2022\/10\/CLIMAX_1.jpg","contentUrl":"https:\/\/www.gridmag.com.mx\/wp-content\/uploads\/2022\/10\/CLIMAX_1.jpg","width":850,"height":390,"caption":"Moly, el color del a\u00f1o 2023"},{"@type":"BreadcrumbList","@id":"https:\/\/www.gridmag.com.mx\/index.php\/2022\/10\/10\/moly-color-del-ano-para-el-2023\/#breadcrumb","itemListElement":[{"@type":"ListItem","position":1,"name":"Inicio","item":"https:\/\/www.gridmag.com.mx\/"},{"@type":"ListItem","position":2,"name":"Moly | El color del a\u00f1o para el 2023"}]},{"@type":"WebSite","@id":"https:\/\/www.gridmag.com.mx\/#website","url":"https:\/\/www.gridmag.com.mx\/","name":"Grid Magazine","description":"Compartiendo lo mejor de la arquitectura y dise\u00f1o mexicano.","publisher":{"@id":"https:\/\/www.gridmag.com.mx\/#organization"},"potentialAction":[{"@type":"SearchAction","target":{"@type":"EntryPoint","urlTemplate":"https:\/\/www.gridmag.com.mx\/?s={search_term_string}"},"query-input":{"@type":"PropertyValueSpecification","valueRequired":true,"valueName":"search_term_string"}}],"inLanguage":"es"},{"@type":"Organization","@id":"https:\/\/www.gridmag.com.mx\/#organization","name":"Grid Magazine","url":"https:\/\/www.gridmag.com.mx\/","logo":{"@type":"ImageObject","inLanguage":"es","@id":"https:\/\/www.gridmag.com.mx\/#\/schema\/logo\/image\/","url":"","contentUrl":"","caption":"Grid Magazine"},"image":{"@id":"https:\/\/www.gridmag.com.mx\/#\/schema\/logo\/image\/"},"sameAs":["https:\/\/www.facebook.com\/gridmagazine.mx","https:\/\/www.instagram.com\/gridmagazine_mx\/","https:\/\/www.tiktok.com\/@gridmagazine.mx?_t=8gl2kVR2Aq6&_r=1","https:\/\/www.linkedin.com\/company\/grid-magazine-mx\/"]},{"@type":"Person","@id":"https:\/\/www.gridmag.com.mx\/#\/schema\/person\/c6b1e3bcdff834a5431903bf079c7367","name":"Maru Monroy","image":{"@type":"ImageObject","inLanguage":"es","@id":"https:\/\/www.gridmag.com.mx\/#\/schema\/person\/image\/","url":"https:\/\/secure.gravatar.com\/avatar\/a556513dc6ef966877ac71afe84dc417c203b64bbfb4940dbe39df5e7bd1e74d?s=96&d=mm&r=g","contentUrl":"https:\/\/secure.gravatar.com\/avatar\/a556513dc6ef966877ac71afe84dc417c203b64bbfb4940dbe39df5e7bd1e74d?s=96&d=mm&r=g","caption":"Maru Monroy"},"url":"https:\/\/www.gridmag.com.mx\/index.php\/author\/maru-monroy\/"}]}},"_links":{"self":[{"href":"https:\/\/www.gridmag.com.mx\/index.php\/wp-json\/wp\/v2\/posts\/2050","targetHints":{"allow":["GET"]}}],"collection":[{"href":"https:\/\/www.gridmag.com.mx\/index.php\/wp-json\/wp\/v2\/posts"}],"about":[{"href":"https:\/\/www.gridmag.com.mx\/index.php\/wp-json\/wp\/v2\/types\/post"}],"author":[{"embeddable":true,"href":"https:\/\/www.gridmag.com.mx\/index.php\/wp-json\/wp\/v2\/users\/15"}],"replies":[{"embeddable":true,"href":"https:\/\/www.gridmag.com.mx\/index.php\/wp-json\/wp\/v2\/comments?post=2050"}],"version-history":[{"count":6,"href":"https:\/\/www.gridmag.com.mx\/index.php\/wp-json\/wp\/v2\/posts\/2050\/revisions"}],"predecessor-version":[{"id":5460,"href":"https:\/\/www.gridmag.com.mx\/index.php\/wp-json\/wp\/v2\/posts\/2050\/revisions\/5460"}],"wp:featuredmedia":[{"embeddable":true,"href":"https:\/\/www.gridmag.com.mx\/index.php\/wp-json\/wp\/v2\/media\/2065"}],"wp:attachment":[{"href":"https:\/\/www.gridmag.com.mx\/index.php\/wp-json\/wp\/v2\/media?parent=2050"}],"wp:term":[{"taxonomy":"category","embeddable":true,"href":"https:\/\/www.gridmag.com.mx\/index.php\/wp-json\/wp\/v2\/categories?post=2050"},{"taxonomy":"post_tag","embeddable":true,"href":"https:\/\/www.gridmag.com.mx\/index.php\/wp-json\/wp\/v2\/tags?post=2050"}],"curies":[{"name":"wp","href":"https:\/\/api.w.org\/{rel}","templated":true}]}}