{"id":2245,"date":"2022-11-16T18:41:20","date_gmt":"2022-11-16T18:41:20","guid":{"rendered":"https:\/\/www.gridmag.com.mx\/?p=2245"},"modified":"2023-12-01T16:13:27","modified_gmt":"2023-12-01T22:13:27","slug":"catar-y-el-logo-del-mundial","status":"publish","type":"post","link":"https:\/\/www.gridmag.com.mx\/index.php\/2022\/11\/16\/catar-y-el-logo-del-mundial\/","title":{"rendered":"Catar y el logo del Mundial | Explorando el significado visual"},"content":{"rendered":"\n\n\n<p>Todas las Copas del Mundo tienen un <strong>logo<\/strong> que las identifica y en el caso de <a href=\"https:\/\/es.wikipedia.org\/wiki\/Copa_Mundial_de_F%C3%BAtbol_de_2022\"><em>Catar 2022<\/em><\/a>, este es una clara manifestaci\u00f3n de la <a href=\"https:\/\/www.gridmag.com.mx\/index.php\/2022\/11\/08\/oriundo\/\">cultura<\/a> anfitriona. Y es que el futbol encuentra a trav\u00e9s del <strong>lenguaje gr\u00e1fico<\/strong> una forma de inundar nuestra rutina por unas semanas en todos los canales de comunicaci\u00f3n posibles para ampliarse e incluirse en todos los rincones del planeta, donde la experiencia gr\u00e1fica tendr\u00e1 un impacto trascendental en nuestras tecnolog\u00edas actuales.<\/p>\n\n\n\n<h2 class=\"wp-block-heading\">\u00bfQu\u00e9 representa el logo de Catar 2022?<\/h2>\n\n\n\n<p>En primer lugar, la silueta recuerda al afamado <strong>trofeo<\/strong> que se entregar\u00e1 a los campeones, adem\u00e1s de representar, a trav\u00e9s de un c\u00edrculo perfecto, la forma de nuestro planeta as\u00ed como de una pelota de <strong>futbol<\/strong>; el c\u00edrculo se va doblando hasta formar un infinito o un n\u00famero ocho, que representa la conexi\u00f3n entre los fans y el juego, adem\u00e1s de los ocho estadios donde se llevar\u00e1n a cabo los partidos de la contienda.<\/p>\n\n\n\n<figure class=\"wp-block-image size-large\"><img decoding=\"async\" width=\"1024\" height=\"576\" src=\"https:\/\/www.gridmag.com.mx\/wp-content\/uploads\/2022\/11\/2021-11-09-Moondes_06-1024x576.jpg\" alt=\"Catar y el logo del Mundial | Explorando el Significado Visual\" class=\"wp-image-2247\" srcset=\"https:\/\/www.gridmag.com.mx\/wp-content\/uploads\/2022\/11\/2021-11-09-Moondes_06-1024x576.jpg 1024w, https:\/\/www.gridmag.com.mx\/wp-content\/uploads\/2022\/11\/2021-11-09-Moondes_06-300x169.jpg 300w, https:\/\/www.gridmag.com.mx\/wp-content\/uploads\/2022\/11\/2021-11-09-Moondes_06-768x432.jpg 768w, https:\/\/www.gridmag.com.mx\/wp-content\/uploads\/2022\/11\/2021-11-09-Moondes_06-1536x863.jpg 1536w, https:\/\/www.gridmag.com.mx\/wp-content\/uploads\/2022\/11\/2021-11-09-Moondes_06-2048x1151.jpg 2048w, https:\/\/www.gridmag.com.mx\/wp-content\/uploads\/2022\/11\/2021-11-09-Moondes_06-770x433.jpg 770w, https:\/\/www.gridmag.com.mx\/wp-content\/uploads\/2022\/11\/2021-11-09-Moondes_06-1400x787.jpg 1400w\" sizes=\"(max-width: 1024px) 100vw, 1024px\" \/><figcaption class=\"wp-element-caption\">Qatar 2022 football competition vector design. Not official logo qatar 2022 on red burgundy background Pattern for Banners, Posters, Social Media kit, templates, scoreboard.<\/figcaption><\/figure>\n\n\n\n<p>La cultura del pa\u00eds anfitri\u00f3n tambi\u00e9n se manifiesta en la paleta de <a href=\"https:\/\/www.gridmag.com.mx\/index.php\/2023\/01\/06\/marilo-carral\/\">colores<\/a> y los diferentes elementos que lo componen como la tipograf\u00eda, que denota su identidad \u00e1rabe, el uso de palabras en este idioma y en la parte superior, se esboza un movimiento que alude a las dunas del desierto y a la prenda distintiva de lana que visten los residentes locales.<\/p>\n\n\n\n<figure class=\"wp-block-image size-large\"><img decoding=\"async\" width=\"1024\" height=\"576\" src=\"https:\/\/www.gridmag.com.mx\/wp-content\/uploads\/2022\/11\/MASCOTA-1024x576.png\" alt=\"Catar y el logo del Mundial | Explorando el Significado Visual\" class=\"wp-image-2248\" srcset=\"https:\/\/www.gridmag.com.mx\/wp-content\/uploads\/2022\/11\/MASCOTA-1024x576.png 1024w, https:\/\/www.gridmag.com.mx\/wp-content\/uploads\/2022\/11\/MASCOTA-300x169.png 300w, https:\/\/www.gridmag.com.mx\/wp-content\/uploads\/2022\/11\/MASCOTA-768x432.png 768w, https:\/\/www.gridmag.com.mx\/wp-content\/uploads\/2022\/11\/MASCOTA-1536x864.png 1536w, https:\/\/www.gridmag.com.mx\/wp-content\/uploads\/2022\/11\/MASCOTA-2048x1152.png 2048w, https:\/\/www.gridmag.com.mx\/wp-content\/uploads\/2022\/11\/MASCOTA-770x433.png 770w, https:\/\/www.gridmag.com.mx\/wp-content\/uploads\/2022\/11\/MASCOTA-1400x788.png 1400w\" sizes=\"(max-width: 1024px) 100vw, 1024px\" \/><\/figure>\n\n\n\n<h2 class=\"wp-block-heading\">Los dem\u00e1s simbolismos en Catar 2022<\/h2>\n\n\n\n<p>La mascota oficial del torneo, llamada <em><a href=\"https:\/\/es.wikipedia.org\/wiki\/La%27eeb\">La\u00b4Eeb<\/a>,<\/em> significa \u201cjugador habilidoso\u201d; el bal\u00f3n \u2013<em><a href=\"https:\/\/es.wikipedia.org\/wiki\/Adidas_Al_Rihla\">Al Rihla<\/a>,<\/em> que significa \u201cel viaje\u201d\u2013\u00a0 y la canci\u00f3n oficial, <em><a href=\"https:\/\/es.wikipedia.org\/wiki\/Hayya_Hayya_(Better_Together)\">Hayya Hayya<\/a><\/em>, que en espa\u00f1ol es \u201cJuntos es mejor\u201d, son otros elementos que le dar\u00e1n identidad a la edici\u00f3n 22 del evento deportivo m\u00e1s importante a nivel global.<\/p>\n","protected":false},"excerpt":{"rendered":"<p>Todas las Copas del Mundo tienen un logo que las identifica y en el caso de Catar 2022, este es una clara manifestaci\u00f3n de la cultura anfitriona. Y es que el futbol encuentra a trav\u00e9s del lenguaje gr\u00e1fico una forma de inundar nuestra rutina por unas semanas en todos los canales de comunicaci\u00f3n posibles para ampliarse e incluirse en todos los rincones del planeta, donde la experiencia gr\u00e1fica tendr\u00e1 un impacto trascendental en nuestras tecnolog\u00edas actuales. \u00bfQu\u00e9 representa el logo [&hellip;]<\/p>\n","protected":false},"author":6,"featured_media":2246,"comment_status":"open","ping_status":"open","sticky":false,"template":"","format":"standard","meta":{"footnotes":""},"categories":[52],"tags":[],"class_list":["post-2245","post","type-post","status-publish","format-standard","has-post-thumbnail","hentry","category-diseno"],"yoast_head":"<!-- This site is optimized with the Yoast SEO plugin v27.0 - https:\/\/yoast.com\/product\/yoast-seo-wordpress\/ -->\n<title>Catar y el logo del Mundial | Explorando el Significado Visual<\/title>\n<meta name=\"description\" content=\"Sum\u00e9rgete en la cultura \u00e1rabe y simbolismo global del logo de la Copa del Mundo 2022 en Catar, conectando la emoci\u00f3n de todos en un dise\u00f1o.\" \/>\n<meta name=\"robots\" content=\"index, follow, max-snippet:-1, max-image-preview:large, max-video-preview:-1\" \/>\n<link rel=\"canonical\" href=\"https:\/\/www.gridmag.com.mx\/index.php\/2022\/11\/16\/catar-y-el-logo-del-mundial\/\" \/>\n<meta property=\"og:locale\" content=\"es_MX\" \/>\n<meta property=\"og:type\" content=\"article\" \/>\n<meta property=\"og:title\" content=\"Catar y el logo del Mundial | Explorando el Significado Visual\" \/>\n<meta property=\"og:description\" content=\"Sum\u00e9rgete en la cultura \u00e1rabe y simbolismo global del logo de la Copa del Mundo 2022 en Catar, conectando la emoci\u00f3n de todos en un dise\u00f1o.\" \/>\n<meta property=\"og:url\" content=\"https:\/\/www.gridmag.com.mx\/index.php\/2022\/11\/16\/catar-y-el-logo-del-mundial\/\" \/>\n<meta property=\"og:site_name\" content=\"Grid Magazine\" \/>\n<meta property=\"article:publisher\" content=\"https:\/\/www.facebook.com\/gridmagazine.mx\" \/>\n<meta property=\"article:published_time\" content=\"2022-11-16T18:41:20+00:00\" \/>\n<meta property=\"article:modified_time\" content=\"2023-12-01T22:13:27+00:00\" \/>\n<meta property=\"og:image\" content=\"https:\/\/www.gridmag.com.mx\/wp-content\/uploads\/2022\/11\/288_NV_RhNGD0YLQsdC-0LvQuNGB0YLRi18yMDIy-scaled.jpg\" \/>\n\t<meta property=\"og:image:width\" content=\"2560\" \/>\n\t<meta property=\"og:image:height\" content=\"982\" \/>\n\t<meta property=\"og:image:type\" content=\"image\/jpeg\" \/>\n<meta name=\"author\" content=\"Micael Parada\" \/>\n<meta name=\"twitter:card\" content=\"summary_large_image\" \/>\n<meta name=\"twitter:label1\" content=\"Escrito por\" \/>\n\t<meta name=\"twitter:data1\" content=\"Micael Parada\" \/>\n\t<meta name=\"twitter:label2\" content=\"Tiempo de lectura\" \/>\n\t<meta name=\"twitter:data2\" content=\"2 minutos\" \/>\n<script type=\"application\/ld+json\" class=\"yoast-schema-graph\">{\"@context\":\"https:\/\/schema.org\",\"@graph\":[{\"@type\":\"Article\",\"@id\":\"https:\/\/www.gridmag.com.mx\/index.php\/2022\/11\/16\/catar-y-el-logo-del-mundial\/#article\",\"isPartOf\":{\"@id\":\"https:\/\/www.gridmag.com.mx\/index.php\/2022\/11\/16\/catar-y-el-logo-del-mundial\/\"},\"author\":{\"name\":\"Micael Parada\",\"@id\":\"https:\/\/www.gridmag.com.mx\/#\/schema\/person\/284ee4151758427c3dc37dbbba5ff517\"},\"headline\":\"Catar y el logo del Mundial | Explorando el significado visual\",\"datePublished\":\"2022-11-16T18:41:20+00:00\",\"dateModified\":\"2023-12-01T22:13:27+00:00\",\"mainEntityOfPage\":{\"@id\":\"https:\/\/www.gridmag.com.mx\/index.php\/2022\/11\/16\/catar-y-el-logo-del-mundial\/\"},\"wordCount\":330,\"commentCount\":0,\"publisher\":{\"@id\":\"https:\/\/www.gridmag.com.mx\/#organization\"},\"image\":{\"@id\":\"https:\/\/www.gridmag.com.mx\/index.php\/2022\/11\/16\/catar-y-el-logo-del-mundial\/#primaryimage\"},\"thumbnailUrl\":\"https:\/\/www.gridmag.com.mx\/wp-content\/uploads\/2022\/11\/288_NV_RhNGD0YLQsdC-0LvQuNGB0YLRi18yMDIy.jpg\",\"articleSection\":[\"Dise\u00f1o\"],\"inLanguage\":\"es\",\"potentialAction\":[{\"@type\":\"CommentAction\",\"name\":\"Comment\",\"target\":[\"https:\/\/www.gridmag.com.mx\/index.php\/2022\/11\/16\/catar-y-el-logo-del-mundial\/#respond\"]}]},{\"@type\":\"WebPage\",\"@id\":\"https:\/\/www.gridmag.com.mx\/index.php\/2022\/11\/16\/catar-y-el-logo-del-mundial\/\",\"url\":\"https:\/\/www.gridmag.com.mx\/index.php\/2022\/11\/16\/catar-y-el-logo-del-mundial\/\",\"name\":\"Catar y el logo del Mundial | Explorando el Significado Visual\",\"isPartOf\":{\"@id\":\"https:\/\/www.gridmag.com.mx\/#website\"},\"primaryImageOfPage\":{\"@id\":\"https:\/\/www.gridmag.com.mx\/index.php\/2022\/11\/16\/catar-y-el-logo-del-mundial\/#primaryimage\"},\"image\":{\"@id\":\"https:\/\/www.gridmag.com.mx\/index.php\/2022\/11\/16\/catar-y-el-logo-del-mundial\/#primaryimage\"},\"thumbnailUrl\":\"https:\/\/www.gridmag.com.mx\/wp-content\/uploads\/2022\/11\/288_NV_RhNGD0YLQsdC-0LvQuNGB0YLRi18yMDIy.jpg\",\"datePublished\":\"2022-11-16T18:41:20+00:00\",\"dateModified\":\"2023-12-01T22:13:27+00:00\",\"description\":\"Sum\u00e9rgete en la cultura \u00e1rabe y simbolismo global del logo de la Copa del Mundo 2022 en Catar, conectando la emoci\u00f3n de todos en un dise\u00f1o.\",\"breadcrumb\":{\"@id\":\"https:\/\/www.gridmag.com.mx\/index.php\/2022\/11\/16\/catar-y-el-logo-del-mundial\/#breadcrumb\"},\"inLanguage\":\"es\",\"potentialAction\":[{\"@type\":\"ReadAction\",\"target\":[\"https:\/\/www.gridmag.com.mx\/index.php\/2022\/11\/16\/catar-y-el-logo-del-mundial\/\"]}]},{\"@type\":\"ImageObject\",\"inLanguage\":\"es\",\"@id\":\"https:\/\/www.gridmag.com.mx\/index.php\/2022\/11\/16\/catar-y-el-logo-del-mundial\/#primaryimage\",\"url\":\"https:\/\/www.gridmag.com.mx\/wp-content\/uploads\/2022\/11\/288_NV_RhNGD0YLQsdC-0LvQuNGB0YLRi18yMDIy.jpg\",\"contentUrl\":\"https:\/\/www.gridmag.com.mx\/wp-content\/uploads\/2022\/11\/288_NV_RhNGD0YLQsdC-0LvQuNGB0YLRi18yMDIy.jpg\",\"width\":2560,\"height\":982,\"caption\":\"Logo del mundial Qatar 2022\"},{\"@type\":\"BreadcrumbList\",\"@id\":\"https:\/\/www.gridmag.com.mx\/index.php\/2022\/11\/16\/catar-y-el-logo-del-mundial\/#breadcrumb\",\"itemListElement\":[{\"@type\":\"ListItem\",\"position\":1,\"name\":\"Inicio\",\"item\":\"https:\/\/www.gridmag.com.mx\/\"},{\"@type\":\"ListItem\",\"position\":2,\"name\":\"Catar y el logo del Mundial | Explorando el significado visual\"}]},{\"@type\":\"WebSite\",\"@id\":\"https:\/\/www.gridmag.com.mx\/#website\",\"url\":\"https:\/\/www.gridmag.com.mx\/\",\"name\":\"Grid Magazine\",\"description\":\"Compartiendo lo mejor de la arquitectura y dise\u00f1o mexicano.\",\"publisher\":{\"@id\":\"https:\/\/www.gridmag.com.mx\/#organization\"},\"potentialAction\":[{\"@type\":\"SearchAction\",\"target\":{\"@type\":\"EntryPoint\",\"urlTemplate\":\"https:\/\/www.gridmag.com.mx\/?s={search_term_string}\"},\"query-input\":{\"@type\":\"PropertyValueSpecification\",\"valueRequired\":true,\"valueName\":\"search_term_string\"}}],\"inLanguage\":\"es\"},{\"@type\":\"Organization\",\"@id\":\"https:\/\/www.gridmag.com.mx\/#organization\",\"name\":\"Grid Magazine\",\"url\":\"https:\/\/www.gridmag.com.mx\/\",\"logo\":{\"@type\":\"ImageObject\",\"inLanguage\":\"es\",\"@id\":\"https:\/\/www.gridmag.com.mx\/#\/schema\/logo\/image\/\",\"url\":\"\",\"contentUrl\":\"\",\"caption\":\"Grid Magazine\"},\"image\":{\"@id\":\"https:\/\/www.gridmag.com.mx\/#\/schema\/logo\/image\/\"},\"sameAs\":[\"https:\/\/www.facebook.com\/gridmagazine.mx\",\"https:\/\/www.instagram.com\/gridmagazine_mx\/\",\"https:\/\/www.tiktok.com\/@gridmagazine.mx?_t=8gl2kVR2Aq6&_r=1\",\"https:\/\/www.linkedin.com\/company\/grid-magazine-mx\/\"]},{\"@type\":\"Person\",\"@id\":\"https:\/\/www.gridmag.com.mx\/#\/schema\/person\/284ee4151758427c3dc37dbbba5ff517\",\"name\":\"Micael Parada\",\"image\":{\"@type\":\"ImageObject\",\"inLanguage\":\"es\",\"@id\":\"https:\/\/www.gridmag.com.mx\/#\/schema\/person\/image\/\",\"url\":\"https:\/\/secure.gravatar.com\/avatar\/4ee28d020b8df9043271f9d007db149474e34d99c6af741f30ae82499fa11faa?s=96&d=mm&r=g\",\"contentUrl\":\"https:\/\/secure.gravatar.com\/avatar\/4ee28d020b8df9043271f9d007db149474e34d99c6af741f30ae82499fa11faa?s=96&d=mm&r=g\",\"caption\":\"Micael Parada\"},\"sameAs\":[\"https:\/\/www.instagram.com\/micaelparada\/?hl=es-la\"],\"url\":\"https:\/\/www.gridmag.com.mx\/index.php\/author\/micael-parada\/\"}]}<\/script>\n<!-- \/ Yoast SEO plugin. -->","yoast_head_json":{"title":"Catar y el logo del Mundial | Explorando el Significado Visual","description":"Sum\u00e9rgete en la cultura \u00e1rabe y simbolismo global del logo de la Copa del Mundo 2022 en Catar, conectando la emoci\u00f3n de todos en un dise\u00f1o.","robots":{"index":"index","follow":"follow","max-snippet":"max-snippet:-1","max-image-preview":"max-image-preview:large","max-video-preview":"max-video-preview:-1"},"canonical":"https:\/\/www.gridmag.com.mx\/index.php\/2022\/11\/16\/catar-y-el-logo-del-mundial\/","og_locale":"es_MX","og_type":"article","og_title":"Catar y el logo del Mundial | Explorando el Significado Visual","og_description":"Sum\u00e9rgete en la cultura \u00e1rabe y simbolismo global del logo de la Copa del Mundo 2022 en Catar, conectando la emoci\u00f3n de todos en un dise\u00f1o.","og_url":"https:\/\/www.gridmag.com.mx\/index.php\/2022\/11\/16\/catar-y-el-logo-del-mundial\/","og_site_name":"Grid Magazine","article_publisher":"https:\/\/www.facebook.com\/gridmagazine.mx","article_published_time":"2022-11-16T18:41:20+00:00","article_modified_time":"2023-12-01T22:13:27+00:00","og_image":[{"width":2560,"height":982,"url":"https:\/\/www.gridmag.com.mx\/wp-content\/uploads\/2022\/11\/288_NV_RhNGD0YLQsdC-0LvQuNGB0YLRi18yMDIy-scaled.jpg","type":"image\/jpeg"}],"author":"Micael Parada","twitter_card":"summary_large_image","twitter_misc":{"Escrito por":"Micael Parada","Tiempo de lectura":"2 minutos"},"schema":{"@context":"https:\/\/schema.org","@graph":[{"@type":"Article","@id":"https:\/\/www.gridmag.com.mx\/index.php\/2022\/11\/16\/catar-y-el-logo-del-mundial\/#article","isPartOf":{"@id":"https:\/\/www.gridmag.com.mx\/index.php\/2022\/11\/16\/catar-y-el-logo-del-mundial\/"},"author":{"name":"Micael Parada","@id":"https:\/\/www.gridmag.com.mx\/#\/schema\/person\/284ee4151758427c3dc37dbbba5ff517"},"headline":"Catar y el logo del Mundial | Explorando el significado visual","datePublished":"2022-11-16T18:41:20+00:00","dateModified":"2023-12-01T22:13:27+00:00","mainEntityOfPage":{"@id":"https:\/\/www.gridmag.com.mx\/index.php\/2022\/11\/16\/catar-y-el-logo-del-mundial\/"},"wordCount":330,"commentCount":0,"publisher":{"@id":"https:\/\/www.gridmag.com.mx\/#organization"},"image":{"@id":"https:\/\/www.gridmag.com.mx\/index.php\/2022\/11\/16\/catar-y-el-logo-del-mundial\/#primaryimage"},"thumbnailUrl":"https:\/\/www.gridmag.com.mx\/wp-content\/uploads\/2022\/11\/288_NV_RhNGD0YLQsdC-0LvQuNGB0YLRi18yMDIy.jpg","articleSection":["Dise\u00f1o"],"inLanguage":"es","potentialAction":[{"@type":"CommentAction","name":"Comment","target":["https:\/\/www.gridmag.com.mx\/index.php\/2022\/11\/16\/catar-y-el-logo-del-mundial\/#respond"]}]},{"@type":"WebPage","@id":"https:\/\/www.gridmag.com.mx\/index.php\/2022\/11\/16\/catar-y-el-logo-del-mundial\/","url":"https:\/\/www.gridmag.com.mx\/index.php\/2022\/11\/16\/catar-y-el-logo-del-mundial\/","name":"Catar y el logo del Mundial | Explorando el Significado Visual","isPartOf":{"@id":"https:\/\/www.gridmag.com.mx\/#website"},"primaryImageOfPage":{"@id":"https:\/\/www.gridmag.com.mx\/index.php\/2022\/11\/16\/catar-y-el-logo-del-mundial\/#primaryimage"},"image":{"@id":"https:\/\/www.gridmag.com.mx\/index.php\/2022\/11\/16\/catar-y-el-logo-del-mundial\/#primaryimage"},"thumbnailUrl":"https:\/\/www.gridmag.com.mx\/wp-content\/uploads\/2022\/11\/288_NV_RhNGD0YLQsdC-0LvQuNGB0YLRi18yMDIy.jpg","datePublished":"2022-11-16T18:41:20+00:00","dateModified":"2023-12-01T22:13:27+00:00","description":"Sum\u00e9rgete en la cultura \u00e1rabe y simbolismo global del logo de la Copa del Mundo 2022 en Catar, conectando la emoci\u00f3n de todos en un dise\u00f1o.","breadcrumb":{"@id":"https:\/\/www.gridmag.com.mx\/index.php\/2022\/11\/16\/catar-y-el-logo-del-mundial\/#breadcrumb"},"inLanguage":"es","potentialAction":[{"@type":"ReadAction","target":["https:\/\/www.gridmag.com.mx\/index.php\/2022\/11\/16\/catar-y-el-logo-del-mundial\/"]}]},{"@type":"ImageObject","inLanguage":"es","@id":"https:\/\/www.gridmag.com.mx\/index.php\/2022\/11\/16\/catar-y-el-logo-del-mundial\/#primaryimage","url":"https:\/\/www.gridmag.com.mx\/wp-content\/uploads\/2022\/11\/288_NV_RhNGD0YLQsdC-0LvQuNGB0YLRi18yMDIy.jpg","contentUrl":"https:\/\/www.gridmag.com.mx\/wp-content\/uploads\/2022\/11\/288_NV_RhNGD0YLQsdC-0LvQuNGB0YLRi18yMDIy.jpg","width":2560,"height":982,"caption":"Logo del mundial Qatar 2022"},{"@type":"BreadcrumbList","@id":"https:\/\/www.gridmag.com.mx\/index.php\/2022\/11\/16\/catar-y-el-logo-del-mundial\/#breadcrumb","itemListElement":[{"@type":"ListItem","position":1,"name":"Inicio","item":"https:\/\/www.gridmag.com.mx\/"},{"@type":"ListItem","position":2,"name":"Catar y el logo del Mundial | Explorando el significado visual"}]},{"@type":"WebSite","@id":"https:\/\/www.gridmag.com.mx\/#website","url":"https:\/\/www.gridmag.com.mx\/","name":"Grid Magazine","description":"Compartiendo lo mejor de la arquitectura y dise\u00f1o mexicano.","publisher":{"@id":"https:\/\/www.gridmag.com.mx\/#organization"},"potentialAction":[{"@type":"SearchAction","target":{"@type":"EntryPoint","urlTemplate":"https:\/\/www.gridmag.com.mx\/?s={search_term_string}"},"query-input":{"@type":"PropertyValueSpecification","valueRequired":true,"valueName":"search_term_string"}}],"inLanguage":"es"},{"@type":"Organization","@id":"https:\/\/www.gridmag.com.mx\/#organization","name":"Grid Magazine","url":"https:\/\/www.gridmag.com.mx\/","logo":{"@type":"ImageObject","inLanguage":"es","@id":"https:\/\/www.gridmag.com.mx\/#\/schema\/logo\/image\/","url":"","contentUrl":"","caption":"Grid Magazine"},"image":{"@id":"https:\/\/www.gridmag.com.mx\/#\/schema\/logo\/image\/"},"sameAs":["https:\/\/www.facebook.com\/gridmagazine.mx","https:\/\/www.instagram.com\/gridmagazine_mx\/","https:\/\/www.tiktok.com\/@gridmagazine.mx?_t=8gl2kVR2Aq6&_r=1","https:\/\/www.linkedin.com\/company\/grid-magazine-mx\/"]},{"@type":"Person","@id":"https:\/\/www.gridmag.com.mx\/#\/schema\/person\/284ee4151758427c3dc37dbbba5ff517","name":"Micael Parada","image":{"@type":"ImageObject","inLanguage":"es","@id":"https:\/\/www.gridmag.com.mx\/#\/schema\/person\/image\/","url":"https:\/\/secure.gravatar.com\/avatar\/4ee28d020b8df9043271f9d007db149474e34d99c6af741f30ae82499fa11faa?s=96&d=mm&r=g","contentUrl":"https:\/\/secure.gravatar.com\/avatar\/4ee28d020b8df9043271f9d007db149474e34d99c6af741f30ae82499fa11faa?s=96&d=mm&r=g","caption":"Micael Parada"},"sameAs":["https:\/\/www.instagram.com\/micaelparada\/?hl=es-la"],"url":"https:\/\/www.gridmag.com.mx\/index.php\/author\/micael-parada\/"}]}},"_links":{"self":[{"href":"https:\/\/www.gridmag.com.mx\/index.php\/wp-json\/wp\/v2\/posts\/2245","targetHints":{"allow":["GET"]}}],"collection":[{"href":"https:\/\/www.gridmag.com.mx\/index.php\/wp-json\/wp\/v2\/posts"}],"about":[{"href":"https:\/\/www.gridmag.com.mx\/index.php\/wp-json\/wp\/v2\/types\/post"}],"author":[{"embeddable":true,"href":"https:\/\/www.gridmag.com.mx\/index.php\/wp-json\/wp\/v2\/users\/6"}],"replies":[{"embeddable":true,"href":"https:\/\/www.gridmag.com.mx\/index.php\/wp-json\/wp\/v2\/comments?post=2245"}],"version-history":[{"count":2,"href":"https:\/\/www.gridmag.com.mx\/index.php\/wp-json\/wp\/v2\/posts\/2245\/revisions"}],"predecessor-version":[{"id":5538,"href":"https:\/\/www.gridmag.com.mx\/index.php\/wp-json\/wp\/v2\/posts\/2245\/revisions\/5538"}],"wp:featuredmedia":[{"embeddable":true,"href":"https:\/\/www.gridmag.com.mx\/index.php\/wp-json\/wp\/v2\/media\/2246"}],"wp:attachment":[{"href":"https:\/\/www.gridmag.com.mx\/index.php\/wp-json\/wp\/v2\/media?parent=2245"}],"wp:term":[{"taxonomy":"category","embeddable":true,"href":"https:\/\/www.gridmag.com.mx\/index.php\/wp-json\/wp\/v2\/categories?post=2245"},{"taxonomy":"post_tag","embeddable":true,"href":"https:\/\/www.gridmag.com.mx\/index.php\/wp-json\/wp\/v2\/tags?post=2245"}],"curies":[{"name":"wp","href":"https:\/\/api.w.org\/{rel}","templated":true}]}}