{"id":2262,"date":"2022-11-23T17:42:54","date_gmt":"2022-11-23T17:42:54","guid":{"rendered":"https:\/\/www.gridmag.com.mx\/?p=2262"},"modified":"2024-03-05T17:35:32","modified_gmt":"2024-03-05T23:35:32","slug":"otono-en-el-altiplano","status":"publish","type":"post","link":"https:\/\/www.gridmag.com.mx\/index.php\/2022\/11\/23\/otono-en-el-altiplano\/","title":{"rendered":"El oto\u00f1o en el Altiplano Mexicano | Una transformaci\u00f3n fascinante"},"content":{"rendered":"\n\n\n<p>Cuando pensamos los cambios de estaci\u00f3n (<a href=\"https:\/\/es.wikipedia.org\/wiki\/Estacionalidad\"><em>estacionalidad<\/em><\/a>) y en particular, en los cambios que suceden en <a href=\"https:\/\/www.gridmag.com.mx\/index.php\/2023\/11\/16\/inspiracion-otonal-en-el-diseno-de-interiores\/\">oto\u00f1o<\/a>, nos viene a la memoria im\u00e1genes de altos maples y encinos cambiando sus tonalidades de dorados amarillos a vivos rojos, dejando hermosas alfombras vegetales; tambi\u00e9n imaginamos <strong>climas<\/strong> fr\u00edos, constantes e uniformes y alguna lluvia ocasional que nos invita a detenernos.<\/p>\n\n\n\n<figure class=\"wp-block-image size-large\"><img decoding=\"async\" width=\"1024\" height=\"684\" src=\"https:\/\/www.gridmag.com.mx\/wp-content\/uploads\/2022\/11\/autumn-alley-beauty-world-carpathians-1024x684.jpeg\" alt=\"El Oto\u00f1o en el Altiplano Mexicano | Una Transformaci\u00f3n Fascinante\" class=\"wp-image-2263\" srcset=\"https:\/\/www.gridmag.com.mx\/wp-content\/uploads\/2022\/11\/autumn-alley-beauty-world-carpathians-1024x684.jpeg 1024w, https:\/\/www.gridmag.com.mx\/wp-content\/uploads\/2022\/11\/autumn-alley-beauty-world-carpathians-300x200.jpeg 300w, https:\/\/www.gridmag.com.mx\/wp-content\/uploads\/2022\/11\/autumn-alley-beauty-world-carpathians-768x513.jpeg 768w, https:\/\/www.gridmag.com.mx\/wp-content\/uploads\/2022\/11\/autumn-alley-beauty-world-carpathians-360x240.jpeg 360w, https:\/\/www.gridmag.com.mx\/wp-content\/uploads\/2022\/11\/autumn-alley-beauty-world-carpathians-720x480.jpeg 720w, https:\/\/www.gridmag.com.mx\/wp-content\/uploads\/2022\/11\/autumn-alley-beauty-world-carpathians-770x514.jpeg 770w, https:\/\/www.gridmag.com.mx\/wp-content\/uploads\/2022\/11\/autumn-alley-beauty-world-carpathians-1400x935.jpeg 1400w, https:\/\/www.gridmag.com.mx\/wp-content\/uploads\/2022\/11\/autumn-alley-beauty-world-carpathians.jpeg 1417w\" sizes=\"(max-width: 1024px) 100vw, 1024px\" \/><\/figure>\n\n\n\n<figure class=\"wp-block-image size-large\"><img decoding=\"async\" width=\"1024\" height=\"768\" src=\"https:\/\/www.gridmag.com.mx\/wp-content\/uploads\/2022\/11\/Foto01-1024x768.jpeg\" alt=\"El Oto\u00f1o en el Altiplano Mexicano | Una Transformaci\u00f3n Fascinante\" class=\"wp-image-2264\" srcset=\"https:\/\/www.gridmag.com.mx\/wp-content\/uploads\/2022\/11\/Foto01-1024x768.jpeg 1024w, https:\/\/www.gridmag.com.mx\/wp-content\/uploads\/2022\/11\/Foto01-300x225.jpeg 300w, https:\/\/www.gridmag.com.mx\/wp-content\/uploads\/2022\/11\/Foto01-768x576.jpeg 768w, https:\/\/www.gridmag.com.mx\/wp-content\/uploads\/2022\/11\/Foto01-1536x1152.jpeg 1536w, https:\/\/www.gridmag.com.mx\/wp-content\/uploads\/2022\/11\/Foto01-770x578.jpeg 770w, https:\/\/www.gridmag.com.mx\/wp-content\/uploads\/2022\/11\/Foto01-1400x1050.jpeg 1400w, https:\/\/www.gridmag.com.mx\/wp-content\/uploads\/2022\/11\/Foto01.jpeg 2048w\" sizes=\"(max-width: 1024px) 100vw, 1024px\" \/><\/figure>\n\n\n\n<h2 class=\"wp-block-heading\">Ecosistemas urbanos y el oto\u00f1o<\/h2>\n\n\n\n<p>Pero, \u00bfrealmente es as\u00ed el <strong>oto\u00f1o<\/strong> en el <a href=\"https:\/\/es.wikipedia.org\/wiki\/Altiplanicie_mexicana\"><em>Altiplano mexicano<\/em><\/a>? Nuestros paisajes urbanos no cuentan con grandes bosques y el principal ecosistema en las ciudades son matorrales <a href=\"https:\/\/es.wikipedia.org\/wiki\/Xer%C3%B3filo\"><em>xer\u00f3filos<\/em><\/a> y pastizal des\u00e9rtico por lo que los cambios en el <a href=\"https:\/\/www.gridmag.com.mx\/index.php\/2022\/10\/26\/paisaje-urbano-sustentable-y-la-crisis-de-agua-en-mexico\/\">paisaje<\/a> son sutiles y delicados y podemos observar la transformaci\u00f3n en la tonalidad de los pastos que mutan entre beige y dorado o en las <a href=\"https:\/\/www.gridmag.com.mx\/index.php\/2022\/07\/22\/diseno-floral-en-interiores\/\">flores<\/a> de colores c\u00e1lidos que aparecen como peque\u00f1os destellos en el campo.<\/p>\n\n\n\n<figure class=\"wp-block-image size-large\"><img decoding=\"async\" width=\"1024\" height=\"788\" src=\"https:\/\/www.gridmag.com.mx\/wp-content\/uploads\/2022\/11\/Foto02-1-1024x788.jpeg\" alt=\"El Oto\u00f1o en el Altiplano Mexicano | Una Transformaci\u00f3n Fascinante\" class=\"wp-image-2266\" srcset=\"https:\/\/www.gridmag.com.mx\/wp-content\/uploads\/2022\/11\/Foto02-1-1024x788.jpeg 1024w, https:\/\/www.gridmag.com.mx\/wp-content\/uploads\/2022\/11\/Foto02-1-300x231.jpeg 300w, https:\/\/www.gridmag.com.mx\/wp-content\/uploads\/2022\/11\/Foto02-1-768x591.jpeg 768w, https:\/\/www.gridmag.com.mx\/wp-content\/uploads\/2022\/11\/Foto02-1-770x593.jpeg 770w, https:\/\/www.gridmag.com.mx\/wp-content\/uploads\/2022\/11\/Foto02-1-1400x1077.jpeg 1400w, https:\/\/www.gridmag.com.mx\/wp-content\/uploads\/2022\/11\/Foto02-1.jpeg 1536w\" sizes=\"(max-width: 1024px) 100vw, 1024px\" \/><\/figure>\n\n\n\n<div style=\"height:15px\" aria-hidden=\"true\" class=\"wp-block-spacer\"><\/div>\n\n\n\n<p>Para apreciar y valorar nuestro entorno, es importante observarlo. Puedo asegurar que una vez que empezamos a reconocer la <strong>vegetaci\u00f3n<\/strong> que surge cada mes, le daremos la bienvenida como si de viejas amistades se tratara y cuya visita nos anuncia que debemos prepararnos para la siguiente estaci\u00f3n.<\/p>\n\n\n\n<figure class=\"wp-block-image size-large\"><img decoding=\"async\" width=\"1024\" height=\"768\" src=\"https:\/\/www.gridmag.com.mx\/wp-content\/uploads\/2022\/11\/Foto03-1024x768.jpeg\" alt=\"El Oto\u00f1o en el Altiplano Mexicano | Una Transformaci\u00f3n Fascinante\" class=\"wp-image-2267\" srcset=\"https:\/\/www.gridmag.com.mx\/wp-content\/uploads\/2022\/11\/Foto03-1024x768.jpeg 1024w, https:\/\/www.gridmag.com.mx\/wp-content\/uploads\/2022\/11\/Foto03-300x225.jpeg 300w, https:\/\/www.gridmag.com.mx\/wp-content\/uploads\/2022\/11\/Foto03-768x576.jpeg 768w, https:\/\/www.gridmag.com.mx\/wp-content\/uploads\/2022\/11\/Foto03-1536x1152.jpeg 1536w, https:\/\/www.gridmag.com.mx\/wp-content\/uploads\/2022\/11\/Foto03-770x578.jpeg 770w, https:\/\/www.gridmag.com.mx\/wp-content\/uploads\/2022\/11\/Foto03-1400x1050.jpeg 1400w, https:\/\/www.gridmag.com.mx\/wp-content\/uploads\/2022\/11\/Foto03.jpeg 2048w\" sizes=\"(max-width: 1024px) 100vw, 1024px\" \/><\/figure>\n\n\n\n<h2 class=\"wp-block-heading\">Observando y valorando nuestro entorno<\/h2>\n\n\n\n<p>Al observar nuestras <a href=\"https:\/\/www.gridmag.com.mx\/index.php\/2023\/08\/28\/le-trianon-el-paraiso-para-los-amantes-de-las-plantas-y-las-macetas\/\">plantas<\/a> nativas, entenderemos y apreciaremos sus procesos naturales y c\u00f3mo, cuando terminan su ciclo, dejar\u00e1n como recuerdo sus estructuras, semillas y c\u00e1psulas; un regalo que, bajo las condiciones indicadas, ser\u00e1 la clave para los <strong>colores<\/strong> y la <strong>biodiversidad<\/strong> del a\u00f1o siguiente.&nbsp;<\/p>\n\n\n\n<figure class=\"wp-block-image size-large\"><img decoding=\"async\" width=\"768\" height=\"1024\" src=\"https:\/\/www.gridmag.com.mx\/wp-content\/uploads\/2022\/11\/Foto04-768x1024.jpeg\" alt=\"El Oto\u00f1o en el Altiplano Mexicano | Una Transformaci\u00f3n Fascinante\" class=\"wp-image-2268\" srcset=\"https:\/\/www.gridmag.com.mx\/wp-content\/uploads\/2022\/11\/Foto04-768x1024.jpeg 768w, https:\/\/www.gridmag.com.mx\/wp-content\/uploads\/2022\/11\/Foto04-225x300.jpeg 225w, https:\/\/www.gridmag.com.mx\/wp-content\/uploads\/2022\/11\/Foto04-1152x1536.jpeg 1152w, https:\/\/www.gridmag.com.mx\/wp-content\/uploads\/2022\/11\/Foto04-770x1027.jpeg 770w, https:\/\/www.gridmag.com.mx\/wp-content\/uploads\/2022\/11\/Foto04-1400x1867.jpeg 1400w, https:\/\/www.gridmag.com.mx\/wp-content\/uploads\/2022\/11\/Foto04.jpeg 1536w\" sizes=\"(max-width: 768px) 100vw, 768px\" \/><\/figure>\n\n\n\n<div style=\"height:15px\" aria-hidden=\"true\" class=\"wp-block-spacer\"><\/div>\n\n\n\n<p>Para los <strong>ecosistemas urbanos<\/strong> es da\u00f1ino retirar o \u201chacer limpieza\u201d de los espacios donde crece la vegetaci\u00f3n silvestre pues no solo se interrumpe y da\u00f1a sus ciclos de <a href=\"https:\/\/www.gridmag.com.mx\/index.php\/2022\/10\/27\/camila-barba-y-su-exceso-de-vida\/\">vida<\/a>, tambi\u00e9n se extraen los bancos naturales de semillas que normalmente se resguardan en el suelo. Recuerda: todo cambio en la <a href=\"https:\/\/www.gridmag.com.mx\/index.php\/2022\/09\/29\/davidpompa-naturaleza-tradicion-y-diseno-atemporal\/\">naturaleza<\/a> es digno de ser observado.<\/p>\n\n\n\n<h2 class=\"wp-block-heading\">Un Vistazo Detenido al Ciclo Natural: Galer\u00eda visual<\/h2>\n\n\n\n<p>Algunas de las estrellas de oto\u00f1o en el Altiplano son:<\/p>\n\n\n\n<figure class=\"wp-block-gallery has-nested-images columns-default is-cropped wp-block-gallery-1 is-layout-flex wp-block-gallery-is-layout-flex\">\n<figure class=\"wp-block-image size-large\"><img decoding=\"async\" width=\"1024\" height=\"683\" data-id=\"2275\" src=\"https:\/\/www.gridmag.com.mx\/wp-content\/uploads\/2022\/11\/01_mal-de-ojo-Zinnia_x_hybrida-1024x683.jpg\" alt=\"\" class=\"wp-image-2275\" srcset=\"https:\/\/www.gridmag.com.mx\/wp-content\/uploads\/2022\/11\/01_mal-de-ojo-Zinnia_x_hybrida-1024x683.jpg 1024w, https:\/\/www.gridmag.com.mx\/wp-content\/uploads\/2022\/11\/01_mal-de-ojo-Zinnia_x_hybrida-300x200.jpg 300w, https:\/\/www.gridmag.com.mx\/wp-content\/uploads\/2022\/11\/01_mal-de-ojo-Zinnia_x_hybrida-768x512.jpg 768w, https:\/\/www.gridmag.com.mx\/wp-content\/uploads\/2022\/11\/01_mal-de-ojo-Zinnia_x_hybrida-1536x1024.jpg 1536w, https:\/\/www.gridmag.com.mx\/wp-content\/uploads\/2022\/11\/01_mal-de-ojo-Zinnia_x_hybrida-360x240.jpg 360w, https:\/\/www.gridmag.com.mx\/wp-content\/uploads\/2022\/11\/01_mal-de-ojo-Zinnia_x_hybrida-720x480.jpg 720w, https:\/\/www.gridmag.com.mx\/wp-content\/uploads\/2022\/11\/01_mal-de-ojo-Zinnia_x_hybrida-770x513.jpg 770w, https:\/\/www.gridmag.com.mx\/wp-content\/uploads\/2022\/11\/01_mal-de-ojo-Zinnia_x_hybrida-1400x934.jpg 1400w, https:\/\/www.gridmag.com.mx\/wp-content\/uploads\/2022\/11\/01_mal-de-ojo-Zinnia_x_hybrida.jpg 1600w\" sizes=\"(max-width: 1024px) 100vw, 1024px\" \/><figcaption class=\"wp-element-caption\">&nbsp;Mal de ojo o Zinnia <br>(<em>Zinnia peruviana<\/em>)<\/figcaption><\/figure>\n\n\n\n<figure class=\"wp-block-image size-large\"><img decoding=\"async\" width=\"1024\" height=\"1024\" data-id=\"2274\" src=\"https:\/\/www.gridmag.com.mx\/wp-content\/uploads\/2022\/11\/02_Loeselia_mexicana_Polemoniaceae_-_Espinosilla-1024x1024.jpg\" alt=\"\" class=\"wp-image-2274\" srcset=\"https:\/\/www.gridmag.com.mx\/wp-content\/uploads\/2022\/11\/02_Loeselia_mexicana_Polemoniaceae_-_Espinosilla-1024x1024.jpg 1024w, https:\/\/www.gridmag.com.mx\/wp-content\/uploads\/2022\/11\/02_Loeselia_mexicana_Polemoniaceae_-_Espinosilla-300x300.jpg 300w, https:\/\/www.gridmag.com.mx\/wp-content\/uploads\/2022\/11\/02_Loeselia_mexicana_Polemoniaceae_-_Espinosilla-150x150.jpg 150w, https:\/\/www.gridmag.com.mx\/wp-content\/uploads\/2022\/11\/02_Loeselia_mexicana_Polemoniaceae_-_Espinosilla-768x768.jpg 768w, https:\/\/www.gridmag.com.mx\/wp-content\/uploads\/2022\/11\/02_Loeselia_mexicana_Polemoniaceae_-_Espinosilla-120x120.jpg 120w, https:\/\/www.gridmag.com.mx\/wp-content\/uploads\/2022\/11\/02_Loeselia_mexicana_Polemoniaceae_-_Espinosilla-240x240.jpg 240w, https:\/\/www.gridmag.com.mx\/wp-content\/uploads\/2022\/11\/02_Loeselia_mexicana_Polemoniaceae_-_Espinosilla-360x360.jpg 360w, https:\/\/www.gridmag.com.mx\/wp-content\/uploads\/2022\/11\/02_Loeselia_mexicana_Polemoniaceae_-_Espinosilla-540x540.jpg 540w, https:\/\/www.gridmag.com.mx\/wp-content\/uploads\/2022\/11\/02_Loeselia_mexicana_Polemoniaceae_-_Espinosilla-720x720.jpg 720w, https:\/\/www.gridmag.com.mx\/wp-content\/uploads\/2022\/11\/02_Loeselia_mexicana_Polemoniaceae_-_Espinosilla-770x770.jpg 770w, https:\/\/www.gridmag.com.mx\/wp-content\/uploads\/2022\/11\/02_Loeselia_mexicana_Polemoniaceae_-_Espinosilla-125x125.jpg 125w, https:\/\/www.gridmag.com.mx\/wp-content\/uploads\/2022\/11\/02_Loeselia_mexicana_Polemoniaceae_-_Espinosilla.jpg 1200w\" sizes=\"(max-width: 1024px) 100vw, 1024px\" \/><figcaption class=\"wp-element-caption\">Espinosilla <br>(<em>Loeselia mexicana<\/em>)<\/figcaption><\/figure>\n\n\n\n<figure class=\"wp-block-image size-large\"><img decoding=\"async\" width=\"1024\" height=\"805\" data-id=\"2272\" src=\"https:\/\/www.gridmag.com.mx\/wp-content\/uploads\/2022\/11\/03_Bouvardia-ternifolia.jpg\" alt=\"\" class=\"wp-image-2272\" srcset=\"https:\/\/www.gridmag.com.mx\/wp-content\/uploads\/2022\/11\/03_Bouvardia-ternifolia.jpg 1024w, https:\/\/www.gridmag.com.mx\/wp-content\/uploads\/2022\/11\/03_Bouvardia-ternifolia-300x236.jpg 300w, https:\/\/www.gridmag.com.mx\/wp-content\/uploads\/2022\/11\/03_Bouvardia-ternifolia-768x604.jpg 768w, https:\/\/www.gridmag.com.mx\/wp-content\/uploads\/2022\/11\/03_Bouvardia-ternifolia-770x605.jpg 770w\" sizes=\"(max-width: 1024px) 100vw, 1024px\" \/><figcaption class=\"wp-element-caption\">Trompetilla <br>(<em>Bouvardia ternifolia<\/em>)<\/figcaption><\/figure>\n\n\n\n<figure class=\"wp-block-image size-large\"><img decoding=\"async\" width=\"500\" height=\"500\" data-id=\"2270\" src=\"https:\/\/www.gridmag.com.mx\/wp-content\/uploads\/2022\/11\/04-SALVIA-ROJA.jpg\" alt=\"\" class=\"wp-image-2270\" srcset=\"https:\/\/www.gridmag.com.mx\/wp-content\/uploads\/2022\/11\/04-SALVIA-ROJA.jpg 500w, https:\/\/www.gridmag.com.mx\/wp-content\/uploads\/2022\/11\/04-SALVIA-ROJA-300x300.jpg 300w, https:\/\/www.gridmag.com.mx\/wp-content\/uploads\/2022\/11\/04-SALVIA-ROJA-150x150.jpg 150w, https:\/\/www.gridmag.com.mx\/wp-content\/uploads\/2022\/11\/04-SALVIA-ROJA-120x120.jpg 120w, https:\/\/www.gridmag.com.mx\/wp-content\/uploads\/2022\/11\/04-SALVIA-ROJA-240x240.jpg 240w, https:\/\/www.gridmag.com.mx\/wp-content\/uploads\/2022\/11\/04-SALVIA-ROJA-360x360.jpg 360w, https:\/\/www.gridmag.com.mx\/wp-content\/uploads\/2022\/11\/04-SALVIA-ROJA-125x125.jpg 125w\" sizes=\"(max-width: 500px) 100vw, 500px\" \/><figcaption class=\"wp-element-caption\">Salvia roja <br>(<em>Salvia regla<\/em>)<\/figcaption><\/figure>\n\n\n\n<figure class=\"wp-block-image size-large\"><img decoding=\"async\" width=\"1000\" height=\"670\" data-id=\"2271\" src=\"https:\/\/www.gridmag.com.mx\/wp-content\/uploads\/2022\/11\/05-Maravilla-Mirabilis-jalapa-mirabilis-jalapa-2.jpg\" alt=\"\" class=\"wp-image-2271\" srcset=\"https:\/\/www.gridmag.com.mx\/wp-content\/uploads\/2022\/11\/05-Maravilla-Mirabilis-jalapa-mirabilis-jalapa-2.jpg 1000w, https:\/\/www.gridmag.com.mx\/wp-content\/uploads\/2022\/11\/05-Maravilla-Mirabilis-jalapa-mirabilis-jalapa-2-300x201.jpg 300w, https:\/\/www.gridmag.com.mx\/wp-content\/uploads\/2022\/11\/05-Maravilla-Mirabilis-jalapa-mirabilis-jalapa-2-768x515.jpg 768w, https:\/\/www.gridmag.com.mx\/wp-content\/uploads\/2022\/11\/05-Maravilla-Mirabilis-jalapa-mirabilis-jalapa-2-360x240.jpg 360w, https:\/\/www.gridmag.com.mx\/wp-content\/uploads\/2022\/11\/05-Maravilla-Mirabilis-jalapa-mirabilis-jalapa-2-770x516.jpg 770w\" sizes=\"(max-width: 1000px) 100vw, 1000px\" \/><figcaption class=\"wp-element-caption\">Maravilla <br>(<em>Mirabilis jalapa<\/em>)<\/figcaption><\/figure>\n\n\n\n<figure class=\"wp-block-image size-large\"><img decoding=\"async\" width=\"600\" height=\"902\" data-id=\"2273\" src=\"https:\/\/www.gridmag.com.mx\/wp-content\/uploads\/2022\/11\/06-Fiesta-del-sol-Tithonia-rotundifolia-.jpg\" alt=\"\" class=\"wp-image-2273\" srcset=\"https:\/\/www.gridmag.com.mx\/wp-content\/uploads\/2022\/11\/06-Fiesta-del-sol-Tithonia-rotundifolia-.jpg 600w, https:\/\/www.gridmag.com.mx\/wp-content\/uploads\/2022\/11\/06-Fiesta-del-sol-Tithonia-rotundifolia--200x300.jpg 200w\" sizes=\"(max-width: 600px) 100vw, 600px\" \/><figcaption class=\"wp-element-caption\">Fiesta del sol <br>(<em>Tithonia rotundifolia<\/em>)<\/figcaption><\/figure>\n\n\n\n<figure class=\"wp-block-image size-large\"><img decoding=\"async\" width=\"850\" height=\"852\" data-id=\"2278\" src=\"https:\/\/www.gridmag.com.mx\/wp-content\/uploads\/2022\/11\/07-Naranjilla-Adenophyllum-cancellatum.png\" alt=\"\" class=\"wp-image-2278\" srcset=\"https:\/\/www.gridmag.com.mx\/wp-content\/uploads\/2022\/11\/07-Naranjilla-Adenophyllum-cancellatum.png 850w, https:\/\/www.gridmag.com.mx\/wp-content\/uploads\/2022\/11\/07-Naranjilla-Adenophyllum-cancellatum-300x300.png 300w, https:\/\/www.gridmag.com.mx\/wp-content\/uploads\/2022\/11\/07-Naranjilla-Adenophyllum-cancellatum-150x150.png 150w, https:\/\/www.gridmag.com.mx\/wp-content\/uploads\/2022\/11\/07-Naranjilla-Adenophyllum-cancellatum-768x770.png 768w, https:\/\/www.gridmag.com.mx\/wp-content\/uploads\/2022\/11\/07-Naranjilla-Adenophyllum-cancellatum-120x120.png 120w, https:\/\/www.gridmag.com.mx\/wp-content\/uploads\/2022\/11\/07-Naranjilla-Adenophyllum-cancellatum-240x240.png 240w, https:\/\/www.gridmag.com.mx\/wp-content\/uploads\/2022\/11\/07-Naranjilla-Adenophyllum-cancellatum-360x360.png 360w, https:\/\/www.gridmag.com.mx\/wp-content\/uploads\/2022\/11\/07-Naranjilla-Adenophyllum-cancellatum-540x540.png 540w, https:\/\/www.gridmag.com.mx\/wp-content\/uploads\/2022\/11\/07-Naranjilla-Adenophyllum-cancellatum-770x772.png 770w, https:\/\/www.gridmag.com.mx\/wp-content\/uploads\/2022\/11\/07-Naranjilla-Adenophyllum-cancellatum-125x125.png 125w\" sizes=\"(max-width: 850px) 100vw, 850px\" \/><figcaption class=\"wp-element-caption\">Naranjilla <br>(<em>Adenophyllum cancellatum<\/em>)<\/figcaption><\/figure>\n\n\n\n<figure class=\"wp-block-image size-large\"><img decoding=\"async\" width=\"1024\" height=\"1024\" data-id=\"2276\" src=\"https:\/\/www.gridmag.com.mx\/wp-content\/uploads\/2022\/11\/08-Zaluzania_augusta-1024x1024.jpg\" alt=\"\" class=\"wp-image-2276\" srcset=\"https:\/\/www.gridmag.com.mx\/wp-content\/uploads\/2022\/11\/08-Zaluzania_augusta-1024x1024.jpg 1024w, https:\/\/www.gridmag.com.mx\/wp-content\/uploads\/2022\/11\/08-Zaluzania_augusta-300x300.jpg 300w, https:\/\/www.gridmag.com.mx\/wp-content\/uploads\/2022\/11\/08-Zaluzania_augusta-150x150.jpg 150w, https:\/\/www.gridmag.com.mx\/wp-content\/uploads\/2022\/11\/08-Zaluzania_augusta-768x768.jpg 768w, https:\/\/www.gridmag.com.mx\/wp-content\/uploads\/2022\/11\/08-Zaluzania_augusta-120x120.jpg 120w, https:\/\/www.gridmag.com.mx\/wp-content\/uploads\/2022\/11\/08-Zaluzania_augusta-240x240.jpg 240w, https:\/\/www.gridmag.com.mx\/wp-content\/uploads\/2022\/11\/08-Zaluzania_augusta-360x360.jpg 360w, https:\/\/www.gridmag.com.mx\/wp-content\/uploads\/2022\/11\/08-Zaluzania_augusta-540x540.jpg 540w, https:\/\/www.gridmag.com.mx\/wp-content\/uploads\/2022\/11\/08-Zaluzania_augusta-720x720.jpg 720w, https:\/\/www.gridmag.com.mx\/wp-content\/uploads\/2022\/11\/08-Zaluzania_augusta-770x770.jpg 770w, https:\/\/www.gridmag.com.mx\/wp-content\/uploads\/2022\/11\/08-Zaluzania_augusta-125x125.jpg 125w, https:\/\/www.gridmag.com.mx\/wp-content\/uploads\/2022\/11\/08-Zaluzania_augusta.jpg 1200w\" sizes=\"(max-width: 1024px) 100vw, 1024px\" \/><figcaption class=\"wp-element-caption\">Limpiatunas <br>(<em>Zaluzania augusta<\/em>)<\/figcaption><\/figure>\n\n\n\n<figure class=\"wp-block-image size-large\"><img decoding=\"async\" width=\"1024\" height=\"680\" data-id=\"2277\" src=\"https:\/\/www.gridmag.com.mx\/wp-content\/uploads\/2022\/11\/09-Cinco-llagas-Tagetes-lunulata.jpg\" alt=\"\" class=\"wp-image-2277\" srcset=\"https:\/\/www.gridmag.com.mx\/wp-content\/uploads\/2022\/11\/09-Cinco-llagas-Tagetes-lunulata.jpg 1024w, https:\/\/www.gridmag.com.mx\/wp-content\/uploads\/2022\/11\/09-Cinco-llagas-Tagetes-lunulata-300x199.jpg 300w, https:\/\/www.gridmag.com.mx\/wp-content\/uploads\/2022\/11\/09-Cinco-llagas-Tagetes-lunulata-768x510.jpg 768w, https:\/\/www.gridmag.com.mx\/wp-content\/uploads\/2022\/11\/09-Cinco-llagas-Tagetes-lunulata-360x240.jpg 360w, https:\/\/www.gridmag.com.mx\/wp-content\/uploads\/2022\/11\/09-Cinco-llagas-Tagetes-lunulata-770x511.jpg 770w\" sizes=\"(max-width: 1024px) 100vw, 1024px\" \/><figcaption class=\"wp-element-caption\">Cinco llagas <br>(<em>Tagetes lunulata<\/em>)<\/figcaption><\/figure>\n\n\n\n<figure class=\"wp-block-image size-large\"><img decoding=\"async\" width=\"850\" height=\"936\" data-id=\"2280\" src=\"https:\/\/www.gridmag.com.mx\/wp-content\/uploads\/2022\/11\/10-Mirasol-amarillo-Bidens-angustissima-1.png\" alt=\"El Oto\u00f1o en el Altiplano Mexicano | Una Transformaci\u00f3n Fascinante\" class=\"wp-image-2280\" srcset=\"https:\/\/www.gridmag.com.mx\/wp-content\/uploads\/2022\/11\/10-Mirasol-amarillo-Bidens-angustissima-1.png 850w, https:\/\/www.gridmag.com.mx\/wp-content\/uploads\/2022\/11\/10-Mirasol-amarillo-Bidens-angustissima-1-272x300.png 272w, https:\/\/www.gridmag.com.mx\/wp-content\/uploads\/2022\/11\/10-Mirasol-amarillo-Bidens-angustissima-1-768x846.png 768w, https:\/\/www.gridmag.com.mx\/wp-content\/uploads\/2022\/11\/10-Mirasol-amarillo-Bidens-angustissima-1-770x848.png 770w\" sizes=\"(max-width: 850px) 100vw, 850px\" \/><figcaption class=\"wp-element-caption\">Mirasol amarillo (<em>Bidens angustissima<\/em>)<\/figcaption><\/figure>\n\n\n\n<figure class=\"wp-block-image size-large\"><img decoding=\"async\" width=\"850\" height=\"729\" data-id=\"2281\" src=\"https:\/\/www.gridmag.com.mx\/wp-content\/uploads\/2022\/11\/11-Girasol-Tithonia-tubiformis.png\" alt=\"El Oto\u00f1o en el Altiplano Mexicano | Una Transformaci\u00f3n Fascinante\" class=\"wp-image-2281\" srcset=\"https:\/\/www.gridmag.com.mx\/wp-content\/uploads\/2022\/11\/11-Girasol-Tithonia-tubiformis.png 850w, https:\/\/www.gridmag.com.mx\/wp-content\/uploads\/2022\/11\/11-Girasol-Tithonia-tubiformis-300x257.png 300w, https:\/\/www.gridmag.com.mx\/wp-content\/uploads\/2022\/11\/11-Girasol-Tithonia-tubiformis-768x659.png 768w, https:\/\/www.gridmag.com.mx\/wp-content\/uploads\/2022\/11\/11-Girasol-Tithonia-tubiformis-770x660.png 770w\" sizes=\"(max-width: 850px) 100vw, 850px\" \/><figcaption class=\"wp-element-caption\">Girasol (<em>Tithonia tubiformis<\/em>)<\/figcaption><\/figure>\n<\/figure>\n","protected":false},"excerpt":{"rendered":"<p>Cuando pensamos los cambios de estaci\u00f3n (estacionalidad) y en particular, en los cambios que suceden en oto\u00f1o, nos viene a la memoria im\u00e1genes de altos maples y encinos cambiando sus tonalidades de dorados amarillos a vivos rojos, dejando hermosas alfombras vegetales; tambi\u00e9n imaginamos climas fr\u00edos, constantes e uniformes y alguna lluvia ocasional que nos invita a detenernos. Ecosistemas urbanos y el oto\u00f1o Pero, \u00bfrealmente es as\u00ed el oto\u00f1o en el Altiplano mexicano? Nuestros paisajes urbanos no cuentan con grandes bosques [&hellip;]<\/p>\n","protected":false},"author":1,"featured_media":2283,"comment_status":"open","ping_status":"open","sticky":false,"template":"","format":"standard","meta":{"footnotes":""},"categories":[49,51],"tags":[],"class_list":["post-2262","post","type-post","status-publish","format-standard","has-post-thumbnail","hentry","category-arquitectura","category-interiorismo"],"yoast_head":"<!-- This site is optimized with the Yoast SEO plugin v27.0 - https:\/\/yoast.com\/product\/yoast-seo-wordpress\/ -->\n<title>El Oto\u00f1o en el Altiplano Mexicano | Una Transformaci\u00f3n Fascinante<\/title>\n<meta name=\"description\" content=\"Explorando la discreta metamorfosis del oto\u00f1o en entornos urbanos, donde la vegetaci\u00f3n silvestre revela sutiles cambios y ciclos naturales.\" \/>\n<meta name=\"robots\" content=\"index, follow, max-snippet:-1, max-image-preview:large, max-video-preview:-1\" \/>\n<link rel=\"canonical\" href=\"https:\/\/www.gridmag.com.mx\/index.php\/2022\/11\/23\/otono-en-el-altiplano\/\" \/>\n<meta property=\"og:locale\" content=\"es_MX\" \/>\n<meta property=\"og:type\" content=\"article\" \/>\n<meta property=\"og:title\" content=\"El Oto\u00f1o en el Altiplano Mexicano | Una Transformaci\u00f3n Fascinante\" \/>\n<meta property=\"og:description\" content=\"Explorando la discreta metamorfosis del oto\u00f1o en entornos urbanos, donde la vegetaci\u00f3n silvestre revela sutiles cambios y ciclos naturales.\" \/>\n<meta property=\"og:url\" content=\"https:\/\/www.gridmag.com.mx\/index.php\/2022\/11\/23\/otono-en-el-altiplano\/\" \/>\n<meta property=\"og:site_name\" content=\"Grid Magazine\" \/>\n<meta property=\"article:publisher\" content=\"https:\/\/www.facebook.com\/gridmagazine.mx\" \/>\n<meta property=\"article:published_time\" content=\"2022-11-23T17:42:54+00:00\" \/>\n<meta property=\"article:modified_time\" content=\"2024-03-05T23:35:32+00:00\" \/>\n<meta property=\"og:image\" content=\"https:\/\/www.gridmag.com.mx\/wp-content\/uploads\/2022\/11\/Foto03-1.jpeg\" \/>\n\t<meta property=\"og:image:width\" content=\"2048\" \/>\n\t<meta property=\"og:image:height\" content=\"1536\" \/>\n\t<meta property=\"og:image:type\" content=\"image\/jpeg\" \/>\n<meta name=\"author\" content=\"Grid Magazine\" \/>\n<meta name=\"twitter:card\" content=\"summary_large_image\" \/>\n<meta name=\"twitter:label1\" content=\"Escrito por\" \/>\n\t<meta name=\"twitter:data1\" content=\"Grid Magazine\" \/>\n\t<meta name=\"twitter:label2\" content=\"Tiempo de lectura\" \/>\n\t<meta name=\"twitter:data2\" content=\"5 minutos\" \/>\n<script type=\"application\/ld+json\" class=\"yoast-schema-graph\">{\"@context\":\"https:\/\/schema.org\",\"@graph\":[{\"@type\":\"Article\",\"@id\":\"https:\/\/www.gridmag.com.mx\/index.php\/2022\/11\/23\/otono-en-el-altiplano\/#article\",\"isPartOf\":{\"@id\":\"https:\/\/www.gridmag.com.mx\/index.php\/2022\/11\/23\/otono-en-el-altiplano\/\"},\"author\":{\"name\":\"Grid Magazine\",\"@id\":\"https:\/\/www.gridmag.com.mx\/#\/schema\/person\/d54cddc75e2ecfe4a55e39c0336ae932\"},\"headline\":\"El oto\u00f1o en el Altiplano Mexicano | Una transformaci\u00f3n fascinante\",\"datePublished\":\"2022-11-23T17:42:54+00:00\",\"dateModified\":\"2024-03-05T23:35:32+00:00\",\"mainEntityOfPage\":{\"@id\":\"https:\/\/www.gridmag.com.mx\/index.php\/2022\/11\/23\/otono-en-el-altiplano\/\"},\"wordCount\":385,\"commentCount\":0,\"publisher\":{\"@id\":\"https:\/\/www.gridmag.com.mx\/#organization\"},\"image\":{\"@id\":\"https:\/\/www.gridmag.com.mx\/index.php\/2022\/11\/23\/otono-en-el-altiplano\/#primaryimage\"},\"thumbnailUrl\":\"https:\/\/www.gridmag.com.mx\/wp-content\/uploads\/2022\/11\/Foto03-1.jpeg\",\"articleSection\":[\"Arquitectura\",\"Interiorismo\"],\"inLanguage\":\"es\",\"potentialAction\":[{\"@type\":\"CommentAction\",\"name\":\"Comment\",\"target\":[\"https:\/\/www.gridmag.com.mx\/index.php\/2022\/11\/23\/otono-en-el-altiplano\/#respond\"]}]},{\"@type\":\"WebPage\",\"@id\":\"https:\/\/www.gridmag.com.mx\/index.php\/2022\/11\/23\/otono-en-el-altiplano\/\",\"url\":\"https:\/\/www.gridmag.com.mx\/index.php\/2022\/11\/23\/otono-en-el-altiplano\/\",\"name\":\"El Oto\u00f1o en el Altiplano Mexicano | Una Transformaci\u00f3n Fascinante\",\"isPartOf\":{\"@id\":\"https:\/\/www.gridmag.com.mx\/#website\"},\"primaryImageOfPage\":{\"@id\":\"https:\/\/www.gridmag.com.mx\/index.php\/2022\/11\/23\/otono-en-el-altiplano\/#primaryimage\"},\"image\":{\"@id\":\"https:\/\/www.gridmag.com.mx\/index.php\/2022\/11\/23\/otono-en-el-altiplano\/#primaryimage\"},\"thumbnailUrl\":\"https:\/\/www.gridmag.com.mx\/wp-content\/uploads\/2022\/11\/Foto03-1.jpeg\",\"datePublished\":\"2022-11-23T17:42:54+00:00\",\"dateModified\":\"2024-03-05T23:35:32+00:00\",\"description\":\"Explorando la discreta metamorfosis del oto\u00f1o en entornos urbanos, donde la vegetaci\u00f3n silvestre revela sutiles cambios y ciclos naturales.\",\"breadcrumb\":{\"@id\":\"https:\/\/www.gridmag.com.mx\/index.php\/2022\/11\/23\/otono-en-el-altiplano\/#breadcrumb\"},\"inLanguage\":\"es\",\"potentialAction\":[{\"@type\":\"ReadAction\",\"target\":[\"https:\/\/www.gridmag.com.mx\/index.php\/2022\/11\/23\/otono-en-el-altiplano\/\"]}]},{\"@type\":\"ImageObject\",\"inLanguage\":\"es\",\"@id\":\"https:\/\/www.gridmag.com.mx\/index.php\/2022\/11\/23\/otono-en-el-altiplano\/#primaryimage\",\"url\":\"https:\/\/www.gridmag.com.mx\/wp-content\/uploads\/2022\/11\/Foto03-1.jpeg\",\"contentUrl\":\"https:\/\/www.gridmag.com.mx\/wp-content\/uploads\/2022\/11\/Foto03-1.jpeg\",\"width\":2048,\"height\":1536,\"caption\":\"El oto\u00f1o en el Altiplano Mexicano | Una transformaci\u00f3n fascinante\"},{\"@type\":\"BreadcrumbList\",\"@id\":\"https:\/\/www.gridmag.com.mx\/index.php\/2022\/11\/23\/otono-en-el-altiplano\/#breadcrumb\",\"itemListElement\":[{\"@type\":\"ListItem\",\"position\":1,\"name\":\"Inicio\",\"item\":\"https:\/\/www.gridmag.com.mx\/\"},{\"@type\":\"ListItem\",\"position\":2,\"name\":\"El oto\u00f1o en el Altiplano Mexicano | Una transformaci\u00f3n fascinante\"}]},{\"@type\":\"WebSite\",\"@id\":\"https:\/\/www.gridmag.com.mx\/#website\",\"url\":\"https:\/\/www.gridmag.com.mx\/\",\"name\":\"Grid Magazine\",\"description\":\"Compartiendo lo mejor de la arquitectura y dise\u00f1o mexicano.\",\"publisher\":{\"@id\":\"https:\/\/www.gridmag.com.mx\/#organization\"},\"potentialAction\":[{\"@type\":\"SearchAction\",\"target\":{\"@type\":\"EntryPoint\",\"urlTemplate\":\"https:\/\/www.gridmag.com.mx\/?s={search_term_string}\"},\"query-input\":{\"@type\":\"PropertyValueSpecification\",\"valueRequired\":true,\"valueName\":\"search_term_string\"}}],\"inLanguage\":\"es\"},{\"@type\":\"Organization\",\"@id\":\"https:\/\/www.gridmag.com.mx\/#organization\",\"name\":\"Grid Magazine\",\"url\":\"https:\/\/www.gridmag.com.mx\/\",\"logo\":{\"@type\":\"ImageObject\",\"inLanguage\":\"es\",\"@id\":\"https:\/\/www.gridmag.com.mx\/#\/schema\/logo\/image\/\",\"url\":\"\",\"contentUrl\":\"\",\"caption\":\"Grid Magazine\"},\"image\":{\"@id\":\"https:\/\/www.gridmag.com.mx\/#\/schema\/logo\/image\/\"},\"sameAs\":[\"https:\/\/www.facebook.com\/gridmagazine.mx\",\"https:\/\/www.instagram.com\/gridmagazine_mx\/\",\"https:\/\/www.tiktok.com\/@gridmagazine.mx?_t=8gl2kVR2Aq6&_r=1\",\"https:\/\/www.linkedin.com\/company\/grid-magazine-mx\/\"]},{\"@type\":\"Person\",\"@id\":\"https:\/\/www.gridmag.com.mx\/#\/schema\/person\/d54cddc75e2ecfe4a55e39c0336ae932\",\"name\":\"Grid Magazine\",\"image\":{\"@type\":\"ImageObject\",\"inLanguage\":\"es\",\"@id\":\"https:\/\/www.gridmag.com.mx\/#\/schema\/person\/image\/\",\"url\":\"https:\/\/secure.gravatar.com\/avatar\/8e4bd50943002dd6ee9db30e5af749244f3e21206a99c4fb42429117eaacfc83?s=96&d=mm&r=g\",\"contentUrl\":\"https:\/\/secure.gravatar.com\/avatar\/8e4bd50943002dd6ee9db30e5af749244f3e21206a99c4fb42429117eaacfc83?s=96&d=mm&r=g\",\"caption\":\"Grid Magazine\"},\"sameAs\":[\"https:\/\/www.gridmag.com.mx\"],\"url\":\"https:\/\/www.gridmag.com.mx\/index.php\/author\/grid-magazine-arq\/\"}]}<\/script>\n<!-- \/ Yoast SEO plugin. -->","yoast_head_json":{"title":"El Oto\u00f1o en el Altiplano Mexicano | Una Transformaci\u00f3n Fascinante","description":"Explorando la discreta metamorfosis del oto\u00f1o en entornos urbanos, donde la vegetaci\u00f3n silvestre revela sutiles cambios y ciclos naturales.","robots":{"index":"index","follow":"follow","max-snippet":"max-snippet:-1","max-image-preview":"max-image-preview:large","max-video-preview":"max-video-preview:-1"},"canonical":"https:\/\/www.gridmag.com.mx\/index.php\/2022\/11\/23\/otono-en-el-altiplano\/","og_locale":"es_MX","og_type":"article","og_title":"El Oto\u00f1o en el Altiplano Mexicano | Una Transformaci\u00f3n Fascinante","og_description":"Explorando la discreta metamorfosis del oto\u00f1o en entornos urbanos, donde la vegetaci\u00f3n silvestre revela sutiles cambios y ciclos naturales.","og_url":"https:\/\/www.gridmag.com.mx\/index.php\/2022\/11\/23\/otono-en-el-altiplano\/","og_site_name":"Grid Magazine","article_publisher":"https:\/\/www.facebook.com\/gridmagazine.mx","article_published_time":"2022-11-23T17:42:54+00:00","article_modified_time":"2024-03-05T23:35:32+00:00","og_image":[{"width":2048,"height":1536,"url":"https:\/\/www.gridmag.com.mx\/wp-content\/uploads\/2022\/11\/Foto03-1.jpeg","type":"image\/jpeg"}],"author":"Grid Magazine","twitter_card":"summary_large_image","twitter_misc":{"Escrito por":"Grid Magazine","Tiempo de lectura":"5 minutos"},"schema":{"@context":"https:\/\/schema.org","@graph":[{"@type":"Article","@id":"https:\/\/www.gridmag.com.mx\/index.php\/2022\/11\/23\/otono-en-el-altiplano\/#article","isPartOf":{"@id":"https:\/\/www.gridmag.com.mx\/index.php\/2022\/11\/23\/otono-en-el-altiplano\/"},"author":{"name":"Grid Magazine","@id":"https:\/\/www.gridmag.com.mx\/#\/schema\/person\/d54cddc75e2ecfe4a55e39c0336ae932"},"headline":"El oto\u00f1o en el Altiplano Mexicano | Una transformaci\u00f3n fascinante","datePublished":"2022-11-23T17:42:54+00:00","dateModified":"2024-03-05T23:35:32+00:00","mainEntityOfPage":{"@id":"https:\/\/www.gridmag.com.mx\/index.php\/2022\/11\/23\/otono-en-el-altiplano\/"},"wordCount":385,"commentCount":0,"publisher":{"@id":"https:\/\/www.gridmag.com.mx\/#organization"},"image":{"@id":"https:\/\/www.gridmag.com.mx\/index.php\/2022\/11\/23\/otono-en-el-altiplano\/#primaryimage"},"thumbnailUrl":"https:\/\/www.gridmag.com.mx\/wp-content\/uploads\/2022\/11\/Foto03-1.jpeg","articleSection":["Arquitectura","Interiorismo"],"inLanguage":"es","potentialAction":[{"@type":"CommentAction","name":"Comment","target":["https:\/\/www.gridmag.com.mx\/index.php\/2022\/11\/23\/otono-en-el-altiplano\/#respond"]}]},{"@type":"WebPage","@id":"https:\/\/www.gridmag.com.mx\/index.php\/2022\/11\/23\/otono-en-el-altiplano\/","url":"https:\/\/www.gridmag.com.mx\/index.php\/2022\/11\/23\/otono-en-el-altiplano\/","name":"El Oto\u00f1o en el Altiplano Mexicano | Una Transformaci\u00f3n Fascinante","isPartOf":{"@id":"https:\/\/www.gridmag.com.mx\/#website"},"primaryImageOfPage":{"@id":"https:\/\/www.gridmag.com.mx\/index.php\/2022\/11\/23\/otono-en-el-altiplano\/#primaryimage"},"image":{"@id":"https:\/\/www.gridmag.com.mx\/index.php\/2022\/11\/23\/otono-en-el-altiplano\/#primaryimage"},"thumbnailUrl":"https:\/\/www.gridmag.com.mx\/wp-content\/uploads\/2022\/11\/Foto03-1.jpeg","datePublished":"2022-11-23T17:42:54+00:00","dateModified":"2024-03-05T23:35:32+00:00","description":"Explorando la discreta metamorfosis del oto\u00f1o en entornos urbanos, donde la vegetaci\u00f3n silvestre revela sutiles cambios y ciclos naturales.","breadcrumb":{"@id":"https:\/\/www.gridmag.com.mx\/index.php\/2022\/11\/23\/otono-en-el-altiplano\/#breadcrumb"},"inLanguage":"es","potentialAction":[{"@type":"ReadAction","target":["https:\/\/www.gridmag.com.mx\/index.php\/2022\/11\/23\/otono-en-el-altiplano\/"]}]},{"@type":"ImageObject","inLanguage":"es","@id":"https:\/\/www.gridmag.com.mx\/index.php\/2022\/11\/23\/otono-en-el-altiplano\/#primaryimage","url":"https:\/\/www.gridmag.com.mx\/wp-content\/uploads\/2022\/11\/Foto03-1.jpeg","contentUrl":"https:\/\/www.gridmag.com.mx\/wp-content\/uploads\/2022\/11\/Foto03-1.jpeg","width":2048,"height":1536,"caption":"El oto\u00f1o en el Altiplano Mexicano | Una transformaci\u00f3n fascinante"},{"@type":"BreadcrumbList","@id":"https:\/\/www.gridmag.com.mx\/index.php\/2022\/11\/23\/otono-en-el-altiplano\/#breadcrumb","itemListElement":[{"@type":"ListItem","position":1,"name":"Inicio","item":"https:\/\/www.gridmag.com.mx\/"},{"@type":"ListItem","position":2,"name":"El oto\u00f1o en el Altiplano Mexicano | Una transformaci\u00f3n fascinante"}]},{"@type":"WebSite","@id":"https:\/\/www.gridmag.com.mx\/#website","url":"https:\/\/www.gridmag.com.mx\/","name":"Grid Magazine","description":"Compartiendo lo mejor de la arquitectura y dise\u00f1o mexicano.","publisher":{"@id":"https:\/\/www.gridmag.com.mx\/#organization"},"potentialAction":[{"@type":"SearchAction","target":{"@type":"EntryPoint","urlTemplate":"https:\/\/www.gridmag.com.mx\/?s={search_term_string}"},"query-input":{"@type":"PropertyValueSpecification","valueRequired":true,"valueName":"search_term_string"}}],"inLanguage":"es"},{"@type":"Organization","@id":"https:\/\/www.gridmag.com.mx\/#organization","name":"Grid Magazine","url":"https:\/\/www.gridmag.com.mx\/","logo":{"@type":"ImageObject","inLanguage":"es","@id":"https:\/\/www.gridmag.com.mx\/#\/schema\/logo\/image\/","url":"","contentUrl":"","caption":"Grid Magazine"},"image":{"@id":"https:\/\/www.gridmag.com.mx\/#\/schema\/logo\/image\/"},"sameAs":["https:\/\/www.facebook.com\/gridmagazine.mx","https:\/\/www.instagram.com\/gridmagazine_mx\/","https:\/\/www.tiktok.com\/@gridmagazine.mx?_t=8gl2kVR2Aq6&_r=1","https:\/\/www.linkedin.com\/company\/grid-magazine-mx\/"]},{"@type":"Person","@id":"https:\/\/www.gridmag.com.mx\/#\/schema\/person\/d54cddc75e2ecfe4a55e39c0336ae932","name":"Grid Magazine","image":{"@type":"ImageObject","inLanguage":"es","@id":"https:\/\/www.gridmag.com.mx\/#\/schema\/person\/image\/","url":"https:\/\/secure.gravatar.com\/avatar\/8e4bd50943002dd6ee9db30e5af749244f3e21206a99c4fb42429117eaacfc83?s=96&d=mm&r=g","contentUrl":"https:\/\/secure.gravatar.com\/avatar\/8e4bd50943002dd6ee9db30e5af749244f3e21206a99c4fb42429117eaacfc83?s=96&d=mm&r=g","caption":"Grid Magazine"},"sameAs":["https:\/\/www.gridmag.com.mx"],"url":"https:\/\/www.gridmag.com.mx\/index.php\/author\/grid-magazine-arq\/"}]}},"_links":{"self":[{"href":"https:\/\/www.gridmag.com.mx\/index.php\/wp-json\/wp\/v2\/posts\/2262","targetHints":{"allow":["GET"]}}],"collection":[{"href":"https:\/\/www.gridmag.com.mx\/index.php\/wp-json\/wp\/v2\/posts"}],"about":[{"href":"https:\/\/www.gridmag.com.mx\/index.php\/wp-json\/wp\/v2\/types\/post"}],"author":[{"embeddable":true,"href":"https:\/\/www.gridmag.com.mx\/index.php\/wp-json\/wp\/v2\/users\/1"}],"replies":[{"embeddable":true,"href":"https:\/\/www.gridmag.com.mx\/index.php\/wp-json\/wp\/v2\/comments?post=2262"}],"version-history":[{"count":6,"href":"https:\/\/www.gridmag.com.mx\/index.php\/wp-json\/wp\/v2\/posts\/2262\/revisions"}],"predecessor-version":[{"id":6741,"href":"https:\/\/www.gridmag.com.mx\/index.php\/wp-json\/wp\/v2\/posts\/2262\/revisions\/6741"}],"wp:featuredmedia":[{"embeddable":true,"href":"https:\/\/www.gridmag.com.mx\/index.php\/wp-json\/wp\/v2\/media\/2283"}],"wp:attachment":[{"href":"https:\/\/www.gridmag.com.mx\/index.php\/wp-json\/wp\/v2\/media?parent=2262"}],"wp:term":[{"taxonomy":"category","embeddable":true,"href":"https:\/\/www.gridmag.com.mx\/index.php\/wp-json\/wp\/v2\/categories?post=2262"},{"taxonomy":"post_tag","embeddable":true,"href":"https:\/\/www.gridmag.com.mx\/index.php\/wp-json\/wp\/v2\/tags?post=2262"}],"curies":[{"name":"wp","href":"https:\/\/api.w.org\/{rel}","templated":true}]}}