{"id":2693,"date":"2023-02-04T10:39:33","date_gmt":"2023-02-04T16:39:33","guid":{"rendered":"https:\/\/www.gridmag.com.mx\/?p=2693"},"modified":"2023-12-15T16:25:06","modified_gmt":"2023-12-15T22:25:06","slug":"maco-2023-mi-primer-zona-maco","status":"publish","type":"post","link":"https:\/\/www.gridmag.com.mx\/index.php\/2023\/02\/04\/maco-2023-mi-primer-zona-maco\/","title":{"rendered":"Zona Maco 2023 | Mi primer Zona Maco"},"content":{"rendered":"\n\n\n<p>Zona Maco es el evento de arte contempor\u00e1neo m\u00e1s importante de Latinoam\u00e9rica. Naci\u00f3 en Monterrey en 2002, cuando <strong>Z\u00e9lika Garc\u00eda<\/strong>, su fundadora, decidi\u00f3 compartir el arte en su ciudad natal. Un a\u00f1o despu\u00e9s la feria se traslad\u00f3 a&nbsp; CDMX, convirti\u00e9ndose en un evento internacional en el que participan galer\u00edas y artistas de todo el mundo. En este 2023, el evento contar\u00e1 con 216 expositores participantes,&nbsp; 51 % es talento nacional proveniente de Guadalajara, Monterrey, Oaxaca, Puebla, Torre\u00f3n, Uruapan y CDMX, entre otras y 49 % viene del extranjero.<\/p>\n\n\n\n<h2 class=\"wp-block-heading\">\u00bfQu\u00e9 necesitas para asistir a Zona Maco?<\/h2>\n\n\n\n<p>Un evento as\u00ed de grande e importante emociona mucho, pero tambi\u00e9n sabemos que puede ser intimidante, as\u00ed que en <strong>GRID<\/strong> nos encargamos de hacer una gu\u00eda para ayudarte a vivir tu primer Zona Maco.<\/p>\n\n\n\n<figure class=\"wp-block-image size-large\"><img decoding=\"async\" width=\"1024\" height=\"683\" src=\"https:\/\/www.gridmag.com.mx\/wp-content\/uploads\/2023\/02\/MACO_2022_GENERALES88-1024x683.jpg\" alt=\"Zona Maco 2023 | Mi Primer Zona Maco\" class=\"wp-image-2694\" srcset=\"https:\/\/www.gridmag.com.mx\/wp-content\/uploads\/2023\/02\/MACO_2022_GENERALES88-1024x683.jpg 1024w, https:\/\/www.gridmag.com.mx\/wp-content\/uploads\/2023\/02\/MACO_2022_GENERALES88-300x200.jpg 300w, https:\/\/www.gridmag.com.mx\/wp-content\/uploads\/2023\/02\/MACO_2022_GENERALES88-768x512.jpg 768w, https:\/\/www.gridmag.com.mx\/wp-content\/uploads\/2023\/02\/MACO_2022_GENERALES88-1536x1024.jpg 1536w, https:\/\/www.gridmag.com.mx\/wp-content\/uploads\/2023\/02\/MACO_2022_GENERALES88-2048x1366.jpg 2048w, https:\/\/www.gridmag.com.mx\/wp-content\/uploads\/2023\/02\/MACO_2022_GENERALES88-360x240.jpg 360w, https:\/\/www.gridmag.com.mx\/wp-content\/uploads\/2023\/02\/MACO_2022_GENERALES88-720x480.jpg 720w, https:\/\/www.gridmag.com.mx\/wp-content\/uploads\/2023\/02\/MACO_2022_GENERALES88-770x513.jpg 770w, https:\/\/www.gridmag.com.mx\/wp-content\/uploads\/2023\/02\/MACO_2022_GENERALES88-1400x934.jpg 1400w\" sizes=\"(max-width: 1024px) 100vw, 1024px\" \/><\/figure>\n\n\n\n<div style=\"height:10px\" aria-hidden=\"true\" class=\"wp-block-spacer\"><\/div>\n\n\n\n<h3 class=\"wp-block-heading\"><strong>Ent\u00e9rate de todos los eventos que suceder\u00e1n en estas fechas<\/strong><\/h3>\n\n\n\n<p>Zona Maco se realiza en el marco de la <strong>Semana del Arte<\/strong> en la CDMX, un evento que corre del 8 al 12 de febrero y en el que se llevar\u00e1n a cabo de forma simult\u00e1nea distintas ferias y exposiciones as\u00ed que hay DEMASIADO que ver, por lo mismo, necesitas organizar bien tu tiempo para poder ver todo lo que te interesa.<\/p>\n\n\n\n<figure class=\"wp-block-image size-large\"><img decoding=\"async\" width=\"1024\" height=\"683\" src=\"https:\/\/www.gridmag.com.mx\/wp-content\/uploads\/2023\/02\/MACO_2022_GENERALES38-1024x683.jpg\" alt=\"Zona Maco 2023 | Mi Primer Zona Maco\" class=\"wp-image-2695\" srcset=\"https:\/\/www.gridmag.com.mx\/wp-content\/uploads\/2023\/02\/MACO_2022_GENERALES38-1024x683.jpg 1024w, https:\/\/www.gridmag.com.mx\/wp-content\/uploads\/2023\/02\/MACO_2022_GENERALES38-300x200.jpg 300w, https:\/\/www.gridmag.com.mx\/wp-content\/uploads\/2023\/02\/MACO_2022_GENERALES38-768x512.jpg 768w, https:\/\/www.gridmag.com.mx\/wp-content\/uploads\/2023\/02\/MACO_2022_GENERALES38-1536x1024.jpg 1536w, https:\/\/www.gridmag.com.mx\/wp-content\/uploads\/2023\/02\/MACO_2022_GENERALES38-2048x1366.jpg 2048w, https:\/\/www.gridmag.com.mx\/wp-content\/uploads\/2023\/02\/MACO_2022_GENERALES38-360x240.jpg 360w, https:\/\/www.gridmag.com.mx\/wp-content\/uploads\/2023\/02\/MACO_2022_GENERALES38-720x480.jpg 720w, https:\/\/www.gridmag.com.mx\/wp-content\/uploads\/2023\/02\/MACO_2022_GENERALES38-770x513.jpg 770w, https:\/\/www.gridmag.com.mx\/wp-content\/uploads\/2023\/02\/MACO_2022_GENERALES38-1400x934.jpg 1400w\" sizes=\"(max-width: 1024px) 100vw, 1024px\" \/><\/figure>\n\n\n\n<div style=\"height:10px\" aria-hidden=\"true\" class=\"wp-block-spacer\"><\/div>\n\n\n\n<p>De acuerdo con Gina Jaramillo, directora de <em>Chilango<\/em>, <em>Local<\/em> y <em>DeMemoria<\/em> en Capital Digital, as\u00ed como experta en la difusi\u00f3n del arte explica que en estas fechas destacan tres grandes ferias: Zona Maco, <a href=\"https:\/\/salonacme.com\/es\">Sal\u00f3n ACME<\/a> y <a href=\"https:\/\/material-fair.com\/es\/\">Material Art Fair <\/a>en donde adem\u00e1s de las propuestas de arte y dise\u00f1o existe una gran vida nocturna.<\/p>\n\n\n\n<p>\u201cSi vienes por primera vez, es importante que consideres que hay eventos que se presentar\u00e1n \u00fanicamente durante la semana del <a href=\"https:\/\/www.gridmag.com.mx\/index.php\/2023\/11\/01\/arte-y-tradicion-dia-de-muertos-en-casa-de-sierra-nevada-con-betsabee-romero\/\">arte<\/a>\u201d, comenta Gina Jaramillo. \u201cTambi\u00e9n es muy interesante porque podemos encontrar curadoras, muse\u00f3grafas, personas de montaje, dise\u00f1adores y un sinf\u00edn de disciplinas involucradas\u201d.<\/p>\n\n\n\n<p><\/p>\n\n\n\n<h3 class=\"wp-block-heading\"><strong>Descubre todas las zonas dentro de Zona Maco<\/strong><\/h3>\n\n\n\n<p>Ahora enfoqu\u00e9monos en Zona Maco. Esta feria se realiza del 8 al 12 de febrero en el Centro Citibanamex. Los boletos est\u00e1n a la venta en su p\u00e1gina&nbsp; y lo mejor es adquirirlos con antelaci\u00f3n (te salen 50 pesos m\u00e1s baratos y no hay cola). Dentro del evento encontrar\u00e1s cuatro secciones:<strong> <\/strong><\/p>\n\n\n\n<ul class=\"wp-block-list\">\n<li><strong>Arte Contempor\u00e1neo<\/strong><\/li>\n\n\n\n<li><strong>Dise\u00f1o<\/strong><\/li>\n\n\n\n<li><strong>Sal\u00f3n <\/strong><\/li>\n\n\n\n<li><strong>Foto<\/strong><\/li>\n<\/ul>\n\n\n\n<figure class=\"wp-block-image size-large\"><img decoding=\"async\" width=\"1024\" height=\"683\" src=\"https:\/\/www.gridmag.com.mx\/wp-content\/uploads\/2023\/02\/ZELIKA-GARCIA-Y-JUAN-CANELA-1-1024x683.jpg\" alt=\"Zona Maco 2023 | Mi Primer Zona Maco\" class=\"wp-image-2696\" srcset=\"https:\/\/www.gridmag.com.mx\/wp-content\/uploads\/2023\/02\/ZELIKA-GARCIA-Y-JUAN-CANELA-1-1024x683.jpg 1024w, https:\/\/www.gridmag.com.mx\/wp-content\/uploads\/2023\/02\/ZELIKA-GARCIA-Y-JUAN-CANELA-1-300x200.jpg 300w, https:\/\/www.gridmag.com.mx\/wp-content\/uploads\/2023\/02\/ZELIKA-GARCIA-Y-JUAN-CANELA-1-768x512.jpg 768w, https:\/\/www.gridmag.com.mx\/wp-content\/uploads\/2023\/02\/ZELIKA-GARCIA-Y-JUAN-CANELA-1-1536x1024.jpg 1536w, https:\/\/www.gridmag.com.mx\/wp-content\/uploads\/2023\/02\/ZELIKA-GARCIA-Y-JUAN-CANELA-1-2048x1366.jpg 2048w, https:\/\/www.gridmag.com.mx\/wp-content\/uploads\/2023\/02\/ZELIKA-GARCIA-Y-JUAN-CANELA-1-360x240.jpg 360w, https:\/\/www.gridmag.com.mx\/wp-content\/uploads\/2023\/02\/ZELIKA-GARCIA-Y-JUAN-CANELA-1-720x480.jpg 720w, https:\/\/www.gridmag.com.mx\/wp-content\/uploads\/2023\/02\/ZELIKA-GARCIA-Y-JUAN-CANELA-1-770x513.jpg 770w, https:\/\/www.gridmag.com.mx\/wp-content\/uploads\/2023\/02\/ZELIKA-GARCIA-Y-JUAN-CANELA-1-1400x934.jpg 1400w\" sizes=\"(max-width: 1024px) 100vw, 1024px\" \/><\/figure>\n\n\n\n<div style=\"height:10px\" aria-hidden=\"true\" class=\"wp-block-spacer\"><\/div>\n\n\n\n<p>Si lo tuyo es conocer el trabajo de nuevos artistas pl\u00e1sticos y enterarte de qu\u00e9 se expone en las mejores galer\u00edas,<em> <\/em><strong>Zona Maco Arte Contempor\u00e1neo<\/strong> es para ti. Este 2023 participar\u00e1n galer\u00edas como CURRO de Guadalajara, Dittrich Schlechtriem de Berl\u00edn, The Hole de Nueva York y CAM Galer\u00eda de CDMX, entre otras.<\/p>\n\n\n\n<p>En la <strong>Zona Maco Dise\u00f1o<\/strong> encontrar\u00e1s lo m\u00e1s nuevo en muebles, <a href=\"https:\/\/www.gridmag.com.mx\/index.php\/2023\/09\/13\/nom-i-joyeria-metamorfa\/\">joyer\u00eda<\/a>, textiles y objetos decorativos, al igual que piezas hist\u00f3ricas curadas por la directora art\u00edstica Cecilia Le\u00f3n de la Barra; este es el lugar que re\u00fane a <a href=\"https:\/\/www.gridmag.com.mx\/index.php\/2023\/12\/01\/regalos-para-creativos\/\">dise\u00f1adores<\/a> emergentes y marcas reconocidas quienes compartir\u00e1n sus nuevas colecciones.<\/p>\n\n\n\n<p><strong>Zona Maco Sal\u00f3n<\/strong> muestra una amplia colecci\u00f3n de antig\u00fcedades en exhibici\u00f3n y a la venta. Curada por Alfonso Miranda, aqu\u00ed hallar\u00e1s arte folklore, muebles y piezas de dise\u00f1o producidas antes de 1960.<\/p>\n\n\n\n<p>Por \u00faltimo, <strong>Zona Maco Foto,<\/strong> donde galer\u00edas y artistas presentan sus trabajos fotogr\u00e1ficos y de video, curados por la dominicana Sara Hermann. En esta secci\u00f3n expondr\u00e1n galer\u00edas como Almanaque Fotogr\u00e1fica de CDMX, Zilberman Ballery de Estambul y Maat Gallery de Par\u00eds.<\/p>\n\n\n\n<h3 class=\"wp-block-heading\"><strong>Existen diferentes maneras de vivir Zona Maco seg\u00fan tu personalidad<\/strong><\/h3>\n\n\n\n<p>Gerardo Monroy, director de relaciones p\u00fablicas de YSL M\u00e9xico, visita Zona Maco todos los a\u00f1os y nos comenta sobre los eventos, galer\u00edas, <em>happenings<\/em> y fiestas dedicadas a los amantes del arte y el <a href=\"https:\/\/www.gridmag.com.mx\/index.php\/2023\/11\/16\/inspiracion-otonal-en-el-diseno-de-interiores\/\">dise\u00f1o<\/a> que ocurren en paralelo a la feria.<\/p>\n\n\n\n<p>\u201cExiste un factor social, ya no solo atienden personas interesadas en conocer el arte, sino que es un plan social. Las personas van a tomar un trago, comer, tomar fotos o a ver a \u2018qui\u00e9n me topo\u2019\u201d, comenta Gerardo.<\/p>\n\n\n\n<figure class=\"wp-block-image size-large\"><img decoding=\"async\" width=\"1024\" height=\"683\" src=\"https:\/\/www.gridmag.com.mx\/wp-content\/uploads\/2023\/02\/MACO_2022_GENERALES18-1024x683.jpg\" alt=\"\" class=\"wp-image-2697\" srcset=\"https:\/\/www.gridmag.com.mx\/wp-content\/uploads\/2023\/02\/MACO_2022_GENERALES18-1024x683.jpg 1024w, https:\/\/www.gridmag.com.mx\/wp-content\/uploads\/2023\/02\/MACO_2022_GENERALES18-300x200.jpg 300w, https:\/\/www.gridmag.com.mx\/wp-content\/uploads\/2023\/02\/MACO_2022_GENERALES18-768x512.jpg 768w, https:\/\/www.gridmag.com.mx\/wp-content\/uploads\/2023\/02\/MACO_2022_GENERALES18-1536x1024.jpg 1536w, https:\/\/www.gridmag.com.mx\/wp-content\/uploads\/2023\/02\/MACO_2022_GENERALES18-2048x1366.jpg 2048w, https:\/\/www.gridmag.com.mx\/wp-content\/uploads\/2023\/02\/MACO_2022_GENERALES18-360x240.jpg 360w, https:\/\/www.gridmag.com.mx\/wp-content\/uploads\/2023\/02\/MACO_2022_GENERALES18-720x480.jpg 720w, https:\/\/www.gridmag.com.mx\/wp-content\/uploads\/2023\/02\/MACO_2022_GENERALES18-770x513.jpg 770w, https:\/\/www.gridmag.com.mx\/wp-content\/uploads\/2023\/02\/MACO_2022_GENERALES18-1400x934.jpg 1400w\" sizes=\"(max-width: 1024px) 100vw, 1024px\" \/><\/figure>\n\n\n\n<div style=\"height:10px\" aria-hidden=\"true\" class=\"wp-block-spacer\"><\/div>\n\n\n\n<p>Es por esto que existe una experiencia Maco para todo tiempo de personas seg\u00fan su personalidad; si lo que te gusta es apreciar el <strong>arte<\/strong> y las piezas con calma, Gerardo recomienda ir en la ma\u00f1ana para que el espacio no est\u00e9 tan lleno, pero si lo que quieres es socializar, en la tarde encontrar\u00e1s fiesta, <a href=\"https:\/\/www.gridmag.com.mx\/index.php\/2022\/07\/30\/los-colores-psicodelicos-de-la-musica\/\">m\u00fasica<\/a> y bebidas.<\/p>\n\n\n\n<h3 class=\"wp-block-heading\"><strong>Descubre a tu nuevo dise\u00f1ador favorito entre los talentos emergentes<\/strong><\/h3>\n\n\n\n<p>En todas las ediciones de Zona Maco hay un espacio para el dise\u00f1o emergente. Nuevos talentos exponen sus piezas abri\u00e9ndose nuevos caminos en el mundo del <strong>dise\u00f1o<\/strong>. B\u00fascalos y&nbsp; aprovecha la oportunidad de interactuar con ellos, ya que la mayor\u00eda se encontrar\u00e1n junto a sus piezas en la <a href=\"https:\/\/www.gridmag.com.mx\/index.php\/2023\/03\/24\/luchadoras-exposicion-virtual\/\">exposici\u00f3n<\/a>.<\/p>\n\n\n\n<figure class=\"wp-block-image size-large\"><img decoding=\"async\" width=\"1024\" height=\"683\" src=\"https:\/\/www.gridmag.com.mx\/wp-content\/uploads\/2023\/02\/MACO_2022_GENERALES64-1024x683.jpg\" alt=\"\" class=\"wp-image-2698\" srcset=\"https:\/\/www.gridmag.com.mx\/wp-content\/uploads\/2023\/02\/MACO_2022_GENERALES64-1024x683.jpg 1024w, https:\/\/www.gridmag.com.mx\/wp-content\/uploads\/2023\/02\/MACO_2022_GENERALES64-300x200.jpg 300w, https:\/\/www.gridmag.com.mx\/wp-content\/uploads\/2023\/02\/MACO_2022_GENERALES64-768x512.jpg 768w, https:\/\/www.gridmag.com.mx\/wp-content\/uploads\/2023\/02\/MACO_2022_GENERALES64-1536x1024.jpg 1536w, https:\/\/www.gridmag.com.mx\/wp-content\/uploads\/2023\/02\/MACO_2022_GENERALES64-2048x1366.jpg 2048w, https:\/\/www.gridmag.com.mx\/wp-content\/uploads\/2023\/02\/MACO_2022_GENERALES64-360x240.jpg 360w, https:\/\/www.gridmag.com.mx\/wp-content\/uploads\/2023\/02\/MACO_2022_GENERALES64-720x480.jpg 720w, https:\/\/www.gridmag.com.mx\/wp-content\/uploads\/2023\/02\/MACO_2022_GENERALES64-770x513.jpg 770w, https:\/\/www.gridmag.com.mx\/wp-content\/uploads\/2023\/02\/MACO_2022_GENERALES64-1400x934.jpg 1400w\" sizes=\"(max-width: 1024px) 100vw, 1024px\" \/><\/figure>\n\n\n\n<div style=\"height:10px\" aria-hidden=\"true\" class=\"wp-block-spacer\"><\/div>\n\n\n\n<p>Francisco Le\u00f3n Guti\u00e9rrez, por ejemplo, es un artista <a href=\"https:\/\/www.gridmag.com.mx\/index.php\/2022\/08\/26\/el-arquitecto-hidrocalido-raul-alejandro-martinez-gana-primer-lugar-en-el-milan-navigli-canal-challenge\/\">hidroc\u00e1lido<\/a> que participa en <strong>Zona Maco Dise\u00f1o<\/strong> y expondr\u00e1 por primera vez con la pieza &#8220;Quattro\u201d, un jarr\u00f3n de madera de cuatro niveles que representa aquellos aspectos de la vida en los que converge el n\u00famero cuatro: cuatro estaciones del a\u00f1o, cuatro puntos cardinales, cuatro fases de la luna, cuatro divisiones del d\u00eda o las cuatro semanas en un mes.&nbsp;<\/p>\n\n\n\n<p>Francisco describe el proceso para exponer en Zona Maco como sencillo pero retador; tanto la tem\u00e1tica como el material de la pieza son libres, porque los dise\u00f1adores pueden experimentar y dejar volar su imaginaci\u00f3n, dando como resultado piezas in\u00e9ditas.&nbsp;&nbsp;<\/p>\n\n\n\n<p>\u201cZona Maco aporta experiencia m\u00e1s que nada, es ponerte en contacto con el mundo del dise\u00f1o. Espero hacer algunos contactos y conocer c\u00f3mo se vive de esto\u201d, afirma Francisco.<\/p>\n\n\n\n<p><\/p>\n\n\n\n<h3 class=\"wp-block-heading\"><strong>\u00bfQuieres participar como expositor en Zona Maco?<\/strong><\/h3>\n\n\n\n<p>Si adem\u00e1s de vivir la experiencia de visitar Zona Maco est\u00e1s pensando en participar en ella como expositor, Laura Mayagoitia, dise\u00f1adora hidroc\u00e1lida que particip\u00f3 en la edici\u00f3n 2022 comenta que \u201cfue muy gratificante, estaba muy nerviosa porque acababa de graduarme y me sent\u00eda s\u00faper verde, creo que justo el exponer mi proyecto final de titulaci\u00f3n fue algo muy significativo para empezar mi carrera como dise\u00f1adora. Fue una experiencia muy enriquecedora ver al dise\u00f1o desde la parte de negocio\u201d.<\/p>\n\n\n\n<figure class=\"wp-block-image size-large\"><img decoding=\"async\" width=\"1024\" height=\"683\" src=\"https:\/\/www.gridmag.com.mx\/wp-content\/uploads\/2023\/02\/MACO_2022_GENERALES51-1024x683.jpg\" alt=\"\" class=\"wp-image-2699\" srcset=\"https:\/\/www.gridmag.com.mx\/wp-content\/uploads\/2023\/02\/MACO_2022_GENERALES51-1024x683.jpg 1024w, https:\/\/www.gridmag.com.mx\/wp-content\/uploads\/2023\/02\/MACO_2022_GENERALES51-300x200.jpg 300w, https:\/\/www.gridmag.com.mx\/wp-content\/uploads\/2023\/02\/MACO_2022_GENERALES51-768x512.jpg 768w, https:\/\/www.gridmag.com.mx\/wp-content\/uploads\/2023\/02\/MACO_2022_GENERALES51-1536x1024.jpg 1536w, https:\/\/www.gridmag.com.mx\/wp-content\/uploads\/2023\/02\/MACO_2022_GENERALES51-2048x1366.jpg 2048w, https:\/\/www.gridmag.com.mx\/wp-content\/uploads\/2023\/02\/MACO_2022_GENERALES51-360x240.jpg 360w, https:\/\/www.gridmag.com.mx\/wp-content\/uploads\/2023\/02\/MACO_2022_GENERALES51-720x480.jpg 720w, https:\/\/www.gridmag.com.mx\/wp-content\/uploads\/2023\/02\/MACO_2022_GENERALES51-770x513.jpg 770w, https:\/\/www.gridmag.com.mx\/wp-content\/uploads\/2023\/02\/MACO_2022_GENERALES51-1400x934.jpg 1400w\" sizes=\"(max-width: 1024px) 100vw, 1024px\" \/><\/figure>\n\n\n\n<div style=\"height:10px\" aria-hidden=\"true\" class=\"wp-block-spacer\"><\/div>\n\n\n\n<p>El proceso de inscripci\u00f3n consiste en llenar un formulario donde das de alta tu proyecto, as\u00ed como una breve descripci\u00f3n del mismo, adem\u00e1s incluyes tu CV, datos personales y muchas fotos de las piezas, explica Laura. Despu\u00e9s el comit\u00e9 curatorial selecciona alrededor de 30 propuestas con un car\u00e1cter fresco y original para participar en la edici\u00f3n del a\u00f1o siguiente.<\/p>\n\n\n\n<h3 class=\"wp-block-heading\"><strong>\u00bfCu\u00e1les son los horarios y precios de Zona Maco?<\/strong><\/h3>\n\n\n\n<p>Ya tienes toda la info para darte una vuelta. Ahora te compartimos los horarios:<\/p>\n\n\n\n<ul class=\"wp-block-list\">\n<li><strong>8 al 10 de febrero<\/strong> -17 a 20 h<\/li>\n\n\n\n<li><strong>11 de febrero<\/strong> &#8211; 12 a 2 h&nbsp;<\/li>\n\n\n\n<li><strong>12 de febrero<\/strong> &#8211; 11 a 18 h<\/li>\n<\/ul>\n\n\n\n<p>Los boletos en taquilla cuestan 500 pesos y en l\u00ednea, 450 pesos. <a href=\"https:\/\/zsonamaco.com\/\">https:\/\/zsonamaco.com\/<\/a><\/p>\n\n\n\n<figure class=\"wp-block-image size-large\"><img decoding=\"async\" width=\"1024\" height=\"683\" src=\"https:\/\/www.gridmag.com.mx\/wp-content\/uploads\/2023\/02\/MACO_2022_GENERALES90-1024x683.jpg\" alt=\"\" class=\"wp-image-2700\" srcset=\"https:\/\/www.gridmag.com.mx\/wp-content\/uploads\/2023\/02\/MACO_2022_GENERALES90-1024x683.jpg 1024w, https:\/\/www.gridmag.com.mx\/wp-content\/uploads\/2023\/02\/MACO_2022_GENERALES90-300x200.jpg 300w, https:\/\/www.gridmag.com.mx\/wp-content\/uploads\/2023\/02\/MACO_2022_GENERALES90-768x512.jpg 768w, https:\/\/www.gridmag.com.mx\/wp-content\/uploads\/2023\/02\/MACO_2022_GENERALES90-1536x1024.jpg 1536w, https:\/\/www.gridmag.com.mx\/wp-content\/uploads\/2023\/02\/MACO_2022_GENERALES90-2048x1366.jpg 2048w, https:\/\/www.gridmag.com.mx\/wp-content\/uploads\/2023\/02\/MACO_2022_GENERALES90-360x240.jpg 360w, https:\/\/www.gridmag.com.mx\/wp-content\/uploads\/2023\/02\/MACO_2022_GENERALES90-720x480.jpg 720w, https:\/\/www.gridmag.com.mx\/wp-content\/uploads\/2023\/02\/MACO_2022_GENERALES90-770x513.jpg 770w, https:\/\/www.gridmag.com.mx\/wp-content\/uploads\/2023\/02\/MACO_2022_GENERALES90-1400x934.jpg 1400w\" sizes=\"(max-width: 1024px) 100vw, 1024px\" \/><\/figure>\n","protected":false},"excerpt":{"rendered":"<p>Zona Maco es el evento de arte contempor\u00e1neo m\u00e1s importante de Latinoam\u00e9rica. Naci\u00f3 en Monterrey en 2002, cuando Z\u00e9lika Garc\u00eda, su fundadora, decidi\u00f3 compartir el arte en su ciudad natal. Un a\u00f1o despu\u00e9s la feria se traslad\u00f3 a&nbsp; CDMX, convirti\u00e9ndose en un evento internacional en el que participan galer\u00edas y artistas de todo el mundo. En este 2023, el evento contar\u00e1 con 216 expositores participantes,&nbsp; 51 % es talento nacional proveniente de Guadalajara, Monterrey, Oaxaca, Puebla, Torre\u00f3n, Uruapan y CDMX, [&hellip;]<\/p>\n","protected":false},"author":4,"featured_media":2699,"comment_status":"open","ping_status":"open","sticky":false,"template":"","format":"standard","meta":{"footnotes":""},"categories":[53],"tags":[31,38,39],"class_list":["post-2693","post","type-post","status-publish","format-standard","has-post-thumbnail","hentry","category-arte","tag-diseno","tag-evento","tag-zonamaco"],"yoast_head":"<!-- This site is optimized with the Yoast SEO plugin v27.0 - https:\/\/yoast.com\/product\/yoast-seo-wordpress\/ -->\n<title>Zona Maco 2023 | Mi Primer Zona Maco<\/title>\n<meta name=\"description\" content=\"Descubre el arte contempor\u00e1neo en Zona Maco, el evento m\u00e1s destacado de Latinoam\u00e9rica, que re\u00fane a 216 expositores de todo el mundo.\" \/>\n<meta name=\"robots\" content=\"index, follow, max-snippet:-1, max-image-preview:large, max-video-preview:-1\" \/>\n<link rel=\"canonical\" href=\"https:\/\/www.gridmag.com.mx\/index.php\/2023\/02\/04\/maco-2023-mi-primer-zona-maco\/\" \/>\n<meta property=\"og:locale\" content=\"es_MX\" \/>\n<meta property=\"og:type\" content=\"article\" \/>\n<meta property=\"og:title\" content=\"Zona Maco 2023 | Mi Primer Zona Maco\" \/>\n<meta property=\"og:description\" content=\"Descubre el arte contempor\u00e1neo en Zona Maco, el evento m\u00e1s destacado de Latinoam\u00e9rica, que re\u00fane a 216 expositores de todo el mundo.\" \/>\n<meta property=\"og:url\" content=\"https:\/\/www.gridmag.com.mx\/index.php\/2023\/02\/04\/maco-2023-mi-primer-zona-maco\/\" \/>\n<meta property=\"og:site_name\" content=\"Grid Magazine\" \/>\n<meta property=\"article:publisher\" content=\"https:\/\/www.facebook.com\/gridmagazine.mx\" \/>\n<meta property=\"article:published_time\" content=\"2023-02-04T16:39:33+00:00\" \/>\n<meta property=\"article:modified_time\" content=\"2023-12-15T22:25:06+00:00\" \/>\n<meta property=\"og:image\" content=\"https:\/\/www.gridmag.com.mx\/wp-content\/uploads\/2023\/02\/MACO_2022_GENERALES51-scaled.jpg\" \/>\n\t<meta property=\"og:image:width\" content=\"2560\" \/>\n\t<meta property=\"og:image:height\" content=\"1707\" \/>\n\t<meta property=\"og:image:type\" content=\"image\/jpeg\" \/>\n<meta name=\"author\" content=\"Lourdes Nieva\" \/>\n<meta name=\"twitter:card\" content=\"summary_large_image\" \/>\n<meta name=\"twitter:label1\" content=\"Escrito por\" \/>\n\t<meta name=\"twitter:data1\" content=\"Lourdes Nieva\" \/>\n\t<meta name=\"twitter:label2\" content=\"Tiempo de lectura\" \/>\n\t<meta name=\"twitter:data2\" content=\"7 minutos\" \/>\n<script type=\"application\/ld+json\" class=\"yoast-schema-graph\">{\"@context\":\"https:\/\/schema.org\",\"@graph\":[{\"@type\":\"Article\",\"@id\":\"https:\/\/www.gridmag.com.mx\/index.php\/2023\/02\/04\/maco-2023-mi-primer-zona-maco\/#article\",\"isPartOf\":{\"@id\":\"https:\/\/www.gridmag.com.mx\/index.php\/2023\/02\/04\/maco-2023-mi-primer-zona-maco\/\"},\"author\":{\"name\":\"Lourdes Nieva\",\"@id\":\"https:\/\/www.gridmag.com.mx\/#\/schema\/person\/f0042b1798408ad98e47e95b315e7d36\"},\"headline\":\"Zona Maco 2023 | Mi primer Zona Maco\",\"datePublished\":\"2023-02-04T16:39:33+00:00\",\"dateModified\":\"2023-12-15T22:25:06+00:00\",\"mainEntityOfPage\":{\"@id\":\"https:\/\/www.gridmag.com.mx\/index.php\/2023\/02\/04\/maco-2023-mi-primer-zona-maco\/\"},\"wordCount\":1190,\"commentCount\":0,\"publisher\":{\"@id\":\"https:\/\/www.gridmag.com.mx\/#organization\"},\"image\":{\"@id\":\"https:\/\/www.gridmag.com.mx\/index.php\/2023\/02\/04\/maco-2023-mi-primer-zona-maco\/#primaryimage\"},\"thumbnailUrl\":\"https:\/\/www.gridmag.com.mx\/wp-content\/uploads\/2023\/02\/MACO_2022_GENERALES51.jpg\",\"keywords\":[\"dise\u00f1o\",\"evento\",\"ZonaMAco\"],\"articleSection\":[\"Arte\"],\"inLanguage\":\"es\",\"potentialAction\":[{\"@type\":\"CommentAction\",\"name\":\"Comment\",\"target\":[\"https:\/\/www.gridmag.com.mx\/index.php\/2023\/02\/04\/maco-2023-mi-primer-zona-maco\/#respond\"]}]},{\"@type\":\"WebPage\",\"@id\":\"https:\/\/www.gridmag.com.mx\/index.php\/2023\/02\/04\/maco-2023-mi-primer-zona-maco\/\",\"url\":\"https:\/\/www.gridmag.com.mx\/index.php\/2023\/02\/04\/maco-2023-mi-primer-zona-maco\/\",\"name\":\"Zona Maco 2023 | Mi Primer Zona Maco\",\"isPartOf\":{\"@id\":\"https:\/\/www.gridmag.com.mx\/#website\"},\"primaryImageOfPage\":{\"@id\":\"https:\/\/www.gridmag.com.mx\/index.php\/2023\/02\/04\/maco-2023-mi-primer-zona-maco\/#primaryimage\"},\"image\":{\"@id\":\"https:\/\/www.gridmag.com.mx\/index.php\/2023\/02\/04\/maco-2023-mi-primer-zona-maco\/#primaryimage\"},\"thumbnailUrl\":\"https:\/\/www.gridmag.com.mx\/wp-content\/uploads\/2023\/02\/MACO_2022_GENERALES51.jpg\",\"datePublished\":\"2023-02-04T16:39:33+00:00\",\"dateModified\":\"2023-12-15T22:25:06+00:00\",\"description\":\"Descubre el arte contempor\u00e1neo en Zona Maco, el evento m\u00e1s destacado de Latinoam\u00e9rica, que re\u00fane a 216 expositores de todo el mundo.\",\"breadcrumb\":{\"@id\":\"https:\/\/www.gridmag.com.mx\/index.php\/2023\/02\/04\/maco-2023-mi-primer-zona-maco\/#breadcrumb\"},\"inLanguage\":\"es\",\"potentialAction\":[{\"@type\":\"ReadAction\",\"target\":[\"https:\/\/www.gridmag.com.mx\/index.php\/2023\/02\/04\/maco-2023-mi-primer-zona-maco\/\"]}]},{\"@type\":\"ImageObject\",\"inLanguage\":\"es\",\"@id\":\"https:\/\/www.gridmag.com.mx\/index.php\/2023\/02\/04\/maco-2023-mi-primer-zona-maco\/#primaryimage\",\"url\":\"https:\/\/www.gridmag.com.mx\/wp-content\/uploads\/2023\/02\/MACO_2022_GENERALES51.jpg\",\"contentUrl\":\"https:\/\/www.gridmag.com.mx\/wp-content\/uploads\/2023\/02\/MACO_2022_GENERALES51.jpg\",\"width\":2560,\"height\":1707,\"caption\":\"Zona Maco 2023 | Mi primer Zona Maco\"},{\"@type\":\"BreadcrumbList\",\"@id\":\"https:\/\/www.gridmag.com.mx\/index.php\/2023\/02\/04\/maco-2023-mi-primer-zona-maco\/#breadcrumb\",\"itemListElement\":[{\"@type\":\"ListItem\",\"position\":1,\"name\":\"Inicio\",\"item\":\"https:\/\/www.gridmag.com.mx\/\"},{\"@type\":\"ListItem\",\"position\":2,\"name\":\"Zona Maco 2023 | Mi primer Zona Maco\"}]},{\"@type\":\"WebSite\",\"@id\":\"https:\/\/www.gridmag.com.mx\/#website\",\"url\":\"https:\/\/www.gridmag.com.mx\/\",\"name\":\"Grid Magazine\",\"description\":\"Compartiendo lo mejor de la arquitectura y dise\u00f1o mexicano.\",\"publisher\":{\"@id\":\"https:\/\/www.gridmag.com.mx\/#organization\"},\"potentialAction\":[{\"@type\":\"SearchAction\",\"target\":{\"@type\":\"EntryPoint\",\"urlTemplate\":\"https:\/\/www.gridmag.com.mx\/?s={search_term_string}\"},\"query-input\":{\"@type\":\"PropertyValueSpecification\",\"valueRequired\":true,\"valueName\":\"search_term_string\"}}],\"inLanguage\":\"es\"},{\"@type\":\"Organization\",\"@id\":\"https:\/\/www.gridmag.com.mx\/#organization\",\"name\":\"Grid Magazine\",\"url\":\"https:\/\/www.gridmag.com.mx\/\",\"logo\":{\"@type\":\"ImageObject\",\"inLanguage\":\"es\",\"@id\":\"https:\/\/www.gridmag.com.mx\/#\/schema\/logo\/image\/\",\"url\":\"\",\"contentUrl\":\"\",\"caption\":\"Grid Magazine\"},\"image\":{\"@id\":\"https:\/\/www.gridmag.com.mx\/#\/schema\/logo\/image\/\"},\"sameAs\":[\"https:\/\/www.facebook.com\/gridmagazine.mx\",\"https:\/\/www.instagram.com\/gridmagazine_mx\/\",\"https:\/\/www.tiktok.com\/@gridmagazine.mx?_t=8gl2kVR2Aq6&_r=1\",\"https:\/\/www.linkedin.com\/company\/grid-magazine-mx\/\"]},{\"@type\":\"Person\",\"@id\":\"https:\/\/www.gridmag.com.mx\/#\/schema\/person\/f0042b1798408ad98e47e95b315e7d36\",\"name\":\"Lourdes Nieva\",\"image\":{\"@type\":\"ImageObject\",\"inLanguage\":\"es\",\"@id\":\"https:\/\/www.gridmag.com.mx\/#\/schema\/person\/image\/\",\"url\":\"https:\/\/secure.gravatar.com\/avatar\/d6bb54adf2cd758b5a6c500da48433e2da6495cb4e67c4538e6eaf9d83af702f?s=96&d=mm&r=g\",\"contentUrl\":\"https:\/\/secure.gravatar.com\/avatar\/d6bb54adf2cd758b5a6c500da48433e2da6495cb4e67c4538e6eaf9d83af702f?s=96&d=mm&r=g\",\"caption\":\"Lourdes Nieva\"},\"sameAs\":[\"https:\/\/www.instagram.com\/lulunivz\/?hl=es-la\",\"https:\/\/www.linkedin.com\/in\/architectlourdesnieva\"],\"url\":\"https:\/\/www.gridmag.com.mx\/index.php\/author\/lourdes-nieva\/\"}]}<\/script>\n<!-- \/ Yoast SEO plugin. -->","yoast_head_json":{"title":"Zona Maco 2023 | Mi Primer Zona Maco","description":"Descubre el arte contempor\u00e1neo en Zona Maco, el evento m\u00e1s destacado de Latinoam\u00e9rica, que re\u00fane a 216 expositores de todo el mundo.","robots":{"index":"index","follow":"follow","max-snippet":"max-snippet:-1","max-image-preview":"max-image-preview:large","max-video-preview":"max-video-preview:-1"},"canonical":"https:\/\/www.gridmag.com.mx\/index.php\/2023\/02\/04\/maco-2023-mi-primer-zona-maco\/","og_locale":"es_MX","og_type":"article","og_title":"Zona Maco 2023 | Mi Primer Zona Maco","og_description":"Descubre el arte contempor\u00e1neo en Zona Maco, el evento m\u00e1s destacado de Latinoam\u00e9rica, que re\u00fane a 216 expositores de todo el mundo.","og_url":"https:\/\/www.gridmag.com.mx\/index.php\/2023\/02\/04\/maco-2023-mi-primer-zona-maco\/","og_site_name":"Grid Magazine","article_publisher":"https:\/\/www.facebook.com\/gridmagazine.mx","article_published_time":"2023-02-04T16:39:33+00:00","article_modified_time":"2023-12-15T22:25:06+00:00","og_image":[{"width":2560,"height":1707,"url":"https:\/\/www.gridmag.com.mx\/wp-content\/uploads\/2023\/02\/MACO_2022_GENERALES51-scaled.jpg","type":"image\/jpeg"}],"author":"Lourdes Nieva","twitter_card":"summary_large_image","twitter_misc":{"Escrito por":"Lourdes Nieva","Tiempo de lectura":"7 minutos"},"schema":{"@context":"https:\/\/schema.org","@graph":[{"@type":"Article","@id":"https:\/\/www.gridmag.com.mx\/index.php\/2023\/02\/04\/maco-2023-mi-primer-zona-maco\/#article","isPartOf":{"@id":"https:\/\/www.gridmag.com.mx\/index.php\/2023\/02\/04\/maco-2023-mi-primer-zona-maco\/"},"author":{"name":"Lourdes Nieva","@id":"https:\/\/www.gridmag.com.mx\/#\/schema\/person\/f0042b1798408ad98e47e95b315e7d36"},"headline":"Zona Maco 2023 | Mi primer Zona Maco","datePublished":"2023-02-04T16:39:33+00:00","dateModified":"2023-12-15T22:25:06+00:00","mainEntityOfPage":{"@id":"https:\/\/www.gridmag.com.mx\/index.php\/2023\/02\/04\/maco-2023-mi-primer-zona-maco\/"},"wordCount":1190,"commentCount":0,"publisher":{"@id":"https:\/\/www.gridmag.com.mx\/#organization"},"image":{"@id":"https:\/\/www.gridmag.com.mx\/index.php\/2023\/02\/04\/maco-2023-mi-primer-zona-maco\/#primaryimage"},"thumbnailUrl":"https:\/\/www.gridmag.com.mx\/wp-content\/uploads\/2023\/02\/MACO_2022_GENERALES51.jpg","keywords":["dise\u00f1o","evento","ZonaMAco"],"articleSection":["Arte"],"inLanguage":"es","potentialAction":[{"@type":"CommentAction","name":"Comment","target":["https:\/\/www.gridmag.com.mx\/index.php\/2023\/02\/04\/maco-2023-mi-primer-zona-maco\/#respond"]}]},{"@type":"WebPage","@id":"https:\/\/www.gridmag.com.mx\/index.php\/2023\/02\/04\/maco-2023-mi-primer-zona-maco\/","url":"https:\/\/www.gridmag.com.mx\/index.php\/2023\/02\/04\/maco-2023-mi-primer-zona-maco\/","name":"Zona Maco 2023 | Mi Primer Zona Maco","isPartOf":{"@id":"https:\/\/www.gridmag.com.mx\/#website"},"primaryImageOfPage":{"@id":"https:\/\/www.gridmag.com.mx\/index.php\/2023\/02\/04\/maco-2023-mi-primer-zona-maco\/#primaryimage"},"image":{"@id":"https:\/\/www.gridmag.com.mx\/index.php\/2023\/02\/04\/maco-2023-mi-primer-zona-maco\/#primaryimage"},"thumbnailUrl":"https:\/\/www.gridmag.com.mx\/wp-content\/uploads\/2023\/02\/MACO_2022_GENERALES51.jpg","datePublished":"2023-02-04T16:39:33+00:00","dateModified":"2023-12-15T22:25:06+00:00","description":"Descubre el arte contempor\u00e1neo en Zona Maco, el evento m\u00e1s destacado de Latinoam\u00e9rica, que re\u00fane a 216 expositores de todo el mundo.","breadcrumb":{"@id":"https:\/\/www.gridmag.com.mx\/index.php\/2023\/02\/04\/maco-2023-mi-primer-zona-maco\/#breadcrumb"},"inLanguage":"es","potentialAction":[{"@type":"ReadAction","target":["https:\/\/www.gridmag.com.mx\/index.php\/2023\/02\/04\/maco-2023-mi-primer-zona-maco\/"]}]},{"@type":"ImageObject","inLanguage":"es","@id":"https:\/\/www.gridmag.com.mx\/index.php\/2023\/02\/04\/maco-2023-mi-primer-zona-maco\/#primaryimage","url":"https:\/\/www.gridmag.com.mx\/wp-content\/uploads\/2023\/02\/MACO_2022_GENERALES51.jpg","contentUrl":"https:\/\/www.gridmag.com.mx\/wp-content\/uploads\/2023\/02\/MACO_2022_GENERALES51.jpg","width":2560,"height":1707,"caption":"Zona Maco 2023 | Mi primer Zona Maco"},{"@type":"BreadcrumbList","@id":"https:\/\/www.gridmag.com.mx\/index.php\/2023\/02\/04\/maco-2023-mi-primer-zona-maco\/#breadcrumb","itemListElement":[{"@type":"ListItem","position":1,"name":"Inicio","item":"https:\/\/www.gridmag.com.mx\/"},{"@type":"ListItem","position":2,"name":"Zona Maco 2023 | Mi primer Zona Maco"}]},{"@type":"WebSite","@id":"https:\/\/www.gridmag.com.mx\/#website","url":"https:\/\/www.gridmag.com.mx\/","name":"Grid Magazine","description":"Compartiendo lo mejor de la arquitectura y dise\u00f1o mexicano.","publisher":{"@id":"https:\/\/www.gridmag.com.mx\/#organization"},"potentialAction":[{"@type":"SearchAction","target":{"@type":"EntryPoint","urlTemplate":"https:\/\/www.gridmag.com.mx\/?s={search_term_string}"},"query-input":{"@type":"PropertyValueSpecification","valueRequired":true,"valueName":"search_term_string"}}],"inLanguage":"es"},{"@type":"Organization","@id":"https:\/\/www.gridmag.com.mx\/#organization","name":"Grid Magazine","url":"https:\/\/www.gridmag.com.mx\/","logo":{"@type":"ImageObject","inLanguage":"es","@id":"https:\/\/www.gridmag.com.mx\/#\/schema\/logo\/image\/","url":"","contentUrl":"","caption":"Grid Magazine"},"image":{"@id":"https:\/\/www.gridmag.com.mx\/#\/schema\/logo\/image\/"},"sameAs":["https:\/\/www.facebook.com\/gridmagazine.mx","https:\/\/www.instagram.com\/gridmagazine_mx\/","https:\/\/www.tiktok.com\/@gridmagazine.mx?_t=8gl2kVR2Aq6&_r=1","https:\/\/www.linkedin.com\/company\/grid-magazine-mx\/"]},{"@type":"Person","@id":"https:\/\/www.gridmag.com.mx\/#\/schema\/person\/f0042b1798408ad98e47e95b315e7d36","name":"Lourdes Nieva","image":{"@type":"ImageObject","inLanguage":"es","@id":"https:\/\/www.gridmag.com.mx\/#\/schema\/person\/image\/","url":"https:\/\/secure.gravatar.com\/avatar\/d6bb54adf2cd758b5a6c500da48433e2da6495cb4e67c4538e6eaf9d83af702f?s=96&d=mm&r=g","contentUrl":"https:\/\/secure.gravatar.com\/avatar\/d6bb54adf2cd758b5a6c500da48433e2da6495cb4e67c4538e6eaf9d83af702f?s=96&d=mm&r=g","caption":"Lourdes Nieva"},"sameAs":["https:\/\/www.instagram.com\/lulunivz\/?hl=es-la","https:\/\/www.linkedin.com\/in\/architectlourdesnieva"],"url":"https:\/\/www.gridmag.com.mx\/index.php\/author\/lourdes-nieva\/"}]}},"_links":{"self":[{"href":"https:\/\/www.gridmag.com.mx\/index.php\/wp-json\/wp\/v2\/posts\/2693","targetHints":{"allow":["GET"]}}],"collection":[{"href":"https:\/\/www.gridmag.com.mx\/index.php\/wp-json\/wp\/v2\/posts"}],"about":[{"href":"https:\/\/www.gridmag.com.mx\/index.php\/wp-json\/wp\/v2\/types\/post"}],"author":[{"embeddable":true,"href":"https:\/\/www.gridmag.com.mx\/index.php\/wp-json\/wp\/v2\/users\/4"}],"replies":[{"embeddable":true,"href":"https:\/\/www.gridmag.com.mx\/index.php\/wp-json\/wp\/v2\/comments?post=2693"}],"version-history":[{"count":9,"href":"https:\/\/www.gridmag.com.mx\/index.php\/wp-json\/wp\/v2\/posts\/2693\/revisions"}],"predecessor-version":[{"id":5766,"href":"https:\/\/www.gridmag.com.mx\/index.php\/wp-json\/wp\/v2\/posts\/2693\/revisions\/5766"}],"wp:featuredmedia":[{"embeddable":true,"href":"https:\/\/www.gridmag.com.mx\/index.php\/wp-json\/wp\/v2\/media\/2699"}],"wp:attachment":[{"href":"https:\/\/www.gridmag.com.mx\/index.php\/wp-json\/wp\/v2\/media?parent=2693"}],"wp:term":[{"taxonomy":"category","embeddable":true,"href":"https:\/\/www.gridmag.com.mx\/index.php\/wp-json\/wp\/v2\/categories?post=2693"},{"taxonomy":"post_tag","embeddable":true,"href":"https:\/\/www.gridmag.com.mx\/index.php\/wp-json\/wp\/v2\/tags?post=2693"}],"curies":[{"name":"wp","href":"https:\/\/api.w.org\/{rel}","templated":true}]}}