{"id":2738,"date":"2023-02-13T10:55:34","date_gmt":"2023-02-13T16:55:34","guid":{"rendered":"https:\/\/www.gridmag.com.mx\/?p=2738"},"modified":"2023-12-20T15:24:04","modified_gmt":"2023-12-20T21:24:04","slug":"mijali-posada-diseno-narrativo","status":"publish","type":"post","link":"https:\/\/www.gridmag.com.mx\/index.php\/2023\/02\/13\/mijali-posada-diseno-narrativo\/","title":{"rendered":"Mijal\u00ed Posada | Traves\u00eda multicultural en el dise\u00f1o latinoamericano"},"content":{"rendered":"\n\n\n<p>Llamar a <a href=\"https:\/\/www.mijaliposada.com\/\">Mijal\u00ed Posada Polydorides<\/a> (Irapuato, 1997) el resultado de experiencias multiculturales por los lugares que ha visitado es una subestimaci\u00f3n. Su madre es de Chipre, una isla al sur de la pen\u00ednsula de Anatolia, en el mar Mediterr\u00e1neo, y su padre es un <strong>mexicano<\/strong> con ra\u00edces espa\u00f1olas. <\/p>\n\n\n\n<p>Esta <strong>riqueza cultural<\/strong> ha influido en su perspectiva a la hora de dise\u00f1ar y crear <strong>arte<\/strong>. Un conflicto de identidad por saber d\u00f3nde se posiciona culturalmente y que eventualmente dio paso a la idea de que no hab\u00eda porqu\u00e9 elegir cuando en realidad no era uno u otro, sino la mezcla de todo. Una perspectiva \u00fanica tocada por diferentes partes del globo y aplicada al dise\u00f1o y al <a href=\"https:\/\/www.gridmag.com.mx\/index.php\/2023\/11\/29\/jorge-manes-rubio-la-transformacion-a-traves-del-arte\/\">arte<\/a>.<\/p>\n\n\n\n<figure class=\"wp-block-image size-large\"><img decoding=\"async\" width=\"1024\" height=\"887\" src=\"https:\/\/www.gridmag.com.mx\/wp-content\/uploads\/2023\/02\/La-Taquera_Foto08_BAJA-1024x887.jpg\" alt=\"\" class=\"wp-image-2742\" srcset=\"https:\/\/www.gridmag.com.mx\/wp-content\/uploads\/2023\/02\/La-Taquera_Foto08_BAJA-1024x887.jpg 1024w, https:\/\/www.gridmag.com.mx\/wp-content\/uploads\/2023\/02\/La-Taquera_Foto08_BAJA-300x260.jpg 300w, https:\/\/www.gridmag.com.mx\/wp-content\/uploads\/2023\/02\/La-Taquera_Foto08_BAJA-768x666.jpg 768w, https:\/\/www.gridmag.com.mx\/wp-content\/uploads\/2023\/02\/La-Taquera_Foto08_BAJA-1536x1331.jpg 1536w, https:\/\/www.gridmag.com.mx\/wp-content\/uploads\/2023\/02\/La-Taquera_Foto08_BAJA-770x667.jpg 770w, https:\/\/www.gridmag.com.mx\/wp-content\/uploads\/2023\/02\/La-Taquera_Foto08_BAJA-1400x1213.jpg 1400w, https:\/\/www.gridmag.com.mx\/wp-content\/uploads\/2023\/02\/La-Taquera_Foto08_BAJA.jpg 1701w\" sizes=\"(max-width: 1024px) 100vw, 1024px\" \/><\/figure>\n\n\n\n<div style=\"height:10px\" aria-hidden=\"true\" class=\"wp-block-spacer\"><\/div>\n\n\n\n<h2 class=\"wp-block-heading\"><strong>Una nutrici\u00f3n cultural: del Baj\u00edo a Mil\u00e1n<\/strong><\/h2>\n\n\n\n<p>Mijal\u00ed tambi\u00e9n se ha nutrido de la esencia del Baj\u00edo. Naci\u00f3 en Irapuato, Guanajuato, donde vivi\u00f3 hasta los 18 a\u00f1os, cuando se mud\u00f3 a <a href=\"https:\/\/www.gridmag.com.mx\/index.php\/2022\/06\/27\/kimono-power-restaurante-con-sabor-y-estilo-en-guadalajara\/\">Guadalajara<\/a>, para estudiar en el Tecnol\u00f3gico de Monterrey y luego en el Politecnico di Milano, en Mil\u00e1n, Italia. Para Mijal\u00ed, el dise\u00f1o es un proceso personal e \u00edntimo; cada pieza busca contar una historia y generar un lazo con el usuario. Para que al ser utilizada no se quede en un solo movimiento o proceso involuntario o inconsciente, sino en una experiencia memorable que genere di\u00e1logo, argumentos y debates.<\/p>\n\n\n\n<h2 class=\"wp-block-heading\"><strong>La exposici\u00f3n de la vulnerabilidad: la Silla Taquera<\/strong><\/h2>\n\n\n\n<p>Un ejemplo es la <em>Silla taquera<\/em>, un <a href=\"https:\/\/www.gridmag.com.mx\/index.php\/2023\/11\/16\/inspiracion-otonal-en-el-diseno-de-interiores\/\">dise\u00f1o<\/a> de Mijal\u00ed inspirado en el personaje de la mujer taquera, con caracter\u00edsticas controversiales como el reposabrazos invertido que no entra en la tipolog\u00eda tradicional de un silla. Aqu\u00ed es donde el <a href=\"https:\/\/www.gridmag.com.mx\/index.php\/2023\/01\/31\/israel-plancarte-compartir-el-arte\/\">artista<\/a> queda expuesto y vulnerable ante la opini\u00f3n del p\u00fablico. Las opiniones pueden ser buenas o malas; lo que percibe como fortalezas en su pieza pueden ser vistas como fallas por el p\u00fablico. Y la falla evidente en los ojos del autor se puede volver el punto donde la pieza conecta con el usuario.<\/p>\n\n\n\n<p>En pocos lugares las piezas de un <a href=\"https:\/\/www.gridmag.com.mx\/index.php\/2023\/03\/06\/anan-artista-multidisciplinaria\/\">artista<\/a> latinoamericano tienen m\u00e1s espectadores y oportunidades de generar di\u00e1logo que en Zona Maco. Mijal\u00ed piensa que como artista es fundamental mostrar tu trabajo, \u201cno es solo dise\u00f1ar y dejar en el closet para que agarre polvo\u201d, explica. Sabe que exponer en esta feria fue un privilegio y se emocion\u00f3 por mostrar sus piezas de este a\u00f1o. Una colecci\u00f3n de l\u00e1mparas para la Galer\u00eda Mexicana de Dise\u00f1o en colaboraci\u00f3n con And Jacob que lleva por nombre <em>Roka<\/em>.\u00a0<\/p>\n\n\n\n<figure class=\"wp-block-image size-large\"><img decoding=\"async\" width=\"1024\" height=\"684\" src=\"https:\/\/www.gridmag.com.mx\/wp-content\/uploads\/2023\/02\/Roka_Photo-15-1024x684.jpg\" alt=\"\" class=\"wp-image-2743\" srcset=\"https:\/\/www.gridmag.com.mx\/wp-content\/uploads\/2023\/02\/Roka_Photo-15-1024x684.jpg 1024w, https:\/\/www.gridmag.com.mx\/wp-content\/uploads\/2023\/02\/Roka_Photo-15-300x200.jpg 300w, https:\/\/www.gridmag.com.mx\/wp-content\/uploads\/2023\/02\/Roka_Photo-15-768x513.jpg 768w, https:\/\/www.gridmag.com.mx\/wp-content\/uploads\/2023\/02\/Roka_Photo-15-1536x1025.jpg 1536w, https:\/\/www.gridmag.com.mx\/wp-content\/uploads\/2023\/02\/Roka_Photo-15-2048x1367.jpg 2048w, https:\/\/www.gridmag.com.mx\/wp-content\/uploads\/2023\/02\/Roka_Photo-15-360x240.jpg 360w, https:\/\/www.gridmag.com.mx\/wp-content\/uploads\/2023\/02\/Roka_Photo-15-720x480.jpg 720w, https:\/\/www.gridmag.com.mx\/wp-content\/uploads\/2023\/02\/Roka_Photo-15-770x514.jpg 770w, https:\/\/www.gridmag.com.mx\/wp-content\/uploads\/2023\/02\/Roka_Photo-15-1400x935.jpg 1400w\" sizes=\"(max-width: 1024px) 100vw, 1024px\" \/><\/figure>\n\n\n\n<div style=\"height:10px\" aria-hidden=\"true\" class=\"wp-block-spacer\"><\/div>\n\n\n\n<p>Esta no fue la primera participaci\u00f3n de Mijal\u00ed en Zona Maco; en el 2021 form\u00f3 parte de la primera edici\u00f3n Emergente, con una pieza creada con anterioridad. Para este 2023, la convocatoria permiti\u00f3 presentar piezas que los dise\u00f1adores a\u00fan no hab\u00edan producido. Y es que <a href=\"https:\/\/www.gridmag.com.mx\/index.php\/2023\/02\/04\/maco-2023-mi-primer-zona-maco\/\">Zona Maco<\/a> permite crear comunidad, conocer personas como t\u00fa, con pensamientos y pasiones similares que caminan hacia el mismo destino.<\/p>\n\n\n\n<p><\/p>\n\n\n\n<figure class=\"wp-block-image size-large\"><img decoding=\"async\" width=\"1024\" height=\"683\" src=\"https:\/\/www.gridmag.com.mx\/wp-content\/uploads\/2023\/02\/Roka_Photo-19-1024x683.jpg\" alt=\"\" class=\"wp-image-2744\" srcset=\"https:\/\/www.gridmag.com.mx\/wp-content\/uploads\/2023\/02\/Roka_Photo-19-1024x683.jpg 1024w, https:\/\/www.gridmag.com.mx\/wp-content\/uploads\/2023\/02\/Roka_Photo-19-300x200.jpg 300w, https:\/\/www.gridmag.com.mx\/wp-content\/uploads\/2023\/02\/Roka_Photo-19-768x512.jpg 768w, https:\/\/www.gridmag.com.mx\/wp-content\/uploads\/2023\/02\/Roka_Photo-19-1536x1024.jpg 1536w, https:\/\/www.gridmag.com.mx\/wp-content\/uploads\/2023\/02\/Roka_Photo-19-2048x1366.jpg 2048w, https:\/\/www.gridmag.com.mx\/wp-content\/uploads\/2023\/02\/Roka_Photo-19-360x240.jpg 360w, https:\/\/www.gridmag.com.mx\/wp-content\/uploads\/2023\/02\/Roka_Photo-19-720x480.jpg 720w, https:\/\/www.gridmag.com.mx\/wp-content\/uploads\/2023\/02\/Roka_Photo-19-770x513.jpg 770w, https:\/\/www.gridmag.com.mx\/wp-content\/uploads\/2023\/02\/Roka_Photo-19-1400x934.jpg 1400w\" sizes=\"(max-width: 1024px) 100vw, 1024px\" \/><\/figure>\n","protected":false},"excerpt":{"rendered":"<p>Llamar a Mijal\u00ed Posada Polydorides (Irapuato, 1997) el resultado de experiencias multiculturales por los lugares que ha visitado es una subestimaci\u00f3n. Su madre es de Chipre, una isla al sur de la pen\u00ednsula de Anatolia, en el mar Mediterr\u00e1neo, y su padre es un mexicano con ra\u00edces espa\u00f1olas. Esta riqueza cultural ha influido en su perspectiva a la hora de dise\u00f1ar y crear arte. Un conflicto de identidad por saber d\u00f3nde se posiciona culturalmente y que eventualmente dio paso a [&hellip;]<\/p>\n","protected":false},"author":16,"featured_media":2740,"comment_status":"open","ping_status":"open","sticky":false,"template":"","format":"standard","meta":{"footnotes":""},"categories":[55,52],"tags":[],"class_list":["post-2738","post","type-post","status-publish","format-standard","has-post-thumbnail","hentry","category-creativos","category-diseno"],"yoast_head":"<!-- This site is optimized with the Yoast SEO plugin v27.0 - https:\/\/yoast.com\/product\/yoast-seo-wordpress\/ -->\n<title>Mijal\u00ed Posada | Traves\u00eda Multicultural en el Dise\u00f1o Latinoamericano<\/title>\n<meta name=\"description\" content=\"Sum\u00e9rgete en el universo creativo de Mijal\u00ed Posada, dise\u00f1ador de M\u00e9xico. Descubre sus proyectos para la Galer\u00eda Mexicana de Dise\u00f1o.\" \/>\n<meta name=\"robots\" content=\"index, follow, max-snippet:-1, max-image-preview:large, max-video-preview:-1\" \/>\n<link rel=\"canonical\" href=\"https:\/\/www.gridmag.com.mx\/index.php\/2023\/02\/13\/mijali-posada-diseno-narrativo\/\" \/>\n<meta property=\"og:locale\" content=\"es_MX\" \/>\n<meta property=\"og:type\" content=\"article\" \/>\n<meta property=\"og:title\" content=\"Mijal\u00ed Posada | Traves\u00eda Multicultural en el Dise\u00f1o Latinoamericano\" \/>\n<meta property=\"og:description\" content=\"Sum\u00e9rgete en el universo creativo de Mijal\u00ed Posada, dise\u00f1ador de M\u00e9xico. Descubre sus proyectos para la Galer\u00eda Mexicana de Dise\u00f1o.\" \/>\n<meta property=\"og:url\" content=\"https:\/\/www.gridmag.com.mx\/index.php\/2023\/02\/13\/mijali-posada-diseno-narrativo\/\" \/>\n<meta property=\"og:site_name\" content=\"Grid Magazine\" \/>\n<meta property=\"article:publisher\" content=\"https:\/\/www.facebook.com\/gridmagazine.mx\" \/>\n<meta property=\"article:published_time\" content=\"2023-02-13T16:55:34+00:00\" \/>\n<meta property=\"article:modified_time\" content=\"2023-12-20T21:24:04+00:00\" \/>\n<meta property=\"og:image\" content=\"https:\/\/www.gridmag.com.mx\/wp-content\/uploads\/2023\/02\/La-Taquera_Foto02_BAJA.jpg\" \/>\n\t<meta property=\"og:image:width\" content=\"1701\" \/>\n\t<meta property=\"og:image:height\" content=\"858\" \/>\n\t<meta property=\"og:image:type\" content=\"image\/jpeg\" \/>\n<meta name=\"author\" content=\"Ricardo Jessiel\" \/>\n<meta name=\"twitter:card\" content=\"summary_large_image\" \/>\n<meta name=\"twitter:label1\" content=\"Escrito por\" \/>\n\t<meta name=\"twitter:data1\" content=\"Ricardo Jessiel\" \/>\n\t<meta name=\"twitter:label2\" content=\"Tiempo de lectura\" \/>\n\t<meta name=\"twitter:data2\" content=\"3 minutos\" \/>\n<script type=\"application\/ld+json\" class=\"yoast-schema-graph\">{\"@context\":\"https:\/\/schema.org\",\"@graph\":[{\"@type\":\"Article\",\"@id\":\"https:\/\/www.gridmag.com.mx\/index.php\/2023\/02\/13\/mijali-posada-diseno-narrativo\/#article\",\"isPartOf\":{\"@id\":\"https:\/\/www.gridmag.com.mx\/index.php\/2023\/02\/13\/mijali-posada-diseno-narrativo\/\"},\"author\":{\"name\":\"Ricardo Jessiel\",\"@id\":\"https:\/\/www.gridmag.com.mx\/#\/schema\/person\/9afba06e8182b715a6c0842bc745154e\"},\"headline\":\"Mijal\u00ed Posada | Traves\u00eda multicultural en el dise\u00f1o latinoamericano\",\"datePublished\":\"2023-02-13T16:55:34+00:00\",\"dateModified\":\"2023-12-20T21:24:04+00:00\",\"mainEntityOfPage\":{\"@id\":\"https:\/\/www.gridmag.com.mx\/index.php\/2023\/02\/13\/mijali-posada-diseno-narrativo\/\"},\"wordCount\":513,\"commentCount\":0,\"publisher\":{\"@id\":\"https:\/\/www.gridmag.com.mx\/#organization\"},\"image\":{\"@id\":\"https:\/\/www.gridmag.com.mx\/index.php\/2023\/02\/13\/mijali-posada-diseno-narrativo\/#primaryimage\"},\"thumbnailUrl\":\"https:\/\/www.gridmag.com.mx\/wp-content\/uploads\/2023\/02\/La-Taquera_Foto02_BAJA.jpg\",\"articleSection\":[\"Creativos\",\"Dise\u00f1o\"],\"inLanguage\":\"es\",\"potentialAction\":[{\"@type\":\"CommentAction\",\"name\":\"Comment\",\"target\":[\"https:\/\/www.gridmag.com.mx\/index.php\/2023\/02\/13\/mijali-posada-diseno-narrativo\/#respond\"]}]},{\"@type\":\"WebPage\",\"@id\":\"https:\/\/www.gridmag.com.mx\/index.php\/2023\/02\/13\/mijali-posada-diseno-narrativo\/\",\"url\":\"https:\/\/www.gridmag.com.mx\/index.php\/2023\/02\/13\/mijali-posada-diseno-narrativo\/\",\"name\":\"Mijal\u00ed Posada | Traves\u00eda Multicultural en el Dise\u00f1o Latinoamericano\",\"isPartOf\":{\"@id\":\"https:\/\/www.gridmag.com.mx\/#website\"},\"primaryImageOfPage\":{\"@id\":\"https:\/\/www.gridmag.com.mx\/index.php\/2023\/02\/13\/mijali-posada-diseno-narrativo\/#primaryimage\"},\"image\":{\"@id\":\"https:\/\/www.gridmag.com.mx\/index.php\/2023\/02\/13\/mijali-posada-diseno-narrativo\/#primaryimage\"},\"thumbnailUrl\":\"https:\/\/www.gridmag.com.mx\/wp-content\/uploads\/2023\/02\/La-Taquera_Foto02_BAJA.jpg\",\"datePublished\":\"2023-02-13T16:55:34+00:00\",\"dateModified\":\"2023-12-20T21:24:04+00:00\",\"description\":\"Sum\u00e9rgete en el universo creativo de Mijal\u00ed Posada, dise\u00f1ador de M\u00e9xico. Descubre sus proyectos para la Galer\u00eda Mexicana de Dise\u00f1o.\",\"breadcrumb\":{\"@id\":\"https:\/\/www.gridmag.com.mx\/index.php\/2023\/02\/13\/mijali-posada-diseno-narrativo\/#breadcrumb\"},\"inLanguage\":\"es\",\"potentialAction\":[{\"@type\":\"ReadAction\",\"target\":[\"https:\/\/www.gridmag.com.mx\/index.php\/2023\/02\/13\/mijali-posada-diseno-narrativo\/\"]}]},{\"@type\":\"ImageObject\",\"inLanguage\":\"es\",\"@id\":\"https:\/\/www.gridmag.com.mx\/index.php\/2023\/02\/13\/mijali-posada-diseno-narrativo\/#primaryimage\",\"url\":\"https:\/\/www.gridmag.com.mx\/wp-content\/uploads\/2023\/02\/La-Taquera_Foto02_BAJA.jpg\",\"contentUrl\":\"https:\/\/www.gridmag.com.mx\/wp-content\/uploads\/2023\/02\/La-Taquera_Foto02_BAJA.jpg\",\"width\":1701,\"height\":858,\"caption\":\"Mijal\u00ed Posada | Traves\u00eda multicultural en el dise\u00f1o latinoamericano\"},{\"@type\":\"BreadcrumbList\",\"@id\":\"https:\/\/www.gridmag.com.mx\/index.php\/2023\/02\/13\/mijali-posada-diseno-narrativo\/#breadcrumb\",\"itemListElement\":[{\"@type\":\"ListItem\",\"position\":1,\"name\":\"Inicio\",\"item\":\"https:\/\/www.gridmag.com.mx\/\"},{\"@type\":\"ListItem\",\"position\":2,\"name\":\"Mijal\u00ed Posada | Traves\u00eda multicultural en el dise\u00f1o latinoamericano\"}]},{\"@type\":\"WebSite\",\"@id\":\"https:\/\/www.gridmag.com.mx\/#website\",\"url\":\"https:\/\/www.gridmag.com.mx\/\",\"name\":\"Grid Magazine\",\"description\":\"Compartiendo lo mejor de la arquitectura y dise\u00f1o mexicano.\",\"publisher\":{\"@id\":\"https:\/\/www.gridmag.com.mx\/#organization\"},\"potentialAction\":[{\"@type\":\"SearchAction\",\"target\":{\"@type\":\"EntryPoint\",\"urlTemplate\":\"https:\/\/www.gridmag.com.mx\/?s={search_term_string}\"},\"query-input\":{\"@type\":\"PropertyValueSpecification\",\"valueRequired\":true,\"valueName\":\"search_term_string\"}}],\"inLanguage\":\"es\"},{\"@type\":\"Organization\",\"@id\":\"https:\/\/www.gridmag.com.mx\/#organization\",\"name\":\"Grid Magazine\",\"url\":\"https:\/\/www.gridmag.com.mx\/\",\"logo\":{\"@type\":\"ImageObject\",\"inLanguage\":\"es\",\"@id\":\"https:\/\/www.gridmag.com.mx\/#\/schema\/logo\/image\/\",\"url\":\"\",\"contentUrl\":\"\",\"caption\":\"Grid Magazine\"},\"image\":{\"@id\":\"https:\/\/www.gridmag.com.mx\/#\/schema\/logo\/image\/\"},\"sameAs\":[\"https:\/\/www.facebook.com\/gridmagazine.mx\",\"https:\/\/www.instagram.com\/gridmagazine_mx\/\",\"https:\/\/www.tiktok.com\/@gridmagazine.mx?_t=8gl2kVR2Aq6&_r=1\",\"https:\/\/www.linkedin.com\/company\/grid-magazine-mx\/\"]},{\"@type\":\"Person\",\"@id\":\"https:\/\/www.gridmag.com.mx\/#\/schema\/person\/9afba06e8182b715a6c0842bc745154e\",\"name\":\"Ricardo Jessiel\",\"image\":{\"@type\":\"ImageObject\",\"inLanguage\":\"es\",\"@id\":\"https:\/\/www.gridmag.com.mx\/#\/schema\/person\/image\/\",\"url\":\"https:\/\/secure.gravatar.com\/avatar\/7d0e3ef8d25399f45dc27187a208b067d50afe45e018fb119379e62a7bf3b451?s=96&d=mm&r=g\",\"contentUrl\":\"https:\/\/secure.gravatar.com\/avatar\/7d0e3ef8d25399f45dc27187a208b067d50afe45e018fb119379e62a7bf3b451?s=96&d=mm&r=g\",\"caption\":\"Ricardo Jessiel\"},\"url\":\"https:\/\/www.gridmag.com.mx\/index.php\/author\/ricardo-jessiel\/\"}]}<\/script>\n<!-- \/ Yoast SEO plugin. -->","yoast_head_json":{"title":"Mijal\u00ed Posada | Traves\u00eda Multicultural en el Dise\u00f1o Latinoamericano","description":"Sum\u00e9rgete en el universo creativo de Mijal\u00ed Posada, dise\u00f1ador de M\u00e9xico. Descubre sus proyectos para la Galer\u00eda Mexicana de Dise\u00f1o.","robots":{"index":"index","follow":"follow","max-snippet":"max-snippet:-1","max-image-preview":"max-image-preview:large","max-video-preview":"max-video-preview:-1"},"canonical":"https:\/\/www.gridmag.com.mx\/index.php\/2023\/02\/13\/mijali-posada-diseno-narrativo\/","og_locale":"es_MX","og_type":"article","og_title":"Mijal\u00ed Posada | Traves\u00eda Multicultural en el Dise\u00f1o Latinoamericano","og_description":"Sum\u00e9rgete en el universo creativo de Mijal\u00ed Posada, dise\u00f1ador de M\u00e9xico. Descubre sus proyectos para la Galer\u00eda Mexicana de Dise\u00f1o.","og_url":"https:\/\/www.gridmag.com.mx\/index.php\/2023\/02\/13\/mijali-posada-diseno-narrativo\/","og_site_name":"Grid Magazine","article_publisher":"https:\/\/www.facebook.com\/gridmagazine.mx","article_published_time":"2023-02-13T16:55:34+00:00","article_modified_time":"2023-12-20T21:24:04+00:00","og_image":[{"width":1701,"height":858,"url":"https:\/\/www.gridmag.com.mx\/wp-content\/uploads\/2023\/02\/La-Taquera_Foto02_BAJA.jpg","type":"image\/jpeg"}],"author":"Ricardo Jessiel","twitter_card":"summary_large_image","twitter_misc":{"Escrito por":"Ricardo Jessiel","Tiempo de lectura":"3 minutos"},"schema":{"@context":"https:\/\/schema.org","@graph":[{"@type":"Article","@id":"https:\/\/www.gridmag.com.mx\/index.php\/2023\/02\/13\/mijali-posada-diseno-narrativo\/#article","isPartOf":{"@id":"https:\/\/www.gridmag.com.mx\/index.php\/2023\/02\/13\/mijali-posada-diseno-narrativo\/"},"author":{"name":"Ricardo Jessiel","@id":"https:\/\/www.gridmag.com.mx\/#\/schema\/person\/9afba06e8182b715a6c0842bc745154e"},"headline":"Mijal\u00ed Posada | Traves\u00eda multicultural en el dise\u00f1o latinoamericano","datePublished":"2023-02-13T16:55:34+00:00","dateModified":"2023-12-20T21:24:04+00:00","mainEntityOfPage":{"@id":"https:\/\/www.gridmag.com.mx\/index.php\/2023\/02\/13\/mijali-posada-diseno-narrativo\/"},"wordCount":513,"commentCount":0,"publisher":{"@id":"https:\/\/www.gridmag.com.mx\/#organization"},"image":{"@id":"https:\/\/www.gridmag.com.mx\/index.php\/2023\/02\/13\/mijali-posada-diseno-narrativo\/#primaryimage"},"thumbnailUrl":"https:\/\/www.gridmag.com.mx\/wp-content\/uploads\/2023\/02\/La-Taquera_Foto02_BAJA.jpg","articleSection":["Creativos","Dise\u00f1o"],"inLanguage":"es","potentialAction":[{"@type":"CommentAction","name":"Comment","target":["https:\/\/www.gridmag.com.mx\/index.php\/2023\/02\/13\/mijali-posada-diseno-narrativo\/#respond"]}]},{"@type":"WebPage","@id":"https:\/\/www.gridmag.com.mx\/index.php\/2023\/02\/13\/mijali-posada-diseno-narrativo\/","url":"https:\/\/www.gridmag.com.mx\/index.php\/2023\/02\/13\/mijali-posada-diseno-narrativo\/","name":"Mijal\u00ed Posada | Traves\u00eda Multicultural en el Dise\u00f1o Latinoamericano","isPartOf":{"@id":"https:\/\/www.gridmag.com.mx\/#website"},"primaryImageOfPage":{"@id":"https:\/\/www.gridmag.com.mx\/index.php\/2023\/02\/13\/mijali-posada-diseno-narrativo\/#primaryimage"},"image":{"@id":"https:\/\/www.gridmag.com.mx\/index.php\/2023\/02\/13\/mijali-posada-diseno-narrativo\/#primaryimage"},"thumbnailUrl":"https:\/\/www.gridmag.com.mx\/wp-content\/uploads\/2023\/02\/La-Taquera_Foto02_BAJA.jpg","datePublished":"2023-02-13T16:55:34+00:00","dateModified":"2023-12-20T21:24:04+00:00","description":"Sum\u00e9rgete en el universo creativo de Mijal\u00ed Posada, dise\u00f1ador de M\u00e9xico. Descubre sus proyectos para la Galer\u00eda Mexicana de Dise\u00f1o.","breadcrumb":{"@id":"https:\/\/www.gridmag.com.mx\/index.php\/2023\/02\/13\/mijali-posada-diseno-narrativo\/#breadcrumb"},"inLanguage":"es","potentialAction":[{"@type":"ReadAction","target":["https:\/\/www.gridmag.com.mx\/index.php\/2023\/02\/13\/mijali-posada-diseno-narrativo\/"]}]},{"@type":"ImageObject","inLanguage":"es","@id":"https:\/\/www.gridmag.com.mx\/index.php\/2023\/02\/13\/mijali-posada-diseno-narrativo\/#primaryimage","url":"https:\/\/www.gridmag.com.mx\/wp-content\/uploads\/2023\/02\/La-Taquera_Foto02_BAJA.jpg","contentUrl":"https:\/\/www.gridmag.com.mx\/wp-content\/uploads\/2023\/02\/La-Taquera_Foto02_BAJA.jpg","width":1701,"height":858,"caption":"Mijal\u00ed Posada | Traves\u00eda multicultural en el dise\u00f1o latinoamericano"},{"@type":"BreadcrumbList","@id":"https:\/\/www.gridmag.com.mx\/index.php\/2023\/02\/13\/mijali-posada-diseno-narrativo\/#breadcrumb","itemListElement":[{"@type":"ListItem","position":1,"name":"Inicio","item":"https:\/\/www.gridmag.com.mx\/"},{"@type":"ListItem","position":2,"name":"Mijal\u00ed Posada | Traves\u00eda multicultural en el dise\u00f1o latinoamericano"}]},{"@type":"WebSite","@id":"https:\/\/www.gridmag.com.mx\/#website","url":"https:\/\/www.gridmag.com.mx\/","name":"Grid Magazine","description":"Compartiendo lo mejor de la arquitectura y dise\u00f1o mexicano.","publisher":{"@id":"https:\/\/www.gridmag.com.mx\/#organization"},"potentialAction":[{"@type":"SearchAction","target":{"@type":"EntryPoint","urlTemplate":"https:\/\/www.gridmag.com.mx\/?s={search_term_string}"},"query-input":{"@type":"PropertyValueSpecification","valueRequired":true,"valueName":"search_term_string"}}],"inLanguage":"es"},{"@type":"Organization","@id":"https:\/\/www.gridmag.com.mx\/#organization","name":"Grid Magazine","url":"https:\/\/www.gridmag.com.mx\/","logo":{"@type":"ImageObject","inLanguage":"es","@id":"https:\/\/www.gridmag.com.mx\/#\/schema\/logo\/image\/","url":"","contentUrl":"","caption":"Grid Magazine"},"image":{"@id":"https:\/\/www.gridmag.com.mx\/#\/schema\/logo\/image\/"},"sameAs":["https:\/\/www.facebook.com\/gridmagazine.mx","https:\/\/www.instagram.com\/gridmagazine_mx\/","https:\/\/www.tiktok.com\/@gridmagazine.mx?_t=8gl2kVR2Aq6&_r=1","https:\/\/www.linkedin.com\/company\/grid-magazine-mx\/"]},{"@type":"Person","@id":"https:\/\/www.gridmag.com.mx\/#\/schema\/person\/9afba06e8182b715a6c0842bc745154e","name":"Ricardo Jessiel","image":{"@type":"ImageObject","inLanguage":"es","@id":"https:\/\/www.gridmag.com.mx\/#\/schema\/person\/image\/","url":"https:\/\/secure.gravatar.com\/avatar\/7d0e3ef8d25399f45dc27187a208b067d50afe45e018fb119379e62a7bf3b451?s=96&d=mm&r=g","contentUrl":"https:\/\/secure.gravatar.com\/avatar\/7d0e3ef8d25399f45dc27187a208b067d50afe45e018fb119379e62a7bf3b451?s=96&d=mm&r=g","caption":"Ricardo Jessiel"},"url":"https:\/\/www.gridmag.com.mx\/index.php\/author\/ricardo-jessiel\/"}]}},"_links":{"self":[{"href":"https:\/\/www.gridmag.com.mx\/index.php\/wp-json\/wp\/v2\/posts\/2738","targetHints":{"allow":["GET"]}}],"collection":[{"href":"https:\/\/www.gridmag.com.mx\/index.php\/wp-json\/wp\/v2\/posts"}],"about":[{"href":"https:\/\/www.gridmag.com.mx\/index.php\/wp-json\/wp\/v2\/types\/post"}],"author":[{"embeddable":true,"href":"https:\/\/www.gridmag.com.mx\/index.php\/wp-json\/wp\/v2\/users\/16"}],"replies":[{"embeddable":true,"href":"https:\/\/www.gridmag.com.mx\/index.php\/wp-json\/wp\/v2\/comments?post=2738"}],"version-history":[{"count":6,"href":"https:\/\/www.gridmag.com.mx\/index.php\/wp-json\/wp\/v2\/posts\/2738\/revisions"}],"predecessor-version":[{"id":5788,"href":"https:\/\/www.gridmag.com.mx\/index.php\/wp-json\/wp\/v2\/posts\/2738\/revisions\/5788"}],"wp:featuredmedia":[{"embeddable":true,"href":"https:\/\/www.gridmag.com.mx\/index.php\/wp-json\/wp\/v2\/media\/2740"}],"wp:attachment":[{"href":"https:\/\/www.gridmag.com.mx\/index.php\/wp-json\/wp\/v2\/media?parent=2738"}],"wp:term":[{"taxonomy":"category","embeddable":true,"href":"https:\/\/www.gridmag.com.mx\/index.php\/wp-json\/wp\/v2\/categories?post=2738"},{"taxonomy":"post_tag","embeddable":true,"href":"https:\/\/www.gridmag.com.mx\/index.php\/wp-json\/wp\/v2\/tags?post=2738"}],"curies":[{"name":"wp","href":"https:\/\/api.w.org\/{rel}","templated":true}]}}