{"id":2900,"date":"2023-03-02T12:19:16","date_gmt":"2023-03-02T18:19:16","guid":{"rendered":"https:\/\/www.gridmag.com.mx\/?p=2900"},"modified":"2024-01-02T17:10:19","modified_gmt":"2024-01-02T23:10:19","slug":"genero-en-el-espacio-publico-y-privado","status":"publish","type":"post","link":"https:\/\/www.gridmag.com.mx\/index.php\/2023\/03\/02\/genero-en-el-espacio-publico-y-privado\/","title":{"rendered":"Perspectiva de g\u00e9nero en el espacio p\u00fablico y privado"},"content":{"rendered":"\n<p><strong>La vivencia y experiencia de la esfera urbana desde el g\u00e9nero<\/strong><\/p>\n\n\n\n<p><strong>Por Daniela Jaquez<\/strong><\/p>\n\n\n\n\n\n<h2 class=\"wp-block-heading\"><strong>\u00bfExiste alguna relaci\u00f3n directa entre mi g\u00e9nero y mi experiencia diaria en la esfera urbana?<\/strong> <\/h2>\n\n\n\n<p>Durante los \u00faltimos a\u00f1os me he cuestionado esto cientos de veces, al igual que muchas otras mujeres a mi alrededor. Y hemos integrado una gran cantidad de \u201c<a href=\"https:\/\/www.gridmag.com.mx\/index.php\/2023\/05\/21\/tres-herramientas-de-ia-para-disenadores-y-arquitectos-que-seguramente-no-conocias\/\">herramientas<\/a>\u201d a nuestra rutina diaria con el fin de sentirnos m\u00e1s \u201cseguras\u201d mientras nos movemos por la <strong>ciudad<\/strong> o al explorar nuevos lugares.\u00a0<\/p>\n\n\n\n<p>Constantemente me descubro cambiando de acera cuando veo un hombre detr\u00e1s de m\u00ed durante varias cuadras o usando mis aud\u00edfonos para evitar escuchar el <strong>acoso callejero<\/strong> \u2013en M\u00e9xico es un tema sobre el que nos queda mucho por hacer\u2013 y compartiendo a mis amigas mi ubicaci\u00f3n en tiempo real \u201cpor cualquier cosa\u201d, avisando que llegu\u00e9 \u201ccon bien\u201d. No tengo duda de que mi g\u00e9nero \u2013s\u00ed, ser mujer\u2013 dicta muchas, si no es que todas, mis decisiones diarias con respecto al transporte y movilidad dentro del espacio <a href=\"https:\/\/www.gridmag.com.mx\/index.php\/2022\/10\/26\/paisaje-urbano-sustentable-y-la-crisis-de-agua-en-mexico\/\">urbano<\/a>.\u00a0\u00a0<\/p>\n\n\n\n<figure class=\"wp-block-image size-large\"><img decoding=\"async\" width=\"1024\" height=\"683\" src=\"https:\/\/www.gridmag.com.mx\/wp-content\/uploads\/2023\/03\/jason-wong-edcUaaNaowU-unsplash-1024x683.jpg\" alt=\"\" class=\"wp-image-2903\" srcset=\"https:\/\/www.gridmag.com.mx\/wp-content\/uploads\/2023\/03\/jason-wong-edcUaaNaowU-unsplash-1024x683.jpg 1024w, https:\/\/www.gridmag.com.mx\/wp-content\/uploads\/2023\/03\/jason-wong-edcUaaNaowU-unsplash-300x200.jpg 300w, https:\/\/www.gridmag.com.mx\/wp-content\/uploads\/2023\/03\/jason-wong-edcUaaNaowU-unsplash-768x512.jpg 768w, https:\/\/www.gridmag.com.mx\/wp-content\/uploads\/2023\/03\/jason-wong-edcUaaNaowU-unsplash-1536x1024.jpg 1536w, https:\/\/www.gridmag.com.mx\/wp-content\/uploads\/2023\/03\/jason-wong-edcUaaNaowU-unsplash-2048x1365.jpg 2048w, https:\/\/www.gridmag.com.mx\/wp-content\/uploads\/2023\/03\/jason-wong-edcUaaNaowU-unsplash-360x240.jpg 360w, https:\/\/www.gridmag.com.mx\/wp-content\/uploads\/2023\/03\/jason-wong-edcUaaNaowU-unsplash-720x480.jpg 720w, https:\/\/www.gridmag.com.mx\/wp-content\/uploads\/2023\/03\/jason-wong-edcUaaNaowU-unsplash-770x513.jpg 770w, https:\/\/www.gridmag.com.mx\/wp-content\/uploads\/2023\/03\/jason-wong-edcUaaNaowU-unsplash-1400x933.jpg 1400w\" sizes=\"(max-width: 1024px) 100vw, 1024px\" \/><\/figure>\n\n\n\n<div style=\"height:10px\" aria-hidden=\"true\" class=\"wp-block-spacer\"><\/div>\n\n\n\n<h2 class=\"wp-block-heading\"><strong>Roles de g\u00e9nero en el espacio privado<\/strong><\/h2>\n\n\n\n<p>Este tema tambi\u00e9n se hace visible al hablar del <strong>espacio privado<\/strong>; las opciones y posibilidades de experimentarlo y habitarlo est\u00e1n ligadas al g\u00e9nero, ya sea en la casa o en restaurantes, gimnasios, bares, etc. La diferencia en c\u00f3mo algunos usuarios viven mientras que otros sobreviven el mismo espacio nos dice que es necesario repensar el papel del <a href=\"https:\/\/www.gridmag.com.mx\/index.php\/2022\/03\/24\/mujeres-en-la-arquitectura-perspectiva-de-genero-en-la-industria\/\">quehacer arquitect\u00f3nico desde una <strong>perspectiva de g\u00e9nero<\/strong><\/a>. Cuestionando para qui\u00e9n se dise\u00f1a y los requerimientos de este usuario; modificar la idea de que el espacio es neutro, pues es completamente incorrecta. Y por ende, entender y proponer espacios que resuelvan las <strong>necesidades de toda la poblaci\u00f3n<\/strong>, no solo del 50 % de esta.\u00a0<\/p>\n\n\n\n<figure class=\"wp-block-image size-large\"><img decoding=\"async\" width=\"683\" height=\"1024\" src=\"https:\/\/www.gridmag.com.mx\/wp-content\/uploads\/2023\/03\/liam-burnett-blue-qwEUsg7UbI-unsplash-683x1024.jpg\" alt=\"Perspectiva de G\u00e9nero en el Espacio P\u00fablico y Privado\" class=\"wp-image-2904\" srcset=\"https:\/\/www.gridmag.com.mx\/wp-content\/uploads\/2023\/03\/liam-burnett-blue-qwEUsg7UbI-unsplash-683x1024.jpg 683w, https:\/\/www.gridmag.com.mx\/wp-content\/uploads\/2023\/03\/liam-burnett-blue-qwEUsg7UbI-unsplash-200x300.jpg 200w, https:\/\/www.gridmag.com.mx\/wp-content\/uploads\/2023\/03\/liam-burnett-blue-qwEUsg7UbI-unsplash-768x1152.jpg 768w, https:\/\/www.gridmag.com.mx\/wp-content\/uploads\/2023\/03\/liam-burnett-blue-qwEUsg7UbI-unsplash-1024x1536.jpg 1024w, https:\/\/www.gridmag.com.mx\/wp-content\/uploads\/2023\/03\/liam-burnett-blue-qwEUsg7UbI-unsplash-1365x2048.jpg 1365w, https:\/\/www.gridmag.com.mx\/wp-content\/uploads\/2023\/03\/liam-burnett-blue-qwEUsg7UbI-unsplash-770x1155.jpg 770w, https:\/\/www.gridmag.com.mx\/wp-content\/uploads\/2023\/03\/liam-burnett-blue-qwEUsg7UbI-unsplash-1400x2100.jpg 1400w, https:\/\/www.gridmag.com.mx\/wp-content\/uploads\/2023\/03\/liam-burnett-blue-qwEUsg7UbI-unsplash.jpg 1605w\" sizes=\"(max-width: 683px) 100vw, 683px\" \/><\/figure>\n\n\n\n<div style=\"height:10px\" aria-hidden=\"true\" class=\"wp-block-spacer\"><\/div>\n\n\n\n<p>Si bien en la actualidad las <a href=\"https:\/\/www.gridmag.com.mx\/index.php\/2023\/03\/30\/isa-gomez-y-las-mujeres-de-hacienda-mirandillas\/\">mujeres<\/a> cada d\u00eda nos apropiamos m\u00e1s de espacios, plataformas y lugares en los que antes no \u00e9ramos bien recibidas o de los que ni siquiera pod\u00edamos formar parte. A\u00fan queda mucho por hacer, y es que no es tan simple como <strong>repensar la ciudad<\/strong> y querer reconstruirla, sino que es un trabajo multidisciplinario que tomar\u00e1 al menos un par de d\u00e9cadas. La ciudad es un recordatorio de qui\u00e9n la dise\u00f1\u00f3. Es decir, cuando transitas por calles inseguras, entras a restaurantes y bares pensados solo para hombres o para un solo tipo de mujer (la madre) que, aunque en algunos casos se contempla, sigue excluyendo a muchas otras.\u00a0\u00a0<\/p>\n\n\n\n<p>Y es que desde la antig\u00fcedad el espacio se ha estructurado de acuerdo con los requerimientos propuestos con base en los <strong>roles de g\u00e9nero<\/strong> y se han perpetuado hasta la actualidad. Por un lado, <a href=\"https:\/\/www.gridmag.com.mx\/index.php\/2022\/10\/02\/el-rol-del-agua-en-el-diseno-urbano-arquitectura-liquida\/\">el rol del<\/a> hombre como proveedor y por el otro, a la mujer como cuidadora primaria del hogar, ocupan y habitan cada uno el espacio de manera distinta, aunque hablemos exactamente del mismo espacio.\u00a0<\/p>\n\n\n\n<figure class=\"wp-block-image size-large\"><img decoding=\"async\" width=\"576\" height=\"1024\" src=\"https:\/\/www.gridmag.com.mx\/wp-content\/uploads\/2023\/03\/sara-cudanov-gIM3cEr6qSY-unsplash-576x1024.jpg\" alt=\"Perspectiva de G\u00e9nero en el Espacio P\u00fablico y Privado\" class=\"wp-image-2905\" srcset=\"https:\/\/www.gridmag.com.mx\/wp-content\/uploads\/2023\/03\/sara-cudanov-gIM3cEr6qSY-unsplash-576x1024.jpg 576w, https:\/\/www.gridmag.com.mx\/wp-content\/uploads\/2023\/03\/sara-cudanov-gIM3cEr6qSY-unsplash-169x300.jpg 169w, https:\/\/www.gridmag.com.mx\/wp-content\/uploads\/2023\/03\/sara-cudanov-gIM3cEr6qSY-unsplash-768x1366.jpg 768w, https:\/\/www.gridmag.com.mx\/wp-content\/uploads\/2023\/03\/sara-cudanov-gIM3cEr6qSY-unsplash-863x1536.jpg 863w, https:\/\/www.gridmag.com.mx\/wp-content\/uploads\/2023\/03\/sara-cudanov-gIM3cEr6qSY-unsplash-1151x2048.jpg 1151w, https:\/\/www.gridmag.com.mx\/wp-content\/uploads\/2023\/03\/sara-cudanov-gIM3cEr6qSY-unsplash-770x1370.jpg 770w, https:\/\/www.gridmag.com.mx\/wp-content\/uploads\/2023\/03\/sara-cudanov-gIM3cEr6qSY-unsplash.jpg 1276w\" sizes=\"(max-width: 576px) 100vw, 576px\" \/><\/figure>\n\n\n\n<div style=\"height:10px\" aria-hidden=\"true\" class=\"wp-block-spacer\"><\/div>\n\n\n\n<h2 class=\"wp-block-heading\"><strong>Ba\u00f1os p\u00fablicos: m\u00e1s all\u00e1 de las etiquetas de g\u00e9nero<\/strong><\/h2>\n\n\n\n<p>La ciudad y el espacio p\u00fablico fungen en su mayor\u00eda como el lugar de trabajo del hombre mientras que el <strong>espacio dom\u00e9stico<\/strong> o privado a\u00fan se sigue reservando para la mujer. Tambi\u00e9n esto dicta cu\u00e1les son las opciones y tareas disponibles para cada uno.\u00a0<\/p>\n\n\n\n<p>Un ejemplo para visibilizar este tema son ba\u00f1os p\u00fablicos, los cuales no solo segregan a una gran parte de la poblaci\u00f3n al proponer el uso de <strong>etiquetas<\/strong> de acuerdo al g\u00e9nero masculino y femenino y as\u00ed dejar fuera a cualquier otra persona que no se identifique con ninguna de estas dos clasificaciones. Tambi\u00e9n est\u00e1 el hecho de que generalmente, al menos en M\u00e9xico, la estaci\u00f3n de cambio de pa\u00f1ales se encuentra casi siempre en el ba\u00f1o de mujeres. Delegando una vez m\u00e1s el rol de cuidadora primaria a la madre y excluyendo y negando la posibilidad al padre de realizar esta tarea tan simple que tambi\u00e9n le corresponde. Otra cuesti\u00f3n es el espacio que existe entre el inodoro y la puerta. En numerosas ocasiones queda de manifiesto que fueron concebidos para alguien que orina de pie pues es insuficiente para alguien con las rodillas flexionadas, como hacemos naturalmente las mujeres.<\/p>\n\n\n\n<figure class=\"wp-block-image size-large\"><img decoding=\"async\" width=\"819\" height=\"1024\" src=\"https:\/\/www.gridmag.com.mx\/wp-content\/uploads\/2023\/03\/no-revisions-8Xm3NDLsvUA-unsplash-1-819x1024.jpg\" alt=\"Perspectiva de G\u00e9nero en el Espacio P\u00fablico y Privado\" class=\"wp-image-2908\" srcset=\"https:\/\/www.gridmag.com.mx\/wp-content\/uploads\/2023\/03\/no-revisions-8Xm3NDLsvUA-unsplash-1-819x1024.jpg 819w, https:\/\/www.gridmag.com.mx\/wp-content\/uploads\/2023\/03\/no-revisions-8Xm3NDLsvUA-unsplash-1-240x300.jpg 240w, https:\/\/www.gridmag.com.mx\/wp-content\/uploads\/2023\/03\/no-revisions-8Xm3NDLsvUA-unsplash-1-768x960.jpg 768w, https:\/\/www.gridmag.com.mx\/wp-content\/uploads\/2023\/03\/no-revisions-8Xm3NDLsvUA-unsplash-1-770x963.jpg 770w, https:\/\/www.gridmag.com.mx\/wp-content\/uploads\/2023\/03\/no-revisions-8Xm3NDLsvUA-unsplash-1.jpg 1134w\" sizes=\"(max-width: 819px) 100vw, 819px\" \/><\/figure>\n\n\n\n<div style=\"height:10px\" aria-hidden=\"true\" class=\"wp-block-spacer\"><\/div>\n\n\n\n<h2 class=\"wp-block-heading\"><strong>Reimaginando el dise\u00f1o: apropiaci\u00f3n del espacio sin restricciones<\/strong><\/h2>\n\n\n\n<p>Tales construcciones del espacio p\u00fablico y privado no hacen m\u00e1s que seguir perpetuando los roles de g\u00e9nero y <strong>patriarcado<\/strong>. Segregando as\u00ed a m\u00e1s de la mitad de la poblaci\u00f3n y determinando qui\u00e9n tiene derecho a habitar cada espacio. Este constructo social propone y define l\u00edmites no solo sociales sino tambi\u00e9n espaciales. Que determinan qui\u00e9n pertenece a un lugar y qui\u00e9n debe ser excluido del mismo.\u00a0<\/p>\n\n\n\n<p>Se trata entonces de repensar el espacio, no solo el p\u00fablico sino tambi\u00e9n el privado. Donde el g\u00e9nero no determine las opciones disponibles para cada usuario, sino que de manera libre y consciente, este se apropie del mismo de acuerdo con sus necesidades y gustos. Dise\u00f1ar espacios con <a href=\"https:\/\/www.gridmag.com.mx\/index.php\/2023\/03\/18\/mucha-muchacha-perspectiva-de-genero-para-las-ciudades\/\">perspectiva de g\u00e9nero<\/a> que sean suficientes para responder a las necesidades de todos los grupos de poblaci\u00f3n. Solo al ver la <strong>arquitectura y el dise\u00f1o<\/strong> de espacios desde una nueva mirada. Que contemple las diferencias y las necesidades de cada grupo, se lograr\u00e1 una ciudad m\u00e1s habitable, segura y funcional para todas y todos.\u00a0<\/p>\n\n\n\n<h2 class=\"wp-block-heading\">\u00bfQui\u00e9n es Daniela Jaquez?<\/h2>\n\n\n\n<p><em>Daniela Jaquez (28 a\u00f1os) es egresada de la facultad de arquitectura de la Universidad Aut\u00f3noma de Aguascalientes. Su trabajo se centra en temas de vivienda social y urbanismo pero tambi\u00e9n le apasiona el dise\u00f1o de modas, industrial, el arte, la m\u00fasica, la literatura y explorar las ciudades caminando y con un caf\u00e9 en mano.<\/em><\/p>\n","protected":false},"excerpt":{"rendered":"<p>La vivencia y experiencia de la esfera urbana desde el g\u00e9nero Por Daniela Jaquez \u00bfExiste alguna relaci\u00f3n directa entre mi g\u00e9nero y mi experiencia diaria en la esfera urbana? Durante los \u00faltimos a\u00f1os me he cuestionado esto cientos de veces, al igual que muchas otras mujeres a mi alrededor. Y hemos integrado una gran cantidad de \u201cherramientas\u201d a nuestra rutina diaria con el fin de sentirnos m\u00e1s \u201cseguras\u201d mientras nos movemos por la ciudad o al explorar nuevos lugares.\u00a0 Constantemente [&hellip;]<\/p>\n","protected":false},"author":1,"featured_media":2901,"comment_status":"open","ping_status":"open","sticky":false,"template":"","format":"standard","meta":{"footnotes":""},"categories":[49,56],"tags":[],"class_list":["post-2900","post","type-post","status-publish","format-standard","has-post-thumbnail","hentry","category-arquitectura","category-editor-picks"],"yoast_head":"<!-- This site is optimized with the Yoast SEO plugin v27.0 - https:\/\/yoast.com\/product\/yoast-seo-wordpress\/ -->\n<title>Perspectiva de G\u00e9nero en el Espacio P\u00fablico y Privado<\/title>\n<meta name=\"description\" content=\"Explora con Daniela Jaquez, arquitecta, c\u00f3mo el espacio urbano y privado ha sido estructurado hist\u00f3ricamente seg\u00fan roles de g\u00e9nero.\" \/>\n<meta name=\"robots\" content=\"index, follow, max-snippet:-1, max-image-preview:large, max-video-preview:-1\" \/>\n<link rel=\"canonical\" href=\"https:\/\/www.gridmag.com.mx\/index.php\/2023\/03\/02\/genero-en-el-espacio-publico-y-privado\/\" \/>\n<meta property=\"og:locale\" content=\"es_MX\" \/>\n<meta property=\"og:type\" content=\"article\" \/>\n<meta property=\"og:title\" content=\"Perspectiva de G\u00e9nero en el Espacio P\u00fablico y Privado\" \/>\n<meta property=\"og:description\" content=\"Explora con Daniela Jaquez, arquitecta, c\u00f3mo el espacio urbano y privado ha sido estructurado hist\u00f3ricamente seg\u00fan roles de g\u00e9nero.\" \/>\n<meta property=\"og:url\" content=\"https:\/\/www.gridmag.com.mx\/index.php\/2023\/03\/02\/genero-en-el-espacio-publico-y-privado\/\" \/>\n<meta property=\"og:site_name\" content=\"Grid Magazine\" \/>\n<meta property=\"article:publisher\" content=\"https:\/\/www.facebook.com\/gridmagazine.mx\" \/>\n<meta property=\"article:published_time\" content=\"2023-03-02T18:19:16+00:00\" \/>\n<meta property=\"article:modified_time\" content=\"2024-01-02T23:10:19+00:00\" \/>\n<meta property=\"og:image\" content=\"https:\/\/www.gridmag.com.mx\/wp-content\/uploads\/2023\/03\/ryoji-iwata-vWfKaO0k9pc-unsplash.jpg\" \/>\n\t<meta property=\"og:image:width\" content=\"1701\" \/>\n\t<meta property=\"og:image:height\" content=\"1089\" \/>\n\t<meta property=\"og:image:type\" content=\"image\/jpeg\" \/>\n<meta name=\"author\" content=\"Grid Magazine\" \/>\n<meta name=\"twitter:card\" content=\"summary_large_image\" \/>\n<meta name=\"twitter:label1\" content=\"Escrito por\" \/>\n\t<meta name=\"twitter:data1\" content=\"Grid Magazine\" \/>\n\t<meta name=\"twitter:label2\" content=\"Tiempo de lectura\" \/>\n\t<meta name=\"twitter:data2\" content=\"5 minutos\" \/>\n<script type=\"application\/ld+json\" class=\"yoast-schema-graph\">{\"@context\":\"https:\/\/schema.org\",\"@graph\":[{\"@type\":\"Article\",\"@id\":\"https:\/\/www.gridmag.com.mx\/index.php\/2023\/03\/02\/genero-en-el-espacio-publico-y-privado\/#article\",\"isPartOf\":{\"@id\":\"https:\/\/www.gridmag.com.mx\/index.php\/2023\/03\/02\/genero-en-el-espacio-publico-y-privado\/\"},\"author\":{\"name\":\"Grid Magazine\",\"@id\":\"https:\/\/www.gridmag.com.mx\/#\/schema\/person\/d54cddc75e2ecfe4a55e39c0336ae932\"},\"headline\":\"Perspectiva de g\u00e9nero en el espacio p\u00fablico y privado\",\"datePublished\":\"2023-03-02T18:19:16+00:00\",\"dateModified\":\"2024-01-02T23:10:19+00:00\",\"mainEntityOfPage\":{\"@id\":\"https:\/\/www.gridmag.com.mx\/index.php\/2023\/03\/02\/genero-en-el-espacio-publico-y-privado\/\"},\"wordCount\":984,\"commentCount\":0,\"publisher\":{\"@id\":\"https:\/\/www.gridmag.com.mx\/#organization\"},\"image\":{\"@id\":\"https:\/\/www.gridmag.com.mx\/index.php\/2023\/03\/02\/genero-en-el-espacio-publico-y-privado\/#primaryimage\"},\"thumbnailUrl\":\"https:\/\/www.gridmag.com.mx\/wp-content\/uploads\/2023\/03\/ryoji-iwata-vWfKaO0k9pc-unsplash.jpg\",\"articleSection\":[\"Arquitectura\",\"Editor Picks\"],\"inLanguage\":\"es\",\"potentialAction\":[{\"@type\":\"CommentAction\",\"name\":\"Comment\",\"target\":[\"https:\/\/www.gridmag.com.mx\/index.php\/2023\/03\/02\/genero-en-el-espacio-publico-y-privado\/#respond\"]}]},{\"@type\":\"WebPage\",\"@id\":\"https:\/\/www.gridmag.com.mx\/index.php\/2023\/03\/02\/genero-en-el-espacio-publico-y-privado\/\",\"url\":\"https:\/\/www.gridmag.com.mx\/index.php\/2023\/03\/02\/genero-en-el-espacio-publico-y-privado\/\",\"name\":\"Perspectiva de G\u00e9nero en el Espacio P\u00fablico y Privado\",\"isPartOf\":{\"@id\":\"https:\/\/www.gridmag.com.mx\/#website\"},\"primaryImageOfPage\":{\"@id\":\"https:\/\/www.gridmag.com.mx\/index.php\/2023\/03\/02\/genero-en-el-espacio-publico-y-privado\/#primaryimage\"},\"image\":{\"@id\":\"https:\/\/www.gridmag.com.mx\/index.php\/2023\/03\/02\/genero-en-el-espacio-publico-y-privado\/#primaryimage\"},\"thumbnailUrl\":\"https:\/\/www.gridmag.com.mx\/wp-content\/uploads\/2023\/03\/ryoji-iwata-vWfKaO0k9pc-unsplash.jpg\",\"datePublished\":\"2023-03-02T18:19:16+00:00\",\"dateModified\":\"2024-01-02T23:10:19+00:00\",\"description\":\"Explora con Daniela Jaquez, arquitecta, c\u00f3mo el espacio urbano y privado ha sido estructurado hist\u00f3ricamente seg\u00fan roles de g\u00e9nero.\",\"breadcrumb\":{\"@id\":\"https:\/\/www.gridmag.com.mx\/index.php\/2023\/03\/02\/genero-en-el-espacio-publico-y-privado\/#breadcrumb\"},\"inLanguage\":\"es\",\"potentialAction\":[{\"@type\":\"ReadAction\",\"target\":[\"https:\/\/www.gridmag.com.mx\/index.php\/2023\/03\/02\/genero-en-el-espacio-publico-y-privado\/\"]}]},{\"@type\":\"ImageObject\",\"inLanguage\":\"es\",\"@id\":\"https:\/\/www.gridmag.com.mx\/index.php\/2023\/03\/02\/genero-en-el-espacio-publico-y-privado\/#primaryimage\",\"url\":\"https:\/\/www.gridmag.com.mx\/wp-content\/uploads\/2023\/03\/ryoji-iwata-vWfKaO0k9pc-unsplash.jpg\",\"contentUrl\":\"https:\/\/www.gridmag.com.mx\/wp-content\/uploads\/2023\/03\/ryoji-iwata-vWfKaO0k9pc-unsplash.jpg\",\"width\":1701,\"height\":1089,\"caption\":\"Perspectiva de g\u00e9nero en el espacio p\u00fablico y privado\"},{\"@type\":\"BreadcrumbList\",\"@id\":\"https:\/\/www.gridmag.com.mx\/index.php\/2023\/03\/02\/genero-en-el-espacio-publico-y-privado\/#breadcrumb\",\"itemListElement\":[{\"@type\":\"ListItem\",\"position\":1,\"name\":\"Inicio\",\"item\":\"https:\/\/www.gridmag.com.mx\/\"},{\"@type\":\"ListItem\",\"position\":2,\"name\":\"Perspectiva de g\u00e9nero en el espacio p\u00fablico y privado\"}]},{\"@type\":\"WebSite\",\"@id\":\"https:\/\/www.gridmag.com.mx\/#website\",\"url\":\"https:\/\/www.gridmag.com.mx\/\",\"name\":\"Grid Magazine\",\"description\":\"Compartiendo lo mejor de la arquitectura y dise\u00f1o mexicano.\",\"publisher\":{\"@id\":\"https:\/\/www.gridmag.com.mx\/#organization\"},\"potentialAction\":[{\"@type\":\"SearchAction\",\"target\":{\"@type\":\"EntryPoint\",\"urlTemplate\":\"https:\/\/www.gridmag.com.mx\/?s={search_term_string}\"},\"query-input\":{\"@type\":\"PropertyValueSpecification\",\"valueRequired\":true,\"valueName\":\"search_term_string\"}}],\"inLanguage\":\"es\"},{\"@type\":\"Organization\",\"@id\":\"https:\/\/www.gridmag.com.mx\/#organization\",\"name\":\"Grid Magazine\",\"url\":\"https:\/\/www.gridmag.com.mx\/\",\"logo\":{\"@type\":\"ImageObject\",\"inLanguage\":\"es\",\"@id\":\"https:\/\/www.gridmag.com.mx\/#\/schema\/logo\/image\/\",\"url\":\"\",\"contentUrl\":\"\",\"caption\":\"Grid Magazine\"},\"image\":{\"@id\":\"https:\/\/www.gridmag.com.mx\/#\/schema\/logo\/image\/\"},\"sameAs\":[\"https:\/\/www.facebook.com\/gridmagazine.mx\",\"https:\/\/www.instagram.com\/gridmagazine_mx\/\",\"https:\/\/www.tiktok.com\/@gridmagazine.mx?_t=8gl2kVR2Aq6&_r=1\",\"https:\/\/www.linkedin.com\/company\/grid-magazine-mx\/\"]},{\"@type\":\"Person\",\"@id\":\"https:\/\/www.gridmag.com.mx\/#\/schema\/person\/d54cddc75e2ecfe4a55e39c0336ae932\",\"name\":\"Grid Magazine\",\"image\":{\"@type\":\"ImageObject\",\"inLanguage\":\"es\",\"@id\":\"https:\/\/www.gridmag.com.mx\/#\/schema\/person\/image\/\",\"url\":\"https:\/\/secure.gravatar.com\/avatar\/8e4bd50943002dd6ee9db30e5af749244f3e21206a99c4fb42429117eaacfc83?s=96&d=mm&r=g\",\"contentUrl\":\"https:\/\/secure.gravatar.com\/avatar\/8e4bd50943002dd6ee9db30e5af749244f3e21206a99c4fb42429117eaacfc83?s=96&d=mm&r=g\",\"caption\":\"Grid Magazine\"},\"sameAs\":[\"https:\/\/www.gridmag.com.mx\"],\"url\":\"https:\/\/www.gridmag.com.mx\/index.php\/author\/grid-magazine-arq\/\"}]}<\/script>\n<!-- \/ Yoast SEO plugin. -->","yoast_head_json":{"title":"Perspectiva de G\u00e9nero en el Espacio P\u00fablico y Privado","description":"Explora con Daniela Jaquez, arquitecta, c\u00f3mo el espacio urbano y privado ha sido estructurado hist\u00f3ricamente seg\u00fan roles de g\u00e9nero.","robots":{"index":"index","follow":"follow","max-snippet":"max-snippet:-1","max-image-preview":"max-image-preview:large","max-video-preview":"max-video-preview:-1"},"canonical":"https:\/\/www.gridmag.com.mx\/index.php\/2023\/03\/02\/genero-en-el-espacio-publico-y-privado\/","og_locale":"es_MX","og_type":"article","og_title":"Perspectiva de G\u00e9nero en el Espacio P\u00fablico y Privado","og_description":"Explora con Daniela Jaquez, arquitecta, c\u00f3mo el espacio urbano y privado ha sido estructurado hist\u00f3ricamente seg\u00fan roles de g\u00e9nero.","og_url":"https:\/\/www.gridmag.com.mx\/index.php\/2023\/03\/02\/genero-en-el-espacio-publico-y-privado\/","og_site_name":"Grid Magazine","article_publisher":"https:\/\/www.facebook.com\/gridmagazine.mx","article_published_time":"2023-03-02T18:19:16+00:00","article_modified_time":"2024-01-02T23:10:19+00:00","og_image":[{"width":1701,"height":1089,"url":"https:\/\/www.gridmag.com.mx\/wp-content\/uploads\/2023\/03\/ryoji-iwata-vWfKaO0k9pc-unsplash.jpg","type":"image\/jpeg"}],"author":"Grid Magazine","twitter_card":"summary_large_image","twitter_misc":{"Escrito por":"Grid Magazine","Tiempo de lectura":"5 minutos"},"schema":{"@context":"https:\/\/schema.org","@graph":[{"@type":"Article","@id":"https:\/\/www.gridmag.com.mx\/index.php\/2023\/03\/02\/genero-en-el-espacio-publico-y-privado\/#article","isPartOf":{"@id":"https:\/\/www.gridmag.com.mx\/index.php\/2023\/03\/02\/genero-en-el-espacio-publico-y-privado\/"},"author":{"name":"Grid Magazine","@id":"https:\/\/www.gridmag.com.mx\/#\/schema\/person\/d54cddc75e2ecfe4a55e39c0336ae932"},"headline":"Perspectiva de g\u00e9nero en el espacio p\u00fablico y privado","datePublished":"2023-03-02T18:19:16+00:00","dateModified":"2024-01-02T23:10:19+00:00","mainEntityOfPage":{"@id":"https:\/\/www.gridmag.com.mx\/index.php\/2023\/03\/02\/genero-en-el-espacio-publico-y-privado\/"},"wordCount":984,"commentCount":0,"publisher":{"@id":"https:\/\/www.gridmag.com.mx\/#organization"},"image":{"@id":"https:\/\/www.gridmag.com.mx\/index.php\/2023\/03\/02\/genero-en-el-espacio-publico-y-privado\/#primaryimage"},"thumbnailUrl":"https:\/\/www.gridmag.com.mx\/wp-content\/uploads\/2023\/03\/ryoji-iwata-vWfKaO0k9pc-unsplash.jpg","articleSection":["Arquitectura","Editor Picks"],"inLanguage":"es","potentialAction":[{"@type":"CommentAction","name":"Comment","target":["https:\/\/www.gridmag.com.mx\/index.php\/2023\/03\/02\/genero-en-el-espacio-publico-y-privado\/#respond"]}]},{"@type":"WebPage","@id":"https:\/\/www.gridmag.com.mx\/index.php\/2023\/03\/02\/genero-en-el-espacio-publico-y-privado\/","url":"https:\/\/www.gridmag.com.mx\/index.php\/2023\/03\/02\/genero-en-el-espacio-publico-y-privado\/","name":"Perspectiva de G\u00e9nero en el Espacio P\u00fablico y Privado","isPartOf":{"@id":"https:\/\/www.gridmag.com.mx\/#website"},"primaryImageOfPage":{"@id":"https:\/\/www.gridmag.com.mx\/index.php\/2023\/03\/02\/genero-en-el-espacio-publico-y-privado\/#primaryimage"},"image":{"@id":"https:\/\/www.gridmag.com.mx\/index.php\/2023\/03\/02\/genero-en-el-espacio-publico-y-privado\/#primaryimage"},"thumbnailUrl":"https:\/\/www.gridmag.com.mx\/wp-content\/uploads\/2023\/03\/ryoji-iwata-vWfKaO0k9pc-unsplash.jpg","datePublished":"2023-03-02T18:19:16+00:00","dateModified":"2024-01-02T23:10:19+00:00","description":"Explora con Daniela Jaquez, arquitecta, c\u00f3mo el espacio urbano y privado ha sido estructurado hist\u00f3ricamente seg\u00fan roles de g\u00e9nero.","breadcrumb":{"@id":"https:\/\/www.gridmag.com.mx\/index.php\/2023\/03\/02\/genero-en-el-espacio-publico-y-privado\/#breadcrumb"},"inLanguage":"es","potentialAction":[{"@type":"ReadAction","target":["https:\/\/www.gridmag.com.mx\/index.php\/2023\/03\/02\/genero-en-el-espacio-publico-y-privado\/"]}]},{"@type":"ImageObject","inLanguage":"es","@id":"https:\/\/www.gridmag.com.mx\/index.php\/2023\/03\/02\/genero-en-el-espacio-publico-y-privado\/#primaryimage","url":"https:\/\/www.gridmag.com.mx\/wp-content\/uploads\/2023\/03\/ryoji-iwata-vWfKaO0k9pc-unsplash.jpg","contentUrl":"https:\/\/www.gridmag.com.mx\/wp-content\/uploads\/2023\/03\/ryoji-iwata-vWfKaO0k9pc-unsplash.jpg","width":1701,"height":1089,"caption":"Perspectiva de g\u00e9nero en el espacio p\u00fablico y privado"},{"@type":"BreadcrumbList","@id":"https:\/\/www.gridmag.com.mx\/index.php\/2023\/03\/02\/genero-en-el-espacio-publico-y-privado\/#breadcrumb","itemListElement":[{"@type":"ListItem","position":1,"name":"Inicio","item":"https:\/\/www.gridmag.com.mx\/"},{"@type":"ListItem","position":2,"name":"Perspectiva de g\u00e9nero en el espacio p\u00fablico y privado"}]},{"@type":"WebSite","@id":"https:\/\/www.gridmag.com.mx\/#website","url":"https:\/\/www.gridmag.com.mx\/","name":"Grid Magazine","description":"Compartiendo lo mejor de la arquitectura y dise\u00f1o mexicano.","publisher":{"@id":"https:\/\/www.gridmag.com.mx\/#organization"},"potentialAction":[{"@type":"SearchAction","target":{"@type":"EntryPoint","urlTemplate":"https:\/\/www.gridmag.com.mx\/?s={search_term_string}"},"query-input":{"@type":"PropertyValueSpecification","valueRequired":true,"valueName":"search_term_string"}}],"inLanguage":"es"},{"@type":"Organization","@id":"https:\/\/www.gridmag.com.mx\/#organization","name":"Grid Magazine","url":"https:\/\/www.gridmag.com.mx\/","logo":{"@type":"ImageObject","inLanguage":"es","@id":"https:\/\/www.gridmag.com.mx\/#\/schema\/logo\/image\/","url":"","contentUrl":"","caption":"Grid Magazine"},"image":{"@id":"https:\/\/www.gridmag.com.mx\/#\/schema\/logo\/image\/"},"sameAs":["https:\/\/www.facebook.com\/gridmagazine.mx","https:\/\/www.instagram.com\/gridmagazine_mx\/","https:\/\/www.tiktok.com\/@gridmagazine.mx?_t=8gl2kVR2Aq6&_r=1","https:\/\/www.linkedin.com\/company\/grid-magazine-mx\/"]},{"@type":"Person","@id":"https:\/\/www.gridmag.com.mx\/#\/schema\/person\/d54cddc75e2ecfe4a55e39c0336ae932","name":"Grid Magazine","image":{"@type":"ImageObject","inLanguage":"es","@id":"https:\/\/www.gridmag.com.mx\/#\/schema\/person\/image\/","url":"https:\/\/secure.gravatar.com\/avatar\/8e4bd50943002dd6ee9db30e5af749244f3e21206a99c4fb42429117eaacfc83?s=96&d=mm&r=g","contentUrl":"https:\/\/secure.gravatar.com\/avatar\/8e4bd50943002dd6ee9db30e5af749244f3e21206a99c4fb42429117eaacfc83?s=96&d=mm&r=g","caption":"Grid Magazine"},"sameAs":["https:\/\/www.gridmag.com.mx"],"url":"https:\/\/www.gridmag.com.mx\/index.php\/author\/grid-magazine-arq\/"}]}},"_links":{"self":[{"href":"https:\/\/www.gridmag.com.mx\/index.php\/wp-json\/wp\/v2\/posts\/2900","targetHints":{"allow":["GET"]}}],"collection":[{"href":"https:\/\/www.gridmag.com.mx\/index.php\/wp-json\/wp\/v2\/posts"}],"about":[{"href":"https:\/\/www.gridmag.com.mx\/index.php\/wp-json\/wp\/v2\/types\/post"}],"author":[{"embeddable":true,"href":"https:\/\/www.gridmag.com.mx\/index.php\/wp-json\/wp\/v2\/users\/1"}],"replies":[{"embeddable":true,"href":"https:\/\/www.gridmag.com.mx\/index.php\/wp-json\/wp\/v2\/comments?post=2900"}],"version-history":[{"count":4,"href":"https:\/\/www.gridmag.com.mx\/index.php\/wp-json\/wp\/v2\/posts\/2900\/revisions"}],"predecessor-version":[{"id":5849,"href":"https:\/\/www.gridmag.com.mx\/index.php\/wp-json\/wp\/v2\/posts\/2900\/revisions\/5849"}],"wp:featuredmedia":[{"embeddable":true,"href":"https:\/\/www.gridmag.com.mx\/index.php\/wp-json\/wp\/v2\/media\/2901"}],"wp:attachment":[{"href":"https:\/\/www.gridmag.com.mx\/index.php\/wp-json\/wp\/v2\/media?parent=2900"}],"wp:term":[{"taxonomy":"category","embeddable":true,"href":"https:\/\/www.gridmag.com.mx\/index.php\/wp-json\/wp\/v2\/categories?post=2900"},{"taxonomy":"post_tag","embeddable":true,"href":"https:\/\/www.gridmag.com.mx\/index.php\/wp-json\/wp\/v2\/tags?post=2900"}],"curies":[{"name":"wp","href":"https:\/\/api.w.org\/{rel}","templated":true}]}}