{"id":2982,"date":"2023-03-08T10:09:12","date_gmt":"2023-03-08T16:09:12","guid":{"rendered":"https:\/\/www.gridmag.com.mx\/?p=2982"},"modified":"2024-01-05T14:20:23","modified_gmt":"2024-01-05T20:20:23","slug":"pintaspandemicas-la-intervencion-del-espacio-publico-virtual","status":"publish","type":"post","link":"https:\/\/www.gridmag.com.mx\/index.php\/2023\/03\/08\/pintaspandemicas-la-intervencion-del-espacio-publico-virtual\/","title":{"rendered":"#PintasPand\u00e9micas | La intervenci\u00f3n del espacio p\u00fablico virtual"},"content":{"rendered":"\n<p><em>Por Lucero Caba\u00f1as Melo<\/em><\/p>\n\n\n\n<p>A <strong>Victoria Vel\u00e1zquez<\/strong>, una querida amiga<a href=\"https:\/\/www.gridmag.com.mx\/index.php\/2023\/04\/10\/tarela-la-arquitecta-que-se-volvio-repostera\/\"> arquitecta<\/a>, y a su compa\u00f1era, <strong>Christina Segoviano<\/strong>, les gusta georreferenciar momentos a trav\u00e9s de Google Maps. En v\u00edsperas de la <strong>conmemoraci\u00f3n del 8M del 2021<\/strong> me comentaron que lanzar\u00edan una convocatoria abierta para realizar una <strong>manifestaci\u00f3n virtual<\/strong> dirigida a las mujeres que no marchar\u00edan en las calles debido a la pandemia.\u00a0<\/p>\n\n\n\n<p>Nos preocupaba dejar de <strong>manifestarnos en los espacios p\u00fablicos<\/strong>, ceder un cent\u00edmetro de concreto en un pa\u00eds alarmantemente violento y desigual, que adem\u00e1s apuntaba un alza en las estad\u00edsticas de <strong>violencia dom\u00e9stica<\/strong> a partir del inicio de la contingencia sanitaria y que adem\u00e1s censuraba y ridiculizaba cualquier <strong>manifestaci\u00f3n feminista<\/strong>. No era una opci\u00f3n pasar un 8 de marzo sin reclamar con urgencia transformaciones profundas para que las mujeres accedamos a la justicia, a una vida libre y sin violencia.<\/p>\n\n\n\n<figure class=\"wp-block-image size-large\"><img decoding=\"async\" width=\"1024\" height=\"429\" src=\"https:\/\/www.gridmag.com.mx\/wp-content\/uploads\/2023\/03\/IMG_8363-1024x429.jpeg\" alt=\"\" class=\"wp-image-2984\" srcset=\"https:\/\/www.gridmag.com.mx\/wp-content\/uploads\/2023\/03\/IMG_8363-1024x429.jpeg 1024w, https:\/\/www.gridmag.com.mx\/wp-content\/uploads\/2023\/03\/IMG_8363-300x126.jpeg 300w, https:\/\/www.gridmag.com.mx\/wp-content\/uploads\/2023\/03\/IMG_8363-768x322.jpeg 768w, https:\/\/www.gridmag.com.mx\/wp-content\/uploads\/2023\/03\/IMG_8363-1536x644.jpeg 1536w, https:\/\/www.gridmag.com.mx\/wp-content\/uploads\/2023\/03\/IMG_8363-770x323.jpeg 770w, https:\/\/www.gridmag.com.mx\/wp-content\/uploads\/2023\/03\/IMG_8363-1400x587.jpeg 1400w, https:\/\/www.gridmag.com.mx\/wp-content\/uploads\/2023\/03\/IMG_8363.jpeg 1556w\" sizes=\"(max-width: 1024px) 100vw, 1024px\" \/><\/figure>\n\n\n\n<div style=\"height:10px\" aria-hidden=\"true\" class=\"wp-block-spacer\"><\/div>\n\n\n\n<h2 class=\"wp-block-heading\">Cartograf\u00eda hist\u00f3rica: el arte de vincular voces a traves del tiempo<\/h2>\n\n\n\n<p>Hist\u00f3ricamente, los primeros mapas fueron una de las <a href=\"https:\/\/www.gridmag.com.mx\/index.php\/2023\/05\/21\/tres-herramientas-de-ia-para-disenadores-y-arquitectos-que-seguramente-no-conocias\/\">herramientas<\/a> b\u00e1sicas para apropiarse de territorios, dibujos para so\u00f1ar lo desconocido, reproducir proporciones y las distancias de la superficie de la Tierra, imaginar el punto donde inicia y termina el mundo. Trazados en arena o arcilla, su objetivo era \u2013y sigue siendo\u2013 dejar un registro de tramos terrestres, acu\u00e1ticos y celestes para nombrar y vincular las <strong>voces hist\u00f3ricas<\/strong> que narran un momento espec\u00edfico de la civilizaci\u00f3n.\u00a0\u00a0<\/p>\n\n\n\n<p>Para leer un mapa es indispensable su simbolog\u00eda pues sintetiza en gui\u00f1os y anotaciones lo que resalta en ese pedazo de territorio plasmado en <a href=\"https:\/\/www.gridmag.com.mx\/index.php\/2023\/09\/18\/florencia-alba-i-un-mundo-de-papel\/\">papel<\/a> y sirven como subt\u00edtulos para facilitar la visualizaci\u00f3n del paisaje y los rasgos representativos de una cultura.\u00a0<\/p>\n\n\n\n<h2 class=\"wp-block-heading\">\u00bfCu\u00e1l es la propuesta de #PintasPand\u00e9micas?<\/h2>\n\n\n\n<p>La propuesta de las <a href=\"https:\/\/twitter.com\/PPandemicas\"><strong>#PintasPand\u00e9micas<\/strong><\/a> funcionaba a partir de una biblioteca digital de libre acceso con im\u00e1genes en png de pintas o grafittis hechos en a\u00f1os anteriores por manifestantes de los <strong>movimientos feministas<\/strong>, para que, sobre la foto de un edificio, calle o monumento en Google Maps, se insertaran como stickers de manera muy sencilla con cualquier editor de im\u00e1genes b\u00e1sico, esto con la intenci\u00f3n de que la fachada quedara marcada e intervenida por la fuerza del <strong>glitter mexicano<\/strong>.&nbsp;<\/p>\n\n\n\n<p>La foto editada se subir\u00eda en Google Maps como referencia geogr\u00e1fica del lugar exacto para que cualquier persona que visitara digitalmente ese punto a trav\u00e9s de los servicios del mapa o b\u00fasquedas, la viera y construyera el paisaje post manifestaci\u00f3n.&nbsp;&nbsp;<br><a href=\"https:\/\/www.instagram.com\/pintas.pandemicas\/\">https:\/\/www.instagram.com\/pintas.pandemicas\/<\/a><\/p>\n\n\n\n<figure class=\"wp-block-image size-large\"><img decoding=\"async\" width=\"1024\" height=\"752\" src=\"https:\/\/www.gridmag.com.mx\/wp-content\/uploads\/2023\/03\/IMG_8371-1024x752.jpeg\" alt=\"\" class=\"wp-image-2985\" srcset=\"https:\/\/www.gridmag.com.mx\/wp-content\/uploads\/2023\/03\/IMG_8371-1024x752.jpeg 1024w, https:\/\/www.gridmag.com.mx\/wp-content\/uploads\/2023\/03\/IMG_8371-300x220.jpeg 300w, https:\/\/www.gridmag.com.mx\/wp-content\/uploads\/2023\/03\/IMG_8371-768x564.jpeg 768w, https:\/\/www.gridmag.com.mx\/wp-content\/uploads\/2023\/03\/IMG_8371-770x565.jpeg 770w, https:\/\/www.gridmag.com.mx\/wp-content\/uploads\/2023\/03\/IMG_8371-1400x1028.jpeg 1400w, https:\/\/www.gridmag.com.mx\/wp-content\/uploads\/2023\/03\/IMG_8371.jpeg 1471w\" sizes=\"(max-width: 1024px) 100vw, 1024px\" \/><\/figure>\n\n\n\n<div style=\"height:10px\" aria-hidden=\"true\" class=\"wp-block-spacer\"><\/div>\n\n\n\n<h2 class=\"wp-block-heading\"><strong>Una manifestaci\u00f3n digital que trasciende fronteras<\/strong><\/h2>\n\n\n\n<p>Esta acci\u00f3n online recorri\u00f3 varios puntos del pa\u00eds e incluso, de Chile. Llegaron fotograf\u00edas de escuelas, instituciones, plazas, calles y monumentos marcados con los s\u00edmbolos de las manifestaciones <a href=\"https:\/\/www.gridmag.com.mx\/index.php\/2023\/03\/13\/malahierba-colectiva-paisajismo-feminista-de-guerrilla\/\">feministas<\/a> y se quedaron impresas en el espacio p\u00fablico que es internet.<\/p>\n\n\n\n<p>Fue as\u00ed que la pandemia, por medio de las <a href=\"https:\/\/infoactivismo.org\/pintas-digitales-intervenciones-feministas\/\"><strong>pintas digitales<\/strong><\/a>, nos permiti\u00f3 encontrarnos desde otros espacios, habilitando una dimensi\u00f3n m\u00e1s para delinear nuevos mapas, usos y din\u00e1micas, que aportan a la colectividad y a la transformaci\u00f3n cultural. Adem\u00e1s, fue un soporte para la conformaci\u00f3n de comunidades basadas en el respeto y la dignidad, que navega entre las aguas de lo f\u00edsico, online,<a href=\"https:\/\/www.gridmag.com.mx\/index.php\/2023\/03\/02\/genero-en-el-espacio-publico-y-privado\/\"> p\u00fablico y\/o privado<\/a>.<\/p>\n\n\n\n<figure class=\"wp-block-image size-large\"><img decoding=\"async\" width=\"964\" height=\"1024\" src=\"https:\/\/www.gridmag.com.mx\/wp-content\/uploads\/2023\/03\/IMG_8375-964x1024.jpeg\" alt=\"#PintasPand\u00e9micas | La Intervenci\u00f3n del Espacio P\u00fablico Virtual\" class=\"wp-image-2986\" srcset=\"https:\/\/www.gridmag.com.mx\/wp-content\/uploads\/2023\/03\/IMG_8375-964x1024.jpeg 964w, https:\/\/www.gridmag.com.mx\/wp-content\/uploads\/2023\/03\/IMG_8375-283x300.jpeg 283w, https:\/\/www.gridmag.com.mx\/wp-content\/uploads\/2023\/03\/IMG_8375-768x815.jpeg 768w, https:\/\/www.gridmag.com.mx\/wp-content\/uploads\/2023\/03\/IMG_8375-770x818.jpeg 770w, https:\/\/www.gridmag.com.mx\/wp-content\/uploads\/2023\/03\/IMG_8375.jpeg 1198w\" sizes=\"(max-width: 964px) 100vw, 964px\" \/><\/figure>\n\n\n\n<div style=\"height:10px\" aria-hidden=\"true\" class=\"wp-block-spacer\"><\/div>\n\n\n\n<h2 class=\"wp-block-heading\">#PintasPand\u00e9micas: la herencia para las generaciones futuras<\/h2>\n\n\n\n<p>Mi abuelo siempre tuvo a la mano su Gu\u00eda Roji actualizada, una obra cartogr\u00e1fica relevante que conten\u00eda las rutas de carreteras, planos de <a href=\"https:\/\/www.gridmag.com.mx\/index.php\/2023\/03\/18\/mucha-muchacha-perspectiva-de-genero-para-las-ciudades\/\">ciudades<\/a> y poblaciones de todo M\u00e9xico en un\u00a0 mundo en el que no exist\u00edan los tel\u00e9fonos inteligentes.\u00a0<\/p>\n\n\n\n<p>Mientras beb\u00eda su t\u00e9, apuntaba los nombres que le parec\u00edan graciosos y los nombres repetidos; trazaba las rutas para llegar a la ciudad de M\u00e9xico desde Atotonilco, donde naci\u00f3; circulaba el pueblo donde trabaj\u00f3 su pap\u00e1 y donde naci\u00f3 su mam\u00e1; pon\u00eda asteriscos en los lugares que quer\u00eda visitar otra vez, como Manzanillo\u2026 Ese an\u00e1lisis geogr\u00e1fico se constru\u00eda, adem\u00e1s, por fechas, grandes personajes y muy buenas an\u00e9cdotas que me dejaban conocer un poco de qui\u00e9n fue \u00e9l en momentos y lugares espec\u00edficos.<\/p>\n\n\n\n<figure class=\"wp-block-image size-full\"><img decoding=\"async\" width=\"1000\" height=\"681\" src=\"https:\/\/www.gridmag.com.mx\/wp-content\/uploads\/2023\/03\/IMG_8364.jpeg\" alt=\"#PintasPand\u00e9micas | La Intervenci\u00f3n del Espacio P\u00fablico Virtual\" class=\"wp-image-2987\" srcset=\"https:\/\/www.gridmag.com.mx\/wp-content\/uploads\/2023\/03\/IMG_8364.jpeg 1000w, https:\/\/www.gridmag.com.mx\/wp-content\/uploads\/2023\/03\/IMG_8364-300x204.jpeg 300w, https:\/\/www.gridmag.com.mx\/wp-content\/uploads\/2023\/03\/IMG_8364-768x523.jpeg 768w, https:\/\/www.gridmag.com.mx\/wp-content\/uploads\/2023\/03\/IMG_8364-770x524.jpeg 770w\" sizes=\"(max-width: 1000px) 100vw, 1000px\" \/><\/figure>\n\n\n\n<div style=\"height:10px\" aria-hidden=\"true\" class=\"wp-block-spacer\"><\/div>\n\n\n\n<p>A m\u00ed tambi\u00e9n me gustar\u00eda tener mi Gu\u00eda Roji, pero uso Google Maps. Ah\u00ed marco mis lugares favoritos, las rutas a lugares que anhelo conocer, escribo comentarios sobre distintos espacios para que otras personas los lean. Intento borrar los puntos que nunca volver\u00e9 a pisar, donde me sent\u00ed insegura o iracunda; planeo por d\u00f3nde es m\u00e1s seguro cruzar en bici; georreferencio los puntos de la ciudad donde pegu\u00e9 stickers y, por si las dudas, donde me han picado las abejas.&nbsp;&nbsp;<\/p>\n\n\n\n<p>Para m\u00ed es importante saber que, si llego a tener nietes, podr\u00e9 ense\u00f1arles mi lista de Google Maps con las georreferencias de todas mis pintas y as\u00ed explicar\u00e9 con cu\u00e1nta urgencia tuvimos que empoderar nuestro ser pol\u00edtico para hacernos visibles en todas las dimensiones, hasta llegar a vivir una ciudad libre de violencia; necesit\u00e1bamos ser graffiti verde sobre cantera institucional.&nbsp;<\/p>\n\n\n\n<h2 class=\"wp-block-heading\"><strong>Otras formas de manifestarnos<\/strong>: <strong>construyendo la narrativa feminista en el ciberespacio<\/strong><\/h2>\n\n\n\n<p>Las pintas hechas en monumentos hist\u00f3ricos ayudaron a visibilizar el movimiento feminista en M\u00e9xico as\u00ed como a la toma de consciencia sobre el alarmante n\u00famero de feminicidios reportados en el pa\u00eds, sin que las autoridades tomen carta en el asunto.<\/p>\n\n\n\n<p>Las posturas en torno a al tema son muchas y han dado pie a reflexiones como las de la artista Julieta Gil y su obra <strong><em>Nuestra Victoria<\/em><\/strong>, las expresadas en la <strong>Revista 925 de Artes y Dise\u00f1o de la UNAM<\/strong> \u201c<a href=\"http:\/\/revista925taxco.fad.unam.mx\/index.php\/2021\/11\/04\/pensandopintasfeministasdesdearquitectura\/\"><strong>Pensando las pintas feministas desde la arquitectura<\/strong><\/a>\u201d o las de la galerista mexicana <strong>M\u00f3nica Manzutto<\/strong>, quien en una entrevista al diario espa\u00f1ol <em>El Pa\u00eds,<\/em> dijo que ella dejar\u00eda las <strong>pintas feministas en los monumentos arquitect\u00f3nicos<\/strong>.&nbsp;&nbsp;<br><a href=\"https:\/\/youtu.be\/VLJXyvroa6E\">https:\/\/youtu.be\/VLJXyvroa6E<\/a><\/p>\n","protected":false},"excerpt":{"rendered":"<p>Por Lucero Caba\u00f1as Melo A Victoria Vel\u00e1zquez, una querida amiga arquitecta, y a su compa\u00f1era, Christina Segoviano, les gusta georreferenciar momentos a trav\u00e9s de Google Maps. En v\u00edsperas de la conmemoraci\u00f3n del 8M del 2021 me comentaron que lanzar\u00edan una convocatoria abierta para realizar una manifestaci\u00f3n virtual dirigida a las mujeres que no marchar\u00edan en las calles debido a la pandemia.\u00a0 Nos preocupaba dejar de manifestarnos en los espacios p\u00fablicos, ceder un cent\u00edmetro de concreto en un pa\u00eds alarmantemente violento [&hellip;]<\/p>\n","protected":false},"author":12,"featured_media":2983,"comment_status":"open","ping_status":"open","sticky":false,"template":"","format":"standard","meta":{"footnotes":""},"categories":[56],"tags":[],"class_list":["post-2982","post","type-post","status-publish","format-standard","has-post-thumbnail","hentry","category-editor-picks"],"yoast_head":"<!-- This site is optimized with the Yoast SEO plugin v27.0 - https:\/\/yoast.com\/product\/yoast-seo-wordpress\/ -->\n<title>#PintasPand\u00e9micas | La Intervenci\u00f3n del Espacio P\u00fablico Virtual<\/title>\n<meta name=\"description\" content=\"Descubre la iniciativa #PintasPand\u00e9micas, gestada en pandemia, utiliz\u00f3 el arte digital para trazar un territorio de manifestaci\u00f3n feminista.\" \/>\n<meta name=\"robots\" content=\"index, follow, max-snippet:-1, max-image-preview:large, max-video-preview:-1\" \/>\n<link rel=\"canonical\" href=\"https:\/\/www.gridmag.com.mx\/index.php\/2023\/03\/08\/pintaspandemicas-la-intervencion-del-espacio-publico-virtual\/\" \/>\n<meta property=\"og:locale\" content=\"es_MX\" \/>\n<meta property=\"og:type\" content=\"article\" \/>\n<meta property=\"og:title\" content=\"#PintasPand\u00e9micas | La Intervenci\u00f3n del Espacio P\u00fablico Virtual\" \/>\n<meta property=\"og:description\" content=\"Descubre la iniciativa #PintasPand\u00e9micas, gestada en pandemia, utiliz\u00f3 el arte digital para trazar un territorio de manifestaci\u00f3n feminista.\" \/>\n<meta property=\"og:url\" content=\"https:\/\/www.gridmag.com.mx\/index.php\/2023\/03\/08\/pintaspandemicas-la-intervencion-del-espacio-publico-virtual\/\" \/>\n<meta property=\"og:site_name\" content=\"Grid Magazine\" \/>\n<meta property=\"article:publisher\" content=\"https:\/\/www.facebook.com\/gridmagazine.mx\" \/>\n<meta property=\"article:published_time\" content=\"2023-03-08T16:09:12+00:00\" \/>\n<meta property=\"article:modified_time\" content=\"2024-01-05T20:20:23+00:00\" \/>\n<meta property=\"og:image\" content=\"https:\/\/www.gridmag.com.mx\/wp-content\/uploads\/2023\/03\/IMG_8361.jpeg\" \/>\n\t<meta property=\"og:image:width\" content=\"2000\" \/>\n\t<meta property=\"og:image:height\" content=\"2000\" \/>\n\t<meta property=\"og:image:type\" content=\"image\/jpeg\" \/>\n<meta name=\"author\" content=\"Autor Invitado\" \/>\n<meta name=\"twitter:card\" content=\"summary_large_image\" \/>\n<meta name=\"twitter:label1\" content=\"Escrito por\" \/>\n\t<meta name=\"twitter:data1\" content=\"Autor Invitado\" \/>\n\t<meta name=\"twitter:label2\" content=\"Tiempo de lectura\" \/>\n\t<meta name=\"twitter:data2\" content=\"5 minutos\" \/>\n<script type=\"application\/ld+json\" class=\"yoast-schema-graph\">{\"@context\":\"https:\/\/schema.org\",\"@graph\":[{\"@type\":\"Article\",\"@id\":\"https:\/\/www.gridmag.com.mx\/index.php\/2023\/03\/08\/pintaspandemicas-la-intervencion-del-espacio-publico-virtual\/#article\",\"isPartOf\":{\"@id\":\"https:\/\/www.gridmag.com.mx\/index.php\/2023\/03\/08\/pintaspandemicas-la-intervencion-del-espacio-publico-virtual\/\"},\"author\":{\"name\":\"Autor Invitado\",\"@id\":\"https:\/\/www.gridmag.com.mx\/#\/schema\/person\/bfe28cdbe6ebe447796b7d7428227768\"},\"headline\":\"#PintasPand\u00e9micas | La intervenci\u00f3n del espacio p\u00fablico virtual\",\"datePublished\":\"2023-03-08T16:09:12+00:00\",\"dateModified\":\"2024-01-05T20:20:23+00:00\",\"mainEntityOfPage\":{\"@id\":\"https:\/\/www.gridmag.com.mx\/index.php\/2023\/03\/08\/pintaspandemicas-la-intervencion-del-espacio-publico-virtual\/\"},\"wordCount\":1022,\"commentCount\":0,\"publisher\":{\"@id\":\"https:\/\/www.gridmag.com.mx\/#organization\"},\"image\":{\"@id\":\"https:\/\/www.gridmag.com.mx\/index.php\/2023\/03\/08\/pintaspandemicas-la-intervencion-del-espacio-publico-virtual\/#primaryimage\"},\"thumbnailUrl\":\"https:\/\/www.gridmag.com.mx\/wp-content\/uploads\/2023\/03\/IMG_8361.jpeg\",\"articleSection\":[\"Editor Picks\"],\"inLanguage\":\"es\",\"potentialAction\":[{\"@type\":\"CommentAction\",\"name\":\"Comment\",\"target\":[\"https:\/\/www.gridmag.com.mx\/index.php\/2023\/03\/08\/pintaspandemicas-la-intervencion-del-espacio-publico-virtual\/#respond\"]}]},{\"@type\":\"WebPage\",\"@id\":\"https:\/\/www.gridmag.com.mx\/index.php\/2023\/03\/08\/pintaspandemicas-la-intervencion-del-espacio-publico-virtual\/\",\"url\":\"https:\/\/www.gridmag.com.mx\/index.php\/2023\/03\/08\/pintaspandemicas-la-intervencion-del-espacio-publico-virtual\/\",\"name\":\"#PintasPand\u00e9micas | La Intervenci\u00f3n del Espacio P\u00fablico Virtual\",\"isPartOf\":{\"@id\":\"https:\/\/www.gridmag.com.mx\/#website\"},\"primaryImageOfPage\":{\"@id\":\"https:\/\/www.gridmag.com.mx\/index.php\/2023\/03\/08\/pintaspandemicas-la-intervencion-del-espacio-publico-virtual\/#primaryimage\"},\"image\":{\"@id\":\"https:\/\/www.gridmag.com.mx\/index.php\/2023\/03\/08\/pintaspandemicas-la-intervencion-del-espacio-publico-virtual\/#primaryimage\"},\"thumbnailUrl\":\"https:\/\/www.gridmag.com.mx\/wp-content\/uploads\/2023\/03\/IMG_8361.jpeg\",\"datePublished\":\"2023-03-08T16:09:12+00:00\",\"dateModified\":\"2024-01-05T20:20:23+00:00\",\"description\":\"Descubre la iniciativa #PintasPand\u00e9micas, gestada en pandemia, utiliz\u00f3 el arte digital para trazar un territorio de manifestaci\u00f3n feminista.\",\"breadcrumb\":{\"@id\":\"https:\/\/www.gridmag.com.mx\/index.php\/2023\/03\/08\/pintaspandemicas-la-intervencion-del-espacio-publico-virtual\/#breadcrumb\"},\"inLanguage\":\"es\",\"potentialAction\":[{\"@type\":\"ReadAction\",\"target\":[\"https:\/\/www.gridmag.com.mx\/index.php\/2023\/03\/08\/pintaspandemicas-la-intervencion-del-espacio-publico-virtual\/\"]}]},{\"@type\":\"ImageObject\",\"inLanguage\":\"es\",\"@id\":\"https:\/\/www.gridmag.com.mx\/index.php\/2023\/03\/08\/pintaspandemicas-la-intervencion-del-espacio-publico-virtual\/#primaryimage\",\"url\":\"https:\/\/www.gridmag.com.mx\/wp-content\/uploads\/2023\/03\/IMG_8361.jpeg\",\"contentUrl\":\"https:\/\/www.gridmag.com.mx\/wp-content\/uploads\/2023\/03\/IMG_8361.jpeg\",\"width\":2000,\"height\":2000,\"caption\":\"#PintasPand\u00e9micas | La intervenci\u00f3n del espacio p\u00fablico virtual\"},{\"@type\":\"BreadcrumbList\",\"@id\":\"https:\/\/www.gridmag.com.mx\/index.php\/2023\/03\/08\/pintaspandemicas-la-intervencion-del-espacio-publico-virtual\/#breadcrumb\",\"itemListElement\":[{\"@type\":\"ListItem\",\"position\":1,\"name\":\"Inicio\",\"item\":\"https:\/\/www.gridmag.com.mx\/\"},{\"@type\":\"ListItem\",\"position\":2,\"name\":\"#PintasPand\u00e9micas | La intervenci\u00f3n del espacio p\u00fablico virtual\"}]},{\"@type\":\"WebSite\",\"@id\":\"https:\/\/www.gridmag.com.mx\/#website\",\"url\":\"https:\/\/www.gridmag.com.mx\/\",\"name\":\"Grid Magazine\",\"description\":\"Compartiendo lo mejor de la arquitectura y dise\u00f1o mexicano.\",\"publisher\":{\"@id\":\"https:\/\/www.gridmag.com.mx\/#organization\"},\"potentialAction\":[{\"@type\":\"SearchAction\",\"target\":{\"@type\":\"EntryPoint\",\"urlTemplate\":\"https:\/\/www.gridmag.com.mx\/?s={search_term_string}\"},\"query-input\":{\"@type\":\"PropertyValueSpecification\",\"valueRequired\":true,\"valueName\":\"search_term_string\"}}],\"inLanguage\":\"es\"},{\"@type\":\"Organization\",\"@id\":\"https:\/\/www.gridmag.com.mx\/#organization\",\"name\":\"Grid Magazine\",\"url\":\"https:\/\/www.gridmag.com.mx\/\",\"logo\":{\"@type\":\"ImageObject\",\"inLanguage\":\"es\",\"@id\":\"https:\/\/www.gridmag.com.mx\/#\/schema\/logo\/image\/\",\"url\":\"\",\"contentUrl\":\"\",\"caption\":\"Grid Magazine\"},\"image\":{\"@id\":\"https:\/\/www.gridmag.com.mx\/#\/schema\/logo\/image\/\"},\"sameAs\":[\"https:\/\/www.facebook.com\/gridmagazine.mx\",\"https:\/\/www.instagram.com\/gridmagazine_mx\/\",\"https:\/\/www.tiktok.com\/@gridmagazine.mx?_t=8gl2kVR2Aq6&_r=1\",\"https:\/\/www.linkedin.com\/company\/grid-magazine-mx\/\"]},{\"@type\":\"Person\",\"@id\":\"https:\/\/www.gridmag.com.mx\/#\/schema\/person\/bfe28cdbe6ebe447796b7d7428227768\",\"name\":\"Autor Invitado\",\"image\":{\"@type\":\"ImageObject\",\"inLanguage\":\"es\",\"@id\":\"https:\/\/www.gridmag.com.mx\/#\/schema\/person\/image\/\",\"url\":\"https:\/\/secure.gravatar.com\/avatar\/1951b157afe68d49ac5cd93d23d29a9502733912b3259d0cba8485421e416450?s=96&d=mm&r=g\",\"contentUrl\":\"https:\/\/secure.gravatar.com\/avatar\/1951b157afe68d49ac5cd93d23d29a9502733912b3259d0cba8485421e416450?s=96&d=mm&r=g\",\"caption\":\"Autor Invitado\"},\"url\":\"https:\/\/www.gridmag.com.mx\/index.php\/author\/autor-invitado\/\"}]}<\/script>\n<!-- \/ Yoast SEO plugin. -->","yoast_head_json":{"title":"#PintasPand\u00e9micas | La Intervenci\u00f3n del Espacio P\u00fablico Virtual","description":"Descubre la iniciativa #PintasPand\u00e9micas, gestada en pandemia, utiliz\u00f3 el arte digital para trazar un territorio de manifestaci\u00f3n feminista.","robots":{"index":"index","follow":"follow","max-snippet":"max-snippet:-1","max-image-preview":"max-image-preview:large","max-video-preview":"max-video-preview:-1"},"canonical":"https:\/\/www.gridmag.com.mx\/index.php\/2023\/03\/08\/pintaspandemicas-la-intervencion-del-espacio-publico-virtual\/","og_locale":"es_MX","og_type":"article","og_title":"#PintasPand\u00e9micas | La Intervenci\u00f3n del Espacio P\u00fablico Virtual","og_description":"Descubre la iniciativa #PintasPand\u00e9micas, gestada en pandemia, utiliz\u00f3 el arte digital para trazar un territorio de manifestaci\u00f3n feminista.","og_url":"https:\/\/www.gridmag.com.mx\/index.php\/2023\/03\/08\/pintaspandemicas-la-intervencion-del-espacio-publico-virtual\/","og_site_name":"Grid Magazine","article_publisher":"https:\/\/www.facebook.com\/gridmagazine.mx","article_published_time":"2023-03-08T16:09:12+00:00","article_modified_time":"2024-01-05T20:20:23+00:00","og_image":[{"width":2000,"height":2000,"url":"https:\/\/www.gridmag.com.mx\/wp-content\/uploads\/2023\/03\/IMG_8361.jpeg","type":"image\/jpeg"}],"author":"Autor Invitado","twitter_card":"summary_large_image","twitter_misc":{"Escrito por":"Autor Invitado","Tiempo de lectura":"5 minutos"},"schema":{"@context":"https:\/\/schema.org","@graph":[{"@type":"Article","@id":"https:\/\/www.gridmag.com.mx\/index.php\/2023\/03\/08\/pintaspandemicas-la-intervencion-del-espacio-publico-virtual\/#article","isPartOf":{"@id":"https:\/\/www.gridmag.com.mx\/index.php\/2023\/03\/08\/pintaspandemicas-la-intervencion-del-espacio-publico-virtual\/"},"author":{"name":"Autor Invitado","@id":"https:\/\/www.gridmag.com.mx\/#\/schema\/person\/bfe28cdbe6ebe447796b7d7428227768"},"headline":"#PintasPand\u00e9micas | La intervenci\u00f3n del espacio p\u00fablico virtual","datePublished":"2023-03-08T16:09:12+00:00","dateModified":"2024-01-05T20:20:23+00:00","mainEntityOfPage":{"@id":"https:\/\/www.gridmag.com.mx\/index.php\/2023\/03\/08\/pintaspandemicas-la-intervencion-del-espacio-publico-virtual\/"},"wordCount":1022,"commentCount":0,"publisher":{"@id":"https:\/\/www.gridmag.com.mx\/#organization"},"image":{"@id":"https:\/\/www.gridmag.com.mx\/index.php\/2023\/03\/08\/pintaspandemicas-la-intervencion-del-espacio-publico-virtual\/#primaryimage"},"thumbnailUrl":"https:\/\/www.gridmag.com.mx\/wp-content\/uploads\/2023\/03\/IMG_8361.jpeg","articleSection":["Editor Picks"],"inLanguage":"es","potentialAction":[{"@type":"CommentAction","name":"Comment","target":["https:\/\/www.gridmag.com.mx\/index.php\/2023\/03\/08\/pintaspandemicas-la-intervencion-del-espacio-publico-virtual\/#respond"]}]},{"@type":"WebPage","@id":"https:\/\/www.gridmag.com.mx\/index.php\/2023\/03\/08\/pintaspandemicas-la-intervencion-del-espacio-publico-virtual\/","url":"https:\/\/www.gridmag.com.mx\/index.php\/2023\/03\/08\/pintaspandemicas-la-intervencion-del-espacio-publico-virtual\/","name":"#PintasPand\u00e9micas | La Intervenci\u00f3n del Espacio P\u00fablico Virtual","isPartOf":{"@id":"https:\/\/www.gridmag.com.mx\/#website"},"primaryImageOfPage":{"@id":"https:\/\/www.gridmag.com.mx\/index.php\/2023\/03\/08\/pintaspandemicas-la-intervencion-del-espacio-publico-virtual\/#primaryimage"},"image":{"@id":"https:\/\/www.gridmag.com.mx\/index.php\/2023\/03\/08\/pintaspandemicas-la-intervencion-del-espacio-publico-virtual\/#primaryimage"},"thumbnailUrl":"https:\/\/www.gridmag.com.mx\/wp-content\/uploads\/2023\/03\/IMG_8361.jpeg","datePublished":"2023-03-08T16:09:12+00:00","dateModified":"2024-01-05T20:20:23+00:00","description":"Descubre la iniciativa #PintasPand\u00e9micas, gestada en pandemia, utiliz\u00f3 el arte digital para trazar un territorio de manifestaci\u00f3n feminista.","breadcrumb":{"@id":"https:\/\/www.gridmag.com.mx\/index.php\/2023\/03\/08\/pintaspandemicas-la-intervencion-del-espacio-publico-virtual\/#breadcrumb"},"inLanguage":"es","potentialAction":[{"@type":"ReadAction","target":["https:\/\/www.gridmag.com.mx\/index.php\/2023\/03\/08\/pintaspandemicas-la-intervencion-del-espacio-publico-virtual\/"]}]},{"@type":"ImageObject","inLanguage":"es","@id":"https:\/\/www.gridmag.com.mx\/index.php\/2023\/03\/08\/pintaspandemicas-la-intervencion-del-espacio-publico-virtual\/#primaryimage","url":"https:\/\/www.gridmag.com.mx\/wp-content\/uploads\/2023\/03\/IMG_8361.jpeg","contentUrl":"https:\/\/www.gridmag.com.mx\/wp-content\/uploads\/2023\/03\/IMG_8361.jpeg","width":2000,"height":2000,"caption":"#PintasPand\u00e9micas | La intervenci\u00f3n del espacio p\u00fablico virtual"},{"@type":"BreadcrumbList","@id":"https:\/\/www.gridmag.com.mx\/index.php\/2023\/03\/08\/pintaspandemicas-la-intervencion-del-espacio-publico-virtual\/#breadcrumb","itemListElement":[{"@type":"ListItem","position":1,"name":"Inicio","item":"https:\/\/www.gridmag.com.mx\/"},{"@type":"ListItem","position":2,"name":"#PintasPand\u00e9micas | La intervenci\u00f3n del espacio p\u00fablico virtual"}]},{"@type":"WebSite","@id":"https:\/\/www.gridmag.com.mx\/#website","url":"https:\/\/www.gridmag.com.mx\/","name":"Grid Magazine","description":"Compartiendo lo mejor de la arquitectura y dise\u00f1o mexicano.","publisher":{"@id":"https:\/\/www.gridmag.com.mx\/#organization"},"potentialAction":[{"@type":"SearchAction","target":{"@type":"EntryPoint","urlTemplate":"https:\/\/www.gridmag.com.mx\/?s={search_term_string}"},"query-input":{"@type":"PropertyValueSpecification","valueRequired":true,"valueName":"search_term_string"}}],"inLanguage":"es"},{"@type":"Organization","@id":"https:\/\/www.gridmag.com.mx\/#organization","name":"Grid Magazine","url":"https:\/\/www.gridmag.com.mx\/","logo":{"@type":"ImageObject","inLanguage":"es","@id":"https:\/\/www.gridmag.com.mx\/#\/schema\/logo\/image\/","url":"","contentUrl":"","caption":"Grid Magazine"},"image":{"@id":"https:\/\/www.gridmag.com.mx\/#\/schema\/logo\/image\/"},"sameAs":["https:\/\/www.facebook.com\/gridmagazine.mx","https:\/\/www.instagram.com\/gridmagazine_mx\/","https:\/\/www.tiktok.com\/@gridmagazine.mx?_t=8gl2kVR2Aq6&_r=1","https:\/\/www.linkedin.com\/company\/grid-magazine-mx\/"]},{"@type":"Person","@id":"https:\/\/www.gridmag.com.mx\/#\/schema\/person\/bfe28cdbe6ebe447796b7d7428227768","name":"Autor Invitado","image":{"@type":"ImageObject","inLanguage":"es","@id":"https:\/\/www.gridmag.com.mx\/#\/schema\/person\/image\/","url":"https:\/\/secure.gravatar.com\/avatar\/1951b157afe68d49ac5cd93d23d29a9502733912b3259d0cba8485421e416450?s=96&d=mm&r=g","contentUrl":"https:\/\/secure.gravatar.com\/avatar\/1951b157afe68d49ac5cd93d23d29a9502733912b3259d0cba8485421e416450?s=96&d=mm&r=g","caption":"Autor Invitado"},"url":"https:\/\/www.gridmag.com.mx\/index.php\/author\/autor-invitado\/"}]}},"_links":{"self":[{"href":"https:\/\/www.gridmag.com.mx\/index.php\/wp-json\/wp\/v2\/posts\/2982","targetHints":{"allow":["GET"]}}],"collection":[{"href":"https:\/\/www.gridmag.com.mx\/index.php\/wp-json\/wp\/v2\/posts"}],"about":[{"href":"https:\/\/www.gridmag.com.mx\/index.php\/wp-json\/wp\/v2\/types\/post"}],"author":[{"embeddable":true,"href":"https:\/\/www.gridmag.com.mx\/index.php\/wp-json\/wp\/v2\/users\/12"}],"replies":[{"embeddable":true,"href":"https:\/\/www.gridmag.com.mx\/index.php\/wp-json\/wp\/v2\/comments?post=2982"}],"version-history":[{"count":6,"href":"https:\/\/www.gridmag.com.mx\/index.php\/wp-json\/wp\/v2\/posts\/2982\/revisions"}],"predecessor-version":[{"id":5909,"href":"https:\/\/www.gridmag.com.mx\/index.php\/wp-json\/wp\/v2\/posts\/2982\/revisions\/5909"}],"wp:featuredmedia":[{"embeddable":true,"href":"https:\/\/www.gridmag.com.mx\/index.php\/wp-json\/wp\/v2\/media\/2983"}],"wp:attachment":[{"href":"https:\/\/www.gridmag.com.mx\/index.php\/wp-json\/wp\/v2\/media?parent=2982"}],"wp:term":[{"taxonomy":"category","embeddable":true,"href":"https:\/\/www.gridmag.com.mx\/index.php\/wp-json\/wp\/v2\/categories?post=2982"},{"taxonomy":"post_tag","embeddable":true,"href":"https:\/\/www.gridmag.com.mx\/index.php\/wp-json\/wp\/v2\/tags?post=2982"}],"curies":[{"name":"wp","href":"https:\/\/api.w.org\/{rel}","templated":true}]}}