{"id":3055,"date":"2023-03-17T09:59:56","date_gmt":"2023-03-17T15:59:56","guid":{"rendered":"https:\/\/www.gridmag.com.mx\/?p=3055"},"modified":"2024-01-05T13:50:44","modified_gmt":"2024-01-05T19:50:44","slug":"epicentras-relato-artistico-y-emocional-de-la-doctores","status":"publish","type":"post","link":"https:\/\/www.gridmag.com.mx\/index.php\/2023\/03\/17\/epicentras-relato-artistico-y-emocional-de-la-doctores\/","title":{"rendered":"Epicentras | Relato art\u00edstico y emocional de la Doctores"},"content":{"rendered":"\n<p><em>Por Lauren Arnold<\/em><\/p>\n\n\n\n\n\n<p>La <a href=\"https:\/\/www.gridmag.com.mx\/index.php\/2022\/10\/21\/eno-tokio\/\">CDMX<\/a> es una de las metr\u00f3polis m\u00e1s pobladas del mundo. En sus entra\u00f1as de concreto existe una infinidad de historias, paradojas y vivencias de las cuales todes somos autores. \u00bfSer\u00e1 que nuestras emociones impactan en la geograf\u00eda de esta ciudad? \u00bfPodemos influir en los dem\u00e1s desde nuestra individualidad?<\/p>\n\n\n\n<p>La <strong>artista mexicana <\/strong><a href=\"https:\/\/www.instagram.com\/azul_de_metileno\/\"><strong>Azul de Metileno<\/strong><\/a> (CDMX, 1998) se plante\u00f3 estas preguntas desde una perspectiva feminista y se cuestion\u00f3 c\u00f3mo las <a href=\"https:\/\/www.gridmag.com.mx\/index.php\/2022\/03\/24\/mujeres-en-la-arquitectura-perspectiva-de-genero-en-la-industria\/\">mujeres<\/a> relegadas al \u00e1mbito privado hab\u00edan salido en las \u00faltimas d\u00e9cadas, impactando el \u00e1mbito p\u00fablico y urbano de nuestra cotidianidad.\u00a0<\/p>\n\n\n\n<p>Con su proyecto <em><strong>Geograf\u00eda emocional desde la perspectiva femenina<\/strong><\/em>, que se presenta en Laguna hasta el 31 de marzo, expone una investigaci\u00f3n y una manifestaci\u00f3n art\u00edstica novedosa plasmando en un conjunto de piezas gr\u00e1ficas la informaci\u00f3n recabada en 25 entrevistas a <a href=\"https:\/\/www.gridmag.com.mx\/index.php\/2023\/03\/11\/diseno-en-femenino\/\">mujeres<\/a> de la Doctores, una colonia popular de la CDMX.<br><\/p>\n\n\n\n<figure class=\"wp-block-image size-large\"><img decoding=\"async\" width=\"861\" height=\"1024\" src=\"https:\/\/www.gridmag.com.mx\/wp-content\/uploads\/2023\/03\/Mapa-Geografia-Emocional-desde-la-Perspectiva-Femenina-861x1024.jpg\" alt=\"\" class=\"wp-image-3056\" srcset=\"https:\/\/www.gridmag.com.mx\/wp-content\/uploads\/2023\/03\/Mapa-Geografia-Emocional-desde-la-Perspectiva-Femenina-861x1024.jpg 861w, https:\/\/www.gridmag.com.mx\/wp-content\/uploads\/2023\/03\/Mapa-Geografia-Emocional-desde-la-Perspectiva-Femenina-252x300.jpg 252w, https:\/\/www.gridmag.com.mx\/wp-content\/uploads\/2023\/03\/Mapa-Geografia-Emocional-desde-la-Perspectiva-Femenina-768x913.jpg 768w, https:\/\/www.gridmag.com.mx\/wp-content\/uploads\/2023\/03\/Mapa-Geografia-Emocional-desde-la-Perspectiva-Femenina-1292x1536.jpg 1292w, https:\/\/www.gridmag.com.mx\/wp-content\/uploads\/2023\/03\/Mapa-Geografia-Emocional-desde-la-Perspectiva-Femenina-770x916.jpg 770w, https:\/\/www.gridmag.com.mx\/wp-content\/uploads\/2023\/03\/Mapa-Geografia-Emocional-desde-la-Perspectiva-Femenina-1400x1665.jpg 1400w, https:\/\/www.gridmag.com.mx\/wp-content\/uploads\/2023\/03\/Mapa-Geografia-Emocional-desde-la-Perspectiva-Femenina.jpg 1518w\" sizes=\"(max-width: 861px) 100vw, 861px\" \/><figcaption class=\"wp-element-caption\">Mapa Geograf\u00eda Emocional desde la Perspectiva Femenina (2021) Azul de Metileno<\/figcaption><\/figure>\n\n\n\n<div style=\"height:10px\" aria-hidden=\"true\" class=\"wp-block-spacer\"><\/div>\n\n\n\n<p>Las <strong><em>epicentras<\/em><\/strong>, nombre que la artista otorga a estas <a href=\"https:\/\/www.gridmag.com.mx\/index.php\/2023\/03\/30\/isa-gomez-y-las-mujeres-de-hacienda-mirandillas\/\">mujeres<\/a>, son puntos de emoci\u00f3n y vida que se replican alrededor de ellas como las ondas de un terremoto. Ellas est\u00e1n representadas en un mapa y sus emociones m\u00e1s frecuentes \u2013felicidad, seguridad y miedo\u2013, en un tr\u00edptico. El proyecto consta tambi\u00e9n de una pieza final llamada <strong><em>Epicentra<\/em><\/strong>.\u00a0<\/p>\n\n\n\n<figure class=\"wp-block-image size-large\"><img decoding=\"async\" width=\"1024\" height=\"629\" src=\"https:\/\/www.gridmag.com.mx\/wp-content\/uploads\/2023\/03\/FELICIDAD-1024x629.jpg\" alt=\"Epicentras | Felicidad\u00a0(2021) Azul de Metileno\" class=\"wp-image-3057\" srcset=\"https:\/\/www.gridmag.com.mx\/wp-content\/uploads\/2023\/03\/FELICIDAD-1024x629.jpg 1024w, https:\/\/www.gridmag.com.mx\/wp-content\/uploads\/2023\/03\/FELICIDAD-300x184.jpg 300w, https:\/\/www.gridmag.com.mx\/wp-content\/uploads\/2023\/03\/FELICIDAD-768x472.jpg 768w, https:\/\/www.gridmag.com.mx\/wp-content\/uploads\/2023\/03\/FELICIDAD-1536x943.jpg 1536w, https:\/\/www.gridmag.com.mx\/wp-content\/uploads\/2023\/03\/FELICIDAD-2048x1258.jpg 2048w, https:\/\/www.gridmag.com.mx\/wp-content\/uploads\/2023\/03\/FELICIDAD-770x473.jpg 770w, https:\/\/www.gridmag.com.mx\/wp-content\/uploads\/2023\/03\/FELICIDAD-1400x860.jpg 1400w\" sizes=\"(max-width: 1024px) 100vw, 1024px\" \/><figcaption class=\"wp-element-caption\">Felicidad&nbsp;(2021) Azul de Metileno<\/figcaption><\/figure>\n\n\n\n<figure class=\"wp-block-image size-large\"><img decoding=\"async\" width=\"1024\" height=\"646\" src=\"https:\/\/www.gridmag.com.mx\/wp-content\/uploads\/2023\/03\/MIEDO-1024x646.jpg\" alt=\"Epicentras | Miedo\u00a0(2021) Azul de Metileno\" class=\"wp-image-3058\" srcset=\"https:\/\/www.gridmag.com.mx\/wp-content\/uploads\/2023\/03\/MIEDO-1024x646.jpg 1024w, https:\/\/www.gridmag.com.mx\/wp-content\/uploads\/2023\/03\/MIEDO-300x189.jpg 300w, https:\/\/www.gridmag.com.mx\/wp-content\/uploads\/2023\/03\/MIEDO-768x485.jpg 768w, https:\/\/www.gridmag.com.mx\/wp-content\/uploads\/2023\/03\/MIEDO-1536x970.jpg 1536w, https:\/\/www.gridmag.com.mx\/wp-content\/uploads\/2023\/03\/MIEDO-2048x1293.jpg 2048w, https:\/\/www.gridmag.com.mx\/wp-content\/uploads\/2023\/03\/MIEDO-770x486.jpg 770w, https:\/\/www.gridmag.com.mx\/wp-content\/uploads\/2023\/03\/MIEDO-1400x884.jpg 1400w\" sizes=\"(max-width: 1024px) 100vw, 1024px\" \/><figcaption class=\"wp-element-caption\">Miedo&nbsp;(2021) Azul de Metileno<\/figcaption><\/figure>\n\n\n\n<figure class=\"wp-block-image size-large\"><img decoding=\"async\" width=\"1024\" height=\"618\" src=\"https:\/\/www.gridmag.com.mx\/wp-content\/uploads\/2023\/03\/SEGURIDAD-1024x618.jpg\" alt=\"Epicentras | Seguridad (2021) Azul de Metileno\" class=\"wp-image-3059\" srcset=\"https:\/\/www.gridmag.com.mx\/wp-content\/uploads\/2023\/03\/SEGURIDAD-1024x618.jpg 1024w, https:\/\/www.gridmag.com.mx\/wp-content\/uploads\/2023\/03\/SEGURIDAD-300x181.jpg 300w, https:\/\/www.gridmag.com.mx\/wp-content\/uploads\/2023\/03\/SEGURIDAD-768x464.jpg 768w, https:\/\/www.gridmag.com.mx\/wp-content\/uploads\/2023\/03\/SEGURIDAD-1536x927.jpg 1536w, https:\/\/www.gridmag.com.mx\/wp-content\/uploads\/2023\/03\/SEGURIDAD-2048x1236.jpg 2048w, https:\/\/www.gridmag.com.mx\/wp-content\/uploads\/2023\/03\/SEGURIDAD-770x465.jpg 770w, https:\/\/www.gridmag.com.mx\/wp-content\/uploads\/2023\/03\/SEGURIDAD-1400x845.jpg 1400w\" sizes=\"(max-width: 1024px) 100vw, 1024px\" \/><figcaption class=\"wp-element-caption\">Seguridad (2021) Azul de Metileno<\/figcaption><\/figure>\n\n\n\n<h2 class=\"wp-block-heading\"><strong>Espejo de la Doctores y Epicentras<\/strong>  <\/h2>\n\n\n\n<p>La colonia Doctores, ubicada en la zona centro de la CDMX, alberga numerosos comercios como fondas y tienditas, as\u00ed como hospitales y juzgados. Azul de Metileno comenz\u00f3 aqu\u00ed la investigaci\u00f3n por su inter\u00e9s en temas sociales vinculados con el <strong>urbanismo y la arquitectura<\/strong>. Lo m\u00e1s importante: buscaba crear una obra en conjunto con las mujeres que la conformaban y no acerca de ellas.\u00a0<\/p>\n\n\n\n<p>El fundamento del proyecto son las epicentras, explica la artista. Su relaci\u00f3n con el entorno se describe como un espejo, una relaci\u00f3n en la que el <a href=\"https:\/\/www.gridmag.com.mx\/index.php\/2023\/10\/05\/casa-nogal-i-integrando-vivienda-y-trabajo-en-un-entorno-pospandemia\/\">entorno<\/a> influye en sus vidas del mismo modo en que ellas influyen en \u00e9l y en el resto de las personas que lo conforman. Azul destaca <a href=\"https:\/\/www.gridmag.com.mx\/index.php\/2022\/10\/02\/el-rol-del-agua-en-el-diseno-urbano-arquitectura-liquida\/\">el rol<\/a> activo de estas mujeres en la sociedad, en su identidad como focos de vida, y las representa como ondas azules en el mapa y no como n\u00fameros sin nombre ni emociones.\u00a0<\/p>\n\n\n\n<p>La investigaci\u00f3n, explica, solo abarca <strong>la colonia Doctores<\/strong>; sin embargo, no se limita a ella pues en toda la ciudad existen miles de puntos de energ\u00eda y emocionalidad que se replican en su propio entorno.\u00a0<\/p>\n\n\n\n<p>\u201cNo solo pinto emociones, no busco romantizarlas, es arte pero tambi\u00e9n es un an\u00e1lisis profundo de la sociedad y los sentimientos que viven las mujeres a diario, algo que no se hace notar normalmente, algo que no nos detenemos a observar\u201d, afirma.\u00a0<\/p>\n\n\n\n<p>Crear espacios de escucha y di\u00e1logo para contrarrestar el ritmo acelerado de la ciudad que relegan a sus habitantes a la soledad y la desconexi\u00f3n son indispensables para nuestra supervivencia. Prueba de ello es esta muestra.<\/p>\n\n\n\n<h2 class=\"wp-block-heading\"><strong>Sobre Azul de Metileno<\/strong><\/h2>\n\n\n\n<p><strong>Azul de Metileno<\/strong> tiene 24 a\u00f1os, estudi\u00f3 dise\u00f1o industrial en la UNAM, es ilustradora desde hace ocho a\u00f1os, tambi\u00e9n ha incursionado en disciplinas como el tatuaje y la cer\u00e1mica. Su trabajo se distingue por su propuesta con perspectiva <a href=\"https:\/\/www.gridmag.com.mx\/index.php\/2023\/03\/13\/malahierba-colectiva-paisajismo-feminista-de-guerrilla\/\">feminista<\/a>. <em>Geograf\u00eda emocional desde la perspectiva femenina <\/em>se presenta en <a href=\"https:\/\/lagunamexico.com\/\"><strong>Laguna<\/strong><\/a> (Dr. Erazo 172, Col. Doctores) hasta el 31 de marzo del 2023.<\/p>\n\n\n\n<p><em>Lauren est\u00e1 por terminar la preparatoria y tiene planes de estudiar la licenciatura en Cr\u00edtica de arte y curadur\u00eda. Estudi\u00f3 dibujo y pintura durante seis a\u00f1os y le interesa todo lo relacionado con el arte, especialmente su relaci\u00f3n con la pol\u00edtica y los movimientos sociales a lo largo de la historia. En el futuro desea compartir con mucha gente su emoci\u00f3n y pasi\u00f3n por el arte.<\/em><\/p>\n","protected":false},"excerpt":{"rendered":"<p>Por Lauren Arnold La CDMX es una de las metr\u00f3polis m\u00e1s pobladas del mundo. En sus entra\u00f1as de concreto existe una infinidad de historias, paradojas y vivencias de las cuales todes somos autores. \u00bfSer\u00e1 que nuestras emociones impactan en la geograf\u00eda de esta ciudad? \u00bfPodemos influir en los dem\u00e1s desde nuestra individualidad? La artista mexicana Azul de Metileno (CDMX, 1998) se plante\u00f3 estas preguntas desde una perspectiva feminista y se cuestion\u00f3 c\u00f3mo las mujeres relegadas al \u00e1mbito privado hab\u00edan salido [&hellip;]<\/p>\n","protected":false},"author":12,"featured_media":3061,"comment_status":"open","ping_status":"open","sticky":false,"template":"","format":"standard","meta":{"footnotes":""},"categories":[49,53],"tags":[],"class_list":["post-3055","post","type-post","status-publish","format-standard","has-post-thumbnail","hentry","category-arquitectura","category-arte"],"yoast_head":"<!-- This site is optimized with the Yoast SEO plugin v27.0 - https:\/\/yoast.com\/product\/yoast-seo-wordpress\/ -->\n<title>Epicentras | Relato Art\u00edstico y Emocional de la Doctores<\/title>\n<meta name=\"description\" content=\"A trav\u00e9s de entrevistas en la colonia Doctores, Azul da vida a las &quot;Epicentras&quot;, mujeres cuyas emociones modelan el entorno que las rodea.\" \/>\n<meta name=\"robots\" content=\"index, follow, max-snippet:-1, max-image-preview:large, max-video-preview:-1\" \/>\n<link rel=\"canonical\" href=\"https:\/\/www.gridmag.com.mx\/index.php\/2023\/03\/17\/epicentras-relato-artistico-y-emocional-de-la-doctores\/\" \/>\n<meta property=\"og:locale\" content=\"es_MX\" \/>\n<meta property=\"og:type\" content=\"article\" \/>\n<meta property=\"og:title\" content=\"Epicentras | Relato Art\u00edstico y Emocional de la Doctores\" \/>\n<meta property=\"og:description\" content=\"A trav\u00e9s de entrevistas en la colonia Doctores, Azul da vida a las &quot;Epicentras&quot;, mujeres cuyas emociones modelan el entorno que las rodea.\" \/>\n<meta property=\"og:url\" content=\"https:\/\/www.gridmag.com.mx\/index.php\/2023\/03\/17\/epicentras-relato-artistico-y-emocional-de-la-doctores\/\" \/>\n<meta property=\"og:site_name\" content=\"Grid Magazine\" \/>\n<meta property=\"article:publisher\" content=\"https:\/\/www.facebook.com\/gridmagazine.mx\" \/>\n<meta property=\"article:published_time\" content=\"2023-03-17T15:59:56+00:00\" \/>\n<meta property=\"article:modified_time\" content=\"2024-01-05T19:50:44+00:00\" \/>\n<meta property=\"og:image\" content=\"https:\/\/www.gridmag.com.mx\/wp-content\/uploads\/2023\/03\/IMG_5479-scaled.jpg\" \/>\n\t<meta property=\"og:image:width\" content=\"1920\" \/>\n\t<meta property=\"og:image:height\" content=\"2560\" \/>\n\t<meta property=\"og:image:type\" content=\"image\/jpeg\" \/>\n<meta name=\"author\" content=\"Autor Invitado\" \/>\n<meta name=\"twitter:card\" content=\"summary_large_image\" \/>\n<meta name=\"twitter:label1\" content=\"Escrito por\" \/>\n\t<meta name=\"twitter:data1\" content=\"Autor Invitado\" \/>\n\t<meta name=\"twitter:label2\" content=\"Tiempo de lectura\" \/>\n\t<meta name=\"twitter:data2\" content=\"4 minutos\" \/>\n<script type=\"application\/ld+json\" class=\"yoast-schema-graph\">{\"@context\":\"https:\/\/schema.org\",\"@graph\":[{\"@type\":\"Article\",\"@id\":\"https:\/\/www.gridmag.com.mx\/index.php\/2023\/03\/17\/epicentras-relato-artistico-y-emocional-de-la-doctores\/#article\",\"isPartOf\":{\"@id\":\"https:\/\/www.gridmag.com.mx\/index.php\/2023\/03\/17\/epicentras-relato-artistico-y-emocional-de-la-doctores\/\"},\"author\":{\"name\":\"Autor Invitado\",\"@id\":\"https:\/\/www.gridmag.com.mx\/#\/schema\/person\/bfe28cdbe6ebe447796b7d7428227768\"},\"headline\":\"Epicentras | Relato art\u00edstico y emocional de la Doctores\",\"datePublished\":\"2023-03-17T15:59:56+00:00\",\"dateModified\":\"2024-01-05T19:50:44+00:00\",\"mainEntityOfPage\":{\"@id\":\"https:\/\/www.gridmag.com.mx\/index.php\/2023\/03\/17\/epicentras-relato-artistico-y-emocional-de-la-doctores\/\"},\"wordCount\":670,\"commentCount\":0,\"publisher\":{\"@id\":\"https:\/\/www.gridmag.com.mx\/#organization\"},\"image\":{\"@id\":\"https:\/\/www.gridmag.com.mx\/index.php\/2023\/03\/17\/epicentras-relato-artistico-y-emocional-de-la-doctores\/#primaryimage\"},\"thumbnailUrl\":\"https:\/\/www.gridmag.com.mx\/wp-content\/uploads\/2023\/03\/IMG_5479.jpg\",\"articleSection\":[\"Arquitectura\",\"Arte\"],\"inLanguage\":\"es\",\"potentialAction\":[{\"@type\":\"CommentAction\",\"name\":\"Comment\",\"target\":[\"https:\/\/www.gridmag.com.mx\/index.php\/2023\/03\/17\/epicentras-relato-artistico-y-emocional-de-la-doctores\/#respond\"]}]},{\"@type\":\"WebPage\",\"@id\":\"https:\/\/www.gridmag.com.mx\/index.php\/2023\/03\/17\/epicentras-relato-artistico-y-emocional-de-la-doctores\/\",\"url\":\"https:\/\/www.gridmag.com.mx\/index.php\/2023\/03\/17\/epicentras-relato-artistico-y-emocional-de-la-doctores\/\",\"name\":\"Epicentras | Relato Art\u00edstico y Emocional de la Doctores\",\"isPartOf\":{\"@id\":\"https:\/\/www.gridmag.com.mx\/#website\"},\"primaryImageOfPage\":{\"@id\":\"https:\/\/www.gridmag.com.mx\/index.php\/2023\/03\/17\/epicentras-relato-artistico-y-emocional-de-la-doctores\/#primaryimage\"},\"image\":{\"@id\":\"https:\/\/www.gridmag.com.mx\/index.php\/2023\/03\/17\/epicentras-relato-artistico-y-emocional-de-la-doctores\/#primaryimage\"},\"thumbnailUrl\":\"https:\/\/www.gridmag.com.mx\/wp-content\/uploads\/2023\/03\/IMG_5479.jpg\",\"datePublished\":\"2023-03-17T15:59:56+00:00\",\"dateModified\":\"2024-01-05T19:50:44+00:00\",\"description\":\"A trav\u00e9s de entrevistas en la colonia Doctores, Azul da vida a las \\\"Epicentras\\\", mujeres cuyas emociones modelan el entorno que las rodea.\",\"breadcrumb\":{\"@id\":\"https:\/\/www.gridmag.com.mx\/index.php\/2023\/03\/17\/epicentras-relato-artistico-y-emocional-de-la-doctores\/#breadcrumb\"},\"inLanguage\":\"es\",\"potentialAction\":[{\"@type\":\"ReadAction\",\"target\":[\"https:\/\/www.gridmag.com.mx\/index.php\/2023\/03\/17\/epicentras-relato-artistico-y-emocional-de-la-doctores\/\"]}]},{\"@type\":\"ImageObject\",\"inLanguage\":\"es\",\"@id\":\"https:\/\/www.gridmag.com.mx\/index.php\/2023\/03\/17\/epicentras-relato-artistico-y-emocional-de-la-doctores\/#primaryimage\",\"url\":\"https:\/\/www.gridmag.com.mx\/wp-content\/uploads\/2023\/03\/IMG_5479.jpg\",\"contentUrl\":\"https:\/\/www.gridmag.com.mx\/wp-content\/uploads\/2023\/03\/IMG_5479.jpg\",\"width\":1920,\"height\":2560,\"caption\":\"Epicentras | Relato art\u00edstico y emocional de la Doctores\"},{\"@type\":\"BreadcrumbList\",\"@id\":\"https:\/\/www.gridmag.com.mx\/index.php\/2023\/03\/17\/epicentras-relato-artistico-y-emocional-de-la-doctores\/#breadcrumb\",\"itemListElement\":[{\"@type\":\"ListItem\",\"position\":1,\"name\":\"Inicio\",\"item\":\"https:\/\/www.gridmag.com.mx\/\"},{\"@type\":\"ListItem\",\"position\":2,\"name\":\"Epicentras | Relato art\u00edstico y emocional de la Doctores\"}]},{\"@type\":\"WebSite\",\"@id\":\"https:\/\/www.gridmag.com.mx\/#website\",\"url\":\"https:\/\/www.gridmag.com.mx\/\",\"name\":\"Grid Magazine\",\"description\":\"Compartiendo lo mejor de la arquitectura y dise\u00f1o mexicano.\",\"publisher\":{\"@id\":\"https:\/\/www.gridmag.com.mx\/#organization\"},\"potentialAction\":[{\"@type\":\"SearchAction\",\"target\":{\"@type\":\"EntryPoint\",\"urlTemplate\":\"https:\/\/www.gridmag.com.mx\/?s={search_term_string}\"},\"query-input\":{\"@type\":\"PropertyValueSpecification\",\"valueRequired\":true,\"valueName\":\"search_term_string\"}}],\"inLanguage\":\"es\"},{\"@type\":\"Organization\",\"@id\":\"https:\/\/www.gridmag.com.mx\/#organization\",\"name\":\"Grid Magazine\",\"url\":\"https:\/\/www.gridmag.com.mx\/\",\"logo\":{\"@type\":\"ImageObject\",\"inLanguage\":\"es\",\"@id\":\"https:\/\/www.gridmag.com.mx\/#\/schema\/logo\/image\/\",\"url\":\"\",\"contentUrl\":\"\",\"caption\":\"Grid Magazine\"},\"image\":{\"@id\":\"https:\/\/www.gridmag.com.mx\/#\/schema\/logo\/image\/\"},\"sameAs\":[\"https:\/\/www.facebook.com\/gridmagazine.mx\",\"https:\/\/www.instagram.com\/gridmagazine_mx\/\",\"https:\/\/www.tiktok.com\/@gridmagazine.mx?_t=8gl2kVR2Aq6&_r=1\",\"https:\/\/www.linkedin.com\/company\/grid-magazine-mx\/\"]},{\"@type\":\"Person\",\"@id\":\"https:\/\/www.gridmag.com.mx\/#\/schema\/person\/bfe28cdbe6ebe447796b7d7428227768\",\"name\":\"Autor Invitado\",\"image\":{\"@type\":\"ImageObject\",\"inLanguage\":\"es\",\"@id\":\"https:\/\/www.gridmag.com.mx\/#\/schema\/person\/image\/\",\"url\":\"https:\/\/secure.gravatar.com\/avatar\/1951b157afe68d49ac5cd93d23d29a9502733912b3259d0cba8485421e416450?s=96&d=mm&r=g\",\"contentUrl\":\"https:\/\/secure.gravatar.com\/avatar\/1951b157afe68d49ac5cd93d23d29a9502733912b3259d0cba8485421e416450?s=96&d=mm&r=g\",\"caption\":\"Autor Invitado\"},\"url\":\"https:\/\/www.gridmag.com.mx\/index.php\/author\/autor-invitado\/\"}]}<\/script>\n<!-- \/ Yoast SEO plugin. -->","yoast_head_json":{"title":"Epicentras | Relato Art\u00edstico y Emocional de la Doctores","description":"A trav\u00e9s de entrevistas en la colonia Doctores, Azul da vida a las \"Epicentras\", mujeres cuyas emociones modelan el entorno que las rodea.","robots":{"index":"index","follow":"follow","max-snippet":"max-snippet:-1","max-image-preview":"max-image-preview:large","max-video-preview":"max-video-preview:-1"},"canonical":"https:\/\/www.gridmag.com.mx\/index.php\/2023\/03\/17\/epicentras-relato-artistico-y-emocional-de-la-doctores\/","og_locale":"es_MX","og_type":"article","og_title":"Epicentras | Relato Art\u00edstico y Emocional de la Doctores","og_description":"A trav\u00e9s de entrevistas en la colonia Doctores, Azul da vida a las \"Epicentras\", mujeres cuyas emociones modelan el entorno que las rodea.","og_url":"https:\/\/www.gridmag.com.mx\/index.php\/2023\/03\/17\/epicentras-relato-artistico-y-emocional-de-la-doctores\/","og_site_name":"Grid Magazine","article_publisher":"https:\/\/www.facebook.com\/gridmagazine.mx","article_published_time":"2023-03-17T15:59:56+00:00","article_modified_time":"2024-01-05T19:50:44+00:00","og_image":[{"width":1920,"height":2560,"url":"https:\/\/www.gridmag.com.mx\/wp-content\/uploads\/2023\/03\/IMG_5479-scaled.jpg","type":"image\/jpeg"}],"author":"Autor Invitado","twitter_card":"summary_large_image","twitter_misc":{"Escrito por":"Autor Invitado","Tiempo de lectura":"4 minutos"},"schema":{"@context":"https:\/\/schema.org","@graph":[{"@type":"Article","@id":"https:\/\/www.gridmag.com.mx\/index.php\/2023\/03\/17\/epicentras-relato-artistico-y-emocional-de-la-doctores\/#article","isPartOf":{"@id":"https:\/\/www.gridmag.com.mx\/index.php\/2023\/03\/17\/epicentras-relato-artistico-y-emocional-de-la-doctores\/"},"author":{"name":"Autor Invitado","@id":"https:\/\/www.gridmag.com.mx\/#\/schema\/person\/bfe28cdbe6ebe447796b7d7428227768"},"headline":"Epicentras | Relato art\u00edstico y emocional de la Doctores","datePublished":"2023-03-17T15:59:56+00:00","dateModified":"2024-01-05T19:50:44+00:00","mainEntityOfPage":{"@id":"https:\/\/www.gridmag.com.mx\/index.php\/2023\/03\/17\/epicentras-relato-artistico-y-emocional-de-la-doctores\/"},"wordCount":670,"commentCount":0,"publisher":{"@id":"https:\/\/www.gridmag.com.mx\/#organization"},"image":{"@id":"https:\/\/www.gridmag.com.mx\/index.php\/2023\/03\/17\/epicentras-relato-artistico-y-emocional-de-la-doctores\/#primaryimage"},"thumbnailUrl":"https:\/\/www.gridmag.com.mx\/wp-content\/uploads\/2023\/03\/IMG_5479.jpg","articleSection":["Arquitectura","Arte"],"inLanguage":"es","potentialAction":[{"@type":"CommentAction","name":"Comment","target":["https:\/\/www.gridmag.com.mx\/index.php\/2023\/03\/17\/epicentras-relato-artistico-y-emocional-de-la-doctores\/#respond"]}]},{"@type":"WebPage","@id":"https:\/\/www.gridmag.com.mx\/index.php\/2023\/03\/17\/epicentras-relato-artistico-y-emocional-de-la-doctores\/","url":"https:\/\/www.gridmag.com.mx\/index.php\/2023\/03\/17\/epicentras-relato-artistico-y-emocional-de-la-doctores\/","name":"Epicentras | Relato Art\u00edstico y Emocional de la Doctores","isPartOf":{"@id":"https:\/\/www.gridmag.com.mx\/#website"},"primaryImageOfPage":{"@id":"https:\/\/www.gridmag.com.mx\/index.php\/2023\/03\/17\/epicentras-relato-artistico-y-emocional-de-la-doctores\/#primaryimage"},"image":{"@id":"https:\/\/www.gridmag.com.mx\/index.php\/2023\/03\/17\/epicentras-relato-artistico-y-emocional-de-la-doctores\/#primaryimage"},"thumbnailUrl":"https:\/\/www.gridmag.com.mx\/wp-content\/uploads\/2023\/03\/IMG_5479.jpg","datePublished":"2023-03-17T15:59:56+00:00","dateModified":"2024-01-05T19:50:44+00:00","description":"A trav\u00e9s de entrevistas en la colonia Doctores, Azul da vida a las \"Epicentras\", mujeres cuyas emociones modelan el entorno que las rodea.","breadcrumb":{"@id":"https:\/\/www.gridmag.com.mx\/index.php\/2023\/03\/17\/epicentras-relato-artistico-y-emocional-de-la-doctores\/#breadcrumb"},"inLanguage":"es","potentialAction":[{"@type":"ReadAction","target":["https:\/\/www.gridmag.com.mx\/index.php\/2023\/03\/17\/epicentras-relato-artistico-y-emocional-de-la-doctores\/"]}]},{"@type":"ImageObject","inLanguage":"es","@id":"https:\/\/www.gridmag.com.mx\/index.php\/2023\/03\/17\/epicentras-relato-artistico-y-emocional-de-la-doctores\/#primaryimage","url":"https:\/\/www.gridmag.com.mx\/wp-content\/uploads\/2023\/03\/IMG_5479.jpg","contentUrl":"https:\/\/www.gridmag.com.mx\/wp-content\/uploads\/2023\/03\/IMG_5479.jpg","width":1920,"height":2560,"caption":"Epicentras | Relato art\u00edstico y emocional de la Doctores"},{"@type":"BreadcrumbList","@id":"https:\/\/www.gridmag.com.mx\/index.php\/2023\/03\/17\/epicentras-relato-artistico-y-emocional-de-la-doctores\/#breadcrumb","itemListElement":[{"@type":"ListItem","position":1,"name":"Inicio","item":"https:\/\/www.gridmag.com.mx\/"},{"@type":"ListItem","position":2,"name":"Epicentras | Relato art\u00edstico y emocional de la Doctores"}]},{"@type":"WebSite","@id":"https:\/\/www.gridmag.com.mx\/#website","url":"https:\/\/www.gridmag.com.mx\/","name":"Grid Magazine","description":"Compartiendo lo mejor de la arquitectura y dise\u00f1o mexicano.","publisher":{"@id":"https:\/\/www.gridmag.com.mx\/#organization"},"potentialAction":[{"@type":"SearchAction","target":{"@type":"EntryPoint","urlTemplate":"https:\/\/www.gridmag.com.mx\/?s={search_term_string}"},"query-input":{"@type":"PropertyValueSpecification","valueRequired":true,"valueName":"search_term_string"}}],"inLanguage":"es"},{"@type":"Organization","@id":"https:\/\/www.gridmag.com.mx\/#organization","name":"Grid Magazine","url":"https:\/\/www.gridmag.com.mx\/","logo":{"@type":"ImageObject","inLanguage":"es","@id":"https:\/\/www.gridmag.com.mx\/#\/schema\/logo\/image\/","url":"","contentUrl":"","caption":"Grid Magazine"},"image":{"@id":"https:\/\/www.gridmag.com.mx\/#\/schema\/logo\/image\/"},"sameAs":["https:\/\/www.facebook.com\/gridmagazine.mx","https:\/\/www.instagram.com\/gridmagazine_mx\/","https:\/\/www.tiktok.com\/@gridmagazine.mx?_t=8gl2kVR2Aq6&_r=1","https:\/\/www.linkedin.com\/company\/grid-magazine-mx\/"]},{"@type":"Person","@id":"https:\/\/www.gridmag.com.mx\/#\/schema\/person\/bfe28cdbe6ebe447796b7d7428227768","name":"Autor Invitado","image":{"@type":"ImageObject","inLanguage":"es","@id":"https:\/\/www.gridmag.com.mx\/#\/schema\/person\/image\/","url":"https:\/\/secure.gravatar.com\/avatar\/1951b157afe68d49ac5cd93d23d29a9502733912b3259d0cba8485421e416450?s=96&d=mm&r=g","contentUrl":"https:\/\/secure.gravatar.com\/avatar\/1951b157afe68d49ac5cd93d23d29a9502733912b3259d0cba8485421e416450?s=96&d=mm&r=g","caption":"Autor Invitado"},"url":"https:\/\/www.gridmag.com.mx\/index.php\/author\/autor-invitado\/"}]}},"_links":{"self":[{"href":"https:\/\/www.gridmag.com.mx\/index.php\/wp-json\/wp\/v2\/posts\/3055","targetHints":{"allow":["GET"]}}],"collection":[{"href":"https:\/\/www.gridmag.com.mx\/index.php\/wp-json\/wp\/v2\/posts"}],"about":[{"href":"https:\/\/www.gridmag.com.mx\/index.php\/wp-json\/wp\/v2\/types\/post"}],"author":[{"embeddable":true,"href":"https:\/\/www.gridmag.com.mx\/index.php\/wp-json\/wp\/v2\/users\/12"}],"replies":[{"embeddable":true,"href":"https:\/\/www.gridmag.com.mx\/index.php\/wp-json\/wp\/v2\/comments?post=3055"}],"version-history":[{"count":5,"href":"https:\/\/www.gridmag.com.mx\/index.php\/wp-json\/wp\/v2\/posts\/3055\/revisions"}],"predecessor-version":[{"id":5905,"href":"https:\/\/www.gridmag.com.mx\/index.php\/wp-json\/wp\/v2\/posts\/3055\/revisions\/5905"}],"wp:featuredmedia":[{"embeddable":true,"href":"https:\/\/www.gridmag.com.mx\/index.php\/wp-json\/wp\/v2\/media\/3061"}],"wp:attachment":[{"href":"https:\/\/www.gridmag.com.mx\/index.php\/wp-json\/wp\/v2\/media?parent=3055"}],"wp:term":[{"taxonomy":"category","embeddable":true,"href":"https:\/\/www.gridmag.com.mx\/index.php\/wp-json\/wp\/v2\/categories?post=3055"},{"taxonomy":"post_tag","embeddable":true,"href":"https:\/\/www.gridmag.com.mx\/index.php\/wp-json\/wp\/v2\/tags?post=3055"}],"curies":[{"name":"wp","href":"https:\/\/api.w.org\/{rel}","templated":true}]}}