{"id":3106,"date":"2023-03-22T10:34:21","date_gmt":"2023-03-22T16:34:21","guid":{"rendered":"https:\/\/www.gridmag.com.mx\/?p=3106"},"modified":"2024-01-08T17:23:58","modified_gmt":"2024-01-08T23:23:58","slug":"loreta-castro-reguera-arquitecta-del-agua","status":"publish","type":"post","link":"https:\/\/www.gridmag.com.mx\/index.php\/2023\/03\/22\/loreta-castro-reguera-arquitecta-del-agua\/","title":{"rendered":"Loreta Castro Reguera | Arquitecta del agua"},"content":{"rendered":"\n<p><em>POR: MARIANA RANGEL MERCADO&nbsp;&nbsp;<\/em><\/p>\n\n\n\n<blockquote class=\"wp-block-quote is-layout-flow wp-block-quote-is-layout-flow\">\n<p>\u201c<em>La ciudad contempor\u00e1nea que funciona a trav\u00e9s de infraestructuras subterr\u00e1neas, ha olvidado integrar en su imagen al elemento m\u00e1s importante para garantizar su supervivencia: el agua.\u201d<\/em><\/p>\n<cite>M. Arq. Loreta Castro, ciclo de conferencias sobre arquitectura, CENTRO, 2022<\/cite><\/blockquote>\n\n\n\n<figure class=\"wp-block-image size-large\"><img decoding=\"async\" width=\"1020\" height=\"1024\" src=\"https:\/\/www.gridmag.com.mx\/wp-content\/uploads\/2023\/03\/LORETA-1020x1024.jpg\" alt=\"\" class=\"wp-image-3108\" srcset=\"https:\/\/www.gridmag.com.mx\/wp-content\/uploads\/2023\/03\/LORETA-1020x1024.jpg 1020w, https:\/\/www.gridmag.com.mx\/wp-content\/uploads\/2023\/03\/LORETA-300x300.jpg 300w, https:\/\/www.gridmag.com.mx\/wp-content\/uploads\/2023\/03\/LORETA-150x150.jpg 150w, https:\/\/www.gridmag.com.mx\/wp-content\/uploads\/2023\/03\/LORETA-768x771.jpg 768w, https:\/\/www.gridmag.com.mx\/wp-content\/uploads\/2023\/03\/LORETA-120x120.jpg 120w, https:\/\/www.gridmag.com.mx\/wp-content\/uploads\/2023\/03\/LORETA-240x240.jpg 240w, https:\/\/www.gridmag.com.mx\/wp-content\/uploads\/2023\/03\/LORETA-360x360.jpg 360w, https:\/\/www.gridmag.com.mx\/wp-content\/uploads\/2023\/03\/LORETA-770x773.jpg 770w, https:\/\/www.gridmag.com.mx\/wp-content\/uploads\/2023\/03\/LORETA-1400x1405.jpg 1400w, https:\/\/www.gridmag.com.mx\/wp-content\/uploads\/2023\/03\/LORETA-125x125.jpg 125w, https:\/\/www.gridmag.com.mx\/wp-content\/uploads\/2023\/03\/LORETA.jpg 1444w\" sizes=\"(max-width: 1020px) 100vw, 1020px\" \/><figcaption class=\"wp-element-caption\">Loreta Castro Reguera. Fotograf\u00eda tomada de https:\/\/www.linkedin.com\/in\/loreta-castro-reguera-0967bba\/<\/figcaption><\/figure>\n\n\n\n<div style=\"height:10px\" aria-hidden=\"true\" class=\"wp-block-spacer\"><\/div>\n\n\n\n<p>Hoy, 22 de marzo, es el <strong>D\u00eda Mundial del Agua<\/strong>, por ello en GRID, la revista de arquitectura y dise\u00f1o en M\u00e9xico, decidimos sumar una retrospectiva de la <strong>arquitecta mexicana Loreta Castro<\/strong>. Si a\u00fan no la conoces, en un momento entender\u00e1s porqu\u00e9 su trabajo, investigaci\u00f3n y reflexi\u00f3n es relevante no solo hoy sino todos los d\u00edas.<\/p>\n\n\n\n<p>Loreta Castro Reguera Mancera (CDMX, 1979) estudi\u00f3 <strong>arquitectura<\/strong> en la Facultad de Arquitectura de la UNAM (1998-2004), realiz\u00f3 una maestr\u00eda en la Accademia di Architettura di Mendrisio, Suiza (2001-2004), y tiene un segundo posgrado: Masters of Architecture in Urban Design (MAUD) por Harvard University Graduate School of Design (2008-2010) del cual se gradu\u00f3 con honores. Ha sido galardonada con varias becas y <a href=\"https:\/\/www.gridmag.com.mx\/index.php\/2023\/12\/15\/premios-rino\/\">premios<\/a> tanto por su trayectoria como por su trabajo independiente.<\/p>\n\n\n\n<p>En 2010 fund\u00f3 <strong>Taller Capital<\/strong> con Jos\u00e9 Pablo Ambrosi. El trabajo del despacho se centra en el dise\u00f1o de la ciudad a trav\u00e9s de la densificaci\u00f3n y la generaci\u00f3n de espacios p\u00fablicos que sirvan de infraestructura para la ciudad, especialmente con estrategias para la<strong> gesti\u00f3n del agua<\/strong>. Al mismo tiempo, la arquitecta dirige el seminario de titulaci\u00f3n <strong><em>Taller H\u00eddrico Urbano<\/em><\/strong> en su alma mater.<\/p>\n\n\n\n<p>Ha participado como profesora invitada y disertante en varias instituciones de Am\u00e9rica y Europa y ha escrito ensayos y art\u00edculos para varias revistas y libros, incluyendo <strong><em>La imagen del agua en la ciudad<\/em><\/strong><em>, <\/em>publicado en el 2022 por Arquine. Desde 2018 tambi\u00e9n forma parte del <strong>Sistema Nacional de Creadores de M\u00e9xico<\/strong>.&nbsp;<\/p>\n\n\n\n<h2 class=\"wp-block-heading\">Nuestra relaci\u00f3n con el agua<\/h2>\n\n\n\n<p>Loreta Castro comprende el agua de una forma inusual para nuestra \u00e9poca. Ella ve un problema que hemos invisibilizado en nuestras ciudades. En casa abrimos el grifo y el agua fluye, pero no nos preguntamos c\u00f3mo es que llega a nosotros. No la vemos por la ciudad a excepci\u00f3n de la \u00e9poca de lluvias, cuando inunda nuestras calles y arrastra nuestros coches. \u00bfPero de d\u00f3nde viene y a d\u00f3nde va tanta agua? \u00bfPor qu\u00e9 ya no forma parte de nuestra imagen urbana?<\/p>\n\n\n\n<figure class=\"wp-block-image size-large\"><img decoding=\"async\" width=\"977\" height=\"1024\" src=\"https:\/\/www.gridmag.com.mx\/wp-content\/uploads\/2023\/03\/Ciudad-de-Mexico-en-epoca-de-lluvias-977x1024.jpg\" alt=\"\" class=\"wp-image-3110\" srcset=\"https:\/\/www.gridmag.com.mx\/wp-content\/uploads\/2023\/03\/Ciudad-de-Mexico-en-epoca-de-lluvias-977x1024.jpg 977w, https:\/\/www.gridmag.com.mx\/wp-content\/uploads\/2023\/03\/Ciudad-de-Mexico-en-epoca-de-lluvias-286x300.jpg 286w, https:\/\/www.gridmag.com.mx\/wp-content\/uploads\/2023\/03\/Ciudad-de-Mexico-en-epoca-de-lluvias-768x805.jpg 768w, https:\/\/www.gridmag.com.mx\/wp-content\/uploads\/2023\/03\/Ciudad-de-Mexico-en-epoca-de-lluvias-1465x1536.jpg 1465w, https:\/\/www.gridmag.com.mx\/wp-content\/uploads\/2023\/03\/Ciudad-de-Mexico-en-epoca-de-lluvias-770x807.jpg 770w, https:\/\/www.gridmag.com.mx\/wp-content\/uploads\/2023\/03\/Ciudad-de-Mexico-en-epoca-de-lluvias-1400x1468.jpg 1400w, https:\/\/www.gridmag.com.mx\/wp-content\/uploads\/2023\/03\/Ciudad-de-Mexico-en-epoca-de-lluvias.jpg 1546w\" sizes=\"(max-width: 977px) 100vw, 977px\" \/><figcaption class=\"wp-element-caption\">Ciudad de M\u00e9xico en \u00e9poca de lluvias. Fot\u00f3grafo desconocido.<\/figcaption><\/figure>\n\n\n\n<div style=\"height:10px\" aria-hidden=\"true\" class=\"wp-block-spacer\"><\/div>\n\n\n\n<p>\u201cEsta condici\u00f3n parad\u00f3jica pone en evidencia la incapacidad de la forma urbana, del dise\u00f1o moderno de la ciudad, para incorporar el ciclo h\u00eddrico en su funcionamiento\u201d, explica en su libro <em>La imagen del agua en la ciudad<\/em>.<\/p>\n\n\n\n<p>Las problem\u00e1ticas que conlleva esta ruptura entre los habitantes, las ciudades y el agua van m\u00e1s all\u00e1 de un par de inundaciones. Hemos dejado de lado el <a href=\"https:\/\/www.gridmag.com.mx\/index.php\/2022\/10\/26\/paisaje-urbano-sustentable-y-la-crisis-de-agua-en-mexico\/\">agua<\/a> y, \u00e9sta, ahora escasea. La soluci\u00f3n: reincorporar su ciclo a nuestro imaginario, nuestros hogares y nuestros dise\u00f1os.<\/p>\n\n\n\n<h2 class=\"wp-block-heading\"><strong>Taller Capital<\/strong><\/h2>\n\n\n\n<p>Por a\u00f1os, Loreta Castro, su despacho y sus alumnos, han enfocado su tiempo a la investigaci\u00f3n y el desarrollo de soluciones para incorporar el agua al imaginario colectivo. Desde la investigaci\u00f3n y la reflexi\u00f3n han conformado <em>Imaginario del agua,<\/em> un lexic\u00f3n \u2013siempre en continuo crecimiento\u2013 que sirve como herramienta visual para encontrar maneras de reintegrar <a href=\"https:\/\/www.gridmag.com.mx\/index.php\/2022\/10\/02\/el-rol-del-agua-en-el-diseno-urbano-arquitectura-liquida\/\">el agua a la traza urbana<\/a>.<\/p>\n\n\n\n<figure class=\"wp-block-image size-large\"><img decoding=\"async\" width=\"1024\" height=\"820\" src=\"https:\/\/www.gridmag.com.mx\/wp-content\/uploads\/2023\/03\/Fotografia-del-libro-La-imagen-del-agua-en-la-ciudad-copy-1024x820.jpg\" alt=\"\" class=\"wp-image-3111\" srcset=\"https:\/\/www.gridmag.com.mx\/wp-content\/uploads\/2023\/03\/Fotografia-del-libro-La-imagen-del-agua-en-la-ciudad-copy-1024x820.jpg 1024w, https:\/\/www.gridmag.com.mx\/wp-content\/uploads\/2023\/03\/Fotografia-del-libro-La-imagen-del-agua-en-la-ciudad-copy-300x240.jpg 300w, https:\/\/www.gridmag.com.mx\/wp-content\/uploads\/2023\/03\/Fotografia-del-libro-La-imagen-del-agua-en-la-ciudad-copy-768x615.jpg 768w, https:\/\/www.gridmag.com.mx\/wp-content\/uploads\/2023\/03\/Fotografia-del-libro-La-imagen-del-agua-en-la-ciudad-copy-1536x1230.jpg 1536w, https:\/\/www.gridmag.com.mx\/wp-content\/uploads\/2023\/03\/Fotografia-del-libro-La-imagen-del-agua-en-la-ciudad-copy-770x617.jpg 770w, https:\/\/www.gridmag.com.mx\/wp-content\/uploads\/2023\/03\/Fotografia-del-libro-La-imagen-del-agua-en-la-ciudad-copy-1400x1121.jpg 1400w, https:\/\/www.gridmag.com.mx\/wp-content\/uploads\/2023\/03\/Fotografia-del-libro-La-imagen-del-agua-en-la-ciudad-copy.jpg 1704w\" sizes=\"(max-width: 1024px) 100vw, 1024px\" \/><figcaption class=\"wp-element-caption\">Fotograf\u00eda del libro La imagen del agua en la ciudad P.88-89. Peque\u00f1a secci\u00f3n del Imaginario del Agua.<\/figcaption><\/figure>\n\n\n\n<div style=\"height:10px\" aria-hidden=\"true\" class=\"wp-block-spacer\"><\/div>\n\n\n\n<p>En la misma l\u00ednea de pensamiento, Taller Capital cuenta con proyectos a mediana escala basados en ideas del imaginario como el <strong><em>\u00c1gora del Agua<\/em><\/strong>, que se ha instalado en varios puntos, entre ellos el <strong>Parque Naucalli<\/strong>, al norte de la CDMX, y en el municipio de Temoaya, en el Edomex, para crear conciencia y es que, espec\u00edficamente, el proyecto se pens\u00f3 para evidenciar que el agua de lluvia puede captarse.\u00ad\u00ad\u00ad\u00ad<\/p>\n\n\n\n<figure class=\"wp-block-image size-large\"><img decoding=\"async\" width=\"1024\" height=\"651\" src=\"https:\/\/www.gridmag.com.mx\/wp-content\/uploads\/2023\/03\/Agora-del-Agua-1-1024x651.jpg\" alt=\"Loreta Castro Reguera | Arquitecta del Agua\" class=\"wp-image-3113\" srcset=\"https:\/\/www.gridmag.com.mx\/wp-content\/uploads\/2023\/03\/Agora-del-Agua-1-1024x651.jpg 1024w, https:\/\/www.gridmag.com.mx\/wp-content\/uploads\/2023\/03\/Agora-del-Agua-1-300x191.jpg 300w, https:\/\/www.gridmag.com.mx\/wp-content\/uploads\/2023\/03\/Agora-del-Agua-1-768x488.jpg 768w, https:\/\/www.gridmag.com.mx\/wp-content\/uploads\/2023\/03\/Agora-del-Agua-1-1536x976.jpg 1536w, https:\/\/www.gridmag.com.mx\/wp-content\/uploads\/2023\/03\/Agora-del-Agua-1-2048x1301.jpg 2048w, https:\/\/www.gridmag.com.mx\/wp-content\/uploads\/2023\/03\/Agora-del-Agua-1-770x489.jpg 770w, https:\/\/www.gridmag.com.mx\/wp-content\/uploads\/2023\/03\/Agora-del-Agua-1-1400x890.jpg 1400w\" sizes=\"(max-width: 1024px) 100vw, 1024px\" \/><figcaption class=\"wp-element-caption\">\u00c1gora del Agua. Imagen tomada de https:\/\/tallercapital.mx\/category\/efimeros\/<\/figcaption><\/figure>\n\n\n\n<div style=\"height:11px\" aria-hidden=\"true\" class=\"wp-block-spacer\"><\/div>\n\n\n\n<h3 class=\"wp-block-heading\">La Quebradora<\/h3>\n\n\n\n<p>A una escala mucho mayor, la arquitecta y su equipo han generado proyectos de \u201cacupuntura hidrourbana\u201d como el Parque H\u00eddrico <strong><em>La Quebradora<\/em><\/strong><em>, <\/em>un proyecto realizado en colaboraci\u00f3n con la UNAM, ubicado en Iztapalapa, una de las alcald\u00edas m\u00e1s grandes y la m\u00e1s densamente poblada de la Ciudad de M\u00e9xico. Se trata de una propuesta compleja que funciona con el entendimiento de c\u00f3mo se puede convertir la lluvia, su captaci\u00f3n, limpieza e infiltraci\u00f3n en un espect\u00e1culo para <a href=\"https:\/\/www.gridmag.com.mx\/index.php\/2023\/11\/27\/mesa-publica-reconstruyendo-el-tejido-de-la-comunidad\/\">la comunidad<\/a>.<\/p>\n\n\n\n<figure class=\"wp-block-image size-large\"><img decoding=\"async\" width=\"1024\" height=\"767\" src=\"https:\/\/www.gridmag.com.mx\/wp-content\/uploads\/2023\/03\/Parque-hidrico-La-Quebradora-1024x767.jpg\" alt=\"Loreta Castro Reguera | Arquitecta del Agua\" class=\"wp-image-3114\" srcset=\"https:\/\/www.gridmag.com.mx\/wp-content\/uploads\/2023\/03\/Parque-hidrico-La-Quebradora-1024x767.jpg 1024w, https:\/\/www.gridmag.com.mx\/wp-content\/uploads\/2023\/03\/Parque-hidrico-La-Quebradora-300x225.jpg 300w, https:\/\/www.gridmag.com.mx\/wp-content\/uploads\/2023\/03\/Parque-hidrico-La-Quebradora-768x575.jpg 768w, https:\/\/www.gridmag.com.mx\/wp-content\/uploads\/2023\/03\/Parque-hidrico-La-Quebradora-1536x1150.jpg 1536w, https:\/\/www.gridmag.com.mx\/wp-content\/uploads\/2023\/03\/Parque-hidrico-La-Quebradora-770x577.jpg 770w, https:\/\/www.gridmag.com.mx\/wp-content\/uploads\/2023\/03\/Parque-hidrico-La-Quebradora-1400x1048.jpg 1400w, https:\/\/www.gridmag.com.mx\/wp-content\/uploads\/2023\/03\/Parque-hidrico-La-Quebradora.jpg 2006w\" sizes=\"(max-width: 1024px) 100vw, 1024px\" \/><figcaption class=\"wp-element-caption\">Parque h\u00eddrico La Quebradora. Imagen tomada de https:\/\/tallercapital.mx\/category\/espacio-publico\/<\/figcaption><\/figure>\n\n\n\n<div style=\"height:10px\" aria-hidden=\"true\" class=\"wp-block-spacer\"><\/div>\n\n\n\n<p>La idea de estos proyectos es descentralizar los sistemas necesarios para el funcionamiento de nuestras ciudades, a trav\u00e9s de la generaci\u00f3n de espacios p\u00fablicos que trabajen como infraestructura que complemente las pr\u00e1cticas contempor\u00e1neas en manejo de recursos y permitan regenerar nuestros mantos acu\u00edferos.<\/p>\n\n\n\n<p><em>Mariana Rangel Mercado (CDMX, 1995) es arquitecta egresada de la Universidad Iberoamericana. Entiende la arquitectura como un motor de cambio que afecta tanto nuestro humor y nuestra salud, como las din\u00e1micas sociales y la relaci\u00f3n humana con el medio ambiente. Actualmente trabaja de forma independiente y continua sus estudios en la comprensi\u00f3n de las afecciones f\u00edsicas y psicol\u00f3gicas del espacio que nos rodea.&nbsp;<\/em><\/p>\n\n\n\n<hr class=\"wp-block-separator has-alpha-channel-opacity\"\/>\n\n\n\n<p class=\"has-small-font-size\"><strong>Redes:<\/strong><br><a href=\"https:\/\/www.instagram.com\/loretacrm\/\">https:\/\/www.instagram.com\/loretacrm\/<\/a><br><a href=\"https:\/\/www.instagram.com\/tallercapital\/\">https:\/\/www.instagram.com\/tallercapital\/<\/a><br><a href=\"https:\/\/tallercapital.mx\/category\/imaginario\/\">https:\/\/tallercapital.mx\/category\/imaginario\/<\/a><br><a href=\"https:\/\/www.linkedin.com\/in\/loreta-castro-reguera-0967bba\/\">https:\/\/www.linkedin.com\/in\/loreta-castro-reguera-0967bba\/<\/a><\/p>\n","protected":false},"excerpt":{"rendered":"<p>POR: MARIANA RANGEL MERCADO&nbsp;&nbsp; \u201cLa ciudad contempor\u00e1nea que funciona a trav\u00e9s de infraestructuras subterr\u00e1neas, ha olvidado integrar en su imagen al elemento m\u00e1s importante para garantizar su supervivencia: el agua.\u201d M. Arq. Loreta Castro, ciclo de conferencias sobre arquitectura, CENTRO, 2022 Hoy, 22 de marzo, es el D\u00eda Mundial del Agua, por ello en GRID, la revista de arquitectura y dise\u00f1o en M\u00e9xico, decidimos sumar una retrospectiva de la arquitecta mexicana Loreta Castro. Si a\u00fan no la conoces, en un [&hellip;]<\/p>\n","protected":false},"author":12,"featured_media":3112,"comment_status":"open","ping_status":"open","sticky":false,"template":"","format":"standard","meta":{"footnotes":""},"categories":[49,55],"tags":[],"class_list":["post-3106","post","type-post","status-publish","format-standard","has-post-thumbnail","hentry","category-arquitectura","category-creativos"],"yoast_head":"<!-- This site is optimized with the Yoast SEO plugin v27.0 - https:\/\/yoast.com\/product\/yoast-seo-wordpress\/ -->\n<title>Loreta Castro Reguera | Arquitecta del Agua<\/title>\n<meta name=\"description\" content=\"Explora el legado arquitect\u00f3nico de Loreta Castro, una visionaria mexicana que desaf\u00eda la visi\u00f3n del agua en nuestras ciudades.\" \/>\n<meta name=\"robots\" content=\"index, follow, max-snippet:-1, max-image-preview:large, max-video-preview:-1\" \/>\n<link rel=\"canonical\" href=\"https:\/\/www.gridmag.com.mx\/index.php\/2023\/03\/22\/loreta-castro-reguera-arquitecta-del-agua\/\" \/>\n<meta property=\"og:locale\" content=\"es_MX\" \/>\n<meta property=\"og:type\" content=\"article\" \/>\n<meta property=\"og:title\" content=\"Loreta Castro Reguera | Arquitecta del Agua\" \/>\n<meta property=\"og:description\" content=\"Explora el legado arquitect\u00f3nico de Loreta Castro, una visionaria mexicana que desaf\u00eda la visi\u00f3n del agua en nuestras ciudades.\" \/>\n<meta property=\"og:url\" content=\"https:\/\/www.gridmag.com.mx\/index.php\/2023\/03\/22\/loreta-castro-reguera-arquitecta-del-agua\/\" \/>\n<meta property=\"og:site_name\" content=\"Grid Magazine\" \/>\n<meta property=\"article:publisher\" content=\"https:\/\/www.facebook.com\/gridmagazine.mx\" \/>\n<meta property=\"article:published_time\" content=\"2023-03-22T16:34:21+00:00\" \/>\n<meta property=\"article:modified_time\" content=\"2024-01-08T23:23:58+00:00\" \/>\n<meta property=\"og:image\" content=\"https:\/\/www.gridmag.com.mx\/wp-content\/uploads\/2023\/03\/Agora-del-Agua-scaled.jpg\" \/>\n\t<meta property=\"og:image:width\" content=\"2560\" \/>\n\t<meta property=\"og:image:height\" content=\"1626\" \/>\n\t<meta property=\"og:image:type\" content=\"image\/jpeg\" \/>\n<meta name=\"author\" content=\"Autor Invitado\" \/>\n<meta name=\"twitter:card\" content=\"summary_large_image\" \/>\n<meta name=\"twitter:label1\" content=\"Escrito por\" \/>\n\t<meta name=\"twitter:data1\" content=\"Autor Invitado\" \/>\n\t<meta name=\"twitter:label2\" content=\"Tiempo de lectura\" \/>\n\t<meta name=\"twitter:data2\" content=\"5 minutos\" \/>\n<script type=\"application\/ld+json\" class=\"yoast-schema-graph\">{\"@context\":\"https:\/\/schema.org\",\"@graph\":[{\"@type\":\"Article\",\"@id\":\"https:\/\/www.gridmag.com.mx\/index.php\/2023\/03\/22\/loreta-castro-reguera-arquitecta-del-agua\/#article\",\"isPartOf\":{\"@id\":\"https:\/\/www.gridmag.com.mx\/index.php\/2023\/03\/22\/loreta-castro-reguera-arquitecta-del-agua\/\"},\"author\":{\"name\":\"Autor Invitado\",\"@id\":\"https:\/\/www.gridmag.com.mx\/#\/schema\/person\/bfe28cdbe6ebe447796b7d7428227768\"},\"headline\":\"Loreta Castro Reguera | Arquitecta del agua\",\"datePublished\":\"2023-03-22T16:34:21+00:00\",\"dateModified\":\"2024-01-08T23:23:58+00:00\",\"mainEntityOfPage\":{\"@id\":\"https:\/\/www.gridmag.com.mx\/index.php\/2023\/03\/22\/loreta-castro-reguera-arquitecta-del-agua\/\"},\"wordCount\":934,\"commentCount\":0,\"publisher\":{\"@id\":\"https:\/\/www.gridmag.com.mx\/#organization\"},\"image\":{\"@id\":\"https:\/\/www.gridmag.com.mx\/index.php\/2023\/03\/22\/loreta-castro-reguera-arquitecta-del-agua\/#primaryimage\"},\"thumbnailUrl\":\"https:\/\/www.gridmag.com.mx\/wp-content\/uploads\/2023\/03\/Agora-del-Agua.jpg\",\"articleSection\":[\"Arquitectura\",\"Creativos\"],\"inLanguage\":\"es\",\"potentialAction\":[{\"@type\":\"CommentAction\",\"name\":\"Comment\",\"target\":[\"https:\/\/www.gridmag.com.mx\/index.php\/2023\/03\/22\/loreta-castro-reguera-arquitecta-del-agua\/#respond\"]}]},{\"@type\":\"WebPage\",\"@id\":\"https:\/\/www.gridmag.com.mx\/index.php\/2023\/03\/22\/loreta-castro-reguera-arquitecta-del-agua\/\",\"url\":\"https:\/\/www.gridmag.com.mx\/index.php\/2023\/03\/22\/loreta-castro-reguera-arquitecta-del-agua\/\",\"name\":\"Loreta Castro Reguera | Arquitecta del Agua\",\"isPartOf\":{\"@id\":\"https:\/\/www.gridmag.com.mx\/#website\"},\"primaryImageOfPage\":{\"@id\":\"https:\/\/www.gridmag.com.mx\/index.php\/2023\/03\/22\/loreta-castro-reguera-arquitecta-del-agua\/#primaryimage\"},\"image\":{\"@id\":\"https:\/\/www.gridmag.com.mx\/index.php\/2023\/03\/22\/loreta-castro-reguera-arquitecta-del-agua\/#primaryimage\"},\"thumbnailUrl\":\"https:\/\/www.gridmag.com.mx\/wp-content\/uploads\/2023\/03\/Agora-del-Agua.jpg\",\"datePublished\":\"2023-03-22T16:34:21+00:00\",\"dateModified\":\"2024-01-08T23:23:58+00:00\",\"description\":\"Explora el legado arquitect\u00f3nico de Loreta Castro, una visionaria mexicana que desaf\u00eda la visi\u00f3n del agua en nuestras ciudades.\",\"breadcrumb\":{\"@id\":\"https:\/\/www.gridmag.com.mx\/index.php\/2023\/03\/22\/loreta-castro-reguera-arquitecta-del-agua\/#breadcrumb\"},\"inLanguage\":\"es\",\"potentialAction\":[{\"@type\":\"ReadAction\",\"target\":[\"https:\/\/www.gridmag.com.mx\/index.php\/2023\/03\/22\/loreta-castro-reguera-arquitecta-del-agua\/\"]}]},{\"@type\":\"ImageObject\",\"inLanguage\":\"es\",\"@id\":\"https:\/\/www.gridmag.com.mx\/index.php\/2023\/03\/22\/loreta-castro-reguera-arquitecta-del-agua\/#primaryimage\",\"url\":\"https:\/\/www.gridmag.com.mx\/wp-content\/uploads\/2023\/03\/Agora-del-Agua.jpg\",\"contentUrl\":\"https:\/\/www.gridmag.com.mx\/wp-content\/uploads\/2023\/03\/Agora-del-Agua.jpg\",\"width\":2560,\"height\":1626,\"caption\":\"Agora del agua\"},{\"@type\":\"BreadcrumbList\",\"@id\":\"https:\/\/www.gridmag.com.mx\/index.php\/2023\/03\/22\/loreta-castro-reguera-arquitecta-del-agua\/#breadcrumb\",\"itemListElement\":[{\"@type\":\"ListItem\",\"position\":1,\"name\":\"Inicio\",\"item\":\"https:\/\/www.gridmag.com.mx\/\"},{\"@type\":\"ListItem\",\"position\":2,\"name\":\"Loreta Castro Reguera | Arquitecta del agua\"}]},{\"@type\":\"WebSite\",\"@id\":\"https:\/\/www.gridmag.com.mx\/#website\",\"url\":\"https:\/\/www.gridmag.com.mx\/\",\"name\":\"Grid Magazine\",\"description\":\"Compartiendo lo mejor de la arquitectura y dise\u00f1o mexicano.\",\"publisher\":{\"@id\":\"https:\/\/www.gridmag.com.mx\/#organization\"},\"potentialAction\":[{\"@type\":\"SearchAction\",\"target\":{\"@type\":\"EntryPoint\",\"urlTemplate\":\"https:\/\/www.gridmag.com.mx\/?s={search_term_string}\"},\"query-input\":{\"@type\":\"PropertyValueSpecification\",\"valueRequired\":true,\"valueName\":\"search_term_string\"}}],\"inLanguage\":\"es\"},{\"@type\":\"Organization\",\"@id\":\"https:\/\/www.gridmag.com.mx\/#organization\",\"name\":\"Grid Magazine\",\"url\":\"https:\/\/www.gridmag.com.mx\/\",\"logo\":{\"@type\":\"ImageObject\",\"inLanguage\":\"es\",\"@id\":\"https:\/\/www.gridmag.com.mx\/#\/schema\/logo\/image\/\",\"url\":\"\",\"contentUrl\":\"\",\"caption\":\"Grid Magazine\"},\"image\":{\"@id\":\"https:\/\/www.gridmag.com.mx\/#\/schema\/logo\/image\/\"},\"sameAs\":[\"https:\/\/www.facebook.com\/gridmagazine.mx\",\"https:\/\/www.instagram.com\/gridmagazine_mx\/\",\"https:\/\/www.tiktok.com\/@gridmagazine.mx?_t=8gl2kVR2Aq6&_r=1\",\"https:\/\/www.linkedin.com\/company\/grid-magazine-mx\/\"]},{\"@type\":\"Person\",\"@id\":\"https:\/\/www.gridmag.com.mx\/#\/schema\/person\/bfe28cdbe6ebe447796b7d7428227768\",\"name\":\"Autor Invitado\",\"image\":{\"@type\":\"ImageObject\",\"inLanguage\":\"es\",\"@id\":\"https:\/\/www.gridmag.com.mx\/#\/schema\/person\/image\/\",\"url\":\"https:\/\/secure.gravatar.com\/avatar\/1951b157afe68d49ac5cd93d23d29a9502733912b3259d0cba8485421e416450?s=96&d=mm&r=g\",\"contentUrl\":\"https:\/\/secure.gravatar.com\/avatar\/1951b157afe68d49ac5cd93d23d29a9502733912b3259d0cba8485421e416450?s=96&d=mm&r=g\",\"caption\":\"Autor Invitado\"},\"url\":\"https:\/\/www.gridmag.com.mx\/index.php\/author\/autor-invitado\/\"}]}<\/script>\n<!-- \/ Yoast SEO plugin. -->","yoast_head_json":{"title":"Loreta Castro Reguera | Arquitecta del Agua","description":"Explora el legado arquitect\u00f3nico de Loreta Castro, una visionaria mexicana que desaf\u00eda la visi\u00f3n del agua en nuestras ciudades.","robots":{"index":"index","follow":"follow","max-snippet":"max-snippet:-1","max-image-preview":"max-image-preview:large","max-video-preview":"max-video-preview:-1"},"canonical":"https:\/\/www.gridmag.com.mx\/index.php\/2023\/03\/22\/loreta-castro-reguera-arquitecta-del-agua\/","og_locale":"es_MX","og_type":"article","og_title":"Loreta Castro Reguera | Arquitecta del Agua","og_description":"Explora el legado arquitect\u00f3nico de Loreta Castro, una visionaria mexicana que desaf\u00eda la visi\u00f3n del agua en nuestras ciudades.","og_url":"https:\/\/www.gridmag.com.mx\/index.php\/2023\/03\/22\/loreta-castro-reguera-arquitecta-del-agua\/","og_site_name":"Grid Magazine","article_publisher":"https:\/\/www.facebook.com\/gridmagazine.mx","article_published_time":"2023-03-22T16:34:21+00:00","article_modified_time":"2024-01-08T23:23:58+00:00","og_image":[{"width":2560,"height":1626,"url":"https:\/\/www.gridmag.com.mx\/wp-content\/uploads\/2023\/03\/Agora-del-Agua-scaled.jpg","type":"image\/jpeg"}],"author":"Autor Invitado","twitter_card":"summary_large_image","twitter_misc":{"Escrito por":"Autor Invitado","Tiempo de lectura":"5 minutos"},"schema":{"@context":"https:\/\/schema.org","@graph":[{"@type":"Article","@id":"https:\/\/www.gridmag.com.mx\/index.php\/2023\/03\/22\/loreta-castro-reguera-arquitecta-del-agua\/#article","isPartOf":{"@id":"https:\/\/www.gridmag.com.mx\/index.php\/2023\/03\/22\/loreta-castro-reguera-arquitecta-del-agua\/"},"author":{"name":"Autor Invitado","@id":"https:\/\/www.gridmag.com.mx\/#\/schema\/person\/bfe28cdbe6ebe447796b7d7428227768"},"headline":"Loreta Castro Reguera | Arquitecta del agua","datePublished":"2023-03-22T16:34:21+00:00","dateModified":"2024-01-08T23:23:58+00:00","mainEntityOfPage":{"@id":"https:\/\/www.gridmag.com.mx\/index.php\/2023\/03\/22\/loreta-castro-reguera-arquitecta-del-agua\/"},"wordCount":934,"commentCount":0,"publisher":{"@id":"https:\/\/www.gridmag.com.mx\/#organization"},"image":{"@id":"https:\/\/www.gridmag.com.mx\/index.php\/2023\/03\/22\/loreta-castro-reguera-arquitecta-del-agua\/#primaryimage"},"thumbnailUrl":"https:\/\/www.gridmag.com.mx\/wp-content\/uploads\/2023\/03\/Agora-del-Agua.jpg","articleSection":["Arquitectura","Creativos"],"inLanguage":"es","potentialAction":[{"@type":"CommentAction","name":"Comment","target":["https:\/\/www.gridmag.com.mx\/index.php\/2023\/03\/22\/loreta-castro-reguera-arquitecta-del-agua\/#respond"]}]},{"@type":"WebPage","@id":"https:\/\/www.gridmag.com.mx\/index.php\/2023\/03\/22\/loreta-castro-reguera-arquitecta-del-agua\/","url":"https:\/\/www.gridmag.com.mx\/index.php\/2023\/03\/22\/loreta-castro-reguera-arquitecta-del-agua\/","name":"Loreta Castro Reguera | Arquitecta del Agua","isPartOf":{"@id":"https:\/\/www.gridmag.com.mx\/#website"},"primaryImageOfPage":{"@id":"https:\/\/www.gridmag.com.mx\/index.php\/2023\/03\/22\/loreta-castro-reguera-arquitecta-del-agua\/#primaryimage"},"image":{"@id":"https:\/\/www.gridmag.com.mx\/index.php\/2023\/03\/22\/loreta-castro-reguera-arquitecta-del-agua\/#primaryimage"},"thumbnailUrl":"https:\/\/www.gridmag.com.mx\/wp-content\/uploads\/2023\/03\/Agora-del-Agua.jpg","datePublished":"2023-03-22T16:34:21+00:00","dateModified":"2024-01-08T23:23:58+00:00","description":"Explora el legado arquitect\u00f3nico de Loreta Castro, una visionaria mexicana que desaf\u00eda la visi\u00f3n del agua en nuestras ciudades.","breadcrumb":{"@id":"https:\/\/www.gridmag.com.mx\/index.php\/2023\/03\/22\/loreta-castro-reguera-arquitecta-del-agua\/#breadcrumb"},"inLanguage":"es","potentialAction":[{"@type":"ReadAction","target":["https:\/\/www.gridmag.com.mx\/index.php\/2023\/03\/22\/loreta-castro-reguera-arquitecta-del-agua\/"]}]},{"@type":"ImageObject","inLanguage":"es","@id":"https:\/\/www.gridmag.com.mx\/index.php\/2023\/03\/22\/loreta-castro-reguera-arquitecta-del-agua\/#primaryimage","url":"https:\/\/www.gridmag.com.mx\/wp-content\/uploads\/2023\/03\/Agora-del-Agua.jpg","contentUrl":"https:\/\/www.gridmag.com.mx\/wp-content\/uploads\/2023\/03\/Agora-del-Agua.jpg","width":2560,"height":1626,"caption":"Agora del agua"},{"@type":"BreadcrumbList","@id":"https:\/\/www.gridmag.com.mx\/index.php\/2023\/03\/22\/loreta-castro-reguera-arquitecta-del-agua\/#breadcrumb","itemListElement":[{"@type":"ListItem","position":1,"name":"Inicio","item":"https:\/\/www.gridmag.com.mx\/"},{"@type":"ListItem","position":2,"name":"Loreta Castro Reguera | Arquitecta del agua"}]},{"@type":"WebSite","@id":"https:\/\/www.gridmag.com.mx\/#website","url":"https:\/\/www.gridmag.com.mx\/","name":"Grid Magazine","description":"Compartiendo lo mejor de la arquitectura y dise\u00f1o mexicano.","publisher":{"@id":"https:\/\/www.gridmag.com.mx\/#organization"},"potentialAction":[{"@type":"SearchAction","target":{"@type":"EntryPoint","urlTemplate":"https:\/\/www.gridmag.com.mx\/?s={search_term_string}"},"query-input":{"@type":"PropertyValueSpecification","valueRequired":true,"valueName":"search_term_string"}}],"inLanguage":"es"},{"@type":"Organization","@id":"https:\/\/www.gridmag.com.mx\/#organization","name":"Grid Magazine","url":"https:\/\/www.gridmag.com.mx\/","logo":{"@type":"ImageObject","inLanguage":"es","@id":"https:\/\/www.gridmag.com.mx\/#\/schema\/logo\/image\/","url":"","contentUrl":"","caption":"Grid Magazine"},"image":{"@id":"https:\/\/www.gridmag.com.mx\/#\/schema\/logo\/image\/"},"sameAs":["https:\/\/www.facebook.com\/gridmagazine.mx","https:\/\/www.instagram.com\/gridmagazine_mx\/","https:\/\/www.tiktok.com\/@gridmagazine.mx?_t=8gl2kVR2Aq6&_r=1","https:\/\/www.linkedin.com\/company\/grid-magazine-mx\/"]},{"@type":"Person","@id":"https:\/\/www.gridmag.com.mx\/#\/schema\/person\/bfe28cdbe6ebe447796b7d7428227768","name":"Autor Invitado","image":{"@type":"ImageObject","inLanguage":"es","@id":"https:\/\/www.gridmag.com.mx\/#\/schema\/person\/image\/","url":"https:\/\/secure.gravatar.com\/avatar\/1951b157afe68d49ac5cd93d23d29a9502733912b3259d0cba8485421e416450?s=96&d=mm&r=g","contentUrl":"https:\/\/secure.gravatar.com\/avatar\/1951b157afe68d49ac5cd93d23d29a9502733912b3259d0cba8485421e416450?s=96&d=mm&r=g","caption":"Autor Invitado"},"url":"https:\/\/www.gridmag.com.mx\/index.php\/author\/autor-invitado\/"}]}},"_links":{"self":[{"href":"https:\/\/www.gridmag.com.mx\/index.php\/wp-json\/wp\/v2\/posts\/3106","targetHints":{"allow":["GET"]}}],"collection":[{"href":"https:\/\/www.gridmag.com.mx\/index.php\/wp-json\/wp\/v2\/posts"}],"about":[{"href":"https:\/\/www.gridmag.com.mx\/index.php\/wp-json\/wp\/v2\/types\/post"}],"author":[{"embeddable":true,"href":"https:\/\/www.gridmag.com.mx\/index.php\/wp-json\/wp\/v2\/users\/12"}],"replies":[{"embeddable":true,"href":"https:\/\/www.gridmag.com.mx\/index.php\/wp-json\/wp\/v2\/comments?post=3106"}],"version-history":[{"count":5,"href":"https:\/\/www.gridmag.com.mx\/index.php\/wp-json\/wp\/v2\/posts\/3106\/revisions"}],"predecessor-version":[{"id":5958,"href":"https:\/\/www.gridmag.com.mx\/index.php\/wp-json\/wp\/v2\/posts\/3106\/revisions\/5958"}],"wp:featuredmedia":[{"embeddable":true,"href":"https:\/\/www.gridmag.com.mx\/index.php\/wp-json\/wp\/v2\/media\/3112"}],"wp:attachment":[{"href":"https:\/\/www.gridmag.com.mx\/index.php\/wp-json\/wp\/v2\/media?parent=3106"}],"wp:term":[{"taxonomy":"category","embeddable":true,"href":"https:\/\/www.gridmag.com.mx\/index.php\/wp-json\/wp\/v2\/categories?post=3106"},{"taxonomy":"post_tag","embeddable":true,"href":"https:\/\/www.gridmag.com.mx\/index.php\/wp-json\/wp\/v2\/tags?post=3106"}],"curies":[{"name":"wp","href":"https:\/\/api.w.org\/{rel}","templated":true}]}}