{"id":3166,"date":"2023-04-01T10:27:39","date_gmt":"2023-04-01T16:27:39","guid":{"rendered":"https:\/\/www.gridmag.com.mx\/?p=3166"},"modified":"2024-01-10T13:39:23","modified_gmt":"2024-01-10T19:39:23","slug":"el-hogar-que-discrimina","status":"publish","type":"post","link":"https:\/\/www.gridmag.com.mx\/index.php\/2023\/04\/01\/el-hogar-que-discrimina\/","title":{"rendered":"El hogar que discrimina | Trabajo dom\u00e9stico en M\u00e9xico"},"content":{"rendered":"\n<p><em><strong>POR&nbsp; MARIANA RANGEL MERCADO<\/strong><\/em><\/p>\n\n\n\n\n\n<p><strong>Adam Smith<\/strong>, el padre de la econom\u00eda moderna, concluy\u00f3 en su libro <strong><em>La riqueza de las naciones<\/em><\/strong> que el inter\u00e9s propio es \u201cla mano invisible\u201d que lo mueve todo, en cuanto a econom\u00eda se refiere. Sin embargo, <strong>Katrin Mar\u00e7al<\/strong>, autora de <a href=\"https:\/\/www.amazon.com.mx\/%C2%BFQui%C3%A9n-hac%C3%ADa-cena-Adam-Smith-ebook\/dp\/B01DQ120CU#:~:text=Sin%20embargo%2C%20Adam%20Smith%20cenaba,%2C%20cuidar%2C%20limpiar%20y%20cocinar.\"><strong><em>\u00bfQui\u00e9n le hac\u00eda la cena a Adam Smith?<\/em><\/strong><\/a> lo refuta planteando que existe una <strong>segunda econom\u00eda, invisibilizada<\/strong>, sin la cual lo que describe Smith no ser\u00eda posible.<\/p>\n\n\n\n<p>Para que unos salgamos a trabajar, alguien se qued\u00f3 en casa a realizar la limpieza, a cuidar a los ni\u00f1os,\u00a0 a lavar la ropa y a preparar la comida. Si vives en <a href=\"https:\/\/www.gridmag.com.mx\/index.php\/2023\/06\/14\/viajes-en-mexico-hospedaje-fuera-de-lo-comun\/\">M\u00e9xico<\/a> es muy probable que esta \u201cmano invisible\u201d sea una trabajadora del hogar quien, a pesar de desempe\u00f1ar un papel primordial en el desarrollo econ\u00f3mico, cumple un trabajo invisibilizado de forma sistem\u00e1tica.<\/p>\n\n\n\n<p>\u201cIgual que muchas compa\u00f1eras, yo estaba estudiando y trabajando para sacar mi carrera y no valoraba o no entend\u00eda la importancia del trabajo del hogar, lo que nos permit\u00eda el trabajo del hogar\u201d, explica <strong>Ana Sof\u00eda Pablo<\/strong>, ex trabajadora del hogar y coordinadora de proyectos en el <a href=\"https:\/\/caceh.org.mx\/\"><strong>Centro Nacional para la Capacitaci\u00f3n Profesional y Liderazgo de las Empleadas del Hogar <\/strong><\/a><strong>(CACEH)<\/strong>.<\/p>\n\n\n\n<h2 class=\"wp-block-heading\"><strong>La trabajadora del hogar: invisible pero fundamental<\/strong><\/h2>\n\n\n\n<p>Seg\u00fan los registros oficiales, en M\u00e9xico contamos con m\u00e1s de 2.4 millones de trabajadoras y trabajadores del hogar, el 91 % son <a href=\"https:\/\/www.gridmag.com.mx\/index.php\/2023\/03\/24\/luchadoras-exposicion-virtual\/\">mujeres<\/a> y un porcentaje importante son menores de edad. La mayor\u00eda, adem\u00e1s, trabaja sin derechos laborales b\u00e1sicos; es decir, no cuentan con contratos, seguro m\u00e9dico, vacaciones pagadas, ni derecho a aplicar a una vivienda.\u00a0<\/p>\n\n\n\n<p>Asimismo, trabajan m\u00e1s horas que las permitidas por ley, sin d\u00eda de descanso y, en muchos casos, se les paga menos que el salario m\u00ednimo. Exacerbando el problema, existe la modalidad \u201cde planta\u201d en la cual la trabajadora vive con la familia que la emplea, incrementado de forma significativa su explotaci\u00f3n.<\/p>\n\n\n\n<p>\u201cImag\u00ednate trabajar 12 horas al d\u00eda, que descanses tres y luego trabajar toda la noche cuidando a un adulto mayor. De repente, se pasan mucho en los abusos en esas casas\u2026 Las trabajadoras del hogar piensan que eso es normal, pero eso no es normal, eso es una forma de discriminaci\u00f3n\u201d, agrega <strong>Mar\u00eda Nancy Rojas<\/strong>, trabajadora del hogar en sus tiempos libres y coordinadora de capacitaci\u00f3n en CACEH.<\/p>\n\n\n\n<h2 class=\"wp-block-heading\"><strong>An\u00e1lisis espacial del hogar: el rol de la arquitectura<\/strong><\/h2>\n\n\n\n<p>Si vemos el plano de cualquier residencia de clase media y clase alta en <a href=\"https:\/\/www.gridmag.com.mx\/index.php\/2023\/09\/22\/todo-lo-que-necesitas-saber-sobre-la-proxima-edicion-de-mexico-design-fair-2024-2\/\">M\u00e9xico<\/a>, \u2013especialmente las casas y departamentos construidos a lo largo del siglo XX\u2013 encontraremos un espacio muy peculiar, en ocasiones rotulado con las iniciales C.C. o C.CR. y este cuarto parece carecer de sentido.<\/p>\n\n\n\n<figure class=\"wp-block-image size-large\"><img decoding=\"async\" width=\"1024\" height=\"811\" src=\"https:\/\/www.gridmag.com.mx\/wp-content\/uploads\/2023\/04\/IMG_20230330_101933_baja-1-1024x811.jpg\" alt=\"El Hogar que Discrimina | Trabajo Dom\u00e9stico en M\u00e9xico\" class=\"wp-image-3169\" srcset=\"https:\/\/www.gridmag.com.mx\/wp-content\/uploads\/2023\/04\/IMG_20230330_101933_baja-1-1024x811.jpg 1024w, https:\/\/www.gridmag.com.mx\/wp-content\/uploads\/2023\/04\/IMG_20230330_101933_baja-1-300x238.jpg 300w, https:\/\/www.gridmag.com.mx\/wp-content\/uploads\/2023\/04\/IMG_20230330_101933_baja-1-768x608.jpg 768w, https:\/\/www.gridmag.com.mx\/wp-content\/uploads\/2023\/04\/IMG_20230330_101933_baja-1-1536x1217.jpg 1536w, https:\/\/www.gridmag.com.mx\/wp-content\/uploads\/2023\/04\/IMG_20230330_101933_baja-1-770x610.jpg 770w, https:\/\/www.gridmag.com.mx\/wp-content\/uploads\/2023\/04\/IMG_20230330_101933_baja-1-1400x1109.jpg 1400w, https:\/\/www.gridmag.com.mx\/wp-content\/uploads\/2023\/04\/IMG_20230330_101933_baja-1-379x300.jpg 379w, https:\/\/www.gridmag.com.mx\/wp-content\/uploads\/2023\/04\/IMG_20230330_101933_baja-1-759x600.jpg 759w, https:\/\/www.gridmag.com.mx\/wp-content\/uploads\/2023\/04\/IMG_20230330_101933_baja-1-1138x900.jpg 1138w, https:\/\/www.gridmag.com.mx\/wp-content\/uploads\/2023\/04\/IMG_20230330_101933_baja-1.jpg 1843w\" sizes=\"(max-width: 1024px) 100vw, 1024px\" \/><\/figure>\n\n\n\n<div style=\"height:10px\" aria-hidden=\"true\" class=\"wp-block-spacer\"><\/div>\n\n\n\n<p>Patio de servicio de casa neocolonial construida en 1930\u00b4s en Ciudad de M\u00e9xico. Fotograf\u00eda tomada por Mariana Rangel.<\/p>\n\n\n\n<p>Construido fuera de la l\u00f3gica constructiva y espacial, oculto entre los resquicios de la residencia, descubriremos el \u201cCuarto de la criada\u201d o \u201cCuarto de servicio\u201d que por regla se ubica en los espacios indeseables: el s\u00f3tano h\u00famedo, el \u00e1tico oculto, el hueco inaccesible, entre los tinacos de la azotea y el tanque de gas. Las reglas m\u00ednimas del <strong>dise\u00f1o<\/strong> no aplicaban en este mundo de invisibilidad forzada.<\/p>\n\n\n\n<p>Este <a href=\"https:\/\/www.gridmag.com.mx\/index.php\/2024\/01\/03\/casa-moma-materialidad-y-espacio-que-cautivan\/\">espacio<\/a>, accesorio a la burgues\u00eda, representa la normalizaci\u00f3n de la segregaci\u00f3n, del cual la arquitectura es c\u00f3mplice. Lo m\u00e1s probable es que si visitas estas casas, jam\u00e1s te encuentres con estos espacios, ya que fueron deliberadamente colocados fuera de la vista de sus due\u00f1os y desconectados de los recorridos \u201cinternos\u201d. Por eso, para conocerlos es necesario buscarlos.<\/p>\n\n\n\n<figure class=\"wp-block-image size-full\"><img decoding=\"async\" width=\"900\" height=\"600\" src=\"https:\/\/www.gridmag.com.mx\/wp-content\/uploads\/2023\/04\/WhatsApp-Image-2023-03-27-at-13.29.53.jpeg\" alt=\"El Hogar que Discrimina | Trabajo Dom\u00e9stico en M\u00e9xico\" class=\"wp-image-3171\" srcset=\"https:\/\/www.gridmag.com.mx\/wp-content\/uploads\/2023\/04\/WhatsApp-Image-2023-03-27-at-13.29.53.jpeg 900w, https:\/\/www.gridmag.com.mx\/wp-content\/uploads\/2023\/04\/WhatsApp-Image-2023-03-27-at-13.29.53-300x200.jpeg 300w, https:\/\/www.gridmag.com.mx\/wp-content\/uploads\/2023\/04\/WhatsApp-Image-2023-03-27-at-13.29.53-768x512.jpeg 768w, https:\/\/www.gridmag.com.mx\/wp-content\/uploads\/2023\/04\/WhatsApp-Image-2023-03-27-at-13.29.53-360x240.jpeg 360w, https:\/\/www.gridmag.com.mx\/wp-content\/uploads\/2023\/04\/WhatsApp-Image-2023-03-27-at-13.29.53-720x480.jpeg 720w, https:\/\/www.gridmag.com.mx\/wp-content\/uploads\/2023\/04\/WhatsApp-Image-2023-03-27-at-13.29.53-770x513.jpeg 770w\" sizes=\"(max-width: 900px) 100vw, 900px\" \/><\/figure>\n\n\n\n<div style=\"height:10px\" aria-hidden=\"true\" class=\"wp-block-spacer\"><\/div>\n\n\n\n<p>Fotograf\u00eda de los carteles que se repartieron como parte de la exposici\u00f3n \u201cHabitaciones de servicio\u201d en su instalaci\u00f3n del 2012 en Lima, Per\u00fa.<\/p>\n\n\n\n<h2 class=\"wp-block-heading\"><strong>Trabajos y b\u00fasqueda de an\u00e1lisis<\/strong><\/h2>\n\n\n\n<h3 class=\"wp-block-heading\"><strong>Arquitectura de servicio<\/strong><\/h3>\n\n\n\n<p>La artista <strong>Daniela Ortiz<\/strong> (Lima, 1985) ha presentado en dos ocasiones (2012 y 2015) la instalaci\u00f3n <a href=\"https:\/\/www.daniela-ortiz.com\/habitaciones-de-servicio\"><strong><em>Habitaciones de servicio<\/em><\/strong><\/a>, un an\u00e1lisis de casas ubicadas en Per\u00fa y M\u00e9xico. El estudio se enfoca en la \u201c<strong>arquitectura de servicio<\/strong>\u201d, comparando las dimensiones que se le otorgan de \u201cespacio vital\u201d a las trabajadoras del hogar contra las dimensiones de las otras habitaciones de la casa y su ubicaci\u00f3n dentro de esta.<\/p>\n\n\n\n<figure class=\"wp-block-image size-full\"><img decoding=\"async\" width=\"600\" height=\"450\" src=\"https:\/\/www.gridmag.com.mx\/wp-content\/uploads\/2023\/04\/work_habitaciones_servicio_gonzalez_montaje_4840.jpg\" alt=\"\" class=\"wp-image-3173\" srcset=\"https:\/\/www.gridmag.com.mx\/wp-content\/uploads\/2023\/04\/work_habitaciones_servicio_gonzalez_montaje_4840.jpg 600w, https:\/\/www.gridmag.com.mx\/wp-content\/uploads\/2023\/04\/work_habitaciones_servicio_gonzalez_montaje_4840-300x225.jpg 300w\" sizes=\"(max-width: 600px) 100vw, 600px\" \/><\/figure>\n\n\n\n<p>Vista de la instalaci\u00f3n \u201cHabitaciones de servicio\u201d 2012. Por la artista Daniela Ortiz.<\/p>\n\n\n\n<p>La exposici\u00f3n del 2015 fue curada por <strong>Mauricio Patr\u00f3n Rivera, subdirector de CACEH<\/strong>;&nbsp; como parte de la din\u00e1mica, las trabajadoras del hogar fueron invitadas a realizar parte del an\u00e1lisis del espacio que les ofrecen estas viviendas:<\/p>\n\n\n\n<p>\u201cEran planos de casas de la CDMX, Monterrey y Guadalajara, estaban hechas por <strong>arquitectos<\/strong> famosos. Analizamos c\u00f3mo estaban destinados los espacios para los empleadores y sus familias, pero sobre todo, c\u00f3mo estaban destinados los espacios para nosotras, las trabajadoras del hogar\u2026 Desde la ubicaci\u00f3n de estos espacios, pues hay una segregaci\u00f3n importante que se ve\u00eda en estos planos&#8230; <\/p>\n\n\n\n<p>Hay veces que los cuartos est\u00e1n cerca de los <em>boilers<\/em> y las tuber\u00edas de gas, son lugares riesgosos. No s\u00f3lo analiz\u00e1bamos en d\u00f3nde se ubicaban si no tambi\u00e9n las dimensiones, eso no puede ser un cuarto. Tambi\u00e9n pusimos atenci\u00f3n a los acabados, c\u00f3mo los arquitectos dise\u00f1an casas muy bonitas, desde las losetas, el azulejo, los pisos, <a href=\"https:\/\/www.gridmag.com.mx\/index.php\/2023\/12\/27\/marilo-carral\/\">los colores<\/a>, los muebles\u2026 pero para el de las trabajadoras del hogar no, ni siquiera, si acaso tiene un aplanado, pero no tiene color, no tiene acabados bonitos, es algo gris. Desde ah\u00ed nosotras no estamos consideradas como personas que podemos trabajar en las casas y debemos tener un espacio digno\u201d, comenta <strong>Ana Sof\u00eda Pablo L\u00f3pez<\/strong>.<\/p>\n\n\n\n<h3 class=\"wp-block-heading\">Domestic Orbits<\/h3>\n\n\n\n<p>Por otro lado, la arquitecta mexicana <strong>Frida Escobedo<\/strong> public\u00f3 en 2019 <a href=\"https:\/\/gato-negro-ediciones.myshopify.com\/products\/reunion-frontera-norte-dani-zelko\"><strong><em>Domestic Orbits<\/em><\/strong><\/a>, un <strong>ensayo <\/strong>especulativo de cartograf\u00eda cr\u00edtica, que analiza las trayectorias de las trabajadoras del hogar y c\u00f3mo se articula el espacio de acuerdo con configuraciones espec\u00edficas de <strong>g\u00e9nero, clase y raza<\/strong>, y cuestiona \u201cla dualidad entre lo visible y lo invisible, los que cuentan y los que no.\u201d<\/p>\n\n\n\n<figure class=\"wp-block-image size-large\"><img decoding=\"async\" width=\"1024\" height=\"827\" src=\"https:\/\/www.gridmag.com.mx\/wp-content\/uploads\/2023\/04\/domestic-orbits-foto_baja-1024x827.png\" alt=\"El Hogar que Discrimina | Trabajo Dom\u00e9stico en M\u00e9xico\" class=\"wp-image-3174\" srcset=\"https:\/\/www.gridmag.com.mx\/wp-content\/uploads\/2023\/04\/domestic-orbits-foto_baja-1024x827.png 1024w, https:\/\/www.gridmag.com.mx\/wp-content\/uploads\/2023\/04\/domestic-orbits-foto_baja-300x242.png 300w, https:\/\/www.gridmag.com.mx\/wp-content\/uploads\/2023\/04\/domestic-orbits-foto_baja-768x620.png 768w, https:\/\/www.gridmag.com.mx\/wp-content\/uploads\/2023\/04\/domestic-orbits-foto_baja-770x622.png 770w, https:\/\/www.gridmag.com.mx\/wp-content\/uploads\/2023\/04\/domestic-orbits-foto_baja.png 1134w\" sizes=\"(max-width: 1024px) 100vw, 1024px\" \/><\/figure>\n\n\n\n<p>Fotograf\u00eda de la publicaci\u00f3n \u201dDomestic Orbits\u201d p\u00e1gina 6-7<\/p>\n\n\n\n<p><em>\u201cSi algo se describe en un plano arquitect\u00f3nico, es la naturaleza de las relaciones humanas\u201d. Robin Evans, <\/em>Figures, Doors and Passages,<em> 1978.<\/em><strong>&nbsp;<\/strong><\/p>\n\n\n\n<h2 class=\"wp-block-heading\"><strong>Por los derechos de las trabajadoras del hogar<\/strong><\/h2>\n\n\n\n<p>En el 2000 naci\u00f3 el <a href=\"https:\/\/caceh.org.mx\/\"><strong>CACEH<\/strong><\/a>, para reforzar una lucha que lleva a\u00f1os. La comunidad est\u00e1 integrada por y para empleadas y se enfocan en el aprendizaje sobre ser mujer, trabajadora y empleada del hogar. Capacitan y luchan por los derechos de las y los trabajadores del hogar.<\/p>\n\n\n\n<p>Ana Sof\u00eda Pablo y Mar\u00eda Nancy Rojas comparten las batallas ganadas, al menos en t\u00e9rminos de ley, y lo que siguen buscando. En 2018, por ejemplo, lograron que la Suprema Corte de Justicia de la Naci\u00f3n reconociera el derecho que tienen las trabajadoras del hogar a afiliarse a la seguridad social, marcando un hito en el avance a la lucha por la no discriminaci\u00f3n. Como parte de su agenda, CACEH est\u00e1 luchando por que se le otorgue el derecho a las trabajadoras del hogar a una vivienda propia.<\/p>\n\n\n\n<p>\u201cLo primero que se hizo fue la <strong>reforma a la Ley Federal del Trabajo, el 2 de julio del 2019<\/strong>. Una de las cosas que metimos es que las trabajadoras del hogar que est\u00e9n de planta tengan una habitaci\u00f3n decorosa, de higiene, y que nos permitieran tener todas las condiciones dignas. Una cosa es tener esta condici\u00f3n en el hogar de los hogares, y otra que tambi\u00e9n se menciona es que las trabajadoras del hogar tengan el derecho a contar con una vivienda propia\u201d, a\u00f1ade Ana Sof\u00eda Pablo.<\/p>\n\n\n\n<h3 class=\"wp-block-heading\"><strong>Voces y perspectivas: orgullo y superaci\u00f3n<\/strong><\/h3>\n\n\n\n<p>Tanto Ana Sof\u00eda como Mar\u00eda Nancy nos invitan a explorar los recursos disponibles para apoyar la b\u00fasqueda de la igualdad y, \u00bfpor qu\u00e9 no? A cuestionar los propios, aquellos que habitamos y disfrutamos gracias a las y los trabajadores del hogar.<\/p>\n\n\n\n<p>\u201cAhora ya existen varias herramientas para poder garantizar los derechos de las trabajadoras del hogar. Ya no pueden decir que no hay informaci\u00f3n sobre esto, en <strong>CACEH <\/strong>tenemos una gu\u00eda de registro de seguridad social, un tabulador de salarios al momento de contratar a la trabajadora del hogar, y la aplicaci\u00f3n <strong><em>Dignas<\/em><\/strong><em>,<\/em> que es una herramienta digital que permite, tanto a empleadores como personas trabajadoras del hogar, calcular prestaciones como aguinaldo, vacaciones, finiquito o liquidaci\u00f3n\u201d, puntualiza Ana Sof\u00eda.<\/p>\n\n\n\n<p>En CACEH tambi\u00e9n cuentan con cursos de profesionalizaci\u00f3n en el <a href=\"https:\/\/www.gridmag.com.mx\/index.php\/2022\/06\/25\/sobre-el-hogar-la-casa-y-la-vivienda-en-la-arquitectura\/\">hogar<\/a> (lo cual les permitir\u00e1 cobrar un mejor salario), as\u00ed como certificados en el cuidado de adultos mayores, ni\u00f1os, mascotas y cuidado personal.\u00a0<\/p>\n\n\n\n<p>\u201cMe gusta lo que hago, no me da pena decir que soy trabajadora del hogar, al contrario, gracias a ser trabajadora del hogar tengo mi casa en Colombia, mi mam\u00e1 ya no trabaja y pude terminar de estudiar\u2026 El trabajo del hogar me ha dado la oportunidad de hacer lo que yo he querido, de superarme y no me da pena,\u201d dice orgullosa Mar\u00eda Nancy Rojas.<\/p>\n\n\n\n<hr class=\"wp-block-separator has-alpha-channel-opacity\"\/>\n\n\n\n<p><strong>M\u00c1S INFORMACI\u00d3N<\/strong><\/p>\n\n\n\n<p>&nbsp;@cacehmx (FB y Twitter)<\/p>\n\n\n\n<p><em>Mariana Rangel Mercado (CDMX, 1995) es arquitecta egresada de la Universidad Iberoamericana. Entiende la arquitectura como un motor de cambio que afecta tanto nuestro humor y nuestra salud, como las din\u00e1micas sociales y la relaci\u00f3n humana con el medio ambiente. Actualmente trabaja de forma independiente y continua sus estudios en la comprensi\u00f3n de las afecciones f\u00edsicas y psicol\u00f3gicas del espacio que nos rodea.<\/em><\/p>\n","protected":false},"excerpt":{"rendered":"<p>POR&nbsp; MARIANA RANGEL MERCADO Adam Smith, el padre de la econom\u00eda moderna, concluy\u00f3 en su libro La riqueza de las naciones que el inter\u00e9s propio es \u201cla mano invisible\u201d que lo mueve todo, en cuanto a econom\u00eda se refiere. Sin embargo, Katrin Mar\u00e7al, autora de \u00bfQui\u00e9n le hac\u00eda la cena a Adam Smith? lo refuta planteando que existe una segunda econom\u00eda, invisibilizada, sin la cual lo que describe Smith no ser\u00eda posible. Para que unos salgamos a trabajar, alguien se [&hellip;]<\/p>\n","protected":false},"author":12,"featured_media":3167,"comment_status":"open","ping_status":"open","sticky":false,"template":"","format":"standard","meta":{"footnotes":""},"categories":[49],"tags":[],"class_list":["post-3166","post","type-post","status-publish","format-standard","has-post-thumbnail","hentry","category-arquitectura"],"yoast_head":"<!-- This site is optimized with the Yoast SEO plugin v27.0 - https:\/\/yoast.com\/product\/yoast-seo-wordpress\/ -->\n<title>El Hogar que Discrimina | Trabajo Dom\u00e9stico en M\u00e9xico<\/title>\n<meta name=\"description\" content=\"Explora el impactante relato de las trabajadoras del hogar, invisibilizadas en la sociedad, a pesar de sostener la base de nuestra vida diaria\" \/>\n<meta name=\"robots\" content=\"index, follow, max-snippet:-1, max-image-preview:large, max-video-preview:-1\" \/>\n<link rel=\"canonical\" href=\"https:\/\/www.gridmag.com.mx\/index.php\/2023\/04\/01\/el-hogar-que-discrimina\/\" \/>\n<meta property=\"og:locale\" content=\"es_MX\" \/>\n<meta property=\"og:type\" content=\"article\" \/>\n<meta property=\"og:title\" content=\"El Hogar que Discrimina | Trabajo Dom\u00e9stico en M\u00e9xico\" \/>\n<meta property=\"og:description\" content=\"Explora el impactante relato de las trabajadoras del hogar, invisibilizadas en la sociedad, a pesar de sostener la base de nuestra vida diaria\" \/>\n<meta property=\"og:url\" content=\"https:\/\/www.gridmag.com.mx\/index.php\/2023\/04\/01\/el-hogar-que-discrimina\/\" \/>\n<meta property=\"og:site_name\" content=\"Grid Magazine\" \/>\n<meta property=\"article:publisher\" content=\"https:\/\/www.facebook.com\/gridmagazine.mx\" \/>\n<meta property=\"article:published_time\" content=\"2023-04-01T16:27:39+00:00\" \/>\n<meta property=\"article:modified_time\" content=\"2024-01-10T19:39:23+00:00\" \/>\n<meta property=\"og:image\" content=\"https:\/\/www.gridmag.com.mx\/wp-content\/uploads\/2023\/04\/IMG_20230330_102054_baja.jpg\" \/>\n\t<meta property=\"og:image:width\" content=\"1672\" \/>\n\t<meta property=\"og:image:height\" content=\"1067\" \/>\n\t<meta property=\"og:image:type\" content=\"image\/jpeg\" \/>\n<meta name=\"author\" content=\"Autor Invitado\" \/>\n<meta name=\"twitter:card\" content=\"summary_large_image\" \/>\n<meta name=\"twitter:label1\" content=\"Escrito por\" \/>\n\t<meta name=\"twitter:data1\" content=\"Autor Invitado\" \/>\n\t<meta name=\"twitter:label2\" content=\"Tiempo de lectura\" \/>\n\t<meta name=\"twitter:data2\" content=\"8 minutos\" \/>\n<script type=\"application\/ld+json\" class=\"yoast-schema-graph\">{\"@context\":\"https:\/\/schema.org\",\"@graph\":[{\"@type\":\"Article\",\"@id\":\"https:\/\/www.gridmag.com.mx\/index.php\/2023\/04\/01\/el-hogar-que-discrimina\/#article\",\"isPartOf\":{\"@id\":\"https:\/\/www.gridmag.com.mx\/index.php\/2023\/04\/01\/el-hogar-que-discrimina\/\"},\"author\":{\"name\":\"Autor Invitado\",\"@id\":\"https:\/\/www.gridmag.com.mx\/#\/schema\/person\/bfe28cdbe6ebe447796b7d7428227768\"},\"headline\":\"El hogar que discrimina | Trabajo dom\u00e9stico en M\u00e9xico\",\"datePublished\":\"2023-04-01T16:27:39+00:00\",\"dateModified\":\"2024-01-10T19:39:23+00:00\",\"mainEntityOfPage\":{\"@id\":\"https:\/\/www.gridmag.com.mx\/index.php\/2023\/04\/01\/el-hogar-que-discrimina\/\"},\"wordCount\":1636,\"commentCount\":0,\"publisher\":{\"@id\":\"https:\/\/www.gridmag.com.mx\/#organization\"},\"image\":{\"@id\":\"https:\/\/www.gridmag.com.mx\/index.php\/2023\/04\/01\/el-hogar-que-discrimina\/#primaryimage\"},\"thumbnailUrl\":\"https:\/\/www.gridmag.com.mx\/wp-content\/uploads\/2023\/04\/IMG_20230330_102054_baja.jpg\",\"articleSection\":[\"Arquitectura\"],\"inLanguage\":\"es\",\"potentialAction\":[{\"@type\":\"CommentAction\",\"name\":\"Comment\",\"target\":[\"https:\/\/www.gridmag.com.mx\/index.php\/2023\/04\/01\/el-hogar-que-discrimina\/#respond\"]}]},{\"@type\":\"WebPage\",\"@id\":\"https:\/\/www.gridmag.com.mx\/index.php\/2023\/04\/01\/el-hogar-que-discrimina\/\",\"url\":\"https:\/\/www.gridmag.com.mx\/index.php\/2023\/04\/01\/el-hogar-que-discrimina\/\",\"name\":\"El Hogar que Discrimina | Trabajo Dom\u00e9stico en M\u00e9xico\",\"isPartOf\":{\"@id\":\"https:\/\/www.gridmag.com.mx\/#website\"},\"primaryImageOfPage\":{\"@id\":\"https:\/\/www.gridmag.com.mx\/index.php\/2023\/04\/01\/el-hogar-que-discrimina\/#primaryimage\"},\"image\":{\"@id\":\"https:\/\/www.gridmag.com.mx\/index.php\/2023\/04\/01\/el-hogar-que-discrimina\/#primaryimage\"},\"thumbnailUrl\":\"https:\/\/www.gridmag.com.mx\/wp-content\/uploads\/2023\/04\/IMG_20230330_102054_baja.jpg\",\"datePublished\":\"2023-04-01T16:27:39+00:00\",\"dateModified\":\"2024-01-10T19:39:23+00:00\",\"description\":\"Explora el impactante relato de las trabajadoras del hogar, invisibilizadas en la sociedad, a pesar de sostener la base de nuestra vida diaria\",\"breadcrumb\":{\"@id\":\"https:\/\/www.gridmag.com.mx\/index.php\/2023\/04\/01\/el-hogar-que-discrimina\/#breadcrumb\"},\"inLanguage\":\"es\",\"potentialAction\":[{\"@type\":\"ReadAction\",\"target\":[\"https:\/\/www.gridmag.com.mx\/index.php\/2023\/04\/01\/el-hogar-que-discrimina\/\"]}]},{\"@type\":\"ImageObject\",\"inLanguage\":\"es\",\"@id\":\"https:\/\/www.gridmag.com.mx\/index.php\/2023\/04\/01\/el-hogar-que-discrimina\/#primaryimage\",\"url\":\"https:\/\/www.gridmag.com.mx\/wp-content\/uploads\/2023\/04\/IMG_20230330_102054_baja.jpg\",\"contentUrl\":\"https:\/\/www.gridmag.com.mx\/wp-content\/uploads\/2023\/04\/IMG_20230330_102054_baja.jpg\",\"width\":1672,\"height\":1067},{\"@type\":\"BreadcrumbList\",\"@id\":\"https:\/\/www.gridmag.com.mx\/index.php\/2023\/04\/01\/el-hogar-que-discrimina\/#breadcrumb\",\"itemListElement\":[{\"@type\":\"ListItem\",\"position\":1,\"name\":\"Inicio\",\"item\":\"https:\/\/www.gridmag.com.mx\/\"},{\"@type\":\"ListItem\",\"position\":2,\"name\":\"El hogar que discrimina | Trabajo dom\u00e9stico en M\u00e9xico\"}]},{\"@type\":\"WebSite\",\"@id\":\"https:\/\/www.gridmag.com.mx\/#website\",\"url\":\"https:\/\/www.gridmag.com.mx\/\",\"name\":\"Grid Magazine\",\"description\":\"Compartiendo lo mejor de la arquitectura y dise\u00f1o mexicano.\",\"publisher\":{\"@id\":\"https:\/\/www.gridmag.com.mx\/#organization\"},\"potentialAction\":[{\"@type\":\"SearchAction\",\"target\":{\"@type\":\"EntryPoint\",\"urlTemplate\":\"https:\/\/www.gridmag.com.mx\/?s={search_term_string}\"},\"query-input\":{\"@type\":\"PropertyValueSpecification\",\"valueRequired\":true,\"valueName\":\"search_term_string\"}}],\"inLanguage\":\"es\"},{\"@type\":\"Organization\",\"@id\":\"https:\/\/www.gridmag.com.mx\/#organization\",\"name\":\"Grid Magazine\",\"url\":\"https:\/\/www.gridmag.com.mx\/\",\"logo\":{\"@type\":\"ImageObject\",\"inLanguage\":\"es\",\"@id\":\"https:\/\/www.gridmag.com.mx\/#\/schema\/logo\/image\/\",\"url\":\"\",\"contentUrl\":\"\",\"caption\":\"Grid Magazine\"},\"image\":{\"@id\":\"https:\/\/www.gridmag.com.mx\/#\/schema\/logo\/image\/\"},\"sameAs\":[\"https:\/\/www.facebook.com\/gridmagazine.mx\",\"https:\/\/www.instagram.com\/gridmagazine_mx\/\",\"https:\/\/www.tiktok.com\/@gridmagazine.mx?_t=8gl2kVR2Aq6&_r=1\",\"https:\/\/www.linkedin.com\/company\/grid-magazine-mx\/\"]},{\"@type\":\"Person\",\"@id\":\"https:\/\/www.gridmag.com.mx\/#\/schema\/person\/bfe28cdbe6ebe447796b7d7428227768\",\"name\":\"Autor Invitado\",\"image\":{\"@type\":\"ImageObject\",\"inLanguage\":\"es\",\"@id\":\"https:\/\/www.gridmag.com.mx\/#\/schema\/person\/image\/\",\"url\":\"https:\/\/secure.gravatar.com\/avatar\/1951b157afe68d49ac5cd93d23d29a9502733912b3259d0cba8485421e416450?s=96&d=mm&r=g\",\"contentUrl\":\"https:\/\/secure.gravatar.com\/avatar\/1951b157afe68d49ac5cd93d23d29a9502733912b3259d0cba8485421e416450?s=96&d=mm&r=g\",\"caption\":\"Autor Invitado\"},\"url\":\"https:\/\/www.gridmag.com.mx\/index.php\/author\/autor-invitado\/\"}]}<\/script>\n<!-- \/ Yoast SEO plugin. -->","yoast_head_json":{"title":"El Hogar que Discrimina | Trabajo Dom\u00e9stico en M\u00e9xico","description":"Explora el impactante relato de las trabajadoras del hogar, invisibilizadas en la sociedad, a pesar de sostener la base de nuestra vida diaria","robots":{"index":"index","follow":"follow","max-snippet":"max-snippet:-1","max-image-preview":"max-image-preview:large","max-video-preview":"max-video-preview:-1"},"canonical":"https:\/\/www.gridmag.com.mx\/index.php\/2023\/04\/01\/el-hogar-que-discrimina\/","og_locale":"es_MX","og_type":"article","og_title":"El Hogar que Discrimina | Trabajo Dom\u00e9stico en M\u00e9xico","og_description":"Explora el impactante relato de las trabajadoras del hogar, invisibilizadas en la sociedad, a pesar de sostener la base de nuestra vida diaria","og_url":"https:\/\/www.gridmag.com.mx\/index.php\/2023\/04\/01\/el-hogar-que-discrimina\/","og_site_name":"Grid Magazine","article_publisher":"https:\/\/www.facebook.com\/gridmagazine.mx","article_published_time":"2023-04-01T16:27:39+00:00","article_modified_time":"2024-01-10T19:39:23+00:00","og_image":[{"width":1672,"height":1067,"url":"https:\/\/www.gridmag.com.mx\/wp-content\/uploads\/2023\/04\/IMG_20230330_102054_baja.jpg","type":"image\/jpeg"}],"author":"Autor Invitado","twitter_card":"summary_large_image","twitter_misc":{"Escrito por":"Autor Invitado","Tiempo de lectura":"8 minutos"},"schema":{"@context":"https:\/\/schema.org","@graph":[{"@type":"Article","@id":"https:\/\/www.gridmag.com.mx\/index.php\/2023\/04\/01\/el-hogar-que-discrimina\/#article","isPartOf":{"@id":"https:\/\/www.gridmag.com.mx\/index.php\/2023\/04\/01\/el-hogar-que-discrimina\/"},"author":{"name":"Autor Invitado","@id":"https:\/\/www.gridmag.com.mx\/#\/schema\/person\/bfe28cdbe6ebe447796b7d7428227768"},"headline":"El hogar que discrimina | Trabajo dom\u00e9stico en M\u00e9xico","datePublished":"2023-04-01T16:27:39+00:00","dateModified":"2024-01-10T19:39:23+00:00","mainEntityOfPage":{"@id":"https:\/\/www.gridmag.com.mx\/index.php\/2023\/04\/01\/el-hogar-que-discrimina\/"},"wordCount":1636,"commentCount":0,"publisher":{"@id":"https:\/\/www.gridmag.com.mx\/#organization"},"image":{"@id":"https:\/\/www.gridmag.com.mx\/index.php\/2023\/04\/01\/el-hogar-que-discrimina\/#primaryimage"},"thumbnailUrl":"https:\/\/www.gridmag.com.mx\/wp-content\/uploads\/2023\/04\/IMG_20230330_102054_baja.jpg","articleSection":["Arquitectura"],"inLanguage":"es","potentialAction":[{"@type":"CommentAction","name":"Comment","target":["https:\/\/www.gridmag.com.mx\/index.php\/2023\/04\/01\/el-hogar-que-discrimina\/#respond"]}]},{"@type":"WebPage","@id":"https:\/\/www.gridmag.com.mx\/index.php\/2023\/04\/01\/el-hogar-que-discrimina\/","url":"https:\/\/www.gridmag.com.mx\/index.php\/2023\/04\/01\/el-hogar-que-discrimina\/","name":"El Hogar que Discrimina | Trabajo Dom\u00e9stico en M\u00e9xico","isPartOf":{"@id":"https:\/\/www.gridmag.com.mx\/#website"},"primaryImageOfPage":{"@id":"https:\/\/www.gridmag.com.mx\/index.php\/2023\/04\/01\/el-hogar-que-discrimina\/#primaryimage"},"image":{"@id":"https:\/\/www.gridmag.com.mx\/index.php\/2023\/04\/01\/el-hogar-que-discrimina\/#primaryimage"},"thumbnailUrl":"https:\/\/www.gridmag.com.mx\/wp-content\/uploads\/2023\/04\/IMG_20230330_102054_baja.jpg","datePublished":"2023-04-01T16:27:39+00:00","dateModified":"2024-01-10T19:39:23+00:00","description":"Explora el impactante relato de las trabajadoras del hogar, invisibilizadas en la sociedad, a pesar de sostener la base de nuestra vida diaria","breadcrumb":{"@id":"https:\/\/www.gridmag.com.mx\/index.php\/2023\/04\/01\/el-hogar-que-discrimina\/#breadcrumb"},"inLanguage":"es","potentialAction":[{"@type":"ReadAction","target":["https:\/\/www.gridmag.com.mx\/index.php\/2023\/04\/01\/el-hogar-que-discrimina\/"]}]},{"@type":"ImageObject","inLanguage":"es","@id":"https:\/\/www.gridmag.com.mx\/index.php\/2023\/04\/01\/el-hogar-que-discrimina\/#primaryimage","url":"https:\/\/www.gridmag.com.mx\/wp-content\/uploads\/2023\/04\/IMG_20230330_102054_baja.jpg","contentUrl":"https:\/\/www.gridmag.com.mx\/wp-content\/uploads\/2023\/04\/IMG_20230330_102054_baja.jpg","width":1672,"height":1067},{"@type":"BreadcrumbList","@id":"https:\/\/www.gridmag.com.mx\/index.php\/2023\/04\/01\/el-hogar-que-discrimina\/#breadcrumb","itemListElement":[{"@type":"ListItem","position":1,"name":"Inicio","item":"https:\/\/www.gridmag.com.mx\/"},{"@type":"ListItem","position":2,"name":"El hogar que discrimina | Trabajo dom\u00e9stico en M\u00e9xico"}]},{"@type":"WebSite","@id":"https:\/\/www.gridmag.com.mx\/#website","url":"https:\/\/www.gridmag.com.mx\/","name":"Grid Magazine","description":"Compartiendo lo mejor de la arquitectura y dise\u00f1o mexicano.","publisher":{"@id":"https:\/\/www.gridmag.com.mx\/#organization"},"potentialAction":[{"@type":"SearchAction","target":{"@type":"EntryPoint","urlTemplate":"https:\/\/www.gridmag.com.mx\/?s={search_term_string}"},"query-input":{"@type":"PropertyValueSpecification","valueRequired":true,"valueName":"search_term_string"}}],"inLanguage":"es"},{"@type":"Organization","@id":"https:\/\/www.gridmag.com.mx\/#organization","name":"Grid Magazine","url":"https:\/\/www.gridmag.com.mx\/","logo":{"@type":"ImageObject","inLanguage":"es","@id":"https:\/\/www.gridmag.com.mx\/#\/schema\/logo\/image\/","url":"","contentUrl":"","caption":"Grid Magazine"},"image":{"@id":"https:\/\/www.gridmag.com.mx\/#\/schema\/logo\/image\/"},"sameAs":["https:\/\/www.facebook.com\/gridmagazine.mx","https:\/\/www.instagram.com\/gridmagazine_mx\/","https:\/\/www.tiktok.com\/@gridmagazine.mx?_t=8gl2kVR2Aq6&_r=1","https:\/\/www.linkedin.com\/company\/grid-magazine-mx\/"]},{"@type":"Person","@id":"https:\/\/www.gridmag.com.mx\/#\/schema\/person\/bfe28cdbe6ebe447796b7d7428227768","name":"Autor Invitado","image":{"@type":"ImageObject","inLanguage":"es","@id":"https:\/\/www.gridmag.com.mx\/#\/schema\/person\/image\/","url":"https:\/\/secure.gravatar.com\/avatar\/1951b157afe68d49ac5cd93d23d29a9502733912b3259d0cba8485421e416450?s=96&d=mm&r=g","contentUrl":"https:\/\/secure.gravatar.com\/avatar\/1951b157afe68d49ac5cd93d23d29a9502733912b3259d0cba8485421e416450?s=96&d=mm&r=g","caption":"Autor Invitado"},"url":"https:\/\/www.gridmag.com.mx\/index.php\/author\/autor-invitado\/"}]}},"_links":{"self":[{"href":"https:\/\/www.gridmag.com.mx\/index.php\/wp-json\/wp\/v2\/posts\/3166","targetHints":{"allow":["GET"]}}],"collection":[{"href":"https:\/\/www.gridmag.com.mx\/index.php\/wp-json\/wp\/v2\/posts"}],"about":[{"href":"https:\/\/www.gridmag.com.mx\/index.php\/wp-json\/wp\/v2\/types\/post"}],"author":[{"embeddable":true,"href":"https:\/\/www.gridmag.com.mx\/index.php\/wp-json\/wp\/v2\/users\/12"}],"replies":[{"embeddable":true,"href":"https:\/\/www.gridmag.com.mx\/index.php\/wp-json\/wp\/v2\/comments?post=3166"}],"version-history":[{"count":7,"href":"https:\/\/www.gridmag.com.mx\/index.php\/wp-json\/wp\/v2\/posts\/3166\/revisions"}],"predecessor-version":[{"id":5981,"href":"https:\/\/www.gridmag.com.mx\/index.php\/wp-json\/wp\/v2\/posts\/3166\/revisions\/5981"}],"wp:featuredmedia":[{"embeddable":true,"href":"https:\/\/www.gridmag.com.mx\/index.php\/wp-json\/wp\/v2\/media\/3167"}],"wp:attachment":[{"href":"https:\/\/www.gridmag.com.mx\/index.php\/wp-json\/wp\/v2\/media?parent=3166"}],"wp:term":[{"taxonomy":"category","embeddable":true,"href":"https:\/\/www.gridmag.com.mx\/index.php\/wp-json\/wp\/v2\/categories?post=3166"},{"taxonomy":"post_tag","embeddable":true,"href":"https:\/\/www.gridmag.com.mx\/index.php\/wp-json\/wp\/v2\/tags?post=3166"}],"curies":[{"name":"wp","href":"https:\/\/api.w.org\/{rel}","templated":true}]}}