{"id":317,"date":"2022-03-01T02:56:16","date_gmt":"2022-03-01T08:56:16","guid":{"rendered":"https:\/\/www.gridmag.com.mx\/?p=317"},"modified":"2024-05-21T17:23:06","modified_gmt":"2024-05-21T23:23:06","slug":"que-es-el-diseno-biofilico-i-arquitectura-de-la-naturaleza","status":"publish","type":"post","link":"https:\/\/www.gridmag.com.mx\/index.php\/2022\/03\/01\/que-es-el-diseno-biofilico-i-arquitectura-de-la-naturaleza\/","title":{"rendered":"\u00bfQu\u00e9 es el dise\u00f1o biof\u00edlico? | Arquitectura de la naturaleza"},"content":{"rendered":"\n\n\n<p>Tras el confinamiento de la pandemia, se replantearon los h\u00e1bitos de vida y nos hemos encontrado en la constante b\u00fasqueda de salud y bienestar, es indudable que existe una gran necesidad del ser humano de reconectar con la <strong>naturaleza<\/strong> para su confort f\u00edsico y emocional. Es por lo que el <strong>dise\u00f1o biof\u00edlico<\/strong> tendr\u00e1 un fuerte impacto en la <strong>arquitectura<\/strong> y el <strong>interiorismo<\/strong>, convirti\u00e9ndose en uno de los <em><a data-type=\"post\" data-id=\"2406\" href=\"https:\/\/www.gridmag.com.mx\/index.php\/2023\/01\/05\/trends-2023-colores-artesanias-y-curvas\/\">trends<\/a><\/em> m\u00e1s aplicados del 2022.<\/p>\n\n\n\n<blockquote class=\"wp-block-quote is-style-large has-small-font-size is-layout-flow wp-block-quote-is-layout-flow\" style=\"font-style:normal;font-weight:700\">\n<p><em>\u201cLa aut\u00e9ntica esencia de la arquitectura consiste en la reminiscencia variada y en el desarrollo, de la vida org\u00e1nica natural. Este es el \u00fanico estilo verdadero en arquitectura\u201d.<\/em> <\/p>\n<cite>Alvar Aalto<\/cite><\/blockquote>\n\n\n\n<figure class=\"wp-block-image alignwide size-large\"><img decoding=\"async\" width=\"1024\" height=\"1024\" src=\"https:\/\/www.gridmag.com.mx\/wp-content\/uploads\/2022\/03\/3-2-1024x1024.jpg\" alt=\"Casa Jaguar dise\u00f1o biof\u00edlico en un restaurante Fotograf\u00eda de Arq. Paulina ojeda.\" class=\"wp-image-623\" srcset=\"https:\/\/www.gridmag.com.mx\/wp-content\/uploads\/2022\/03\/3-2-1024x1024.jpg 1024w, https:\/\/www.gridmag.com.mx\/wp-content\/uploads\/2022\/03\/3-2-300x300.jpg 300w, https:\/\/www.gridmag.com.mx\/wp-content\/uploads\/2022\/03\/3-2-150x150.jpg 150w, https:\/\/www.gridmag.com.mx\/wp-content\/uploads\/2022\/03\/3-2-768x768.jpg 768w, https:\/\/www.gridmag.com.mx\/wp-content\/uploads\/2022\/03\/3-2-120x120.jpg 120w, https:\/\/www.gridmag.com.mx\/wp-content\/uploads\/2022\/03\/3-2-240x240.jpg 240w, https:\/\/www.gridmag.com.mx\/wp-content\/uploads\/2022\/03\/3-2-360x360.jpg 360w, https:\/\/www.gridmag.com.mx\/wp-content\/uploads\/2022\/03\/3-2-540x540.jpg 540w, https:\/\/www.gridmag.com.mx\/wp-content\/uploads\/2022\/03\/3-2-720x720.jpg 720w, https:\/\/www.gridmag.com.mx\/wp-content\/uploads\/2022\/03\/3-2-770x770.jpg 770w, https:\/\/www.gridmag.com.mx\/wp-content\/uploads\/2022\/03\/3-2-125x125.jpg 125w, https:\/\/www.gridmag.com.mx\/wp-content\/uploads\/2022\/03\/3-2.jpg 1080w\" sizes=\"(max-width: 1024px) 100vw, 1024px\" \/><figcaption class=\"wp-element-caption\"><em>\u201cCasa Jaguar \/ Fotograf\u00eda: Arq. Paulina Ojeda\u201d<\/em><\/figcaption><\/figure>\n\n\n\n<h2 class=\"wp-block-heading\">\u00bfQu\u00e9 es el dise\u00f1o biof\u00edlico?<\/h2>\n\n\n\n<p>La <strong>biof\u00edlia<\/strong> es el \u201camor o apreciaci\u00f3n por el <strong>medio ambiente<\/strong>\u201d, siendo una importante fuente de inspiraci\u00f3n que busca promover el bienestar del ser humano a partir de la integraci\u00f3n de elementos de la naturaleza al <strong>dise\u00f1o<\/strong>.<\/p>\n\n\n\n<h4 class=\"wp-block-heading\">Objetivos del dise\u00f1o biof\u00edlico<\/h4>\n\n\n\n<p>Los seres humanos absorbemos informaci\u00f3n del entorno donde nos encontramos a trav\u00e9s de sensores en nuestro cuerpo, que nos ayudan a entender los lugares a los que vamos. El <strong>dise\u00f1o biof\u00edlico<\/strong> tiene como objetivo reducir el estr\u00e9s, mejorar el estado de \u00e1nimo, las emociones y el desempe\u00f1o cognitivo; ofrece un enfoque para crear edificios y <a data-type=\"post\" data-id=\"2900\" href=\"https:\/\/www.gridmag.com.mx\/index.php\/2023\/03\/02\/genero-en-el-espacio-publico-y-privado\/\">espacios<\/a> que respondan a nuestras necesidades humanas.<\/p>\n\n\n\n<figure class=\"wp-block-image alignwide size-large\"><img decoding=\"async\" width=\"1024\" height=\"536\" src=\"https:\/\/www.gridmag.com.mx\/wp-content\/uploads\/2022\/03\/Diseno-sin-titulo-6-1024x536.png\" alt=\"Villa Boox alberca con dise\u00f1o biof\u00edlico arboles y plantas\" class=\"wp-image-627\" srcset=\"https:\/\/www.gridmag.com.mx\/wp-content\/uploads\/2022\/03\/Diseno-sin-titulo-6-1024x536.png 1024w, https:\/\/www.gridmag.com.mx\/wp-content\/uploads\/2022\/03\/Diseno-sin-titulo-6-300x157.png 300w, https:\/\/www.gridmag.com.mx\/wp-content\/uploads\/2022\/03\/Diseno-sin-titulo-6-768x402.png 768w, https:\/\/www.gridmag.com.mx\/wp-content\/uploads\/2022\/03\/Diseno-sin-titulo-6-770x403.png 770w, https:\/\/www.gridmag.com.mx\/wp-content\/uploads\/2022\/03\/Diseno-sin-titulo-6.png 1200w\" sizes=\"(max-width: 1024px) 100vw, 1024px\" \/><figcaption class=\"wp-element-caption\"><em>Villa Boox \/ Proyecto: Arq. Rogelio Guzm\u00e1n \/ Fotograf\u00eda: Arq. Paulina Ojeda<\/em><\/figcaption><\/figure>\n\n\n\n<h4 class=\"wp-block-heading\">\u00bfC\u00f3mo la biof\u00edlia mejora nuestro nivel de vida?<\/h4>\n\n\n\n<p>En el entorno laboral y educativo es donde m\u00e1s se busca dise\u00f1ar a partir de la biof\u00edlia para aumentar la productividad y la <strong>creatividad <\/strong>y reducir el absentismo. Seg\u00fan un estudio realizado en 2010 por la Universidad de Columbia Brit\u00e1nica, se comprob\u00f3 los efectos que causa la madera y la vegetaci\u00f3n como reductores de estr\u00e9s en oficinas, midiendo las dos ramas del sistema nervioso aut\u00f3nomo responsables de las respuestas humanas al <strong>estr\u00e9s<\/strong>.<\/p>\n\n\n\n<blockquote class=\"wp-block-quote has-medium-font-size is-layout-flow wp-block-quote-is-layout-flow\">\n<p><em>\u201cAire fresco. Luz natural. Ruido m\u00ednimo. Una temperatura constante. Estos cuatro factores son los ingredientes secretos de los entornos de trabajo saludables y productivos. Y, a\u00fan as\u00ed, muchas personas pasan su semana laboral sentados en oficinas herm\u00e9ticas y mal ventiladas que, o bien resultan sombr\u00edas y l\u00fagubres, o est\u00e1n iluminadas como quir\u00f3fanos. Pasan fr\u00edo en invierno y sudan en verano, se distraen con las interrupciones del ruido incesante y nunca ven el sol ni el cielo durante el d\u00eda. Eso no es bueno, ni para la salud de las personas ni para la del planeta\u201d.<\/em> \u2013 Jane Henley, Directora de operaciones, Green Building en IFC.<\/p>\n<\/blockquote>\n\n\n\n<h2 class=\"wp-block-heading\">\u00bfC\u00f3mo integrar la naturaleza a un dise\u00f1o?<\/h2>\n\n\n\n<p>La mejor estrategia para lograr esta <a data-type=\"post\" data-id=\"2599\" href=\"https:\/\/www.gridmag.com.mx\/index.php\/2023\/01\/26\/tendencias-2023-los-nuevos-neutros\/\">tendencia<\/a> consiste en traer elementos de la naturaleza a espacios construidos, tales como: madera, vegetaci\u00f3n, <a data-type=\"post\" data-id=\"2011\" href=\"https:\/\/www.gridmag.com.mx\/index.php\/2022\/10\/02\/los-escenarios-del-agua\/\">agua<\/a>, piedra, flujo de aire, <a data-type=\"post\" data-id=\"1642\" href=\"https:\/\/www.gridmag.com.mx\/index.php\/2022\/08\/10\/iluminacion-de-jardines\/\">iluminaci\u00f3n natural<\/a>, etc.<br>La <strong>madera<\/strong> es uno de los componentes m\u00e1s \u00fanicos de la naturaleza, gracias a su versatilidad y su variedad de tipos, texturas y <a data-type=\"post\" data-id=\"1478\" href=\"https:\/\/www.gridmag.com.mx\/index.php\/2022\/07\/15\/colores-en-el-diseno\/\">colores<\/a>. Esta se puede utilizar en muros, pisos, plafones, incluso en mobiliario, para generar mayor calidez en el espacio. La paleta m\u00e1s acertada del dise\u00f1o biof\u00edlico es: madera + <strong>vegetaci\u00f3n<\/strong> + abundancia de <strong>luz natural<\/strong>.<\/p>\n\n\n\n<h3 class=\"wp-block-heading\">Caracter\u00edsticas principales<\/h3>\n\n\n\n<ol class=\"wp-block-list\">\n<li>Conexi\u00f3n visual con la naturaleza: vistas y contacto con elementos naturales.<\/li>\n\n\n\n<li>Conexi\u00f3n no visual con la naturaleza: sonidos, olores, texturas que crean una referencia de la naturaleza.<\/li>\n<\/ol>\n\n\n\n<h2 class=\"wp-block-heading\">\u00bfC\u00f3mo mejorar los espacios con la naturaleza?<\/h2>\n\n\n\n<p>La consultora de sustentabilidad, <a href=\"https:\/\/www.terrapinbrightgreen.com\/\">Terrapin Bright Green<\/a>, adopta un enfoque psicol\u00f3gico y neurocient\u00edfico sobre el <strong>dise\u00f1o biof\u00edlico<\/strong>, que centra todo lo que sucede en nuestros cerebros cuando nos relacionamos con la <strong>naturaleza<\/strong>; propone mejorar los espacios con:<\/p>\n\n\n\n<ol class=\"wp-block-list\" style=\"list-style-type:1\">\n<li>Naturaleza en el espacio: conexi\u00f3n directa con la naturaleza o sistemas naturales.<\/li>\n\n\n\n<li>Analog\u00edas naturales: referencias o representaciones acertadas de la naturaleza.<\/li>\n\n\n\n<li>Naturaleza del espacio: imitar caracter\u00edsticas espaciales de ambientes naturales.<\/li>\n<\/ol>\n\n\n\n<div class=\"wp-block-columns is-layout-flex wp-container-core-columns-is-layout-9d6595d7 wp-block-columns-is-layout-flex\">\n<div class=\"wp-block-column is-layout-flow wp-block-column-is-layout-flow\">\n<figure class=\"wp-block-image size-large\"><img decoding=\"async\" width=\"1024\" height=\"1024\" src=\"https:\/\/www.gridmag.com.mx\/wp-content\/uploads\/2022\/03\/1-2-1024x1024.jpg\" alt=\"Caba\u00f1a con dise\u00f1o biof\u00edlico y plantas proyecto Merz Haus por Arq. Otto Merz\" class=\"wp-image-621\" srcset=\"https:\/\/www.gridmag.com.mx\/wp-content\/uploads\/2022\/03\/1-2-1024x1024.jpg 1024w, https:\/\/www.gridmag.com.mx\/wp-content\/uploads\/2022\/03\/1-2-300x300.jpg 300w, https:\/\/www.gridmag.com.mx\/wp-content\/uploads\/2022\/03\/1-2-150x150.jpg 150w, https:\/\/www.gridmag.com.mx\/wp-content\/uploads\/2022\/03\/1-2-768x768.jpg 768w, https:\/\/www.gridmag.com.mx\/wp-content\/uploads\/2022\/03\/1-2-120x120.jpg 120w, https:\/\/www.gridmag.com.mx\/wp-content\/uploads\/2022\/03\/1-2-240x240.jpg 240w, https:\/\/www.gridmag.com.mx\/wp-content\/uploads\/2022\/03\/1-2-360x360.jpg 360w, https:\/\/www.gridmag.com.mx\/wp-content\/uploads\/2022\/03\/1-2-540x540.jpg 540w, https:\/\/www.gridmag.com.mx\/wp-content\/uploads\/2022\/03\/1-2-720x720.jpg 720w, https:\/\/www.gridmag.com.mx\/wp-content\/uploads\/2022\/03\/1-2-770x770.jpg 770w, https:\/\/www.gridmag.com.mx\/wp-content\/uploads\/2022\/03\/1-2-125x125.jpg 125w, https:\/\/www.gridmag.com.mx\/wp-content\/uploads\/2022\/03\/1-2.jpg 1080w\" sizes=\"(max-width: 1024px) 100vw, 1024px\" \/><figcaption class=\"wp-element-caption\">Merz Haus \/ Proyecto: Arq. Otto Merz \/ Fotograf\u00eda: Arq. Paulina Ojeda<\/figcaption><\/figure>\n<\/div>\n\n\n\n<div class=\"wp-block-column is-layout-flow wp-block-column-is-layout-flow\">\n<figure class=\"wp-block-image size-large\"><img decoding=\"async\" width=\"1024\" height=\"1024\" src=\"https:\/\/www.gridmag.com.mx\/wp-content\/uploads\/2022\/03\/2-2-1024x1024.jpg\" alt=\"Showroom Luis Rend\u00f3n dise\u00f1o de fachada gris con plantas.\" class=\"wp-image-622\" srcset=\"https:\/\/www.gridmag.com.mx\/wp-content\/uploads\/2022\/03\/2-2-1024x1024.jpg 1024w, https:\/\/www.gridmag.com.mx\/wp-content\/uploads\/2022\/03\/2-2-300x300.jpg 300w, https:\/\/www.gridmag.com.mx\/wp-content\/uploads\/2022\/03\/2-2-150x150.jpg 150w, https:\/\/www.gridmag.com.mx\/wp-content\/uploads\/2022\/03\/2-2-768x768.jpg 768w, https:\/\/www.gridmag.com.mx\/wp-content\/uploads\/2022\/03\/2-2-120x120.jpg 120w, https:\/\/www.gridmag.com.mx\/wp-content\/uploads\/2022\/03\/2-2-240x240.jpg 240w, https:\/\/www.gridmag.com.mx\/wp-content\/uploads\/2022\/03\/2-2-360x360.jpg 360w, https:\/\/www.gridmag.com.mx\/wp-content\/uploads\/2022\/03\/2-2-540x540.jpg 540w, https:\/\/www.gridmag.com.mx\/wp-content\/uploads\/2022\/03\/2-2-720x720.jpg 720w, https:\/\/www.gridmag.com.mx\/wp-content\/uploads\/2022\/03\/2-2-770x770.jpg 770w, https:\/\/www.gridmag.com.mx\/wp-content\/uploads\/2022\/03\/2-2-125x125.jpg 125w, https:\/\/www.gridmag.com.mx\/wp-content\/uploads\/2022\/03\/2-2.jpg 1080w\" sizes=\"(max-width: 1024px) 100vw, 1024px\" \/><figcaption class=\"wp-element-caption\">Showroom Luis Rend\u00f3n \/ Proyecto Arq. Luis Rend\u00f3n \/ Fotograf\u00eda: Arq. Paulina Ojeda<\/figcaption><\/figure>\n<\/div>\n<\/div>\n\n\n\n<div class=\"wp-block-columns is-layout-flex wp-container-core-columns-is-layout-9d6595d7 wp-block-columns-is-layout-flex\">\n<div class=\"wp-block-column is-layout-flow wp-block-column-is-layout-flow\">\n<figure class=\"wp-block-image size-large\"><img decoding=\"async\" width=\"1024\" height=\"1024\" src=\"https:\/\/www.gridmag.com.mx\/wp-content\/uploads\/2022\/03\/4-2-1024x1024.jpg\" alt=\"Villa Lag\u00fa dise\u00f1o biof\u00edlico con \u00e1rboles y plantas\" class=\"wp-image-624\" srcset=\"https:\/\/www.gridmag.com.mx\/wp-content\/uploads\/2022\/03\/4-2-1024x1024.jpg 1024w, https:\/\/www.gridmag.com.mx\/wp-content\/uploads\/2022\/03\/4-2-300x300.jpg 300w, https:\/\/www.gridmag.com.mx\/wp-content\/uploads\/2022\/03\/4-2-150x150.jpg 150w, https:\/\/www.gridmag.com.mx\/wp-content\/uploads\/2022\/03\/4-2-768x768.jpg 768w, https:\/\/www.gridmag.com.mx\/wp-content\/uploads\/2022\/03\/4-2-120x120.jpg 120w, https:\/\/www.gridmag.com.mx\/wp-content\/uploads\/2022\/03\/4-2-240x240.jpg 240w, https:\/\/www.gridmag.com.mx\/wp-content\/uploads\/2022\/03\/4-2-360x360.jpg 360w, https:\/\/www.gridmag.com.mx\/wp-content\/uploads\/2022\/03\/4-2-540x540.jpg 540w, https:\/\/www.gridmag.com.mx\/wp-content\/uploads\/2022\/03\/4-2-720x720.jpg 720w, https:\/\/www.gridmag.com.mx\/wp-content\/uploads\/2022\/03\/4-2-770x770.jpg 770w, https:\/\/www.gridmag.com.mx\/wp-content\/uploads\/2022\/03\/4-2-125x125.jpg 125w, https:\/\/www.gridmag.com.mx\/wp-content\/uploads\/2022\/03\/4-2.jpg 1080w\" sizes=\"(max-width: 1024px) 100vw, 1024px\" \/><figcaption class=\"wp-element-caption\">Villa Lag\u00fa \/ Proyecto Obed Clemente Arquitectos \/ Fotograf\u00eda: Arq. Paulina Ojeda<\/figcaption><\/figure>\n<\/div>\n\n\n\n<div class=\"wp-block-column is-layout-flow wp-block-column-is-layout-flow\">\n<figure class=\"wp-block-image size-large\"><img decoding=\"async\" width=\"1024\" height=\"1024\" src=\"https:\/\/www.gridmag.com.mx\/wp-content\/uploads\/2022\/03\/6-1024x1024.jpg\" alt=\"Villa Lag\u00fa dise\u00f1o biof\u00edlico con \u00e1rboles y plantas\" class=\"wp-image-626\" srcset=\"https:\/\/www.gridmag.com.mx\/wp-content\/uploads\/2022\/03\/6-1024x1024.jpg 1024w, https:\/\/www.gridmag.com.mx\/wp-content\/uploads\/2022\/03\/6-300x300.jpg 300w, https:\/\/www.gridmag.com.mx\/wp-content\/uploads\/2022\/03\/6-150x150.jpg 150w, https:\/\/www.gridmag.com.mx\/wp-content\/uploads\/2022\/03\/6-768x768.jpg 768w, https:\/\/www.gridmag.com.mx\/wp-content\/uploads\/2022\/03\/6-120x120.jpg 120w, https:\/\/www.gridmag.com.mx\/wp-content\/uploads\/2022\/03\/6-240x240.jpg 240w, https:\/\/www.gridmag.com.mx\/wp-content\/uploads\/2022\/03\/6-360x360.jpg 360w, https:\/\/www.gridmag.com.mx\/wp-content\/uploads\/2022\/03\/6-540x540.jpg 540w, https:\/\/www.gridmag.com.mx\/wp-content\/uploads\/2022\/03\/6-720x720.jpg 720w, https:\/\/www.gridmag.com.mx\/wp-content\/uploads\/2022\/03\/6-770x770.jpg 770w, https:\/\/www.gridmag.com.mx\/wp-content\/uploads\/2022\/03\/6-125x125.jpg 125w, https:\/\/www.gridmag.com.mx\/wp-content\/uploads\/2022\/03\/6.jpg 1080w\" sizes=\"(max-width: 1024px) 100vw, 1024px\" \/><figcaption class=\"wp-element-caption\">Villa Lag\u00fa \/ Proyecto Obed Clemente Arquitectos \/ Fotograf\u00eda: Arq. Paulina Ojeda<\/figcaption><\/figure>\n<\/div>\n<\/div>\n\n\n\n<hr class=\"wp-block-separator has-css-opacity\"\/>\n\n\n<p><script async src=\"https:\/\/pagead2.googlesyndication.com\/pagead\/js\/adsbygoogle.js?client=ca-pub-2965599487401779\"\n     crossorigin=\"anonymous\"><\/script><\/p>","protected":false},"excerpt":{"rendered":"<p>Tras el confinamiento de la pandemia, se replantearon los h\u00e1bitos de vida y nos hemos encontrado en la constante b\u00fasqueda de salud y bienestar, es indudable que existe una gran necesidad del ser humano de reconectar con la naturaleza para su confort f\u00edsico y emocional. Es por lo que el dise\u00f1o biof\u00edlico tendr\u00e1 un fuerte impacto en la arquitectura y el interiorismo, convirti\u00e9ndose en uno de los trends m\u00e1s aplicados del 2022. \u201cLa aut\u00e9ntica esencia de la arquitectura consiste en [&hellip;]<\/p>\n","protected":false},"author":8,"featured_media":626,"comment_status":"open","ping_status":"open","sticky":false,"template":"","format":"standard","meta":{"footnotes":""},"categories":[51],"tags":[],"class_list":["post-317","post","type-post","status-publish","format-standard","has-post-thumbnail","hentry","category-interiorismo"],"yoast_head":"<!-- This site is optimized with the Yoast SEO plugin v27.0 - https:\/\/yoast.com\/product\/yoast-seo-wordpress\/ -->\n<title>\u00bfQu\u00e9 es el Dise\u00f1o Biof\u00edlico? | Arquitectura de la Naturaleza | Grid Magazine<\/title>\n<meta name=\"description\" content=\"Descubre el poder del dise\u00f1o biof\u00edlico en la arquitectura. Explora c\u00f3mo transformar tus espacios a trav\u00e9s de la conexi\u00f3n con la naturaleza.\" \/>\n<meta name=\"robots\" content=\"index, follow, max-snippet:-1, max-image-preview:large, max-video-preview:-1\" \/>\n<link rel=\"canonical\" href=\"https:\/\/www.gridmag.com.mx\/index.php\/2022\/03\/01\/que-es-el-diseno-biofilico-i-arquitectura-de-la-naturaleza\/\" \/>\n<meta property=\"og:locale\" content=\"es_MX\" \/>\n<meta property=\"og:type\" content=\"article\" \/>\n<meta property=\"og:title\" content=\"\u00bfQu\u00e9 es el Dise\u00f1o Biof\u00edlico? | Arquitectura de la Naturaleza | Grid Magazine\" \/>\n<meta property=\"og:description\" content=\"Descubre el poder del dise\u00f1o biof\u00edlico en la arquitectura. Explora c\u00f3mo transformar tus espacios a trav\u00e9s de la conexi\u00f3n con la naturaleza.\" \/>\n<meta property=\"og:url\" content=\"https:\/\/www.gridmag.com.mx\/index.php\/2022\/03\/01\/que-es-el-diseno-biofilico-i-arquitectura-de-la-naturaleza\/\" \/>\n<meta property=\"og:site_name\" content=\"Grid Magazine\" \/>\n<meta property=\"article:publisher\" content=\"https:\/\/www.facebook.com\/gridmagazine.mx\" \/>\n<meta property=\"article:published_time\" content=\"2022-03-01T08:56:16+00:00\" \/>\n<meta property=\"article:modified_time\" content=\"2024-05-21T23:23:06+00:00\" \/>\n<meta property=\"og:image\" content=\"https:\/\/www.gridmag.com.mx\/wp-content\/uploads\/2022\/03\/6.jpg\" \/>\n\t<meta property=\"og:image:width\" content=\"1080\" \/>\n\t<meta property=\"og:image:height\" content=\"1080\" \/>\n\t<meta property=\"og:image:type\" content=\"image\/jpeg\" \/>\n<meta name=\"author\" content=\"Macarena Femat\" \/>\n<meta name=\"twitter:card\" content=\"summary_large_image\" \/>\n<meta name=\"twitter:label1\" content=\"Escrito por\" \/>\n\t<meta name=\"twitter:data1\" content=\"Macarena Femat\" \/>\n\t<meta name=\"twitter:label2\" content=\"Tiempo de lectura\" \/>\n\t<meta name=\"twitter:data2\" content=\"4 minutos\" \/>\n<script type=\"application\/ld+json\" class=\"yoast-schema-graph\">{\"@context\":\"https:\/\/schema.org\",\"@graph\":[{\"@type\":\"Article\",\"@id\":\"https:\/\/www.gridmag.com.mx\/index.php\/2022\/03\/01\/que-es-el-diseno-biofilico-i-arquitectura-de-la-naturaleza\/#article\",\"isPartOf\":{\"@id\":\"https:\/\/www.gridmag.com.mx\/index.php\/2022\/03\/01\/que-es-el-diseno-biofilico-i-arquitectura-de-la-naturaleza\/\"},\"author\":{\"name\":\"Macarena Femat\",\"@id\":\"https:\/\/www.gridmag.com.mx\/#\/schema\/person\/fcd9584e14d7f75d9b92cbc732b0decc\"},\"headline\":\"\u00bfQu\u00e9 es el dise\u00f1o biof\u00edlico? | Arquitectura de la naturaleza\",\"datePublished\":\"2022-03-01T08:56:16+00:00\",\"dateModified\":\"2024-05-21T23:23:06+00:00\",\"mainEntityOfPage\":{\"@id\":\"https:\/\/www.gridmag.com.mx\/index.php\/2022\/03\/01\/que-es-el-diseno-biofilico-i-arquitectura-de-la-naturaleza\/\"},\"wordCount\":728,\"commentCount\":1,\"publisher\":{\"@id\":\"https:\/\/www.gridmag.com.mx\/#organization\"},\"image\":{\"@id\":\"https:\/\/www.gridmag.com.mx\/index.php\/2022\/03\/01\/que-es-el-diseno-biofilico-i-arquitectura-de-la-naturaleza\/#primaryimage\"},\"thumbnailUrl\":\"https:\/\/www.gridmag.com.mx\/wp-content\/uploads\/2022\/03\/6.jpg\",\"articleSection\":[\"Interiorismo\"],\"inLanguage\":\"es\",\"potentialAction\":[{\"@type\":\"CommentAction\",\"name\":\"Comment\",\"target\":[\"https:\/\/www.gridmag.com.mx\/index.php\/2022\/03\/01\/que-es-el-diseno-biofilico-i-arquitectura-de-la-naturaleza\/#respond\"]}]},{\"@type\":\"WebPage\",\"@id\":\"https:\/\/www.gridmag.com.mx\/index.php\/2022\/03\/01\/que-es-el-diseno-biofilico-i-arquitectura-de-la-naturaleza\/\",\"url\":\"https:\/\/www.gridmag.com.mx\/index.php\/2022\/03\/01\/que-es-el-diseno-biofilico-i-arquitectura-de-la-naturaleza\/\",\"name\":\"\u00bfQu\u00e9 es el Dise\u00f1o Biof\u00edlico? | Arquitectura de la Naturaleza | Grid Magazine\",\"isPartOf\":{\"@id\":\"https:\/\/www.gridmag.com.mx\/#website\"},\"primaryImageOfPage\":{\"@id\":\"https:\/\/www.gridmag.com.mx\/index.php\/2022\/03\/01\/que-es-el-diseno-biofilico-i-arquitectura-de-la-naturaleza\/#primaryimage\"},\"image\":{\"@id\":\"https:\/\/www.gridmag.com.mx\/index.php\/2022\/03\/01\/que-es-el-diseno-biofilico-i-arquitectura-de-la-naturaleza\/#primaryimage\"},\"thumbnailUrl\":\"https:\/\/www.gridmag.com.mx\/wp-content\/uploads\/2022\/03\/6.jpg\",\"datePublished\":\"2022-03-01T08:56:16+00:00\",\"dateModified\":\"2024-05-21T23:23:06+00:00\",\"description\":\"Descubre el poder del dise\u00f1o biof\u00edlico en la arquitectura. Explora c\u00f3mo transformar tus espacios a trav\u00e9s de la conexi\u00f3n con la naturaleza.\",\"breadcrumb\":{\"@id\":\"https:\/\/www.gridmag.com.mx\/index.php\/2022\/03\/01\/que-es-el-diseno-biofilico-i-arquitectura-de-la-naturaleza\/#breadcrumb\"},\"inLanguage\":\"es\",\"potentialAction\":[{\"@type\":\"ReadAction\",\"target\":[\"https:\/\/www.gridmag.com.mx\/index.php\/2022\/03\/01\/que-es-el-diseno-biofilico-i-arquitectura-de-la-naturaleza\/\"]}]},{\"@type\":\"ImageObject\",\"inLanguage\":\"es\",\"@id\":\"https:\/\/www.gridmag.com.mx\/index.php\/2022\/03\/01\/que-es-el-diseno-biofilico-i-arquitectura-de-la-naturaleza\/#primaryimage\",\"url\":\"https:\/\/www.gridmag.com.mx\/wp-content\/uploads\/2022\/03\/6.jpg\",\"contentUrl\":\"https:\/\/www.gridmag.com.mx\/wp-content\/uploads\/2022\/03\/6.jpg\",\"width\":1080,\"height\":1080,\"caption\":\"Integrar la naturaleza en la arquitectura tiene gran impacto para el dise\u00f1o de espacios\"},{\"@type\":\"BreadcrumbList\",\"@id\":\"https:\/\/www.gridmag.com.mx\/index.php\/2022\/03\/01\/que-es-el-diseno-biofilico-i-arquitectura-de-la-naturaleza\/#breadcrumb\",\"itemListElement\":[{\"@type\":\"ListItem\",\"position\":1,\"name\":\"Inicio\",\"item\":\"https:\/\/www.gridmag.com.mx\/\"},{\"@type\":\"ListItem\",\"position\":2,\"name\":\"\u00bfQu\u00e9 es el dise\u00f1o biof\u00edlico? | Arquitectura de la naturaleza\"}]},{\"@type\":\"WebSite\",\"@id\":\"https:\/\/www.gridmag.com.mx\/#website\",\"url\":\"https:\/\/www.gridmag.com.mx\/\",\"name\":\"Grid Magazine\",\"description\":\"Compartiendo lo mejor de la arquitectura y dise\u00f1o mexicano.\",\"publisher\":{\"@id\":\"https:\/\/www.gridmag.com.mx\/#organization\"},\"potentialAction\":[{\"@type\":\"SearchAction\",\"target\":{\"@type\":\"EntryPoint\",\"urlTemplate\":\"https:\/\/www.gridmag.com.mx\/?s={search_term_string}\"},\"query-input\":{\"@type\":\"PropertyValueSpecification\",\"valueRequired\":true,\"valueName\":\"search_term_string\"}}],\"inLanguage\":\"es\"},{\"@type\":\"Organization\",\"@id\":\"https:\/\/www.gridmag.com.mx\/#organization\",\"name\":\"Grid Magazine\",\"url\":\"https:\/\/www.gridmag.com.mx\/\",\"logo\":{\"@type\":\"ImageObject\",\"inLanguage\":\"es\",\"@id\":\"https:\/\/www.gridmag.com.mx\/#\/schema\/logo\/image\/\",\"url\":\"\",\"contentUrl\":\"\",\"caption\":\"Grid Magazine\"},\"image\":{\"@id\":\"https:\/\/www.gridmag.com.mx\/#\/schema\/logo\/image\/\"},\"sameAs\":[\"https:\/\/www.facebook.com\/gridmagazine.mx\",\"https:\/\/www.instagram.com\/gridmagazine_mx\/\",\"https:\/\/www.tiktok.com\/@gridmagazine.mx?_t=8gl2kVR2Aq6&_r=1\",\"https:\/\/www.linkedin.com\/company\/grid-magazine-mx\/\"]},{\"@type\":\"Person\",\"@id\":\"https:\/\/www.gridmag.com.mx\/#\/schema\/person\/fcd9584e14d7f75d9b92cbc732b0decc\",\"name\":\"Macarena Femat\",\"image\":{\"@type\":\"ImageObject\",\"inLanguage\":\"es\",\"@id\":\"https:\/\/www.gridmag.com.mx\/#\/schema\/person\/image\/\",\"url\":\"https:\/\/secure.gravatar.com\/avatar\/17c9bb191c0935826d662c2bd7a816f188aea75667ff992ef336187a9f9fa91d?s=96&d=mm&r=g\",\"contentUrl\":\"https:\/\/secure.gravatar.com\/avatar\/17c9bb191c0935826d662c2bd7a816f188aea75667ff992ef336187a9f9fa91d?s=96&d=mm&r=g\",\"caption\":\"Macarena Femat\"},\"sameAs\":[\"https:\/\/www.instagram.com\/macarenafemat\/?hl=es-la\"],\"url\":\"https:\/\/www.gridmag.com.mx\/index.php\/author\/macarena-femat\/\"}]}<\/script>\n<!-- \/ Yoast SEO plugin. -->","yoast_head_json":{"title":"\u00bfQu\u00e9 es el Dise\u00f1o Biof\u00edlico? | Arquitectura de la Naturaleza | Grid Magazine","description":"Descubre el poder del dise\u00f1o biof\u00edlico en la arquitectura. Explora c\u00f3mo transformar tus espacios a trav\u00e9s de la conexi\u00f3n con la naturaleza.","robots":{"index":"index","follow":"follow","max-snippet":"max-snippet:-1","max-image-preview":"max-image-preview:large","max-video-preview":"max-video-preview:-1"},"canonical":"https:\/\/www.gridmag.com.mx\/index.php\/2022\/03\/01\/que-es-el-diseno-biofilico-i-arquitectura-de-la-naturaleza\/","og_locale":"es_MX","og_type":"article","og_title":"\u00bfQu\u00e9 es el Dise\u00f1o Biof\u00edlico? | Arquitectura de la Naturaleza | Grid Magazine","og_description":"Descubre el poder del dise\u00f1o biof\u00edlico en la arquitectura. Explora c\u00f3mo transformar tus espacios a trav\u00e9s de la conexi\u00f3n con la naturaleza.","og_url":"https:\/\/www.gridmag.com.mx\/index.php\/2022\/03\/01\/que-es-el-diseno-biofilico-i-arquitectura-de-la-naturaleza\/","og_site_name":"Grid Magazine","article_publisher":"https:\/\/www.facebook.com\/gridmagazine.mx","article_published_time":"2022-03-01T08:56:16+00:00","article_modified_time":"2024-05-21T23:23:06+00:00","og_image":[{"width":1080,"height":1080,"url":"https:\/\/www.gridmag.com.mx\/wp-content\/uploads\/2022\/03\/6.jpg","type":"image\/jpeg"}],"author":"Macarena Femat","twitter_card":"summary_large_image","twitter_misc":{"Escrito por":"Macarena Femat","Tiempo de lectura":"4 minutos"},"schema":{"@context":"https:\/\/schema.org","@graph":[{"@type":"Article","@id":"https:\/\/www.gridmag.com.mx\/index.php\/2022\/03\/01\/que-es-el-diseno-biofilico-i-arquitectura-de-la-naturaleza\/#article","isPartOf":{"@id":"https:\/\/www.gridmag.com.mx\/index.php\/2022\/03\/01\/que-es-el-diseno-biofilico-i-arquitectura-de-la-naturaleza\/"},"author":{"name":"Macarena Femat","@id":"https:\/\/www.gridmag.com.mx\/#\/schema\/person\/fcd9584e14d7f75d9b92cbc732b0decc"},"headline":"\u00bfQu\u00e9 es el dise\u00f1o biof\u00edlico? | Arquitectura de la naturaleza","datePublished":"2022-03-01T08:56:16+00:00","dateModified":"2024-05-21T23:23:06+00:00","mainEntityOfPage":{"@id":"https:\/\/www.gridmag.com.mx\/index.php\/2022\/03\/01\/que-es-el-diseno-biofilico-i-arquitectura-de-la-naturaleza\/"},"wordCount":728,"commentCount":1,"publisher":{"@id":"https:\/\/www.gridmag.com.mx\/#organization"},"image":{"@id":"https:\/\/www.gridmag.com.mx\/index.php\/2022\/03\/01\/que-es-el-diseno-biofilico-i-arquitectura-de-la-naturaleza\/#primaryimage"},"thumbnailUrl":"https:\/\/www.gridmag.com.mx\/wp-content\/uploads\/2022\/03\/6.jpg","articleSection":["Interiorismo"],"inLanguage":"es","potentialAction":[{"@type":"CommentAction","name":"Comment","target":["https:\/\/www.gridmag.com.mx\/index.php\/2022\/03\/01\/que-es-el-diseno-biofilico-i-arquitectura-de-la-naturaleza\/#respond"]}]},{"@type":"WebPage","@id":"https:\/\/www.gridmag.com.mx\/index.php\/2022\/03\/01\/que-es-el-diseno-biofilico-i-arquitectura-de-la-naturaleza\/","url":"https:\/\/www.gridmag.com.mx\/index.php\/2022\/03\/01\/que-es-el-diseno-biofilico-i-arquitectura-de-la-naturaleza\/","name":"\u00bfQu\u00e9 es el Dise\u00f1o Biof\u00edlico? | Arquitectura de la Naturaleza | Grid Magazine","isPartOf":{"@id":"https:\/\/www.gridmag.com.mx\/#website"},"primaryImageOfPage":{"@id":"https:\/\/www.gridmag.com.mx\/index.php\/2022\/03\/01\/que-es-el-diseno-biofilico-i-arquitectura-de-la-naturaleza\/#primaryimage"},"image":{"@id":"https:\/\/www.gridmag.com.mx\/index.php\/2022\/03\/01\/que-es-el-diseno-biofilico-i-arquitectura-de-la-naturaleza\/#primaryimage"},"thumbnailUrl":"https:\/\/www.gridmag.com.mx\/wp-content\/uploads\/2022\/03\/6.jpg","datePublished":"2022-03-01T08:56:16+00:00","dateModified":"2024-05-21T23:23:06+00:00","description":"Descubre el poder del dise\u00f1o biof\u00edlico en la arquitectura. Explora c\u00f3mo transformar tus espacios a trav\u00e9s de la conexi\u00f3n con la naturaleza.","breadcrumb":{"@id":"https:\/\/www.gridmag.com.mx\/index.php\/2022\/03\/01\/que-es-el-diseno-biofilico-i-arquitectura-de-la-naturaleza\/#breadcrumb"},"inLanguage":"es","potentialAction":[{"@type":"ReadAction","target":["https:\/\/www.gridmag.com.mx\/index.php\/2022\/03\/01\/que-es-el-diseno-biofilico-i-arquitectura-de-la-naturaleza\/"]}]},{"@type":"ImageObject","inLanguage":"es","@id":"https:\/\/www.gridmag.com.mx\/index.php\/2022\/03\/01\/que-es-el-diseno-biofilico-i-arquitectura-de-la-naturaleza\/#primaryimage","url":"https:\/\/www.gridmag.com.mx\/wp-content\/uploads\/2022\/03\/6.jpg","contentUrl":"https:\/\/www.gridmag.com.mx\/wp-content\/uploads\/2022\/03\/6.jpg","width":1080,"height":1080,"caption":"Integrar la naturaleza en la arquitectura tiene gran impacto para el dise\u00f1o de espacios"},{"@type":"BreadcrumbList","@id":"https:\/\/www.gridmag.com.mx\/index.php\/2022\/03\/01\/que-es-el-diseno-biofilico-i-arquitectura-de-la-naturaleza\/#breadcrumb","itemListElement":[{"@type":"ListItem","position":1,"name":"Inicio","item":"https:\/\/www.gridmag.com.mx\/"},{"@type":"ListItem","position":2,"name":"\u00bfQu\u00e9 es el dise\u00f1o biof\u00edlico? | Arquitectura de la naturaleza"}]},{"@type":"WebSite","@id":"https:\/\/www.gridmag.com.mx\/#website","url":"https:\/\/www.gridmag.com.mx\/","name":"Grid Magazine","description":"Compartiendo lo mejor de la arquitectura y dise\u00f1o mexicano.","publisher":{"@id":"https:\/\/www.gridmag.com.mx\/#organization"},"potentialAction":[{"@type":"SearchAction","target":{"@type":"EntryPoint","urlTemplate":"https:\/\/www.gridmag.com.mx\/?s={search_term_string}"},"query-input":{"@type":"PropertyValueSpecification","valueRequired":true,"valueName":"search_term_string"}}],"inLanguage":"es"},{"@type":"Organization","@id":"https:\/\/www.gridmag.com.mx\/#organization","name":"Grid Magazine","url":"https:\/\/www.gridmag.com.mx\/","logo":{"@type":"ImageObject","inLanguage":"es","@id":"https:\/\/www.gridmag.com.mx\/#\/schema\/logo\/image\/","url":"","contentUrl":"","caption":"Grid Magazine"},"image":{"@id":"https:\/\/www.gridmag.com.mx\/#\/schema\/logo\/image\/"},"sameAs":["https:\/\/www.facebook.com\/gridmagazine.mx","https:\/\/www.instagram.com\/gridmagazine_mx\/","https:\/\/www.tiktok.com\/@gridmagazine.mx?_t=8gl2kVR2Aq6&_r=1","https:\/\/www.linkedin.com\/company\/grid-magazine-mx\/"]},{"@type":"Person","@id":"https:\/\/www.gridmag.com.mx\/#\/schema\/person\/fcd9584e14d7f75d9b92cbc732b0decc","name":"Macarena Femat","image":{"@type":"ImageObject","inLanguage":"es","@id":"https:\/\/www.gridmag.com.mx\/#\/schema\/person\/image\/","url":"https:\/\/secure.gravatar.com\/avatar\/17c9bb191c0935826d662c2bd7a816f188aea75667ff992ef336187a9f9fa91d?s=96&d=mm&r=g","contentUrl":"https:\/\/secure.gravatar.com\/avatar\/17c9bb191c0935826d662c2bd7a816f188aea75667ff992ef336187a9f9fa91d?s=96&d=mm&r=g","caption":"Macarena Femat"},"sameAs":["https:\/\/www.instagram.com\/macarenafemat\/?hl=es-la"],"url":"https:\/\/www.gridmag.com.mx\/index.php\/author\/macarena-femat\/"}]}},"_links":{"self":[{"href":"https:\/\/www.gridmag.com.mx\/index.php\/wp-json\/wp\/v2\/posts\/317","targetHints":{"allow":["GET"]}}],"collection":[{"href":"https:\/\/www.gridmag.com.mx\/index.php\/wp-json\/wp\/v2\/posts"}],"about":[{"href":"https:\/\/www.gridmag.com.mx\/index.php\/wp-json\/wp\/v2\/types\/post"}],"author":[{"embeddable":true,"href":"https:\/\/www.gridmag.com.mx\/index.php\/wp-json\/wp\/v2\/users\/8"}],"replies":[{"embeddable":true,"href":"https:\/\/www.gridmag.com.mx\/index.php\/wp-json\/wp\/v2\/comments?post=317"}],"version-history":[{"count":43,"href":"https:\/\/www.gridmag.com.mx\/index.php\/wp-json\/wp\/v2\/posts\/317\/revisions"}],"predecessor-version":[{"id":7308,"href":"https:\/\/www.gridmag.com.mx\/index.php\/wp-json\/wp\/v2\/posts\/317\/revisions\/7308"}],"wp:featuredmedia":[{"embeddable":true,"href":"https:\/\/www.gridmag.com.mx\/index.php\/wp-json\/wp\/v2\/media\/626"}],"wp:attachment":[{"href":"https:\/\/www.gridmag.com.mx\/index.php\/wp-json\/wp\/v2\/media?parent=317"}],"wp:term":[{"taxonomy":"category","embeddable":true,"href":"https:\/\/www.gridmag.com.mx\/index.php\/wp-json\/wp\/v2\/categories?post=317"},{"taxonomy":"post_tag","embeddable":true,"href":"https:\/\/www.gridmag.com.mx\/index.php\/wp-json\/wp\/v2\/tags?post=317"}],"curies":[{"name":"wp","href":"https:\/\/api.w.org\/{rel}","templated":true}]}}