{"id":3270,"date":"2023-04-18T10:06:46","date_gmt":"2023-04-18T16:06:46","guid":{"rendered":"https:\/\/www.gridmag.com.mx\/?p=3270"},"modified":"2024-01-10T16:16:06","modified_gmt":"2024-01-10T22:16:06","slug":"feria-de-san-marcos-carajillo-bar-efimero-en-la-fnsm","status":"publish","type":"post","link":"https:\/\/www.gridmag.com.mx\/index.php\/2023\/04\/18\/feria-de-san-marcos-carajillo-bar-efimero-en-la-fnsm\/","title":{"rendered":"Feria de San Marcos | Carajillo, bar ef\u00edmero en la FNSM"},"content":{"rendered":"\n\n\n<p>Abril y mayo son los meses en los que se lleva a cabo <strong>la feria m\u00e1s grande de M\u00e9xico<\/strong>: la Feria Nacional de San Marcos (FNSM), en la ciudad de Aguascalientes, que en esta edici\u00f3n celebra su 195 aniversario ofreciendo un cat\u00e1logo nutrido de <strong>eventos culturales<\/strong>, art\u00edsticos, musicales y <a href=\"https:\/\/www.gridmag.com.mx\/index.php\/2023\/12\/21\/orale-milanga\/\">gastron\u00f3micos<\/a>.<\/p>\n\n\n\n<h2 class=\"wp-block-heading\"><strong>La FNSM: m\u00e1s all\u00e1 de un festival cultural<\/strong><\/h2>\n\n\n\n<p>Durante casi cuatro semanas, el centro de la <strong>ciudad<\/strong>, con sus calles, jardines y plazas, se transforma para alojar m\u00e1s de 2 mil espect\u00e1culos y eventos. Pero la Feria tambi\u00e9n es un importante exponente de la <a href=\"https:\/\/www.gridmag.com.mx\/index.php\/2023\/04\/19\/vivian-alderete-fotografia-arquitectura-y-gastronomia\/\">gastronom\u00eda<\/a> en nuestro pa\u00eds y <a href=\"https:\/\/www.gridmag.com.mx\/index.php\/2023\/07\/06\/celebrando-el-dia-internacional-del-pollo-frito-con-los-restaurantes-con-mejor-diseno\/\">restaurantes<\/a>, bares y antros de la escena hidroc\u00e1lida y nacional participan en ella; el ambiente es incre\u00edble y estos espacios nos deleitan con <strong>propuestas arquitect\u00f3nicas<\/strong> y de dise\u00f1o muy particulares.<\/p>\n\n\n\n<figure class=\"wp-block-image size-large\"><img decoding=\"async\" width=\"1024\" height=\"683\" src=\"https:\/\/www.gridmag.com.mx\/wp-content\/uploads\/2023\/04\/MG_9990-copy-1024x683.jpg\" alt=\"\" class=\"wp-image-3272\" srcset=\"https:\/\/www.gridmag.com.mx\/wp-content\/uploads\/2023\/04\/MG_9990-copy-1024x683.jpg 1024w, https:\/\/www.gridmag.com.mx\/wp-content\/uploads\/2023\/04\/MG_9990-copy-300x200.jpg 300w, https:\/\/www.gridmag.com.mx\/wp-content\/uploads\/2023\/04\/MG_9990-copy-768x512.jpg 768w, https:\/\/www.gridmag.com.mx\/wp-content\/uploads\/2023\/04\/MG_9990-copy-1536x1024.jpg 1536w, https:\/\/www.gridmag.com.mx\/wp-content\/uploads\/2023\/04\/MG_9990-copy-360x240.jpg 360w, https:\/\/www.gridmag.com.mx\/wp-content\/uploads\/2023\/04\/MG_9990-copy-720x480.jpg 720w, https:\/\/www.gridmag.com.mx\/wp-content\/uploads\/2023\/04\/MG_9990-copy-770x513.jpg 770w, https:\/\/www.gridmag.com.mx\/wp-content\/uploads\/2023\/04\/MG_9990-copy-1400x934.jpg 1400w, https:\/\/www.gridmag.com.mx\/wp-content\/uploads\/2023\/04\/MG_9990-copy.jpg 1843w\" sizes=\"(max-width: 1024px) 100vw, 1024px\" \/><\/figure>\n\n\n\n<h2 class=\"wp-block-heading\">Arquitectura temporal<\/h2>\n\n\n\n<p>Los bares y restaurantes de la Feria son instalaciones que se conceptualizan y materializan considerando desde el inicio su duraci\u00f3n en el <a href=\"https:\/\/www.gridmag.com.mx\/index.php\/2023\/04\/13\/art-baja-california-arte-en-la-playa\/\">festival<\/a>, provocando un fen\u00f3meno arquitect\u00f3nico y comercial que se establece y evoluciona con cada edici\u00f3n de la FNSM.<\/p>\n\n\n\n<p>Este a\u00f1o nos visita Carajillo, una franquicia de restaurantes-bares originarios de la Ciudad de M\u00e9xico y presencia en diferentes estados del pa\u00eds. Los encargados de dise\u00f1ar la propuesta para esta edici\u00f3n fueron <a href=\"http:\/\/www.rammarquitectos.com\">RAMM Arquitectos<\/a> y el <a href=\"https:\/\/www.instagram.com\/arq.murillom\/\">arquitecto Alfredo Murillo<\/a>.<\/p>\n\n\n\n<p><a href=\"https:\/\/carajillomx.com\/\">Carajillo<\/a>, cocina de autor por el chef Juan Arroyo, est\u00e1 en constante transformaci\u00f3n y su participaci\u00f3n en la FNSM no es la excepci\u00f3n, su imagen es fresca y creativa, adapt\u00e1ndose al mercado din\u00e1mico que caracteriza al festival.<\/p>\n\n\n\n<div class=\"wp-block-columns is-layout-flex wp-container-core-columns-is-layout-9d6595d7 wp-block-columns-is-layout-flex\">\n<div class=\"wp-block-column is-layout-flow wp-block-column-is-layout-flow\">\n<figure class=\"wp-block-image size-large\"><img decoding=\"async\" width=\"683\" height=\"1024\" src=\"https:\/\/www.gridmag.com.mx\/wp-content\/uploads\/2023\/04\/MG_9934-683x1024.jpg\" alt=\"\" class=\"wp-image-3273\" srcset=\"https:\/\/www.gridmag.com.mx\/wp-content\/uploads\/2023\/04\/MG_9934-683x1024.jpg 683w, https:\/\/www.gridmag.com.mx\/wp-content\/uploads\/2023\/04\/MG_9934-200x300.jpg 200w, https:\/\/www.gridmag.com.mx\/wp-content\/uploads\/2023\/04\/MG_9934-768x1151.jpg 768w, https:\/\/www.gridmag.com.mx\/wp-content\/uploads\/2023\/04\/MG_9934-1025x1536.jpg 1025w, https:\/\/www.gridmag.com.mx\/wp-content\/uploads\/2023\/04\/MG_9934-770x1154.jpg 770w, https:\/\/www.gridmag.com.mx\/wp-content\/uploads\/2023\/04\/MG_9934.jpg 1134w\" sizes=\"(max-width: 683px) 100vw, 683px\" \/><\/figure>\n<\/div>\n\n\n\n<div class=\"wp-block-column is-layout-flow wp-block-column-is-layout-flow\">\n<figure class=\"wp-block-image size-large\"><img decoding=\"async\" width=\"670\" height=\"1024\" src=\"https:\/\/www.gridmag.com.mx\/wp-content\/uploads\/2023\/04\/MG_9945-2-670x1024.jpg\" alt=\"\" class=\"wp-image-3274\" srcset=\"https:\/\/www.gridmag.com.mx\/wp-content\/uploads\/2023\/04\/MG_9945-2-670x1024.jpg 670w, https:\/\/www.gridmag.com.mx\/wp-content\/uploads\/2023\/04\/MG_9945-2-196x300.jpg 196w, https:\/\/www.gridmag.com.mx\/wp-content\/uploads\/2023\/04\/MG_9945-2-768x1173.jpg 768w, https:\/\/www.gridmag.com.mx\/wp-content\/uploads\/2023\/04\/MG_9945-2-1006x1536.jpg 1006w, https:\/\/www.gridmag.com.mx\/wp-content\/uploads\/2023\/04\/MG_9945-2-770x1176.jpg 770w, https:\/\/www.gridmag.com.mx\/wp-content\/uploads\/2023\/04\/MG_9945-2.jpg 1219w\" sizes=\"(max-width: 670px) 100vw, 670px\" \/><\/figure>\n<\/div>\n<\/div>\n\n\n\n<p>\u201cEn RAMM siempre buscamos generar conceptos que se apeguen a las necesidades de cada proyecto y su <strong>entorno urbano-arquitect\u00f3nico<\/strong>; al referirnos a un proyecto presente en la FNSM, somos conscientes de su <a href=\"https:\/\/www.gridmag.com.mx\/index.php\/2022\/06\/10\/colectivo-arrabal-arquitectura-efimera-y-bioconstruccion\/\">naturaleza ef\u00edmera<\/a>; sin embargo, buscamos cierta permanencia, logr\u00e1ndola mediante la experiencia del usuario\u201d, comenta Ra\u00fal Mart\u00ednez, director de RAMM.<\/p>\n\n\n\n<p>El car\u00e1cter temporal de estas edificaciones potencializa el uso de los espacios y los reinterpreta, invitando a explorar y experimentar con ellos, generando nuevos usos y <strong>experiencias amigables<\/strong> con los miles de visitantes que se pueden alojar durante el periodo ferial.<\/p>\n\n\n\n<figure class=\"wp-block-image size-large\"><img decoding=\"async\" width=\"1024\" height=\"683\" src=\"https:\/\/www.gridmag.com.mx\/wp-content\/uploads\/2023\/04\/MG_9973-copy-1024x683.jpg\" alt=\"\" class=\"wp-image-3275\" srcset=\"https:\/\/www.gridmag.com.mx\/wp-content\/uploads\/2023\/04\/MG_9973-copy-1024x683.jpg 1024w, https:\/\/www.gridmag.com.mx\/wp-content\/uploads\/2023\/04\/MG_9973-copy-300x200.jpg 300w, https:\/\/www.gridmag.com.mx\/wp-content\/uploads\/2023\/04\/MG_9973-copy-768x512.jpg 768w, https:\/\/www.gridmag.com.mx\/wp-content\/uploads\/2023\/04\/MG_9973-copy-1536x1024.jpg 1536w, https:\/\/www.gridmag.com.mx\/wp-content\/uploads\/2023\/04\/MG_9973-copy-360x240.jpg 360w, https:\/\/www.gridmag.com.mx\/wp-content\/uploads\/2023\/04\/MG_9973-copy-720x480.jpg 720w, https:\/\/www.gridmag.com.mx\/wp-content\/uploads\/2023\/04\/MG_9973-copy-770x513.jpg 770w, https:\/\/www.gridmag.com.mx\/wp-content\/uploads\/2023\/04\/MG_9973-copy-1400x934.jpg 1400w, https:\/\/www.gridmag.com.mx\/wp-content\/uploads\/2023\/04\/MG_9973-copy.jpg 1843w\" sizes=\"(max-width: 1024px) 100vw, 1024px\" \/><\/figure>\n\n\n\n<div style=\"height:10px\" aria-hidden=\"true\" class=\"wp-block-spacer\"><\/div>\n\n\n\n<h2 class=\"wp-block-heading\"><strong>Permanencia en la temporalidad: dise\u00f1o de experiencia<\/strong><\/h2>\n\n\n\n<p>\u201cHemos tenido la fortuna de participar en varios proyectos de la FNSM y sin duda notamos que hay algo que todos tienen en com\u00fan y es el ritmo\u201d, a\u00f1ade Ra\u00fal. Estos proyectos se realizan en periodos r\u00e9cord de tiempo, es decir,&nbsp; desde su conceptualizaci\u00f3n hasta su ejecuci\u00f3n son aproximadamente de 8 a 10 semanas.<\/p>\n\n\n\n<p>El secreto de poder materializar proyectos de esta \u00edndole radica en la estrategia y log\u00edstica, desde el dise\u00f1o hasta la ejecuci\u00f3n en obra, adem\u00e1s de equipos auxiliares capaces de trabajar a un ritmo acelerado. En este caso la ejecuci\u00f3n de obra estuvo a cargo de <a href=\"http:\/\/www.1111arquitectos.com\">11:11 Arquitectos<\/a> en colaboraci\u00f3n con <a href=\"https:\/\/www.instagram.com\/arq.centro.mx\/\">Centro de Arquitectura Hol\u00edstica<\/a>.<\/p>\n\n\n\n<figure class=\"wp-block-image size-large\"><img decoding=\"async\" width=\"1024\" height=\"683\" src=\"https:\/\/www.gridmag.com.mx\/wp-content\/uploads\/2023\/04\/MG_9955-1024x683.jpg\" alt=\"\" class=\"wp-image-3276\" srcset=\"https:\/\/www.gridmag.com.mx\/wp-content\/uploads\/2023\/04\/MG_9955-1024x683.jpg 1024w, https:\/\/www.gridmag.com.mx\/wp-content\/uploads\/2023\/04\/MG_9955-300x200.jpg 300w, https:\/\/www.gridmag.com.mx\/wp-content\/uploads\/2023\/04\/MG_9955-768x512.jpg 768w, https:\/\/www.gridmag.com.mx\/wp-content\/uploads\/2023\/04\/MG_9955-1536x1024.jpg 1536w, https:\/\/www.gridmag.com.mx\/wp-content\/uploads\/2023\/04\/MG_9955-360x240.jpg 360w, https:\/\/www.gridmag.com.mx\/wp-content\/uploads\/2023\/04\/MG_9955-720x480.jpg 720w, https:\/\/www.gridmag.com.mx\/wp-content\/uploads\/2023\/04\/MG_9955-770x513.jpg 770w, https:\/\/www.gridmag.com.mx\/wp-content\/uploads\/2023\/04\/MG_9955-1400x934.jpg 1400w, https:\/\/www.gridmag.com.mx\/wp-content\/uploads\/2023\/04\/MG_9955.jpg 1843w\" sizes=\"(max-width: 1024px) 100vw, 1024px\" \/><\/figure>\n\n\n\n<div style=\"height:10px\" aria-hidden=\"true\" class=\"wp-block-spacer\"><\/div>\n\n\n\n<p>\u201cHablando de la <strong>gastronom\u00eda<\/strong>, a nosotros como despacho de <strong>arquitectura<\/strong> e <a href=\"https:\/\/www.gridmag.com.mx\/index.php\/2022\/05\/01\/tendencia-bold\/\">interiorismo<\/a> nos enorgullece poder llevar a cabo proyectos donde la estrella es nuestra cultura gastron\u00f3mica; el edificio y el ambiente es solo una parte de la experiencia; sin embargo, cada lugar es y debe ser reconocido por sus platillos \u00fanicos\u201d, resalta Ra\u00fal Mart\u00ednez.<\/p>\n\n\n\n<p>El arquitecto destaca que al formar parte de un evento tan importante como lo es la FNSM, se sienten comprometidos a desarrollar proyectos que aporten a la imagen de la misma y que todo el pa\u00eds vea el potencial arquitect\u00f3nico de Aguascalientes.<\/p>\n\n\n\n<p>\u201cLa feria m\u00e1s grande de M\u00e9xico\u201d se realiza del 14 de abril al 7 de mayo, date una vuelta y comp\u00e1rtenos tu experiencia en ella.<\/p>\n","protected":false},"excerpt":{"rendered":"<p>Abril y mayo son los meses en los que se lleva a cabo la feria m\u00e1s grande de M\u00e9xico: la Feria Nacional de San Marcos (FNSM), en la ciudad de Aguascalientes, que en esta edici\u00f3n celebra su 195 aniversario ofreciendo un cat\u00e1logo nutrido de eventos culturales, art\u00edsticos, musicales y gastron\u00f3micos. La FNSM: m\u00e1s all\u00e1 de un festival cultural Durante casi cuatro semanas, el centro de la ciudad, con sus calles, jardines y plazas, se transforma para alojar m\u00e1s de 2 [&hellip;]<\/p>\n","protected":false},"author":6,"featured_media":3271,"comment_status":"open","ping_status":"open","sticky":false,"template":"","format":"standard","meta":{"footnotes":""},"categories":[49,51],"tags":[],"class_list":["post-3270","post","type-post","status-publish","format-standard","has-post-thumbnail","hentry","category-arquitectura","category-interiorismo"],"yoast_head":"<!-- This site is optimized with the Yoast SEO plugin v27.0 - https:\/\/yoast.com\/product\/yoast-seo-wordpress\/ -->\n<title>Feria Nacional de San Marcos | Carajillo, Bar Ef\u00edmero en la FNSM<\/title>\n<meta name=\"description\" content=\"Explora la fusi\u00f3n \u00fanica entre gastronom\u00eda y arquitectura ef\u00edmera con la llegada de Carajillo, una franquicia de restaurantes-bares de la CDMX\" \/>\n<meta name=\"robots\" content=\"index, follow, max-snippet:-1, max-image-preview:large, max-video-preview:-1\" \/>\n<link rel=\"canonical\" href=\"https:\/\/www.gridmag.com.mx\/index.php\/2023\/04\/18\/feria-de-san-marcos-carajillo-bar-efimero-en-la-fnsm\/\" \/>\n<meta property=\"og:locale\" content=\"es_MX\" \/>\n<meta property=\"og:type\" content=\"article\" \/>\n<meta property=\"og:title\" content=\"Feria Nacional de San Marcos | Carajillo, Bar Ef\u00edmero en la FNSM\" \/>\n<meta property=\"og:description\" content=\"Explora la fusi\u00f3n \u00fanica entre gastronom\u00eda y arquitectura ef\u00edmera con la llegada de Carajillo, una franquicia de restaurantes-bares de la CDMX\" \/>\n<meta property=\"og:url\" content=\"https:\/\/www.gridmag.com.mx\/index.php\/2023\/04\/18\/feria-de-san-marcos-carajillo-bar-efimero-en-la-fnsm\/\" \/>\n<meta property=\"og:site_name\" content=\"Grid Magazine\" \/>\n<meta property=\"article:publisher\" content=\"https:\/\/www.facebook.com\/gridmagazine.mx\" \/>\n<meta property=\"article:published_time\" content=\"2023-04-18T16:06:46+00:00\" \/>\n<meta property=\"article:modified_time\" content=\"2024-01-10T22:16:06+00:00\" \/>\n<meta property=\"og:image\" content=\"https:\/\/www.gridmag.com.mx\/wp-content\/uploads\/2023\/04\/MG_9968-copy.jpg\" \/>\n\t<meta property=\"og:image:width\" content=\"1928\" \/>\n\t<meta property=\"og:image:height\" content=\"1285\" \/>\n\t<meta property=\"og:image:type\" content=\"image\/jpeg\" \/>\n<meta name=\"author\" content=\"Micael Parada\" \/>\n<meta name=\"twitter:card\" content=\"summary_large_image\" \/>\n<meta name=\"twitter:label1\" content=\"Escrito por\" \/>\n\t<meta name=\"twitter:data1\" content=\"Micael Parada\" \/>\n\t<meta name=\"twitter:label2\" content=\"Tiempo de lectura\" \/>\n\t<meta name=\"twitter:data2\" content=\"4 minutos\" \/>\n<script type=\"application\/ld+json\" class=\"yoast-schema-graph\">{\"@context\":\"https:\/\/schema.org\",\"@graph\":[{\"@type\":\"Article\",\"@id\":\"https:\/\/www.gridmag.com.mx\/index.php\/2023\/04\/18\/feria-de-san-marcos-carajillo-bar-efimero-en-la-fnsm\/#article\",\"isPartOf\":{\"@id\":\"https:\/\/www.gridmag.com.mx\/index.php\/2023\/04\/18\/feria-de-san-marcos-carajillo-bar-efimero-en-la-fnsm\/\"},\"author\":{\"name\":\"Micael Parada\",\"@id\":\"https:\/\/www.gridmag.com.mx\/#\/schema\/person\/284ee4151758427c3dc37dbbba5ff517\"},\"headline\":\"Feria de San Marcos | Carajillo, bar ef\u00edmero en la FNSM\",\"datePublished\":\"2023-04-18T16:06:46+00:00\",\"dateModified\":\"2024-01-10T22:16:06+00:00\",\"mainEntityOfPage\":{\"@id\":\"https:\/\/www.gridmag.com.mx\/index.php\/2023\/04\/18\/feria-de-san-marcos-carajillo-bar-efimero-en-la-fnsm\/\"},\"wordCount\":639,\"commentCount\":0,\"publisher\":{\"@id\":\"https:\/\/www.gridmag.com.mx\/#organization\"},\"image\":{\"@id\":\"https:\/\/www.gridmag.com.mx\/index.php\/2023\/04\/18\/feria-de-san-marcos-carajillo-bar-efimero-en-la-fnsm\/#primaryimage\"},\"thumbnailUrl\":\"https:\/\/www.gridmag.com.mx\/wp-content\/uploads\/2023\/04\/MG_9968-copy.jpg\",\"articleSection\":[\"Arquitectura\",\"Interiorismo\"],\"inLanguage\":\"es\",\"potentialAction\":[{\"@type\":\"CommentAction\",\"name\":\"Comment\",\"target\":[\"https:\/\/www.gridmag.com.mx\/index.php\/2023\/04\/18\/feria-de-san-marcos-carajillo-bar-efimero-en-la-fnsm\/#respond\"]}]},{\"@type\":\"WebPage\",\"@id\":\"https:\/\/www.gridmag.com.mx\/index.php\/2023\/04\/18\/feria-de-san-marcos-carajillo-bar-efimero-en-la-fnsm\/\",\"url\":\"https:\/\/www.gridmag.com.mx\/index.php\/2023\/04\/18\/feria-de-san-marcos-carajillo-bar-efimero-en-la-fnsm\/\",\"name\":\"Feria Nacional de San Marcos | Carajillo, Bar Ef\u00edmero en la FNSM\",\"isPartOf\":{\"@id\":\"https:\/\/www.gridmag.com.mx\/#website\"},\"primaryImageOfPage\":{\"@id\":\"https:\/\/www.gridmag.com.mx\/index.php\/2023\/04\/18\/feria-de-san-marcos-carajillo-bar-efimero-en-la-fnsm\/#primaryimage\"},\"image\":{\"@id\":\"https:\/\/www.gridmag.com.mx\/index.php\/2023\/04\/18\/feria-de-san-marcos-carajillo-bar-efimero-en-la-fnsm\/#primaryimage\"},\"thumbnailUrl\":\"https:\/\/www.gridmag.com.mx\/wp-content\/uploads\/2023\/04\/MG_9968-copy.jpg\",\"datePublished\":\"2023-04-18T16:06:46+00:00\",\"dateModified\":\"2024-01-10T22:16:06+00:00\",\"description\":\"Explora la fusi\u00f3n \u00fanica entre gastronom\u00eda y arquitectura ef\u00edmera con la llegada de Carajillo, una franquicia de restaurantes-bares de la CDMX\",\"breadcrumb\":{\"@id\":\"https:\/\/www.gridmag.com.mx\/index.php\/2023\/04\/18\/feria-de-san-marcos-carajillo-bar-efimero-en-la-fnsm\/#breadcrumb\"},\"inLanguage\":\"es\",\"potentialAction\":[{\"@type\":\"ReadAction\",\"target\":[\"https:\/\/www.gridmag.com.mx\/index.php\/2023\/04\/18\/feria-de-san-marcos-carajillo-bar-efimero-en-la-fnsm\/\"]}]},{\"@type\":\"ImageObject\",\"inLanguage\":\"es\",\"@id\":\"https:\/\/www.gridmag.com.mx\/index.php\/2023\/04\/18\/feria-de-san-marcos-carajillo-bar-efimero-en-la-fnsm\/#primaryimage\",\"url\":\"https:\/\/www.gridmag.com.mx\/wp-content\/uploads\/2023\/04\/MG_9968-copy.jpg\",\"contentUrl\":\"https:\/\/www.gridmag.com.mx\/wp-content\/uploads\/2023\/04\/MG_9968-copy.jpg\",\"width\":1928,\"height\":1285},{\"@type\":\"BreadcrumbList\",\"@id\":\"https:\/\/www.gridmag.com.mx\/index.php\/2023\/04\/18\/feria-de-san-marcos-carajillo-bar-efimero-en-la-fnsm\/#breadcrumb\",\"itemListElement\":[{\"@type\":\"ListItem\",\"position\":1,\"name\":\"Inicio\",\"item\":\"https:\/\/www.gridmag.com.mx\/\"},{\"@type\":\"ListItem\",\"position\":2,\"name\":\"Feria de San Marcos | Carajillo, bar ef\u00edmero en la FNSM\"}]},{\"@type\":\"WebSite\",\"@id\":\"https:\/\/www.gridmag.com.mx\/#website\",\"url\":\"https:\/\/www.gridmag.com.mx\/\",\"name\":\"Grid Magazine\",\"description\":\"Compartiendo lo mejor de la arquitectura y dise\u00f1o mexicano.\",\"publisher\":{\"@id\":\"https:\/\/www.gridmag.com.mx\/#organization\"},\"potentialAction\":[{\"@type\":\"SearchAction\",\"target\":{\"@type\":\"EntryPoint\",\"urlTemplate\":\"https:\/\/www.gridmag.com.mx\/?s={search_term_string}\"},\"query-input\":{\"@type\":\"PropertyValueSpecification\",\"valueRequired\":true,\"valueName\":\"search_term_string\"}}],\"inLanguage\":\"es\"},{\"@type\":\"Organization\",\"@id\":\"https:\/\/www.gridmag.com.mx\/#organization\",\"name\":\"Grid Magazine\",\"url\":\"https:\/\/www.gridmag.com.mx\/\",\"logo\":{\"@type\":\"ImageObject\",\"inLanguage\":\"es\",\"@id\":\"https:\/\/www.gridmag.com.mx\/#\/schema\/logo\/image\/\",\"url\":\"\",\"contentUrl\":\"\",\"caption\":\"Grid Magazine\"},\"image\":{\"@id\":\"https:\/\/www.gridmag.com.mx\/#\/schema\/logo\/image\/\"},\"sameAs\":[\"https:\/\/www.facebook.com\/gridmagazine.mx\",\"https:\/\/www.instagram.com\/gridmagazine_mx\/\",\"https:\/\/www.tiktok.com\/@gridmagazine.mx?_t=8gl2kVR2Aq6&_r=1\",\"https:\/\/www.linkedin.com\/company\/grid-magazine-mx\/\"]},{\"@type\":\"Person\",\"@id\":\"https:\/\/www.gridmag.com.mx\/#\/schema\/person\/284ee4151758427c3dc37dbbba5ff517\",\"name\":\"Micael Parada\",\"image\":{\"@type\":\"ImageObject\",\"inLanguage\":\"es\",\"@id\":\"https:\/\/www.gridmag.com.mx\/#\/schema\/person\/image\/\",\"url\":\"https:\/\/secure.gravatar.com\/avatar\/4ee28d020b8df9043271f9d007db149474e34d99c6af741f30ae82499fa11faa?s=96&d=mm&r=g\",\"contentUrl\":\"https:\/\/secure.gravatar.com\/avatar\/4ee28d020b8df9043271f9d007db149474e34d99c6af741f30ae82499fa11faa?s=96&d=mm&r=g\",\"caption\":\"Micael Parada\"},\"sameAs\":[\"https:\/\/www.instagram.com\/micaelparada\/?hl=es-la\"],\"url\":\"https:\/\/www.gridmag.com.mx\/index.php\/author\/micael-parada\/\"}]}<\/script>\n<!-- \/ Yoast SEO plugin. -->","yoast_head_json":{"title":"Feria Nacional de San Marcos | Carajillo, Bar Ef\u00edmero en la FNSM","description":"Explora la fusi\u00f3n \u00fanica entre gastronom\u00eda y arquitectura ef\u00edmera con la llegada de Carajillo, una franquicia de restaurantes-bares de la CDMX","robots":{"index":"index","follow":"follow","max-snippet":"max-snippet:-1","max-image-preview":"max-image-preview:large","max-video-preview":"max-video-preview:-1"},"canonical":"https:\/\/www.gridmag.com.mx\/index.php\/2023\/04\/18\/feria-de-san-marcos-carajillo-bar-efimero-en-la-fnsm\/","og_locale":"es_MX","og_type":"article","og_title":"Feria Nacional de San Marcos | Carajillo, Bar Ef\u00edmero en la FNSM","og_description":"Explora la fusi\u00f3n \u00fanica entre gastronom\u00eda y arquitectura ef\u00edmera con la llegada de Carajillo, una franquicia de restaurantes-bares de la CDMX","og_url":"https:\/\/www.gridmag.com.mx\/index.php\/2023\/04\/18\/feria-de-san-marcos-carajillo-bar-efimero-en-la-fnsm\/","og_site_name":"Grid Magazine","article_publisher":"https:\/\/www.facebook.com\/gridmagazine.mx","article_published_time":"2023-04-18T16:06:46+00:00","article_modified_time":"2024-01-10T22:16:06+00:00","og_image":[{"width":1928,"height":1285,"url":"https:\/\/www.gridmag.com.mx\/wp-content\/uploads\/2023\/04\/MG_9968-copy.jpg","type":"image\/jpeg"}],"author":"Micael Parada","twitter_card":"summary_large_image","twitter_misc":{"Escrito por":"Micael Parada","Tiempo de lectura":"4 minutos"},"schema":{"@context":"https:\/\/schema.org","@graph":[{"@type":"Article","@id":"https:\/\/www.gridmag.com.mx\/index.php\/2023\/04\/18\/feria-de-san-marcos-carajillo-bar-efimero-en-la-fnsm\/#article","isPartOf":{"@id":"https:\/\/www.gridmag.com.mx\/index.php\/2023\/04\/18\/feria-de-san-marcos-carajillo-bar-efimero-en-la-fnsm\/"},"author":{"name":"Micael Parada","@id":"https:\/\/www.gridmag.com.mx\/#\/schema\/person\/284ee4151758427c3dc37dbbba5ff517"},"headline":"Feria de San Marcos | Carajillo, bar ef\u00edmero en la FNSM","datePublished":"2023-04-18T16:06:46+00:00","dateModified":"2024-01-10T22:16:06+00:00","mainEntityOfPage":{"@id":"https:\/\/www.gridmag.com.mx\/index.php\/2023\/04\/18\/feria-de-san-marcos-carajillo-bar-efimero-en-la-fnsm\/"},"wordCount":639,"commentCount":0,"publisher":{"@id":"https:\/\/www.gridmag.com.mx\/#organization"},"image":{"@id":"https:\/\/www.gridmag.com.mx\/index.php\/2023\/04\/18\/feria-de-san-marcos-carajillo-bar-efimero-en-la-fnsm\/#primaryimage"},"thumbnailUrl":"https:\/\/www.gridmag.com.mx\/wp-content\/uploads\/2023\/04\/MG_9968-copy.jpg","articleSection":["Arquitectura","Interiorismo"],"inLanguage":"es","potentialAction":[{"@type":"CommentAction","name":"Comment","target":["https:\/\/www.gridmag.com.mx\/index.php\/2023\/04\/18\/feria-de-san-marcos-carajillo-bar-efimero-en-la-fnsm\/#respond"]}]},{"@type":"WebPage","@id":"https:\/\/www.gridmag.com.mx\/index.php\/2023\/04\/18\/feria-de-san-marcos-carajillo-bar-efimero-en-la-fnsm\/","url":"https:\/\/www.gridmag.com.mx\/index.php\/2023\/04\/18\/feria-de-san-marcos-carajillo-bar-efimero-en-la-fnsm\/","name":"Feria Nacional de San Marcos | Carajillo, Bar Ef\u00edmero en la FNSM","isPartOf":{"@id":"https:\/\/www.gridmag.com.mx\/#website"},"primaryImageOfPage":{"@id":"https:\/\/www.gridmag.com.mx\/index.php\/2023\/04\/18\/feria-de-san-marcos-carajillo-bar-efimero-en-la-fnsm\/#primaryimage"},"image":{"@id":"https:\/\/www.gridmag.com.mx\/index.php\/2023\/04\/18\/feria-de-san-marcos-carajillo-bar-efimero-en-la-fnsm\/#primaryimage"},"thumbnailUrl":"https:\/\/www.gridmag.com.mx\/wp-content\/uploads\/2023\/04\/MG_9968-copy.jpg","datePublished":"2023-04-18T16:06:46+00:00","dateModified":"2024-01-10T22:16:06+00:00","description":"Explora la fusi\u00f3n \u00fanica entre gastronom\u00eda y arquitectura ef\u00edmera con la llegada de Carajillo, una franquicia de restaurantes-bares de la CDMX","breadcrumb":{"@id":"https:\/\/www.gridmag.com.mx\/index.php\/2023\/04\/18\/feria-de-san-marcos-carajillo-bar-efimero-en-la-fnsm\/#breadcrumb"},"inLanguage":"es","potentialAction":[{"@type":"ReadAction","target":["https:\/\/www.gridmag.com.mx\/index.php\/2023\/04\/18\/feria-de-san-marcos-carajillo-bar-efimero-en-la-fnsm\/"]}]},{"@type":"ImageObject","inLanguage":"es","@id":"https:\/\/www.gridmag.com.mx\/index.php\/2023\/04\/18\/feria-de-san-marcos-carajillo-bar-efimero-en-la-fnsm\/#primaryimage","url":"https:\/\/www.gridmag.com.mx\/wp-content\/uploads\/2023\/04\/MG_9968-copy.jpg","contentUrl":"https:\/\/www.gridmag.com.mx\/wp-content\/uploads\/2023\/04\/MG_9968-copy.jpg","width":1928,"height":1285},{"@type":"BreadcrumbList","@id":"https:\/\/www.gridmag.com.mx\/index.php\/2023\/04\/18\/feria-de-san-marcos-carajillo-bar-efimero-en-la-fnsm\/#breadcrumb","itemListElement":[{"@type":"ListItem","position":1,"name":"Inicio","item":"https:\/\/www.gridmag.com.mx\/"},{"@type":"ListItem","position":2,"name":"Feria de San Marcos | Carajillo, bar ef\u00edmero en la FNSM"}]},{"@type":"WebSite","@id":"https:\/\/www.gridmag.com.mx\/#website","url":"https:\/\/www.gridmag.com.mx\/","name":"Grid Magazine","description":"Compartiendo lo mejor de la arquitectura y dise\u00f1o mexicano.","publisher":{"@id":"https:\/\/www.gridmag.com.mx\/#organization"},"potentialAction":[{"@type":"SearchAction","target":{"@type":"EntryPoint","urlTemplate":"https:\/\/www.gridmag.com.mx\/?s={search_term_string}"},"query-input":{"@type":"PropertyValueSpecification","valueRequired":true,"valueName":"search_term_string"}}],"inLanguage":"es"},{"@type":"Organization","@id":"https:\/\/www.gridmag.com.mx\/#organization","name":"Grid Magazine","url":"https:\/\/www.gridmag.com.mx\/","logo":{"@type":"ImageObject","inLanguage":"es","@id":"https:\/\/www.gridmag.com.mx\/#\/schema\/logo\/image\/","url":"","contentUrl":"","caption":"Grid Magazine"},"image":{"@id":"https:\/\/www.gridmag.com.mx\/#\/schema\/logo\/image\/"},"sameAs":["https:\/\/www.facebook.com\/gridmagazine.mx","https:\/\/www.instagram.com\/gridmagazine_mx\/","https:\/\/www.tiktok.com\/@gridmagazine.mx?_t=8gl2kVR2Aq6&_r=1","https:\/\/www.linkedin.com\/company\/grid-magazine-mx\/"]},{"@type":"Person","@id":"https:\/\/www.gridmag.com.mx\/#\/schema\/person\/284ee4151758427c3dc37dbbba5ff517","name":"Micael Parada","image":{"@type":"ImageObject","inLanguage":"es","@id":"https:\/\/www.gridmag.com.mx\/#\/schema\/person\/image\/","url":"https:\/\/secure.gravatar.com\/avatar\/4ee28d020b8df9043271f9d007db149474e34d99c6af741f30ae82499fa11faa?s=96&d=mm&r=g","contentUrl":"https:\/\/secure.gravatar.com\/avatar\/4ee28d020b8df9043271f9d007db149474e34d99c6af741f30ae82499fa11faa?s=96&d=mm&r=g","caption":"Micael Parada"},"sameAs":["https:\/\/www.instagram.com\/micaelparada\/?hl=es-la"],"url":"https:\/\/www.gridmag.com.mx\/index.php\/author\/micael-parada\/"}]}},"_links":{"self":[{"href":"https:\/\/www.gridmag.com.mx\/index.php\/wp-json\/wp\/v2\/posts\/3270","targetHints":{"allow":["GET"]}}],"collection":[{"href":"https:\/\/www.gridmag.com.mx\/index.php\/wp-json\/wp\/v2\/posts"}],"about":[{"href":"https:\/\/www.gridmag.com.mx\/index.php\/wp-json\/wp\/v2\/types\/post"}],"author":[{"embeddable":true,"href":"https:\/\/www.gridmag.com.mx\/index.php\/wp-json\/wp\/v2\/users\/6"}],"replies":[{"embeddable":true,"href":"https:\/\/www.gridmag.com.mx\/index.php\/wp-json\/wp\/v2\/comments?post=3270"}],"version-history":[{"count":3,"href":"https:\/\/www.gridmag.com.mx\/index.php\/wp-json\/wp\/v2\/posts\/3270\/revisions"}],"predecessor-version":[{"id":5991,"href":"https:\/\/www.gridmag.com.mx\/index.php\/wp-json\/wp\/v2\/posts\/3270\/revisions\/5991"}],"wp:featuredmedia":[{"embeddable":true,"href":"https:\/\/www.gridmag.com.mx\/index.php\/wp-json\/wp\/v2\/media\/3271"}],"wp:attachment":[{"href":"https:\/\/www.gridmag.com.mx\/index.php\/wp-json\/wp\/v2\/media?parent=3270"}],"wp:term":[{"taxonomy":"category","embeddable":true,"href":"https:\/\/www.gridmag.com.mx\/index.php\/wp-json\/wp\/v2\/categories?post=3270"},{"taxonomy":"post_tag","embeddable":true,"href":"https:\/\/www.gridmag.com.mx\/index.php\/wp-json\/wp\/v2\/tags?post=3270"}],"curies":[{"name":"wp","href":"https:\/\/api.w.org\/{rel}","templated":true}]}}