{"id":3310,"date":"2023-04-27T10:10:59","date_gmt":"2023-04-27T16:10:59","guid":{"rendered":"https:\/\/www.gridmag.com.mx\/?p=3310"},"modified":"2024-01-11T15:03:42","modified_gmt":"2024-01-11T21:03:42","slug":"lujo-y-arquitectura","status":"publish","type":"post","link":"https:\/\/www.gridmag.com.mx\/index.php\/2023\/04\/27\/lujo-y-arquitectura\/","title":{"rendered":"Lujo y arquitectura | M\u00e1s all\u00e1 de lo exuberante"},"content":{"rendered":"\n<p><strong>Por Cynthia Giacinti<\/strong><\/p>\n\n\n\n\n\n<p>Tomarnos el tiempo en el acelerado d\u00eda a d\u00eda para beber un caf\u00e9 o una copa de vino mientras leemos un libro que nos agrade y disfrutarlo a plenitud es, quiz\u00e1s, una experiencia de lujo.&nbsp;<\/p>\n\n\n\n<p>En este sentido, la palabra \u201clujo\u201d se transforma en una idea distinta a la que conocemos, se dirige m\u00e1s hacia un \u201clujo accesible\u201d y posibilita una <strong>experiencia est\u00e9tica<\/strong>: disfrutar un plano fuera de lo ordinario por medio del uso de los sentidos.\u00a0<\/p>\n\n\n\n<p>Aromas, sonidos, texturas, sabores e im\u00e1genes, tienen la capacidad de moldear atm\u00f3sferas y empaparnos en una experiencia placentera, como lo\u00a0 menciona el fil\u00f3sofo John Dewey en su obra \u201c<strong>El arte como experiencia<\/strong>\u201d.<\/p>\n\n\n\n<p>Desmitificar y darle la vuelta a esta palabra es importante ya que, en el imaginario colectivo, el <strong>lujo<\/strong> nos lleva inmediatamente a pensar en las <strong>grandes marcas<\/strong> relacionadas con un estilo que se basa en el prestigio y en la actualidad, es mucho m\u00e1s que eso.<\/p>\n\n\n\n<figure class=\"wp-block-image size-large\"><img decoding=\"async\" width=\"683\" height=\"1024\" src=\"https:\/\/www.gridmag.com.mx\/wp-content\/uploads\/2023\/04\/minh-pham-OtXADkUh3-I-unsplash-683x1024.jpg\" alt=\"\" class=\"wp-image-3314\" srcset=\"https:\/\/www.gridmag.com.mx\/wp-content\/uploads\/2023\/04\/minh-pham-OtXADkUh3-I-unsplash-683x1024.jpg 683w, https:\/\/www.gridmag.com.mx\/wp-content\/uploads\/2023\/04\/minh-pham-OtXADkUh3-I-unsplash-200x300.jpg 200w, https:\/\/www.gridmag.com.mx\/wp-content\/uploads\/2023\/04\/minh-pham-OtXADkUh3-I-unsplash-768x1152.jpg 768w, https:\/\/www.gridmag.com.mx\/wp-content\/uploads\/2023\/04\/minh-pham-OtXADkUh3-I-unsplash-1024x1536.jpg 1024w, https:\/\/www.gridmag.com.mx\/wp-content\/uploads\/2023\/04\/minh-pham-OtXADkUh3-I-unsplash-1365x2048.jpg 1365w, https:\/\/www.gridmag.com.mx\/wp-content\/uploads\/2023\/04\/minh-pham-OtXADkUh3-I-unsplash-770x1155.jpg 770w, https:\/\/www.gridmag.com.mx\/wp-content\/uploads\/2023\/04\/minh-pham-OtXADkUh3-I-unsplash-1400x2100.jpg 1400w, https:\/\/www.gridmag.com.mx\/wp-content\/uploads\/2023\/04\/minh-pham-OtXADkUh3-I-unsplash.jpg 1417w\" sizes=\"(max-width: 683px) 100vw, 683px\" \/><figcaption class=\"wp-element-caption\">Foto Minh-pham \/ unsplash<\/figcaption><\/figure>\n\n\n\n<h2 class=\"wp-block-heading\"><strong>Lujo y arquitectura<\/strong><\/h2>\n\n\n\n<p>\u00bfC\u00f3mo se ver\u00eda el <strong>lujo en la arquitectura<\/strong>? \u00bfC\u00f3mo ser\u00eda una <strong>experiencia est\u00e9tica en la arquitectura<\/strong> m\u00e1s all\u00e1 de lo exuberante?&nbsp;<\/p>\n\n\n\n<p><strong>Peter Zumthor<\/strong> en su libro <a href=\"https:\/\/editorialgg.com\/pensar-la-arquitectura-libro-2887.html\"><em>Pensar la arquitectura<\/em><\/a> nos dice que \u201clos detalles, cuando salen bien, no son decoraci\u00f3n. No distraen, no entretienen, sino que conducen a la comprensi\u00f3n del todo, a cuya esencia necesariamente pertenecen\u201d. (Zumthor, 2014, p. 15)\u00a0<\/p>\n\n\n\n<p>Un muro aparente con un acabado impecable, realizado con materiales de la regi\u00f3n que evocan un sentimiento de regionalismo; un <strong>dise\u00f1o de paisaje<\/strong> compuesto con <strong>vegetaci\u00f3n aut\u00f3ctona<\/strong>; la correcta proporci\u00f3n de un vano orientado hacia un paisaje exterior o un patio interior con una atm\u00f3sfera propia, son algunos ejemplos de pr\u00e1cticas cuidadas a detalle en la <a href=\"https:\/\/www.gridmag.com.mx\/index.php\/2023\/09\/28\/con-a-de-arquitectura-i-amorette-lopez\/\">arquitectura<\/a> que nos llevan a tener <a href=\"https:\/\/www.gridmag.com.mx\/index.php\/2023\/05\/04\/disenando-experiencias\/\">experiencias<\/a> de lujo relacionadas con apreciar lo real y honesto m\u00e1s all\u00e1 de utilizar los materiales m\u00e1s finos o costosos.<\/p>\n\n\n\n<figure class=\"wp-block-image size-large\"><img decoding=\"async\" width=\"768\" height=\"1024\" src=\"https:\/\/www.gridmag.com.mx\/wp-content\/uploads\/2023\/04\/jen-p-FoG8lotg7AA-unsplash-1-768x1024.jpg\" alt=\"\" class=\"wp-image-3316\" srcset=\"https:\/\/www.gridmag.com.mx\/wp-content\/uploads\/2023\/04\/jen-p-FoG8lotg7AA-unsplash-1-768x1024.jpg 768w, https:\/\/www.gridmag.com.mx\/wp-content\/uploads\/2023\/04\/jen-p-FoG8lotg7AA-unsplash-1-225x300.jpg 225w, https:\/\/www.gridmag.com.mx\/wp-content\/uploads\/2023\/04\/jen-p-FoG8lotg7AA-unsplash-1-1152x1536.jpg 1152w, https:\/\/www.gridmag.com.mx\/wp-content\/uploads\/2023\/04\/jen-p-FoG8lotg7AA-unsplash-1-770x1027.jpg 770w, https:\/\/www.gridmag.com.mx\/wp-content\/uploads\/2023\/04\/jen-p-FoG8lotg7AA-unsplash-1-1400x1867.jpg 1400w, https:\/\/www.gridmag.com.mx\/wp-content\/uploads\/2023\/04\/jen-p-FoG8lotg7AA-unsplash-1.jpg 1417w\" sizes=\"(max-width: 768px) 100vw, 768px\" \/><figcaption class=\"wp-element-caption\">Foto Jen p \/ unsplash<\/figcaption><\/figure>\n\n\n\n<h2 class=\"wp-block-heading\"><strong>Verdad, justicia y belleza<\/strong><\/h2>\n\n\n\n<p>Existen tres conceptos importantes para que una arquitectura sea v\u00e1lida: verdad, justicia y belleza.\u00a0<\/p>\n\n\n\n<p>Estos principios de los que nos habla <strong>Fernando Gonz\u00e1lez Gort\u00e1zar<\/strong> en su libro <em>Arquitectura, pensamiento y creaci\u00f3n<\/em> est\u00e1n fuertemente ligados con el concepto de lo lujoso en el sentido de la calidad, la excelencia y la experiencia <strong>est\u00e9tica<\/strong> y sensorial que se traducen en calidad de vida para las personas.\u00a0<\/p>\n\n\n\n<p>La verdad en la <strong>arquitectura<\/strong> tendr\u00eda que ver con la honestidad en los materiales, la pureza de las formas, estar acorde con su tiempo, su sitio, su idiosincrasia, para de esta forma construir la historia acorde al momento y lugar.<\/p>\n\n\n\n<p>Son estos principios los que las escuelas de arquitectura contempor\u00e1neas deber\u00edan promover: la utilizaci\u00f3n de materiales regionales, m\u00e9todos constructivos que minimicen costos y exalten las cualidades de las <a href=\"https:\/\/www.gridmag.com.mx\/index.php\/2022\/11\/01\/obras-negras\/\">obras<\/a> y un <strong>dise\u00f1o de calidad<\/strong> que d\u00e9 un sentido de vanguardia y estilo.<\/p>\n\n\n\n<p>Para la arquitecta <a href=\"https:\/\/www.archdaily.mx\/mx\/958589\/anne-lacaton-y-jean-philippe-vassal-ganadores-del-premio-pritzker-de-arquitectura-2021\"><strong>Anne Lacaton<\/strong><\/a> ganadora del <strong>Pritzker 2021 \u201cEl lujo es el espacio\u201d<\/strong>. La generosidad de los espacios, tener los metros cuadrados necesarios para desarrollar cada actividad es hacer <strong>justicia en la arquitectura<\/strong>.<\/p>\n\n\n\n<figure class=\"wp-block-image size-large\"><img decoding=\"async\" width=\"819\" height=\"1024\" src=\"https:\/\/www.gridmag.com.mx\/wp-content\/uploads\/2023\/04\/dimaz-fakhruddin-qSZ01k_k1wg-unsplash-819x1024.jpg\" alt=\"Lujo y arquitectura | M\u00e1s All\u00e1 de lo Exuberante\" class=\"wp-image-3317\" srcset=\"https:\/\/www.gridmag.com.mx\/wp-content\/uploads\/2023\/04\/dimaz-fakhruddin-qSZ01k_k1wg-unsplash-819x1024.jpg 819w, https:\/\/www.gridmag.com.mx\/wp-content\/uploads\/2023\/04\/dimaz-fakhruddin-qSZ01k_k1wg-unsplash-240x300.jpg 240w, https:\/\/www.gridmag.com.mx\/wp-content\/uploads\/2023\/04\/dimaz-fakhruddin-qSZ01k_k1wg-unsplash-768x960.jpg 768w, https:\/\/www.gridmag.com.mx\/wp-content\/uploads\/2023\/04\/dimaz-fakhruddin-qSZ01k_k1wg-unsplash-1229x1536.jpg 1229w, https:\/\/www.gridmag.com.mx\/wp-content\/uploads\/2023\/04\/dimaz-fakhruddin-qSZ01k_k1wg-unsplash-1638x2048.jpg 1638w, https:\/\/www.gridmag.com.mx\/wp-content\/uploads\/2023\/04\/dimaz-fakhruddin-qSZ01k_k1wg-unsplash-770x963.jpg 770w, https:\/\/www.gridmag.com.mx\/wp-content\/uploads\/2023\/04\/dimaz-fakhruddin-qSZ01k_k1wg-unsplash-1400x1750.jpg 1400w, https:\/\/www.gridmag.com.mx\/wp-content\/uploads\/2023\/04\/dimaz-fakhruddin-qSZ01k_k1wg-unsplash.jpg 2000w\" sizes=\"(max-width: 819px) 100vw, 819px\" \/><figcaption class=\"wp-element-caption\">Foto Dimaz fakhruddin \/ unsplash<\/figcaption><\/figure>\n\n\n\n<div style=\"height:10px\" aria-hidden=\"true\" class=\"wp-block-spacer\"><\/div>\n\n\n\n<h2 class=\"wp-block-heading\"><strong>Democratizaci\u00f3n del lujo: belleza como derecho, no privilegio<\/strong><\/h2>\n\n\n\n<p>Hablar de justicia nos lleva a este plano de la <strong>democratizaci\u00f3n del lujo<\/strong>, y de darnos cuenta que puede desligarse del estatus y la opulencia, pero nunca de la <a href=\"https:\/\/www.gridmag.com.mx\/index.php\/2022\/07\/09\/divagaciones-sobre-la-belleza-y-la-fealdad\/\">belleza<\/a>. \u00a1Y qu\u00e9 es el lujo si no la calidad de vida y el deleite!<\/p>\n\n\n\n<p>Es com\u00fan que muchas veces se asuma que algo es costoso porque es est\u00e9tico o porque est\u00e1 bien dise\u00f1ado y muchas veces se descarta como opci\u00f3n sin saber su precio, ya sea un objeto, lugar o experiencia. Se ha estigmatizado lo bello como algo superfluo pero la belleza debe ser un derecho y no un privilegio. Y nada tiene que ver con el dinero.<\/p>\n\n\n\n<p>\u00bfY qu\u00e9 es la belleza si no es la verdad? Estos tres conceptos se entrelazan y conforman una experiencia del <a href=\"https:\/\/www.gridmag.com.mx\/index.php\/2023\/01\/31\/oriundo-i-lujo-y-paraiso-en-la-selva-maya\/\">lujo<\/a>.\u00a0<\/p>\n\n\n\n<p>Lo que llamamos \u201clujo o belleza\u201d no tendr\u00eda que ser necesariamente algo et\u00e9reo e inalcanzable que flota por encima de nosotros, sino parte de nuestra vida diaria, de nuestra cotidianidad.<\/p>\n\n\n\n<p>Al igual que la p\u00e1tina sobre los edificios, hay un lujo silencioso, que no necesita gritar para demostrar su valor, o perfecto y ostentoso, sino real y sin filtros, quiz\u00e1 desordenado o roto, honesto como las fachadas aparentes, como un piso con madera natural, con crujir al caminar, su aroma y su imperfecci\u00f3n que inunda nuestros sentidos.<\/p>\n\n\n\n<p>Los objetos cuando tienen una historia, cobran vida y se vuelven invaluables.&nbsp;<\/p>\n\n\n\n<figure class=\"wp-block-image size-large\"><img decoding=\"async\" width=\"684\" height=\"1024\" src=\"https:\/\/www.gridmag.com.mx\/wp-content\/uploads\/2023\/04\/element5-digital-2cwqJgtQ3D0-unsplash-684x1024.jpg\" alt=\"Lujo y arquitectura | M\u00e1s All\u00e1 de lo Exuberante\" class=\"wp-image-3318\" srcset=\"https:\/\/www.gridmag.com.mx\/wp-content\/uploads\/2023\/04\/element5-digital-2cwqJgtQ3D0-unsplash-684x1024.jpg 684w, https:\/\/www.gridmag.com.mx\/wp-content\/uploads\/2023\/04\/element5-digital-2cwqJgtQ3D0-unsplash-200x300.jpg 200w, https:\/\/www.gridmag.com.mx\/wp-content\/uploads\/2023\/04\/element5-digital-2cwqJgtQ3D0-unsplash-768x1150.jpg 768w, https:\/\/www.gridmag.com.mx\/wp-content\/uploads\/2023\/04\/element5-digital-2cwqJgtQ3D0-unsplash-1025x1536.jpg 1025w, https:\/\/www.gridmag.com.mx\/wp-content\/uploads\/2023\/04\/element5-digital-2cwqJgtQ3D0-unsplash-1367x2048.jpg 1367w, https:\/\/www.gridmag.com.mx\/wp-content\/uploads\/2023\/04\/element5-digital-2cwqJgtQ3D0-unsplash-770x1153.jpg 770w, https:\/\/www.gridmag.com.mx\/wp-content\/uploads\/2023\/04\/element5-digital-2cwqJgtQ3D0-unsplash-1400x2097.jpg 1400w, https:\/\/www.gridmag.com.mx\/wp-content\/uploads\/2023\/04\/element5-digital-2cwqJgtQ3D0-unsplash.jpg 1709w\" sizes=\"(max-width: 684px) 100vw, 684px\" \/><figcaption class=\"wp-element-caption\">Foto Element5 digital \/ unsplash<\/figcaption><\/figure>\n\n\n\n<p><strong>Fuentes bibliogr\u00e1ficas<\/strong><\/p>\n\n\n\n<p><em>ZUMTHOR, Peter (2010): <\/em>Pensar la arquitectura.<em> Barcelona, Gustavo Gili, 2014.<\/em><\/p>\n\n\n\n<p><em>GONZ\u00c1LEZ GORT\u00c1ZAR, Fernando (2014): <\/em>Arquitectura, pensamiento y creaci\u00f3n.<em> UNAM, M\u00e9xico, DF. Fondo de Cultura Econ\u00f3mica.&nbsp;<\/em><em>DEWEY, John (1934):&nbsp;<\/em>El arte como experiencia<em>. Trad. Jordi Claramonte. Barcelona, 2008 Paid\u00f3s. Print.<\/em><\/p>\n","protected":false},"excerpt":{"rendered":"<p>Por Cynthia Giacinti Tomarnos el tiempo en el acelerado d\u00eda a d\u00eda para beber un caf\u00e9 o una copa de vino mientras leemos un libro que nos agrade y disfrutarlo a plenitud es, quiz\u00e1s, una experiencia de lujo.&nbsp; En este sentido, la palabra \u201clujo\u201d se transforma en una idea distinta a la que conocemos, se dirige m\u00e1s hacia un \u201clujo accesible\u201d y posibilita una experiencia est\u00e9tica: disfrutar un plano fuera de lo ordinario por medio del uso de los sentidos.\u00a0 [&hellip;]<\/p>\n","protected":false},"author":12,"featured_media":3311,"comment_status":"open","ping_status":"open","sticky":false,"template":"","format":"standard","meta":{"footnotes":""},"categories":[49,56],"tags":[],"class_list":["post-3310","post","type-post","status-publish","format-standard","has-post-thumbnail","hentry","category-arquitectura","category-editor-picks"],"yoast_head":"<!-- This site is optimized with the Yoast SEO plugin v27.0 - https:\/\/yoast.com\/product\/yoast-seo-wordpress\/ -->\n<title>Lujo y arquitectura | M\u00e1s All\u00e1 de lo Exuberante<\/title>\n<meta name=\"description\" content=\"Ad\u00e9ntrate en una reflexi\u00f3n sobre el lujo en la arquitectura, donde la experiencia est\u00e9tica va m\u00e1s all\u00e1 de la ostentaci\u00f3n.\" \/>\n<meta name=\"robots\" content=\"index, follow, max-snippet:-1, max-image-preview:large, max-video-preview:-1\" \/>\n<link rel=\"canonical\" href=\"https:\/\/www.gridmag.com.mx\/index.php\/2023\/04\/27\/lujo-y-arquitectura\/\" \/>\n<meta property=\"og:locale\" content=\"es_MX\" \/>\n<meta property=\"og:type\" content=\"article\" \/>\n<meta property=\"og:title\" content=\"Lujo y arquitectura | M\u00e1s All\u00e1 de lo Exuberante\" \/>\n<meta property=\"og:description\" content=\"Ad\u00e9ntrate en una reflexi\u00f3n sobre el lujo en la arquitectura, donde la experiencia est\u00e9tica va m\u00e1s all\u00e1 de la ostentaci\u00f3n.\" \/>\n<meta property=\"og:url\" content=\"https:\/\/www.gridmag.com.mx\/index.php\/2023\/04\/27\/lujo-y-arquitectura\/\" \/>\n<meta property=\"og:site_name\" content=\"Grid Magazine\" \/>\n<meta property=\"article:publisher\" content=\"https:\/\/www.facebook.com\/gridmagazine.mx\" \/>\n<meta property=\"article:published_time\" content=\"2023-04-27T16:10:59+00:00\" \/>\n<meta property=\"article:modified_time\" content=\"2024-01-11T21:03:42+00:00\" \/>\n<meta property=\"og:image\" content=\"https:\/\/www.gridmag.com.mx\/wp-content\/uploads\/2023\/04\/kam-idris-_HqHX3LBN18-unsplash-scaled.jpg\" \/>\n\t<meta property=\"og:image:width\" content=\"2560\" \/>\n\t<meta property=\"og:image:height\" content=\"2259\" \/>\n\t<meta property=\"og:image:type\" content=\"image\/jpeg\" \/>\n<meta name=\"author\" content=\"Autor Invitado\" \/>\n<meta name=\"twitter:card\" content=\"summary_large_image\" \/>\n<meta name=\"twitter:label1\" content=\"Escrito por\" \/>\n\t<meta name=\"twitter:data1\" content=\"Autor Invitado\" \/>\n\t<meta name=\"twitter:label2\" content=\"Tiempo de lectura\" \/>\n\t<meta name=\"twitter:data2\" content=\"5 minutos\" \/>\n<script type=\"application\/ld+json\" class=\"yoast-schema-graph\">{\"@context\":\"https:\/\/schema.org\",\"@graph\":[{\"@type\":\"Article\",\"@id\":\"https:\/\/www.gridmag.com.mx\/index.php\/2023\/04\/27\/lujo-y-arquitectura\/#article\",\"isPartOf\":{\"@id\":\"https:\/\/www.gridmag.com.mx\/index.php\/2023\/04\/27\/lujo-y-arquitectura\/\"},\"author\":{\"name\":\"Autor Invitado\",\"@id\":\"https:\/\/www.gridmag.com.mx\/#\/schema\/person\/bfe28cdbe6ebe447796b7d7428227768\"},\"headline\":\"Lujo y arquitectura | M\u00e1s all\u00e1 de lo exuberante\",\"datePublished\":\"2023-04-27T16:10:59+00:00\",\"dateModified\":\"2024-01-11T21:03:42+00:00\",\"mainEntityOfPage\":{\"@id\":\"https:\/\/www.gridmag.com.mx\/index.php\/2023\/04\/27\/lujo-y-arquitectura\/\"},\"wordCount\":841,\"commentCount\":0,\"publisher\":{\"@id\":\"https:\/\/www.gridmag.com.mx\/#organization\"},\"image\":{\"@id\":\"https:\/\/www.gridmag.com.mx\/index.php\/2023\/04\/27\/lujo-y-arquitectura\/#primaryimage\"},\"thumbnailUrl\":\"https:\/\/www.gridmag.com.mx\/wp-content\/uploads\/2023\/04\/kam-idris-_HqHX3LBN18-unsplash.jpg\",\"articleSection\":[\"Arquitectura\",\"Editor Picks\"],\"inLanguage\":\"es\",\"potentialAction\":[{\"@type\":\"CommentAction\",\"name\":\"Comment\",\"target\":[\"https:\/\/www.gridmag.com.mx\/index.php\/2023\/04\/27\/lujo-y-arquitectura\/#respond\"]}]},{\"@type\":\"WebPage\",\"@id\":\"https:\/\/www.gridmag.com.mx\/index.php\/2023\/04\/27\/lujo-y-arquitectura\/\",\"url\":\"https:\/\/www.gridmag.com.mx\/index.php\/2023\/04\/27\/lujo-y-arquitectura\/\",\"name\":\"Lujo y arquitectura | M\u00e1s All\u00e1 de lo Exuberante\",\"isPartOf\":{\"@id\":\"https:\/\/www.gridmag.com.mx\/#website\"},\"primaryImageOfPage\":{\"@id\":\"https:\/\/www.gridmag.com.mx\/index.php\/2023\/04\/27\/lujo-y-arquitectura\/#primaryimage\"},\"image\":{\"@id\":\"https:\/\/www.gridmag.com.mx\/index.php\/2023\/04\/27\/lujo-y-arquitectura\/#primaryimage\"},\"thumbnailUrl\":\"https:\/\/www.gridmag.com.mx\/wp-content\/uploads\/2023\/04\/kam-idris-_HqHX3LBN18-unsplash.jpg\",\"datePublished\":\"2023-04-27T16:10:59+00:00\",\"dateModified\":\"2024-01-11T21:03:42+00:00\",\"description\":\"Ad\u00e9ntrate en una reflexi\u00f3n sobre el lujo en la arquitectura, donde la experiencia est\u00e9tica va m\u00e1s all\u00e1 de la ostentaci\u00f3n.\",\"breadcrumb\":{\"@id\":\"https:\/\/www.gridmag.com.mx\/index.php\/2023\/04\/27\/lujo-y-arquitectura\/#breadcrumb\"},\"inLanguage\":\"es\",\"potentialAction\":[{\"@type\":\"ReadAction\",\"target\":[\"https:\/\/www.gridmag.com.mx\/index.php\/2023\/04\/27\/lujo-y-arquitectura\/\"]}]},{\"@type\":\"ImageObject\",\"inLanguage\":\"es\",\"@id\":\"https:\/\/www.gridmag.com.mx\/index.php\/2023\/04\/27\/lujo-y-arquitectura\/#primaryimage\",\"url\":\"https:\/\/www.gridmag.com.mx\/wp-content\/uploads\/2023\/04\/kam-idris-_HqHX3LBN18-unsplash.jpg\",\"contentUrl\":\"https:\/\/www.gridmag.com.mx\/wp-content\/uploads\/2023\/04\/kam-idris-_HqHX3LBN18-unsplash.jpg\",\"width\":2560,\"height\":2259},{\"@type\":\"BreadcrumbList\",\"@id\":\"https:\/\/www.gridmag.com.mx\/index.php\/2023\/04\/27\/lujo-y-arquitectura\/#breadcrumb\",\"itemListElement\":[{\"@type\":\"ListItem\",\"position\":1,\"name\":\"Inicio\",\"item\":\"https:\/\/www.gridmag.com.mx\/\"},{\"@type\":\"ListItem\",\"position\":2,\"name\":\"Lujo y arquitectura | M\u00e1s all\u00e1 de lo exuberante\"}]},{\"@type\":\"WebSite\",\"@id\":\"https:\/\/www.gridmag.com.mx\/#website\",\"url\":\"https:\/\/www.gridmag.com.mx\/\",\"name\":\"Grid Magazine\",\"description\":\"Compartiendo lo mejor de la arquitectura y dise\u00f1o mexicano.\",\"publisher\":{\"@id\":\"https:\/\/www.gridmag.com.mx\/#organization\"},\"potentialAction\":[{\"@type\":\"SearchAction\",\"target\":{\"@type\":\"EntryPoint\",\"urlTemplate\":\"https:\/\/www.gridmag.com.mx\/?s={search_term_string}\"},\"query-input\":{\"@type\":\"PropertyValueSpecification\",\"valueRequired\":true,\"valueName\":\"search_term_string\"}}],\"inLanguage\":\"es\"},{\"@type\":\"Organization\",\"@id\":\"https:\/\/www.gridmag.com.mx\/#organization\",\"name\":\"Grid Magazine\",\"url\":\"https:\/\/www.gridmag.com.mx\/\",\"logo\":{\"@type\":\"ImageObject\",\"inLanguage\":\"es\",\"@id\":\"https:\/\/www.gridmag.com.mx\/#\/schema\/logo\/image\/\",\"url\":\"\",\"contentUrl\":\"\",\"caption\":\"Grid Magazine\"},\"image\":{\"@id\":\"https:\/\/www.gridmag.com.mx\/#\/schema\/logo\/image\/\"},\"sameAs\":[\"https:\/\/www.facebook.com\/gridmagazine.mx\",\"https:\/\/www.instagram.com\/gridmagazine_mx\/\",\"https:\/\/www.tiktok.com\/@gridmagazine.mx?_t=8gl2kVR2Aq6&_r=1\",\"https:\/\/www.linkedin.com\/company\/grid-magazine-mx\/\"]},{\"@type\":\"Person\",\"@id\":\"https:\/\/www.gridmag.com.mx\/#\/schema\/person\/bfe28cdbe6ebe447796b7d7428227768\",\"name\":\"Autor Invitado\",\"image\":{\"@type\":\"ImageObject\",\"inLanguage\":\"es\",\"@id\":\"https:\/\/www.gridmag.com.mx\/#\/schema\/person\/image\/\",\"url\":\"https:\/\/secure.gravatar.com\/avatar\/1951b157afe68d49ac5cd93d23d29a9502733912b3259d0cba8485421e416450?s=96&d=mm&r=g\",\"contentUrl\":\"https:\/\/secure.gravatar.com\/avatar\/1951b157afe68d49ac5cd93d23d29a9502733912b3259d0cba8485421e416450?s=96&d=mm&r=g\",\"caption\":\"Autor Invitado\"},\"url\":\"https:\/\/www.gridmag.com.mx\/index.php\/author\/autor-invitado\/\"}]}<\/script>\n<!-- \/ Yoast SEO plugin. -->","yoast_head_json":{"title":"Lujo y arquitectura | M\u00e1s All\u00e1 de lo Exuberante","description":"Ad\u00e9ntrate en una reflexi\u00f3n sobre el lujo en la arquitectura, donde la experiencia est\u00e9tica va m\u00e1s all\u00e1 de la ostentaci\u00f3n.","robots":{"index":"index","follow":"follow","max-snippet":"max-snippet:-1","max-image-preview":"max-image-preview:large","max-video-preview":"max-video-preview:-1"},"canonical":"https:\/\/www.gridmag.com.mx\/index.php\/2023\/04\/27\/lujo-y-arquitectura\/","og_locale":"es_MX","og_type":"article","og_title":"Lujo y arquitectura | M\u00e1s All\u00e1 de lo Exuberante","og_description":"Ad\u00e9ntrate en una reflexi\u00f3n sobre el lujo en la arquitectura, donde la experiencia est\u00e9tica va m\u00e1s all\u00e1 de la ostentaci\u00f3n.","og_url":"https:\/\/www.gridmag.com.mx\/index.php\/2023\/04\/27\/lujo-y-arquitectura\/","og_site_name":"Grid Magazine","article_publisher":"https:\/\/www.facebook.com\/gridmagazine.mx","article_published_time":"2023-04-27T16:10:59+00:00","article_modified_time":"2024-01-11T21:03:42+00:00","og_image":[{"width":2560,"height":2259,"url":"https:\/\/www.gridmag.com.mx\/wp-content\/uploads\/2023\/04\/kam-idris-_HqHX3LBN18-unsplash-scaled.jpg","type":"image\/jpeg"}],"author":"Autor Invitado","twitter_card":"summary_large_image","twitter_misc":{"Escrito por":"Autor Invitado","Tiempo de lectura":"5 minutos"},"schema":{"@context":"https:\/\/schema.org","@graph":[{"@type":"Article","@id":"https:\/\/www.gridmag.com.mx\/index.php\/2023\/04\/27\/lujo-y-arquitectura\/#article","isPartOf":{"@id":"https:\/\/www.gridmag.com.mx\/index.php\/2023\/04\/27\/lujo-y-arquitectura\/"},"author":{"name":"Autor Invitado","@id":"https:\/\/www.gridmag.com.mx\/#\/schema\/person\/bfe28cdbe6ebe447796b7d7428227768"},"headline":"Lujo y arquitectura | M\u00e1s all\u00e1 de lo exuberante","datePublished":"2023-04-27T16:10:59+00:00","dateModified":"2024-01-11T21:03:42+00:00","mainEntityOfPage":{"@id":"https:\/\/www.gridmag.com.mx\/index.php\/2023\/04\/27\/lujo-y-arquitectura\/"},"wordCount":841,"commentCount":0,"publisher":{"@id":"https:\/\/www.gridmag.com.mx\/#organization"},"image":{"@id":"https:\/\/www.gridmag.com.mx\/index.php\/2023\/04\/27\/lujo-y-arquitectura\/#primaryimage"},"thumbnailUrl":"https:\/\/www.gridmag.com.mx\/wp-content\/uploads\/2023\/04\/kam-idris-_HqHX3LBN18-unsplash.jpg","articleSection":["Arquitectura","Editor Picks"],"inLanguage":"es","potentialAction":[{"@type":"CommentAction","name":"Comment","target":["https:\/\/www.gridmag.com.mx\/index.php\/2023\/04\/27\/lujo-y-arquitectura\/#respond"]}]},{"@type":"WebPage","@id":"https:\/\/www.gridmag.com.mx\/index.php\/2023\/04\/27\/lujo-y-arquitectura\/","url":"https:\/\/www.gridmag.com.mx\/index.php\/2023\/04\/27\/lujo-y-arquitectura\/","name":"Lujo y arquitectura | M\u00e1s All\u00e1 de lo Exuberante","isPartOf":{"@id":"https:\/\/www.gridmag.com.mx\/#website"},"primaryImageOfPage":{"@id":"https:\/\/www.gridmag.com.mx\/index.php\/2023\/04\/27\/lujo-y-arquitectura\/#primaryimage"},"image":{"@id":"https:\/\/www.gridmag.com.mx\/index.php\/2023\/04\/27\/lujo-y-arquitectura\/#primaryimage"},"thumbnailUrl":"https:\/\/www.gridmag.com.mx\/wp-content\/uploads\/2023\/04\/kam-idris-_HqHX3LBN18-unsplash.jpg","datePublished":"2023-04-27T16:10:59+00:00","dateModified":"2024-01-11T21:03:42+00:00","description":"Ad\u00e9ntrate en una reflexi\u00f3n sobre el lujo en la arquitectura, donde la experiencia est\u00e9tica va m\u00e1s all\u00e1 de la ostentaci\u00f3n.","breadcrumb":{"@id":"https:\/\/www.gridmag.com.mx\/index.php\/2023\/04\/27\/lujo-y-arquitectura\/#breadcrumb"},"inLanguage":"es","potentialAction":[{"@type":"ReadAction","target":["https:\/\/www.gridmag.com.mx\/index.php\/2023\/04\/27\/lujo-y-arquitectura\/"]}]},{"@type":"ImageObject","inLanguage":"es","@id":"https:\/\/www.gridmag.com.mx\/index.php\/2023\/04\/27\/lujo-y-arquitectura\/#primaryimage","url":"https:\/\/www.gridmag.com.mx\/wp-content\/uploads\/2023\/04\/kam-idris-_HqHX3LBN18-unsplash.jpg","contentUrl":"https:\/\/www.gridmag.com.mx\/wp-content\/uploads\/2023\/04\/kam-idris-_HqHX3LBN18-unsplash.jpg","width":2560,"height":2259},{"@type":"BreadcrumbList","@id":"https:\/\/www.gridmag.com.mx\/index.php\/2023\/04\/27\/lujo-y-arquitectura\/#breadcrumb","itemListElement":[{"@type":"ListItem","position":1,"name":"Inicio","item":"https:\/\/www.gridmag.com.mx\/"},{"@type":"ListItem","position":2,"name":"Lujo y arquitectura | M\u00e1s all\u00e1 de lo exuberante"}]},{"@type":"WebSite","@id":"https:\/\/www.gridmag.com.mx\/#website","url":"https:\/\/www.gridmag.com.mx\/","name":"Grid Magazine","description":"Compartiendo lo mejor de la arquitectura y dise\u00f1o mexicano.","publisher":{"@id":"https:\/\/www.gridmag.com.mx\/#organization"},"potentialAction":[{"@type":"SearchAction","target":{"@type":"EntryPoint","urlTemplate":"https:\/\/www.gridmag.com.mx\/?s={search_term_string}"},"query-input":{"@type":"PropertyValueSpecification","valueRequired":true,"valueName":"search_term_string"}}],"inLanguage":"es"},{"@type":"Organization","@id":"https:\/\/www.gridmag.com.mx\/#organization","name":"Grid Magazine","url":"https:\/\/www.gridmag.com.mx\/","logo":{"@type":"ImageObject","inLanguage":"es","@id":"https:\/\/www.gridmag.com.mx\/#\/schema\/logo\/image\/","url":"","contentUrl":"","caption":"Grid Magazine"},"image":{"@id":"https:\/\/www.gridmag.com.mx\/#\/schema\/logo\/image\/"},"sameAs":["https:\/\/www.facebook.com\/gridmagazine.mx","https:\/\/www.instagram.com\/gridmagazine_mx\/","https:\/\/www.tiktok.com\/@gridmagazine.mx?_t=8gl2kVR2Aq6&_r=1","https:\/\/www.linkedin.com\/company\/grid-magazine-mx\/"]},{"@type":"Person","@id":"https:\/\/www.gridmag.com.mx\/#\/schema\/person\/bfe28cdbe6ebe447796b7d7428227768","name":"Autor Invitado","image":{"@type":"ImageObject","inLanguage":"es","@id":"https:\/\/www.gridmag.com.mx\/#\/schema\/person\/image\/","url":"https:\/\/secure.gravatar.com\/avatar\/1951b157afe68d49ac5cd93d23d29a9502733912b3259d0cba8485421e416450?s=96&d=mm&r=g","contentUrl":"https:\/\/secure.gravatar.com\/avatar\/1951b157afe68d49ac5cd93d23d29a9502733912b3259d0cba8485421e416450?s=96&d=mm&r=g","caption":"Autor Invitado"},"url":"https:\/\/www.gridmag.com.mx\/index.php\/author\/autor-invitado\/"}]}},"_links":{"self":[{"href":"https:\/\/www.gridmag.com.mx\/index.php\/wp-json\/wp\/v2\/posts\/3310","targetHints":{"allow":["GET"]}}],"collection":[{"href":"https:\/\/www.gridmag.com.mx\/index.php\/wp-json\/wp\/v2\/posts"}],"about":[{"href":"https:\/\/www.gridmag.com.mx\/index.php\/wp-json\/wp\/v2\/types\/post"}],"author":[{"embeddable":true,"href":"https:\/\/www.gridmag.com.mx\/index.php\/wp-json\/wp\/v2\/users\/12"}],"replies":[{"embeddable":true,"href":"https:\/\/www.gridmag.com.mx\/index.php\/wp-json\/wp\/v2\/comments?post=3310"}],"version-history":[{"count":5,"href":"https:\/\/www.gridmag.com.mx\/index.php\/wp-json\/wp\/v2\/posts\/3310\/revisions"}],"predecessor-version":[{"id":6014,"href":"https:\/\/www.gridmag.com.mx\/index.php\/wp-json\/wp\/v2\/posts\/3310\/revisions\/6014"}],"wp:featuredmedia":[{"embeddable":true,"href":"https:\/\/www.gridmag.com.mx\/index.php\/wp-json\/wp\/v2\/media\/3311"}],"wp:attachment":[{"href":"https:\/\/www.gridmag.com.mx\/index.php\/wp-json\/wp\/v2\/media?parent=3310"}],"wp:term":[{"taxonomy":"category","embeddable":true,"href":"https:\/\/www.gridmag.com.mx\/index.php\/wp-json\/wp\/v2\/categories?post=3310"},{"taxonomy":"post_tag","embeddable":true,"href":"https:\/\/www.gridmag.com.mx\/index.php\/wp-json\/wp\/v2\/tags?post=3310"}],"curies":[{"name":"wp","href":"https:\/\/api.w.org\/{rel}","templated":true}]}}