{"id":3338,"date":"2023-05-01T21:34:28","date_gmt":"2023-05-02T03:34:28","guid":{"rendered":"https:\/\/www.gridmag.com.mx\/?p=3338"},"modified":"2024-01-11T15:43:29","modified_gmt":"2024-01-11T21:43:29","slug":"tadao-ando-y-botellas-recicladas-en-el-met-gala-2023","status":"publish","type":"post","link":"https:\/\/www.gridmag.com.mx\/index.php\/2023\/05\/01\/tadao-ando-y-botellas-recicladas-en-el-met-gala-2023\/","title":{"rendered":"Tadao Ando y botellas recicladas en el Met Gala 2023"},"content":{"rendered":"\n<p>El <strong>arquitecto japon\u00e9s <\/strong><a href=\"https:\/\/es.wikipedia.org\/wiki\/Tadao_And%C5%8D\"><strong>Tadao Ando<\/strong><\/a> fue el encargado de dise\u00f1ar la exposici\u00f3n de este a\u00f1o <strong><em>&#8220;Karl Lagerfeld: a line of beauty&#8221;<\/em><\/strong> para el <strong>Met Gala 2023<\/strong>. No s\u00f3lo eso, sino tambi\u00e9n dise\u00f1\u00f3 \u00e9l mismo la famosa alfombra en que las celebridades caminaron hacia el evento en esta ocasi\u00f3n.<\/p>\n\n\n\n<p>Gracias a Tadao Ando el camino al Met se ve muy diferente este <a href=\"https:\/\/www.gridmag.com.mx\/index.php\/2023\/10\/10\/revelacion-del-color-del-ano-2024\/\">a\u00f1o<\/a>. Los costados de la alfombra se encuentran cubiertos por <strong>paneles decorados con <em>trompe l\u2019oeil<\/em><\/strong>. Inspirados en antiguas pinturas francesas del siglo XVIII en tonos azules y dorados.<\/p>\n\n\n\n<p>Lo que antes eran arbustos y flores son ahora reemplazados por una peque\u00f1a <strong>barrera de botellas de pl\u00e1stico recicladas<\/strong> que hacen juego con los hermosos candelabros tambi\u00e9n hechos con botellas recicladas.<\/p>\n\n\n\n<figure class=\"wp-block-image size-large\"><img decoding=\"async\" width=\"819\" height=\"1024\" src=\"https:\/\/www.gridmag.com.mx\/wp-content\/uploads\/2023\/05\/FvEu8LjXwAEXvCe-1-819x1024.jpg\" alt=\"Tadao Ando y Botellas Recicladas en el Met Gala 2023\" class=\"wp-image-3344\" srcset=\"https:\/\/www.gridmag.com.mx\/wp-content\/uploads\/2023\/05\/FvEu8LjXwAEXvCe-1-819x1024.jpg 819w, https:\/\/www.gridmag.com.mx\/wp-content\/uploads\/2023\/05\/FvEu8LjXwAEXvCe-1-240x300.jpg 240w, https:\/\/www.gridmag.com.mx\/wp-content\/uploads\/2023\/05\/FvEu8LjXwAEXvCe-1-768x960.jpg 768w, https:\/\/www.gridmag.com.mx\/wp-content\/uploads\/2023\/05\/FvEu8LjXwAEXvCe-1-1229x1536.jpg 1229w, https:\/\/www.gridmag.com.mx\/wp-content\/uploads\/2023\/05\/FvEu8LjXwAEXvCe-1-770x963.jpg 770w, https:\/\/www.gridmag.com.mx\/wp-content\/uploads\/2023\/05\/FvEu8LjXwAEXvCe-1-1400x1750.jpg 1400w, https:\/\/www.gridmag.com.mx\/wp-content\/uploads\/2023\/05\/FvEu8LjXwAEXvCe-1.jpg 1440w\" sizes=\"(max-width: 819px) 100vw, 819px\" \/><\/figure>\n\n\n\n<div style=\"height:10px\" aria-hidden=\"true\" class=\"wp-block-spacer\"><\/div>\n\n\n\n<p>Todas las botellas de agua usadas dentro de esta instalaci\u00f3n ser\u00e1n reusadas para darles un nuevo uso despu\u00e9s del evento.<\/p>\n\n\n\n<p class=\"has-small-font-size\">Fotos tomadas del IG del MET Museum<\/p>\n","protected":false},"excerpt":{"rendered":"<p>El arquitecto japon\u00e9s Tadao Ando fue el encargado de dise\u00f1ar la exposici\u00f3n de este a\u00f1o &#8220;Karl Lagerfeld: a line of beauty&#8221; para el Met Gala 2023. No s\u00f3lo eso, sino tambi\u00e9n dise\u00f1\u00f3 \u00e9l mismo la famosa alfombra en que las celebridades caminaron hacia el evento en esta ocasi\u00f3n. Gracias a Tadao Ando el camino al Met se ve muy diferente este a\u00f1o. Los costados de la alfombra se encuentran cubiertos por paneles decorados con trompe l\u2019oeil. Inspirados en antiguas pinturas [&hellip;]<\/p>\n","protected":false},"author":1,"featured_media":3343,"comment_status":"open","ping_status":"open","sticky":false,"template":"","format":"standard","meta":{"footnotes":""},"categories":[52],"tags":[],"class_list":["post-3338","post","type-post","status-publish","format-standard","has-post-thumbnail","hentry","category-diseno"],"yoast_head":"<!-- This site is optimized with the Yoast SEO plugin v27.0 - https:\/\/yoast.com\/product\/yoast-seo-wordpress\/ -->\n<title>Tadao Ando y Botellas Recicladas en el Met Gala 2023<\/title>\n<meta name=\"description\" content=\"Descubre la transformaci\u00f3n visual del ic\u00f3nico Met Gala 2023, dise\u00f1ada por el arquitecto japon\u00e9s Tadao Ando.\" \/>\n<meta name=\"robots\" content=\"index, follow, max-snippet:-1, max-image-preview:large, max-video-preview:-1\" \/>\n<link rel=\"canonical\" href=\"https:\/\/www.gridmag.com.mx\/index.php\/2023\/05\/01\/tadao-ando-y-botellas-recicladas-en-el-met-gala-2023\/\" \/>\n<meta property=\"og:locale\" content=\"es_MX\" \/>\n<meta property=\"og:type\" content=\"article\" \/>\n<meta property=\"og:title\" content=\"Tadao Ando y Botellas Recicladas en el Met Gala 2023\" \/>\n<meta property=\"og:description\" content=\"Descubre la transformaci\u00f3n visual del ic\u00f3nico Met Gala 2023, dise\u00f1ada por el arquitecto japon\u00e9s Tadao Ando.\" \/>\n<meta property=\"og:url\" content=\"https:\/\/www.gridmag.com.mx\/index.php\/2023\/05\/01\/tadao-ando-y-botellas-recicladas-en-el-met-gala-2023\/\" \/>\n<meta property=\"og:site_name\" content=\"Grid Magazine\" \/>\n<meta property=\"article:publisher\" content=\"https:\/\/www.facebook.com\/gridmagazine.mx\" \/>\n<meta property=\"article:published_time\" content=\"2023-05-02T03:34:28+00:00\" \/>\n<meta property=\"article:modified_time\" content=\"2024-01-11T21:43:29+00:00\" \/>\n<meta property=\"og:image\" content=\"https:\/\/www.gridmag.com.mx\/wp-content\/uploads\/2023\/05\/MET-MUSEUM-2.png\" \/>\n\t<meta property=\"og:image:width\" content=\"850\" \/>\n\t<meta property=\"og:image:height\" content=\"1083\" \/>\n\t<meta property=\"og:image:type\" content=\"image\/png\" \/>\n<meta name=\"author\" content=\"Grid Magazine\" \/>\n<meta name=\"twitter:card\" content=\"summary_large_image\" \/>\n<meta name=\"twitter:label1\" content=\"Escrito por\" \/>\n\t<meta name=\"twitter:data1\" content=\"Grid Magazine\" \/>\n\t<meta name=\"twitter:label2\" content=\"Tiempo de lectura\" \/>\n\t<meta name=\"twitter:data2\" content=\"1 minuto\" \/>\n<script type=\"application\/ld+json\" class=\"yoast-schema-graph\">{\"@context\":\"https:\/\/schema.org\",\"@graph\":[{\"@type\":\"Article\",\"@id\":\"https:\/\/www.gridmag.com.mx\/index.php\/2023\/05\/01\/tadao-ando-y-botellas-recicladas-en-el-met-gala-2023\/#article\",\"isPartOf\":{\"@id\":\"https:\/\/www.gridmag.com.mx\/index.php\/2023\/05\/01\/tadao-ando-y-botellas-recicladas-en-el-met-gala-2023\/\"},\"author\":{\"name\":\"Grid Magazine\",\"@id\":\"https:\/\/www.gridmag.com.mx\/#\/schema\/person\/d54cddc75e2ecfe4a55e39c0336ae932\"},\"headline\":\"Tadao Ando y botellas recicladas en el Met Gala 2023\",\"datePublished\":\"2023-05-02T03:34:28+00:00\",\"dateModified\":\"2024-01-11T21:43:29+00:00\",\"mainEntityOfPage\":{\"@id\":\"https:\/\/www.gridmag.com.mx\/index.php\/2023\/05\/01\/tadao-ando-y-botellas-recicladas-en-el-met-gala-2023\/\"},\"wordCount\":170,\"commentCount\":0,\"publisher\":{\"@id\":\"https:\/\/www.gridmag.com.mx\/#organization\"},\"image\":{\"@id\":\"https:\/\/www.gridmag.com.mx\/index.php\/2023\/05\/01\/tadao-ando-y-botellas-recicladas-en-el-met-gala-2023\/#primaryimage\"},\"thumbnailUrl\":\"https:\/\/www.gridmag.com.mx\/wp-content\/uploads\/2023\/05\/MET-MUSEUM-2.png\",\"articleSection\":[\"Dise\u00f1o\"],\"inLanguage\":\"es\",\"potentialAction\":[{\"@type\":\"CommentAction\",\"name\":\"Comment\",\"target\":[\"https:\/\/www.gridmag.com.mx\/index.php\/2023\/05\/01\/tadao-ando-y-botellas-recicladas-en-el-met-gala-2023\/#respond\"]}]},{\"@type\":\"WebPage\",\"@id\":\"https:\/\/www.gridmag.com.mx\/index.php\/2023\/05\/01\/tadao-ando-y-botellas-recicladas-en-el-met-gala-2023\/\",\"url\":\"https:\/\/www.gridmag.com.mx\/index.php\/2023\/05\/01\/tadao-ando-y-botellas-recicladas-en-el-met-gala-2023\/\",\"name\":\"Tadao Ando y Botellas Recicladas en el Met Gala 2023\",\"isPartOf\":{\"@id\":\"https:\/\/www.gridmag.com.mx\/#website\"},\"primaryImageOfPage\":{\"@id\":\"https:\/\/www.gridmag.com.mx\/index.php\/2023\/05\/01\/tadao-ando-y-botellas-recicladas-en-el-met-gala-2023\/#primaryimage\"},\"image\":{\"@id\":\"https:\/\/www.gridmag.com.mx\/index.php\/2023\/05\/01\/tadao-ando-y-botellas-recicladas-en-el-met-gala-2023\/#primaryimage\"},\"thumbnailUrl\":\"https:\/\/www.gridmag.com.mx\/wp-content\/uploads\/2023\/05\/MET-MUSEUM-2.png\",\"datePublished\":\"2023-05-02T03:34:28+00:00\",\"dateModified\":\"2024-01-11T21:43:29+00:00\",\"description\":\"Descubre la transformaci\u00f3n visual del ic\u00f3nico Met Gala 2023, dise\u00f1ada por el arquitecto japon\u00e9s Tadao Ando.\",\"breadcrumb\":{\"@id\":\"https:\/\/www.gridmag.com.mx\/index.php\/2023\/05\/01\/tadao-ando-y-botellas-recicladas-en-el-met-gala-2023\/#breadcrumb\"},\"inLanguage\":\"es\",\"potentialAction\":[{\"@type\":\"ReadAction\",\"target\":[\"https:\/\/www.gridmag.com.mx\/index.php\/2023\/05\/01\/tadao-ando-y-botellas-recicladas-en-el-met-gala-2023\/\"]}]},{\"@type\":\"ImageObject\",\"inLanguage\":\"es\",\"@id\":\"https:\/\/www.gridmag.com.mx\/index.php\/2023\/05\/01\/tadao-ando-y-botellas-recicladas-en-el-met-gala-2023\/#primaryimage\",\"url\":\"https:\/\/www.gridmag.com.mx\/wp-content\/uploads\/2023\/05\/MET-MUSEUM-2.png\",\"contentUrl\":\"https:\/\/www.gridmag.com.mx\/wp-content\/uploads\/2023\/05\/MET-MUSEUM-2.png\",\"width\":850,\"height\":1083},{\"@type\":\"BreadcrumbList\",\"@id\":\"https:\/\/www.gridmag.com.mx\/index.php\/2023\/05\/01\/tadao-ando-y-botellas-recicladas-en-el-met-gala-2023\/#breadcrumb\",\"itemListElement\":[{\"@type\":\"ListItem\",\"position\":1,\"name\":\"Inicio\",\"item\":\"https:\/\/www.gridmag.com.mx\/\"},{\"@type\":\"ListItem\",\"position\":2,\"name\":\"Tadao Ando y botellas recicladas en el Met Gala 2023\"}]},{\"@type\":\"WebSite\",\"@id\":\"https:\/\/www.gridmag.com.mx\/#website\",\"url\":\"https:\/\/www.gridmag.com.mx\/\",\"name\":\"Grid Magazine\",\"description\":\"Compartiendo lo mejor de la arquitectura y dise\u00f1o mexicano.\",\"publisher\":{\"@id\":\"https:\/\/www.gridmag.com.mx\/#organization\"},\"potentialAction\":[{\"@type\":\"SearchAction\",\"target\":{\"@type\":\"EntryPoint\",\"urlTemplate\":\"https:\/\/www.gridmag.com.mx\/?s={search_term_string}\"},\"query-input\":{\"@type\":\"PropertyValueSpecification\",\"valueRequired\":true,\"valueName\":\"search_term_string\"}}],\"inLanguage\":\"es\"},{\"@type\":\"Organization\",\"@id\":\"https:\/\/www.gridmag.com.mx\/#organization\",\"name\":\"Grid Magazine\",\"url\":\"https:\/\/www.gridmag.com.mx\/\",\"logo\":{\"@type\":\"ImageObject\",\"inLanguage\":\"es\",\"@id\":\"https:\/\/www.gridmag.com.mx\/#\/schema\/logo\/image\/\",\"url\":\"\",\"contentUrl\":\"\",\"caption\":\"Grid Magazine\"},\"image\":{\"@id\":\"https:\/\/www.gridmag.com.mx\/#\/schema\/logo\/image\/\"},\"sameAs\":[\"https:\/\/www.facebook.com\/gridmagazine.mx\",\"https:\/\/www.instagram.com\/gridmagazine_mx\/\",\"https:\/\/www.tiktok.com\/@gridmagazine.mx?_t=8gl2kVR2Aq6&_r=1\",\"https:\/\/www.linkedin.com\/company\/grid-magazine-mx\/\"]},{\"@type\":\"Person\",\"@id\":\"https:\/\/www.gridmag.com.mx\/#\/schema\/person\/d54cddc75e2ecfe4a55e39c0336ae932\",\"name\":\"Grid Magazine\",\"image\":{\"@type\":\"ImageObject\",\"inLanguage\":\"es\",\"@id\":\"https:\/\/www.gridmag.com.mx\/#\/schema\/person\/image\/\",\"url\":\"https:\/\/secure.gravatar.com\/avatar\/8e4bd50943002dd6ee9db30e5af749244f3e21206a99c4fb42429117eaacfc83?s=96&d=mm&r=g\",\"contentUrl\":\"https:\/\/secure.gravatar.com\/avatar\/8e4bd50943002dd6ee9db30e5af749244f3e21206a99c4fb42429117eaacfc83?s=96&d=mm&r=g\",\"caption\":\"Grid Magazine\"},\"sameAs\":[\"https:\/\/www.gridmag.com.mx\"],\"url\":\"https:\/\/www.gridmag.com.mx\/index.php\/author\/grid-magazine-arq\/\"}]}<\/script>\n<!-- \/ Yoast SEO plugin. -->","yoast_head_json":{"title":"Tadao Ando y Botellas Recicladas en el Met Gala 2023","description":"Descubre la transformaci\u00f3n visual del ic\u00f3nico Met Gala 2023, dise\u00f1ada por el arquitecto japon\u00e9s Tadao Ando.","robots":{"index":"index","follow":"follow","max-snippet":"max-snippet:-1","max-image-preview":"max-image-preview:large","max-video-preview":"max-video-preview:-1"},"canonical":"https:\/\/www.gridmag.com.mx\/index.php\/2023\/05\/01\/tadao-ando-y-botellas-recicladas-en-el-met-gala-2023\/","og_locale":"es_MX","og_type":"article","og_title":"Tadao Ando y Botellas Recicladas en el Met Gala 2023","og_description":"Descubre la transformaci\u00f3n visual del ic\u00f3nico Met Gala 2023, dise\u00f1ada por el arquitecto japon\u00e9s Tadao Ando.","og_url":"https:\/\/www.gridmag.com.mx\/index.php\/2023\/05\/01\/tadao-ando-y-botellas-recicladas-en-el-met-gala-2023\/","og_site_name":"Grid Magazine","article_publisher":"https:\/\/www.facebook.com\/gridmagazine.mx","article_published_time":"2023-05-02T03:34:28+00:00","article_modified_time":"2024-01-11T21:43:29+00:00","og_image":[{"width":850,"height":1083,"url":"https:\/\/www.gridmag.com.mx\/wp-content\/uploads\/2023\/05\/MET-MUSEUM-2.png","type":"image\/png"}],"author":"Grid Magazine","twitter_card":"summary_large_image","twitter_misc":{"Escrito por":"Grid Magazine","Tiempo de lectura":"1 minuto"},"schema":{"@context":"https:\/\/schema.org","@graph":[{"@type":"Article","@id":"https:\/\/www.gridmag.com.mx\/index.php\/2023\/05\/01\/tadao-ando-y-botellas-recicladas-en-el-met-gala-2023\/#article","isPartOf":{"@id":"https:\/\/www.gridmag.com.mx\/index.php\/2023\/05\/01\/tadao-ando-y-botellas-recicladas-en-el-met-gala-2023\/"},"author":{"name":"Grid Magazine","@id":"https:\/\/www.gridmag.com.mx\/#\/schema\/person\/d54cddc75e2ecfe4a55e39c0336ae932"},"headline":"Tadao Ando y botellas recicladas en el Met Gala 2023","datePublished":"2023-05-02T03:34:28+00:00","dateModified":"2024-01-11T21:43:29+00:00","mainEntityOfPage":{"@id":"https:\/\/www.gridmag.com.mx\/index.php\/2023\/05\/01\/tadao-ando-y-botellas-recicladas-en-el-met-gala-2023\/"},"wordCount":170,"commentCount":0,"publisher":{"@id":"https:\/\/www.gridmag.com.mx\/#organization"},"image":{"@id":"https:\/\/www.gridmag.com.mx\/index.php\/2023\/05\/01\/tadao-ando-y-botellas-recicladas-en-el-met-gala-2023\/#primaryimage"},"thumbnailUrl":"https:\/\/www.gridmag.com.mx\/wp-content\/uploads\/2023\/05\/MET-MUSEUM-2.png","articleSection":["Dise\u00f1o"],"inLanguage":"es","potentialAction":[{"@type":"CommentAction","name":"Comment","target":["https:\/\/www.gridmag.com.mx\/index.php\/2023\/05\/01\/tadao-ando-y-botellas-recicladas-en-el-met-gala-2023\/#respond"]}]},{"@type":"WebPage","@id":"https:\/\/www.gridmag.com.mx\/index.php\/2023\/05\/01\/tadao-ando-y-botellas-recicladas-en-el-met-gala-2023\/","url":"https:\/\/www.gridmag.com.mx\/index.php\/2023\/05\/01\/tadao-ando-y-botellas-recicladas-en-el-met-gala-2023\/","name":"Tadao Ando y Botellas Recicladas en el Met Gala 2023","isPartOf":{"@id":"https:\/\/www.gridmag.com.mx\/#website"},"primaryImageOfPage":{"@id":"https:\/\/www.gridmag.com.mx\/index.php\/2023\/05\/01\/tadao-ando-y-botellas-recicladas-en-el-met-gala-2023\/#primaryimage"},"image":{"@id":"https:\/\/www.gridmag.com.mx\/index.php\/2023\/05\/01\/tadao-ando-y-botellas-recicladas-en-el-met-gala-2023\/#primaryimage"},"thumbnailUrl":"https:\/\/www.gridmag.com.mx\/wp-content\/uploads\/2023\/05\/MET-MUSEUM-2.png","datePublished":"2023-05-02T03:34:28+00:00","dateModified":"2024-01-11T21:43:29+00:00","description":"Descubre la transformaci\u00f3n visual del ic\u00f3nico Met Gala 2023, dise\u00f1ada por el arquitecto japon\u00e9s Tadao Ando.","breadcrumb":{"@id":"https:\/\/www.gridmag.com.mx\/index.php\/2023\/05\/01\/tadao-ando-y-botellas-recicladas-en-el-met-gala-2023\/#breadcrumb"},"inLanguage":"es","potentialAction":[{"@type":"ReadAction","target":["https:\/\/www.gridmag.com.mx\/index.php\/2023\/05\/01\/tadao-ando-y-botellas-recicladas-en-el-met-gala-2023\/"]}]},{"@type":"ImageObject","inLanguage":"es","@id":"https:\/\/www.gridmag.com.mx\/index.php\/2023\/05\/01\/tadao-ando-y-botellas-recicladas-en-el-met-gala-2023\/#primaryimage","url":"https:\/\/www.gridmag.com.mx\/wp-content\/uploads\/2023\/05\/MET-MUSEUM-2.png","contentUrl":"https:\/\/www.gridmag.com.mx\/wp-content\/uploads\/2023\/05\/MET-MUSEUM-2.png","width":850,"height":1083},{"@type":"BreadcrumbList","@id":"https:\/\/www.gridmag.com.mx\/index.php\/2023\/05\/01\/tadao-ando-y-botellas-recicladas-en-el-met-gala-2023\/#breadcrumb","itemListElement":[{"@type":"ListItem","position":1,"name":"Inicio","item":"https:\/\/www.gridmag.com.mx\/"},{"@type":"ListItem","position":2,"name":"Tadao Ando y botellas recicladas en el Met Gala 2023"}]},{"@type":"WebSite","@id":"https:\/\/www.gridmag.com.mx\/#website","url":"https:\/\/www.gridmag.com.mx\/","name":"Grid Magazine","description":"Compartiendo lo mejor de la arquitectura y dise\u00f1o mexicano.","publisher":{"@id":"https:\/\/www.gridmag.com.mx\/#organization"},"potentialAction":[{"@type":"SearchAction","target":{"@type":"EntryPoint","urlTemplate":"https:\/\/www.gridmag.com.mx\/?s={search_term_string}"},"query-input":{"@type":"PropertyValueSpecification","valueRequired":true,"valueName":"search_term_string"}}],"inLanguage":"es"},{"@type":"Organization","@id":"https:\/\/www.gridmag.com.mx\/#organization","name":"Grid Magazine","url":"https:\/\/www.gridmag.com.mx\/","logo":{"@type":"ImageObject","inLanguage":"es","@id":"https:\/\/www.gridmag.com.mx\/#\/schema\/logo\/image\/","url":"","contentUrl":"","caption":"Grid Magazine"},"image":{"@id":"https:\/\/www.gridmag.com.mx\/#\/schema\/logo\/image\/"},"sameAs":["https:\/\/www.facebook.com\/gridmagazine.mx","https:\/\/www.instagram.com\/gridmagazine_mx\/","https:\/\/www.tiktok.com\/@gridmagazine.mx?_t=8gl2kVR2Aq6&_r=1","https:\/\/www.linkedin.com\/company\/grid-magazine-mx\/"]},{"@type":"Person","@id":"https:\/\/www.gridmag.com.mx\/#\/schema\/person\/d54cddc75e2ecfe4a55e39c0336ae932","name":"Grid Magazine","image":{"@type":"ImageObject","inLanguage":"es","@id":"https:\/\/www.gridmag.com.mx\/#\/schema\/person\/image\/","url":"https:\/\/secure.gravatar.com\/avatar\/8e4bd50943002dd6ee9db30e5af749244f3e21206a99c4fb42429117eaacfc83?s=96&d=mm&r=g","contentUrl":"https:\/\/secure.gravatar.com\/avatar\/8e4bd50943002dd6ee9db30e5af749244f3e21206a99c4fb42429117eaacfc83?s=96&d=mm&r=g","caption":"Grid Magazine"},"sameAs":["https:\/\/www.gridmag.com.mx"],"url":"https:\/\/www.gridmag.com.mx\/index.php\/author\/grid-magazine-arq\/"}]}},"_links":{"self":[{"href":"https:\/\/www.gridmag.com.mx\/index.php\/wp-json\/wp\/v2\/posts\/3338","targetHints":{"allow":["GET"]}}],"collection":[{"href":"https:\/\/www.gridmag.com.mx\/index.php\/wp-json\/wp\/v2\/posts"}],"about":[{"href":"https:\/\/www.gridmag.com.mx\/index.php\/wp-json\/wp\/v2\/types\/post"}],"author":[{"embeddable":true,"href":"https:\/\/www.gridmag.com.mx\/index.php\/wp-json\/wp\/v2\/users\/1"}],"replies":[{"embeddable":true,"href":"https:\/\/www.gridmag.com.mx\/index.php\/wp-json\/wp\/v2\/comments?post=3338"}],"version-history":[{"count":3,"href":"https:\/\/www.gridmag.com.mx\/index.php\/wp-json\/wp\/v2\/posts\/3338\/revisions"}],"predecessor-version":[{"id":6020,"href":"https:\/\/www.gridmag.com.mx\/index.php\/wp-json\/wp\/v2\/posts\/3338\/revisions\/6020"}],"wp:featuredmedia":[{"embeddable":true,"href":"https:\/\/www.gridmag.com.mx\/index.php\/wp-json\/wp\/v2\/media\/3343"}],"wp:attachment":[{"href":"https:\/\/www.gridmag.com.mx\/index.php\/wp-json\/wp\/v2\/media?parent=3338"}],"wp:term":[{"taxonomy":"category","embeddable":true,"href":"https:\/\/www.gridmag.com.mx\/index.php\/wp-json\/wp\/v2\/categories?post=3338"},{"taxonomy":"post_tag","embeddable":true,"href":"https:\/\/www.gridmag.com.mx\/index.php\/wp-json\/wp\/v2\/tags?post=3338"}],"curies":[{"name":"wp","href":"https:\/\/api.w.org\/{rel}","templated":true}]}}