{"id":4205,"date":"2023-08-03T09:38:21","date_gmt":"2023-08-03T15:38:21","guid":{"rendered":"https:\/\/www.gridmag.com.mx\/?p=4205"},"modified":"2024-01-24T16:55:52","modified_gmt":"2024-01-24T22:55:52","slug":"casa-gardenia-i-estudio-atemporal","status":"publish","type":"post","link":"https:\/\/www.gridmag.com.mx\/index.php\/2023\/08\/03\/casa-gardenia-i-estudio-atemporal\/","title":{"rendered":"Casa Gardenia I Caba\u00f1a contempor\u00e1nea por Estudio Atemporal"},"content":{"rendered":"\n\n\n<p>A las afueras de <strong>Valle de Brav<\/strong>o, en el poblado de San Sim\u00f3n El Alto, se desarrolla el proyecto de una casa que convive de una manera muy particular con el exterior.<\/p>\n\n\n\n<p>Las particularidades del entorno, el <strong>juego de luz<\/strong> y de escalas, junto con una geometr\u00eda pura caracter\u00edstica de las caba\u00f1as t\u00edpicas, nos permite una exploraci\u00f3n volum\u00e9trica que responde a las condiciones del terreno. Al reinterpretar los elementos, concebimos a este proyecto como una caba\u00f1a contempor\u00e1nea.<\/p>\n\n\n\n<figure class=\"wp-block-image size-large\"><img decoding=\"async\" width=\"1024\" height=\"683\" src=\"https:\/\/www.gridmag.com.mx\/wp-content\/uploads\/2023\/08\/CASA-GARDENIA_FOTOS-LGM-STUDIO__0022-1024x683.jpg\" alt=\"Casa Gardenia I Caba\u00f1a contempor\u00e1nea por Estudio Atemporal\" class=\"wp-image-4207\" srcset=\"https:\/\/www.gridmag.com.mx\/wp-content\/uploads\/2023\/08\/CASA-GARDENIA_FOTOS-LGM-STUDIO__0022-1024x683.jpg 1024w, https:\/\/www.gridmag.com.mx\/wp-content\/uploads\/2023\/08\/CASA-GARDENIA_FOTOS-LGM-STUDIO__0022-300x200.jpg 300w, https:\/\/www.gridmag.com.mx\/wp-content\/uploads\/2023\/08\/CASA-GARDENIA_FOTOS-LGM-STUDIO__0022-768x512.jpg 768w, https:\/\/www.gridmag.com.mx\/wp-content\/uploads\/2023\/08\/CASA-GARDENIA_FOTOS-LGM-STUDIO__0022-1536x1024.jpg 1536w, https:\/\/www.gridmag.com.mx\/wp-content\/uploads\/2023\/08\/CASA-GARDENIA_FOTOS-LGM-STUDIO__0022-360x240.jpg 360w, https:\/\/www.gridmag.com.mx\/wp-content\/uploads\/2023\/08\/CASA-GARDENIA_FOTOS-LGM-STUDIO__0022-720x480.jpg 720w, https:\/\/www.gridmag.com.mx\/wp-content\/uploads\/2023\/08\/CASA-GARDENIA_FOTOS-LGM-STUDIO__0022-770x513.jpg 770w, https:\/\/www.gridmag.com.mx\/wp-content\/uploads\/2023\/08\/CASA-GARDENIA_FOTOS-LGM-STUDIO__0022-1400x934.jpg 1400w, https:\/\/www.gridmag.com.mx\/wp-content\/uploads\/2023\/08\/CASA-GARDENIA_FOTOS-LGM-STUDIO__0022.jpg 1984w\" sizes=\"(max-width: 1024px) 100vw, 1024px\" \/><\/figure>\n\n\n\n<div style=\"height:10px\" aria-hidden=\"true\" class=\"wp-block-spacer\"><\/div>\n\n\n\n<h2 class=\"wp-block-heading\"><strong>Dise\u00f1o funcional y espacios arm\u00f3nicos<\/strong><\/h2>\n\n\n\n<p>El programa se compone de un \u00e1rea p\u00fablica (estancia, <strong>terraza<\/strong>, cocina y servicios), bajo una cubierta a dos aguas de doble altura. Este espacio, se extiende hacia la terraza, la cual, a manera de <em>deck<\/em>, integra de manera arm\u00f3nica los momentos interior y exterior.<\/p>\n\n\n\n<p>El \u00e1rea privada se compone de tres rec\u00e1maras, dos secundarias en planta baja y la principal en planta alta, aprovechando la altura de la cubierta para generar un <strong>espacio \u00edntimo<\/strong> y acogedor.<\/p>\n\n\n\n<div class=\"wp-block-columns is-layout-flex wp-container-core-columns-is-layout-9d6595d7 wp-block-columns-is-layout-flex\">\n<div class=\"wp-block-column is-layout-flow wp-block-column-is-layout-flow\">\n<figure class=\"wp-block-image size-large\"><img decoding=\"async\" width=\"1024\" height=\"683\" src=\"https:\/\/www.gridmag.com.mx\/wp-content\/uploads\/2023\/08\/CASA-GARDENIA_FOTOS-LGM-STUDIO__0908-1024x683.jpg\" alt=\"Casa Gardenia I Caba\u00f1a contempor\u00e1nea por Estudio Atemporal\" class=\"wp-image-4208\" srcset=\"https:\/\/www.gridmag.com.mx\/wp-content\/uploads\/2023\/08\/CASA-GARDENIA_FOTOS-LGM-STUDIO__0908-1024x683.jpg 1024w, https:\/\/www.gridmag.com.mx\/wp-content\/uploads\/2023\/08\/CASA-GARDENIA_FOTOS-LGM-STUDIO__0908-300x200.jpg 300w, https:\/\/www.gridmag.com.mx\/wp-content\/uploads\/2023\/08\/CASA-GARDENIA_FOTOS-LGM-STUDIO__0908-768x512.jpg 768w, https:\/\/www.gridmag.com.mx\/wp-content\/uploads\/2023\/08\/CASA-GARDENIA_FOTOS-LGM-STUDIO__0908-1536x1024.jpg 1536w, https:\/\/www.gridmag.com.mx\/wp-content\/uploads\/2023\/08\/CASA-GARDENIA_FOTOS-LGM-STUDIO__0908-2048x1366.jpg 2048w, https:\/\/www.gridmag.com.mx\/wp-content\/uploads\/2023\/08\/CASA-GARDENIA_FOTOS-LGM-STUDIO__0908-360x240.jpg 360w, https:\/\/www.gridmag.com.mx\/wp-content\/uploads\/2023\/08\/CASA-GARDENIA_FOTOS-LGM-STUDIO__0908-720x480.jpg 720w, https:\/\/www.gridmag.com.mx\/wp-content\/uploads\/2023\/08\/CASA-GARDENIA_FOTOS-LGM-STUDIO__0908-770x513.jpg 770w, https:\/\/www.gridmag.com.mx\/wp-content\/uploads\/2023\/08\/CASA-GARDENIA_FOTOS-LGM-STUDIO__0908-1400x934.jpg 1400w\" sizes=\"(max-width: 1024px) 100vw, 1024px\" \/><\/figure>\n<\/div>\n\n\n\n<div class=\"wp-block-column is-layout-flow wp-block-column-is-layout-flow\">\n<figure class=\"wp-block-image size-large\"><img decoding=\"async\" width=\"1024\" height=\"683\" src=\"https:\/\/www.gridmag.com.mx\/wp-content\/uploads\/2023\/08\/CASA-GARDENIA_FOTOS-LGM-STUDIO__0843-1024x683.jpg\" alt=\"\" class=\"wp-image-4209\" srcset=\"https:\/\/www.gridmag.com.mx\/wp-content\/uploads\/2023\/08\/CASA-GARDENIA_FOTOS-LGM-STUDIO__0843-1024x683.jpg 1024w, https:\/\/www.gridmag.com.mx\/wp-content\/uploads\/2023\/08\/CASA-GARDENIA_FOTOS-LGM-STUDIO__0843-300x200.jpg 300w, https:\/\/www.gridmag.com.mx\/wp-content\/uploads\/2023\/08\/CASA-GARDENIA_FOTOS-LGM-STUDIO__0843-768x512.jpg 768w, https:\/\/www.gridmag.com.mx\/wp-content\/uploads\/2023\/08\/CASA-GARDENIA_FOTOS-LGM-STUDIO__0843-1536x1024.jpg 1536w, https:\/\/www.gridmag.com.mx\/wp-content\/uploads\/2023\/08\/CASA-GARDENIA_FOTOS-LGM-STUDIO__0843-2048x1366.jpg 2048w, https:\/\/www.gridmag.com.mx\/wp-content\/uploads\/2023\/08\/CASA-GARDENIA_FOTOS-LGM-STUDIO__0843-360x240.jpg 360w, https:\/\/www.gridmag.com.mx\/wp-content\/uploads\/2023\/08\/CASA-GARDENIA_FOTOS-LGM-STUDIO__0843-720x480.jpg 720w, https:\/\/www.gridmag.com.mx\/wp-content\/uploads\/2023\/08\/CASA-GARDENIA_FOTOS-LGM-STUDIO__0843-770x513.jpg 770w, https:\/\/www.gridmag.com.mx\/wp-content\/uploads\/2023\/08\/CASA-GARDENIA_FOTOS-LGM-STUDIO__0843-1400x934.jpg 1400w\" sizes=\"(max-width: 1024px) 100vw, 1024px\" \/><\/figure>\n<\/div>\n<\/div>\n\n\n\n<p>\u201cLa casa funge como un espacio de refugio en el campo, lejos de la <a href=\"https:\/\/www.gridmag.com.mx\/index.php\/2023\/07\/21\/ciudad-y-cultura\/\">ciudad<\/a> y las zonas urbanas\u201d, agrega el equipo de Estudio atemporal. Los canceles en el \u00e1rea p\u00fablica permiten una relaci\u00f3n directa con el exterior al abrirse por completo, permitiendo que el entorno sea parte de la casa en todo momento. De esta manera, se logra generar una conexi\u00f3n necesaria con el contexto, apreciando el sitio y a su vez evidenciando su <strong>belleza<\/strong>. Este gesto cumple el cometido de dejar la ciudad atr\u00e1s y vivir el <strong>entorno natural<\/strong>.<\/p>\n\n\n\n<div class=\"wp-block-columns is-layout-flex wp-container-core-columns-is-layout-9d6595d7 wp-block-columns-is-layout-flex\">\n<div class=\"wp-block-column is-layout-flow wp-block-column-is-layout-flow\">\n<figure class=\"wp-block-image size-large\"><img decoding=\"async\" width=\"790\" height=\"1024\" src=\"https:\/\/www.gridmag.com.mx\/wp-content\/uploads\/2023\/08\/CASA-GARDENIA_FOTOS-LGM-STUDIO__0724-790x1024.jpg\" alt=\"\" class=\"wp-image-4210\" srcset=\"https:\/\/www.gridmag.com.mx\/wp-content\/uploads\/2023\/08\/CASA-GARDENIA_FOTOS-LGM-STUDIO__0724-790x1024.jpg 790w, https:\/\/www.gridmag.com.mx\/wp-content\/uploads\/2023\/08\/CASA-GARDENIA_FOTOS-LGM-STUDIO__0724-231x300.jpg 231w, https:\/\/www.gridmag.com.mx\/wp-content\/uploads\/2023\/08\/CASA-GARDENIA_FOTOS-LGM-STUDIO__0724-768x996.jpg 768w, https:\/\/www.gridmag.com.mx\/wp-content\/uploads\/2023\/08\/CASA-GARDENIA_FOTOS-LGM-STUDIO__0724-1184x1536.jpg 1184w, https:\/\/www.gridmag.com.mx\/wp-content\/uploads\/2023\/08\/CASA-GARDENIA_FOTOS-LGM-STUDIO__0724-1579x2048.jpg 1579w, https:\/\/www.gridmag.com.mx\/wp-content\/uploads\/2023\/08\/CASA-GARDENIA_FOTOS-LGM-STUDIO__0724-770x999.jpg 770w, https:\/\/www.gridmag.com.mx\/wp-content\/uploads\/2023\/08\/CASA-GARDENIA_FOTOS-LGM-STUDIO__0724-1400x1816.jpg 1400w, https:\/\/www.gridmag.com.mx\/wp-content\/uploads\/2023\/08\/CASA-GARDENIA_FOTOS-LGM-STUDIO__0724.jpg 1974w\" sizes=\"(max-width: 790px) 100vw, 790px\" \/><\/figure>\n<\/div>\n\n\n\n<div class=\"wp-block-column is-layout-flow wp-block-column-is-layout-flow\">\n<figure class=\"wp-block-image size-large\"><img decoding=\"async\" width=\"789\" height=\"1024\" src=\"https:\/\/www.gridmag.com.mx\/wp-content\/uploads\/2023\/08\/CASA-GARDENIA_FOTOS-LGM-STUDIO__0784-789x1024.jpg\" alt=\"\" class=\"wp-image-4211\" srcset=\"https:\/\/www.gridmag.com.mx\/wp-content\/uploads\/2023\/08\/CASA-GARDENIA_FOTOS-LGM-STUDIO__0784-789x1024.jpg 789w, https:\/\/www.gridmag.com.mx\/wp-content\/uploads\/2023\/08\/CASA-GARDENIA_FOTOS-LGM-STUDIO__0784-231x300.jpg 231w, https:\/\/www.gridmag.com.mx\/wp-content\/uploads\/2023\/08\/CASA-GARDENIA_FOTOS-LGM-STUDIO__0784-768x997.jpg 768w, https:\/\/www.gridmag.com.mx\/wp-content\/uploads\/2023\/08\/CASA-GARDENIA_FOTOS-LGM-STUDIO__0784-1184x1536.jpg 1184w, https:\/\/www.gridmag.com.mx\/wp-content\/uploads\/2023\/08\/CASA-GARDENIA_FOTOS-LGM-STUDIO__0784-770x999.jpg 770w, https:\/\/www.gridmag.com.mx\/wp-content\/uploads\/2023\/08\/CASA-GARDENIA_FOTOS-LGM-STUDIO__0784.jpg 1219w\" sizes=\"(max-width: 789px) 100vw, 789px\" \/><\/figure>\n<\/div>\n<\/div>\n\n\n\n<p>Crear una arquitectura que responda a su contexto permite generar diferentes momentos para sus usuarios. Casa Gardenia, concebida como una casa de descanso, logra integrar la necesidad de sentirse en una caba\u00f1a en el campo sin renunciar a las comodidades de una casa completamente equipada. Se convierte en un espacio ideal para descansar y conectar con el entorno.<\/p>\n\n\n\n<figure class=\"wp-block-image size-large\"><img decoding=\"async\" width=\"1024\" height=\"791\" src=\"https:\/\/www.gridmag.com.mx\/wp-content\/uploads\/2023\/08\/CASA-GARDENIA_FOTOS-LGM-STUDIO__1057-1024x791.jpg\" alt=\"Casa Gardenia I Caba\u00f1a contempor\u00e1nea por Estudio Atemporal\" class=\"wp-image-4212\" srcset=\"https:\/\/www.gridmag.com.mx\/wp-content\/uploads\/2023\/08\/CASA-GARDENIA_FOTOS-LGM-STUDIO__1057-1024x791.jpg 1024w, https:\/\/www.gridmag.com.mx\/wp-content\/uploads\/2023\/08\/CASA-GARDENIA_FOTOS-LGM-STUDIO__1057-300x232.jpg 300w, https:\/\/www.gridmag.com.mx\/wp-content\/uploads\/2023\/08\/CASA-GARDENIA_FOTOS-LGM-STUDIO__1057-768x593.jpg 768w, https:\/\/www.gridmag.com.mx\/wp-content\/uploads\/2023\/08\/CASA-GARDENIA_FOTOS-LGM-STUDIO__1057-1536x1187.jpg 1536w, https:\/\/www.gridmag.com.mx\/wp-content\/uploads\/2023\/08\/CASA-GARDENIA_FOTOS-LGM-STUDIO__1057-2048x1582.jpg 2048w, https:\/\/www.gridmag.com.mx\/wp-content\/uploads\/2023\/08\/CASA-GARDENIA_FOTOS-LGM-STUDIO__1057-770x595.jpg 770w, https:\/\/www.gridmag.com.mx\/wp-content\/uploads\/2023\/08\/CASA-GARDENIA_FOTOS-LGM-STUDIO__1057-1400x1082.jpg 1400w\" sizes=\"(max-width: 1024px) 100vw, 1024px\" \/><\/figure>\n\n\n\n<figure class=\"wp-block-image size-large\"><img decoding=\"async\" width=\"1024\" height=\"683\" src=\"https:\/\/www.gridmag.com.mx\/wp-content\/uploads\/2023\/08\/CASA-GARDENIA_FOTOS-LGM-STUDIO__0527-1024x683.jpg\" alt=\"\" class=\"wp-image-4213\" srcset=\"https:\/\/www.gridmag.com.mx\/wp-content\/uploads\/2023\/08\/CASA-GARDENIA_FOTOS-LGM-STUDIO__0527-1024x683.jpg 1024w, https:\/\/www.gridmag.com.mx\/wp-content\/uploads\/2023\/08\/CASA-GARDENIA_FOTOS-LGM-STUDIO__0527-300x200.jpg 300w, https:\/\/www.gridmag.com.mx\/wp-content\/uploads\/2023\/08\/CASA-GARDENIA_FOTOS-LGM-STUDIO__0527-768x512.jpg 768w, https:\/\/www.gridmag.com.mx\/wp-content\/uploads\/2023\/08\/CASA-GARDENIA_FOTOS-LGM-STUDIO__0527-1536x1024.jpg 1536w, https:\/\/www.gridmag.com.mx\/wp-content\/uploads\/2023\/08\/CASA-GARDENIA_FOTOS-LGM-STUDIO__0527-2048x1366.jpg 2048w, https:\/\/www.gridmag.com.mx\/wp-content\/uploads\/2023\/08\/CASA-GARDENIA_FOTOS-LGM-STUDIO__0527-360x240.jpg 360w, https:\/\/www.gridmag.com.mx\/wp-content\/uploads\/2023\/08\/CASA-GARDENIA_FOTOS-LGM-STUDIO__0527-720x480.jpg 720w, https:\/\/www.gridmag.com.mx\/wp-content\/uploads\/2023\/08\/CASA-GARDENIA_FOTOS-LGM-STUDIO__0527-770x513.jpg 770w, https:\/\/www.gridmag.com.mx\/wp-content\/uploads\/2023\/08\/CASA-GARDENIA_FOTOS-LGM-STUDIO__0527-1400x934.jpg 1400w\" sizes=\"(max-width: 1024px) 100vw, 1024px\" \/><\/figure>\n\n\n\n<div style=\"height:10px\" aria-hidden=\"true\" class=\"wp-block-spacer\"><\/div>\n\n\n\n<h2 class=\"wp-block-heading\">Ficha t\u00e9cnica<\/h2>\n\n\n\n<p><strong>Proyecto Arquitect\u00f3nico:<\/strong> Estudio Atemporal&nbsp;<br><strong>Fotograf\u00eda:<\/strong> Luis Gallardo LGM Studio<br><strong>Lugar:<\/strong> San Sim\u00f3n el Alto, Valle de Bravo, Estado de M\u00e9xico, M\u00e9xico 2022<br><strong>\u00c1rea:<\/strong> 143&nbsp;m2<br><strong>Proyecto:<\/strong> Casa Gardenia<br><strong>Ubicaci\u00f3n:<\/strong> San Sim\u00f3n el Alto, Valle de Bravo, Estado de M\u00e9xico, M\u00e9xico<br><strong>Autor y Equipo:<\/strong> Estudio Atemporal<br><strong>A\u00f1o de terminaci\u00f3n:<\/strong> 2022<br><strong>\u00c1rea:<\/strong> 143 m2<br><strong>Fotograf\u00edas:<\/strong> Luis Gallardo LGM Studio<br><strong>Categor\u00eda:<\/strong> Habitacional de Campo.<\/p>\n\n\n\n<p><strong>Contacto:<\/strong> <a href=\"https:\/\/estudioatemporal.com\/\">@estudioatemporal.com<\/a><\/p>\n","protected":false},"excerpt":{"rendered":"<p>A las afueras de Valle de Bravo, en el poblado de San Sim\u00f3n El Alto, se desarrolla el proyecto de una casa que convive de una manera muy particular con el exterior. Las particularidades del entorno, el juego de luz y de escalas, junto con una geometr\u00eda pura caracter\u00edstica de las caba\u00f1as t\u00edpicas, nos permite una exploraci\u00f3n volum\u00e9trica que responde a las condiciones del terreno. Al reinterpretar los elementos, concebimos a este proyecto como una caba\u00f1a contempor\u00e1nea. Dise\u00f1o funcional y [&hellip;]<\/p>\n","protected":false},"author":1,"featured_media":4206,"comment_status":"open","ping_status":"open","sticky":false,"template":"","format":"standard","meta":{"footnotes":""},"categories":[1],"tags":[72,82,31,83],"class_list":["post-4205","post","type-post","status-publish","format-standard","has-post-thumbnail","hentry","category-sin-categoria","tag-arquitectura","tag-arquitectura-verde","tag-diseno","tag-eco-arquitectura"],"yoast_head":"<!-- This site is optimized with the Yoast SEO plugin v27.0 - https:\/\/yoast.com\/product\/yoast-seo-wordpress\/ -->\n<title>Casa Gardenia I Caba\u00f1a Contempor\u00e1nea por Estudio Atemporal<\/title>\n<meta name=\"description\" content=\"Descubre Casa Gardenia, donde la geometr\u00eda pura y entorno se combinan para crear una caba\u00f1a contempor\u00e1nea en Valle de Bravo.\" \/>\n<meta name=\"robots\" content=\"index, follow, max-snippet:-1, max-image-preview:large, max-video-preview:-1\" \/>\n<link rel=\"canonical\" href=\"https:\/\/www.gridmag.com.mx\/index.php\/2023\/08\/03\/casa-gardenia-i-estudio-atemporal\/\" \/>\n<meta property=\"og:locale\" content=\"es_MX\" \/>\n<meta property=\"og:type\" content=\"article\" \/>\n<meta property=\"og:title\" content=\"Casa Gardenia I Caba\u00f1a Contempor\u00e1nea por Estudio Atemporal\" \/>\n<meta property=\"og:description\" content=\"Descubre Casa Gardenia, donde la geometr\u00eda pura y entorno se combinan para crear una caba\u00f1a contempor\u00e1nea en Valle de Bravo.\" \/>\n<meta property=\"og:url\" content=\"https:\/\/www.gridmag.com.mx\/index.php\/2023\/08\/03\/casa-gardenia-i-estudio-atemporal\/\" \/>\n<meta property=\"og:site_name\" content=\"Grid Magazine\" \/>\n<meta property=\"article:publisher\" content=\"https:\/\/www.facebook.com\/gridmagazine.mx\" \/>\n<meta property=\"article:published_time\" content=\"2023-08-03T15:38:21+00:00\" \/>\n<meta property=\"article:modified_time\" content=\"2024-01-24T22:55:52+00:00\" \/>\n<meta property=\"og:image\" content=\"https:\/\/www.gridmag.com.mx\/wp-content\/uploads\/2023\/08\/CASA-GARDENIA_FOTOS-LGM-STUDIO__0558-scaled.jpg\" \/>\n\t<meta property=\"og:image:width\" content=\"2560\" \/>\n\t<meta property=\"og:image:height\" content=\"1707\" \/>\n\t<meta property=\"og:image:type\" content=\"image\/jpeg\" \/>\n<meta name=\"author\" content=\"Grid Magazine\" \/>\n<meta name=\"twitter:card\" content=\"summary_large_image\" \/>\n<meta name=\"twitter:label1\" content=\"Escrito por\" \/>\n\t<meta name=\"twitter:data1\" content=\"Grid Magazine\" \/>\n\t<meta name=\"twitter:label2\" content=\"Tiempo de lectura\" \/>\n\t<meta name=\"twitter:data2\" content=\"4 minutos\" \/>\n<script type=\"application\/ld+json\" class=\"yoast-schema-graph\">{\"@context\":\"https:\/\/schema.org\",\"@graph\":[{\"@type\":\"Article\",\"@id\":\"https:\/\/www.gridmag.com.mx\/index.php\/2023\/08\/03\/casa-gardenia-i-estudio-atemporal\/#article\",\"isPartOf\":{\"@id\":\"https:\/\/www.gridmag.com.mx\/index.php\/2023\/08\/03\/casa-gardenia-i-estudio-atemporal\/\"},\"author\":{\"name\":\"Grid Magazine\",\"@id\":\"https:\/\/www.gridmag.com.mx\/#\/schema\/person\/d54cddc75e2ecfe4a55e39c0336ae932\"},\"headline\":\"Casa Gardenia I Caba\u00f1a contempor\u00e1nea por Estudio Atemporal\",\"datePublished\":\"2023-08-03T15:38:21+00:00\",\"dateModified\":\"2024-01-24T22:55:52+00:00\",\"mainEntityOfPage\":{\"@id\":\"https:\/\/www.gridmag.com.mx\/index.php\/2023\/08\/03\/casa-gardenia-i-estudio-atemporal\/\"},\"wordCount\":414,\"commentCount\":0,\"publisher\":{\"@id\":\"https:\/\/www.gridmag.com.mx\/#organization\"},\"image\":{\"@id\":\"https:\/\/www.gridmag.com.mx\/index.php\/2023\/08\/03\/casa-gardenia-i-estudio-atemporal\/#primaryimage\"},\"thumbnailUrl\":\"https:\/\/www.gridmag.com.mx\/wp-content\/uploads\/2023\/08\/CASA-GARDENIA_FOTOS-LGM-STUDIO__0558.jpg\",\"keywords\":[\"ARQUITECTURA\",\"ARQUITECTURA VERDE\",\"dise\u00f1o\",\"ECO ARQUITECTURA\"],\"inLanguage\":\"es\",\"potentialAction\":[{\"@type\":\"CommentAction\",\"name\":\"Comment\",\"target\":[\"https:\/\/www.gridmag.com.mx\/index.php\/2023\/08\/03\/casa-gardenia-i-estudio-atemporal\/#respond\"]}]},{\"@type\":\"WebPage\",\"@id\":\"https:\/\/www.gridmag.com.mx\/index.php\/2023\/08\/03\/casa-gardenia-i-estudio-atemporal\/\",\"url\":\"https:\/\/www.gridmag.com.mx\/index.php\/2023\/08\/03\/casa-gardenia-i-estudio-atemporal\/\",\"name\":\"Casa Gardenia I Caba\u00f1a Contempor\u00e1nea por Estudio Atemporal\",\"isPartOf\":{\"@id\":\"https:\/\/www.gridmag.com.mx\/#website\"},\"primaryImageOfPage\":{\"@id\":\"https:\/\/www.gridmag.com.mx\/index.php\/2023\/08\/03\/casa-gardenia-i-estudio-atemporal\/#primaryimage\"},\"image\":{\"@id\":\"https:\/\/www.gridmag.com.mx\/index.php\/2023\/08\/03\/casa-gardenia-i-estudio-atemporal\/#primaryimage\"},\"thumbnailUrl\":\"https:\/\/www.gridmag.com.mx\/wp-content\/uploads\/2023\/08\/CASA-GARDENIA_FOTOS-LGM-STUDIO__0558.jpg\",\"datePublished\":\"2023-08-03T15:38:21+00:00\",\"dateModified\":\"2024-01-24T22:55:52+00:00\",\"description\":\"Descubre Casa Gardenia, donde la geometr\u00eda pura y entorno se combinan para crear una caba\u00f1a contempor\u00e1nea en Valle de Bravo.\",\"breadcrumb\":{\"@id\":\"https:\/\/www.gridmag.com.mx\/index.php\/2023\/08\/03\/casa-gardenia-i-estudio-atemporal\/#breadcrumb\"},\"inLanguage\":\"es\",\"potentialAction\":[{\"@type\":\"ReadAction\",\"target\":[\"https:\/\/www.gridmag.com.mx\/index.php\/2023\/08\/03\/casa-gardenia-i-estudio-atemporal\/\"]}]},{\"@type\":\"ImageObject\",\"inLanguage\":\"es\",\"@id\":\"https:\/\/www.gridmag.com.mx\/index.php\/2023\/08\/03\/casa-gardenia-i-estudio-atemporal\/#primaryimage\",\"url\":\"https:\/\/www.gridmag.com.mx\/wp-content\/uploads\/2023\/08\/CASA-GARDENIA_FOTOS-LGM-STUDIO__0558.jpg\",\"contentUrl\":\"https:\/\/www.gridmag.com.mx\/wp-content\/uploads\/2023\/08\/CASA-GARDENIA_FOTOS-LGM-STUDIO__0558.jpg\",\"width\":2560,\"height\":1707},{\"@type\":\"BreadcrumbList\",\"@id\":\"https:\/\/www.gridmag.com.mx\/index.php\/2023\/08\/03\/casa-gardenia-i-estudio-atemporal\/#breadcrumb\",\"itemListElement\":[{\"@type\":\"ListItem\",\"position\":1,\"name\":\"Inicio\",\"item\":\"https:\/\/www.gridmag.com.mx\/\"},{\"@type\":\"ListItem\",\"position\":2,\"name\":\"Casa Gardenia I Caba\u00f1a contempor\u00e1nea por Estudio Atemporal\"}]},{\"@type\":\"WebSite\",\"@id\":\"https:\/\/www.gridmag.com.mx\/#website\",\"url\":\"https:\/\/www.gridmag.com.mx\/\",\"name\":\"Grid Magazine\",\"description\":\"Compartiendo lo mejor de la arquitectura y dise\u00f1o mexicano.\",\"publisher\":{\"@id\":\"https:\/\/www.gridmag.com.mx\/#organization\"},\"potentialAction\":[{\"@type\":\"SearchAction\",\"target\":{\"@type\":\"EntryPoint\",\"urlTemplate\":\"https:\/\/www.gridmag.com.mx\/?s={search_term_string}\"},\"query-input\":{\"@type\":\"PropertyValueSpecification\",\"valueRequired\":true,\"valueName\":\"search_term_string\"}}],\"inLanguage\":\"es\"},{\"@type\":\"Organization\",\"@id\":\"https:\/\/www.gridmag.com.mx\/#organization\",\"name\":\"Grid Magazine\",\"url\":\"https:\/\/www.gridmag.com.mx\/\",\"logo\":{\"@type\":\"ImageObject\",\"inLanguage\":\"es\",\"@id\":\"https:\/\/www.gridmag.com.mx\/#\/schema\/logo\/image\/\",\"url\":\"\",\"contentUrl\":\"\",\"caption\":\"Grid Magazine\"},\"image\":{\"@id\":\"https:\/\/www.gridmag.com.mx\/#\/schema\/logo\/image\/\"},\"sameAs\":[\"https:\/\/www.facebook.com\/gridmagazine.mx\",\"https:\/\/www.instagram.com\/gridmagazine_mx\/\",\"https:\/\/www.tiktok.com\/@gridmagazine.mx?_t=8gl2kVR2Aq6&_r=1\",\"https:\/\/www.linkedin.com\/company\/grid-magazine-mx\/\"]},{\"@type\":\"Person\",\"@id\":\"https:\/\/www.gridmag.com.mx\/#\/schema\/person\/d54cddc75e2ecfe4a55e39c0336ae932\",\"name\":\"Grid Magazine\",\"image\":{\"@type\":\"ImageObject\",\"inLanguage\":\"es\",\"@id\":\"https:\/\/www.gridmag.com.mx\/#\/schema\/person\/image\/\",\"url\":\"https:\/\/secure.gravatar.com\/avatar\/8e4bd50943002dd6ee9db30e5af749244f3e21206a99c4fb42429117eaacfc83?s=96&d=mm&r=g\",\"contentUrl\":\"https:\/\/secure.gravatar.com\/avatar\/8e4bd50943002dd6ee9db30e5af749244f3e21206a99c4fb42429117eaacfc83?s=96&d=mm&r=g\",\"caption\":\"Grid Magazine\"},\"sameAs\":[\"https:\/\/www.gridmag.com.mx\"],\"url\":\"https:\/\/www.gridmag.com.mx\/index.php\/author\/grid-magazine-arq\/\"}]}<\/script>\n<!-- \/ Yoast SEO plugin. -->","yoast_head_json":{"title":"Casa Gardenia I Caba\u00f1a Contempor\u00e1nea por Estudio Atemporal","description":"Descubre Casa Gardenia, donde la geometr\u00eda pura y entorno se combinan para crear una caba\u00f1a contempor\u00e1nea en Valle de Bravo.","robots":{"index":"index","follow":"follow","max-snippet":"max-snippet:-1","max-image-preview":"max-image-preview:large","max-video-preview":"max-video-preview:-1"},"canonical":"https:\/\/www.gridmag.com.mx\/index.php\/2023\/08\/03\/casa-gardenia-i-estudio-atemporal\/","og_locale":"es_MX","og_type":"article","og_title":"Casa Gardenia I Caba\u00f1a Contempor\u00e1nea por Estudio Atemporal","og_description":"Descubre Casa Gardenia, donde la geometr\u00eda pura y entorno se combinan para crear una caba\u00f1a contempor\u00e1nea en Valle de Bravo.","og_url":"https:\/\/www.gridmag.com.mx\/index.php\/2023\/08\/03\/casa-gardenia-i-estudio-atemporal\/","og_site_name":"Grid Magazine","article_publisher":"https:\/\/www.facebook.com\/gridmagazine.mx","article_published_time":"2023-08-03T15:38:21+00:00","article_modified_time":"2024-01-24T22:55:52+00:00","og_image":[{"width":2560,"height":1707,"url":"https:\/\/www.gridmag.com.mx\/wp-content\/uploads\/2023\/08\/CASA-GARDENIA_FOTOS-LGM-STUDIO__0558-scaled.jpg","type":"image\/jpeg"}],"author":"Grid Magazine","twitter_card":"summary_large_image","twitter_misc":{"Escrito por":"Grid Magazine","Tiempo de lectura":"4 minutos"},"schema":{"@context":"https:\/\/schema.org","@graph":[{"@type":"Article","@id":"https:\/\/www.gridmag.com.mx\/index.php\/2023\/08\/03\/casa-gardenia-i-estudio-atemporal\/#article","isPartOf":{"@id":"https:\/\/www.gridmag.com.mx\/index.php\/2023\/08\/03\/casa-gardenia-i-estudio-atemporal\/"},"author":{"name":"Grid Magazine","@id":"https:\/\/www.gridmag.com.mx\/#\/schema\/person\/d54cddc75e2ecfe4a55e39c0336ae932"},"headline":"Casa Gardenia I Caba\u00f1a contempor\u00e1nea por Estudio Atemporal","datePublished":"2023-08-03T15:38:21+00:00","dateModified":"2024-01-24T22:55:52+00:00","mainEntityOfPage":{"@id":"https:\/\/www.gridmag.com.mx\/index.php\/2023\/08\/03\/casa-gardenia-i-estudio-atemporal\/"},"wordCount":414,"commentCount":0,"publisher":{"@id":"https:\/\/www.gridmag.com.mx\/#organization"},"image":{"@id":"https:\/\/www.gridmag.com.mx\/index.php\/2023\/08\/03\/casa-gardenia-i-estudio-atemporal\/#primaryimage"},"thumbnailUrl":"https:\/\/www.gridmag.com.mx\/wp-content\/uploads\/2023\/08\/CASA-GARDENIA_FOTOS-LGM-STUDIO__0558.jpg","keywords":["ARQUITECTURA","ARQUITECTURA VERDE","dise\u00f1o","ECO ARQUITECTURA"],"inLanguage":"es","potentialAction":[{"@type":"CommentAction","name":"Comment","target":["https:\/\/www.gridmag.com.mx\/index.php\/2023\/08\/03\/casa-gardenia-i-estudio-atemporal\/#respond"]}]},{"@type":"WebPage","@id":"https:\/\/www.gridmag.com.mx\/index.php\/2023\/08\/03\/casa-gardenia-i-estudio-atemporal\/","url":"https:\/\/www.gridmag.com.mx\/index.php\/2023\/08\/03\/casa-gardenia-i-estudio-atemporal\/","name":"Casa Gardenia I Caba\u00f1a Contempor\u00e1nea por Estudio Atemporal","isPartOf":{"@id":"https:\/\/www.gridmag.com.mx\/#website"},"primaryImageOfPage":{"@id":"https:\/\/www.gridmag.com.mx\/index.php\/2023\/08\/03\/casa-gardenia-i-estudio-atemporal\/#primaryimage"},"image":{"@id":"https:\/\/www.gridmag.com.mx\/index.php\/2023\/08\/03\/casa-gardenia-i-estudio-atemporal\/#primaryimage"},"thumbnailUrl":"https:\/\/www.gridmag.com.mx\/wp-content\/uploads\/2023\/08\/CASA-GARDENIA_FOTOS-LGM-STUDIO__0558.jpg","datePublished":"2023-08-03T15:38:21+00:00","dateModified":"2024-01-24T22:55:52+00:00","description":"Descubre Casa Gardenia, donde la geometr\u00eda pura y entorno se combinan para crear una caba\u00f1a contempor\u00e1nea en Valle de Bravo.","breadcrumb":{"@id":"https:\/\/www.gridmag.com.mx\/index.php\/2023\/08\/03\/casa-gardenia-i-estudio-atemporal\/#breadcrumb"},"inLanguage":"es","potentialAction":[{"@type":"ReadAction","target":["https:\/\/www.gridmag.com.mx\/index.php\/2023\/08\/03\/casa-gardenia-i-estudio-atemporal\/"]}]},{"@type":"ImageObject","inLanguage":"es","@id":"https:\/\/www.gridmag.com.mx\/index.php\/2023\/08\/03\/casa-gardenia-i-estudio-atemporal\/#primaryimage","url":"https:\/\/www.gridmag.com.mx\/wp-content\/uploads\/2023\/08\/CASA-GARDENIA_FOTOS-LGM-STUDIO__0558.jpg","contentUrl":"https:\/\/www.gridmag.com.mx\/wp-content\/uploads\/2023\/08\/CASA-GARDENIA_FOTOS-LGM-STUDIO__0558.jpg","width":2560,"height":1707},{"@type":"BreadcrumbList","@id":"https:\/\/www.gridmag.com.mx\/index.php\/2023\/08\/03\/casa-gardenia-i-estudio-atemporal\/#breadcrumb","itemListElement":[{"@type":"ListItem","position":1,"name":"Inicio","item":"https:\/\/www.gridmag.com.mx\/"},{"@type":"ListItem","position":2,"name":"Casa Gardenia I Caba\u00f1a contempor\u00e1nea por Estudio Atemporal"}]},{"@type":"WebSite","@id":"https:\/\/www.gridmag.com.mx\/#website","url":"https:\/\/www.gridmag.com.mx\/","name":"Grid Magazine","description":"Compartiendo lo mejor de la arquitectura y dise\u00f1o mexicano.","publisher":{"@id":"https:\/\/www.gridmag.com.mx\/#organization"},"potentialAction":[{"@type":"SearchAction","target":{"@type":"EntryPoint","urlTemplate":"https:\/\/www.gridmag.com.mx\/?s={search_term_string}"},"query-input":{"@type":"PropertyValueSpecification","valueRequired":true,"valueName":"search_term_string"}}],"inLanguage":"es"},{"@type":"Organization","@id":"https:\/\/www.gridmag.com.mx\/#organization","name":"Grid Magazine","url":"https:\/\/www.gridmag.com.mx\/","logo":{"@type":"ImageObject","inLanguage":"es","@id":"https:\/\/www.gridmag.com.mx\/#\/schema\/logo\/image\/","url":"","contentUrl":"","caption":"Grid Magazine"},"image":{"@id":"https:\/\/www.gridmag.com.mx\/#\/schema\/logo\/image\/"},"sameAs":["https:\/\/www.facebook.com\/gridmagazine.mx","https:\/\/www.instagram.com\/gridmagazine_mx\/","https:\/\/www.tiktok.com\/@gridmagazine.mx?_t=8gl2kVR2Aq6&_r=1","https:\/\/www.linkedin.com\/company\/grid-magazine-mx\/"]},{"@type":"Person","@id":"https:\/\/www.gridmag.com.mx\/#\/schema\/person\/d54cddc75e2ecfe4a55e39c0336ae932","name":"Grid Magazine","image":{"@type":"ImageObject","inLanguage":"es","@id":"https:\/\/www.gridmag.com.mx\/#\/schema\/person\/image\/","url":"https:\/\/secure.gravatar.com\/avatar\/8e4bd50943002dd6ee9db30e5af749244f3e21206a99c4fb42429117eaacfc83?s=96&d=mm&r=g","contentUrl":"https:\/\/secure.gravatar.com\/avatar\/8e4bd50943002dd6ee9db30e5af749244f3e21206a99c4fb42429117eaacfc83?s=96&d=mm&r=g","caption":"Grid Magazine"},"sameAs":["https:\/\/www.gridmag.com.mx"],"url":"https:\/\/www.gridmag.com.mx\/index.php\/author\/grid-magazine-arq\/"}]}},"_links":{"self":[{"href":"https:\/\/www.gridmag.com.mx\/index.php\/wp-json\/wp\/v2\/posts\/4205","targetHints":{"allow":["GET"]}}],"collection":[{"href":"https:\/\/www.gridmag.com.mx\/index.php\/wp-json\/wp\/v2\/posts"}],"about":[{"href":"https:\/\/www.gridmag.com.mx\/index.php\/wp-json\/wp\/v2\/types\/post"}],"author":[{"embeddable":true,"href":"https:\/\/www.gridmag.com.mx\/index.php\/wp-json\/wp\/v2\/users\/1"}],"replies":[{"embeddable":true,"href":"https:\/\/www.gridmag.com.mx\/index.php\/wp-json\/wp\/v2\/comments?post=4205"}],"version-history":[{"count":3,"href":"https:\/\/www.gridmag.com.mx\/index.php\/wp-json\/wp\/v2\/posts\/4205\/revisions"}],"predecessor-version":[{"id":6210,"href":"https:\/\/www.gridmag.com.mx\/index.php\/wp-json\/wp\/v2\/posts\/4205\/revisions\/6210"}],"wp:featuredmedia":[{"embeddable":true,"href":"https:\/\/www.gridmag.com.mx\/index.php\/wp-json\/wp\/v2\/media\/4206"}],"wp:attachment":[{"href":"https:\/\/www.gridmag.com.mx\/index.php\/wp-json\/wp\/v2\/media?parent=4205"}],"wp:term":[{"taxonomy":"category","embeddable":true,"href":"https:\/\/www.gridmag.com.mx\/index.php\/wp-json\/wp\/v2\/categories?post=4205"},{"taxonomy":"post_tag","embeddable":true,"href":"https:\/\/www.gridmag.com.mx\/index.php\/wp-json\/wp\/v2\/tags?post=4205"}],"curies":[{"name":"wp","href":"https:\/\/api.w.org\/{rel}","templated":true}]}}