{"id":4393,"date":"2023-09-07T10:15:15","date_gmt":"2023-09-07T16:15:15","guid":{"rendered":"https:\/\/www.gridmag.com.mx\/?p=4393"},"modified":"2024-01-31T18:19:45","modified_gmt":"2024-02-01T00:19:45","slug":"departamento-ventanas","status":"publish","type":"post","link":"https:\/\/www.gridmag.com.mx\/index.php\/2023\/09\/07\/departamento-ventanas\/","title":{"rendered":"Departamento Ventanas | Taller David Dana"},"content":{"rendered":"\n<p><strong>Por: David Dana<\/strong><\/p>\n\n\n\n\n\n<p>Ubicado en uno de los conjuntos residenciales m\u00e1s exclusivos al poniente de la ciudad de M\u00e9xico, nace el proyecto <em>Departamento Ventanas<\/em> como una propuesta de<strong> interiorismo<\/strong> residencial concebida bajo un riguroso an\u00e1lisis de las necesidades y objetivos del usuario, as\u00ed como de la iluminaci\u00f3n natural y artificial.<\/p>\n\n\n\n<p>La <a href=\"https:\/\/www.gridmag.com.mx\/index.php\/2023\/11\/21\/que-es-wellness-en-vivienda\/\">vivienda<\/a> se desarrolla en un espacio de 420 m<sup>2<\/sup>, el cual fue intervenido como un lienzo en blanco para generar un espacio habitable con un dise\u00f1o particular con marcados acentos contempor\u00e1neos, donde el resultado de ambos se refleja en un <strong>departamento<\/strong> con car\u00e1cter e identidad propia.<\/p>\n\n\n\n<figure class=\"wp-block-image size-large\"><img decoding=\"async\" width=\"1024\" height=\"576\" src=\"https:\/\/www.gridmag.com.mx\/wp-content\/uploads\/2023\/09\/Copia-de-03.-Departamento-Ventanas_Taller-David-Dana-1024x576.jpg\" alt=\"Departamento Ventanas\" class=\"wp-image-4395\" srcset=\"https:\/\/www.gridmag.com.mx\/wp-content\/uploads\/2023\/09\/Copia-de-03.-Departamento-Ventanas_Taller-David-Dana-1024x576.jpg 1024w, https:\/\/www.gridmag.com.mx\/wp-content\/uploads\/2023\/09\/Copia-de-03.-Departamento-Ventanas_Taller-David-Dana-300x169.jpg 300w, https:\/\/www.gridmag.com.mx\/wp-content\/uploads\/2023\/09\/Copia-de-03.-Departamento-Ventanas_Taller-David-Dana-768x432.jpg 768w, https:\/\/www.gridmag.com.mx\/wp-content\/uploads\/2023\/09\/Copia-de-03.-Departamento-Ventanas_Taller-David-Dana-1536x864.jpg 1536w, https:\/\/www.gridmag.com.mx\/wp-content\/uploads\/2023\/09\/Copia-de-03.-Departamento-Ventanas_Taller-David-Dana-2048x1152.jpg 2048w, https:\/\/www.gridmag.com.mx\/wp-content\/uploads\/2023\/09\/Copia-de-03.-Departamento-Ventanas_Taller-David-Dana-770x433.jpg 770w, https:\/\/www.gridmag.com.mx\/wp-content\/uploads\/2023\/09\/Copia-de-03.-Departamento-Ventanas_Taller-David-Dana-1400x787.jpg 1400w\" sizes=\"(max-width: 1024px) 100vw, 1024px\" \/><\/figure>\n\n\n\n<div style=\"height:10px\" aria-hidden=\"true\" class=\"wp-block-spacer\"><\/div>\n\n\n\n<h2 class=\"wp-block-heading\"><strong>Coraz\u00f3n del departamento<\/strong><\/h2>\n\n\n\n<p>Al ingresar, un recibidor da la bienvenida al usuario, donde se encuentra con un lambr\u00edn escult\u00f3rico de barro negro flameado como remate visual. Continuando con el recorrido, se descubren las <strong>\u00e1reas sociales,<\/strong> conformadas por el comedor, la estancia y la <strong>terraza<\/strong>. Estos espacios funcionan como el coraz\u00f3n del departamento, y se abren completamente al exterior por medio de generosos ventanales, dando la sensaci\u00f3n al interior de ser una extensi\u00f3n de la terraza, y al mismo tiempo otorgando vistas privilegiadas hacia el paisaje.<\/p>\n\n\n\n<p>En la parte posterior, se contemplaron las \u00e1reas de servicio con la cocina como protagonista, misma que se entiende como un oasis de car\u00e1cter elegante, en relaci\u00f3n a su dise\u00f1o depurado con tonalidades oscuras, que contrastan con los acentos verdes de la <strong>vegetaci\u00f3n interior.<\/strong><\/p>\n\n\n\n<figure class=\"wp-block-image size-large\"><img decoding=\"async\" width=\"1024\" height=\"731\" src=\"https:\/\/www.gridmag.com.mx\/wp-content\/uploads\/2023\/09\/Copia-de-02.-Departamento-Ventanas_Taller-David-Dana-1024x731.jpg\" alt=\"\" class=\"wp-image-4396\" srcset=\"https:\/\/www.gridmag.com.mx\/wp-content\/uploads\/2023\/09\/Copia-de-02.-Departamento-Ventanas_Taller-David-Dana-1024x731.jpg 1024w, https:\/\/www.gridmag.com.mx\/wp-content\/uploads\/2023\/09\/Copia-de-02.-Departamento-Ventanas_Taller-David-Dana-300x214.jpg 300w, https:\/\/www.gridmag.com.mx\/wp-content\/uploads\/2023\/09\/Copia-de-02.-Departamento-Ventanas_Taller-David-Dana-768x548.jpg 768w, https:\/\/www.gridmag.com.mx\/wp-content\/uploads\/2023\/09\/Copia-de-02.-Departamento-Ventanas_Taller-David-Dana-1536x1097.jpg 1536w, https:\/\/www.gridmag.com.mx\/wp-content\/uploads\/2023\/09\/Copia-de-02.-Departamento-Ventanas_Taller-David-Dana-770x550.jpg 770w, https:\/\/www.gridmag.com.mx\/wp-content\/uploads\/2023\/09\/Copia-de-02.-Departamento-Ventanas_Taller-David-Dana-1400x1000.jpg 1400w, https:\/\/www.gridmag.com.mx\/wp-content\/uploads\/2023\/09\/Copia-de-02.-Departamento-Ventanas_Taller-David-Dana.jpg 1871w\" sizes=\"(max-width: 1024px) 100vw, 1024px\" \/><\/figure>\n\n\n\n<div style=\"height:10px\" aria-hidden=\"true\" class=\"wp-block-spacer\"><\/div>\n\n\n\n<h2 class=\"wp-block-heading\"><strong>Elegancia y privacidad: la madera como protagonista<\/strong><\/h2>\n\n\n\n<p>A un costado, se integraron espacios recreativos como la ludoteca y el cuarto de m\u00fasica. Considerando su uso, se prioriz\u00f3 una atm\u00f3sfera introspectiva con tonalidades c\u00e1lidas; adem\u00e1s del uso de elementos que favorecieron la privacidad, como <em>shutters<\/em> y puertas corredizas con cristales inteligentes.<\/p>\n\n\n\n<div class=\"wp-block-columns is-layout-flex wp-container-core-columns-is-layout-9d6595d7 wp-block-columns-is-layout-flex\">\n<div class=\"wp-block-column is-layout-flow wp-block-column-is-layout-flow\">\n<figure class=\"wp-block-image size-large\"><img decoding=\"async\" width=\"746\" height=\"1024\" src=\"https:\/\/www.gridmag.com.mx\/wp-content\/uploads\/2023\/09\/Copia-de-12.-Departamento-Ventanas_Taller-David-Dana-2-746x1024.jpg\" alt=\"\" class=\"wp-image-4401\" srcset=\"https:\/\/www.gridmag.com.mx\/wp-content\/uploads\/2023\/09\/Copia-de-12.-Departamento-Ventanas_Taller-David-Dana-2-746x1024.jpg 746w, https:\/\/www.gridmag.com.mx\/wp-content\/uploads\/2023\/09\/Copia-de-12.-Departamento-Ventanas_Taller-David-Dana-2-219x300.jpg 219w, https:\/\/www.gridmag.com.mx\/wp-content\/uploads\/2023\/09\/Copia-de-12.-Departamento-Ventanas_Taller-David-Dana-2-768x1054.jpg 768w, https:\/\/www.gridmag.com.mx\/wp-content\/uploads\/2023\/09\/Copia-de-12.-Departamento-Ventanas_Taller-David-Dana-2-1120x1536.jpg 1120w, https:\/\/www.gridmag.com.mx\/wp-content\/uploads\/2023\/09\/Copia-de-12.-Departamento-Ventanas_Taller-David-Dana-2-770x1056.jpg 770w, https:\/\/www.gridmag.com.mx\/wp-content\/uploads\/2023\/09\/Copia-de-12.-Departamento-Ventanas_Taller-David-Dana-2.jpg 1361w\" sizes=\"(max-width: 746px) 100vw, 746px\" \/><\/figure>\n<\/div>\n\n\n\n<div class=\"wp-block-column is-layout-flow wp-block-column-is-layout-flow\">\n<figure class=\"wp-block-image size-large\"><img decoding=\"async\" width=\"747\" height=\"1024\" src=\"https:\/\/www.gridmag.com.mx\/wp-content\/uploads\/2023\/09\/Copia-de-13.-Departamento-Ventanas_Taller-David-Dana-1-747x1024.jpg\" alt=\"\" class=\"wp-image-4399\" srcset=\"https:\/\/www.gridmag.com.mx\/wp-content\/uploads\/2023\/09\/Copia-de-13.-Departamento-Ventanas_Taller-David-Dana-1-747x1024.jpg 747w, https:\/\/www.gridmag.com.mx\/wp-content\/uploads\/2023\/09\/Copia-de-13.-Departamento-Ventanas_Taller-David-Dana-1-219x300.jpg 219w, https:\/\/www.gridmag.com.mx\/wp-content\/uploads\/2023\/09\/Copia-de-13.-Departamento-Ventanas_Taller-David-Dana-1-768x1052.jpg 768w, https:\/\/www.gridmag.com.mx\/wp-content\/uploads\/2023\/09\/Copia-de-13.-Departamento-Ventanas_Taller-David-Dana-1-1121x1536.jpg 1121w, https:\/\/www.gridmag.com.mx\/wp-content\/uploads\/2023\/09\/Copia-de-13.-Departamento-Ventanas_Taller-David-Dana-1-770x1055.jpg 770w, https:\/\/www.gridmag.com.mx\/wp-content\/uploads\/2023\/09\/Copia-de-13.-Departamento-Ventanas_Taller-David-Dana-1.jpg 1276w\" sizes=\"(max-width: 747px) 100vw, 747px\" \/><\/figure>\n<\/div>\n<\/div>\n\n\n\n<p>La particularidad de nuestra propuesta se basa en la decisi\u00f3n de integrar mobiliario de l\u00ednea combinado con una materialidad natural, definida por el uso de carpinter\u00edas, m\u00e1rmoles, vinipieles, <strong>acero<\/strong> y cristal. La madera es el actor principal del proyecto, reflejada en elementos arquitect\u00f3nicos y decorativos como lambrines y viguer\u00edas que crean perspectivas interesantes con remates visuales hacia la curadur\u00eda y <strong>decoraci\u00f3n.<\/strong>\u00a0<\/p>\n\n\n\n<figure class=\"wp-block-image size-large\"><img decoding=\"async\" width=\"1024\" height=\"732\" src=\"https:\/\/www.gridmag.com.mx\/wp-content\/uploads\/2023\/09\/Copia-de-05.-Departamento-Ventanas_Taller-David-Dana-1024x732.jpg\" alt=\"Departamento Ventanas\" class=\"wp-image-4403\" srcset=\"https:\/\/www.gridmag.com.mx\/wp-content\/uploads\/2023\/09\/Copia-de-05.-Departamento-Ventanas_Taller-David-Dana-1024x732.jpg 1024w, https:\/\/www.gridmag.com.mx\/wp-content\/uploads\/2023\/09\/Copia-de-05.-Departamento-Ventanas_Taller-David-Dana-300x214.jpg 300w, https:\/\/www.gridmag.com.mx\/wp-content\/uploads\/2023\/09\/Copia-de-05.-Departamento-Ventanas_Taller-David-Dana-768x549.jpg 768w, https:\/\/www.gridmag.com.mx\/wp-content\/uploads\/2023\/09\/Copia-de-05.-Departamento-Ventanas_Taller-David-Dana-1536x1098.jpg 1536w, https:\/\/www.gridmag.com.mx\/wp-content\/uploads\/2023\/09\/Copia-de-05.-Departamento-Ventanas_Taller-David-Dana-770x550.jpg 770w, https:\/\/www.gridmag.com.mx\/wp-content\/uploads\/2023\/09\/Copia-de-05.-Departamento-Ventanas_Taller-David-Dana-1400x1001.jpg 1400w, https:\/\/www.gridmag.com.mx\/wp-content\/uploads\/2023\/09\/Copia-de-05.-Departamento-Ventanas_Taller-David-Dana.jpg 1984w\" sizes=\"(max-width: 1024px) 100vw, 1024px\" \/><\/figure>\n\n\n\n<h2 class=\"wp-block-heading\"><strong>Departamento Ventanas: un refugio personalizado<\/strong><\/h2>\n\n\n\n<p>El <em>family room<\/em> funciona como punto de reuni\u00f3n y vest\u00edbulo para los espacios privados, conformados por la rec\u00e1mara principal y rec\u00e1maras secundarias. Este espacio es protagonizado por un gran librero que exhibe distintas piezas y objetos decorativos que reflejan el estilo de la familia.<\/p>\n\n\n\n<figure class=\"wp-block-image size-large\"><img decoding=\"async\" width=\"1024\" height=\"576\" src=\"https:\/\/www.gridmag.com.mx\/wp-content\/uploads\/2023\/09\/Copia-de-17.-Departamento-Ventanas_Taller-David-Dana-1024x576.jpg\" alt=\"Departamento Ventanas\" class=\"wp-image-4402\" srcset=\"https:\/\/www.gridmag.com.mx\/wp-content\/uploads\/2023\/09\/Copia-de-17.-Departamento-Ventanas_Taller-David-Dana-1024x576.jpg 1024w, https:\/\/www.gridmag.com.mx\/wp-content\/uploads\/2023\/09\/Copia-de-17.-Departamento-Ventanas_Taller-David-Dana-300x169.jpg 300w, https:\/\/www.gridmag.com.mx\/wp-content\/uploads\/2023\/09\/Copia-de-17.-Departamento-Ventanas_Taller-David-Dana-768x432.jpg 768w, https:\/\/www.gridmag.com.mx\/wp-content\/uploads\/2023\/09\/Copia-de-17.-Departamento-Ventanas_Taller-David-Dana-1536x864.jpg 1536w, https:\/\/www.gridmag.com.mx\/wp-content\/uploads\/2023\/09\/Copia-de-17.-Departamento-Ventanas_Taller-David-Dana-2048x1152.jpg 2048w, https:\/\/www.gridmag.com.mx\/wp-content\/uploads\/2023\/09\/Copia-de-17.-Departamento-Ventanas_Taller-David-Dana-770x433.jpg 770w, https:\/\/www.gridmag.com.mx\/wp-content\/uploads\/2023\/09\/Copia-de-17.-Departamento-Ventanas_Taller-David-Dana-1400x788.jpg 1400w\" sizes=\"(max-width: 1024px) 100vw, 1024px\" \/><\/figure>\n\n\n\n<div style=\"height:10px\" aria-hidden=\"true\" class=\"wp-block-spacer\"><\/div>\n\n\n\n<p>Para los espacios de descanso, se busc\u00f3 reflejar el estilo de vida y pasatiempos de cada integrante de la familia. En la habitaci\u00f3n principal se ejemplifica la armon\u00eda de elementos, gracias a un esquema crom\u00e1tico neutro. Los pisos y muros envueltos en tonos ocres, adem\u00e1s de amplificar la <strong>iluminaci\u00f3n natural<\/strong>, sirven como tel\u00f3n de fondo para resaltar el mobiliario.\u00a0<\/p>\n\n\n\n<h2 class=\"wp-block-heading\">Ficha t\u00e9cnica<\/h2>\n\n\n\n<p><strong>Dise\u00f1o: <\/strong>Taller David Dana<br><strong>Arquitecto a cargo:<\/strong> David Dana Cohen<br><strong>Paisajismo:<\/strong> Taller de Paisaje Entorno<br><strong>Fotograf\u00edas: <\/strong>MAVIX (Hugo Tirso, Ra\u00fal Hern\u00e1ndez)<br><strong>Ubicaci\u00f3n:<\/strong> Bosques de las Lomas, Ciudad de M\u00e9xico<br><strong>Superficie construida:<\/strong> 420 m<sup>2<\/sup><sup><br><\/sup><strong>A\u00f1o de terminaci\u00f3n:<\/strong> 2023<br><strong>Categor\u00eda:<\/strong> Habitacional Residencial<\/p>\n\n\n\n<p>Contacto<br><a href=\"http:\/\/www.tallerdaviddana.com\">www.tallerdaviddana.com<\/a><br><strong>IG:<\/strong> @tallerdaviddana<br><a href=\"mailto:info@tdda.mx\">info@tdda.mx<br><\/a><a href=\"mailto:jvences.tdda@gmail.mx\">jvences.tdda@gmail.mx<\/a>&nbsp;<\/p>\n","protected":false},"excerpt":{"rendered":"<p>Por: David Dana Ubicado en uno de los conjuntos residenciales m\u00e1s exclusivos al poniente de la ciudad de M\u00e9xico, nace el proyecto Departamento Ventanas como una propuesta de interiorismo residencial concebida bajo un riguroso an\u00e1lisis de las necesidades y objetivos del usuario, as\u00ed como de la iluminaci\u00f3n natural y artificial. La vivienda se desarrolla en un espacio de 420 m2, el cual fue intervenido como un lienzo en blanco para generar un espacio habitable con un dise\u00f1o particular con marcados [&hellip;]<\/p>\n","protected":false},"author":12,"featured_media":4394,"comment_status":"open","ping_status":"open","sticky":false,"template":"","format":"standard","meta":{"footnotes":""},"categories":[49],"tags":[],"class_list":["post-4393","post","type-post","status-publish","format-standard","has-post-thumbnail","hentry","category-arquitectura"],"yoast_head":"<!-- This site is optimized with the Yoast SEO plugin v27.0 - https:\/\/yoast.com\/product\/yoast-seo-wordpress\/ -->\n<title>Departamento Ventanas | Taller David Dana<\/title>\n<meta name=\"description\" content=\"Descubre el Departamento Ventanas, una joya de interiorismo en una exclusiva zona residencial de Ciudad de M\u00e9xico.\" \/>\n<meta name=\"robots\" content=\"index, follow, max-snippet:-1, max-image-preview:large, max-video-preview:-1\" \/>\n<link rel=\"canonical\" href=\"https:\/\/www.gridmag.com.mx\/index.php\/2023\/09\/07\/departamento-ventanas\/\" \/>\n<meta property=\"og:locale\" content=\"es_MX\" \/>\n<meta property=\"og:type\" content=\"article\" \/>\n<meta property=\"og:title\" content=\"Departamento Ventanas | Taller David Dana\" \/>\n<meta property=\"og:description\" content=\"Descubre el Departamento Ventanas, una joya de interiorismo en una exclusiva zona residencial de Ciudad de M\u00e9xico.\" \/>\n<meta property=\"og:url\" content=\"https:\/\/www.gridmag.com.mx\/index.php\/2023\/09\/07\/departamento-ventanas\/\" \/>\n<meta property=\"og:site_name\" content=\"Grid Magazine\" \/>\n<meta property=\"article:publisher\" content=\"https:\/\/www.facebook.com\/gridmagazine.mx\" \/>\n<meta property=\"article:published_time\" content=\"2023-09-07T16:15:15+00:00\" \/>\n<meta property=\"article:modified_time\" content=\"2024-02-01T00:19:45+00:00\" \/>\n<meta property=\"og:image\" content=\"https:\/\/www.gridmag.com.mx\/wp-content\/uploads\/2023\/09\/Copia-de-09.-Departamento-Ventanas_Taller-David-Dana.jpg\" \/>\n\t<meta property=\"og:image:width\" content=\"1984\" \/>\n\t<meta property=\"og:image:height\" content=\"1346\" \/>\n\t<meta property=\"og:image:type\" content=\"image\/jpeg\" \/>\n<meta name=\"author\" content=\"Autor Invitado\" \/>\n<meta name=\"twitter:card\" content=\"summary_large_image\" \/>\n<meta name=\"twitter:label1\" content=\"Escrito por\" \/>\n\t<meta name=\"twitter:data1\" content=\"Autor Invitado\" \/>\n\t<meta name=\"twitter:label2\" content=\"Tiempo de lectura\" \/>\n\t<meta name=\"twitter:data2\" content=\"4 minutos\" \/>\n<script type=\"application\/ld+json\" class=\"yoast-schema-graph\">{\"@context\":\"https:\/\/schema.org\",\"@graph\":[{\"@type\":\"Article\",\"@id\":\"https:\/\/www.gridmag.com.mx\/index.php\/2023\/09\/07\/departamento-ventanas\/#article\",\"isPartOf\":{\"@id\":\"https:\/\/www.gridmag.com.mx\/index.php\/2023\/09\/07\/departamento-ventanas\/\"},\"author\":{\"name\":\"Autor Invitado\",\"@id\":\"https:\/\/www.gridmag.com.mx\/#\/schema\/person\/bfe28cdbe6ebe447796b7d7428227768\"},\"headline\":\"Departamento Ventanas | Taller David Dana\",\"datePublished\":\"2023-09-07T16:15:15+00:00\",\"dateModified\":\"2024-02-01T00:19:45+00:00\",\"mainEntityOfPage\":{\"@id\":\"https:\/\/www.gridmag.com.mx\/index.php\/2023\/09\/07\/departamento-ventanas\/\"},\"wordCount\":552,\"commentCount\":0,\"publisher\":{\"@id\":\"https:\/\/www.gridmag.com.mx\/#organization\"},\"image\":{\"@id\":\"https:\/\/www.gridmag.com.mx\/index.php\/2023\/09\/07\/departamento-ventanas\/#primaryimage\"},\"thumbnailUrl\":\"https:\/\/www.gridmag.com.mx\/wp-content\/uploads\/2023\/09\/Copia-de-09.-Departamento-Ventanas_Taller-David-Dana.jpg\",\"articleSection\":[\"Arquitectura\"],\"inLanguage\":\"es\",\"potentialAction\":[{\"@type\":\"CommentAction\",\"name\":\"Comment\",\"target\":[\"https:\/\/www.gridmag.com.mx\/index.php\/2023\/09\/07\/departamento-ventanas\/#respond\"]}]},{\"@type\":\"WebPage\",\"@id\":\"https:\/\/www.gridmag.com.mx\/index.php\/2023\/09\/07\/departamento-ventanas\/\",\"url\":\"https:\/\/www.gridmag.com.mx\/index.php\/2023\/09\/07\/departamento-ventanas\/\",\"name\":\"Departamento Ventanas | Taller David Dana\",\"isPartOf\":{\"@id\":\"https:\/\/www.gridmag.com.mx\/#website\"},\"primaryImageOfPage\":{\"@id\":\"https:\/\/www.gridmag.com.mx\/index.php\/2023\/09\/07\/departamento-ventanas\/#primaryimage\"},\"image\":{\"@id\":\"https:\/\/www.gridmag.com.mx\/index.php\/2023\/09\/07\/departamento-ventanas\/#primaryimage\"},\"thumbnailUrl\":\"https:\/\/www.gridmag.com.mx\/wp-content\/uploads\/2023\/09\/Copia-de-09.-Departamento-Ventanas_Taller-David-Dana.jpg\",\"datePublished\":\"2023-09-07T16:15:15+00:00\",\"dateModified\":\"2024-02-01T00:19:45+00:00\",\"description\":\"Descubre el Departamento Ventanas, una joya de interiorismo en una exclusiva zona residencial de Ciudad de M\u00e9xico.\",\"breadcrumb\":{\"@id\":\"https:\/\/www.gridmag.com.mx\/index.php\/2023\/09\/07\/departamento-ventanas\/#breadcrumb\"},\"inLanguage\":\"es\",\"potentialAction\":[{\"@type\":\"ReadAction\",\"target\":[\"https:\/\/www.gridmag.com.mx\/index.php\/2023\/09\/07\/departamento-ventanas\/\"]}]},{\"@type\":\"ImageObject\",\"inLanguage\":\"es\",\"@id\":\"https:\/\/www.gridmag.com.mx\/index.php\/2023\/09\/07\/departamento-ventanas\/#primaryimage\",\"url\":\"https:\/\/www.gridmag.com.mx\/wp-content\/uploads\/2023\/09\/Copia-de-09.-Departamento-Ventanas_Taller-David-Dana.jpg\",\"contentUrl\":\"https:\/\/www.gridmag.com.mx\/wp-content\/uploads\/2023\/09\/Copia-de-09.-Departamento-Ventanas_Taller-David-Dana.jpg\",\"width\":1984,\"height\":1346},{\"@type\":\"BreadcrumbList\",\"@id\":\"https:\/\/www.gridmag.com.mx\/index.php\/2023\/09\/07\/departamento-ventanas\/#breadcrumb\",\"itemListElement\":[{\"@type\":\"ListItem\",\"position\":1,\"name\":\"Inicio\",\"item\":\"https:\/\/www.gridmag.com.mx\/\"},{\"@type\":\"ListItem\",\"position\":2,\"name\":\"Departamento Ventanas | Taller David Dana\"}]},{\"@type\":\"WebSite\",\"@id\":\"https:\/\/www.gridmag.com.mx\/#website\",\"url\":\"https:\/\/www.gridmag.com.mx\/\",\"name\":\"Grid Magazine\",\"description\":\"Compartiendo lo mejor de la arquitectura y dise\u00f1o mexicano.\",\"publisher\":{\"@id\":\"https:\/\/www.gridmag.com.mx\/#organization\"},\"potentialAction\":[{\"@type\":\"SearchAction\",\"target\":{\"@type\":\"EntryPoint\",\"urlTemplate\":\"https:\/\/www.gridmag.com.mx\/?s={search_term_string}\"},\"query-input\":{\"@type\":\"PropertyValueSpecification\",\"valueRequired\":true,\"valueName\":\"search_term_string\"}}],\"inLanguage\":\"es\"},{\"@type\":\"Organization\",\"@id\":\"https:\/\/www.gridmag.com.mx\/#organization\",\"name\":\"Grid Magazine\",\"url\":\"https:\/\/www.gridmag.com.mx\/\",\"logo\":{\"@type\":\"ImageObject\",\"inLanguage\":\"es\",\"@id\":\"https:\/\/www.gridmag.com.mx\/#\/schema\/logo\/image\/\",\"url\":\"\",\"contentUrl\":\"\",\"caption\":\"Grid Magazine\"},\"image\":{\"@id\":\"https:\/\/www.gridmag.com.mx\/#\/schema\/logo\/image\/\"},\"sameAs\":[\"https:\/\/www.facebook.com\/gridmagazine.mx\",\"https:\/\/www.instagram.com\/gridmagazine_mx\/\",\"https:\/\/www.tiktok.com\/@gridmagazine.mx?_t=8gl2kVR2Aq6&_r=1\",\"https:\/\/www.linkedin.com\/company\/grid-magazine-mx\/\"]},{\"@type\":\"Person\",\"@id\":\"https:\/\/www.gridmag.com.mx\/#\/schema\/person\/bfe28cdbe6ebe447796b7d7428227768\",\"name\":\"Autor Invitado\",\"image\":{\"@type\":\"ImageObject\",\"inLanguage\":\"es\",\"@id\":\"https:\/\/www.gridmag.com.mx\/#\/schema\/person\/image\/\",\"url\":\"https:\/\/secure.gravatar.com\/avatar\/1951b157afe68d49ac5cd93d23d29a9502733912b3259d0cba8485421e416450?s=96&d=mm&r=g\",\"contentUrl\":\"https:\/\/secure.gravatar.com\/avatar\/1951b157afe68d49ac5cd93d23d29a9502733912b3259d0cba8485421e416450?s=96&d=mm&r=g\",\"caption\":\"Autor Invitado\"},\"url\":\"https:\/\/www.gridmag.com.mx\/index.php\/author\/autor-invitado\/\"}]}<\/script>\n<!-- \/ Yoast SEO plugin. -->","yoast_head_json":{"title":"Departamento Ventanas | Taller David Dana","description":"Descubre el Departamento Ventanas, una joya de interiorismo en una exclusiva zona residencial de Ciudad de M\u00e9xico.","robots":{"index":"index","follow":"follow","max-snippet":"max-snippet:-1","max-image-preview":"max-image-preview:large","max-video-preview":"max-video-preview:-1"},"canonical":"https:\/\/www.gridmag.com.mx\/index.php\/2023\/09\/07\/departamento-ventanas\/","og_locale":"es_MX","og_type":"article","og_title":"Departamento Ventanas | Taller David Dana","og_description":"Descubre el Departamento Ventanas, una joya de interiorismo en una exclusiva zona residencial de Ciudad de M\u00e9xico.","og_url":"https:\/\/www.gridmag.com.mx\/index.php\/2023\/09\/07\/departamento-ventanas\/","og_site_name":"Grid Magazine","article_publisher":"https:\/\/www.facebook.com\/gridmagazine.mx","article_published_time":"2023-09-07T16:15:15+00:00","article_modified_time":"2024-02-01T00:19:45+00:00","og_image":[{"width":1984,"height":1346,"url":"https:\/\/www.gridmag.com.mx\/wp-content\/uploads\/2023\/09\/Copia-de-09.-Departamento-Ventanas_Taller-David-Dana.jpg","type":"image\/jpeg"}],"author":"Autor Invitado","twitter_card":"summary_large_image","twitter_misc":{"Escrito por":"Autor Invitado","Tiempo de lectura":"4 minutos"},"schema":{"@context":"https:\/\/schema.org","@graph":[{"@type":"Article","@id":"https:\/\/www.gridmag.com.mx\/index.php\/2023\/09\/07\/departamento-ventanas\/#article","isPartOf":{"@id":"https:\/\/www.gridmag.com.mx\/index.php\/2023\/09\/07\/departamento-ventanas\/"},"author":{"name":"Autor Invitado","@id":"https:\/\/www.gridmag.com.mx\/#\/schema\/person\/bfe28cdbe6ebe447796b7d7428227768"},"headline":"Departamento Ventanas | Taller David Dana","datePublished":"2023-09-07T16:15:15+00:00","dateModified":"2024-02-01T00:19:45+00:00","mainEntityOfPage":{"@id":"https:\/\/www.gridmag.com.mx\/index.php\/2023\/09\/07\/departamento-ventanas\/"},"wordCount":552,"commentCount":0,"publisher":{"@id":"https:\/\/www.gridmag.com.mx\/#organization"},"image":{"@id":"https:\/\/www.gridmag.com.mx\/index.php\/2023\/09\/07\/departamento-ventanas\/#primaryimage"},"thumbnailUrl":"https:\/\/www.gridmag.com.mx\/wp-content\/uploads\/2023\/09\/Copia-de-09.-Departamento-Ventanas_Taller-David-Dana.jpg","articleSection":["Arquitectura"],"inLanguage":"es","potentialAction":[{"@type":"CommentAction","name":"Comment","target":["https:\/\/www.gridmag.com.mx\/index.php\/2023\/09\/07\/departamento-ventanas\/#respond"]}]},{"@type":"WebPage","@id":"https:\/\/www.gridmag.com.mx\/index.php\/2023\/09\/07\/departamento-ventanas\/","url":"https:\/\/www.gridmag.com.mx\/index.php\/2023\/09\/07\/departamento-ventanas\/","name":"Departamento Ventanas | Taller David Dana","isPartOf":{"@id":"https:\/\/www.gridmag.com.mx\/#website"},"primaryImageOfPage":{"@id":"https:\/\/www.gridmag.com.mx\/index.php\/2023\/09\/07\/departamento-ventanas\/#primaryimage"},"image":{"@id":"https:\/\/www.gridmag.com.mx\/index.php\/2023\/09\/07\/departamento-ventanas\/#primaryimage"},"thumbnailUrl":"https:\/\/www.gridmag.com.mx\/wp-content\/uploads\/2023\/09\/Copia-de-09.-Departamento-Ventanas_Taller-David-Dana.jpg","datePublished":"2023-09-07T16:15:15+00:00","dateModified":"2024-02-01T00:19:45+00:00","description":"Descubre el Departamento Ventanas, una joya de interiorismo en una exclusiva zona residencial de Ciudad de M\u00e9xico.","breadcrumb":{"@id":"https:\/\/www.gridmag.com.mx\/index.php\/2023\/09\/07\/departamento-ventanas\/#breadcrumb"},"inLanguage":"es","potentialAction":[{"@type":"ReadAction","target":["https:\/\/www.gridmag.com.mx\/index.php\/2023\/09\/07\/departamento-ventanas\/"]}]},{"@type":"ImageObject","inLanguage":"es","@id":"https:\/\/www.gridmag.com.mx\/index.php\/2023\/09\/07\/departamento-ventanas\/#primaryimage","url":"https:\/\/www.gridmag.com.mx\/wp-content\/uploads\/2023\/09\/Copia-de-09.-Departamento-Ventanas_Taller-David-Dana.jpg","contentUrl":"https:\/\/www.gridmag.com.mx\/wp-content\/uploads\/2023\/09\/Copia-de-09.-Departamento-Ventanas_Taller-David-Dana.jpg","width":1984,"height":1346},{"@type":"BreadcrumbList","@id":"https:\/\/www.gridmag.com.mx\/index.php\/2023\/09\/07\/departamento-ventanas\/#breadcrumb","itemListElement":[{"@type":"ListItem","position":1,"name":"Inicio","item":"https:\/\/www.gridmag.com.mx\/"},{"@type":"ListItem","position":2,"name":"Departamento Ventanas | Taller David Dana"}]},{"@type":"WebSite","@id":"https:\/\/www.gridmag.com.mx\/#website","url":"https:\/\/www.gridmag.com.mx\/","name":"Grid Magazine","description":"Compartiendo lo mejor de la arquitectura y dise\u00f1o mexicano.","publisher":{"@id":"https:\/\/www.gridmag.com.mx\/#organization"},"potentialAction":[{"@type":"SearchAction","target":{"@type":"EntryPoint","urlTemplate":"https:\/\/www.gridmag.com.mx\/?s={search_term_string}"},"query-input":{"@type":"PropertyValueSpecification","valueRequired":true,"valueName":"search_term_string"}}],"inLanguage":"es"},{"@type":"Organization","@id":"https:\/\/www.gridmag.com.mx\/#organization","name":"Grid Magazine","url":"https:\/\/www.gridmag.com.mx\/","logo":{"@type":"ImageObject","inLanguage":"es","@id":"https:\/\/www.gridmag.com.mx\/#\/schema\/logo\/image\/","url":"","contentUrl":"","caption":"Grid Magazine"},"image":{"@id":"https:\/\/www.gridmag.com.mx\/#\/schema\/logo\/image\/"},"sameAs":["https:\/\/www.facebook.com\/gridmagazine.mx","https:\/\/www.instagram.com\/gridmagazine_mx\/","https:\/\/www.tiktok.com\/@gridmagazine.mx?_t=8gl2kVR2Aq6&_r=1","https:\/\/www.linkedin.com\/company\/grid-magazine-mx\/"]},{"@type":"Person","@id":"https:\/\/www.gridmag.com.mx\/#\/schema\/person\/bfe28cdbe6ebe447796b7d7428227768","name":"Autor Invitado","image":{"@type":"ImageObject","inLanguage":"es","@id":"https:\/\/www.gridmag.com.mx\/#\/schema\/person\/image\/","url":"https:\/\/secure.gravatar.com\/avatar\/1951b157afe68d49ac5cd93d23d29a9502733912b3259d0cba8485421e416450?s=96&d=mm&r=g","contentUrl":"https:\/\/secure.gravatar.com\/avatar\/1951b157afe68d49ac5cd93d23d29a9502733912b3259d0cba8485421e416450?s=96&d=mm&r=g","caption":"Autor Invitado"},"url":"https:\/\/www.gridmag.com.mx\/index.php\/author\/autor-invitado\/"}]}},"_links":{"self":[{"href":"https:\/\/www.gridmag.com.mx\/index.php\/wp-json\/wp\/v2\/posts\/4393","targetHints":{"allow":["GET"]}}],"collection":[{"href":"https:\/\/www.gridmag.com.mx\/index.php\/wp-json\/wp\/v2\/posts"}],"about":[{"href":"https:\/\/www.gridmag.com.mx\/index.php\/wp-json\/wp\/v2\/types\/post"}],"author":[{"embeddable":true,"href":"https:\/\/www.gridmag.com.mx\/index.php\/wp-json\/wp\/v2\/users\/12"}],"replies":[{"embeddable":true,"href":"https:\/\/www.gridmag.com.mx\/index.php\/wp-json\/wp\/v2\/comments?post=4393"}],"version-history":[{"count":3,"href":"https:\/\/www.gridmag.com.mx\/index.php\/wp-json\/wp\/v2\/posts\/4393\/revisions"}],"predecessor-version":[{"id":6331,"href":"https:\/\/www.gridmag.com.mx\/index.php\/wp-json\/wp\/v2\/posts\/4393\/revisions\/6331"}],"wp:featuredmedia":[{"embeddable":true,"href":"https:\/\/www.gridmag.com.mx\/index.php\/wp-json\/wp\/v2\/media\/4394"}],"wp:attachment":[{"href":"https:\/\/www.gridmag.com.mx\/index.php\/wp-json\/wp\/v2\/media?parent=4393"}],"wp:term":[{"taxonomy":"category","embeddable":true,"href":"https:\/\/www.gridmag.com.mx\/index.php\/wp-json\/wp\/v2\/categories?post=4393"},{"taxonomy":"post_tag","embeddable":true,"href":"https:\/\/www.gridmag.com.mx\/index.php\/wp-json\/wp\/v2\/tags?post=4393"}],"curies":[{"name":"wp","href":"https:\/\/api.w.org\/{rel}","templated":true}]}}