{"id":4639,"date":"2023-09-25T08:00:00","date_gmt":"2023-09-25T14:00:00","guid":{"rendered":"https:\/\/www.gridmag.com.mx\/?p=4639"},"modified":"2024-02-02T16:45:37","modified_gmt":"2024-02-02T22:45:37","slug":"la-falla","status":"publish","type":"post","link":"https:\/\/www.gridmag.com.mx\/index.php\/2023\/09\/25\/la-falla\/","title":{"rendered":"La Falla | Innovaci\u00f3n y creatividad en cer\u00e1mica"},"content":{"rendered":"\n<p><strong>Por Mau Batres<\/strong><\/p>\n\n\n\n<p>Cu\u00e1ntas veces has imaginado cu\u00e1n lejos pueden llegar tus sue\u00f1os o cu\u00e1ntas veces no has escuchado esos espont\u00e1neos \u201cpst-pst\u201d de <strong>creatividad<\/strong> que llegan a tu mente en el momento menos esperado sin saber si se materializar\u00e1n o no. La idea de \u201chacer realidad tus sue\u00f1os\u201d adquiere mayor sentido al momento de tomar acci\u00f3n, pero sobre todo, cuando aprendes a soltar y avanzar para recibir aquello que la vida te tiene preparado.\u00a0<\/p>\n\n\n\n<p>Este es el punto de partida para Mane, Julio y Beto, un tr\u00edo de j\u00f3venes artistas que, animados por su instinto curioso y disruptivo, fundaron un centro de inspiraci\u00f3n que va m\u00e1s all\u00e1 de un <strong>taller<\/strong> de <a href=\"https:\/\/www.gridmag.com.mx\/index.php\/2023\/01\/24\/mar-y-tierra-studio-ceramica-intencional\/\">cer\u00e1mica<\/a>.<\/p>\n\n\n\n<figure class=\"wp-block-image size-large\"><img decoding=\"async\" width=\"897\" height=\"1024\" src=\"https:\/\/www.gridmag.com.mx\/wp-content\/uploads\/2023\/09\/MG_3074_2-897x1024.jpg\" alt=\"\" class=\"wp-image-4643\" srcset=\"https:\/\/www.gridmag.com.mx\/wp-content\/uploads\/2023\/09\/MG_3074_2-897x1024.jpg 897w, https:\/\/www.gridmag.com.mx\/wp-content\/uploads\/2023\/09\/MG_3074_2-263x300.jpg 263w, https:\/\/www.gridmag.com.mx\/wp-content\/uploads\/2023\/09\/MG_3074_2-768x876.jpg 768w, https:\/\/www.gridmag.com.mx\/wp-content\/uploads\/2023\/09\/MG_3074_2-1346x1536.jpg 1346w, https:\/\/www.gridmag.com.mx\/wp-content\/uploads\/2023\/09\/MG_3074_2-770x879.jpg 770w, https:\/\/www.gridmag.com.mx\/wp-content\/uploads\/2023\/09\/MG_3074_2-1400x1598.jpg 1400w, https:\/\/www.gridmag.com.mx\/wp-content\/uploads\/2023\/09\/MG_3074_2.jpg 1701w\" sizes=\"(max-width: 897px) 100vw, 897px\" \/><\/figure>\n\n\n\n<div style=\"height:10px\" aria-hidden=\"true\" class=\"wp-block-spacer\"><\/div>\n\n\n\n<p>La Falla surgi\u00f3 a finales del 2020 en un contexto incierto y ajetreado como consecuencia de la pandemia, pero manteniendo una visi\u00f3n clara: \u201cllegar m\u00e1s all\u00e1 de los l\u00edmites establecidos\u201d. Su nombre se debe a que los artistas pretend\u00edan ser un diferenciador en el gremio.&nbsp;<\/p>\n\n\n\n<p>\u201cEl taller se llama La Falla porque en aquellos tiempos los tres viv\u00edamos cerca de una falla geol\u00f3gica, aparte de que tambi\u00e9n es como esta alusi\u00f3n a que nosotros, como egresados, somos como una falla en el sistema\u201d, comenta Julio.<\/p>\n\n\n\n<div class=\"wp-block-columns is-layout-flex wp-container-core-columns-is-layout-9d6595d7 wp-block-columns-is-layout-flex\">\n<div class=\"wp-block-column is-layout-flow wp-block-column-is-layout-flow\">\n<figure class=\"wp-block-image size-large\"><img decoding=\"async\" width=\"683\" height=\"1024\" src=\"https:\/\/www.gridmag.com.mx\/wp-content\/uploads\/2023\/09\/MG_3081-683x1024.jpg\" alt=\"La Falla | Innovaci\u00f3n y Creatividad en Cer\u00e1mica\" class=\"wp-image-4644\" srcset=\"https:\/\/www.gridmag.com.mx\/wp-content\/uploads\/2023\/09\/MG_3081-683x1024.jpg 683w, https:\/\/www.gridmag.com.mx\/wp-content\/uploads\/2023\/09\/MG_3081-200x300.jpg 200w, https:\/\/www.gridmag.com.mx\/wp-content\/uploads\/2023\/09\/MG_3081-768x1152.jpg 768w, https:\/\/www.gridmag.com.mx\/wp-content\/uploads\/2023\/09\/MG_3081-1024x1536.jpg 1024w, https:\/\/www.gridmag.com.mx\/wp-content\/uploads\/2023\/09\/MG_3081-1366x2048.jpg 1366w, https:\/\/www.gridmag.com.mx\/wp-content\/uploads\/2023\/09\/MG_3081-770x1155.jpg 770w, https:\/\/www.gridmag.com.mx\/wp-content\/uploads\/2023\/09\/MG_3081-1400x2100.jpg 1400w, https:\/\/www.gridmag.com.mx\/wp-content\/uploads\/2023\/09\/MG_3081.jpg 1707w\" sizes=\"(max-width: 683px) 100vw, 683px\" \/><\/figure>\n<\/div>\n\n\n\n<div class=\"wp-block-column is-layout-flow wp-block-column-is-layout-flow\">\n<figure class=\"wp-block-image size-large\"><img decoding=\"async\" width=\"683\" height=\"1024\" src=\"https:\/\/www.gridmag.com.mx\/wp-content\/uploads\/2023\/09\/MG_3037-683x1024.jpg\" alt=\"La Falla | Innovaci\u00f3n y Creatividad en Cer\u00e1mica\" class=\"wp-image-4645\" srcset=\"https:\/\/www.gridmag.com.mx\/wp-content\/uploads\/2023\/09\/MG_3037-683x1024.jpg 683w, https:\/\/www.gridmag.com.mx\/wp-content\/uploads\/2023\/09\/MG_3037-200x300.jpg 200w, https:\/\/www.gridmag.com.mx\/wp-content\/uploads\/2023\/09\/MG_3037-768x1152.jpg 768w, https:\/\/www.gridmag.com.mx\/wp-content\/uploads\/2023\/09\/MG_3037-1024x1536.jpg 1024w, https:\/\/www.gridmag.com.mx\/wp-content\/uploads\/2023\/09\/MG_3037-1366x2048.jpg 1366w, https:\/\/www.gridmag.com.mx\/wp-content\/uploads\/2023\/09\/MG_3037-770x1155.jpg 770w, https:\/\/www.gridmag.com.mx\/wp-content\/uploads\/2023\/09\/MG_3037-1400x2100.jpg 1400w, https:\/\/www.gridmag.com.mx\/wp-content\/uploads\/2023\/09\/MG_3037.jpg 1707w\" sizes=\"(max-width: 683px) 100vw, 683px\" \/><\/figure>\n<\/div>\n<\/div>\n\n\n\n<p>El <strong>taller<\/strong> se origin\u00f3 con la intenci\u00f3n de conjuntar distintos talentos que pudieran trabajar sus piezas en un espacio de experimentaci\u00f3n y producci\u00f3n; sin embargo, conforme empezaron a relacionarse como invitados en diferentes exposiciones como invitados, recibieron constantes solicitudes para dar clases de cer\u00e1mica, por lo que decidieron ampliar su visi\u00f3n y comenzaron a ofrecerlas desde un enfoque <strong>innovador.<\/strong><\/p>\n","protected":false},"excerpt":{"rendered":"<p>Por Mau Batres Cu\u00e1ntas veces has imaginado cu\u00e1n lejos pueden llegar tus sue\u00f1os o cu\u00e1ntas veces no has escuchado esos espont\u00e1neos \u201cpst-pst\u201d de creatividad que llegan a tu mente en el momento menos esperado sin saber si se materializar\u00e1n o no. La idea de \u201chacer realidad tus sue\u00f1os\u201d adquiere mayor sentido al momento de tomar acci\u00f3n, pero sobre todo, cuando aprendes a soltar y avanzar para recibir aquello que la vida te tiene preparado.\u00a0 Este es el punto de partida [&hellip;]<\/p>\n","protected":false},"author":12,"featured_media":4641,"comment_status":"open","ping_status":"open","sticky":false,"template":"","format":"standard","meta":{"footnotes":""},"categories":[1],"tags":[],"class_list":["post-4639","post","type-post","status-publish","format-standard","has-post-thumbnail","hentry","category-sin-categoria"],"yoast_head":"<!-- This site is optimized with the Yoast SEO plugin v27.0 - https:\/\/yoast.com\/product\/yoast-seo-wordpress\/ -->\n<title>La Falla | Innovaci\u00f3n y Creatividad en Cer\u00e1mica<\/title>\n<meta name=\"description\" content=\"Descubre la traves\u00eda creativa de Mane, Julio y Beto, detr\u00e1s de La Falla, centro de inspiraci\u00f3n que va m\u00e1s all\u00e1 de la cer\u00e1mica convencional.\" \/>\n<meta name=\"robots\" content=\"index, follow, max-snippet:-1, max-image-preview:large, max-video-preview:-1\" \/>\n<link rel=\"canonical\" href=\"https:\/\/www.gridmag.com.mx\/index.php\/2023\/09\/25\/la-falla\/\" \/>\n<meta property=\"og:locale\" content=\"es_MX\" \/>\n<meta property=\"og:type\" content=\"article\" \/>\n<meta property=\"og:title\" content=\"La Falla | Innovaci\u00f3n y Creatividad en Cer\u00e1mica\" \/>\n<meta property=\"og:description\" content=\"Descubre la traves\u00eda creativa de Mane, Julio y Beto, detr\u00e1s de La Falla, centro de inspiraci\u00f3n que va m\u00e1s all\u00e1 de la cer\u00e1mica convencional.\" \/>\n<meta property=\"og:url\" content=\"https:\/\/www.gridmag.com.mx\/index.php\/2023\/09\/25\/la-falla\/\" \/>\n<meta property=\"og:site_name\" content=\"Grid Magazine\" \/>\n<meta property=\"article:publisher\" content=\"https:\/\/www.facebook.com\/gridmagazine.mx\" \/>\n<meta property=\"article:published_time\" content=\"2023-09-25T14:00:00+00:00\" \/>\n<meta property=\"article:modified_time\" content=\"2024-02-02T22:45:37+00:00\" \/>\n<meta property=\"og:image\" content=\"https:\/\/www.gridmag.com.mx\/wp-content\/uploads\/2023\/09\/PORTADA-1-scaled.jpg\" \/>\n\t<meta property=\"og:image:width\" content=\"2560\" \/>\n\t<meta property=\"og:image:height\" content=\"1146\" \/>\n\t<meta property=\"og:image:type\" content=\"image\/jpeg\" \/>\n<meta name=\"author\" content=\"Autor Invitado\" \/>\n<meta name=\"twitter:card\" content=\"summary_large_image\" \/>\n<meta name=\"twitter:label1\" content=\"Escrito por\" \/>\n\t<meta name=\"twitter:data1\" content=\"Autor Invitado\" \/>\n\t<meta name=\"twitter:label2\" content=\"Tiempo de lectura\" \/>\n\t<meta name=\"twitter:data2\" content=\"2 minutos\" \/>\n<script type=\"application\/ld+json\" class=\"yoast-schema-graph\">{\"@context\":\"https:\/\/schema.org\",\"@graph\":[{\"@type\":\"Article\",\"@id\":\"https:\/\/www.gridmag.com.mx\/index.php\/2023\/09\/25\/la-falla\/#article\",\"isPartOf\":{\"@id\":\"https:\/\/www.gridmag.com.mx\/index.php\/2023\/09\/25\/la-falla\/\"},\"author\":{\"name\":\"Autor Invitado\",\"@id\":\"https:\/\/www.gridmag.com.mx\/#\/schema\/person\/bfe28cdbe6ebe447796b7d7428227768\"},\"headline\":\"La Falla | Innovaci\u00f3n y creatividad en cer\u00e1mica\",\"datePublished\":\"2023-09-25T14:00:00+00:00\",\"dateModified\":\"2024-02-02T22:45:37+00:00\",\"mainEntityOfPage\":{\"@id\":\"https:\/\/www.gridmag.com.mx\/index.php\/2023\/09\/25\/la-falla\/\"},\"wordCount\":291,\"commentCount\":0,\"publisher\":{\"@id\":\"https:\/\/www.gridmag.com.mx\/#organization\"},\"image\":{\"@id\":\"https:\/\/www.gridmag.com.mx\/index.php\/2023\/09\/25\/la-falla\/#primaryimage\"},\"thumbnailUrl\":\"https:\/\/www.gridmag.com.mx\/wp-content\/uploads\/2023\/09\/PORTADA-1.jpg\",\"inLanguage\":\"es\",\"potentialAction\":[{\"@type\":\"CommentAction\",\"name\":\"Comment\",\"target\":[\"https:\/\/www.gridmag.com.mx\/index.php\/2023\/09\/25\/la-falla\/#respond\"]}]},{\"@type\":\"WebPage\",\"@id\":\"https:\/\/www.gridmag.com.mx\/index.php\/2023\/09\/25\/la-falla\/\",\"url\":\"https:\/\/www.gridmag.com.mx\/index.php\/2023\/09\/25\/la-falla\/\",\"name\":\"La Falla | Innovaci\u00f3n y Creatividad en Cer\u00e1mica\",\"isPartOf\":{\"@id\":\"https:\/\/www.gridmag.com.mx\/#website\"},\"primaryImageOfPage\":{\"@id\":\"https:\/\/www.gridmag.com.mx\/index.php\/2023\/09\/25\/la-falla\/#primaryimage\"},\"image\":{\"@id\":\"https:\/\/www.gridmag.com.mx\/index.php\/2023\/09\/25\/la-falla\/#primaryimage\"},\"thumbnailUrl\":\"https:\/\/www.gridmag.com.mx\/wp-content\/uploads\/2023\/09\/PORTADA-1.jpg\",\"datePublished\":\"2023-09-25T14:00:00+00:00\",\"dateModified\":\"2024-02-02T22:45:37+00:00\",\"description\":\"Descubre la traves\u00eda creativa de Mane, Julio y Beto, detr\u00e1s de La Falla, centro de inspiraci\u00f3n que va m\u00e1s all\u00e1 de la cer\u00e1mica convencional.\",\"breadcrumb\":{\"@id\":\"https:\/\/www.gridmag.com.mx\/index.php\/2023\/09\/25\/la-falla\/#breadcrumb\"},\"inLanguage\":\"es\",\"potentialAction\":[{\"@type\":\"ReadAction\",\"target\":[\"https:\/\/www.gridmag.com.mx\/index.php\/2023\/09\/25\/la-falla\/\"]}]},{\"@type\":\"ImageObject\",\"inLanguage\":\"es\",\"@id\":\"https:\/\/www.gridmag.com.mx\/index.php\/2023\/09\/25\/la-falla\/#primaryimage\",\"url\":\"https:\/\/www.gridmag.com.mx\/wp-content\/uploads\/2023\/09\/PORTADA-1.jpg\",\"contentUrl\":\"https:\/\/www.gridmag.com.mx\/wp-content\/uploads\/2023\/09\/PORTADA-1.jpg\",\"width\":2560,\"height\":1146},{\"@type\":\"BreadcrumbList\",\"@id\":\"https:\/\/www.gridmag.com.mx\/index.php\/2023\/09\/25\/la-falla\/#breadcrumb\",\"itemListElement\":[{\"@type\":\"ListItem\",\"position\":1,\"name\":\"Inicio\",\"item\":\"https:\/\/www.gridmag.com.mx\/\"},{\"@type\":\"ListItem\",\"position\":2,\"name\":\"La Falla | Innovaci\u00f3n y creatividad en cer\u00e1mica\"}]},{\"@type\":\"WebSite\",\"@id\":\"https:\/\/www.gridmag.com.mx\/#website\",\"url\":\"https:\/\/www.gridmag.com.mx\/\",\"name\":\"Grid Magazine\",\"description\":\"Compartiendo lo mejor de la arquitectura y dise\u00f1o mexicano.\",\"publisher\":{\"@id\":\"https:\/\/www.gridmag.com.mx\/#organization\"},\"potentialAction\":[{\"@type\":\"SearchAction\",\"target\":{\"@type\":\"EntryPoint\",\"urlTemplate\":\"https:\/\/www.gridmag.com.mx\/?s={search_term_string}\"},\"query-input\":{\"@type\":\"PropertyValueSpecification\",\"valueRequired\":true,\"valueName\":\"search_term_string\"}}],\"inLanguage\":\"es\"},{\"@type\":\"Organization\",\"@id\":\"https:\/\/www.gridmag.com.mx\/#organization\",\"name\":\"Grid Magazine\",\"url\":\"https:\/\/www.gridmag.com.mx\/\",\"logo\":{\"@type\":\"ImageObject\",\"inLanguage\":\"es\",\"@id\":\"https:\/\/www.gridmag.com.mx\/#\/schema\/logo\/image\/\",\"url\":\"\",\"contentUrl\":\"\",\"caption\":\"Grid Magazine\"},\"image\":{\"@id\":\"https:\/\/www.gridmag.com.mx\/#\/schema\/logo\/image\/\"},\"sameAs\":[\"https:\/\/www.facebook.com\/gridmagazine.mx\",\"https:\/\/www.instagram.com\/gridmagazine_mx\/\",\"https:\/\/www.tiktok.com\/@gridmagazine.mx?_t=8gl2kVR2Aq6&_r=1\",\"https:\/\/www.linkedin.com\/company\/grid-magazine-mx\/\"]},{\"@type\":\"Person\",\"@id\":\"https:\/\/www.gridmag.com.mx\/#\/schema\/person\/bfe28cdbe6ebe447796b7d7428227768\",\"name\":\"Autor Invitado\",\"image\":{\"@type\":\"ImageObject\",\"inLanguage\":\"es\",\"@id\":\"https:\/\/www.gridmag.com.mx\/#\/schema\/person\/image\/\",\"url\":\"https:\/\/secure.gravatar.com\/avatar\/1951b157afe68d49ac5cd93d23d29a9502733912b3259d0cba8485421e416450?s=96&d=mm&r=g\",\"contentUrl\":\"https:\/\/secure.gravatar.com\/avatar\/1951b157afe68d49ac5cd93d23d29a9502733912b3259d0cba8485421e416450?s=96&d=mm&r=g\",\"caption\":\"Autor Invitado\"},\"url\":\"https:\/\/www.gridmag.com.mx\/index.php\/author\/autor-invitado\/\"}]}<\/script>\n<!-- \/ Yoast SEO plugin. -->","yoast_head_json":{"title":"La Falla | Innovaci\u00f3n y Creatividad en Cer\u00e1mica","description":"Descubre la traves\u00eda creativa de Mane, Julio y Beto, detr\u00e1s de La Falla, centro de inspiraci\u00f3n que va m\u00e1s all\u00e1 de la cer\u00e1mica convencional.","robots":{"index":"index","follow":"follow","max-snippet":"max-snippet:-1","max-image-preview":"max-image-preview:large","max-video-preview":"max-video-preview:-1"},"canonical":"https:\/\/www.gridmag.com.mx\/index.php\/2023\/09\/25\/la-falla\/","og_locale":"es_MX","og_type":"article","og_title":"La Falla | Innovaci\u00f3n y Creatividad en Cer\u00e1mica","og_description":"Descubre la traves\u00eda creativa de Mane, Julio y Beto, detr\u00e1s de La Falla, centro de inspiraci\u00f3n que va m\u00e1s all\u00e1 de la cer\u00e1mica convencional.","og_url":"https:\/\/www.gridmag.com.mx\/index.php\/2023\/09\/25\/la-falla\/","og_site_name":"Grid Magazine","article_publisher":"https:\/\/www.facebook.com\/gridmagazine.mx","article_published_time":"2023-09-25T14:00:00+00:00","article_modified_time":"2024-02-02T22:45:37+00:00","og_image":[{"width":2560,"height":1146,"url":"https:\/\/www.gridmag.com.mx\/wp-content\/uploads\/2023\/09\/PORTADA-1-scaled.jpg","type":"image\/jpeg"}],"author":"Autor Invitado","twitter_card":"summary_large_image","twitter_misc":{"Escrito por":"Autor Invitado","Tiempo de lectura":"2 minutos"},"schema":{"@context":"https:\/\/schema.org","@graph":[{"@type":"Article","@id":"https:\/\/www.gridmag.com.mx\/index.php\/2023\/09\/25\/la-falla\/#article","isPartOf":{"@id":"https:\/\/www.gridmag.com.mx\/index.php\/2023\/09\/25\/la-falla\/"},"author":{"name":"Autor Invitado","@id":"https:\/\/www.gridmag.com.mx\/#\/schema\/person\/bfe28cdbe6ebe447796b7d7428227768"},"headline":"La Falla | Innovaci\u00f3n y creatividad en cer\u00e1mica","datePublished":"2023-09-25T14:00:00+00:00","dateModified":"2024-02-02T22:45:37+00:00","mainEntityOfPage":{"@id":"https:\/\/www.gridmag.com.mx\/index.php\/2023\/09\/25\/la-falla\/"},"wordCount":291,"commentCount":0,"publisher":{"@id":"https:\/\/www.gridmag.com.mx\/#organization"},"image":{"@id":"https:\/\/www.gridmag.com.mx\/index.php\/2023\/09\/25\/la-falla\/#primaryimage"},"thumbnailUrl":"https:\/\/www.gridmag.com.mx\/wp-content\/uploads\/2023\/09\/PORTADA-1.jpg","inLanguage":"es","potentialAction":[{"@type":"CommentAction","name":"Comment","target":["https:\/\/www.gridmag.com.mx\/index.php\/2023\/09\/25\/la-falla\/#respond"]}]},{"@type":"WebPage","@id":"https:\/\/www.gridmag.com.mx\/index.php\/2023\/09\/25\/la-falla\/","url":"https:\/\/www.gridmag.com.mx\/index.php\/2023\/09\/25\/la-falla\/","name":"La Falla | Innovaci\u00f3n y Creatividad en Cer\u00e1mica","isPartOf":{"@id":"https:\/\/www.gridmag.com.mx\/#website"},"primaryImageOfPage":{"@id":"https:\/\/www.gridmag.com.mx\/index.php\/2023\/09\/25\/la-falla\/#primaryimage"},"image":{"@id":"https:\/\/www.gridmag.com.mx\/index.php\/2023\/09\/25\/la-falla\/#primaryimage"},"thumbnailUrl":"https:\/\/www.gridmag.com.mx\/wp-content\/uploads\/2023\/09\/PORTADA-1.jpg","datePublished":"2023-09-25T14:00:00+00:00","dateModified":"2024-02-02T22:45:37+00:00","description":"Descubre la traves\u00eda creativa de Mane, Julio y Beto, detr\u00e1s de La Falla, centro de inspiraci\u00f3n que va m\u00e1s all\u00e1 de la cer\u00e1mica convencional.","breadcrumb":{"@id":"https:\/\/www.gridmag.com.mx\/index.php\/2023\/09\/25\/la-falla\/#breadcrumb"},"inLanguage":"es","potentialAction":[{"@type":"ReadAction","target":["https:\/\/www.gridmag.com.mx\/index.php\/2023\/09\/25\/la-falla\/"]}]},{"@type":"ImageObject","inLanguage":"es","@id":"https:\/\/www.gridmag.com.mx\/index.php\/2023\/09\/25\/la-falla\/#primaryimage","url":"https:\/\/www.gridmag.com.mx\/wp-content\/uploads\/2023\/09\/PORTADA-1.jpg","contentUrl":"https:\/\/www.gridmag.com.mx\/wp-content\/uploads\/2023\/09\/PORTADA-1.jpg","width":2560,"height":1146},{"@type":"BreadcrumbList","@id":"https:\/\/www.gridmag.com.mx\/index.php\/2023\/09\/25\/la-falla\/#breadcrumb","itemListElement":[{"@type":"ListItem","position":1,"name":"Inicio","item":"https:\/\/www.gridmag.com.mx\/"},{"@type":"ListItem","position":2,"name":"La Falla | Innovaci\u00f3n y creatividad en cer\u00e1mica"}]},{"@type":"WebSite","@id":"https:\/\/www.gridmag.com.mx\/#website","url":"https:\/\/www.gridmag.com.mx\/","name":"Grid Magazine","description":"Compartiendo lo mejor de la arquitectura y dise\u00f1o mexicano.","publisher":{"@id":"https:\/\/www.gridmag.com.mx\/#organization"},"potentialAction":[{"@type":"SearchAction","target":{"@type":"EntryPoint","urlTemplate":"https:\/\/www.gridmag.com.mx\/?s={search_term_string}"},"query-input":{"@type":"PropertyValueSpecification","valueRequired":true,"valueName":"search_term_string"}}],"inLanguage":"es"},{"@type":"Organization","@id":"https:\/\/www.gridmag.com.mx\/#organization","name":"Grid Magazine","url":"https:\/\/www.gridmag.com.mx\/","logo":{"@type":"ImageObject","inLanguage":"es","@id":"https:\/\/www.gridmag.com.mx\/#\/schema\/logo\/image\/","url":"","contentUrl":"","caption":"Grid Magazine"},"image":{"@id":"https:\/\/www.gridmag.com.mx\/#\/schema\/logo\/image\/"},"sameAs":["https:\/\/www.facebook.com\/gridmagazine.mx","https:\/\/www.instagram.com\/gridmagazine_mx\/","https:\/\/www.tiktok.com\/@gridmagazine.mx?_t=8gl2kVR2Aq6&_r=1","https:\/\/www.linkedin.com\/company\/grid-magazine-mx\/"]},{"@type":"Person","@id":"https:\/\/www.gridmag.com.mx\/#\/schema\/person\/bfe28cdbe6ebe447796b7d7428227768","name":"Autor Invitado","image":{"@type":"ImageObject","inLanguage":"es","@id":"https:\/\/www.gridmag.com.mx\/#\/schema\/person\/image\/","url":"https:\/\/secure.gravatar.com\/avatar\/1951b157afe68d49ac5cd93d23d29a9502733912b3259d0cba8485421e416450?s=96&d=mm&r=g","contentUrl":"https:\/\/secure.gravatar.com\/avatar\/1951b157afe68d49ac5cd93d23d29a9502733912b3259d0cba8485421e416450?s=96&d=mm&r=g","caption":"Autor Invitado"},"url":"https:\/\/www.gridmag.com.mx\/index.php\/author\/autor-invitado\/"}]}},"_links":{"self":[{"href":"https:\/\/www.gridmag.com.mx\/index.php\/wp-json\/wp\/v2\/posts\/4639","targetHints":{"allow":["GET"]}}],"collection":[{"href":"https:\/\/www.gridmag.com.mx\/index.php\/wp-json\/wp\/v2\/posts"}],"about":[{"href":"https:\/\/www.gridmag.com.mx\/index.php\/wp-json\/wp\/v2\/types\/post"}],"author":[{"embeddable":true,"href":"https:\/\/www.gridmag.com.mx\/index.php\/wp-json\/wp\/v2\/users\/12"}],"replies":[{"embeddable":true,"href":"https:\/\/www.gridmag.com.mx\/index.php\/wp-json\/wp\/v2\/comments?post=4639"}],"version-history":[{"count":3,"href":"https:\/\/www.gridmag.com.mx\/index.php\/wp-json\/wp\/v2\/posts\/4639\/revisions"}],"predecessor-version":[{"id":6371,"href":"https:\/\/www.gridmag.com.mx\/index.php\/wp-json\/wp\/v2\/posts\/4639\/revisions\/6371"}],"wp:featuredmedia":[{"embeddable":true,"href":"https:\/\/www.gridmag.com.mx\/index.php\/wp-json\/wp\/v2\/media\/4641"}],"wp:attachment":[{"href":"https:\/\/www.gridmag.com.mx\/index.php\/wp-json\/wp\/v2\/media?parent=4639"}],"wp:term":[{"taxonomy":"category","embeddable":true,"href":"https:\/\/www.gridmag.com.mx\/index.php\/wp-json\/wp\/v2\/categories?post=4639"},{"taxonomy":"post_tag","embeddable":true,"href":"https:\/\/www.gridmag.com.mx\/index.php\/wp-json\/wp\/v2\/tags?post=4639"}],"curies":[{"name":"wp","href":"https:\/\/api.w.org\/{rel}","templated":true}]}}