{"id":4686,"date":"2023-09-28T09:55:44","date_gmt":"2023-09-28T15:55:44","guid":{"rendered":"https:\/\/www.gridmag.com.mx\/?p=4686"},"modified":"2024-02-06T18:45:45","modified_gmt":"2024-02-07T00:45:45","slug":"con-a-de-arquitectura-i-amorette-lopez","status":"publish","type":"post","link":"https:\/\/www.gridmag.com.mx\/index.php\/2023\/09\/28\/con-a-de-arquitectura-i-amorette-lopez\/","title":{"rendered":"Amorette L\u00f3pez | Con A de Arquitectura"},"content":{"rendered":"\n\n\n<p>Amorette L\u00f3pez es una <strong>arquitecta<\/strong> egresada de la Universidad de Aguascalientes que comenz\u00f3 su propio despacho, <em><a href=\"https:\/\/www.facebook.com\/adea.arq\/\">A de Arquitectura<\/a><\/em>, en 2017 con la intenci\u00f3n de seguir lo que la apasiona y enfocarse en la <a href=\"https:\/\/www.gridmag.com.mx\/index.php\/2023\/08\/29\/todo-lo-que-debes-saber-sobre-retail-design\/\">arquitectura comercial<\/a>.\u00a0<\/p>\n\n\n\n<h2 class=\"wp-block-heading\"><strong>Creando experiencias \u00fanicas a trav\u00e9s del dise\u00f1o<\/strong><\/h2>\n\n\n\n<p>Tras terminar sus estudios en la UA y luego de un a\u00f1o de intercambio en Valladolid, Espa\u00f1a, comenz\u00f3 a trabajar en un <strong>despacho arquitect\u00f3nico<\/strong> llamado <em>Espacio<\/em> que se enfoca principalmente en arquitectura comercial; fue aqu\u00ed donde Amorette descubri\u00f3 que esto es lo que la apasiona. Despu\u00e9s de trabajar en ese despacho y en otros como arquitecta, y en San Telmo haciendo <strong>paisajismo<\/strong>, tuvo la oportunidad de realizar el <strong>dise\u00f1o<\/strong> arquitect\u00f3nico de un restaurante en una plaza comercial. Amorette tom\u00f3 esto como punto de partida para comenzar su propio despacho enfocado en <strong>arquitectura comercial<\/strong>.\u00a0<\/p>\n\n\n\n<figure class=\"wp-block-image size-large\"><img decoding=\"async\" width=\"683\" height=\"1024\" src=\"https:\/\/www.gridmag.com.mx\/wp-content\/uploads\/2023\/09\/MG_3279-683x1024.jpg\" alt=\"Amorette L\u00f3pez | Con A de Arquitectura\" class=\"wp-image-4688\" srcset=\"https:\/\/www.gridmag.com.mx\/wp-content\/uploads\/2023\/09\/MG_3279-683x1024.jpg 683w, https:\/\/www.gridmag.com.mx\/wp-content\/uploads\/2023\/09\/MG_3279-200x300.jpg 200w, https:\/\/www.gridmag.com.mx\/wp-content\/uploads\/2023\/09\/MG_3279-768x1152.jpg 768w, https:\/\/www.gridmag.com.mx\/wp-content\/uploads\/2023\/09\/MG_3279-1024x1536.jpg 1024w, https:\/\/www.gridmag.com.mx\/wp-content\/uploads\/2023\/09\/MG_3279-1366x2048.jpg 1366w, https:\/\/www.gridmag.com.mx\/wp-content\/uploads\/2023\/09\/MG_3279-770x1155.jpg 770w, https:\/\/www.gridmag.com.mx\/wp-content\/uploads\/2023\/09\/MG_3279-1400x2100.jpg 1400w, https:\/\/www.gridmag.com.mx\/wp-content\/uploads\/2023\/09\/MG_3279.jpg 1707w\" sizes=\"(max-width: 683px) 100vw, 683px\" \/><\/figure>\n\n\n\n<div style=\"height:10px\" aria-hidden=\"true\" class=\"wp-block-spacer\"><\/div>\n\n\n\n<p>\u201cUn restaurante, un bar, una cantina (&#8230;) pueden vivirlo hasta 300 comerciantes al d\u00eda (&#8230;) y una casa (&#8230;) la vive su familia y quiz\u00e1, sus invitados. (Quiero) empezar a crear espacios donde la vivencia sea multiplicada y donde no se me limite la creatividad\u201d, explica.<\/p>\n\n\n\n<h2 class=\"wp-block-heading\">El proceso<\/h2>\n\n\n\n<p>Amorette comienza sus proyectos dise\u00f1ando alrededor de una idea central. Dialoga con sus clientes para saber qu\u00e9 es lo que ser\u00e1 el foco del espacio: puede ser la barra, los colores, la <strong>iluminaci\u00f3n<\/strong>, la tem\u00e1tica\u2026 algo que haga que el espacio sea \u00fanico. A partir de este concepto ella dise\u00f1a el resto.<\/p>\n\n\n\n<p>\u201cA partir del concepto (&#8230;) yo creo que lo dem\u00e1s se dise\u00f1a casi casi que solo\u201d.<\/p>\n\n\n\n<figure class=\"wp-block-image size-large\"><img decoding=\"async\" width=\"683\" height=\"1024\" src=\"https:\/\/www.gridmag.com.mx\/wp-content\/uploads\/2023\/09\/MG_3246-683x1024.jpg\" alt=\"\" class=\"wp-image-4689\" srcset=\"https:\/\/www.gridmag.com.mx\/wp-content\/uploads\/2023\/09\/MG_3246-683x1024.jpg 683w, https:\/\/www.gridmag.com.mx\/wp-content\/uploads\/2023\/09\/MG_3246-200x300.jpg 200w, https:\/\/www.gridmag.com.mx\/wp-content\/uploads\/2023\/09\/MG_3246-768x1152.jpg 768w, https:\/\/www.gridmag.com.mx\/wp-content\/uploads\/2023\/09\/MG_3246-1024x1536.jpg 1024w, https:\/\/www.gridmag.com.mx\/wp-content\/uploads\/2023\/09\/MG_3246-1366x2048.jpg 1366w, https:\/\/www.gridmag.com.mx\/wp-content\/uploads\/2023\/09\/MG_3246-770x1155.jpg 770w, https:\/\/www.gridmag.com.mx\/wp-content\/uploads\/2023\/09\/MG_3246-1400x2100.jpg 1400w, https:\/\/www.gridmag.com.mx\/wp-content\/uploads\/2023\/09\/MG_3246.jpg 1707w\" sizes=\"(max-width: 683px) 100vw, 683px\" \/><\/figure>\n\n\n\n<div style=\"height:10px\" aria-hidden=\"true\" class=\"wp-block-spacer\"><\/div>\n\n\n\n<h2 class=\"wp-block-heading\"><strong>Inspiraci\u00f3n en los viajes y la observaci\u00f3n<\/strong><\/h2>\n\n\n\n<p>Amorette explica que su principal fuente de inspiraci\u00f3n es viajar, conocer diferentes pa\u00edses y continentes. En sus viajes le gusta observar las construcciones tanto tradicionales como comerciales. Visita bares, <strong>restaurantes<\/strong> y plazas comerciales para inspirarse. Conocer nuevos lugares ha influenciado en gran medida su crecimiento como persona creativa y como profesional.\u00a0<\/p>\n\n\n\n<p>\u201cSiempre supe que quer\u00eda ser arquitecta, nunca me vi de nada m\u00e1s. (&#8230;])Yo no podr\u00eda vivir mi vida sin m\u00e1s que esto (&#8230;), me apasiona much\u00edsimo lo que hago y espero que se note en todos los proyectos que hago. A veces siento que soy m\u00e1s arquitecta que persona\u201d, comenta.<\/p>\n\n\n\n<figure class=\"wp-block-image size-large\"><img decoding=\"async\" width=\"683\" height=\"1024\" src=\"https:\/\/www.gridmag.com.mx\/wp-content\/uploads\/2023\/09\/MG_3268-683x1024.jpg\" alt=\"Amorette L\u00f3pez | Con A de Arquitectura\" class=\"wp-image-4690\" srcset=\"https:\/\/www.gridmag.com.mx\/wp-content\/uploads\/2023\/09\/MG_3268-683x1024.jpg 683w, https:\/\/www.gridmag.com.mx\/wp-content\/uploads\/2023\/09\/MG_3268-200x300.jpg 200w, https:\/\/www.gridmag.com.mx\/wp-content\/uploads\/2023\/09\/MG_3268-768x1152.jpg 768w, https:\/\/www.gridmag.com.mx\/wp-content\/uploads\/2023\/09\/MG_3268-1024x1536.jpg 1024w, https:\/\/www.gridmag.com.mx\/wp-content\/uploads\/2023\/09\/MG_3268-1366x2048.jpg 1366w, https:\/\/www.gridmag.com.mx\/wp-content\/uploads\/2023\/09\/MG_3268-770x1155.jpg 770w, https:\/\/www.gridmag.com.mx\/wp-content\/uploads\/2023\/09\/MG_3268-1400x2100.jpg 1400w, https:\/\/www.gridmag.com.mx\/wp-content\/uploads\/2023\/09\/MG_3268.jpg 1707w\" sizes=\"(max-width: 683px) 100vw, 683px\" \/><\/figure>\n\n\n\n<div style=\"height:10px\" aria-hidden=\"true\" class=\"wp-block-spacer\"><\/div>\n\n\n\n<p>Finalmente, Amorette comparte que hay que tener mucha constancia para lograr los resultados que se buscan, es necesaria mucha pasi\u00f3n. No cansarte es muy dif\u00edcil. Las personas constantes pueden lograr mucho.&nbsp;<\/p>\n\n\n\n<p>Su trabajo ha sido producto de d\u00edas largos y trabajo a lo largo de varios a\u00f1os, Amorette termina bromeando: \u201cCuando veo un proyecto terminado (&#8230;) respiro y es una satisfacci\u00f3n muy grande. Yo vivo de eso y a ver si un d\u00eda conocemos la palabra jubilaci\u00f3n\u201d.<\/p>\n","protected":false},"excerpt":{"rendered":"<p>Amorette L\u00f3pez es una arquitecta egresada de la Universidad de Aguascalientes que comenz\u00f3 su propio despacho, A de Arquitectura, en 2017 con la intenci\u00f3n de seguir lo que la apasiona y enfocarse en la arquitectura comercial.\u00a0 Creando experiencias \u00fanicas a trav\u00e9s del dise\u00f1o Tras terminar sus estudios en la UA y luego de un a\u00f1o de intercambio en Valladolid, Espa\u00f1a, comenz\u00f3 a trabajar en un despacho arquitect\u00f3nico llamado Espacio que se enfoca principalmente en arquitectura comercial; fue aqu\u00ed donde Amorette [&hellip;]<\/p>\n","protected":false},"author":22,"featured_media":4687,"comment_status":"open","ping_status":"open","sticky":false,"template":"","format":"standard","meta":{"footnotes":""},"categories":[1],"tags":[],"class_list":["post-4686","post","type-post","status-publish","format-standard","has-post-thumbnail","hentry","category-sin-categoria"],"yoast_head":"<!-- This site is optimized with the Yoast SEO plugin v27.0 - https:\/\/yoast.com\/product\/yoast-seo-wordpress\/ -->\n<title>Amorette L\u00f3pez | Con A de Arquitectura<\/title>\n<meta name=\"description\" content=\"Descubre la pasi\u00f3n y creatividad de Amorette L\u00f3pez, una arquitecta dedicada a transformar espacios comerciales en experiencias \u00fanicas.\" \/>\n<meta name=\"robots\" content=\"index, follow, max-snippet:-1, max-image-preview:large, max-video-preview:-1\" \/>\n<link rel=\"canonical\" href=\"https:\/\/www.gridmag.com.mx\/index.php\/2023\/09\/28\/con-a-de-arquitectura-i-amorette-lopez\/\" \/>\n<meta property=\"og:locale\" content=\"es_MX\" \/>\n<meta property=\"og:type\" content=\"article\" \/>\n<meta property=\"og:title\" content=\"Amorette L\u00f3pez | Con A de Arquitectura\" \/>\n<meta property=\"og:description\" content=\"Descubre la pasi\u00f3n y creatividad de Amorette L\u00f3pez, una arquitecta dedicada a transformar espacios comerciales en experiencias \u00fanicas.\" \/>\n<meta property=\"og:url\" content=\"https:\/\/www.gridmag.com.mx\/index.php\/2023\/09\/28\/con-a-de-arquitectura-i-amorette-lopez\/\" \/>\n<meta property=\"og:site_name\" content=\"Grid Magazine\" \/>\n<meta property=\"article:publisher\" content=\"https:\/\/www.facebook.com\/gridmagazine.mx\" \/>\n<meta property=\"article:published_time\" content=\"2023-09-28T15:55:44+00:00\" \/>\n<meta property=\"article:modified_time\" content=\"2024-02-07T00:45:45+00:00\" \/>\n<meta property=\"og:image\" content=\"https:\/\/www.gridmag.com.mx\/wp-content\/uploads\/2023\/09\/PORTADA-2-scaled.jpg\" \/>\n\t<meta property=\"og:image:width\" content=\"2560\" \/>\n\t<meta property=\"og:image:height\" content=\"1268\" \/>\n\t<meta property=\"og:image:type\" content=\"image\/jpeg\" \/>\n<meta name=\"author\" content=\"Lauren Arnold\" \/>\n<meta name=\"twitter:card\" content=\"summary_large_image\" \/>\n<meta name=\"twitter:label1\" content=\"Escrito por\" \/>\n\t<meta name=\"twitter:data1\" content=\"Lauren Arnold\" \/>\n\t<meta name=\"twitter:label2\" content=\"Tiempo de lectura\" \/>\n\t<meta name=\"twitter:data2\" content=\"3 minutos\" \/>\n<script type=\"application\/ld+json\" class=\"yoast-schema-graph\">{\"@context\":\"https:\/\/schema.org\",\"@graph\":[{\"@type\":\"Article\",\"@id\":\"https:\/\/www.gridmag.com.mx\/index.php\/2023\/09\/28\/con-a-de-arquitectura-i-amorette-lopez\/#article\",\"isPartOf\":{\"@id\":\"https:\/\/www.gridmag.com.mx\/index.php\/2023\/09\/28\/con-a-de-arquitectura-i-amorette-lopez\/\"},\"author\":{\"name\":\"Lauren Arnold\",\"@id\":\"https:\/\/www.gridmag.com.mx\/#\/schema\/person\/32bc7f1c3632f33b8a2ac3559a47334a\"},\"headline\":\"Amorette L\u00f3pez | Con A de Arquitectura\",\"datePublished\":\"2023-09-28T15:55:44+00:00\",\"dateModified\":\"2024-02-07T00:45:45+00:00\",\"mainEntityOfPage\":{\"@id\":\"https:\/\/www.gridmag.com.mx\/index.php\/2023\/09\/28\/con-a-de-arquitectura-i-amorette-lopez\/\"},\"wordCount\":471,\"commentCount\":0,\"publisher\":{\"@id\":\"https:\/\/www.gridmag.com.mx\/#organization\"},\"image\":{\"@id\":\"https:\/\/www.gridmag.com.mx\/index.php\/2023\/09\/28\/con-a-de-arquitectura-i-amorette-lopez\/#primaryimage\"},\"thumbnailUrl\":\"https:\/\/www.gridmag.com.mx\/wp-content\/uploads\/2023\/09\/PORTADA-2.jpg\",\"inLanguage\":\"es\",\"potentialAction\":[{\"@type\":\"CommentAction\",\"name\":\"Comment\",\"target\":[\"https:\/\/www.gridmag.com.mx\/index.php\/2023\/09\/28\/con-a-de-arquitectura-i-amorette-lopez\/#respond\"]}]},{\"@type\":\"WebPage\",\"@id\":\"https:\/\/www.gridmag.com.mx\/index.php\/2023\/09\/28\/con-a-de-arquitectura-i-amorette-lopez\/\",\"url\":\"https:\/\/www.gridmag.com.mx\/index.php\/2023\/09\/28\/con-a-de-arquitectura-i-amorette-lopez\/\",\"name\":\"Amorette L\u00f3pez | Con A de Arquitectura\",\"isPartOf\":{\"@id\":\"https:\/\/www.gridmag.com.mx\/#website\"},\"primaryImageOfPage\":{\"@id\":\"https:\/\/www.gridmag.com.mx\/index.php\/2023\/09\/28\/con-a-de-arquitectura-i-amorette-lopez\/#primaryimage\"},\"image\":{\"@id\":\"https:\/\/www.gridmag.com.mx\/index.php\/2023\/09\/28\/con-a-de-arquitectura-i-amorette-lopez\/#primaryimage\"},\"thumbnailUrl\":\"https:\/\/www.gridmag.com.mx\/wp-content\/uploads\/2023\/09\/PORTADA-2.jpg\",\"datePublished\":\"2023-09-28T15:55:44+00:00\",\"dateModified\":\"2024-02-07T00:45:45+00:00\",\"description\":\"Descubre la pasi\u00f3n y creatividad de Amorette L\u00f3pez, una arquitecta dedicada a transformar espacios comerciales en experiencias \u00fanicas.\",\"breadcrumb\":{\"@id\":\"https:\/\/www.gridmag.com.mx\/index.php\/2023\/09\/28\/con-a-de-arquitectura-i-amorette-lopez\/#breadcrumb\"},\"inLanguage\":\"es\",\"potentialAction\":[{\"@type\":\"ReadAction\",\"target\":[\"https:\/\/www.gridmag.com.mx\/index.php\/2023\/09\/28\/con-a-de-arquitectura-i-amorette-lopez\/\"]}]},{\"@type\":\"ImageObject\",\"inLanguage\":\"es\",\"@id\":\"https:\/\/www.gridmag.com.mx\/index.php\/2023\/09\/28\/con-a-de-arquitectura-i-amorette-lopez\/#primaryimage\",\"url\":\"https:\/\/www.gridmag.com.mx\/wp-content\/uploads\/2023\/09\/PORTADA-2.jpg\",\"contentUrl\":\"https:\/\/www.gridmag.com.mx\/wp-content\/uploads\/2023\/09\/PORTADA-2.jpg\",\"width\":2560,\"height\":1268},{\"@type\":\"BreadcrumbList\",\"@id\":\"https:\/\/www.gridmag.com.mx\/index.php\/2023\/09\/28\/con-a-de-arquitectura-i-amorette-lopez\/#breadcrumb\",\"itemListElement\":[{\"@type\":\"ListItem\",\"position\":1,\"name\":\"Inicio\",\"item\":\"https:\/\/www.gridmag.com.mx\/\"},{\"@type\":\"ListItem\",\"position\":2,\"name\":\"Amorette L\u00f3pez | Con A de Arquitectura\"}]},{\"@type\":\"WebSite\",\"@id\":\"https:\/\/www.gridmag.com.mx\/#website\",\"url\":\"https:\/\/www.gridmag.com.mx\/\",\"name\":\"Grid Magazine\",\"description\":\"Compartiendo lo mejor de la arquitectura y dise\u00f1o mexicano.\",\"publisher\":{\"@id\":\"https:\/\/www.gridmag.com.mx\/#organization\"},\"potentialAction\":[{\"@type\":\"SearchAction\",\"target\":{\"@type\":\"EntryPoint\",\"urlTemplate\":\"https:\/\/www.gridmag.com.mx\/?s={search_term_string}\"},\"query-input\":{\"@type\":\"PropertyValueSpecification\",\"valueRequired\":true,\"valueName\":\"search_term_string\"}}],\"inLanguage\":\"es\"},{\"@type\":\"Organization\",\"@id\":\"https:\/\/www.gridmag.com.mx\/#organization\",\"name\":\"Grid Magazine\",\"url\":\"https:\/\/www.gridmag.com.mx\/\",\"logo\":{\"@type\":\"ImageObject\",\"inLanguage\":\"es\",\"@id\":\"https:\/\/www.gridmag.com.mx\/#\/schema\/logo\/image\/\",\"url\":\"\",\"contentUrl\":\"\",\"caption\":\"Grid Magazine\"},\"image\":{\"@id\":\"https:\/\/www.gridmag.com.mx\/#\/schema\/logo\/image\/\"},\"sameAs\":[\"https:\/\/www.facebook.com\/gridmagazine.mx\",\"https:\/\/www.instagram.com\/gridmagazine_mx\/\",\"https:\/\/www.tiktok.com\/@gridmagazine.mx?_t=8gl2kVR2Aq6&_r=1\",\"https:\/\/www.linkedin.com\/company\/grid-magazine-mx\/\"]},{\"@type\":\"Person\",\"@id\":\"https:\/\/www.gridmag.com.mx\/#\/schema\/person\/32bc7f1c3632f33b8a2ac3559a47334a\",\"name\":\"Lauren Arnold\",\"image\":{\"@type\":\"ImageObject\",\"inLanguage\":\"es\",\"@id\":\"https:\/\/www.gridmag.com.mx\/#\/schema\/person\/image\/\",\"url\":\"https:\/\/secure.gravatar.com\/avatar\/ca45ca1fbca5e44a7d2238ca4cb3246c81bdc96784fcc2a116c93a66af7ebec5?s=96&d=mm&r=g\",\"contentUrl\":\"https:\/\/secure.gravatar.com\/avatar\/ca45ca1fbca5e44a7d2238ca4cb3246c81bdc96784fcc2a116c93a66af7ebec5?s=96&d=mm&r=g\",\"caption\":\"Lauren Arnold\"},\"url\":\"https:\/\/www.gridmag.com.mx\/index.php\/author\/lauren-arnold\/\"}]}<\/script>\n<!-- \/ Yoast SEO plugin. -->","yoast_head_json":{"title":"Amorette L\u00f3pez | Con A de Arquitectura","description":"Descubre la pasi\u00f3n y creatividad de Amorette L\u00f3pez, una arquitecta dedicada a transformar espacios comerciales en experiencias \u00fanicas.","robots":{"index":"index","follow":"follow","max-snippet":"max-snippet:-1","max-image-preview":"max-image-preview:large","max-video-preview":"max-video-preview:-1"},"canonical":"https:\/\/www.gridmag.com.mx\/index.php\/2023\/09\/28\/con-a-de-arquitectura-i-amorette-lopez\/","og_locale":"es_MX","og_type":"article","og_title":"Amorette L\u00f3pez | Con A de Arquitectura","og_description":"Descubre la pasi\u00f3n y creatividad de Amorette L\u00f3pez, una arquitecta dedicada a transformar espacios comerciales en experiencias \u00fanicas.","og_url":"https:\/\/www.gridmag.com.mx\/index.php\/2023\/09\/28\/con-a-de-arquitectura-i-amorette-lopez\/","og_site_name":"Grid Magazine","article_publisher":"https:\/\/www.facebook.com\/gridmagazine.mx","article_published_time":"2023-09-28T15:55:44+00:00","article_modified_time":"2024-02-07T00:45:45+00:00","og_image":[{"width":2560,"height":1268,"url":"https:\/\/www.gridmag.com.mx\/wp-content\/uploads\/2023\/09\/PORTADA-2-scaled.jpg","type":"image\/jpeg"}],"author":"Lauren Arnold","twitter_card":"summary_large_image","twitter_misc":{"Escrito por":"Lauren Arnold","Tiempo de lectura":"3 minutos"},"schema":{"@context":"https:\/\/schema.org","@graph":[{"@type":"Article","@id":"https:\/\/www.gridmag.com.mx\/index.php\/2023\/09\/28\/con-a-de-arquitectura-i-amorette-lopez\/#article","isPartOf":{"@id":"https:\/\/www.gridmag.com.mx\/index.php\/2023\/09\/28\/con-a-de-arquitectura-i-amorette-lopez\/"},"author":{"name":"Lauren Arnold","@id":"https:\/\/www.gridmag.com.mx\/#\/schema\/person\/32bc7f1c3632f33b8a2ac3559a47334a"},"headline":"Amorette L\u00f3pez | Con A de Arquitectura","datePublished":"2023-09-28T15:55:44+00:00","dateModified":"2024-02-07T00:45:45+00:00","mainEntityOfPage":{"@id":"https:\/\/www.gridmag.com.mx\/index.php\/2023\/09\/28\/con-a-de-arquitectura-i-amorette-lopez\/"},"wordCount":471,"commentCount":0,"publisher":{"@id":"https:\/\/www.gridmag.com.mx\/#organization"},"image":{"@id":"https:\/\/www.gridmag.com.mx\/index.php\/2023\/09\/28\/con-a-de-arquitectura-i-amorette-lopez\/#primaryimage"},"thumbnailUrl":"https:\/\/www.gridmag.com.mx\/wp-content\/uploads\/2023\/09\/PORTADA-2.jpg","inLanguage":"es","potentialAction":[{"@type":"CommentAction","name":"Comment","target":["https:\/\/www.gridmag.com.mx\/index.php\/2023\/09\/28\/con-a-de-arquitectura-i-amorette-lopez\/#respond"]}]},{"@type":"WebPage","@id":"https:\/\/www.gridmag.com.mx\/index.php\/2023\/09\/28\/con-a-de-arquitectura-i-amorette-lopez\/","url":"https:\/\/www.gridmag.com.mx\/index.php\/2023\/09\/28\/con-a-de-arquitectura-i-amorette-lopez\/","name":"Amorette L\u00f3pez | Con A de Arquitectura","isPartOf":{"@id":"https:\/\/www.gridmag.com.mx\/#website"},"primaryImageOfPage":{"@id":"https:\/\/www.gridmag.com.mx\/index.php\/2023\/09\/28\/con-a-de-arquitectura-i-amorette-lopez\/#primaryimage"},"image":{"@id":"https:\/\/www.gridmag.com.mx\/index.php\/2023\/09\/28\/con-a-de-arquitectura-i-amorette-lopez\/#primaryimage"},"thumbnailUrl":"https:\/\/www.gridmag.com.mx\/wp-content\/uploads\/2023\/09\/PORTADA-2.jpg","datePublished":"2023-09-28T15:55:44+00:00","dateModified":"2024-02-07T00:45:45+00:00","description":"Descubre la pasi\u00f3n y creatividad de Amorette L\u00f3pez, una arquitecta dedicada a transformar espacios comerciales en experiencias \u00fanicas.","breadcrumb":{"@id":"https:\/\/www.gridmag.com.mx\/index.php\/2023\/09\/28\/con-a-de-arquitectura-i-amorette-lopez\/#breadcrumb"},"inLanguage":"es","potentialAction":[{"@type":"ReadAction","target":["https:\/\/www.gridmag.com.mx\/index.php\/2023\/09\/28\/con-a-de-arquitectura-i-amorette-lopez\/"]}]},{"@type":"ImageObject","inLanguage":"es","@id":"https:\/\/www.gridmag.com.mx\/index.php\/2023\/09\/28\/con-a-de-arquitectura-i-amorette-lopez\/#primaryimage","url":"https:\/\/www.gridmag.com.mx\/wp-content\/uploads\/2023\/09\/PORTADA-2.jpg","contentUrl":"https:\/\/www.gridmag.com.mx\/wp-content\/uploads\/2023\/09\/PORTADA-2.jpg","width":2560,"height":1268},{"@type":"BreadcrumbList","@id":"https:\/\/www.gridmag.com.mx\/index.php\/2023\/09\/28\/con-a-de-arquitectura-i-amorette-lopez\/#breadcrumb","itemListElement":[{"@type":"ListItem","position":1,"name":"Inicio","item":"https:\/\/www.gridmag.com.mx\/"},{"@type":"ListItem","position":2,"name":"Amorette L\u00f3pez | Con A de Arquitectura"}]},{"@type":"WebSite","@id":"https:\/\/www.gridmag.com.mx\/#website","url":"https:\/\/www.gridmag.com.mx\/","name":"Grid Magazine","description":"Compartiendo lo mejor de la arquitectura y dise\u00f1o mexicano.","publisher":{"@id":"https:\/\/www.gridmag.com.mx\/#organization"},"potentialAction":[{"@type":"SearchAction","target":{"@type":"EntryPoint","urlTemplate":"https:\/\/www.gridmag.com.mx\/?s={search_term_string}"},"query-input":{"@type":"PropertyValueSpecification","valueRequired":true,"valueName":"search_term_string"}}],"inLanguage":"es"},{"@type":"Organization","@id":"https:\/\/www.gridmag.com.mx\/#organization","name":"Grid Magazine","url":"https:\/\/www.gridmag.com.mx\/","logo":{"@type":"ImageObject","inLanguage":"es","@id":"https:\/\/www.gridmag.com.mx\/#\/schema\/logo\/image\/","url":"","contentUrl":"","caption":"Grid Magazine"},"image":{"@id":"https:\/\/www.gridmag.com.mx\/#\/schema\/logo\/image\/"},"sameAs":["https:\/\/www.facebook.com\/gridmagazine.mx","https:\/\/www.instagram.com\/gridmagazine_mx\/","https:\/\/www.tiktok.com\/@gridmagazine.mx?_t=8gl2kVR2Aq6&_r=1","https:\/\/www.linkedin.com\/company\/grid-magazine-mx\/"]},{"@type":"Person","@id":"https:\/\/www.gridmag.com.mx\/#\/schema\/person\/32bc7f1c3632f33b8a2ac3559a47334a","name":"Lauren Arnold","image":{"@type":"ImageObject","inLanguage":"es","@id":"https:\/\/www.gridmag.com.mx\/#\/schema\/person\/image\/","url":"https:\/\/secure.gravatar.com\/avatar\/ca45ca1fbca5e44a7d2238ca4cb3246c81bdc96784fcc2a116c93a66af7ebec5?s=96&d=mm&r=g","contentUrl":"https:\/\/secure.gravatar.com\/avatar\/ca45ca1fbca5e44a7d2238ca4cb3246c81bdc96784fcc2a116c93a66af7ebec5?s=96&d=mm&r=g","caption":"Lauren Arnold"},"url":"https:\/\/www.gridmag.com.mx\/index.php\/author\/lauren-arnold\/"}]}},"_links":{"self":[{"href":"https:\/\/www.gridmag.com.mx\/index.php\/wp-json\/wp\/v2\/posts\/4686","targetHints":{"allow":["GET"]}}],"collection":[{"href":"https:\/\/www.gridmag.com.mx\/index.php\/wp-json\/wp\/v2\/posts"}],"about":[{"href":"https:\/\/www.gridmag.com.mx\/index.php\/wp-json\/wp\/v2\/types\/post"}],"author":[{"embeddable":true,"href":"https:\/\/www.gridmag.com.mx\/index.php\/wp-json\/wp\/v2\/users\/22"}],"replies":[{"embeddable":true,"href":"https:\/\/www.gridmag.com.mx\/index.php\/wp-json\/wp\/v2\/comments?post=4686"}],"version-history":[{"count":2,"href":"https:\/\/www.gridmag.com.mx\/index.php\/wp-json\/wp\/v2\/posts\/4686\/revisions"}],"predecessor-version":[{"id":6387,"href":"https:\/\/www.gridmag.com.mx\/index.php\/wp-json\/wp\/v2\/posts\/4686\/revisions\/6387"}],"wp:featuredmedia":[{"embeddable":true,"href":"https:\/\/www.gridmag.com.mx\/index.php\/wp-json\/wp\/v2\/media\/4687"}],"wp:attachment":[{"href":"https:\/\/www.gridmag.com.mx\/index.php\/wp-json\/wp\/v2\/media?parent=4686"}],"wp:term":[{"taxonomy":"category","embeddable":true,"href":"https:\/\/www.gridmag.com.mx\/index.php\/wp-json\/wp\/v2\/categories?post=4686"},{"taxonomy":"post_tag","embeddable":true,"href":"https:\/\/www.gridmag.com.mx\/index.php\/wp-json\/wp\/v2\/tags?post=4686"}],"curies":[{"name":"wp","href":"https:\/\/api.w.org\/{rel}","templated":true}]}}