{"id":4713,"date":"2023-10-04T10:06:01","date_gmt":"2023-10-04T16:06:01","guid":{"rendered":"https:\/\/www.gridmag.com.mx\/?p=4713"},"modified":"2024-12-08T15:46:33","modified_gmt":"2024-12-08T21:46:33","slug":"medidas-que-todo-arquitecto-debe-conocer","status":"publish","type":"post","link":"https:\/\/www.gridmag.com.mx\/index.php\/2023\/10\/04\/medidas-que-todo-arquitecto-debe-conocer\/","title":{"rendered":"Medidas que todo arquitecto debe conocer"},"content":{"rendered":"\n\n\n<p>Al momento de dise\u00f1ar cualquier espacio, nos corresponde a nosotros como expertos en el tema, crear dise\u00f1os que principalmente <strong>cumplan con las medidas<\/strong> para poder realizar las actividades previstas, de manera adecuada. Es un paso muy importante a considerar a la hora de traducir nuestros dise\u00f1os en <a href=\"https:\/\/www.gridmag.com.mx\/index.php\/2024\/04\/22\/planos-arquitectonicos-tips-para-principiantes\/\">planos arquitect\u00f3nicos<\/a>.<\/p>\n\n\n\n<p>La gran mayor\u00eda de elementos incluidos en nuestros dise\u00f1os, incluyendo mobiliario, est\u00e1n creados a partir de las <strong>dimensiones del cuerpo humano<\/strong>, lo que nos da una pauta a la hora de crear nuestros proyectos.<\/p>\n\n\n\n<h2 class=\"wp-block-heading\">\u00bfCu\u00e1les son las medidas est\u00e1ndar para casa habitaci\u00f3n?<\/h2>\n\n\n\n<p>Todo dise\u00f1ador, previamente al ejercicio de dise\u00f1ar y proyectar, debe adquirir conocimientos b\u00e1sicos sobre las dimensiones humanas y c\u00f3mo \u00e9stas construyen el espacio.<\/p>\n\n\n\n<p>A continuaci\u00f3n te dejamos <strong>6 grupos<\/strong> de dimensiones, que seguramente te encantar\u00e1 conocer:<\/p>\n\n\n\n<ol class=\"wp-block-list\">\n<li>Puertas y closets.<\/li>\n\n\n\n<li>Escaleras<\/li>\n\n\n\n<li>Cocinas<\/li>\n\n\n\n<li>Camas, mesas y sillas.<\/li>\n\n\n\n<li>Ba\u00f1os<\/li>\n<\/ol>\n\n\n\n<h3 class=\"wp-block-heading\">Puerta<\/h3>\n\n\n\n<p>Cuando hablamos de puertas al momento de <strong>dise\u00f1ar<\/strong>, tenemos que tener en cuenta los componentes que conforman a cada una de ellas, por lo que es importante mencionar que generalmente se componen de: hoja, premarco y marco de la puerta.<\/p>\n\n\n\n<p>Estas medidas se refieren \u00fanicamente al tama\u00f1o de las hojas ( el espacio libre de paso), siempre se debe de considerar los otros dos componentes al momento de proyectar un hueco de puerta en un muro.<\/p>\n\n\n\n<p>**Medidas en cent\u00edmetros<\/p>\n\n\n\n<ul class=\"wp-block-list\">\n<li>Puertas de ba\u00f1o:&nbsp; 65-75 \/201-211<\/li>\n\n\n\n<li>Puerta de paso est\u00e1ndar: 75-90 \/ 201-211<\/li>\n\n\n\n<li>Puerta de paso grande: 90-110 \/ 201-211<\/li>\n\n\n\n<li>Puerta de acceso: 90-110 \/ 201-211<\/li>\n<\/ul>\n\n\n\n<p>Espesores:<\/p>\n\n\n\n<ul class=\"wp-block-list\">\n<li>De Seguridad: 5<\/li>\n\n\n\n<li>Macizas: 4-4.5<\/li>\n\n\n\n<li>Chapadas: 3.5<\/li>\n\n\n\n<li>De vidrio: 1<\/li>\n<\/ul>\n\n\n\n<p><\/p>\n\n\n<div class=\"wp-block-image\">\n<figure class=\"aligncenter size-full\" id=\"MEDIDAS-QUE-TODO-ARQUITECTO-DEBE-CONOCER-Neufert-Puertas\"><img decoding=\"async\" width=\"1000\" height=\"419\" src=\"https:\/\/www.gridmag.com.mx\/wp-content\/uploads\/2023\/10\/09.jpg\" alt=\"MEDIDAS QUE TODO ARQUITECTO DEBE DE CONOCER \/ Neufert \/ Puertas\" class=\"wp-image-4734\" title=\"MEDIDAS QUE TODO ARQUITECTO DEBE CONOCER \/ Neufert \/ Puertas\" srcset=\"https:\/\/www.gridmag.com.mx\/wp-content\/uploads\/2023\/10\/09.jpg 1000w, https:\/\/www.gridmag.com.mx\/wp-content\/uploads\/2023\/10\/09-300x126.jpg 300w, https:\/\/www.gridmag.com.mx\/wp-content\/uploads\/2023\/10\/09-768x322.jpg 768w, https:\/\/www.gridmag.com.mx\/wp-content\/uploads\/2023\/10\/09-770x323.jpg 770w\" sizes=\"(max-width: 1000px) 100vw, 1000px\" \/><figcaption class=\"wp-element-caption\">Medidas de Puertas \/ Neufert<\/figcaption><\/figure>\n<\/div>\n\n\n<p><\/p>\n\n\n\n<h3 class=\"wp-block-heading\"><strong>C<\/strong>losets<\/h3>\n\n\n\n<ul class=\"wp-block-list\">\n<li>Espesor de puertas: 2.5 \/ 3.5<\/li>\n\n\n\n<li>Altura de puertas: 170-180<\/li>\n\n\n\n<li>Fondo est\u00e1ndar de closet puertas abatibles: 60<\/li>\n\n\n\n<li>Fondo est\u00e1ndar de closet puertas corredizas: 65<\/li>\n<\/ul>\n\n\n\n<h3 class=\"wp-block-heading\"><strong>E<\/strong>scaleras<\/h3>\n\n\n\n<p>Los pelda\u00f1os se componen de una huella (h) o superficie horizontal, y una contrahuella (ch) o superficie vertical. Y para que una escalera sea c\u00f3moda, segura y funcional, se deben de cumplir las siguientes f\u00f3rmulas.<\/p>\n\n\n\n<p>h +2ch= 63\/64<\/p>\n\n\n\n<p>h- ch=12<\/p>\n\n\n\n<p>Dimensiones de contrahuellas<\/p>\n\n\n\n<ul class=\"wp-block-list\">\n<li>En exteriores: 14-16<\/li>\n\n\n\n<li>En edificios p\u00fablicos: 16-17<\/li>\n\n\n\n<li>En viviendas: 17-18<\/li>\n<\/ul>\n\n\n\n<p><a href=\"https:\/\/www.gridmag.com.mx\/index.php\/2024\/12\/02\/disenar-calcular-escaleras-guia-practica\/\">En este art\u00edculo<\/a> puedes aprender como calcular y dise\u00f1ar escaleras.<\/p>\n\n\n\n<figure class=\"wp-block-image size-full\" id=\"MEDIDAS-QUE-TODO-ARQUITECTO-DEBE-CONOCER-Neufert-Escaleras-\"><img decoding=\"async\" width=\"900\" height=\"374\" src=\"https:\/\/www.gridmag.com.mx\/wp-content\/uploads\/2023\/10\/08.jpg\" alt=\"MEDIDAS QUE TODO ARQUITECTO DEBE DE CONOCER \/ Neufert \/ Escaleras\" class=\"wp-image-4735\" title=\"MEDIDAS QUE TODO ARQUITECTO DEBE CONOCER \/ Neufert \/ Escaleras \" srcset=\"https:\/\/www.gridmag.com.mx\/wp-content\/uploads\/2023\/10\/08.jpg 900w, https:\/\/www.gridmag.com.mx\/wp-content\/uploads\/2023\/10\/08-300x125.jpg 300w, https:\/\/www.gridmag.com.mx\/wp-content\/uploads\/2023\/10\/08-768x319.jpg 768w, https:\/\/www.gridmag.com.mx\/wp-content\/uploads\/2023\/10\/08-770x320.jpg 770w\" sizes=\"(max-width: 900px) 100vw, 900px\" \/><figcaption class=\"wp-element-caption\">Medidas de escaleras \/ Neufert<\/figcaption><\/figure>\n\n\n\n<p><\/p>\n\n\n\n<h3 class=\"wp-block-heading\"><strong>C<\/strong>ocinas<\/h3>\n\n\n\n<p>El dise\u00f1o de nuestras cocinas esta muy ligado al trabajo del carpintero o fabricante que elijamos, ya que las dimensiones pueden sufrir ligeras variaciones, aunque por lo general se siguen unas pautas generales de dise\u00f1o, tales como la segmentaci\u00f3n de m\u00f3dulos de 60 cent\u00edmetros.<\/p>\n\n\n\n<ul class=\"wp-block-list\">\n<li>Fondo mueble bajo: 60<\/li>\n\n\n\n<li>Altura mueble bajo: 90<\/li>\n\n\n\n<li>Altura zoclo: 10<\/li>\n\n\n\n<li>Separaci\u00f3n de mueble bajo y mueble alto: 60<\/li>\n\n\n\n<li>Fondo mueble alto:30<\/li>\n\n\n\n<li>Altura mueble alto: 70<\/li>\n\n\n\n<li>Altura barra: 110<\/li>\n\n\n\n<li>Altura enchufes: 20 por arriba de la encimera.<\/li>\n<\/ul>\n\n\n\n<p><\/p>\n\n\n\n<figure class=\"wp-block-image size-full\" id=\"MEDIDAS-QUE-TODO-ARQUITECTO-DEBE-CONOCER-Neufert-Cocinas\"><img decoding=\"async\" width=\"1000\" height=\"281\" src=\"https:\/\/www.gridmag.com.mx\/wp-content\/uploads\/2023\/10\/07.jpeg\" alt=\"MEDIDAS QUE TODO ARQUITECTO DEBE CONOCER \/ Neufert \/ Cocinas | Medidas arquitectura\n\" class=\"wp-image-4736\" title=\"MEDIDAS QUE TODO ARQUITECTO DEBE CONOCER \/ Neufert \/ Cocinas\" srcset=\"https:\/\/www.gridmag.com.mx\/wp-content\/uploads\/2023\/10\/07.jpeg 1000w, https:\/\/www.gridmag.com.mx\/wp-content\/uploads\/2023\/10\/07-300x84.jpeg 300w, https:\/\/www.gridmag.com.mx\/wp-content\/uploads\/2023\/10\/07-768x216.jpeg 768w, https:\/\/www.gridmag.com.mx\/wp-content\/uploads\/2023\/10\/07-770x216.jpeg 770w\" sizes=\"(max-width: 1000px) 100vw, 1000px\" \/><figcaption class=\"wp-element-caption\">Medidas de Cocinas \/ Neufert<\/figcaption><\/figure>\n\n\n\n<p><\/p>\n\n\n\n<h3 class=\"wp-block-heading\"><strong>C<\/strong>amas<\/h3>\n\n\n\n<p>Las camas son un mueble que se tiene que considerar al momento de proyectar el dimensionamiento de las habitaciones, ya que seg\u00fan&nbsp; la funcionalidad, capacidad e intereses de los usuarios, se determinar\u00e1 el modelo de cama a usar, para despu\u00e9s conseguir un esquema funcional del espacio.<\/p>\n\n\n\n<ul class=\"wp-block-list\">\n<li>Single o individual: 90-105 \/ 190-200<\/li>\n\n\n\n<li>Double o matrimonial: 135 \/190-200<\/li>\n\n\n\n<li>Queen size: 150 \/ 190-200<\/li>\n\n\n\n<li>King Size: 180 x 200<\/li>\n\n\n\n<li>Presidential King Size: 200&#215;200<\/li>\n<\/ul>\n\n\n\n<p><\/p>\n\n\n\n<figure class=\"wp-block-image size-full\" id=\"MEDIDAS-QUE-TODO-ARQUITECTO-DEBE-CONOCER-Neufert-Camas\"><img decoding=\"async\" width=\"1000\" height=\"236\" src=\"https:\/\/www.gridmag.com.mx\/wp-content\/uploads\/2023\/10\/06.jpg\" alt=\"medidas de mobiliario arquitectura \/ Neufert \/ Camas | dimensiones de muebles\" class=\"wp-image-4737\" title=\"MEDIDAS QUE TODO ARQUITECTO DEBE CONOCER \/ Neufert \/ Camas\" srcset=\"https:\/\/www.gridmag.com.mx\/wp-content\/uploads\/2023\/10\/06.jpg 1000w, https:\/\/www.gridmag.com.mx\/wp-content\/uploads\/2023\/10\/06-300x71.jpg 300w, https:\/\/www.gridmag.com.mx\/wp-content\/uploads\/2023\/10\/06-768x181.jpg 768w, https:\/\/www.gridmag.com.mx\/wp-content\/uploads\/2023\/10\/06-770x182.jpg 770w\" sizes=\"(max-width: 1000px) 100vw, 1000px\" \/><figcaption class=\"wp-element-caption\">Medidas de Camas \/ Neufert<\/figcaption><\/figure>\n\n\n\n<p><\/p>\n\n\n\n<h3 class=\"wp-block-heading\">Mesas y sillas<\/h3>\n\n\n\n<p>Las dimensiones de este mobiliario tiene variaciones seg\u00fan el tipo de usuario recurrente que las llegue a usar, por lo que puede resultar inc\u00f3modo a personas cuya altura se salga de las medidas est\u00e1ndar.<\/p>\n\n\n\n<p>Las dimensiones que a continuaci\u00f3n se muestran, est\u00e1n consideradas para personas de entre 155 y 185 cent\u00edmetros de altura.<\/p>\n\n\n\n<ul class=\"wp-block-list\">\n<li>Altura mesa de trabajo: 75-80<\/li>\n\n\n\n<li>Altura silla de trabajo: 45-50<\/li>\n\n\n\n<li>Altura mesa de comedor: 40-45<\/li>\n\n\n\n<li>Altura mesa de centro o caf\u00e9: 40-50<\/li>\n\n\n\n<li>Altura taburetes: 75-80<\/li>\n<\/ul>\n\n\n\n<p><\/p>\n\n\n\n<figure class=\"wp-block-image size-full\" id=\"MEDIDAS-QUE-TODO-ARQUITECTO-DEBE-CONOCER-Neufert-Mesas\"><img decoding=\"async\" width=\"900\" height=\"257\" src=\"https:\/\/www.gridmag.com.mx\/wp-content\/uploads\/2023\/10\/05.jpg\" alt=\"QUE TODO ARQUITECTO DEBE CONOCER \/ Neufert \/Medida Mesas | cuanto mide una persona sentada\" class=\"wp-image-4738\" title=\"MEDIDAS QUE TODO ARQUITECTO DEBE CONOCER \/ Neufert \/ Mesas\" srcset=\"https:\/\/www.gridmag.com.mx\/wp-content\/uploads\/2023\/10\/05.jpg 900w, https:\/\/www.gridmag.com.mx\/wp-content\/uploads\/2023\/10\/05-300x86.jpg 300w, https:\/\/www.gridmag.com.mx\/wp-content\/uploads\/2023\/10\/05-768x219.jpg 768w, https:\/\/www.gridmag.com.mx\/wp-content\/uploads\/2023\/10\/05-770x220.jpg 770w\" sizes=\"(max-width: 900px) 100vw, 900px\" \/><figcaption class=\"wp-element-caption\">Medidas de mesas y sillas \/ Neufert<\/figcaption><\/figure>\n\n\n\n<p><\/p>\n\n\n\n<h3 class=\"wp-block-heading\">\u00bfCu\u00e1les son las medidas de un ba\u00f1o est\u00e1ndar?<\/h3>\n\n\n\n<p>Los <strong>ba\u00f1os<\/strong> son espacios que se debe de tomar m\u00e1s en cuenta al momento de proyectar, ya que la mayor\u00eda de los elementos que se colocan dentro de \u00e9l son fijos, y su funci\u00f3n es invariable.<\/p>\n\n\n\n<h4 class=\"wp-block-heading\">Inodoros y bid\u00e9s<\/h4>\n\n\n\n<p>Es la pieza m\u00e1s importante dentro del espacio, no solo por su funcionalidad, sino que se tiene que tener en cuenta su posici\u00f3n respecto a las bajantes. Tanto el bid\u00e9 como el inodoro necesitan un espacio libre de 70&#215;120, la separaci\u00f3n de estos muebles con otro elemento tiene que ser de m\u00ednimo 15cm, y de 20cm hacia los muros. Dejando un ancho total de 80cm y en casos m\u00e1s \u00f3ptimos de hasta 90cm.<\/p>\n\n\n\n<p>Si se tiene poco espacio en el ba\u00f1o, se puede optar por un inodoro de cisterna empotrable.<\/p>\n\n\n\n<figure class=\"wp-block-image size-large\" id=\"MEDIDAS-QUE-TODO-ARQUITECTO-DEBE-CONOCER-Neufert-Ba\u00f1os\"><img decoding=\"async\" width=\"1024\" height=\"613\" src=\"https:\/\/www.gridmag.com.mx\/wp-content\/uploads\/2023\/10\/01-1-1024x613.jpg\" alt=\"QUE TODO ARQUITECTO DEBE CONOCER \/ Neufert \/ Ba\u00f1os\" class=\"wp-image-4739\" title=\"MEDIDAS QUE TODO ARQUITECTO DEBE CONOCER \/ Neufert \/ Ba\u00f1os\" srcset=\"https:\/\/www.gridmag.com.mx\/wp-content\/uploads\/2023\/10\/01-1-1024x613.jpg 1024w, https:\/\/www.gridmag.com.mx\/wp-content\/uploads\/2023\/10\/01-1-300x180.jpg 300w, https:\/\/www.gridmag.com.mx\/wp-content\/uploads\/2023\/10\/01-1-768x460.jpg 768w, https:\/\/www.gridmag.com.mx\/wp-content\/uploads\/2023\/10\/01-1-770x461.jpg 770w, https:\/\/www.gridmag.com.mx\/wp-content\/uploads\/2023\/10\/01-1.jpg 1050w\" sizes=\"(max-width: 1024px) 100vw, 1024px\" \/><figcaption class=\"wp-element-caption\">Medidas de ba\u00f1os \/ Neufert<\/figcaption><\/figure>\n\n\n\n<p><\/p>\n\n\n\n<h4 class=\"wp-block-heading\">Lavabos&nbsp;<\/h4>\n\n\n\n<p>Estos muebles pueden tener todo tipo de tama\u00f1os y formas, ya sean comerciales o de <a href=\"https:\/\/www.gridmag.com.mx\/index.php\/2023\/09\/29\/los-imperdibles-de-diseno-para-octubre-2023\/\">dise\u00f1o<\/a>, existen muchas soluciones para casi cualquier situaci\u00f3n que se presente en estos espacios. Sus dimensiones van desde modelos mini con 20cms de fondo, a un lavabo est\u00e1ndar con 45cms de fondo por 60cms de ancho, y cuando hablamos de lavabos dobles en una encimera, se consideran al menos 120 cm de ancho.<\/p>\n\n\n\n<p>La altura habitual para colocar el lavabo es a 85cm de altura, sea lavabo empotrado o de sobreponer, la parte m\u00e1s alta del lavabo debe encontrarse a esa altura.<\/p>\n\n\n\n<p>Cuando se acompa\u00f1a al lavabo de un espejo, lo cierto es que uno coloca el espejo donde se sienta m\u00e1s c\u00f3modo, pero podemos tomar en cuenta colocarlo ya sea 35cms desde la encimera o 10 cms desde el grifo o el lavabo.<\/p>\n\n\n\n<figure class=\"wp-block-image size-full\" id=\"MEDIDAS-QUE-TODO-ARQUITECTO-DEBE-CONOCER-Neufert-Lavabos\"><img decoding=\"async\" width=\"971\" height=\"380\" src=\"https:\/\/www.gridmag.com.mx\/wp-content\/uploads\/2023\/10\/02.jpg\" alt=\"MEDIDAS QUE TODO ARQUITECTO DEBE CONOCER \/ Neufert \/ Lavabos\" class=\"wp-image-4740\" title=\"MEDIDAS QUE TODO ARQUITECTO DEBE CONOCER \/ Neufert \/ Lavabos\" srcset=\"https:\/\/www.gridmag.com.mx\/wp-content\/uploads\/2023\/10\/02.jpg 971w, https:\/\/www.gridmag.com.mx\/wp-content\/uploads\/2023\/10\/02-300x117.jpg 300w, https:\/\/www.gridmag.com.mx\/wp-content\/uploads\/2023\/10\/02-768x301.jpg 768w, https:\/\/www.gridmag.com.mx\/wp-content\/uploads\/2023\/10\/02-770x301.jpg 770w\" sizes=\"(max-width: 971px) 100vw, 971px\" \/><figcaption class=\"wp-element-caption\">Medidas de Lavabos \/ Neufert<\/figcaption><\/figure>\n\n\n\n<p><\/p>\n\n\n\n<h4 class=\"wp-block-heading\">Ba\u00f1eras y duchas<\/h4>\n\n\n\n<p>Estos dos elementos, aunque comparten la misma funcionalidad, son casos casi opuestos hablando de la ocupaci\u00f3n del espacio. Las ba\u00f1eras tienen dimensiones fijas seg\u00fan su funci\u00f3n, normalmente tienen 70cm de ancho, 42cm de altura, y su largo va desde 1 metro hasta 2 metros, siendo estas dimensiones est\u00e1ndar, ya que encontraremos ba\u00f1eras mucho mas grandes, con mayor capacidad de usuarios, acerc\u00e1ndose a los modelos jacuzzi.<\/p>\n\n\n\n<p>Las duchas por otro lado, tienen mas libertad creativa, ya que se pueden usar las dimensiones, <a href=\"https:\/\/www.gridmag.com.mx\/index.php\/2023\/05\/25\/la-verdadera-duracion-de-los-materiales\/\">materiales<\/a>, y acabados que mas nos agraden al momento de proyectar, considerando siempre que las duchas no deben de medir menos de 60x60cms siendo un caso de dimensiones m\u00ednimas, habitualmente tendremos que acudir a duchas mas c\u00f3modas de 90 cms m\u00ednimos de ancho.<\/p>\n\n\n\n<p>Tambi\u00e9n se debe de considerar un acceso libre m\u00ednimo de 65 cms a estos aparatos, para un funcionamiento libre y sin obst\u00e1culos para estos espacios.<\/p>\n\n\n\n<figure class=\"wp-block-image size-large\" id=\"MEDIDAS-QUE-TODO-ARQUITECTO-DEBE-CONOCER-Neufert-Ba\u00f1eras-y-duchas\"><img decoding=\"async\" width=\"1024\" height=\"311\" src=\"https:\/\/www.gridmag.com.mx\/wp-content\/uploads\/2023\/10\/04-1024x311.jpg\" alt=\"MEDIDAS QUE TODO ARQUITECTO DEBE CONOCER \/ Neufert \/ Ba\u00f1eras y duchas\" class=\"wp-image-4741\" title=\"MEDIDAS QUE TODO ARQUITECTO DEBE CONOCER \/ Neufert \/ Ba\u00f1eras y duchas\" srcset=\"https:\/\/www.gridmag.com.mx\/wp-content\/uploads\/2023\/10\/04-1024x311.jpg 1024w, https:\/\/www.gridmag.com.mx\/wp-content\/uploads\/2023\/10\/04-300x91.jpg 300w, https:\/\/www.gridmag.com.mx\/wp-content\/uploads\/2023\/10\/04-768x234.jpg 768w, https:\/\/www.gridmag.com.mx\/wp-content\/uploads\/2023\/10\/04-770x234.jpg 770w, https:\/\/www.gridmag.com.mx\/wp-content\/uploads\/2023\/10\/04-1400x426.jpg 1400w, https:\/\/www.gridmag.com.mx\/wp-content\/uploads\/2023\/10\/04.jpg 1414w\" sizes=\"(max-width: 1024px) 100vw, 1024px\" \/><figcaption class=\"wp-element-caption\">Medidas de ba\u00f1eras y duchas \/ Neufert<\/figcaption><\/figure>\n\n\n\n<p>Referencias: Neufert. El arte de proyectar en arquitectura, <a href=\"https:\/\/es.wikipedia.org\/wiki\/Ernst_Neufert\">Ernst Neufert<\/a><\/p>\n\n\n\n<figure class=\"wp-block-embed is-type-rich is-provider-amazon wp-block-embed-amazon\"><div class=\"wp-block-embed__wrapper\">\nhttps:\/\/www.amazon.com.mx\/Arte-proyectar-arquitectura-Ernst-Neufert\/dp\/8425224748\n<\/div><\/figure>\n","protected":false},"excerpt":{"rendered":"<p>Al momento de dise\u00f1ar cualquier espacio, nos corresponde a nosotros como expertos en el tema, crear dise\u00f1os que principalmente cumplan con las medidas para poder realizar las actividades previstas, de manera adecuada. Es un paso muy importante a considerar a la hora de traducir nuestros dise\u00f1os en planos arquitect\u00f3nicos. La gran mayor\u00eda de elementos incluidos en nuestros dise\u00f1os, incluyendo mobiliario, est\u00e1n creados a partir de las dimensiones del cuerpo humano, lo que nos da una pauta a la hora de [&hellip;]<\/p>\n","protected":false},"author":1,"featured_media":4744,"comment_status":"open","ping_status":"open","sticky":false,"template":"","format":"standard","meta":{"footnotes":""},"categories":[49,54],"tags":[72,92,76,93],"class_list":["post-4713","post","type-post","status-publish","format-standard","has-post-thumbnail","hentry","category-arquitectura","category-tecnologia","tag-arquitectura","tag-medidas","tag-metodologia","tag-tips-de-arquitectura"],"yoast_head":"<!-- This site is optimized with the Yoast SEO plugin v27.0 - https:\/\/yoast.com\/product\/yoast-seo-wordpress\/ -->\n<title>Medidas que Todo Arquitecto Debe Conocer<\/title>\n<meta name=\"description\" content=\"Descubre la importancia de considerar las medidas y proporciones humanas en el dise\u00f1o y c\u00f3mo estas son la clave para espacios bien concebidos.\" \/>\n<meta name=\"robots\" content=\"index, follow, max-snippet:-1, max-image-preview:large, max-video-preview:-1\" \/>\n<link rel=\"canonical\" href=\"https:\/\/www.gridmag.com.mx\/index.php\/2023\/10\/04\/medidas-que-todo-arquitecto-debe-conocer\/\" \/>\n<meta property=\"og:locale\" content=\"es_MX\" \/>\n<meta property=\"og:type\" content=\"article\" \/>\n<meta property=\"og:title\" content=\"Medidas que Todo Arquitecto Debe Conocer\" \/>\n<meta property=\"og:description\" content=\"Descubre la importancia de considerar las medidas y proporciones humanas en el dise\u00f1o y c\u00f3mo estas son la clave para espacios bien concebidos.\" \/>\n<meta property=\"og:url\" content=\"https:\/\/www.gridmag.com.mx\/index.php\/2023\/10\/04\/medidas-que-todo-arquitecto-debe-conocer\/\" \/>\n<meta property=\"og:site_name\" content=\"Grid Magazine\" \/>\n<meta property=\"article:publisher\" content=\"https:\/\/www.facebook.com\/gridmagazine.mx\" \/>\n<meta property=\"article:published_time\" content=\"2023-10-04T16:06:01+00:00\" \/>\n<meta property=\"article:modified_time\" content=\"2024-12-08T21:46:33+00:00\" \/>\n<meta property=\"og:image\" content=\"https:\/\/www.gridmag.com.mx\/wp-content\/uploads\/2023\/10\/sven-mieke-A-btl_OPYWA-unsplash.jpg\" \/>\n\t<meta property=\"og:image:width\" content=\"2560\" \/>\n\t<meta property=\"og:image:height\" content=\"1707\" \/>\n\t<meta property=\"og:image:type\" content=\"image\/jpeg\" \/>\n<meta name=\"author\" content=\"Grid Magazine\" \/>\n<meta name=\"twitter:card\" content=\"summary_large_image\" \/>\n<meta name=\"twitter:label1\" content=\"Escrito por\" \/>\n\t<meta name=\"twitter:data1\" content=\"Grid Magazine\" \/>\n\t<meta name=\"twitter:label2\" content=\"Tiempo de lectura\" \/>\n\t<meta name=\"twitter:data2\" content=\"7 minutos\" \/>\n<script type=\"application\/ld+json\" class=\"yoast-schema-graph\">{\"@context\":\"https:\/\/schema.org\",\"@graph\":[{\"@type\":\"Article\",\"@id\":\"https:\/\/www.gridmag.com.mx\/index.php\/2023\/10\/04\/medidas-que-todo-arquitecto-debe-conocer\/#article\",\"isPartOf\":{\"@id\":\"https:\/\/www.gridmag.com.mx\/index.php\/2023\/10\/04\/medidas-que-todo-arquitecto-debe-conocer\/\"},\"author\":{\"name\":\"Grid Magazine\",\"@id\":\"https:\/\/www.gridmag.com.mx\/#\/schema\/person\/d54cddc75e2ecfe4a55e39c0336ae932\"},\"headline\":\"Medidas que todo arquitecto debe conocer\",\"datePublished\":\"2023-10-04T16:06:01+00:00\",\"dateModified\":\"2024-12-08T21:46:33+00:00\",\"mainEntityOfPage\":{\"@id\":\"https:\/\/www.gridmag.com.mx\/index.php\/2023\/10\/04\/medidas-que-todo-arquitecto-debe-conocer\/\"},\"wordCount\":1114,\"commentCount\":1,\"publisher\":{\"@id\":\"https:\/\/www.gridmag.com.mx\/#organization\"},\"image\":{\"@id\":\"https:\/\/www.gridmag.com.mx\/index.php\/2023\/10\/04\/medidas-que-todo-arquitecto-debe-conocer\/#primaryimage\"},\"thumbnailUrl\":\"https:\/\/www.gridmag.com.mx\/wp-content\/uploads\/2023\/10\/sven-mieke-A-btl_OPYWA-unsplash.jpg\",\"keywords\":[\"ARQUITECTURA\",\"MEDIDAS\",\"METODOLOGIA\",\"TIPS DE ARQUITECTURA\"],\"articleSection\":[\"Arquitectura\",\"Tecnolog\u00eda\"],\"inLanguage\":\"es\",\"potentialAction\":[{\"@type\":\"CommentAction\",\"name\":\"Comment\",\"target\":[\"https:\/\/www.gridmag.com.mx\/index.php\/2023\/10\/04\/medidas-que-todo-arquitecto-debe-conocer\/#respond\"]}]},{\"@type\":\"WebPage\",\"@id\":\"https:\/\/www.gridmag.com.mx\/index.php\/2023\/10\/04\/medidas-que-todo-arquitecto-debe-conocer\/\",\"url\":\"https:\/\/www.gridmag.com.mx\/index.php\/2023\/10\/04\/medidas-que-todo-arquitecto-debe-conocer\/\",\"name\":\"Medidas que Todo Arquitecto Debe Conocer\",\"isPartOf\":{\"@id\":\"https:\/\/www.gridmag.com.mx\/#website\"},\"primaryImageOfPage\":{\"@id\":\"https:\/\/www.gridmag.com.mx\/index.php\/2023\/10\/04\/medidas-que-todo-arquitecto-debe-conocer\/#primaryimage\"},\"image\":{\"@id\":\"https:\/\/www.gridmag.com.mx\/index.php\/2023\/10\/04\/medidas-que-todo-arquitecto-debe-conocer\/#primaryimage\"},\"thumbnailUrl\":\"https:\/\/www.gridmag.com.mx\/wp-content\/uploads\/2023\/10\/sven-mieke-A-btl_OPYWA-unsplash.jpg\",\"datePublished\":\"2023-10-04T16:06:01+00:00\",\"dateModified\":\"2024-12-08T21:46:33+00:00\",\"description\":\"Descubre la importancia de considerar las medidas y proporciones humanas en el dise\u00f1o y c\u00f3mo estas son la clave para espacios bien concebidos.\",\"breadcrumb\":{\"@id\":\"https:\/\/www.gridmag.com.mx\/index.php\/2023\/10\/04\/medidas-que-todo-arquitecto-debe-conocer\/#breadcrumb\"},\"inLanguage\":\"es\",\"potentialAction\":[{\"@type\":\"ReadAction\",\"target\":[\"https:\/\/www.gridmag.com.mx\/index.php\/2023\/10\/04\/medidas-que-todo-arquitecto-debe-conocer\/\"]}]},{\"@type\":\"ImageObject\",\"inLanguage\":\"es\",\"@id\":\"https:\/\/www.gridmag.com.mx\/index.php\/2023\/10\/04\/medidas-que-todo-arquitecto-debe-conocer\/#primaryimage\",\"url\":\"https:\/\/www.gridmag.com.mx\/wp-content\/uploads\/2023\/10\/sven-mieke-A-btl_OPYWA-unsplash.jpg\",\"contentUrl\":\"https:\/\/www.gridmag.com.mx\/wp-content\/uploads\/2023\/10\/sven-mieke-A-btl_OPYWA-unsplash.jpg\",\"width\":2560,\"height\":1707,\"caption\":\"El uso de herramientas como la regla de escalas arquitect\u00f3nicas y l\u00e1pices de dibujo\"},{\"@type\":\"BreadcrumbList\",\"@id\":\"https:\/\/www.gridmag.com.mx\/index.php\/2023\/10\/04\/medidas-que-todo-arquitecto-debe-conocer\/#breadcrumb\",\"itemListElement\":[{\"@type\":\"ListItem\",\"position\":1,\"name\":\"Inicio\",\"item\":\"https:\/\/www.gridmag.com.mx\/\"},{\"@type\":\"ListItem\",\"position\":2,\"name\":\"Medidas que todo arquitecto debe conocer\"}]},{\"@type\":\"WebSite\",\"@id\":\"https:\/\/www.gridmag.com.mx\/#website\",\"url\":\"https:\/\/www.gridmag.com.mx\/\",\"name\":\"Grid Magazine\",\"description\":\"Compartiendo lo mejor de la arquitectura y dise\u00f1o mexicano.\",\"publisher\":{\"@id\":\"https:\/\/www.gridmag.com.mx\/#organization\"},\"potentialAction\":[{\"@type\":\"SearchAction\",\"target\":{\"@type\":\"EntryPoint\",\"urlTemplate\":\"https:\/\/www.gridmag.com.mx\/?s={search_term_string}\"},\"query-input\":{\"@type\":\"PropertyValueSpecification\",\"valueRequired\":true,\"valueName\":\"search_term_string\"}}],\"inLanguage\":\"es\"},{\"@type\":\"Organization\",\"@id\":\"https:\/\/www.gridmag.com.mx\/#organization\",\"name\":\"Grid Magazine\",\"url\":\"https:\/\/www.gridmag.com.mx\/\",\"logo\":{\"@type\":\"ImageObject\",\"inLanguage\":\"es\",\"@id\":\"https:\/\/www.gridmag.com.mx\/#\/schema\/logo\/image\/\",\"url\":\"\",\"contentUrl\":\"\",\"caption\":\"Grid Magazine\"},\"image\":{\"@id\":\"https:\/\/www.gridmag.com.mx\/#\/schema\/logo\/image\/\"},\"sameAs\":[\"https:\/\/www.facebook.com\/gridmagazine.mx\",\"https:\/\/www.instagram.com\/gridmagazine_mx\/\",\"https:\/\/www.tiktok.com\/@gridmagazine.mx?_t=8gl2kVR2Aq6&_r=1\",\"https:\/\/www.linkedin.com\/company\/grid-magazine-mx\/\"]},{\"@type\":\"Person\",\"@id\":\"https:\/\/www.gridmag.com.mx\/#\/schema\/person\/d54cddc75e2ecfe4a55e39c0336ae932\",\"name\":\"Grid Magazine\",\"image\":{\"@type\":\"ImageObject\",\"inLanguage\":\"es\",\"@id\":\"https:\/\/www.gridmag.com.mx\/#\/schema\/person\/image\/\",\"url\":\"https:\/\/secure.gravatar.com\/avatar\/8e4bd50943002dd6ee9db30e5af749244f3e21206a99c4fb42429117eaacfc83?s=96&d=mm&r=g\",\"contentUrl\":\"https:\/\/secure.gravatar.com\/avatar\/8e4bd50943002dd6ee9db30e5af749244f3e21206a99c4fb42429117eaacfc83?s=96&d=mm&r=g\",\"caption\":\"Grid Magazine\"},\"sameAs\":[\"https:\/\/www.gridmag.com.mx\"],\"url\":\"https:\/\/www.gridmag.com.mx\/index.php\/author\/grid-magazine-arq\/\"}]}<\/script>\n<!-- \/ Yoast SEO plugin. -->","yoast_head_json":{"title":"Medidas que Todo Arquitecto Debe Conocer","description":"Descubre la importancia de considerar las medidas y proporciones humanas en el dise\u00f1o y c\u00f3mo estas son la clave para espacios bien concebidos.","robots":{"index":"index","follow":"follow","max-snippet":"max-snippet:-1","max-image-preview":"max-image-preview:large","max-video-preview":"max-video-preview:-1"},"canonical":"https:\/\/www.gridmag.com.mx\/index.php\/2023\/10\/04\/medidas-que-todo-arquitecto-debe-conocer\/","og_locale":"es_MX","og_type":"article","og_title":"Medidas que Todo Arquitecto Debe Conocer","og_description":"Descubre la importancia de considerar las medidas y proporciones humanas en el dise\u00f1o y c\u00f3mo estas son la clave para espacios bien concebidos.","og_url":"https:\/\/www.gridmag.com.mx\/index.php\/2023\/10\/04\/medidas-que-todo-arquitecto-debe-conocer\/","og_site_name":"Grid Magazine","article_publisher":"https:\/\/www.facebook.com\/gridmagazine.mx","article_published_time":"2023-10-04T16:06:01+00:00","article_modified_time":"2024-12-08T21:46:33+00:00","og_image":[{"width":2560,"height":1707,"url":"https:\/\/www.gridmag.com.mx\/wp-content\/uploads\/2023\/10\/sven-mieke-A-btl_OPYWA-unsplash.jpg","type":"image\/jpeg"}],"author":"Grid Magazine","twitter_card":"summary_large_image","twitter_misc":{"Escrito por":"Grid Magazine","Tiempo de lectura":"7 minutos"},"schema":{"@context":"https:\/\/schema.org","@graph":[{"@type":"Article","@id":"https:\/\/www.gridmag.com.mx\/index.php\/2023\/10\/04\/medidas-que-todo-arquitecto-debe-conocer\/#article","isPartOf":{"@id":"https:\/\/www.gridmag.com.mx\/index.php\/2023\/10\/04\/medidas-que-todo-arquitecto-debe-conocer\/"},"author":{"name":"Grid Magazine","@id":"https:\/\/www.gridmag.com.mx\/#\/schema\/person\/d54cddc75e2ecfe4a55e39c0336ae932"},"headline":"Medidas que todo arquitecto debe conocer","datePublished":"2023-10-04T16:06:01+00:00","dateModified":"2024-12-08T21:46:33+00:00","mainEntityOfPage":{"@id":"https:\/\/www.gridmag.com.mx\/index.php\/2023\/10\/04\/medidas-que-todo-arquitecto-debe-conocer\/"},"wordCount":1114,"commentCount":1,"publisher":{"@id":"https:\/\/www.gridmag.com.mx\/#organization"},"image":{"@id":"https:\/\/www.gridmag.com.mx\/index.php\/2023\/10\/04\/medidas-que-todo-arquitecto-debe-conocer\/#primaryimage"},"thumbnailUrl":"https:\/\/www.gridmag.com.mx\/wp-content\/uploads\/2023\/10\/sven-mieke-A-btl_OPYWA-unsplash.jpg","keywords":["ARQUITECTURA","MEDIDAS","METODOLOGIA","TIPS DE ARQUITECTURA"],"articleSection":["Arquitectura","Tecnolog\u00eda"],"inLanguage":"es","potentialAction":[{"@type":"CommentAction","name":"Comment","target":["https:\/\/www.gridmag.com.mx\/index.php\/2023\/10\/04\/medidas-que-todo-arquitecto-debe-conocer\/#respond"]}]},{"@type":"WebPage","@id":"https:\/\/www.gridmag.com.mx\/index.php\/2023\/10\/04\/medidas-que-todo-arquitecto-debe-conocer\/","url":"https:\/\/www.gridmag.com.mx\/index.php\/2023\/10\/04\/medidas-que-todo-arquitecto-debe-conocer\/","name":"Medidas que Todo Arquitecto Debe Conocer","isPartOf":{"@id":"https:\/\/www.gridmag.com.mx\/#website"},"primaryImageOfPage":{"@id":"https:\/\/www.gridmag.com.mx\/index.php\/2023\/10\/04\/medidas-que-todo-arquitecto-debe-conocer\/#primaryimage"},"image":{"@id":"https:\/\/www.gridmag.com.mx\/index.php\/2023\/10\/04\/medidas-que-todo-arquitecto-debe-conocer\/#primaryimage"},"thumbnailUrl":"https:\/\/www.gridmag.com.mx\/wp-content\/uploads\/2023\/10\/sven-mieke-A-btl_OPYWA-unsplash.jpg","datePublished":"2023-10-04T16:06:01+00:00","dateModified":"2024-12-08T21:46:33+00:00","description":"Descubre la importancia de considerar las medidas y proporciones humanas en el dise\u00f1o y c\u00f3mo estas son la clave para espacios bien concebidos.","breadcrumb":{"@id":"https:\/\/www.gridmag.com.mx\/index.php\/2023\/10\/04\/medidas-que-todo-arquitecto-debe-conocer\/#breadcrumb"},"inLanguage":"es","potentialAction":[{"@type":"ReadAction","target":["https:\/\/www.gridmag.com.mx\/index.php\/2023\/10\/04\/medidas-que-todo-arquitecto-debe-conocer\/"]}]},{"@type":"ImageObject","inLanguage":"es","@id":"https:\/\/www.gridmag.com.mx\/index.php\/2023\/10\/04\/medidas-que-todo-arquitecto-debe-conocer\/#primaryimage","url":"https:\/\/www.gridmag.com.mx\/wp-content\/uploads\/2023\/10\/sven-mieke-A-btl_OPYWA-unsplash.jpg","contentUrl":"https:\/\/www.gridmag.com.mx\/wp-content\/uploads\/2023\/10\/sven-mieke-A-btl_OPYWA-unsplash.jpg","width":2560,"height":1707,"caption":"El uso de herramientas como la regla de escalas arquitect\u00f3nicas y l\u00e1pices de dibujo"},{"@type":"BreadcrumbList","@id":"https:\/\/www.gridmag.com.mx\/index.php\/2023\/10\/04\/medidas-que-todo-arquitecto-debe-conocer\/#breadcrumb","itemListElement":[{"@type":"ListItem","position":1,"name":"Inicio","item":"https:\/\/www.gridmag.com.mx\/"},{"@type":"ListItem","position":2,"name":"Medidas que todo arquitecto debe conocer"}]},{"@type":"WebSite","@id":"https:\/\/www.gridmag.com.mx\/#website","url":"https:\/\/www.gridmag.com.mx\/","name":"Grid Magazine","description":"Compartiendo lo mejor de la arquitectura y dise\u00f1o mexicano.","publisher":{"@id":"https:\/\/www.gridmag.com.mx\/#organization"},"potentialAction":[{"@type":"SearchAction","target":{"@type":"EntryPoint","urlTemplate":"https:\/\/www.gridmag.com.mx\/?s={search_term_string}"},"query-input":{"@type":"PropertyValueSpecification","valueRequired":true,"valueName":"search_term_string"}}],"inLanguage":"es"},{"@type":"Organization","@id":"https:\/\/www.gridmag.com.mx\/#organization","name":"Grid Magazine","url":"https:\/\/www.gridmag.com.mx\/","logo":{"@type":"ImageObject","inLanguage":"es","@id":"https:\/\/www.gridmag.com.mx\/#\/schema\/logo\/image\/","url":"","contentUrl":"","caption":"Grid Magazine"},"image":{"@id":"https:\/\/www.gridmag.com.mx\/#\/schema\/logo\/image\/"},"sameAs":["https:\/\/www.facebook.com\/gridmagazine.mx","https:\/\/www.instagram.com\/gridmagazine_mx\/","https:\/\/www.tiktok.com\/@gridmagazine.mx?_t=8gl2kVR2Aq6&_r=1","https:\/\/www.linkedin.com\/company\/grid-magazine-mx\/"]},{"@type":"Person","@id":"https:\/\/www.gridmag.com.mx\/#\/schema\/person\/d54cddc75e2ecfe4a55e39c0336ae932","name":"Grid Magazine","image":{"@type":"ImageObject","inLanguage":"es","@id":"https:\/\/www.gridmag.com.mx\/#\/schema\/person\/image\/","url":"https:\/\/secure.gravatar.com\/avatar\/8e4bd50943002dd6ee9db30e5af749244f3e21206a99c4fb42429117eaacfc83?s=96&d=mm&r=g","contentUrl":"https:\/\/secure.gravatar.com\/avatar\/8e4bd50943002dd6ee9db30e5af749244f3e21206a99c4fb42429117eaacfc83?s=96&d=mm&r=g","caption":"Grid Magazine"},"sameAs":["https:\/\/www.gridmag.com.mx"],"url":"https:\/\/www.gridmag.com.mx\/index.php\/author\/grid-magazine-arq\/"}]}},"_links":{"self":[{"href":"https:\/\/www.gridmag.com.mx\/index.php\/wp-json\/wp\/v2\/posts\/4713","targetHints":{"allow":["GET"]}}],"collection":[{"href":"https:\/\/www.gridmag.com.mx\/index.php\/wp-json\/wp\/v2\/posts"}],"about":[{"href":"https:\/\/www.gridmag.com.mx\/index.php\/wp-json\/wp\/v2\/types\/post"}],"author":[{"embeddable":true,"href":"https:\/\/www.gridmag.com.mx\/index.php\/wp-json\/wp\/v2\/users\/1"}],"replies":[{"embeddable":true,"href":"https:\/\/www.gridmag.com.mx\/index.php\/wp-json\/wp\/v2\/comments?post=4713"}],"version-history":[{"count":11,"href":"https:\/\/www.gridmag.com.mx\/index.php\/wp-json\/wp\/v2\/posts\/4713\/revisions"}],"predecessor-version":[{"id":8927,"href":"https:\/\/www.gridmag.com.mx\/index.php\/wp-json\/wp\/v2\/posts\/4713\/revisions\/8927"}],"wp:featuredmedia":[{"embeddable":true,"href":"https:\/\/www.gridmag.com.mx\/index.php\/wp-json\/wp\/v2\/media\/4744"}],"wp:attachment":[{"href":"https:\/\/www.gridmag.com.mx\/index.php\/wp-json\/wp\/v2\/media?parent=4713"}],"wp:term":[{"taxonomy":"category","embeddable":true,"href":"https:\/\/www.gridmag.com.mx\/index.php\/wp-json\/wp\/v2\/categories?post=4713"},{"taxonomy":"post_tag","embeddable":true,"href":"https:\/\/www.gridmag.com.mx\/index.php\/wp-json\/wp\/v2\/tags?post=4713"}],"curies":[{"name":"wp","href":"https:\/\/api.w.org\/{rel}","templated":true}]}}