{"id":4885,"date":"2023-10-24T09:00:00","date_gmt":"2023-10-24T15:00:00","guid":{"rendered":"https:\/\/www.gridmag.com.mx\/?p=4885"},"modified":"2024-02-14T17:14:26","modified_gmt":"2024-02-14T23:14:26","slug":"todos-somos-diseno-i-puebla-2023","status":"publish","type":"post","link":"https:\/\/www.gridmag.com.mx\/index.php\/2023\/10\/24\/todos-somos-diseno-i-puebla-2023\/","title":{"rendered":"Todos Somos Dise\u00f1o I Puebla 2023"},"content":{"rendered":"\n<p><strong>Somos Dise\u00f1o, Somos Puebla<\/strong><\/p>\n\n\n\n<p>La plataforma <a href=\"https:\/\/www.gridmag.com.mx\/index.php\/2023\/03\/06\/anan-artista-multidisciplinaria\/\">multidisciplinaria<\/a> de dise\u00f1o, principalmente enfocada en estudiantes de carreras con ejes creativos que con el tiempo se ha colocado como un difusor de la industria creativa y lo que acontece a su alrededor, TODOS SOMOS DISE\u00d1O, lanza el festival que lo remonta a sus or\u00edgenes, la principal raz\u00f3n de ser de todo su equipo de trabajo.<\/p>\n\n\n\n<p>Despu\u00e9s de meses de planeaci\u00f3n y la confirmaci\u00f3n de sedes, aliados y personajes de la industria creativa nacional. El Festival TODOS SOMOS DISE\u00d1O ser\u00e1 una realidad del <strong>16 al 18 de noviembre en la Ciudad de Puebla.<\/strong><\/p>\n\n\n\n<p>Una experiencia creada para disfrutar, compartir y aprender; a trav\u00e9s de distintas actividades que llevar\u00e1n a los creativos a vivir el dise\u00f1o de nuevas maneras, pero, sobre todo, el festival busca crear comunidad entre estudiantes y creativos de la escena actual.<\/p>\n\n\n\n<p>Dentro de su oferta se contemplan diversos Talleres, Foros y experiencias inspiradas en las<\/p>\n\n\n\n<p>comunidades estudiantiles que durante los \u00faltimos a\u00f1os han permitido el crecimiento de Todos Somos Dise\u00f1o en distintas ciudades de M\u00e9xico, pero sobre todo esta edici\u00f3n trae a la mesa di\u00e1logos actuales y de cotidiana concurrencia entre estudiantes de dise\u00f1o, arquitectura y carreras afines que pocas veces encuentran respuesta en los salones de clase.<\/p>\n\n\n\n<figure class=\"wp-block-image size-large\"><img decoding=\"async\" width=\"576\" height=\"1024\" src=\"https:\/\/www.gridmag.com.mx\/wp-content\/uploads\/2023\/10\/TSDPUEBLA9-576x1024.png\" alt=\"\" class=\"wp-image-4887\" srcset=\"https:\/\/www.gridmag.com.mx\/wp-content\/uploads\/2023\/10\/TSDPUEBLA9-576x1024.png 576w, https:\/\/www.gridmag.com.mx\/wp-content\/uploads\/2023\/10\/TSDPUEBLA9-169x300.png 169w, https:\/\/www.gridmag.com.mx\/wp-content\/uploads\/2023\/10\/TSDPUEBLA9-768x1365.png 768w, https:\/\/www.gridmag.com.mx\/wp-content\/uploads\/2023\/10\/TSDPUEBLA9-864x1536.png 864w, https:\/\/www.gridmag.com.mx\/wp-content\/uploads\/2023\/10\/TSDPUEBLA9-770x1369.png 770w, https:\/\/www.gridmag.com.mx\/wp-content\/uploads\/2023\/10\/TSDPUEBLA9.png 1080w\" sizes=\"(max-width: 576px) 100vw, 576px\" \/><\/figure>\n\n\n\n<h2 class=\"wp-block-heading\">Sedes de Todos Somos Dise\u00f1o 2023<\/h2>\n\n\n\n<p>Se tendr\u00e1n distintas sedes estrat\u00e9gicas, tanto en la <strong>Ciudad de Puebla como en Cholula<\/strong>, buscando que cada locaci\u00f3n est\u00e9 cerca de los lugares m\u00e1s emblem\u00e1ticos, con el objetivo de resaltar su historia y su cultura.<\/p>\n\n\n\n<p>La sede principal ser\u00e1 el <strong>Museo Regional de Puebla<\/strong> localizado en la <strong>zona de los fuertes<\/strong>, un espacio de gran valor hist\u00f3rico, creado en el a\u00f1o de 1962, el cual tuvo la intenci\u00f3n de conmemorar el centenario de la Batalla de Puebla de 1862.<\/p>\n\n\n\n<p>Cuenta con diversas salas en donde, adem\u00e1s de exposiciones temporales, se puede encontrar una colecci\u00f3n cronol\u00f3gica que abarca gran parte del estado de Puebla y su Auditorio \u201c<strong>Efra\u00edn Castro Morales<\/strong>\u201d en donde se llevar\u00e1n a cabo varias de las actividades de esta edici\u00f3n.<\/p>\n\n\n\n<p>Otra de las sedes alternas en la ciudad de Puebla, ser\u00e1 <strong>Traspatio<\/strong>, ubicado en el coraz\u00f3n del centro hist\u00f3rico, un concepto que dialoga entre lo hist\u00f3rico y lo contempor\u00e1neo. En la misma zona se realizar\u00e1n las charlas magistrales en el emblem\u00e1tico <strong>Museo Amparo<\/strong> y un gran taller de Food Design de la mano de <a href=\"https:\/\/www.anforastudio.com\/\"><strong>Anfora Studio<\/strong><\/a> en el Mercado de Comida y M\u00fasica T\u00edpica \u201cEl Alto\u201d.<\/p>\n\n\n\n<p>En Cholula Pueblo M\u00e1gico, tambi\u00e9n tendremos diversas actividades como foros y recorridos en diversos estudios de dise\u00f1o y arquitectura de gran relevancia como <a href=\"https:\/\/bandidostudio.com\/\"><strong>Bandido Studio,<\/strong><\/a> <a href=\"https:\/\/tallerad.mx\/\"><strong>MXTAD<\/strong><\/a> y HUMI Studio. Adem\u00e1s, <strong>Cholula<\/strong> ser\u00e1 la sede del Design Meet de este a\u00f1o (noviembre 2), la fiesta que TODOS SOMOS DISE\u00d1O ha organizado en los \u00faltimos 2 a\u00f1os en la Ciudad de M\u00e9xico en el marco del mes del dise\u00f1o y que en esta ocasi\u00f3n tendr\u00e1 como principales protagonistas, a la comunidad creativa poblana, Cholula y la emblem\u00e1tica fiesta de d\u00eda de muertos, esto como parte de la agenda previa del festival.<\/p>\n\n\n\n<figure class=\"wp-block-image size-large\"><img decoding=\"async\" width=\"1024\" height=\"1024\" src=\"https:\/\/www.gridmag.com.mx\/wp-content\/uploads\/2023\/10\/ACCESOS-FASE-2_Mesa-de-trabajo-1-1024x1024.png\" alt=\"Todos Somos Dise\u00f1o I Puebla 2023\" class=\"wp-image-4905\" srcset=\"https:\/\/www.gridmag.com.mx\/wp-content\/uploads\/2023\/10\/ACCESOS-FASE-2_Mesa-de-trabajo-1-1024x1024.png 1024w, https:\/\/www.gridmag.com.mx\/wp-content\/uploads\/2023\/10\/ACCESOS-FASE-2_Mesa-de-trabajo-1-300x300.png 300w, https:\/\/www.gridmag.com.mx\/wp-content\/uploads\/2023\/10\/ACCESOS-FASE-2_Mesa-de-trabajo-1-150x150.png 150w, https:\/\/www.gridmag.com.mx\/wp-content\/uploads\/2023\/10\/ACCESOS-FASE-2_Mesa-de-trabajo-1-768x768.png 768w, https:\/\/www.gridmag.com.mx\/wp-content\/uploads\/2023\/10\/ACCESOS-FASE-2_Mesa-de-trabajo-1-120x120.png 120w, https:\/\/www.gridmag.com.mx\/wp-content\/uploads\/2023\/10\/ACCESOS-FASE-2_Mesa-de-trabajo-1-240x240.png 240w, https:\/\/www.gridmag.com.mx\/wp-content\/uploads\/2023\/10\/ACCESOS-FASE-2_Mesa-de-trabajo-1-360x360.png 360w, https:\/\/www.gridmag.com.mx\/wp-content\/uploads\/2023\/10\/ACCESOS-FASE-2_Mesa-de-trabajo-1-540x540.png 540w, https:\/\/www.gridmag.com.mx\/wp-content\/uploads\/2023\/10\/ACCESOS-FASE-2_Mesa-de-trabajo-1-720x720.png 720w, https:\/\/www.gridmag.com.mx\/wp-content\/uploads\/2023\/10\/ACCESOS-FASE-2_Mesa-de-trabajo-1-770x770.png 770w, https:\/\/www.gridmag.com.mx\/wp-content\/uploads\/2023\/10\/ACCESOS-FASE-2_Mesa-de-trabajo-1-125x125.png 125w, https:\/\/www.gridmag.com.mx\/wp-content\/uploads\/2023\/10\/ACCESOS-FASE-2_Mesa-de-trabajo-1.png 1080w\" sizes=\"(max-width: 1024px) 100vw, 1024px\" \/><\/figure>\n\n\n\n<div style=\"height:10px\" aria-hidden=\"true\" class=\"wp-block-spacer\"><\/div>\n\n\n\n<h2 class=\"wp-block-heading\"><strong>Invitados<\/strong><\/h2>\n\n\n\n<p>Se contar\u00e1 con la presencia de creativos especializados en diversos temas. Entre ellos el dise\u00f1o enfocado a la investigaci\u00f3n, cultura y sustentabilidad por <a href=\"https:\/\/www.delao.mx\/hola\"><strong>Jos\u00e9 de la O<\/strong><\/a>, para los apasionados del dise\u00f1o y desarrollo de productos, sketch digital, renders, y tecnolog\u00eda contaremos con el dise\u00f1ador industrial <a href=\"https:\/\/www.alfredo-mendez.com\/\"><strong>Alfredo M\u00e9ndez<\/strong><\/a>, <a href=\"https:\/\/www.aidia.com.mx\/\"><strong>AIDIA Design Center<\/strong><\/a><strong> y Yeisuan Ram\u00edrez de <\/strong><a href=\"https:\/\/www.instagram.com\/experimentarq\/#\"><strong>Experimentarq<\/strong><\/a>, para los amantes de la tipograf\u00eda el maestro <a href=\"https:\/\/www.instagram.com\/elpacocalles\/#\"><strong>Paco Calles<\/strong><\/a>, fotograf\u00eda de producto y arquitectura con Mariana Achach, para los que les interesa incursionar en el mundo del branding y la ilustraci\u00f3n digital <a href=\"http:\/\/www.baiku.com.mx\/\"><strong>Baik\u00fa Estudio<\/strong><\/a> y <strong>Kevin Cuevas de Apocalipsis<\/strong>, por favor.&nbsp;<\/p>\n\n\n\n<p>Y la lista continua porque esta edici\u00f3n ha sido creada para todos los creativos y sus distintos intereses, y podremos conocer a m\u00e1s de los invitados durante el mes de octubre en las redes sociales de TODOS SOMOS DISE\u00d1O.<\/p>\n\n\n\n<p>Una de las grandes colaboraciones de esta edici\u00f3n viene de la mano de <strong>Patio Ef\u00edmero<\/strong> \u201cEl encuentro de intervenciones ef\u00edmeras\u201d y <strong>Gu\u00eda OCA<\/strong>, la gu\u00eda local de Puebla y que en Todos Somos Dise\u00f1o, ser\u00e1n los anfitriones de su propio foro con la finalidad de cruzar di\u00e1logos y experiencias con el resto de la comunidad creativa en el <strong>Museo Urbano Interactivo del Tecnol\u00f3gico de Monterrey<\/strong>, otra de las de las sedes en el centro hist\u00f3rico de Puebla.<\/p>\n\n\n\n<h2 class=\"wp-block-heading\">\u00bfC\u00f3mo conseguir accesos para Todos Somos Dise\u00f1o?<\/h2>\n\n\n\n<p>La venta de accesos, ACCESO GENERAL, para esta edici\u00f3n tendr\u00e1 lugar del 22 al 30 de septiembre (PREVENTA) donde los interesados podr\u00e1n adquirir un pre registro con un descuento que ser\u00e1 solo para esta primera etapa de venta. Adem\u00e1s, precios especiales para grupos.<\/p>\n\n\n\n<p>El ACCESO GENERAL est\u00e1 sujeto a disponibilidad.<\/p>\n\n\n\n<p>La fase 2 tendr\u00e1 un descuento del 10% durante las primeras 2 semanas de octubre y en esta etapa se libera el ACCESO POR D\u00cdA, que permitir\u00e1 la compra de accesos para solo se ingrese a las actividades de un d\u00eda del festival.<\/p>\n\n\n\n<p>La fase 3 mantendr\u00e1 el precio original de cada acceso y es la fase donde se ofertar\u00e1 el tercer tipo de accesos, ACCESOS POR ACTIVIDAD, que como su nombre lo dice permitir\u00e1 que alg\u00fan asistente compre exclusivamente su acceso a determinado foro o taller.<\/p>\n\n\n\n<p>SOMOS DISE\u00d1O, SOMOS PUEBLA es una oferta que asegura a los dise\u00f1adores del ma\u00f1ana, una amplia gama de ramas y especialidades que podr\u00e1n conocer mano a mano de estos grandes personajes y proyectos, que al t\u00e9rmino del festival tendr\u00e1n un panorama mucho m\u00e1s amplio en sus objetivos profesionales.<\/p>\n\n\n\n<h2 class=\"wp-block-heading\">Informaci\u00f3n adicional<\/h2>\n\n\n\n<p>Contacto:<br><a href=\"mailto:todosomosdiseno@gmail.com\">todosomosdiseno@gmail.com<\/a><\/p>\n\n\n\n<p>Accesos y cotizaciones:<br><a href=\"mailto:hola.todosomosdiseno@gmail.com\">hola.todosomosdiseno@gmail.com<\/a><\/p>\n\n\n\n<p>Comunicaci\u00f3n y marcas:<br><a href=\"mailto:visualhomenetworks@gmail.com\">visualhomenetworks@gmail.com<\/a><\/p>\n\n\n\n<p>Redes Sociales:<\/p>\n\n\n\n<p><strong>FB:<\/strong> <a href=\"https:\/\/www.facebook.com\/profile.php?id=100045167230383\">https:\/\/www.facebook.com\/profile.php?id=100045167230383<\/a><br><strong>X:<\/strong> <a href=\"https:\/\/x.com\/TodoSomosDiseno?s=20\">https:\/\/x.com\/TodoSomosDiseno?s=20<\/a>&nbsp;<strong>TIKTOK:<\/strong><a href=\"https:\/\/www.tiktok.com\/@todosomosdiseno?is_from_webapp=1&amp;sender_device=pc\">https:\/\/www.tiktok.com\/@todosomosdiseno?is_from_webapp=1&amp;sender_device=pc<\/a><br><strong>IG:<\/strong><a href=\"https:\/\/www.instagram.com\/todosomosdiseno\/#\">https:\/\/www.instagram.com\/todosomosdiseno\/#<\/a><br><strong>SPOTIFY: <\/strong><a href=\"https:\/\/open.spotify.com\/show\/5SIq34A6y9mARtmF6pw0Yg?si=83cd791aa337423c\">https:\/\/open.spotify.com\/show\/5SIq34A6y9mARtmF6pw0Yg?si=83cd791aa337423c<\/a><br><strong>YOUTUBE:<\/strong><a href=\"https:\/\/www.youtube.com\/c\/edesigntech\">https:\/\/www.youtube.com\/c\/edesigntech<\/a><\/p>\n","protected":false},"excerpt":{"rendered":"<p>Somos Dise\u00f1o, Somos Puebla La plataforma multidisciplinaria de dise\u00f1o, principalmente enfocada en estudiantes de carreras con ejes creativos que con el tiempo se ha colocado como un difusor de la industria creativa y lo que acontece a su alrededor, TODOS SOMOS DISE\u00d1O, lanza el festival que lo remonta a sus or\u00edgenes, la principal raz\u00f3n de ser de todo su equipo de trabajo. Despu\u00e9s de meses de planeaci\u00f3n y la confirmaci\u00f3n de sedes, aliados y personajes de la industria creativa nacional. [&hellip;]<\/p>\n","protected":false},"author":1,"featured_media":4886,"comment_status":"open","ping_status":"open","sticky":false,"template":"","format":"standard","meta":{"footnotes":""},"categories":[56],"tags":[],"class_list":["post-4885","post","type-post","status-publish","format-standard","has-post-thumbnail","hentry","category-editor-picks"],"yoast_head":"<!-- This site is optimized with the Yoast SEO plugin v27.0 - https:\/\/yoast.com\/product\/yoast-seo-wordpress\/ -->\n<title>Todos Somos Dise\u00f1o I Puebla 2023<\/title>\n<meta name=\"description\" content=\"Explora el festival Todos Somos Dise\u00f1o, una experiencia \u00fanica para estudiantes y creativos de la escena actual en Puebla del 16 al 18 de Nov.\" \/>\n<meta name=\"robots\" content=\"index, follow, max-snippet:-1, max-image-preview:large, max-video-preview:-1\" \/>\n<link rel=\"canonical\" href=\"https:\/\/www.gridmag.com.mx\/index.php\/2023\/10\/24\/todos-somos-diseno-i-puebla-2023\/\" \/>\n<meta property=\"og:locale\" content=\"es_MX\" \/>\n<meta property=\"og:type\" content=\"article\" \/>\n<meta property=\"og:title\" content=\"Todos Somos Dise\u00f1o I Puebla 2023\" \/>\n<meta property=\"og:description\" content=\"Explora el festival Todos Somos Dise\u00f1o, una experiencia \u00fanica para estudiantes y creativos de la escena actual en Puebla del 16 al 18 de Nov.\" \/>\n<meta property=\"og:url\" content=\"https:\/\/www.gridmag.com.mx\/index.php\/2023\/10\/24\/todos-somos-diseno-i-puebla-2023\/\" \/>\n<meta property=\"og:site_name\" content=\"Grid Magazine\" \/>\n<meta property=\"article:publisher\" content=\"https:\/\/www.facebook.com\/gridmagazine.mx\" \/>\n<meta property=\"article:published_time\" content=\"2023-10-24T15:00:00+00:00\" \/>\n<meta property=\"article:modified_time\" content=\"2024-02-14T23:14:26+00:00\" \/>\n<meta property=\"og:image\" content=\"https:\/\/www.gridmag.com.mx\/wp-content\/uploads\/2023\/10\/TSDPUEBLA_PORTADA-_evenbrite.png\" \/>\n\t<meta property=\"og:image:width\" content=\"2162\" \/>\n\t<meta property=\"og:image:height\" content=\"1080\" \/>\n\t<meta property=\"og:image:type\" content=\"image\/png\" \/>\n<meta name=\"author\" content=\"Grid Magazine\" \/>\n<meta name=\"twitter:card\" content=\"summary_large_image\" \/>\n<meta name=\"twitter:label1\" content=\"Escrito por\" \/>\n\t<meta name=\"twitter:data1\" content=\"Grid Magazine\" \/>\n\t<meta name=\"twitter:label2\" content=\"Tiempo de lectura\" \/>\n\t<meta name=\"twitter:data2\" content=\"5 minutos\" \/>\n<script type=\"application\/ld+json\" class=\"yoast-schema-graph\">{\"@context\":\"https:\/\/schema.org\",\"@graph\":[{\"@type\":\"Article\",\"@id\":\"https:\/\/www.gridmag.com.mx\/index.php\/2023\/10\/24\/todos-somos-diseno-i-puebla-2023\/#article\",\"isPartOf\":{\"@id\":\"https:\/\/www.gridmag.com.mx\/index.php\/2023\/10\/24\/todos-somos-diseno-i-puebla-2023\/\"},\"author\":{\"name\":\"Grid Magazine\",\"@id\":\"https:\/\/www.gridmag.com.mx\/#\/schema\/person\/d54cddc75e2ecfe4a55e39c0336ae932\"},\"headline\":\"Todos Somos Dise\u00f1o I Puebla 2023\",\"datePublished\":\"2023-10-24T15:00:00+00:00\",\"dateModified\":\"2024-02-14T23:14:26+00:00\",\"mainEntityOfPage\":{\"@id\":\"https:\/\/www.gridmag.com.mx\/index.php\/2023\/10\/24\/todos-somos-diseno-i-puebla-2023\/\"},\"wordCount\":1072,\"commentCount\":0,\"publisher\":{\"@id\":\"https:\/\/www.gridmag.com.mx\/#organization\"},\"image\":{\"@id\":\"https:\/\/www.gridmag.com.mx\/index.php\/2023\/10\/24\/todos-somos-diseno-i-puebla-2023\/#primaryimage\"},\"thumbnailUrl\":\"https:\/\/www.gridmag.com.mx\/wp-content\/uploads\/2023\/10\/TSDPUEBLA_PORTADA-_evenbrite.png\",\"articleSection\":[\"Editor Picks\"],\"inLanguage\":\"es\",\"potentialAction\":[{\"@type\":\"CommentAction\",\"name\":\"Comment\",\"target\":[\"https:\/\/www.gridmag.com.mx\/index.php\/2023\/10\/24\/todos-somos-diseno-i-puebla-2023\/#respond\"]}]},{\"@type\":\"WebPage\",\"@id\":\"https:\/\/www.gridmag.com.mx\/index.php\/2023\/10\/24\/todos-somos-diseno-i-puebla-2023\/\",\"url\":\"https:\/\/www.gridmag.com.mx\/index.php\/2023\/10\/24\/todos-somos-diseno-i-puebla-2023\/\",\"name\":\"Todos Somos Dise\u00f1o I Puebla 2023\",\"isPartOf\":{\"@id\":\"https:\/\/www.gridmag.com.mx\/#website\"},\"primaryImageOfPage\":{\"@id\":\"https:\/\/www.gridmag.com.mx\/index.php\/2023\/10\/24\/todos-somos-diseno-i-puebla-2023\/#primaryimage\"},\"image\":{\"@id\":\"https:\/\/www.gridmag.com.mx\/index.php\/2023\/10\/24\/todos-somos-diseno-i-puebla-2023\/#primaryimage\"},\"thumbnailUrl\":\"https:\/\/www.gridmag.com.mx\/wp-content\/uploads\/2023\/10\/TSDPUEBLA_PORTADA-_evenbrite.png\",\"datePublished\":\"2023-10-24T15:00:00+00:00\",\"dateModified\":\"2024-02-14T23:14:26+00:00\",\"description\":\"Explora el festival Todos Somos Dise\u00f1o, una experiencia \u00fanica para estudiantes y creativos de la escena actual en Puebla del 16 al 18 de Nov.\",\"breadcrumb\":{\"@id\":\"https:\/\/www.gridmag.com.mx\/index.php\/2023\/10\/24\/todos-somos-diseno-i-puebla-2023\/#breadcrumb\"},\"inLanguage\":\"es\",\"potentialAction\":[{\"@type\":\"ReadAction\",\"target\":[\"https:\/\/www.gridmag.com.mx\/index.php\/2023\/10\/24\/todos-somos-diseno-i-puebla-2023\/\"]}]},{\"@type\":\"ImageObject\",\"inLanguage\":\"es\",\"@id\":\"https:\/\/www.gridmag.com.mx\/index.php\/2023\/10\/24\/todos-somos-diseno-i-puebla-2023\/#primaryimage\",\"url\":\"https:\/\/www.gridmag.com.mx\/wp-content\/uploads\/2023\/10\/TSDPUEBLA_PORTADA-_evenbrite.png\",\"contentUrl\":\"https:\/\/www.gridmag.com.mx\/wp-content\/uploads\/2023\/10\/TSDPUEBLA_PORTADA-_evenbrite.png\",\"width\":2162,\"height\":1080},{\"@type\":\"BreadcrumbList\",\"@id\":\"https:\/\/www.gridmag.com.mx\/index.php\/2023\/10\/24\/todos-somos-diseno-i-puebla-2023\/#breadcrumb\",\"itemListElement\":[{\"@type\":\"ListItem\",\"position\":1,\"name\":\"Inicio\",\"item\":\"https:\/\/www.gridmag.com.mx\/\"},{\"@type\":\"ListItem\",\"position\":2,\"name\":\"Todos Somos Dise\u00f1o I Puebla 2023\"}]},{\"@type\":\"WebSite\",\"@id\":\"https:\/\/www.gridmag.com.mx\/#website\",\"url\":\"https:\/\/www.gridmag.com.mx\/\",\"name\":\"Grid Magazine\",\"description\":\"Compartiendo lo mejor de la arquitectura y dise\u00f1o mexicano.\",\"publisher\":{\"@id\":\"https:\/\/www.gridmag.com.mx\/#organization\"},\"potentialAction\":[{\"@type\":\"SearchAction\",\"target\":{\"@type\":\"EntryPoint\",\"urlTemplate\":\"https:\/\/www.gridmag.com.mx\/?s={search_term_string}\"},\"query-input\":{\"@type\":\"PropertyValueSpecification\",\"valueRequired\":true,\"valueName\":\"search_term_string\"}}],\"inLanguage\":\"es\"},{\"@type\":\"Organization\",\"@id\":\"https:\/\/www.gridmag.com.mx\/#organization\",\"name\":\"Grid Magazine\",\"url\":\"https:\/\/www.gridmag.com.mx\/\",\"logo\":{\"@type\":\"ImageObject\",\"inLanguage\":\"es\",\"@id\":\"https:\/\/www.gridmag.com.mx\/#\/schema\/logo\/image\/\",\"url\":\"\",\"contentUrl\":\"\",\"caption\":\"Grid Magazine\"},\"image\":{\"@id\":\"https:\/\/www.gridmag.com.mx\/#\/schema\/logo\/image\/\"},\"sameAs\":[\"https:\/\/www.facebook.com\/gridmagazine.mx\",\"https:\/\/www.instagram.com\/gridmagazine_mx\/\",\"https:\/\/www.tiktok.com\/@gridmagazine.mx?_t=8gl2kVR2Aq6&_r=1\",\"https:\/\/www.linkedin.com\/company\/grid-magazine-mx\/\"]},{\"@type\":\"Person\",\"@id\":\"https:\/\/www.gridmag.com.mx\/#\/schema\/person\/d54cddc75e2ecfe4a55e39c0336ae932\",\"name\":\"Grid Magazine\",\"image\":{\"@type\":\"ImageObject\",\"inLanguage\":\"es\",\"@id\":\"https:\/\/www.gridmag.com.mx\/#\/schema\/person\/image\/\",\"url\":\"https:\/\/secure.gravatar.com\/avatar\/8e4bd50943002dd6ee9db30e5af749244f3e21206a99c4fb42429117eaacfc83?s=96&d=mm&r=g\",\"contentUrl\":\"https:\/\/secure.gravatar.com\/avatar\/8e4bd50943002dd6ee9db30e5af749244f3e21206a99c4fb42429117eaacfc83?s=96&d=mm&r=g\",\"caption\":\"Grid Magazine\"},\"sameAs\":[\"https:\/\/www.gridmag.com.mx\"],\"url\":\"https:\/\/www.gridmag.com.mx\/index.php\/author\/grid-magazine-arq\/\"}]}<\/script>\n<!-- \/ Yoast SEO plugin. -->","yoast_head_json":{"title":"Todos Somos Dise\u00f1o I Puebla 2023","description":"Explora el festival Todos Somos Dise\u00f1o, una experiencia \u00fanica para estudiantes y creativos de la escena actual en Puebla del 16 al 18 de Nov.","robots":{"index":"index","follow":"follow","max-snippet":"max-snippet:-1","max-image-preview":"max-image-preview:large","max-video-preview":"max-video-preview:-1"},"canonical":"https:\/\/www.gridmag.com.mx\/index.php\/2023\/10\/24\/todos-somos-diseno-i-puebla-2023\/","og_locale":"es_MX","og_type":"article","og_title":"Todos Somos Dise\u00f1o I Puebla 2023","og_description":"Explora el festival Todos Somos Dise\u00f1o, una experiencia \u00fanica para estudiantes y creativos de la escena actual en Puebla del 16 al 18 de Nov.","og_url":"https:\/\/www.gridmag.com.mx\/index.php\/2023\/10\/24\/todos-somos-diseno-i-puebla-2023\/","og_site_name":"Grid Magazine","article_publisher":"https:\/\/www.facebook.com\/gridmagazine.mx","article_published_time":"2023-10-24T15:00:00+00:00","article_modified_time":"2024-02-14T23:14:26+00:00","og_image":[{"width":2162,"height":1080,"url":"https:\/\/www.gridmag.com.mx\/wp-content\/uploads\/2023\/10\/TSDPUEBLA_PORTADA-_evenbrite.png","type":"image\/png"}],"author":"Grid Magazine","twitter_card":"summary_large_image","twitter_misc":{"Escrito por":"Grid Magazine","Tiempo de lectura":"5 minutos"},"schema":{"@context":"https:\/\/schema.org","@graph":[{"@type":"Article","@id":"https:\/\/www.gridmag.com.mx\/index.php\/2023\/10\/24\/todos-somos-diseno-i-puebla-2023\/#article","isPartOf":{"@id":"https:\/\/www.gridmag.com.mx\/index.php\/2023\/10\/24\/todos-somos-diseno-i-puebla-2023\/"},"author":{"name":"Grid Magazine","@id":"https:\/\/www.gridmag.com.mx\/#\/schema\/person\/d54cddc75e2ecfe4a55e39c0336ae932"},"headline":"Todos Somos Dise\u00f1o I Puebla 2023","datePublished":"2023-10-24T15:00:00+00:00","dateModified":"2024-02-14T23:14:26+00:00","mainEntityOfPage":{"@id":"https:\/\/www.gridmag.com.mx\/index.php\/2023\/10\/24\/todos-somos-diseno-i-puebla-2023\/"},"wordCount":1072,"commentCount":0,"publisher":{"@id":"https:\/\/www.gridmag.com.mx\/#organization"},"image":{"@id":"https:\/\/www.gridmag.com.mx\/index.php\/2023\/10\/24\/todos-somos-diseno-i-puebla-2023\/#primaryimage"},"thumbnailUrl":"https:\/\/www.gridmag.com.mx\/wp-content\/uploads\/2023\/10\/TSDPUEBLA_PORTADA-_evenbrite.png","articleSection":["Editor Picks"],"inLanguage":"es","potentialAction":[{"@type":"CommentAction","name":"Comment","target":["https:\/\/www.gridmag.com.mx\/index.php\/2023\/10\/24\/todos-somos-diseno-i-puebla-2023\/#respond"]}]},{"@type":"WebPage","@id":"https:\/\/www.gridmag.com.mx\/index.php\/2023\/10\/24\/todos-somos-diseno-i-puebla-2023\/","url":"https:\/\/www.gridmag.com.mx\/index.php\/2023\/10\/24\/todos-somos-diseno-i-puebla-2023\/","name":"Todos Somos Dise\u00f1o I Puebla 2023","isPartOf":{"@id":"https:\/\/www.gridmag.com.mx\/#website"},"primaryImageOfPage":{"@id":"https:\/\/www.gridmag.com.mx\/index.php\/2023\/10\/24\/todos-somos-diseno-i-puebla-2023\/#primaryimage"},"image":{"@id":"https:\/\/www.gridmag.com.mx\/index.php\/2023\/10\/24\/todos-somos-diseno-i-puebla-2023\/#primaryimage"},"thumbnailUrl":"https:\/\/www.gridmag.com.mx\/wp-content\/uploads\/2023\/10\/TSDPUEBLA_PORTADA-_evenbrite.png","datePublished":"2023-10-24T15:00:00+00:00","dateModified":"2024-02-14T23:14:26+00:00","description":"Explora el festival Todos Somos Dise\u00f1o, una experiencia \u00fanica para estudiantes y creativos de la escena actual en Puebla del 16 al 18 de Nov.","breadcrumb":{"@id":"https:\/\/www.gridmag.com.mx\/index.php\/2023\/10\/24\/todos-somos-diseno-i-puebla-2023\/#breadcrumb"},"inLanguage":"es","potentialAction":[{"@type":"ReadAction","target":["https:\/\/www.gridmag.com.mx\/index.php\/2023\/10\/24\/todos-somos-diseno-i-puebla-2023\/"]}]},{"@type":"ImageObject","inLanguage":"es","@id":"https:\/\/www.gridmag.com.mx\/index.php\/2023\/10\/24\/todos-somos-diseno-i-puebla-2023\/#primaryimage","url":"https:\/\/www.gridmag.com.mx\/wp-content\/uploads\/2023\/10\/TSDPUEBLA_PORTADA-_evenbrite.png","contentUrl":"https:\/\/www.gridmag.com.mx\/wp-content\/uploads\/2023\/10\/TSDPUEBLA_PORTADA-_evenbrite.png","width":2162,"height":1080},{"@type":"BreadcrumbList","@id":"https:\/\/www.gridmag.com.mx\/index.php\/2023\/10\/24\/todos-somos-diseno-i-puebla-2023\/#breadcrumb","itemListElement":[{"@type":"ListItem","position":1,"name":"Inicio","item":"https:\/\/www.gridmag.com.mx\/"},{"@type":"ListItem","position":2,"name":"Todos Somos Dise\u00f1o I Puebla 2023"}]},{"@type":"WebSite","@id":"https:\/\/www.gridmag.com.mx\/#website","url":"https:\/\/www.gridmag.com.mx\/","name":"Grid Magazine","description":"Compartiendo lo mejor de la arquitectura y dise\u00f1o mexicano.","publisher":{"@id":"https:\/\/www.gridmag.com.mx\/#organization"},"potentialAction":[{"@type":"SearchAction","target":{"@type":"EntryPoint","urlTemplate":"https:\/\/www.gridmag.com.mx\/?s={search_term_string}"},"query-input":{"@type":"PropertyValueSpecification","valueRequired":true,"valueName":"search_term_string"}}],"inLanguage":"es"},{"@type":"Organization","@id":"https:\/\/www.gridmag.com.mx\/#organization","name":"Grid Magazine","url":"https:\/\/www.gridmag.com.mx\/","logo":{"@type":"ImageObject","inLanguage":"es","@id":"https:\/\/www.gridmag.com.mx\/#\/schema\/logo\/image\/","url":"","contentUrl":"","caption":"Grid Magazine"},"image":{"@id":"https:\/\/www.gridmag.com.mx\/#\/schema\/logo\/image\/"},"sameAs":["https:\/\/www.facebook.com\/gridmagazine.mx","https:\/\/www.instagram.com\/gridmagazine_mx\/","https:\/\/www.tiktok.com\/@gridmagazine.mx?_t=8gl2kVR2Aq6&_r=1","https:\/\/www.linkedin.com\/company\/grid-magazine-mx\/"]},{"@type":"Person","@id":"https:\/\/www.gridmag.com.mx\/#\/schema\/person\/d54cddc75e2ecfe4a55e39c0336ae932","name":"Grid Magazine","image":{"@type":"ImageObject","inLanguage":"es","@id":"https:\/\/www.gridmag.com.mx\/#\/schema\/person\/image\/","url":"https:\/\/secure.gravatar.com\/avatar\/8e4bd50943002dd6ee9db30e5af749244f3e21206a99c4fb42429117eaacfc83?s=96&d=mm&r=g","contentUrl":"https:\/\/secure.gravatar.com\/avatar\/8e4bd50943002dd6ee9db30e5af749244f3e21206a99c4fb42429117eaacfc83?s=96&d=mm&r=g","caption":"Grid Magazine"},"sameAs":["https:\/\/www.gridmag.com.mx"],"url":"https:\/\/www.gridmag.com.mx\/index.php\/author\/grid-magazine-arq\/"}]}},"_links":{"self":[{"href":"https:\/\/www.gridmag.com.mx\/index.php\/wp-json\/wp\/v2\/posts\/4885","targetHints":{"allow":["GET"]}}],"collection":[{"href":"https:\/\/www.gridmag.com.mx\/index.php\/wp-json\/wp\/v2\/posts"}],"about":[{"href":"https:\/\/www.gridmag.com.mx\/index.php\/wp-json\/wp\/v2\/types\/post"}],"author":[{"embeddable":true,"href":"https:\/\/www.gridmag.com.mx\/index.php\/wp-json\/wp\/v2\/users\/1"}],"replies":[{"embeddable":true,"href":"https:\/\/www.gridmag.com.mx\/index.php\/wp-json\/wp\/v2\/comments?post=4885"}],"version-history":[{"count":2,"href":"https:\/\/www.gridmag.com.mx\/index.php\/wp-json\/wp\/v2\/posts\/4885\/revisions"}],"predecessor-version":[{"id":6480,"href":"https:\/\/www.gridmag.com.mx\/index.php\/wp-json\/wp\/v2\/posts\/4885\/revisions\/6480"}],"wp:featuredmedia":[{"embeddable":true,"href":"https:\/\/www.gridmag.com.mx\/index.php\/wp-json\/wp\/v2\/media\/4886"}],"wp:attachment":[{"href":"https:\/\/www.gridmag.com.mx\/index.php\/wp-json\/wp\/v2\/media?parent=4885"}],"wp:term":[{"taxonomy":"category","embeddable":true,"href":"https:\/\/www.gridmag.com.mx\/index.php\/wp-json\/wp\/v2\/categories?post=4885"},{"taxonomy":"post_tag","embeddable":true,"href":"https:\/\/www.gridmag.com.mx\/index.php\/wp-json\/wp\/v2\/tags?post=4885"}],"curies":[{"name":"wp","href":"https:\/\/api.w.org\/{rel}","templated":true}]}}