{"id":512,"date":"2022-03-24T22:16:15","date_gmt":"2022-03-25T04:16:15","guid":{"rendered":"https:\/\/www.gridmag.com.mx\/?p=512"},"modified":"2023-10-31T16:14:31","modified_gmt":"2023-10-31T22:14:31","slug":"disenando-espacios-vivos-la-arquitectura-de-daniela-bucio-sistos","status":"publish","type":"post","link":"https:\/\/www.gridmag.com.mx\/index.php\/2022\/03\/24\/disenando-espacios-vivos-la-arquitectura-de-daniela-bucio-sistos\/","title":{"rendered":"Dise\u00f1ando espacios vivos | La arquitectura de Daniela Bucio Sistos"},"content":{"rendered":"\n\n\n<p><a href=\"https:\/\/www.instagram.com\/danielabsistos\/?hl=es\">Daniela Bucio Sistos<\/a> es una joven arquitecta Mexicana que logra crear espacios con identidad y pertenencia.<\/p>\n\n\n\n<p>Gracias a su sensibilidad ante la comunidad y hac\u00eda el entorno, sus obras satisfacen las necesidades del usuario mientras lo permiten desarrollarse de manera org\u00e1nica. Generando proyectos visualmente atractivos, frescos y din\u00e1micos, permaneciendo siempre respetuosa ante sus ra\u00edces <strong>mexicanas<\/strong>.<\/p>\n\n\n\n<p>Daniela conjuga la reflexi\u00f3n y la materialidad dentro de paredes que cobran vida gracias al uso adecuado de recursos naturales, <strong>luz<\/strong> y <strong>vegetaci\u00f3n<\/strong>; en donde cada espacio se convierte en una experiencia que envuelve todos los sentidos.<\/p>\n\n\n\n<h2 class=\"wp-block-heading\">Explorando la Arquitectura a Trav\u00e9s de una Perspectiva Femenina<\/h2>\n\n\n\n<p>En esta entrevista, nos platica un poco sobre su visi\u00f3n sobre la arquitectura, como aborda un proyecto y como ha sido su experiencia como mujer dentro de su campo de trabajo.<\/p>\n\n\n\n<h3 class=\"wp-block-heading\"><strong>\u00bfPara ti qu\u00e9 es la arquitectura?&nbsp;<\/strong><\/h3>\n\n\n\n<p>Para m\u00ed la <a href=\"https:\/\/www.gridmag.com.mx\/index.php\/2023\/07\/20\/que-es-arquitectura\/\" data-type=\"post\" data-id=\"4100\">arquitectura<\/a> es la habilidad de responder a las necesidades de un entorno a trav\u00e9s de espacios o intervenciones. Creo que una buena <strong>arquitectura<\/strong> es aquella que es <a href=\"https:\/\/www.gridmag.com.mx\/index.php\/2023\/08\/03\/casa-gardenia-i-estudio-atemporal\/\" data-type=\"post\" data-id=\"4205\">atemporal<\/a>, aquella que envejece dignamente y acompa\u00f1a a cada entorno natural en el que se emplaza, clima que la envuelve y sociedad que la habita.<\/p>\n\n\n\n<h3 class=\"wp-block-heading\"><strong>\u00bfC\u00f3mo crees que la arquitectura afecta a la comunidad que la vive?<\/strong><\/h3>\n\n\n\n<p>La arquitectura siempre afectar\u00e1 directamente al sitio en el que se emplaza, la <a href=\"https:\/\/www.gridmag.com.mx\/index.php\/2023\/03\/05\/ojos-femeninos-en-la-arquitectura\/\" data-type=\"post\" data-id=\"2911\">arquitectura <\/a>participa directamente en todas nuestras actividades cotidianas creando ramas de existencia que nos afectan o benefician. Por ejemplo, una ciudad o colonia bien planeada puede reducir el estr\u00e9s colectivo de quien la habita, implementando <a href=\"https:\/\/www.gridmag.com.mx\/index.php\/2023\/03\/08\/pintaspandemicas-la-intervencion-del-espacio-publico-virtual\/\" data-type=\"post\" data-id=\"2982\">espacios p\u00fablicos<\/a>, reduciendo recorridos <strong>vivienda<\/strong>-trabajo, creando espacios educativos de calidad, etc.<\/p>\n\n\n\n<div class=\"wp-block-columns is-layout-flex wp-container-core-columns-is-layout-9d6595d7 wp-block-columns-is-layout-flex\">\n<div class=\"wp-block-column is-layout-flow wp-block-column-is-layout-flow\">\n<figure class=\"wp-block-image size-large\"><img decoding=\"async\" width=\"1024\" height=\"1024\" src=\"https:\/\/www.gridmag.com.mx\/wp-content\/uploads\/2022\/03\/1-7-1024x1024.jpg\" alt=\"\" class=\"wp-image-674\" srcset=\"https:\/\/www.gridmag.com.mx\/wp-content\/uploads\/2022\/03\/1-7-1024x1024.jpg 1024w, https:\/\/www.gridmag.com.mx\/wp-content\/uploads\/2022\/03\/1-7-300x300.jpg 300w, https:\/\/www.gridmag.com.mx\/wp-content\/uploads\/2022\/03\/1-7-150x150.jpg 150w, https:\/\/www.gridmag.com.mx\/wp-content\/uploads\/2022\/03\/1-7-768x768.jpg 768w, https:\/\/www.gridmag.com.mx\/wp-content\/uploads\/2022\/03\/1-7-120x120.jpg 120w, https:\/\/www.gridmag.com.mx\/wp-content\/uploads\/2022\/03\/1-7-240x240.jpg 240w, https:\/\/www.gridmag.com.mx\/wp-content\/uploads\/2022\/03\/1-7-360x360.jpg 360w, https:\/\/www.gridmag.com.mx\/wp-content\/uploads\/2022\/03\/1-7-540x540.jpg 540w, https:\/\/www.gridmag.com.mx\/wp-content\/uploads\/2022\/03\/1-7-720x720.jpg 720w, https:\/\/www.gridmag.com.mx\/wp-content\/uploads\/2022\/03\/1-7-770x770.jpg 770w, https:\/\/www.gridmag.com.mx\/wp-content\/uploads\/2022\/03\/1-7-125x125.jpg 125w, https:\/\/www.gridmag.com.mx\/wp-content\/uploads\/2022\/03\/1-7.jpg 1080w\" sizes=\"(max-width: 1024px) 100vw, 1024px\" \/><figcaption class=\"wp-element-caption\">Casa UC\/Arq. Daniela Bucio Sistos \/ Fotograf\u00eda por: Dane Alonso<\/figcaption><\/figure>\n<\/div>\n\n\n\n<div class=\"wp-block-column is-layout-flow wp-block-column-is-layout-flow\">\n<figure class=\"wp-block-image size-large\"><img decoding=\"async\" width=\"1024\" height=\"1024\" src=\"https:\/\/www.gridmag.com.mx\/wp-content\/uploads\/2022\/03\/2-7-1024x1024.jpg\" alt=\"Casa UC por la arquitecta Daniela Bucio Sistos\" class=\"wp-image-675\" srcset=\"https:\/\/www.gridmag.com.mx\/wp-content\/uploads\/2022\/03\/2-7-1024x1024.jpg 1024w, https:\/\/www.gridmag.com.mx\/wp-content\/uploads\/2022\/03\/2-7-300x300.jpg 300w, https:\/\/www.gridmag.com.mx\/wp-content\/uploads\/2022\/03\/2-7-150x150.jpg 150w, https:\/\/www.gridmag.com.mx\/wp-content\/uploads\/2022\/03\/2-7-768x768.jpg 768w, https:\/\/www.gridmag.com.mx\/wp-content\/uploads\/2022\/03\/2-7-120x120.jpg 120w, https:\/\/www.gridmag.com.mx\/wp-content\/uploads\/2022\/03\/2-7-240x240.jpg 240w, https:\/\/www.gridmag.com.mx\/wp-content\/uploads\/2022\/03\/2-7-360x360.jpg 360w, https:\/\/www.gridmag.com.mx\/wp-content\/uploads\/2022\/03\/2-7-540x540.jpg 540w, https:\/\/www.gridmag.com.mx\/wp-content\/uploads\/2022\/03\/2-7-720x720.jpg 720w, https:\/\/www.gridmag.com.mx\/wp-content\/uploads\/2022\/03\/2-7-770x770.jpg 770w, https:\/\/www.gridmag.com.mx\/wp-content\/uploads\/2022\/03\/2-7-125x125.jpg 125w, https:\/\/www.gridmag.com.mx\/wp-content\/uploads\/2022\/03\/2-7.jpg 1080w\" sizes=\"(max-width: 1024px) 100vw, 1024px\" \/><figcaption class=\"wp-element-caption\">Casa UC\/Arq. Daniela Bucio Sistos \/ Fotograf\u00eda por: Dane Alonso<\/figcaption><\/figure>\n<\/div>\n\n\n\n<div class=\"wp-block-column is-layout-flow wp-block-column-is-layout-flow\">\n<figure class=\"wp-block-image size-large\"><img decoding=\"async\" width=\"1024\" height=\"1024\" src=\"https:\/\/www.gridmag.com.mx\/wp-content\/uploads\/2022\/03\/3-6-1024x1024.jpg\" alt=\"Casa UC por la arquitecta Daniela Bucio Sistos\" class=\"wp-image-677\" srcset=\"https:\/\/www.gridmag.com.mx\/wp-content\/uploads\/2022\/03\/3-6-1024x1024.jpg 1024w, https:\/\/www.gridmag.com.mx\/wp-content\/uploads\/2022\/03\/3-6-300x300.jpg 300w, https:\/\/www.gridmag.com.mx\/wp-content\/uploads\/2022\/03\/3-6-150x150.jpg 150w, https:\/\/www.gridmag.com.mx\/wp-content\/uploads\/2022\/03\/3-6-768x768.jpg 768w, https:\/\/www.gridmag.com.mx\/wp-content\/uploads\/2022\/03\/3-6-120x120.jpg 120w, https:\/\/www.gridmag.com.mx\/wp-content\/uploads\/2022\/03\/3-6-240x240.jpg 240w, https:\/\/www.gridmag.com.mx\/wp-content\/uploads\/2022\/03\/3-6-360x360.jpg 360w, https:\/\/www.gridmag.com.mx\/wp-content\/uploads\/2022\/03\/3-6-540x540.jpg 540w, https:\/\/www.gridmag.com.mx\/wp-content\/uploads\/2022\/03\/3-6-720x720.jpg 720w, https:\/\/www.gridmag.com.mx\/wp-content\/uploads\/2022\/03\/3-6-770x770.jpg 770w, https:\/\/www.gridmag.com.mx\/wp-content\/uploads\/2022\/03\/3-6-125x125.jpg 125w, https:\/\/www.gridmag.com.mx\/wp-content\/uploads\/2022\/03\/3-6.jpg 1080w\" sizes=\"(max-width: 1024px) 100vw, 1024px\" \/><figcaption class=\"wp-element-caption\">Casa UC\/Arq. Daniela Bucio Sistos \/ Fotograf\u00eda por: Dane Alonso<\/figcaption><\/figure>\n<\/div>\n<\/div>\n\n\n\n<figure class=\"wp-block-image size-large is-resized\"><img decoding=\"async\" width=\"1024\" height=\"684\" src=\"https:\/\/www.gridmag.com.mx\/wp-content\/uploads\/2022\/03\/15-MARIANO-RENTERIA-LR-1024x684.jpg\" alt=\"Casa UC por la arquitecta Daniela Bucio Sistos\" class=\"wp-image-514\" style=\"width:770px;height:514px\" srcset=\"https:\/\/www.gridmag.com.mx\/wp-content\/uploads\/2022\/03\/15-MARIANO-RENTERIA-LR-1024x684.jpg 1024w, https:\/\/www.gridmag.com.mx\/wp-content\/uploads\/2022\/03\/15-MARIANO-RENTERIA-LR-300x200.jpg 300w, https:\/\/www.gridmag.com.mx\/wp-content\/uploads\/2022\/03\/15-MARIANO-RENTERIA-LR-768x513.jpg 768w, https:\/\/www.gridmag.com.mx\/wp-content\/uploads\/2022\/03\/15-MARIANO-RENTERIA-LR-1536x1026.jpg 1536w, https:\/\/www.gridmag.com.mx\/wp-content\/uploads\/2022\/03\/15-MARIANO-RENTERIA-LR-2048x1368.jpg 2048w, https:\/\/www.gridmag.com.mx\/wp-content\/uploads\/2022\/03\/15-MARIANO-RENTERIA-LR-360x240.jpg 360w, https:\/\/www.gridmag.com.mx\/wp-content\/uploads\/2022\/03\/15-MARIANO-RENTERIA-LR-720x480.jpg 720w, https:\/\/www.gridmag.com.mx\/wp-content\/uploads\/2022\/03\/15-MARIANO-RENTERIA-LR-770x514.jpg 770w, https:\/\/www.gridmag.com.mx\/wp-content\/uploads\/2022\/03\/15-MARIANO-RENTERIA-LR-1400x935.jpg 1400w\" sizes=\"(max-width: 1024px) 100vw, 1024px\" \/><figcaption class=\"wp-element-caption\">Casa UC\/Arq. Daniela Bucio Sistos \/ Fotograf\u00eda por: Mariano Renter\u00eda<\/figcaption><\/figure>\n\n\n\n<h3 class=\"wp-block-heading\"><strong>\u00bfCu\u00e1l consideras que es el papel de los arquitectos y dise\u00f1adores en la construcci\u00f3n de una comunidad equitativa y justa para todos?<\/strong><\/h3>\n\n\n\n<p>Creo que me regreso a mi primer respuesta, como arquitectos y dise\u00f1adores primero tenemos que responder a las necesidades del usuario o usuarios. Dialogar con los aspectos del suelo, clima, <a href=\"https:\/\/www.gridmag.com.mx\/index.php\/2023\/07\/21\/ciudad-y-cultura\/\" data-type=\"post\" data-id=\"4066\">cultura y sociedad<\/a> de cualquier sitio que intervengamos. Dejar un poco de lado el individualismo y \u00e9sta idea de una <strong>arquitectura<\/strong> superficial y meramente \u2018decorativa\u2019.<\/p>\n\n\n\n<h3 class=\"wp-block-heading\"><strong>\u00bfC\u00f3mo ha sido tu experiencia al ser mujer joven dentro tu profesi\u00f3n?<\/strong><\/h3>\n\n\n\n<p>No es ning\u00fan secreto el esfuerzo doble que las mujeres hacemos en cualquier \u00e1mbito laboral, sobretodo en los ambientes de trabajo como la arquitectura o <strong>construcci\u00f3n<\/strong>, integrados en su gran mayor\u00eda por hombres. Nos hemos acostumbrado a acoplarnos a ambientes masculinos; cambiar nuestra vestimenta, nuestra forma de hablar, crear un personaje. En mi caso ha sido un proceso de crear un equipo de trabajo en el cual conf\u00edo plenamente, se ha creado un v\u00ednculo muy estrecho de respeto, tanto en el taller de <strong>dise\u00f1o<\/strong> como en las obras. Espero realmente que llegue el momento en el que las <a href=\"https:\/\/www.gridmag.com.mx\/index.php\/2022\/03\/24\/las-mujeres-y-el-quehacer-arquitectonico\/\" data-type=\"post\" data-id=\"545\">mujeres<\/a> nos podamos desprender de estos personajes forzados para poder desenvolvernos libremente en nuestros ambientes laborales.<\/p>\n\n\n\n<div class=\"wp-block-columns is-layout-flex wp-container-core-columns-is-layout-9d6595d7 wp-block-columns-is-layout-flex\">\n<div class=\"wp-block-column is-layout-flow wp-block-column-is-layout-flow\">\n<figure class=\"wp-block-image size-large\"><img decoding=\"async\" width=\"1024\" height=\"1024\" src=\"https:\/\/www.gridmag.com.mx\/wp-content\/uploads\/2022\/03\/1-8-1024x1024.jpg\" alt=\"Casa Zirahu\u00e9n por la arquitecta Daniela Bucio Sistos\" class=\"wp-image-682\" srcset=\"https:\/\/www.gridmag.com.mx\/wp-content\/uploads\/2022\/03\/1-8-1024x1024.jpg 1024w, https:\/\/www.gridmag.com.mx\/wp-content\/uploads\/2022\/03\/1-8-300x300.jpg 300w, https:\/\/www.gridmag.com.mx\/wp-content\/uploads\/2022\/03\/1-8-150x150.jpg 150w, https:\/\/www.gridmag.com.mx\/wp-content\/uploads\/2022\/03\/1-8-768x768.jpg 768w, https:\/\/www.gridmag.com.mx\/wp-content\/uploads\/2022\/03\/1-8-120x120.jpg 120w, https:\/\/www.gridmag.com.mx\/wp-content\/uploads\/2022\/03\/1-8-240x240.jpg 240w, https:\/\/www.gridmag.com.mx\/wp-content\/uploads\/2022\/03\/1-8-360x360.jpg 360w, https:\/\/www.gridmag.com.mx\/wp-content\/uploads\/2022\/03\/1-8-540x540.jpg 540w, https:\/\/www.gridmag.com.mx\/wp-content\/uploads\/2022\/03\/1-8-720x720.jpg 720w, https:\/\/www.gridmag.com.mx\/wp-content\/uploads\/2022\/03\/1-8-770x770.jpg 770w, https:\/\/www.gridmag.com.mx\/wp-content\/uploads\/2022\/03\/1-8-125x125.jpg 125w, https:\/\/www.gridmag.com.mx\/wp-content\/uploads\/2022\/03\/1-8.jpg 1080w\" sizes=\"(max-width: 1024px) 100vw, 1024px\" \/><figcaption class=\"wp-element-caption\">Casa Zirahu\u00e9n\/Arq. Daniela Bucio Sistos \/ Fotograf\u00eda por: Mariano Renter\u00eda<\/figcaption><\/figure>\n<\/div>\n\n\n\n<div class=\"wp-block-column is-layout-flow wp-block-column-is-layout-flow\">\n<figure class=\"wp-block-image size-large\"><img decoding=\"async\" width=\"1024\" height=\"1024\" src=\"https:\/\/www.gridmag.com.mx\/wp-content\/uploads\/2022\/03\/2-8-1024x1024.jpg\" alt=\"Casa Zirahu\u00e9n por la arquitecta Daniela Bucio Sistos\" class=\"wp-image-683\" srcset=\"https:\/\/www.gridmag.com.mx\/wp-content\/uploads\/2022\/03\/2-8-1024x1024.jpg 1024w, https:\/\/www.gridmag.com.mx\/wp-content\/uploads\/2022\/03\/2-8-300x300.jpg 300w, https:\/\/www.gridmag.com.mx\/wp-content\/uploads\/2022\/03\/2-8-150x150.jpg 150w, https:\/\/www.gridmag.com.mx\/wp-content\/uploads\/2022\/03\/2-8-768x768.jpg 768w, https:\/\/www.gridmag.com.mx\/wp-content\/uploads\/2022\/03\/2-8-120x120.jpg 120w, https:\/\/www.gridmag.com.mx\/wp-content\/uploads\/2022\/03\/2-8-240x240.jpg 240w, https:\/\/www.gridmag.com.mx\/wp-content\/uploads\/2022\/03\/2-8-360x360.jpg 360w, https:\/\/www.gridmag.com.mx\/wp-content\/uploads\/2022\/03\/2-8-540x540.jpg 540w, https:\/\/www.gridmag.com.mx\/wp-content\/uploads\/2022\/03\/2-8-720x720.jpg 720w, https:\/\/www.gridmag.com.mx\/wp-content\/uploads\/2022\/03\/2-8-770x770.jpg 770w, https:\/\/www.gridmag.com.mx\/wp-content\/uploads\/2022\/03\/2-8-125x125.jpg 125w, https:\/\/www.gridmag.com.mx\/wp-content\/uploads\/2022\/03\/2-8.jpg 1080w\" sizes=\"(max-width: 1024px) 100vw, 1024px\" \/><figcaption class=\"wp-element-caption\">Casa Zirahu\u00e9n\/Arq. Daniela Bucio Sistos \/ Fotograf\u00eda por: Mariano Renter\u00eda<\/figcaption><\/figure>\n<\/div>\n\n\n\n<div class=\"wp-block-column is-layout-flow wp-block-column-is-layout-flow\">\n<figure class=\"wp-block-image size-large\"><img decoding=\"async\" width=\"1024\" height=\"1024\" src=\"https:\/\/www.gridmag.com.mx\/wp-content\/uploads\/2022\/03\/3-7-1024x1024.jpg\" alt=\"Casa Zirahu\u00e9n por la arquitecta Daniela Bucio Sistos\" class=\"wp-image-684\" srcset=\"https:\/\/www.gridmag.com.mx\/wp-content\/uploads\/2022\/03\/3-7-1024x1024.jpg 1024w, https:\/\/www.gridmag.com.mx\/wp-content\/uploads\/2022\/03\/3-7-300x300.jpg 300w, https:\/\/www.gridmag.com.mx\/wp-content\/uploads\/2022\/03\/3-7-150x150.jpg 150w, https:\/\/www.gridmag.com.mx\/wp-content\/uploads\/2022\/03\/3-7-768x768.jpg 768w, https:\/\/www.gridmag.com.mx\/wp-content\/uploads\/2022\/03\/3-7-120x120.jpg 120w, https:\/\/www.gridmag.com.mx\/wp-content\/uploads\/2022\/03\/3-7-240x240.jpg 240w, https:\/\/www.gridmag.com.mx\/wp-content\/uploads\/2022\/03\/3-7-360x360.jpg 360w, https:\/\/www.gridmag.com.mx\/wp-content\/uploads\/2022\/03\/3-7-540x540.jpg 540w, https:\/\/www.gridmag.com.mx\/wp-content\/uploads\/2022\/03\/3-7-720x720.jpg 720w, https:\/\/www.gridmag.com.mx\/wp-content\/uploads\/2022\/03\/3-7-770x770.jpg 770w, https:\/\/www.gridmag.com.mx\/wp-content\/uploads\/2022\/03\/3-7-125x125.jpg 125w, https:\/\/www.gridmag.com.mx\/wp-content\/uploads\/2022\/03\/3-7.jpg 1080w\" sizes=\"(max-width: 1024px) 100vw, 1024px\" \/><figcaption class=\"wp-element-caption\">Casa Zirahu\u00e9n\/Arq. Daniela Bucio Sistos \/ Fotograf\u00eda por: Mariano Renter\u00eda<\/figcaption><\/figure>\n<\/div>\n<\/div>\n\n\n\n<h3 class=\"wp-block-heading\"><strong>\u00bfC\u00f3mo podemos fomentar una cultura con oportunidades equitativas para ambos sexos dentro de nuestra profesi\u00f3n?<\/strong><\/h3>\n\n\n\n<p>A\u00fan nos falta mucho por recorrer. Vivimos en la \u00e9poca de la visibilizaci\u00f3n y de la lucha por apenas empezar a reconstruir nuestras formas de pensar c\u00f3mo<strong> sociedad<\/strong>. Fomentar una cultura con oportunidades equitativas en cualquier \u00e1mbito creo que empieza por crear ambientes educativos conscientes y sensibles tanto en casa como en las escuelas.<\/p>\n\n\n\n<div class=\"wp-block-columns is-layout-flex wp-container-core-columns-is-layout-9d6595d7 wp-block-columns-is-layout-flex\">\n<div class=\"wp-block-column is-layout-flow wp-block-column-is-layout-flow\">\n<figure class=\"wp-block-image size-large\"><img decoding=\"async\" width=\"1024\" height=\"1024\" src=\"https:\/\/www.gridmag.com.mx\/wp-content\/uploads\/2022\/03\/1-9-1024x1024.jpg\" alt=\"\" class=\"wp-image-685\" srcset=\"https:\/\/www.gridmag.com.mx\/wp-content\/uploads\/2022\/03\/1-9-1024x1024.jpg 1024w, https:\/\/www.gridmag.com.mx\/wp-content\/uploads\/2022\/03\/1-9-300x300.jpg 300w, https:\/\/www.gridmag.com.mx\/wp-content\/uploads\/2022\/03\/1-9-150x150.jpg 150w, https:\/\/www.gridmag.com.mx\/wp-content\/uploads\/2022\/03\/1-9-768x768.jpg 768w, https:\/\/www.gridmag.com.mx\/wp-content\/uploads\/2022\/03\/1-9-120x120.jpg 120w, https:\/\/www.gridmag.com.mx\/wp-content\/uploads\/2022\/03\/1-9-240x240.jpg 240w, https:\/\/www.gridmag.com.mx\/wp-content\/uploads\/2022\/03\/1-9-360x360.jpg 360w, https:\/\/www.gridmag.com.mx\/wp-content\/uploads\/2022\/03\/1-9-540x540.jpg 540w, https:\/\/www.gridmag.com.mx\/wp-content\/uploads\/2022\/03\/1-9-720x720.jpg 720w, https:\/\/www.gridmag.com.mx\/wp-content\/uploads\/2022\/03\/1-9-770x770.jpg 770w, https:\/\/www.gridmag.com.mx\/wp-content\/uploads\/2022\/03\/1-9-125x125.jpg 125w, https:\/\/www.gridmag.com.mx\/wp-content\/uploads\/2022\/03\/1-9.jpg 1080w\" sizes=\"(max-width: 1024px) 100vw, 1024px\" \/><figcaption class=\"wp-element-caption\">Casa Zirahu\u00e9n\/Arq. Daniela Bucio Sistos \/ Fotograf\u00eda por: Dane Alonso<\/figcaption><\/figure>\n<\/div>\n\n\n\n<div class=\"wp-block-column is-layout-flow wp-block-column-is-layout-flow\">\n<figure class=\"wp-block-image size-large\"><img decoding=\"async\" width=\"1024\" height=\"1024\" src=\"https:\/\/www.gridmag.com.mx\/wp-content\/uploads\/2022\/03\/2-9-1024x1024.jpg\" alt=\"\" class=\"wp-image-686\" srcset=\"https:\/\/www.gridmag.com.mx\/wp-content\/uploads\/2022\/03\/2-9-1024x1024.jpg 1024w, https:\/\/www.gridmag.com.mx\/wp-content\/uploads\/2022\/03\/2-9-300x300.jpg 300w, https:\/\/www.gridmag.com.mx\/wp-content\/uploads\/2022\/03\/2-9-150x150.jpg 150w, https:\/\/www.gridmag.com.mx\/wp-content\/uploads\/2022\/03\/2-9-768x768.jpg 768w, https:\/\/www.gridmag.com.mx\/wp-content\/uploads\/2022\/03\/2-9-120x120.jpg 120w, https:\/\/www.gridmag.com.mx\/wp-content\/uploads\/2022\/03\/2-9-240x240.jpg 240w, https:\/\/www.gridmag.com.mx\/wp-content\/uploads\/2022\/03\/2-9-360x360.jpg 360w, https:\/\/www.gridmag.com.mx\/wp-content\/uploads\/2022\/03\/2-9-540x540.jpg 540w, https:\/\/www.gridmag.com.mx\/wp-content\/uploads\/2022\/03\/2-9-720x720.jpg 720w, https:\/\/www.gridmag.com.mx\/wp-content\/uploads\/2022\/03\/2-9-770x770.jpg 770w, https:\/\/www.gridmag.com.mx\/wp-content\/uploads\/2022\/03\/2-9-125x125.jpg 125w, https:\/\/www.gridmag.com.mx\/wp-content\/uploads\/2022\/03\/2-9.jpg 1080w\" sizes=\"(max-width: 1024px) 100vw, 1024px\" \/><figcaption class=\"wp-element-caption\">Casa Zirahu\u00e9n\/Arq. Daniela Bucio Sistos \/ Fotograf\u00eda por: Dane Alonso<\/figcaption><\/figure>\n<\/div>\n\n\n\n<div class=\"wp-block-column is-layout-flow wp-block-column-is-layout-flow\">\n<figure class=\"wp-block-image size-large\"><img decoding=\"async\" width=\"1024\" height=\"1024\" src=\"https:\/\/www.gridmag.com.mx\/wp-content\/uploads\/2022\/03\/3-8-1024x1024.jpg\" alt=\"\" class=\"wp-image-687\" srcset=\"https:\/\/www.gridmag.com.mx\/wp-content\/uploads\/2022\/03\/3-8-1024x1024.jpg 1024w, https:\/\/www.gridmag.com.mx\/wp-content\/uploads\/2022\/03\/3-8-300x300.jpg 300w, https:\/\/www.gridmag.com.mx\/wp-content\/uploads\/2022\/03\/3-8-150x150.jpg 150w, https:\/\/www.gridmag.com.mx\/wp-content\/uploads\/2022\/03\/3-8-768x768.jpg 768w, https:\/\/www.gridmag.com.mx\/wp-content\/uploads\/2022\/03\/3-8-120x120.jpg 120w, https:\/\/www.gridmag.com.mx\/wp-content\/uploads\/2022\/03\/3-8-240x240.jpg 240w, https:\/\/www.gridmag.com.mx\/wp-content\/uploads\/2022\/03\/3-8-360x360.jpg 360w, https:\/\/www.gridmag.com.mx\/wp-content\/uploads\/2022\/03\/3-8-540x540.jpg 540w, https:\/\/www.gridmag.com.mx\/wp-content\/uploads\/2022\/03\/3-8-720x720.jpg 720w, https:\/\/www.gridmag.com.mx\/wp-content\/uploads\/2022\/03\/3-8-770x770.jpg 770w, https:\/\/www.gridmag.com.mx\/wp-content\/uploads\/2022\/03\/3-8-125x125.jpg 125w, https:\/\/www.gridmag.com.mx\/wp-content\/uploads\/2022\/03\/3-8.jpg 1080w\" sizes=\"(max-width: 1024px) 100vw, 1024px\" \/><figcaption class=\"wp-element-caption\">Casa Zirahu\u00e9n\/Arq. Daniela Bucio Sistos \/ Fotograf\u00eda por: Dane Alonso<\/figcaption><\/figure>\n<\/div>\n<\/div>\n\n\n\n<h3 class=\"wp-block-heading\"><strong>Tu arquitectura demuestra una alta sensibilidad ante el usuario y el entorno, \u00bfC\u00f3mo logras conectar con estos dos factores?<\/strong><\/h3>\n\n\n\n<p>Creo que siempre he tenido presente la idea de crear una arquitectura que sea una extensi\u00f3n de su entorno, de los elementos naturales que la acompa\u00f1an. Para m\u00ed es fundamental entender y tener presente que el contacto directo con la <strong>naturaleza<\/strong> sensibiliza. Analizar el sitio es muy importante en mi proceso, tomarme un momento para pensar en una paleta de <a href=\"https:\/\/www.gridmag.com.mx\/index.php\/2023\/07\/12\/montserrat-pina-benetts-color-material-y-luz\/\" data-type=\"post\" data-id=\"4005\">color y material<\/a> que no le haga ruido visual, emocional ni espacial a la imagen <strong>urbana<\/strong> ni al usuario.<\/p>\n\n\n\n<h3 class=\"wp-block-heading\"><strong>Es importante que los espacios sean honestos en su materialidad y a sus ra\u00edces, algo que es muy claro tu obra. \u00bfLlevas alg\u00fan proceso de investigaci\u00f3n previo para llegar a estos resultados?<\/strong><\/h3>\n\n\n\n<p>Siempre he pensado que para construirnos hay que entendernos y conocer nuestra historia, regionalizar el <strong>proyecto<\/strong> en donde quiera que est\u00e9. En mi caso siempre recurro a los <strong>espacios<\/strong> de arquitectura vern\u00e1cula, a su calidez y calidad espacial. Creo que todo se resume a la sabidur\u00eda de los ind\u00edgenas y su respeto por la materia prima y <strong>recursos naturales<\/strong>, a venerar la luz natural y la tierra. Para m\u00ed es muy importarte regresar un poco e intentar entender estos procesos ancestrales para replantearme decisiones e intentar reproducirlas en mis proyectos.<\/p>\n\n\n\n<figure class=\"wp-block-image size-large\"><img decoding=\"async\" width=\"1024\" height=\"536\" src=\"https:\/\/www.gridmag.com.mx\/wp-content\/uploads\/2022\/03\/Diseno-sin-titulo-5-1024x536.jpg\" alt=\"\" class=\"wp-image-516\" srcset=\"https:\/\/www.gridmag.com.mx\/wp-content\/uploads\/2022\/03\/Diseno-sin-titulo-5-1024x536.jpg 1024w, https:\/\/www.gridmag.com.mx\/wp-content\/uploads\/2022\/03\/Diseno-sin-titulo-5-300x157.jpg 300w, https:\/\/www.gridmag.com.mx\/wp-content\/uploads\/2022\/03\/Diseno-sin-titulo-5-768x402.jpg 768w, https:\/\/www.gridmag.com.mx\/wp-content\/uploads\/2022\/03\/Diseno-sin-titulo-5-770x403.jpg 770w, https:\/\/www.gridmag.com.mx\/wp-content\/uploads\/2022\/03\/Diseno-sin-titulo-5.jpg 1200w\" sizes=\"(max-width: 1024px) 100vw, 1024px\" \/><figcaption class=\"wp-element-caption\">Santomate\/Arq. Daniela Bucio Sistos \/ Fotograf\u00eda por: Dane Alonso<\/figcaption><\/figure>\n\n\n\n<h3 class=\"wp-block-heading\"><strong>La luz natural y vegetaci\u00f3n son elementos poderosos para dar vida aun espacio \u00bfC\u00f3mo los empleas dentro de tu proyecto y que otros recursos como estos utilizas.<\/strong><\/h3>\n\n\n\n<p>Siempre veo mis proyectos como una especie de historia o recorrido narrado, los elementos naturales como la luz natural, las sombras generadas por el follaje de un \u00e1rbol, o el sonido de una fuente, son parte importante de la historia que quiero que viva el <strong>usuario<\/strong>. Todos estos elementos crean mis proyectos, creo que al final es lo que recordamos de los espacios; los <strong>ambientes<\/strong>, sonidos, sensaciones u olores. Son tan importantes como los muros que soportan las cubiertas.<\/p>\n\n\n\n<h3 class=\"wp-block-heading\"><strong>\u00bfQu\u00e9 consejo le dar\u00edas a los arquitectos y dise\u00f1adores j\u00f3venes que est\u00e1n iniciando en el mundo del dise\u00f1o?<\/strong><\/h3>\n\n\n\n<p>El consejo que les dar\u00eda ser\u00eda el de implementar la reflexi\u00f3n y an\u00e1lisis en cualquier proyecto. Entender primero la <strong>necesidad<\/strong> del sitio o usuario antes de la necesidad que tenemos por crear productos \u2018est\u00e9ticos\u2019, alejarse del oculocentrismo y buscar sensibilizar al usuario.&nbsp;<\/p>\n\n\n\n<div class=\"wp-block-columns is-layout-flex wp-container-core-columns-is-layout-9d6595d7 wp-block-columns-is-layout-flex\">\n<div class=\"wp-block-column is-layout-flow wp-block-column-is-layout-flow\">\n<figure class=\"wp-block-image size-large\"><img decoding=\"async\" width=\"1024\" height=\"1024\" src=\"https:\/\/www.gridmag.com.mx\/wp-content\/uploads\/2022\/03\/1-10-1024x1024.jpg\" alt=\"\" class=\"wp-image-689\" srcset=\"https:\/\/www.gridmag.com.mx\/wp-content\/uploads\/2022\/03\/1-10-1024x1024.jpg 1024w, https:\/\/www.gridmag.com.mx\/wp-content\/uploads\/2022\/03\/1-10-300x300.jpg 300w, https:\/\/www.gridmag.com.mx\/wp-content\/uploads\/2022\/03\/1-10-150x150.jpg 150w, https:\/\/www.gridmag.com.mx\/wp-content\/uploads\/2022\/03\/1-10-768x768.jpg 768w, https:\/\/www.gridmag.com.mx\/wp-content\/uploads\/2022\/03\/1-10-120x120.jpg 120w, https:\/\/www.gridmag.com.mx\/wp-content\/uploads\/2022\/03\/1-10-240x240.jpg 240w, https:\/\/www.gridmag.com.mx\/wp-content\/uploads\/2022\/03\/1-10-360x360.jpg 360w, https:\/\/www.gridmag.com.mx\/wp-content\/uploads\/2022\/03\/1-10-540x540.jpg 540w, https:\/\/www.gridmag.com.mx\/wp-content\/uploads\/2022\/03\/1-10-720x720.jpg 720w, https:\/\/www.gridmag.com.mx\/wp-content\/uploads\/2022\/03\/1-10-770x770.jpg 770w, https:\/\/www.gridmag.com.mx\/wp-content\/uploads\/2022\/03\/1-10-125x125.jpg 125w, https:\/\/www.gridmag.com.mx\/wp-content\/uploads\/2022\/03\/1-10.jpg 1080w\" sizes=\"(max-width: 1024px) 100vw, 1024px\" \/><figcaption class=\"wp-element-caption\">Santomate\/Arq. Daniela Bucio Sistos \/ Fotograf\u00eda por: Dane Alonso<\/figcaption><\/figure>\n<\/div>\n\n\n\n<div class=\"wp-block-column is-layout-flow wp-block-column-is-layout-flow\">\n<figure class=\"wp-block-image size-large\"><img decoding=\"async\" width=\"1024\" height=\"1024\" src=\"https:\/\/www.gridmag.com.mx\/wp-content\/uploads\/2022\/03\/2-10-1024x1024.jpg\" alt=\"\" class=\"wp-image-690\" srcset=\"https:\/\/www.gridmag.com.mx\/wp-content\/uploads\/2022\/03\/2-10-1024x1024.jpg 1024w, https:\/\/www.gridmag.com.mx\/wp-content\/uploads\/2022\/03\/2-10-300x300.jpg 300w, https:\/\/www.gridmag.com.mx\/wp-content\/uploads\/2022\/03\/2-10-150x150.jpg 150w, https:\/\/www.gridmag.com.mx\/wp-content\/uploads\/2022\/03\/2-10-768x768.jpg 768w, https:\/\/www.gridmag.com.mx\/wp-content\/uploads\/2022\/03\/2-10-120x120.jpg 120w, https:\/\/www.gridmag.com.mx\/wp-content\/uploads\/2022\/03\/2-10-240x240.jpg 240w, https:\/\/www.gridmag.com.mx\/wp-content\/uploads\/2022\/03\/2-10-360x360.jpg 360w, https:\/\/www.gridmag.com.mx\/wp-content\/uploads\/2022\/03\/2-10-540x540.jpg 540w, https:\/\/www.gridmag.com.mx\/wp-content\/uploads\/2022\/03\/2-10-720x720.jpg 720w, https:\/\/www.gridmag.com.mx\/wp-content\/uploads\/2022\/03\/2-10-770x770.jpg 770w, https:\/\/www.gridmag.com.mx\/wp-content\/uploads\/2022\/03\/2-10-125x125.jpg 125w, https:\/\/www.gridmag.com.mx\/wp-content\/uploads\/2022\/03\/2-10.jpg 1080w\" sizes=\"(max-width: 1024px) 100vw, 1024px\" \/><figcaption class=\"wp-element-caption\">Santomate\/Arq. Daniela Bucio Sistos \/ Fotograf\u00eda por: Dane Alonso<\/figcaption><\/figure>\n<\/div>\n\n\n\n<div class=\"wp-block-column is-layout-flow wp-block-column-is-layout-flow\">\n<figure class=\"wp-block-image size-large\"><img decoding=\"async\" width=\"1024\" height=\"1024\" src=\"https:\/\/www.gridmag.com.mx\/wp-content\/uploads\/2022\/03\/3-9-1024x1024.jpg\" alt=\"\" class=\"wp-image-691\" srcset=\"https:\/\/www.gridmag.com.mx\/wp-content\/uploads\/2022\/03\/3-9-1024x1024.jpg 1024w, https:\/\/www.gridmag.com.mx\/wp-content\/uploads\/2022\/03\/3-9-300x300.jpg 300w, https:\/\/www.gridmag.com.mx\/wp-content\/uploads\/2022\/03\/3-9-150x150.jpg 150w, https:\/\/www.gridmag.com.mx\/wp-content\/uploads\/2022\/03\/3-9-768x768.jpg 768w, https:\/\/www.gridmag.com.mx\/wp-content\/uploads\/2022\/03\/3-9-120x120.jpg 120w, https:\/\/www.gridmag.com.mx\/wp-content\/uploads\/2022\/03\/3-9-240x240.jpg 240w, https:\/\/www.gridmag.com.mx\/wp-content\/uploads\/2022\/03\/3-9-360x360.jpg 360w, https:\/\/www.gridmag.com.mx\/wp-content\/uploads\/2022\/03\/3-9-540x540.jpg 540w, https:\/\/www.gridmag.com.mx\/wp-content\/uploads\/2022\/03\/3-9-720x720.jpg 720w, https:\/\/www.gridmag.com.mx\/wp-content\/uploads\/2022\/03\/3-9-770x770.jpg 770w, https:\/\/www.gridmag.com.mx\/wp-content\/uploads\/2022\/03\/3-9-125x125.jpg 125w, https:\/\/www.gridmag.com.mx\/wp-content\/uploads\/2022\/03\/3-9.jpg 1080w\" sizes=\"(max-width: 1024px) 100vw, 1024px\" \/><figcaption class=\"wp-element-caption\">Santomate\/Arq. Daniela Bucio Sistos \/ Fotograf\u00eda por: Dane Alonso<\/figcaption><\/figure>\n<\/div>\n<\/div>\n\n\n\n<div class=\"wp-block-columns is-layout-flex wp-container-core-columns-is-layout-9d6595d7 wp-block-columns-is-layout-flex\">\n<div class=\"wp-block-column is-layout-flow wp-block-column-is-layout-flow\">\n<figure class=\"wp-block-image size-large\"><img decoding=\"async\" width=\"1024\" height=\"1024\" src=\"https:\/\/www.gridmag.com.mx\/wp-content\/uploads\/2022\/03\/4-6-1024x1024.jpg\" alt=\"\" class=\"wp-image-692\" srcset=\"https:\/\/www.gridmag.com.mx\/wp-content\/uploads\/2022\/03\/4-6-1024x1024.jpg 1024w, https:\/\/www.gridmag.com.mx\/wp-content\/uploads\/2022\/03\/4-6-300x300.jpg 300w, https:\/\/www.gridmag.com.mx\/wp-content\/uploads\/2022\/03\/4-6-150x150.jpg 150w, https:\/\/www.gridmag.com.mx\/wp-content\/uploads\/2022\/03\/4-6-768x768.jpg 768w, https:\/\/www.gridmag.com.mx\/wp-content\/uploads\/2022\/03\/4-6-120x120.jpg 120w, https:\/\/www.gridmag.com.mx\/wp-content\/uploads\/2022\/03\/4-6-240x240.jpg 240w, https:\/\/www.gridmag.com.mx\/wp-content\/uploads\/2022\/03\/4-6-360x360.jpg 360w, https:\/\/www.gridmag.com.mx\/wp-content\/uploads\/2022\/03\/4-6-540x540.jpg 540w, https:\/\/www.gridmag.com.mx\/wp-content\/uploads\/2022\/03\/4-6-720x720.jpg 720w, https:\/\/www.gridmag.com.mx\/wp-content\/uploads\/2022\/03\/4-6-770x770.jpg 770w, https:\/\/www.gridmag.com.mx\/wp-content\/uploads\/2022\/03\/4-6-125x125.jpg 125w, https:\/\/www.gridmag.com.mx\/wp-content\/uploads\/2022\/03\/4-6.jpg 1080w\" sizes=\"(max-width: 1024px) 100vw, 1024px\" \/><figcaption class=\"wp-element-caption\">Santomate\/Arq. Daniela Bucio Sistos \/ Fotograf\u00eda por: Dane Alonso<\/figcaption><\/figure>\n<\/div>\n\n\n\n<div class=\"wp-block-column is-layout-flow wp-block-column-is-layout-flow\">\n<figure class=\"wp-block-image size-large\"><img decoding=\"async\" width=\"1024\" height=\"1024\" src=\"https:\/\/www.gridmag.com.mx\/wp-content\/uploads\/2022\/03\/5-5-1024x1024.jpg\" alt=\" Santomate dise\u00f1o de arquitecta Daniela Bucio Sistos\" class=\"wp-image-693\" srcset=\"https:\/\/www.gridmag.com.mx\/wp-content\/uploads\/2022\/03\/5-5-1024x1024.jpg 1024w, https:\/\/www.gridmag.com.mx\/wp-content\/uploads\/2022\/03\/5-5-300x300.jpg 300w, https:\/\/www.gridmag.com.mx\/wp-content\/uploads\/2022\/03\/5-5-150x150.jpg 150w, https:\/\/www.gridmag.com.mx\/wp-content\/uploads\/2022\/03\/5-5-768x768.jpg 768w, https:\/\/www.gridmag.com.mx\/wp-content\/uploads\/2022\/03\/5-5-120x120.jpg 120w, https:\/\/www.gridmag.com.mx\/wp-content\/uploads\/2022\/03\/5-5-240x240.jpg 240w, https:\/\/www.gridmag.com.mx\/wp-content\/uploads\/2022\/03\/5-5-360x360.jpg 360w, https:\/\/www.gridmag.com.mx\/wp-content\/uploads\/2022\/03\/5-5-540x540.jpg 540w, https:\/\/www.gridmag.com.mx\/wp-content\/uploads\/2022\/03\/5-5-720x720.jpg 720w, https:\/\/www.gridmag.com.mx\/wp-content\/uploads\/2022\/03\/5-5-770x770.jpg 770w, https:\/\/www.gridmag.com.mx\/wp-content\/uploads\/2022\/03\/5-5-125x125.jpg 125w, https:\/\/www.gridmag.com.mx\/wp-content\/uploads\/2022\/03\/5-5.jpg 1080w\" sizes=\"(max-width: 1024px) 100vw, 1024px\" \/><figcaption class=\"wp-element-caption\">Santomate\/Arq. Daniela Bucio Sistos \/ Fotograf\u00eda por: Dane Alonso<\/figcaption><\/figure>\n<\/div>\n<\/div>\n","protected":false},"excerpt":{"rendered":"<p>Daniela Bucio Sistos es una joven arquitecta Mexicana que logra crear espacios con identidad y pertenencia. Gracias a su sensibilidad ante la comunidad y hac\u00eda el entorno, sus obras satisfacen las necesidades del usuario mientras lo permiten desarrollarse de manera org\u00e1nica. Generando proyectos visualmente atractivos, frescos y din\u00e1micos, permaneciendo siempre respetuosa ante sus ra\u00edces mexicanas. Daniela conjuga la reflexi\u00f3n y la materialidad dentro de paredes que cobran vida gracias al uso adecuado de recursos naturales, luz y vegetaci\u00f3n; en donde [&hellip;]<\/p>\n","protected":false},"author":4,"featured_media":513,"comment_status":"open","ping_status":"open","sticky":false,"template":"","format":"standard","meta":{"footnotes":""},"categories":[49,55],"tags":[],"class_list":["post-512","post","type-post","status-publish","format-standard","has-post-thumbnail","hentry","category-arquitectura","category-creativos"],"yoast_head":"<!-- This site is optimized with the Yoast SEO plugin v27.0 - https:\/\/yoast.com\/product\/yoast-seo-wordpress\/ -->\n<title>Daniela Bucio Sistos Arquitecta | Dise\u00f1ando Espacios<\/title>\n<meta name=\"description\" content=\"Descubre el enfoque distintivo de Daniela Bucio Sistos, una joven arquitecta mexicana, que dise\u00f1a espacios con identidad y pertenencia.\" \/>\n<meta name=\"robots\" content=\"index, follow, max-snippet:-1, max-image-preview:large, max-video-preview:-1\" \/>\n<link rel=\"canonical\" href=\"https:\/\/www.gridmag.com.mx\/index.php\/2022\/03\/24\/disenando-espacios-vivos-la-arquitectura-de-daniela-bucio-sistos\/\" \/>\n<meta property=\"og:locale\" content=\"es_MX\" \/>\n<meta property=\"og:type\" content=\"article\" \/>\n<meta property=\"og:title\" content=\"Daniela Bucio Sistos Arquitecta | Dise\u00f1ando Espacios\" \/>\n<meta property=\"og:description\" content=\"Descubre el enfoque distintivo de Daniela Bucio Sistos, una joven arquitecta mexicana, que dise\u00f1a espacios con identidad y pertenencia.\" \/>\n<meta property=\"og:url\" content=\"https:\/\/www.gridmag.com.mx\/index.php\/2022\/03\/24\/disenando-espacios-vivos-la-arquitectura-de-daniela-bucio-sistos\/\" \/>\n<meta property=\"og:site_name\" content=\"Grid Magazine\" \/>\n<meta property=\"article:publisher\" content=\"https:\/\/www.facebook.com\/gridmagazine.mx\" \/>\n<meta property=\"article:published_time\" content=\"2022-03-25T04:16:15+00:00\" \/>\n<meta property=\"article:modified_time\" content=\"2023-10-31T22:14:31+00:00\" \/>\n<meta property=\"og:image\" content=\"https:\/\/www.gridmag.com.mx\/wp-content\/uploads\/2022\/03\/3DANE-ALONSO-LR-scaled.jpg\" \/>\n\t<meta property=\"og:image:width\" content=\"2557\" \/>\n\t<meta property=\"og:image:height\" content=\"2560\" \/>\n\t<meta property=\"og:image:type\" content=\"image\/jpeg\" \/>\n<meta name=\"author\" content=\"Lourdes Nieva\" \/>\n<meta name=\"twitter:card\" content=\"summary_large_image\" \/>\n<meta name=\"twitter:label1\" content=\"Escrito por\" \/>\n\t<meta name=\"twitter:data1\" content=\"Lourdes Nieva\" \/>\n\t<meta name=\"twitter:label2\" content=\"Tiempo de lectura\" \/>\n\t<meta name=\"twitter:data2\" content=\"9 minutos\" \/>\n<script type=\"application\/ld+json\" class=\"yoast-schema-graph\">{\"@context\":\"https:\/\/schema.org\",\"@graph\":[{\"@type\":\"Article\",\"@id\":\"https:\/\/www.gridmag.com.mx\/index.php\/2022\/03\/24\/disenando-espacios-vivos-la-arquitectura-de-daniela-bucio-sistos\/#article\",\"isPartOf\":{\"@id\":\"https:\/\/www.gridmag.com.mx\/index.php\/2022\/03\/24\/disenando-espacios-vivos-la-arquitectura-de-daniela-bucio-sistos\/\"},\"author\":{\"name\":\"Lourdes Nieva\",\"@id\":\"https:\/\/www.gridmag.com.mx\/#\/schema\/person\/f0042b1798408ad98e47e95b315e7d36\"},\"headline\":\"Dise\u00f1ando espacios vivos | La arquitectura de Daniela Bucio Sistos\",\"datePublished\":\"2022-03-25T04:16:15+00:00\",\"dateModified\":\"2023-10-31T22:14:31+00:00\",\"mainEntityOfPage\":{\"@id\":\"https:\/\/www.gridmag.com.mx\/index.php\/2022\/03\/24\/disenando-espacios-vivos-la-arquitectura-de-daniela-bucio-sistos\/\"},\"wordCount\":1165,\"commentCount\":0,\"publisher\":{\"@id\":\"https:\/\/www.gridmag.com.mx\/#organization\"},\"image\":{\"@id\":\"https:\/\/www.gridmag.com.mx\/index.php\/2022\/03\/24\/disenando-espacios-vivos-la-arquitectura-de-daniela-bucio-sistos\/#primaryimage\"},\"thumbnailUrl\":\"https:\/\/www.gridmag.com.mx\/wp-content\/uploads\/2022\/03\/3DANE-ALONSO-LR.jpg\",\"articleSection\":[\"Arquitectura\",\"Creativos\"],\"inLanguage\":\"es\",\"potentialAction\":[{\"@type\":\"CommentAction\",\"name\":\"Comment\",\"target\":[\"https:\/\/www.gridmag.com.mx\/index.php\/2022\/03\/24\/disenando-espacios-vivos-la-arquitectura-de-daniela-bucio-sistos\/#respond\"]}]},{\"@type\":\"WebPage\",\"@id\":\"https:\/\/www.gridmag.com.mx\/index.php\/2022\/03\/24\/disenando-espacios-vivos-la-arquitectura-de-daniela-bucio-sistos\/\",\"url\":\"https:\/\/www.gridmag.com.mx\/index.php\/2022\/03\/24\/disenando-espacios-vivos-la-arquitectura-de-daniela-bucio-sistos\/\",\"name\":\"Daniela Bucio Sistos Arquitecta | Dise\u00f1ando Espacios\",\"isPartOf\":{\"@id\":\"https:\/\/www.gridmag.com.mx\/#website\"},\"primaryImageOfPage\":{\"@id\":\"https:\/\/www.gridmag.com.mx\/index.php\/2022\/03\/24\/disenando-espacios-vivos-la-arquitectura-de-daniela-bucio-sistos\/#primaryimage\"},\"image\":{\"@id\":\"https:\/\/www.gridmag.com.mx\/index.php\/2022\/03\/24\/disenando-espacios-vivos-la-arquitectura-de-daniela-bucio-sistos\/#primaryimage\"},\"thumbnailUrl\":\"https:\/\/www.gridmag.com.mx\/wp-content\/uploads\/2022\/03\/3DANE-ALONSO-LR.jpg\",\"datePublished\":\"2022-03-25T04:16:15+00:00\",\"dateModified\":\"2023-10-31T22:14:31+00:00\",\"description\":\"Descubre el enfoque distintivo de Daniela Bucio Sistos, una joven arquitecta mexicana, que dise\u00f1a espacios con identidad y pertenencia.\",\"breadcrumb\":{\"@id\":\"https:\/\/www.gridmag.com.mx\/index.php\/2022\/03\/24\/disenando-espacios-vivos-la-arquitectura-de-daniela-bucio-sistos\/#breadcrumb\"},\"inLanguage\":\"es\",\"potentialAction\":[{\"@type\":\"ReadAction\",\"target\":[\"https:\/\/www.gridmag.com.mx\/index.php\/2022\/03\/24\/disenando-espacios-vivos-la-arquitectura-de-daniela-bucio-sistos\/\"]}]},{\"@type\":\"ImageObject\",\"inLanguage\":\"es\",\"@id\":\"https:\/\/www.gridmag.com.mx\/index.php\/2022\/03\/24\/disenando-espacios-vivos-la-arquitectura-de-daniela-bucio-sistos\/#primaryimage\",\"url\":\"https:\/\/www.gridmag.com.mx\/wp-content\/uploads\/2022\/03\/3DANE-ALONSO-LR.jpg\",\"contentUrl\":\"https:\/\/www.gridmag.com.mx\/wp-content\/uploads\/2022\/03\/3DANE-ALONSO-LR.jpg\",\"width\":2557,\"height\":2560,\"caption\":\"Casa UC\/Arq. Daniela Bucio Sistos \/ Fotograf\u00eda por: Dane Alonso\"},{\"@type\":\"BreadcrumbList\",\"@id\":\"https:\/\/www.gridmag.com.mx\/index.php\/2022\/03\/24\/disenando-espacios-vivos-la-arquitectura-de-daniela-bucio-sistos\/#breadcrumb\",\"itemListElement\":[{\"@type\":\"ListItem\",\"position\":1,\"name\":\"Inicio\",\"item\":\"https:\/\/www.gridmag.com.mx\/\"},{\"@type\":\"ListItem\",\"position\":2,\"name\":\"Dise\u00f1ando espacios vivos | La arquitectura de Daniela Bucio Sistos\"}]},{\"@type\":\"WebSite\",\"@id\":\"https:\/\/www.gridmag.com.mx\/#website\",\"url\":\"https:\/\/www.gridmag.com.mx\/\",\"name\":\"Grid Magazine\",\"description\":\"Compartiendo lo mejor de la arquitectura y dise\u00f1o mexicano.\",\"publisher\":{\"@id\":\"https:\/\/www.gridmag.com.mx\/#organization\"},\"potentialAction\":[{\"@type\":\"SearchAction\",\"target\":{\"@type\":\"EntryPoint\",\"urlTemplate\":\"https:\/\/www.gridmag.com.mx\/?s={search_term_string}\"},\"query-input\":{\"@type\":\"PropertyValueSpecification\",\"valueRequired\":true,\"valueName\":\"search_term_string\"}}],\"inLanguage\":\"es\"},{\"@type\":\"Organization\",\"@id\":\"https:\/\/www.gridmag.com.mx\/#organization\",\"name\":\"Grid Magazine\",\"url\":\"https:\/\/www.gridmag.com.mx\/\",\"logo\":{\"@type\":\"ImageObject\",\"inLanguage\":\"es\",\"@id\":\"https:\/\/www.gridmag.com.mx\/#\/schema\/logo\/image\/\",\"url\":\"\",\"contentUrl\":\"\",\"caption\":\"Grid Magazine\"},\"image\":{\"@id\":\"https:\/\/www.gridmag.com.mx\/#\/schema\/logo\/image\/\"},\"sameAs\":[\"https:\/\/www.facebook.com\/gridmagazine.mx\",\"https:\/\/www.instagram.com\/gridmagazine_mx\/\",\"https:\/\/www.tiktok.com\/@gridmagazine.mx?_t=8gl2kVR2Aq6&_r=1\",\"https:\/\/www.linkedin.com\/company\/grid-magazine-mx\/\"]},{\"@type\":\"Person\",\"@id\":\"https:\/\/www.gridmag.com.mx\/#\/schema\/person\/f0042b1798408ad98e47e95b315e7d36\",\"name\":\"Lourdes Nieva\",\"image\":{\"@type\":\"ImageObject\",\"inLanguage\":\"es\",\"@id\":\"https:\/\/www.gridmag.com.mx\/#\/schema\/person\/image\/\",\"url\":\"https:\/\/secure.gravatar.com\/avatar\/d6bb54adf2cd758b5a6c500da48433e2da6495cb4e67c4538e6eaf9d83af702f?s=96&d=mm&r=g\",\"contentUrl\":\"https:\/\/secure.gravatar.com\/avatar\/d6bb54adf2cd758b5a6c500da48433e2da6495cb4e67c4538e6eaf9d83af702f?s=96&d=mm&r=g\",\"caption\":\"Lourdes Nieva\"},\"sameAs\":[\"https:\/\/www.instagram.com\/lulunivz\/?hl=es-la\",\"https:\/\/www.linkedin.com\/in\/architectlourdesnieva\"],\"url\":\"https:\/\/www.gridmag.com.mx\/index.php\/author\/lourdes-nieva\/\"}]}<\/script>\n<!-- \/ Yoast SEO plugin. -->","yoast_head_json":{"title":"Daniela Bucio Sistos Arquitecta | Dise\u00f1ando Espacios","description":"Descubre el enfoque distintivo de Daniela Bucio Sistos, una joven arquitecta mexicana, que dise\u00f1a espacios con identidad y pertenencia.","robots":{"index":"index","follow":"follow","max-snippet":"max-snippet:-1","max-image-preview":"max-image-preview:large","max-video-preview":"max-video-preview:-1"},"canonical":"https:\/\/www.gridmag.com.mx\/index.php\/2022\/03\/24\/disenando-espacios-vivos-la-arquitectura-de-daniela-bucio-sistos\/","og_locale":"es_MX","og_type":"article","og_title":"Daniela Bucio Sistos Arquitecta | Dise\u00f1ando Espacios","og_description":"Descubre el enfoque distintivo de Daniela Bucio Sistos, una joven arquitecta mexicana, que dise\u00f1a espacios con identidad y pertenencia.","og_url":"https:\/\/www.gridmag.com.mx\/index.php\/2022\/03\/24\/disenando-espacios-vivos-la-arquitectura-de-daniela-bucio-sistos\/","og_site_name":"Grid Magazine","article_publisher":"https:\/\/www.facebook.com\/gridmagazine.mx","article_published_time":"2022-03-25T04:16:15+00:00","article_modified_time":"2023-10-31T22:14:31+00:00","og_image":[{"width":2557,"height":2560,"url":"https:\/\/www.gridmag.com.mx\/wp-content\/uploads\/2022\/03\/3DANE-ALONSO-LR-scaled.jpg","type":"image\/jpeg"}],"author":"Lourdes Nieva","twitter_card":"summary_large_image","twitter_misc":{"Escrito por":"Lourdes Nieva","Tiempo de lectura":"9 minutos"},"schema":{"@context":"https:\/\/schema.org","@graph":[{"@type":"Article","@id":"https:\/\/www.gridmag.com.mx\/index.php\/2022\/03\/24\/disenando-espacios-vivos-la-arquitectura-de-daniela-bucio-sistos\/#article","isPartOf":{"@id":"https:\/\/www.gridmag.com.mx\/index.php\/2022\/03\/24\/disenando-espacios-vivos-la-arquitectura-de-daniela-bucio-sistos\/"},"author":{"name":"Lourdes Nieva","@id":"https:\/\/www.gridmag.com.mx\/#\/schema\/person\/f0042b1798408ad98e47e95b315e7d36"},"headline":"Dise\u00f1ando espacios vivos | La arquitectura de Daniela Bucio Sistos","datePublished":"2022-03-25T04:16:15+00:00","dateModified":"2023-10-31T22:14:31+00:00","mainEntityOfPage":{"@id":"https:\/\/www.gridmag.com.mx\/index.php\/2022\/03\/24\/disenando-espacios-vivos-la-arquitectura-de-daniela-bucio-sistos\/"},"wordCount":1165,"commentCount":0,"publisher":{"@id":"https:\/\/www.gridmag.com.mx\/#organization"},"image":{"@id":"https:\/\/www.gridmag.com.mx\/index.php\/2022\/03\/24\/disenando-espacios-vivos-la-arquitectura-de-daniela-bucio-sistos\/#primaryimage"},"thumbnailUrl":"https:\/\/www.gridmag.com.mx\/wp-content\/uploads\/2022\/03\/3DANE-ALONSO-LR.jpg","articleSection":["Arquitectura","Creativos"],"inLanguage":"es","potentialAction":[{"@type":"CommentAction","name":"Comment","target":["https:\/\/www.gridmag.com.mx\/index.php\/2022\/03\/24\/disenando-espacios-vivos-la-arquitectura-de-daniela-bucio-sistos\/#respond"]}]},{"@type":"WebPage","@id":"https:\/\/www.gridmag.com.mx\/index.php\/2022\/03\/24\/disenando-espacios-vivos-la-arquitectura-de-daniela-bucio-sistos\/","url":"https:\/\/www.gridmag.com.mx\/index.php\/2022\/03\/24\/disenando-espacios-vivos-la-arquitectura-de-daniela-bucio-sistos\/","name":"Daniela Bucio Sistos Arquitecta | Dise\u00f1ando Espacios","isPartOf":{"@id":"https:\/\/www.gridmag.com.mx\/#website"},"primaryImageOfPage":{"@id":"https:\/\/www.gridmag.com.mx\/index.php\/2022\/03\/24\/disenando-espacios-vivos-la-arquitectura-de-daniela-bucio-sistos\/#primaryimage"},"image":{"@id":"https:\/\/www.gridmag.com.mx\/index.php\/2022\/03\/24\/disenando-espacios-vivos-la-arquitectura-de-daniela-bucio-sistos\/#primaryimage"},"thumbnailUrl":"https:\/\/www.gridmag.com.mx\/wp-content\/uploads\/2022\/03\/3DANE-ALONSO-LR.jpg","datePublished":"2022-03-25T04:16:15+00:00","dateModified":"2023-10-31T22:14:31+00:00","description":"Descubre el enfoque distintivo de Daniela Bucio Sistos, una joven arquitecta mexicana, que dise\u00f1a espacios con identidad y pertenencia.","breadcrumb":{"@id":"https:\/\/www.gridmag.com.mx\/index.php\/2022\/03\/24\/disenando-espacios-vivos-la-arquitectura-de-daniela-bucio-sistos\/#breadcrumb"},"inLanguage":"es","potentialAction":[{"@type":"ReadAction","target":["https:\/\/www.gridmag.com.mx\/index.php\/2022\/03\/24\/disenando-espacios-vivos-la-arquitectura-de-daniela-bucio-sistos\/"]}]},{"@type":"ImageObject","inLanguage":"es","@id":"https:\/\/www.gridmag.com.mx\/index.php\/2022\/03\/24\/disenando-espacios-vivos-la-arquitectura-de-daniela-bucio-sistos\/#primaryimage","url":"https:\/\/www.gridmag.com.mx\/wp-content\/uploads\/2022\/03\/3DANE-ALONSO-LR.jpg","contentUrl":"https:\/\/www.gridmag.com.mx\/wp-content\/uploads\/2022\/03\/3DANE-ALONSO-LR.jpg","width":2557,"height":2560,"caption":"Casa UC\/Arq. Daniela Bucio Sistos \/ Fotograf\u00eda por: Dane Alonso"},{"@type":"BreadcrumbList","@id":"https:\/\/www.gridmag.com.mx\/index.php\/2022\/03\/24\/disenando-espacios-vivos-la-arquitectura-de-daniela-bucio-sistos\/#breadcrumb","itemListElement":[{"@type":"ListItem","position":1,"name":"Inicio","item":"https:\/\/www.gridmag.com.mx\/"},{"@type":"ListItem","position":2,"name":"Dise\u00f1ando espacios vivos | La arquitectura de Daniela Bucio Sistos"}]},{"@type":"WebSite","@id":"https:\/\/www.gridmag.com.mx\/#website","url":"https:\/\/www.gridmag.com.mx\/","name":"Grid Magazine","description":"Compartiendo lo mejor de la arquitectura y dise\u00f1o mexicano.","publisher":{"@id":"https:\/\/www.gridmag.com.mx\/#organization"},"potentialAction":[{"@type":"SearchAction","target":{"@type":"EntryPoint","urlTemplate":"https:\/\/www.gridmag.com.mx\/?s={search_term_string}"},"query-input":{"@type":"PropertyValueSpecification","valueRequired":true,"valueName":"search_term_string"}}],"inLanguage":"es"},{"@type":"Organization","@id":"https:\/\/www.gridmag.com.mx\/#organization","name":"Grid Magazine","url":"https:\/\/www.gridmag.com.mx\/","logo":{"@type":"ImageObject","inLanguage":"es","@id":"https:\/\/www.gridmag.com.mx\/#\/schema\/logo\/image\/","url":"","contentUrl":"","caption":"Grid Magazine"},"image":{"@id":"https:\/\/www.gridmag.com.mx\/#\/schema\/logo\/image\/"},"sameAs":["https:\/\/www.facebook.com\/gridmagazine.mx","https:\/\/www.instagram.com\/gridmagazine_mx\/","https:\/\/www.tiktok.com\/@gridmagazine.mx?_t=8gl2kVR2Aq6&_r=1","https:\/\/www.linkedin.com\/company\/grid-magazine-mx\/"]},{"@type":"Person","@id":"https:\/\/www.gridmag.com.mx\/#\/schema\/person\/f0042b1798408ad98e47e95b315e7d36","name":"Lourdes Nieva","image":{"@type":"ImageObject","inLanguage":"es","@id":"https:\/\/www.gridmag.com.mx\/#\/schema\/person\/image\/","url":"https:\/\/secure.gravatar.com\/avatar\/d6bb54adf2cd758b5a6c500da48433e2da6495cb4e67c4538e6eaf9d83af702f?s=96&d=mm&r=g","contentUrl":"https:\/\/secure.gravatar.com\/avatar\/d6bb54adf2cd758b5a6c500da48433e2da6495cb4e67c4538e6eaf9d83af702f?s=96&d=mm&r=g","caption":"Lourdes Nieva"},"sameAs":["https:\/\/www.instagram.com\/lulunivz\/?hl=es-la","https:\/\/www.linkedin.com\/in\/architectlourdesnieva"],"url":"https:\/\/www.gridmag.com.mx\/index.php\/author\/lourdes-nieva\/"}]}},"_links":{"self":[{"href":"https:\/\/www.gridmag.com.mx\/index.php\/wp-json\/wp\/v2\/posts\/512","targetHints":{"allow":["GET"]}}],"collection":[{"href":"https:\/\/www.gridmag.com.mx\/index.php\/wp-json\/wp\/v2\/posts"}],"about":[{"href":"https:\/\/www.gridmag.com.mx\/index.php\/wp-json\/wp\/v2\/types\/post"}],"author":[{"embeddable":true,"href":"https:\/\/www.gridmag.com.mx\/index.php\/wp-json\/wp\/v2\/users\/4"}],"replies":[{"embeddable":true,"href":"https:\/\/www.gridmag.com.mx\/index.php\/wp-json\/wp\/v2\/comments?post=512"}],"version-history":[{"count":17,"href":"https:\/\/www.gridmag.com.mx\/index.php\/wp-json\/wp\/v2\/posts\/512\/revisions"}],"predecessor-version":[{"id":5012,"href":"https:\/\/www.gridmag.com.mx\/index.php\/wp-json\/wp\/v2\/posts\/512\/revisions\/5012"}],"wp:featuredmedia":[{"embeddable":true,"href":"https:\/\/www.gridmag.com.mx\/index.php\/wp-json\/wp\/v2\/media\/513"}],"wp:attachment":[{"href":"https:\/\/www.gridmag.com.mx\/index.php\/wp-json\/wp\/v2\/media?parent=512"}],"wp:term":[{"taxonomy":"category","embeddable":true,"href":"https:\/\/www.gridmag.com.mx\/index.php\/wp-json\/wp\/v2\/categories?post=512"},{"taxonomy":"post_tag","embeddable":true,"href":"https:\/\/www.gridmag.com.mx\/index.php\/wp-json\/wp\/v2\/tags?post=512"}],"curies":[{"name":"wp","href":"https:\/\/api.w.org\/{rel}","templated":true}]}}