{"id":518,"date":"2022-03-24T22:22:34","date_gmt":"2022-03-25T04:22:34","guid":{"rendered":"https:\/\/www.gridmag.com.mx\/?p=518"},"modified":"2023-10-31T16:31:28","modified_gmt":"2023-10-31T22:31:28","slug":"ffiel-celebrando-la-fotografia-como-arte","status":"publish","type":"post","link":"https:\/\/www.gridmag.com.mx\/index.php\/2022\/03\/24\/ffiel-celebrando-la-fotografia-como-arte\/","title":{"rendered":"FFIEL | Celebrando la fotograf\u00eda como arte"},"content":{"rendered":"\n\n\n<h2 class=\"wp-block-heading\">\u00bfQu\u00e9 es la fotograf\u00eda?<\/h2>\n\n\n\n<p>La <strong>fotograf\u00eda<\/strong> es sin duda una de las m\u00e1s prol\u00edficas formas de la expresi\u00f3n humana, luego del lenguaje y de la <a href=\"https:\/\/www.gridmag.com.mx\/index.php\/2023\/05\/28\/ignacio-prieto-musica-e-ilustracion\/\" data-type=\"post\" data-id=\"3549\">m\u00fasica<\/a>. Cuenta con su propios sistemas de significados y significantes, fluye a su propio ritmo. El acompa\u00f1amiento de <a href=\"https:\/\/www.gridmag.com.mx\/index.php\/2022\/06\/13\/la-luz-en-el-teatro-aguascalientes\/\" data-type=\"post\" data-id=\"1181\">luz<\/a> y sombra, hacen que logremos experimentar desde la mirada de otra persona, <strong>escenas<\/strong>, lugares y momentos que son irrepetibles, o que surgen durante procesos hist\u00f3ricos en los que no existimos, por cronolog\u00eda o por mera geolocalizaci\u00f3n. La fotograf\u00eda es tambi\u00e9n una manera de perpetuar nuestra memoria como especie, ante la \u00fanica certeza que tenemos en este mundo, que es la finitud.&nbsp;<\/p>\n\n\n\n<h2 class=\"wp-block-heading has-text-align-left\">La fotograf\u00eda como expresi\u00f3n de la huella humana<\/h2>\n\n\n\n<div class=\"wp-block-columns are-vertically-aligned-center is-layout-flex wp-container-core-columns-is-layout-9d6595d7 wp-block-columns-is-layout-flex\">\n<div class=\"wp-block-column is-vertically-aligned-center is-layout-flow wp-block-column-is-layout-flow\" style=\"flex-basis:33.33%\">\n<figure class=\"wp-block-image size-large\"><img decoding=\"async\" width=\"1024\" height=\"683\" src=\"https:\/\/www.gridmag.com.mx\/wp-content\/uploads\/2022\/03\/IMG_0942-1024x683.jpg\" alt=\"\" class=\"wp-image-520\" srcset=\"https:\/\/www.gridmag.com.mx\/wp-content\/uploads\/2022\/03\/IMG_0942-1024x683.jpg 1024w, https:\/\/www.gridmag.com.mx\/wp-content\/uploads\/2022\/03\/IMG_0942-300x200.jpg 300w, https:\/\/www.gridmag.com.mx\/wp-content\/uploads\/2022\/03\/IMG_0942-768x512.jpg 768w, https:\/\/www.gridmag.com.mx\/wp-content\/uploads\/2022\/03\/IMG_0942-1536x1024.jpg 1536w, https:\/\/www.gridmag.com.mx\/wp-content\/uploads\/2022\/03\/IMG_0942-2048x1366.jpg 2048w, https:\/\/www.gridmag.com.mx\/wp-content\/uploads\/2022\/03\/IMG_0942-360x240.jpg 360w, https:\/\/www.gridmag.com.mx\/wp-content\/uploads\/2022\/03\/IMG_0942-720x480.jpg 720w, https:\/\/www.gridmag.com.mx\/wp-content\/uploads\/2022\/03\/IMG_0942-770x513.jpg 770w, https:\/\/www.gridmag.com.mx\/wp-content\/uploads\/2022\/03\/IMG_0942-1400x934.jpg 1400w\" sizes=\"(max-width: 1024px) 100vw, 1024px\" \/><figcaption class=\"wp-element-caption\">FFIEL<\/figcaption><\/figure>\n<\/div>\n\n\n\n<div class=\"wp-block-column is-vertically-aligned-center is-layout-flow wp-block-column-is-layout-flow\" style=\"flex-basis:66.66%\">\n<p>Si partimos del supuesto de que la <a href=\"https:\/\/www.gridmag.com.mx\/index.php\/2023\/07\/21\/ciudad-y-cultura\/\" data-type=\"post\" data-id=\"4066\">cultura<\/a>, y en particular el <a href=\"https:\/\/www.gridmag.com.mx\/index.php\/2023\/05\/22\/lalo-gaitan-el-arte-de-la-escenografia\/\" data-type=\"post\" data-id=\"3503\">arte<\/a>, en tanto expresi\u00f3n de \u00e9sta, surgen de la necesidad humana de plasmar la huella de su existencia, adem\u00e1s de su funci\u00f3n est\u00e9tica, que est\u00e1 cada vez m\u00e1s en tela de juicio; podr\u00edamos remitir al origen etimol\u00f3gico de la <strong>fotograf\u00eda<\/strong>: escribir con luz. Desde el que es viable pensar, en que a\u00fan con todos los avances <strong>tecnol\u00f3gicos<\/strong>, y a pesar de un aparente esfuerzo permanente por habitar desde la virtualidad, tendemos a tejer y a caminar puentes hacia nuestro entorno m\u00e1s esencial, a buscar lo poco o mucho de <strong>natural<\/strong> que en \u00e9l persiste.<\/p>\n<\/div>\n<\/div>\n\n\n\n<p>Es bajo este marco de ideas, que elegimos el <a href=\"https:\/\/ffiel.com\/\">Festival de Fotograf\u00eda Internacional en Le\u00f3n<\/a>, para hablar en nuestra primer edici\u00f3n. Este evento, como propiamente lo indica su nombre, es un festejo al <a href=\"https:\/\/www.gridmag.com.mx\/index.php\/2023\/08\/08\/estar-vivo-la-nueva-exposicion-de-arte-visual-por-paco-santoyo\/\" data-type=\"post\" data-id=\"4216\">arte<\/a>, en especial a la <strong>fotograf\u00eda<\/strong>, y su encomienda principal, desde el 2016, es el fomento al quehacer profesional de la misma. Adem\u00e1s, resulta por dem\u00e1s gratificante, encontrar este tipo de <a href=\"https:\/\/www.gridmag.com.mx\/index.php\/2023\/05\/11\/drea-producciones-experiencias-que-venden\/\" data-type=\"post\" data-id=\"3385\">experiencias<\/a> en la Regi\u00f3n <strong>Baj\u00edo<\/strong>, pues consideramos que la descentralizaci\u00f3n de la escena <strong>art\u00edstica<\/strong> y <strong>cultural<\/strong> en nuestro pa\u00eds, es s\u00edmbolo de progreso y diversificaci\u00f3n de nuestra sociedad.&nbsp;<\/p>\n\n\n\n<h2 class=\"wp-block-heading has-text-align-left\">FFIEL: Fotograf\u00eda como herramienta de cambio<\/h2>\n\n\n\n<div class=\"wp-block-columns are-vertically-aligned-center is-layout-flex wp-container-core-columns-is-layout-9d6595d7 wp-block-columns-is-layout-flex\">\n<div class=\"wp-block-column is-vertically-aligned-center is-layout-flow wp-block-column-is-layout-flow\" style=\"flex-basis:66.66%\">\n<p>En un mundo en que la imagen antecede a la palabra, ser cr\u00edticos sobre las maneras en que pensamos y producimos la fotograf\u00eda, de las narrativas que representamos a trav\u00e9s de los medios a nuestro alcance, y del impacto que nuestra labor en este sentido, puede generar en las dem\u00e1s personas, es fundamental. Y precisamente, plataformas como FFIEL tienen como hilo conductor en su trabajo, estas consideraciones para garantizar un acceso pleno y democr\u00e1tico a la <strong>fotograf\u00eda<\/strong>.&nbsp;<\/p>\n<\/div>\n\n\n\n<div class=\"wp-block-column is-vertically-aligned-center is-layout-flow wp-block-column-is-layout-flow\" style=\"flex-basis:33.33%\">\n<figure class=\"wp-block-image size-large\"><img decoding=\"async\" width=\"1024\" height=\"683\" src=\"https:\/\/www.gridmag.com.mx\/wp-content\/uploads\/2022\/03\/IMG_0946-1024x683.jpg\" alt=\"\" class=\"wp-image-522\" srcset=\"https:\/\/www.gridmag.com.mx\/wp-content\/uploads\/2022\/03\/IMG_0946-1024x683.jpg 1024w, https:\/\/www.gridmag.com.mx\/wp-content\/uploads\/2022\/03\/IMG_0946-300x200.jpg 300w, https:\/\/www.gridmag.com.mx\/wp-content\/uploads\/2022\/03\/IMG_0946-768x512.jpg 768w, https:\/\/www.gridmag.com.mx\/wp-content\/uploads\/2022\/03\/IMG_0946-1536x1024.jpg 1536w, https:\/\/www.gridmag.com.mx\/wp-content\/uploads\/2022\/03\/IMG_0946-2048x1366.jpg 2048w, https:\/\/www.gridmag.com.mx\/wp-content\/uploads\/2022\/03\/IMG_0946-360x240.jpg 360w, https:\/\/www.gridmag.com.mx\/wp-content\/uploads\/2022\/03\/IMG_0946-720x480.jpg 720w, https:\/\/www.gridmag.com.mx\/wp-content\/uploads\/2022\/03\/IMG_0946-770x513.jpg 770w, https:\/\/www.gridmag.com.mx\/wp-content\/uploads\/2022\/03\/IMG_0946-1400x934.jpg 1400w\" sizes=\"(max-width: 1024px) 100vw, 1024px\" \/><figcaption class=\"wp-element-caption\">FFIEL<\/figcaption><\/figure>\n<\/div>\n<\/div>\n\n\n\n<p>La actual edici\u00f3n de <strong>FFIEL<\/strong>, es la n\u00famero 7; y a lo largo del a\u00f1o desarrollar\u00e1 talleres, capacitaciones, conferencias y concursos de fotograf\u00eda. Actualmente el festival cuenta con 5 exposiciones en la Ciudad de Le\u00f3n, y todas son de acceso gratuito. En el <a href=\"https:\/\/mahgforum.guanajuato.gob.mx\/\">Museo de Arte e Historia de Guanajuato<\/a> podemos encontrar \u201cREVERBERANCIA\u201d, una exposici\u00f3n extramuros que permanecer\u00e1 hasta el 17 de abril.<\/p>\n\n\n\n<div class=\"wp-block-columns is-layout-flex wp-container-core-columns-is-layout-9d6595d7 wp-block-columns-is-layout-flex\">\n<div class=\"wp-block-column is-layout-flow wp-block-column-is-layout-flow\">\n<figure class=\"wp-block-image size-large\"><img decoding=\"async\" width=\"1024\" height=\"683\" src=\"https:\/\/www.gridmag.com.mx\/wp-content\/uploads\/2022\/03\/FFIEL_04-1024x683.jpg\" alt=\"\" class=\"wp-image-611\" srcset=\"https:\/\/www.gridmag.com.mx\/wp-content\/uploads\/2022\/03\/FFIEL_04-1024x683.jpg 1024w, https:\/\/www.gridmag.com.mx\/wp-content\/uploads\/2022\/03\/FFIEL_04-300x200.jpg 300w, https:\/\/www.gridmag.com.mx\/wp-content\/uploads\/2022\/03\/FFIEL_04-768x512.jpg 768w, https:\/\/www.gridmag.com.mx\/wp-content\/uploads\/2022\/03\/FFIEL_04-1536x1024.jpg 1536w, https:\/\/www.gridmag.com.mx\/wp-content\/uploads\/2022\/03\/FFIEL_04-2048x1366.jpg 2048w, https:\/\/www.gridmag.com.mx\/wp-content\/uploads\/2022\/03\/FFIEL_04-360x240.jpg 360w, https:\/\/www.gridmag.com.mx\/wp-content\/uploads\/2022\/03\/FFIEL_04-720x480.jpg 720w, https:\/\/www.gridmag.com.mx\/wp-content\/uploads\/2022\/03\/FFIEL_04-770x513.jpg 770w, https:\/\/www.gridmag.com.mx\/wp-content\/uploads\/2022\/03\/FFIEL_04-1400x934.jpg 1400w\" sizes=\"(max-width: 1024px) 100vw, 1024px\" \/><figcaption class=\"wp-element-caption\">FFIEL<\/figcaption><\/figure>\n<\/div>\n\n\n\n<div class=\"wp-block-column is-layout-flow wp-block-column-is-layout-flow\">\n<figure class=\"wp-block-image size-large\"><img decoding=\"async\" width=\"1024\" height=\"683\" src=\"https:\/\/www.gridmag.com.mx\/wp-content\/uploads\/2022\/03\/FFIEL_06-1024x683.jpg\" alt=\"\" class=\"wp-image-612\" srcset=\"https:\/\/www.gridmag.com.mx\/wp-content\/uploads\/2022\/03\/FFIEL_06-1024x683.jpg 1024w, https:\/\/www.gridmag.com.mx\/wp-content\/uploads\/2022\/03\/FFIEL_06-300x200.jpg 300w, https:\/\/www.gridmag.com.mx\/wp-content\/uploads\/2022\/03\/FFIEL_06-768x512.jpg 768w, https:\/\/www.gridmag.com.mx\/wp-content\/uploads\/2022\/03\/FFIEL_06-1536x1024.jpg 1536w, https:\/\/www.gridmag.com.mx\/wp-content\/uploads\/2022\/03\/FFIEL_06-2048x1366.jpg 2048w, https:\/\/www.gridmag.com.mx\/wp-content\/uploads\/2022\/03\/FFIEL_06-360x240.jpg 360w, https:\/\/www.gridmag.com.mx\/wp-content\/uploads\/2022\/03\/FFIEL_06-720x480.jpg 720w, https:\/\/www.gridmag.com.mx\/wp-content\/uploads\/2022\/03\/FFIEL_06-770x513.jpg 770w, https:\/\/www.gridmag.com.mx\/wp-content\/uploads\/2022\/03\/FFIEL_06-1400x934.jpg 1400w\" sizes=\"(max-width: 1024px) 100vw, 1024px\" \/><figcaption class=\"wp-element-caption\">FFIEL<\/figcaption><\/figure>\n<\/div>\n\n\n\n<div class=\"wp-block-column is-layout-flow wp-block-column-is-layout-flow\">\n<figure class=\"wp-block-image size-large\"><img decoding=\"async\" width=\"1024\" height=\"683\" src=\"https:\/\/www.gridmag.com.mx\/wp-content\/uploads\/2022\/03\/FFIEL_01-1024x683.jpg\" alt=\"\" class=\"wp-image-613\" srcset=\"https:\/\/www.gridmag.com.mx\/wp-content\/uploads\/2022\/03\/FFIEL_01-1024x683.jpg 1024w, https:\/\/www.gridmag.com.mx\/wp-content\/uploads\/2022\/03\/FFIEL_01-300x200.jpg 300w, https:\/\/www.gridmag.com.mx\/wp-content\/uploads\/2022\/03\/FFIEL_01-768x512.jpg 768w, https:\/\/www.gridmag.com.mx\/wp-content\/uploads\/2022\/03\/FFIEL_01-1536x1024.jpg 1536w, https:\/\/www.gridmag.com.mx\/wp-content\/uploads\/2022\/03\/FFIEL_01-2048x1366.jpg 2048w, https:\/\/www.gridmag.com.mx\/wp-content\/uploads\/2022\/03\/FFIEL_01-360x240.jpg 360w, https:\/\/www.gridmag.com.mx\/wp-content\/uploads\/2022\/03\/FFIEL_01-720x480.jpg 720w, https:\/\/www.gridmag.com.mx\/wp-content\/uploads\/2022\/03\/FFIEL_01-770x513.jpg 770w, https:\/\/www.gridmag.com.mx\/wp-content\/uploads\/2022\/03\/FFIEL_01-1400x934.jpg 1400w\" sizes=\"(max-width: 1024px) 100vw, 1024px\" \/><figcaption class=\"wp-element-caption\">FFIEL<\/figcaption><\/figure>\n<\/div>\n<\/div>\n\n\n\n<div class=\"wp-block-columns is-layout-flex wp-container-core-columns-is-layout-9d6595d7 wp-block-columns-is-layout-flex\">\n<div class=\"wp-block-column is-layout-flow wp-block-column-is-layout-flow\">\n<figure class=\"wp-block-image size-large\"><img decoding=\"async\" width=\"1024\" height=\"683\" src=\"https:\/\/www.gridmag.com.mx\/wp-content\/uploads\/2022\/03\/FFIEL_02-1024x683.jpg\" alt=\"\" class=\"wp-image-614\" srcset=\"https:\/\/www.gridmag.com.mx\/wp-content\/uploads\/2022\/03\/FFIEL_02-1024x683.jpg 1024w, https:\/\/www.gridmag.com.mx\/wp-content\/uploads\/2022\/03\/FFIEL_02-300x200.jpg 300w, https:\/\/www.gridmag.com.mx\/wp-content\/uploads\/2022\/03\/FFIEL_02-768x512.jpg 768w, https:\/\/www.gridmag.com.mx\/wp-content\/uploads\/2022\/03\/FFIEL_02-1536x1024.jpg 1536w, https:\/\/www.gridmag.com.mx\/wp-content\/uploads\/2022\/03\/FFIEL_02-2048x1366.jpg 2048w, https:\/\/www.gridmag.com.mx\/wp-content\/uploads\/2022\/03\/FFIEL_02-360x240.jpg 360w, https:\/\/www.gridmag.com.mx\/wp-content\/uploads\/2022\/03\/FFIEL_02-720x480.jpg 720w, https:\/\/www.gridmag.com.mx\/wp-content\/uploads\/2022\/03\/FFIEL_02-770x513.jpg 770w, https:\/\/www.gridmag.com.mx\/wp-content\/uploads\/2022\/03\/FFIEL_02-1400x934.jpg 1400w\" sizes=\"(max-width: 1024px) 100vw, 1024px\" \/><figcaption class=\"wp-element-caption\">FFIEL<\/figcaption><\/figure>\n<\/div>\n\n\n\n<div class=\"wp-block-column is-layout-flow wp-block-column-is-layout-flow\">\n<figure class=\"wp-block-image size-large\"><img decoding=\"async\" width=\"1024\" height=\"683\" src=\"https:\/\/www.gridmag.com.mx\/wp-content\/uploads\/2022\/03\/FFIEL_09-1024x683.jpg\" alt=\"\" class=\"wp-image-615\" srcset=\"https:\/\/www.gridmag.com.mx\/wp-content\/uploads\/2022\/03\/FFIEL_09-1024x683.jpg 1024w, https:\/\/www.gridmag.com.mx\/wp-content\/uploads\/2022\/03\/FFIEL_09-300x200.jpg 300w, https:\/\/www.gridmag.com.mx\/wp-content\/uploads\/2022\/03\/FFIEL_09-768x512.jpg 768w, https:\/\/www.gridmag.com.mx\/wp-content\/uploads\/2022\/03\/FFIEL_09-1536x1024.jpg 1536w, https:\/\/www.gridmag.com.mx\/wp-content\/uploads\/2022\/03\/FFIEL_09-2048x1366.jpg 2048w, https:\/\/www.gridmag.com.mx\/wp-content\/uploads\/2022\/03\/FFIEL_09-360x240.jpg 360w, https:\/\/www.gridmag.com.mx\/wp-content\/uploads\/2022\/03\/FFIEL_09-720x480.jpg 720w, https:\/\/www.gridmag.com.mx\/wp-content\/uploads\/2022\/03\/FFIEL_09-770x513.jpg 770w, https:\/\/www.gridmag.com.mx\/wp-content\/uploads\/2022\/03\/FFIEL_09-1400x934.jpg 1400w\" sizes=\"(max-width: 1024px) 100vw, 1024px\" \/><figcaption class=\"wp-element-caption\">FFIEL<\/figcaption><\/figure>\n<\/div>\n<\/div>\n","protected":false},"excerpt":{"rendered":"<p>\u00bfQu\u00e9 es la fotograf\u00eda? La fotograf\u00eda es sin duda una de las m\u00e1s prol\u00edficas formas de la expresi\u00f3n humana, luego del lenguaje y de la m\u00fasica. Cuenta con su propios sistemas de significados y significantes, fluye a su propio ritmo. El acompa\u00f1amiento de luz y sombra, hacen que logremos experimentar desde la mirada de otra persona, escenas, lugares y momentos que son irrepetibles, o que surgen durante procesos hist\u00f3ricos en los que no existimos, por cronolog\u00eda o por mera geolocalizaci\u00f3n. [&hellip;]<\/p>\n","protected":false},"author":9,"featured_media":523,"comment_status":"open","ping_status":"open","sticky":false,"template":"","format":"standard","meta":{"footnotes":""},"categories":[53],"tags":[],"class_list":["post-518","post","type-post","status-publish","format-standard","has-post-thumbnail","hentry","category-arte"],"yoast_head":"<!-- This site is optimized with the Yoast SEO plugin v27.0 - https:\/\/yoast.com\/product\/yoast-seo-wordpress\/ -->\n<title>FFIEL | Celebrando la Fotograf\u00eda Como Arte | Grid Magazine<\/title>\n<meta name=\"description\" content=\"Explora el Festival de Fotograf\u00eda Internacional en Le\u00f3n, evento que celebra el arte de la fotograf\u00eda y promueve su desarrollo desde 2016.\" \/>\n<meta name=\"robots\" content=\"index, follow, max-snippet:-1, max-image-preview:large, max-video-preview:-1\" \/>\n<link rel=\"canonical\" href=\"https:\/\/www.gridmag.com.mx\/index.php\/2022\/03\/24\/ffiel-celebrando-la-fotografia-como-arte\/\" \/>\n<meta property=\"og:locale\" content=\"es_MX\" \/>\n<meta property=\"og:type\" content=\"article\" \/>\n<meta property=\"og:title\" content=\"FFIEL | Celebrando la Fotograf\u00eda Como Arte | Grid Magazine\" \/>\n<meta property=\"og:description\" content=\"Explora el Festival de Fotograf\u00eda Internacional en Le\u00f3n, evento que celebra el arte de la fotograf\u00eda y promueve su desarrollo desde 2016.\" \/>\n<meta property=\"og:url\" content=\"https:\/\/www.gridmag.com.mx\/index.php\/2022\/03\/24\/ffiel-celebrando-la-fotografia-como-arte\/\" \/>\n<meta property=\"og:site_name\" content=\"Grid Magazine\" \/>\n<meta property=\"article:publisher\" content=\"https:\/\/www.facebook.com\/gridmagazine.mx\" \/>\n<meta property=\"article:published_time\" content=\"2022-03-25T04:22:34+00:00\" \/>\n<meta property=\"article:modified_time\" content=\"2023-10-31T22:31:28+00:00\" \/>\n<meta property=\"og:image\" content=\"https:\/\/www.gridmag.com.mx\/wp-content\/uploads\/2022\/03\/IMG_0951-scaled.jpg\" \/>\n\t<meta property=\"og:image:width\" content=\"2560\" \/>\n\t<meta property=\"og:image:height\" content=\"1707\" \/>\n\t<meta property=\"og:image:type\" content=\"image\/jpeg\" \/>\n<meta name=\"author\" content=\"Alejo Gonz\u00e1lez\" \/>\n<meta name=\"twitter:card\" content=\"summary_large_image\" \/>\n<meta name=\"twitter:label1\" content=\"Escrito por\" \/>\n\t<meta name=\"twitter:data1\" content=\"Alejo Gonz\u00e1lez\" \/>\n\t<meta name=\"twitter:label2\" content=\"Tiempo de lectura\" \/>\n\t<meta name=\"twitter:data2\" content=\"4 minutos\" \/>\n<script type=\"application\/ld+json\" class=\"yoast-schema-graph\">{\"@context\":\"https:\/\/schema.org\",\"@graph\":[{\"@type\":\"Article\",\"@id\":\"https:\/\/www.gridmag.com.mx\/index.php\/2022\/03\/24\/ffiel-celebrando-la-fotografia-como-arte\/#article\",\"isPartOf\":{\"@id\":\"https:\/\/www.gridmag.com.mx\/index.php\/2022\/03\/24\/ffiel-celebrando-la-fotografia-como-arte\/\"},\"author\":{\"name\":\"Alejo Gonz\u00e1lez\",\"@id\":\"https:\/\/www.gridmag.com.mx\/#\/schema\/person\/687e5c3fdcd4e1bc953f565e3df49e8d\"},\"headline\":\"FFIEL | Celebrando la fotograf\u00eda como arte\",\"datePublished\":\"2022-03-25T04:22:34+00:00\",\"dateModified\":\"2023-10-31T22:31:28+00:00\",\"mainEntityOfPage\":{\"@id\":\"https:\/\/www.gridmag.com.mx\/index.php\/2022\/03\/24\/ffiel-celebrando-la-fotografia-como-arte\/\"},\"wordCount\":521,\"commentCount\":0,\"publisher\":{\"@id\":\"https:\/\/www.gridmag.com.mx\/#organization\"},\"image\":{\"@id\":\"https:\/\/www.gridmag.com.mx\/index.php\/2022\/03\/24\/ffiel-celebrando-la-fotografia-como-arte\/#primaryimage\"},\"thumbnailUrl\":\"https:\/\/www.gridmag.com.mx\/wp-content\/uploads\/2022\/03\/IMG_0951.jpg\",\"articleSection\":[\"Arte\"],\"inLanguage\":\"es\",\"potentialAction\":[{\"@type\":\"CommentAction\",\"name\":\"Comment\",\"target\":[\"https:\/\/www.gridmag.com.mx\/index.php\/2022\/03\/24\/ffiel-celebrando-la-fotografia-como-arte\/#respond\"]}]},{\"@type\":\"WebPage\",\"@id\":\"https:\/\/www.gridmag.com.mx\/index.php\/2022\/03\/24\/ffiel-celebrando-la-fotografia-como-arte\/\",\"url\":\"https:\/\/www.gridmag.com.mx\/index.php\/2022\/03\/24\/ffiel-celebrando-la-fotografia-como-arte\/\",\"name\":\"FFIEL | Celebrando la Fotograf\u00eda Como Arte | Grid Magazine\",\"isPartOf\":{\"@id\":\"https:\/\/www.gridmag.com.mx\/#website\"},\"primaryImageOfPage\":{\"@id\":\"https:\/\/www.gridmag.com.mx\/index.php\/2022\/03\/24\/ffiel-celebrando-la-fotografia-como-arte\/#primaryimage\"},\"image\":{\"@id\":\"https:\/\/www.gridmag.com.mx\/index.php\/2022\/03\/24\/ffiel-celebrando-la-fotografia-como-arte\/#primaryimage\"},\"thumbnailUrl\":\"https:\/\/www.gridmag.com.mx\/wp-content\/uploads\/2022\/03\/IMG_0951.jpg\",\"datePublished\":\"2022-03-25T04:22:34+00:00\",\"dateModified\":\"2023-10-31T22:31:28+00:00\",\"description\":\"Explora el Festival de Fotograf\u00eda Internacional en Le\u00f3n, evento que celebra el arte de la fotograf\u00eda y promueve su desarrollo desde 2016.\",\"breadcrumb\":{\"@id\":\"https:\/\/www.gridmag.com.mx\/index.php\/2022\/03\/24\/ffiel-celebrando-la-fotografia-como-arte\/#breadcrumb\"},\"inLanguage\":\"es\",\"potentialAction\":[{\"@type\":\"ReadAction\",\"target\":[\"https:\/\/www.gridmag.com.mx\/index.php\/2022\/03\/24\/ffiel-celebrando-la-fotografia-como-arte\/\"]}]},{\"@type\":\"ImageObject\",\"inLanguage\":\"es\",\"@id\":\"https:\/\/www.gridmag.com.mx\/index.php\/2022\/03\/24\/ffiel-celebrando-la-fotografia-como-arte\/#primaryimage\",\"url\":\"https:\/\/www.gridmag.com.mx\/wp-content\/uploads\/2022\/03\/IMG_0951.jpg\",\"contentUrl\":\"https:\/\/www.gridmag.com.mx\/wp-content\/uploads\/2022\/03\/IMG_0951.jpg\",\"width\":2560,\"height\":1707,\"caption\":\"FFIEL\"},{\"@type\":\"BreadcrumbList\",\"@id\":\"https:\/\/www.gridmag.com.mx\/index.php\/2022\/03\/24\/ffiel-celebrando-la-fotografia-como-arte\/#breadcrumb\",\"itemListElement\":[{\"@type\":\"ListItem\",\"position\":1,\"name\":\"Inicio\",\"item\":\"https:\/\/www.gridmag.com.mx\/\"},{\"@type\":\"ListItem\",\"position\":2,\"name\":\"FFIEL | Celebrando la fotograf\u00eda como arte\"}]},{\"@type\":\"WebSite\",\"@id\":\"https:\/\/www.gridmag.com.mx\/#website\",\"url\":\"https:\/\/www.gridmag.com.mx\/\",\"name\":\"Grid Magazine\",\"description\":\"Compartiendo lo mejor de la arquitectura y dise\u00f1o mexicano.\",\"publisher\":{\"@id\":\"https:\/\/www.gridmag.com.mx\/#organization\"},\"potentialAction\":[{\"@type\":\"SearchAction\",\"target\":{\"@type\":\"EntryPoint\",\"urlTemplate\":\"https:\/\/www.gridmag.com.mx\/?s={search_term_string}\"},\"query-input\":{\"@type\":\"PropertyValueSpecification\",\"valueRequired\":true,\"valueName\":\"search_term_string\"}}],\"inLanguage\":\"es\"},{\"@type\":\"Organization\",\"@id\":\"https:\/\/www.gridmag.com.mx\/#organization\",\"name\":\"Grid Magazine\",\"url\":\"https:\/\/www.gridmag.com.mx\/\",\"logo\":{\"@type\":\"ImageObject\",\"inLanguage\":\"es\",\"@id\":\"https:\/\/www.gridmag.com.mx\/#\/schema\/logo\/image\/\",\"url\":\"\",\"contentUrl\":\"\",\"caption\":\"Grid Magazine\"},\"image\":{\"@id\":\"https:\/\/www.gridmag.com.mx\/#\/schema\/logo\/image\/\"},\"sameAs\":[\"https:\/\/www.facebook.com\/gridmagazine.mx\",\"https:\/\/www.instagram.com\/gridmagazine_mx\/\",\"https:\/\/www.tiktok.com\/@gridmagazine.mx?_t=8gl2kVR2Aq6&_r=1\",\"https:\/\/www.linkedin.com\/company\/grid-magazine-mx\/\"]},{\"@type\":\"Person\",\"@id\":\"https:\/\/www.gridmag.com.mx\/#\/schema\/person\/687e5c3fdcd4e1bc953f565e3df49e8d\",\"name\":\"Alejo Gonz\u00e1lez\",\"image\":{\"@type\":\"ImageObject\",\"inLanguage\":\"es\",\"@id\":\"https:\/\/www.gridmag.com.mx\/#\/schema\/person\/image\/\",\"url\":\"https:\/\/secure.gravatar.com\/avatar\/b055efb2e54e2ceeda155d9d0fa1e0896fdb4c1fa493eee3e6b833615c79cc21?s=96&d=mm&r=g\",\"contentUrl\":\"https:\/\/secure.gravatar.com\/avatar\/b055efb2e54e2ceeda155d9d0fa1e0896fdb4c1fa493eee3e6b833615c79cc21?s=96&d=mm&r=g\",\"caption\":\"Alejo Gonz\u00e1lez\"},\"sameAs\":[\"https:\/\/www.instagram.com\/lexpirate\/?hl=es-la\"],\"url\":\"https:\/\/www.gridmag.com.mx\/index.php\/author\/alejo-gonzalez\/\"}]}<\/script>\n<!-- \/ Yoast SEO plugin. -->","yoast_head_json":{"title":"FFIEL | Celebrando la Fotograf\u00eda Como Arte | Grid Magazine","description":"Explora el Festival de Fotograf\u00eda Internacional en Le\u00f3n, evento que celebra el arte de la fotograf\u00eda y promueve su desarrollo desde 2016.","robots":{"index":"index","follow":"follow","max-snippet":"max-snippet:-1","max-image-preview":"max-image-preview:large","max-video-preview":"max-video-preview:-1"},"canonical":"https:\/\/www.gridmag.com.mx\/index.php\/2022\/03\/24\/ffiel-celebrando-la-fotografia-como-arte\/","og_locale":"es_MX","og_type":"article","og_title":"FFIEL | Celebrando la Fotograf\u00eda Como Arte | Grid Magazine","og_description":"Explora el Festival de Fotograf\u00eda Internacional en Le\u00f3n, evento que celebra el arte de la fotograf\u00eda y promueve su desarrollo desde 2016.","og_url":"https:\/\/www.gridmag.com.mx\/index.php\/2022\/03\/24\/ffiel-celebrando-la-fotografia-como-arte\/","og_site_name":"Grid Magazine","article_publisher":"https:\/\/www.facebook.com\/gridmagazine.mx","article_published_time":"2022-03-25T04:22:34+00:00","article_modified_time":"2023-10-31T22:31:28+00:00","og_image":[{"width":2560,"height":1707,"url":"https:\/\/www.gridmag.com.mx\/wp-content\/uploads\/2022\/03\/IMG_0951-scaled.jpg","type":"image\/jpeg"}],"author":"Alejo Gonz\u00e1lez","twitter_card":"summary_large_image","twitter_misc":{"Escrito por":"Alejo Gonz\u00e1lez","Tiempo de lectura":"4 minutos"},"schema":{"@context":"https:\/\/schema.org","@graph":[{"@type":"Article","@id":"https:\/\/www.gridmag.com.mx\/index.php\/2022\/03\/24\/ffiel-celebrando-la-fotografia-como-arte\/#article","isPartOf":{"@id":"https:\/\/www.gridmag.com.mx\/index.php\/2022\/03\/24\/ffiel-celebrando-la-fotografia-como-arte\/"},"author":{"name":"Alejo Gonz\u00e1lez","@id":"https:\/\/www.gridmag.com.mx\/#\/schema\/person\/687e5c3fdcd4e1bc953f565e3df49e8d"},"headline":"FFIEL | Celebrando la fotograf\u00eda como arte","datePublished":"2022-03-25T04:22:34+00:00","dateModified":"2023-10-31T22:31:28+00:00","mainEntityOfPage":{"@id":"https:\/\/www.gridmag.com.mx\/index.php\/2022\/03\/24\/ffiel-celebrando-la-fotografia-como-arte\/"},"wordCount":521,"commentCount":0,"publisher":{"@id":"https:\/\/www.gridmag.com.mx\/#organization"},"image":{"@id":"https:\/\/www.gridmag.com.mx\/index.php\/2022\/03\/24\/ffiel-celebrando-la-fotografia-como-arte\/#primaryimage"},"thumbnailUrl":"https:\/\/www.gridmag.com.mx\/wp-content\/uploads\/2022\/03\/IMG_0951.jpg","articleSection":["Arte"],"inLanguage":"es","potentialAction":[{"@type":"CommentAction","name":"Comment","target":["https:\/\/www.gridmag.com.mx\/index.php\/2022\/03\/24\/ffiel-celebrando-la-fotografia-como-arte\/#respond"]}]},{"@type":"WebPage","@id":"https:\/\/www.gridmag.com.mx\/index.php\/2022\/03\/24\/ffiel-celebrando-la-fotografia-como-arte\/","url":"https:\/\/www.gridmag.com.mx\/index.php\/2022\/03\/24\/ffiel-celebrando-la-fotografia-como-arte\/","name":"FFIEL | Celebrando la Fotograf\u00eda Como Arte | Grid Magazine","isPartOf":{"@id":"https:\/\/www.gridmag.com.mx\/#website"},"primaryImageOfPage":{"@id":"https:\/\/www.gridmag.com.mx\/index.php\/2022\/03\/24\/ffiel-celebrando-la-fotografia-como-arte\/#primaryimage"},"image":{"@id":"https:\/\/www.gridmag.com.mx\/index.php\/2022\/03\/24\/ffiel-celebrando-la-fotografia-como-arte\/#primaryimage"},"thumbnailUrl":"https:\/\/www.gridmag.com.mx\/wp-content\/uploads\/2022\/03\/IMG_0951.jpg","datePublished":"2022-03-25T04:22:34+00:00","dateModified":"2023-10-31T22:31:28+00:00","description":"Explora el Festival de Fotograf\u00eda Internacional en Le\u00f3n, evento que celebra el arte de la fotograf\u00eda y promueve su desarrollo desde 2016.","breadcrumb":{"@id":"https:\/\/www.gridmag.com.mx\/index.php\/2022\/03\/24\/ffiel-celebrando-la-fotografia-como-arte\/#breadcrumb"},"inLanguage":"es","potentialAction":[{"@type":"ReadAction","target":["https:\/\/www.gridmag.com.mx\/index.php\/2022\/03\/24\/ffiel-celebrando-la-fotografia-como-arte\/"]}]},{"@type":"ImageObject","inLanguage":"es","@id":"https:\/\/www.gridmag.com.mx\/index.php\/2022\/03\/24\/ffiel-celebrando-la-fotografia-como-arte\/#primaryimage","url":"https:\/\/www.gridmag.com.mx\/wp-content\/uploads\/2022\/03\/IMG_0951.jpg","contentUrl":"https:\/\/www.gridmag.com.mx\/wp-content\/uploads\/2022\/03\/IMG_0951.jpg","width":2560,"height":1707,"caption":"FFIEL"},{"@type":"BreadcrumbList","@id":"https:\/\/www.gridmag.com.mx\/index.php\/2022\/03\/24\/ffiel-celebrando-la-fotografia-como-arte\/#breadcrumb","itemListElement":[{"@type":"ListItem","position":1,"name":"Inicio","item":"https:\/\/www.gridmag.com.mx\/"},{"@type":"ListItem","position":2,"name":"FFIEL | Celebrando la fotograf\u00eda como arte"}]},{"@type":"WebSite","@id":"https:\/\/www.gridmag.com.mx\/#website","url":"https:\/\/www.gridmag.com.mx\/","name":"Grid Magazine","description":"Compartiendo lo mejor de la arquitectura y dise\u00f1o mexicano.","publisher":{"@id":"https:\/\/www.gridmag.com.mx\/#organization"},"potentialAction":[{"@type":"SearchAction","target":{"@type":"EntryPoint","urlTemplate":"https:\/\/www.gridmag.com.mx\/?s={search_term_string}"},"query-input":{"@type":"PropertyValueSpecification","valueRequired":true,"valueName":"search_term_string"}}],"inLanguage":"es"},{"@type":"Organization","@id":"https:\/\/www.gridmag.com.mx\/#organization","name":"Grid Magazine","url":"https:\/\/www.gridmag.com.mx\/","logo":{"@type":"ImageObject","inLanguage":"es","@id":"https:\/\/www.gridmag.com.mx\/#\/schema\/logo\/image\/","url":"","contentUrl":"","caption":"Grid Magazine"},"image":{"@id":"https:\/\/www.gridmag.com.mx\/#\/schema\/logo\/image\/"},"sameAs":["https:\/\/www.facebook.com\/gridmagazine.mx","https:\/\/www.instagram.com\/gridmagazine_mx\/","https:\/\/www.tiktok.com\/@gridmagazine.mx?_t=8gl2kVR2Aq6&_r=1","https:\/\/www.linkedin.com\/company\/grid-magazine-mx\/"]},{"@type":"Person","@id":"https:\/\/www.gridmag.com.mx\/#\/schema\/person\/687e5c3fdcd4e1bc953f565e3df49e8d","name":"Alejo Gonz\u00e1lez","image":{"@type":"ImageObject","inLanguage":"es","@id":"https:\/\/www.gridmag.com.mx\/#\/schema\/person\/image\/","url":"https:\/\/secure.gravatar.com\/avatar\/b055efb2e54e2ceeda155d9d0fa1e0896fdb4c1fa493eee3e6b833615c79cc21?s=96&d=mm&r=g","contentUrl":"https:\/\/secure.gravatar.com\/avatar\/b055efb2e54e2ceeda155d9d0fa1e0896fdb4c1fa493eee3e6b833615c79cc21?s=96&d=mm&r=g","caption":"Alejo Gonz\u00e1lez"},"sameAs":["https:\/\/www.instagram.com\/lexpirate\/?hl=es-la"],"url":"https:\/\/www.gridmag.com.mx\/index.php\/author\/alejo-gonzalez\/"}]}},"_links":{"self":[{"href":"https:\/\/www.gridmag.com.mx\/index.php\/wp-json\/wp\/v2\/posts\/518","targetHints":{"allow":["GET"]}}],"collection":[{"href":"https:\/\/www.gridmag.com.mx\/index.php\/wp-json\/wp\/v2\/posts"}],"about":[{"href":"https:\/\/www.gridmag.com.mx\/index.php\/wp-json\/wp\/v2\/types\/post"}],"author":[{"embeddable":true,"href":"https:\/\/www.gridmag.com.mx\/index.php\/wp-json\/wp\/v2\/users\/9"}],"replies":[{"embeddable":true,"href":"https:\/\/www.gridmag.com.mx\/index.php\/wp-json\/wp\/v2\/comments?post=518"}],"version-history":[{"count":11,"href":"https:\/\/www.gridmag.com.mx\/index.php\/wp-json\/wp\/v2\/posts\/518\/revisions"}],"predecessor-version":[{"id":5015,"href":"https:\/\/www.gridmag.com.mx\/index.php\/wp-json\/wp\/v2\/posts\/518\/revisions\/5015"}],"wp:featuredmedia":[{"embeddable":true,"href":"https:\/\/www.gridmag.com.mx\/index.php\/wp-json\/wp\/v2\/media\/523"}],"wp:attachment":[{"href":"https:\/\/www.gridmag.com.mx\/index.php\/wp-json\/wp\/v2\/media?parent=518"}],"wp:term":[{"taxonomy":"category","embeddable":true,"href":"https:\/\/www.gridmag.com.mx\/index.php\/wp-json\/wp\/v2\/categories?post=518"},{"taxonomy":"post_tag","embeddable":true,"href":"https:\/\/www.gridmag.com.mx\/index.php\/wp-json\/wp\/v2\/tags?post=518"}],"curies":[{"name":"wp","href":"https:\/\/api.w.org\/{rel}","templated":true}]}}