{"id":5209,"date":"2023-11-13T09:00:00","date_gmt":"2023-11-13T15:00:00","guid":{"rendered":"https:\/\/www.gridmag.com.mx\/?p=5209"},"modified":"2024-08-21T16:14:59","modified_gmt":"2024-08-21T22:14:59","slug":"casa-amarillo-una-invitacion-a-conocer-conectarse-y-celebrar-el-diseno-y-la-hospitalidad","status":"publish","type":"post","link":"https:\/\/www.gridmag.com.mx\/index.php\/2023\/11\/13\/casa-amarillo-una-invitacion-a-conocer-conectarse-y-celebrar-el-diseno-y-la-hospitalidad\/","title":{"rendered":"Casa Amarillo | Una invitaci\u00f3n a conocer, conectarse y celebrar el dise\u00f1o"},"content":{"rendered":"\n\n\n<p>Casa Amarillo es una plataforma creativa emocionante y novedosa que celebra la energ\u00eda, el optimismo y la hospitalidad de la <strong>cultura mexicana<\/strong>. Una parte esencial de la misi\u00f3n de Casa Amarillo es construir una comunidad global energizada a trav\u00e9s del intercambio intercultural y la colaboraci\u00f3n creativa.<\/p>\n\n\n\n<h2 class=\"wp-block-heading\"><strong>Destilados de agave edici\u00f3n limitada<\/strong><\/h2>\n\n\n\n<p>Durante Design Week M\u00e9xico 2023, te invitamos a todos a conocer, conectarse y celebrar el dise\u00f1o y la hospitalidad en nuestro reci\u00e9n creado espacio, Casa Amarillo en Design House. Casa Amarillo revela su primera colecci\u00f3n de <strong>destilados de agave<\/strong>, una edici\u00f3n limitada creada exclusivamente para #DWM23: un Tequila Blanco, un Tequila Blanco con sutiles notas de caf\u00e9 y un Mezcal destilado con pi\u00f1a.<\/p>\n\n\n\n<figure class=\"wp-block-image size-large\"><img decoding=\"async\" width=\"1024\" height=\"731\" src=\"https:\/\/www.gridmag.com.mx\/wp-content\/uploads\/2023\/11\/58B59640-AEE0-4877-9381-A338E560B132-1024x731.jpeg\" alt=\"\" class=\"wp-image-5211\" srcset=\"https:\/\/www.gridmag.com.mx\/wp-content\/uploads\/2023\/11\/58B59640-AEE0-4877-9381-A338E560B132-1024x731.jpeg 1024w, https:\/\/www.gridmag.com.mx\/wp-content\/uploads\/2023\/11\/58B59640-AEE0-4877-9381-A338E560B132-300x214.jpeg 300w, https:\/\/www.gridmag.com.mx\/wp-content\/uploads\/2023\/11\/58B59640-AEE0-4877-9381-A338E560B132-768x548.jpeg 768w, https:\/\/www.gridmag.com.mx\/wp-content\/uploads\/2023\/11\/58B59640-AEE0-4877-9381-A338E560B132-1536x1097.jpeg 1536w, https:\/\/www.gridmag.com.mx\/wp-content\/uploads\/2023\/11\/58B59640-AEE0-4877-9381-A338E560B132-2048x1462.jpeg 2048w, https:\/\/www.gridmag.com.mx\/wp-content\/uploads\/2023\/11\/58B59640-AEE0-4877-9381-A338E560B132-770x550.jpeg 770w, https:\/\/www.gridmag.com.mx\/wp-content\/uploads\/2023\/11\/58B59640-AEE0-4877-9381-A338E560B132-1400x1000.jpeg 1400w\" sizes=\"(max-width: 1024px) 100vw, 1024px\" \/><\/figure>\n\n\n\n<div style=\"height:10px\" aria-hidden=\"true\" class=\"wp-block-spacer\"><\/div>\n\n\n\n<p>El Tequila Blanco tiene su origen en Amatitl\u00e1n, Jalisco. Es no a\u00f1ejado, de color cristalino, con cuerpo equilibrado pero con sutiles notas de <strong>agave<\/strong> que agregan un toque dulce al gusto.<\/p>\n\n\n\n<p>Al igual que el Blanco, el Tequila Blanco con Notas de Caf\u00e9 es no a\u00f1ejado, pero con la interesante variable de notas delicadas de caf\u00e9.<\/p>\n\n\n\n<p>Continuando con destilados de agave, tambi\u00e9n incursionamos en la categor\u00eda de mezcales con nuestra etiqueta Mezcal Espad\u00edn Destilado con Pi\u00f1a, originario de Santiago Matatl\u00e1n, Oaxaca. Conservando el aut\u00e9ntico sabor a <strong>mezcal<\/strong> (notas de agave con el sabor ahumado del proceso) pero con infusi\u00f3n de pi\u00f1a, lo que le proporciona un gusto sutil y fresco.<\/p>\n\n\n\n<figure class=\"wp-block-image size-large\"><img decoding=\"async\" width=\"1024\" height=\"575\" src=\"https:\/\/www.gridmag.com.mx\/wp-content\/uploads\/2023\/11\/114ED66B-B1D4-4135-A995-C59D9677E614-1024x575.jpeg\" alt=\"Casa Amarillo | Una Invitaci\u00f3n a Conocer, Conectarse y Celebrar el Dise\u00f1o\" class=\"wp-image-5212\" srcset=\"https:\/\/www.gridmag.com.mx\/wp-content\/uploads\/2023\/11\/114ED66B-B1D4-4135-A995-C59D9677E614-1024x575.jpeg 1024w, https:\/\/www.gridmag.com.mx\/wp-content\/uploads\/2023\/11\/114ED66B-B1D4-4135-A995-C59D9677E614-300x168.jpeg 300w, https:\/\/www.gridmag.com.mx\/wp-content\/uploads\/2023\/11\/114ED66B-B1D4-4135-A995-C59D9677E614-768x431.jpeg 768w, https:\/\/www.gridmag.com.mx\/wp-content\/uploads\/2023\/11\/114ED66B-B1D4-4135-A995-C59D9677E614-1536x862.jpeg 1536w, https:\/\/www.gridmag.com.mx\/wp-content\/uploads\/2023\/11\/114ED66B-B1D4-4135-A995-C59D9677E614-2048x1149.jpeg 2048w, https:\/\/www.gridmag.com.mx\/wp-content\/uploads\/2023\/11\/114ED66B-B1D4-4135-A995-C59D9677E614-770x432.jpeg 770w, https:\/\/www.gridmag.com.mx\/wp-content\/uploads\/2023\/11\/114ED66B-B1D4-4135-A995-C59D9677E614-1400x786.jpeg 1400w\" sizes=\"(max-width: 1024px) 100vw, 1024px\" \/><\/figure>\n\n\n\n<div style=\"height:10px\" aria-hidden=\"true\" class=\"wp-block-spacer\"><\/div>\n\n\n\n<p>Casa Amarillo tambi\u00e9n presentar\u00e1 los primeros prototipos de una hermosa serie de objetos \u00fanicos creados en colaboraci\u00f3n con la agencia creativa neoyorquina forceMAJEURE y dise\u00f1adores y artesanos mexicanos locales. Esta colecci\u00f3n aporta una nueva dimensi\u00f3n para apreciar y celebrar las cualidades \u00fanicas del Tequila y el Mezcal. Abrazando el poder de la colaboraci\u00f3n entre <strong>dise\u00f1adores<\/strong> y <strong>artesanos<\/strong>. Tambi\u00e9n abre un di\u00e1logo cr\u00edtico sobre <strong>sostenibilidad<\/strong> y dise\u00f1o. Estos primeros objetos son: una jarra de cristal dise\u00f1ada por la agencia creativa neoyorquina forceMAJEURE y hecha en M\u00e9xico por Nouvel, y una serie especial de fuentes de bar dise\u00f1adas por la agencia creativa neoyorquina forceMAJEURE y fabricadas en M\u00e9xico por DoStudio y Ente.<\/p>\n\n\n\n<figure class=\"wp-block-image size-large\"><img decoding=\"async\" width=\"731\" height=\"1024\" src=\"https:\/\/www.gridmag.com.mx\/wp-content\/uploads\/2023\/11\/623928A7-FA68-493F-AEE3-8927258D1E1F-731x1024.jpeg\" alt=\"Casa Amarillo | Una Invitaci\u00f3n a Conocer, Conectarse y Celebrar el Dise\u00f1o\" class=\"wp-image-5213\" srcset=\"https:\/\/www.gridmag.com.mx\/wp-content\/uploads\/2023\/11\/623928A7-FA68-493F-AEE3-8927258D1E1F-731x1024.jpeg 731w, https:\/\/www.gridmag.com.mx\/wp-content\/uploads\/2023\/11\/623928A7-FA68-493F-AEE3-8927258D1E1F-214x300.jpeg 214w, https:\/\/www.gridmag.com.mx\/wp-content\/uploads\/2023\/11\/623928A7-FA68-493F-AEE3-8927258D1E1F-768x1076.jpeg 768w, https:\/\/www.gridmag.com.mx\/wp-content\/uploads\/2023\/11\/623928A7-FA68-493F-AEE3-8927258D1E1F-1097x1536.jpeg 1097w, https:\/\/www.gridmag.com.mx\/wp-content\/uploads\/2023\/11\/623928A7-FA68-493F-AEE3-8927258D1E1F-1462x2048.jpeg 1462w, https:\/\/www.gridmag.com.mx\/wp-content\/uploads\/2023\/11\/623928A7-FA68-493F-AEE3-8927258D1E1F-770x1078.jpeg 770w, https:\/\/www.gridmag.com.mx\/wp-content\/uploads\/2023\/11\/623928A7-FA68-493F-AEE3-8927258D1E1F-1400x1961.jpeg 1400w, https:\/\/www.gridmag.com.mx\/wp-content\/uploads\/2023\/11\/623928A7-FA68-493F-AEE3-8927258D1E1F.jpeg 1536w\" sizes=\"(max-width: 731px) 100vw, 731px\" \/><\/figure>\n\n\n\n<div style=\"height:10px\" aria-hidden=\"true\" class=\"wp-block-spacer\"><\/div>\n\n\n\n<h2 class=\"wp-block-heading\"><strong>La nueva casa mexicana en Design House<\/strong><\/h2>\n\n\n\n<p>Dentro del marco de Design Week M\u00e9xico en la plataforma de Design House, Casa Amarillo se enorgullece de colaborar con el despacho C C\u00fabica Arquitectos para crear un espacio que refleje &#8220;la nueva casa mexicana&#8221; e incluya los valores de Casa Amarillo, como la hospitalidad, los procesos artesanales y la visi\u00f3n del dise\u00f1o mexicano contempor\u00e1neo. Como resultado, se cre\u00f3 un rooftop, \u00a1el primer espacio de Casa Amarillo en el mundo! Esta es la primera oportunidad de degustar en exclusiva la primera edici\u00f3n de sus tres etiquetas destiladas de agave. Creadas exclusivamente para Design Week M\u00e9xico 2023, as\u00ed como de conocer la primera colecci\u00f3n de objetos por Casa Amarillo.<\/p>\n\n\n\n<figure class=\"wp-block-image size-large\"><img decoding=\"async\" width=\"1024\" height=\"1024\" src=\"https:\/\/www.gridmag.com.mx\/wp-content\/uploads\/2023\/11\/0F2B54B8-8FF3-4AE3-9E1A-E7A683F212F7-1024x1024.jpg\" alt=\"Casa Amarillo | Una Invitaci\u00f3n a Conocer, Conectarse y Celebrar el Dise\u00f1o\" class=\"wp-image-5214\" srcset=\"https:\/\/www.gridmag.com.mx\/wp-content\/uploads\/2023\/11\/0F2B54B8-8FF3-4AE3-9E1A-E7A683F212F7-1024x1024.jpg 1024w, https:\/\/www.gridmag.com.mx\/wp-content\/uploads\/2023\/11\/0F2B54B8-8FF3-4AE3-9E1A-E7A683F212F7-300x300.jpg 300w, https:\/\/www.gridmag.com.mx\/wp-content\/uploads\/2023\/11\/0F2B54B8-8FF3-4AE3-9E1A-E7A683F212F7-150x150.jpg 150w, https:\/\/www.gridmag.com.mx\/wp-content\/uploads\/2023\/11\/0F2B54B8-8FF3-4AE3-9E1A-E7A683F212F7-768x768.jpg 768w, https:\/\/www.gridmag.com.mx\/wp-content\/uploads\/2023\/11\/0F2B54B8-8FF3-4AE3-9E1A-E7A683F212F7-1536x1536.jpg 1536w, https:\/\/www.gridmag.com.mx\/wp-content\/uploads\/2023\/11\/0F2B54B8-8FF3-4AE3-9E1A-E7A683F212F7-120x120.jpg 120w, https:\/\/www.gridmag.com.mx\/wp-content\/uploads\/2023\/11\/0F2B54B8-8FF3-4AE3-9E1A-E7A683F212F7-240x240.jpg 240w, https:\/\/www.gridmag.com.mx\/wp-content\/uploads\/2023\/11\/0F2B54B8-8FF3-4AE3-9E1A-E7A683F212F7-360x360.jpg 360w, https:\/\/www.gridmag.com.mx\/wp-content\/uploads\/2023\/11\/0F2B54B8-8FF3-4AE3-9E1A-E7A683F212F7-540x540.jpg 540w, https:\/\/www.gridmag.com.mx\/wp-content\/uploads\/2023\/11\/0F2B54B8-8FF3-4AE3-9E1A-E7A683F212F7-720x720.jpg 720w, https:\/\/www.gridmag.com.mx\/wp-content\/uploads\/2023\/11\/0F2B54B8-8FF3-4AE3-9E1A-E7A683F212F7-770x770.jpg 770w, https:\/\/www.gridmag.com.mx\/wp-content\/uploads\/2023\/11\/0F2B54B8-8FF3-4AE3-9E1A-E7A683F212F7-1400x1400.jpg 1400w, https:\/\/www.gridmag.com.mx\/wp-content\/uploads\/2023\/11\/0F2B54B8-8FF3-4AE3-9E1A-E7A683F212F7-125x125.jpg 125w, https:\/\/www.gridmag.com.mx\/wp-content\/uploads\/2023\/11\/0F2B54B8-8FF3-4AE3-9E1A-E7A683F212F7.jpg 2048w\" sizes=\"(max-width: 1024px) 100vw, 1024px\" \/><\/figure>\n\n\n\n<div style=\"height:10px\" aria-hidden=\"true\" class=\"wp-block-spacer\"><\/div>\n\n\n\n<p>CONTACTO:<br><a href=\"mailto:portillagerardo@gmail.com\">portillagerardo@gmail.com<\/a><br><strong>IG:<\/strong> <a href=\"https:\/\/www.instagram.com\/casa.amarillo\/?hl=es\">@casa.amarillo<\/a><br><strong>FB:<\/strong><a href=\"https:\/\/www.facebook.com\/casa.amarillo.mx\">@Casa Amarillo<\/a><\/p>\n","protected":false},"excerpt":{"rendered":"<p>Casa Amarillo es una plataforma creativa emocionante y novedosa que celebra la energ\u00eda, el optimismo y la hospitalidad de la cultura mexicana. Una parte esencial de la misi\u00f3n de Casa Amarillo es construir una comunidad global energizada a trav\u00e9s del intercambio intercultural y la colaboraci\u00f3n creativa. Destilados de agave edici\u00f3n limitada Durante Design Week M\u00e9xico 2023, te invitamos a todos a conocer, conectarse y celebrar el dise\u00f1o y la hospitalidad en nuestro reci\u00e9n creado espacio, Casa Amarillo en Design House. [&hellip;]<\/p>\n","protected":false},"author":1,"featured_media":5210,"comment_status":"open","ping_status":"open","sticky":false,"template":"","format":"standard","meta":{"footnotes":""},"categories":[56],"tags":[],"class_list":["post-5209","post","type-post","status-publish","format-standard","has-post-thumbnail","hentry","category-editor-picks"],"yoast_head":"<!-- This site is optimized with the Yoast SEO plugin v27.0 - https:\/\/yoast.com\/product\/yoast-seo-wordpress\/ -->\n<title>Casa Amarillo | Una Invitaci\u00f3n a Conocer, Conectarse y Celebrar el Dise\u00f1o<\/title>\n<meta name=\"description\" content=\"Casa Amarillo, una plataforma creativa y apasionante, abre sus puertas durante Design Week M\u00e9xico 2023 para celebrar la cultura mexicana.\" \/>\n<meta name=\"robots\" content=\"index, follow, max-snippet:-1, max-image-preview:large, max-video-preview:-1\" \/>\n<link rel=\"canonical\" href=\"https:\/\/www.gridmag.com.mx\/index.php\/2023\/11\/13\/casa-amarillo-una-invitacion-a-conocer-conectarse-y-celebrar-el-diseno-y-la-hospitalidad\/\" \/>\n<meta property=\"og:locale\" content=\"es_MX\" \/>\n<meta property=\"og:type\" content=\"article\" \/>\n<meta property=\"og:title\" content=\"Casa Amarillo | Una Invitaci\u00f3n a Conocer, Conectarse y Celebrar el Dise\u00f1o\" \/>\n<meta property=\"og:description\" content=\"Casa Amarillo, una plataforma creativa y apasionante, abre sus puertas durante Design Week M\u00e9xico 2023 para celebrar la cultura mexicana.\" \/>\n<meta property=\"og:url\" content=\"https:\/\/www.gridmag.com.mx\/index.php\/2023\/11\/13\/casa-amarillo-una-invitacion-a-conocer-conectarse-y-celebrar-el-diseno-y-la-hospitalidad\/\" \/>\n<meta property=\"og:site_name\" content=\"Grid Magazine\" \/>\n<meta property=\"article:publisher\" content=\"https:\/\/www.facebook.com\/gridmagazine.mx\" \/>\n<meta property=\"article:published_time\" content=\"2023-11-13T15:00:00+00:00\" \/>\n<meta property=\"article:modified_time\" content=\"2024-08-21T22:14:59+00:00\" \/>\n<meta property=\"og:image\" content=\"https:\/\/www.gridmag.com.mx\/wp-content\/uploads\/2023\/11\/49776B0F-06F7-4C84-ABA4-1F7F9860183D.jpeg\" \/>\n\t<meta property=\"og:image:width\" content=\"2560\" \/>\n\t<meta property=\"og:image:height\" content=\"1536\" \/>\n\t<meta property=\"og:image:type\" content=\"image\/jpeg\" \/>\n<meta name=\"author\" content=\"Grid Magazine\" \/>\n<meta name=\"twitter:card\" content=\"summary_large_image\" \/>\n<meta name=\"twitter:label1\" content=\"Escrito por\" \/>\n\t<meta name=\"twitter:data1\" content=\"Grid Magazine\" \/>\n\t<meta name=\"twitter:label2\" content=\"Tiempo de lectura\" \/>\n\t<meta name=\"twitter:data2\" content=\"4 minutos\" \/>\n<script type=\"application\/ld+json\" class=\"yoast-schema-graph\">{\"@context\":\"https:\/\/schema.org\",\"@graph\":[{\"@type\":\"Article\",\"@id\":\"https:\/\/www.gridmag.com.mx\/index.php\/2023\/11\/13\/casa-amarillo-una-invitacion-a-conocer-conectarse-y-celebrar-el-diseno-y-la-hospitalidad\/#article\",\"isPartOf\":{\"@id\":\"https:\/\/www.gridmag.com.mx\/index.php\/2023\/11\/13\/casa-amarillo-una-invitacion-a-conocer-conectarse-y-celebrar-el-diseno-y-la-hospitalidad\/\"},\"author\":{\"name\":\"Grid Magazine\",\"@id\":\"https:\/\/www.gridmag.com.mx\/#\/schema\/person\/d54cddc75e2ecfe4a55e39c0336ae932\"},\"headline\":\"Casa Amarillo | Una invitaci\u00f3n a conocer, conectarse y celebrar el dise\u00f1o\",\"datePublished\":\"2023-11-13T15:00:00+00:00\",\"dateModified\":\"2024-08-21T22:14:59+00:00\",\"mainEntityOfPage\":{\"@id\":\"https:\/\/www.gridmag.com.mx\/index.php\/2023\/11\/13\/casa-amarillo-una-invitacion-a-conocer-conectarse-y-celebrar-el-diseno-y-la-hospitalidad\/\"},\"wordCount\":515,\"commentCount\":0,\"publisher\":{\"@id\":\"https:\/\/www.gridmag.com.mx\/#organization\"},\"image\":{\"@id\":\"https:\/\/www.gridmag.com.mx\/index.php\/2023\/11\/13\/casa-amarillo-una-invitacion-a-conocer-conectarse-y-celebrar-el-diseno-y-la-hospitalidad\/#primaryimage\"},\"thumbnailUrl\":\"https:\/\/www.gridmag.com.mx\/wp-content\/uploads\/2023\/11\/49776B0F-06F7-4C84-ABA4-1F7F9860183D.jpeg\",\"articleSection\":[\"Editor Picks\"],\"inLanguage\":\"es\",\"potentialAction\":[{\"@type\":\"CommentAction\",\"name\":\"Comment\",\"target\":[\"https:\/\/www.gridmag.com.mx\/index.php\/2023\/11\/13\/casa-amarillo-una-invitacion-a-conocer-conectarse-y-celebrar-el-diseno-y-la-hospitalidad\/#respond\"]}]},{\"@type\":\"WebPage\",\"@id\":\"https:\/\/www.gridmag.com.mx\/index.php\/2023\/11\/13\/casa-amarillo-una-invitacion-a-conocer-conectarse-y-celebrar-el-diseno-y-la-hospitalidad\/\",\"url\":\"https:\/\/www.gridmag.com.mx\/index.php\/2023\/11\/13\/casa-amarillo-una-invitacion-a-conocer-conectarse-y-celebrar-el-diseno-y-la-hospitalidad\/\",\"name\":\"Casa Amarillo | Una Invitaci\u00f3n a Conocer, Conectarse y Celebrar el Dise\u00f1o\",\"isPartOf\":{\"@id\":\"https:\/\/www.gridmag.com.mx\/#website\"},\"primaryImageOfPage\":{\"@id\":\"https:\/\/www.gridmag.com.mx\/index.php\/2023\/11\/13\/casa-amarillo-una-invitacion-a-conocer-conectarse-y-celebrar-el-diseno-y-la-hospitalidad\/#primaryimage\"},\"image\":{\"@id\":\"https:\/\/www.gridmag.com.mx\/index.php\/2023\/11\/13\/casa-amarillo-una-invitacion-a-conocer-conectarse-y-celebrar-el-diseno-y-la-hospitalidad\/#primaryimage\"},\"thumbnailUrl\":\"https:\/\/www.gridmag.com.mx\/wp-content\/uploads\/2023\/11\/49776B0F-06F7-4C84-ABA4-1F7F9860183D.jpeg\",\"datePublished\":\"2023-11-13T15:00:00+00:00\",\"dateModified\":\"2024-08-21T22:14:59+00:00\",\"description\":\"Casa Amarillo, una plataforma creativa y apasionante, abre sus puertas durante Design Week M\u00e9xico 2023 para celebrar la cultura mexicana.\",\"breadcrumb\":{\"@id\":\"https:\/\/www.gridmag.com.mx\/index.php\/2023\/11\/13\/casa-amarillo-una-invitacion-a-conocer-conectarse-y-celebrar-el-diseno-y-la-hospitalidad\/#breadcrumb\"},\"inLanguage\":\"es\",\"potentialAction\":[{\"@type\":\"ReadAction\",\"target\":[\"https:\/\/www.gridmag.com.mx\/index.php\/2023\/11\/13\/casa-amarillo-una-invitacion-a-conocer-conectarse-y-celebrar-el-diseno-y-la-hospitalidad\/\"]}]},{\"@type\":\"ImageObject\",\"inLanguage\":\"es\",\"@id\":\"https:\/\/www.gridmag.com.mx\/index.php\/2023\/11\/13\/casa-amarillo-una-invitacion-a-conocer-conectarse-y-celebrar-el-diseno-y-la-hospitalidad\/#primaryimage\",\"url\":\"https:\/\/www.gridmag.com.mx\/wp-content\/uploads\/2023\/11\/49776B0F-06F7-4C84-ABA4-1F7F9860183D.jpeg\",\"contentUrl\":\"https:\/\/www.gridmag.com.mx\/wp-content\/uploads\/2023\/11\/49776B0F-06F7-4C84-ABA4-1F7F9860183D.jpeg\",\"width\":2560,\"height\":1536},{\"@type\":\"BreadcrumbList\",\"@id\":\"https:\/\/www.gridmag.com.mx\/index.php\/2023\/11\/13\/casa-amarillo-una-invitacion-a-conocer-conectarse-y-celebrar-el-diseno-y-la-hospitalidad\/#breadcrumb\",\"itemListElement\":[{\"@type\":\"ListItem\",\"position\":1,\"name\":\"Inicio\",\"item\":\"https:\/\/www.gridmag.com.mx\/\"},{\"@type\":\"ListItem\",\"position\":2,\"name\":\"Casa Amarillo | Una invitaci\u00f3n a conocer, conectarse y celebrar el dise\u00f1o\"}]},{\"@type\":\"WebSite\",\"@id\":\"https:\/\/www.gridmag.com.mx\/#website\",\"url\":\"https:\/\/www.gridmag.com.mx\/\",\"name\":\"Grid Magazine\",\"description\":\"Compartiendo lo mejor de la arquitectura y dise\u00f1o mexicano.\",\"publisher\":{\"@id\":\"https:\/\/www.gridmag.com.mx\/#organization\"},\"potentialAction\":[{\"@type\":\"SearchAction\",\"target\":{\"@type\":\"EntryPoint\",\"urlTemplate\":\"https:\/\/www.gridmag.com.mx\/?s={search_term_string}\"},\"query-input\":{\"@type\":\"PropertyValueSpecification\",\"valueRequired\":true,\"valueName\":\"search_term_string\"}}],\"inLanguage\":\"es\"},{\"@type\":\"Organization\",\"@id\":\"https:\/\/www.gridmag.com.mx\/#organization\",\"name\":\"Grid Magazine\",\"url\":\"https:\/\/www.gridmag.com.mx\/\",\"logo\":{\"@type\":\"ImageObject\",\"inLanguage\":\"es\",\"@id\":\"https:\/\/www.gridmag.com.mx\/#\/schema\/logo\/image\/\",\"url\":\"\",\"contentUrl\":\"\",\"caption\":\"Grid Magazine\"},\"image\":{\"@id\":\"https:\/\/www.gridmag.com.mx\/#\/schema\/logo\/image\/\"},\"sameAs\":[\"https:\/\/www.facebook.com\/gridmagazine.mx\",\"https:\/\/www.instagram.com\/gridmagazine_mx\/\",\"https:\/\/www.tiktok.com\/@gridmagazine.mx?_t=8gl2kVR2Aq6&_r=1\",\"https:\/\/www.linkedin.com\/company\/grid-magazine-mx\/\"]},{\"@type\":\"Person\",\"@id\":\"https:\/\/www.gridmag.com.mx\/#\/schema\/person\/d54cddc75e2ecfe4a55e39c0336ae932\",\"name\":\"Grid Magazine\",\"image\":{\"@type\":\"ImageObject\",\"inLanguage\":\"es\",\"@id\":\"https:\/\/www.gridmag.com.mx\/#\/schema\/person\/image\/\",\"url\":\"https:\/\/secure.gravatar.com\/avatar\/8e4bd50943002dd6ee9db30e5af749244f3e21206a99c4fb42429117eaacfc83?s=96&d=mm&r=g\",\"contentUrl\":\"https:\/\/secure.gravatar.com\/avatar\/8e4bd50943002dd6ee9db30e5af749244f3e21206a99c4fb42429117eaacfc83?s=96&d=mm&r=g\",\"caption\":\"Grid Magazine\"},\"sameAs\":[\"https:\/\/www.gridmag.com.mx\"],\"url\":\"https:\/\/www.gridmag.com.mx\/index.php\/author\/grid-magazine-arq\/\"}]}<\/script>\n<!-- \/ Yoast SEO plugin. -->","yoast_head_json":{"title":"Casa Amarillo | Una Invitaci\u00f3n a Conocer, Conectarse y Celebrar el Dise\u00f1o","description":"Casa Amarillo, una plataforma creativa y apasionante, abre sus puertas durante Design Week M\u00e9xico 2023 para celebrar la cultura mexicana.","robots":{"index":"index","follow":"follow","max-snippet":"max-snippet:-1","max-image-preview":"max-image-preview:large","max-video-preview":"max-video-preview:-1"},"canonical":"https:\/\/www.gridmag.com.mx\/index.php\/2023\/11\/13\/casa-amarillo-una-invitacion-a-conocer-conectarse-y-celebrar-el-diseno-y-la-hospitalidad\/","og_locale":"es_MX","og_type":"article","og_title":"Casa Amarillo | Una Invitaci\u00f3n a Conocer, Conectarse y Celebrar el Dise\u00f1o","og_description":"Casa Amarillo, una plataforma creativa y apasionante, abre sus puertas durante Design Week M\u00e9xico 2023 para celebrar la cultura mexicana.","og_url":"https:\/\/www.gridmag.com.mx\/index.php\/2023\/11\/13\/casa-amarillo-una-invitacion-a-conocer-conectarse-y-celebrar-el-diseno-y-la-hospitalidad\/","og_site_name":"Grid Magazine","article_publisher":"https:\/\/www.facebook.com\/gridmagazine.mx","article_published_time":"2023-11-13T15:00:00+00:00","article_modified_time":"2024-08-21T22:14:59+00:00","og_image":[{"width":2560,"height":1536,"url":"https:\/\/www.gridmag.com.mx\/wp-content\/uploads\/2023\/11\/49776B0F-06F7-4C84-ABA4-1F7F9860183D.jpeg","type":"image\/jpeg"}],"author":"Grid Magazine","twitter_card":"summary_large_image","twitter_misc":{"Escrito por":"Grid Magazine","Tiempo de lectura":"4 minutos"},"schema":{"@context":"https:\/\/schema.org","@graph":[{"@type":"Article","@id":"https:\/\/www.gridmag.com.mx\/index.php\/2023\/11\/13\/casa-amarillo-una-invitacion-a-conocer-conectarse-y-celebrar-el-diseno-y-la-hospitalidad\/#article","isPartOf":{"@id":"https:\/\/www.gridmag.com.mx\/index.php\/2023\/11\/13\/casa-amarillo-una-invitacion-a-conocer-conectarse-y-celebrar-el-diseno-y-la-hospitalidad\/"},"author":{"name":"Grid Magazine","@id":"https:\/\/www.gridmag.com.mx\/#\/schema\/person\/d54cddc75e2ecfe4a55e39c0336ae932"},"headline":"Casa Amarillo | Una invitaci\u00f3n a conocer, conectarse y celebrar el dise\u00f1o","datePublished":"2023-11-13T15:00:00+00:00","dateModified":"2024-08-21T22:14:59+00:00","mainEntityOfPage":{"@id":"https:\/\/www.gridmag.com.mx\/index.php\/2023\/11\/13\/casa-amarillo-una-invitacion-a-conocer-conectarse-y-celebrar-el-diseno-y-la-hospitalidad\/"},"wordCount":515,"commentCount":0,"publisher":{"@id":"https:\/\/www.gridmag.com.mx\/#organization"},"image":{"@id":"https:\/\/www.gridmag.com.mx\/index.php\/2023\/11\/13\/casa-amarillo-una-invitacion-a-conocer-conectarse-y-celebrar-el-diseno-y-la-hospitalidad\/#primaryimage"},"thumbnailUrl":"https:\/\/www.gridmag.com.mx\/wp-content\/uploads\/2023\/11\/49776B0F-06F7-4C84-ABA4-1F7F9860183D.jpeg","articleSection":["Editor Picks"],"inLanguage":"es","potentialAction":[{"@type":"CommentAction","name":"Comment","target":["https:\/\/www.gridmag.com.mx\/index.php\/2023\/11\/13\/casa-amarillo-una-invitacion-a-conocer-conectarse-y-celebrar-el-diseno-y-la-hospitalidad\/#respond"]}]},{"@type":"WebPage","@id":"https:\/\/www.gridmag.com.mx\/index.php\/2023\/11\/13\/casa-amarillo-una-invitacion-a-conocer-conectarse-y-celebrar-el-diseno-y-la-hospitalidad\/","url":"https:\/\/www.gridmag.com.mx\/index.php\/2023\/11\/13\/casa-amarillo-una-invitacion-a-conocer-conectarse-y-celebrar-el-diseno-y-la-hospitalidad\/","name":"Casa Amarillo | Una Invitaci\u00f3n a Conocer, Conectarse y Celebrar el Dise\u00f1o","isPartOf":{"@id":"https:\/\/www.gridmag.com.mx\/#website"},"primaryImageOfPage":{"@id":"https:\/\/www.gridmag.com.mx\/index.php\/2023\/11\/13\/casa-amarillo-una-invitacion-a-conocer-conectarse-y-celebrar-el-diseno-y-la-hospitalidad\/#primaryimage"},"image":{"@id":"https:\/\/www.gridmag.com.mx\/index.php\/2023\/11\/13\/casa-amarillo-una-invitacion-a-conocer-conectarse-y-celebrar-el-diseno-y-la-hospitalidad\/#primaryimage"},"thumbnailUrl":"https:\/\/www.gridmag.com.mx\/wp-content\/uploads\/2023\/11\/49776B0F-06F7-4C84-ABA4-1F7F9860183D.jpeg","datePublished":"2023-11-13T15:00:00+00:00","dateModified":"2024-08-21T22:14:59+00:00","description":"Casa Amarillo, una plataforma creativa y apasionante, abre sus puertas durante Design Week M\u00e9xico 2023 para celebrar la cultura mexicana.","breadcrumb":{"@id":"https:\/\/www.gridmag.com.mx\/index.php\/2023\/11\/13\/casa-amarillo-una-invitacion-a-conocer-conectarse-y-celebrar-el-diseno-y-la-hospitalidad\/#breadcrumb"},"inLanguage":"es","potentialAction":[{"@type":"ReadAction","target":["https:\/\/www.gridmag.com.mx\/index.php\/2023\/11\/13\/casa-amarillo-una-invitacion-a-conocer-conectarse-y-celebrar-el-diseno-y-la-hospitalidad\/"]}]},{"@type":"ImageObject","inLanguage":"es","@id":"https:\/\/www.gridmag.com.mx\/index.php\/2023\/11\/13\/casa-amarillo-una-invitacion-a-conocer-conectarse-y-celebrar-el-diseno-y-la-hospitalidad\/#primaryimage","url":"https:\/\/www.gridmag.com.mx\/wp-content\/uploads\/2023\/11\/49776B0F-06F7-4C84-ABA4-1F7F9860183D.jpeg","contentUrl":"https:\/\/www.gridmag.com.mx\/wp-content\/uploads\/2023\/11\/49776B0F-06F7-4C84-ABA4-1F7F9860183D.jpeg","width":2560,"height":1536},{"@type":"BreadcrumbList","@id":"https:\/\/www.gridmag.com.mx\/index.php\/2023\/11\/13\/casa-amarillo-una-invitacion-a-conocer-conectarse-y-celebrar-el-diseno-y-la-hospitalidad\/#breadcrumb","itemListElement":[{"@type":"ListItem","position":1,"name":"Inicio","item":"https:\/\/www.gridmag.com.mx\/"},{"@type":"ListItem","position":2,"name":"Casa Amarillo | Una invitaci\u00f3n a conocer, conectarse y celebrar el dise\u00f1o"}]},{"@type":"WebSite","@id":"https:\/\/www.gridmag.com.mx\/#website","url":"https:\/\/www.gridmag.com.mx\/","name":"Grid Magazine","description":"Compartiendo lo mejor de la arquitectura y dise\u00f1o mexicano.","publisher":{"@id":"https:\/\/www.gridmag.com.mx\/#organization"},"potentialAction":[{"@type":"SearchAction","target":{"@type":"EntryPoint","urlTemplate":"https:\/\/www.gridmag.com.mx\/?s={search_term_string}"},"query-input":{"@type":"PropertyValueSpecification","valueRequired":true,"valueName":"search_term_string"}}],"inLanguage":"es"},{"@type":"Organization","@id":"https:\/\/www.gridmag.com.mx\/#organization","name":"Grid Magazine","url":"https:\/\/www.gridmag.com.mx\/","logo":{"@type":"ImageObject","inLanguage":"es","@id":"https:\/\/www.gridmag.com.mx\/#\/schema\/logo\/image\/","url":"","contentUrl":"","caption":"Grid Magazine"},"image":{"@id":"https:\/\/www.gridmag.com.mx\/#\/schema\/logo\/image\/"},"sameAs":["https:\/\/www.facebook.com\/gridmagazine.mx","https:\/\/www.instagram.com\/gridmagazine_mx\/","https:\/\/www.tiktok.com\/@gridmagazine.mx?_t=8gl2kVR2Aq6&_r=1","https:\/\/www.linkedin.com\/company\/grid-magazine-mx\/"]},{"@type":"Person","@id":"https:\/\/www.gridmag.com.mx\/#\/schema\/person\/d54cddc75e2ecfe4a55e39c0336ae932","name":"Grid Magazine","image":{"@type":"ImageObject","inLanguage":"es","@id":"https:\/\/www.gridmag.com.mx\/#\/schema\/person\/image\/","url":"https:\/\/secure.gravatar.com\/avatar\/8e4bd50943002dd6ee9db30e5af749244f3e21206a99c4fb42429117eaacfc83?s=96&d=mm&r=g","contentUrl":"https:\/\/secure.gravatar.com\/avatar\/8e4bd50943002dd6ee9db30e5af749244f3e21206a99c4fb42429117eaacfc83?s=96&d=mm&r=g","caption":"Grid Magazine"},"sameAs":["https:\/\/www.gridmag.com.mx"],"url":"https:\/\/www.gridmag.com.mx\/index.php\/author\/grid-magazine-arq\/"}]}},"_links":{"self":[{"href":"https:\/\/www.gridmag.com.mx\/index.php\/wp-json\/wp\/v2\/posts\/5209","targetHints":{"allow":["GET"]}}],"collection":[{"href":"https:\/\/www.gridmag.com.mx\/index.php\/wp-json\/wp\/v2\/posts"}],"about":[{"href":"https:\/\/www.gridmag.com.mx\/index.php\/wp-json\/wp\/v2\/types\/post"}],"author":[{"embeddable":true,"href":"https:\/\/www.gridmag.com.mx\/index.php\/wp-json\/wp\/v2\/users\/1"}],"replies":[{"embeddable":true,"href":"https:\/\/www.gridmag.com.mx\/index.php\/wp-json\/wp\/v2\/comments?post=5209"}],"version-history":[{"count":3,"href":"https:\/\/www.gridmag.com.mx\/index.php\/wp-json\/wp\/v2\/posts\/5209\/revisions"}],"predecessor-version":[{"id":8051,"href":"https:\/\/www.gridmag.com.mx\/index.php\/wp-json\/wp\/v2\/posts\/5209\/revisions\/8051"}],"wp:featuredmedia":[{"embeddable":true,"href":"https:\/\/www.gridmag.com.mx\/index.php\/wp-json\/wp\/v2\/media\/5210"}],"wp:attachment":[{"href":"https:\/\/www.gridmag.com.mx\/index.php\/wp-json\/wp\/v2\/media?parent=5209"}],"wp:term":[{"taxonomy":"category","embeddable":true,"href":"https:\/\/www.gridmag.com.mx\/index.php\/wp-json\/wp\/v2\/categories?post=5209"},{"taxonomy":"post_tag","embeddable":true,"href":"https:\/\/www.gridmag.com.mx\/index.php\/wp-json\/wp\/v2\/tags?post=5209"}],"curies":[{"name":"wp","href":"https:\/\/api.w.org\/{rel}","templated":true}]}}