{"id":5384,"date":"2023-11-27T10:19:58","date_gmt":"2023-11-27T16:19:58","guid":{"rendered":"https:\/\/www.gridmag.com.mx\/?p=5384"},"modified":"2024-02-20T16:19:52","modified_gmt":"2024-02-20T22:19:52","slug":"mesa-publica-reconstruyendo-el-tejido-de-la-comunidad","status":"publish","type":"post","link":"https:\/\/www.gridmag.com.mx\/index.php\/2023\/11\/27\/mesa-publica-reconstruyendo-el-tejido-de-la-comunidad\/","title":{"rendered":"Mesa P\u00fablica | Reconstruyendo el tejido de la comunidad"},"content":{"rendered":"\n\n\n<p>\u00bfCu\u00e1ntas veces pasamos apurades por una plaza peatonal en la ciudad? A lo mejor vamos corriendo al trabajo, de regreso al <strong>hogar<\/strong> o tarde a un compromiso. \u00bfCu\u00e1ntas veces nos detenemos a mirar a las otras personas que cruzan la plaza? O a sentarnos en una banca?\u00a0<\/p>\n\n\n\n<p>Mesa P\u00fablica propone justamente esto, dedicar un momento de nuestro d\u00eda en acercarnos a las personas de nuestra localidad para compartir, aprender y convivir. Mesa P\u00fablica busca, en parte, restaurar un fragmento del tejido de la comunidad a partir de <strong>talleres<\/strong> y <strong>cursos<\/strong> llevados a cabo en el espacio p\u00fablico.\u00a0<\/p>\n\n\n\n<div class=\"wp-block-columns is-layout-flex wp-container-core-columns-is-layout-9d6595d7 wp-block-columns-is-layout-flex\">\n<div class=\"wp-block-column is-layout-flow wp-block-column-is-layout-flow\">\n<figure class=\"wp-block-image size-large\"><img decoding=\"async\" width=\"819\" height=\"1024\" src=\"https:\/\/www.gridmag.com.mx\/wp-content\/uploads\/2023\/11\/AMENO_02-819x1024.png\" alt=\"\" class=\"wp-image-5386\" srcset=\"https:\/\/www.gridmag.com.mx\/wp-content\/uploads\/2023\/11\/AMENO_02-819x1024.png 819w, https:\/\/www.gridmag.com.mx\/wp-content\/uploads\/2023\/11\/AMENO_02-240x300.png 240w, https:\/\/www.gridmag.com.mx\/wp-content\/uploads\/2023\/11\/AMENO_02-768x960.png 768w, https:\/\/www.gridmag.com.mx\/wp-content\/uploads\/2023\/11\/AMENO_02-770x963.png 770w, https:\/\/www.gridmag.com.mx\/wp-content\/uploads\/2023\/11\/AMENO_02.png 1080w\" sizes=\"(max-width: 819px) 100vw, 819px\" \/><\/figure>\n<\/div>\n\n\n\n<div class=\"wp-block-column is-layout-flow wp-block-column-is-layout-flow\">\n<figure class=\"wp-block-image size-large\"><img decoding=\"async\" width=\"1024\" height=\"1024\" src=\"https:\/\/www.gridmag.com.mx\/wp-content\/uploads\/2023\/11\/AMENO_3-1-1024x1024.png\" alt=\"Mesa P\u00fablica | Reconstruyendo el Tejido de la Comunidad\" class=\"wp-image-5394\" srcset=\"https:\/\/www.gridmag.com.mx\/wp-content\/uploads\/2023\/11\/AMENO_3-1-1024x1024.png 1024w, https:\/\/www.gridmag.com.mx\/wp-content\/uploads\/2023\/11\/AMENO_3-1-300x300.png 300w, https:\/\/www.gridmag.com.mx\/wp-content\/uploads\/2023\/11\/AMENO_3-1-150x150.png 150w, https:\/\/www.gridmag.com.mx\/wp-content\/uploads\/2023\/11\/AMENO_3-1-768x768.png 768w, https:\/\/www.gridmag.com.mx\/wp-content\/uploads\/2023\/11\/AMENO_3-1-120x120.png 120w, https:\/\/www.gridmag.com.mx\/wp-content\/uploads\/2023\/11\/AMENO_3-1-240x240.png 240w, https:\/\/www.gridmag.com.mx\/wp-content\/uploads\/2023\/11\/AMENO_3-1-360x360.png 360w, https:\/\/www.gridmag.com.mx\/wp-content\/uploads\/2023\/11\/AMENO_3-1-540x540.png 540w, https:\/\/www.gridmag.com.mx\/wp-content\/uploads\/2023\/11\/AMENO_3-1-720x720.png 720w, https:\/\/www.gridmag.com.mx\/wp-content\/uploads\/2023\/11\/AMENO_3-1-770x770.png 770w, https:\/\/www.gridmag.com.mx\/wp-content\/uploads\/2023\/11\/AMENO_3-1-125x125.png 125w, https:\/\/www.gridmag.com.mx\/wp-content\/uploads\/2023\/11\/AMENO_3-1.png 1080w\" sizes=\"(max-width: 1024px) 100vw, 1024px\" \/><\/figure>\n<\/div>\n<\/div>\n\n\n\n<h2 class=\"wp-block-heading\"><strong>Un proyecto nacido de la necesidad<\/strong><\/h2>\n\n\n\n<p>Mesa P\u00fablica es un proyecto que surge a ra\u00edz de un ejercicio de apropiaci\u00f3n del <strong>espacio p\u00fablico<\/strong> en 2020 el cual, debido a la pandemia, deb\u00eda ser en un lugar abierto para poder realizar actividades de manera segura. El equipo de Cultivo Estudio , fundado por Daniel y Maria y conformado por <strong>arquitectos<\/strong>, film\u00f3grafos, <a href=\"https:\/\/www.gridmag.com.mx\/index.php\/2023\/03\/05\/fotografas-mexicanas-ojos-femeninos-en-la-arquitectura\/\">fot\u00f3grafas<\/a> y gestoras culturales, que m\u00e1s tarde formar\u00edan el equipo de Mesa P\u00fablica, decidieron tomar un espacio en la entonces casi desierta Plaza Agliberto Llamas en Le\u00f3n Guanajuato. Aqu\u00ed situaron una mesa donde la comunidad pudiera reunirse a aprender y a compartir proyectos e intereses.\u00a0<\/p>\n\n\n\n<p>\u201cLa gente que participa en mesa p\u00fablica es normalmente quien tiene un proyecto [que]\u00a0 est\u00e1 muy emocionada o emocionado por estar haciendo, entonces toma el espacio p\u00fablico para hablar de [estas] cosas y las personas que participan somos atentas escuchas de saber qu\u00e9 les est\u00e1 emocionando a nuestros amigos o futuros amigos\u201d.<br>Daniel, co-fundador de <strong>Cultivo Estudio<\/strong>.<\/p>\n\n\n\n<div class=\"wp-block-columns is-layout-flex wp-container-core-columns-is-layout-9d6595d7 wp-block-columns-is-layout-flex\">\n<div class=\"wp-block-column is-layout-flow wp-block-column-is-layout-flow\">\n<figure class=\"wp-block-image size-large\"><img decoding=\"async\" width=\"1024\" height=\"1024\" src=\"https:\/\/www.gridmag.com.mx\/wp-content\/uploads\/2023\/11\/arboles03-1024x1024.png\" alt=\"\" class=\"wp-image-5388\" srcset=\"https:\/\/www.gridmag.com.mx\/wp-content\/uploads\/2023\/11\/arboles03-1024x1024.png 1024w, https:\/\/www.gridmag.com.mx\/wp-content\/uploads\/2023\/11\/arboles03-300x300.png 300w, https:\/\/www.gridmag.com.mx\/wp-content\/uploads\/2023\/11\/arboles03-150x150.png 150w, https:\/\/www.gridmag.com.mx\/wp-content\/uploads\/2023\/11\/arboles03-768x768.png 768w, https:\/\/www.gridmag.com.mx\/wp-content\/uploads\/2023\/11\/arboles03-120x120.png 120w, https:\/\/www.gridmag.com.mx\/wp-content\/uploads\/2023\/11\/arboles03-240x240.png 240w, https:\/\/www.gridmag.com.mx\/wp-content\/uploads\/2023\/11\/arboles03-360x360.png 360w, https:\/\/www.gridmag.com.mx\/wp-content\/uploads\/2023\/11\/arboles03-540x540.png 540w, https:\/\/www.gridmag.com.mx\/wp-content\/uploads\/2023\/11\/arboles03-720x720.png 720w, https:\/\/www.gridmag.com.mx\/wp-content\/uploads\/2023\/11\/arboles03-770x770.png 770w, https:\/\/www.gridmag.com.mx\/wp-content\/uploads\/2023\/11\/arboles03-125x125.png 125w, https:\/\/www.gridmag.com.mx\/wp-content\/uploads\/2023\/11\/arboles03.png 1080w\" sizes=\"(max-width: 1024px) 100vw, 1024px\" \/><\/figure>\n<\/div>\n\n\n\n<div class=\"wp-block-column is-layout-flow wp-block-column-is-layout-flow\">\n<figure class=\"wp-block-image size-large\"><img decoding=\"async\" width=\"1024\" height=\"1024\" src=\"https:\/\/www.gridmag.com.mx\/wp-content\/uploads\/2023\/11\/bibipastor-1024x1024.png\" alt=\"Mesa P\u00fablica | Reconstruyendo el Tejido de la Comunidad\" class=\"wp-image-5389\" srcset=\"https:\/\/www.gridmag.com.mx\/wp-content\/uploads\/2023\/11\/bibipastor-1024x1024.png 1024w, https:\/\/www.gridmag.com.mx\/wp-content\/uploads\/2023\/11\/bibipastor-300x300.png 300w, https:\/\/www.gridmag.com.mx\/wp-content\/uploads\/2023\/11\/bibipastor-150x150.png 150w, https:\/\/www.gridmag.com.mx\/wp-content\/uploads\/2023\/11\/bibipastor-768x768.png 768w, https:\/\/www.gridmag.com.mx\/wp-content\/uploads\/2023\/11\/bibipastor-120x120.png 120w, https:\/\/www.gridmag.com.mx\/wp-content\/uploads\/2023\/11\/bibipastor-240x240.png 240w, https:\/\/www.gridmag.com.mx\/wp-content\/uploads\/2023\/11\/bibipastor-360x360.png 360w, https:\/\/www.gridmag.com.mx\/wp-content\/uploads\/2023\/11\/bibipastor-540x540.png 540w, https:\/\/www.gridmag.com.mx\/wp-content\/uploads\/2023\/11\/bibipastor-720x720.png 720w, https:\/\/www.gridmag.com.mx\/wp-content\/uploads\/2023\/11\/bibipastor-770x770.png 770w, https:\/\/www.gridmag.com.mx\/wp-content\/uploads\/2023\/11\/bibipastor-125x125.png 125w, https:\/\/www.gridmag.com.mx\/wp-content\/uploads\/2023\/11\/bibipastor.png 1080w\" sizes=\"(max-width: 1024px) 100vw, 1024px\" \/><\/figure>\n<\/div>\n<\/div>\n\n\n\n<h2 class=\"wp-block-heading\"><strong>Impacto y transformaci\u00f3n social<\/strong><\/h2>\n\n\n\n<p>En tan solo tres a\u00f1os de actividad, Mesa P\u00fablica ha logrado que las personas que transitan diariamente por la plaza y viven en los alrededores cambien la forma en la que ven e interact\u00faan con la plaza. En los \u00faltimos meses\u00a0 otro grupo comenz\u00f3 a dar clases de baile p\u00fablicas, adem\u00e1s se han realizado conciertos gratuitos y <strong>bazares<\/strong>. Ahora este <strong>espacio<\/strong> se ve como uno vers\u00e1til, donde pueden haber actividades tanto comerciales como culturales.\u00a0<\/p>\n\n\n\n<p>\u201cVimos que [las personas] pasaron de la desconfianza en el espacio p\u00fablico [&#8230;] a la certeza de poder acercarse con esa tranquilidad de que iba a ser para aprender [&#8230;] para disfrutar y tener este momento de compartir lo que les apasiona.\u201d<br>Daniel, co-fundador de Cultivo Estudio.<\/p>\n\n\n\n<div class=\"wp-block-columns is-layout-flex wp-container-core-columns-is-layout-9d6595d7 wp-block-columns-is-layout-flex\">\n<div class=\"wp-block-column is-layout-flow wp-block-column-is-layout-flow\">\n<figure class=\"wp-block-image size-large\"><img decoding=\"async\" width=\"1024\" height=\"1024\" src=\"https:\/\/www.gridmag.com.mx\/wp-content\/uploads\/2023\/11\/bordadoservilletas-1024x1024.jpg\" alt=\"\" class=\"wp-image-5390\" srcset=\"https:\/\/www.gridmag.com.mx\/wp-content\/uploads\/2023\/11\/bordadoservilletas-1024x1024.jpg 1024w, https:\/\/www.gridmag.com.mx\/wp-content\/uploads\/2023\/11\/bordadoservilletas-300x300.jpg 300w, https:\/\/www.gridmag.com.mx\/wp-content\/uploads\/2023\/11\/bordadoservilletas-150x150.jpg 150w, https:\/\/www.gridmag.com.mx\/wp-content\/uploads\/2023\/11\/bordadoservilletas-768x768.jpg 768w, https:\/\/www.gridmag.com.mx\/wp-content\/uploads\/2023\/11\/bordadoservilletas-120x120.jpg 120w, https:\/\/www.gridmag.com.mx\/wp-content\/uploads\/2023\/11\/bordadoservilletas-240x240.jpg 240w, https:\/\/www.gridmag.com.mx\/wp-content\/uploads\/2023\/11\/bordadoservilletas-360x360.jpg 360w, https:\/\/www.gridmag.com.mx\/wp-content\/uploads\/2023\/11\/bordadoservilletas-540x540.jpg 540w, https:\/\/www.gridmag.com.mx\/wp-content\/uploads\/2023\/11\/bordadoservilletas-720x720.jpg 720w, https:\/\/www.gridmag.com.mx\/wp-content\/uploads\/2023\/11\/bordadoservilletas-770x770.jpg 770w, https:\/\/www.gridmag.com.mx\/wp-content\/uploads\/2023\/11\/bordadoservilletas-125x125.jpg 125w, https:\/\/www.gridmag.com.mx\/wp-content\/uploads\/2023\/11\/bordadoservilletas.jpg 1080w\" sizes=\"(max-width: 1024px) 100vw, 1024px\" \/><\/figure>\n<\/div>\n\n\n\n<div class=\"wp-block-column is-layout-flow wp-block-column-is-layout-flow\">\n<figure class=\"wp-block-image size-large\"><img decoding=\"async\" width=\"1024\" height=\"1024\" src=\"https:\/\/www.gridmag.com.mx\/wp-content\/uploads\/2023\/11\/cebadapublica-1024x1024.png\" alt=\"Mesa P\u00fablica | Reconstruyendo el Tejido de la Comunidad\" class=\"wp-image-5391\" srcset=\"https:\/\/www.gridmag.com.mx\/wp-content\/uploads\/2023\/11\/cebadapublica-1024x1024.png 1024w, https:\/\/www.gridmag.com.mx\/wp-content\/uploads\/2023\/11\/cebadapublica-300x300.png 300w, https:\/\/www.gridmag.com.mx\/wp-content\/uploads\/2023\/11\/cebadapublica-150x150.png 150w, https:\/\/www.gridmag.com.mx\/wp-content\/uploads\/2023\/11\/cebadapublica-768x768.png 768w, https:\/\/www.gridmag.com.mx\/wp-content\/uploads\/2023\/11\/cebadapublica-120x120.png 120w, https:\/\/www.gridmag.com.mx\/wp-content\/uploads\/2023\/11\/cebadapublica-240x240.png 240w, https:\/\/www.gridmag.com.mx\/wp-content\/uploads\/2023\/11\/cebadapublica-360x360.png 360w, https:\/\/www.gridmag.com.mx\/wp-content\/uploads\/2023\/11\/cebadapublica-540x540.png 540w, https:\/\/www.gridmag.com.mx\/wp-content\/uploads\/2023\/11\/cebadapublica-720x720.png 720w, https:\/\/www.gridmag.com.mx\/wp-content\/uploads\/2023\/11\/cebadapublica-770x770.png 770w, https:\/\/www.gridmag.com.mx\/wp-content\/uploads\/2023\/11\/cebadapublica-125x125.png 125w, https:\/\/www.gridmag.com.mx\/wp-content\/uploads\/2023\/11\/cebadapublica.png 1080w\" sizes=\"(max-width: 1024px) 100vw, 1024px\" \/><\/figure>\n<\/div>\n<\/div>\n\n\n\n<p>Ahora las personas de la localidad esperan y preguntan por Mesa P\u00fablica, esta iniciativa ha logrado tanto juntar a la <strong>comunidad<\/strong> como expandir el horizonte de posibilidades para la plaza. El equipo detr\u00e1s de este proyecto espera que este modelo se pueda expandir por la Rep\u00fablica Mexicana y que cree motivaci\u00f3n para reconstruir el tejido social y los encuentros comunitarios en en los espacios p\u00fablicos.\u00a0<\/p>\n\n\n\n<div class=\"wp-block-columns is-layout-flex wp-container-core-columns-is-layout-9d6595d7 wp-block-columns-is-layout-flex\">\n<div class=\"wp-block-column is-layout-flow wp-block-column-is-layout-flow\">\n<figure class=\"wp-block-image size-large\"><img decoding=\"async\" width=\"1024\" height=\"1024\" src=\"https:\/\/www.gridmag.com.mx\/wp-content\/uploads\/2023\/11\/participacion_ciudadana-1024x1024.png\" alt=\"\" class=\"wp-image-5392\" srcset=\"https:\/\/www.gridmag.com.mx\/wp-content\/uploads\/2023\/11\/participacion_ciudadana-1024x1024.png 1024w, https:\/\/www.gridmag.com.mx\/wp-content\/uploads\/2023\/11\/participacion_ciudadana-300x300.png 300w, https:\/\/www.gridmag.com.mx\/wp-content\/uploads\/2023\/11\/participacion_ciudadana-150x150.png 150w, https:\/\/www.gridmag.com.mx\/wp-content\/uploads\/2023\/11\/participacion_ciudadana-768x768.png 768w, https:\/\/www.gridmag.com.mx\/wp-content\/uploads\/2023\/11\/participacion_ciudadana-120x120.png 120w, https:\/\/www.gridmag.com.mx\/wp-content\/uploads\/2023\/11\/participacion_ciudadana-240x240.png 240w, https:\/\/www.gridmag.com.mx\/wp-content\/uploads\/2023\/11\/participacion_ciudadana-360x360.png 360w, https:\/\/www.gridmag.com.mx\/wp-content\/uploads\/2023\/11\/participacion_ciudadana-540x540.png 540w, https:\/\/www.gridmag.com.mx\/wp-content\/uploads\/2023\/11\/participacion_ciudadana-720x720.png 720w, https:\/\/www.gridmag.com.mx\/wp-content\/uploads\/2023\/11\/participacion_ciudadana-770x770.png 770w, https:\/\/www.gridmag.com.mx\/wp-content\/uploads\/2023\/11\/participacion_ciudadana-125x125.png 125w, https:\/\/www.gridmag.com.mx\/wp-content\/uploads\/2023\/11\/participacion_ciudadana.png 1080w\" sizes=\"(max-width: 1024px) 100vw, 1024px\" \/><\/figure>\n<\/div>\n\n\n\n<div class=\"wp-block-column is-layout-flow wp-block-column-is-layout-flow\">\n<figure class=\"wp-block-image size-large\"><img decoding=\"async\" width=\"1024\" height=\"1024\" src=\"https:\/\/www.gridmag.com.mx\/wp-content\/uploads\/2023\/11\/sipndraw-1024x1024.png\" alt=\"Mesa P\u00fablica | Reconstruyendo el Tejido de la Comunidad\" class=\"wp-image-5393\" srcset=\"https:\/\/www.gridmag.com.mx\/wp-content\/uploads\/2023\/11\/sipndraw-1024x1024.png 1024w, https:\/\/www.gridmag.com.mx\/wp-content\/uploads\/2023\/11\/sipndraw-300x300.png 300w, https:\/\/www.gridmag.com.mx\/wp-content\/uploads\/2023\/11\/sipndraw-150x150.png 150w, https:\/\/www.gridmag.com.mx\/wp-content\/uploads\/2023\/11\/sipndraw-768x768.png 768w, https:\/\/www.gridmag.com.mx\/wp-content\/uploads\/2023\/11\/sipndraw-120x120.png 120w, https:\/\/www.gridmag.com.mx\/wp-content\/uploads\/2023\/11\/sipndraw-240x240.png 240w, https:\/\/www.gridmag.com.mx\/wp-content\/uploads\/2023\/11\/sipndraw-360x360.png 360w, https:\/\/www.gridmag.com.mx\/wp-content\/uploads\/2023\/11\/sipndraw-540x540.png 540w, https:\/\/www.gridmag.com.mx\/wp-content\/uploads\/2023\/11\/sipndraw-720x720.png 720w, https:\/\/www.gridmag.com.mx\/wp-content\/uploads\/2023\/11\/sipndraw-770x770.png 770w, https:\/\/www.gridmag.com.mx\/wp-content\/uploads\/2023\/11\/sipndraw-125x125.png 125w, https:\/\/www.gridmag.com.mx\/wp-content\/uploads\/2023\/11\/sipndraw.png 1080w\" sizes=\"(max-width: 1024px) 100vw, 1024px\" \/><\/figure>\n<\/div>\n<\/div>\n\n\n\n<p>\u201cEl activismo creativo es como ese paso que todas las personas deb\u00edamos tomar [&#8230;] para sentirnos un poco m\u00e1s involucrados con nuestra comunidad y no dejar de lado estas actividades constantes y cotidianas [&#8230;] que eventualmente llevar\u00e1n a un impacto m\u00e1s grande.\u201d<br>Daniel, co-fundador de Cultivo Estudio.<\/p>\n\n\n\n<p>CONTACTO:<br>IG: <a href=\"https:\/\/www.instagram.com\/mesa_publica\/\">@mesa_publica<\/a>&nbsp;<br><\/p>\n","protected":false},"excerpt":{"rendered":"<p>\u00bfCu\u00e1ntas veces pasamos apurades por una plaza peatonal en la ciudad? A lo mejor vamos corriendo al trabajo, de regreso al hogar o tarde a un compromiso. \u00bfCu\u00e1ntas veces nos detenemos a mirar a las otras personas que cruzan la plaza? O a sentarnos en una banca?\u00a0 Mesa P\u00fablica propone justamente esto, dedicar un momento de nuestro d\u00eda en acercarnos a las personas de nuestra localidad para compartir, aprender y convivir. Mesa P\u00fablica busca, en parte, restaurar un fragmento del [&hellip;]<\/p>\n","protected":false},"author":22,"featured_media":5385,"comment_status":"open","ping_status":"open","sticky":false,"template":"","format":"standard","meta":{"footnotes":""},"categories":[55,1],"tags":[],"class_list":["post-5384","post","type-post","status-publish","format-standard","has-post-thumbnail","hentry","category-creativos","category-sin-categoria"],"yoast_head":"<!-- This site is optimized with the Yoast SEO plugin v27.0 - https:\/\/yoast.com\/product\/yoast-seo-wordpress\/ -->\n<title>Mesa P\u00fablica | Reconstruyendo el Tejido de la Comunidad<\/title>\n<meta name=\"description\" content=\"Descubre Mesa P\u00fablica busca revitalizar el tejido social y fomentar un sentido de pertenencia y comunidad en Le\u00f3n, Guanajuato.\" \/>\n<meta name=\"robots\" content=\"index, follow, max-snippet:-1, max-image-preview:large, max-video-preview:-1\" \/>\n<link rel=\"canonical\" href=\"https:\/\/www.gridmag.com.mx\/index.php\/2023\/11\/27\/mesa-publica-reconstruyendo-el-tejido-de-la-comunidad\/\" \/>\n<meta property=\"og:locale\" content=\"es_MX\" \/>\n<meta property=\"og:type\" content=\"article\" \/>\n<meta property=\"og:title\" content=\"Mesa P\u00fablica | Reconstruyendo el Tejido de la Comunidad\" \/>\n<meta property=\"og:description\" content=\"Descubre Mesa P\u00fablica busca revitalizar el tejido social y fomentar un sentido de pertenencia y comunidad en Le\u00f3n, Guanajuato.\" \/>\n<meta property=\"og:url\" content=\"https:\/\/www.gridmag.com.mx\/index.php\/2023\/11\/27\/mesa-publica-reconstruyendo-el-tejido-de-la-comunidad\/\" \/>\n<meta property=\"og:site_name\" content=\"Grid Magazine\" \/>\n<meta property=\"article:publisher\" content=\"https:\/\/www.facebook.com\/gridmagazine.mx\" \/>\n<meta property=\"article:published_time\" content=\"2023-11-27T16:19:58+00:00\" \/>\n<meta property=\"article:modified_time\" content=\"2024-02-20T22:19:52+00:00\" \/>\n<meta property=\"og:image\" content=\"https:\/\/www.gridmag.com.mx\/wp-content\/uploads\/2023\/11\/ilustraciones_logo-03.png\" \/>\n\t<meta property=\"og:image:width\" content=\"4500\" \/>\n\t<meta property=\"og:image:height\" content=\"4500\" \/>\n\t<meta property=\"og:image:type\" content=\"image\/png\" \/>\n<meta name=\"author\" content=\"Lauren Arnold\" \/>\n<meta name=\"twitter:card\" content=\"summary_large_image\" \/>\n<meta name=\"twitter:label1\" content=\"Escrito por\" \/>\n\t<meta name=\"twitter:data1\" content=\"Lauren Arnold\" \/>\n\t<meta name=\"twitter:label2\" content=\"Tiempo de lectura\" \/>\n\t<meta name=\"twitter:data2\" content=\"4 minutos\" \/>\n<script type=\"application\/ld+json\" class=\"yoast-schema-graph\">{\"@context\":\"https:\/\/schema.org\",\"@graph\":[{\"@type\":\"Article\",\"@id\":\"https:\/\/www.gridmag.com.mx\/index.php\/2023\/11\/27\/mesa-publica-reconstruyendo-el-tejido-de-la-comunidad\/#article\",\"isPartOf\":{\"@id\":\"https:\/\/www.gridmag.com.mx\/index.php\/2023\/11\/27\/mesa-publica-reconstruyendo-el-tejido-de-la-comunidad\/\"},\"author\":{\"name\":\"Lauren Arnold\",\"@id\":\"https:\/\/www.gridmag.com.mx\/#\/schema\/person\/32bc7f1c3632f33b8a2ac3559a47334a\"},\"headline\":\"Mesa P\u00fablica | Reconstruyendo el tejido de la comunidad\",\"datePublished\":\"2023-11-27T16:19:58+00:00\",\"dateModified\":\"2024-02-20T22:19:52+00:00\",\"mainEntityOfPage\":{\"@id\":\"https:\/\/www.gridmag.com.mx\/index.php\/2023\/11\/27\/mesa-publica-reconstruyendo-el-tejido-de-la-comunidad\/\"},\"wordCount\":540,\"commentCount\":0,\"publisher\":{\"@id\":\"https:\/\/www.gridmag.com.mx\/#organization\"},\"image\":{\"@id\":\"https:\/\/www.gridmag.com.mx\/index.php\/2023\/11\/27\/mesa-publica-reconstruyendo-el-tejido-de-la-comunidad\/#primaryimage\"},\"thumbnailUrl\":\"https:\/\/www.gridmag.com.mx\/wp-content\/uploads\/2023\/11\/ilustraciones_logo-03.png\",\"articleSection\":[\"Creativos\"],\"inLanguage\":\"es\",\"potentialAction\":[{\"@type\":\"CommentAction\",\"name\":\"Comment\",\"target\":[\"https:\/\/www.gridmag.com.mx\/index.php\/2023\/11\/27\/mesa-publica-reconstruyendo-el-tejido-de-la-comunidad\/#respond\"]}]},{\"@type\":\"WebPage\",\"@id\":\"https:\/\/www.gridmag.com.mx\/index.php\/2023\/11\/27\/mesa-publica-reconstruyendo-el-tejido-de-la-comunidad\/\",\"url\":\"https:\/\/www.gridmag.com.mx\/index.php\/2023\/11\/27\/mesa-publica-reconstruyendo-el-tejido-de-la-comunidad\/\",\"name\":\"Mesa P\u00fablica | Reconstruyendo el Tejido de la Comunidad\",\"isPartOf\":{\"@id\":\"https:\/\/www.gridmag.com.mx\/#website\"},\"primaryImageOfPage\":{\"@id\":\"https:\/\/www.gridmag.com.mx\/index.php\/2023\/11\/27\/mesa-publica-reconstruyendo-el-tejido-de-la-comunidad\/#primaryimage\"},\"image\":{\"@id\":\"https:\/\/www.gridmag.com.mx\/index.php\/2023\/11\/27\/mesa-publica-reconstruyendo-el-tejido-de-la-comunidad\/#primaryimage\"},\"thumbnailUrl\":\"https:\/\/www.gridmag.com.mx\/wp-content\/uploads\/2023\/11\/ilustraciones_logo-03.png\",\"datePublished\":\"2023-11-27T16:19:58+00:00\",\"dateModified\":\"2024-02-20T22:19:52+00:00\",\"description\":\"Descubre Mesa P\u00fablica busca revitalizar el tejido social y fomentar un sentido de pertenencia y comunidad en Le\u00f3n, Guanajuato.\",\"breadcrumb\":{\"@id\":\"https:\/\/www.gridmag.com.mx\/index.php\/2023\/11\/27\/mesa-publica-reconstruyendo-el-tejido-de-la-comunidad\/#breadcrumb\"},\"inLanguage\":\"es\",\"potentialAction\":[{\"@type\":\"ReadAction\",\"target\":[\"https:\/\/www.gridmag.com.mx\/index.php\/2023\/11\/27\/mesa-publica-reconstruyendo-el-tejido-de-la-comunidad\/\"]}]},{\"@type\":\"ImageObject\",\"inLanguage\":\"es\",\"@id\":\"https:\/\/www.gridmag.com.mx\/index.php\/2023\/11\/27\/mesa-publica-reconstruyendo-el-tejido-de-la-comunidad\/#primaryimage\",\"url\":\"https:\/\/www.gridmag.com.mx\/wp-content\/uploads\/2023\/11\/ilustraciones_logo-03.png\",\"contentUrl\":\"https:\/\/www.gridmag.com.mx\/wp-content\/uploads\/2023\/11\/ilustraciones_logo-03.png\",\"width\":4500,\"height\":4500},{\"@type\":\"BreadcrumbList\",\"@id\":\"https:\/\/www.gridmag.com.mx\/index.php\/2023\/11\/27\/mesa-publica-reconstruyendo-el-tejido-de-la-comunidad\/#breadcrumb\",\"itemListElement\":[{\"@type\":\"ListItem\",\"position\":1,\"name\":\"Inicio\",\"item\":\"https:\/\/www.gridmag.com.mx\/\"},{\"@type\":\"ListItem\",\"position\":2,\"name\":\"Mesa P\u00fablica | Reconstruyendo el tejido de la comunidad\"}]},{\"@type\":\"WebSite\",\"@id\":\"https:\/\/www.gridmag.com.mx\/#website\",\"url\":\"https:\/\/www.gridmag.com.mx\/\",\"name\":\"Grid Magazine\",\"description\":\"Compartiendo lo mejor de la arquitectura y dise\u00f1o mexicano.\",\"publisher\":{\"@id\":\"https:\/\/www.gridmag.com.mx\/#organization\"},\"potentialAction\":[{\"@type\":\"SearchAction\",\"target\":{\"@type\":\"EntryPoint\",\"urlTemplate\":\"https:\/\/www.gridmag.com.mx\/?s={search_term_string}\"},\"query-input\":{\"@type\":\"PropertyValueSpecification\",\"valueRequired\":true,\"valueName\":\"search_term_string\"}}],\"inLanguage\":\"es\"},{\"@type\":\"Organization\",\"@id\":\"https:\/\/www.gridmag.com.mx\/#organization\",\"name\":\"Grid Magazine\",\"url\":\"https:\/\/www.gridmag.com.mx\/\",\"logo\":{\"@type\":\"ImageObject\",\"inLanguage\":\"es\",\"@id\":\"https:\/\/www.gridmag.com.mx\/#\/schema\/logo\/image\/\",\"url\":\"\",\"contentUrl\":\"\",\"caption\":\"Grid Magazine\"},\"image\":{\"@id\":\"https:\/\/www.gridmag.com.mx\/#\/schema\/logo\/image\/\"},\"sameAs\":[\"https:\/\/www.facebook.com\/gridmagazine.mx\",\"https:\/\/www.instagram.com\/gridmagazine_mx\/\",\"https:\/\/www.tiktok.com\/@gridmagazine.mx?_t=8gl2kVR2Aq6&_r=1\",\"https:\/\/www.linkedin.com\/company\/grid-magazine-mx\/\"]},{\"@type\":\"Person\",\"@id\":\"https:\/\/www.gridmag.com.mx\/#\/schema\/person\/32bc7f1c3632f33b8a2ac3559a47334a\",\"name\":\"Lauren Arnold\",\"image\":{\"@type\":\"ImageObject\",\"inLanguage\":\"es\",\"@id\":\"https:\/\/www.gridmag.com.mx\/#\/schema\/person\/image\/\",\"url\":\"https:\/\/secure.gravatar.com\/avatar\/ca45ca1fbca5e44a7d2238ca4cb3246c81bdc96784fcc2a116c93a66af7ebec5?s=96&d=mm&r=g\",\"contentUrl\":\"https:\/\/secure.gravatar.com\/avatar\/ca45ca1fbca5e44a7d2238ca4cb3246c81bdc96784fcc2a116c93a66af7ebec5?s=96&d=mm&r=g\",\"caption\":\"Lauren Arnold\"},\"url\":\"https:\/\/www.gridmag.com.mx\/index.php\/author\/lauren-arnold\/\"}]}<\/script>\n<!-- \/ Yoast SEO plugin. -->","yoast_head_json":{"title":"Mesa P\u00fablica | Reconstruyendo el Tejido de la Comunidad","description":"Descubre Mesa P\u00fablica busca revitalizar el tejido social y fomentar un sentido de pertenencia y comunidad en Le\u00f3n, Guanajuato.","robots":{"index":"index","follow":"follow","max-snippet":"max-snippet:-1","max-image-preview":"max-image-preview:large","max-video-preview":"max-video-preview:-1"},"canonical":"https:\/\/www.gridmag.com.mx\/index.php\/2023\/11\/27\/mesa-publica-reconstruyendo-el-tejido-de-la-comunidad\/","og_locale":"es_MX","og_type":"article","og_title":"Mesa P\u00fablica | Reconstruyendo el Tejido de la Comunidad","og_description":"Descubre Mesa P\u00fablica busca revitalizar el tejido social y fomentar un sentido de pertenencia y comunidad en Le\u00f3n, Guanajuato.","og_url":"https:\/\/www.gridmag.com.mx\/index.php\/2023\/11\/27\/mesa-publica-reconstruyendo-el-tejido-de-la-comunidad\/","og_site_name":"Grid Magazine","article_publisher":"https:\/\/www.facebook.com\/gridmagazine.mx","article_published_time":"2023-11-27T16:19:58+00:00","article_modified_time":"2024-02-20T22:19:52+00:00","og_image":[{"width":4500,"height":4500,"url":"https:\/\/www.gridmag.com.mx\/wp-content\/uploads\/2023\/11\/ilustraciones_logo-03.png","type":"image\/png"}],"author":"Lauren Arnold","twitter_card":"summary_large_image","twitter_misc":{"Escrito por":"Lauren Arnold","Tiempo de lectura":"4 minutos"},"schema":{"@context":"https:\/\/schema.org","@graph":[{"@type":"Article","@id":"https:\/\/www.gridmag.com.mx\/index.php\/2023\/11\/27\/mesa-publica-reconstruyendo-el-tejido-de-la-comunidad\/#article","isPartOf":{"@id":"https:\/\/www.gridmag.com.mx\/index.php\/2023\/11\/27\/mesa-publica-reconstruyendo-el-tejido-de-la-comunidad\/"},"author":{"name":"Lauren Arnold","@id":"https:\/\/www.gridmag.com.mx\/#\/schema\/person\/32bc7f1c3632f33b8a2ac3559a47334a"},"headline":"Mesa P\u00fablica | Reconstruyendo el tejido de la comunidad","datePublished":"2023-11-27T16:19:58+00:00","dateModified":"2024-02-20T22:19:52+00:00","mainEntityOfPage":{"@id":"https:\/\/www.gridmag.com.mx\/index.php\/2023\/11\/27\/mesa-publica-reconstruyendo-el-tejido-de-la-comunidad\/"},"wordCount":540,"commentCount":0,"publisher":{"@id":"https:\/\/www.gridmag.com.mx\/#organization"},"image":{"@id":"https:\/\/www.gridmag.com.mx\/index.php\/2023\/11\/27\/mesa-publica-reconstruyendo-el-tejido-de-la-comunidad\/#primaryimage"},"thumbnailUrl":"https:\/\/www.gridmag.com.mx\/wp-content\/uploads\/2023\/11\/ilustraciones_logo-03.png","articleSection":["Creativos"],"inLanguage":"es","potentialAction":[{"@type":"CommentAction","name":"Comment","target":["https:\/\/www.gridmag.com.mx\/index.php\/2023\/11\/27\/mesa-publica-reconstruyendo-el-tejido-de-la-comunidad\/#respond"]}]},{"@type":"WebPage","@id":"https:\/\/www.gridmag.com.mx\/index.php\/2023\/11\/27\/mesa-publica-reconstruyendo-el-tejido-de-la-comunidad\/","url":"https:\/\/www.gridmag.com.mx\/index.php\/2023\/11\/27\/mesa-publica-reconstruyendo-el-tejido-de-la-comunidad\/","name":"Mesa P\u00fablica | Reconstruyendo el Tejido de la Comunidad","isPartOf":{"@id":"https:\/\/www.gridmag.com.mx\/#website"},"primaryImageOfPage":{"@id":"https:\/\/www.gridmag.com.mx\/index.php\/2023\/11\/27\/mesa-publica-reconstruyendo-el-tejido-de-la-comunidad\/#primaryimage"},"image":{"@id":"https:\/\/www.gridmag.com.mx\/index.php\/2023\/11\/27\/mesa-publica-reconstruyendo-el-tejido-de-la-comunidad\/#primaryimage"},"thumbnailUrl":"https:\/\/www.gridmag.com.mx\/wp-content\/uploads\/2023\/11\/ilustraciones_logo-03.png","datePublished":"2023-11-27T16:19:58+00:00","dateModified":"2024-02-20T22:19:52+00:00","description":"Descubre Mesa P\u00fablica busca revitalizar el tejido social y fomentar un sentido de pertenencia y comunidad en Le\u00f3n, Guanajuato.","breadcrumb":{"@id":"https:\/\/www.gridmag.com.mx\/index.php\/2023\/11\/27\/mesa-publica-reconstruyendo-el-tejido-de-la-comunidad\/#breadcrumb"},"inLanguage":"es","potentialAction":[{"@type":"ReadAction","target":["https:\/\/www.gridmag.com.mx\/index.php\/2023\/11\/27\/mesa-publica-reconstruyendo-el-tejido-de-la-comunidad\/"]}]},{"@type":"ImageObject","inLanguage":"es","@id":"https:\/\/www.gridmag.com.mx\/index.php\/2023\/11\/27\/mesa-publica-reconstruyendo-el-tejido-de-la-comunidad\/#primaryimage","url":"https:\/\/www.gridmag.com.mx\/wp-content\/uploads\/2023\/11\/ilustraciones_logo-03.png","contentUrl":"https:\/\/www.gridmag.com.mx\/wp-content\/uploads\/2023\/11\/ilustraciones_logo-03.png","width":4500,"height":4500},{"@type":"BreadcrumbList","@id":"https:\/\/www.gridmag.com.mx\/index.php\/2023\/11\/27\/mesa-publica-reconstruyendo-el-tejido-de-la-comunidad\/#breadcrumb","itemListElement":[{"@type":"ListItem","position":1,"name":"Inicio","item":"https:\/\/www.gridmag.com.mx\/"},{"@type":"ListItem","position":2,"name":"Mesa P\u00fablica | Reconstruyendo el tejido de la comunidad"}]},{"@type":"WebSite","@id":"https:\/\/www.gridmag.com.mx\/#website","url":"https:\/\/www.gridmag.com.mx\/","name":"Grid Magazine","description":"Compartiendo lo mejor de la arquitectura y dise\u00f1o mexicano.","publisher":{"@id":"https:\/\/www.gridmag.com.mx\/#organization"},"potentialAction":[{"@type":"SearchAction","target":{"@type":"EntryPoint","urlTemplate":"https:\/\/www.gridmag.com.mx\/?s={search_term_string}"},"query-input":{"@type":"PropertyValueSpecification","valueRequired":true,"valueName":"search_term_string"}}],"inLanguage":"es"},{"@type":"Organization","@id":"https:\/\/www.gridmag.com.mx\/#organization","name":"Grid Magazine","url":"https:\/\/www.gridmag.com.mx\/","logo":{"@type":"ImageObject","inLanguage":"es","@id":"https:\/\/www.gridmag.com.mx\/#\/schema\/logo\/image\/","url":"","contentUrl":"","caption":"Grid Magazine"},"image":{"@id":"https:\/\/www.gridmag.com.mx\/#\/schema\/logo\/image\/"},"sameAs":["https:\/\/www.facebook.com\/gridmagazine.mx","https:\/\/www.instagram.com\/gridmagazine_mx\/","https:\/\/www.tiktok.com\/@gridmagazine.mx?_t=8gl2kVR2Aq6&_r=1","https:\/\/www.linkedin.com\/company\/grid-magazine-mx\/"]},{"@type":"Person","@id":"https:\/\/www.gridmag.com.mx\/#\/schema\/person\/32bc7f1c3632f33b8a2ac3559a47334a","name":"Lauren Arnold","image":{"@type":"ImageObject","inLanguage":"es","@id":"https:\/\/www.gridmag.com.mx\/#\/schema\/person\/image\/","url":"https:\/\/secure.gravatar.com\/avatar\/ca45ca1fbca5e44a7d2238ca4cb3246c81bdc96784fcc2a116c93a66af7ebec5?s=96&d=mm&r=g","contentUrl":"https:\/\/secure.gravatar.com\/avatar\/ca45ca1fbca5e44a7d2238ca4cb3246c81bdc96784fcc2a116c93a66af7ebec5?s=96&d=mm&r=g","caption":"Lauren Arnold"},"url":"https:\/\/www.gridmag.com.mx\/index.php\/author\/lauren-arnold\/"}]}},"_links":{"self":[{"href":"https:\/\/www.gridmag.com.mx\/index.php\/wp-json\/wp\/v2\/posts\/5384","targetHints":{"allow":["GET"]}}],"collection":[{"href":"https:\/\/www.gridmag.com.mx\/index.php\/wp-json\/wp\/v2\/posts"}],"about":[{"href":"https:\/\/www.gridmag.com.mx\/index.php\/wp-json\/wp\/v2\/types\/post"}],"author":[{"embeddable":true,"href":"https:\/\/www.gridmag.com.mx\/index.php\/wp-json\/wp\/v2\/users\/22"}],"replies":[{"embeddable":true,"href":"https:\/\/www.gridmag.com.mx\/index.php\/wp-json\/wp\/v2\/comments?post=5384"}],"version-history":[{"count":3,"href":"https:\/\/www.gridmag.com.mx\/index.php\/wp-json\/wp\/v2\/posts\/5384\/revisions"}],"predecessor-version":[{"id":6565,"href":"https:\/\/www.gridmag.com.mx\/index.php\/wp-json\/wp\/v2\/posts\/5384\/revisions\/6565"}],"wp:featuredmedia":[{"embeddable":true,"href":"https:\/\/www.gridmag.com.mx\/index.php\/wp-json\/wp\/v2\/media\/5385"}],"wp:attachment":[{"href":"https:\/\/www.gridmag.com.mx\/index.php\/wp-json\/wp\/v2\/media?parent=5384"}],"wp:term":[{"taxonomy":"category","embeddable":true,"href":"https:\/\/www.gridmag.com.mx\/index.php\/wp-json\/wp\/v2\/categories?post=5384"},{"taxonomy":"post_tag","embeddable":true,"href":"https:\/\/www.gridmag.com.mx\/index.php\/wp-json\/wp\/v2\/tags?post=5384"}],"curies":[{"name":"wp","href":"https:\/\/api.w.org\/{rel}","templated":true}]}}