{"id":5416,"date":"2023-11-28T09:00:00","date_gmt":"2023-11-28T15:00:00","guid":{"rendered":"https:\/\/www.gridmag.com.mx\/?p=5416"},"modified":"2024-02-20T17:09:09","modified_gmt":"2024-02-20T23:09:09","slug":"la-extraviada-i-em-estudio","status":"publish","type":"post","link":"https:\/\/www.gridmag.com.mx\/index.php\/2023\/11\/28\/la-extraviada-i-em-estudio\/","title":{"rendered":"La Extraviada I EM-ESTUDIO"},"content":{"rendered":"\n\n\n<p>\u201cLa Extraviada es un pez que se convirti\u00f3 en un sue\u00f1o que se convirti\u00f3 en un proyecto que se convirti\u00f3 en una casa que mira al mar.\u201d&nbsp;<\/p>\n\n\n\n<p>Mirando al Oc\u00e9ano Pac\u00edfico, La Extraviada est\u00e1 construida en la ladera del cerro frente a la tranquila y majestuosa playa Mermejita, totalmente rodeada por la naturaleza.&nbsp;<\/p>\n\n\n\n<h2 class=\"wp-block-heading\">Un sue\u00f1o frente al mar<\/h2>\n\n\n\n<p>La Extraviada es una casa pensada para vacacionar en Mazunte, Oaxaca, donde siempre hace calor. Bajo esta premisa, la vivienda se dise\u00f1\u00f3 pensando en las vistas hacia el mar y buscando el paso del aire con ventilaciones cruzadas que dan frescura a los espacios. Es un proyecto que no lucha contra la naturaleza de su contexto y el desgaste que ocasiona la proximidad al mar, la sal, el sol y la humedad, sino que lo usa a su favor convirti\u00e9ndolo en parte esencial del dise\u00f1o.&nbsp;<\/p>\n\n\n\n<figure class=\"wp-block-image size-large\"><img decoding=\"async\" width=\"1024\" height=\"683\" src=\"https:\/\/www.gridmag.com.mx\/wp-content\/uploads\/2023\/11\/18-LaExt_foto-Nin-Solis-1024x683.jpg\" alt=\"La Extraviada I em-estudio\" class=\"wp-image-5420\" srcset=\"https:\/\/www.gridmag.com.mx\/wp-content\/uploads\/2023\/11\/18-LaExt_foto-Nin-Solis-1024x683.jpg 1024w, https:\/\/www.gridmag.com.mx\/wp-content\/uploads\/2023\/11\/18-LaExt_foto-Nin-Solis-300x200.jpg 300w, https:\/\/www.gridmag.com.mx\/wp-content\/uploads\/2023\/11\/18-LaExt_foto-Nin-Solis-768x512.jpg 768w, https:\/\/www.gridmag.com.mx\/wp-content\/uploads\/2023\/11\/18-LaExt_foto-Nin-Solis-1536x1025.jpg 1536w, https:\/\/www.gridmag.com.mx\/wp-content\/uploads\/2023\/11\/18-LaExt_foto-Nin-Solis-360x240.jpg 360w, https:\/\/www.gridmag.com.mx\/wp-content\/uploads\/2023\/11\/18-LaExt_foto-Nin-Solis-720x480.jpg 720w, https:\/\/www.gridmag.com.mx\/wp-content\/uploads\/2023\/11\/18-LaExt_foto-Nin-Solis-770x514.jpg 770w, https:\/\/www.gridmag.com.mx\/wp-content\/uploads\/2023\/11\/18-LaExt_foto-Nin-Solis-1400x934.jpg 1400w, https:\/\/www.gridmag.com.mx\/wp-content\/uploads\/2023\/11\/18-LaExt_foto-Nin-Solis.jpg 1587w\" sizes=\"(max-width: 1024px) 100vw, 1024px\" \/><\/figure>\n\n\n\n<div style=\"height:10px\" aria-hidden=\"true\" class=\"wp-block-spacer\"><\/div>\n\n\n\n<h2 class=\"wp-block-heading\">Armon\u00eda con la Naturaleza<\/h2>\n\n\n\n<p>La casa busca mimetizarse con el cerro adapt\u00e1ndose a su topograf\u00eda, donde los espacios se van descubriendo conforme se baja o se sube la monta\u00f1a. La volumetr\u00eda del proyecto surge a partir de la superposici\u00f3n de vol\u00famenes p\u00e9treos, que contienen grandes ventanales de madera, y que se proyectan uno sobre otro, adapt\u00e1ndose a la pendiente del terreno, generando terrazas y volados que dan sombra y que acompa\u00f1an las corrientes del viento, creando una imagen de piedras en equilibrio en la ladera del cerro.<\/p>\n\n\n\n<figure class=\"wp-block-image size-large\"><img decoding=\"async\" width=\"1024\" height=\"683\" src=\"https:\/\/www.gridmag.com.mx\/wp-content\/uploads\/2023\/11\/17-LaExt_foto-Diego-Padilla-Magallanes-1024x683.jpg\" alt=\"La Extraviada I em-estudio\" class=\"wp-image-5419\" srcset=\"https:\/\/www.gridmag.com.mx\/wp-content\/uploads\/2023\/11\/17-LaExt_foto-Diego-Padilla-Magallanes-1024x683.jpg 1024w, https:\/\/www.gridmag.com.mx\/wp-content\/uploads\/2023\/11\/17-LaExt_foto-Diego-Padilla-Magallanes-300x200.jpg 300w, https:\/\/www.gridmag.com.mx\/wp-content\/uploads\/2023\/11\/17-LaExt_foto-Diego-Padilla-Magallanes-768x512.jpg 768w, https:\/\/www.gridmag.com.mx\/wp-content\/uploads\/2023\/11\/17-LaExt_foto-Diego-Padilla-Magallanes-1536x1025.jpg 1536w, https:\/\/www.gridmag.com.mx\/wp-content\/uploads\/2023\/11\/17-LaExt_foto-Diego-Padilla-Magallanes-360x240.jpg 360w, https:\/\/www.gridmag.com.mx\/wp-content\/uploads\/2023\/11\/17-LaExt_foto-Diego-Padilla-Magallanes-720x480.jpg 720w, https:\/\/www.gridmag.com.mx\/wp-content\/uploads\/2023\/11\/17-LaExt_foto-Diego-Padilla-Magallanes-770x514.jpg 770w, https:\/\/www.gridmag.com.mx\/wp-content\/uploads\/2023\/11\/17-LaExt_foto-Diego-Padilla-Magallanes-1400x934.jpg 1400w, https:\/\/www.gridmag.com.mx\/wp-content\/uploads\/2023\/11\/17-LaExt_foto-Diego-Padilla-Magallanes.jpg 1587w\" sizes=\"(max-width: 1024px) 100vw, 1024px\" \/><\/figure>\n\n\n\n<div style=\"height:10px\" aria-hidden=\"true\" class=\"wp-block-spacer\"><\/div>\n\n\n\n<h2 class=\"wp-block-heading\">Espacio social y privacidad<\/h2>\n\n\n\n<p>El acceso es por la parte alta del terreno, donde se ubica el estacionamiento y la entrada principal. Para acceder a la vivienda, se bajan unas escaleras contenidas entre muros que desembocan en un patio vest\u00edbulo de piedra.&nbsp;<\/p>\n\n\n\n<p>El \u00e1rea social se conforma por un pabell\u00f3n de estructura de madera y cubierta de teja de barro que se abre hacia la terraza y alberca que acompa\u00f1an la vista hacia el mar, y se complementa con el patio de piedra que contiene el espacio y permite el flujo del aire. En este pabell\u00f3n se encuentran la sala, el comedor y la cocina, dentro de grandes puertas de persianas corre plegadizas de madera que se abren y cierran conforme lo pide el sol, la lluvia y el viento.&nbsp;<\/p>\n\n\n\n<figure class=\"wp-block-image size-large\"><img decoding=\"async\" width=\"1024\" height=\"683\" src=\"https:\/\/www.gridmag.com.mx\/wp-content\/uploads\/2023\/11\/33-LaExt_foto-Nin-Solis-1024x683.jpg\" alt=\"\" class=\"wp-image-5421\" srcset=\"https:\/\/www.gridmag.com.mx\/wp-content\/uploads\/2023\/11\/33-LaExt_foto-Nin-Solis-1024x683.jpg 1024w, https:\/\/www.gridmag.com.mx\/wp-content\/uploads\/2023\/11\/33-LaExt_foto-Nin-Solis-300x200.jpg 300w, https:\/\/www.gridmag.com.mx\/wp-content\/uploads\/2023\/11\/33-LaExt_foto-Nin-Solis-768x513.jpg 768w, https:\/\/www.gridmag.com.mx\/wp-content\/uploads\/2023\/11\/33-LaExt_foto-Nin-Solis-1536x1025.jpg 1536w, https:\/\/www.gridmag.com.mx\/wp-content\/uploads\/2023\/11\/33-LaExt_foto-Nin-Solis-360x240.jpg 360w, https:\/\/www.gridmag.com.mx\/wp-content\/uploads\/2023\/11\/33-LaExt_foto-Nin-Solis-720x480.jpg 720w, https:\/\/www.gridmag.com.mx\/wp-content\/uploads\/2023\/11\/33-LaExt_foto-Nin-Solis-770x514.jpg 770w, https:\/\/www.gridmag.com.mx\/wp-content\/uploads\/2023\/11\/33-LaExt_foto-Nin-Solis-1400x934.jpg 1400w, https:\/\/www.gridmag.com.mx\/wp-content\/uploads\/2023\/11\/33-LaExt_foto-Nin-Solis.jpg 1843w\" sizes=\"(max-width: 1024px) 100vw, 1024px\" \/><\/figure>\n\n\n\n<div style=\"height:10px\" aria-hidden=\"true\" class=\"wp-block-spacer\"><\/div>\n\n\n\n<p>La casa cuenta con cuatro habitaciones, dos integradas al bloque principal y dos que pueden funcionar como estudios independientes. Ya que cuentan con un acceso propio desde la parte baja del terreno y tienen cocinetas y pozas de agua fresca privadas para cada una.\u00a0<\/p>\n\n\n\n<p>En un costado de la terraza principal surge una escalinata que baja contenida entre muros que se proyectan a una doble altura enmarcando la naturaleza. Desde donde se accede a dos de las habitaciones. En el lado opuesto, surge una escalinata de piedra que serpentea en la topograf\u00eda, inmersa en la naturaleza del cerro, y que baja hacia las habitaciones-estudio y contin\u00faa hasta la playa.\u00a0<\/p>\n\n\n\n<div class=\"wp-block-columns is-layout-flex wp-container-core-columns-is-layout-9d6595d7 wp-block-columns-is-layout-flex\">\n<div class=\"wp-block-column is-layout-flow wp-block-column-is-layout-flow\">\n<figure class=\"wp-block-image size-large\"><img decoding=\"async\" width=\"683\" height=\"1024\" src=\"https:\/\/www.gridmag.com.mx\/wp-content\/uploads\/2023\/11\/53-LaExt_foto-Diego-Padilla-Magallanes-1-683x1024.jpg\" alt=\"\" class=\"wp-image-5423\" srcset=\"https:\/\/www.gridmag.com.mx\/wp-content\/uploads\/2023\/11\/53-LaExt_foto-Diego-Padilla-Magallanes-1-683x1024.jpg 683w, https:\/\/www.gridmag.com.mx\/wp-content\/uploads\/2023\/11\/53-LaExt_foto-Diego-Padilla-Magallanes-1-200x300.jpg 200w, https:\/\/www.gridmag.com.mx\/wp-content\/uploads\/2023\/11\/53-LaExt_foto-Diego-Padilla-Magallanes-1-768x1152.jpg 768w, https:\/\/www.gridmag.com.mx\/wp-content\/uploads\/2023\/11\/53-LaExt_foto-Diego-Padilla-Magallanes-1-1024x1536.jpg 1024w, https:\/\/www.gridmag.com.mx\/wp-content\/uploads\/2023\/11\/53-LaExt_foto-Diego-Padilla-Magallanes-1-770x1155.jpg 770w, https:\/\/www.gridmag.com.mx\/wp-content\/uploads\/2023\/11\/53-LaExt_foto-Diego-Padilla-Magallanes-1.jpg 1304w\" sizes=\"(max-width: 683px) 100vw, 683px\" \/><\/figure>\n<\/div>\n\n\n\n<div class=\"wp-block-column is-layout-flow wp-block-column-is-layout-flow\">\n<figure class=\"wp-block-image size-large\"><img decoding=\"async\" width=\"682\" height=\"1024\" src=\"https:\/\/www.gridmag.com.mx\/wp-content\/uploads\/2023\/11\/57-LaExt_foto-Diego-Padilla-Magallanes-682x1024.jpg\" alt=\"La Extraviada I em-estudio\" class=\"wp-image-5424\" srcset=\"https:\/\/www.gridmag.com.mx\/wp-content\/uploads\/2023\/11\/57-LaExt_foto-Diego-Padilla-Magallanes-682x1024.jpg 682w, https:\/\/www.gridmag.com.mx\/wp-content\/uploads\/2023\/11\/57-LaExt_foto-Diego-Padilla-Magallanes-200x300.jpg 200w, https:\/\/www.gridmag.com.mx\/wp-content\/uploads\/2023\/11\/57-LaExt_foto-Diego-Padilla-Magallanes-768x1152.jpg 768w, https:\/\/www.gridmag.com.mx\/wp-content\/uploads\/2023\/11\/57-LaExt_foto-Diego-Padilla-Magallanes-1024x1536.jpg 1024w, https:\/\/www.gridmag.com.mx\/wp-content\/uploads\/2023\/11\/57-LaExt_foto-Diego-Padilla-Magallanes-770x1155.jpg 770w, https:\/\/www.gridmag.com.mx\/wp-content\/uploads\/2023\/11\/57-LaExt_foto-Diego-Padilla-Magallanes.jpg 1219w\" sizes=\"(max-width: 682px) 100vw, 682px\" \/><\/figure>\n<\/div>\n<\/div>\n\n\n\n<h2 class=\"wp-block-heading\">Materiales locales y autenticidad<\/h2>\n\n\n\n<p>La mayor\u00eda de los materiales utilizados en la construcci\u00f3n proceden de la regi\u00f3n, como la madera de macuil en la carpinter\u00eda y de guapinol en la estructura, y la piedra de canteras cercanas en patios y escaleras. La cubierta del pabell\u00f3n principal es de teja plana de barro. Todos los muros del proyecto tienen un acabado en cemento pulido mezclado con pigmentos de color caf\u00e9, buscando, al igual que con la teja, mimetizar los vol\u00famenes con la gama de tonos del entorno. Buscando que la p\u00e1tina del tiempo sea una parte integral en la imagen del proyecto donde la intemperizaci\u00f3n va dotando de car\u00e1cter a los vol\u00famenes.\u00a0<\/p>\n\n\n\n<figure class=\"wp-block-image size-large\"><img decoding=\"async\" width=\"1024\" height=\"683\" src=\"https:\/\/www.gridmag.com.mx\/wp-content\/uploads\/2023\/11\/19-LaExt_foto-Nin-Solis-1024x683.jpg\" alt=\"La Extraviada I em-estudio\" class=\"wp-image-5425\" srcset=\"https:\/\/www.gridmag.com.mx\/wp-content\/uploads\/2023\/11\/19-LaExt_foto-Nin-Solis-1024x683.jpg 1024w, https:\/\/www.gridmag.com.mx\/wp-content\/uploads\/2023\/11\/19-LaExt_foto-Nin-Solis-300x200.jpg 300w, https:\/\/www.gridmag.com.mx\/wp-content\/uploads\/2023\/11\/19-LaExt_foto-Nin-Solis-768x512.jpg 768w, https:\/\/www.gridmag.com.mx\/wp-content\/uploads\/2023\/11\/19-LaExt_foto-Nin-Solis-360x240.jpg 360w, https:\/\/www.gridmag.com.mx\/wp-content\/uploads\/2023\/11\/19-LaExt_foto-Nin-Solis-720x480.jpg 720w, https:\/\/www.gridmag.com.mx\/wp-content\/uploads\/2023\/11\/19-LaExt_foto-Nin-Solis-770x514.jpg 770w, https:\/\/www.gridmag.com.mx\/wp-content\/uploads\/2023\/11\/19-LaExt_foto-Nin-Solis.jpg 1276w\" sizes=\"(max-width: 1024px) 100vw, 1024px\" \/><\/figure>\n\n\n\n<div style=\"height:10px\" aria-hidden=\"true\" class=\"wp-block-spacer\"><\/div>\n\n\n\n<p>El concreto aparente, presente en todo el proyecto, permite que las formas que lo integran surjan en medio una pendiente tan pronunciada. Siendo adem\u00e1s un lienzo ideal para ser transformado en su apariencia con el paso de la naturaleza y el tiempo.\u00a0<\/p>\n\n\n\n<p>\u00c9sta es una casa joven que no le teme al paso del tiempo.<\/p>\n\n\n\n<figure class=\"wp-block-image size-large\"><img decoding=\"async\" width=\"1024\" height=\"684\" src=\"https:\/\/www.gridmag.com.mx\/wp-content\/uploads\/2023\/11\/24-LaExt_foto-Nin-Solis-1024x684.jpg\" alt=\"La Extraviada I em-estudio\" class=\"wp-image-5426\" srcset=\"https:\/\/www.gridmag.com.mx\/wp-content\/uploads\/2023\/11\/24-LaExt_foto-Nin-Solis-1024x684.jpg 1024w, https:\/\/www.gridmag.com.mx\/wp-content\/uploads\/2023\/11\/24-LaExt_foto-Nin-Solis-300x200.jpg 300w, https:\/\/www.gridmag.com.mx\/wp-content\/uploads\/2023\/11\/24-LaExt_foto-Nin-Solis-768x513.jpg 768w, https:\/\/www.gridmag.com.mx\/wp-content\/uploads\/2023\/11\/24-LaExt_foto-Nin-Solis-360x240.jpg 360w, https:\/\/www.gridmag.com.mx\/wp-content\/uploads\/2023\/11\/24-LaExt_foto-Nin-Solis-720x480.jpg 720w, https:\/\/www.gridmag.com.mx\/wp-content\/uploads\/2023\/11\/24-LaExt_foto-Nin-Solis-770x514.jpg 770w, https:\/\/www.gridmag.com.mx\/wp-content\/uploads\/2023\/11\/24-LaExt_foto-Nin-Solis-1400x935.jpg 1400w, https:\/\/www.gridmag.com.mx\/wp-content\/uploads\/2023\/11\/24-LaExt_foto-Nin-Solis.jpg 1417w\" sizes=\"(max-width: 1024px) 100vw, 1024px\" \/><\/figure>\n\n\n\n<div style=\"height:10px\" aria-hidden=\"true\" class=\"wp-block-spacer\"><\/div>\n\n\n\n<p><strong>Contacto<\/strong>:<br><a href=\"https:\/\/www.instagram.com\/la_extraviada_mazunte\/\">@la_extraviada_mazunte<\/a><br><a href=\"https:\/\/www.instagram.com\/la_extraviada_estudiosycasitas\/\">@la_extraviada_estudios<\/a><\/p>\n\n\n\n<p><strong>Ubicaci\u00f3n<\/strong>: Playa Mermejita Mazunte, Oaxaca, M\u00e9xico<br><strong>\u00c1rea:<\/strong> 472 m2 construcci\u00f3n _ 221m2 circulaciones, patios y terrazas<br><strong>Arquitectura:<\/strong> em-estudio \/ Ivan Esqueda Mart\u00ednez<br><strong>Interiorismo: <\/strong>Gala S\u00e1nchez-Renero<br><strong>Dibujo Arquitect\u00f3nico:<\/strong> Berenice Galindo<br><strong>Estructuras:<\/strong> Grupo Acero y Concreto<br><strong>Ingenier\u00edas: <\/strong>Ing. Miguel \u00c1ngel M\u00e1rquez Trujillo<br><strong>Carpinter\u00edas: <\/strong>Rigoberto Vel\u00e1squez Pacheco<br><strong>Maestro Alba\u00f1il:<\/strong> Jos\u00e9 No\u00e9 Pulido L\u00f3pez<br><strong>Fotograf\u00edas:<\/strong> Diego Padilla Magallanes _ Nin Solis _ Ivan Esqueda Mart\u00ednez _ Emanuel Vel\u00e1squez<strong>A\u00f1o:<\/strong> \/ 2020<\/p>\n","protected":false},"excerpt":{"rendered":"<p>\u201cLa Extraviada es un pez que se convirti\u00f3 en un sue\u00f1o que se convirti\u00f3 en un proyecto que se convirti\u00f3 en una casa que mira al mar.\u201d&nbsp; Mirando al Oc\u00e9ano Pac\u00edfico, La Extraviada est\u00e1 construida en la ladera del cerro frente a la tranquila y majestuosa playa Mermejita, totalmente rodeada por la naturaleza.&nbsp; Un sue\u00f1o frente al mar La Extraviada es una casa pensada para vacacionar en Mazunte, Oaxaca, donde siempre hace calor. Bajo esta premisa, la vivienda se dise\u00f1\u00f3 [&hellip;]<\/p>\n","protected":false},"author":1,"featured_media":5417,"comment_status":"open","ping_status":"open","sticky":false,"template":"","format":"standard","meta":{"footnotes":""},"categories":[49],"tags":[],"class_list":["post-5416","post","type-post","status-publish","format-standard","has-post-thumbnail","hentry","category-arquitectura"],"yoast_head":"<!-- This site is optimized with the Yoast SEO plugin v27.0 - https:\/\/yoast.com\/product\/yoast-seo-wordpress\/ -->\n<title>La Extraviada I em-estudio<\/title>\n<meta name=\"description\" content=\"La Extraviada, una casa de ensue\u00f1o ubicada en Oaxaca, que se fusiona con el entorno natural y aprovechar las vistas del Oc\u00e9ano Pac\u00edfico.\" \/>\n<meta name=\"robots\" content=\"index, follow, max-snippet:-1, max-image-preview:large, max-video-preview:-1\" \/>\n<link rel=\"canonical\" href=\"https:\/\/www.gridmag.com.mx\/index.php\/2023\/11\/28\/la-extraviada-i-em-estudio\/\" \/>\n<meta property=\"og:locale\" content=\"es_MX\" \/>\n<meta property=\"og:type\" content=\"article\" \/>\n<meta property=\"og:title\" content=\"La Extraviada I em-estudio\" \/>\n<meta property=\"og:description\" content=\"La Extraviada, una casa de ensue\u00f1o ubicada en Oaxaca, que se fusiona con el entorno natural y aprovechar las vistas del Oc\u00e9ano Pac\u00edfico.\" \/>\n<meta property=\"og:url\" content=\"https:\/\/www.gridmag.com.mx\/index.php\/2023\/11\/28\/la-extraviada-i-em-estudio\/\" \/>\n<meta property=\"og:site_name\" content=\"Grid Magazine\" \/>\n<meta property=\"article:publisher\" content=\"https:\/\/www.facebook.com\/gridmagazine.mx\" \/>\n<meta property=\"article:published_time\" content=\"2023-11-28T15:00:00+00:00\" \/>\n<meta property=\"article:modified_time\" content=\"2024-02-20T23:09:09+00:00\" \/>\n<meta property=\"og:image\" content=\"https:\/\/www.gridmag.com.mx\/wp-content\/uploads\/2023\/11\/PORTADA-5.jpg\" \/>\n\t<meta property=\"og:image:width\" content=\"1984\" \/>\n\t<meta property=\"og:image:height\" content=\"902\" \/>\n\t<meta property=\"og:image:type\" content=\"image\/jpeg\" \/>\n<meta name=\"author\" content=\"Grid Magazine\" \/>\n<meta name=\"twitter:card\" content=\"summary_large_image\" \/>\n<meta name=\"twitter:label1\" content=\"Escrito por\" \/>\n\t<meta name=\"twitter:data1\" content=\"Grid Magazine\" \/>\n\t<meta name=\"twitter:label2\" content=\"Tiempo de lectura\" \/>\n\t<meta name=\"twitter:data2\" content=\"5 minutos\" \/>\n<script type=\"application\/ld+json\" class=\"yoast-schema-graph\">{\"@context\":\"https:\/\/schema.org\",\"@graph\":[{\"@type\":\"Article\",\"@id\":\"https:\/\/www.gridmag.com.mx\/index.php\/2023\/11\/28\/la-extraviada-i-em-estudio\/#article\",\"isPartOf\":{\"@id\":\"https:\/\/www.gridmag.com.mx\/index.php\/2023\/11\/28\/la-extraviada-i-em-estudio\/\"},\"author\":{\"name\":\"Grid Magazine\",\"@id\":\"https:\/\/www.gridmag.com.mx\/#\/schema\/person\/d54cddc75e2ecfe4a55e39c0336ae932\"},\"headline\":\"La Extraviada I EM-ESTUDIO\",\"datePublished\":\"2023-11-28T15:00:00+00:00\",\"dateModified\":\"2024-02-20T23:09:09+00:00\",\"mainEntityOfPage\":{\"@id\":\"https:\/\/www.gridmag.com.mx\/index.php\/2023\/11\/28\/la-extraviada-i-em-estudio\/\"},\"wordCount\":758,\"commentCount\":0,\"publisher\":{\"@id\":\"https:\/\/www.gridmag.com.mx\/#organization\"},\"image\":{\"@id\":\"https:\/\/www.gridmag.com.mx\/index.php\/2023\/11\/28\/la-extraviada-i-em-estudio\/#primaryimage\"},\"thumbnailUrl\":\"https:\/\/www.gridmag.com.mx\/wp-content\/uploads\/2023\/11\/PORTADA-5.jpg\",\"articleSection\":[\"Arquitectura\"],\"inLanguage\":\"es\",\"potentialAction\":[{\"@type\":\"CommentAction\",\"name\":\"Comment\",\"target\":[\"https:\/\/www.gridmag.com.mx\/index.php\/2023\/11\/28\/la-extraviada-i-em-estudio\/#respond\"]}]},{\"@type\":\"WebPage\",\"@id\":\"https:\/\/www.gridmag.com.mx\/index.php\/2023\/11\/28\/la-extraviada-i-em-estudio\/\",\"url\":\"https:\/\/www.gridmag.com.mx\/index.php\/2023\/11\/28\/la-extraviada-i-em-estudio\/\",\"name\":\"La Extraviada I em-estudio\",\"isPartOf\":{\"@id\":\"https:\/\/www.gridmag.com.mx\/#website\"},\"primaryImageOfPage\":{\"@id\":\"https:\/\/www.gridmag.com.mx\/index.php\/2023\/11\/28\/la-extraviada-i-em-estudio\/#primaryimage\"},\"image\":{\"@id\":\"https:\/\/www.gridmag.com.mx\/index.php\/2023\/11\/28\/la-extraviada-i-em-estudio\/#primaryimage\"},\"thumbnailUrl\":\"https:\/\/www.gridmag.com.mx\/wp-content\/uploads\/2023\/11\/PORTADA-5.jpg\",\"datePublished\":\"2023-11-28T15:00:00+00:00\",\"dateModified\":\"2024-02-20T23:09:09+00:00\",\"description\":\"La Extraviada, una casa de ensue\u00f1o ubicada en Oaxaca, que se fusiona con el entorno natural y aprovechar las vistas del Oc\u00e9ano Pac\u00edfico.\",\"breadcrumb\":{\"@id\":\"https:\/\/www.gridmag.com.mx\/index.php\/2023\/11\/28\/la-extraviada-i-em-estudio\/#breadcrumb\"},\"inLanguage\":\"es\",\"potentialAction\":[{\"@type\":\"ReadAction\",\"target\":[\"https:\/\/www.gridmag.com.mx\/index.php\/2023\/11\/28\/la-extraviada-i-em-estudio\/\"]}]},{\"@type\":\"ImageObject\",\"inLanguage\":\"es\",\"@id\":\"https:\/\/www.gridmag.com.mx\/index.php\/2023\/11\/28\/la-extraviada-i-em-estudio\/#primaryimage\",\"url\":\"https:\/\/www.gridmag.com.mx\/wp-content\/uploads\/2023\/11\/PORTADA-5.jpg\",\"contentUrl\":\"https:\/\/www.gridmag.com.mx\/wp-content\/uploads\/2023\/11\/PORTADA-5.jpg\",\"width\":1984,\"height\":902,\"caption\":\"DCIM\/100MEDIA\/DJI_0701.JPG\"},{\"@type\":\"BreadcrumbList\",\"@id\":\"https:\/\/www.gridmag.com.mx\/index.php\/2023\/11\/28\/la-extraviada-i-em-estudio\/#breadcrumb\",\"itemListElement\":[{\"@type\":\"ListItem\",\"position\":1,\"name\":\"Inicio\",\"item\":\"https:\/\/www.gridmag.com.mx\/\"},{\"@type\":\"ListItem\",\"position\":2,\"name\":\"La Extraviada I EM-ESTUDIO\"}]},{\"@type\":\"WebSite\",\"@id\":\"https:\/\/www.gridmag.com.mx\/#website\",\"url\":\"https:\/\/www.gridmag.com.mx\/\",\"name\":\"Grid Magazine\",\"description\":\"Compartiendo lo mejor de la arquitectura y dise\u00f1o mexicano.\",\"publisher\":{\"@id\":\"https:\/\/www.gridmag.com.mx\/#organization\"},\"potentialAction\":[{\"@type\":\"SearchAction\",\"target\":{\"@type\":\"EntryPoint\",\"urlTemplate\":\"https:\/\/www.gridmag.com.mx\/?s={search_term_string}\"},\"query-input\":{\"@type\":\"PropertyValueSpecification\",\"valueRequired\":true,\"valueName\":\"search_term_string\"}}],\"inLanguage\":\"es\"},{\"@type\":\"Organization\",\"@id\":\"https:\/\/www.gridmag.com.mx\/#organization\",\"name\":\"Grid Magazine\",\"url\":\"https:\/\/www.gridmag.com.mx\/\",\"logo\":{\"@type\":\"ImageObject\",\"inLanguage\":\"es\",\"@id\":\"https:\/\/www.gridmag.com.mx\/#\/schema\/logo\/image\/\",\"url\":\"\",\"contentUrl\":\"\",\"caption\":\"Grid Magazine\"},\"image\":{\"@id\":\"https:\/\/www.gridmag.com.mx\/#\/schema\/logo\/image\/\"},\"sameAs\":[\"https:\/\/www.facebook.com\/gridmagazine.mx\",\"https:\/\/www.instagram.com\/gridmagazine_mx\/\",\"https:\/\/www.tiktok.com\/@gridmagazine.mx?_t=8gl2kVR2Aq6&_r=1\",\"https:\/\/www.linkedin.com\/company\/grid-magazine-mx\/\"]},{\"@type\":\"Person\",\"@id\":\"https:\/\/www.gridmag.com.mx\/#\/schema\/person\/d54cddc75e2ecfe4a55e39c0336ae932\",\"name\":\"Grid Magazine\",\"image\":{\"@type\":\"ImageObject\",\"inLanguage\":\"es\",\"@id\":\"https:\/\/www.gridmag.com.mx\/#\/schema\/person\/image\/\",\"url\":\"https:\/\/secure.gravatar.com\/avatar\/8e4bd50943002dd6ee9db30e5af749244f3e21206a99c4fb42429117eaacfc83?s=96&d=mm&r=g\",\"contentUrl\":\"https:\/\/secure.gravatar.com\/avatar\/8e4bd50943002dd6ee9db30e5af749244f3e21206a99c4fb42429117eaacfc83?s=96&d=mm&r=g\",\"caption\":\"Grid Magazine\"},\"sameAs\":[\"https:\/\/www.gridmag.com.mx\"],\"url\":\"https:\/\/www.gridmag.com.mx\/index.php\/author\/grid-magazine-arq\/\"}]}<\/script>\n<!-- \/ Yoast SEO plugin. -->","yoast_head_json":{"title":"La Extraviada I em-estudio","description":"La Extraviada, una casa de ensue\u00f1o ubicada en Oaxaca, que se fusiona con el entorno natural y aprovechar las vistas del Oc\u00e9ano Pac\u00edfico.","robots":{"index":"index","follow":"follow","max-snippet":"max-snippet:-1","max-image-preview":"max-image-preview:large","max-video-preview":"max-video-preview:-1"},"canonical":"https:\/\/www.gridmag.com.mx\/index.php\/2023\/11\/28\/la-extraviada-i-em-estudio\/","og_locale":"es_MX","og_type":"article","og_title":"La Extraviada I em-estudio","og_description":"La Extraviada, una casa de ensue\u00f1o ubicada en Oaxaca, que se fusiona con el entorno natural y aprovechar las vistas del Oc\u00e9ano Pac\u00edfico.","og_url":"https:\/\/www.gridmag.com.mx\/index.php\/2023\/11\/28\/la-extraviada-i-em-estudio\/","og_site_name":"Grid Magazine","article_publisher":"https:\/\/www.facebook.com\/gridmagazine.mx","article_published_time":"2023-11-28T15:00:00+00:00","article_modified_time":"2024-02-20T23:09:09+00:00","og_image":[{"width":1984,"height":902,"url":"https:\/\/www.gridmag.com.mx\/wp-content\/uploads\/2023\/11\/PORTADA-5.jpg","type":"image\/jpeg"}],"author":"Grid Magazine","twitter_card":"summary_large_image","twitter_misc":{"Escrito por":"Grid Magazine","Tiempo de lectura":"5 minutos"},"schema":{"@context":"https:\/\/schema.org","@graph":[{"@type":"Article","@id":"https:\/\/www.gridmag.com.mx\/index.php\/2023\/11\/28\/la-extraviada-i-em-estudio\/#article","isPartOf":{"@id":"https:\/\/www.gridmag.com.mx\/index.php\/2023\/11\/28\/la-extraviada-i-em-estudio\/"},"author":{"name":"Grid Magazine","@id":"https:\/\/www.gridmag.com.mx\/#\/schema\/person\/d54cddc75e2ecfe4a55e39c0336ae932"},"headline":"La Extraviada I EM-ESTUDIO","datePublished":"2023-11-28T15:00:00+00:00","dateModified":"2024-02-20T23:09:09+00:00","mainEntityOfPage":{"@id":"https:\/\/www.gridmag.com.mx\/index.php\/2023\/11\/28\/la-extraviada-i-em-estudio\/"},"wordCount":758,"commentCount":0,"publisher":{"@id":"https:\/\/www.gridmag.com.mx\/#organization"},"image":{"@id":"https:\/\/www.gridmag.com.mx\/index.php\/2023\/11\/28\/la-extraviada-i-em-estudio\/#primaryimage"},"thumbnailUrl":"https:\/\/www.gridmag.com.mx\/wp-content\/uploads\/2023\/11\/PORTADA-5.jpg","articleSection":["Arquitectura"],"inLanguage":"es","potentialAction":[{"@type":"CommentAction","name":"Comment","target":["https:\/\/www.gridmag.com.mx\/index.php\/2023\/11\/28\/la-extraviada-i-em-estudio\/#respond"]}]},{"@type":"WebPage","@id":"https:\/\/www.gridmag.com.mx\/index.php\/2023\/11\/28\/la-extraviada-i-em-estudio\/","url":"https:\/\/www.gridmag.com.mx\/index.php\/2023\/11\/28\/la-extraviada-i-em-estudio\/","name":"La Extraviada I em-estudio","isPartOf":{"@id":"https:\/\/www.gridmag.com.mx\/#website"},"primaryImageOfPage":{"@id":"https:\/\/www.gridmag.com.mx\/index.php\/2023\/11\/28\/la-extraviada-i-em-estudio\/#primaryimage"},"image":{"@id":"https:\/\/www.gridmag.com.mx\/index.php\/2023\/11\/28\/la-extraviada-i-em-estudio\/#primaryimage"},"thumbnailUrl":"https:\/\/www.gridmag.com.mx\/wp-content\/uploads\/2023\/11\/PORTADA-5.jpg","datePublished":"2023-11-28T15:00:00+00:00","dateModified":"2024-02-20T23:09:09+00:00","description":"La Extraviada, una casa de ensue\u00f1o ubicada en Oaxaca, que se fusiona con el entorno natural y aprovechar las vistas del Oc\u00e9ano Pac\u00edfico.","breadcrumb":{"@id":"https:\/\/www.gridmag.com.mx\/index.php\/2023\/11\/28\/la-extraviada-i-em-estudio\/#breadcrumb"},"inLanguage":"es","potentialAction":[{"@type":"ReadAction","target":["https:\/\/www.gridmag.com.mx\/index.php\/2023\/11\/28\/la-extraviada-i-em-estudio\/"]}]},{"@type":"ImageObject","inLanguage":"es","@id":"https:\/\/www.gridmag.com.mx\/index.php\/2023\/11\/28\/la-extraviada-i-em-estudio\/#primaryimage","url":"https:\/\/www.gridmag.com.mx\/wp-content\/uploads\/2023\/11\/PORTADA-5.jpg","contentUrl":"https:\/\/www.gridmag.com.mx\/wp-content\/uploads\/2023\/11\/PORTADA-5.jpg","width":1984,"height":902,"caption":"DCIM\/100MEDIA\/DJI_0701.JPG"},{"@type":"BreadcrumbList","@id":"https:\/\/www.gridmag.com.mx\/index.php\/2023\/11\/28\/la-extraviada-i-em-estudio\/#breadcrumb","itemListElement":[{"@type":"ListItem","position":1,"name":"Inicio","item":"https:\/\/www.gridmag.com.mx\/"},{"@type":"ListItem","position":2,"name":"La Extraviada I EM-ESTUDIO"}]},{"@type":"WebSite","@id":"https:\/\/www.gridmag.com.mx\/#website","url":"https:\/\/www.gridmag.com.mx\/","name":"Grid Magazine","description":"Compartiendo lo mejor de la arquitectura y dise\u00f1o mexicano.","publisher":{"@id":"https:\/\/www.gridmag.com.mx\/#organization"},"potentialAction":[{"@type":"SearchAction","target":{"@type":"EntryPoint","urlTemplate":"https:\/\/www.gridmag.com.mx\/?s={search_term_string}"},"query-input":{"@type":"PropertyValueSpecification","valueRequired":true,"valueName":"search_term_string"}}],"inLanguage":"es"},{"@type":"Organization","@id":"https:\/\/www.gridmag.com.mx\/#organization","name":"Grid Magazine","url":"https:\/\/www.gridmag.com.mx\/","logo":{"@type":"ImageObject","inLanguage":"es","@id":"https:\/\/www.gridmag.com.mx\/#\/schema\/logo\/image\/","url":"","contentUrl":"","caption":"Grid Magazine"},"image":{"@id":"https:\/\/www.gridmag.com.mx\/#\/schema\/logo\/image\/"},"sameAs":["https:\/\/www.facebook.com\/gridmagazine.mx","https:\/\/www.instagram.com\/gridmagazine_mx\/","https:\/\/www.tiktok.com\/@gridmagazine.mx?_t=8gl2kVR2Aq6&_r=1","https:\/\/www.linkedin.com\/company\/grid-magazine-mx\/"]},{"@type":"Person","@id":"https:\/\/www.gridmag.com.mx\/#\/schema\/person\/d54cddc75e2ecfe4a55e39c0336ae932","name":"Grid Magazine","image":{"@type":"ImageObject","inLanguage":"es","@id":"https:\/\/www.gridmag.com.mx\/#\/schema\/person\/image\/","url":"https:\/\/secure.gravatar.com\/avatar\/8e4bd50943002dd6ee9db30e5af749244f3e21206a99c4fb42429117eaacfc83?s=96&d=mm&r=g","contentUrl":"https:\/\/secure.gravatar.com\/avatar\/8e4bd50943002dd6ee9db30e5af749244f3e21206a99c4fb42429117eaacfc83?s=96&d=mm&r=g","caption":"Grid Magazine"},"sameAs":["https:\/\/www.gridmag.com.mx"],"url":"https:\/\/www.gridmag.com.mx\/index.php\/author\/grid-magazine-arq\/"}]}},"_links":{"self":[{"href":"https:\/\/www.gridmag.com.mx\/index.php\/wp-json\/wp\/v2\/posts\/5416","targetHints":{"allow":["GET"]}}],"collection":[{"href":"https:\/\/www.gridmag.com.mx\/index.php\/wp-json\/wp\/v2\/posts"}],"about":[{"href":"https:\/\/www.gridmag.com.mx\/index.php\/wp-json\/wp\/v2\/types\/post"}],"author":[{"embeddable":true,"href":"https:\/\/www.gridmag.com.mx\/index.php\/wp-json\/wp\/v2\/users\/1"}],"replies":[{"embeddable":true,"href":"https:\/\/www.gridmag.com.mx\/index.php\/wp-json\/wp\/v2\/comments?post=5416"}],"version-history":[{"count":2,"href":"https:\/\/www.gridmag.com.mx\/index.php\/wp-json\/wp\/v2\/posts\/5416\/revisions"}],"predecessor-version":[{"id":6567,"href":"https:\/\/www.gridmag.com.mx\/index.php\/wp-json\/wp\/v2\/posts\/5416\/revisions\/6567"}],"wp:featuredmedia":[{"embeddable":true,"href":"https:\/\/www.gridmag.com.mx\/index.php\/wp-json\/wp\/v2\/media\/5417"}],"wp:attachment":[{"href":"https:\/\/www.gridmag.com.mx\/index.php\/wp-json\/wp\/v2\/media?parent=5416"}],"wp:term":[{"taxonomy":"category","embeddable":true,"href":"https:\/\/www.gridmag.com.mx\/index.php\/wp-json\/wp\/v2\/categories?post=5416"},{"taxonomy":"post_tag","embeddable":true,"href":"https:\/\/www.gridmag.com.mx\/index.php\/wp-json\/wp\/v2\/tags?post=5416"}],"curies":[{"name":"wp","href":"https:\/\/api.w.org\/{rel}","templated":true}]}}