{"id":5450,"date":"2023-11-29T09:00:00","date_gmt":"2023-11-29T15:00:00","guid":{"rendered":"https:\/\/www.gridmag.com.mx\/?p=5450"},"modified":"2024-02-20T17:45:12","modified_gmt":"2024-02-20T23:45:12","slug":"jorge-manes-rubio-la-transformacion-a-traves-del-arte","status":"publish","type":"post","link":"https:\/\/www.gridmag.com.mx\/index.php\/2023\/11\/29\/jorge-manes-rubio-la-transformacion-a-traves-del-arte\/","title":{"rendered":"Jorge Ma\u00f1es Rubio | La transformaci\u00f3n a trav\u00e9s del arte"},"content":{"rendered":"\n<p>Por Mau Batres&nbsp;<\/p>\n\n\n\n\n\n<p>Para muchos artistas y dise\u00f1adores, la evoluci\u00f3n profesional no siempre resulta sencilla y mucho menos, lineal, y en el proceso aprendemos a sortear acontecimientos que nos permiten conocernos a nosotros mismos. Este es el caso de Jorge Ma\u00f1es Rubio, artista madrile\u00f1o basado en \u00c1msterdam desde hace 12 a\u00f1os.&nbsp;<\/p>\n\n\n\n<figure class=\"wp-block-image size-large\"><img decoding=\"async\" width=\"1024\" height=\"683\" src=\"https:\/\/www.gridmag.com.mx\/wp-content\/uploads\/2023\/11\/IMG_0704_2048px_web-1024x683.jpg\" alt=\"Jorge Ma\u00f1es Rubio | La Transformaci\u00f3n a Trav\u00e9s del Arte\" class=\"wp-image-5452\" srcset=\"https:\/\/www.gridmag.com.mx\/wp-content\/uploads\/2023\/11\/IMG_0704_2048px_web-1024x683.jpg 1024w, https:\/\/www.gridmag.com.mx\/wp-content\/uploads\/2023\/11\/IMG_0704_2048px_web-300x200.jpg 300w, https:\/\/www.gridmag.com.mx\/wp-content\/uploads\/2023\/11\/IMG_0704_2048px_web-768x512.jpg 768w, https:\/\/www.gridmag.com.mx\/wp-content\/uploads\/2023\/11\/IMG_0704_2048px_web-1536x1024.jpg 1536w, https:\/\/www.gridmag.com.mx\/wp-content\/uploads\/2023\/11\/IMG_0704_2048px_web-360x240.jpg 360w, https:\/\/www.gridmag.com.mx\/wp-content\/uploads\/2023\/11\/IMG_0704_2048px_web-720x480.jpg 720w, https:\/\/www.gridmag.com.mx\/wp-content\/uploads\/2023\/11\/IMG_0704_2048px_web-770x513.jpg 770w, https:\/\/www.gridmag.com.mx\/wp-content\/uploads\/2023\/11\/IMG_0704_2048px_web-1400x933.jpg 1400w, https:\/\/www.gridmag.com.mx\/wp-content\/uploads\/2023\/11\/IMG_0704_2048px_web.jpg 2048w\" sizes=\"(max-width: 1024px) 100vw, 1024px\" \/><\/figure>\n\n\n\n<div style=\"height:10px\" aria-hidden=\"true\" class=\"wp-block-spacer\"><\/div>\n\n\n\n<p>Hijo de padres arquitectos, creci\u00f3 rodeado entre la creatividad y el dise\u00f1o. Estudi\u00f3 ingenier\u00eda del dise\u00f1o industrial en la Universidad de Madrid, donde incursion\u00f3 en el interiorismo y el dise\u00f1o de mobiliario. Luego migr\u00f3 a <a href=\"https:\/\/www.gridmag.com.mx\/index.php\/2023\/04\/16\/milan-design-week-2023\/\">Mil\u00e1n<\/a>, al tiempo que estudiaba y trabajaba, consigui\u00f3 una beca para estudiar la maestr\u00eda en dise\u00f1o de producto en el Royal College of Art, de Inglaterra.\u00a0<\/p>\n\n\n\n<figure class=\"wp-block-image size-large\"><img decoding=\"async\" width=\"1024\" height=\"768\" src=\"https:\/\/www.gridmag.com.mx\/wp-content\/uploads\/2023\/11\/IMG_0745_2048px-1024x768.jpg\" alt=\"Jorge Ma\u00f1es Rubio | La Transformaci\u00f3n a Trav\u00e9s del Arte\" class=\"wp-image-5453\" srcset=\"https:\/\/www.gridmag.com.mx\/wp-content\/uploads\/2023\/11\/IMG_0745_2048px-1024x768.jpg 1024w, https:\/\/www.gridmag.com.mx\/wp-content\/uploads\/2023\/11\/IMG_0745_2048px-300x225.jpg 300w, https:\/\/www.gridmag.com.mx\/wp-content\/uploads\/2023\/11\/IMG_0745_2048px-768x576.jpg 768w, https:\/\/www.gridmag.com.mx\/wp-content\/uploads\/2023\/11\/IMG_0745_2048px-1536x1152.jpg 1536w, https:\/\/www.gridmag.com.mx\/wp-content\/uploads\/2023\/11\/IMG_0745_2048px-770x578.jpg 770w, https:\/\/www.gridmag.com.mx\/wp-content\/uploads\/2023\/11\/IMG_0745_2048px-1400x1050.jpg 1400w, https:\/\/www.gridmag.com.mx\/wp-content\/uploads\/2023\/11\/IMG_0745_2048px.jpg 2048w\" sizes=\"(max-width: 1024px) 100vw, 1024px\" \/><\/figure>\n\n\n\n<div style=\"height:5px\" aria-hidden=\"true\" class=\"wp-block-spacer\"><\/div>\n\n\n\n<h2 class=\"wp-block-heading\">Transici\u00f3n a la escena art\u00edstica<\/h2>\n\n\n\n<p>En \u00c1msterdam trabaj\u00f3 para el Estudio Droog Design donde descubri\u00f3 su anhelo por contar historias y conectar con la gente a un nivel m\u00e1s \u00edntimo y profundo. Los a\u00f1os, el trabajo y la experiencia le permitieron identificarse a s\u00ed mismo como un verdadero artista y aprendi\u00f3 a trabajar con galer\u00edas, coleccionistas y el mercado del arte.&nbsp;<\/p>\n\n\n\n<p>\u201cEs muy emocionante, pero tambi\u00e9n de una responsabilidad enorme. Digamos que gan\u00e9 confianza para desarrollarme con mi proyecto art\u00edstico\u201d, comparte Jorge Ma\u00f1es.&nbsp;<\/p>\n\n\n\n<figure class=\"wp-block-image size-large\"><img decoding=\"async\" width=\"1024\" height=\"740\" src=\"https:\/\/www.gridmag.com.mx\/wp-content\/uploads\/2023\/11\/IMG_0974_0984-combo-2048x1479-1-1024x740.jpg\" alt=\"\" class=\"wp-image-5454\" srcset=\"https:\/\/www.gridmag.com.mx\/wp-content\/uploads\/2023\/11\/IMG_0974_0984-combo-2048x1479-1-1024x740.jpg 1024w, https:\/\/www.gridmag.com.mx\/wp-content\/uploads\/2023\/11\/IMG_0974_0984-combo-2048x1479-1-300x217.jpg 300w, https:\/\/www.gridmag.com.mx\/wp-content\/uploads\/2023\/11\/IMG_0974_0984-combo-2048x1479-1-768x555.jpg 768w, https:\/\/www.gridmag.com.mx\/wp-content\/uploads\/2023\/11\/IMG_0974_0984-combo-2048x1479-1-1536x1109.jpg 1536w, https:\/\/www.gridmag.com.mx\/wp-content\/uploads\/2023\/11\/IMG_0974_0984-combo-2048x1479-1-770x556.jpg 770w, https:\/\/www.gridmag.com.mx\/wp-content\/uploads\/2023\/11\/IMG_0974_0984-combo-2048x1479-1-1400x1011.jpg 1400w, https:\/\/www.gridmag.com.mx\/wp-content\/uploads\/2023\/11\/IMG_0974_0984-combo-2048x1479-1.jpg 2048w\" sizes=\"(max-width: 1024px) 100vw, 1024px\" \/><\/figure>\n\n\n\n<div style=\"height:10px\" aria-hidden=\"true\" class=\"wp-block-spacer\"><\/div>\n\n\n\n<p>Para el artista, la espiritualidad y la vida se basan en una perspectiva animista, pues piensa que existe una fuerza o presencia no solo en los seres vivos, sino tambi\u00e9n en los objetos y los lugares; por ejemplo, considera que las cuentas de vidrio y las lentejuelas no son solo elementos decorativos, sino que celebran una conexi\u00f3n con el m\u00e1s all\u00e1, tal como se cre\u00eda en culturas antiguas.&nbsp;<\/p>\n\n\n\n<p>A inicios de pandemia comenz\u00f3 a experimentar con estos materiales, aprovechando la falta de exposiciones y el tiempo en reclusi\u00f3n.&nbsp;&nbsp;<\/p>\n\n\n\n<figure class=\"wp-block-image size-large\"><img decoding=\"async\" width=\"1024\" height=\"683\" src=\"https:\/\/www.gridmag.com.mx\/wp-content\/uploads\/2023\/11\/IMG_1143_lowres_1-1024x683.jpg\" alt=\"Jorge Ma\u00f1es Rubio | La Transformaci\u00f3n a Trav\u00e9s del Arte\" class=\"wp-image-5455\" srcset=\"https:\/\/www.gridmag.com.mx\/wp-content\/uploads\/2023\/11\/IMG_1143_lowres_1-1024x683.jpg 1024w, https:\/\/www.gridmag.com.mx\/wp-content\/uploads\/2023\/11\/IMG_1143_lowres_1-300x200.jpg 300w, https:\/\/www.gridmag.com.mx\/wp-content\/uploads\/2023\/11\/IMG_1143_lowres_1-768x512.jpg 768w, https:\/\/www.gridmag.com.mx\/wp-content\/uploads\/2023\/11\/IMG_1143_lowres_1-1536x1024.jpg 1536w, https:\/\/www.gridmag.com.mx\/wp-content\/uploads\/2023\/11\/IMG_1143_lowres_1-360x240.jpg 360w, https:\/\/www.gridmag.com.mx\/wp-content\/uploads\/2023\/11\/IMG_1143_lowres_1-720x480.jpg 720w, https:\/\/www.gridmag.com.mx\/wp-content\/uploads\/2023\/11\/IMG_1143_lowres_1-770x513.jpg 770w, https:\/\/www.gridmag.com.mx\/wp-content\/uploads\/2023\/11\/IMG_1143_lowres_1-1400x933.jpg 1400w, https:\/\/www.gridmag.com.mx\/wp-content\/uploads\/2023\/11\/IMG_1143_lowres_1.jpg 2048w\" sizes=\"(max-width: 1024px) 100vw, 1024px\" \/><\/figure>\n\n\n\n<div style=\"height:10px\" aria-hidden=\"true\" class=\"wp-block-spacer\"><\/div>\n\n\n\n<p>\u201cFue cuando me decid\u00ed a utilizar cuentas de vidrio por primera vez; primero para hacer objetos chiquititos, y luego empec\u00e9 a aprender c\u00f3mo trabajar con ellas, hasta ahora que es un material que empleo en algunas de mis obras\u201d.&nbsp;<\/p>\n\n\n\n<h2 class=\"wp-block-heading\">La influencia del deporte en el arte de Jorge Ma\u00f1es<\/h2>\n\n\n\n<p>Jorge juega b\u00e1squetbol desde ni\u00f1o y es seguidor de la NBA, por ello un bal\u00f3n representa para \u00e9l un objeto cotidiano en su vida y, curiosamente, tambi\u00e9n lo visualizaba como una representaci\u00f3n del mundo, un mundo que pudiera estar habitado por animales fant\u00e1sticos y mitol\u00f3gicos haciendo alusi\u00f3n a la idea de lo \u201cno humano&#8221; y de coexistir con ellos. As\u00ed es como surgi\u00f3 su primera obra art\u00edstica con un bal\u00f3n en el que represent\u00f3 a una especie de drag\u00f3n.&nbsp;<\/p>\n\n\n\n<figure class=\"wp-block-image size-large\"><img decoding=\"async\" width=\"683\" height=\"1024\" src=\"https:\/\/www.gridmag.com.mx\/wp-content\/uploads\/2023\/11\/Show_Me_That_You_Care_01_lowres-683x1024.jpg\" alt=\"Jorge Ma\u00f1es Rubio | La Transformaci\u00f3n a Trav\u00e9s del Arte\" class=\"wp-image-5456\" srcset=\"https:\/\/www.gridmag.com.mx\/wp-content\/uploads\/2023\/11\/Show_Me_That_You_Care_01_lowres-683x1024.jpg 683w, https:\/\/www.gridmag.com.mx\/wp-content\/uploads\/2023\/11\/Show_Me_That_You_Care_01_lowres-200x300.jpg 200w, https:\/\/www.gridmag.com.mx\/wp-content\/uploads\/2023\/11\/Show_Me_That_You_Care_01_lowres-768x1152.jpg 768w, https:\/\/www.gridmag.com.mx\/wp-content\/uploads\/2023\/11\/Show_Me_That_You_Care_01_lowres-1024x1536.jpg 1024w, https:\/\/www.gridmag.com.mx\/wp-content\/uploads\/2023\/11\/Show_Me_That_You_Care_01_lowres-770x1155.jpg 770w, https:\/\/www.gridmag.com.mx\/wp-content\/uploads\/2023\/11\/Show_Me_That_You_Care_01_lowres.jpg 1365w\" sizes=\"(max-width: 683px) 100vw, 683px\" \/><\/figure>\n\n\n\n<div style=\"height:10px\" aria-hidden=\"true\" class=\"wp-block-spacer\"><\/div>\n\n\n\n<p>\u201cLas personas nos rodeamos de objetos que nos gustan, pero tambi\u00e9n son esos objetos los que nos eligen a nosotros\u201d, agrega el artista.&nbsp;&nbsp;<\/p>\n\n\n\n<p>Su<strong> <\/strong>proceso creativo, adem\u00e1s de personal, resulta bastante intuitivo y org\u00e1nico. Se basa en la confianza de tener algo que contar y aportar, pero sobre todo, sabiendo que tiene que trabajar poco a poco para gestionar las ideas que llegan a su mente.&nbsp;<\/p>\n\n\n\n<p>\u201cLa idea de hacerte a ti mismo como artista es, sobre todo, \u00a1cre\u00e9rtelo! Es un proceso muy personal y de trasformaci\u00f3n, como dec\u00eda anteriormente, y de crecimiento\u201d, aconseja.<\/p>\n\n\n\n<figure class=\"wp-block-image size-large\"><img decoding=\"async\" width=\"1024\" height=\"683\" src=\"https:\/\/www.gridmag.com.mx\/wp-content\/uploads\/2023\/11\/Show_Me_That_You_Care_07_lowres-1024x683.jpg\" alt=\"Jorge Ma\u00f1es Rubio | La Transformaci\u00f3n a Trav\u00e9s del Arte\" class=\"wp-image-5457\" srcset=\"https:\/\/www.gridmag.com.mx\/wp-content\/uploads\/2023\/11\/Show_Me_That_You_Care_07_lowres-1024x683.jpg 1024w, https:\/\/www.gridmag.com.mx\/wp-content\/uploads\/2023\/11\/Show_Me_That_You_Care_07_lowres-300x200.jpg 300w, https:\/\/www.gridmag.com.mx\/wp-content\/uploads\/2023\/11\/Show_Me_That_You_Care_07_lowres-768x512.jpg 768w, https:\/\/www.gridmag.com.mx\/wp-content\/uploads\/2023\/11\/Show_Me_That_You_Care_07_lowres-1536x1024.jpg 1536w, https:\/\/www.gridmag.com.mx\/wp-content\/uploads\/2023\/11\/Show_Me_That_You_Care_07_lowres-360x240.jpg 360w, https:\/\/www.gridmag.com.mx\/wp-content\/uploads\/2023\/11\/Show_Me_That_You_Care_07_lowres-720x480.jpg 720w, https:\/\/www.gridmag.com.mx\/wp-content\/uploads\/2023\/11\/Show_Me_That_You_Care_07_lowres-770x513.jpg 770w, https:\/\/www.gridmag.com.mx\/wp-content\/uploads\/2023\/11\/Show_Me_That_You_Care_07_lowres-1400x933.jpg 1400w, https:\/\/www.gridmag.com.mx\/wp-content\/uploads\/2023\/11\/Show_Me_That_You_Care_07_lowres.jpg 2048w\" sizes=\"(max-width: 1024px) 100vw, 1024px\" \/><\/figure>\n\n\n\n<div style=\"height:10px\" aria-hidden=\"true\" class=\"wp-block-spacer\"><\/div>\n\n\n\n<p>Por consiguiente, la idea \u201ctransformaci\u00f3n\u201d en sus obras, parten de c\u00f3mo un material o una persona pueden ser modificados a trav\u00e9s de su interacci\u00f3n con una obra o una experiencia art\u00edstica.\u00a0En la Design Academy Eindhoven, de Holanda, Jorge aborda temas diversos con alumnos de todo el mundo como docente de la materia <em><a href=\"https:\/\/en.wikipedia.org\/wiki\/Contextual_design\">Contextual Design<\/a> <\/em>donde se discute c\u00f3mo el contexto social, geopol\u00edtico, cambio clim\u00e1tico y inteligencia artificial, entre otros, impactan en la forma en la que un artista o dise\u00f1ador dan respuesta creativa a las necesidades actuales.<\/p>\n","protected":false},"excerpt":{"rendered":"<p>Por Mau Batres&nbsp; Para muchos artistas y dise\u00f1adores, la evoluci\u00f3n profesional no siempre resulta sencilla y mucho menos, lineal, y en el proceso aprendemos a sortear acontecimientos que nos permiten conocernos a nosotros mismos. Este es el caso de Jorge Ma\u00f1es Rubio, artista madrile\u00f1o basado en \u00c1msterdam desde hace 12 a\u00f1os.&nbsp; Hijo de padres arquitectos, creci\u00f3 rodeado entre la creatividad y el dise\u00f1o. Estudi\u00f3 ingenier\u00eda del dise\u00f1o industrial en la Universidad de Madrid, donde incursion\u00f3 en el interiorismo y el [&hellip;]<\/p>\n","protected":false},"author":12,"featured_media":5451,"comment_status":"open","ping_status":"open","sticky":false,"template":"","format":"standard","meta":{"footnotes":""},"categories":[55],"tags":[],"class_list":["post-5450","post","type-post","status-publish","format-standard","has-post-thumbnail","hentry","category-creativos"],"yoast_head":"<!-- This site is optimized with the Yoast SEO plugin v27.0 - https:\/\/yoast.com\/product\/yoast-seo-wordpress\/ -->\n<title>Jorge Ma\u00f1es Rubio | La Transformaci\u00f3n a Trav\u00e9s del Arte<\/title>\n<meta name=\"description\" content=\"Jorge Ma\u00f1es Rubio, un artista madrile\u00f1o con base en \u00c1msterdam, nos lleva a trav\u00e9s de su viaje de autodescubrimiento y evoluci\u00f3n profesional.\" \/>\n<meta name=\"robots\" content=\"index, follow, max-snippet:-1, max-image-preview:large, max-video-preview:-1\" \/>\n<link rel=\"canonical\" href=\"https:\/\/www.gridmag.com.mx\/index.php\/2023\/11\/29\/jorge-manes-rubio-la-transformacion-a-traves-del-arte\/\" \/>\n<meta property=\"og:locale\" content=\"es_MX\" \/>\n<meta property=\"og:type\" content=\"article\" \/>\n<meta property=\"og:title\" content=\"Jorge Ma\u00f1es Rubio | La Transformaci\u00f3n a Trav\u00e9s del Arte\" \/>\n<meta property=\"og:description\" content=\"Jorge Ma\u00f1es Rubio, un artista madrile\u00f1o con base en \u00c1msterdam, nos lleva a trav\u00e9s de su viaje de autodescubrimiento y evoluci\u00f3n profesional.\" \/>\n<meta property=\"og:url\" content=\"https:\/\/www.gridmag.com.mx\/index.php\/2023\/11\/29\/jorge-manes-rubio-la-transformacion-a-traves-del-arte\/\" \/>\n<meta property=\"og:site_name\" content=\"Grid Magazine\" \/>\n<meta property=\"article:publisher\" content=\"https:\/\/www.facebook.com\/gridmagazine.mx\" \/>\n<meta property=\"article:published_time\" content=\"2023-11-29T15:00:00+00:00\" \/>\n<meta property=\"article:modified_time\" content=\"2024-02-20T23:45:12+00:00\" \/>\n<meta property=\"og:image\" content=\"https:\/\/www.gridmag.com.mx\/wp-content\/uploads\/2023\/11\/IMG_0797_2048_web.jpg\" \/>\n\t<meta property=\"og:image:width\" content=\"2048\" \/>\n\t<meta property=\"og:image:height\" content=\"1365\" \/>\n\t<meta property=\"og:image:type\" content=\"image\/jpeg\" \/>\n<meta name=\"author\" content=\"Autor Invitado\" \/>\n<meta name=\"twitter:card\" content=\"summary_large_image\" \/>\n<meta name=\"twitter:label1\" content=\"Escrito por\" \/>\n\t<meta name=\"twitter:data1\" content=\"Autor Invitado\" \/>\n\t<meta name=\"twitter:label2\" content=\"Tiempo de lectura\" \/>\n\t<meta name=\"twitter:data2\" content=\"4 minutos\" \/>\n<script type=\"application\/ld+json\" class=\"yoast-schema-graph\">{\"@context\":\"https:\/\/schema.org\",\"@graph\":[{\"@type\":\"Article\",\"@id\":\"https:\/\/www.gridmag.com.mx\/index.php\/2023\/11\/29\/jorge-manes-rubio-la-transformacion-a-traves-del-arte\/#article\",\"isPartOf\":{\"@id\":\"https:\/\/www.gridmag.com.mx\/index.php\/2023\/11\/29\/jorge-manes-rubio-la-transformacion-a-traves-del-arte\/\"},\"author\":{\"name\":\"Autor Invitado\",\"@id\":\"https:\/\/www.gridmag.com.mx\/#\/schema\/person\/bfe28cdbe6ebe447796b7d7428227768\"},\"headline\":\"Jorge Ma\u00f1es Rubio | La transformaci\u00f3n a trav\u00e9s del arte\",\"datePublished\":\"2023-11-29T15:00:00+00:00\",\"dateModified\":\"2024-02-20T23:45:12+00:00\",\"mainEntityOfPage\":{\"@id\":\"https:\/\/www.gridmag.com.mx\/index.php\/2023\/11\/29\/jorge-manes-rubio-la-transformacion-a-traves-del-arte\/\"},\"wordCount\":669,\"commentCount\":0,\"publisher\":{\"@id\":\"https:\/\/www.gridmag.com.mx\/#organization\"},\"image\":{\"@id\":\"https:\/\/www.gridmag.com.mx\/index.php\/2023\/11\/29\/jorge-manes-rubio-la-transformacion-a-traves-del-arte\/#primaryimage\"},\"thumbnailUrl\":\"https:\/\/www.gridmag.com.mx\/wp-content\/uploads\/2023\/11\/IMG_0797_2048_web.jpg\",\"articleSection\":[\"Creativos\"],\"inLanguage\":\"es\",\"potentialAction\":[{\"@type\":\"CommentAction\",\"name\":\"Comment\",\"target\":[\"https:\/\/www.gridmag.com.mx\/index.php\/2023\/11\/29\/jorge-manes-rubio-la-transformacion-a-traves-del-arte\/#respond\"]}]},{\"@type\":\"WebPage\",\"@id\":\"https:\/\/www.gridmag.com.mx\/index.php\/2023\/11\/29\/jorge-manes-rubio-la-transformacion-a-traves-del-arte\/\",\"url\":\"https:\/\/www.gridmag.com.mx\/index.php\/2023\/11\/29\/jorge-manes-rubio-la-transformacion-a-traves-del-arte\/\",\"name\":\"Jorge Ma\u00f1es Rubio | La Transformaci\u00f3n a Trav\u00e9s del Arte\",\"isPartOf\":{\"@id\":\"https:\/\/www.gridmag.com.mx\/#website\"},\"primaryImageOfPage\":{\"@id\":\"https:\/\/www.gridmag.com.mx\/index.php\/2023\/11\/29\/jorge-manes-rubio-la-transformacion-a-traves-del-arte\/#primaryimage\"},\"image\":{\"@id\":\"https:\/\/www.gridmag.com.mx\/index.php\/2023\/11\/29\/jorge-manes-rubio-la-transformacion-a-traves-del-arte\/#primaryimage\"},\"thumbnailUrl\":\"https:\/\/www.gridmag.com.mx\/wp-content\/uploads\/2023\/11\/IMG_0797_2048_web.jpg\",\"datePublished\":\"2023-11-29T15:00:00+00:00\",\"dateModified\":\"2024-02-20T23:45:12+00:00\",\"description\":\"Jorge Ma\u00f1es Rubio, un artista madrile\u00f1o con base en \u00c1msterdam, nos lleva a trav\u00e9s de su viaje de autodescubrimiento y evoluci\u00f3n profesional.\",\"breadcrumb\":{\"@id\":\"https:\/\/www.gridmag.com.mx\/index.php\/2023\/11\/29\/jorge-manes-rubio-la-transformacion-a-traves-del-arte\/#breadcrumb\"},\"inLanguage\":\"es\",\"potentialAction\":[{\"@type\":\"ReadAction\",\"target\":[\"https:\/\/www.gridmag.com.mx\/index.php\/2023\/11\/29\/jorge-manes-rubio-la-transformacion-a-traves-del-arte\/\"]}]},{\"@type\":\"ImageObject\",\"inLanguage\":\"es\",\"@id\":\"https:\/\/www.gridmag.com.mx\/index.php\/2023\/11\/29\/jorge-manes-rubio-la-transformacion-a-traves-del-arte\/#primaryimage\",\"url\":\"https:\/\/www.gridmag.com.mx\/wp-content\/uploads\/2023\/11\/IMG_0797_2048_web.jpg\",\"contentUrl\":\"https:\/\/www.gridmag.com.mx\/wp-content\/uploads\/2023\/11\/IMG_0797_2048_web.jpg\",\"width\":2048,\"height\":1365},{\"@type\":\"BreadcrumbList\",\"@id\":\"https:\/\/www.gridmag.com.mx\/index.php\/2023\/11\/29\/jorge-manes-rubio-la-transformacion-a-traves-del-arte\/#breadcrumb\",\"itemListElement\":[{\"@type\":\"ListItem\",\"position\":1,\"name\":\"Inicio\",\"item\":\"https:\/\/www.gridmag.com.mx\/\"},{\"@type\":\"ListItem\",\"position\":2,\"name\":\"Jorge Ma\u00f1es Rubio | La transformaci\u00f3n a trav\u00e9s del arte\"}]},{\"@type\":\"WebSite\",\"@id\":\"https:\/\/www.gridmag.com.mx\/#website\",\"url\":\"https:\/\/www.gridmag.com.mx\/\",\"name\":\"Grid Magazine\",\"description\":\"Compartiendo lo mejor de la arquitectura y dise\u00f1o mexicano.\",\"publisher\":{\"@id\":\"https:\/\/www.gridmag.com.mx\/#organization\"},\"potentialAction\":[{\"@type\":\"SearchAction\",\"target\":{\"@type\":\"EntryPoint\",\"urlTemplate\":\"https:\/\/www.gridmag.com.mx\/?s={search_term_string}\"},\"query-input\":{\"@type\":\"PropertyValueSpecification\",\"valueRequired\":true,\"valueName\":\"search_term_string\"}}],\"inLanguage\":\"es\"},{\"@type\":\"Organization\",\"@id\":\"https:\/\/www.gridmag.com.mx\/#organization\",\"name\":\"Grid Magazine\",\"url\":\"https:\/\/www.gridmag.com.mx\/\",\"logo\":{\"@type\":\"ImageObject\",\"inLanguage\":\"es\",\"@id\":\"https:\/\/www.gridmag.com.mx\/#\/schema\/logo\/image\/\",\"url\":\"\",\"contentUrl\":\"\",\"caption\":\"Grid Magazine\"},\"image\":{\"@id\":\"https:\/\/www.gridmag.com.mx\/#\/schema\/logo\/image\/\"},\"sameAs\":[\"https:\/\/www.facebook.com\/gridmagazine.mx\",\"https:\/\/www.instagram.com\/gridmagazine_mx\/\",\"https:\/\/www.tiktok.com\/@gridmagazine.mx?_t=8gl2kVR2Aq6&_r=1\",\"https:\/\/www.linkedin.com\/company\/grid-magazine-mx\/\"]},{\"@type\":\"Person\",\"@id\":\"https:\/\/www.gridmag.com.mx\/#\/schema\/person\/bfe28cdbe6ebe447796b7d7428227768\",\"name\":\"Autor Invitado\",\"image\":{\"@type\":\"ImageObject\",\"inLanguage\":\"es\",\"@id\":\"https:\/\/www.gridmag.com.mx\/#\/schema\/person\/image\/\",\"url\":\"https:\/\/secure.gravatar.com\/avatar\/1951b157afe68d49ac5cd93d23d29a9502733912b3259d0cba8485421e416450?s=96&d=mm&r=g\",\"contentUrl\":\"https:\/\/secure.gravatar.com\/avatar\/1951b157afe68d49ac5cd93d23d29a9502733912b3259d0cba8485421e416450?s=96&d=mm&r=g\",\"caption\":\"Autor Invitado\"},\"url\":\"https:\/\/www.gridmag.com.mx\/index.php\/author\/autor-invitado\/\"}]}<\/script>\n<!-- \/ Yoast SEO plugin. -->","yoast_head_json":{"title":"Jorge Ma\u00f1es Rubio | La Transformaci\u00f3n a Trav\u00e9s del Arte","description":"Jorge Ma\u00f1es Rubio, un artista madrile\u00f1o con base en \u00c1msterdam, nos lleva a trav\u00e9s de su viaje de autodescubrimiento y evoluci\u00f3n profesional.","robots":{"index":"index","follow":"follow","max-snippet":"max-snippet:-1","max-image-preview":"max-image-preview:large","max-video-preview":"max-video-preview:-1"},"canonical":"https:\/\/www.gridmag.com.mx\/index.php\/2023\/11\/29\/jorge-manes-rubio-la-transformacion-a-traves-del-arte\/","og_locale":"es_MX","og_type":"article","og_title":"Jorge Ma\u00f1es Rubio | La Transformaci\u00f3n a Trav\u00e9s del Arte","og_description":"Jorge Ma\u00f1es Rubio, un artista madrile\u00f1o con base en \u00c1msterdam, nos lleva a trav\u00e9s de su viaje de autodescubrimiento y evoluci\u00f3n profesional.","og_url":"https:\/\/www.gridmag.com.mx\/index.php\/2023\/11\/29\/jorge-manes-rubio-la-transformacion-a-traves-del-arte\/","og_site_name":"Grid Magazine","article_publisher":"https:\/\/www.facebook.com\/gridmagazine.mx","article_published_time":"2023-11-29T15:00:00+00:00","article_modified_time":"2024-02-20T23:45:12+00:00","og_image":[{"width":2048,"height":1365,"url":"https:\/\/www.gridmag.com.mx\/wp-content\/uploads\/2023\/11\/IMG_0797_2048_web.jpg","type":"image\/jpeg"}],"author":"Autor Invitado","twitter_card":"summary_large_image","twitter_misc":{"Escrito por":"Autor Invitado","Tiempo de lectura":"4 minutos"},"schema":{"@context":"https:\/\/schema.org","@graph":[{"@type":"Article","@id":"https:\/\/www.gridmag.com.mx\/index.php\/2023\/11\/29\/jorge-manes-rubio-la-transformacion-a-traves-del-arte\/#article","isPartOf":{"@id":"https:\/\/www.gridmag.com.mx\/index.php\/2023\/11\/29\/jorge-manes-rubio-la-transformacion-a-traves-del-arte\/"},"author":{"name":"Autor Invitado","@id":"https:\/\/www.gridmag.com.mx\/#\/schema\/person\/bfe28cdbe6ebe447796b7d7428227768"},"headline":"Jorge Ma\u00f1es Rubio | La transformaci\u00f3n a trav\u00e9s del arte","datePublished":"2023-11-29T15:00:00+00:00","dateModified":"2024-02-20T23:45:12+00:00","mainEntityOfPage":{"@id":"https:\/\/www.gridmag.com.mx\/index.php\/2023\/11\/29\/jorge-manes-rubio-la-transformacion-a-traves-del-arte\/"},"wordCount":669,"commentCount":0,"publisher":{"@id":"https:\/\/www.gridmag.com.mx\/#organization"},"image":{"@id":"https:\/\/www.gridmag.com.mx\/index.php\/2023\/11\/29\/jorge-manes-rubio-la-transformacion-a-traves-del-arte\/#primaryimage"},"thumbnailUrl":"https:\/\/www.gridmag.com.mx\/wp-content\/uploads\/2023\/11\/IMG_0797_2048_web.jpg","articleSection":["Creativos"],"inLanguage":"es","potentialAction":[{"@type":"CommentAction","name":"Comment","target":["https:\/\/www.gridmag.com.mx\/index.php\/2023\/11\/29\/jorge-manes-rubio-la-transformacion-a-traves-del-arte\/#respond"]}]},{"@type":"WebPage","@id":"https:\/\/www.gridmag.com.mx\/index.php\/2023\/11\/29\/jorge-manes-rubio-la-transformacion-a-traves-del-arte\/","url":"https:\/\/www.gridmag.com.mx\/index.php\/2023\/11\/29\/jorge-manes-rubio-la-transformacion-a-traves-del-arte\/","name":"Jorge Ma\u00f1es Rubio | La Transformaci\u00f3n a Trav\u00e9s del Arte","isPartOf":{"@id":"https:\/\/www.gridmag.com.mx\/#website"},"primaryImageOfPage":{"@id":"https:\/\/www.gridmag.com.mx\/index.php\/2023\/11\/29\/jorge-manes-rubio-la-transformacion-a-traves-del-arte\/#primaryimage"},"image":{"@id":"https:\/\/www.gridmag.com.mx\/index.php\/2023\/11\/29\/jorge-manes-rubio-la-transformacion-a-traves-del-arte\/#primaryimage"},"thumbnailUrl":"https:\/\/www.gridmag.com.mx\/wp-content\/uploads\/2023\/11\/IMG_0797_2048_web.jpg","datePublished":"2023-11-29T15:00:00+00:00","dateModified":"2024-02-20T23:45:12+00:00","description":"Jorge Ma\u00f1es Rubio, un artista madrile\u00f1o con base en \u00c1msterdam, nos lleva a trav\u00e9s de su viaje de autodescubrimiento y evoluci\u00f3n profesional.","breadcrumb":{"@id":"https:\/\/www.gridmag.com.mx\/index.php\/2023\/11\/29\/jorge-manes-rubio-la-transformacion-a-traves-del-arte\/#breadcrumb"},"inLanguage":"es","potentialAction":[{"@type":"ReadAction","target":["https:\/\/www.gridmag.com.mx\/index.php\/2023\/11\/29\/jorge-manes-rubio-la-transformacion-a-traves-del-arte\/"]}]},{"@type":"ImageObject","inLanguage":"es","@id":"https:\/\/www.gridmag.com.mx\/index.php\/2023\/11\/29\/jorge-manes-rubio-la-transformacion-a-traves-del-arte\/#primaryimage","url":"https:\/\/www.gridmag.com.mx\/wp-content\/uploads\/2023\/11\/IMG_0797_2048_web.jpg","contentUrl":"https:\/\/www.gridmag.com.mx\/wp-content\/uploads\/2023\/11\/IMG_0797_2048_web.jpg","width":2048,"height":1365},{"@type":"BreadcrumbList","@id":"https:\/\/www.gridmag.com.mx\/index.php\/2023\/11\/29\/jorge-manes-rubio-la-transformacion-a-traves-del-arte\/#breadcrumb","itemListElement":[{"@type":"ListItem","position":1,"name":"Inicio","item":"https:\/\/www.gridmag.com.mx\/"},{"@type":"ListItem","position":2,"name":"Jorge Ma\u00f1es Rubio | La transformaci\u00f3n a trav\u00e9s del arte"}]},{"@type":"WebSite","@id":"https:\/\/www.gridmag.com.mx\/#website","url":"https:\/\/www.gridmag.com.mx\/","name":"Grid Magazine","description":"Compartiendo lo mejor de la arquitectura y dise\u00f1o mexicano.","publisher":{"@id":"https:\/\/www.gridmag.com.mx\/#organization"},"potentialAction":[{"@type":"SearchAction","target":{"@type":"EntryPoint","urlTemplate":"https:\/\/www.gridmag.com.mx\/?s={search_term_string}"},"query-input":{"@type":"PropertyValueSpecification","valueRequired":true,"valueName":"search_term_string"}}],"inLanguage":"es"},{"@type":"Organization","@id":"https:\/\/www.gridmag.com.mx\/#organization","name":"Grid Magazine","url":"https:\/\/www.gridmag.com.mx\/","logo":{"@type":"ImageObject","inLanguage":"es","@id":"https:\/\/www.gridmag.com.mx\/#\/schema\/logo\/image\/","url":"","contentUrl":"","caption":"Grid Magazine"},"image":{"@id":"https:\/\/www.gridmag.com.mx\/#\/schema\/logo\/image\/"},"sameAs":["https:\/\/www.facebook.com\/gridmagazine.mx","https:\/\/www.instagram.com\/gridmagazine_mx\/","https:\/\/www.tiktok.com\/@gridmagazine.mx?_t=8gl2kVR2Aq6&_r=1","https:\/\/www.linkedin.com\/company\/grid-magazine-mx\/"]},{"@type":"Person","@id":"https:\/\/www.gridmag.com.mx\/#\/schema\/person\/bfe28cdbe6ebe447796b7d7428227768","name":"Autor Invitado","image":{"@type":"ImageObject","inLanguage":"es","@id":"https:\/\/www.gridmag.com.mx\/#\/schema\/person\/image\/","url":"https:\/\/secure.gravatar.com\/avatar\/1951b157afe68d49ac5cd93d23d29a9502733912b3259d0cba8485421e416450?s=96&d=mm&r=g","contentUrl":"https:\/\/secure.gravatar.com\/avatar\/1951b157afe68d49ac5cd93d23d29a9502733912b3259d0cba8485421e416450?s=96&d=mm&r=g","caption":"Autor Invitado"},"url":"https:\/\/www.gridmag.com.mx\/index.php\/author\/autor-invitado\/"}]}},"_links":{"self":[{"href":"https:\/\/www.gridmag.com.mx\/index.php\/wp-json\/wp\/v2\/posts\/5450","targetHints":{"allow":["GET"]}}],"collection":[{"href":"https:\/\/www.gridmag.com.mx\/index.php\/wp-json\/wp\/v2\/posts"}],"about":[{"href":"https:\/\/www.gridmag.com.mx\/index.php\/wp-json\/wp\/v2\/types\/post"}],"author":[{"embeddable":true,"href":"https:\/\/www.gridmag.com.mx\/index.php\/wp-json\/wp\/v2\/users\/12"}],"replies":[{"embeddable":true,"href":"https:\/\/www.gridmag.com.mx\/index.php\/wp-json\/wp\/v2\/comments?post=5450"}],"version-history":[{"count":2,"href":"https:\/\/www.gridmag.com.mx\/index.php\/wp-json\/wp\/v2\/posts\/5450\/revisions"}],"predecessor-version":[{"id":6569,"href":"https:\/\/www.gridmag.com.mx\/index.php\/wp-json\/wp\/v2\/posts\/5450\/revisions\/6569"}],"wp:featuredmedia":[{"embeddable":true,"href":"https:\/\/www.gridmag.com.mx\/index.php\/wp-json\/wp\/v2\/media\/5451"}],"wp:attachment":[{"href":"https:\/\/www.gridmag.com.mx\/index.php\/wp-json\/wp\/v2\/media?parent=5450"}],"wp:term":[{"taxonomy":"category","embeddable":true,"href":"https:\/\/www.gridmag.com.mx\/index.php\/wp-json\/wp\/v2\/categories?post=5450"},{"taxonomy":"post_tag","embeddable":true,"href":"https:\/\/www.gridmag.com.mx\/index.php\/wp-json\/wp\/v2\/tags?post=5450"}],"curies":[{"name":"wp","href":"https:\/\/api.w.org\/{rel}","templated":true}]}}