{"id":5626,"date":"2023-12-07T09:00:00","date_gmt":"2023-12-07T15:00:00","guid":{"rendered":"https:\/\/www.gridmag.com.mx\/?p=5626"},"modified":"2023-12-15T13:22:16","modified_gmt":"2023-12-15T19:22:16","slug":"casa-puig-i-un-retiro-arquitectonico-en-la-naturaleza","status":"publish","type":"post","link":"https:\/\/www.gridmag.com.mx\/index.php\/2023\/12\/07\/casa-puig-i-un-retiro-arquitectonico-en-la-naturaleza\/","title":{"rendered":"RETIRO ARQUITECT\u00d3NICO EN LA NATURALEZA I CASA PUIG"},"content":{"rendered":"\n<p>Ubicada majestuosamente en la cima de un cerro boscoso en la zona sur del lago de Valle de Bravo, Casa Puig se presenta como un retiro arquitect\u00f3nico en la naturaleza que armoniza de manera sublime el descanso y el trabajo, fusion\u00e1ndose perfectamente con la naturaleza circundante.<\/p>\n\n\n\n<div class=\"wp-block-columns is-layout-flex wp-container-core-columns-is-layout-9d6595d7 wp-block-columns-is-layout-flex\">\n<div class=\"wp-block-column is-layout-flow wp-block-column-is-layout-flow\">\n<figure class=\"wp-block-image size-large\"><img decoding=\"async\" width=\"1024\" height=\"791\" src=\"https:\/\/www.gridmag.com.mx\/wp-content\/uploads\/2023\/12\/Casa-Puig-6-1024x791.jpg\" alt=\"Retiro arquitect\u00f3nico en la naturaleza\" class=\"wp-image-5628\" srcset=\"https:\/\/www.gridmag.com.mx\/wp-content\/uploads\/2023\/12\/Casa-Puig-6-1024x791.jpg 1024w, https:\/\/www.gridmag.com.mx\/wp-content\/uploads\/2023\/12\/Casa-Puig-6-300x232.jpg 300w, https:\/\/www.gridmag.com.mx\/wp-content\/uploads\/2023\/12\/Casa-Puig-6-768x593.jpg 768w, https:\/\/www.gridmag.com.mx\/wp-content\/uploads\/2023\/12\/Casa-Puig-6-1536x1187.jpg 1536w, https:\/\/www.gridmag.com.mx\/wp-content\/uploads\/2023\/12\/Casa-Puig-6-2048x1582.jpg 2048w, https:\/\/www.gridmag.com.mx\/wp-content\/uploads\/2023\/12\/Casa-Puig-6-770x595.jpg 770w, https:\/\/www.gridmag.com.mx\/wp-content\/uploads\/2023\/12\/Casa-Puig-6-1400x1082.jpg 1400w\" sizes=\"(max-width: 1024px) 100vw, 1024px\" \/><\/figure>\n<\/div>\n\n\n\n<div class=\"wp-block-column is-layout-flow wp-block-column-is-layout-flow\">\n<figure class=\"wp-block-image size-large\"><img decoding=\"async\" width=\"1024\" height=\"791\" src=\"https:\/\/www.gridmag.com.mx\/wp-content\/uploads\/2023\/12\/Casa-Puig-7-1024x791.jpg\" alt=\"\" class=\"wp-image-5629\" srcset=\"https:\/\/www.gridmag.com.mx\/wp-content\/uploads\/2023\/12\/Casa-Puig-7-1024x791.jpg 1024w, https:\/\/www.gridmag.com.mx\/wp-content\/uploads\/2023\/12\/Casa-Puig-7-300x232.jpg 300w, https:\/\/www.gridmag.com.mx\/wp-content\/uploads\/2023\/12\/Casa-Puig-7-768x593.jpg 768w, https:\/\/www.gridmag.com.mx\/wp-content\/uploads\/2023\/12\/Casa-Puig-7-1536x1187.jpg 1536w, https:\/\/www.gridmag.com.mx\/wp-content\/uploads\/2023\/12\/Casa-Puig-7-2048x1582.jpg 2048w, https:\/\/www.gridmag.com.mx\/wp-content\/uploads\/2023\/12\/Casa-Puig-7-770x595.jpg 770w, https:\/\/www.gridmag.com.mx\/wp-content\/uploads\/2023\/12\/Casa-Puig-7-1400x1082.jpg 1400w\" sizes=\"(max-width: 1024px) 100vw, 1024px\" \/><\/figure>\n<\/div>\n<\/div>\n\n\n\n<h2 class=\"wp-block-heading\"><strong>Iluminaci\u00f3n y ventilaci\u00f3n \u00f3ptimas: energ\u00eda natural que inspira<\/strong><\/h2>\n\n\n\n<p>Estrat\u00e9gicamente posicionada, la casa abraza la luz natural y la brisa en un ballet constante desde el amanecer hasta el atardecer, resaltando un dise\u00f1o eficientemente energ\u00e9tico y consciente de su entorno.<\/p>\n\n\n\n<figure class=\"wp-block-image size-large\"><img decoding=\"async\" width=\"791\" height=\"1024\" src=\"https:\/\/www.gridmag.com.mx\/wp-content\/uploads\/2023\/12\/Casa-Puig-1-791x1024.jpg\" alt=\"Casa Puig, en Valle de Bravo.\nretiro arquitect\u00f3nico en la naturaleza\" class=\"wp-image-5630\" srcset=\"https:\/\/www.gridmag.com.mx\/wp-content\/uploads\/2023\/12\/Casa-Puig-1-791x1024.jpg 791w, https:\/\/www.gridmag.com.mx\/wp-content\/uploads\/2023\/12\/Casa-Puig-1-232x300.jpg 232w, https:\/\/www.gridmag.com.mx\/wp-content\/uploads\/2023\/12\/Casa-Puig-1-768x994.jpg 768w, https:\/\/www.gridmag.com.mx\/wp-content\/uploads\/2023\/12\/Casa-Puig-1-1187x1536.jpg 1187w, https:\/\/www.gridmag.com.mx\/wp-content\/uploads\/2023\/12\/Casa-Puig-1-1582x2048.jpg 1582w, https:\/\/www.gridmag.com.mx\/wp-content\/uploads\/2023\/12\/Casa-Puig-1-770x997.jpg 770w, https:\/\/www.gridmag.com.mx\/wp-content\/uploads\/2023\/12\/Casa-Puig-1-1400x1812.jpg 1400w, https:\/\/www.gridmag.com.mx\/wp-content\/uploads\/2023\/12\/Casa-Puig-1.jpg 1978w\" sizes=\"(max-width: 791px) 100vw, 791px\" \/><\/figure>\n\n\n\n<h2 class=\"wp-block-heading\">Coraz\u00f3n pulsante en el patio central: v\u00ednculo vital con la naturaleza<\/h2>\n\n\n\n<p>\u00c1reas p\u00fablicas y privadas convergen en un vibrante patio central, el epicentro vital que encapsula la esencia misma del retiro arquitect\u00f3nico en la naturaleza, ofreciendo una conexi\u00f3n org\u00e1nica con el entorno.<\/p>\n\n\n\n<div class=\"wp-block-columns is-layout-flex wp-container-core-columns-is-layout-9d6595d7 wp-block-columns-is-layout-flex\">\n<div class=\"wp-block-column is-layout-flow wp-block-column-is-layout-flow\">\n<figure class=\"wp-block-image size-large\"><img decoding=\"async\" width=\"791\" height=\"1024\" src=\"https:\/\/www.gridmag.com.mx\/wp-content\/uploads\/2023\/12\/Casa-Puig-2-791x1024.jpg\" alt=\"\" class=\"wp-image-5631\" srcset=\"https:\/\/www.gridmag.com.mx\/wp-content\/uploads\/2023\/12\/Casa-Puig-2-791x1024.jpg 791w, https:\/\/www.gridmag.com.mx\/wp-content\/uploads\/2023\/12\/Casa-Puig-2-232x300.jpg 232w, https:\/\/www.gridmag.com.mx\/wp-content\/uploads\/2023\/12\/Casa-Puig-2-768x994.jpg 768w, https:\/\/www.gridmag.com.mx\/wp-content\/uploads\/2023\/12\/Casa-Puig-2-1187x1536.jpg 1187w, https:\/\/www.gridmag.com.mx\/wp-content\/uploads\/2023\/12\/Casa-Puig-2-1582x2048.jpg 1582w, https:\/\/www.gridmag.com.mx\/wp-content\/uploads\/2023\/12\/Casa-Puig-2-770x997.jpg 770w, https:\/\/www.gridmag.com.mx\/wp-content\/uploads\/2023\/12\/Casa-Puig-2-1400x1812.jpg 1400w, https:\/\/www.gridmag.com.mx\/wp-content\/uploads\/2023\/12\/Casa-Puig-2.jpg 1978w\" sizes=\"(max-width: 791px) 100vw, 791px\" \/><\/figure>\n<\/div>\n\n\n\n<div class=\"wp-block-column is-layout-flow wp-block-column-is-layout-flow\">\n<figure class=\"wp-block-image size-large\"><img decoding=\"async\" width=\"1024\" height=\"791\" src=\"https:\/\/www.gridmag.com.mx\/wp-content\/uploads\/2023\/12\/Casa-Puig-4-1-1024x791.jpg\" alt=\"Casa Puig\" class=\"wp-image-5634\" srcset=\"https:\/\/www.gridmag.com.mx\/wp-content\/uploads\/2023\/12\/Casa-Puig-4-1-1024x791.jpg 1024w, https:\/\/www.gridmag.com.mx\/wp-content\/uploads\/2023\/12\/Casa-Puig-4-1-300x232.jpg 300w, https:\/\/www.gridmag.com.mx\/wp-content\/uploads\/2023\/12\/Casa-Puig-4-1-768x593.jpg 768w, https:\/\/www.gridmag.com.mx\/wp-content\/uploads\/2023\/12\/Casa-Puig-4-1-1536x1187.jpg 1536w, https:\/\/www.gridmag.com.mx\/wp-content\/uploads\/2023\/12\/Casa-Puig-4-1-2048x1582.jpg 2048w, https:\/\/www.gridmag.com.mx\/wp-content\/uploads\/2023\/12\/Casa-Puig-4-1-770x595.jpg 770w, https:\/\/www.gridmag.com.mx\/wp-content\/uploads\/2023\/12\/Casa-Puig-4-1-1400x1082.jpg 1400w\" sizes=\"(max-width: 1024px) 100vw, 1024px\" \/><\/figure>\n<\/div>\n<\/div>\n\n\n\n<h2 class=\"wp-block-heading\"><strong>Terrazas fusionadas con el entorno: di\u00e1logo arquitect\u00f3nico con la naturaleza<\/strong><\/h2>\n\n\n\n<p>Terrazas cubiertas, semicubiertas y al aire libre se integran de manera org\u00e1nica en la exuberante naturaleza circundante, proporcionando una conexi\u00f3n directa con el paisaje, elevando as\u00ed la experiencia del retiro arquitect\u00f3nico en la naturaleza.<\/p>\n\n\n\n<h2 class=\"wp-block-heading\"><strong>Preservando la naturaleza local: compromiso con el entorno<\/strong><\/h2>\n\n\n\n<p>La elecci\u00f3n meticulosa de materiales y una <a href=\"https:\/\/www.gridmag.com.mx\/index.php\/2023\/07\/19\/que-es-arquitectura-sustentable\/\">arquitectura<\/a> coherente son testimonio del compromiso inquebrantable de preservar la riqueza natural local, dando forma a un refugio arquitect\u00f3nico que respeta y coexiste en perfecta armon\u00eda con su contexto.<\/p>\n\n\n\n<h2 class=\"wp-block-heading\"><strong>Espacio que nutre mente, cuerpo y esp\u00edritu: experiencia transformadora<\/strong><\/h2>\n\n\n\n<p>M\u00e1s all\u00e1 de lo f\u00edsico, Casa Puig se erige como un espacio que nutre la mente, el cuerpo y el esp\u00edritu, redefiniendo la noci\u00f3n de retiro arquitect\u00f3nico al ofrecer una experiencia transformadora en plena comuni\u00f3n con la naturaleza.<\/p>\n\n\n\n<h2 class=\"wp-block-heading\"><strong>Innovaci\u00f3n y respeto por la naturaleza: un santuario contempor\u00e1neo en Valle de Bravo<\/strong><\/h2>\n\n\n\n<p>Casa Puig representa la culminaci\u00f3n de dise\u00f1o innovador y profundo respeto por la naturaleza, ofreciendo un santuario contempor\u00e1neo en el coraz\u00f3n de la sublime belleza natural de Valle de Bravo.<\/p>\n\n\n\n<p>Ubicaci\u00f3n: Valle de Bravo, Estado de M\u00e9xico<br>Autor: Arq. Luis M. Aguilar<br>Equipo: LAX Arquitectura<br>A\u00f1o de terminaci\u00f3n de la obra: 2020<br>Arquitectura residencial unifamiliar<br>Fotograf\u00eda: Mavix \/ Hugo Tirso<\/p>\n\n\n\n<p>Contacto:<br><a href=\"mailto:laguilar@laxarquitectura.com\">laguilar@laxarquitectura.com<br><\/a>IG: <a href=\"https:\/\/www.instagram.com\/lax_arquitectura\/?hl=es\">lax arquitectura<\/a><\/p>\n","protected":false},"excerpt":{"rendered":"<p>Ubicada majestuosamente en la cima de un cerro boscoso en la zona sur del lago de Valle de Bravo, Casa Puig se presenta como un retiro arquitect\u00f3nico en la naturaleza que armoniza de manera sublime el descanso y el trabajo, fusion\u00e1ndose perfectamente con la naturaleza circundante. Iluminaci\u00f3n y ventilaci\u00f3n \u00f3ptimas: energ\u00eda natural que inspira Estrat\u00e9gicamente posicionada, la casa abraza la luz natural y la brisa en un ballet constante desde el amanecer hasta el atardecer, resaltando un dise\u00f1o eficientemente energ\u00e9tico [&hellip;]<\/p>\n","protected":false},"author":1,"featured_media":5627,"comment_status":"open","ping_status":"open","sticky":false,"template":"","format":"standard","meta":{"footnotes":""},"categories":[49],"tags":[],"class_list":["post-5626","post","type-post","status-publish","format-standard","has-post-thumbnail","hentry","category-arquitectura"],"yoast_head":"<!-- This site is optimized with the Yoast SEO plugin v27.0 - https:\/\/yoast.com\/product\/yoast-seo-wordpress\/ -->\n<title>RETIRO ARQUITECT\u00d3NICO EN LA NATURALEZA I CASA PUIG | Grid Magazine<\/title>\n<meta name=\"description\" content=\"Casa Puig: retiro arquitect\u00f3nico en la naturaleza de Valle de Bravo, armonizando descanso y trabajo en entorno boscoso.\" \/>\n<meta name=\"robots\" content=\"index, follow, max-snippet:-1, max-image-preview:large, max-video-preview:-1\" \/>\n<link rel=\"canonical\" href=\"https:\/\/www.gridmag.com.mx\/index.php\/2023\/12\/07\/casa-puig-i-un-retiro-arquitectonico-en-la-naturaleza\/\" \/>\n<meta property=\"og:locale\" content=\"es_MX\" \/>\n<meta property=\"og:type\" content=\"article\" \/>\n<meta property=\"og:title\" content=\"RETIRO ARQUITECT\u00d3NICO EN LA NATURALEZA I CASA PUIG | Grid Magazine\" \/>\n<meta property=\"og:description\" content=\"Casa Puig: retiro arquitect\u00f3nico en la naturaleza de Valle de Bravo, armonizando descanso y trabajo en entorno boscoso.\" \/>\n<meta property=\"og:url\" content=\"https:\/\/www.gridmag.com.mx\/index.php\/2023\/12\/07\/casa-puig-i-un-retiro-arquitectonico-en-la-naturaleza\/\" \/>\n<meta property=\"og:site_name\" content=\"Grid Magazine\" \/>\n<meta property=\"article:publisher\" content=\"https:\/\/www.facebook.com\/gridmagazine.mx\" \/>\n<meta property=\"article:published_time\" content=\"2023-12-07T15:00:00+00:00\" \/>\n<meta property=\"article:modified_time\" content=\"2023-12-15T19:22:16+00:00\" \/>\n<meta property=\"og:image\" content=\"https:\/\/www.gridmag.com.mx\/wp-content\/uploads\/2023\/12\/Casa-Puig-5-scaled.jpg\" \/>\n\t<meta property=\"og:image:width\" content=\"2560\" \/>\n\t<meta property=\"og:image:height\" content=\"1978\" \/>\n\t<meta property=\"og:image:type\" content=\"image\/jpeg\" \/>\n<meta name=\"author\" content=\"Grid Magazine\" \/>\n<meta name=\"twitter:card\" content=\"summary_large_image\" \/>\n<meta name=\"twitter:label1\" content=\"Escrito por\" \/>\n\t<meta name=\"twitter:data1\" content=\"Grid Magazine\" \/>\n\t<meta name=\"twitter:label2\" content=\"Tiempo de lectura\" \/>\n\t<meta name=\"twitter:data2\" content=\"3 minutos\" \/>\n<script type=\"application\/ld+json\" class=\"yoast-schema-graph\">{\"@context\":\"https:\/\/schema.org\",\"@graph\":[{\"@type\":\"Article\",\"@id\":\"https:\/\/www.gridmag.com.mx\/index.php\/2023\/12\/07\/casa-puig-i-un-retiro-arquitectonico-en-la-naturaleza\/#article\",\"isPartOf\":{\"@id\":\"https:\/\/www.gridmag.com.mx\/index.php\/2023\/12\/07\/casa-puig-i-un-retiro-arquitectonico-en-la-naturaleza\/\"},\"author\":{\"name\":\"Grid Magazine\",\"@id\":\"https:\/\/www.gridmag.com.mx\/#\/schema\/person\/d54cddc75e2ecfe4a55e39c0336ae932\"},\"headline\":\"RETIRO ARQUITECT\u00d3NICO EN LA NATURALEZA I CASA PUIG\",\"datePublished\":\"2023-12-07T15:00:00+00:00\",\"dateModified\":\"2023-12-15T19:22:16+00:00\",\"mainEntityOfPage\":{\"@id\":\"https:\/\/www.gridmag.com.mx\/index.php\/2023\/12\/07\/casa-puig-i-un-retiro-arquitectonico-en-la-naturaleza\/\"},\"wordCount\":385,\"commentCount\":0,\"publisher\":{\"@id\":\"https:\/\/www.gridmag.com.mx\/#organization\"},\"image\":{\"@id\":\"https:\/\/www.gridmag.com.mx\/index.php\/2023\/12\/07\/casa-puig-i-un-retiro-arquitectonico-en-la-naturaleza\/#primaryimage\"},\"thumbnailUrl\":\"https:\/\/www.gridmag.com.mx\/wp-content\/uploads\/2023\/12\/Casa-Puig-5.jpg\",\"articleSection\":[\"Arquitectura\"],\"inLanguage\":\"es\",\"potentialAction\":[{\"@type\":\"CommentAction\",\"name\":\"Comment\",\"target\":[\"https:\/\/www.gridmag.com.mx\/index.php\/2023\/12\/07\/casa-puig-i-un-retiro-arquitectonico-en-la-naturaleza\/#respond\"]}]},{\"@type\":\"WebPage\",\"@id\":\"https:\/\/www.gridmag.com.mx\/index.php\/2023\/12\/07\/casa-puig-i-un-retiro-arquitectonico-en-la-naturaleza\/\",\"url\":\"https:\/\/www.gridmag.com.mx\/index.php\/2023\/12\/07\/casa-puig-i-un-retiro-arquitectonico-en-la-naturaleza\/\",\"name\":\"RETIRO ARQUITECT\u00d3NICO EN LA NATURALEZA I CASA PUIG | Grid Magazine\",\"isPartOf\":{\"@id\":\"https:\/\/www.gridmag.com.mx\/#website\"},\"primaryImageOfPage\":{\"@id\":\"https:\/\/www.gridmag.com.mx\/index.php\/2023\/12\/07\/casa-puig-i-un-retiro-arquitectonico-en-la-naturaleza\/#primaryimage\"},\"image\":{\"@id\":\"https:\/\/www.gridmag.com.mx\/index.php\/2023\/12\/07\/casa-puig-i-un-retiro-arquitectonico-en-la-naturaleza\/#primaryimage\"},\"thumbnailUrl\":\"https:\/\/www.gridmag.com.mx\/wp-content\/uploads\/2023\/12\/Casa-Puig-5.jpg\",\"datePublished\":\"2023-12-07T15:00:00+00:00\",\"dateModified\":\"2023-12-15T19:22:16+00:00\",\"description\":\"Casa Puig: retiro arquitect\u00f3nico en la naturaleza de Valle de Bravo, armonizando descanso y trabajo en entorno boscoso.\",\"breadcrumb\":{\"@id\":\"https:\/\/www.gridmag.com.mx\/index.php\/2023\/12\/07\/casa-puig-i-un-retiro-arquitectonico-en-la-naturaleza\/#breadcrumb\"},\"inLanguage\":\"es\",\"potentialAction\":[{\"@type\":\"ReadAction\",\"target\":[\"https:\/\/www.gridmag.com.mx\/index.php\/2023\/12\/07\/casa-puig-i-un-retiro-arquitectonico-en-la-naturaleza\/\"]}]},{\"@type\":\"ImageObject\",\"inLanguage\":\"es\",\"@id\":\"https:\/\/www.gridmag.com.mx\/index.php\/2023\/12\/07\/casa-puig-i-un-retiro-arquitectonico-en-la-naturaleza\/#primaryimage\",\"url\":\"https:\/\/www.gridmag.com.mx\/wp-content\/uploads\/2023\/12\/Casa-Puig-5.jpg\",\"contentUrl\":\"https:\/\/www.gridmag.com.mx\/wp-content\/uploads\/2023\/12\/Casa-Puig-5.jpg\",\"width\":2560,\"height\":1978},{\"@type\":\"BreadcrumbList\",\"@id\":\"https:\/\/www.gridmag.com.mx\/index.php\/2023\/12\/07\/casa-puig-i-un-retiro-arquitectonico-en-la-naturaleza\/#breadcrumb\",\"itemListElement\":[{\"@type\":\"ListItem\",\"position\":1,\"name\":\"Inicio\",\"item\":\"https:\/\/www.gridmag.com.mx\/\"},{\"@type\":\"ListItem\",\"position\":2,\"name\":\"RETIRO ARQUITECT\u00d3NICO EN LA NATURALEZA I CASA PUIG\"}]},{\"@type\":\"WebSite\",\"@id\":\"https:\/\/www.gridmag.com.mx\/#website\",\"url\":\"https:\/\/www.gridmag.com.mx\/\",\"name\":\"Grid Magazine\",\"description\":\"Compartiendo lo mejor de la arquitectura y dise\u00f1o mexicano.\",\"publisher\":{\"@id\":\"https:\/\/www.gridmag.com.mx\/#organization\"},\"potentialAction\":[{\"@type\":\"SearchAction\",\"target\":{\"@type\":\"EntryPoint\",\"urlTemplate\":\"https:\/\/www.gridmag.com.mx\/?s={search_term_string}\"},\"query-input\":{\"@type\":\"PropertyValueSpecification\",\"valueRequired\":true,\"valueName\":\"search_term_string\"}}],\"inLanguage\":\"es\"},{\"@type\":\"Organization\",\"@id\":\"https:\/\/www.gridmag.com.mx\/#organization\",\"name\":\"Grid Magazine\",\"url\":\"https:\/\/www.gridmag.com.mx\/\",\"logo\":{\"@type\":\"ImageObject\",\"inLanguage\":\"es\",\"@id\":\"https:\/\/www.gridmag.com.mx\/#\/schema\/logo\/image\/\",\"url\":\"\",\"contentUrl\":\"\",\"caption\":\"Grid Magazine\"},\"image\":{\"@id\":\"https:\/\/www.gridmag.com.mx\/#\/schema\/logo\/image\/\"},\"sameAs\":[\"https:\/\/www.facebook.com\/gridmagazine.mx\",\"https:\/\/www.instagram.com\/gridmagazine_mx\/\",\"https:\/\/www.tiktok.com\/@gridmagazine.mx?_t=8gl2kVR2Aq6&_r=1\",\"https:\/\/www.linkedin.com\/company\/grid-magazine-mx\/\"]},{\"@type\":\"Person\",\"@id\":\"https:\/\/www.gridmag.com.mx\/#\/schema\/person\/d54cddc75e2ecfe4a55e39c0336ae932\",\"name\":\"Grid Magazine\",\"image\":{\"@type\":\"ImageObject\",\"inLanguage\":\"es\",\"@id\":\"https:\/\/www.gridmag.com.mx\/#\/schema\/person\/image\/\",\"url\":\"https:\/\/secure.gravatar.com\/avatar\/8e4bd50943002dd6ee9db30e5af749244f3e21206a99c4fb42429117eaacfc83?s=96&d=mm&r=g\",\"contentUrl\":\"https:\/\/secure.gravatar.com\/avatar\/8e4bd50943002dd6ee9db30e5af749244f3e21206a99c4fb42429117eaacfc83?s=96&d=mm&r=g\",\"caption\":\"Grid Magazine\"},\"sameAs\":[\"https:\/\/www.gridmag.com.mx\"],\"url\":\"https:\/\/www.gridmag.com.mx\/index.php\/author\/grid-magazine-arq\/\"}]}<\/script>\n<!-- \/ Yoast SEO plugin. -->","yoast_head_json":{"title":"RETIRO ARQUITECT\u00d3NICO EN LA NATURALEZA I CASA PUIG | Grid Magazine","description":"Casa Puig: retiro arquitect\u00f3nico en la naturaleza de Valle de Bravo, armonizando descanso y trabajo en entorno boscoso.","robots":{"index":"index","follow":"follow","max-snippet":"max-snippet:-1","max-image-preview":"max-image-preview:large","max-video-preview":"max-video-preview:-1"},"canonical":"https:\/\/www.gridmag.com.mx\/index.php\/2023\/12\/07\/casa-puig-i-un-retiro-arquitectonico-en-la-naturaleza\/","og_locale":"es_MX","og_type":"article","og_title":"RETIRO ARQUITECT\u00d3NICO EN LA NATURALEZA I CASA PUIG | Grid Magazine","og_description":"Casa Puig: retiro arquitect\u00f3nico en la naturaleza de Valle de Bravo, armonizando descanso y trabajo en entorno boscoso.","og_url":"https:\/\/www.gridmag.com.mx\/index.php\/2023\/12\/07\/casa-puig-i-un-retiro-arquitectonico-en-la-naturaleza\/","og_site_name":"Grid Magazine","article_publisher":"https:\/\/www.facebook.com\/gridmagazine.mx","article_published_time":"2023-12-07T15:00:00+00:00","article_modified_time":"2023-12-15T19:22:16+00:00","og_image":[{"width":2560,"height":1978,"url":"https:\/\/www.gridmag.com.mx\/wp-content\/uploads\/2023\/12\/Casa-Puig-5-scaled.jpg","type":"image\/jpeg"}],"author":"Grid Magazine","twitter_card":"summary_large_image","twitter_misc":{"Escrito por":"Grid Magazine","Tiempo de lectura":"3 minutos"},"schema":{"@context":"https:\/\/schema.org","@graph":[{"@type":"Article","@id":"https:\/\/www.gridmag.com.mx\/index.php\/2023\/12\/07\/casa-puig-i-un-retiro-arquitectonico-en-la-naturaleza\/#article","isPartOf":{"@id":"https:\/\/www.gridmag.com.mx\/index.php\/2023\/12\/07\/casa-puig-i-un-retiro-arquitectonico-en-la-naturaleza\/"},"author":{"name":"Grid Magazine","@id":"https:\/\/www.gridmag.com.mx\/#\/schema\/person\/d54cddc75e2ecfe4a55e39c0336ae932"},"headline":"RETIRO ARQUITECT\u00d3NICO EN LA NATURALEZA I CASA PUIG","datePublished":"2023-12-07T15:00:00+00:00","dateModified":"2023-12-15T19:22:16+00:00","mainEntityOfPage":{"@id":"https:\/\/www.gridmag.com.mx\/index.php\/2023\/12\/07\/casa-puig-i-un-retiro-arquitectonico-en-la-naturaleza\/"},"wordCount":385,"commentCount":0,"publisher":{"@id":"https:\/\/www.gridmag.com.mx\/#organization"},"image":{"@id":"https:\/\/www.gridmag.com.mx\/index.php\/2023\/12\/07\/casa-puig-i-un-retiro-arquitectonico-en-la-naturaleza\/#primaryimage"},"thumbnailUrl":"https:\/\/www.gridmag.com.mx\/wp-content\/uploads\/2023\/12\/Casa-Puig-5.jpg","articleSection":["Arquitectura"],"inLanguage":"es","potentialAction":[{"@type":"CommentAction","name":"Comment","target":["https:\/\/www.gridmag.com.mx\/index.php\/2023\/12\/07\/casa-puig-i-un-retiro-arquitectonico-en-la-naturaleza\/#respond"]}]},{"@type":"WebPage","@id":"https:\/\/www.gridmag.com.mx\/index.php\/2023\/12\/07\/casa-puig-i-un-retiro-arquitectonico-en-la-naturaleza\/","url":"https:\/\/www.gridmag.com.mx\/index.php\/2023\/12\/07\/casa-puig-i-un-retiro-arquitectonico-en-la-naturaleza\/","name":"RETIRO ARQUITECT\u00d3NICO EN LA NATURALEZA I CASA PUIG | Grid Magazine","isPartOf":{"@id":"https:\/\/www.gridmag.com.mx\/#website"},"primaryImageOfPage":{"@id":"https:\/\/www.gridmag.com.mx\/index.php\/2023\/12\/07\/casa-puig-i-un-retiro-arquitectonico-en-la-naturaleza\/#primaryimage"},"image":{"@id":"https:\/\/www.gridmag.com.mx\/index.php\/2023\/12\/07\/casa-puig-i-un-retiro-arquitectonico-en-la-naturaleza\/#primaryimage"},"thumbnailUrl":"https:\/\/www.gridmag.com.mx\/wp-content\/uploads\/2023\/12\/Casa-Puig-5.jpg","datePublished":"2023-12-07T15:00:00+00:00","dateModified":"2023-12-15T19:22:16+00:00","description":"Casa Puig: retiro arquitect\u00f3nico en la naturaleza de Valle de Bravo, armonizando descanso y trabajo en entorno boscoso.","breadcrumb":{"@id":"https:\/\/www.gridmag.com.mx\/index.php\/2023\/12\/07\/casa-puig-i-un-retiro-arquitectonico-en-la-naturaleza\/#breadcrumb"},"inLanguage":"es","potentialAction":[{"@type":"ReadAction","target":["https:\/\/www.gridmag.com.mx\/index.php\/2023\/12\/07\/casa-puig-i-un-retiro-arquitectonico-en-la-naturaleza\/"]}]},{"@type":"ImageObject","inLanguage":"es","@id":"https:\/\/www.gridmag.com.mx\/index.php\/2023\/12\/07\/casa-puig-i-un-retiro-arquitectonico-en-la-naturaleza\/#primaryimage","url":"https:\/\/www.gridmag.com.mx\/wp-content\/uploads\/2023\/12\/Casa-Puig-5.jpg","contentUrl":"https:\/\/www.gridmag.com.mx\/wp-content\/uploads\/2023\/12\/Casa-Puig-5.jpg","width":2560,"height":1978},{"@type":"BreadcrumbList","@id":"https:\/\/www.gridmag.com.mx\/index.php\/2023\/12\/07\/casa-puig-i-un-retiro-arquitectonico-en-la-naturaleza\/#breadcrumb","itemListElement":[{"@type":"ListItem","position":1,"name":"Inicio","item":"https:\/\/www.gridmag.com.mx\/"},{"@type":"ListItem","position":2,"name":"RETIRO ARQUITECT\u00d3NICO EN LA NATURALEZA I CASA PUIG"}]},{"@type":"WebSite","@id":"https:\/\/www.gridmag.com.mx\/#website","url":"https:\/\/www.gridmag.com.mx\/","name":"Grid Magazine","description":"Compartiendo lo mejor de la arquitectura y dise\u00f1o mexicano.","publisher":{"@id":"https:\/\/www.gridmag.com.mx\/#organization"},"potentialAction":[{"@type":"SearchAction","target":{"@type":"EntryPoint","urlTemplate":"https:\/\/www.gridmag.com.mx\/?s={search_term_string}"},"query-input":{"@type":"PropertyValueSpecification","valueRequired":true,"valueName":"search_term_string"}}],"inLanguage":"es"},{"@type":"Organization","@id":"https:\/\/www.gridmag.com.mx\/#organization","name":"Grid Magazine","url":"https:\/\/www.gridmag.com.mx\/","logo":{"@type":"ImageObject","inLanguage":"es","@id":"https:\/\/www.gridmag.com.mx\/#\/schema\/logo\/image\/","url":"","contentUrl":"","caption":"Grid Magazine"},"image":{"@id":"https:\/\/www.gridmag.com.mx\/#\/schema\/logo\/image\/"},"sameAs":["https:\/\/www.facebook.com\/gridmagazine.mx","https:\/\/www.instagram.com\/gridmagazine_mx\/","https:\/\/www.tiktok.com\/@gridmagazine.mx?_t=8gl2kVR2Aq6&_r=1","https:\/\/www.linkedin.com\/company\/grid-magazine-mx\/"]},{"@type":"Person","@id":"https:\/\/www.gridmag.com.mx\/#\/schema\/person\/d54cddc75e2ecfe4a55e39c0336ae932","name":"Grid Magazine","image":{"@type":"ImageObject","inLanguage":"es","@id":"https:\/\/www.gridmag.com.mx\/#\/schema\/person\/image\/","url":"https:\/\/secure.gravatar.com\/avatar\/8e4bd50943002dd6ee9db30e5af749244f3e21206a99c4fb42429117eaacfc83?s=96&d=mm&r=g","contentUrl":"https:\/\/secure.gravatar.com\/avatar\/8e4bd50943002dd6ee9db30e5af749244f3e21206a99c4fb42429117eaacfc83?s=96&d=mm&r=g","caption":"Grid Magazine"},"sameAs":["https:\/\/www.gridmag.com.mx"],"url":"https:\/\/www.gridmag.com.mx\/index.php\/author\/grid-magazine-arq\/"}]}},"_links":{"self":[{"href":"https:\/\/www.gridmag.com.mx\/index.php\/wp-json\/wp\/v2\/posts\/5626","targetHints":{"allow":["GET"]}}],"collection":[{"href":"https:\/\/www.gridmag.com.mx\/index.php\/wp-json\/wp\/v2\/posts"}],"about":[{"href":"https:\/\/www.gridmag.com.mx\/index.php\/wp-json\/wp\/v2\/types\/post"}],"author":[{"embeddable":true,"href":"https:\/\/www.gridmag.com.mx\/index.php\/wp-json\/wp\/v2\/users\/1"}],"replies":[{"embeddable":true,"href":"https:\/\/www.gridmag.com.mx\/index.php\/wp-json\/wp\/v2\/comments?post=5626"}],"version-history":[{"count":4,"href":"https:\/\/www.gridmag.com.mx\/index.php\/wp-json\/wp\/v2\/posts\/5626\/revisions"}],"predecessor-version":[{"id":5744,"href":"https:\/\/www.gridmag.com.mx\/index.php\/wp-json\/wp\/v2\/posts\/5626\/revisions\/5744"}],"wp:featuredmedia":[{"embeddable":true,"href":"https:\/\/www.gridmag.com.mx\/index.php\/wp-json\/wp\/v2\/media\/5627"}],"wp:attachment":[{"href":"https:\/\/www.gridmag.com.mx\/index.php\/wp-json\/wp\/v2\/media?parent=5626"}],"wp:term":[{"taxonomy":"category","embeddable":true,"href":"https:\/\/www.gridmag.com.mx\/index.php\/wp-json\/wp\/v2\/categories?post=5626"},{"taxonomy":"post_tag","embeddable":true,"href":"https:\/\/www.gridmag.com.mx\/index.php\/wp-json\/wp\/v2\/tags?post=5626"}],"curies":[{"name":"wp","href":"https:\/\/api.w.org\/{rel}","templated":true}]}}