{"id":6400,"date":"2024-02-07T09:59:25","date_gmt":"2024-02-07T15:59:25","guid":{"rendered":"https:\/\/www.gridmag.com.mx\/?p=6400"},"modified":"2024-02-22T20:42:27","modified_gmt":"2024-02-23T02:42:27","slug":"la-belleza-del-objeto","status":"publish","type":"post","link":"https:\/\/www.gridmag.com.mx\/index.php\/2024\/02\/07\/la-belleza-del-objeto\/","title":{"rendered":"La belleza del objeto"},"content":{"rendered":"\n<p><strong>\u201cLa Belleza del Objeto\u201d<\/strong> en la Galer\u00eda Territorio es una exploraci\u00f3n de nuestra atracci\u00f3n hacia objetos hermosos y los v\u00ednculos emocionales que formamos con ellos al convertirse en parte de nuestras vidas. La <a href=\"https:\/\/www.gridmag.com.mx\/index.php\/2024\/02\/08\/no-se-vende-i-exposicion\/\">exposici\u00f3n<\/a> destaca el arte funcional que ofrece bienestar, comodidad y una perspectiva positiva. Desde la concepci\u00f3n de la idea hasta la pieza final, esta exposici\u00f3n celebra todo el proceso art\u00edstico, haciendo hincapi\u00e9 en c\u00f3mo la belleza moldea nuestra percepci\u00f3n del entorno.<\/p>\n\n\n\n<figure class=\"wp-block-image size-full\"><img decoding=\"async\" width=\"850\" height=\"750\" src=\"https:\/\/www.gridmag.com.mx\/wp-content\/uploads\/2024\/02\/La-belleza-del-objeto-03_web.png\" alt=\"\" class=\"wp-image-6403\" srcset=\"https:\/\/www.gridmag.com.mx\/wp-content\/uploads\/2024\/02\/La-belleza-del-objeto-03_web.png 850w, https:\/\/www.gridmag.com.mx\/wp-content\/uploads\/2024\/02\/La-belleza-del-objeto-03_web-300x265.png 300w, https:\/\/www.gridmag.com.mx\/wp-content\/uploads\/2024\/02\/La-belleza-del-objeto-03_web-768x678.png 768w, https:\/\/www.gridmag.com.mx\/wp-content\/uploads\/2024\/02\/La-belleza-del-objeto-03_web-770x679.png 770w\" sizes=\"(max-width: 850px) 100vw, 850px\" \/><\/figure>\n\n\n\n<div style=\"height:10px\" aria-hidden=\"true\" class=\"wp-block-spacer\"><\/div>\n\n\n\n<p>Desafiando las nociones convencionales de belleza a trav\u00e9s de diversos medios, la exposici\u00f3n examina objetos tangibles pero inanimados. Los transforma en s\u00edmbolos de belleza y valor, especialmente en momentos desafiantes.<\/p>\n\n\n\n<figure class=\"wp-block-image size-large\"><img decoding=\"async\" width=\"1024\" height=\"895\" src=\"https:\/\/www.gridmag.com.mx\/wp-content\/uploads\/2024\/02\/La-belleza-del-objeto-04_web-1024x895.png\" alt=\"La Belleza del Objeto | Exposici\u00f3n en Galer\u00eda Territorio\" class=\"wp-image-6405\" srcset=\"https:\/\/www.gridmag.com.mx\/wp-content\/uploads\/2024\/02\/La-belleza-del-objeto-04_web-1024x895.png 1024w, https:\/\/www.gridmag.com.mx\/wp-content\/uploads\/2024\/02\/La-belleza-del-objeto-04_web-300x262.png 300w, https:\/\/www.gridmag.com.mx\/wp-content\/uploads\/2024\/02\/La-belleza-del-objeto-04_web-768x671.png 768w, https:\/\/www.gridmag.com.mx\/wp-content\/uploads\/2024\/02\/La-belleza-del-objeto-04_web-770x673.png 770w, https:\/\/www.gridmag.com.mx\/wp-content\/uploads\/2024\/02\/La-belleza-del-objeto-04_web.png 1247w\" sizes=\"(max-width: 1024px) 100vw, 1024px\" \/><\/figure>\n\n\n\n<div style=\"height:10px\" aria-hidden=\"true\" class=\"wp-block-spacer\"><\/div>\n\n\n\n<p>Esta exposici\u00f3n presenta la belleza como una fuerza poderosa m\u00e1s all\u00e1 de los atributos f\u00edsicos. \u201cLa Belleza del Objeto\u201d es una exploraci\u00f3n de lo est\u00e9tico que nos rodea, que brinda alegr\u00eda y reconocimiento de lo extraordinario en lo cotidiano. Trasciende las propiedades f\u00edsicas, retratando la belleza como una fuerza que implica reconocer imperfecciones y su papel significativo en nuestra existencia, percibiendo la esencia po\u00e9tica en los objetos que nos rodean.\u00a0<\/p>\n\n\n\n<figure class=\"wp-block-image size-large\"><img decoding=\"async\" width=\"1024\" height=\"955\" src=\"https:\/\/www.gridmag.com.mx\/wp-content\/uploads\/2024\/02\/La-belleza-del-objeto-05_web-1024x955.png\" alt=\"La Belleza del Objeto | Exposici\u00f3n en Galer\u00eda Territorio\" class=\"wp-image-6406\" srcset=\"https:\/\/www.gridmag.com.mx\/wp-content\/uploads\/2024\/02\/La-belleza-del-objeto-05_web-1024x955.png 1024w, https:\/\/www.gridmag.com.mx\/wp-content\/uploads\/2024\/02\/La-belleza-del-objeto-05_web-300x280.png 300w, https:\/\/www.gridmag.com.mx\/wp-content\/uploads\/2024\/02\/La-belleza-del-objeto-05_web-768x716.png 768w, https:\/\/www.gridmag.com.mx\/wp-content\/uploads\/2024\/02\/La-belleza-del-objeto-05_web-770x718.png 770w, https:\/\/www.gridmag.com.mx\/wp-content\/uploads\/2024\/02\/La-belleza-del-objeto-05_web.png 1191w\" sizes=\"(max-width: 1024px) 100vw, 1024px\" \/><\/figure>\n\n\n\n<div style=\"height:10px\" aria-hidden=\"true\" class=\"wp-block-spacer\"><\/div>\n\n\n\n<p>Este homenaje a la belleza en nuestro mundo fomenta el deleite en los momentos cotidianos y el reconocimiento de lo notable en lo mundano.<\/p>\n\n\n\n<p><strong>DISE\u00d1ADORES<\/strong><\/p>\n\n\n\n<p>Andr\u00e9s Monnier<br>Aur\u00e9lie Hoegy<br>Beek<br>Cecilio S\u00e1nchez Fierro<br>Casa Bobadilla<br>Coco Brun x Sten Studio<br>Daniel Couttolenc<br>Diego Hern\u00e1ndez Beauroyre<br>Erick Dominguez Chan<br>Ernesto Azcarate<br>Ileana Moreno<br>Jos\u00e9 Abraham Tzab Chi<br>LOFA Ceramics x C C\u00fabica<br>Marva Studio<br>Meir Lobat\u00f3n Corona<br>Miguel Leiro<br>Rufina Ruiz L\u00f3pez<\/p>\n\n\n\n<figure class=\"wp-block-image size-large\"><img decoding=\"async\" width=\"575\" height=\"1024\" src=\"https:\/\/www.gridmag.com.mx\/wp-content\/uploads\/2024\/02\/La-belleza-del-objeto-07-575x1024.png\" alt=\"La Belleza del Objeto | Exposici\u00f3n en Galer\u00eda Territorio\" class=\"wp-image-6407\" srcset=\"https:\/\/www.gridmag.com.mx\/wp-content\/uploads\/2024\/02\/La-belleza-del-objeto-07-575x1024.png 575w, https:\/\/www.gridmag.com.mx\/wp-content\/uploads\/2024\/02\/La-belleza-del-objeto-07-169x300.png 169w, https:\/\/www.gridmag.com.mx\/wp-content\/uploads\/2024\/02\/La-belleza-del-objeto-07-768x1367.png 768w, https:\/\/www.gridmag.com.mx\/wp-content\/uploads\/2024\/02\/La-belleza-del-objeto-07-770x1371.png 770w, https:\/\/www.gridmag.com.mx\/wp-content\/uploads\/2024\/02\/La-belleza-del-objeto-07.png 850w\" sizes=\"(max-width: 575px) 100vw, 575px\" \/><\/figure>\n\n\n\n<div style=\"height:9px\" aria-hidden=\"true\" class=\"wp-block-spacer\"><\/div>\n\n\n\n<p><strong>INAUGURACI\u00d3N: <\/strong>06 Febrero | 11h-19h<br><strong>Fechas:<\/strong> 06 Febrero \u2013 27 Abril, 2024<br><strong>Ubicaci\u00f3n:<\/strong><a href=\"https:\/\/www.instagram.com\/territorio.galeria\/\"> Territorio Galer\u00eda<\/a> | G.56 Hub Creativo. Calle Gral. Antonio Le\u00f3n 56, Piso 2, San Miguel Chapultepec II Secc, Miguel Hidalgo, 11850 CDMX.<br><strong>Horarios:<\/strong> Martes a Viernes 11h &#8211; 14h30 y 16h30-19h, S\u00e1bado 11h &#8211; 14h30<\/p>\n\n\n\n<p><strong>Evento Gratuito<\/strong><\/p>\n","protected":false},"excerpt":{"rendered":"<p>\u201cLa Belleza del Objeto\u201d en la Galer\u00eda Territorio es una exploraci\u00f3n de nuestra atracci\u00f3n hacia objetos hermosos y los v\u00ednculos emocionales que formamos con ellos al convertirse en parte de nuestras vidas. La exposici\u00f3n destaca el arte funcional que ofrece bienestar, comodidad y una perspectiva positiva. Desde la concepci\u00f3n de la idea hasta la pieza final, esta exposici\u00f3n celebra todo el proceso art\u00edstico, haciendo hincapi\u00e9 en c\u00f3mo la belleza moldea nuestra percepci\u00f3n del entorno. Desafiando las nociones convencionales de belleza [&hellip;]<\/p>\n","protected":false},"author":1,"featured_media":6401,"comment_status":"open","ping_status":"open","sticky":false,"template":"","format":"standard","meta":{"footnotes":""},"categories":[52],"tags":[],"class_list":["post-6400","post","type-post","status-publish","format-standard","has-post-thumbnail","hentry","category-diseno"],"yoast_head":"<!-- This site is optimized with the Yoast SEO plugin v27.0 - https:\/\/yoast.com\/product\/yoast-seo-wordpress\/ -->\n<title>La Belleza del Objeto | Exposici\u00f3n en Galer\u00eda Territorio<\/title>\n<meta name=\"description\" content=\"Descubre &quot;La Belleza del Objeto&quot; en la Galer\u00eda Territorio, una exposici\u00f3n que celebra nuestra conexi\u00f3n emocional con los objetos hermosos.\" \/>\n<meta name=\"robots\" content=\"index, follow, max-snippet:-1, max-image-preview:large, max-video-preview:-1\" \/>\n<link rel=\"canonical\" href=\"https:\/\/www.gridmag.com.mx\/index.php\/2024\/02\/07\/la-belleza-del-objeto\/\" \/>\n<meta property=\"og:locale\" content=\"es_MX\" \/>\n<meta property=\"og:type\" content=\"article\" \/>\n<meta property=\"og:title\" content=\"La Belleza del Objeto | Exposici\u00f3n en Galer\u00eda Territorio\" \/>\n<meta property=\"og:description\" content=\"Descubre &quot;La Belleza del Objeto&quot; en la Galer\u00eda Territorio, una exposici\u00f3n que celebra nuestra conexi\u00f3n emocional con los objetos hermosos.\" \/>\n<meta property=\"og:url\" content=\"https:\/\/www.gridmag.com.mx\/index.php\/2024\/02\/07\/la-belleza-del-objeto\/\" \/>\n<meta property=\"og:site_name\" content=\"Grid Magazine\" \/>\n<meta property=\"article:publisher\" content=\"https:\/\/www.facebook.com\/gridmagazine.mx\" \/>\n<meta property=\"article:published_time\" content=\"2024-02-07T15:59:25+00:00\" \/>\n<meta property=\"article:modified_time\" content=\"2024-02-23T02:42:27+00:00\" \/>\n<meta property=\"og:image\" content=\"https:\/\/www.gridmag.com.mx\/wp-content\/uploads\/2024\/02\/La-belleza-del-objeto-06.png\" \/>\n\t<meta property=\"og:image:width\" content=\"1786\" \/>\n\t<meta property=\"og:image:height\" content=\"974\" \/>\n\t<meta property=\"og:image:type\" content=\"image\/png\" \/>\n<meta name=\"author\" content=\"Grid Magazine\" \/>\n<meta name=\"twitter:card\" content=\"summary_large_image\" \/>\n<meta name=\"twitter:label1\" content=\"Escrito por\" \/>\n\t<meta name=\"twitter:data1\" content=\"Grid Magazine\" \/>\n\t<meta name=\"twitter:label2\" content=\"Tiempo de lectura\" \/>\n\t<meta name=\"twitter:data2\" content=\"3 minutos\" \/>\n<script type=\"application\/ld+json\" class=\"yoast-schema-graph\">{\"@context\":\"https:\/\/schema.org\",\"@graph\":[{\"@type\":\"Article\",\"@id\":\"https:\/\/www.gridmag.com.mx\/index.php\/2024\/02\/07\/la-belleza-del-objeto\/#article\",\"isPartOf\":{\"@id\":\"https:\/\/www.gridmag.com.mx\/index.php\/2024\/02\/07\/la-belleza-del-objeto\/\"},\"author\":{\"name\":\"Grid Magazine\",\"@id\":\"https:\/\/www.gridmag.com.mx\/#\/schema\/person\/d54cddc75e2ecfe4a55e39c0336ae932\"},\"headline\":\"La belleza del objeto\",\"datePublished\":\"2024-02-07T15:59:25+00:00\",\"dateModified\":\"2024-02-23T02:42:27+00:00\",\"mainEntityOfPage\":{\"@id\":\"https:\/\/www.gridmag.com.mx\/index.php\/2024\/02\/07\/la-belleza-del-objeto\/\"},\"wordCount\":310,\"commentCount\":0,\"publisher\":{\"@id\":\"https:\/\/www.gridmag.com.mx\/#organization\"},\"image\":{\"@id\":\"https:\/\/www.gridmag.com.mx\/index.php\/2024\/02\/07\/la-belleza-del-objeto\/#primaryimage\"},\"thumbnailUrl\":\"https:\/\/www.gridmag.com.mx\/wp-content\/uploads\/2024\/02\/La-belleza-del-objeto-06.png\",\"articleSection\":[\"Dise\u00f1o\"],\"inLanguage\":\"es\",\"potentialAction\":[{\"@type\":\"CommentAction\",\"name\":\"Comment\",\"target\":[\"https:\/\/www.gridmag.com.mx\/index.php\/2024\/02\/07\/la-belleza-del-objeto\/#respond\"]}]},{\"@type\":\"WebPage\",\"@id\":\"https:\/\/www.gridmag.com.mx\/index.php\/2024\/02\/07\/la-belleza-del-objeto\/\",\"url\":\"https:\/\/www.gridmag.com.mx\/index.php\/2024\/02\/07\/la-belleza-del-objeto\/\",\"name\":\"La Belleza del Objeto | Exposici\u00f3n en Galer\u00eda Territorio\",\"isPartOf\":{\"@id\":\"https:\/\/www.gridmag.com.mx\/#website\"},\"primaryImageOfPage\":{\"@id\":\"https:\/\/www.gridmag.com.mx\/index.php\/2024\/02\/07\/la-belleza-del-objeto\/#primaryimage\"},\"image\":{\"@id\":\"https:\/\/www.gridmag.com.mx\/index.php\/2024\/02\/07\/la-belleza-del-objeto\/#primaryimage\"},\"thumbnailUrl\":\"https:\/\/www.gridmag.com.mx\/wp-content\/uploads\/2024\/02\/La-belleza-del-objeto-06.png\",\"datePublished\":\"2024-02-07T15:59:25+00:00\",\"dateModified\":\"2024-02-23T02:42:27+00:00\",\"description\":\"Descubre \\\"La Belleza del Objeto\\\" en la Galer\u00eda Territorio, una exposici\u00f3n que celebra nuestra conexi\u00f3n emocional con los objetos hermosos.\",\"breadcrumb\":{\"@id\":\"https:\/\/www.gridmag.com.mx\/index.php\/2024\/02\/07\/la-belleza-del-objeto\/#breadcrumb\"},\"inLanguage\":\"es\",\"potentialAction\":[{\"@type\":\"ReadAction\",\"target\":[\"https:\/\/www.gridmag.com.mx\/index.php\/2024\/02\/07\/la-belleza-del-objeto\/\"]}]},{\"@type\":\"ImageObject\",\"inLanguage\":\"es\",\"@id\":\"https:\/\/www.gridmag.com.mx\/index.php\/2024\/02\/07\/la-belleza-del-objeto\/#primaryimage\",\"url\":\"https:\/\/www.gridmag.com.mx\/wp-content\/uploads\/2024\/02\/La-belleza-del-objeto-06.png\",\"contentUrl\":\"https:\/\/www.gridmag.com.mx\/wp-content\/uploads\/2024\/02\/La-belleza-del-objeto-06.png\",\"width\":1786,\"height\":974},{\"@type\":\"BreadcrumbList\",\"@id\":\"https:\/\/www.gridmag.com.mx\/index.php\/2024\/02\/07\/la-belleza-del-objeto\/#breadcrumb\",\"itemListElement\":[{\"@type\":\"ListItem\",\"position\":1,\"name\":\"Inicio\",\"item\":\"https:\/\/www.gridmag.com.mx\/\"},{\"@type\":\"ListItem\",\"position\":2,\"name\":\"La belleza del objeto\"}]},{\"@type\":\"WebSite\",\"@id\":\"https:\/\/www.gridmag.com.mx\/#website\",\"url\":\"https:\/\/www.gridmag.com.mx\/\",\"name\":\"Grid Magazine\",\"description\":\"Compartiendo lo mejor de la arquitectura y dise\u00f1o mexicano.\",\"publisher\":{\"@id\":\"https:\/\/www.gridmag.com.mx\/#organization\"},\"potentialAction\":[{\"@type\":\"SearchAction\",\"target\":{\"@type\":\"EntryPoint\",\"urlTemplate\":\"https:\/\/www.gridmag.com.mx\/?s={search_term_string}\"},\"query-input\":{\"@type\":\"PropertyValueSpecification\",\"valueRequired\":true,\"valueName\":\"search_term_string\"}}],\"inLanguage\":\"es\"},{\"@type\":\"Organization\",\"@id\":\"https:\/\/www.gridmag.com.mx\/#organization\",\"name\":\"Grid Magazine\",\"url\":\"https:\/\/www.gridmag.com.mx\/\",\"logo\":{\"@type\":\"ImageObject\",\"inLanguage\":\"es\",\"@id\":\"https:\/\/www.gridmag.com.mx\/#\/schema\/logo\/image\/\",\"url\":\"\",\"contentUrl\":\"\",\"caption\":\"Grid Magazine\"},\"image\":{\"@id\":\"https:\/\/www.gridmag.com.mx\/#\/schema\/logo\/image\/\"},\"sameAs\":[\"https:\/\/www.facebook.com\/gridmagazine.mx\",\"https:\/\/www.instagram.com\/gridmagazine_mx\/\",\"https:\/\/www.tiktok.com\/@gridmagazine.mx?_t=8gl2kVR2Aq6&_r=1\",\"https:\/\/www.linkedin.com\/company\/grid-magazine-mx\/\"]},{\"@type\":\"Person\",\"@id\":\"https:\/\/www.gridmag.com.mx\/#\/schema\/person\/d54cddc75e2ecfe4a55e39c0336ae932\",\"name\":\"Grid Magazine\",\"image\":{\"@type\":\"ImageObject\",\"inLanguage\":\"es\",\"@id\":\"https:\/\/www.gridmag.com.mx\/#\/schema\/person\/image\/\",\"url\":\"https:\/\/secure.gravatar.com\/avatar\/8e4bd50943002dd6ee9db30e5af749244f3e21206a99c4fb42429117eaacfc83?s=96&d=mm&r=g\",\"contentUrl\":\"https:\/\/secure.gravatar.com\/avatar\/8e4bd50943002dd6ee9db30e5af749244f3e21206a99c4fb42429117eaacfc83?s=96&d=mm&r=g\",\"caption\":\"Grid Magazine\"},\"sameAs\":[\"https:\/\/www.gridmag.com.mx\"],\"url\":\"https:\/\/www.gridmag.com.mx\/index.php\/author\/grid-magazine-arq\/\"}]}<\/script>\n<!-- \/ Yoast SEO plugin. -->","yoast_head_json":{"title":"La Belleza del Objeto | Exposici\u00f3n en Galer\u00eda Territorio","description":"Descubre \"La Belleza del Objeto\" en la Galer\u00eda Territorio, una exposici\u00f3n que celebra nuestra conexi\u00f3n emocional con los objetos hermosos.","robots":{"index":"index","follow":"follow","max-snippet":"max-snippet:-1","max-image-preview":"max-image-preview:large","max-video-preview":"max-video-preview:-1"},"canonical":"https:\/\/www.gridmag.com.mx\/index.php\/2024\/02\/07\/la-belleza-del-objeto\/","og_locale":"es_MX","og_type":"article","og_title":"La Belleza del Objeto | Exposici\u00f3n en Galer\u00eda Territorio","og_description":"Descubre \"La Belleza del Objeto\" en la Galer\u00eda Territorio, una exposici\u00f3n que celebra nuestra conexi\u00f3n emocional con los objetos hermosos.","og_url":"https:\/\/www.gridmag.com.mx\/index.php\/2024\/02\/07\/la-belleza-del-objeto\/","og_site_name":"Grid Magazine","article_publisher":"https:\/\/www.facebook.com\/gridmagazine.mx","article_published_time":"2024-02-07T15:59:25+00:00","article_modified_time":"2024-02-23T02:42:27+00:00","og_image":[{"width":1786,"height":974,"url":"https:\/\/www.gridmag.com.mx\/wp-content\/uploads\/2024\/02\/La-belleza-del-objeto-06.png","type":"image\/png"}],"author":"Grid Magazine","twitter_card":"summary_large_image","twitter_misc":{"Escrito por":"Grid Magazine","Tiempo de lectura":"3 minutos"},"schema":{"@context":"https:\/\/schema.org","@graph":[{"@type":"Article","@id":"https:\/\/www.gridmag.com.mx\/index.php\/2024\/02\/07\/la-belleza-del-objeto\/#article","isPartOf":{"@id":"https:\/\/www.gridmag.com.mx\/index.php\/2024\/02\/07\/la-belleza-del-objeto\/"},"author":{"name":"Grid Magazine","@id":"https:\/\/www.gridmag.com.mx\/#\/schema\/person\/d54cddc75e2ecfe4a55e39c0336ae932"},"headline":"La belleza del objeto","datePublished":"2024-02-07T15:59:25+00:00","dateModified":"2024-02-23T02:42:27+00:00","mainEntityOfPage":{"@id":"https:\/\/www.gridmag.com.mx\/index.php\/2024\/02\/07\/la-belleza-del-objeto\/"},"wordCount":310,"commentCount":0,"publisher":{"@id":"https:\/\/www.gridmag.com.mx\/#organization"},"image":{"@id":"https:\/\/www.gridmag.com.mx\/index.php\/2024\/02\/07\/la-belleza-del-objeto\/#primaryimage"},"thumbnailUrl":"https:\/\/www.gridmag.com.mx\/wp-content\/uploads\/2024\/02\/La-belleza-del-objeto-06.png","articleSection":["Dise\u00f1o"],"inLanguage":"es","potentialAction":[{"@type":"CommentAction","name":"Comment","target":["https:\/\/www.gridmag.com.mx\/index.php\/2024\/02\/07\/la-belleza-del-objeto\/#respond"]}]},{"@type":"WebPage","@id":"https:\/\/www.gridmag.com.mx\/index.php\/2024\/02\/07\/la-belleza-del-objeto\/","url":"https:\/\/www.gridmag.com.mx\/index.php\/2024\/02\/07\/la-belleza-del-objeto\/","name":"La Belleza del Objeto | Exposici\u00f3n en Galer\u00eda Territorio","isPartOf":{"@id":"https:\/\/www.gridmag.com.mx\/#website"},"primaryImageOfPage":{"@id":"https:\/\/www.gridmag.com.mx\/index.php\/2024\/02\/07\/la-belleza-del-objeto\/#primaryimage"},"image":{"@id":"https:\/\/www.gridmag.com.mx\/index.php\/2024\/02\/07\/la-belleza-del-objeto\/#primaryimage"},"thumbnailUrl":"https:\/\/www.gridmag.com.mx\/wp-content\/uploads\/2024\/02\/La-belleza-del-objeto-06.png","datePublished":"2024-02-07T15:59:25+00:00","dateModified":"2024-02-23T02:42:27+00:00","description":"Descubre \"La Belleza del Objeto\" en la Galer\u00eda Territorio, una exposici\u00f3n que celebra nuestra conexi\u00f3n emocional con los objetos hermosos.","breadcrumb":{"@id":"https:\/\/www.gridmag.com.mx\/index.php\/2024\/02\/07\/la-belleza-del-objeto\/#breadcrumb"},"inLanguage":"es","potentialAction":[{"@type":"ReadAction","target":["https:\/\/www.gridmag.com.mx\/index.php\/2024\/02\/07\/la-belleza-del-objeto\/"]}]},{"@type":"ImageObject","inLanguage":"es","@id":"https:\/\/www.gridmag.com.mx\/index.php\/2024\/02\/07\/la-belleza-del-objeto\/#primaryimage","url":"https:\/\/www.gridmag.com.mx\/wp-content\/uploads\/2024\/02\/La-belleza-del-objeto-06.png","contentUrl":"https:\/\/www.gridmag.com.mx\/wp-content\/uploads\/2024\/02\/La-belleza-del-objeto-06.png","width":1786,"height":974},{"@type":"BreadcrumbList","@id":"https:\/\/www.gridmag.com.mx\/index.php\/2024\/02\/07\/la-belleza-del-objeto\/#breadcrumb","itemListElement":[{"@type":"ListItem","position":1,"name":"Inicio","item":"https:\/\/www.gridmag.com.mx\/"},{"@type":"ListItem","position":2,"name":"La belleza del objeto"}]},{"@type":"WebSite","@id":"https:\/\/www.gridmag.com.mx\/#website","url":"https:\/\/www.gridmag.com.mx\/","name":"Grid Magazine","description":"Compartiendo lo mejor de la arquitectura y dise\u00f1o mexicano.","publisher":{"@id":"https:\/\/www.gridmag.com.mx\/#organization"},"potentialAction":[{"@type":"SearchAction","target":{"@type":"EntryPoint","urlTemplate":"https:\/\/www.gridmag.com.mx\/?s={search_term_string}"},"query-input":{"@type":"PropertyValueSpecification","valueRequired":true,"valueName":"search_term_string"}}],"inLanguage":"es"},{"@type":"Organization","@id":"https:\/\/www.gridmag.com.mx\/#organization","name":"Grid Magazine","url":"https:\/\/www.gridmag.com.mx\/","logo":{"@type":"ImageObject","inLanguage":"es","@id":"https:\/\/www.gridmag.com.mx\/#\/schema\/logo\/image\/","url":"","contentUrl":"","caption":"Grid Magazine"},"image":{"@id":"https:\/\/www.gridmag.com.mx\/#\/schema\/logo\/image\/"},"sameAs":["https:\/\/www.facebook.com\/gridmagazine.mx","https:\/\/www.instagram.com\/gridmagazine_mx\/","https:\/\/www.tiktok.com\/@gridmagazine.mx?_t=8gl2kVR2Aq6&_r=1","https:\/\/www.linkedin.com\/company\/grid-magazine-mx\/"]},{"@type":"Person","@id":"https:\/\/www.gridmag.com.mx\/#\/schema\/person\/d54cddc75e2ecfe4a55e39c0336ae932","name":"Grid Magazine","image":{"@type":"ImageObject","inLanguage":"es","@id":"https:\/\/www.gridmag.com.mx\/#\/schema\/person\/image\/","url":"https:\/\/secure.gravatar.com\/avatar\/8e4bd50943002dd6ee9db30e5af749244f3e21206a99c4fb42429117eaacfc83?s=96&d=mm&r=g","contentUrl":"https:\/\/secure.gravatar.com\/avatar\/8e4bd50943002dd6ee9db30e5af749244f3e21206a99c4fb42429117eaacfc83?s=96&d=mm&r=g","caption":"Grid Magazine"},"sameAs":["https:\/\/www.gridmag.com.mx"],"url":"https:\/\/www.gridmag.com.mx\/index.php\/author\/grid-magazine-arq\/"}]}},"_links":{"self":[{"href":"https:\/\/www.gridmag.com.mx\/index.php\/wp-json\/wp\/v2\/posts\/6400","targetHints":{"allow":["GET"]}}],"collection":[{"href":"https:\/\/www.gridmag.com.mx\/index.php\/wp-json\/wp\/v2\/posts"}],"about":[{"href":"https:\/\/www.gridmag.com.mx\/index.php\/wp-json\/wp\/v2\/types\/post"}],"author":[{"embeddable":true,"href":"https:\/\/www.gridmag.com.mx\/index.php\/wp-json\/wp\/v2\/users\/1"}],"replies":[{"embeddable":true,"href":"https:\/\/www.gridmag.com.mx\/index.php\/wp-json\/wp\/v2\/comments?post=6400"}],"version-history":[{"count":2,"href":"https:\/\/www.gridmag.com.mx\/index.php\/wp-json\/wp\/v2\/posts\/6400\/revisions"}],"predecessor-version":[{"id":6609,"href":"https:\/\/www.gridmag.com.mx\/index.php\/wp-json\/wp\/v2\/posts\/6400\/revisions\/6609"}],"wp:featuredmedia":[{"embeddable":true,"href":"https:\/\/www.gridmag.com.mx\/index.php\/wp-json\/wp\/v2\/media\/6401"}],"wp:attachment":[{"href":"https:\/\/www.gridmag.com.mx\/index.php\/wp-json\/wp\/v2\/media?parent=6400"}],"wp:term":[{"taxonomy":"category","embeddable":true,"href":"https:\/\/www.gridmag.com.mx\/index.php\/wp-json\/wp\/v2\/categories?post=6400"},{"taxonomy":"post_tag","embeddable":true,"href":"https:\/\/www.gridmag.com.mx\/index.php\/wp-json\/wp\/v2\/tags?post=6400"}],"curies":[{"name":"wp","href":"https:\/\/api.w.org\/{rel}","templated":true}]}}