{"id":7176,"date":"2024-05-06T17:39:22","date_gmt":"2024-05-06T23:39:22","guid":{"rendered":"https:\/\/www.gridmag.com.mx\/?p=7176"},"modified":"2024-05-06T17:39:24","modified_gmt":"2024-05-06T23:39:24","slug":"latino-disenando-la-met-gala-2024","status":"publish","type":"post","link":"https:\/\/www.gridmag.com.mx\/index.php\/2024\/05\/06\/latino-disenando-la-met-gala-2024\/","title":{"rendered":"Latino dise\u00f1ando la MET Gala 2024"},"content":{"rendered":"\n<p>La MET Gala es un evento ben\u00e9fico anual que marca la inauguraci\u00f3n de la exposici\u00f3n de moda del<strong> Costume Institute del Museo Metropolitano de Arte en Nueva York. <\/strong>Fue creada en 1948 por <strong>Eleanor Lambert<\/strong>, una figura prominente en la <a href=\"https:\/\/www.gridmag.com.mx\/index.php\/2022\/12\/06\/moda-y-arquitectura\/\">moda<\/a> americana, con el prop\u00f3sito de recaudar fondos para el <strong>Costume Institute <\/strong>y preservar la historia de la moda.<\/p>\n\n\n\n<figure class=\"wp-block-image size-large\"><img decoding=\"async\" width=\"1024\" height=\"682\" src=\"https:\/\/www.gridmag.com.mx\/wp-content\/uploads\/2024\/05\/GM1zEEHXAAEGUsB-1024x682.jpeg\" alt=\"Latino dise\u00f1ando la MET Gala 2024\" class=\"wp-image-7181\" srcset=\"https:\/\/www.gridmag.com.mx\/wp-content\/uploads\/2024\/05\/GM1zEEHXAAEGUsB-1024x682.jpeg 1024w, https:\/\/www.gridmag.com.mx\/wp-content\/uploads\/2024\/05\/GM1zEEHXAAEGUsB-300x200.jpeg 300w, https:\/\/www.gridmag.com.mx\/wp-content\/uploads\/2024\/05\/GM1zEEHXAAEGUsB-768x512.jpeg 768w, https:\/\/www.gridmag.com.mx\/wp-content\/uploads\/2024\/05\/GM1zEEHXAAEGUsB-1536x1023.jpeg 1536w, https:\/\/www.gridmag.com.mx\/wp-content\/uploads\/2024\/05\/GM1zEEHXAAEGUsB-360x240.jpeg 360w, https:\/\/www.gridmag.com.mx\/wp-content\/uploads\/2024\/05\/GM1zEEHXAAEGUsB-720x480.jpeg 720w, https:\/\/www.gridmag.com.mx\/wp-content\/uploads\/2024\/05\/GM1zEEHXAAEGUsB-770x513.jpeg 770w, https:\/\/www.gridmag.com.mx\/wp-content\/uploads\/2024\/05\/GM1zEEHXAAEGUsB-1400x933.jpeg 1400w, https:\/\/www.gridmag.com.mx\/wp-content\/uploads\/2024\/05\/GM1zEEHXAAEGUsB.jpeg 1600w\" sizes=\"(max-width: 1024px) 100vw, 1024px\" \/><\/figure>\n\n\n\n<h2 class=\"wp-block-heading\">La tem\u00e1tica de la MET Gala 2024<\/h2>\n\n\n\n<p>El tema de la MET Gala 2024 es <strong>&#8220;Sleeping Beauties: Reawakening Fashion&#8221;<\/strong>. La exposici\u00f3n del Costume Institute del Metropolitan Museum of Art se centra en piezas hist\u00f3ricamente significativas que son como <strong>\u201cbellezas dormidas\u201d<\/strong>, demasiado fr\u00e1giles para ser usadas nuevamente. La tem\u00e1tica busca dar nueva vida a estas obras maestras de diferentes \u00e9pocas.<\/p>\n\n\n\n<p>Los anfitriones de este a\u00f1o son Zendaya, Jennifer Lopez, Bad Bunny y Chris Hemsworth. Estos artistas de renombre estar\u00e1n en la alfombra roja y seguramente deslumbrar\u00e1n con sus atuendos.<\/p>\n\n\n\n<p>El c\u00f3digo de vestimenta para la MET Gala 2024 es<strong> &#8220;The Garden of Time&#8221;<\/strong>. Esperamos ver muchos estampados florales, inspiraci\u00f3n en la naturaleza y dise\u00f1os creativos.La exposici\u00f3n se divide en tres \u201czonas\u201d: tierra, mar y cielo. Los asistentes podr\u00e1n experimentar la <a href=\"https:\/\/www.gridmag.com.mx\/index.php\/2023\/01\/14\/el-valor-de-la-disrupcion\/\">moda<\/a> desde una perspectiva emocional y po\u00e9tica.<\/p>\n\n\n\n<div class=\"wp-block-group is-nowrap is-layout-flex wp-container-core-group-is-layout-ad2f72ca wp-block-group-is-layout-flex\">\n<figure class=\"wp-block-image size-large is-resized\"><img decoding=\"async\" width=\"819\" height=\"1024\" src=\"https:\/\/www.gridmag.com.mx\/wp-content\/uploads\/2024\/05\/GM10YXjW8AAvlxz-819x1024.jpeg\" alt=\"Vestidos de Met Gala | Latino dise\u00f1ando la MET Gala 2024\" class=\"wp-image-7179\" style=\"width:415px;height:auto\" srcset=\"https:\/\/www.gridmag.com.mx\/wp-content\/uploads\/2024\/05\/GM10YXjW8AAvlxz-819x1024.jpeg 819w, https:\/\/www.gridmag.com.mx\/wp-content\/uploads\/2024\/05\/GM10YXjW8AAvlxz-240x300.jpeg 240w, https:\/\/www.gridmag.com.mx\/wp-content\/uploads\/2024\/05\/GM10YXjW8AAvlxz-768x960.jpeg 768w, https:\/\/www.gridmag.com.mx\/wp-content\/uploads\/2024\/05\/GM10YXjW8AAvlxz-1229x1536.jpeg 1229w, https:\/\/www.gridmag.com.mx\/wp-content\/uploads\/2024\/05\/GM10YXjW8AAvlxz-770x963.jpeg 770w, https:\/\/www.gridmag.com.mx\/wp-content\/uploads\/2024\/05\/GM10YXjW8AAvlxz-1400x1750.jpeg 1400w, https:\/\/www.gridmag.com.mx\/wp-content\/uploads\/2024\/05\/GM10YXjW8AAvlxz.jpeg 1600w\" sizes=\"(max-width: 819px) 100vw, 819px\" \/><\/figure>\n\n\n\n<figure class=\"wp-block-image size-large\"><img decoding=\"async\" width=\"683\" height=\"1024\" src=\"https:\/\/www.gridmag.com.mx\/wp-content\/uploads\/2024\/05\/diane-picchiottino-MYVaIEgSp20-unsplash-683x1024.jpg\" alt=\"\" class=\"wp-image-7180\" srcset=\"https:\/\/www.gridmag.com.mx\/wp-content\/uploads\/2024\/05\/diane-picchiottino-MYVaIEgSp20-unsplash-683x1024.jpg 683w, https:\/\/www.gridmag.com.mx\/wp-content\/uploads\/2024\/05\/diane-picchiottino-MYVaIEgSp20-unsplash-200x300.jpg 200w, https:\/\/www.gridmag.com.mx\/wp-content\/uploads\/2024\/05\/diane-picchiottino-MYVaIEgSp20-unsplash-768x1152.jpg 768w, https:\/\/www.gridmag.com.mx\/wp-content\/uploads\/2024\/05\/diane-picchiottino-MYVaIEgSp20-unsplash-1024x1536.jpg 1024w, https:\/\/www.gridmag.com.mx\/wp-content\/uploads\/2024\/05\/diane-picchiottino-MYVaIEgSp20-unsplash-1366x2048.jpg 1366w, https:\/\/www.gridmag.com.mx\/wp-content\/uploads\/2024\/05\/diane-picchiottino-MYVaIEgSp20-unsplash-770x1155.jpg 770w, https:\/\/www.gridmag.com.mx\/wp-content\/uploads\/2024\/05\/diane-picchiottino-MYVaIEgSp20-unsplash-1400x2100.jpg 1400w, https:\/\/www.gridmag.com.mx\/wp-content\/uploads\/2024\/05\/diane-picchiottino-MYVaIEgSp20-unsplash.jpg 1707w\" sizes=\"(max-width: 683px) 100vw, 683px\" \/><\/figure>\n<\/div>\n\n\n\n<p>Aunque la lista completa de invitados se mantiene en secreto, se espera que cerca de 600 celebridades asistan al evento. \u00a1La alfombra roja estar\u00e1 llena de sorpresas y momentos inolvidables!<\/p>\n\n\n\n<h2 class=\"wp-block-heading\">Ra\u00fal \u00c1vila el latino dise\u00f1ador de celebridades<\/h2>\n\n\n\n<p>La decoraci\u00f3n de este evento ha estado en manos de <strong>Raul \u00c1vila<\/strong> por mas de una d\u00e9cada, un reconocido decorador y organizador de eventos colombiano, que ha dejado su huella en el MET Gala. Aqu\u00ed te dejamos m\u00e1s detalles sobre \u00e9l:<\/p>\n\n\n\n<p>1.- Ra\u00fal \u00c1vila se mud\u00f3 a Estados Unidos en 1984 y estudi\u00f3 durante 14 a\u00f1os con Robert Isabell, un legendario <strong>dise\u00f1ador floral<\/strong> y organizador de eventos que trabaj\u00f3 para importantes personalidades como John F. Kennedy Jr. y Bill Clinton1.<\/p>\n\n\n\n<p>2.-En 2005, Ra\u00fal fund\u00f3 su empresa <strong>\u2018Ra\u00fal INC\u2019<\/strong> y dos a\u00f1os despu\u00e9s comenz\u00f3 a hacerse cargo del dise\u00f1o decorativo de la MET Gala. Su visi\u00f3n \u00fanica y su habilidad para crear atm\u00f3sferas excepcionales han sorprendido a los invitados y al p\u00fablico en general en cada una de sus ediciones.<\/p>\n\n\n\n<figure class=\"wp-block-image size-large\"><img decoding=\"async\" width=\"1024\" height=\"680\" src=\"https:\/\/www.gridmag.com.mx\/wp-content\/uploads\/2024\/05\/raul-1024x680.jpg\" alt=\"Ra\u00fal \u00c1vila dise\u00f1ador latino en MET Gala 2024\" class=\"wp-image-7183\" srcset=\"https:\/\/www.gridmag.com.mx\/wp-content\/uploads\/2024\/05\/raul-1024x680.jpg 1024w, https:\/\/www.gridmag.com.mx\/wp-content\/uploads\/2024\/05\/raul-300x199.jpg 300w, https:\/\/www.gridmag.com.mx\/wp-content\/uploads\/2024\/05\/raul-768x510.jpg 768w, https:\/\/www.gridmag.com.mx\/wp-content\/uploads\/2024\/05\/raul-360x240.jpg 360w, https:\/\/www.gridmag.com.mx\/wp-content\/uploads\/2024\/05\/raul-770x512.jpg 770w, https:\/\/www.gridmag.com.mx\/wp-content\/uploads\/2024\/05\/raul.jpg 1088w\" sizes=\"(max-width: 1024px) 100vw, 1024px\" \/><\/figure>\n\n\n\n<h3 class=\"wp-block-heading\"><strong>Dise\u00f1os memorables de Ra\u00fal en la Met Gala<\/strong><\/h3>\n\n\n\n<p>1.-Uno de los dise\u00f1os m\u00e1s recordados, y tambi\u00e9n el m\u00e1s valorado por \u00c1vila al tratarse de su primer a\u00f1o produciendo el evento \u201cpor su cuenta\u201d, fue el de 2007. El tema fue \u2018Poiret: rey de la moda\u2019. Ra\u00fal equip\u00f3 el Gran Sal\u00f3n con una jaula para p\u00e1jaros de 18 pies de altura con pavos reales vivos en su interior.<\/p>\n\n\n\n<p>2.-Tambi\u00e9n destac\u00f3 el resultado de 2016 con el tema <strong>\u2018Manus x Machina\u2019<\/strong>: moda en una era de tecnolog\u00eda\u2019 y la de 2013 para<strong> \u2018Punk: Chaos to Couture\u2019<\/strong>, por las complicaciones de la instalaci\u00f3n. En esta \u00faltima, instalaron una l\u00e1mpara de ara\u00f1a tra\u00edda desde Londres y le aplicaron 14,000 hojas de afeitar.<\/p>\n\n\n\n<p>Ra\u00fal \u00c1vila es un verdadero talento en el mundo de la <strong>decoraci\u00f3n<\/strong> y ha dejado una marca indeleble en la MET Gala.<\/p>\n\n\n\n<div class=\"wp-block-group is-nowrap is-layout-flex wp-container-core-group-is-layout-ad2f72ca wp-block-group-is-layout-flex\">\n<figure class=\"wp-block-image size-large is-resized\"><img decoding=\"async\" width=\"687\" height=\"1024\" src=\"https:\/\/www.gridmag.com.mx\/wp-content\/uploads\/2024\/05\/GM1-4qjW0AAvaf6-687x1024.jpeg\" alt=\"Vestidos Met Gala\" class=\"wp-image-7177\" style=\"width:305px;height:auto\" srcset=\"https:\/\/www.gridmag.com.mx\/wp-content\/uploads\/2024\/05\/GM1-4qjW0AAvaf6-687x1024.jpeg 687w, https:\/\/www.gridmag.com.mx\/wp-content\/uploads\/2024\/05\/GM1-4qjW0AAvaf6-201x300.jpeg 201w, https:\/\/www.gridmag.com.mx\/wp-content\/uploads\/2024\/05\/GM1-4qjW0AAvaf6.jpeg 750w\" sizes=\"(max-width: 687px) 100vw, 687px\" \/><\/figure>\n\n\n\n<figure class=\"wp-block-image size-full\"><img decoding=\"async\" width=\"605\" height=\"603\" src=\"https:\/\/www.gridmag.com.mx\/wp-content\/uploads\/2024\/05\/GM1zNBvWIAEqgTi.png\" alt=\"\" class=\"wp-image-7184\" srcset=\"https:\/\/www.gridmag.com.mx\/wp-content\/uploads\/2024\/05\/GM1zNBvWIAEqgTi.png 605w, https:\/\/www.gridmag.com.mx\/wp-content\/uploads\/2024\/05\/GM1zNBvWIAEqgTi-300x300.png 300w, https:\/\/www.gridmag.com.mx\/wp-content\/uploads\/2024\/05\/GM1zNBvWIAEqgTi-150x150.png 150w, https:\/\/www.gridmag.com.mx\/wp-content\/uploads\/2024\/05\/GM1zNBvWIAEqgTi-120x120.png 120w, https:\/\/www.gridmag.com.mx\/wp-content\/uploads\/2024\/05\/GM1zNBvWIAEqgTi-240x240.png 240w, https:\/\/www.gridmag.com.mx\/wp-content\/uploads\/2024\/05\/GM1zNBvWIAEqgTi-360x360.png 360w, https:\/\/www.gridmag.com.mx\/wp-content\/uploads\/2024\/05\/GM1zNBvWIAEqgTi-125x125.png 125w\" sizes=\"(max-width: 605px) 100vw, 605px\" \/><\/figure>\n<\/div>\n","protected":false},"excerpt":{"rendered":"<p>La MET Gala es un evento ben\u00e9fico anual que marca la inauguraci\u00f3n de la exposici\u00f3n de moda del Costume Institute del Museo Metropolitano de Arte en Nueva York. Fue creada en 1948 por Eleanor Lambert, una figura prominente en la moda americana, con el prop\u00f3sito de recaudar fondos para el Costume Institute y preservar la historia de la moda. La tem\u00e1tica de la MET Gala 2024 El tema de la MET Gala 2024 es &#8220;Sleeping Beauties: Reawakening Fashion&#8221;. La exposici\u00f3n [&hellip;]<\/p>\n","protected":false},"author":1,"featured_media":7189,"comment_status":"open","ping_status":"open","sticky":false,"template":"","format":"standard","meta":{"footnotes":""},"categories":[56],"tags":[],"class_list":["post-7176","post","type-post","status-publish","format-standard","has-post-thumbnail","hentry","category-editor-picks"],"yoast_head":"<!-- This site is optimized with the Yoast SEO plugin v27.0 - https:\/\/yoast.com\/product\/yoast-seo-wordpress\/ -->\n<title>Latino dise\u00f1ando la MET Gala 2024 | Grid Magazine<\/title>\n<meta name=\"description\" content=\"Descubre la marca indeleble de Ra\u00fal \u00c1vila, el talentoso dise\u00f1ador colombiano que est\u00e1 creando vestidos para la MET Gala 2024\" \/>\n<meta name=\"robots\" content=\"index, follow, max-snippet:-1, max-image-preview:large, max-video-preview:-1\" \/>\n<link rel=\"canonical\" href=\"https:\/\/www.gridmag.com.mx\/index.php\/2024\/05\/06\/latino-disenando-la-met-gala-2024\/\" \/>\n<meta property=\"og:locale\" content=\"es_MX\" \/>\n<meta property=\"og:type\" content=\"article\" \/>\n<meta property=\"og:title\" content=\"Latino dise\u00f1ando la MET Gala 2024 | Grid Magazine\" \/>\n<meta property=\"og:description\" content=\"Descubre la marca indeleble de Ra\u00fal \u00c1vila, el talentoso dise\u00f1ador colombiano que est\u00e1 creando vestidos para la MET Gala 2024\" \/>\n<meta property=\"og:url\" content=\"https:\/\/www.gridmag.com.mx\/index.php\/2024\/05\/06\/latino-disenando-la-met-gala-2024\/\" \/>\n<meta property=\"og:site_name\" content=\"Grid Magazine\" \/>\n<meta property=\"article:publisher\" content=\"https:\/\/www.facebook.com\/gridmagazine.mx\" \/>\n<meta property=\"article:published_time\" content=\"2024-05-06T23:39:22+00:00\" \/>\n<meta property=\"article:modified_time\" content=\"2024-05-06T23:39:24+00:00\" \/>\n<meta property=\"og:image\" content=\"https:\/\/www.gridmag.com.mx\/wp-content\/uploads\/2024\/05\/FOTO-MET-MUSEUM.png\" \/>\n\t<meta property=\"og:image:width\" content=\"1200\" \/>\n\t<meta property=\"og:image:height\" content=\"675\" \/>\n\t<meta property=\"og:image:type\" content=\"image\/png\" \/>\n<meta name=\"author\" content=\"Grid Magazine\" \/>\n<meta name=\"twitter:card\" content=\"summary_large_image\" \/>\n<meta name=\"twitter:label1\" content=\"Escrito por\" \/>\n\t<meta name=\"twitter:data1\" content=\"Grid Magazine\" \/>\n\t<meta name=\"twitter:label2\" content=\"Tiempo de lectura\" \/>\n\t<meta name=\"twitter:data2\" content=\"4 minutos\" \/>\n<script type=\"application\/ld+json\" class=\"yoast-schema-graph\">{\"@context\":\"https:\/\/schema.org\",\"@graph\":[{\"@type\":\"Article\",\"@id\":\"https:\/\/www.gridmag.com.mx\/index.php\/2024\/05\/06\/latino-disenando-la-met-gala-2024\/#article\",\"isPartOf\":{\"@id\":\"https:\/\/www.gridmag.com.mx\/index.php\/2024\/05\/06\/latino-disenando-la-met-gala-2024\/\"},\"author\":{\"name\":\"Grid Magazine\",\"@id\":\"https:\/\/www.gridmag.com.mx\/#\/schema\/person\/d54cddc75e2ecfe4a55e39c0336ae932\"},\"headline\":\"Latino dise\u00f1ando la MET Gala 2024\",\"datePublished\":\"2024-05-06T23:39:22+00:00\",\"dateModified\":\"2024-05-06T23:39:24+00:00\",\"mainEntityOfPage\":{\"@id\":\"https:\/\/www.gridmag.com.mx\/index.php\/2024\/05\/06\/latino-disenando-la-met-gala-2024\/\"},\"wordCount\":547,\"commentCount\":0,\"publisher\":{\"@id\":\"https:\/\/www.gridmag.com.mx\/#organization\"},\"image\":{\"@id\":\"https:\/\/www.gridmag.com.mx\/index.php\/2024\/05\/06\/latino-disenando-la-met-gala-2024\/#primaryimage\"},\"thumbnailUrl\":\"https:\/\/www.gridmag.com.mx\/wp-content\/uploads\/2024\/05\/FOTO-MET-MUSEUM.png\",\"articleSection\":[\"Editor Picks\"],\"inLanguage\":\"es\",\"potentialAction\":[{\"@type\":\"CommentAction\",\"name\":\"Comment\",\"target\":[\"https:\/\/www.gridmag.com.mx\/index.php\/2024\/05\/06\/latino-disenando-la-met-gala-2024\/#respond\"]}]},{\"@type\":\"WebPage\",\"@id\":\"https:\/\/www.gridmag.com.mx\/index.php\/2024\/05\/06\/latino-disenando-la-met-gala-2024\/\",\"url\":\"https:\/\/www.gridmag.com.mx\/index.php\/2024\/05\/06\/latino-disenando-la-met-gala-2024\/\",\"name\":\"Latino dise\u00f1ando la MET Gala 2024 | Grid Magazine\",\"isPartOf\":{\"@id\":\"https:\/\/www.gridmag.com.mx\/#website\"},\"primaryImageOfPage\":{\"@id\":\"https:\/\/www.gridmag.com.mx\/index.php\/2024\/05\/06\/latino-disenando-la-met-gala-2024\/#primaryimage\"},\"image\":{\"@id\":\"https:\/\/www.gridmag.com.mx\/index.php\/2024\/05\/06\/latino-disenando-la-met-gala-2024\/#primaryimage\"},\"thumbnailUrl\":\"https:\/\/www.gridmag.com.mx\/wp-content\/uploads\/2024\/05\/FOTO-MET-MUSEUM.png\",\"datePublished\":\"2024-05-06T23:39:22+00:00\",\"dateModified\":\"2024-05-06T23:39:24+00:00\",\"description\":\"Descubre la marca indeleble de Ra\u00fal \u00c1vila, el talentoso dise\u00f1ador colombiano que est\u00e1 creando vestidos para la MET Gala 2024\",\"breadcrumb\":{\"@id\":\"https:\/\/www.gridmag.com.mx\/index.php\/2024\/05\/06\/latino-disenando-la-met-gala-2024\/#breadcrumb\"},\"inLanguage\":\"es\",\"potentialAction\":[{\"@type\":\"ReadAction\",\"target\":[\"https:\/\/www.gridmag.com.mx\/index.php\/2024\/05\/06\/latino-disenando-la-met-gala-2024\/\"]}]},{\"@type\":\"ImageObject\",\"inLanguage\":\"es\",\"@id\":\"https:\/\/www.gridmag.com.mx\/index.php\/2024\/05\/06\/latino-disenando-la-met-gala-2024\/#primaryimage\",\"url\":\"https:\/\/www.gridmag.com.mx\/wp-content\/uploads\/2024\/05\/FOTO-MET-MUSEUM.png\",\"contentUrl\":\"https:\/\/www.gridmag.com.mx\/wp-content\/uploads\/2024\/05\/FOTO-MET-MUSEUM.png\",\"width\":1200,\"height\":675},{\"@type\":\"BreadcrumbList\",\"@id\":\"https:\/\/www.gridmag.com.mx\/index.php\/2024\/05\/06\/latino-disenando-la-met-gala-2024\/#breadcrumb\",\"itemListElement\":[{\"@type\":\"ListItem\",\"position\":1,\"name\":\"Inicio\",\"item\":\"https:\/\/www.gridmag.com.mx\/\"},{\"@type\":\"ListItem\",\"position\":2,\"name\":\"Latino dise\u00f1ando la MET Gala 2024\"}]},{\"@type\":\"WebSite\",\"@id\":\"https:\/\/www.gridmag.com.mx\/#website\",\"url\":\"https:\/\/www.gridmag.com.mx\/\",\"name\":\"Grid Magazine\",\"description\":\"Compartiendo lo mejor de la arquitectura y dise\u00f1o mexicano.\",\"publisher\":{\"@id\":\"https:\/\/www.gridmag.com.mx\/#organization\"},\"potentialAction\":[{\"@type\":\"SearchAction\",\"target\":{\"@type\":\"EntryPoint\",\"urlTemplate\":\"https:\/\/www.gridmag.com.mx\/?s={search_term_string}\"},\"query-input\":{\"@type\":\"PropertyValueSpecification\",\"valueRequired\":true,\"valueName\":\"search_term_string\"}}],\"inLanguage\":\"es\"},{\"@type\":\"Organization\",\"@id\":\"https:\/\/www.gridmag.com.mx\/#organization\",\"name\":\"Grid Magazine\",\"url\":\"https:\/\/www.gridmag.com.mx\/\",\"logo\":{\"@type\":\"ImageObject\",\"inLanguage\":\"es\",\"@id\":\"https:\/\/www.gridmag.com.mx\/#\/schema\/logo\/image\/\",\"url\":\"\",\"contentUrl\":\"\",\"caption\":\"Grid Magazine\"},\"image\":{\"@id\":\"https:\/\/www.gridmag.com.mx\/#\/schema\/logo\/image\/\"},\"sameAs\":[\"https:\/\/www.facebook.com\/gridmagazine.mx\",\"https:\/\/www.instagram.com\/gridmagazine_mx\/\",\"https:\/\/www.tiktok.com\/@gridmagazine.mx?_t=8gl2kVR2Aq6&_r=1\",\"https:\/\/www.linkedin.com\/company\/grid-magazine-mx\/\"]},{\"@type\":\"Person\",\"@id\":\"https:\/\/www.gridmag.com.mx\/#\/schema\/person\/d54cddc75e2ecfe4a55e39c0336ae932\",\"name\":\"Grid Magazine\",\"image\":{\"@type\":\"ImageObject\",\"inLanguage\":\"es\",\"@id\":\"https:\/\/www.gridmag.com.mx\/#\/schema\/person\/image\/\",\"url\":\"https:\/\/secure.gravatar.com\/avatar\/8e4bd50943002dd6ee9db30e5af749244f3e21206a99c4fb42429117eaacfc83?s=96&d=mm&r=g\",\"contentUrl\":\"https:\/\/secure.gravatar.com\/avatar\/8e4bd50943002dd6ee9db30e5af749244f3e21206a99c4fb42429117eaacfc83?s=96&d=mm&r=g\",\"caption\":\"Grid Magazine\"},\"sameAs\":[\"https:\/\/www.gridmag.com.mx\"],\"url\":\"https:\/\/www.gridmag.com.mx\/index.php\/author\/grid-magazine-arq\/\"}]}<\/script>\n<!-- \/ Yoast SEO plugin. -->","yoast_head_json":{"title":"Latino dise\u00f1ando la MET Gala 2024 | Grid Magazine","description":"Descubre la marca indeleble de Ra\u00fal \u00c1vila, el talentoso dise\u00f1ador colombiano que est\u00e1 creando vestidos para la MET Gala 2024","robots":{"index":"index","follow":"follow","max-snippet":"max-snippet:-1","max-image-preview":"max-image-preview:large","max-video-preview":"max-video-preview:-1"},"canonical":"https:\/\/www.gridmag.com.mx\/index.php\/2024\/05\/06\/latino-disenando-la-met-gala-2024\/","og_locale":"es_MX","og_type":"article","og_title":"Latino dise\u00f1ando la MET Gala 2024 | Grid Magazine","og_description":"Descubre la marca indeleble de Ra\u00fal \u00c1vila, el talentoso dise\u00f1ador colombiano que est\u00e1 creando vestidos para la MET Gala 2024","og_url":"https:\/\/www.gridmag.com.mx\/index.php\/2024\/05\/06\/latino-disenando-la-met-gala-2024\/","og_site_name":"Grid Magazine","article_publisher":"https:\/\/www.facebook.com\/gridmagazine.mx","article_published_time":"2024-05-06T23:39:22+00:00","article_modified_time":"2024-05-06T23:39:24+00:00","og_image":[{"width":1200,"height":675,"url":"https:\/\/www.gridmag.com.mx\/wp-content\/uploads\/2024\/05\/FOTO-MET-MUSEUM.png","type":"image\/png"}],"author":"Grid Magazine","twitter_card":"summary_large_image","twitter_misc":{"Escrito por":"Grid Magazine","Tiempo de lectura":"4 minutos"},"schema":{"@context":"https:\/\/schema.org","@graph":[{"@type":"Article","@id":"https:\/\/www.gridmag.com.mx\/index.php\/2024\/05\/06\/latino-disenando-la-met-gala-2024\/#article","isPartOf":{"@id":"https:\/\/www.gridmag.com.mx\/index.php\/2024\/05\/06\/latino-disenando-la-met-gala-2024\/"},"author":{"name":"Grid Magazine","@id":"https:\/\/www.gridmag.com.mx\/#\/schema\/person\/d54cddc75e2ecfe4a55e39c0336ae932"},"headline":"Latino dise\u00f1ando la MET Gala 2024","datePublished":"2024-05-06T23:39:22+00:00","dateModified":"2024-05-06T23:39:24+00:00","mainEntityOfPage":{"@id":"https:\/\/www.gridmag.com.mx\/index.php\/2024\/05\/06\/latino-disenando-la-met-gala-2024\/"},"wordCount":547,"commentCount":0,"publisher":{"@id":"https:\/\/www.gridmag.com.mx\/#organization"},"image":{"@id":"https:\/\/www.gridmag.com.mx\/index.php\/2024\/05\/06\/latino-disenando-la-met-gala-2024\/#primaryimage"},"thumbnailUrl":"https:\/\/www.gridmag.com.mx\/wp-content\/uploads\/2024\/05\/FOTO-MET-MUSEUM.png","articleSection":["Editor Picks"],"inLanguage":"es","potentialAction":[{"@type":"CommentAction","name":"Comment","target":["https:\/\/www.gridmag.com.mx\/index.php\/2024\/05\/06\/latino-disenando-la-met-gala-2024\/#respond"]}]},{"@type":"WebPage","@id":"https:\/\/www.gridmag.com.mx\/index.php\/2024\/05\/06\/latino-disenando-la-met-gala-2024\/","url":"https:\/\/www.gridmag.com.mx\/index.php\/2024\/05\/06\/latino-disenando-la-met-gala-2024\/","name":"Latino dise\u00f1ando la MET Gala 2024 | Grid Magazine","isPartOf":{"@id":"https:\/\/www.gridmag.com.mx\/#website"},"primaryImageOfPage":{"@id":"https:\/\/www.gridmag.com.mx\/index.php\/2024\/05\/06\/latino-disenando-la-met-gala-2024\/#primaryimage"},"image":{"@id":"https:\/\/www.gridmag.com.mx\/index.php\/2024\/05\/06\/latino-disenando-la-met-gala-2024\/#primaryimage"},"thumbnailUrl":"https:\/\/www.gridmag.com.mx\/wp-content\/uploads\/2024\/05\/FOTO-MET-MUSEUM.png","datePublished":"2024-05-06T23:39:22+00:00","dateModified":"2024-05-06T23:39:24+00:00","description":"Descubre la marca indeleble de Ra\u00fal \u00c1vila, el talentoso dise\u00f1ador colombiano que est\u00e1 creando vestidos para la MET Gala 2024","breadcrumb":{"@id":"https:\/\/www.gridmag.com.mx\/index.php\/2024\/05\/06\/latino-disenando-la-met-gala-2024\/#breadcrumb"},"inLanguage":"es","potentialAction":[{"@type":"ReadAction","target":["https:\/\/www.gridmag.com.mx\/index.php\/2024\/05\/06\/latino-disenando-la-met-gala-2024\/"]}]},{"@type":"ImageObject","inLanguage":"es","@id":"https:\/\/www.gridmag.com.mx\/index.php\/2024\/05\/06\/latino-disenando-la-met-gala-2024\/#primaryimage","url":"https:\/\/www.gridmag.com.mx\/wp-content\/uploads\/2024\/05\/FOTO-MET-MUSEUM.png","contentUrl":"https:\/\/www.gridmag.com.mx\/wp-content\/uploads\/2024\/05\/FOTO-MET-MUSEUM.png","width":1200,"height":675},{"@type":"BreadcrumbList","@id":"https:\/\/www.gridmag.com.mx\/index.php\/2024\/05\/06\/latino-disenando-la-met-gala-2024\/#breadcrumb","itemListElement":[{"@type":"ListItem","position":1,"name":"Inicio","item":"https:\/\/www.gridmag.com.mx\/"},{"@type":"ListItem","position":2,"name":"Latino dise\u00f1ando la MET Gala 2024"}]},{"@type":"WebSite","@id":"https:\/\/www.gridmag.com.mx\/#website","url":"https:\/\/www.gridmag.com.mx\/","name":"Grid Magazine","description":"Compartiendo lo mejor de la arquitectura y dise\u00f1o mexicano.","publisher":{"@id":"https:\/\/www.gridmag.com.mx\/#organization"},"potentialAction":[{"@type":"SearchAction","target":{"@type":"EntryPoint","urlTemplate":"https:\/\/www.gridmag.com.mx\/?s={search_term_string}"},"query-input":{"@type":"PropertyValueSpecification","valueRequired":true,"valueName":"search_term_string"}}],"inLanguage":"es"},{"@type":"Organization","@id":"https:\/\/www.gridmag.com.mx\/#organization","name":"Grid Magazine","url":"https:\/\/www.gridmag.com.mx\/","logo":{"@type":"ImageObject","inLanguage":"es","@id":"https:\/\/www.gridmag.com.mx\/#\/schema\/logo\/image\/","url":"","contentUrl":"","caption":"Grid Magazine"},"image":{"@id":"https:\/\/www.gridmag.com.mx\/#\/schema\/logo\/image\/"},"sameAs":["https:\/\/www.facebook.com\/gridmagazine.mx","https:\/\/www.instagram.com\/gridmagazine_mx\/","https:\/\/www.tiktok.com\/@gridmagazine.mx?_t=8gl2kVR2Aq6&_r=1","https:\/\/www.linkedin.com\/company\/grid-magazine-mx\/"]},{"@type":"Person","@id":"https:\/\/www.gridmag.com.mx\/#\/schema\/person\/d54cddc75e2ecfe4a55e39c0336ae932","name":"Grid Magazine","image":{"@type":"ImageObject","inLanguage":"es","@id":"https:\/\/www.gridmag.com.mx\/#\/schema\/person\/image\/","url":"https:\/\/secure.gravatar.com\/avatar\/8e4bd50943002dd6ee9db30e5af749244f3e21206a99c4fb42429117eaacfc83?s=96&d=mm&r=g","contentUrl":"https:\/\/secure.gravatar.com\/avatar\/8e4bd50943002dd6ee9db30e5af749244f3e21206a99c4fb42429117eaacfc83?s=96&d=mm&r=g","caption":"Grid Magazine"},"sameAs":["https:\/\/www.gridmag.com.mx"],"url":"https:\/\/www.gridmag.com.mx\/index.php\/author\/grid-magazine-arq\/"}]}},"_links":{"self":[{"href":"https:\/\/www.gridmag.com.mx\/index.php\/wp-json\/wp\/v2\/posts\/7176","targetHints":{"allow":["GET"]}}],"collection":[{"href":"https:\/\/www.gridmag.com.mx\/index.php\/wp-json\/wp\/v2\/posts"}],"about":[{"href":"https:\/\/www.gridmag.com.mx\/index.php\/wp-json\/wp\/v2\/types\/post"}],"author":[{"embeddable":true,"href":"https:\/\/www.gridmag.com.mx\/index.php\/wp-json\/wp\/v2\/users\/1"}],"replies":[{"embeddable":true,"href":"https:\/\/www.gridmag.com.mx\/index.php\/wp-json\/wp\/v2\/comments?post=7176"}],"version-history":[{"count":1,"href":"https:\/\/www.gridmag.com.mx\/index.php\/wp-json\/wp\/v2\/posts\/7176\/revisions"}],"predecessor-version":[{"id":7190,"href":"https:\/\/www.gridmag.com.mx\/index.php\/wp-json\/wp\/v2\/posts\/7176\/revisions\/7190"}],"wp:featuredmedia":[{"embeddable":true,"href":"https:\/\/www.gridmag.com.mx\/index.php\/wp-json\/wp\/v2\/media\/7189"}],"wp:attachment":[{"href":"https:\/\/www.gridmag.com.mx\/index.php\/wp-json\/wp\/v2\/media?parent=7176"}],"wp:term":[{"taxonomy":"category","embeddable":true,"href":"https:\/\/www.gridmag.com.mx\/index.php\/wp-json\/wp\/v2\/categories?post=7176"},{"taxonomy":"post_tag","embeddable":true,"href":"https:\/\/www.gridmag.com.mx\/index.php\/wp-json\/wp\/v2\/tags?post=7176"}],"curies":[{"name":"wp","href":"https:\/\/api.w.org\/{rel}","templated":true}]}}