{"id":7543,"date":"2024-06-21T09:00:00","date_gmt":"2024-06-21T15:00:00","guid":{"rendered":"https:\/\/www.gridmag.com.mx\/?p=7543"},"modified":"2024-06-26T13:08:39","modified_gmt":"2024-06-26T19:08:39","slug":"comex-en-colaboracion-con-mariangel-coghlan-presentan-libro-para-dar-vida-al-color-e-interiorismo","status":"publish","type":"post","link":"https:\/\/www.gridmag.com.mx\/index.php\/2024\/06\/21\/comex-en-colaboracion-con-mariangel-coghlan-presentan-libro-para-dar-vida-al-color-e-interiorismo\/","title":{"rendered":"Comex en colaboraci\u00f3n con Mariangel Coghlan presentan libro para dar vida al color e interiorismo"},"content":{"rendered":"\n<p>Mariangel Coghlan, reconocida dise\u00f1adora de interiores y entusiasta de la m\u00fasica, present\u00f3 su \u00faltimo libro &amp;quot; Hogares, Ambientes Sonoros &amp;quot; en colaboraci\u00f3n con PPG COMEX, l\u00edder en el mundo del color y el <strong>dise\u00f1o<\/strong>. El libro explora la relaci\u00f3n intr\u00ednseca entre la m\u00fasica y el dise\u00f1o, resaltando la importancia del color en la creatividad y el <strong>interiorismo<\/strong>.<\/p>\n\n\n\n<figure class=\"wp-block-image size-large\"><img decoding=\"async\" width=\"1024\" height=\"1024\" src=\"https:\/\/www.gridmag.com.mx\/wp-content\/uploads\/2024\/06\/Facetune_20-04-2024-21-29-19-1024x1024.jpg\" alt=\"\" class=\"wp-image-7546\" srcset=\"https:\/\/www.gridmag.com.mx\/wp-content\/uploads\/2024\/06\/Facetune_20-04-2024-21-29-19-1024x1024.jpg 1024w, https:\/\/www.gridmag.com.mx\/wp-content\/uploads\/2024\/06\/Facetune_20-04-2024-21-29-19-300x300.jpg 300w, https:\/\/www.gridmag.com.mx\/wp-content\/uploads\/2024\/06\/Facetune_20-04-2024-21-29-19-150x150.jpg 150w, https:\/\/www.gridmag.com.mx\/wp-content\/uploads\/2024\/06\/Facetune_20-04-2024-21-29-19-768x768.jpg 768w, https:\/\/www.gridmag.com.mx\/wp-content\/uploads\/2024\/06\/Facetune_20-04-2024-21-29-19-1536x1536.jpg 1536w, https:\/\/www.gridmag.com.mx\/wp-content\/uploads\/2024\/06\/Facetune_20-04-2024-21-29-19-120x120.jpg 120w, https:\/\/www.gridmag.com.mx\/wp-content\/uploads\/2024\/06\/Facetune_20-04-2024-21-29-19-240x240.jpg 240w, https:\/\/www.gridmag.com.mx\/wp-content\/uploads\/2024\/06\/Facetune_20-04-2024-21-29-19-360x360.jpg 360w, https:\/\/www.gridmag.com.mx\/wp-content\/uploads\/2024\/06\/Facetune_20-04-2024-21-29-19-540x540.jpg 540w, https:\/\/www.gridmag.com.mx\/wp-content\/uploads\/2024\/06\/Facetune_20-04-2024-21-29-19-720x720.jpg 720w, https:\/\/www.gridmag.com.mx\/wp-content\/uploads\/2024\/06\/Facetune_20-04-2024-21-29-19-770x770.jpg 770w, https:\/\/www.gridmag.com.mx\/wp-content\/uploads\/2024\/06\/Facetune_20-04-2024-21-29-19-1400x1399.jpg 1400w, https:\/\/www.gridmag.com.mx\/wp-content\/uploads\/2024\/06\/Facetune_20-04-2024-21-29-19-125x125.jpg 125w, https:\/\/www.gridmag.com.mx\/wp-content\/uploads\/2024\/06\/Facetune_20-04-2024-21-29-19.jpg 1701w\" sizes=\"(max-width: 1024px) 100vw, 1024px\" \/><\/figure>\n\n\n\n<div style=\"height:10px\" aria-hidden=\"true\" class=\"wp-block-spacer\"><\/div>\n\n\n\n<p>En &amp;quot; Hogares, Ambientes sonoros &amp;quot; Mariangel profundiza en los fascinantes paralelismos entre la m\u00fasica y el dise\u00f1o, estableciendo conexiones entre los principales elementos de la m\u00fasica y sus contrapartes en la <strong>arquitectura<\/strong>. Ella enfatiza la importancia del color como equivalente al timbre en la m\u00fasica, afirmando: &amp;quot; de todos los elementos musicales, creo que el timbre es el m\u00e1s pl\u00e1stico, el m\u00e1s descriptible en t\u00e9rminos de dise\u00f1o. No es casualidad que al timbre tambi\u00e9n se le llame color en la m\u00fasica\u201d.<\/p>\n\n\n\n<figure class=\"wp-block-image size-large\"><img decoding=\"async\" width=\"1024\" height=\"1024\" src=\"https:\/\/www.gridmag.com.mx\/wp-content\/uploads\/2024\/06\/LEONARDO-PALAFOX7V8A0078-1024x1024.jpg\" alt=\"Comex\" class=\"wp-image-7547\" srcset=\"https:\/\/www.gridmag.com.mx\/wp-content\/uploads\/2024\/06\/LEONARDO-PALAFOX7V8A0078-1024x1024.jpg 1024w, https:\/\/www.gridmag.com.mx\/wp-content\/uploads\/2024\/06\/LEONARDO-PALAFOX7V8A0078-300x300.jpg 300w, https:\/\/www.gridmag.com.mx\/wp-content\/uploads\/2024\/06\/LEONARDO-PALAFOX7V8A0078-150x150.jpg 150w, https:\/\/www.gridmag.com.mx\/wp-content\/uploads\/2024\/06\/LEONARDO-PALAFOX7V8A0078-768x768.jpg 768w, https:\/\/www.gridmag.com.mx\/wp-content\/uploads\/2024\/06\/LEONARDO-PALAFOX7V8A0078-120x120.jpg 120w, https:\/\/www.gridmag.com.mx\/wp-content\/uploads\/2024\/06\/LEONARDO-PALAFOX7V8A0078-240x240.jpg 240w, https:\/\/www.gridmag.com.mx\/wp-content\/uploads\/2024\/06\/LEONARDO-PALAFOX7V8A0078-360x360.jpg 360w, https:\/\/www.gridmag.com.mx\/wp-content\/uploads\/2024\/06\/LEONARDO-PALAFOX7V8A0078-540x540.jpg 540w, https:\/\/www.gridmag.com.mx\/wp-content\/uploads\/2024\/06\/LEONARDO-PALAFOX7V8A0078-720x720.jpg 720w, https:\/\/www.gridmag.com.mx\/wp-content\/uploads\/2024\/06\/LEONARDO-PALAFOX7V8A0078-770x770.jpg 770w, https:\/\/www.gridmag.com.mx\/wp-content\/uploads\/2024\/06\/LEONARDO-PALAFOX7V8A0078-1400x1400.jpg 1400w, https:\/\/www.gridmag.com.mx\/wp-content\/uploads\/2024\/06\/LEONARDO-PALAFOX7V8A0078-125x125.jpg 125w, https:\/\/www.gridmag.com.mx\/wp-content\/uploads\/2024\/06\/LEONARDO-PALAFOX7V8A0078.jpg 1417w\" sizes=\"(max-width: 1024px) 100vw, 1024px\" \/><\/figure>\n\n\n\n<div style=\"height:10px\" aria-hidden=\"true\" class=\"wp-block-spacer\"><\/div>\n\n\n\n<h2 class=\"wp-block-heading\">La importancia de los colores en el dise\u00f1o<\/h2>\n\n\n\n<p>El color juega un papel vital en el dise\u00f1o, influyendo en la percepci\u00f3n del <strong>espacio<\/strong>, as\u00ed como en las emociones y estados de \u00e1nimo de las personas. El uso adecuado de \u00e9ste puede transformar entornos ordinarios en lugares inspiradores que evocan experiencias placenteras; al tiempo que mejoran su atractivo visual, funcionalidad y confort.<\/p>\n\n\n\n<figure class=\"wp-block-image size-large\"><img decoding=\"async\" width=\"1024\" height=\"1024\" src=\"https:\/\/www.gridmag.com.mx\/wp-content\/uploads\/2024\/06\/IMG_7939-1024x1024.jpg\" alt=\"\" class=\"wp-image-7548\" srcset=\"https:\/\/www.gridmag.com.mx\/wp-content\/uploads\/2024\/06\/IMG_7939-1024x1024.jpg 1024w, https:\/\/www.gridmag.com.mx\/wp-content\/uploads\/2024\/06\/IMG_7939-300x300.jpg 300w, https:\/\/www.gridmag.com.mx\/wp-content\/uploads\/2024\/06\/IMG_7939-150x150.jpg 150w, https:\/\/www.gridmag.com.mx\/wp-content\/uploads\/2024\/06\/IMG_7939-768x768.jpg 768w, https:\/\/www.gridmag.com.mx\/wp-content\/uploads\/2024\/06\/IMG_7939-120x120.jpg 120w, https:\/\/www.gridmag.com.mx\/wp-content\/uploads\/2024\/06\/IMG_7939-240x240.jpg 240w, https:\/\/www.gridmag.com.mx\/wp-content\/uploads\/2024\/06\/IMG_7939-360x360.jpg 360w, https:\/\/www.gridmag.com.mx\/wp-content\/uploads\/2024\/06\/IMG_7939-540x540.jpg 540w, https:\/\/www.gridmag.com.mx\/wp-content\/uploads\/2024\/06\/IMG_7939-720x720.jpg 720w, https:\/\/www.gridmag.com.mx\/wp-content\/uploads\/2024\/06\/IMG_7939-770x770.jpg 770w, https:\/\/www.gridmag.com.mx\/wp-content\/uploads\/2024\/06\/IMG_7939-125x125.jpg 125w, https:\/\/www.gridmag.com.mx\/wp-content\/uploads\/2024\/06\/IMG_7939.jpg 1272w\" sizes=\"(max-width: 1024px) 100vw, 1024px\" \/><\/figure>\n\n\n\n<div style=\"height:10px\" aria-hidden=\"true\" class=\"wp-block-spacer\"><\/div>\n\n\n\n<p>\u201cLa colaboraci\u00f3n de Mariangel con Comex es una combinaci\u00f3n perfecta, ya que siempre hemos sido un aliado estrat\u00e9gico para los dise\u00f1adores a trav\u00e9s de brindarles las <strong>herramientas<\/strong> necesarias para lograr creaciones inimaginables a trav\u00e9s del color\u201d, afirm\u00f3 Liz Galv\u00e1n directora del programa ColorLife TRENDS de Comex.<\/p>\n\n\n\n<figure class=\"wp-block-image size-full\"><img decoding=\"async\" width=\"567\" height=\"567\" src=\"https:\/\/www.gridmag.com.mx\/wp-content\/uploads\/2024\/06\/IMG_7073.png\" alt=\"Comex\" class=\"wp-image-7549\" srcset=\"https:\/\/www.gridmag.com.mx\/wp-content\/uploads\/2024\/06\/IMG_7073.png 567w, https:\/\/www.gridmag.com.mx\/wp-content\/uploads\/2024\/06\/IMG_7073-300x300.png 300w, https:\/\/www.gridmag.com.mx\/wp-content\/uploads\/2024\/06\/IMG_7073-150x150.png 150w, https:\/\/www.gridmag.com.mx\/wp-content\/uploads\/2024\/06\/IMG_7073-120x120.png 120w, https:\/\/www.gridmag.com.mx\/wp-content\/uploads\/2024\/06\/IMG_7073-240x240.png 240w, https:\/\/www.gridmag.com.mx\/wp-content\/uploads\/2024\/06\/IMG_7073-360x360.png 360w, https:\/\/www.gridmag.com.mx\/wp-content\/uploads\/2024\/06\/IMG_7073-540x540.png 540w, https:\/\/www.gridmag.com.mx\/wp-content\/uploads\/2024\/06\/IMG_7073-125x125.png 125w\" sizes=\"(max-width: 567px) 100vw, 567px\" \/><\/figure>\n\n\n\n<div style=\"height:10px\" aria-hidden=\"true\" class=\"wp-block-spacer\"><\/div>\n\n\n\n<h2 class=\"wp-block-heading\">\u00bfQu\u00e9 es ColorLife TRENDS?<\/h2>\n\n\n\n<p>El programa ColorLife TRENDS de <a href=\"https:\/\/www.gridmag.com.mx\/index.php\/2023\/12\/04\/comex-presenta-bienal-de-ilustracion-2024-by-pictoline\/\">Comex<\/a> permite a creativos influyentes como Mariangel analizar, debatir y predecir las tendencias de color que reflejan experiencias y evocan sensaciones. Este a\u00f1o, el tema central de las cuatro <a href=\"https:\/\/www.gridmag.com.mx\/index.php\/2023\/01\/26\/tendencias-2023-los-nuevos-neutros\/\">tendencias de color<\/a> es el rojo.<\/p>\n\n\n\n<p>Varios tonos derivados del rojo, como Piqu\u00edn, Rojizo, Amor, Claret y Ardiente 090-07, toman protagonismo en las paletas para este 2024. Pasi\u00f3n, identidad, sangre y origen son algunas de las ideas que orbitan alrededor de este vibrante color.<\/p>\n\n\n\n<figure class=\"wp-block-image size-large\"><img decoding=\"async\" width=\"1024\" height=\"1024\" src=\"https:\/\/www.gridmag.com.mx\/wp-content\/uploads\/2024\/06\/IMG_2233-1024x1024.jpg\" alt=\"\" class=\"wp-image-7550\" srcset=\"https:\/\/www.gridmag.com.mx\/wp-content\/uploads\/2024\/06\/IMG_2233-1024x1024.jpg 1024w, https:\/\/www.gridmag.com.mx\/wp-content\/uploads\/2024\/06\/IMG_2233-300x300.jpg 300w, https:\/\/www.gridmag.com.mx\/wp-content\/uploads\/2024\/06\/IMG_2233-150x150.jpg 150w, https:\/\/www.gridmag.com.mx\/wp-content\/uploads\/2024\/06\/IMG_2233-768x768.jpg 768w, https:\/\/www.gridmag.com.mx\/wp-content\/uploads\/2024\/06\/IMG_2233-1536x1536.jpg 1536w, https:\/\/www.gridmag.com.mx\/wp-content\/uploads\/2024\/06\/IMG_2233-120x120.jpg 120w, https:\/\/www.gridmag.com.mx\/wp-content\/uploads\/2024\/06\/IMG_2233-240x240.jpg 240w, https:\/\/www.gridmag.com.mx\/wp-content\/uploads\/2024\/06\/IMG_2233-360x360.jpg 360w, https:\/\/www.gridmag.com.mx\/wp-content\/uploads\/2024\/06\/IMG_2233-540x540.jpg 540w, https:\/\/www.gridmag.com.mx\/wp-content\/uploads\/2024\/06\/IMG_2233-720x720.jpg 720w, https:\/\/www.gridmag.com.mx\/wp-content\/uploads\/2024\/06\/IMG_2233-770x770.jpg 770w, https:\/\/www.gridmag.com.mx\/wp-content\/uploads\/2024\/06\/IMG_2233-1400x1400.jpg 1400w, https:\/\/www.gridmag.com.mx\/wp-content\/uploads\/2024\/06\/IMG_2233-125x125.jpg 125w, https:\/\/www.gridmag.com.mx\/wp-content\/uploads\/2024\/06\/IMG_2233.jpg 1701w\" sizes=\"(max-width: 1024px) 100vw, 1024px\" \/><\/figure>\n\n\n\n<div style=\"height:10px\" aria-hidden=\"true\" class=\"wp-block-spacer\"><\/div>\n\n\n\n<p>Para celebrar el lanzamiento de &amp;quot; Hogares, Ambientes sonoros&amp;quot; se llev\u00f3 a cabo un evento especial en el Museo Kaluz, donde se exhibi\u00f3 una impresionante instalaci\u00f3n suspendida. Las l\u00edneas din\u00e1micas y org\u00e1nicas, combinadas con un degradado de rojo, reflejaron los conceptos clave del libro y el color del a\u00f1o. La instalaci\u00f3n represent\u00f3 los elementos mel\u00f3dicos, r\u00edtmicos, arm\u00f3nicos, matizados, contrastantes y expresivos presentes tanto en la m\u00fasica como en el dise\u00f1o.<\/p>\n\n\n\n<figure class=\"wp-block-image size-large\"><img decoding=\"async\" width=\"1024\" height=\"1024\" src=\"https:\/\/www.gridmag.com.mx\/wp-content\/uploads\/2024\/06\/Capture-One-Catalog1510-1024x1024.jpg\" alt=\"Comex\" class=\"wp-image-7551\" srcset=\"https:\/\/www.gridmag.com.mx\/wp-content\/uploads\/2024\/06\/Capture-One-Catalog1510-1024x1024.jpg 1024w, https:\/\/www.gridmag.com.mx\/wp-content\/uploads\/2024\/06\/Capture-One-Catalog1510-300x300.jpg 300w, https:\/\/www.gridmag.com.mx\/wp-content\/uploads\/2024\/06\/Capture-One-Catalog1510-150x150.jpg 150w, https:\/\/www.gridmag.com.mx\/wp-content\/uploads\/2024\/06\/Capture-One-Catalog1510-768x768.jpg 768w, https:\/\/www.gridmag.com.mx\/wp-content\/uploads\/2024\/06\/Capture-One-Catalog1510-120x120.jpg 120w, https:\/\/www.gridmag.com.mx\/wp-content\/uploads\/2024\/06\/Capture-One-Catalog1510-240x240.jpg 240w, https:\/\/www.gridmag.com.mx\/wp-content\/uploads\/2024\/06\/Capture-One-Catalog1510-360x360.jpg 360w, https:\/\/www.gridmag.com.mx\/wp-content\/uploads\/2024\/06\/Capture-One-Catalog1510-540x540.jpg 540w, https:\/\/www.gridmag.com.mx\/wp-content\/uploads\/2024\/06\/Capture-One-Catalog1510-720x720.jpg 720w, https:\/\/www.gridmag.com.mx\/wp-content\/uploads\/2024\/06\/Capture-One-Catalog1510-770x770.jpg 770w, https:\/\/www.gridmag.com.mx\/wp-content\/uploads\/2024\/06\/Capture-One-Catalog1510-125x125.jpg 125w, https:\/\/www.gridmag.com.mx\/wp-content\/uploads\/2024\/06\/Capture-One-Catalog1510.jpg 1367w\" sizes=\"(max-width: 1024px) 100vw, 1024px\" \/><\/figure>\n\n\n\n<div style=\"height:10px\" aria-hidden=\"true\" class=\"wp-block-spacer\"><\/div>\n\n\n\n<p><a href=\"https:\/\/www.mcoghlan.mx\/\">Mariangel Coghlan<\/a> es una reconocida dise\u00f1adora de interiores y entusiasta de la m\u00fasica. Con pasi\u00f3n por transformar espacios, ha dedicado su carrera a crear entornos aut\u00e9nticos, satisfactorios y felices. El trabajo de Mariangel est\u00e1 profundamente conectado con el mundo de la m\u00fasica, donde encuentra inspiraci\u00f3n y establece paralelismos con el arte del dise\u00f1o.<\/p>\n\n\n\n<figure class=\"wp-block-embed is-type-wp-embed is-provider-firma-de-dise-o-mariangel-coghlan wp-block-embed-firma-de-dise-o-mariangel-coghlan\"><div class=\"wp-block-embed__wrapper\">\n<blockquote class=\"wp-embedded-content\" data-secret=\"WngRQUxRqm\"><a href=\"https:\/\/www.mcoghlan.mx\/\">Firma mexicana de dise\u00f1o especializada en la transformaci\u00f3n de espacios. Amplia experiencia en dise\u00f1o arquitect\u00f3nico, dise\u00f1o de interiores y decoraci\u00f3n.<\/a><\/blockquote><iframe class=\"wp-embedded-content\" sandbox=\"allow-scripts\" security=\"restricted\" style=\"position: absolute; clip: rect(1px, 1px, 1px, 1px);\" title=\"&#8220;Firma mexicana de dise\u00f1o especializada en la transformaci\u00f3n de espacios. Amplia experiencia en dise\u00f1o arquitect\u00f3nico, dise\u00f1o de interiores y decoraci\u00f3n.&#8221; &#8212; Firma de Dise\u00f1o Mariangel Coghlan\" src=\"https:\/\/www.mcoghlan.mx\/embed\/#?secret=HYWX6e1Yfl#?secret=WngRQUxRqm\" data-secret=\"WngRQUxRqm\" width=\"600\" height=\"338\" frameborder=\"0\" marginwidth=\"0\" marginheight=\"0\" scrolling=\"no\"><\/iframe>\n<\/div><\/figure>\n","protected":false},"excerpt":{"rendered":"<p>Mariangel Coghlan, reconocida dise\u00f1adora de interiores y entusiasta de la m\u00fasica, present\u00f3 su \u00faltimo libro &amp;quot; Hogares, Ambientes Sonoros &amp;quot; en colaboraci\u00f3n con PPG COMEX, l\u00edder en el mundo del color y el dise\u00f1o. El libro explora la relaci\u00f3n intr\u00ednseca entre la m\u00fasica y el dise\u00f1o, resaltando la importancia del color en la creatividad y el interiorismo. En &amp;quot; Hogares, Ambientes sonoros &amp;quot; Mariangel profundiza en los fascinantes paralelismos entre la m\u00fasica y el dise\u00f1o, estableciendo conexiones entre los principales [&hellip;]<\/p>\n","protected":false},"author":1,"featured_media":7544,"comment_status":"open","ping_status":"open","sticky":false,"template":"","format":"standard","meta":{"footnotes":""},"categories":[55],"tags":[],"class_list":["post-7543","post","type-post","status-publish","format-standard","has-post-thumbnail","hentry","category-creativos"],"yoast_head":"<!-- This site is optimized with the Yoast SEO plugin v27.0 - https:\/\/yoast.com\/product\/yoast-seo-wordpress\/ -->\n<title>Comex en colaboraci\u00f3n con Mariangel Coghlan presentan libro para dar vida al color e interiorismo | Grid Magazine<\/title>\n<meta name=\"description\" content=\"Descubre la emociante colaboraci\u00f3n con Mariangel Coghlan con Comex, quienes presentan libro para dar vida al color e interiorismo.\" \/>\n<meta name=\"robots\" content=\"index, follow, max-snippet:-1, max-image-preview:large, max-video-preview:-1\" \/>\n<link rel=\"canonical\" href=\"https:\/\/www.gridmag.com.mx\/index.php\/2024\/06\/21\/comex-en-colaboracion-con-mariangel-coghlan-presentan-libro-para-dar-vida-al-color-e-interiorismo\/\" \/>\n<meta property=\"og:locale\" content=\"es_MX\" \/>\n<meta property=\"og:type\" content=\"article\" \/>\n<meta property=\"og:title\" content=\"Comex en colaboraci\u00f3n con Mariangel Coghlan presentan libro para dar vida al color e interiorismo | Grid Magazine\" \/>\n<meta property=\"og:description\" content=\"Descubre la emociante colaboraci\u00f3n con Mariangel Coghlan con Comex, quienes presentan libro para dar vida al color e interiorismo.\" \/>\n<meta property=\"og:url\" content=\"https:\/\/www.gridmag.com.mx\/index.php\/2024\/06\/21\/comex-en-colaboracion-con-mariangel-coghlan-presentan-libro-para-dar-vida-al-color-e-interiorismo\/\" \/>\n<meta property=\"og:site_name\" content=\"Grid Magazine\" \/>\n<meta property=\"article:publisher\" content=\"https:\/\/www.facebook.com\/gridmagazine.mx\" \/>\n<meta property=\"article:published_time\" content=\"2024-06-21T15:00:00+00:00\" \/>\n<meta property=\"article:modified_time\" content=\"2024-06-26T19:08:39+00:00\" \/>\n<meta property=\"og:image\" content=\"https:\/\/www.gridmag.com.mx\/wp-content\/uploads\/2024\/06\/PORTADA-1.jpg\" \/>\n\t<meta property=\"og:image:width\" content=\"2048\" \/>\n\t<meta property=\"og:image:height\" content=\"1131\" \/>\n\t<meta property=\"og:image:type\" content=\"image\/jpeg\" \/>\n<meta name=\"author\" content=\"Grid Magazine\" \/>\n<meta name=\"twitter:card\" content=\"summary_large_image\" \/>\n<meta name=\"twitter:label1\" content=\"Escrito por\" \/>\n\t<meta name=\"twitter:data1\" content=\"Grid Magazine\" \/>\n\t<meta name=\"twitter:label2\" content=\"Tiempo de lectura\" \/>\n\t<meta name=\"twitter:data2\" content=\"4 minutos\" \/>\n<script type=\"application\/ld+json\" class=\"yoast-schema-graph\">{\"@context\":\"https:\/\/schema.org\",\"@graph\":[{\"@type\":\"Article\",\"@id\":\"https:\/\/www.gridmag.com.mx\/index.php\/2024\/06\/21\/comex-en-colaboracion-con-mariangel-coghlan-presentan-libro-para-dar-vida-al-color-e-interiorismo\/#article\",\"isPartOf\":{\"@id\":\"https:\/\/www.gridmag.com.mx\/index.php\/2024\/06\/21\/comex-en-colaboracion-con-mariangel-coghlan-presentan-libro-para-dar-vida-al-color-e-interiorismo\/\"},\"author\":{\"name\":\"Grid Magazine\",\"@id\":\"https:\/\/www.gridmag.com.mx\/#\/schema\/person\/d54cddc75e2ecfe4a55e39c0336ae932\"},\"headline\":\"Comex en colaboraci\u00f3n con Mariangel Coghlan presentan libro para dar vida al color e interiorismo\",\"datePublished\":\"2024-06-21T15:00:00+00:00\",\"dateModified\":\"2024-06-26T19:08:39+00:00\",\"mainEntityOfPage\":{\"@id\":\"https:\/\/www.gridmag.com.mx\/index.php\/2024\/06\/21\/comex-en-colaboracion-con-mariangel-coghlan-presentan-libro-para-dar-vida-al-color-e-interiorismo\/\"},\"wordCount\":529,\"commentCount\":0,\"publisher\":{\"@id\":\"https:\/\/www.gridmag.com.mx\/#organization\"},\"image\":{\"@id\":\"https:\/\/www.gridmag.com.mx\/index.php\/2024\/06\/21\/comex-en-colaboracion-con-mariangel-coghlan-presentan-libro-para-dar-vida-al-color-e-interiorismo\/#primaryimage\"},\"thumbnailUrl\":\"https:\/\/www.gridmag.com.mx\/wp-content\/uploads\/2024\/06\/PORTADA-1.jpg\",\"articleSection\":[\"Creativos\"],\"inLanguage\":\"es\",\"potentialAction\":[{\"@type\":\"CommentAction\",\"name\":\"Comment\",\"target\":[\"https:\/\/www.gridmag.com.mx\/index.php\/2024\/06\/21\/comex-en-colaboracion-con-mariangel-coghlan-presentan-libro-para-dar-vida-al-color-e-interiorismo\/#respond\"]}]},{\"@type\":\"WebPage\",\"@id\":\"https:\/\/www.gridmag.com.mx\/index.php\/2024\/06\/21\/comex-en-colaboracion-con-mariangel-coghlan-presentan-libro-para-dar-vida-al-color-e-interiorismo\/\",\"url\":\"https:\/\/www.gridmag.com.mx\/index.php\/2024\/06\/21\/comex-en-colaboracion-con-mariangel-coghlan-presentan-libro-para-dar-vida-al-color-e-interiorismo\/\",\"name\":\"Comex en colaboraci\u00f3n con Mariangel Coghlan presentan libro para dar vida al color e interiorismo | Grid Magazine\",\"isPartOf\":{\"@id\":\"https:\/\/www.gridmag.com.mx\/#website\"},\"primaryImageOfPage\":{\"@id\":\"https:\/\/www.gridmag.com.mx\/index.php\/2024\/06\/21\/comex-en-colaboracion-con-mariangel-coghlan-presentan-libro-para-dar-vida-al-color-e-interiorismo\/#primaryimage\"},\"image\":{\"@id\":\"https:\/\/www.gridmag.com.mx\/index.php\/2024\/06\/21\/comex-en-colaboracion-con-mariangel-coghlan-presentan-libro-para-dar-vida-al-color-e-interiorismo\/#primaryimage\"},\"thumbnailUrl\":\"https:\/\/www.gridmag.com.mx\/wp-content\/uploads\/2024\/06\/PORTADA-1.jpg\",\"datePublished\":\"2024-06-21T15:00:00+00:00\",\"dateModified\":\"2024-06-26T19:08:39+00:00\",\"description\":\"Descubre la emociante colaboraci\u00f3n con Mariangel Coghlan con Comex, quienes presentan libro para dar vida al color e interiorismo.\",\"breadcrumb\":{\"@id\":\"https:\/\/www.gridmag.com.mx\/index.php\/2024\/06\/21\/comex-en-colaboracion-con-mariangel-coghlan-presentan-libro-para-dar-vida-al-color-e-interiorismo\/#breadcrumb\"},\"inLanguage\":\"es\",\"potentialAction\":[{\"@type\":\"ReadAction\",\"target\":[\"https:\/\/www.gridmag.com.mx\/index.php\/2024\/06\/21\/comex-en-colaboracion-con-mariangel-coghlan-presentan-libro-para-dar-vida-al-color-e-interiorismo\/\"]}]},{\"@type\":\"ImageObject\",\"inLanguage\":\"es\",\"@id\":\"https:\/\/www.gridmag.com.mx\/index.php\/2024\/06\/21\/comex-en-colaboracion-con-mariangel-coghlan-presentan-libro-para-dar-vida-al-color-e-interiorismo\/#primaryimage\",\"url\":\"https:\/\/www.gridmag.com.mx\/wp-content\/uploads\/2024\/06\/PORTADA-1.jpg\",\"contentUrl\":\"https:\/\/www.gridmag.com.mx\/wp-content\/uploads\/2024\/06\/PORTADA-1.jpg\",\"width\":2048,\"height\":1131,\"caption\":\"Comex en colaboraci\u00f3n con Mariangel Coghlan\"},{\"@type\":\"BreadcrumbList\",\"@id\":\"https:\/\/www.gridmag.com.mx\/index.php\/2024\/06\/21\/comex-en-colaboracion-con-mariangel-coghlan-presentan-libro-para-dar-vida-al-color-e-interiorismo\/#breadcrumb\",\"itemListElement\":[{\"@type\":\"ListItem\",\"position\":1,\"name\":\"Inicio\",\"item\":\"https:\/\/www.gridmag.com.mx\/\"},{\"@type\":\"ListItem\",\"position\":2,\"name\":\"Comex en colaboraci\u00f3n con Mariangel Coghlan presentan libro para dar vida al color e interiorismo\"}]},{\"@type\":\"WebSite\",\"@id\":\"https:\/\/www.gridmag.com.mx\/#website\",\"url\":\"https:\/\/www.gridmag.com.mx\/\",\"name\":\"Grid Magazine\",\"description\":\"Compartiendo lo mejor de la arquitectura y dise\u00f1o mexicano.\",\"publisher\":{\"@id\":\"https:\/\/www.gridmag.com.mx\/#organization\"},\"potentialAction\":[{\"@type\":\"SearchAction\",\"target\":{\"@type\":\"EntryPoint\",\"urlTemplate\":\"https:\/\/www.gridmag.com.mx\/?s={search_term_string}\"},\"query-input\":{\"@type\":\"PropertyValueSpecification\",\"valueRequired\":true,\"valueName\":\"search_term_string\"}}],\"inLanguage\":\"es\"},{\"@type\":\"Organization\",\"@id\":\"https:\/\/www.gridmag.com.mx\/#organization\",\"name\":\"Grid Magazine\",\"url\":\"https:\/\/www.gridmag.com.mx\/\",\"logo\":{\"@type\":\"ImageObject\",\"inLanguage\":\"es\",\"@id\":\"https:\/\/www.gridmag.com.mx\/#\/schema\/logo\/image\/\",\"url\":\"\",\"contentUrl\":\"\",\"caption\":\"Grid Magazine\"},\"image\":{\"@id\":\"https:\/\/www.gridmag.com.mx\/#\/schema\/logo\/image\/\"},\"sameAs\":[\"https:\/\/www.facebook.com\/gridmagazine.mx\",\"https:\/\/www.instagram.com\/gridmagazine_mx\/\",\"https:\/\/www.tiktok.com\/@gridmagazine.mx?_t=8gl2kVR2Aq6&_r=1\",\"https:\/\/www.linkedin.com\/company\/grid-magazine-mx\/\"]},{\"@type\":\"Person\",\"@id\":\"https:\/\/www.gridmag.com.mx\/#\/schema\/person\/d54cddc75e2ecfe4a55e39c0336ae932\",\"name\":\"Grid Magazine\",\"image\":{\"@type\":\"ImageObject\",\"inLanguage\":\"es\",\"@id\":\"https:\/\/www.gridmag.com.mx\/#\/schema\/person\/image\/\",\"url\":\"https:\/\/secure.gravatar.com\/avatar\/8e4bd50943002dd6ee9db30e5af749244f3e21206a99c4fb42429117eaacfc83?s=96&d=mm&r=g\",\"contentUrl\":\"https:\/\/secure.gravatar.com\/avatar\/8e4bd50943002dd6ee9db30e5af749244f3e21206a99c4fb42429117eaacfc83?s=96&d=mm&r=g\",\"caption\":\"Grid Magazine\"},\"sameAs\":[\"https:\/\/www.gridmag.com.mx\"],\"url\":\"https:\/\/www.gridmag.com.mx\/index.php\/author\/grid-magazine-arq\/\"}]}<\/script>\n<!-- \/ Yoast SEO plugin. -->","yoast_head_json":{"title":"Comex en colaboraci\u00f3n con Mariangel Coghlan presentan libro para dar vida al color e interiorismo | Grid Magazine","description":"Descubre la emociante colaboraci\u00f3n con Mariangel Coghlan con Comex, quienes presentan libro para dar vida al color e interiorismo.","robots":{"index":"index","follow":"follow","max-snippet":"max-snippet:-1","max-image-preview":"max-image-preview:large","max-video-preview":"max-video-preview:-1"},"canonical":"https:\/\/www.gridmag.com.mx\/index.php\/2024\/06\/21\/comex-en-colaboracion-con-mariangel-coghlan-presentan-libro-para-dar-vida-al-color-e-interiorismo\/","og_locale":"es_MX","og_type":"article","og_title":"Comex en colaboraci\u00f3n con Mariangel Coghlan presentan libro para dar vida al color e interiorismo | Grid Magazine","og_description":"Descubre la emociante colaboraci\u00f3n con Mariangel Coghlan con Comex, quienes presentan libro para dar vida al color e interiorismo.","og_url":"https:\/\/www.gridmag.com.mx\/index.php\/2024\/06\/21\/comex-en-colaboracion-con-mariangel-coghlan-presentan-libro-para-dar-vida-al-color-e-interiorismo\/","og_site_name":"Grid Magazine","article_publisher":"https:\/\/www.facebook.com\/gridmagazine.mx","article_published_time":"2024-06-21T15:00:00+00:00","article_modified_time":"2024-06-26T19:08:39+00:00","og_image":[{"width":2048,"height":1131,"url":"https:\/\/www.gridmag.com.mx\/wp-content\/uploads\/2024\/06\/PORTADA-1.jpg","type":"image\/jpeg"}],"author":"Grid Magazine","twitter_card":"summary_large_image","twitter_misc":{"Escrito por":"Grid Magazine","Tiempo de lectura":"4 minutos"},"schema":{"@context":"https:\/\/schema.org","@graph":[{"@type":"Article","@id":"https:\/\/www.gridmag.com.mx\/index.php\/2024\/06\/21\/comex-en-colaboracion-con-mariangel-coghlan-presentan-libro-para-dar-vida-al-color-e-interiorismo\/#article","isPartOf":{"@id":"https:\/\/www.gridmag.com.mx\/index.php\/2024\/06\/21\/comex-en-colaboracion-con-mariangel-coghlan-presentan-libro-para-dar-vida-al-color-e-interiorismo\/"},"author":{"name":"Grid Magazine","@id":"https:\/\/www.gridmag.com.mx\/#\/schema\/person\/d54cddc75e2ecfe4a55e39c0336ae932"},"headline":"Comex en colaboraci\u00f3n con Mariangel Coghlan presentan libro para dar vida al color e interiorismo","datePublished":"2024-06-21T15:00:00+00:00","dateModified":"2024-06-26T19:08:39+00:00","mainEntityOfPage":{"@id":"https:\/\/www.gridmag.com.mx\/index.php\/2024\/06\/21\/comex-en-colaboracion-con-mariangel-coghlan-presentan-libro-para-dar-vida-al-color-e-interiorismo\/"},"wordCount":529,"commentCount":0,"publisher":{"@id":"https:\/\/www.gridmag.com.mx\/#organization"},"image":{"@id":"https:\/\/www.gridmag.com.mx\/index.php\/2024\/06\/21\/comex-en-colaboracion-con-mariangel-coghlan-presentan-libro-para-dar-vida-al-color-e-interiorismo\/#primaryimage"},"thumbnailUrl":"https:\/\/www.gridmag.com.mx\/wp-content\/uploads\/2024\/06\/PORTADA-1.jpg","articleSection":["Creativos"],"inLanguage":"es","potentialAction":[{"@type":"CommentAction","name":"Comment","target":["https:\/\/www.gridmag.com.mx\/index.php\/2024\/06\/21\/comex-en-colaboracion-con-mariangel-coghlan-presentan-libro-para-dar-vida-al-color-e-interiorismo\/#respond"]}]},{"@type":"WebPage","@id":"https:\/\/www.gridmag.com.mx\/index.php\/2024\/06\/21\/comex-en-colaboracion-con-mariangel-coghlan-presentan-libro-para-dar-vida-al-color-e-interiorismo\/","url":"https:\/\/www.gridmag.com.mx\/index.php\/2024\/06\/21\/comex-en-colaboracion-con-mariangel-coghlan-presentan-libro-para-dar-vida-al-color-e-interiorismo\/","name":"Comex en colaboraci\u00f3n con Mariangel Coghlan presentan libro para dar vida al color e interiorismo | Grid Magazine","isPartOf":{"@id":"https:\/\/www.gridmag.com.mx\/#website"},"primaryImageOfPage":{"@id":"https:\/\/www.gridmag.com.mx\/index.php\/2024\/06\/21\/comex-en-colaboracion-con-mariangel-coghlan-presentan-libro-para-dar-vida-al-color-e-interiorismo\/#primaryimage"},"image":{"@id":"https:\/\/www.gridmag.com.mx\/index.php\/2024\/06\/21\/comex-en-colaboracion-con-mariangel-coghlan-presentan-libro-para-dar-vida-al-color-e-interiorismo\/#primaryimage"},"thumbnailUrl":"https:\/\/www.gridmag.com.mx\/wp-content\/uploads\/2024\/06\/PORTADA-1.jpg","datePublished":"2024-06-21T15:00:00+00:00","dateModified":"2024-06-26T19:08:39+00:00","description":"Descubre la emociante colaboraci\u00f3n con Mariangel Coghlan con Comex, quienes presentan libro para dar vida al color e interiorismo.","breadcrumb":{"@id":"https:\/\/www.gridmag.com.mx\/index.php\/2024\/06\/21\/comex-en-colaboracion-con-mariangel-coghlan-presentan-libro-para-dar-vida-al-color-e-interiorismo\/#breadcrumb"},"inLanguage":"es","potentialAction":[{"@type":"ReadAction","target":["https:\/\/www.gridmag.com.mx\/index.php\/2024\/06\/21\/comex-en-colaboracion-con-mariangel-coghlan-presentan-libro-para-dar-vida-al-color-e-interiorismo\/"]}]},{"@type":"ImageObject","inLanguage":"es","@id":"https:\/\/www.gridmag.com.mx\/index.php\/2024\/06\/21\/comex-en-colaboracion-con-mariangel-coghlan-presentan-libro-para-dar-vida-al-color-e-interiorismo\/#primaryimage","url":"https:\/\/www.gridmag.com.mx\/wp-content\/uploads\/2024\/06\/PORTADA-1.jpg","contentUrl":"https:\/\/www.gridmag.com.mx\/wp-content\/uploads\/2024\/06\/PORTADA-1.jpg","width":2048,"height":1131,"caption":"Comex en colaboraci\u00f3n con Mariangel Coghlan"},{"@type":"BreadcrumbList","@id":"https:\/\/www.gridmag.com.mx\/index.php\/2024\/06\/21\/comex-en-colaboracion-con-mariangel-coghlan-presentan-libro-para-dar-vida-al-color-e-interiorismo\/#breadcrumb","itemListElement":[{"@type":"ListItem","position":1,"name":"Inicio","item":"https:\/\/www.gridmag.com.mx\/"},{"@type":"ListItem","position":2,"name":"Comex en colaboraci\u00f3n con Mariangel Coghlan presentan libro para dar vida al color e interiorismo"}]},{"@type":"WebSite","@id":"https:\/\/www.gridmag.com.mx\/#website","url":"https:\/\/www.gridmag.com.mx\/","name":"Grid Magazine","description":"Compartiendo lo mejor de la arquitectura y dise\u00f1o mexicano.","publisher":{"@id":"https:\/\/www.gridmag.com.mx\/#organization"},"potentialAction":[{"@type":"SearchAction","target":{"@type":"EntryPoint","urlTemplate":"https:\/\/www.gridmag.com.mx\/?s={search_term_string}"},"query-input":{"@type":"PropertyValueSpecification","valueRequired":true,"valueName":"search_term_string"}}],"inLanguage":"es"},{"@type":"Organization","@id":"https:\/\/www.gridmag.com.mx\/#organization","name":"Grid Magazine","url":"https:\/\/www.gridmag.com.mx\/","logo":{"@type":"ImageObject","inLanguage":"es","@id":"https:\/\/www.gridmag.com.mx\/#\/schema\/logo\/image\/","url":"","contentUrl":"","caption":"Grid Magazine"},"image":{"@id":"https:\/\/www.gridmag.com.mx\/#\/schema\/logo\/image\/"},"sameAs":["https:\/\/www.facebook.com\/gridmagazine.mx","https:\/\/www.instagram.com\/gridmagazine_mx\/","https:\/\/www.tiktok.com\/@gridmagazine.mx?_t=8gl2kVR2Aq6&_r=1","https:\/\/www.linkedin.com\/company\/grid-magazine-mx\/"]},{"@type":"Person","@id":"https:\/\/www.gridmag.com.mx\/#\/schema\/person\/d54cddc75e2ecfe4a55e39c0336ae932","name":"Grid Magazine","image":{"@type":"ImageObject","inLanguage":"es","@id":"https:\/\/www.gridmag.com.mx\/#\/schema\/person\/image\/","url":"https:\/\/secure.gravatar.com\/avatar\/8e4bd50943002dd6ee9db30e5af749244f3e21206a99c4fb42429117eaacfc83?s=96&d=mm&r=g","contentUrl":"https:\/\/secure.gravatar.com\/avatar\/8e4bd50943002dd6ee9db30e5af749244f3e21206a99c4fb42429117eaacfc83?s=96&d=mm&r=g","caption":"Grid Magazine"},"sameAs":["https:\/\/www.gridmag.com.mx"],"url":"https:\/\/www.gridmag.com.mx\/index.php\/author\/grid-magazine-arq\/"}]}},"_links":{"self":[{"href":"https:\/\/www.gridmag.com.mx\/index.php\/wp-json\/wp\/v2\/posts\/7543","targetHints":{"allow":["GET"]}}],"collection":[{"href":"https:\/\/www.gridmag.com.mx\/index.php\/wp-json\/wp\/v2\/posts"}],"about":[{"href":"https:\/\/www.gridmag.com.mx\/index.php\/wp-json\/wp\/v2\/types\/post"}],"author":[{"embeddable":true,"href":"https:\/\/www.gridmag.com.mx\/index.php\/wp-json\/wp\/v2\/users\/1"}],"replies":[{"embeddable":true,"href":"https:\/\/www.gridmag.com.mx\/index.php\/wp-json\/wp\/v2\/comments?post=7543"}],"version-history":[{"count":5,"href":"https:\/\/www.gridmag.com.mx\/index.php\/wp-json\/wp\/v2\/posts\/7543\/revisions"}],"predecessor-version":[{"id":7591,"href":"https:\/\/www.gridmag.com.mx\/index.php\/wp-json\/wp\/v2\/posts\/7543\/revisions\/7591"}],"wp:featuredmedia":[{"embeddable":true,"href":"https:\/\/www.gridmag.com.mx\/index.php\/wp-json\/wp\/v2\/media\/7544"}],"wp:attachment":[{"href":"https:\/\/www.gridmag.com.mx\/index.php\/wp-json\/wp\/v2\/media?parent=7543"}],"wp:term":[{"taxonomy":"category","embeddable":true,"href":"https:\/\/www.gridmag.com.mx\/index.php\/wp-json\/wp\/v2\/categories?post=7543"},{"taxonomy":"post_tag","embeddable":true,"href":"https:\/\/www.gridmag.com.mx\/index.php\/wp-json\/wp\/v2\/tags?post=7543"}],"curies":[{"name":"wp","href":"https:\/\/api.w.org\/{rel}","templated":true}]}}