{"id":7764,"date":"2024-07-10T10:27:06","date_gmt":"2024-07-10T16:27:06","guid":{"rendered":"https:\/\/www.gridmag.com.mx\/?p=7764"},"modified":"2024-07-10T10:54:59","modified_gmt":"2024-07-10T16:54:59","slug":"raquel-reynoso-la-fotografia-conceptual-como-lenguaje-emotivo","status":"publish","type":"post","link":"https:\/\/www.gridmag.com.mx\/index.php\/2024\/07\/10\/raquel-reynoso-la-fotografia-conceptual-como-lenguaje-emotivo\/","title":{"rendered":"Raquel Reynoso | Fotograf\u00eda Conceptual como Lenguaje Emotivo"},"content":{"rendered":"\n<p><strong>Raquel Reynoso Escalante<\/strong>, una talentosa fot\u00f3grafa y cineasta de 25 a\u00f1os, nos abre una ventana a su mundo creativo, en el que la fotograf\u00eda conceptual se convierte en su medio de expresi\u00f3n predilecto. Originaria de Aguascalientes, Raquel ha encontrado en su entorno y en su imaginaci\u00f3n los elementos necesarios para desarrollar un estilo \u00fanico que trasciende la realidad cotidiana.<\/p>\n\n\n\n<figure class=\"wp-block-image size-large\"><img decoding=\"async\" width=\"1024\" height=\"634\" src=\"https:\/\/www.gridmag.com.mx\/wp-content\/uploads\/2024\/07\/8886796965-432A1-9F852F783840-1024x634.jpg\" alt=\"\" class=\"wp-image-7767\" srcset=\"https:\/\/www.gridmag.com.mx\/wp-content\/uploads\/2024\/07\/8886796965-432A1-9F852F783840-1024x634.jpg 1024w, https:\/\/www.gridmag.com.mx\/wp-content\/uploads\/2024\/07\/8886796965-432A1-9F852F783840-300x186.jpg 300w, https:\/\/www.gridmag.com.mx\/wp-content\/uploads\/2024\/07\/8886796965-432A1-9F852F783840-768x475.jpg 768w, https:\/\/www.gridmag.com.mx\/wp-content\/uploads\/2024\/07\/8886796965-432A1-9F852F783840-1536x951.jpg 1536w, https:\/\/www.gridmag.com.mx\/wp-content\/uploads\/2024\/07\/8886796965-432A1-9F852F783840-770x477.jpg 770w, https:\/\/www.gridmag.com.mx\/wp-content\/uploads\/2024\/07\/8886796965-432A1-9F852F783840-1400x867.jpg 1400w, https:\/\/www.gridmag.com.mx\/wp-content\/uploads\/2024\/07\/8886796965-432A1-9F852F783840.jpg 1701w\" sizes=\"(max-width: 1024px) 100vw, 1024px\" \/><\/figure>\n\n\n\n<h2 class=\"wp-block-heading\">Inspiraciones y Or\u00edgenes<\/h2>\n\n\n\n<p>Desde peque\u00f1a, Raquel descubri\u00f3 en la fotograf\u00eda una forma de expresi\u00f3n \u00fanica. &#8220;Me gustaba simular que mis manos eran una c\u00e1mara fotogr\u00e1fica y con ellas encuadrar todo lo que me parec\u00eda llamativo&#8221;, nos cuenta. Esta inclinaci\u00f3n por capturar momentos y detalles visuales se transform\u00f3 con el tiempo en una pasi\u00f3n por la fotograf\u00eda y el cine, encontrando en estos medios un lenguaje m\u00e1s poderoso que las palabras.<\/p>\n\n\n\n<p>Raquel describe su estilo como una fusi\u00f3n de elementos naturales e imaginativos, buscando siempre que sus im\u00e1genes se sientan org\u00e1nicas. &#8220;Mi enfoque fotogr\u00e1fico se basa en la b\u00fasqueda constante de la armon\u00eda visual y la evocaci\u00f3n de emociones profundas&#8221;, explica. Utiliza la luz natural y las sombras para crear composiciones que, aunque no persiguen la perfecci\u00f3n, buscan evocar sensaciones y recuerdos.<\/p>\n\n\n\n<figure class=\"wp-block-image size-large\"><img decoding=\"async\" width=\"1024\" height=\"683\" src=\"https:\/\/www.gridmag.com.mx\/wp-content\/uploads\/2024\/07\/Ensueno-bajo-el-agua-RAQUEL-REYNOSO-1-1024x683.jpg\" alt=\"\" class=\"wp-image-7768\" srcset=\"https:\/\/www.gridmag.com.mx\/wp-content\/uploads\/2024\/07\/Ensueno-bajo-el-agua-RAQUEL-REYNOSO-1-1024x683.jpg 1024w, https:\/\/www.gridmag.com.mx\/wp-content\/uploads\/2024\/07\/Ensueno-bajo-el-agua-RAQUEL-REYNOSO-1-300x200.jpg 300w, https:\/\/www.gridmag.com.mx\/wp-content\/uploads\/2024\/07\/Ensueno-bajo-el-agua-RAQUEL-REYNOSO-1-768x512.jpg 768w, https:\/\/www.gridmag.com.mx\/wp-content\/uploads\/2024\/07\/Ensueno-bajo-el-agua-RAQUEL-REYNOSO-1-1536x1024.jpg 1536w, https:\/\/www.gridmag.com.mx\/wp-content\/uploads\/2024\/07\/Ensueno-bajo-el-agua-RAQUEL-REYNOSO-1-360x240.jpg 360w, https:\/\/www.gridmag.com.mx\/wp-content\/uploads\/2024\/07\/Ensueno-bajo-el-agua-RAQUEL-REYNOSO-1-720x480.jpg 720w, https:\/\/www.gridmag.com.mx\/wp-content\/uploads\/2024\/07\/Ensueno-bajo-el-agua-RAQUEL-REYNOSO-1-770x513.jpg 770w, https:\/\/www.gridmag.com.mx\/wp-content\/uploads\/2024\/07\/Ensueno-bajo-el-agua-RAQUEL-REYNOSO-1-1400x934.jpg 1400w, https:\/\/www.gridmag.com.mx\/wp-content\/uploads\/2024\/07\/Ensueno-bajo-el-agua-RAQUEL-REYNOSO-1.jpg 1984w\" sizes=\"(max-width: 1024px) 100vw, 1024px\" \/><\/figure>\n\n\n\n<h2 class=\"wp-block-heading\">Tem\u00e1ticas y Conceptos<\/h2>\n\n\n\n<p>La introspecci\u00f3n y el entorno propio son tem\u00e1ticas recurrentes en su trabajo. Raquel explora c\u00f3mo los espacios y los cuerpos son habitados y c\u00f3mo el imaginario personal puede servir como una ventana conceptual. Su proceso creativo est\u00e1 \u00edntimamente ligado a su ciudad natal, Aguascalientes. &#8220;Me inspiro de mi propio imaginario y de mi entorno, as\u00ed como de espacios personales&#8221;, comenta, resaltando el crecimiento art\u00edstico de la ciudad.<\/p>\n\n\n\n<p>Para Raquel, la fotograf\u00eda es un lenguaje en el que puede transformar y descubrir su propia narrativa. A pesar de los desaf\u00edos que implica destacar en un mundo saturado de im\u00e1genes digitales, Raquel se mantiene fiel a su visi\u00f3n, buscando siempre aportar un toque personal y original a sus obras.<\/p>\n\n\n\n<div class=\"wp-block-columns is-layout-flex wp-container-core-columns-is-layout-9d6595d7 wp-block-columns-is-layout-flex\">\n<div class=\"wp-block-column is-layout-flow wp-block-column-is-layout-flow\">\n<figure class=\"wp-block-image size-large\"><img decoding=\"async\" width=\"768\" height=\"1024\" src=\"https:\/\/www.gridmag.com.mx\/wp-content\/uploads\/2024\/07\/04-11-2023-20-55-11-768x1024.jpg\" alt=\"\" class=\"wp-image-7769\" srcset=\"https:\/\/www.gridmag.com.mx\/wp-content\/uploads\/2024\/07\/04-11-2023-20-55-11-768x1024.jpg 768w, https:\/\/www.gridmag.com.mx\/wp-content\/uploads\/2024\/07\/04-11-2023-20-55-11-225x300.jpg 225w, https:\/\/www.gridmag.com.mx\/wp-content\/uploads\/2024\/07\/04-11-2023-20-55-11-1152x1536.jpg 1152w, https:\/\/www.gridmag.com.mx\/wp-content\/uploads\/2024\/07\/04-11-2023-20-55-11-1536x2048.jpg 1536w, https:\/\/www.gridmag.com.mx\/wp-content\/uploads\/2024\/07\/04-11-2023-20-55-11-770x1027.jpg 770w, https:\/\/www.gridmag.com.mx\/wp-content\/uploads\/2024\/07\/04-11-2023-20-55-11-1400x1867.jpg 1400w, https:\/\/www.gridmag.com.mx\/wp-content\/uploads\/2024\/07\/04-11-2023-20-55-11.jpg 1559w\" sizes=\"(max-width: 768px) 100vw, 768px\" \/><\/figure>\n<\/div>\n\n\n\n<div class=\"wp-block-column is-layout-flow wp-block-column-is-layout-flow\">\n<figure class=\"wp-block-image size-large\"><img decoding=\"async\" width=\"768\" height=\"1024\" src=\"https:\/\/www.gridmag.com.mx\/wp-content\/uploads\/2024\/07\/25-08-2023-20-39-04-768x1024.jpg\" alt=\"\" class=\"wp-image-7770\" srcset=\"https:\/\/www.gridmag.com.mx\/wp-content\/uploads\/2024\/07\/25-08-2023-20-39-04-768x1024.jpg 768w, https:\/\/www.gridmag.com.mx\/wp-content\/uploads\/2024\/07\/25-08-2023-20-39-04-225x300.jpg 225w, https:\/\/www.gridmag.com.mx\/wp-content\/uploads\/2024\/07\/25-08-2023-20-39-04-1152x1536.jpg 1152w, https:\/\/www.gridmag.com.mx\/wp-content\/uploads\/2024\/07\/25-08-2023-20-39-04-770x1027.jpg 770w, https:\/\/www.gridmag.com.mx\/wp-content\/uploads\/2024\/07\/25-08-2023-20-39-04-1400x1867.jpg 1400w, https:\/\/www.gridmag.com.mx\/wp-content\/uploads\/2024\/07\/25-08-2023-20-39-04.jpg 1446w\" sizes=\"(max-width: 768px) 100vw, 768px\" \/><\/figure>\n<\/div>\n<\/div>\n\n\n\n<h2 class=\"wp-block-heading\">Evoluci\u00f3n y Futuro<\/h2>\n\n\n\n<p>Desde sus inicios, su trabajo ha evolucionado hacia una reflexi\u00f3n m\u00e1s consciente de lo que busca transmitir. A nivel personal, se siente inspirada por artistas como <strong>Tania Franco Klein<\/strong> y su estilo cinematogr\u00e1fico. Mirando hacia el futuro, Raquel espera que se abran m\u00e1s espacios y apoyos para fot\u00f3grafos j\u00f3venes en M\u00e9xico, permitiendo que nuevas voces se expresen y se desarrollen en esta disciplina.<\/p>\n\n\n\n<figure class=\"wp-block-image size-large\"><img decoding=\"async\" width=\"1024\" height=\"768\" src=\"https:\/\/www.gridmag.com.mx\/wp-content\/uploads\/2024\/07\/18-09-2023-00-22-14-1024x768.jpg\" alt=\"\" class=\"wp-image-7771\" srcset=\"https:\/\/www.gridmag.com.mx\/wp-content\/uploads\/2024\/07\/18-09-2023-00-22-14-1024x768.jpg 1024w, https:\/\/www.gridmag.com.mx\/wp-content\/uploads\/2024\/07\/18-09-2023-00-22-14-300x225.jpg 300w, https:\/\/www.gridmag.com.mx\/wp-content\/uploads\/2024\/07\/18-09-2023-00-22-14-768x576.jpg 768w, https:\/\/www.gridmag.com.mx\/wp-content\/uploads\/2024\/07\/18-09-2023-00-22-14-1536x1152.jpg 1536w, https:\/\/www.gridmag.com.mx\/wp-content\/uploads\/2024\/07\/18-09-2023-00-22-14-770x578.jpg 770w, https:\/\/www.gridmag.com.mx\/wp-content\/uploads\/2024\/07\/18-09-2023-00-22-14-1400x1050.jpg 1400w, https:\/\/www.gridmag.com.mx\/wp-content\/uploads\/2024\/07\/18-09-2023-00-22-14.jpg 1701w\" sizes=\"(max-width: 1024px) 100vw, 1024px\" \/><\/figure>\n\n\n\n<div style=\"height:10px\" aria-hidden=\"true\" class=\"wp-block-spacer\"><\/div>\n\n\n\n<p>Raquel Reynoso Escalante nos muestra que la fotograf\u00eda conceptual es m\u00e1s que una simple captura de im\u00e1genes; es un proceso de autoexploraci\u00f3n y comunicaci\u00f3n emotiva que, a trav\u00e9s de su lente, nos invita a ver el mundo desde una perspectiva \u00edntima y \u00fanica.<\/p>\n\n\n\n<p><a href=\"IG: @raquel.reynosoe\">IG: @raquel.reynosoe<\/a><\/p>\n","protected":false},"excerpt":{"rendered":"<p>Raquel Reynoso Escalante, una talentosa fot\u00f3grafa y cineasta de 25 a\u00f1os, nos abre una ventana a su mundo creativo, en el que la fotograf\u00eda conceptual se convierte en su medio de expresi\u00f3n predilecto. Originaria de Aguascalientes, Raquel ha encontrado en su entorno y en su imaginaci\u00f3n los elementos necesarios para desarrollar un estilo \u00fanico que trasciende la realidad cotidiana. Inspiraciones y Or\u00edgenes Desde peque\u00f1a, Raquel descubri\u00f3 en la fotograf\u00eda una forma de expresi\u00f3n \u00fanica. &#8220;Me gustaba simular que mis manos [&hellip;]<\/p>\n","protected":false},"author":6,"featured_media":7765,"comment_status":"open","ping_status":"open","sticky":false,"template":"","format":"standard","meta":{"footnotes":""},"categories":[55],"tags":[],"class_list":["post-7764","post","type-post","status-publish","format-standard","has-post-thumbnail","hentry","category-creativos"],"yoast_head":"<!-- This site is optimized with the Yoast SEO plugin v27.0 - https:\/\/yoast.com\/product\/yoast-seo-wordpress\/ -->\n<title>Raquel Reynoso | Fotograf\u00eda Conceptual como Lenguaje Emotivo | Grid Magazine<\/title>\n<meta name=\"robots\" content=\"index, follow, max-snippet:-1, max-image-preview:large, max-video-preview:-1\" \/>\n<link rel=\"canonical\" href=\"https:\/\/www.gridmag.com.mx\/index.php\/2024\/07\/10\/raquel-reynoso-la-fotografia-conceptual-como-lenguaje-emotivo\/\" \/>\n<meta property=\"og:locale\" content=\"es_MX\" \/>\n<meta property=\"og:type\" content=\"article\" \/>\n<meta property=\"og:title\" content=\"Raquel Reynoso | Fotograf\u00eda Conceptual como Lenguaje Emotivo | Grid Magazine\" \/>\n<meta property=\"og:description\" content=\"Raquel Reynoso Escalante, una talentosa fot\u00f3grafa y cineasta de 25 a\u00f1os, nos abre una ventana a su mundo creativo, en el que la fotograf\u00eda conceptual se convierte en su medio de expresi\u00f3n predilecto. Originaria de Aguascalientes, Raquel ha encontrado en su entorno y en su imaginaci\u00f3n los elementos necesarios para desarrollar un estilo \u00fanico que trasciende la realidad cotidiana. Inspiraciones y Or\u00edgenes Desde peque\u00f1a, Raquel descubri\u00f3 en la fotograf\u00eda una forma de expresi\u00f3n \u00fanica. &#8220;Me gustaba simular que mis manos [&hellip;]\" \/>\n<meta property=\"og:url\" content=\"https:\/\/www.gridmag.com.mx\/index.php\/2024\/07\/10\/raquel-reynoso-la-fotografia-conceptual-como-lenguaje-emotivo\/\" \/>\n<meta property=\"og:site_name\" content=\"Grid Magazine\" \/>\n<meta property=\"article:publisher\" content=\"https:\/\/www.facebook.com\/gridmagazine.mx\" \/>\n<meta property=\"article:published_time\" content=\"2024-07-10T16:27:06+00:00\" \/>\n<meta property=\"article:modified_time\" content=\"2024-07-10T16:54:59+00:00\" \/>\n<meta property=\"og:image\" content=\"https:\/\/www.gridmag.com.mx\/wp-content\/uploads\/2024\/07\/El-secreto-de-la-luna.jpg\" \/>\n\t<meta property=\"og:image:width\" content=\"2183\" \/>\n\t<meta property=\"og:image:height\" content=\"1455\" \/>\n\t<meta property=\"og:image:type\" content=\"image\/jpeg\" \/>\n<meta name=\"author\" content=\"Micael Parada\" \/>\n<meta name=\"twitter:card\" content=\"summary_large_image\" \/>\n<meta name=\"twitter:label1\" content=\"Escrito por\" \/>\n\t<meta name=\"twitter:data1\" content=\"Micael Parada\" \/>\n\t<meta name=\"twitter:label2\" content=\"Tiempo de lectura\" \/>\n\t<meta name=\"twitter:data2\" content=\"4 minutos\" \/>\n<script type=\"application\/ld+json\" class=\"yoast-schema-graph\">{\"@context\":\"https:\/\/schema.org\",\"@graph\":[{\"@type\":\"Article\",\"@id\":\"https:\/\/www.gridmag.com.mx\/index.php\/2024\/07\/10\/raquel-reynoso-la-fotografia-conceptual-como-lenguaje-emotivo\/#article\",\"isPartOf\":{\"@id\":\"https:\/\/www.gridmag.com.mx\/index.php\/2024\/07\/10\/raquel-reynoso-la-fotografia-conceptual-como-lenguaje-emotivo\/\"},\"author\":{\"name\":\"Micael Parada\",\"@id\":\"https:\/\/www.gridmag.com.mx\/#\/schema\/person\/284ee4151758427c3dc37dbbba5ff517\"},\"headline\":\"Raquel Reynoso | Fotograf\u00eda Conceptual como Lenguaje Emotivo\",\"datePublished\":\"2024-07-10T16:27:06+00:00\",\"dateModified\":\"2024-07-10T16:54:59+00:00\",\"mainEntityOfPage\":{\"@id\":\"https:\/\/www.gridmag.com.mx\/index.php\/2024\/07\/10\/raquel-reynoso-la-fotografia-conceptual-como-lenguaje-emotivo\/\"},\"wordCount\":477,\"commentCount\":0,\"publisher\":{\"@id\":\"https:\/\/www.gridmag.com.mx\/#organization\"},\"image\":{\"@id\":\"https:\/\/www.gridmag.com.mx\/index.php\/2024\/07\/10\/raquel-reynoso-la-fotografia-conceptual-como-lenguaje-emotivo\/#primaryimage\"},\"thumbnailUrl\":\"https:\/\/www.gridmag.com.mx\/wp-content\/uploads\/2024\/07\/El-secreto-de-la-luna.jpg\",\"articleSection\":[\"Creativos\"],\"inLanguage\":\"es\",\"potentialAction\":[{\"@type\":\"CommentAction\",\"name\":\"Comment\",\"target\":[\"https:\/\/www.gridmag.com.mx\/index.php\/2024\/07\/10\/raquel-reynoso-la-fotografia-conceptual-como-lenguaje-emotivo\/#respond\"]}]},{\"@type\":\"WebPage\",\"@id\":\"https:\/\/www.gridmag.com.mx\/index.php\/2024\/07\/10\/raquel-reynoso-la-fotografia-conceptual-como-lenguaje-emotivo\/\",\"url\":\"https:\/\/www.gridmag.com.mx\/index.php\/2024\/07\/10\/raquel-reynoso-la-fotografia-conceptual-como-lenguaje-emotivo\/\",\"name\":\"Raquel Reynoso | Fotograf\u00eda Conceptual como Lenguaje Emotivo | Grid Magazine\",\"isPartOf\":{\"@id\":\"https:\/\/www.gridmag.com.mx\/#website\"},\"primaryImageOfPage\":{\"@id\":\"https:\/\/www.gridmag.com.mx\/index.php\/2024\/07\/10\/raquel-reynoso-la-fotografia-conceptual-como-lenguaje-emotivo\/#primaryimage\"},\"image\":{\"@id\":\"https:\/\/www.gridmag.com.mx\/index.php\/2024\/07\/10\/raquel-reynoso-la-fotografia-conceptual-como-lenguaje-emotivo\/#primaryimage\"},\"thumbnailUrl\":\"https:\/\/www.gridmag.com.mx\/wp-content\/uploads\/2024\/07\/El-secreto-de-la-luna.jpg\",\"datePublished\":\"2024-07-10T16:27:06+00:00\",\"dateModified\":\"2024-07-10T16:54:59+00:00\",\"breadcrumb\":{\"@id\":\"https:\/\/www.gridmag.com.mx\/index.php\/2024\/07\/10\/raquel-reynoso-la-fotografia-conceptual-como-lenguaje-emotivo\/#breadcrumb\"},\"inLanguage\":\"es\",\"potentialAction\":[{\"@type\":\"ReadAction\",\"target\":[\"https:\/\/www.gridmag.com.mx\/index.php\/2024\/07\/10\/raquel-reynoso-la-fotografia-conceptual-como-lenguaje-emotivo\/\"]}]},{\"@type\":\"ImageObject\",\"inLanguage\":\"es\",\"@id\":\"https:\/\/www.gridmag.com.mx\/index.php\/2024\/07\/10\/raquel-reynoso-la-fotografia-conceptual-como-lenguaje-emotivo\/#primaryimage\",\"url\":\"https:\/\/www.gridmag.com.mx\/wp-content\/uploads\/2024\/07\/El-secreto-de-la-luna.jpg\",\"contentUrl\":\"https:\/\/www.gridmag.com.mx\/wp-content\/uploads\/2024\/07\/El-secreto-de-la-luna.jpg\",\"width\":2183,\"height\":1455},{\"@type\":\"BreadcrumbList\",\"@id\":\"https:\/\/www.gridmag.com.mx\/index.php\/2024\/07\/10\/raquel-reynoso-la-fotografia-conceptual-como-lenguaje-emotivo\/#breadcrumb\",\"itemListElement\":[{\"@type\":\"ListItem\",\"position\":1,\"name\":\"Inicio\",\"item\":\"https:\/\/www.gridmag.com.mx\/\"},{\"@type\":\"ListItem\",\"position\":2,\"name\":\"Raquel Reynoso | Fotograf\u00eda Conceptual como Lenguaje Emotivo\"}]},{\"@type\":\"WebSite\",\"@id\":\"https:\/\/www.gridmag.com.mx\/#website\",\"url\":\"https:\/\/www.gridmag.com.mx\/\",\"name\":\"Grid Magazine\",\"description\":\"Compartiendo lo mejor de la arquitectura y dise\u00f1o mexicano.\",\"publisher\":{\"@id\":\"https:\/\/www.gridmag.com.mx\/#organization\"},\"potentialAction\":[{\"@type\":\"SearchAction\",\"target\":{\"@type\":\"EntryPoint\",\"urlTemplate\":\"https:\/\/www.gridmag.com.mx\/?s={search_term_string}\"},\"query-input\":{\"@type\":\"PropertyValueSpecification\",\"valueRequired\":true,\"valueName\":\"search_term_string\"}}],\"inLanguage\":\"es\"},{\"@type\":\"Organization\",\"@id\":\"https:\/\/www.gridmag.com.mx\/#organization\",\"name\":\"Grid Magazine\",\"url\":\"https:\/\/www.gridmag.com.mx\/\",\"logo\":{\"@type\":\"ImageObject\",\"inLanguage\":\"es\",\"@id\":\"https:\/\/www.gridmag.com.mx\/#\/schema\/logo\/image\/\",\"url\":\"\",\"contentUrl\":\"\",\"caption\":\"Grid Magazine\"},\"image\":{\"@id\":\"https:\/\/www.gridmag.com.mx\/#\/schema\/logo\/image\/\"},\"sameAs\":[\"https:\/\/www.facebook.com\/gridmagazine.mx\",\"https:\/\/www.instagram.com\/gridmagazine_mx\/\",\"https:\/\/www.tiktok.com\/@gridmagazine.mx?_t=8gl2kVR2Aq6&_r=1\",\"https:\/\/www.linkedin.com\/company\/grid-magazine-mx\/\"]},{\"@type\":\"Person\",\"@id\":\"https:\/\/www.gridmag.com.mx\/#\/schema\/person\/284ee4151758427c3dc37dbbba5ff517\",\"name\":\"Micael Parada\",\"image\":{\"@type\":\"ImageObject\",\"inLanguage\":\"es\",\"@id\":\"https:\/\/www.gridmag.com.mx\/#\/schema\/person\/image\/\",\"url\":\"https:\/\/secure.gravatar.com\/avatar\/4ee28d020b8df9043271f9d007db149474e34d99c6af741f30ae82499fa11faa?s=96&d=mm&r=g\",\"contentUrl\":\"https:\/\/secure.gravatar.com\/avatar\/4ee28d020b8df9043271f9d007db149474e34d99c6af741f30ae82499fa11faa?s=96&d=mm&r=g\",\"caption\":\"Micael Parada\"},\"sameAs\":[\"https:\/\/www.instagram.com\/micaelparada\/?hl=es-la\"],\"url\":\"https:\/\/www.gridmag.com.mx\/index.php\/author\/micael-parada\/\"}]}<\/script>\n<!-- \/ Yoast SEO plugin. -->","yoast_head_json":{"title":"Raquel Reynoso | Fotograf\u00eda Conceptual como Lenguaje Emotivo | Grid Magazine","robots":{"index":"index","follow":"follow","max-snippet":"max-snippet:-1","max-image-preview":"max-image-preview:large","max-video-preview":"max-video-preview:-1"},"canonical":"https:\/\/www.gridmag.com.mx\/index.php\/2024\/07\/10\/raquel-reynoso-la-fotografia-conceptual-como-lenguaje-emotivo\/","og_locale":"es_MX","og_type":"article","og_title":"Raquel Reynoso | Fotograf\u00eda Conceptual como Lenguaje Emotivo | Grid Magazine","og_description":"Raquel Reynoso Escalante, una talentosa fot\u00f3grafa y cineasta de 25 a\u00f1os, nos abre una ventana a su mundo creativo, en el que la fotograf\u00eda conceptual se convierte en su medio de expresi\u00f3n predilecto. Originaria de Aguascalientes, Raquel ha encontrado en su entorno y en su imaginaci\u00f3n los elementos necesarios para desarrollar un estilo \u00fanico que trasciende la realidad cotidiana. Inspiraciones y Or\u00edgenes Desde peque\u00f1a, Raquel descubri\u00f3 en la fotograf\u00eda una forma de expresi\u00f3n \u00fanica. &#8220;Me gustaba simular que mis manos [&hellip;]","og_url":"https:\/\/www.gridmag.com.mx\/index.php\/2024\/07\/10\/raquel-reynoso-la-fotografia-conceptual-como-lenguaje-emotivo\/","og_site_name":"Grid Magazine","article_publisher":"https:\/\/www.facebook.com\/gridmagazine.mx","article_published_time":"2024-07-10T16:27:06+00:00","article_modified_time":"2024-07-10T16:54:59+00:00","og_image":[{"width":2183,"height":1455,"url":"https:\/\/www.gridmag.com.mx\/wp-content\/uploads\/2024\/07\/El-secreto-de-la-luna.jpg","type":"image\/jpeg"}],"author":"Micael Parada","twitter_card":"summary_large_image","twitter_misc":{"Escrito por":"Micael Parada","Tiempo de lectura":"4 minutos"},"schema":{"@context":"https:\/\/schema.org","@graph":[{"@type":"Article","@id":"https:\/\/www.gridmag.com.mx\/index.php\/2024\/07\/10\/raquel-reynoso-la-fotografia-conceptual-como-lenguaje-emotivo\/#article","isPartOf":{"@id":"https:\/\/www.gridmag.com.mx\/index.php\/2024\/07\/10\/raquel-reynoso-la-fotografia-conceptual-como-lenguaje-emotivo\/"},"author":{"name":"Micael Parada","@id":"https:\/\/www.gridmag.com.mx\/#\/schema\/person\/284ee4151758427c3dc37dbbba5ff517"},"headline":"Raquel Reynoso | Fotograf\u00eda Conceptual como Lenguaje Emotivo","datePublished":"2024-07-10T16:27:06+00:00","dateModified":"2024-07-10T16:54:59+00:00","mainEntityOfPage":{"@id":"https:\/\/www.gridmag.com.mx\/index.php\/2024\/07\/10\/raquel-reynoso-la-fotografia-conceptual-como-lenguaje-emotivo\/"},"wordCount":477,"commentCount":0,"publisher":{"@id":"https:\/\/www.gridmag.com.mx\/#organization"},"image":{"@id":"https:\/\/www.gridmag.com.mx\/index.php\/2024\/07\/10\/raquel-reynoso-la-fotografia-conceptual-como-lenguaje-emotivo\/#primaryimage"},"thumbnailUrl":"https:\/\/www.gridmag.com.mx\/wp-content\/uploads\/2024\/07\/El-secreto-de-la-luna.jpg","articleSection":["Creativos"],"inLanguage":"es","potentialAction":[{"@type":"CommentAction","name":"Comment","target":["https:\/\/www.gridmag.com.mx\/index.php\/2024\/07\/10\/raquel-reynoso-la-fotografia-conceptual-como-lenguaje-emotivo\/#respond"]}]},{"@type":"WebPage","@id":"https:\/\/www.gridmag.com.mx\/index.php\/2024\/07\/10\/raquel-reynoso-la-fotografia-conceptual-como-lenguaje-emotivo\/","url":"https:\/\/www.gridmag.com.mx\/index.php\/2024\/07\/10\/raquel-reynoso-la-fotografia-conceptual-como-lenguaje-emotivo\/","name":"Raquel Reynoso | Fotograf\u00eda Conceptual como Lenguaje Emotivo | Grid Magazine","isPartOf":{"@id":"https:\/\/www.gridmag.com.mx\/#website"},"primaryImageOfPage":{"@id":"https:\/\/www.gridmag.com.mx\/index.php\/2024\/07\/10\/raquel-reynoso-la-fotografia-conceptual-como-lenguaje-emotivo\/#primaryimage"},"image":{"@id":"https:\/\/www.gridmag.com.mx\/index.php\/2024\/07\/10\/raquel-reynoso-la-fotografia-conceptual-como-lenguaje-emotivo\/#primaryimage"},"thumbnailUrl":"https:\/\/www.gridmag.com.mx\/wp-content\/uploads\/2024\/07\/El-secreto-de-la-luna.jpg","datePublished":"2024-07-10T16:27:06+00:00","dateModified":"2024-07-10T16:54:59+00:00","breadcrumb":{"@id":"https:\/\/www.gridmag.com.mx\/index.php\/2024\/07\/10\/raquel-reynoso-la-fotografia-conceptual-como-lenguaje-emotivo\/#breadcrumb"},"inLanguage":"es","potentialAction":[{"@type":"ReadAction","target":["https:\/\/www.gridmag.com.mx\/index.php\/2024\/07\/10\/raquel-reynoso-la-fotografia-conceptual-como-lenguaje-emotivo\/"]}]},{"@type":"ImageObject","inLanguage":"es","@id":"https:\/\/www.gridmag.com.mx\/index.php\/2024\/07\/10\/raquel-reynoso-la-fotografia-conceptual-como-lenguaje-emotivo\/#primaryimage","url":"https:\/\/www.gridmag.com.mx\/wp-content\/uploads\/2024\/07\/El-secreto-de-la-luna.jpg","contentUrl":"https:\/\/www.gridmag.com.mx\/wp-content\/uploads\/2024\/07\/El-secreto-de-la-luna.jpg","width":2183,"height":1455},{"@type":"BreadcrumbList","@id":"https:\/\/www.gridmag.com.mx\/index.php\/2024\/07\/10\/raquel-reynoso-la-fotografia-conceptual-como-lenguaje-emotivo\/#breadcrumb","itemListElement":[{"@type":"ListItem","position":1,"name":"Inicio","item":"https:\/\/www.gridmag.com.mx\/"},{"@type":"ListItem","position":2,"name":"Raquel Reynoso | Fotograf\u00eda Conceptual como Lenguaje Emotivo"}]},{"@type":"WebSite","@id":"https:\/\/www.gridmag.com.mx\/#website","url":"https:\/\/www.gridmag.com.mx\/","name":"Grid Magazine","description":"Compartiendo lo mejor de la arquitectura y dise\u00f1o mexicano.","publisher":{"@id":"https:\/\/www.gridmag.com.mx\/#organization"},"potentialAction":[{"@type":"SearchAction","target":{"@type":"EntryPoint","urlTemplate":"https:\/\/www.gridmag.com.mx\/?s={search_term_string}"},"query-input":{"@type":"PropertyValueSpecification","valueRequired":true,"valueName":"search_term_string"}}],"inLanguage":"es"},{"@type":"Organization","@id":"https:\/\/www.gridmag.com.mx\/#organization","name":"Grid Magazine","url":"https:\/\/www.gridmag.com.mx\/","logo":{"@type":"ImageObject","inLanguage":"es","@id":"https:\/\/www.gridmag.com.mx\/#\/schema\/logo\/image\/","url":"","contentUrl":"","caption":"Grid Magazine"},"image":{"@id":"https:\/\/www.gridmag.com.mx\/#\/schema\/logo\/image\/"},"sameAs":["https:\/\/www.facebook.com\/gridmagazine.mx","https:\/\/www.instagram.com\/gridmagazine_mx\/","https:\/\/www.tiktok.com\/@gridmagazine.mx?_t=8gl2kVR2Aq6&_r=1","https:\/\/www.linkedin.com\/company\/grid-magazine-mx\/"]},{"@type":"Person","@id":"https:\/\/www.gridmag.com.mx\/#\/schema\/person\/284ee4151758427c3dc37dbbba5ff517","name":"Micael Parada","image":{"@type":"ImageObject","inLanguage":"es","@id":"https:\/\/www.gridmag.com.mx\/#\/schema\/person\/image\/","url":"https:\/\/secure.gravatar.com\/avatar\/4ee28d020b8df9043271f9d007db149474e34d99c6af741f30ae82499fa11faa?s=96&d=mm&r=g","contentUrl":"https:\/\/secure.gravatar.com\/avatar\/4ee28d020b8df9043271f9d007db149474e34d99c6af741f30ae82499fa11faa?s=96&d=mm&r=g","caption":"Micael Parada"},"sameAs":["https:\/\/www.instagram.com\/micaelparada\/?hl=es-la"],"url":"https:\/\/www.gridmag.com.mx\/index.php\/author\/micael-parada\/"}]}},"_links":{"self":[{"href":"https:\/\/www.gridmag.com.mx\/index.php\/wp-json\/wp\/v2\/posts\/7764","targetHints":{"allow":["GET"]}}],"collection":[{"href":"https:\/\/www.gridmag.com.mx\/index.php\/wp-json\/wp\/v2\/posts"}],"about":[{"href":"https:\/\/www.gridmag.com.mx\/index.php\/wp-json\/wp\/v2\/types\/post"}],"author":[{"embeddable":true,"href":"https:\/\/www.gridmag.com.mx\/index.php\/wp-json\/wp\/v2\/users\/6"}],"replies":[{"embeddable":true,"href":"https:\/\/www.gridmag.com.mx\/index.php\/wp-json\/wp\/v2\/comments?post=7764"}],"version-history":[{"count":3,"href":"https:\/\/www.gridmag.com.mx\/index.php\/wp-json\/wp\/v2\/posts\/7764\/revisions"}],"predecessor-version":[{"id":7775,"href":"https:\/\/www.gridmag.com.mx\/index.php\/wp-json\/wp\/v2\/posts\/7764\/revisions\/7775"}],"wp:featuredmedia":[{"embeddable":true,"href":"https:\/\/www.gridmag.com.mx\/index.php\/wp-json\/wp\/v2\/media\/7765"}],"wp:attachment":[{"href":"https:\/\/www.gridmag.com.mx\/index.php\/wp-json\/wp\/v2\/media?parent=7764"}],"wp:term":[{"taxonomy":"category","embeddable":true,"href":"https:\/\/www.gridmag.com.mx\/index.php\/wp-json\/wp\/v2\/categories?post=7764"},{"taxonomy":"post_tag","embeddable":true,"href":"https:\/\/www.gridmag.com.mx\/index.php\/wp-json\/wp\/v2\/tags?post=7764"}],"curies":[{"name":"wp","href":"https:\/\/api.w.org\/{rel}","templated":true}]}}