{"id":7808,"date":"2024-07-17T10:54:46","date_gmt":"2024-07-17T16:54:46","guid":{"rendered":"https:\/\/www.gridmag.com.mx\/?p=7808"},"modified":"2024-08-21T15:34:05","modified_gmt":"2024-08-21T21:34:05","slug":"ariles-taller-produccion-de-mobiliario-y-carpinteria-a-la-medida","status":"publish","type":"post","link":"https:\/\/www.gridmag.com.mx\/index.php\/2024\/07\/17\/ariles-taller-produccion-de-mobiliario-y-carpinteria-a-la-medida\/","title":{"rendered":"Ariles Taller | Producci\u00f3n de mobiliario y carpinter\u00eda a la medida"},"content":{"rendered":"\n<p><strong>Ariles<\/strong>, un taller en el coraz\u00f3n de la Ciudad de M\u00e9xico, se especializa en producir soluciones t\u00e9cnicas y de dise\u00f1o a trav\u00e9s de proyectos de fabricaci\u00f3n integral. En particular, nos enfocamos en el descubrimiento y la experimentaci\u00f3n de nuevas tecnolog\u00edas, explorando una amplia gama de posibilidades en materiales y procesos.<\/p>\n\n\n\n<div class=\"wp-block-columns is-layout-flex wp-container-core-columns-is-layout-9d6595d7 wp-block-columns-is-layout-flex\">\n<div class=\"wp-block-column is-layout-flow wp-block-column-is-layout-flow\">\n<figure class=\"wp-block-image size-large\"><img decoding=\"async\" width=\"683\" height=\"1024\" src=\"https:\/\/www.gridmag.com.mx\/wp-content\/uploads\/2024\/07\/ZCKZ3626-683x1024.jpg\" alt=\"Ariles Taller\" class=\"wp-image-7811\" srcset=\"https:\/\/www.gridmag.com.mx\/wp-content\/uploads\/2024\/07\/ZCKZ3626-683x1024.jpg 683w, https:\/\/www.gridmag.com.mx\/wp-content\/uploads\/2024\/07\/ZCKZ3626-200x300.jpg 200w, https:\/\/www.gridmag.com.mx\/wp-content\/uploads\/2024\/07\/ZCKZ3626-768x1152.jpg 768w, https:\/\/www.gridmag.com.mx\/wp-content\/uploads\/2024\/07\/ZCKZ3626-770x1155.jpg 770w, https:\/\/www.gridmag.com.mx\/wp-content\/uploads\/2024\/07\/ZCKZ3626.jpg 1024w\" sizes=\"(max-width: 683px) 100vw, 683px\" \/><\/figure>\n<\/div>\n\n\n\n<div class=\"wp-block-column is-layout-flow wp-block-column-is-layout-flow\">\n<figure class=\"wp-block-image size-large\"><img decoding=\"async\" width=\"683\" height=\"1024\" src=\"https:\/\/www.gridmag.com.mx\/wp-content\/uploads\/2024\/07\/ZCKZ9412-683x1024.jpg\" alt=\"\" class=\"wp-image-7812\" srcset=\"https:\/\/www.gridmag.com.mx\/wp-content\/uploads\/2024\/07\/ZCKZ9412-683x1024.jpg 683w, https:\/\/www.gridmag.com.mx\/wp-content\/uploads\/2024\/07\/ZCKZ9412-200x300.jpg 200w, https:\/\/www.gridmag.com.mx\/wp-content\/uploads\/2024\/07\/ZCKZ9412-768x1152.jpg 768w, https:\/\/www.gridmag.com.mx\/wp-content\/uploads\/2024\/07\/ZCKZ9412-770x1155.jpg 770w, https:\/\/www.gridmag.com.mx\/wp-content\/uploads\/2024\/07\/ZCKZ9412.jpg 1024w\" sizes=\"(max-width: 683px) 100vw, 683px\" \/><\/figure>\n<\/div>\n<\/div>\n\n\n\n<h2 class=\"wp-block-heading\">Fundadores visionarios: Mel Tan y Luis Flores<\/h2>\n\n\n\n<p>Hace 4 a\u00f1os, Mel Tan y Luis Flores, dise\u00f1adores y arquitectos, fundaron Ariles al darse cuenta de la necesidad de ser sus propios proveedores en un mercado que demanda especializaci\u00f3n y adaptaci\u00f3n a nuevas tecnolog\u00edas. De hecho, identificaron una brecha entre la producci\u00f3n y el dise\u00f1o de espacios que requer\u00eda procesos m\u00e1s integrales.<\/p>\n\n\n\n<div class=\"wp-block-columns is-layout-flex wp-container-core-columns-is-layout-9d6595d7 wp-block-columns-is-layout-flex\">\n<div class=\"wp-block-column is-layout-flow wp-block-column-is-layout-flow\">\n<figure class=\"wp-block-image size-large\"><img decoding=\"async\" width=\"712\" height=\"1024\" src=\"https:\/\/www.gridmag.com.mx\/wp-content\/uploads\/2024\/07\/IMG_4396-712x1024.jpg\" alt=\"\" class=\"wp-image-7813\" srcset=\"https:\/\/www.gridmag.com.mx\/wp-content\/uploads\/2024\/07\/IMG_4396-712x1024.jpg 712w, https:\/\/www.gridmag.com.mx\/wp-content\/uploads\/2024\/07\/IMG_4396-209x300.jpg 209w, https:\/\/www.gridmag.com.mx\/wp-content\/uploads\/2024\/07\/IMG_4396-768x1105.jpg 768w, https:\/\/www.gridmag.com.mx\/wp-content\/uploads\/2024\/07\/IMG_4396-770x1108.jpg 770w, https:\/\/www.gridmag.com.mx\/wp-content\/uploads\/2024\/07\/IMG_4396.jpg 1024w\" sizes=\"(max-width: 712px) 100vw, 712px\" \/><\/figure>\n<\/div>\n\n\n\n<div class=\"wp-block-column is-layout-flow wp-block-column-is-layout-flow\">\n<figure class=\"wp-block-image size-large\"><img decoding=\"async\" width=\"710\" height=\"1024\" src=\"https:\/\/www.gridmag.com.mx\/wp-content\/uploads\/2024\/07\/WAKASABI_BGAPKODA_ALTA-12-1-710x1024.jpg\" alt=\"\" class=\"wp-image-7815\" srcset=\"https:\/\/www.gridmag.com.mx\/wp-content\/uploads\/2024\/07\/WAKASABI_BGAPKODA_ALTA-12-1-710x1024.jpg 710w, https:\/\/www.gridmag.com.mx\/wp-content\/uploads\/2024\/07\/WAKASABI_BGAPKODA_ALTA-12-1-208x300.jpg 208w, https:\/\/www.gridmag.com.mx\/wp-content\/uploads\/2024\/07\/WAKASABI_BGAPKODA_ALTA-12-1-768x1108.jpg 768w, https:\/\/www.gridmag.com.mx\/wp-content\/uploads\/2024\/07\/WAKASABI_BGAPKODA_ALTA-12-1-770x1111.jpg 770w, https:\/\/www.gridmag.com.mx\/wp-content\/uploads\/2024\/07\/WAKASABI_BGAPKODA_ALTA-12-1.jpg 1024w\" sizes=\"(max-width: 710px) 100vw, 710px\" \/><\/figure>\n<\/div>\n<\/div>\n\n\n\n<h2 class=\"wp-block-heading\">Producci\u00f3n integral y calidad superior<\/h2>\n\n\n\n<p>Por esta raz\u00f3n, observaron que la fabricaci\u00f3n de carpinter\u00edas deb\u00eda hacerse a la medida y con un enfoque local para maximizar las posibilidades en arquitectura, arte y dise\u00f1o. Adem\u00e1s, capacitando a personal con experiencia, elevamos la calidad de nuestros productos y ofrecemos un servicio de detalle superior.<\/p>\n\n\n\n<figure class=\"wp-block-image size-full\"><img decoding=\"async\" width=\"1024\" height=\"683\" src=\"https:\/\/www.gridmag.com.mx\/wp-content\/uploads\/2024\/07\/477A2221.jpg\" alt=\"Ariles Taller\" class=\"wp-image-7816\" srcset=\"https:\/\/www.gridmag.com.mx\/wp-content\/uploads\/2024\/07\/477A2221.jpg 1024w, https:\/\/www.gridmag.com.mx\/wp-content\/uploads\/2024\/07\/477A2221-300x200.jpg 300w, https:\/\/www.gridmag.com.mx\/wp-content\/uploads\/2024\/07\/477A2221-768x512.jpg 768w, https:\/\/www.gridmag.com.mx\/wp-content\/uploads\/2024\/07\/477A2221-360x240.jpg 360w, https:\/\/www.gridmag.com.mx\/wp-content\/uploads\/2024\/07\/477A2221-720x480.jpg 720w, https:\/\/www.gridmag.com.mx\/wp-content\/uploads\/2024\/07\/477A2221-770x514.jpg 770w\" sizes=\"(max-width: 1024px) 100vw, 1024px\" \/><\/figure>\n\n\n\n<div style=\"height:10px\" aria-hidden=\"true\" class=\"wp-block-spacer\"><\/div>\n\n\n\n<p>Hemos exhibido nuestro trabajo en <strong>Design Week Mexico<\/strong> y colaborado con oficinas de arquitectura y dise\u00f1o de alta gama a nivel nacional e internacional. En consecuencia, nuestra especializaci\u00f3n en un sector poco explorado nos ha permitido experimentar con procesos y m\u00e9todos de trabajo.<\/p>\n\n\n\n<figure class=\"wp-block-image size-full\"><img decoding=\"async\" width=\"1024\" height=\"683\" src=\"https:\/\/www.gridmag.com.mx\/wp-content\/uploads\/2024\/07\/IMG_9128.jpg\" alt=\"\" class=\"wp-image-7817\" srcset=\"https:\/\/www.gridmag.com.mx\/wp-content\/uploads\/2024\/07\/IMG_9128.jpg 1024w, https:\/\/www.gridmag.com.mx\/wp-content\/uploads\/2024\/07\/IMG_9128-300x200.jpg 300w, https:\/\/www.gridmag.com.mx\/wp-content\/uploads\/2024\/07\/IMG_9128-768x512.jpg 768w, https:\/\/www.gridmag.com.mx\/wp-content\/uploads\/2024\/07\/IMG_9128-360x240.jpg 360w, https:\/\/www.gridmag.com.mx\/wp-content\/uploads\/2024\/07\/IMG_9128-720x480.jpg 720w, https:\/\/www.gridmag.com.mx\/wp-content\/uploads\/2024\/07\/IMG_9128-770x514.jpg 770w\" sizes=\"(max-width: 1024px) 100vw, 1024px\" \/><\/figure>\n\n\n\n<div style=\"height:10px\" aria-hidden=\"true\" class=\"wp-block-spacer\"><\/div>\n\n\n\n<p>ARILES TALLER<br>IG <a href=\"https:\/\/www.instagram.com\/ariles_taller\/?hl=es\">@ariles_taller<\/a><br>Fundadores: Mel Tan y Luis Flores<br>Ubicaci\u00f3n: vesta, colonia guerrero, cdmx<br>Fotos: @<a href=\"https:\/\/www.instagram.com\/zaickz.moz\/?hl=es#\">zaickz.moz<\/a><\/p>\n","protected":false},"excerpt":{"rendered":"<p>Ariles, un taller en el coraz\u00f3n de la Ciudad de M\u00e9xico, se especializa en producir soluciones t\u00e9cnicas y de dise\u00f1o a trav\u00e9s de proyectos de fabricaci\u00f3n integral. En particular, nos enfocamos en el descubrimiento y la experimentaci\u00f3n de nuevas tecnolog\u00edas, explorando una amplia gama de posibilidades en materiales y procesos. Fundadores visionarios: Mel Tan y Luis Flores Hace 4 a\u00f1os, Mel Tan y Luis Flores, dise\u00f1adores y arquitectos, fundaron Ariles al darse cuenta de la necesidad de ser sus propios [&hellip;]<\/p>\n","protected":false},"author":1,"featured_media":7809,"comment_status":"open","ping_status":"open","sticky":false,"template":"","format":"standard","meta":{"footnotes":""},"categories":[55],"tags":[],"class_list":["post-7808","post","type-post","status-publish","format-standard","has-post-thumbnail","hentry","category-creativos"],"yoast_head":"<!-- This site is optimized with the Yoast SEO plugin v27.0 - https:\/\/yoast.com\/product\/yoast-seo-wordpress\/ -->\n<title>Ariles Taller | Producci\u00f3n de mobiliario y carpinter\u00eda a la medida | Grid Magazine<\/title>\n<meta name=\"description\" content=\"Ariles Taller expertos en soluciones t\u00e9cnicas y de dise\u00f1o en mobiliario y carpinter\u00eda personalizada. Con sede en CDMX.\" \/>\n<meta name=\"robots\" content=\"index, follow, max-snippet:-1, max-image-preview:large, max-video-preview:-1\" \/>\n<link rel=\"canonical\" href=\"https:\/\/www.gridmag.com.mx\/index.php\/2024\/07\/17\/ariles-taller-produccion-de-mobiliario-y-carpinteria-a-la-medida\/\" \/>\n<meta property=\"og:locale\" content=\"es_MX\" \/>\n<meta property=\"og:type\" content=\"article\" \/>\n<meta property=\"og:title\" content=\"Ariles Taller | Producci\u00f3n de mobiliario y carpinter\u00eda a la medida | Grid Magazine\" \/>\n<meta property=\"og:description\" content=\"Ariles Taller expertos en soluciones t\u00e9cnicas y de dise\u00f1o en mobiliario y carpinter\u00eda personalizada. Con sede en CDMX.\" \/>\n<meta property=\"og:url\" content=\"https:\/\/www.gridmag.com.mx\/index.php\/2024\/07\/17\/ariles-taller-produccion-de-mobiliario-y-carpinteria-a-la-medida\/\" \/>\n<meta property=\"og:site_name\" content=\"Grid Magazine\" \/>\n<meta property=\"article:publisher\" content=\"https:\/\/www.facebook.com\/gridmagazine.mx\" \/>\n<meta property=\"article:published_time\" content=\"2024-07-17T16:54:46+00:00\" \/>\n<meta property=\"article:modified_time\" content=\"2024-08-21T21:34:05+00:00\" \/>\n<meta property=\"og:image\" content=\"https:\/\/www.gridmag.com.mx\/wp-content\/uploads\/2024\/07\/ZCKZ3639.jpg\" \/>\n\t<meta property=\"og:image:width\" content=\"1024\" \/>\n\t<meta property=\"og:image:height\" content=\"575\" \/>\n\t<meta property=\"og:image:type\" content=\"image\/jpeg\" \/>\n<meta name=\"author\" content=\"Grid Magazine\" \/>\n<meta name=\"twitter:card\" content=\"summary_large_image\" \/>\n<meta name=\"twitter:label1\" content=\"Escrito por\" \/>\n\t<meta name=\"twitter:data1\" content=\"Grid Magazine\" \/>\n\t<meta name=\"twitter:label2\" content=\"Tiempo de lectura\" \/>\n\t<meta name=\"twitter:data2\" content=\"3 minutos\" \/>\n<script type=\"application\/ld+json\" class=\"yoast-schema-graph\">{\"@context\":\"https:\/\/schema.org\",\"@graph\":[{\"@type\":\"Article\",\"@id\":\"https:\/\/www.gridmag.com.mx\/index.php\/2024\/07\/17\/ariles-taller-produccion-de-mobiliario-y-carpinteria-a-la-medida\/#article\",\"isPartOf\":{\"@id\":\"https:\/\/www.gridmag.com.mx\/index.php\/2024\/07\/17\/ariles-taller-produccion-de-mobiliario-y-carpinteria-a-la-medida\/\"},\"author\":{\"name\":\"Grid Magazine\",\"@id\":\"https:\/\/www.gridmag.com.mx\/#\/schema\/person\/d54cddc75e2ecfe4a55e39c0336ae932\"},\"headline\":\"Ariles Taller | Producci\u00f3n de mobiliario y carpinter\u00eda a la medida\",\"datePublished\":\"2024-07-17T16:54:46+00:00\",\"dateModified\":\"2024-08-21T21:34:05+00:00\",\"mainEntityOfPage\":{\"@id\":\"https:\/\/www.gridmag.com.mx\/index.php\/2024\/07\/17\/ariles-taller-produccion-de-mobiliario-y-carpinteria-a-la-medida\/\"},\"wordCount\":260,\"commentCount\":0,\"publisher\":{\"@id\":\"https:\/\/www.gridmag.com.mx\/#organization\"},\"image\":{\"@id\":\"https:\/\/www.gridmag.com.mx\/index.php\/2024\/07\/17\/ariles-taller-produccion-de-mobiliario-y-carpinteria-a-la-medida\/#primaryimage\"},\"thumbnailUrl\":\"https:\/\/www.gridmag.com.mx\/wp-content\/uploads\/2024\/07\/ZCKZ3639.jpg\",\"articleSection\":[\"Creativos\"],\"inLanguage\":\"es\",\"potentialAction\":[{\"@type\":\"CommentAction\",\"name\":\"Comment\",\"target\":[\"https:\/\/www.gridmag.com.mx\/index.php\/2024\/07\/17\/ariles-taller-produccion-de-mobiliario-y-carpinteria-a-la-medida\/#respond\"]}]},{\"@type\":\"WebPage\",\"@id\":\"https:\/\/www.gridmag.com.mx\/index.php\/2024\/07\/17\/ariles-taller-produccion-de-mobiliario-y-carpinteria-a-la-medida\/\",\"url\":\"https:\/\/www.gridmag.com.mx\/index.php\/2024\/07\/17\/ariles-taller-produccion-de-mobiliario-y-carpinteria-a-la-medida\/\",\"name\":\"Ariles Taller | Producci\u00f3n de mobiliario y carpinter\u00eda a la medida | Grid Magazine\",\"isPartOf\":{\"@id\":\"https:\/\/www.gridmag.com.mx\/#website\"},\"primaryImageOfPage\":{\"@id\":\"https:\/\/www.gridmag.com.mx\/index.php\/2024\/07\/17\/ariles-taller-produccion-de-mobiliario-y-carpinteria-a-la-medida\/#primaryimage\"},\"image\":{\"@id\":\"https:\/\/www.gridmag.com.mx\/index.php\/2024\/07\/17\/ariles-taller-produccion-de-mobiliario-y-carpinteria-a-la-medida\/#primaryimage\"},\"thumbnailUrl\":\"https:\/\/www.gridmag.com.mx\/wp-content\/uploads\/2024\/07\/ZCKZ3639.jpg\",\"datePublished\":\"2024-07-17T16:54:46+00:00\",\"dateModified\":\"2024-08-21T21:34:05+00:00\",\"description\":\"Ariles Taller expertos en soluciones t\u00e9cnicas y de dise\u00f1o en mobiliario y carpinter\u00eda personalizada. Con sede en CDMX.\",\"breadcrumb\":{\"@id\":\"https:\/\/www.gridmag.com.mx\/index.php\/2024\/07\/17\/ariles-taller-produccion-de-mobiliario-y-carpinteria-a-la-medida\/#breadcrumb\"},\"inLanguage\":\"es\",\"potentialAction\":[{\"@type\":\"ReadAction\",\"target\":[\"https:\/\/www.gridmag.com.mx\/index.php\/2024\/07\/17\/ariles-taller-produccion-de-mobiliario-y-carpinteria-a-la-medida\/\"]}]},{\"@type\":\"ImageObject\",\"inLanguage\":\"es\",\"@id\":\"https:\/\/www.gridmag.com.mx\/index.php\/2024\/07\/17\/ariles-taller-produccion-de-mobiliario-y-carpinteria-a-la-medida\/#primaryimage\",\"url\":\"https:\/\/www.gridmag.com.mx\/wp-content\/uploads\/2024\/07\/ZCKZ3639.jpg\",\"contentUrl\":\"https:\/\/www.gridmag.com.mx\/wp-content\/uploads\/2024\/07\/ZCKZ3639.jpg\",\"width\":1024,\"height\":575},{\"@type\":\"BreadcrumbList\",\"@id\":\"https:\/\/www.gridmag.com.mx\/index.php\/2024\/07\/17\/ariles-taller-produccion-de-mobiliario-y-carpinteria-a-la-medida\/#breadcrumb\",\"itemListElement\":[{\"@type\":\"ListItem\",\"position\":1,\"name\":\"Inicio\",\"item\":\"https:\/\/www.gridmag.com.mx\/\"},{\"@type\":\"ListItem\",\"position\":2,\"name\":\"Ariles Taller | Producci\u00f3n de mobiliario y carpinter\u00eda a la medida\"}]},{\"@type\":\"WebSite\",\"@id\":\"https:\/\/www.gridmag.com.mx\/#website\",\"url\":\"https:\/\/www.gridmag.com.mx\/\",\"name\":\"Grid Magazine\",\"description\":\"Compartiendo lo mejor de la arquitectura y dise\u00f1o mexicano.\",\"publisher\":{\"@id\":\"https:\/\/www.gridmag.com.mx\/#organization\"},\"potentialAction\":[{\"@type\":\"SearchAction\",\"target\":{\"@type\":\"EntryPoint\",\"urlTemplate\":\"https:\/\/www.gridmag.com.mx\/?s={search_term_string}\"},\"query-input\":{\"@type\":\"PropertyValueSpecification\",\"valueRequired\":true,\"valueName\":\"search_term_string\"}}],\"inLanguage\":\"es\"},{\"@type\":\"Organization\",\"@id\":\"https:\/\/www.gridmag.com.mx\/#organization\",\"name\":\"Grid Magazine\",\"url\":\"https:\/\/www.gridmag.com.mx\/\",\"logo\":{\"@type\":\"ImageObject\",\"inLanguage\":\"es\",\"@id\":\"https:\/\/www.gridmag.com.mx\/#\/schema\/logo\/image\/\",\"url\":\"\",\"contentUrl\":\"\",\"caption\":\"Grid Magazine\"},\"image\":{\"@id\":\"https:\/\/www.gridmag.com.mx\/#\/schema\/logo\/image\/\"},\"sameAs\":[\"https:\/\/www.facebook.com\/gridmagazine.mx\",\"https:\/\/www.instagram.com\/gridmagazine_mx\/\",\"https:\/\/www.tiktok.com\/@gridmagazine.mx?_t=8gl2kVR2Aq6&_r=1\",\"https:\/\/www.linkedin.com\/company\/grid-magazine-mx\/\"]},{\"@type\":\"Person\",\"@id\":\"https:\/\/www.gridmag.com.mx\/#\/schema\/person\/d54cddc75e2ecfe4a55e39c0336ae932\",\"name\":\"Grid Magazine\",\"image\":{\"@type\":\"ImageObject\",\"inLanguage\":\"es\",\"@id\":\"https:\/\/www.gridmag.com.mx\/#\/schema\/person\/image\/\",\"url\":\"https:\/\/secure.gravatar.com\/avatar\/8e4bd50943002dd6ee9db30e5af749244f3e21206a99c4fb42429117eaacfc83?s=96&d=mm&r=g\",\"contentUrl\":\"https:\/\/secure.gravatar.com\/avatar\/8e4bd50943002dd6ee9db30e5af749244f3e21206a99c4fb42429117eaacfc83?s=96&d=mm&r=g\",\"caption\":\"Grid Magazine\"},\"sameAs\":[\"https:\/\/www.gridmag.com.mx\"],\"url\":\"https:\/\/www.gridmag.com.mx\/index.php\/author\/grid-magazine-arq\/\"}]}<\/script>\n<!-- \/ Yoast SEO plugin. -->","yoast_head_json":{"title":"Ariles Taller | Producci\u00f3n de mobiliario y carpinter\u00eda a la medida | Grid Magazine","description":"Ariles Taller expertos en soluciones t\u00e9cnicas y de dise\u00f1o en mobiliario y carpinter\u00eda personalizada. Con sede en CDMX.","robots":{"index":"index","follow":"follow","max-snippet":"max-snippet:-1","max-image-preview":"max-image-preview:large","max-video-preview":"max-video-preview:-1"},"canonical":"https:\/\/www.gridmag.com.mx\/index.php\/2024\/07\/17\/ariles-taller-produccion-de-mobiliario-y-carpinteria-a-la-medida\/","og_locale":"es_MX","og_type":"article","og_title":"Ariles Taller | Producci\u00f3n de mobiliario y carpinter\u00eda a la medida | Grid Magazine","og_description":"Ariles Taller expertos en soluciones t\u00e9cnicas y de dise\u00f1o en mobiliario y carpinter\u00eda personalizada. Con sede en CDMX.","og_url":"https:\/\/www.gridmag.com.mx\/index.php\/2024\/07\/17\/ariles-taller-produccion-de-mobiliario-y-carpinteria-a-la-medida\/","og_site_name":"Grid Magazine","article_publisher":"https:\/\/www.facebook.com\/gridmagazine.mx","article_published_time":"2024-07-17T16:54:46+00:00","article_modified_time":"2024-08-21T21:34:05+00:00","og_image":[{"width":1024,"height":575,"url":"https:\/\/www.gridmag.com.mx\/wp-content\/uploads\/2024\/07\/ZCKZ3639.jpg","type":"image\/jpeg"}],"author":"Grid Magazine","twitter_card":"summary_large_image","twitter_misc":{"Escrito por":"Grid Magazine","Tiempo de lectura":"3 minutos"},"schema":{"@context":"https:\/\/schema.org","@graph":[{"@type":"Article","@id":"https:\/\/www.gridmag.com.mx\/index.php\/2024\/07\/17\/ariles-taller-produccion-de-mobiliario-y-carpinteria-a-la-medida\/#article","isPartOf":{"@id":"https:\/\/www.gridmag.com.mx\/index.php\/2024\/07\/17\/ariles-taller-produccion-de-mobiliario-y-carpinteria-a-la-medida\/"},"author":{"name":"Grid Magazine","@id":"https:\/\/www.gridmag.com.mx\/#\/schema\/person\/d54cddc75e2ecfe4a55e39c0336ae932"},"headline":"Ariles Taller | Producci\u00f3n de mobiliario y carpinter\u00eda a la medida","datePublished":"2024-07-17T16:54:46+00:00","dateModified":"2024-08-21T21:34:05+00:00","mainEntityOfPage":{"@id":"https:\/\/www.gridmag.com.mx\/index.php\/2024\/07\/17\/ariles-taller-produccion-de-mobiliario-y-carpinteria-a-la-medida\/"},"wordCount":260,"commentCount":0,"publisher":{"@id":"https:\/\/www.gridmag.com.mx\/#organization"},"image":{"@id":"https:\/\/www.gridmag.com.mx\/index.php\/2024\/07\/17\/ariles-taller-produccion-de-mobiliario-y-carpinteria-a-la-medida\/#primaryimage"},"thumbnailUrl":"https:\/\/www.gridmag.com.mx\/wp-content\/uploads\/2024\/07\/ZCKZ3639.jpg","articleSection":["Creativos"],"inLanguage":"es","potentialAction":[{"@type":"CommentAction","name":"Comment","target":["https:\/\/www.gridmag.com.mx\/index.php\/2024\/07\/17\/ariles-taller-produccion-de-mobiliario-y-carpinteria-a-la-medida\/#respond"]}]},{"@type":"WebPage","@id":"https:\/\/www.gridmag.com.mx\/index.php\/2024\/07\/17\/ariles-taller-produccion-de-mobiliario-y-carpinteria-a-la-medida\/","url":"https:\/\/www.gridmag.com.mx\/index.php\/2024\/07\/17\/ariles-taller-produccion-de-mobiliario-y-carpinteria-a-la-medida\/","name":"Ariles Taller | Producci\u00f3n de mobiliario y carpinter\u00eda a la medida | Grid Magazine","isPartOf":{"@id":"https:\/\/www.gridmag.com.mx\/#website"},"primaryImageOfPage":{"@id":"https:\/\/www.gridmag.com.mx\/index.php\/2024\/07\/17\/ariles-taller-produccion-de-mobiliario-y-carpinteria-a-la-medida\/#primaryimage"},"image":{"@id":"https:\/\/www.gridmag.com.mx\/index.php\/2024\/07\/17\/ariles-taller-produccion-de-mobiliario-y-carpinteria-a-la-medida\/#primaryimage"},"thumbnailUrl":"https:\/\/www.gridmag.com.mx\/wp-content\/uploads\/2024\/07\/ZCKZ3639.jpg","datePublished":"2024-07-17T16:54:46+00:00","dateModified":"2024-08-21T21:34:05+00:00","description":"Ariles Taller expertos en soluciones t\u00e9cnicas y de dise\u00f1o en mobiliario y carpinter\u00eda personalizada. Con sede en CDMX.","breadcrumb":{"@id":"https:\/\/www.gridmag.com.mx\/index.php\/2024\/07\/17\/ariles-taller-produccion-de-mobiliario-y-carpinteria-a-la-medida\/#breadcrumb"},"inLanguage":"es","potentialAction":[{"@type":"ReadAction","target":["https:\/\/www.gridmag.com.mx\/index.php\/2024\/07\/17\/ariles-taller-produccion-de-mobiliario-y-carpinteria-a-la-medida\/"]}]},{"@type":"ImageObject","inLanguage":"es","@id":"https:\/\/www.gridmag.com.mx\/index.php\/2024\/07\/17\/ariles-taller-produccion-de-mobiliario-y-carpinteria-a-la-medida\/#primaryimage","url":"https:\/\/www.gridmag.com.mx\/wp-content\/uploads\/2024\/07\/ZCKZ3639.jpg","contentUrl":"https:\/\/www.gridmag.com.mx\/wp-content\/uploads\/2024\/07\/ZCKZ3639.jpg","width":1024,"height":575},{"@type":"BreadcrumbList","@id":"https:\/\/www.gridmag.com.mx\/index.php\/2024\/07\/17\/ariles-taller-produccion-de-mobiliario-y-carpinteria-a-la-medida\/#breadcrumb","itemListElement":[{"@type":"ListItem","position":1,"name":"Inicio","item":"https:\/\/www.gridmag.com.mx\/"},{"@type":"ListItem","position":2,"name":"Ariles Taller | Producci\u00f3n de mobiliario y carpinter\u00eda a la medida"}]},{"@type":"WebSite","@id":"https:\/\/www.gridmag.com.mx\/#website","url":"https:\/\/www.gridmag.com.mx\/","name":"Grid Magazine","description":"Compartiendo lo mejor de la arquitectura y dise\u00f1o mexicano.","publisher":{"@id":"https:\/\/www.gridmag.com.mx\/#organization"},"potentialAction":[{"@type":"SearchAction","target":{"@type":"EntryPoint","urlTemplate":"https:\/\/www.gridmag.com.mx\/?s={search_term_string}"},"query-input":{"@type":"PropertyValueSpecification","valueRequired":true,"valueName":"search_term_string"}}],"inLanguage":"es"},{"@type":"Organization","@id":"https:\/\/www.gridmag.com.mx\/#organization","name":"Grid Magazine","url":"https:\/\/www.gridmag.com.mx\/","logo":{"@type":"ImageObject","inLanguage":"es","@id":"https:\/\/www.gridmag.com.mx\/#\/schema\/logo\/image\/","url":"","contentUrl":"","caption":"Grid Magazine"},"image":{"@id":"https:\/\/www.gridmag.com.mx\/#\/schema\/logo\/image\/"},"sameAs":["https:\/\/www.facebook.com\/gridmagazine.mx","https:\/\/www.instagram.com\/gridmagazine_mx\/","https:\/\/www.tiktok.com\/@gridmagazine.mx?_t=8gl2kVR2Aq6&_r=1","https:\/\/www.linkedin.com\/company\/grid-magazine-mx\/"]},{"@type":"Person","@id":"https:\/\/www.gridmag.com.mx\/#\/schema\/person\/d54cddc75e2ecfe4a55e39c0336ae932","name":"Grid Magazine","image":{"@type":"ImageObject","inLanguage":"es","@id":"https:\/\/www.gridmag.com.mx\/#\/schema\/person\/image\/","url":"https:\/\/secure.gravatar.com\/avatar\/8e4bd50943002dd6ee9db30e5af749244f3e21206a99c4fb42429117eaacfc83?s=96&d=mm&r=g","contentUrl":"https:\/\/secure.gravatar.com\/avatar\/8e4bd50943002dd6ee9db30e5af749244f3e21206a99c4fb42429117eaacfc83?s=96&d=mm&r=g","caption":"Grid Magazine"},"sameAs":["https:\/\/www.gridmag.com.mx"],"url":"https:\/\/www.gridmag.com.mx\/index.php\/author\/grid-magazine-arq\/"}]}},"_links":{"self":[{"href":"https:\/\/www.gridmag.com.mx\/index.php\/wp-json\/wp\/v2\/posts\/7808","targetHints":{"allow":["GET"]}}],"collection":[{"href":"https:\/\/www.gridmag.com.mx\/index.php\/wp-json\/wp\/v2\/posts"}],"about":[{"href":"https:\/\/www.gridmag.com.mx\/index.php\/wp-json\/wp\/v2\/types\/post"}],"author":[{"embeddable":true,"href":"https:\/\/www.gridmag.com.mx\/index.php\/wp-json\/wp\/v2\/users\/1"}],"replies":[{"embeddable":true,"href":"https:\/\/www.gridmag.com.mx\/index.php\/wp-json\/wp\/v2\/comments?post=7808"}],"version-history":[{"count":4,"href":"https:\/\/www.gridmag.com.mx\/index.php\/wp-json\/wp\/v2\/posts\/7808\/revisions"}],"predecessor-version":[{"id":8045,"href":"https:\/\/www.gridmag.com.mx\/index.php\/wp-json\/wp\/v2\/posts\/7808\/revisions\/8045"}],"wp:featuredmedia":[{"embeddable":true,"href":"https:\/\/www.gridmag.com.mx\/index.php\/wp-json\/wp\/v2\/media\/7809"}],"wp:attachment":[{"href":"https:\/\/www.gridmag.com.mx\/index.php\/wp-json\/wp\/v2\/media?parent=7808"}],"wp:term":[{"taxonomy":"category","embeddable":true,"href":"https:\/\/www.gridmag.com.mx\/index.php\/wp-json\/wp\/v2\/categories?post=7808"},{"taxonomy":"post_tag","embeddable":true,"href":"https:\/\/www.gridmag.com.mx\/index.php\/wp-json\/wp\/v2\/tags?post=7808"}],"curies":[{"name":"wp","href":"https:\/\/api.w.org\/{rel}","templated":true}]}}