{"id":8132,"date":"2024-08-30T09:48:38","date_gmt":"2024-08-30T15:48:38","guid":{"rendered":"https:\/\/www.gridmag.com.mx\/?p=8132"},"modified":"2024-09-02T13:46:55","modified_gmt":"2024-09-02T19:46:55","slug":"50-anos-de-la-carrera-de-arquitectura-en-la-uaa-celebracion-y-reflexion","status":"publish","type":"post","link":"https:\/\/www.gridmag.com.mx\/index.php\/2024\/08\/30\/50-anos-de-la-carrera-de-arquitectura-en-la-uaa-celebracion-y-reflexion\/","title":{"rendered":"50 A\u00f1os de la Carrera de Arquitectura en la UAA | Celebraci\u00f3n y Reflexi\u00f3n"},"content":{"rendered":"\n<p>La<strong> Universidad Aut\u00f3noma de Aguascalientes (UAA)<\/strong> se prepara para conmemorar medio siglo de su carrera de Arquitectura, un evento que reunir\u00e1 a estudiantes, exalumnos, profesores y reconocidos arquitectos de todo M\u00e9xico. Del <strong>2 al 6 de septiembre de 2024,<\/strong> la Facultad de Arquitectura de la UAA llevar\u00e1 a cabo una serie de actividades dise\u00f1adas para celebrar su legado, compartir conocimientos y fortalecer los lazos de la comunidad arquitect\u00f3nica.<\/p>\n\n\n\n<figure class=\"wp-block-image size-large\"><img decoding=\"async\" width=\"1024\" height=\"681\" src=\"https:\/\/www.gridmag.com.mx\/wp-content\/uploads\/2024\/08\/Trabajos-finales-arquitectura-9-scaled-1-1024x681.jpg\" alt=\"\" class=\"wp-image-8134\" srcset=\"https:\/\/www.gridmag.com.mx\/wp-content\/uploads\/2024\/08\/Trabajos-finales-arquitectura-9-scaled-1-1024x681.jpg 1024w, https:\/\/www.gridmag.com.mx\/wp-content\/uploads\/2024\/08\/Trabajos-finales-arquitectura-9-scaled-1-300x199.jpg 300w, https:\/\/www.gridmag.com.mx\/wp-content\/uploads\/2024\/08\/Trabajos-finales-arquitectura-9-scaled-1-768x511.jpg 768w, https:\/\/www.gridmag.com.mx\/wp-content\/uploads\/2024\/08\/Trabajos-finales-arquitectura-9-scaled-1-1536x1021.jpg 1536w, https:\/\/www.gridmag.com.mx\/wp-content\/uploads\/2024\/08\/Trabajos-finales-arquitectura-9-scaled-1-2048x1362.jpg 2048w, https:\/\/www.gridmag.com.mx\/wp-content\/uploads\/2024\/08\/Trabajos-finales-arquitectura-9-scaled-1-360x240.jpg 360w, https:\/\/www.gridmag.com.mx\/wp-content\/uploads\/2024\/08\/Trabajos-finales-arquitectura-9-scaled-1-720x480.jpg 720w, https:\/\/www.gridmag.com.mx\/wp-content\/uploads\/2024\/08\/Trabajos-finales-arquitectura-9-scaled-1-770x512.jpg 770w, https:\/\/www.gridmag.com.mx\/wp-content\/uploads\/2024\/08\/Trabajos-finales-arquitectura-9-scaled-1-1400x931.jpg 1400w\" sizes=\"(max-width: 1024px) 100vw, 1024px\" \/><\/figure>\n\n\n\n<h2 class=\"wp-block-heading\">Inauguraci\u00f3n y Conferencias Magistrales<\/h2>\n\n\n\n<p>El evento dar\u00e1 inicio el 2 de septiembre a las 16:00 hrs con una ceremonia de inauguraci\u00f3n en el Auditorio Dr. Pedro de Alba, situada en el campus central de la UAA. Esta ceremonia marcar\u00e1 el comienzo de una serie de conferencias magistrales que reunir\u00e1n a figuras destacadas de la arquitectura. El <strong>Arq. Javier Mu\u00f1o<\/strong>z, conocido por su enfoque innovador en el dise\u00f1o sustentable, ser\u00e1 el encargado de la primera conferencia a las 18:00 hrs. Este ser\u00e1 un espacio para reflexionar sobre las tendencias actuales y futuras en la arquitectura.<\/p>\n\n\n\n<p>El 3 de septiembre, el <strong>Arq. F\u00e9lix S\u00e1nchez y el Arq. Alejandro Rivadeneira<\/strong> continuar\u00e1n con el ciclo de conferencias, aportando su vasta experiencia en el dise\u00f1o urbano y la arquitectura contempor\u00e1nea. Estos arquitectos reconocidos discutir\u00e1n los desaf\u00edos y oportunidades que enfrenta la profesi\u00f3n en un mundo en constante cambio.<\/p>\n\n\n\n<figure class=\"wp-block-image size-large\"><img decoding=\"async\" width=\"1024\" height=\"809\" src=\"https:\/\/www.gridmag.com.mx\/wp-content\/uploads\/2024\/08\/RetratoFelixSanchez_fotoDuilioRodriguez\u25a10002Glocal-1024x809.jpg\" alt=\"\" class=\"wp-image-8135\" srcset=\"https:\/\/www.gridmag.com.mx\/wp-content\/uploads\/2024\/08\/RetratoFelixSanchez_fotoDuilioRodriguez\u25a10002Glocal-1024x809.jpg 1024w, https:\/\/www.gridmag.com.mx\/wp-content\/uploads\/2024\/08\/RetratoFelixSanchez_fotoDuilioRodriguez\u25a10002Glocal-300x237.jpg 300w, https:\/\/www.gridmag.com.mx\/wp-content\/uploads\/2024\/08\/RetratoFelixSanchez_fotoDuilioRodriguez\u25a10002Glocal-768x607.jpg 768w, https:\/\/www.gridmag.com.mx\/wp-content\/uploads\/2024\/08\/RetratoFelixSanchez_fotoDuilioRodriguez\u25a10002Glocal-1536x1213.jpg 1536w, https:\/\/www.gridmag.com.mx\/wp-content\/uploads\/2024\/08\/RetratoFelixSanchez_fotoDuilioRodriguez\u25a10002Glocal-2048x1618.jpg 2048w, https:\/\/www.gridmag.com.mx\/wp-content\/uploads\/2024\/08\/RetratoFelixSanchez_fotoDuilioRodriguez\u25a10002Glocal-770x608.jpg 770w, https:\/\/www.gridmag.com.mx\/wp-content\/uploads\/2024\/08\/RetratoFelixSanchez_fotoDuilioRodriguez\u25a10002Glocal-1400x1106.jpg 1400w, https:\/\/www.gridmag.com.mx\/wp-content\/uploads\/2024\/08\/RetratoFelixSanchez_fotoDuilioRodriguez\u25a10002Glocal-379x300.jpg 379w, https:\/\/www.gridmag.com.mx\/wp-content\/uploads\/2024\/08\/RetratoFelixSanchez_fotoDuilioRodriguez\u25a10002Glocal-759x600.jpg 759w\" sizes=\"(max-width: 1024px) 100vw, 1024px\" \/><\/figure>\n\n\n\n<h2 class=\"wp-block-heading\">Talleres con Maestros del Dise\u00f1o<\/h2>\n\n\n\n<p>Una de las actividades m\u00e1s esperadas del evento es el <strong>Taller L,<\/strong> que se llevar\u00e1 a cabo del 3 al 6 de septiembre en el edificio Space Maker de la Unidad de Estudios de Ingenier\u00eda e Innovaci\u00f3n (UDII). Este taller contar\u00e1 con la participaci\u00f3n de los arquitectos <strong>Javier Mu\u00f1oz, Isaac Broid, F\u00e9lix S\u00e1nchez y Alejandro Rivadeneira<\/strong>, quienes guiar\u00e1n a los asistentes a trav\u00e9s de un proceso de dise\u00f1o colaborativo, abordando temas como la sostenibilidad, la innovaci\u00f3n y la responsabilidad social en la arquitectura. El taller ofrecer\u00e1 una oportunidad \u00fanica para aprender de los mejores en la industria y aplicar sus conocimientos en proyectos pr\u00e1cticos.<\/p>\n\n\n\n<h2 class=\"wp-block-heading\">Exposiciones y Encuentros de la Comunidad Arquitect\u00f3nica<\/h2>\n\n\n\n<p>El 3 de septiembre a las 18:00 hrs, se inaugurar\u00e1 la exposici\u00f3n <strong>&#8220;50 A\u00f1os de Arquitectura UAA&#8221; <\/strong>en el vest\u00edbulo de la Infoteca de la UAA. Esta muestra destacar\u00e1 los logros m\u00e1s importantes de la facultad a lo largo de sus cinco d\u00e9cadas de existencia, desde sus primeras generaciones hasta los proyectos m\u00e1s recientes de sus estudiantes y egresados.<\/p>\n\n\n\n<p>Adem\u00e1s, habr\u00e1 m\u00faltiples <strong>Arqui Talks,<\/strong> sesiones interactivas con exalumnos de la carrera, que tendr\u00e1n lugar del 3 al 5 de septiembre en el Auditorio T. Ch\u00e1vez. Estas charlas ofrecer\u00e1n una plataforma para compartir experiencias, discutir tendencias actuales y explorar el futuro de la arquitectura en un entorno informal y colaborativo.<\/p>\n\n\n\n<h2 class=\"wp-block-heading\">Conversatorios y Cenas de Gala<\/h2>\n\n\n\n<p>El programa tambi\u00e9n incluye una serie de conversatorios que permitir\u00e1n a los asistentes escuchar las voces de los profesores fundadores y de la primera planta docente de la UAA, as\u00ed como de maestros jubilados y exalumnos de las primeras generaciones. Estos encuentros, que se llevar\u00e1n a cabo el <strong>4 y 5 de septiembre<\/strong>, proporcionar\u00e1n una perspectiva hist\u00f3rica y un espacio para reflexionar sobre el impacto de la UAA en el \u00e1mbito de la arquitectura en M\u00e9xico.<\/p>\n\n\n\n<p>El evento culminar\u00e1 con una <strong>cena de gala el 6 de septiembre en el Foro 3C,<\/strong> un espacio dise\u00f1ado para celebrar los logros pasados y futuros de la facultad en un ambiente festivo.<\/p>\n\n\n\n<h2 class=\"wp-block-heading\">Reflexi\u00f3n y Futuro<\/h2>\n\n\n\n<p>La celebraci\u00f3n de los 50 a\u00f1os de la carrera de Arquitectura en la UAA no solo es un momento para mirar hacia atr\u00e1s y celebrar los logros alcanzados, sino tambi\u00e9n para mirar hacia el futuro. Con actividades que abarcan desde talleres y exposiciones hasta conferencias y reuniones de la comunidad, este evento promete ser un hito en la historia de la facultad, fomentando la creatividad, el aprendizaje y la colaboraci\u00f3n entre todos los miembros de la comunidad arquitect\u00f3nica.<\/p>\n\n\n\n<p>Este aniversario es una oportunidad para que estudiantes, exalumnos, profesores y profesionales se re\u00fanan, compartan experiencias y contin\u00faen construyendo el legado de la UAA en el mundo de la arquitectura.<\/p>\n\n\n\n<figure class=\"wp-block-image size-large\"><img decoding=\"async\" width=\"1024\" height=\"1024\" src=\"https:\/\/www.gridmag.com.mx\/wp-content\/uploads\/2024\/08\/Imagen-de-WhatsApp-2024-08-14-a-las-15.51.50_022bf0df-1024x1024.jpg\" alt=\"\" class=\"wp-image-8136\" srcset=\"https:\/\/www.gridmag.com.mx\/wp-content\/uploads\/2024\/08\/Imagen-de-WhatsApp-2024-08-14-a-las-15.51.50_022bf0df-1024x1024.jpg 1024w, https:\/\/www.gridmag.com.mx\/wp-content\/uploads\/2024\/08\/Imagen-de-WhatsApp-2024-08-14-a-las-15.51.50_022bf0df-300x300.jpg 300w, https:\/\/www.gridmag.com.mx\/wp-content\/uploads\/2024\/08\/Imagen-de-WhatsApp-2024-08-14-a-las-15.51.50_022bf0df-150x150.jpg 150w, https:\/\/www.gridmag.com.mx\/wp-content\/uploads\/2024\/08\/Imagen-de-WhatsApp-2024-08-14-a-las-15.51.50_022bf0df-768x768.jpg 768w, https:\/\/www.gridmag.com.mx\/wp-content\/uploads\/2024\/08\/Imagen-de-WhatsApp-2024-08-14-a-las-15.51.50_022bf0df-1536x1536.jpg 1536w, https:\/\/www.gridmag.com.mx\/wp-content\/uploads\/2024\/08\/Imagen-de-WhatsApp-2024-08-14-a-las-15.51.50_022bf0df-120x120.jpg 120w, https:\/\/www.gridmag.com.mx\/wp-content\/uploads\/2024\/08\/Imagen-de-WhatsApp-2024-08-14-a-las-15.51.50_022bf0df-240x240.jpg 240w, https:\/\/www.gridmag.com.mx\/wp-content\/uploads\/2024\/08\/Imagen-de-WhatsApp-2024-08-14-a-las-15.51.50_022bf0df-360x360.jpg 360w, https:\/\/www.gridmag.com.mx\/wp-content\/uploads\/2024\/08\/Imagen-de-WhatsApp-2024-08-14-a-las-15.51.50_022bf0df-540x540.jpg 540w, https:\/\/www.gridmag.com.mx\/wp-content\/uploads\/2024\/08\/Imagen-de-WhatsApp-2024-08-14-a-las-15.51.50_022bf0df-720x720.jpg 720w, https:\/\/www.gridmag.com.mx\/wp-content\/uploads\/2024\/08\/Imagen-de-WhatsApp-2024-08-14-a-las-15.51.50_022bf0df-770x770.jpg 770w, https:\/\/www.gridmag.com.mx\/wp-content\/uploads\/2024\/08\/Imagen-de-WhatsApp-2024-08-14-a-las-15.51.50_022bf0df-1400x1400.jpg 1400w, https:\/\/www.gridmag.com.mx\/wp-content\/uploads\/2024\/08\/Imagen-de-WhatsApp-2024-08-14-a-las-15.51.50_022bf0df-125x125.jpg 125w, https:\/\/www.gridmag.com.mx\/wp-content\/uploads\/2024\/08\/Imagen-de-WhatsApp-2024-08-14-a-las-15.51.50_022bf0df.jpg 1600w\" sizes=\"(max-width: 1024px) 100vw, 1024px\" \/><\/figure>\n\n\n\n<h2 class=\"wp-block-heading\">Programa:<\/h2>\n\n\n\n<h3 class=\"wp-block-heading\">02 septiembre<\/h3>\n\n\n\n<p>16:00 hrs \/ Inauguraci\u00f3n<br>Lugar:Auditorio Dr. Pedro de Alba (Campus central UAA)\u00a0<\/p>\n\n\n\n<p>18:00 hrs \/ Conferencia Magistral del Arq. Javier mu\u00f1oz<br>Lugar:Auditorio Dr.Pedro de Alba (Campus central UAA)<\/p>\n\n\n\n<p>19:30 hrs \/ Toma de Fotograf\u00eda Oficial<br>Lugar:Sala de conciertos del complejo 3 centurias&nbsp;<\/p>\n\n\n\n<p>21:00 hrs \/ Evento rompe hielo<br>Lugar:Sede por confirmar<\/p>\n\n\n\n<h3 class=\"wp-block-heading\">03 septiembre&nbsp;<\/h3>\n\n\n\n<p>09:00 hrs \/ Conferencia magistral del Arq. Felix Sanchez y Arq. Alejandro Rivadeneira<br>Lugar:Auditorio Dr. Pedro de Alba (Campus central)<\/p>\n\n\n\n<p>11:00 hrs \/ Taller L<br>Arq. Javier Mu\u00f1oz, Arq. Isaac Broid, Arq. Feliz Sanchez, Arq.Alejandro Rivadeneira<br>Lugar: Ed. Space Maker, UDII<\/p>\n\n\n\n<p>16:00 hrs \/ Arqui Talk con Exalumnos de Arquitectura<br>Lugar: Auditorio T. Ch\u00e1vez<\/p>\n\n\n\n<p>18:00 hrs \/ Expo Arquitectura &#8211; 50 A\u00f1os de Arquitectura UAA<br>Lugar: Vestibulo de Infoteca UAA<\/p>\n\n\n\n<p>20:00 hrs \/ Brindis de honor<br>Lugar: Vestibulo de Infoteca UAA<\/p>\n\n\n\n<h2 class=\"wp-block-heading\">04 de septiembre&nbsp;<\/h2>\n\n\n\n<p>9:00 hrs \/ Taller L<br>Arq. Javier Mu\u00f1oz, Arq. Isaac Broid, Arq. Feliz Sanchez, Arq.Alejandro Rivadeneira.<br>Lugar:Ed. Space Maker, UDII.<\/p>\n\n\n\n<p><br>16:00 hrs \/ Arqui Talk con Exalumnos de Arquitectura.<br>Lugar: Auditorio T. Ch\u00e1vez.<\/p>\n\n\n\n<p>18:00 hrs \/ Conversatorio con Profesores fundadores y Primera planta docente.<br>Lugar: Auditorio T. Ch\u00e1vez.<\/p>\n\n\n\n<p>21:00 hrs \/ Cena homenaje<br>Lugar: Segundo patio de Palacio de Gobierno.<\/p>\n\n\n\n<h2 class=\"wp-block-heading\">Jueves 05 de septiembre<\/h2>\n\n\n\n<p>9:00 hrs \/ Taller L<\/p>\n\n\n\n<p>Arq. Javier Mu\u00f1oz, Arq. Isaac Broid, Arq. Feliz Sanchez, Arq.Alejandro Rivadeneira.<\/p>\n\n\n\n<p>Lugar:Ed. Space Maker, UDII.<\/p>\n\n\n\n<p>16:00 hrs \/ Arqui Talk con Exalumnos de Arquitectura&nbsp;<\/p>\n\n\n\n<p>Lugar: Auditorio T. Ch\u00e1vez.<\/p>\n\n\n\n<p>18:00 hrs \/ Conversatorio con Maestros Jubilados y Es alumnos primeras generaciones.<\/p>\n\n\n\n<p>Lugar: Auditorio T. Ch\u00e1vez.<\/p>\n\n\n\n<p>21:00 hrs \/ Brindis de Honor.<\/p>\n\n\n\n<p>Lugar: Vestibulo de Unidad de estudios Avanzados.<\/p>\n\n\n\n<h2 class=\"wp-block-heading\">Viernes 06 de septiembre<\/h2>\n\n\n\n<p>9:00 hrs \/ Taller L &#8211; Resultados de trabajos.<\/p>\n\n\n\n<p>Arq. Javier Mu\u00f1oz, Arq. Isaac Broid, Arq. Feliz Sanchez, Arq.Alejandro Rivadeneira<\/p>\n\n\n\n<p>Lugar:Ed. Space Maker, UDII.<\/p>\n\n\n\n<p>11:00 hrs&nbsp; \/ Conversatorio con Mujeres Arquitectas<\/p>\n\n\n\n<p>Lugar: Auditorio T. Ch\u00e1vez.<\/p>\n\n\n\n<p>12:30 hrs \/ Conversatorio con investigadores<\/p>\n\n\n\n<p>Lugar: Auditorio T. Ch\u00e1vez.<\/p>\n\n\n\n<p>16:00 hrs \/ Conferencia magistral &#8211; Arquitecto Carlos Bedoya<\/p>\n\n\n\n<p>Lugar: Auditorio T. Ch\u00e1vez.<\/p>\n\n\n\n<p>18:00 hrs \/ Ceremonia de Clausura + Fotograf\u00eda Oficial<\/p>\n\n\n\n<p>Lugar: Auditorio T. Ch\u00e1vez.<\/p>\n\n\n\n<p>21:00 hrs \/ Cena de gala&nbsp;<\/p>\n\n\n\n<p>Lugar: Foro 3C \u00c1rea de exposiciones&nbsp;<\/p>\n\n\n\n<p>*Programa sujeto a cambios sin previo aviso<\/p>\n","protected":false},"excerpt":{"rendered":"<p>La Universidad Aut\u00f3noma de Aguascalientes (UAA) se prepara para conmemorar medio siglo de su carrera de Arquitectura, un evento que reunir\u00e1 a estudiantes, exalumnos, profesores y reconocidos arquitectos de todo M\u00e9xico. Del 2 al 6 de septiembre de 2024, la Facultad de Arquitectura de la UAA llevar\u00e1 a cabo una serie de actividades dise\u00f1adas para celebrar su legado, compartir conocimientos y fortalecer los lazos de la comunidad arquitect\u00f3nica. Inauguraci\u00f3n y Conferencias Magistrales El evento dar\u00e1 inicio el 2 de septiembre [&hellip;]<\/p>\n","protected":false},"author":1,"featured_media":8133,"comment_status":"open","ping_status":"open","sticky":false,"template":"","format":"standard","meta":{"footnotes":""},"categories":[49],"tags":[],"class_list":["post-8132","post","type-post","status-publish","format-standard","has-post-thumbnail","hentry","category-arquitectura"],"yoast_head":"<!-- This site is optimized with the Yoast SEO plugin v27.0 - https:\/\/yoast.com\/product\/yoast-seo-wordpress\/ -->\n<title>50 A\u00f1os de la Carrera de Arquitectura en la UAA | Celebraci\u00f3n y Reflexi\u00f3n | Grid Magazine<\/title>\n<meta name=\"description\" content=\"&quot;Descubre c\u00f3mo la UAA celebra 50 a\u00f1os de su carrera de Arquitectura con conferencias, talleres, exposiciones y reuniones que unen a la comunidad arquitect\u00f3nica. \u00a1No te lo pierdas!&quot;\" \/>\n<meta name=\"robots\" content=\"index, follow, max-snippet:-1, max-image-preview:large, max-video-preview:-1\" \/>\n<link rel=\"canonical\" href=\"https:\/\/www.gridmag.com.mx\/index.php\/2024\/08\/30\/50-anos-de-la-carrera-de-arquitectura-en-la-uaa-celebracion-y-reflexion\/\" \/>\n<meta property=\"og:locale\" content=\"es_MX\" \/>\n<meta property=\"og:type\" content=\"article\" \/>\n<meta property=\"og:title\" content=\"50 A\u00f1os de la Carrera de Arquitectura en la UAA | Celebraci\u00f3n y Reflexi\u00f3n | Grid Magazine\" \/>\n<meta property=\"og:description\" content=\"&quot;Descubre c\u00f3mo la UAA celebra 50 a\u00f1os de su carrera de Arquitectura con conferencias, talleres, exposiciones y reuniones que unen a la comunidad arquitect\u00f3nica. \u00a1No te lo pierdas!&quot;\" \/>\n<meta property=\"og:url\" content=\"https:\/\/www.gridmag.com.mx\/index.php\/2024\/08\/30\/50-anos-de-la-carrera-de-arquitectura-en-la-uaa-celebracion-y-reflexion\/\" \/>\n<meta property=\"og:site_name\" content=\"Grid Magazine\" \/>\n<meta property=\"article:publisher\" content=\"https:\/\/www.facebook.com\/gridmagazine.mx\" \/>\n<meta property=\"article:published_time\" content=\"2024-08-30T15:48:38+00:00\" \/>\n<meta property=\"article:modified_time\" content=\"2024-09-02T19:46:55+00:00\" \/>\n<meta property=\"og:image\" content=\"https:\/\/www.gridmag.com.mx\/wp-content\/uploads\/2024\/08\/063-Latin-American-University-Ranking_-UniRank.jpg\" \/>\n\t<meta property=\"og:image:width\" content=\"1300\" \/>\n\t<meta property=\"og:image:height\" content=\"844\" \/>\n\t<meta property=\"og:image:type\" content=\"image\/jpeg\" \/>\n<meta name=\"author\" content=\"Grid Magazine\" \/>\n<meta name=\"twitter:card\" content=\"summary_large_image\" \/>\n<meta name=\"twitter:label1\" content=\"Escrito por\" \/>\n\t<meta name=\"twitter:data1\" content=\"Grid Magazine\" \/>\n\t<meta name=\"twitter:label2\" content=\"Tiempo de lectura\" \/>\n\t<meta name=\"twitter:data2\" content=\"6 minutos\" \/>\n<script type=\"application\/ld+json\" class=\"yoast-schema-graph\">{\"@context\":\"https:\/\/schema.org\",\"@graph\":[{\"@type\":\"Article\",\"@id\":\"https:\/\/www.gridmag.com.mx\/index.php\/2024\/08\/30\/50-anos-de-la-carrera-de-arquitectura-en-la-uaa-celebracion-y-reflexion\/#article\",\"isPartOf\":{\"@id\":\"https:\/\/www.gridmag.com.mx\/index.php\/2024\/08\/30\/50-anos-de-la-carrera-de-arquitectura-en-la-uaa-celebracion-y-reflexion\/\"},\"author\":{\"name\":\"Grid Magazine\",\"@id\":\"https:\/\/www.gridmag.com.mx\/#\/schema\/person\/d54cddc75e2ecfe4a55e39c0336ae932\"},\"headline\":\"50 A\u00f1os de la Carrera de Arquitectura en la UAA | Celebraci\u00f3n y Reflexi\u00f3n\",\"datePublished\":\"2024-08-30T15:48:38+00:00\",\"dateModified\":\"2024-09-02T19:46:55+00:00\",\"mainEntityOfPage\":{\"@id\":\"https:\/\/www.gridmag.com.mx\/index.php\/2024\/08\/30\/50-anos-de-la-carrera-de-arquitectura-en-la-uaa-celebracion-y-reflexion\/\"},\"wordCount\":1048,\"commentCount\":0,\"publisher\":{\"@id\":\"https:\/\/www.gridmag.com.mx\/#organization\"},\"image\":{\"@id\":\"https:\/\/www.gridmag.com.mx\/index.php\/2024\/08\/30\/50-anos-de-la-carrera-de-arquitectura-en-la-uaa-celebracion-y-reflexion\/#primaryimage\"},\"thumbnailUrl\":\"https:\/\/www.gridmag.com.mx\/wp-content\/uploads\/2024\/08\/063-Latin-American-University-Ranking_-UniRank.jpg\",\"articleSection\":[\"Arquitectura\"],\"inLanguage\":\"es\",\"potentialAction\":[{\"@type\":\"CommentAction\",\"name\":\"Comment\",\"target\":[\"https:\/\/www.gridmag.com.mx\/index.php\/2024\/08\/30\/50-anos-de-la-carrera-de-arquitectura-en-la-uaa-celebracion-y-reflexion\/#respond\"]}]},{\"@type\":\"WebPage\",\"@id\":\"https:\/\/www.gridmag.com.mx\/index.php\/2024\/08\/30\/50-anos-de-la-carrera-de-arquitectura-en-la-uaa-celebracion-y-reflexion\/\",\"url\":\"https:\/\/www.gridmag.com.mx\/index.php\/2024\/08\/30\/50-anos-de-la-carrera-de-arquitectura-en-la-uaa-celebracion-y-reflexion\/\",\"name\":\"50 A\u00f1os de la Carrera de Arquitectura en la UAA | Celebraci\u00f3n y Reflexi\u00f3n | Grid Magazine\",\"isPartOf\":{\"@id\":\"https:\/\/www.gridmag.com.mx\/#website\"},\"primaryImageOfPage\":{\"@id\":\"https:\/\/www.gridmag.com.mx\/index.php\/2024\/08\/30\/50-anos-de-la-carrera-de-arquitectura-en-la-uaa-celebracion-y-reflexion\/#primaryimage\"},\"image\":{\"@id\":\"https:\/\/www.gridmag.com.mx\/index.php\/2024\/08\/30\/50-anos-de-la-carrera-de-arquitectura-en-la-uaa-celebracion-y-reflexion\/#primaryimage\"},\"thumbnailUrl\":\"https:\/\/www.gridmag.com.mx\/wp-content\/uploads\/2024\/08\/063-Latin-American-University-Ranking_-UniRank.jpg\",\"datePublished\":\"2024-08-30T15:48:38+00:00\",\"dateModified\":\"2024-09-02T19:46:55+00:00\",\"description\":\"\\\"Descubre c\u00f3mo la UAA celebra 50 a\u00f1os de su carrera de Arquitectura con conferencias, talleres, exposiciones y reuniones que unen a la comunidad arquitect\u00f3nica. \u00a1No te lo pierdas!\\\"\",\"breadcrumb\":{\"@id\":\"https:\/\/www.gridmag.com.mx\/index.php\/2024\/08\/30\/50-anos-de-la-carrera-de-arquitectura-en-la-uaa-celebracion-y-reflexion\/#breadcrumb\"},\"inLanguage\":\"es\",\"potentialAction\":[{\"@type\":\"ReadAction\",\"target\":[\"https:\/\/www.gridmag.com.mx\/index.php\/2024\/08\/30\/50-anos-de-la-carrera-de-arquitectura-en-la-uaa-celebracion-y-reflexion\/\"]}]},{\"@type\":\"ImageObject\",\"inLanguage\":\"es\",\"@id\":\"https:\/\/www.gridmag.com.mx\/index.php\/2024\/08\/30\/50-anos-de-la-carrera-de-arquitectura-en-la-uaa-celebracion-y-reflexion\/#primaryimage\",\"url\":\"https:\/\/www.gridmag.com.mx\/wp-content\/uploads\/2024\/08\/063-Latin-American-University-Ranking_-UniRank.jpg\",\"contentUrl\":\"https:\/\/www.gridmag.com.mx\/wp-content\/uploads\/2024\/08\/063-Latin-American-University-Ranking_-UniRank.jpg\",\"width\":1300,\"height\":844},{\"@type\":\"BreadcrumbList\",\"@id\":\"https:\/\/www.gridmag.com.mx\/index.php\/2024\/08\/30\/50-anos-de-la-carrera-de-arquitectura-en-la-uaa-celebracion-y-reflexion\/#breadcrumb\",\"itemListElement\":[{\"@type\":\"ListItem\",\"position\":1,\"name\":\"Inicio\",\"item\":\"https:\/\/www.gridmag.com.mx\/\"},{\"@type\":\"ListItem\",\"position\":2,\"name\":\"50 A\u00f1os de la Carrera de Arquitectura en la UAA | Celebraci\u00f3n y Reflexi\u00f3n\"}]},{\"@type\":\"WebSite\",\"@id\":\"https:\/\/www.gridmag.com.mx\/#website\",\"url\":\"https:\/\/www.gridmag.com.mx\/\",\"name\":\"Grid Magazine\",\"description\":\"Compartiendo lo mejor de la arquitectura y dise\u00f1o mexicano.\",\"publisher\":{\"@id\":\"https:\/\/www.gridmag.com.mx\/#organization\"},\"potentialAction\":[{\"@type\":\"SearchAction\",\"target\":{\"@type\":\"EntryPoint\",\"urlTemplate\":\"https:\/\/www.gridmag.com.mx\/?s={search_term_string}\"},\"query-input\":{\"@type\":\"PropertyValueSpecification\",\"valueRequired\":true,\"valueName\":\"search_term_string\"}}],\"inLanguage\":\"es\"},{\"@type\":\"Organization\",\"@id\":\"https:\/\/www.gridmag.com.mx\/#organization\",\"name\":\"Grid Magazine\",\"url\":\"https:\/\/www.gridmag.com.mx\/\",\"logo\":{\"@type\":\"ImageObject\",\"inLanguage\":\"es\",\"@id\":\"https:\/\/www.gridmag.com.mx\/#\/schema\/logo\/image\/\",\"url\":\"\",\"contentUrl\":\"\",\"caption\":\"Grid Magazine\"},\"image\":{\"@id\":\"https:\/\/www.gridmag.com.mx\/#\/schema\/logo\/image\/\"},\"sameAs\":[\"https:\/\/www.facebook.com\/gridmagazine.mx\",\"https:\/\/www.instagram.com\/gridmagazine_mx\/\",\"https:\/\/www.tiktok.com\/@gridmagazine.mx?_t=8gl2kVR2Aq6&_r=1\",\"https:\/\/www.linkedin.com\/company\/grid-magazine-mx\/\"]},{\"@type\":\"Person\",\"@id\":\"https:\/\/www.gridmag.com.mx\/#\/schema\/person\/d54cddc75e2ecfe4a55e39c0336ae932\",\"name\":\"Grid Magazine\",\"image\":{\"@type\":\"ImageObject\",\"inLanguage\":\"es\",\"@id\":\"https:\/\/www.gridmag.com.mx\/#\/schema\/person\/image\/\",\"url\":\"https:\/\/secure.gravatar.com\/avatar\/8e4bd50943002dd6ee9db30e5af749244f3e21206a99c4fb42429117eaacfc83?s=96&d=mm&r=g\",\"contentUrl\":\"https:\/\/secure.gravatar.com\/avatar\/8e4bd50943002dd6ee9db30e5af749244f3e21206a99c4fb42429117eaacfc83?s=96&d=mm&r=g\",\"caption\":\"Grid Magazine\"},\"sameAs\":[\"https:\/\/www.gridmag.com.mx\"],\"url\":\"https:\/\/www.gridmag.com.mx\/index.php\/author\/grid-magazine-arq\/\"}]}<\/script>\n<!-- \/ Yoast SEO plugin. -->","yoast_head_json":{"title":"50 A\u00f1os de la Carrera de Arquitectura en la UAA | Celebraci\u00f3n y Reflexi\u00f3n | Grid Magazine","description":"\"Descubre c\u00f3mo la UAA celebra 50 a\u00f1os de su carrera de Arquitectura con conferencias, talleres, exposiciones y reuniones que unen a la comunidad arquitect\u00f3nica. \u00a1No te lo pierdas!\"","robots":{"index":"index","follow":"follow","max-snippet":"max-snippet:-1","max-image-preview":"max-image-preview:large","max-video-preview":"max-video-preview:-1"},"canonical":"https:\/\/www.gridmag.com.mx\/index.php\/2024\/08\/30\/50-anos-de-la-carrera-de-arquitectura-en-la-uaa-celebracion-y-reflexion\/","og_locale":"es_MX","og_type":"article","og_title":"50 A\u00f1os de la Carrera de Arquitectura en la UAA | Celebraci\u00f3n y Reflexi\u00f3n | Grid Magazine","og_description":"\"Descubre c\u00f3mo la UAA celebra 50 a\u00f1os de su carrera de Arquitectura con conferencias, talleres, exposiciones y reuniones que unen a la comunidad arquitect\u00f3nica. \u00a1No te lo pierdas!\"","og_url":"https:\/\/www.gridmag.com.mx\/index.php\/2024\/08\/30\/50-anos-de-la-carrera-de-arquitectura-en-la-uaa-celebracion-y-reflexion\/","og_site_name":"Grid Magazine","article_publisher":"https:\/\/www.facebook.com\/gridmagazine.mx","article_published_time":"2024-08-30T15:48:38+00:00","article_modified_time":"2024-09-02T19:46:55+00:00","og_image":[{"width":1300,"height":844,"url":"https:\/\/www.gridmag.com.mx\/wp-content\/uploads\/2024\/08\/063-Latin-American-University-Ranking_-UniRank.jpg","type":"image\/jpeg"}],"author":"Grid Magazine","twitter_card":"summary_large_image","twitter_misc":{"Escrito por":"Grid Magazine","Tiempo de lectura":"6 minutos"},"schema":{"@context":"https:\/\/schema.org","@graph":[{"@type":"Article","@id":"https:\/\/www.gridmag.com.mx\/index.php\/2024\/08\/30\/50-anos-de-la-carrera-de-arquitectura-en-la-uaa-celebracion-y-reflexion\/#article","isPartOf":{"@id":"https:\/\/www.gridmag.com.mx\/index.php\/2024\/08\/30\/50-anos-de-la-carrera-de-arquitectura-en-la-uaa-celebracion-y-reflexion\/"},"author":{"name":"Grid Magazine","@id":"https:\/\/www.gridmag.com.mx\/#\/schema\/person\/d54cddc75e2ecfe4a55e39c0336ae932"},"headline":"50 A\u00f1os de la Carrera de Arquitectura en la UAA | Celebraci\u00f3n y Reflexi\u00f3n","datePublished":"2024-08-30T15:48:38+00:00","dateModified":"2024-09-02T19:46:55+00:00","mainEntityOfPage":{"@id":"https:\/\/www.gridmag.com.mx\/index.php\/2024\/08\/30\/50-anos-de-la-carrera-de-arquitectura-en-la-uaa-celebracion-y-reflexion\/"},"wordCount":1048,"commentCount":0,"publisher":{"@id":"https:\/\/www.gridmag.com.mx\/#organization"},"image":{"@id":"https:\/\/www.gridmag.com.mx\/index.php\/2024\/08\/30\/50-anos-de-la-carrera-de-arquitectura-en-la-uaa-celebracion-y-reflexion\/#primaryimage"},"thumbnailUrl":"https:\/\/www.gridmag.com.mx\/wp-content\/uploads\/2024\/08\/063-Latin-American-University-Ranking_-UniRank.jpg","articleSection":["Arquitectura"],"inLanguage":"es","potentialAction":[{"@type":"CommentAction","name":"Comment","target":["https:\/\/www.gridmag.com.mx\/index.php\/2024\/08\/30\/50-anos-de-la-carrera-de-arquitectura-en-la-uaa-celebracion-y-reflexion\/#respond"]}]},{"@type":"WebPage","@id":"https:\/\/www.gridmag.com.mx\/index.php\/2024\/08\/30\/50-anos-de-la-carrera-de-arquitectura-en-la-uaa-celebracion-y-reflexion\/","url":"https:\/\/www.gridmag.com.mx\/index.php\/2024\/08\/30\/50-anos-de-la-carrera-de-arquitectura-en-la-uaa-celebracion-y-reflexion\/","name":"50 A\u00f1os de la Carrera de Arquitectura en la UAA | Celebraci\u00f3n y Reflexi\u00f3n | Grid Magazine","isPartOf":{"@id":"https:\/\/www.gridmag.com.mx\/#website"},"primaryImageOfPage":{"@id":"https:\/\/www.gridmag.com.mx\/index.php\/2024\/08\/30\/50-anos-de-la-carrera-de-arquitectura-en-la-uaa-celebracion-y-reflexion\/#primaryimage"},"image":{"@id":"https:\/\/www.gridmag.com.mx\/index.php\/2024\/08\/30\/50-anos-de-la-carrera-de-arquitectura-en-la-uaa-celebracion-y-reflexion\/#primaryimage"},"thumbnailUrl":"https:\/\/www.gridmag.com.mx\/wp-content\/uploads\/2024\/08\/063-Latin-American-University-Ranking_-UniRank.jpg","datePublished":"2024-08-30T15:48:38+00:00","dateModified":"2024-09-02T19:46:55+00:00","description":"\"Descubre c\u00f3mo la UAA celebra 50 a\u00f1os de su carrera de Arquitectura con conferencias, talleres, exposiciones y reuniones que unen a la comunidad arquitect\u00f3nica. \u00a1No te lo pierdas!\"","breadcrumb":{"@id":"https:\/\/www.gridmag.com.mx\/index.php\/2024\/08\/30\/50-anos-de-la-carrera-de-arquitectura-en-la-uaa-celebracion-y-reflexion\/#breadcrumb"},"inLanguage":"es","potentialAction":[{"@type":"ReadAction","target":["https:\/\/www.gridmag.com.mx\/index.php\/2024\/08\/30\/50-anos-de-la-carrera-de-arquitectura-en-la-uaa-celebracion-y-reflexion\/"]}]},{"@type":"ImageObject","inLanguage":"es","@id":"https:\/\/www.gridmag.com.mx\/index.php\/2024\/08\/30\/50-anos-de-la-carrera-de-arquitectura-en-la-uaa-celebracion-y-reflexion\/#primaryimage","url":"https:\/\/www.gridmag.com.mx\/wp-content\/uploads\/2024\/08\/063-Latin-American-University-Ranking_-UniRank.jpg","contentUrl":"https:\/\/www.gridmag.com.mx\/wp-content\/uploads\/2024\/08\/063-Latin-American-University-Ranking_-UniRank.jpg","width":1300,"height":844},{"@type":"BreadcrumbList","@id":"https:\/\/www.gridmag.com.mx\/index.php\/2024\/08\/30\/50-anos-de-la-carrera-de-arquitectura-en-la-uaa-celebracion-y-reflexion\/#breadcrumb","itemListElement":[{"@type":"ListItem","position":1,"name":"Inicio","item":"https:\/\/www.gridmag.com.mx\/"},{"@type":"ListItem","position":2,"name":"50 A\u00f1os de la Carrera de Arquitectura en la UAA | Celebraci\u00f3n y Reflexi\u00f3n"}]},{"@type":"WebSite","@id":"https:\/\/www.gridmag.com.mx\/#website","url":"https:\/\/www.gridmag.com.mx\/","name":"Grid Magazine","description":"Compartiendo lo mejor de la arquitectura y dise\u00f1o mexicano.","publisher":{"@id":"https:\/\/www.gridmag.com.mx\/#organization"},"potentialAction":[{"@type":"SearchAction","target":{"@type":"EntryPoint","urlTemplate":"https:\/\/www.gridmag.com.mx\/?s={search_term_string}"},"query-input":{"@type":"PropertyValueSpecification","valueRequired":true,"valueName":"search_term_string"}}],"inLanguage":"es"},{"@type":"Organization","@id":"https:\/\/www.gridmag.com.mx\/#organization","name":"Grid Magazine","url":"https:\/\/www.gridmag.com.mx\/","logo":{"@type":"ImageObject","inLanguage":"es","@id":"https:\/\/www.gridmag.com.mx\/#\/schema\/logo\/image\/","url":"","contentUrl":"","caption":"Grid Magazine"},"image":{"@id":"https:\/\/www.gridmag.com.mx\/#\/schema\/logo\/image\/"},"sameAs":["https:\/\/www.facebook.com\/gridmagazine.mx","https:\/\/www.instagram.com\/gridmagazine_mx\/","https:\/\/www.tiktok.com\/@gridmagazine.mx?_t=8gl2kVR2Aq6&_r=1","https:\/\/www.linkedin.com\/company\/grid-magazine-mx\/"]},{"@type":"Person","@id":"https:\/\/www.gridmag.com.mx\/#\/schema\/person\/d54cddc75e2ecfe4a55e39c0336ae932","name":"Grid Magazine","image":{"@type":"ImageObject","inLanguage":"es","@id":"https:\/\/www.gridmag.com.mx\/#\/schema\/person\/image\/","url":"https:\/\/secure.gravatar.com\/avatar\/8e4bd50943002dd6ee9db30e5af749244f3e21206a99c4fb42429117eaacfc83?s=96&d=mm&r=g","contentUrl":"https:\/\/secure.gravatar.com\/avatar\/8e4bd50943002dd6ee9db30e5af749244f3e21206a99c4fb42429117eaacfc83?s=96&d=mm&r=g","caption":"Grid Magazine"},"sameAs":["https:\/\/www.gridmag.com.mx"],"url":"https:\/\/www.gridmag.com.mx\/index.php\/author\/grid-magazine-arq\/"}]}},"_links":{"self":[{"href":"https:\/\/www.gridmag.com.mx\/index.php\/wp-json\/wp\/v2\/posts\/8132","targetHints":{"allow":["GET"]}}],"collection":[{"href":"https:\/\/www.gridmag.com.mx\/index.php\/wp-json\/wp\/v2\/posts"}],"about":[{"href":"https:\/\/www.gridmag.com.mx\/index.php\/wp-json\/wp\/v2\/types\/post"}],"author":[{"embeddable":true,"href":"https:\/\/www.gridmag.com.mx\/index.php\/wp-json\/wp\/v2\/users\/1"}],"replies":[{"embeddable":true,"href":"https:\/\/www.gridmag.com.mx\/index.php\/wp-json\/wp\/v2\/comments?post=8132"}],"version-history":[{"count":1,"href":"https:\/\/www.gridmag.com.mx\/index.php\/wp-json\/wp\/v2\/posts\/8132\/revisions"}],"predecessor-version":[{"id":8137,"href":"https:\/\/www.gridmag.com.mx\/index.php\/wp-json\/wp\/v2\/posts\/8132\/revisions\/8137"}],"wp:featuredmedia":[{"embeddable":true,"href":"https:\/\/www.gridmag.com.mx\/index.php\/wp-json\/wp\/v2\/media\/8133"}],"wp:attachment":[{"href":"https:\/\/www.gridmag.com.mx\/index.php\/wp-json\/wp\/v2\/media?parent=8132"}],"wp:term":[{"taxonomy":"category","embeddable":true,"href":"https:\/\/www.gridmag.com.mx\/index.php\/wp-json\/wp\/v2\/categories?post=8132"},{"taxonomy":"post_tag","embeddable":true,"href":"https:\/\/www.gridmag.com.mx\/index.php\/wp-json\/wp\/v2\/tags?post=8132"}],"curies":[{"name":"wp","href":"https:\/\/api.w.org\/{rel}","templated":true}]}}