{"id":8323,"date":"2024-09-20T09:00:00","date_gmt":"2024-09-20T15:00:00","guid":{"rendered":"https:\/\/www.gridmag.com.mx\/?p=8323"},"modified":"2024-09-19T21:11:51","modified_gmt":"2024-09-20T03:11:51","slug":"estacion-material-vol-3-feria-de-arte-contemporaneo-en-guadalajara","status":"publish","type":"post","link":"https:\/\/www.gridmag.com.mx\/index.php\/2024\/09\/20\/estacion-material-vol-3-feria-de-arte-contemporaneo-en-guadalajara\/","title":{"rendered":"Estaci\u00f3n Material Vol. 3 | Feria de Arte Contempor\u00e1neo"},"content":{"rendered":"\n\n\n<p>Estaci\u00f3n Material Vol. 3, sin duda, la esperada feria de arte contempor\u00e1neo, regresa a Guadalajara para su tercera edici\u00f3n. Durante el 27 al 29 de septiembre, Plataforma ser\u00e1 el epicentro de la escena art\u00edstica gracias a con una oferta vibrante de exposiciones y eventos que destacar\u00e1n lo mejor del arte contempor\u00e1neo en M\u00e9xico.<\/p>\n\n\n\n<figure class=\"wp-block-image size-large\"><img decoding=\"async\" width=\"1024\" height=\"683\" src=\"https:\/\/www.gridmag.com.mx\/wp-content\/uploads\/2024\/09\/Cred.CortesiaMaterial_006-1024x683.jpg\" alt=\"Estaci\u00f3n Material Vol. 3\" class=\"wp-image-8325\" srcset=\"https:\/\/www.gridmag.com.mx\/wp-content\/uploads\/2024\/09\/Cred.CortesiaMaterial_006-1024x683.jpg 1024w, https:\/\/www.gridmag.com.mx\/wp-content\/uploads\/2024\/09\/Cred.CortesiaMaterial_006-300x200.jpg 300w, https:\/\/www.gridmag.com.mx\/wp-content\/uploads\/2024\/09\/Cred.CortesiaMaterial_006-768x512.jpg 768w, https:\/\/www.gridmag.com.mx\/wp-content\/uploads\/2024\/09\/Cred.CortesiaMaterial_006-1536x1024.jpg 1536w, https:\/\/www.gridmag.com.mx\/wp-content\/uploads\/2024\/09\/Cred.CortesiaMaterial_006-2048x1366.jpg 2048w, https:\/\/www.gridmag.com.mx\/wp-content\/uploads\/2024\/09\/Cred.CortesiaMaterial_006-360x240.jpg 360w, https:\/\/www.gridmag.com.mx\/wp-content\/uploads\/2024\/09\/Cred.CortesiaMaterial_006-720x480.jpg 720w, https:\/\/www.gridmag.com.mx\/wp-content\/uploads\/2024\/09\/Cred.CortesiaMaterial_006-770x513.jpg 770w, https:\/\/www.gridmag.com.mx\/wp-content\/uploads\/2024\/09\/Cred.CortesiaMaterial_006-1400x934.jpg 1400w\" sizes=\"(max-width: 1024px) 100vw, 1024px\" \/><\/figure>\n\n\n\n<h2 class=\"wp-block-heading\">Descubre Estaci\u00f3n Material Vol. 3<\/h2>\n\n\n\n<p>La tercera edici\u00f3n de Estaci\u00f3n Material se celebrar\u00e1 en Plataforma, un nuevo centro de arte contempor\u00e1neo ubicado en la Colonia Americana de Guadalajara. Por consiguiente, este evento re\u00fane a m\u00e1s de 20 destacados expositores de todo M\u00e9xico, quienes presentar\u00e1n una amplia gama de obras de arte contempor\u00e1neo. Adem\u00e1s, la feria se extender\u00e1 a lo largo de tres d\u00edas, ofreciendo a los visitantes la oportunidad de descubrir y adquirir piezas \u00fanicas mientras exploran una rica programaci\u00f3n cultural.<\/p>\n\n\n\n<figure class=\"wp-block-image size-large\"><img decoding=\"async\" width=\"1024\" height=\"683\" src=\"https:\/\/www.gridmag.com.mx\/wp-content\/uploads\/2024\/09\/Cred.CortesiaMaterial_002-1024x683.jpg\" alt=\"\" class=\"wp-image-8327\" srcset=\"https:\/\/www.gridmag.com.mx\/wp-content\/uploads\/2024\/09\/Cred.CortesiaMaterial_002-1024x683.jpg 1024w, https:\/\/www.gridmag.com.mx\/wp-content\/uploads\/2024\/09\/Cred.CortesiaMaterial_002-300x200.jpg 300w, https:\/\/www.gridmag.com.mx\/wp-content\/uploads\/2024\/09\/Cred.CortesiaMaterial_002-768x512.jpg 768w, https:\/\/www.gridmag.com.mx\/wp-content\/uploads\/2024\/09\/Cred.CortesiaMaterial_002-1536x1024.jpg 1536w, https:\/\/www.gridmag.com.mx\/wp-content\/uploads\/2024\/09\/Cred.CortesiaMaterial_002-2048x1365.jpg 2048w, https:\/\/www.gridmag.com.mx\/wp-content\/uploads\/2024\/09\/Cred.CortesiaMaterial_002-360x240.jpg 360w, https:\/\/www.gridmag.com.mx\/wp-content\/uploads\/2024\/09\/Cred.CortesiaMaterial_002-720x480.jpg 720w, https:\/\/www.gridmag.com.mx\/wp-content\/uploads\/2024\/09\/Cred.CortesiaMaterial_002-770x513.jpg 770w, https:\/\/www.gridmag.com.mx\/wp-content\/uploads\/2024\/09\/Cred.CortesiaMaterial_002-1400x933.jpg 1400w\" sizes=\"(max-width: 1024px) 100vw, 1024px\" \/><\/figure>\n\n\n\n<h2 class=\"wp-block-heading\">Detalles del evento Estaci\u00f3n Material Vol. 3<\/h2>\n\n\n\n<ul class=\"wp-block-list\">\n<li><strong>Fecha y Horario:<\/strong> 27 al 29 de septiembre de 2024\n<ul class=\"wp-block-list\">\n<li><strong>Noche de Inauguraci\u00f3n:<\/strong> 27 de septiembre, 17:00 \u2013 22:00<\/li>\n\n\n\n<li><strong>D\u00edas Generales:<\/strong> 28 y 29 de septiembre, 11:00 \u2013 19:00<\/li>\n<\/ul>\n<\/li>\n\n\n\n<li><strong>Ubicaci\u00f3n:<\/strong> Plataforma, Av. Ignacio L Vallarta 1246, Col. Americana, <a href=\"https:\/\/www.gridmag.com.mx\/?s=guadalajara\">Guadalajara<\/a>, Jalisco<\/li>\n\n\n\n<li><strong>Aforo Esperado:<\/strong> M\u00e1s de 6,000 visitantes<\/li>\n<\/ul>\n\n\n\n<figure class=\"wp-block-image size-large\"><img decoding=\"async\" width=\"978\" height=\"1024\" src=\"https:\/\/www.gridmag.com.mx\/wp-content\/uploads\/2024\/09\/FMATERIAL10-DIA1-AKM-096-978x1024.jpg\" alt=\"Estaci\u00f3n Material Vol. 3\" class=\"wp-image-8329\" srcset=\"https:\/\/www.gridmag.com.mx\/wp-content\/uploads\/2024\/09\/FMATERIAL10-DIA1-AKM-096-978x1024.jpg 978w, https:\/\/www.gridmag.com.mx\/wp-content\/uploads\/2024\/09\/FMATERIAL10-DIA1-AKM-096-287x300.jpg 287w, https:\/\/www.gridmag.com.mx\/wp-content\/uploads\/2024\/09\/FMATERIAL10-DIA1-AKM-096-768x804.jpg 768w, https:\/\/www.gridmag.com.mx\/wp-content\/uploads\/2024\/09\/FMATERIAL10-DIA1-AKM-096-1467x1536.jpg 1467w, https:\/\/www.gridmag.com.mx\/wp-content\/uploads\/2024\/09\/FMATERIAL10-DIA1-AKM-096-770x806.jpg 770w, https:\/\/www.gridmag.com.mx\/wp-content\/uploads\/2024\/09\/FMATERIAL10-DIA1-AKM-096-1400x1466.jpg 1400w, https:\/\/www.gridmag.com.mx\/wp-content\/uploads\/2024\/09\/FMATERIAL10-DIA1-AKM-096.jpg 1559w\" sizes=\"(max-width: 978px) 100vw, 978px\" \/><\/figure>\n\n\n\n<h2 class=\"wp-block-heading\">Expositores destacados<\/h2>\n\n\n\n<p>Estaci\u00f3n Material Vol. 3, adem\u00e1s, contar\u00e1 con la participaci\u00f3n de galer\u00edas como Tiro al Blanco, Curro, Escombro, y espacios de arte de la Ciudad de M\u00e9xico como PEANA y Pequod Co. Adem\u00e1s, la feria incluir\u00e1 la segunda generaci\u00f3n de Proyectos, un programa que impulsa a nuevas organizaciones art\u00edsticas independientes.<\/p>\n\n\n\n<figure class=\"wp-block-image size-large\"><img decoding=\"async\" width=\"711\" height=\"1024\" src=\"https:\/\/www.gridmag.com.mx\/wp-content\/uploads\/2024\/09\/Cred.CortesiaMaterial_005-711x1024.jpg\" alt=\"\" class=\"wp-image-8330\" srcset=\"https:\/\/www.gridmag.com.mx\/wp-content\/uploads\/2024\/09\/Cred.CortesiaMaterial_005-711x1024.jpg 711w, https:\/\/www.gridmag.com.mx\/wp-content\/uploads\/2024\/09\/Cred.CortesiaMaterial_005-208x300.jpg 208w, https:\/\/www.gridmag.com.mx\/wp-content\/uploads\/2024\/09\/Cred.CortesiaMaterial_005-768x1106.jpg 768w, https:\/\/www.gridmag.com.mx\/wp-content\/uploads\/2024\/09\/Cred.CortesiaMaterial_005-1067x1536.jpg 1067w, https:\/\/www.gridmag.com.mx\/wp-content\/uploads\/2024\/09\/Cred.CortesiaMaterial_005-1422x2048.jpg 1422w, https:\/\/www.gridmag.com.mx\/wp-content\/uploads\/2024\/09\/Cred.CortesiaMaterial_005-770x1109.jpg 770w, https:\/\/www.gridmag.com.mx\/wp-content\/uploads\/2024\/09\/Cred.CortesiaMaterial_005-1400x2016.jpg 1400w, https:\/\/www.gridmag.com.mx\/wp-content\/uploads\/2024\/09\/Cred.CortesiaMaterial_005.jpg 1559w\" sizes=\"(max-width: 711px) 100vw, 711px\" \/><\/figure>\n\n\n\n<h2 class=\"wp-block-heading\">Actividades y alianzas de Estaci\u00f3n Material Vol. 3<\/h2>\n\n\n\n<p>La feria adem\u00e1s ofrecer\u00e1 una serie de actividades, como una ruta de escultura independiente presentada por RUMBO y tambi\u00e9n la colaboraci\u00f3n con Mezcal Amar\u00e1s, que servir\u00e1 una selecci\u00f3n especial de cocteles. Por otro lado, la terraza de Plataforma ser\u00e1 un punto de encuentro clave, donde habr\u00e1 m\u00fasica en vivo, comida de RinTinTin Caf\u00e9 y La Panga del Impostor, as\u00ed como bebidas de nuestros aliados oficiales.<\/p>\n\n\n\n<figure class=\"wp-block-image size-large\"><img decoding=\"async\" width=\"1024\" height=\"683\" src=\"https:\/\/www.gridmag.com.mx\/wp-content\/uploads\/2024\/09\/FERNANDA-LEON-241-1024x683.jpg\" alt=\"\" class=\"wp-image-8328\" srcset=\"https:\/\/www.gridmag.com.mx\/wp-content\/uploads\/2024\/09\/FERNANDA-LEON-241-1024x683.jpg 1024w, https:\/\/www.gridmag.com.mx\/wp-content\/uploads\/2024\/09\/FERNANDA-LEON-241-300x200.jpg 300w, https:\/\/www.gridmag.com.mx\/wp-content\/uploads\/2024\/09\/FERNANDA-LEON-241-768x512.jpg 768w, https:\/\/www.gridmag.com.mx\/wp-content\/uploads\/2024\/09\/FERNANDA-LEON-241-1536x1024.jpg 1536w, https:\/\/www.gridmag.com.mx\/wp-content\/uploads\/2024\/09\/FERNANDA-LEON-241-360x240.jpg 360w, https:\/\/www.gridmag.com.mx\/wp-content\/uploads\/2024\/09\/FERNANDA-LEON-241-720x480.jpg 720w, https:\/\/www.gridmag.com.mx\/wp-content\/uploads\/2024\/09\/FERNANDA-LEON-241-770x513.jpg 770w, https:\/\/www.gridmag.com.mx\/wp-content\/uploads\/2024\/09\/FERNANDA-LEON-241-1400x933.jpg 1400w, https:\/\/www.gridmag.com.mx\/wp-content\/uploads\/2024\/09\/FERNANDA-LEON-241.jpg 1701w\" sizes=\"(max-width: 1024px) 100vw, 1024px\" \/><\/figure>\n\n\n\n<h2 class=\"wp-block-heading\">Entradas y boletos para Estaci\u00f3n Material Vol. 3<\/h2>\n\n\n\n<ul class=\"wp-block-list\">\n<li><strong>Noche de Inauguraci\u00f3n:<\/strong> $300 MXN<\/li>\n\n\n\n<li><strong>Boleto General (s\u00e1bado o domingo):<\/strong> $200 MXN (por d\u00eda)<\/li>\n\n\n\n<li><strong>Entrada Estudiantes, Maestros y Adultos Mayores (s\u00e1bado o domingo):<\/strong> $100 MXN (por d\u00eda)<\/li>\n\n\n\n<li><strong>Acceso Ilimitado (de viernes a domingo):<\/strong> $500 MXN<\/li>\n<\/ul>\n\n\n\n<p>Compra tus boletos en<a href=\"https:\/\/estacion3.boletopolis.com\"> estacion3.boletopolis.com<\/a><\/p>\n\n\n\n<h2 class=\"wp-block-heading\">Web y redes sociales<\/h2>\n\n\n\n<p>Web: <a href=\"http:\/\/material-fair.com\">material-fair.com<br><\/a>IG\/FB\/X: <a href=\"https:\/\/www.instagram.com\/mmmmmaterial\/\">@mmmmmaterial<\/a><\/p>\n","protected":false},"excerpt":{"rendered":"<p>Estaci\u00f3n Material Vol. 3, sin duda, la esperada feria de arte contempor\u00e1neo, regresa a Guadalajara para su tercera edici\u00f3n. Durante el 27 al 29 de septiembre, Plataforma ser\u00e1 el epicentro de la escena art\u00edstica gracias a con una oferta vibrante de exposiciones y eventos que destacar\u00e1n lo mejor del arte contempor\u00e1neo en M\u00e9xico. Descubre Estaci\u00f3n Material Vol. 3 La tercera edici\u00f3n de Estaci\u00f3n Material se celebrar\u00e1 en Plataforma, un nuevo centro de arte contempor\u00e1neo ubicado en la Colonia Americana de [&hellip;]<\/p>\n","protected":false},"author":1,"featured_media":8324,"comment_status":"open","ping_status":"open","sticky":false,"template":"","format":"standard","meta":{"footnotes":""},"categories":[53],"tags":[],"class_list":["post-8323","post","type-post","status-publish","format-standard","has-post-thumbnail","hentry","category-arte"],"yoast_head":"<!-- This site is optimized with the Yoast SEO plugin v27.0 - https:\/\/yoast.com\/product\/yoast-seo-wordpress\/ -->\n<title>Estaci\u00f3n Material Vol. 3 | Feria de Arte Contempor\u00e1neo | Grid Magazine<\/title>\n<meta name=\"description\" content=\"Estaci\u00f3n Material Vol. 3 se presenta en Guadalajara, del 27 al 29 de septiembre, con 20 expositores y programaci\u00f3n cultural.\" \/>\n<meta name=\"robots\" content=\"index, follow, max-snippet:-1, max-image-preview:large, max-video-preview:-1\" \/>\n<link rel=\"canonical\" href=\"https:\/\/www.gridmag.com.mx\/index.php\/2024\/09\/20\/estacion-material-vol-3-feria-de-arte-contemporaneo-en-guadalajara\/\" \/>\n<meta property=\"og:locale\" content=\"es_MX\" \/>\n<meta property=\"og:type\" content=\"article\" \/>\n<meta property=\"og:title\" content=\"Estaci\u00f3n Material Vol. 3 | Feria de Arte Contempor\u00e1neo | Grid Magazine\" \/>\n<meta property=\"og:description\" content=\"Estaci\u00f3n Material Vol. 3 se presenta en Guadalajara, del 27 al 29 de septiembre, con 20 expositores y programaci\u00f3n cultural.\" \/>\n<meta property=\"og:url\" content=\"https:\/\/www.gridmag.com.mx\/index.php\/2024\/09\/20\/estacion-material-vol-3-feria-de-arte-contemporaneo-en-guadalajara\/\" \/>\n<meta property=\"og:site_name\" content=\"Grid Magazine\" \/>\n<meta property=\"article:publisher\" content=\"https:\/\/www.facebook.com\/gridmagazine.mx\" \/>\n<meta property=\"article:published_time\" content=\"2024-09-20T15:00:00+00:00\" \/>\n<meta property=\"og:image\" content=\"https:\/\/www.gridmag.com.mx\/wp-content\/uploads\/2024\/09\/Cred.CortesiaMaterial_007.jpg\" \/>\n\t<meta property=\"og:image:width\" content=\"2268\" \/>\n\t<meta property=\"og:image:height\" content=\"1512\" \/>\n\t<meta property=\"og:image:type\" content=\"image\/jpeg\" \/>\n<meta name=\"author\" content=\"Grid Magazine\" \/>\n<meta name=\"twitter:card\" content=\"summary_large_image\" \/>\n<meta name=\"twitter:label1\" content=\"Escrito por\" \/>\n\t<meta name=\"twitter:data1\" content=\"Grid Magazine\" \/>\n\t<meta name=\"twitter:label2\" content=\"Tiempo de lectura\" \/>\n\t<meta name=\"twitter:data2\" content=\"3 minutos\" \/>\n<script type=\"application\/ld+json\" class=\"yoast-schema-graph\">{\"@context\":\"https:\/\/schema.org\",\"@graph\":[{\"@type\":\"Article\",\"@id\":\"https:\/\/www.gridmag.com.mx\/index.php\/2024\/09\/20\/estacion-material-vol-3-feria-de-arte-contemporaneo-en-guadalajara\/#article\",\"isPartOf\":{\"@id\":\"https:\/\/www.gridmag.com.mx\/index.php\/2024\/09\/20\/estacion-material-vol-3-feria-de-arte-contemporaneo-en-guadalajara\/\"},\"author\":{\"name\":\"Grid Magazine\",\"@id\":\"https:\/\/www.gridmag.com.mx\/#\/schema\/person\/d54cddc75e2ecfe4a55e39c0336ae932\"},\"headline\":\"Estaci\u00f3n Material Vol. 3 | Feria de Arte Contempor\u00e1neo\",\"datePublished\":\"2024-09-20T15:00:00+00:00\",\"mainEntityOfPage\":{\"@id\":\"https:\/\/www.gridmag.com.mx\/index.php\/2024\/09\/20\/estacion-material-vol-3-feria-de-arte-contemporaneo-en-guadalajara\/\"},\"wordCount\":399,\"commentCount\":0,\"publisher\":{\"@id\":\"https:\/\/www.gridmag.com.mx\/#organization\"},\"image\":{\"@id\":\"https:\/\/www.gridmag.com.mx\/index.php\/2024\/09\/20\/estacion-material-vol-3-feria-de-arte-contemporaneo-en-guadalajara\/#primaryimage\"},\"thumbnailUrl\":\"https:\/\/www.gridmag.com.mx\/wp-content\/uploads\/2024\/09\/Cred.CortesiaMaterial_007.jpg\",\"articleSection\":[\"Arte\"],\"inLanguage\":\"es\",\"potentialAction\":[{\"@type\":\"CommentAction\",\"name\":\"Comment\",\"target\":[\"https:\/\/www.gridmag.com.mx\/index.php\/2024\/09\/20\/estacion-material-vol-3-feria-de-arte-contemporaneo-en-guadalajara\/#respond\"]}]},{\"@type\":\"WebPage\",\"@id\":\"https:\/\/www.gridmag.com.mx\/index.php\/2024\/09\/20\/estacion-material-vol-3-feria-de-arte-contemporaneo-en-guadalajara\/\",\"url\":\"https:\/\/www.gridmag.com.mx\/index.php\/2024\/09\/20\/estacion-material-vol-3-feria-de-arte-contemporaneo-en-guadalajara\/\",\"name\":\"Estaci\u00f3n Material Vol. 3 | Feria de Arte Contempor\u00e1neo | Grid Magazine\",\"isPartOf\":{\"@id\":\"https:\/\/www.gridmag.com.mx\/#website\"},\"primaryImageOfPage\":{\"@id\":\"https:\/\/www.gridmag.com.mx\/index.php\/2024\/09\/20\/estacion-material-vol-3-feria-de-arte-contemporaneo-en-guadalajara\/#primaryimage\"},\"image\":{\"@id\":\"https:\/\/www.gridmag.com.mx\/index.php\/2024\/09\/20\/estacion-material-vol-3-feria-de-arte-contemporaneo-en-guadalajara\/#primaryimage\"},\"thumbnailUrl\":\"https:\/\/www.gridmag.com.mx\/wp-content\/uploads\/2024\/09\/Cred.CortesiaMaterial_007.jpg\",\"datePublished\":\"2024-09-20T15:00:00+00:00\",\"description\":\"Estaci\u00f3n Material Vol. 3 se presenta en Guadalajara, del 27 al 29 de septiembre, con 20 expositores y programaci\u00f3n cultural.\",\"breadcrumb\":{\"@id\":\"https:\/\/www.gridmag.com.mx\/index.php\/2024\/09\/20\/estacion-material-vol-3-feria-de-arte-contemporaneo-en-guadalajara\/#breadcrumb\"},\"inLanguage\":\"es\",\"potentialAction\":[{\"@type\":\"ReadAction\",\"target\":[\"https:\/\/www.gridmag.com.mx\/index.php\/2024\/09\/20\/estacion-material-vol-3-feria-de-arte-contemporaneo-en-guadalajara\/\"]}]},{\"@type\":\"ImageObject\",\"inLanguage\":\"es\",\"@id\":\"https:\/\/www.gridmag.com.mx\/index.php\/2024\/09\/20\/estacion-material-vol-3-feria-de-arte-contemporaneo-en-guadalajara\/#primaryimage\",\"url\":\"https:\/\/www.gridmag.com.mx\/wp-content\/uploads\/2024\/09\/Cred.CortesiaMaterial_007.jpg\",\"contentUrl\":\"https:\/\/www.gridmag.com.mx\/wp-content\/uploads\/2024\/09\/Cred.CortesiaMaterial_007.jpg\",\"width\":2268,\"height\":1512},{\"@type\":\"BreadcrumbList\",\"@id\":\"https:\/\/www.gridmag.com.mx\/index.php\/2024\/09\/20\/estacion-material-vol-3-feria-de-arte-contemporaneo-en-guadalajara\/#breadcrumb\",\"itemListElement\":[{\"@type\":\"ListItem\",\"position\":1,\"name\":\"Inicio\",\"item\":\"https:\/\/www.gridmag.com.mx\/\"},{\"@type\":\"ListItem\",\"position\":2,\"name\":\"Estaci\u00f3n Material Vol. 3 | Feria de Arte Contempor\u00e1neo\"}]},{\"@type\":\"WebSite\",\"@id\":\"https:\/\/www.gridmag.com.mx\/#website\",\"url\":\"https:\/\/www.gridmag.com.mx\/\",\"name\":\"Grid Magazine\",\"description\":\"Compartiendo lo mejor de la arquitectura y dise\u00f1o mexicano.\",\"publisher\":{\"@id\":\"https:\/\/www.gridmag.com.mx\/#organization\"},\"potentialAction\":[{\"@type\":\"SearchAction\",\"target\":{\"@type\":\"EntryPoint\",\"urlTemplate\":\"https:\/\/www.gridmag.com.mx\/?s={search_term_string}\"},\"query-input\":{\"@type\":\"PropertyValueSpecification\",\"valueRequired\":true,\"valueName\":\"search_term_string\"}}],\"inLanguage\":\"es\"},{\"@type\":\"Organization\",\"@id\":\"https:\/\/www.gridmag.com.mx\/#organization\",\"name\":\"Grid Magazine\",\"url\":\"https:\/\/www.gridmag.com.mx\/\",\"logo\":{\"@type\":\"ImageObject\",\"inLanguage\":\"es\",\"@id\":\"https:\/\/www.gridmag.com.mx\/#\/schema\/logo\/image\/\",\"url\":\"\",\"contentUrl\":\"\",\"caption\":\"Grid Magazine\"},\"image\":{\"@id\":\"https:\/\/www.gridmag.com.mx\/#\/schema\/logo\/image\/\"},\"sameAs\":[\"https:\/\/www.facebook.com\/gridmagazine.mx\",\"https:\/\/www.instagram.com\/gridmagazine_mx\/\",\"https:\/\/www.tiktok.com\/@gridmagazine.mx?_t=8gl2kVR2Aq6&_r=1\",\"https:\/\/www.linkedin.com\/company\/grid-magazine-mx\/\"]},{\"@type\":\"Person\",\"@id\":\"https:\/\/www.gridmag.com.mx\/#\/schema\/person\/d54cddc75e2ecfe4a55e39c0336ae932\",\"name\":\"Grid Magazine\",\"image\":{\"@type\":\"ImageObject\",\"inLanguage\":\"es\",\"@id\":\"https:\/\/www.gridmag.com.mx\/#\/schema\/person\/image\/\",\"url\":\"https:\/\/secure.gravatar.com\/avatar\/8e4bd50943002dd6ee9db30e5af749244f3e21206a99c4fb42429117eaacfc83?s=96&d=mm&r=g\",\"contentUrl\":\"https:\/\/secure.gravatar.com\/avatar\/8e4bd50943002dd6ee9db30e5af749244f3e21206a99c4fb42429117eaacfc83?s=96&d=mm&r=g\",\"caption\":\"Grid Magazine\"},\"sameAs\":[\"https:\/\/www.gridmag.com.mx\"],\"url\":\"https:\/\/www.gridmag.com.mx\/index.php\/author\/grid-magazine-arq\/\"}]}<\/script>\n<!-- \/ Yoast SEO plugin. -->","yoast_head_json":{"title":"Estaci\u00f3n Material Vol. 3 | Feria de Arte Contempor\u00e1neo | Grid Magazine","description":"Estaci\u00f3n Material Vol. 3 se presenta en Guadalajara, del 27 al 29 de septiembre, con 20 expositores y programaci\u00f3n cultural.","robots":{"index":"index","follow":"follow","max-snippet":"max-snippet:-1","max-image-preview":"max-image-preview:large","max-video-preview":"max-video-preview:-1"},"canonical":"https:\/\/www.gridmag.com.mx\/index.php\/2024\/09\/20\/estacion-material-vol-3-feria-de-arte-contemporaneo-en-guadalajara\/","og_locale":"es_MX","og_type":"article","og_title":"Estaci\u00f3n Material Vol. 3 | Feria de Arte Contempor\u00e1neo | Grid Magazine","og_description":"Estaci\u00f3n Material Vol. 3 se presenta en Guadalajara, del 27 al 29 de septiembre, con 20 expositores y programaci\u00f3n cultural.","og_url":"https:\/\/www.gridmag.com.mx\/index.php\/2024\/09\/20\/estacion-material-vol-3-feria-de-arte-contemporaneo-en-guadalajara\/","og_site_name":"Grid Magazine","article_publisher":"https:\/\/www.facebook.com\/gridmagazine.mx","article_published_time":"2024-09-20T15:00:00+00:00","og_image":[{"width":2268,"height":1512,"url":"https:\/\/www.gridmag.com.mx\/wp-content\/uploads\/2024\/09\/Cred.CortesiaMaterial_007.jpg","type":"image\/jpeg"}],"author":"Grid Magazine","twitter_card":"summary_large_image","twitter_misc":{"Escrito por":"Grid Magazine","Tiempo de lectura":"3 minutos"},"schema":{"@context":"https:\/\/schema.org","@graph":[{"@type":"Article","@id":"https:\/\/www.gridmag.com.mx\/index.php\/2024\/09\/20\/estacion-material-vol-3-feria-de-arte-contemporaneo-en-guadalajara\/#article","isPartOf":{"@id":"https:\/\/www.gridmag.com.mx\/index.php\/2024\/09\/20\/estacion-material-vol-3-feria-de-arte-contemporaneo-en-guadalajara\/"},"author":{"name":"Grid Magazine","@id":"https:\/\/www.gridmag.com.mx\/#\/schema\/person\/d54cddc75e2ecfe4a55e39c0336ae932"},"headline":"Estaci\u00f3n Material Vol. 3 | Feria de Arte Contempor\u00e1neo","datePublished":"2024-09-20T15:00:00+00:00","mainEntityOfPage":{"@id":"https:\/\/www.gridmag.com.mx\/index.php\/2024\/09\/20\/estacion-material-vol-3-feria-de-arte-contemporaneo-en-guadalajara\/"},"wordCount":399,"commentCount":0,"publisher":{"@id":"https:\/\/www.gridmag.com.mx\/#organization"},"image":{"@id":"https:\/\/www.gridmag.com.mx\/index.php\/2024\/09\/20\/estacion-material-vol-3-feria-de-arte-contemporaneo-en-guadalajara\/#primaryimage"},"thumbnailUrl":"https:\/\/www.gridmag.com.mx\/wp-content\/uploads\/2024\/09\/Cred.CortesiaMaterial_007.jpg","articleSection":["Arte"],"inLanguage":"es","potentialAction":[{"@type":"CommentAction","name":"Comment","target":["https:\/\/www.gridmag.com.mx\/index.php\/2024\/09\/20\/estacion-material-vol-3-feria-de-arte-contemporaneo-en-guadalajara\/#respond"]}]},{"@type":"WebPage","@id":"https:\/\/www.gridmag.com.mx\/index.php\/2024\/09\/20\/estacion-material-vol-3-feria-de-arte-contemporaneo-en-guadalajara\/","url":"https:\/\/www.gridmag.com.mx\/index.php\/2024\/09\/20\/estacion-material-vol-3-feria-de-arte-contemporaneo-en-guadalajara\/","name":"Estaci\u00f3n Material Vol. 3 | Feria de Arte Contempor\u00e1neo | Grid Magazine","isPartOf":{"@id":"https:\/\/www.gridmag.com.mx\/#website"},"primaryImageOfPage":{"@id":"https:\/\/www.gridmag.com.mx\/index.php\/2024\/09\/20\/estacion-material-vol-3-feria-de-arte-contemporaneo-en-guadalajara\/#primaryimage"},"image":{"@id":"https:\/\/www.gridmag.com.mx\/index.php\/2024\/09\/20\/estacion-material-vol-3-feria-de-arte-contemporaneo-en-guadalajara\/#primaryimage"},"thumbnailUrl":"https:\/\/www.gridmag.com.mx\/wp-content\/uploads\/2024\/09\/Cred.CortesiaMaterial_007.jpg","datePublished":"2024-09-20T15:00:00+00:00","description":"Estaci\u00f3n Material Vol. 3 se presenta en Guadalajara, del 27 al 29 de septiembre, con 20 expositores y programaci\u00f3n cultural.","breadcrumb":{"@id":"https:\/\/www.gridmag.com.mx\/index.php\/2024\/09\/20\/estacion-material-vol-3-feria-de-arte-contemporaneo-en-guadalajara\/#breadcrumb"},"inLanguage":"es","potentialAction":[{"@type":"ReadAction","target":["https:\/\/www.gridmag.com.mx\/index.php\/2024\/09\/20\/estacion-material-vol-3-feria-de-arte-contemporaneo-en-guadalajara\/"]}]},{"@type":"ImageObject","inLanguage":"es","@id":"https:\/\/www.gridmag.com.mx\/index.php\/2024\/09\/20\/estacion-material-vol-3-feria-de-arte-contemporaneo-en-guadalajara\/#primaryimage","url":"https:\/\/www.gridmag.com.mx\/wp-content\/uploads\/2024\/09\/Cred.CortesiaMaterial_007.jpg","contentUrl":"https:\/\/www.gridmag.com.mx\/wp-content\/uploads\/2024\/09\/Cred.CortesiaMaterial_007.jpg","width":2268,"height":1512},{"@type":"BreadcrumbList","@id":"https:\/\/www.gridmag.com.mx\/index.php\/2024\/09\/20\/estacion-material-vol-3-feria-de-arte-contemporaneo-en-guadalajara\/#breadcrumb","itemListElement":[{"@type":"ListItem","position":1,"name":"Inicio","item":"https:\/\/www.gridmag.com.mx\/"},{"@type":"ListItem","position":2,"name":"Estaci\u00f3n Material Vol. 3 | Feria de Arte Contempor\u00e1neo"}]},{"@type":"WebSite","@id":"https:\/\/www.gridmag.com.mx\/#website","url":"https:\/\/www.gridmag.com.mx\/","name":"Grid Magazine","description":"Compartiendo lo mejor de la arquitectura y dise\u00f1o mexicano.","publisher":{"@id":"https:\/\/www.gridmag.com.mx\/#organization"},"potentialAction":[{"@type":"SearchAction","target":{"@type":"EntryPoint","urlTemplate":"https:\/\/www.gridmag.com.mx\/?s={search_term_string}"},"query-input":{"@type":"PropertyValueSpecification","valueRequired":true,"valueName":"search_term_string"}}],"inLanguage":"es"},{"@type":"Organization","@id":"https:\/\/www.gridmag.com.mx\/#organization","name":"Grid Magazine","url":"https:\/\/www.gridmag.com.mx\/","logo":{"@type":"ImageObject","inLanguage":"es","@id":"https:\/\/www.gridmag.com.mx\/#\/schema\/logo\/image\/","url":"","contentUrl":"","caption":"Grid Magazine"},"image":{"@id":"https:\/\/www.gridmag.com.mx\/#\/schema\/logo\/image\/"},"sameAs":["https:\/\/www.facebook.com\/gridmagazine.mx","https:\/\/www.instagram.com\/gridmagazine_mx\/","https:\/\/www.tiktok.com\/@gridmagazine.mx?_t=8gl2kVR2Aq6&_r=1","https:\/\/www.linkedin.com\/company\/grid-magazine-mx\/"]},{"@type":"Person","@id":"https:\/\/www.gridmag.com.mx\/#\/schema\/person\/d54cddc75e2ecfe4a55e39c0336ae932","name":"Grid Magazine","image":{"@type":"ImageObject","inLanguage":"es","@id":"https:\/\/www.gridmag.com.mx\/#\/schema\/person\/image\/","url":"https:\/\/secure.gravatar.com\/avatar\/8e4bd50943002dd6ee9db30e5af749244f3e21206a99c4fb42429117eaacfc83?s=96&d=mm&r=g","contentUrl":"https:\/\/secure.gravatar.com\/avatar\/8e4bd50943002dd6ee9db30e5af749244f3e21206a99c4fb42429117eaacfc83?s=96&d=mm&r=g","caption":"Grid Magazine"},"sameAs":["https:\/\/www.gridmag.com.mx"],"url":"https:\/\/www.gridmag.com.mx\/index.php\/author\/grid-magazine-arq\/"}]}},"_links":{"self":[{"href":"https:\/\/www.gridmag.com.mx\/index.php\/wp-json\/wp\/v2\/posts\/8323","targetHints":{"allow":["GET"]}}],"collection":[{"href":"https:\/\/www.gridmag.com.mx\/index.php\/wp-json\/wp\/v2\/posts"}],"about":[{"href":"https:\/\/www.gridmag.com.mx\/index.php\/wp-json\/wp\/v2\/types\/post"}],"author":[{"embeddable":true,"href":"https:\/\/www.gridmag.com.mx\/index.php\/wp-json\/wp\/v2\/users\/1"}],"replies":[{"embeddable":true,"href":"https:\/\/www.gridmag.com.mx\/index.php\/wp-json\/wp\/v2\/comments?post=8323"}],"version-history":[{"count":2,"href":"https:\/\/www.gridmag.com.mx\/index.php\/wp-json\/wp\/v2\/posts\/8323\/revisions"}],"predecessor-version":[{"id":8331,"href":"https:\/\/www.gridmag.com.mx\/index.php\/wp-json\/wp\/v2\/posts\/8323\/revisions\/8331"}],"wp:featuredmedia":[{"embeddable":true,"href":"https:\/\/www.gridmag.com.mx\/index.php\/wp-json\/wp\/v2\/media\/8324"}],"wp:attachment":[{"href":"https:\/\/www.gridmag.com.mx\/index.php\/wp-json\/wp\/v2\/media?parent=8323"}],"wp:term":[{"taxonomy":"category","embeddable":true,"href":"https:\/\/www.gridmag.com.mx\/index.php\/wp-json\/wp\/v2\/categories?post=8323"},{"taxonomy":"post_tag","embeddable":true,"href":"https:\/\/www.gridmag.com.mx\/index.php\/wp-json\/wp\/v2\/tags?post=8323"}],"curies":[{"name":"wp","href":"https:\/\/api.w.org\/{rel}","templated":true}]}}