{"id":8356,"date":"2024-09-25T09:00:00","date_gmt":"2024-09-25T15:00:00","guid":{"rendered":"https:\/\/www.gridmag.com.mx\/?p=8356"},"modified":"2024-09-24T21:12:47","modified_gmt":"2024-09-25T03:12:47","slug":"formato-baldio-imagenes-arquitectonicas-de-impacto-cultural","status":"publish","type":"post","link":"https:\/\/www.gridmag.com.mx\/index.php\/2024\/09\/25\/formato-baldio-imagenes-arquitectonicas-de-impacto-cultural\/","title":{"rendered":"Formato Bald\u00edo | Im\u00e1genes arquitect\u00f3nicas de impacto cultural"},"content":{"rendered":"\n\n\n<p><strong>Por Micael Parada<\/strong><\/p>\n\n\n\n<p><strong>Formato Bald\u00edo<\/strong> es un estudio que ha logrado captar la atenci\u00f3n en el \u00e1mbito del dise\u00f1o arquitect\u00f3nico gracias a su enfoque \u00fanico en la creaci\u00f3n de im\u00e1genes arquitect\u00f3nicas con un fuerte impacto cultural. Inspirado por el poema modernista <em>La Tierra Bald\u00eda<\/em> de T. S. Eliot, el estudio busca resignificar los s\u00edmbolos est\u00e9ticos y cuestionar los paradigmas del dise\u00f1o contempor\u00e1neo.<\/p>\n\n\n\n<figure class=\"wp-block-image size-large\"><img decoding=\"async\" width=\"685\" height=\"1024\" src=\"https:\/\/www.gridmag.com.mx\/wp-content\/uploads\/2024\/09\/000009-2-685x1024.jpg\" alt=\"Formato Bald\u00edo\" class=\"wp-image-8358\" srcset=\"https:\/\/www.gridmag.com.mx\/wp-content\/uploads\/2024\/09\/000009-2-685x1024.jpg 685w, https:\/\/www.gridmag.com.mx\/wp-content\/uploads\/2024\/09\/000009-2-201x300.jpg 201w, https:\/\/www.gridmag.com.mx\/wp-content\/uploads\/2024\/09\/000009-2-768x1147.jpg 768w, https:\/\/www.gridmag.com.mx\/wp-content\/uploads\/2024\/09\/000009-2-1028x1536.jpg 1028w, https:\/\/www.gridmag.com.mx\/wp-content\/uploads\/2024\/09\/000009-2-770x1150.jpg 770w, https:\/\/www.gridmag.com.mx\/wp-content\/uploads\/2024\/09\/000009-2.jpg 1134w\" sizes=\"(max-width: 685px) 100vw, 685px\" \/><\/figure>\n\n\n\n<h2 class=\"wp-block-heading\">Filosof\u00eda detr\u00e1s de Formato Bald\u00edo<\/h2>\n\n\n\n<p>El nombre del estudio proviene del famoso poema de T. S. Eliot, <em>La Tierra Bald\u00eda<\/em>, que resignifica un espacio aparentemente in\u00fatil en t\u00e9rminos pragm\u00e1ticos, pero que cobra un nuevo significado a trav\u00e9s de la po\u00e9tica. <em>Formato Bald\u00edo<\/em> adopta este enfoque para desafiar los gustos y dogmas establecidos en el dise\u00f1o arquitect\u00f3nico, explorando libremente las posibilidades est\u00e9ticas. Su objetivo es generar una cr\u00edtica visual que construya nuevos di\u00e1logos a trav\u00e9s de las im\u00e1genes.<\/p>\n\n\n\n<figure class=\"wp-block-image size-large\"><img decoding=\"async\" width=\"685\" height=\"1024\" src=\"https:\/\/www.gridmag.com.mx\/wp-content\/uploads\/2024\/09\/000020-685x1024.jpg\" alt=\"Formato Bald\u00edo\" class=\"wp-image-8359\" srcset=\"https:\/\/www.gridmag.com.mx\/wp-content\/uploads\/2024\/09\/000020-685x1024.jpg 685w, https:\/\/www.gridmag.com.mx\/wp-content\/uploads\/2024\/09\/000020-201x300.jpg 201w, https:\/\/www.gridmag.com.mx\/wp-content\/uploads\/2024\/09\/000020-768x1149.jpg 768w, https:\/\/www.gridmag.com.mx\/wp-content\/uploads\/2024\/09\/000020-770x1152.jpg 770w, https:\/\/www.gridmag.com.mx\/wp-content\/uploads\/2024\/09\/000020.jpg 992w\" sizes=\"(max-width: 685px) 100vw, 685px\" \/><\/figure>\n\n\n\n<h2 class=\"wp-block-heading\">El proceso creativo de Formato Bald\u00edo<\/h2>\n\n\n\n<p>Para <strong>Formato Bald\u00edo<\/strong>, el proceso creativo parte de la sensibilidad y el asombro. Cada proyecto comienza con una observaci\u00f3n atenta de aquello que genera una impresi\u00f3n emocional en los creadores. A partir de ah\u00ed, utilizan diversas t\u00e9cnicas que surgen de la curiosidad y la exploraci\u00f3n, asegur\u00e1ndose de que el resultado final evoque correctamente la emoci\u00f3n original que les inspir\u00f3.<\/p>\n\n\n\n<div class=\"wp-block-columns is-layout-flex wp-container-core-columns-is-layout-9d6595d7 wp-block-columns-is-layout-flex\">\n<div class=\"wp-block-column is-layout-flow wp-block-column-is-layout-flow\">\n<figure class=\"wp-block-image size-large\"><img decoding=\"async\" width=\"683\" height=\"1024\" src=\"https:\/\/www.gridmag.com.mx\/wp-content\/uploads\/2024\/09\/OBJ1_EXPO_MT-683x1024.png\" alt=\"\" class=\"wp-image-8360\" srcset=\"https:\/\/www.gridmag.com.mx\/wp-content\/uploads\/2024\/09\/OBJ1_EXPO_MT-683x1024.png 683w, https:\/\/www.gridmag.com.mx\/wp-content\/uploads\/2024\/09\/OBJ1_EXPO_MT-200x300.png 200w, https:\/\/www.gridmag.com.mx\/wp-content\/uploads\/2024\/09\/OBJ1_EXPO_MT-768x1152.png 768w, https:\/\/www.gridmag.com.mx\/wp-content\/uploads\/2024\/09\/OBJ1_EXPO_MT-1024x1536.png 1024w, https:\/\/www.gridmag.com.mx\/wp-content\/uploads\/2024\/09\/OBJ1_EXPO_MT-1366x2048.png 1366w, https:\/\/www.gridmag.com.mx\/wp-content\/uploads\/2024\/09\/OBJ1_EXPO_MT-770x1155.png 770w, https:\/\/www.gridmag.com.mx\/wp-content\/uploads\/2024\/09\/OBJ1_EXPO_MT-1400x2100.png 1400w, https:\/\/www.gridmag.com.mx\/wp-content\/uploads\/2024\/09\/OBJ1_EXPO_MT.png 1701w\" sizes=\"(max-width: 683px) 100vw, 683px\" \/><\/figure>\n<\/div>\n\n\n\n<div class=\"wp-block-column is-layout-flow wp-block-column-is-layout-flow\">\n<figure class=\"wp-block-image size-large\"><img decoding=\"async\" width=\"683\" height=\"1024\" src=\"https:\/\/www.gridmag.com.mx\/wp-content\/uploads\/2024\/09\/OBJ3_EXPO_MT-683x1024.png\" alt=\"\" class=\"wp-image-8361\" srcset=\"https:\/\/www.gridmag.com.mx\/wp-content\/uploads\/2024\/09\/OBJ3_EXPO_MT-683x1024.png 683w, https:\/\/www.gridmag.com.mx\/wp-content\/uploads\/2024\/09\/OBJ3_EXPO_MT-200x300.png 200w, https:\/\/www.gridmag.com.mx\/wp-content\/uploads\/2024\/09\/OBJ3_EXPO_MT-768x1152.png 768w, https:\/\/www.gridmag.com.mx\/wp-content\/uploads\/2024\/09\/OBJ3_EXPO_MT-1024x1536.png 1024w, https:\/\/www.gridmag.com.mx\/wp-content\/uploads\/2024\/09\/OBJ3_EXPO_MT-1365x2048.png 1365w, https:\/\/www.gridmag.com.mx\/wp-content\/uploads\/2024\/09\/OBJ3_EXPO_MT-770x1155.png 770w, https:\/\/www.gridmag.com.mx\/wp-content\/uploads\/2024\/09\/OBJ3_EXPO_MT-1400x2100.png 1400w, https:\/\/www.gridmag.com.mx\/wp-content\/uploads\/2024\/09\/OBJ3_EXPO_MT.png 1644w\" sizes=\"(max-width: 683px) 100vw, 683px\" \/><\/figure>\n<\/div>\n<\/div>\n\n\n\n<h2 class=\"wp-block-heading\">Elementos esenciales en una imagen arquitect\u00f3nica<\/h2>\n\n\n\n<p>Seg\u00fan <strong>Formato Bald\u00edo<\/strong>, para que una imagen <a href=\"https:\/\/www.gridmag.com.mx\/index.php\/2024\/06\/17\/guia-de-herramientas-eseciales-para-arquitectura-y-diseno\/\">arquitect\u00f3nica<\/a> tenga un impacto cultural significativo, debe generar di\u00e1logo. En un contexto donde abundan los s\u00edmbolos y referencias preestablecidas, es crucial que las im\u00e1genes no se limiten a ser reflejos de gustos o dogmas, sino que inviten a la reflexi\u00f3n cr\u00edtica y la reinterpretaci\u00f3n cultural.<\/p>\n\n\n\n<figure class=\"wp-block-image size-large\"><img decoding=\"async\" width=\"685\" height=\"1024\" src=\"https:\/\/www.gridmag.com.mx\/wp-content\/uploads\/2024\/09\/IMG_6521-3-685x1024.jpg\" alt=\"Formato Bald\u00edo\" class=\"wp-image-8362\" srcset=\"https:\/\/www.gridmag.com.mx\/wp-content\/uploads\/2024\/09\/IMG_6521-3-685x1024.jpg 685w, https:\/\/www.gridmag.com.mx\/wp-content\/uploads\/2024\/09\/IMG_6521-3-201x300.jpg 201w, https:\/\/www.gridmag.com.mx\/wp-content\/uploads\/2024\/09\/IMG_6521-3-768x1148.jpg 768w, https:\/\/www.gridmag.com.mx\/wp-content\/uploads\/2024\/09\/IMG_6521-3-1028x1536.jpg 1028w, https:\/\/www.gridmag.com.mx\/wp-content\/uploads\/2024\/09\/IMG_6521-3-770x1151.jpg 770w, https:\/\/www.gridmag.com.mx\/wp-content\/uploads\/2024\/09\/IMG_6521-3.jpg 1247w\" sizes=\"(max-width: 685px) 100vw, 685px\" \/><\/figure>\n\n\n\n<h2 class=\"wp-block-heading\">Inspiraci\u00f3n y referencias art\u00edsticas<\/h2>\n\n\n\n<p>El estudio se inspira en una variedad de artistas y arquitectos que han dejado una huella en la historia del arte y la arquitectura. Algunos de sus principales referentes incluyen:<\/p>\n\n\n\n<ul class=\"wp-block-list\">\n<li>Constantin Brancusi<\/li>\n\n\n\n<li>Tezontle<\/li>\n\n\n\n<li>Gonzalo Fonseca<\/li>\n\n\n\n<li>Pedro Reyes<\/li>\n<\/ul>\n\n\n\n<p>Estos nombres influyen en su trabajo, aportando a la riqueza conceptual y est\u00e9tica de sus creaciones.<\/p>\n\n\n\n<h2 class=\"wp-block-heading\">Proyectos emblem\u00e1ticos de Formato Bald\u00edo<\/h2>\n\n\n\n<p>Uno de los proyectos m\u00e1s significativos para <strong>Formato Bald\u00edo<\/strong> ha sido el libro <em>A Mycological Foray<\/em> de John Cage, una colecci\u00f3n que rinde homenaje a las pasiones improductivas y los sentimientos llenos de ternura. Este proyecto refleja su inter\u00e9s por las obras que trascienden lo meramente funcional y se adentran en lo emocional y po\u00e9tico.<\/p>\n\n\n\n<div class=\"wp-block-columns is-layout-flex wp-container-core-columns-is-layout-9d6595d7 wp-block-columns-is-layout-flex\">\n<div class=\"wp-block-column is-layout-flow wp-block-column-is-layout-flow\">\n<figure class=\"wp-block-image size-large\"><img decoding=\"async\" width=\"683\" height=\"1024\" src=\"https:\/\/www.gridmag.com.mx\/wp-content\/uploads\/2024\/09\/OBJ4_EXPO_MT-683x1024.png\" alt=\"\" class=\"wp-image-8363\" srcset=\"https:\/\/www.gridmag.com.mx\/wp-content\/uploads\/2024\/09\/OBJ4_EXPO_MT-683x1024.png 683w, https:\/\/www.gridmag.com.mx\/wp-content\/uploads\/2024\/09\/OBJ4_EXPO_MT-200x300.png 200w, https:\/\/www.gridmag.com.mx\/wp-content\/uploads\/2024\/09\/OBJ4_EXPO_MT-768x1152.png 768w, https:\/\/www.gridmag.com.mx\/wp-content\/uploads\/2024\/09\/OBJ4_EXPO_MT-1024x1536.png 1024w, https:\/\/www.gridmag.com.mx\/wp-content\/uploads\/2024\/09\/OBJ4_EXPO_MT-1365x2048.png 1365w, https:\/\/www.gridmag.com.mx\/wp-content\/uploads\/2024\/09\/OBJ4_EXPO_MT-770x1155.png 770w, https:\/\/www.gridmag.com.mx\/wp-content\/uploads\/2024\/09\/OBJ4_EXPO_MT-1400x2100.png 1400w, https:\/\/www.gridmag.com.mx\/wp-content\/uploads\/2024\/09\/OBJ4_EXPO_MT.png 1644w\" sizes=\"(max-width: 683px) 100vw, 683px\" \/><\/figure>\n<\/div>\n\n\n\n<div class=\"wp-block-column is-layout-flow wp-block-column-is-layout-flow\">\n<figure class=\"wp-block-image size-large\"><img decoding=\"async\" width=\"683\" height=\"1024\" src=\"https:\/\/www.gridmag.com.mx\/wp-content\/uploads\/2024\/09\/OBJ5_EXPO_MT-683x1024.png\" alt=\"\" class=\"wp-image-8364\" srcset=\"https:\/\/www.gridmag.com.mx\/wp-content\/uploads\/2024\/09\/OBJ5_EXPO_MT-683x1024.png 683w, https:\/\/www.gridmag.com.mx\/wp-content\/uploads\/2024\/09\/OBJ5_EXPO_MT-200x300.png 200w, https:\/\/www.gridmag.com.mx\/wp-content\/uploads\/2024\/09\/OBJ5_EXPO_MT-768x1152.png 768w, https:\/\/www.gridmag.com.mx\/wp-content\/uploads\/2024\/09\/OBJ5_EXPO_MT-1024x1536.png 1024w, https:\/\/www.gridmag.com.mx\/wp-content\/uploads\/2024\/09\/OBJ5_EXPO_MT-1365x2048.png 1365w, https:\/\/www.gridmag.com.mx\/wp-content\/uploads\/2024\/09\/OBJ5_EXPO_MT-770x1155.png 770w, https:\/\/www.gridmag.com.mx\/wp-content\/uploads\/2024\/09\/OBJ5_EXPO_MT-1400x2100.png 1400w, https:\/\/www.gridmag.com.mx\/wp-content\/uploads\/2024\/09\/OBJ5_EXPO_MT.png 1559w\" sizes=\"(max-width: 683px) 100vw, 683px\" \/><\/figure>\n<\/div>\n<\/div>\n\n\n\n<h2 class=\"wp-block-heading\">Colaboraciones y evoluci\u00f3n<\/h2>\n\n\n\n<p>A lo largo de los a\u00f1os,<strong> Formato Bald\u00edo<\/strong> ha evolucionado en t\u00e9rminos de forma, pero ha mantenido su enfoque central en el &#8220;por qu\u00e9&#8221; y el &#8220;c\u00f3mo&#8221;. El estudio colabora principalmente con profesionales e instituciones que abordan su trabajo desde una \u00f3ptica humanista, lo que les permite encontrar puntos en com\u00fan y desarrollar proyectos que tienen un impacto cultural profundo.<\/p>\n\n\n\n<h2 class=\"wp-block-heading\">Planes futuros de Formato Bald\u00edo<\/h2>\n\n\n\n<p>Despu\u00e9s de su participaci\u00f3n en la <strong>Residencia de Plataforma Activa de Dise\u00f1o, Formato Bald\u00edo <\/strong>planea dedicarse a una etapa de dise\u00f1o menos intelectualizada y m\u00e1s intuitiva, donde la sensibilidad y el oficio ser\u00e1n los protagonistas. Este enfoque promete abrir nuevas direcciones creativas para el estudio.<\/p>\n\n\n\n<div class=\"wp-block-columns is-layout-flex wp-container-core-columns-is-layout-9d6595d7 wp-block-columns-is-layout-flex\">\n<div class=\"wp-block-column is-layout-flow wp-block-column-is-layout-flow\">\n<figure class=\"wp-block-image size-large\"><img decoding=\"async\" width=\"575\" height=\"1024\" src=\"https:\/\/www.gridmag.com.mx\/wp-content\/uploads\/2024\/09\/foto_expo3-575x1024.png\" alt=\"Formato Bald\u00edo\" class=\"wp-image-8365\" srcset=\"https:\/\/www.gridmag.com.mx\/wp-content\/uploads\/2024\/09\/foto_expo3-575x1024.png 575w, https:\/\/www.gridmag.com.mx\/wp-content\/uploads\/2024\/09\/foto_expo3-169x300.png 169w, https:\/\/www.gridmag.com.mx\/wp-content\/uploads\/2024\/09\/foto_expo3.png 680w\" sizes=\"(max-width: 575px) 100vw, 575px\" \/><\/figure>\n<\/div>\n<\/div>\n\n\n\n<h2 class=\"wp-block-heading\">Consejos para j\u00f3venes dise\u00f1adores<\/h2>\n\n\n\n<p><strong>Formato Bald\u00edo <\/strong>ofrece un valioso consejo para los j\u00f3venes dise\u00f1adores que aspiran a trabajar en la creaci\u00f3n de im\u00e1genes arquitect\u00f3nicas con impacto cultural: &#8220;No tengan prisa&#8221;. El estudio recalca la importancia de cultivar el car\u00e1cter y el criterio propio durante la etapa acad\u00e9mica y no dejarse llevar por la velocidad del mundo competitivo. La paciencia, seg\u00fan ellos, es clave para desarrollar proyectos con verdadera intenci\u00f3n y esp\u00edritu.<\/p>\n\n\n\n<figure class=\"wp-block-image size-large\"><img decoding=\"async\" width=\"682\" height=\"1024\" src=\"https:\/\/www.gridmag.com.mx\/wp-content\/uploads\/2024\/09\/FOTO_BNCO_6-682x1024.png\" alt=\"\" class=\"wp-image-8368\" srcset=\"https:\/\/www.gridmag.com.mx\/wp-content\/uploads\/2024\/09\/FOTO_BNCO_6-682x1024.png 682w, https:\/\/www.gridmag.com.mx\/wp-content\/uploads\/2024\/09\/FOTO_BNCO_6-200x300.png 200w, https:\/\/www.gridmag.com.mx\/wp-content\/uploads\/2024\/09\/FOTO_BNCO_6.png 737w\" sizes=\"(max-width: 682px) 100vw, 682px\" \/><\/figure>\n\n\n\n<div style=\"height:10px\" aria-hidden=\"true\" class=\"wp-block-spacer\"><\/div>\n\n\n\n<p>IG: <a href=\"https:\/\/www.instagram.com\/formato.baldio\/?hl=es\">@formato.baldio<\/a><\/p>\n","protected":false},"excerpt":{"rendered":"<p>Por Micael Parada Formato Bald\u00edo es un estudio que ha logrado captar la atenci\u00f3n en el \u00e1mbito del dise\u00f1o arquitect\u00f3nico gracias a su enfoque \u00fanico en la creaci\u00f3n de im\u00e1genes arquitect\u00f3nicas con un fuerte impacto cultural. Inspirado por el poema modernista La Tierra Bald\u00eda de T. S. Eliot, el estudio busca resignificar los s\u00edmbolos est\u00e9ticos y cuestionar los paradigmas del dise\u00f1o contempor\u00e1neo. Filosof\u00eda detr\u00e1s de Formato Bald\u00edo El nombre del estudio proviene del famoso poema de T. S. Eliot, La [&hellip;]<\/p>\n","protected":false},"author":1,"featured_media":8357,"comment_status":"open","ping_status":"open","sticky":false,"template":"","format":"standard","meta":{"footnotes":""},"categories":[49],"tags":[],"class_list":["post-8356","post","type-post","status-publish","format-standard","has-post-thumbnail","hentry","category-arquitectura"],"yoast_head":"<!-- This site is optimized with the Yoast SEO plugin v27.0 - https:\/\/yoast.com\/product\/yoast-seo-wordpress\/ -->\n<title>Formato Bald\u00edo | Im\u00e1genes arquitect\u00f3nicas de impacto cultural | Grid Magazine<\/title>\n<meta name=\"description\" content=\"Descubre c\u00f3mo Formato Bald\u00edo crea im\u00e1genes arquitect\u00f3nicas con impacto cultural, resignificando s\u00edmbolos y paradigmas.\" \/>\n<meta name=\"robots\" content=\"index, follow, max-snippet:-1, max-image-preview:large, max-video-preview:-1\" \/>\n<link rel=\"canonical\" href=\"https:\/\/www.gridmag.com.mx\/index.php\/2024\/09\/25\/formato-baldio-imagenes-arquitectonicas-de-impacto-cultural\/\" \/>\n<meta property=\"og:locale\" content=\"es_MX\" \/>\n<meta property=\"og:type\" content=\"article\" \/>\n<meta property=\"og:title\" content=\"Formato Bald\u00edo | Im\u00e1genes arquitect\u00f3nicas de impacto cultural | Grid Magazine\" \/>\n<meta property=\"og:description\" content=\"Descubre c\u00f3mo Formato Bald\u00edo crea im\u00e1genes arquitect\u00f3nicas con impacto cultural, resignificando s\u00edmbolos y paradigmas.\" \/>\n<meta property=\"og:url\" content=\"https:\/\/www.gridmag.com.mx\/index.php\/2024\/09\/25\/formato-baldio-imagenes-arquitectonicas-de-impacto-cultural\/\" \/>\n<meta property=\"og:site_name\" content=\"Grid Magazine\" \/>\n<meta property=\"article:publisher\" content=\"https:\/\/www.facebook.com\/gridmagazine.mx\" \/>\n<meta property=\"article:published_time\" content=\"2024-09-25T15:00:00+00:00\" \/>\n<meta property=\"og:image\" content=\"https:\/\/www.gridmag.com.mx\/wp-content\/uploads\/2024\/09\/FORMATO-BALDIO-PORTADA.png\" \/>\n\t<meta property=\"og:image:width\" content=\"1219\" \/>\n\t<meta property=\"og:image:height\" content=\"658\" \/>\n\t<meta property=\"og:image:type\" content=\"image\/png\" \/>\n<meta name=\"author\" content=\"Grid Magazine\" \/>\n<meta name=\"twitter:card\" content=\"summary_large_image\" \/>\n<meta name=\"twitter:label1\" content=\"Escrito por\" \/>\n\t<meta name=\"twitter:data1\" content=\"Grid Magazine\" \/>\n\t<meta name=\"twitter:label2\" content=\"Tiempo de lectura\" \/>\n\t<meta name=\"twitter:data2\" content=\"5 minutos\" \/>\n<script type=\"application\/ld+json\" class=\"yoast-schema-graph\">{\"@context\":\"https:\/\/schema.org\",\"@graph\":[{\"@type\":\"Article\",\"@id\":\"https:\/\/www.gridmag.com.mx\/index.php\/2024\/09\/25\/formato-baldio-imagenes-arquitectonicas-de-impacto-cultural\/#article\",\"isPartOf\":{\"@id\":\"https:\/\/www.gridmag.com.mx\/index.php\/2024\/09\/25\/formato-baldio-imagenes-arquitectonicas-de-impacto-cultural\/\"},\"author\":{\"name\":\"Grid Magazine\",\"@id\":\"https:\/\/www.gridmag.com.mx\/#\/schema\/person\/d54cddc75e2ecfe4a55e39c0336ae932\"},\"headline\":\"Formato Bald\u00edo | Im\u00e1genes arquitect\u00f3nicas de impacto cultural\",\"datePublished\":\"2024-09-25T15:00:00+00:00\",\"mainEntityOfPage\":{\"@id\":\"https:\/\/www.gridmag.com.mx\/index.php\/2024\/09\/25\/formato-baldio-imagenes-arquitectonicas-de-impacto-cultural\/\"},\"wordCount\":660,\"commentCount\":0,\"publisher\":{\"@id\":\"https:\/\/www.gridmag.com.mx\/#organization\"},\"image\":{\"@id\":\"https:\/\/www.gridmag.com.mx\/index.php\/2024\/09\/25\/formato-baldio-imagenes-arquitectonicas-de-impacto-cultural\/#primaryimage\"},\"thumbnailUrl\":\"https:\/\/www.gridmag.com.mx\/wp-content\/uploads\/2024\/09\/FORMATO-BALDIO-PORTADA.png\",\"articleSection\":[\"Arquitectura\"],\"inLanguage\":\"es\",\"potentialAction\":[{\"@type\":\"CommentAction\",\"name\":\"Comment\",\"target\":[\"https:\/\/www.gridmag.com.mx\/index.php\/2024\/09\/25\/formato-baldio-imagenes-arquitectonicas-de-impacto-cultural\/#respond\"]}]},{\"@type\":\"WebPage\",\"@id\":\"https:\/\/www.gridmag.com.mx\/index.php\/2024\/09\/25\/formato-baldio-imagenes-arquitectonicas-de-impacto-cultural\/\",\"url\":\"https:\/\/www.gridmag.com.mx\/index.php\/2024\/09\/25\/formato-baldio-imagenes-arquitectonicas-de-impacto-cultural\/\",\"name\":\"Formato Bald\u00edo | Im\u00e1genes arquitect\u00f3nicas de impacto cultural | Grid Magazine\",\"isPartOf\":{\"@id\":\"https:\/\/www.gridmag.com.mx\/#website\"},\"primaryImageOfPage\":{\"@id\":\"https:\/\/www.gridmag.com.mx\/index.php\/2024\/09\/25\/formato-baldio-imagenes-arquitectonicas-de-impacto-cultural\/#primaryimage\"},\"image\":{\"@id\":\"https:\/\/www.gridmag.com.mx\/index.php\/2024\/09\/25\/formato-baldio-imagenes-arquitectonicas-de-impacto-cultural\/#primaryimage\"},\"thumbnailUrl\":\"https:\/\/www.gridmag.com.mx\/wp-content\/uploads\/2024\/09\/FORMATO-BALDIO-PORTADA.png\",\"datePublished\":\"2024-09-25T15:00:00+00:00\",\"description\":\"Descubre c\u00f3mo Formato Bald\u00edo crea im\u00e1genes arquitect\u00f3nicas con impacto cultural, resignificando s\u00edmbolos y paradigmas.\",\"breadcrumb\":{\"@id\":\"https:\/\/www.gridmag.com.mx\/index.php\/2024\/09\/25\/formato-baldio-imagenes-arquitectonicas-de-impacto-cultural\/#breadcrumb\"},\"inLanguage\":\"es\",\"potentialAction\":[{\"@type\":\"ReadAction\",\"target\":[\"https:\/\/www.gridmag.com.mx\/index.php\/2024\/09\/25\/formato-baldio-imagenes-arquitectonicas-de-impacto-cultural\/\"]}]},{\"@type\":\"ImageObject\",\"inLanguage\":\"es\",\"@id\":\"https:\/\/www.gridmag.com.mx\/index.php\/2024\/09\/25\/formato-baldio-imagenes-arquitectonicas-de-impacto-cultural\/#primaryimage\",\"url\":\"https:\/\/www.gridmag.com.mx\/wp-content\/uploads\/2024\/09\/FORMATO-BALDIO-PORTADA.png\",\"contentUrl\":\"https:\/\/www.gridmag.com.mx\/wp-content\/uploads\/2024\/09\/FORMATO-BALDIO-PORTADA.png\",\"width\":1219,\"height\":658},{\"@type\":\"BreadcrumbList\",\"@id\":\"https:\/\/www.gridmag.com.mx\/index.php\/2024\/09\/25\/formato-baldio-imagenes-arquitectonicas-de-impacto-cultural\/#breadcrumb\",\"itemListElement\":[{\"@type\":\"ListItem\",\"position\":1,\"name\":\"Inicio\",\"item\":\"https:\/\/www.gridmag.com.mx\/\"},{\"@type\":\"ListItem\",\"position\":2,\"name\":\"Formato Bald\u00edo | Im\u00e1genes arquitect\u00f3nicas de impacto cultural\"}]},{\"@type\":\"WebSite\",\"@id\":\"https:\/\/www.gridmag.com.mx\/#website\",\"url\":\"https:\/\/www.gridmag.com.mx\/\",\"name\":\"Grid Magazine\",\"description\":\"Compartiendo lo mejor de la arquitectura y dise\u00f1o mexicano.\",\"publisher\":{\"@id\":\"https:\/\/www.gridmag.com.mx\/#organization\"},\"potentialAction\":[{\"@type\":\"SearchAction\",\"target\":{\"@type\":\"EntryPoint\",\"urlTemplate\":\"https:\/\/www.gridmag.com.mx\/?s={search_term_string}\"},\"query-input\":{\"@type\":\"PropertyValueSpecification\",\"valueRequired\":true,\"valueName\":\"search_term_string\"}}],\"inLanguage\":\"es\"},{\"@type\":\"Organization\",\"@id\":\"https:\/\/www.gridmag.com.mx\/#organization\",\"name\":\"Grid Magazine\",\"url\":\"https:\/\/www.gridmag.com.mx\/\",\"logo\":{\"@type\":\"ImageObject\",\"inLanguage\":\"es\",\"@id\":\"https:\/\/www.gridmag.com.mx\/#\/schema\/logo\/image\/\",\"url\":\"\",\"contentUrl\":\"\",\"caption\":\"Grid Magazine\"},\"image\":{\"@id\":\"https:\/\/www.gridmag.com.mx\/#\/schema\/logo\/image\/\"},\"sameAs\":[\"https:\/\/www.facebook.com\/gridmagazine.mx\",\"https:\/\/www.instagram.com\/gridmagazine_mx\/\",\"https:\/\/www.tiktok.com\/@gridmagazine.mx?_t=8gl2kVR2Aq6&_r=1\",\"https:\/\/www.linkedin.com\/company\/grid-magazine-mx\/\"]},{\"@type\":\"Person\",\"@id\":\"https:\/\/www.gridmag.com.mx\/#\/schema\/person\/d54cddc75e2ecfe4a55e39c0336ae932\",\"name\":\"Grid Magazine\",\"image\":{\"@type\":\"ImageObject\",\"inLanguage\":\"es\",\"@id\":\"https:\/\/www.gridmag.com.mx\/#\/schema\/person\/image\/\",\"url\":\"https:\/\/secure.gravatar.com\/avatar\/8e4bd50943002dd6ee9db30e5af749244f3e21206a99c4fb42429117eaacfc83?s=96&d=mm&r=g\",\"contentUrl\":\"https:\/\/secure.gravatar.com\/avatar\/8e4bd50943002dd6ee9db30e5af749244f3e21206a99c4fb42429117eaacfc83?s=96&d=mm&r=g\",\"caption\":\"Grid Magazine\"},\"sameAs\":[\"https:\/\/www.gridmag.com.mx\"],\"url\":\"https:\/\/www.gridmag.com.mx\/index.php\/author\/grid-magazine-arq\/\"}]}<\/script>\n<!-- \/ Yoast SEO plugin. -->","yoast_head_json":{"title":"Formato Bald\u00edo | Im\u00e1genes arquitect\u00f3nicas de impacto cultural | Grid Magazine","description":"Descubre c\u00f3mo Formato Bald\u00edo crea im\u00e1genes arquitect\u00f3nicas con impacto cultural, resignificando s\u00edmbolos y paradigmas.","robots":{"index":"index","follow":"follow","max-snippet":"max-snippet:-1","max-image-preview":"max-image-preview:large","max-video-preview":"max-video-preview:-1"},"canonical":"https:\/\/www.gridmag.com.mx\/index.php\/2024\/09\/25\/formato-baldio-imagenes-arquitectonicas-de-impacto-cultural\/","og_locale":"es_MX","og_type":"article","og_title":"Formato Bald\u00edo | Im\u00e1genes arquitect\u00f3nicas de impacto cultural | Grid Magazine","og_description":"Descubre c\u00f3mo Formato Bald\u00edo crea im\u00e1genes arquitect\u00f3nicas con impacto cultural, resignificando s\u00edmbolos y paradigmas.","og_url":"https:\/\/www.gridmag.com.mx\/index.php\/2024\/09\/25\/formato-baldio-imagenes-arquitectonicas-de-impacto-cultural\/","og_site_name":"Grid Magazine","article_publisher":"https:\/\/www.facebook.com\/gridmagazine.mx","article_published_time":"2024-09-25T15:00:00+00:00","og_image":[{"width":1219,"height":658,"url":"https:\/\/www.gridmag.com.mx\/wp-content\/uploads\/2024\/09\/FORMATO-BALDIO-PORTADA.png","type":"image\/png"}],"author":"Grid Magazine","twitter_card":"summary_large_image","twitter_misc":{"Escrito por":"Grid Magazine","Tiempo de lectura":"5 minutos"},"schema":{"@context":"https:\/\/schema.org","@graph":[{"@type":"Article","@id":"https:\/\/www.gridmag.com.mx\/index.php\/2024\/09\/25\/formato-baldio-imagenes-arquitectonicas-de-impacto-cultural\/#article","isPartOf":{"@id":"https:\/\/www.gridmag.com.mx\/index.php\/2024\/09\/25\/formato-baldio-imagenes-arquitectonicas-de-impacto-cultural\/"},"author":{"name":"Grid Magazine","@id":"https:\/\/www.gridmag.com.mx\/#\/schema\/person\/d54cddc75e2ecfe4a55e39c0336ae932"},"headline":"Formato Bald\u00edo | Im\u00e1genes arquitect\u00f3nicas de impacto cultural","datePublished":"2024-09-25T15:00:00+00:00","mainEntityOfPage":{"@id":"https:\/\/www.gridmag.com.mx\/index.php\/2024\/09\/25\/formato-baldio-imagenes-arquitectonicas-de-impacto-cultural\/"},"wordCount":660,"commentCount":0,"publisher":{"@id":"https:\/\/www.gridmag.com.mx\/#organization"},"image":{"@id":"https:\/\/www.gridmag.com.mx\/index.php\/2024\/09\/25\/formato-baldio-imagenes-arquitectonicas-de-impacto-cultural\/#primaryimage"},"thumbnailUrl":"https:\/\/www.gridmag.com.mx\/wp-content\/uploads\/2024\/09\/FORMATO-BALDIO-PORTADA.png","articleSection":["Arquitectura"],"inLanguage":"es","potentialAction":[{"@type":"CommentAction","name":"Comment","target":["https:\/\/www.gridmag.com.mx\/index.php\/2024\/09\/25\/formato-baldio-imagenes-arquitectonicas-de-impacto-cultural\/#respond"]}]},{"@type":"WebPage","@id":"https:\/\/www.gridmag.com.mx\/index.php\/2024\/09\/25\/formato-baldio-imagenes-arquitectonicas-de-impacto-cultural\/","url":"https:\/\/www.gridmag.com.mx\/index.php\/2024\/09\/25\/formato-baldio-imagenes-arquitectonicas-de-impacto-cultural\/","name":"Formato Bald\u00edo | Im\u00e1genes arquitect\u00f3nicas de impacto cultural | Grid Magazine","isPartOf":{"@id":"https:\/\/www.gridmag.com.mx\/#website"},"primaryImageOfPage":{"@id":"https:\/\/www.gridmag.com.mx\/index.php\/2024\/09\/25\/formato-baldio-imagenes-arquitectonicas-de-impacto-cultural\/#primaryimage"},"image":{"@id":"https:\/\/www.gridmag.com.mx\/index.php\/2024\/09\/25\/formato-baldio-imagenes-arquitectonicas-de-impacto-cultural\/#primaryimage"},"thumbnailUrl":"https:\/\/www.gridmag.com.mx\/wp-content\/uploads\/2024\/09\/FORMATO-BALDIO-PORTADA.png","datePublished":"2024-09-25T15:00:00+00:00","description":"Descubre c\u00f3mo Formato Bald\u00edo crea im\u00e1genes arquitect\u00f3nicas con impacto cultural, resignificando s\u00edmbolos y paradigmas.","breadcrumb":{"@id":"https:\/\/www.gridmag.com.mx\/index.php\/2024\/09\/25\/formato-baldio-imagenes-arquitectonicas-de-impacto-cultural\/#breadcrumb"},"inLanguage":"es","potentialAction":[{"@type":"ReadAction","target":["https:\/\/www.gridmag.com.mx\/index.php\/2024\/09\/25\/formato-baldio-imagenes-arquitectonicas-de-impacto-cultural\/"]}]},{"@type":"ImageObject","inLanguage":"es","@id":"https:\/\/www.gridmag.com.mx\/index.php\/2024\/09\/25\/formato-baldio-imagenes-arquitectonicas-de-impacto-cultural\/#primaryimage","url":"https:\/\/www.gridmag.com.mx\/wp-content\/uploads\/2024\/09\/FORMATO-BALDIO-PORTADA.png","contentUrl":"https:\/\/www.gridmag.com.mx\/wp-content\/uploads\/2024\/09\/FORMATO-BALDIO-PORTADA.png","width":1219,"height":658},{"@type":"BreadcrumbList","@id":"https:\/\/www.gridmag.com.mx\/index.php\/2024\/09\/25\/formato-baldio-imagenes-arquitectonicas-de-impacto-cultural\/#breadcrumb","itemListElement":[{"@type":"ListItem","position":1,"name":"Inicio","item":"https:\/\/www.gridmag.com.mx\/"},{"@type":"ListItem","position":2,"name":"Formato Bald\u00edo | Im\u00e1genes arquitect\u00f3nicas de impacto cultural"}]},{"@type":"WebSite","@id":"https:\/\/www.gridmag.com.mx\/#website","url":"https:\/\/www.gridmag.com.mx\/","name":"Grid Magazine","description":"Compartiendo lo mejor de la arquitectura y dise\u00f1o mexicano.","publisher":{"@id":"https:\/\/www.gridmag.com.mx\/#organization"},"potentialAction":[{"@type":"SearchAction","target":{"@type":"EntryPoint","urlTemplate":"https:\/\/www.gridmag.com.mx\/?s={search_term_string}"},"query-input":{"@type":"PropertyValueSpecification","valueRequired":true,"valueName":"search_term_string"}}],"inLanguage":"es"},{"@type":"Organization","@id":"https:\/\/www.gridmag.com.mx\/#organization","name":"Grid Magazine","url":"https:\/\/www.gridmag.com.mx\/","logo":{"@type":"ImageObject","inLanguage":"es","@id":"https:\/\/www.gridmag.com.mx\/#\/schema\/logo\/image\/","url":"","contentUrl":"","caption":"Grid Magazine"},"image":{"@id":"https:\/\/www.gridmag.com.mx\/#\/schema\/logo\/image\/"},"sameAs":["https:\/\/www.facebook.com\/gridmagazine.mx","https:\/\/www.instagram.com\/gridmagazine_mx\/","https:\/\/www.tiktok.com\/@gridmagazine.mx?_t=8gl2kVR2Aq6&_r=1","https:\/\/www.linkedin.com\/company\/grid-magazine-mx\/"]},{"@type":"Person","@id":"https:\/\/www.gridmag.com.mx\/#\/schema\/person\/d54cddc75e2ecfe4a55e39c0336ae932","name":"Grid Magazine","image":{"@type":"ImageObject","inLanguage":"es","@id":"https:\/\/www.gridmag.com.mx\/#\/schema\/person\/image\/","url":"https:\/\/secure.gravatar.com\/avatar\/8e4bd50943002dd6ee9db30e5af749244f3e21206a99c4fb42429117eaacfc83?s=96&d=mm&r=g","contentUrl":"https:\/\/secure.gravatar.com\/avatar\/8e4bd50943002dd6ee9db30e5af749244f3e21206a99c4fb42429117eaacfc83?s=96&d=mm&r=g","caption":"Grid Magazine"},"sameAs":["https:\/\/www.gridmag.com.mx"],"url":"https:\/\/www.gridmag.com.mx\/index.php\/author\/grid-magazine-arq\/"}]}},"_links":{"self":[{"href":"https:\/\/www.gridmag.com.mx\/index.php\/wp-json\/wp\/v2\/posts\/8356","targetHints":{"allow":["GET"]}}],"collection":[{"href":"https:\/\/www.gridmag.com.mx\/index.php\/wp-json\/wp\/v2\/posts"}],"about":[{"href":"https:\/\/www.gridmag.com.mx\/index.php\/wp-json\/wp\/v2\/types\/post"}],"author":[{"embeddable":true,"href":"https:\/\/www.gridmag.com.mx\/index.php\/wp-json\/wp\/v2\/users\/1"}],"replies":[{"embeddable":true,"href":"https:\/\/www.gridmag.com.mx\/index.php\/wp-json\/wp\/v2\/comments?post=8356"}],"version-history":[{"count":2,"href":"https:\/\/www.gridmag.com.mx\/index.php\/wp-json\/wp\/v2\/posts\/8356\/revisions"}],"predecessor-version":[{"id":8370,"href":"https:\/\/www.gridmag.com.mx\/index.php\/wp-json\/wp\/v2\/posts\/8356\/revisions\/8370"}],"wp:featuredmedia":[{"embeddable":true,"href":"https:\/\/www.gridmag.com.mx\/index.php\/wp-json\/wp\/v2\/media\/8357"}],"wp:attachment":[{"href":"https:\/\/www.gridmag.com.mx\/index.php\/wp-json\/wp\/v2\/media?parent=8356"}],"wp:term":[{"taxonomy":"category","embeddable":true,"href":"https:\/\/www.gridmag.com.mx\/index.php\/wp-json\/wp\/v2\/categories?post=8356"},{"taxonomy":"post_tag","embeddable":true,"href":"https:\/\/www.gridmag.com.mx\/index.php\/wp-json\/wp\/v2\/tags?post=8356"}],"curies":[{"name":"wp","href":"https:\/\/api.w.org\/{rel}","templated":true}]}}