{"id":8420,"date":"2024-10-01T09:00:00","date_gmt":"2024-10-01T15:00:00","guid":{"rendered":"https:\/\/www.gridmag.com.mx\/?p=8420"},"modified":"2024-09-30T21:36:51","modified_gmt":"2024-10-01T03:36:51","slug":"dia-internacional-del-arquitecto-celebrando-el-arte-de-crear","status":"publish","type":"post","link":"https:\/\/www.gridmag.com.mx\/index.php\/2024\/10\/01\/dia-internacional-del-arquitecto-celebrando-el-arte-de-crear\/","title":{"rendered":"D\u00eda Internacional del Arquitecto | Celebrando el arte de crear"},"content":{"rendered":"\n\n\n<p>Cada primer lunes de octubre se celebra el <strong>D\u00eda Internacional del Arquitecto<\/strong>, una fecha destinada a reconocer la importante labor de los profesionales que, a trav\u00e9s de la arquitectura, dise\u00f1an y construyen los espacios que habitamos. Esta conmemoraci\u00f3n, promovida por la <strong>Uni\u00f3n Internacional de Arquitectos (UIA)<\/strong>, coincide con el <strong>D\u00eda Mundial del H\u00e1bitat<\/strong>, lo que subraya el compromiso de los arquitectos con el desarrollo sostenible y el bienestar de las comunidades a nivel global.<\/p>\n\n\n\n<figure class=\"wp-block-image size-large\"><img decoding=\"async\" width=\"856\" height=\"1024\" src=\"https:\/\/www.gridmag.com.mx\/wp-content\/uploads\/2024\/09\/ryan-ancill-Vew4xyLkpdY-unsplash-856x1024.jpg\" alt=\"\" class=\"wp-image-8423\" srcset=\"https:\/\/www.gridmag.com.mx\/wp-content\/uploads\/2024\/09\/ryan-ancill-Vew4xyLkpdY-unsplash-856x1024.jpg 856w, https:\/\/www.gridmag.com.mx\/wp-content\/uploads\/2024\/09\/ryan-ancill-Vew4xyLkpdY-unsplash-251x300.jpg 251w, https:\/\/www.gridmag.com.mx\/wp-content\/uploads\/2024\/09\/ryan-ancill-Vew4xyLkpdY-unsplash-768x919.jpg 768w, https:\/\/www.gridmag.com.mx\/wp-content\/uploads\/2024\/09\/ryan-ancill-Vew4xyLkpdY-unsplash-1283x1536.jpg 1283w, https:\/\/www.gridmag.com.mx\/wp-content\/uploads\/2024\/09\/ryan-ancill-Vew4xyLkpdY-unsplash-770x922.jpg 770w, https:\/\/www.gridmag.com.mx\/wp-content\/uploads\/2024\/09\/ryan-ancill-Vew4xyLkpdY-unsplash-1400x1676.jpg 1400w, https:\/\/www.gridmag.com.mx\/wp-content\/uploads\/2024\/09\/ryan-ancill-Vew4xyLkpdY-unsplash.jpg 1417w\" sizes=\"(max-width: 856px) 100vw, 856px\" \/><\/figure>\n\n\n\n<h2 class=\"wp-block-heading\">El rol del arquitecto en la sociedad<\/h2>\n\n\n\n<p>La arquitectura es mucho m\u00e1s que simplemente levantar edificios; es una disciplina que combina creatividad, funcionalidad, tecnolog\u00eda y arte. Los arquitectos son los responsables de proyectar espacios que no solo cumplan con las necesidades pr\u00e1cticas de quienes los habitan, sino que tambi\u00e9n generen experiencias est\u00e9ticas, emocionales y ambientales. En un mundo en constante cambio, los arquitectos deben adaptarse a nuevas demandas como la sustentabilidad, la eficiencia energ\u00e9tica y la inclusi\u00f3n social.<\/p>\n\n\n\n<figure class=\"wp-block-image size-large\"><img decoding=\"async\" width=\"1024\" height=\"695\" src=\"https:\/\/www.gridmag.com.mx\/wp-content\/uploads\/2024\/09\/jana-el-fahl-7Ciy6E0Na3M-unsplash-1024x695.jpg\" alt=\"\" class=\"wp-image-8426\" srcset=\"https:\/\/www.gridmag.com.mx\/wp-content\/uploads\/2024\/09\/jana-el-fahl-7Ciy6E0Na3M-unsplash-1024x695.jpg 1024w, https:\/\/www.gridmag.com.mx\/wp-content\/uploads\/2024\/09\/jana-el-fahl-7Ciy6E0Na3M-unsplash-300x203.jpg 300w, https:\/\/www.gridmag.com.mx\/wp-content\/uploads\/2024\/09\/jana-el-fahl-7Ciy6E0Na3M-unsplash-768x521.jpg 768w, https:\/\/www.gridmag.com.mx\/wp-content\/uploads\/2024\/09\/jana-el-fahl-7Ciy6E0Na3M-unsplash-1536x1042.jpg 1536w, https:\/\/www.gridmag.com.mx\/wp-content\/uploads\/2024\/09\/jana-el-fahl-7Ciy6E0Na3M-unsplash-2048x1389.jpg 2048w, https:\/\/www.gridmag.com.mx\/wp-content\/uploads\/2024\/09\/jana-el-fahl-7Ciy6E0Na3M-unsplash-770x522.jpg 770w, https:\/\/www.gridmag.com.mx\/wp-content\/uploads\/2024\/09\/jana-el-fahl-7Ciy6E0Na3M-unsplash-1400x950.jpg 1400w\" sizes=\"(max-width: 1024px) 100vw, 1024px\" \/><\/figure>\n\n\n\n<h2 class=\"wp-block-heading\">Arquitectura sostenible | El desaf\u00edo del Siglo XXI<\/h2>\n\n\n\n<p>El D\u00eda Internacional del Arquitecto 2024 est\u00e1 marcado por un creciente \u00e9nfasis en la <strong>arquitectura sostenible<\/strong>. A medida que las ciudades crecen y los recursos naturales se ven m\u00e1s comprometidos, la capacidad de los arquitectos para dise\u00f1ar construcciones respetuosas con el medio ambiente y socialmente responsables es m\u00e1s crucial que nunca. Desde el uso de materiales reciclables hasta la implementaci\u00f3n de energ\u00edas renovables, los profesionales de la arquitectura se est\u00e1n convirtiendo en actores clave en la lucha contra el cambio clim\u00e1tico.<\/p>\n\n\n\n<figure class=\"wp-block-image size-large\"><img decoding=\"async\" width=\"737\" height=\"1024\" src=\"https:\/\/www.gridmag.com.mx\/wp-content\/uploads\/2024\/09\/DIA-DEL-ARQUITECTO_2-737x1024.jpg\" alt=\"D\u00eda Internacional del Arquitecto\" class=\"wp-image-8422\" srcset=\"https:\/\/www.gridmag.com.mx\/wp-content\/uploads\/2024\/09\/DIA-DEL-ARQUITECTO_2-737x1024.jpg 737w, https:\/\/www.gridmag.com.mx\/wp-content\/uploads\/2024\/09\/DIA-DEL-ARQUITECTO_2-216x300.jpg 216w, https:\/\/www.gridmag.com.mx\/wp-content\/uploads\/2024\/09\/DIA-DEL-ARQUITECTO_2-768x1066.jpg 768w, https:\/\/www.gridmag.com.mx\/wp-content\/uploads\/2024\/09\/DIA-DEL-ARQUITECTO_2-1106x1536.jpg 1106w, https:\/\/www.gridmag.com.mx\/wp-content\/uploads\/2024\/09\/DIA-DEL-ARQUITECTO_2-1475x2048.jpg 1475w, https:\/\/www.gridmag.com.mx\/wp-content\/uploads\/2024\/09\/DIA-DEL-ARQUITECTO_2-770x1069.jpg 770w, https:\/\/www.gridmag.com.mx\/wp-content\/uploads\/2024\/09\/DIA-DEL-ARQUITECTO_2-1400x1944.jpg 1400w, https:\/\/www.gridmag.com.mx\/wp-content\/uploads\/2024\/09\/DIA-DEL-ARQUITECTO_2.jpg 1843w\" sizes=\"(max-width: 737px) 100vw, 737px\" \/><\/figure>\n\n\n\n<h2 class=\"wp-block-heading\">Grandes nombres de la arquitectura moderna<\/h2>\n\n\n\n<p>Al celebrar el D\u00eda Internacional del Arquitecto, no podemos dejar de mencionar a algunos de los grandes nombres que han dejado una huella indeleble en el panorama arquitect\u00f3nico global. <strong>Zaha Hadid<\/strong>, con sus dise\u00f1os futuristas y fluidos, o <strong>Renzo Piano<\/strong>, creador de espacios ic\u00f3nicos como el Centro Pompidou en Par\u00eds, son ejemplos de c\u00f3mo la arquitectura transforma el entorno urbano y la vida cotidiana.<\/p>\n\n\n\n<p>En M\u00e9xico, <strong>Luis Barrag\u00e1n<\/strong>, uno de los pocos arquitectos latinoamericanos galardonados con el <strong>Premio Pritzker<\/strong>, nos dej\u00f3 un legado que sigue influyendo en generaciones de arquitectos alrededor del mundo. Su manejo de la luz, el color y las proporciones en proyectos como la Casa Estudio Barrag\u00e1n y las Torres de Sat\u00e9lite sigue siendo un referente internacional.<\/p>\n\n\n\n<figure class=\"wp-block-image size-large\"><img decoding=\"async\" width=\"648\" height=\"1024\" src=\"https:\/\/www.gridmag.com.mx\/wp-content\/uploads\/2024\/09\/hossein-nasr-1FHhMNosKCE-unsplash-648x1024.jpg\" alt=\"\" class=\"wp-image-8424\" srcset=\"https:\/\/www.gridmag.com.mx\/wp-content\/uploads\/2024\/09\/hossein-nasr-1FHhMNosKCE-unsplash-648x1024.jpg 648w, https:\/\/www.gridmag.com.mx\/wp-content\/uploads\/2024\/09\/hossein-nasr-1FHhMNosKCE-unsplash-190x300.jpg 190w, https:\/\/www.gridmag.com.mx\/wp-content\/uploads\/2024\/09\/hossein-nasr-1FHhMNosKCE-unsplash-768x1213.jpg 768w, https:\/\/www.gridmag.com.mx\/wp-content\/uploads\/2024\/09\/hossein-nasr-1FHhMNosKCE-unsplash-972x1536.jpg 972w, https:\/\/www.gridmag.com.mx\/wp-content\/uploads\/2024\/09\/hossein-nasr-1FHhMNosKCE-unsplash-1297x2048.jpg 1297w, https:\/\/www.gridmag.com.mx\/wp-content\/uploads\/2024\/09\/hossein-nasr-1FHhMNosKCE-unsplash-770x1216.jpg 770w, https:\/\/www.gridmag.com.mx\/wp-content\/uploads\/2024\/09\/hossein-nasr-1FHhMNosKCE-unsplash-1400x2211.jpg 1400w, https:\/\/www.gridmag.com.mx\/wp-content\/uploads\/2024\/09\/hossein-nasr-1FHhMNosKCE-unsplash.jpg 1446w\" sizes=\"(max-width: 648px) 100vw, 648px\" \/><\/figure>\n\n\n\n<h2 class=\"wp-block-heading\">M\u00e9xico en el Siglo XXI<\/h2>\n\n\n\n<p>En el siglo XXI, M\u00e9xico ha visto emerger a una nueva generaci\u00f3n de arquitectos que est\u00e1n transformando el panorama del dise\u00f1o a nivel nacional e internacional.&nbsp;<\/p>\n\n\n\n<p><strong>Tatiana Bilbao<\/strong>, reconocida por su enfoque en la arquitectura social y sustentable, ha logrado destacar con proyectos como el Pabell\u00f3n de M\u00e9xico en la Expo de Shangh\u00e1i 2010.&nbsp;<\/p>\n\n\n\n<p><strong>Frida Escobedo<\/strong>, famosa por su trabajo en la remodelaci\u00f3n del Museo Pompidou y el Serpentine Pavilion de Londres, es una de las arquitectas m\u00e1s innovadoras de su generaci\u00f3n.&nbsp;<\/p>\n\n\n\n<p><strong>Michel Rojkind<\/strong>, fundador de Rojkind Arquitectos, fusiona dise\u00f1o y tecnolog\u00eda en proyectos ic\u00f3nicos como la remodelaci\u00f3n de la Cineteca Nacional. <strong>Gabriela Carrillo<\/strong>, galardonada con el premio Women in Architecture 2017, es conocida por su arquitectura funcional y sensible al contexto, como lo demuestra el Centro de Justicia para Mujeres en Michoac\u00e1n.&nbsp;<\/p>\n\n\n\n<p>Finalmente, <strong>Mauricio Rocha<\/strong>, heredero de una visi\u00f3n arquitect\u00f3nica profundamente conectada con el paisaje y el entorno, ha realizado obras destacadas como la Escuela de Artes Pl\u00e1sticas en Oaxaca, siempre priorizando la relaci\u00f3n entre la arquitectura y el contexto social.<\/p>\n\n\n\n<figure class=\"wp-block-image size-large\"><img decoding=\"async\" width=\"1024\" height=\"593\" src=\"https:\/\/www.gridmag.com.mx\/wp-content\/uploads\/2024\/09\/tom-parkes-Ns-BIiW_cNU-unsplash-1024x593.jpg\" alt=\"\" class=\"wp-image-8425\" srcset=\"https:\/\/www.gridmag.com.mx\/wp-content\/uploads\/2024\/09\/tom-parkes-Ns-BIiW_cNU-unsplash-1024x593.jpg 1024w, https:\/\/www.gridmag.com.mx\/wp-content\/uploads\/2024\/09\/tom-parkes-Ns-BIiW_cNU-unsplash-300x174.jpg 300w, https:\/\/www.gridmag.com.mx\/wp-content\/uploads\/2024\/09\/tom-parkes-Ns-BIiW_cNU-unsplash-768x445.jpg 768w, https:\/\/www.gridmag.com.mx\/wp-content\/uploads\/2024\/09\/tom-parkes-Ns-BIiW_cNU-unsplash-1536x889.jpg 1536w, https:\/\/www.gridmag.com.mx\/wp-content\/uploads\/2024\/09\/tom-parkes-Ns-BIiW_cNU-unsplash-2048x1185.jpg 2048w, https:\/\/www.gridmag.com.mx\/wp-content\/uploads\/2024\/09\/tom-parkes-Ns-BIiW_cNU-unsplash-770x446.jpg 770w, https:\/\/www.gridmag.com.mx\/wp-content\/uploads\/2024\/09\/tom-parkes-Ns-BIiW_cNU-unsplash-1400x810.jpg 1400w\" sizes=\"(max-width: 1024px) 100vw, 1024px\" \/><\/figure>\n\n\n\n<h2 class=\"wp-block-heading\">La arquitectura del futuro<\/h2>\n\n\n\n<p>El futuro de la arquitectura es emocionante y desafiante. Tecnolog\u00edas como la impresi\u00f3n 3D, la inteligencia artificial y los <strong>edificios inteligentes<\/strong> est\u00e1n transformando la forma en que los arquitectos dise\u00f1an y conciben los espacios. Adem\u00e1s, conceptos como el <strong>metaverso<\/strong> est\u00e1n abriendo nuevas posibilidades en el dise\u00f1o de entornos digitales, lo que podr\u00eda llevar la arquitectura m\u00e1s all\u00e1 de lo f\u00edsico.<\/p>\n\n\n\n<p>En este D\u00eda Internacional del <a href=\"https:\/\/www.gridmag.com.mx\/index.php\/2024\/06\/17\/guia-de-herramientas-eseciales-para-arquitectura-y-diseno\/\">Arquitecto<\/a>, celebremos la creatividad, el esfuerzo y la visi\u00f3n de quienes construyen el mundo que habitamos, recordando que la arquitectura no solo es un arte, sino una herramienta poderosa para mejorar la calidad de vida de las personas y crear un futuro m\u00e1s sustentable.<\/p>\n","protected":false},"excerpt":{"rendered":"<p>Cada primer lunes de octubre se celebra el D\u00eda Internacional del Arquitecto, una fecha destinada a reconocer la importante labor de los profesionales que, a trav\u00e9s de la arquitectura, dise\u00f1an y construyen los espacios que habitamos. Esta conmemoraci\u00f3n, promovida por la Uni\u00f3n Internacional de Arquitectos (UIA), coincide con el D\u00eda Mundial del H\u00e1bitat, lo que subraya el compromiso de los arquitectos con el desarrollo sostenible y el bienestar de las comunidades a nivel global. El rol del arquitecto en la [&hellip;]<\/p>\n","protected":false},"author":1,"featured_media":8421,"comment_status":"open","ping_status":"open","sticky":false,"template":"","format":"standard","meta":{"footnotes":""},"categories":[49],"tags":[],"class_list":["post-8420","post","type-post","status-publish","format-standard","has-post-thumbnail","hentry","category-arquitectura"],"yoast_head":"<!-- This site is optimized with the Yoast SEO plugin v27.0 - https:\/\/yoast.com\/product\/yoast-seo-wordpress\/ -->\n<title>D\u00eda Internacional del Arquitecto | Celebrando el arte de crear | Grid Magazine<\/title>\n<meta name=\"description\" content=\"Descubre el D\u00eda Internacional del Arquitecto, que resalta el papel vital de los arquitectos en crear espacios sostenibles y funcionales.\" \/>\n<meta name=\"robots\" content=\"index, follow, max-snippet:-1, max-image-preview:large, max-video-preview:-1\" \/>\n<link rel=\"canonical\" href=\"https:\/\/www.gridmag.com.mx\/index.php\/2024\/10\/01\/dia-internacional-del-arquitecto-celebrando-el-arte-de-crear\/\" \/>\n<meta property=\"og:locale\" content=\"es_MX\" \/>\n<meta property=\"og:type\" content=\"article\" \/>\n<meta property=\"og:title\" content=\"D\u00eda Internacional del Arquitecto | Celebrando el arte de crear | Grid Magazine\" \/>\n<meta property=\"og:description\" content=\"Descubre el D\u00eda Internacional del Arquitecto, que resalta el papel vital de los arquitectos en crear espacios sostenibles y funcionales.\" \/>\n<meta property=\"og:url\" content=\"https:\/\/www.gridmag.com.mx\/index.php\/2024\/10\/01\/dia-internacional-del-arquitecto-celebrando-el-arte-de-crear\/\" \/>\n<meta property=\"og:site_name\" content=\"Grid Magazine\" \/>\n<meta property=\"article:publisher\" content=\"https:\/\/www.facebook.com\/gridmagazine.mx\" \/>\n<meta property=\"article:published_time\" content=\"2024-10-01T15:00:00+00:00\" \/>\n<meta property=\"og:image\" content=\"https:\/\/www.gridmag.com.mx\/wp-content\/uploads\/2024\/09\/DIA-DEL-ARQUITECTO_1-scaled.jpg\" \/>\n\t<meta property=\"og:image:width\" content=\"2560\" \/>\n\t<meta property=\"og:image:height\" content=\"1357\" \/>\n\t<meta property=\"og:image:type\" content=\"image\/jpeg\" \/>\n<meta name=\"author\" content=\"Grid Magazine\" \/>\n<meta name=\"twitter:card\" content=\"summary_large_image\" \/>\n<meta name=\"twitter:label1\" content=\"Escrito por\" \/>\n\t<meta name=\"twitter:data1\" content=\"Grid Magazine\" \/>\n\t<meta name=\"twitter:label2\" content=\"Tiempo de lectura\" \/>\n\t<meta name=\"twitter:data2\" content=\"5 minutos\" \/>\n<script type=\"application\/ld+json\" class=\"yoast-schema-graph\">{\"@context\":\"https:\/\/schema.org\",\"@graph\":[{\"@type\":\"Article\",\"@id\":\"https:\/\/www.gridmag.com.mx\/index.php\/2024\/10\/01\/dia-internacional-del-arquitecto-celebrando-el-arte-de-crear\/#article\",\"isPartOf\":{\"@id\":\"https:\/\/www.gridmag.com.mx\/index.php\/2024\/10\/01\/dia-internacional-del-arquitecto-celebrando-el-arte-de-crear\/\"},\"author\":{\"name\":\"Grid Magazine\",\"@id\":\"https:\/\/www.gridmag.com.mx\/#\/schema\/person\/d54cddc75e2ecfe4a55e39c0336ae932\"},\"headline\":\"D\u00eda Internacional del Arquitecto | Celebrando el arte de crear\",\"datePublished\":\"2024-10-01T15:00:00+00:00\",\"mainEntityOfPage\":{\"@id\":\"https:\/\/www.gridmag.com.mx\/index.php\/2024\/10\/01\/dia-internacional-del-arquitecto-celebrando-el-arte-de-crear\/\"},\"wordCount\":733,\"commentCount\":0,\"publisher\":{\"@id\":\"https:\/\/www.gridmag.com.mx\/#organization\"},\"image\":{\"@id\":\"https:\/\/www.gridmag.com.mx\/index.php\/2024\/10\/01\/dia-internacional-del-arquitecto-celebrando-el-arte-de-crear\/#primaryimage\"},\"thumbnailUrl\":\"https:\/\/www.gridmag.com.mx\/wp-content\/uploads\/2024\/09\/DIA-DEL-ARQUITECTO_1-scaled.jpg\",\"articleSection\":[\"Arquitectura\"],\"inLanguage\":\"es\",\"potentialAction\":[{\"@type\":\"CommentAction\",\"name\":\"Comment\",\"target\":[\"https:\/\/www.gridmag.com.mx\/index.php\/2024\/10\/01\/dia-internacional-del-arquitecto-celebrando-el-arte-de-crear\/#respond\"]}]},{\"@type\":\"WebPage\",\"@id\":\"https:\/\/www.gridmag.com.mx\/index.php\/2024\/10\/01\/dia-internacional-del-arquitecto-celebrando-el-arte-de-crear\/\",\"url\":\"https:\/\/www.gridmag.com.mx\/index.php\/2024\/10\/01\/dia-internacional-del-arquitecto-celebrando-el-arte-de-crear\/\",\"name\":\"D\u00eda Internacional del Arquitecto | Celebrando el arte de crear | Grid Magazine\",\"isPartOf\":{\"@id\":\"https:\/\/www.gridmag.com.mx\/#website\"},\"primaryImageOfPage\":{\"@id\":\"https:\/\/www.gridmag.com.mx\/index.php\/2024\/10\/01\/dia-internacional-del-arquitecto-celebrando-el-arte-de-crear\/#primaryimage\"},\"image\":{\"@id\":\"https:\/\/www.gridmag.com.mx\/index.php\/2024\/10\/01\/dia-internacional-del-arquitecto-celebrando-el-arte-de-crear\/#primaryimage\"},\"thumbnailUrl\":\"https:\/\/www.gridmag.com.mx\/wp-content\/uploads\/2024\/09\/DIA-DEL-ARQUITECTO_1-scaled.jpg\",\"datePublished\":\"2024-10-01T15:00:00+00:00\",\"description\":\"Descubre el D\u00eda Internacional del Arquitecto, que resalta el papel vital de los arquitectos en crear espacios sostenibles y funcionales.\",\"breadcrumb\":{\"@id\":\"https:\/\/www.gridmag.com.mx\/index.php\/2024\/10\/01\/dia-internacional-del-arquitecto-celebrando-el-arte-de-crear\/#breadcrumb\"},\"inLanguage\":\"es\",\"potentialAction\":[{\"@type\":\"ReadAction\",\"target\":[\"https:\/\/www.gridmag.com.mx\/index.php\/2024\/10\/01\/dia-internacional-del-arquitecto-celebrando-el-arte-de-crear\/\"]}]},{\"@type\":\"ImageObject\",\"inLanguage\":\"es\",\"@id\":\"https:\/\/www.gridmag.com.mx\/index.php\/2024\/10\/01\/dia-internacional-del-arquitecto-celebrando-el-arte-de-crear\/#primaryimage\",\"url\":\"https:\/\/www.gridmag.com.mx\/wp-content\/uploads\/2024\/09\/DIA-DEL-ARQUITECTO_1-scaled.jpg\",\"contentUrl\":\"https:\/\/www.gridmag.com.mx\/wp-content\/uploads\/2024\/09\/DIA-DEL-ARQUITECTO_1-scaled.jpg\",\"width\":2560,\"height\":1357},{\"@type\":\"BreadcrumbList\",\"@id\":\"https:\/\/www.gridmag.com.mx\/index.php\/2024\/10\/01\/dia-internacional-del-arquitecto-celebrando-el-arte-de-crear\/#breadcrumb\",\"itemListElement\":[{\"@type\":\"ListItem\",\"position\":1,\"name\":\"Inicio\",\"item\":\"https:\/\/www.gridmag.com.mx\/\"},{\"@type\":\"ListItem\",\"position\":2,\"name\":\"D\u00eda Internacional del Arquitecto | Celebrando el arte de crear\"}]},{\"@type\":\"WebSite\",\"@id\":\"https:\/\/www.gridmag.com.mx\/#website\",\"url\":\"https:\/\/www.gridmag.com.mx\/\",\"name\":\"Grid Magazine\",\"description\":\"Compartiendo lo mejor de la arquitectura y dise\u00f1o mexicano.\",\"publisher\":{\"@id\":\"https:\/\/www.gridmag.com.mx\/#organization\"},\"potentialAction\":[{\"@type\":\"SearchAction\",\"target\":{\"@type\":\"EntryPoint\",\"urlTemplate\":\"https:\/\/www.gridmag.com.mx\/?s={search_term_string}\"},\"query-input\":{\"@type\":\"PropertyValueSpecification\",\"valueRequired\":true,\"valueName\":\"search_term_string\"}}],\"inLanguage\":\"es\"},{\"@type\":\"Organization\",\"@id\":\"https:\/\/www.gridmag.com.mx\/#organization\",\"name\":\"Grid Magazine\",\"url\":\"https:\/\/www.gridmag.com.mx\/\",\"logo\":{\"@type\":\"ImageObject\",\"inLanguage\":\"es\",\"@id\":\"https:\/\/www.gridmag.com.mx\/#\/schema\/logo\/image\/\",\"url\":\"\",\"contentUrl\":\"\",\"caption\":\"Grid Magazine\"},\"image\":{\"@id\":\"https:\/\/www.gridmag.com.mx\/#\/schema\/logo\/image\/\"},\"sameAs\":[\"https:\/\/www.facebook.com\/gridmagazine.mx\",\"https:\/\/www.instagram.com\/gridmagazine_mx\/\",\"https:\/\/www.tiktok.com\/@gridmagazine.mx?_t=8gl2kVR2Aq6&_r=1\",\"https:\/\/www.linkedin.com\/company\/grid-magazine-mx\/\"]},{\"@type\":\"Person\",\"@id\":\"https:\/\/www.gridmag.com.mx\/#\/schema\/person\/d54cddc75e2ecfe4a55e39c0336ae932\",\"name\":\"Grid Magazine\",\"image\":{\"@type\":\"ImageObject\",\"inLanguage\":\"es\",\"@id\":\"https:\/\/www.gridmag.com.mx\/#\/schema\/person\/image\/\",\"url\":\"https:\/\/secure.gravatar.com\/avatar\/8e4bd50943002dd6ee9db30e5af749244f3e21206a99c4fb42429117eaacfc83?s=96&d=mm&r=g\",\"contentUrl\":\"https:\/\/secure.gravatar.com\/avatar\/8e4bd50943002dd6ee9db30e5af749244f3e21206a99c4fb42429117eaacfc83?s=96&d=mm&r=g\",\"caption\":\"Grid Magazine\"},\"sameAs\":[\"https:\/\/www.gridmag.com.mx\"],\"url\":\"https:\/\/www.gridmag.com.mx\/index.php\/author\/grid-magazine-arq\/\"}]}<\/script>\n<!-- \/ Yoast SEO plugin. -->","yoast_head_json":{"title":"D\u00eda Internacional del Arquitecto | Celebrando el arte de crear | Grid Magazine","description":"Descubre el D\u00eda Internacional del Arquitecto, que resalta el papel vital de los arquitectos en crear espacios sostenibles y funcionales.","robots":{"index":"index","follow":"follow","max-snippet":"max-snippet:-1","max-image-preview":"max-image-preview:large","max-video-preview":"max-video-preview:-1"},"canonical":"https:\/\/www.gridmag.com.mx\/index.php\/2024\/10\/01\/dia-internacional-del-arquitecto-celebrando-el-arte-de-crear\/","og_locale":"es_MX","og_type":"article","og_title":"D\u00eda Internacional del Arquitecto | Celebrando el arte de crear | Grid Magazine","og_description":"Descubre el D\u00eda Internacional del Arquitecto, que resalta el papel vital de los arquitectos en crear espacios sostenibles y funcionales.","og_url":"https:\/\/www.gridmag.com.mx\/index.php\/2024\/10\/01\/dia-internacional-del-arquitecto-celebrando-el-arte-de-crear\/","og_site_name":"Grid Magazine","article_publisher":"https:\/\/www.facebook.com\/gridmagazine.mx","article_published_time":"2024-10-01T15:00:00+00:00","og_image":[{"width":2560,"height":1357,"url":"https:\/\/www.gridmag.com.mx\/wp-content\/uploads\/2024\/09\/DIA-DEL-ARQUITECTO_1-scaled.jpg","type":"image\/jpeg"}],"author":"Grid Magazine","twitter_card":"summary_large_image","twitter_misc":{"Escrito por":"Grid Magazine","Tiempo de lectura":"5 minutos"},"schema":{"@context":"https:\/\/schema.org","@graph":[{"@type":"Article","@id":"https:\/\/www.gridmag.com.mx\/index.php\/2024\/10\/01\/dia-internacional-del-arquitecto-celebrando-el-arte-de-crear\/#article","isPartOf":{"@id":"https:\/\/www.gridmag.com.mx\/index.php\/2024\/10\/01\/dia-internacional-del-arquitecto-celebrando-el-arte-de-crear\/"},"author":{"name":"Grid Magazine","@id":"https:\/\/www.gridmag.com.mx\/#\/schema\/person\/d54cddc75e2ecfe4a55e39c0336ae932"},"headline":"D\u00eda Internacional del Arquitecto | Celebrando el arte de crear","datePublished":"2024-10-01T15:00:00+00:00","mainEntityOfPage":{"@id":"https:\/\/www.gridmag.com.mx\/index.php\/2024\/10\/01\/dia-internacional-del-arquitecto-celebrando-el-arte-de-crear\/"},"wordCount":733,"commentCount":0,"publisher":{"@id":"https:\/\/www.gridmag.com.mx\/#organization"},"image":{"@id":"https:\/\/www.gridmag.com.mx\/index.php\/2024\/10\/01\/dia-internacional-del-arquitecto-celebrando-el-arte-de-crear\/#primaryimage"},"thumbnailUrl":"https:\/\/www.gridmag.com.mx\/wp-content\/uploads\/2024\/09\/DIA-DEL-ARQUITECTO_1-scaled.jpg","articleSection":["Arquitectura"],"inLanguage":"es","potentialAction":[{"@type":"CommentAction","name":"Comment","target":["https:\/\/www.gridmag.com.mx\/index.php\/2024\/10\/01\/dia-internacional-del-arquitecto-celebrando-el-arte-de-crear\/#respond"]}]},{"@type":"WebPage","@id":"https:\/\/www.gridmag.com.mx\/index.php\/2024\/10\/01\/dia-internacional-del-arquitecto-celebrando-el-arte-de-crear\/","url":"https:\/\/www.gridmag.com.mx\/index.php\/2024\/10\/01\/dia-internacional-del-arquitecto-celebrando-el-arte-de-crear\/","name":"D\u00eda Internacional del Arquitecto | Celebrando el arte de crear | Grid Magazine","isPartOf":{"@id":"https:\/\/www.gridmag.com.mx\/#website"},"primaryImageOfPage":{"@id":"https:\/\/www.gridmag.com.mx\/index.php\/2024\/10\/01\/dia-internacional-del-arquitecto-celebrando-el-arte-de-crear\/#primaryimage"},"image":{"@id":"https:\/\/www.gridmag.com.mx\/index.php\/2024\/10\/01\/dia-internacional-del-arquitecto-celebrando-el-arte-de-crear\/#primaryimage"},"thumbnailUrl":"https:\/\/www.gridmag.com.mx\/wp-content\/uploads\/2024\/09\/DIA-DEL-ARQUITECTO_1-scaled.jpg","datePublished":"2024-10-01T15:00:00+00:00","description":"Descubre el D\u00eda Internacional del Arquitecto, que resalta el papel vital de los arquitectos en crear espacios sostenibles y funcionales.","breadcrumb":{"@id":"https:\/\/www.gridmag.com.mx\/index.php\/2024\/10\/01\/dia-internacional-del-arquitecto-celebrando-el-arte-de-crear\/#breadcrumb"},"inLanguage":"es","potentialAction":[{"@type":"ReadAction","target":["https:\/\/www.gridmag.com.mx\/index.php\/2024\/10\/01\/dia-internacional-del-arquitecto-celebrando-el-arte-de-crear\/"]}]},{"@type":"ImageObject","inLanguage":"es","@id":"https:\/\/www.gridmag.com.mx\/index.php\/2024\/10\/01\/dia-internacional-del-arquitecto-celebrando-el-arte-de-crear\/#primaryimage","url":"https:\/\/www.gridmag.com.mx\/wp-content\/uploads\/2024\/09\/DIA-DEL-ARQUITECTO_1-scaled.jpg","contentUrl":"https:\/\/www.gridmag.com.mx\/wp-content\/uploads\/2024\/09\/DIA-DEL-ARQUITECTO_1-scaled.jpg","width":2560,"height":1357},{"@type":"BreadcrumbList","@id":"https:\/\/www.gridmag.com.mx\/index.php\/2024\/10\/01\/dia-internacional-del-arquitecto-celebrando-el-arte-de-crear\/#breadcrumb","itemListElement":[{"@type":"ListItem","position":1,"name":"Inicio","item":"https:\/\/www.gridmag.com.mx\/"},{"@type":"ListItem","position":2,"name":"D\u00eda Internacional del Arquitecto | Celebrando el arte de crear"}]},{"@type":"WebSite","@id":"https:\/\/www.gridmag.com.mx\/#website","url":"https:\/\/www.gridmag.com.mx\/","name":"Grid Magazine","description":"Compartiendo lo mejor de la arquitectura y dise\u00f1o mexicano.","publisher":{"@id":"https:\/\/www.gridmag.com.mx\/#organization"},"potentialAction":[{"@type":"SearchAction","target":{"@type":"EntryPoint","urlTemplate":"https:\/\/www.gridmag.com.mx\/?s={search_term_string}"},"query-input":{"@type":"PropertyValueSpecification","valueRequired":true,"valueName":"search_term_string"}}],"inLanguage":"es"},{"@type":"Organization","@id":"https:\/\/www.gridmag.com.mx\/#organization","name":"Grid Magazine","url":"https:\/\/www.gridmag.com.mx\/","logo":{"@type":"ImageObject","inLanguage":"es","@id":"https:\/\/www.gridmag.com.mx\/#\/schema\/logo\/image\/","url":"","contentUrl":"","caption":"Grid Magazine"},"image":{"@id":"https:\/\/www.gridmag.com.mx\/#\/schema\/logo\/image\/"},"sameAs":["https:\/\/www.facebook.com\/gridmagazine.mx","https:\/\/www.instagram.com\/gridmagazine_mx\/","https:\/\/www.tiktok.com\/@gridmagazine.mx?_t=8gl2kVR2Aq6&_r=1","https:\/\/www.linkedin.com\/company\/grid-magazine-mx\/"]},{"@type":"Person","@id":"https:\/\/www.gridmag.com.mx\/#\/schema\/person\/d54cddc75e2ecfe4a55e39c0336ae932","name":"Grid Magazine","image":{"@type":"ImageObject","inLanguage":"es","@id":"https:\/\/www.gridmag.com.mx\/#\/schema\/person\/image\/","url":"https:\/\/secure.gravatar.com\/avatar\/8e4bd50943002dd6ee9db30e5af749244f3e21206a99c4fb42429117eaacfc83?s=96&d=mm&r=g","contentUrl":"https:\/\/secure.gravatar.com\/avatar\/8e4bd50943002dd6ee9db30e5af749244f3e21206a99c4fb42429117eaacfc83?s=96&d=mm&r=g","caption":"Grid Magazine"},"sameAs":["https:\/\/www.gridmag.com.mx"],"url":"https:\/\/www.gridmag.com.mx\/index.php\/author\/grid-magazine-arq\/"}]}},"_links":{"self":[{"href":"https:\/\/www.gridmag.com.mx\/index.php\/wp-json\/wp\/v2\/posts\/8420","targetHints":{"allow":["GET"]}}],"collection":[{"href":"https:\/\/www.gridmag.com.mx\/index.php\/wp-json\/wp\/v2\/posts"}],"about":[{"href":"https:\/\/www.gridmag.com.mx\/index.php\/wp-json\/wp\/v2\/types\/post"}],"author":[{"embeddable":true,"href":"https:\/\/www.gridmag.com.mx\/index.php\/wp-json\/wp\/v2\/users\/1"}],"replies":[{"embeddable":true,"href":"https:\/\/www.gridmag.com.mx\/index.php\/wp-json\/wp\/v2\/comments?post=8420"}],"version-history":[{"count":2,"href":"https:\/\/www.gridmag.com.mx\/index.php\/wp-json\/wp\/v2\/posts\/8420\/revisions"}],"predecessor-version":[{"id":8428,"href":"https:\/\/www.gridmag.com.mx\/index.php\/wp-json\/wp\/v2\/posts\/8420\/revisions\/8428"}],"wp:featuredmedia":[{"embeddable":true,"href":"https:\/\/www.gridmag.com.mx\/index.php\/wp-json\/wp\/v2\/media\/8421"}],"wp:attachment":[{"href":"https:\/\/www.gridmag.com.mx\/index.php\/wp-json\/wp\/v2\/media?parent=8420"}],"wp:term":[{"taxonomy":"category","embeddable":true,"href":"https:\/\/www.gridmag.com.mx\/index.php\/wp-json\/wp\/v2\/categories?post=8420"},{"taxonomy":"post_tag","embeddable":true,"href":"https:\/\/www.gridmag.com.mx\/index.php\/wp-json\/wp\/v2\/tags?post=8420"}],"curies":[{"name":"wp","href":"https:\/\/api.w.org\/{rel}","templated":true}]}}