{"id":8618,"date":"2024-10-28T13:39:46","date_gmt":"2024-10-28T19:39:46","guid":{"rendered":"https:\/\/www.gridmag.com.mx\/?p=8618"},"modified":"2024-10-28T16:09:54","modified_gmt":"2024-10-28T22:09:54","slug":"color-del-ano-2025-de-comex","status":"publish","type":"post","link":"https:\/\/www.gridmag.com.mx\/index.php\/2024\/10\/28\/color-del-ano-2025-de-comex\/","title":{"rendered":"Bamb\u00fa 237-05: El Color del A\u00f1o 2025 de Comex"},"content":{"rendered":"\n<p>El programa <strong>ColorLife TRENDS de Comex<\/strong>, l\u00edder en recubrimientos y tendencias del color, presenta el <strong>Color del A\u00f1o 2025<\/strong>: <strong>Bamb\u00fa 237-05<\/strong>. Este tono es un estimulante <strong>verde c\u00edtrico con subtono amarillo<\/strong>, que emana una luminosidad vibrante y llena los sentidos de energ\u00eda y vitalidad. Adem\u00e1s, este color simboliza la innovaci\u00f3n tecnol\u00f3gica con inteligencia artificial y el dinamismo de la naturaleza, proponiendo un equilibrio entre tecnolog\u00eda y medio ambiente.<\/p>\n\n\n\n<figure class=\"wp-block-image size-large\"><img decoding=\"async\" width=\"1024\" height=\"713\" src=\"https:\/\/www.gridmag.com.mx\/wp-content\/uploads\/2024\/10\/d100155d-5a2e-418e-ac6d-8d220585b6ff-1024x713.jpeg\" alt=\"COLOR DEL A\u00d1O 2025 COMEX\" class=\"wp-image-8619\" srcset=\"https:\/\/www.gridmag.com.mx\/wp-content\/uploads\/2024\/10\/d100155d-5a2e-418e-ac6d-8d220585b6ff-1024x713.jpeg 1024w, https:\/\/www.gridmag.com.mx\/wp-content\/uploads\/2024\/10\/d100155d-5a2e-418e-ac6d-8d220585b6ff-300x209.jpeg 300w, https:\/\/www.gridmag.com.mx\/wp-content\/uploads\/2024\/10\/d100155d-5a2e-418e-ac6d-8d220585b6ff-768x535.jpeg 768w, https:\/\/www.gridmag.com.mx\/wp-content\/uploads\/2024\/10\/d100155d-5a2e-418e-ac6d-8d220585b6ff-770x536.jpeg 770w, https:\/\/www.gridmag.com.mx\/wp-content\/uploads\/2024\/10\/d100155d-5a2e-418e-ac6d-8d220585b6ff.jpeg 1280w\" sizes=\"(max-width: 1024px) 100vw, 1024px\" \/><figcaption class=\"wp-element-caption\">COLOR DEL A\u00d1O 2025 COMEX<\/figcaption><\/figure>\n\n\n\n<h2 class=\"wp-block-heading\">Un color vers\u00e1til para m\u00faltiples entornos<\/h2>\n\n\n\n<p>Inspirado en la <strong>adaptabilidad del bamb\u00fa como material<\/strong>, este tono se integra perfectamente en espacios interiores y exteriores. Su flexibilidad lo hace ideal para:<\/p>\n\n\n\n<ul class=\"wp-block-list\">\n<li><strong>Fachadas y paisajismo<\/strong><\/li>\n\n\n\n<li><strong>\u00c1reas recreativas y deportivas<\/strong><\/li>\n\n\n\n<li><strong>Interiores<\/strong> como mobiliario, textiles y \u00e1reas comunes<\/li>\n\n\n\n<li><strong>Innovaci\u00f3n en producto y tecnolog\u00eda<\/strong><\/li>\n<\/ul>\n\n\n\n<p>Seg\u00fan <strong>Claudia Contreras<\/strong>, Chief Marketing Officer de PPG Comex:<\/p>\n\n\n\n<p><em>\u201cBamb\u00fa 237-05 refleja energ\u00eda, adaptabilidad y renovaci\u00f3n. Es un tono que responde al contexto actual, donde equilibramos lo natural con lo artificial y aspiramos a un futuro m\u00e1s sostenible.\u201d<\/em><\/p>\n\n\n\n<figure class=\"wp-block-gallery has-nested-images columns-default is-cropped wp-block-gallery-1 is-layout-flex wp-block-gallery-is-layout-flex\">\n<figure class=\"wp-block-image size-large\"><img decoding=\"async\" width=\"1024\" height=\"389\" data-id=\"8624\" src=\"https:\/\/www.gridmag.com.mx\/wp-content\/uploads\/2024\/10\/bambu3-1024x389.jpg\" alt=\"\" class=\"wp-image-8624\" srcset=\"https:\/\/www.gridmag.com.mx\/wp-content\/uploads\/2024\/10\/bambu3-1024x389.jpg 1024w, https:\/\/www.gridmag.com.mx\/wp-content\/uploads\/2024\/10\/bambu3-300x114.jpg 300w, https:\/\/www.gridmag.com.mx\/wp-content\/uploads\/2024\/10\/bambu3-768x292.jpg 768w, https:\/\/www.gridmag.com.mx\/wp-content\/uploads\/2024\/10\/bambu3-1536x584.jpg 1536w, https:\/\/www.gridmag.com.mx\/wp-content\/uploads\/2024\/10\/bambu3-770x293.jpg 770w, https:\/\/www.gridmag.com.mx\/wp-content\/uploads\/2024\/10\/bambu3-1400x532.jpg 1400w, https:\/\/www.gridmag.com.mx\/wp-content\/uploads\/2024\/10\/bambu3.jpg 1600w\" sizes=\"(max-width: 1024px) 100vw, 1024px\" \/><\/figure>\n<\/figure>\n\n\n\n<h2 class=\"wp-block-heading\">Tendencias 2025: Paletas del programa ColorLife TRENDS<\/h2>\n\n\n\n<p>El equipo de Comex trabaj\u00f3 en colaboraci\u00f3n con <strong>13 creativos mexicanos<\/strong> para desarrollar cuatro paletas inspiradoras para 2025. Estas combinaciones abren un abanico de posibilidades para transformar el entorno a trav\u00e9s del color:<\/p>\n\n\n\n<ul class=\"wp-block-list\">\n<li><strong>Mole Rosa:<\/strong><strong><br><\/strong>Colores inspirados en los ingredientes de la cocina mexicana, desde tonos caf\u00e9 hasta rosa apagado y destellos vibrantes.<\/li>\n\n\n\n<li><strong>Sue\u00f1o Artificial:<\/strong><strong><br><\/strong>Una fusi\u00f3n entre lo real y lo imaginario, con morados, azules, rosas y acentos met\u00e1licos que evocan las etapas del sue\u00f1o y la inteligencia artificial.<\/li>\n\n\n\n<li><strong>Ritmos de la Tierra:<\/strong><strong><br><\/strong>Paleta inspirada en los cuatro elementos naturales, que busca reconectar con la conciencia ambiental del planeta.<\/li>\n\n\n\n<li><strong>Espectro F\u00e9rtil:<\/strong><strong><br><\/strong>Un homenaje a la fertilidad y la feminidad de la tierra, con colores extra\u00eddos de contextos naturales.<\/li>\n<\/ul>\n\n\n\n<p>Entre los creativos que colaboraron en esta edici\u00f3n destacan <strong>Ra\u00fal de la Cerda<\/strong>, <strong>Melania Chavarr\u00eda<\/strong>, <strong>Tania Quirarte<\/strong>, y los <strong>alebrijeros Jacobo y Mar\u00eda \u00c1ngeles<\/strong>, entre otros.<\/p>\n\n\n\n<figure class=\"wp-block-gallery has-nested-images columns-default is-cropped wp-block-gallery-2 is-layout-flex wp-block-gallery-is-layout-flex\">\n<figure class=\"wp-block-image size-large\"><img decoding=\"async\" width=\"1024\" height=\"389\" data-id=\"8625\" src=\"https:\/\/www.gridmag.com.mx\/wp-content\/uploads\/2024\/10\/bambu2-1024x389.jpg\" alt=\"\" class=\"wp-image-8625\" srcset=\"https:\/\/www.gridmag.com.mx\/wp-content\/uploads\/2024\/10\/bambu2-1024x389.jpg 1024w, https:\/\/www.gridmag.com.mx\/wp-content\/uploads\/2024\/10\/bambu2-300x114.jpg 300w, https:\/\/www.gridmag.com.mx\/wp-content\/uploads\/2024\/10\/bambu2-768x292.jpg 768w, https:\/\/www.gridmag.com.mx\/wp-content\/uploads\/2024\/10\/bambu2-1536x584.jpg 1536w, https:\/\/www.gridmag.com.mx\/wp-content\/uploads\/2024\/10\/bambu2-770x293.jpg 770w, https:\/\/www.gridmag.com.mx\/wp-content\/uploads\/2024\/10\/bambu2-1400x532.jpg 1400w, https:\/\/www.gridmag.com.mx\/wp-content\/uploads\/2024\/10\/bambu2.jpg 1600w\" sizes=\"(max-width: 1024px) 100vw, 1024px\" \/><\/figure>\n<\/figure>\n\n\n\n<h2 class=\"wp-block-heading\">Transforma tu entorno con Bamb\u00fa 237-05<\/h2>\n\n\n\n<p>ColorLife TRENDS no solo selecciona un color del a\u00f1o de entre m\u00e1s de <strong>3,500 opciones<\/strong>; tambi\u00e9n facilita la adopci\u00f3n de tendencias al ofrecer gu\u00edas creativas y emocionales sobre c\u00f3mo usar el color. Para conocer m\u00e1s sobre <strong>Bamb\u00fa 237-05<\/strong> y explorar las paletas de 2025, visita la web oficial de<a href=\"https:\/\/www.comex.com.mx\"> <strong>Comex<\/strong><\/a>.<\/p>\n","protected":false},"excerpt":{"rendered":"<p>El programa ColorLife TRENDS de Comex, l\u00edder en recubrimientos y tendencias del color, presenta el Color del A\u00f1o 2025: Bamb\u00fa 237-05. Este tono es un estimulante verde c\u00edtrico con subtono amarillo, que emana una luminosidad vibrante y llena los sentidos de energ\u00eda y vitalidad. Adem\u00e1s, este color simboliza la innovaci\u00f3n tecnol\u00f3gica con inteligencia artificial y el dinamismo de la naturaleza, proponiendo un equilibrio entre tecnolog\u00eda y medio ambiente. Un color vers\u00e1til para m\u00faltiples entornos Inspirado en la adaptabilidad del bamb\u00fa [&hellip;]<\/p>\n","protected":false},"author":1,"featured_media":8620,"comment_status":"open","ping_status":"open","sticky":false,"template":"","format":"standard","meta":{"footnotes":""},"categories":[56,51],"tags":[72,134,98,66],"class_list":["post-8618","post","type-post","status-publish","format-standard","has-post-thumbnail","hentry","category-editor-picks","category-interiorismo","tag-arquitectura","tag-color","tag-diseno-2","tag-interiorismo"],"yoast_head":"<!-- This site is optimized with the Yoast SEO plugin v27.0 - https:\/\/yoast.com\/product\/yoast-seo-wordpress\/ -->\n<title>Bamb\u00fa 237-05: El Color del A\u00f1o 2025 de Comex | Grid Magazine<\/title>\n<meta name=\"description\" content=\"Descubre Bamb\u00fa 237-05, el Color del A\u00f1o 2025 de Comex. Un verde c\u00edtrico con subtono amarillo que refleja innovaci\u00f3n, naturaleza y sostenibilidad.\" \/>\n<meta name=\"robots\" content=\"index, follow, max-snippet:-1, max-image-preview:large, max-video-preview:-1\" \/>\n<link rel=\"canonical\" href=\"https:\/\/www.gridmag.com.mx\/index.php\/2024\/10\/28\/color-del-ano-2025-de-comex\/\" \/>\n<meta property=\"og:locale\" content=\"es_MX\" \/>\n<meta property=\"og:type\" content=\"article\" \/>\n<meta property=\"og:title\" content=\"Bamb\u00fa 237-05: El Color del A\u00f1o 2025 de Comex | Grid Magazine\" \/>\n<meta property=\"og:description\" content=\"Descubre Bamb\u00fa 237-05, el Color del A\u00f1o 2025 de Comex. Un verde c\u00edtrico con subtono amarillo que refleja innovaci\u00f3n, naturaleza y sostenibilidad.\" \/>\n<meta property=\"og:url\" content=\"https:\/\/www.gridmag.com.mx\/index.php\/2024\/10\/28\/color-del-ano-2025-de-comex\/\" \/>\n<meta property=\"og:site_name\" content=\"Grid Magazine\" \/>\n<meta property=\"article:publisher\" content=\"https:\/\/www.facebook.com\/gridmagazine.mx\" \/>\n<meta property=\"article:published_time\" content=\"2024-10-28T19:39:46+00:00\" \/>\n<meta property=\"article:modified_time\" content=\"2024-10-28T22:09:54+00:00\" \/>\n<meta property=\"og:image\" content=\"https:\/\/www.gridmag.com.mx\/wp-content\/uploads\/2024\/10\/bambu1.jpg\" \/>\n\t<meta property=\"og:image:width\" content=\"1600\" \/>\n\t<meta property=\"og:image:height\" content=\"608\" \/>\n\t<meta property=\"og:image:type\" content=\"image\/jpeg\" \/>\n<meta name=\"author\" content=\"Grid Magazine\" \/>\n<meta name=\"twitter:card\" content=\"summary_large_image\" \/>\n<meta name=\"twitter:label1\" content=\"Escrito por\" \/>\n\t<meta name=\"twitter:data1\" content=\"Grid Magazine\" \/>\n\t<meta name=\"twitter:label2\" content=\"Tiempo de lectura\" \/>\n\t<meta name=\"twitter:data2\" content=\"3 minutos\" \/>\n<script type=\"application\/ld+json\" class=\"yoast-schema-graph\">{\"@context\":\"https:\/\/schema.org\",\"@graph\":[{\"@type\":\"Article\",\"@id\":\"https:\/\/www.gridmag.com.mx\/index.php\/2024\/10\/28\/color-del-ano-2025-de-comex\/#article\",\"isPartOf\":{\"@id\":\"https:\/\/www.gridmag.com.mx\/index.php\/2024\/10\/28\/color-del-ano-2025-de-comex\/\"},\"author\":{\"name\":\"Grid Magazine\",\"@id\":\"https:\/\/www.gridmag.com.mx\/#\/schema\/person\/d54cddc75e2ecfe4a55e39c0336ae932\"},\"headline\":\"Bamb\u00fa 237-05: El Color del A\u00f1o 2025 de Comex\",\"datePublished\":\"2024-10-28T19:39:46+00:00\",\"dateModified\":\"2024-10-28T22:09:54+00:00\",\"mainEntityOfPage\":{\"@id\":\"https:\/\/www.gridmag.com.mx\/index.php\/2024\/10\/28\/color-del-ano-2025-de-comex\/\"},\"wordCount\":406,\"commentCount\":0,\"publisher\":{\"@id\":\"https:\/\/www.gridmag.com.mx\/#organization\"},\"image\":{\"@id\":\"https:\/\/www.gridmag.com.mx\/index.php\/2024\/10\/28\/color-del-ano-2025-de-comex\/#primaryimage\"},\"thumbnailUrl\":\"https:\/\/www.gridmag.com.mx\/wp-content\/uploads\/2024\/10\/bambu1.jpg\",\"keywords\":[\"ARQUITECTURA\",\"COLOR\",\"DISE\u00d1O\",\"interiorismo\"],\"articleSection\":[\"Editor Picks\",\"Interiorismo\"],\"inLanguage\":\"es\",\"potentialAction\":[{\"@type\":\"CommentAction\",\"name\":\"Comment\",\"target\":[\"https:\/\/www.gridmag.com.mx\/index.php\/2024\/10\/28\/color-del-ano-2025-de-comex\/#respond\"]}]},{\"@type\":\"WebPage\",\"@id\":\"https:\/\/www.gridmag.com.mx\/index.php\/2024\/10\/28\/color-del-ano-2025-de-comex\/\",\"url\":\"https:\/\/www.gridmag.com.mx\/index.php\/2024\/10\/28\/color-del-ano-2025-de-comex\/\",\"name\":\"Bamb\u00fa 237-05: El Color del A\u00f1o 2025 de Comex | Grid Magazine\",\"isPartOf\":{\"@id\":\"https:\/\/www.gridmag.com.mx\/#website\"},\"primaryImageOfPage\":{\"@id\":\"https:\/\/www.gridmag.com.mx\/index.php\/2024\/10\/28\/color-del-ano-2025-de-comex\/#primaryimage\"},\"image\":{\"@id\":\"https:\/\/www.gridmag.com.mx\/index.php\/2024\/10\/28\/color-del-ano-2025-de-comex\/#primaryimage\"},\"thumbnailUrl\":\"https:\/\/www.gridmag.com.mx\/wp-content\/uploads\/2024\/10\/bambu1.jpg\",\"datePublished\":\"2024-10-28T19:39:46+00:00\",\"dateModified\":\"2024-10-28T22:09:54+00:00\",\"description\":\"Descubre Bamb\u00fa 237-05, el Color del A\u00f1o 2025 de Comex. Un verde c\u00edtrico con subtono amarillo que refleja innovaci\u00f3n, naturaleza y sostenibilidad.\",\"breadcrumb\":{\"@id\":\"https:\/\/www.gridmag.com.mx\/index.php\/2024\/10\/28\/color-del-ano-2025-de-comex\/#breadcrumb\"},\"inLanguage\":\"es\",\"potentialAction\":[{\"@type\":\"ReadAction\",\"target\":[\"https:\/\/www.gridmag.com.mx\/index.php\/2024\/10\/28\/color-del-ano-2025-de-comex\/\"]}]},{\"@type\":\"ImageObject\",\"inLanguage\":\"es\",\"@id\":\"https:\/\/www.gridmag.com.mx\/index.php\/2024\/10\/28\/color-del-ano-2025-de-comex\/#primaryimage\",\"url\":\"https:\/\/www.gridmag.com.mx\/wp-content\/uploads\/2024\/10\/bambu1.jpg\",\"contentUrl\":\"https:\/\/www.gridmag.com.mx\/wp-content\/uploads\/2024\/10\/bambu1.jpg\",\"width\":1600,\"height\":608},{\"@type\":\"BreadcrumbList\",\"@id\":\"https:\/\/www.gridmag.com.mx\/index.php\/2024\/10\/28\/color-del-ano-2025-de-comex\/#breadcrumb\",\"itemListElement\":[{\"@type\":\"ListItem\",\"position\":1,\"name\":\"Inicio\",\"item\":\"https:\/\/www.gridmag.com.mx\/\"},{\"@type\":\"ListItem\",\"position\":2,\"name\":\"Bamb\u00fa 237-05: El Color del A\u00f1o 2025 de Comex\"}]},{\"@type\":\"WebSite\",\"@id\":\"https:\/\/www.gridmag.com.mx\/#website\",\"url\":\"https:\/\/www.gridmag.com.mx\/\",\"name\":\"Grid Magazine\",\"description\":\"Compartiendo lo mejor de la arquitectura y dise\u00f1o mexicano.\",\"publisher\":{\"@id\":\"https:\/\/www.gridmag.com.mx\/#organization\"},\"potentialAction\":[{\"@type\":\"SearchAction\",\"target\":{\"@type\":\"EntryPoint\",\"urlTemplate\":\"https:\/\/www.gridmag.com.mx\/?s={search_term_string}\"},\"query-input\":{\"@type\":\"PropertyValueSpecification\",\"valueRequired\":true,\"valueName\":\"search_term_string\"}}],\"inLanguage\":\"es\"},{\"@type\":\"Organization\",\"@id\":\"https:\/\/www.gridmag.com.mx\/#organization\",\"name\":\"Grid Magazine\",\"url\":\"https:\/\/www.gridmag.com.mx\/\",\"logo\":{\"@type\":\"ImageObject\",\"inLanguage\":\"es\",\"@id\":\"https:\/\/www.gridmag.com.mx\/#\/schema\/logo\/image\/\",\"url\":\"\",\"contentUrl\":\"\",\"caption\":\"Grid Magazine\"},\"image\":{\"@id\":\"https:\/\/www.gridmag.com.mx\/#\/schema\/logo\/image\/\"},\"sameAs\":[\"https:\/\/www.facebook.com\/gridmagazine.mx\",\"https:\/\/www.instagram.com\/gridmagazine_mx\/\",\"https:\/\/www.tiktok.com\/@gridmagazine.mx?_t=8gl2kVR2Aq6&_r=1\",\"https:\/\/www.linkedin.com\/company\/grid-magazine-mx\/\"]},{\"@type\":\"Person\",\"@id\":\"https:\/\/www.gridmag.com.mx\/#\/schema\/person\/d54cddc75e2ecfe4a55e39c0336ae932\",\"name\":\"Grid Magazine\",\"image\":{\"@type\":\"ImageObject\",\"inLanguage\":\"es\",\"@id\":\"https:\/\/www.gridmag.com.mx\/#\/schema\/person\/image\/\",\"url\":\"https:\/\/secure.gravatar.com\/avatar\/8e4bd50943002dd6ee9db30e5af749244f3e21206a99c4fb42429117eaacfc83?s=96&d=mm&r=g\",\"contentUrl\":\"https:\/\/secure.gravatar.com\/avatar\/8e4bd50943002dd6ee9db30e5af749244f3e21206a99c4fb42429117eaacfc83?s=96&d=mm&r=g\",\"caption\":\"Grid Magazine\"},\"sameAs\":[\"https:\/\/www.gridmag.com.mx\"],\"url\":\"https:\/\/www.gridmag.com.mx\/index.php\/author\/grid-magazine-arq\/\"}]}<\/script>\n<!-- \/ Yoast SEO plugin. -->","yoast_head_json":{"title":"Bamb\u00fa 237-05: El Color del A\u00f1o 2025 de Comex | Grid Magazine","description":"Descubre Bamb\u00fa 237-05, el Color del A\u00f1o 2025 de Comex. Un verde c\u00edtrico con subtono amarillo que refleja innovaci\u00f3n, naturaleza y sostenibilidad.","robots":{"index":"index","follow":"follow","max-snippet":"max-snippet:-1","max-image-preview":"max-image-preview:large","max-video-preview":"max-video-preview:-1"},"canonical":"https:\/\/www.gridmag.com.mx\/index.php\/2024\/10\/28\/color-del-ano-2025-de-comex\/","og_locale":"es_MX","og_type":"article","og_title":"Bamb\u00fa 237-05: El Color del A\u00f1o 2025 de Comex | Grid Magazine","og_description":"Descubre Bamb\u00fa 237-05, el Color del A\u00f1o 2025 de Comex. Un verde c\u00edtrico con subtono amarillo que refleja innovaci\u00f3n, naturaleza y sostenibilidad.","og_url":"https:\/\/www.gridmag.com.mx\/index.php\/2024\/10\/28\/color-del-ano-2025-de-comex\/","og_site_name":"Grid Magazine","article_publisher":"https:\/\/www.facebook.com\/gridmagazine.mx","article_published_time":"2024-10-28T19:39:46+00:00","article_modified_time":"2024-10-28T22:09:54+00:00","og_image":[{"width":1600,"height":608,"url":"https:\/\/www.gridmag.com.mx\/wp-content\/uploads\/2024\/10\/bambu1.jpg","type":"image\/jpeg"}],"author":"Grid Magazine","twitter_card":"summary_large_image","twitter_misc":{"Escrito por":"Grid Magazine","Tiempo de lectura":"3 minutos"},"schema":{"@context":"https:\/\/schema.org","@graph":[{"@type":"Article","@id":"https:\/\/www.gridmag.com.mx\/index.php\/2024\/10\/28\/color-del-ano-2025-de-comex\/#article","isPartOf":{"@id":"https:\/\/www.gridmag.com.mx\/index.php\/2024\/10\/28\/color-del-ano-2025-de-comex\/"},"author":{"name":"Grid Magazine","@id":"https:\/\/www.gridmag.com.mx\/#\/schema\/person\/d54cddc75e2ecfe4a55e39c0336ae932"},"headline":"Bamb\u00fa 237-05: El Color del A\u00f1o 2025 de Comex","datePublished":"2024-10-28T19:39:46+00:00","dateModified":"2024-10-28T22:09:54+00:00","mainEntityOfPage":{"@id":"https:\/\/www.gridmag.com.mx\/index.php\/2024\/10\/28\/color-del-ano-2025-de-comex\/"},"wordCount":406,"commentCount":0,"publisher":{"@id":"https:\/\/www.gridmag.com.mx\/#organization"},"image":{"@id":"https:\/\/www.gridmag.com.mx\/index.php\/2024\/10\/28\/color-del-ano-2025-de-comex\/#primaryimage"},"thumbnailUrl":"https:\/\/www.gridmag.com.mx\/wp-content\/uploads\/2024\/10\/bambu1.jpg","keywords":["ARQUITECTURA","COLOR","DISE\u00d1O","interiorismo"],"articleSection":["Editor Picks","Interiorismo"],"inLanguage":"es","potentialAction":[{"@type":"CommentAction","name":"Comment","target":["https:\/\/www.gridmag.com.mx\/index.php\/2024\/10\/28\/color-del-ano-2025-de-comex\/#respond"]}]},{"@type":"WebPage","@id":"https:\/\/www.gridmag.com.mx\/index.php\/2024\/10\/28\/color-del-ano-2025-de-comex\/","url":"https:\/\/www.gridmag.com.mx\/index.php\/2024\/10\/28\/color-del-ano-2025-de-comex\/","name":"Bamb\u00fa 237-05: El Color del A\u00f1o 2025 de Comex | Grid Magazine","isPartOf":{"@id":"https:\/\/www.gridmag.com.mx\/#website"},"primaryImageOfPage":{"@id":"https:\/\/www.gridmag.com.mx\/index.php\/2024\/10\/28\/color-del-ano-2025-de-comex\/#primaryimage"},"image":{"@id":"https:\/\/www.gridmag.com.mx\/index.php\/2024\/10\/28\/color-del-ano-2025-de-comex\/#primaryimage"},"thumbnailUrl":"https:\/\/www.gridmag.com.mx\/wp-content\/uploads\/2024\/10\/bambu1.jpg","datePublished":"2024-10-28T19:39:46+00:00","dateModified":"2024-10-28T22:09:54+00:00","description":"Descubre Bamb\u00fa 237-05, el Color del A\u00f1o 2025 de Comex. Un verde c\u00edtrico con subtono amarillo que refleja innovaci\u00f3n, naturaleza y sostenibilidad.","breadcrumb":{"@id":"https:\/\/www.gridmag.com.mx\/index.php\/2024\/10\/28\/color-del-ano-2025-de-comex\/#breadcrumb"},"inLanguage":"es","potentialAction":[{"@type":"ReadAction","target":["https:\/\/www.gridmag.com.mx\/index.php\/2024\/10\/28\/color-del-ano-2025-de-comex\/"]}]},{"@type":"ImageObject","inLanguage":"es","@id":"https:\/\/www.gridmag.com.mx\/index.php\/2024\/10\/28\/color-del-ano-2025-de-comex\/#primaryimage","url":"https:\/\/www.gridmag.com.mx\/wp-content\/uploads\/2024\/10\/bambu1.jpg","contentUrl":"https:\/\/www.gridmag.com.mx\/wp-content\/uploads\/2024\/10\/bambu1.jpg","width":1600,"height":608},{"@type":"BreadcrumbList","@id":"https:\/\/www.gridmag.com.mx\/index.php\/2024\/10\/28\/color-del-ano-2025-de-comex\/#breadcrumb","itemListElement":[{"@type":"ListItem","position":1,"name":"Inicio","item":"https:\/\/www.gridmag.com.mx\/"},{"@type":"ListItem","position":2,"name":"Bamb\u00fa 237-05: El Color del A\u00f1o 2025 de Comex"}]},{"@type":"WebSite","@id":"https:\/\/www.gridmag.com.mx\/#website","url":"https:\/\/www.gridmag.com.mx\/","name":"Grid Magazine","description":"Compartiendo lo mejor de la arquitectura y dise\u00f1o mexicano.","publisher":{"@id":"https:\/\/www.gridmag.com.mx\/#organization"},"potentialAction":[{"@type":"SearchAction","target":{"@type":"EntryPoint","urlTemplate":"https:\/\/www.gridmag.com.mx\/?s={search_term_string}"},"query-input":{"@type":"PropertyValueSpecification","valueRequired":true,"valueName":"search_term_string"}}],"inLanguage":"es"},{"@type":"Organization","@id":"https:\/\/www.gridmag.com.mx\/#organization","name":"Grid Magazine","url":"https:\/\/www.gridmag.com.mx\/","logo":{"@type":"ImageObject","inLanguage":"es","@id":"https:\/\/www.gridmag.com.mx\/#\/schema\/logo\/image\/","url":"","contentUrl":"","caption":"Grid Magazine"},"image":{"@id":"https:\/\/www.gridmag.com.mx\/#\/schema\/logo\/image\/"},"sameAs":["https:\/\/www.facebook.com\/gridmagazine.mx","https:\/\/www.instagram.com\/gridmagazine_mx\/","https:\/\/www.tiktok.com\/@gridmagazine.mx?_t=8gl2kVR2Aq6&_r=1","https:\/\/www.linkedin.com\/company\/grid-magazine-mx\/"]},{"@type":"Person","@id":"https:\/\/www.gridmag.com.mx\/#\/schema\/person\/d54cddc75e2ecfe4a55e39c0336ae932","name":"Grid Magazine","image":{"@type":"ImageObject","inLanguage":"es","@id":"https:\/\/www.gridmag.com.mx\/#\/schema\/person\/image\/","url":"https:\/\/secure.gravatar.com\/avatar\/8e4bd50943002dd6ee9db30e5af749244f3e21206a99c4fb42429117eaacfc83?s=96&d=mm&r=g","contentUrl":"https:\/\/secure.gravatar.com\/avatar\/8e4bd50943002dd6ee9db30e5af749244f3e21206a99c4fb42429117eaacfc83?s=96&d=mm&r=g","caption":"Grid Magazine"},"sameAs":["https:\/\/www.gridmag.com.mx"],"url":"https:\/\/www.gridmag.com.mx\/index.php\/author\/grid-magazine-arq\/"}]}},"_links":{"self":[{"href":"https:\/\/www.gridmag.com.mx\/index.php\/wp-json\/wp\/v2\/posts\/8618","targetHints":{"allow":["GET"]}}],"collection":[{"href":"https:\/\/www.gridmag.com.mx\/index.php\/wp-json\/wp\/v2\/posts"}],"about":[{"href":"https:\/\/www.gridmag.com.mx\/index.php\/wp-json\/wp\/v2\/types\/post"}],"author":[{"embeddable":true,"href":"https:\/\/www.gridmag.com.mx\/index.php\/wp-json\/wp\/v2\/users\/1"}],"replies":[{"embeddable":true,"href":"https:\/\/www.gridmag.com.mx\/index.php\/wp-json\/wp\/v2\/comments?post=8618"}],"version-history":[{"count":1,"href":"https:\/\/www.gridmag.com.mx\/index.php\/wp-json\/wp\/v2\/posts\/8618\/revisions"}],"predecessor-version":[{"id":8626,"href":"https:\/\/www.gridmag.com.mx\/index.php\/wp-json\/wp\/v2\/posts\/8618\/revisions\/8626"}],"wp:featuredmedia":[{"embeddable":true,"href":"https:\/\/www.gridmag.com.mx\/index.php\/wp-json\/wp\/v2\/media\/8620"}],"wp:attachment":[{"href":"https:\/\/www.gridmag.com.mx\/index.php\/wp-json\/wp\/v2\/media?parent=8618"}],"wp:term":[{"taxonomy":"category","embeddable":true,"href":"https:\/\/www.gridmag.com.mx\/index.php\/wp-json\/wp\/v2\/categories?post=8618"},{"taxonomy":"post_tag","embeddable":true,"href":"https:\/\/www.gridmag.com.mx\/index.php\/wp-json\/wp\/v2\/tags?post=8618"}],"curies":[{"name":"wp","href":"https:\/\/api.w.org\/{rel}","templated":true}]}}